{"id":78823,"date":"2016-06-10T23:29:27","date_gmt":"2016-06-10T21:29:27","guid":{"rendered":"http:\/\/eldigitaldeasturias.com\/magazine365\/?p=78823"},"modified":"2016-06-10T23:29:27","modified_gmt":"2016-06-10T21:29:27","slug":"cc-oo-ugt-y-la-patronal-firman-el-ii-convenio-sectorial-en-las-13-torres-liberalizadas","status":"publish","type":"post","link":"https:\/\/eldigitaldeasturias.com\/magazine365\/cc-oo-ugt-y-la-patronal-firman-el-ii-convenio-sectorial-en-las-13-torres-liberalizadas\/","title":{"rendered":"CC.OO, UGT y la patronal firman el II convenio sectorial en las 13 torres liberalizadas"},"content":{"rendered":"<p><img fetchpriority=\"high\" decoding=\"async\" class=\"alignleft size-medium wp-image-78824\" src=\"https:\/\/eldigitaldeasturias.com\/magazine365\/wp-content\/uploads\/2016\/06\/fotonoticia_20160610195513_800-225x300.jpg\" alt=\"fotonoticia_20160610195513_800\" width=\"225\" height=\"300\" srcset=\"https:\/\/eldigitaldeasturias.com\/magazine365\/wp-content\/uploads\/2016\/06\/fotonoticia_20160610195513_800-225x300.jpg 225w, https:\/\/eldigitaldeasturias.com\/magazine365\/wp-content\/uploads\/2016\/06\/fotonoticia_20160610195513_800-480x640.jpg 480w, https:\/\/eldigitaldeasturias.com\/magazine365\/wp-content\/uploads\/2016\/06\/fotonoticia_20160610195513_800-768x1024.jpg 768w, https:\/\/eldigitaldeasturias.com\/magazine365\/wp-content\/uploads\/2016\/06\/fotonoticia_20160610195513_800-150x200.jpg 150w, https:\/\/eldigitaldeasturias.com\/magazine365\/wp-content\/uploads\/2016\/06\/fotonoticia_20160610195513_800-450x600.jpg 450w, https:\/\/eldigitaldeasturias.com\/magazine365\/wp-content\/uploads\/2016\/06\/fotonoticia_20160610195513_800.jpg 800w\" sizes=\"(max-width: 225px) 100vw, 225px\" \/>Los sindicatos CC.OO y UGT y la Asociaci\u00f3n de Proveedores Civiles de Tr\u00e1nsito A\u00e9reo (APCTA), formada al 50% por Saerco y FerroNats, han firmado este viernes el II Convenio Colectivo Sectorial de las 13 torres liberalizadas, un acuerdo que garantiza la paz social y desconvoca los paros anunciados por la parte social si no se llegaba a un acuerdo con los proveedores civiles.<\/p>\n<p>El lunes ambas partes alcanzaron un preacuerdo sobre el nuevo convenio en un acto de mediaci\u00f3n en el Servicio Interconfederal de Mediaci\u00f3n y Arbitraje (SIMA), despu\u00e9s de convocar una huelga en los meses de verano en las torres de Arrecife, Fuerteventura, La Palma, Alicante, Ibiza, Sevilla, Valencia, Jerez, Vigo, A Coru\u00f1a, Sabadell y Cuatro Vientos, gestionadas por Saerco y FerroNats.<\/p>\n<p>En un comunicado CC.OO., sindicato mayoritario en este sector, considera que las medidas que se han incluido suponen \u00abun avance necesario\u00bb para proteger y defender los derechos de los trabajadores de las torres liberalizadas en 2011, tras m\u00e1s de un a\u00f1o y medio de arduas negociaciones.<\/p>\n<p>Entre las medidas incluidas figuran la inclusi\u00f3n de la figura de subrogaci\u00f3n &#8211;uno de los escollos para Saeco&#8211;, incrementos salariales, mejoras sociales, adem\u00e1s de la apertura de la negociaci\u00f3n sobre los acuerdos de empresa para cada una de las torres.<\/p>\n<p>En concreto, una subida salarial del 1% en 2015, del 0,5% en 2016 y 2017, la incorporaci\u00f3n de la ultraactividad en este nuevo convenio, por el que el una vez denunciado no expirar\u00eda hasta alcanzar un nuevo acuerdo entre las partes, la subrogaci\u00f3n y la vigencia del convenio hasta 2017.<\/p>\n<h2 class=\"ladillo\">EL 82% DE LA PLANTILLA LO RECHAZA<\/h2>\n<p>No obstante, en una consulta realizada por los delegados sindicales entre la plantilla de las 12 torres liberalizadas el 83% del colectivo vot\u00f3 en contra del texto al considerar que el nuevo convenio deb\u00eda mejorar sus condiciones laborales y dotar de estabilidad las relaciones laborales.<\/p>\n<p>Es m\u00e1s, los delegados sindicales, consideran que la negociaci\u00f3n ha quedado reducida a \u00abun convenio de m\u00ednimos\u00bb en el que \u00abFerroNATS promete, sin garant\u00edas, mejoras en convenios de centro (en cada torre)\u00bb, seg\u00fan describen \u00e9stos en un bolet\u00edn informativo dirigido al personal de dichas torres.<\/p>\n<p>La condici\u00f3n a incluir mejoras en convenios de centro es que los delegados sindicales firmen previamente el convenio del sector, en caso contrario, la empresa ha advertido de que no estar\u00e1 dispuesta a acometer ninguna mejora.<\/p>\n<p>Tambi\u00e9n denuncian que los asesores de CC.OO. y UGT no se han limitado a actuar asesorando sino que han participado en ocasiones sin su consentimiento con las empresas sin presencia de los delegados.<\/p>\n<p>\u00abEn ocasiones y durante las reuniones de negociaci\u00f3n, con la patronal presente, los representantes de forma unilateral y sin un consenso previo con los delegados han realizado propuestas a la patronal de importante afecci\u00f3n en las negociaciones que los delegados ignor\u00e1bamos y que hubi\u00e9ramos deseado conocer con anterioridad\u00bb, se\u00f1ala dicho bolet\u00edn, al que ha tenido acceso Europa Press.<\/p>\n<p>Los trabajadores demandaban mejoras en la regulaci\u00f3n del trabajo efectivo y su compatibilidad con el RD1001\/210, as\u00ed como la consolidaci\u00f3n de un sistema de vacaciones, un complemento por incapacidades temporales, la aplicaci\u00f3n de procedimiento de traslados entre dependencias y mejora en las condiciones econ\u00f3micas, entre otros asuntos.<\/p>\n<h2 class=\"ladillo\">USCA: \u00abAPUNTALA LOS CONTRATOS PRECARIOS\u00bb<\/h2>\n<p>Al respecto, la Uni\u00f3n de Controladores A\u00e9reos (USCA) ha denunciado que el II Convenio Colectivo de las torres liberalizadas, firmado por CC.OO. y UGT, no ha tenido en cuenta el rechazo al texto aprobado por el 83% de la plantilla que trabaja en las torres liberalizadas en 2011.<\/p>\n<p>USCA, que representa al 90% de los 2.400 controladores a\u00e9reos de ENAIRE, critica que CC.OO. y UGT han alcanzado este acuerdo con las empresas adjudicatarias \u00absin el consenso previo\u00bb con los delegados sindicales que representan a los controladores a\u00e9reos de estas torres.<\/p>\n<p>En un comunicado, USCA asegura que el II Convenio \u00abapuntala los contratos precarios\u00bb (por obra y servicio en pr\u00e1cticas durante un a\u00f1o como ocurre en Saerco).<\/p>\n<p>El sindicato de controladores a\u00e9reos considera \u00ablamentable\u00bb el desarrollo de este proceso negociador y estima que la conflictividad laboral \u00abse ha cerrado en falso para aparentar paz social de cara a la pr\u00f3xima licitaci\u00f3n del servicio\u00bb.<\/p>\n<p>Finalmente, USCA espera que se alcancen unos est\u00e1ndares laborales y salariales de estos controladores acordes con la media del colectivo en Europa.<\/p>\n<h2 class=\"ladillo\">LAS TORRES LIBERALIZADAS.<\/h2>\n<p>El primer y \u00fanico convenio sindical de control privado, firmado por CC.OO. y UGT y por la Asociaci\u00f3n de Proveedores Civiles de Tr\u00e1nsito A\u00e9reo (APCTA), formada al 50% por Saerco y FerroNats, est\u00e1 en vigor desde septiembre de 2012 y se cre\u00f3 expresamente para regular el sector. La primera remesa de controladores privados en n\u00f3mina data de septiembre de 2013.<\/p>\n<p>Aena adjudic\u00f3 en septiembre de 2011 a Ferrovial y Saerco el servicio de control de torre en 13 aeropuertos de la red, por 18,1 millones de euros anuales &#8211;con un ahorro de casi el 50% en costes&#8211; y por un periodo de cinco a\u00f1os y uno prorrogable, si bien no empezaron a operar hasta septiembre de 2013, tras un proceso de transici\u00f3n necesario.<\/p>\n<p>FerroNats Air Traffic Services &#8211;UTE integrada por Ferrovial y NATS&#8211; presta servicio en 9 torres: A Coru\u00f1a, Vigo, Sabadell, Cuatro Vientos, Valencia, Alicante, Ibiza, Sevilla y Jerez, mientras que Saerco es proveedor de control en 4 torres: Castell\u00f3n, La Palma, Lanzarote, Fuerteventura y La Palma y del servicio AFIS (servicio de informaci\u00f3n aeron\u00e1utica) en Seu de Urgell.<\/p>\n<p>Por su parte, Ineco presta el servicio AFIS en tres torres (Burgos, Huesca y La Gomera), servicio de control en El Hierro y el SDP (servicio de direcci\u00f3n de plataforma) en Madrid-Barajas divido en dos sectores (dos torres) en la T1, T2 y T3 y en la T4, moviendo el 50% de la operativa.<\/p>\n","protected":false},"excerpt":{"rendered":"<p>Los sindicatos CC.OO y UGT y la Asociaci\u00f3n de Proveedores Civiles de Tr\u00e1nsito A\u00e9reo (APCTA), formada al 50% por Saerco y FerroNats, han firmado este viernes el II Convenio Colectivo Sectorial de las 13 torres liberalizadas, un acuerdo que garantiza la paz social y desconvoca los paros anunciados por la parte social si no se<\/p>\n","protected":false},"author":1,"featured_media":78824,"comment_status":"open","ping_status":"closed","sticky":false,"template":"","format":"standard","meta":{"footnotes":""},"categories":[224],"tags":[],"class_list":{"0":"post-78823","1":"post","2":"type-post","3":"status-publish","4":"format-standard","5":"has-post-thumbnail","7":"category-noticias-actualidad"},"aioseo_notices":[],"aioseo_head":"\n\t\t<!-- All in One SEO Pro 4.9.6.1 - aioseo.com -->\n\t<meta name=\"description\" content=\"Los sindicatos CC.OO y UGT y la Asociaci\u00f3n de Proveedores Civiles de Tr\u00e1nsito A\u00e9reo (APCTA), formada al 50% por Saerco y FerroNats, han firmado este viernes el II Convenio Colectivo Sectorial de las 13 torres liberalizadas, un acuerdo que garantiza la paz social y desconvoca los paros anunciados por la parte social si no se\" \/>\n\t<meta name=\"robots\" content=\"max-image-preview:large\" \/>\n\t<meta name=\"author\" content=\"admin\"\/>\n\t<meta name=\"google-site-verification\" content=\"UA-38556648-1\" \/>\n\t<meta name=\"keywords\" content=\"noticias y actualidad\" \/>\n\t<link rel=\"canonical\" href=\"https:\/\/eldigitaldeasturias.com\/magazine365\/cc-oo-ugt-y-la-patronal-firman-el-ii-convenio-sectorial-en-las-13-torres-liberalizadas\/\" \/>\n\t<meta name=\"generator\" content=\"All in One SEO Pro (AIOSEO) 4.9.6.1\" \/>\n\t\t<meta property=\"og:locale\" content=\"es_ES\" \/>\n\t\t<meta property=\"og:site_name\" content=\"El Digital de Asturias \u2013 Revista de ocio, turismo y estilo de vida\" \/>\n\t\t<meta property=\"og:type\" content=\"article\" \/>\n\t\t<meta property=\"og:title\" content=\"CC.OO, UGT y la patronal firman el II convenio sectorial en las 13 torres liberalizadas | El Digital de Asturias\" \/>\n\t\t<meta property=\"og:description\" content=\"Los sindicatos CC.OO y UGT y la Asociaci\u00f3n de Proveedores Civiles de Tr\u00e1nsito A\u00e9reo (APCTA), formada al 50% por Saerco y FerroNats, han firmado este viernes el II Convenio Colectivo Sectorial de las 13 torres liberalizadas, un acuerdo que garantiza la paz social y desconvoca los paros anunciados por la parte social si no se\" \/>\n\t\t<meta property=\"og:url\" content=\"https:\/\/eldigitaldeasturias.com\/magazine365\/cc-oo-ugt-y-la-patronal-firman-el-ii-convenio-sectorial-en-las-13-torres-liberalizadas\/\" \/>\n\t\t<meta property=\"og:image\" content=\"https:\/\/eldigitaldeasturias.com\/magazine365\/wp-content\/uploads\/2016\/06\/fotonoticia_20160610195513_800.jpg\" \/>\n\t\t<meta property=\"og:image:secure_url\" content=\"https:\/\/eldigitaldeasturias.com\/magazine365\/wp-content\/uploads\/2016\/06\/fotonoticia_20160610195513_800.jpg\" \/>\n\t\t<meta property=\"og:image:width\" content=\"800\" \/>\n\t\t<meta property=\"og:image:height\" content=\"1067\" \/>\n\t\t<meta property=\"article:published_time\" content=\"2016-06-10T21:29:27+00:00\" \/>\n\t\t<meta property=\"article:modified_time\" content=\"2016-06-10T21:29:27+00:00\" \/>\n\t\t<meta name=\"twitter:card\" content=\"summary_large_image\" \/>\n\t\t<meta name=\"twitter:title\" content=\"CC.OO, UGT y la patronal firman el II convenio sectorial en las 13 torres liberalizadas | El Digital de Asturias\" \/>\n\t\t<meta name=\"twitter:description\" content=\"Los sindicatos CC.OO y UGT y la Asociaci\u00f3n de Proveedores Civiles de Tr\u00e1nsito A\u00e9reo (APCTA), formada al 50% por Saerco y FerroNats, han firmado este viernes el II Convenio Colectivo Sectorial de las 13 torres liberalizadas, un acuerdo que garantiza la paz social y desconvoca los paros anunciados por la parte social si no se\" \/>\n\t\t<meta name=\"twitter:image\" content=\"https:\/\/eldigitaldeasturias.com\/magazine365\/wp-content\/uploads\/2016\/06\/fotonoticia_20160610195513_800.jpg\" \/>\n\t\t<script type=\"application\/ld+json\" class=\"aioseo-schema\">\n\t\t\t{\"@context\":\"https:\\\/\\\/schema.org\",\"@graph\":[{\"@type\":\"Article\",\"@id\":\"https:\\\/\\\/eldigitaldeasturias.com\\\/magazine365\\\/cc-oo-ugt-y-la-patronal-firman-el-ii-convenio-sectorial-en-las-13-torres-liberalizadas\\\/#article\",\"name\":\"CC.OO, UGT y la patronal firman el II convenio sectorial en las 13 torres liberalizadas | El Digital de Asturias\",\"headline\":\"CC.OO, UGT y la patronal firman el II convenio sectorial en las 13 torres liberalizadas\",\"author\":{\"@id\":\"https:\\\/\\\/eldigitaldeasturias.com\\\/magazine365\\\/author\\\/admin\\\/#author\"},\"publisher\":{\"@id\":\"https:\\\/\\\/eldigitaldeasturias.com\\\/magazine365\\\/#organization\"},\"image\":{\"@type\":\"ImageObject\",\"url\":\"https:\\\/\\\/eldigitaldeasturias.com\\\/magazine365\\\/wp-content\\\/uploads\\\/2016\\\/06\\\/fotonoticia_20160610195513_800.jpg\",\"width\":800,\"height\":1067},\"datePublished\":\"2016-06-10T23:29:27+02:00\",\"dateModified\":\"2016-06-10T23:29:27+02:00\",\"inLanguage\":\"es-ES\",\"mainEntityOfPage\":{\"@id\":\"https:\\\/\\\/eldigitaldeasturias.com\\\/magazine365\\\/cc-oo-ugt-y-la-patronal-firman-el-ii-convenio-sectorial-en-las-13-torres-liberalizadas\\\/#webpage\"},\"isPartOf\":{\"@id\":\"https:\\\/\\\/eldigitaldeasturias.com\\\/magazine365\\\/cc-oo-ugt-y-la-patronal-firman-el-ii-convenio-sectorial-en-las-13-torres-liberalizadas\\\/#webpage\"},\"articleSection\":\"Noticias y Actualidad\"},{\"@type\":\"BreadcrumbList\",\"@id\":\"https:\\\/\\\/eldigitaldeasturias.com\\\/magazine365\\\/cc-oo-ugt-y-la-patronal-firman-el-ii-convenio-sectorial-en-las-13-torres-liberalizadas\\\/#breadcrumblist\",\"itemListElement\":[{\"@type\":\"ListItem\",\"@id\":\"https:\\\/\\\/eldigitaldeasturias.com\\\/magazine365#listItem\",\"position\":1,\"name\":\"Home\",\"item\":\"https:\\\/\\\/eldigitaldeasturias.com\\\/magazine365\",\"nextItem\":{\"@type\":\"ListItem\",\"@id\":\"https:\\\/\\\/eldigitaldeasturias.com\\\/magazine365\\\/category\\\/noticias-actualidad\\\/#listItem\",\"name\":\"Noticias y Actualidad\"}},{\"@type\":\"ListItem\",\"@id\":\"https:\\\/\\\/eldigitaldeasturias.com\\\/magazine365\\\/category\\\/noticias-actualidad\\\/#listItem\",\"position\":2,\"name\":\"Noticias y Actualidad\",\"item\":\"https:\\\/\\\/eldigitaldeasturias.com\\\/magazine365\\\/category\\\/noticias-actualidad\\\/\",\"nextItem\":{\"@type\":\"ListItem\",\"@id\":\"https:\\\/\\\/eldigitaldeasturias.com\\\/magazine365\\\/cc-oo-ugt-y-la-patronal-firman-el-ii-convenio-sectorial-en-las-13-torres-liberalizadas\\\/#listItem\",\"name\":\"CC.OO, UGT y la patronal firman el II convenio sectorial en las 13 torres liberalizadas\"},\"previousItem\":{\"@type\":\"ListItem\",\"@id\":\"https:\\\/\\\/eldigitaldeasturias.com\\\/magazine365#listItem\",\"name\":\"Home\"}},{\"@type\":\"ListItem\",\"@id\":\"https:\\\/\\\/eldigitaldeasturias.com\\\/magazine365\\\/cc-oo-ugt-y-la-patronal-firman-el-ii-convenio-sectorial-en-las-13-torres-liberalizadas\\\/#listItem\",\"position\":3,\"name\":\"CC.OO, UGT y la patronal firman el II convenio sectorial en las 13 torres liberalizadas\",\"previousItem\":{\"@type\":\"ListItem\",\"@id\":\"https:\\\/\\\/eldigitaldeasturias.com\\\/magazine365\\\/category\\\/noticias-actualidad\\\/#listItem\",\"name\":\"Noticias y Actualidad\"}}]},{\"@type\":\"Organization\",\"@id\":\"https:\\\/\\\/eldigitaldeasturias.com\\\/magazine365\\\/#organization\",\"name\":\"El digital de Asturias\",\"description\":\"Revista de ocio, turismo y estilo de vida\",\"url\":\"https:\\\/\\\/eldigitaldeasturias.com\\\/magazine365\\\/\",\"logo\":{\"@type\":\"ImageObject\",\"url\":\"https:\\\/\\\/www.eldigitaldeasturias.com\\\/noticias\\\/wp-content\\\/uploads\\\/2020\\\/12\\\/EDA.jpg\",\"@id\":\"https:\\\/\\\/eldigitaldeasturias.com\\\/magazine365\\\/cc-oo-ugt-y-la-patronal-firman-el-ii-convenio-sectorial-en-las-13-torres-liberalizadas\\\/#organizationLogo\"},\"image\":{\"@id\":\"https:\\\/\\\/eldigitaldeasturias.com\\\/magazine365\\\/cc-oo-ugt-y-la-patronal-firman-el-ii-convenio-sectorial-en-las-13-torres-liberalizadas\\\/#organizationLogo\"}},{\"@type\":\"Person\",\"@id\":\"https:\\\/\\\/eldigitaldeasturias.com\\\/magazine365\\\/author\\\/admin\\\/#author\",\"url\":\"https:\\\/\\\/eldigitaldeasturias.com\\\/magazine365\\\/author\\\/admin\\\/\",\"name\":\"admin\",\"image\":{\"@type\":\"ImageObject\",\"@id\":\"https:\\\/\\\/eldigitaldeasturias.com\\\/magazine365\\\/cc-oo-ugt-y-la-patronal-firman-el-ii-convenio-sectorial-en-las-13-torres-liberalizadas\\\/#authorImage\",\"url\":\"https:\\\/\\\/eldigitaldeasturias.com\\\/magazine365\\\/wp-content\\\/litespeed\\\/avatar\\\/e571bcf59a0edd6fa6838245a470f2fe.jpg?ver=1776969259\",\"width\":96,\"height\":96,\"caption\":\"admin\"}},{\"@type\":\"WebPage\",\"@id\":\"https:\\\/\\\/eldigitaldeasturias.com\\\/magazine365\\\/cc-oo-ugt-y-la-patronal-firman-el-ii-convenio-sectorial-en-las-13-torres-liberalizadas\\\/#webpage\",\"url\":\"https:\\\/\\\/eldigitaldeasturias.com\\\/magazine365\\\/cc-oo-ugt-y-la-patronal-firman-el-ii-convenio-sectorial-en-las-13-torres-liberalizadas\\\/\",\"name\":\"CC.OO, UGT y la patronal firman el II convenio sectorial en las 13 torres liberalizadas | El Digital de Asturias\",\"description\":\"Los sindicatos CC.OO y UGT y la Asociaci\\u00f3n de Proveedores Civiles de Tr\\u00e1nsito A\\u00e9reo (APCTA), formada al 50% por Saerco y FerroNats, han firmado este viernes el II Convenio Colectivo Sectorial de las 13 torres liberalizadas, un acuerdo que garantiza la paz social y desconvoca los paros anunciados por la parte social si no se\",\"inLanguage\":\"es-ES\",\"isPartOf\":{\"@id\":\"https:\\\/\\\/eldigitaldeasturias.com\\\/magazine365\\\/#website\"},\"breadcrumb\":{\"@id\":\"https:\\\/\\\/eldigitaldeasturias.com\\\/magazine365\\\/cc-oo-ugt-y-la-patronal-firman-el-ii-convenio-sectorial-en-las-13-torres-liberalizadas\\\/#breadcrumblist\"},\"author\":{\"@id\":\"https:\\\/\\\/eldigitaldeasturias.com\\\/magazine365\\\/author\\\/admin\\\/#author\"},\"creator\":{\"@id\":\"https:\\\/\\\/eldigitaldeasturias.com\\\/magazine365\\\/author\\\/admin\\\/#author\"},\"image\":{\"@type\":\"ImageObject\",\"url\":\"https:\\\/\\\/eldigitaldeasturias.com\\\/magazine365\\\/wp-content\\\/uploads\\\/2016\\\/06\\\/fotonoticia_20160610195513_800.jpg\",\"@id\":\"https:\\\/\\\/eldigitaldeasturias.com\\\/magazine365\\\/cc-oo-ugt-y-la-patronal-firman-el-ii-convenio-sectorial-en-las-13-torres-liberalizadas\\\/#mainImage\",\"width\":800,\"height\":1067},\"primaryImageOfPage\":{\"@id\":\"https:\\\/\\\/eldigitaldeasturias.com\\\/magazine365\\\/cc-oo-ugt-y-la-patronal-firman-el-ii-convenio-sectorial-en-las-13-torres-liberalizadas\\\/#mainImage\"},\"datePublished\":\"2016-06-10T23:29:27+02:00\",\"dateModified\":\"2016-06-10T23:29:27+02:00\"},{\"@type\":\"WebSite\",\"@id\":\"https:\\\/\\\/eldigitaldeasturias.com\\\/magazine365\\\/#website\",\"url\":\"https:\\\/\\\/eldigitaldeasturias.com\\\/magazine365\\\/\",\"name\":\"El Digital de Asturias\",\"description\":\"Revista de ocio, turismo y estilo de vida\",\"inLanguage\":\"es-ES\",\"publisher\":{\"@id\":\"https:\\\/\\\/eldigitaldeasturias.com\\\/magazine365\\\/#organization\"}}]}\n\t\t<\/script>\n\t\t<!-- All in One SEO Pro -->\r\n\t\t<title>CC.OO, UGT y la patronal firman el II convenio sectorial en las 13 torres liberalizadas | El Digital de Asturias<\/title>\n\n","aioseo_head_json":{"title":"CC.OO, UGT y la patronal firman el II convenio sectorial en las 13 torres liberalizadas | El Digital de Asturias","description":"Los sindicatos CC.OO y UGT y la Asociaci\u00f3n de Proveedores Civiles de Tr\u00e1nsito A\u00e9reo (APCTA), formada al 50% por Saerco y FerroNats, han firmado este viernes el II Convenio Colectivo Sectorial de las 13 torres liberalizadas, un acuerdo que garantiza la paz social y desconvoca los paros anunciados por la parte social si no se","canonical_url":"https:\/\/eldigitaldeasturias.com\/magazine365\/cc-oo-ugt-y-la-patronal-firman-el-ii-convenio-sectorial-en-las-13-torres-liberalizadas\/","robots":"max-image-preview:large","keywords":"noticias y actualidad","webmasterTools":{"google-site-verification":"UA-38556648-1","miscellaneous":""},"schema":{"@context":"https:\/\/schema.org","@graph":[{"@type":"Article","@id":"https:\/\/eldigitaldeasturias.com\/magazine365\/cc-oo-ugt-y-la-patronal-firman-el-ii-convenio-sectorial-en-las-13-torres-liberalizadas\/#article","name":"CC.OO, UGT y la patronal firman el II convenio sectorial en las 13 torres liberalizadas | El Digital de Asturias","headline":"CC.OO, UGT y la patronal firman el II convenio sectorial en las 13 torres liberalizadas","author":{"@id":"https:\/\/eldigitaldeasturias.com\/magazine365\/author\/admin\/#author"},"publisher":{"@id":"https:\/\/eldigitaldeasturias.com\/magazine365\/#organization"},"image":{"@type":"ImageObject","url":"https:\/\/eldigitaldeasturias.com\/magazine365\/wp-content\/uploads\/2016\/06\/fotonoticia_20160610195513_800.jpg","width":800,"height":1067},"datePublished":"2016-06-10T23:29:27+02:00","dateModified":"2016-06-10T23:29:27+02:00","inLanguage":"es-ES","mainEntityOfPage":{"@id":"https:\/\/eldigitaldeasturias.com\/magazine365\/cc-oo-ugt-y-la-patronal-firman-el-ii-convenio-sectorial-en-las-13-torres-liberalizadas\/#webpage"},"isPartOf":{"@id":"https:\/\/eldigitaldeasturias.com\/magazine365\/cc-oo-ugt-y-la-patronal-firman-el-ii-convenio-sectorial-en-las-13-torres-liberalizadas\/#webpage"},"articleSection":"Noticias y Actualidad"},{"@type":"BreadcrumbList","@id":"https:\/\/eldigitaldeasturias.com\/magazine365\/cc-oo-ugt-y-la-patronal-firman-el-ii-convenio-sectorial-en-las-13-torres-liberalizadas\/#breadcrumblist","itemListElement":[{"@type":"ListItem","@id":"https:\/\/eldigitaldeasturias.com\/magazine365#listItem","position":1,"name":"Home","item":"https:\/\/eldigitaldeasturias.com\/magazine365","nextItem":{"@type":"ListItem","@id":"https:\/\/eldigitaldeasturias.com\/magazine365\/category\/noticias-actualidad\/#listItem","name":"Noticias y Actualidad"}},{"@type":"ListItem","@id":"https:\/\/eldigitaldeasturias.com\/magazine365\/category\/noticias-actualidad\/#listItem","position":2,"name":"Noticias y Actualidad","item":"https:\/\/eldigitaldeasturias.com\/magazine365\/category\/noticias-actualidad\/","nextItem":{"@type":"ListItem","@id":"https:\/\/eldigitaldeasturias.com\/magazine365\/cc-oo-ugt-y-la-patronal-firman-el-ii-convenio-sectorial-en-las-13-torres-liberalizadas\/#listItem","name":"CC.OO, UGT y la patronal firman el II convenio sectorial en las 13 torres liberalizadas"},"previousItem":{"@type":"ListItem","@id":"https:\/\/eldigitaldeasturias.com\/magazine365#listItem","name":"Home"}},{"@type":"ListItem","@id":"https:\/\/eldigitaldeasturias.com\/magazine365\/cc-oo-ugt-y-la-patronal-firman-el-ii-convenio-sectorial-en-las-13-torres-liberalizadas\/#listItem","position":3,"name":"CC.OO, UGT y la patronal firman el II convenio sectorial en las 13 torres liberalizadas","previousItem":{"@type":"ListItem","@id":"https:\/\/eldigitaldeasturias.com\/magazine365\/category\/noticias-actualidad\/#listItem","name":"Noticias y Actualidad"}}]},{"@type":"Organization","@id":"https:\/\/eldigitaldeasturias.com\/magazine365\/#organization","name":"El digital de Asturias","description":"Revista de ocio, turismo y estilo de vida","url":"https:\/\/eldigitaldeasturias.com\/magazine365\/","logo":{"@type":"ImageObject","url":"https:\/\/www.eldigitaldeasturias.com\/noticias\/wp-content\/uploads\/2020\/12\/EDA.jpg","@id":"https:\/\/eldigitaldeasturias.com\/magazine365\/cc-oo-ugt-y-la-patronal-firman-el-ii-convenio-sectorial-en-las-13-torres-liberalizadas\/#organizationLogo"},"image":{"@id":"https:\/\/eldigitaldeasturias.com\/magazine365\/cc-oo-ugt-y-la-patronal-firman-el-ii-convenio-sectorial-en-las-13-torres-liberalizadas\/#organizationLogo"}},{"@type":"Person","@id":"https:\/\/eldigitaldeasturias.com\/magazine365\/author\/admin\/#author","url":"https:\/\/eldigitaldeasturias.com\/magazine365\/author\/admin\/","name":"admin","image":{"@type":"ImageObject","@id":"https:\/\/eldigitaldeasturias.com\/magazine365\/cc-oo-ugt-y-la-patronal-firman-el-ii-convenio-sectorial-en-las-13-torres-liberalizadas\/#authorImage","url":"https:\/\/eldigitaldeasturias.com\/magazine365\/wp-content\/litespeed\/avatar\/e571bcf59a0edd6fa6838245a470f2fe.jpg?ver=1776969259","width":96,"height":96,"caption":"admin"}},{"@type":"WebPage","@id":"https:\/\/eldigitaldeasturias.com\/magazine365\/cc-oo-ugt-y-la-patronal-firman-el-ii-convenio-sectorial-en-las-13-torres-liberalizadas\/#webpage","url":"https:\/\/eldigitaldeasturias.com\/magazine365\/cc-oo-ugt-y-la-patronal-firman-el-ii-convenio-sectorial-en-las-13-torres-liberalizadas\/","name":"CC.OO, UGT y la patronal firman el II convenio sectorial en las 13 torres liberalizadas | El Digital de Asturias","description":"Los sindicatos CC.OO y UGT y la Asociaci\u00f3n de Proveedores Civiles de Tr\u00e1nsito A\u00e9reo (APCTA), formada al 50% por Saerco y FerroNats, han firmado este viernes el II Convenio Colectivo Sectorial de las 13 torres liberalizadas, un acuerdo que garantiza la paz social y desconvoca los paros anunciados por la parte social si no se","inLanguage":"es-ES","isPartOf":{"@id":"https:\/\/eldigitaldeasturias.com\/magazine365\/#website"},"breadcrumb":{"@id":"https:\/\/eldigitaldeasturias.com\/magazine365\/cc-oo-ugt-y-la-patronal-firman-el-ii-convenio-sectorial-en-las-13-torres-liberalizadas\/#breadcrumblist"},"author":{"@id":"https:\/\/eldigitaldeasturias.com\/magazine365\/author\/admin\/#author"},"creator":{"@id":"https:\/\/eldigitaldeasturias.com\/magazine365\/author\/admin\/#author"},"image":{"@type":"ImageObject","url":"https:\/\/eldigitaldeasturias.com\/magazine365\/wp-content\/uploads\/2016\/06\/fotonoticia_20160610195513_800.jpg","@id":"https:\/\/eldigitaldeasturias.com\/magazine365\/cc-oo-ugt-y-la-patronal-firman-el-ii-convenio-sectorial-en-las-13-torres-liberalizadas\/#mainImage","width":800,"height":1067},"primaryImageOfPage":{"@id":"https:\/\/eldigitaldeasturias.com\/magazine365\/cc-oo-ugt-y-la-patronal-firman-el-ii-convenio-sectorial-en-las-13-torres-liberalizadas\/#mainImage"},"datePublished":"2016-06-10T23:29:27+02:00","dateModified":"2016-06-10T23:29:27+02:00"},{"@type":"WebSite","@id":"https:\/\/eldigitaldeasturias.com\/magazine365\/#website","url":"https:\/\/eldigitaldeasturias.com\/magazine365\/","name":"El Digital de Asturias","description":"Revista de ocio, turismo y estilo de vida","inLanguage":"es-ES","publisher":{"@id":"https:\/\/eldigitaldeasturias.com\/magazine365\/#organization"}}]},"og:locale":"es_ES","og:site_name":"El Digital de Asturias \u2013 Revista de ocio, turismo y estilo de vida","og:type":"article","og:title":"CC.OO, UGT y la patronal firman el II convenio sectorial en las 13 torres liberalizadas | El Digital de Asturias","og:description":"Los sindicatos CC.OO y UGT y la Asociaci\u00f3n de Proveedores Civiles de Tr\u00e1nsito A\u00e9reo (APCTA), formada al 50% por Saerco y FerroNats, han firmado este viernes el II Convenio Colectivo Sectorial de las 13 torres liberalizadas, un acuerdo que garantiza la paz social y desconvoca los paros anunciados por la parte social si no se","og:url":"https:\/\/eldigitaldeasturias.com\/magazine365\/cc-oo-ugt-y-la-patronal-firman-el-ii-convenio-sectorial-en-las-13-torres-liberalizadas\/","og:image":"https:\/\/eldigitaldeasturias.com\/magazine365\/wp-content\/uploads\/2016\/06\/fotonoticia_20160610195513_800.jpg","og:image:secure_url":"https:\/\/eldigitaldeasturias.com\/magazine365\/wp-content\/uploads\/2016\/06\/fotonoticia_20160610195513_800.jpg","og:image:width":800,"og:image:height":1067,"article:published_time":"2016-06-10T21:29:27+00:00","article:modified_time":"2016-06-10T21:29:27+00:00","twitter:card":"summary_large_image","twitter:title":"CC.OO, UGT y la patronal firman el II convenio sectorial en las 13 torres liberalizadas | El Digital de Asturias","twitter:description":"Los sindicatos CC.OO y UGT y la Asociaci\u00f3n de Proveedores Civiles de Tr\u00e1nsito A\u00e9reo (APCTA), formada al 50% por Saerco y FerroNats, han firmado este viernes el II Convenio Colectivo Sectorial de las 13 torres liberalizadas, un acuerdo que garantiza la paz social y desconvoca los paros anunciados por la parte social si no se","twitter:image":"https:\/\/eldigitaldeasturias.com\/magazine365\/wp-content\/uploads\/2016\/06\/fotonoticia_20160610195513_800.jpg"},"aioseo_meta_data":{"post_id":"78823","title":null,"description":null,"keywords":null,"keyphrases":null,"primary_term":null,"canonical_url":null,"og_title":null,"og_description":null,"og_object_type":"default","og_image_type":"default","og_image_url":null,"og_image_width":null,"og_image_height":null,"og_image_custom_url":null,"og_image_custom_fields":null,"og_video":null,"og_custom_url":null,"og_article_section":null,"og_article_tags":null,"twitter_use_og":false,"twitter_card":"default","twitter_image_type":"default","twitter_image_url":null,"twitter_image_custom_url":null,"twitter_image_custom_fields":null,"twitter_title":null,"twitter_description":null,"schema":{"blockGraphs":[],"customGraphs":[],"default":{"data":{"Article":[],"Course":[],"Dataset":[],"FAQPage":[],"Movie":[],"Person":[],"Product":[],"ProductReview":[],"Car":[],"Recipe":[],"Service":[],"SoftwareApplication":[],"WebPage":[]},"graphName":"","isEnabled":true},"graphs":[]},"schema_type":null,"schema_type_options":null,"pillar_content":false,"robots_default":true,"robots_noindex":false,"robots_noarchive":false,"robots_nosnippet":false,"robots_nofollow":false,"robots_noimageindex":false,"robots_noodp":false,"robots_notranslate":false,"robots_max_snippet":null,"robots_max_videopreview":null,"robots_max_imagepreview":"large","priority":null,"frequency":null,"location":null,"local_seo":null,"seo_analyzer_scan_date":"2025-09-27 17:42:31","breadcrumb_settings":null,"limit_modified_date":false,"open_ai":null,"ai":null,"created":"2021-03-08 17:56:39","updated":"2025-09-27 17:42:31"},"aioseo_breadcrumb":"<div class=\"aioseo-breadcrumbs\"><span class=\"aioseo-breadcrumb\">\n\t<a href=\"https:\/\/eldigitaldeasturias.com\/magazine365\" title=\"Home\">Home<\/a>\n<\/span><span class=\"aioseo-breadcrumb-separator\">\u2013<\/span><span class=\"aioseo-breadcrumb\">\n\t<a href=\"https:\/\/eldigitaldeasturias.com\/magazine365\/category\/noticias-actualidad\/\" title=\"Noticias y Actualidad\">Noticias y Actualidad<\/a>\n<\/span><span class=\"aioseo-breadcrumb-separator\">\u2013<\/span><span class=\"aioseo-breadcrumb\">\n\t<a href=\"https:\/\/eldigitaldeasturias.com\/magazine365\/cc-oo-ugt-y-la-patronal-firman-el-ii-convenio-sectorial-en-las-13-torres-liberalizadas\/\" title=\"CC.OO, UGT y la patronal firman el II convenio sectorial en las 13 torres liberalizadas\">CC.OO, UGT y la patronal firman el II convenio sectorial en las 13 torres liberalizadas<\/a>\n<\/span><\/div>","aioseo_breadcrumb_json":[{"label":"Home","link":"https:\/\/eldigitaldeasturias.com\/magazine365"},{"label":"Noticias y Actualidad","link":"https:\/\/eldigitaldeasturias.com\/magazine365\/category\/noticias-actualidad\/"},{"label":"CC.OO, UGT y la patronal firman el II convenio sectorial en las 13 torres liberalizadas","link":"https:\/\/eldigitaldeasturias.com\/magazine365\/cc-oo-ugt-y-la-patronal-firman-el-ii-convenio-sectorial-en-las-13-torres-liberalizadas\/"}],"_links":{"self":[{"href":"https:\/\/eldigitaldeasturias.com\/magazine365\/wp-json\/wp\/v2\/posts\/78823","targetHints":{"allow":["GET"]}}],"collection":[{"href":"https:\/\/eldigitaldeasturias.com\/magazine365\/wp-json\/wp\/v2\/posts"}],"about":[{"href":"https:\/\/eldigitaldeasturias.com\/magazine365\/wp-json\/wp\/v2\/types\/post"}],"author":[{"embeddable":true,"href":"https:\/\/eldigitaldeasturias.com\/magazine365\/wp-json\/wp\/v2\/users\/1"}],"replies":[{"embeddable":true,"href":"https:\/\/eldigitaldeasturias.com\/magazine365\/wp-json\/wp\/v2\/comments?post=78823"}],"version-history":[{"count":0,"href":"https:\/\/eldigitaldeasturias.com\/magazine365\/wp-json\/wp\/v2\/posts\/78823\/revisions"}],"wp:featuredmedia":[{"embeddable":true,"href":"https:\/\/eldigitaldeasturias.com\/magazine365\/wp-json\/wp\/v2\/media\/78824"}],"wp:attachment":[{"href":"https:\/\/eldigitaldeasturias.com\/magazine365\/wp-json\/wp\/v2\/media?parent=78823"}],"wp:term":[{"taxonomy":"category","embeddable":true,"href":"https:\/\/eldigitaldeasturias.com\/magazine365\/wp-json\/wp\/v2\/categories?post=78823"},{"taxonomy":"post_tag","embeddable":true,"href":"https:\/\/eldigitaldeasturias.com\/magazine365\/wp-json\/wp\/v2\/tags?post=78823"}],"curies":[{"name":"wp","href":"https:\/\/api.w.org\/{rel}","templated":true}]}}