{"id":78807,"date":"2016-06-10T19:33:35","date_gmt":"2016-06-10T17:33:35","guid":{"rendered":"http:\/\/eldigitaldeasturias.com\/magazine365\/?p=78807"},"modified":"2016-06-10T19:33:35","modified_gmt":"2016-06-10T17:33:35","slug":"familia-sevillana-con-ninos-dara-la-vuelta-al-mundo-en-autocaravana-durante-tres-anos","status":"publish","type":"post","link":"https:\/\/eldigitaldeasturias.com\/magazine365\/familia-sevillana-con-ninos-dara-la-vuelta-al-mundo-en-autocaravana-durante-tres-anos\/","title":{"rendered":"Familia sevillana con ni\u00f1os dar\u00e1 la vuelta al mundo en autocaravana durante tres a\u00f1os"},"content":{"rendered":"<p><img fetchpriority=\"high\" decoding=\"async\" class=\"alignleft size-medium wp-image-78808\" src=\"https:\/\/eldigitaldeasturias.com\/magazine365\/wp-content\/uploads\/2016\/06\/fotonoticia_20160610181015_800-360x240.jpg\" alt=\"fotonoticia_20160610181015_800\" width=\"360\" height=\"240\" srcset=\"https:\/\/eldigitaldeasturias.com\/magazine365\/wp-content\/uploads\/2016\/06\/fotonoticia_20160610181015_800-360x240.jpg 360w, https:\/\/eldigitaldeasturias.com\/magazine365\/wp-content\/uploads\/2016\/06\/fotonoticia_20160610181015_800-650x433.jpg 650w, https:\/\/eldigitaldeasturias.com\/magazine365\/wp-content\/uploads\/2016\/06\/fotonoticia_20160610181015_800-768x512.jpg 768w, https:\/\/eldigitaldeasturias.com\/magazine365\/wp-content\/uploads\/2016\/06\/fotonoticia_20160610181015_800-150x100.jpg 150w, https:\/\/eldigitaldeasturias.com\/magazine365\/wp-content\/uploads\/2016\/06\/fotonoticia_20160610181015_800-450x300.jpg 450w, https:\/\/eldigitaldeasturias.com\/magazine365\/wp-content\/uploads\/2016\/06\/fotonoticia_20160610181015_800-101x66.jpg 101w, https:\/\/eldigitaldeasturias.com\/magazine365\/wp-content\/uploads\/2016\/06\/fotonoticia_20160610181015_800.jpg 800w\" sizes=\"(max-width: 360px) 100vw, 360px\" \/>Una familia sevillana, concretamente de San Jos\u00e9 de La Rinconada, formada por padre, madre y dos ni\u00f1os, de nueve y siete a\u00f1os, iniciar\u00e1 a principios de julio un viaje de vuelta al mundo en su autocaravana, que durar\u00e1 tres a\u00f1os.<\/p>\n<p>Esta familia participar\u00e1 ese s\u00e1bado contando su experiencia en las &#8216;Jornadas IATI de los Grandes Viajes&#8217;, que se celebran por primera vez en Sevilla este s\u00e1bado en el C\u00edrculo Mercantil e Industrial<\/p>\n<p>En declaraciones a Europa Press, la madre de este proyecto, Nati Ram\u00edrez, ha explicado que empezar\u00e1n el viaje el 4 de julio, recorriendo inicialmente Europa hasta diciembre, para pasar en 2017 a Sudam\u00e9rica, previo embarque en carguero de la autocaravana desde Amberes a Montevideo &#8211;proceso que tarda un mes&#8211;, mientras que ellos viajar\u00edan en avi\u00f3n a esa ciudad. Desde all\u00ed recorrer\u00e1n Sudam\u00e9rica hasta Colombia, pasando a los pa\u00edses centroamericanos, donde culminar\u00edan el segundo a\u00f1o.<\/p>\n<p>El tercer a\u00f1o tienen previsto concluir su recorrido por el continente americano en Canad\u00e1, para pasar su tercera etapa por Asia y Australia y, por \u00faltimo, Nueva Zelanda. No obstante, aunque tengan un planteamiento inicial del viaje, el viajar en autocaravana les da plena capacidad para adaptar su itinerario en todo momento.<\/p>\n<p>El motivo de esta iniciativa es el deseo de \u00abdejarles lo que consideramos la mejor herencia a nuestros hijos y poder disfrutar de su infancia con mayor intensidad\u00bb. Han apuntado que \u00abahora era el momento de hacerlo, porque los ni\u00f1os crecen r\u00e1pido. Queremos vivir una experiencia \u00fanica, un viaje que sin duda ser\u00e1 muy enriquecedor para toda la familia\u00bb, ha a\u00f1adido.<\/p>\n<p>\u00abAl hacer las cuentas, lo sorprendente es el dinero que dejas de gastar cuando est\u00e1s viajando, ya que puedes prescindir de muchos gastos que no son necesarios\u00bb, ha indicado Ram\u00edrez. En ese sentido, esta familia ha cuantificado su viaje con un presupuesto de 1.500 euros al mes para los cuatro, siendo el mayor gasto la gasolina y la comida, en lo que resaltan su pr\u00e1ctica habitual de comprar productos locales, para conocer la gastronom\u00eda de cada destino.<\/p>\n<h2 class=\"ladillo\">EDUCACI\u00d3N DE LOS NI\u00d1OS<\/h2>\n<p>Preguntada por qu\u00e9 ocurrir\u00e1 con la educaci\u00f3n de los dos ni\u00f1os durante esos tres a\u00f1os, Nati Ram\u00edrez ha explicado que el Ministerio de Educaci\u00f3n tiene una plataforma, llamada &#8216;Cidead&#8217;, que es una plataforma de educaci\u00f3n reglada a distancia para ni\u00f1os matriculados, que \u00aben vez de estar en un centro presencial est\u00e1n en un centro a distancia, y nos hacen seguimiento durante todo el curso\u00bb.<\/p>\n<p>As\u00ed, les facilitan libros y recursos de apoyo para seguir durante le curso. En cuanto a la evaluaci\u00f3n, los ni\u00f1os tienen que hacer ex\u00e1menes peri\u00f3dicos &#8216;on line&#8217;. Asimismo, seg\u00fan explica, al final de curso deber\u00e1n hacer un examen presencial en la embajada del pa\u00eds en que est\u00e9n en ese momento.<\/p>\n<p>\u00abHemos hablado con familias que lo han hecho as\u00ed y est\u00e1n contentas; hay que ser constantes, por lo que nos vamos a marcar un horario y los pap\u00e1s nos convertiremos en profesores\u00bb, ha explicado Ram\u00edrez.<\/p>\n<p>En su caso, indican que sus hijos \u00abest\u00e1n acostumbrados a vivir en caravana desde que han nacido, les encanta la autocaravana y este viaje lo ven como una aventura\u00bb.<\/p>\n<h2 class=\"ladillo\">REACCIONES DE LA FAMILIA<\/h2>\n<p>Cuando comunicaron a la familia su decisi\u00f3n \u00abhubo de todo un poco, algunos se alegran mucho y a otros les puede m\u00e1s el miedo que la alegr\u00eda\u00bb, aunque en se sentido siempre han tenido claro que la seguridad es lo primero, por lo que \u00ablos pa\u00edses que puedan ser conflictivos los hemos dejado de lado\u00bb.<\/p>\n<p>Esta familia tiene un blog de viajes donde comparten viajes con ni\u00f1os, consejos y rutas en autocaravana. Por lo que en el blog, &#8216;<a href=\"http:\/\/www.autocaravanaenfamilia.com\/\" target=\"_blank\">www.autocaravanaenfamilia.com<\/a>&#8216;, nos ir\u00e1n relatando los detalles de esta aventura.<\/p>\n<p>Han apuntado que animan \u00aben general a viajar en autocaravana y con ni\u00f1os, pues lo disfrutas mucho m\u00e1s y es una forma de viajar con total libertad \u00ab.<\/p>\n","protected":false},"excerpt":{"rendered":"<p>Una familia sevillana, concretamente de San Jos\u00e9 de La Rinconada, formada por padre, madre y dos ni\u00f1os, de nueve y siete a\u00f1os, iniciar\u00e1 a principios de julio un viaje de vuelta al mundo en su autocaravana, que durar\u00e1 tres a\u00f1os. Esta familia participar\u00e1 ese s\u00e1bado contando su experiencia en las &#8216;Jornadas IATI de los Grandes<\/p>\n","protected":false},"author":1,"featured_media":78808,"comment_status":"open","ping_status":"closed","sticky":false,"template":"","format":"standard","meta":{"footnotes":""},"categories":[224],"tags":[],"class_list":{"0":"post-78807","1":"post","2":"type-post","3":"status-publish","4":"format-standard","5":"has-post-thumbnail","7":"category-noticias-actualidad"},"aioseo_notices":[],"aioseo_head":"\n\t\t<!-- All in One SEO Pro 4.9.6.1 - aioseo.com -->\n\t<meta name=\"description\" content=\"Una familia sevillana, concretamente de San Jos\u00e9 de La Rinconada, formada por padre, madre y dos ni\u00f1os, de nueve y siete a\u00f1os, iniciar\u00e1 a principios de julio un viaje de vuelta al mundo en su autocaravana, que durar\u00e1 tres a\u00f1os. Esta familia participar\u00e1 ese s\u00e1bado contando su experiencia en las &#039;Jornadas IATI de los Grandes\" \/>\n\t<meta name=\"robots\" content=\"max-image-preview:large\" \/>\n\t<meta name=\"author\" content=\"admin\"\/>\n\t<meta name=\"google-site-verification\" content=\"UA-38556648-1\" \/>\n\t<meta name=\"keywords\" content=\"noticias y actualidad\" \/>\n\t<link rel=\"canonical\" href=\"https:\/\/eldigitaldeasturias.com\/magazine365\/familia-sevillana-con-ninos-dara-la-vuelta-al-mundo-en-autocaravana-durante-tres-anos\/\" \/>\n\t<meta name=\"generator\" content=\"All in One SEO Pro (AIOSEO) 4.9.6.1\" \/>\n\t\t<meta property=\"og:locale\" content=\"es_ES\" \/>\n\t\t<meta property=\"og:site_name\" content=\"El Digital de Asturias \u2013 Revista de ocio, turismo y estilo de vida\" \/>\n\t\t<meta property=\"og:type\" content=\"article\" \/>\n\t\t<meta property=\"og:title\" content=\"Familia sevillana con ni\u00f1os dar\u00e1 la vuelta al mundo en autocaravana durante tres a\u00f1os | El Digital de Asturias\" \/>\n\t\t<meta property=\"og:description\" content=\"Una familia sevillana, concretamente de San Jos\u00e9 de La Rinconada, formada por padre, madre y dos ni\u00f1os, de nueve y siete a\u00f1os, iniciar\u00e1 a principios de julio un viaje de vuelta al mundo en su autocaravana, que durar\u00e1 tres a\u00f1os. Esta familia participar\u00e1 ese s\u00e1bado contando su experiencia en las &#039;Jornadas IATI de los Grandes\" \/>\n\t\t<meta property=\"og:url\" content=\"https:\/\/eldigitaldeasturias.com\/magazine365\/familia-sevillana-con-ninos-dara-la-vuelta-al-mundo-en-autocaravana-durante-tres-anos\/\" \/>\n\t\t<meta property=\"og:image\" content=\"https:\/\/eldigitaldeasturias.com\/magazine365\/wp-content\/uploads\/2016\/06\/fotonoticia_20160610181015_800.jpg\" \/>\n\t\t<meta property=\"og:image:secure_url\" content=\"https:\/\/eldigitaldeasturias.com\/magazine365\/wp-content\/uploads\/2016\/06\/fotonoticia_20160610181015_800.jpg\" \/>\n\t\t<meta property=\"og:image:width\" content=\"800\" \/>\n\t\t<meta property=\"og:image:height\" content=\"533\" \/>\n\t\t<meta property=\"article:published_time\" content=\"2016-06-10T17:33:35+00:00\" \/>\n\t\t<meta property=\"article:modified_time\" content=\"2016-06-10T17:33:35+00:00\" \/>\n\t\t<meta name=\"twitter:card\" content=\"summary_large_image\" \/>\n\t\t<meta name=\"twitter:title\" content=\"Familia sevillana con ni\u00f1os dar\u00e1 la vuelta al mundo en autocaravana durante tres a\u00f1os | El Digital de Asturias\" \/>\n\t\t<meta name=\"twitter:description\" content=\"Una familia sevillana, concretamente de San Jos\u00e9 de La Rinconada, formada por padre, madre y dos ni\u00f1os, de nueve y siete a\u00f1os, iniciar\u00e1 a principios de julio un viaje de vuelta al mundo en su autocaravana, que durar\u00e1 tres a\u00f1os. Esta familia participar\u00e1 ese s\u00e1bado contando su experiencia en las &#039;Jornadas IATI de los Grandes\" \/>\n\t\t<meta name=\"twitter:image\" content=\"https:\/\/eldigitaldeasturias.com\/magazine365\/wp-content\/uploads\/2016\/06\/fotonoticia_20160610181015_800.jpg\" \/>\n\t\t<script type=\"application\/ld+json\" class=\"aioseo-schema\">\n\t\t\t{\"@context\":\"https:\\\/\\\/schema.org\",\"@graph\":[{\"@type\":\"Article\",\"@id\":\"https:\\\/\\\/eldigitaldeasturias.com\\\/magazine365\\\/familia-sevillana-con-ninos-dara-la-vuelta-al-mundo-en-autocaravana-durante-tres-anos\\\/#article\",\"name\":\"Familia sevillana con ni\\u00f1os dar\\u00e1 la vuelta al mundo en autocaravana durante tres a\\u00f1os | El Digital de Asturias\",\"headline\":\"Familia sevillana con ni\\u00f1os dar\\u00e1 la vuelta al mundo en autocaravana durante tres a\\u00f1os\",\"author\":{\"@id\":\"https:\\\/\\\/eldigitaldeasturias.com\\\/magazine365\\\/author\\\/admin\\\/#author\"},\"publisher\":{\"@id\":\"https:\\\/\\\/eldigitaldeasturias.com\\\/magazine365\\\/#organization\"},\"image\":{\"@type\":\"ImageObject\",\"url\":\"https:\\\/\\\/eldigitaldeasturias.com\\\/magazine365\\\/wp-content\\\/uploads\\\/2016\\\/06\\\/fotonoticia_20160610181015_800.jpg\",\"width\":800,\"height\":533},\"datePublished\":\"2016-06-10T19:33:35+02:00\",\"dateModified\":\"2016-06-10T19:33:35+02:00\",\"inLanguage\":\"es-ES\",\"mainEntityOfPage\":{\"@id\":\"https:\\\/\\\/eldigitaldeasturias.com\\\/magazine365\\\/familia-sevillana-con-ninos-dara-la-vuelta-al-mundo-en-autocaravana-durante-tres-anos\\\/#webpage\"},\"isPartOf\":{\"@id\":\"https:\\\/\\\/eldigitaldeasturias.com\\\/magazine365\\\/familia-sevillana-con-ninos-dara-la-vuelta-al-mundo-en-autocaravana-durante-tres-anos\\\/#webpage\"},\"articleSection\":\"Noticias y Actualidad\"},{\"@type\":\"BreadcrumbList\",\"@id\":\"https:\\\/\\\/eldigitaldeasturias.com\\\/magazine365\\\/familia-sevillana-con-ninos-dara-la-vuelta-al-mundo-en-autocaravana-durante-tres-anos\\\/#breadcrumblist\",\"itemListElement\":[{\"@type\":\"ListItem\",\"@id\":\"https:\\\/\\\/eldigitaldeasturias.com\\\/magazine365#listItem\",\"position\":1,\"name\":\"Home\",\"item\":\"https:\\\/\\\/eldigitaldeasturias.com\\\/magazine365\",\"nextItem\":{\"@type\":\"ListItem\",\"@id\":\"https:\\\/\\\/eldigitaldeasturias.com\\\/magazine365\\\/category\\\/noticias-actualidad\\\/#listItem\",\"name\":\"Noticias y Actualidad\"}},{\"@type\":\"ListItem\",\"@id\":\"https:\\\/\\\/eldigitaldeasturias.com\\\/magazine365\\\/category\\\/noticias-actualidad\\\/#listItem\",\"position\":2,\"name\":\"Noticias y Actualidad\",\"item\":\"https:\\\/\\\/eldigitaldeasturias.com\\\/magazine365\\\/category\\\/noticias-actualidad\\\/\",\"nextItem\":{\"@type\":\"ListItem\",\"@id\":\"https:\\\/\\\/eldigitaldeasturias.com\\\/magazine365\\\/familia-sevillana-con-ninos-dara-la-vuelta-al-mundo-en-autocaravana-durante-tres-anos\\\/#listItem\",\"name\":\"Familia sevillana con ni\\u00f1os dar\\u00e1 la vuelta al mundo en autocaravana durante tres a\\u00f1os\"},\"previousItem\":{\"@type\":\"ListItem\",\"@id\":\"https:\\\/\\\/eldigitaldeasturias.com\\\/magazine365#listItem\",\"name\":\"Home\"}},{\"@type\":\"ListItem\",\"@id\":\"https:\\\/\\\/eldigitaldeasturias.com\\\/magazine365\\\/familia-sevillana-con-ninos-dara-la-vuelta-al-mundo-en-autocaravana-durante-tres-anos\\\/#listItem\",\"position\":3,\"name\":\"Familia sevillana con ni\\u00f1os dar\\u00e1 la vuelta al mundo en autocaravana durante tres a\\u00f1os\",\"previousItem\":{\"@type\":\"ListItem\",\"@id\":\"https:\\\/\\\/eldigitaldeasturias.com\\\/magazine365\\\/category\\\/noticias-actualidad\\\/#listItem\",\"name\":\"Noticias y Actualidad\"}}]},{\"@type\":\"Organization\",\"@id\":\"https:\\\/\\\/eldigitaldeasturias.com\\\/magazine365\\\/#organization\",\"name\":\"El digital de Asturias\",\"description\":\"Revista de ocio, turismo y estilo de vida\",\"url\":\"https:\\\/\\\/eldigitaldeasturias.com\\\/magazine365\\\/\",\"logo\":{\"@type\":\"ImageObject\",\"url\":\"https:\\\/\\\/www.eldigitaldeasturias.com\\\/noticias\\\/wp-content\\\/uploads\\\/2020\\\/12\\\/EDA.jpg\",\"@id\":\"https:\\\/\\\/eldigitaldeasturias.com\\\/magazine365\\\/familia-sevillana-con-ninos-dara-la-vuelta-al-mundo-en-autocaravana-durante-tres-anos\\\/#organizationLogo\"},\"image\":{\"@id\":\"https:\\\/\\\/eldigitaldeasturias.com\\\/magazine365\\\/familia-sevillana-con-ninos-dara-la-vuelta-al-mundo-en-autocaravana-durante-tres-anos\\\/#organizationLogo\"}},{\"@type\":\"Person\",\"@id\":\"https:\\\/\\\/eldigitaldeasturias.com\\\/magazine365\\\/author\\\/admin\\\/#author\",\"url\":\"https:\\\/\\\/eldigitaldeasturias.com\\\/magazine365\\\/author\\\/admin\\\/\",\"name\":\"admin\",\"image\":{\"@type\":\"ImageObject\",\"@id\":\"https:\\\/\\\/eldigitaldeasturias.com\\\/magazine365\\\/familia-sevillana-con-ninos-dara-la-vuelta-al-mundo-en-autocaravana-durante-tres-anos\\\/#authorImage\",\"url\":\"https:\\\/\\\/eldigitaldeasturias.com\\\/magazine365\\\/wp-content\\\/litespeed\\\/avatar\\\/e571bcf59a0edd6fa6838245a470f2fe.jpg?ver=1776969259\",\"width\":96,\"height\":96,\"caption\":\"admin\"}},{\"@type\":\"WebPage\",\"@id\":\"https:\\\/\\\/eldigitaldeasturias.com\\\/magazine365\\\/familia-sevillana-con-ninos-dara-la-vuelta-al-mundo-en-autocaravana-durante-tres-anos\\\/#webpage\",\"url\":\"https:\\\/\\\/eldigitaldeasturias.com\\\/magazine365\\\/familia-sevillana-con-ninos-dara-la-vuelta-al-mundo-en-autocaravana-durante-tres-anos\\\/\",\"name\":\"Familia sevillana con ni\\u00f1os dar\\u00e1 la vuelta al mundo en autocaravana durante tres a\\u00f1os | El Digital de Asturias\",\"description\":\"Una familia sevillana, concretamente de San Jos\\u00e9 de La Rinconada, formada por padre, madre y dos ni\\u00f1os, de nueve y siete a\\u00f1os, iniciar\\u00e1 a principios de julio un viaje de vuelta al mundo en su autocaravana, que durar\\u00e1 tres a\\u00f1os. Esta familia participar\\u00e1 ese s\\u00e1bado contando su experiencia en las 'Jornadas IATI de los Grandes\",\"inLanguage\":\"es-ES\",\"isPartOf\":{\"@id\":\"https:\\\/\\\/eldigitaldeasturias.com\\\/magazine365\\\/#website\"},\"breadcrumb\":{\"@id\":\"https:\\\/\\\/eldigitaldeasturias.com\\\/magazine365\\\/familia-sevillana-con-ninos-dara-la-vuelta-al-mundo-en-autocaravana-durante-tres-anos\\\/#breadcrumblist\"},\"author\":{\"@id\":\"https:\\\/\\\/eldigitaldeasturias.com\\\/magazine365\\\/author\\\/admin\\\/#author\"},\"creator\":{\"@id\":\"https:\\\/\\\/eldigitaldeasturias.com\\\/magazine365\\\/author\\\/admin\\\/#author\"},\"image\":{\"@type\":\"ImageObject\",\"url\":\"https:\\\/\\\/eldigitaldeasturias.com\\\/magazine365\\\/wp-content\\\/uploads\\\/2016\\\/06\\\/fotonoticia_20160610181015_800.jpg\",\"@id\":\"https:\\\/\\\/eldigitaldeasturias.com\\\/magazine365\\\/familia-sevillana-con-ninos-dara-la-vuelta-al-mundo-en-autocaravana-durante-tres-anos\\\/#mainImage\",\"width\":800,\"height\":533},\"primaryImageOfPage\":{\"@id\":\"https:\\\/\\\/eldigitaldeasturias.com\\\/magazine365\\\/familia-sevillana-con-ninos-dara-la-vuelta-al-mundo-en-autocaravana-durante-tres-anos\\\/#mainImage\"},\"datePublished\":\"2016-06-10T19:33:35+02:00\",\"dateModified\":\"2016-06-10T19:33:35+02:00\"},{\"@type\":\"WebSite\",\"@id\":\"https:\\\/\\\/eldigitaldeasturias.com\\\/magazine365\\\/#website\",\"url\":\"https:\\\/\\\/eldigitaldeasturias.com\\\/magazine365\\\/\",\"name\":\"El Digital de Asturias\",\"description\":\"Revista de ocio, turismo y estilo de vida\",\"inLanguage\":\"es-ES\",\"publisher\":{\"@id\":\"https:\\\/\\\/eldigitaldeasturias.com\\\/magazine365\\\/#organization\"}}]}\n\t\t<\/script>\n\t\t<!-- All in One SEO Pro -->\r\n\t\t<title>Familia sevillana con ni\u00f1os dar\u00e1 la vuelta al mundo en autocaravana durante tres a\u00f1os | El Digital de Asturias<\/title>\n\n","aioseo_head_json":{"title":"Familia sevillana con ni\u00f1os dar\u00e1 la vuelta al mundo en autocaravana durante tres a\u00f1os | El Digital de Asturias","description":"Una familia sevillana, concretamente de San Jos\u00e9 de La Rinconada, formada por padre, madre y dos ni\u00f1os, de nueve y siete a\u00f1os, iniciar\u00e1 a principios de julio un viaje de vuelta al mundo en su autocaravana, que durar\u00e1 tres a\u00f1os. Esta familia participar\u00e1 ese s\u00e1bado contando su experiencia en las 'Jornadas IATI de los Grandes","canonical_url":"https:\/\/eldigitaldeasturias.com\/magazine365\/familia-sevillana-con-ninos-dara-la-vuelta-al-mundo-en-autocaravana-durante-tres-anos\/","robots":"max-image-preview:large","keywords":"noticias y actualidad","webmasterTools":{"google-site-verification":"UA-38556648-1","miscellaneous":""},"schema":{"@context":"https:\/\/schema.org","@graph":[{"@type":"Article","@id":"https:\/\/eldigitaldeasturias.com\/magazine365\/familia-sevillana-con-ninos-dara-la-vuelta-al-mundo-en-autocaravana-durante-tres-anos\/#article","name":"Familia sevillana con ni\u00f1os dar\u00e1 la vuelta al mundo en autocaravana durante tres a\u00f1os | El Digital de Asturias","headline":"Familia sevillana con ni\u00f1os dar\u00e1 la vuelta al mundo en autocaravana durante tres a\u00f1os","author":{"@id":"https:\/\/eldigitaldeasturias.com\/magazine365\/author\/admin\/#author"},"publisher":{"@id":"https:\/\/eldigitaldeasturias.com\/magazine365\/#organization"},"image":{"@type":"ImageObject","url":"https:\/\/eldigitaldeasturias.com\/magazine365\/wp-content\/uploads\/2016\/06\/fotonoticia_20160610181015_800.jpg","width":800,"height":533},"datePublished":"2016-06-10T19:33:35+02:00","dateModified":"2016-06-10T19:33:35+02:00","inLanguage":"es-ES","mainEntityOfPage":{"@id":"https:\/\/eldigitaldeasturias.com\/magazine365\/familia-sevillana-con-ninos-dara-la-vuelta-al-mundo-en-autocaravana-durante-tres-anos\/#webpage"},"isPartOf":{"@id":"https:\/\/eldigitaldeasturias.com\/magazine365\/familia-sevillana-con-ninos-dara-la-vuelta-al-mundo-en-autocaravana-durante-tres-anos\/#webpage"},"articleSection":"Noticias y Actualidad"},{"@type":"BreadcrumbList","@id":"https:\/\/eldigitaldeasturias.com\/magazine365\/familia-sevillana-con-ninos-dara-la-vuelta-al-mundo-en-autocaravana-durante-tres-anos\/#breadcrumblist","itemListElement":[{"@type":"ListItem","@id":"https:\/\/eldigitaldeasturias.com\/magazine365#listItem","position":1,"name":"Home","item":"https:\/\/eldigitaldeasturias.com\/magazine365","nextItem":{"@type":"ListItem","@id":"https:\/\/eldigitaldeasturias.com\/magazine365\/category\/noticias-actualidad\/#listItem","name":"Noticias y Actualidad"}},{"@type":"ListItem","@id":"https:\/\/eldigitaldeasturias.com\/magazine365\/category\/noticias-actualidad\/#listItem","position":2,"name":"Noticias y Actualidad","item":"https:\/\/eldigitaldeasturias.com\/magazine365\/category\/noticias-actualidad\/","nextItem":{"@type":"ListItem","@id":"https:\/\/eldigitaldeasturias.com\/magazine365\/familia-sevillana-con-ninos-dara-la-vuelta-al-mundo-en-autocaravana-durante-tres-anos\/#listItem","name":"Familia sevillana con ni\u00f1os dar\u00e1 la vuelta al mundo en autocaravana durante tres a\u00f1os"},"previousItem":{"@type":"ListItem","@id":"https:\/\/eldigitaldeasturias.com\/magazine365#listItem","name":"Home"}},{"@type":"ListItem","@id":"https:\/\/eldigitaldeasturias.com\/magazine365\/familia-sevillana-con-ninos-dara-la-vuelta-al-mundo-en-autocaravana-durante-tres-anos\/#listItem","position":3,"name":"Familia sevillana con ni\u00f1os dar\u00e1 la vuelta al mundo en autocaravana durante tres a\u00f1os","previousItem":{"@type":"ListItem","@id":"https:\/\/eldigitaldeasturias.com\/magazine365\/category\/noticias-actualidad\/#listItem","name":"Noticias y Actualidad"}}]},{"@type":"Organization","@id":"https:\/\/eldigitaldeasturias.com\/magazine365\/#organization","name":"El digital de Asturias","description":"Revista de ocio, turismo y estilo de vida","url":"https:\/\/eldigitaldeasturias.com\/magazine365\/","logo":{"@type":"ImageObject","url":"https:\/\/www.eldigitaldeasturias.com\/noticias\/wp-content\/uploads\/2020\/12\/EDA.jpg","@id":"https:\/\/eldigitaldeasturias.com\/magazine365\/familia-sevillana-con-ninos-dara-la-vuelta-al-mundo-en-autocaravana-durante-tres-anos\/#organizationLogo"},"image":{"@id":"https:\/\/eldigitaldeasturias.com\/magazine365\/familia-sevillana-con-ninos-dara-la-vuelta-al-mundo-en-autocaravana-durante-tres-anos\/#organizationLogo"}},{"@type":"Person","@id":"https:\/\/eldigitaldeasturias.com\/magazine365\/author\/admin\/#author","url":"https:\/\/eldigitaldeasturias.com\/magazine365\/author\/admin\/","name":"admin","image":{"@type":"ImageObject","@id":"https:\/\/eldigitaldeasturias.com\/magazine365\/familia-sevillana-con-ninos-dara-la-vuelta-al-mundo-en-autocaravana-durante-tres-anos\/#authorImage","url":"https:\/\/eldigitaldeasturias.com\/magazine365\/wp-content\/litespeed\/avatar\/e571bcf59a0edd6fa6838245a470f2fe.jpg?ver=1776969259","width":96,"height":96,"caption":"admin"}},{"@type":"WebPage","@id":"https:\/\/eldigitaldeasturias.com\/magazine365\/familia-sevillana-con-ninos-dara-la-vuelta-al-mundo-en-autocaravana-durante-tres-anos\/#webpage","url":"https:\/\/eldigitaldeasturias.com\/magazine365\/familia-sevillana-con-ninos-dara-la-vuelta-al-mundo-en-autocaravana-durante-tres-anos\/","name":"Familia sevillana con ni\u00f1os dar\u00e1 la vuelta al mundo en autocaravana durante tres a\u00f1os | El Digital de Asturias","description":"Una familia sevillana, concretamente de San Jos\u00e9 de La Rinconada, formada por padre, madre y dos ni\u00f1os, de nueve y siete a\u00f1os, iniciar\u00e1 a principios de julio un viaje de vuelta al mundo en su autocaravana, que durar\u00e1 tres a\u00f1os. Esta familia participar\u00e1 ese s\u00e1bado contando su experiencia en las 'Jornadas IATI de los Grandes","inLanguage":"es-ES","isPartOf":{"@id":"https:\/\/eldigitaldeasturias.com\/magazine365\/#website"},"breadcrumb":{"@id":"https:\/\/eldigitaldeasturias.com\/magazine365\/familia-sevillana-con-ninos-dara-la-vuelta-al-mundo-en-autocaravana-durante-tres-anos\/#breadcrumblist"},"author":{"@id":"https:\/\/eldigitaldeasturias.com\/magazine365\/author\/admin\/#author"},"creator":{"@id":"https:\/\/eldigitaldeasturias.com\/magazine365\/author\/admin\/#author"},"image":{"@type":"ImageObject","url":"https:\/\/eldigitaldeasturias.com\/magazine365\/wp-content\/uploads\/2016\/06\/fotonoticia_20160610181015_800.jpg","@id":"https:\/\/eldigitaldeasturias.com\/magazine365\/familia-sevillana-con-ninos-dara-la-vuelta-al-mundo-en-autocaravana-durante-tres-anos\/#mainImage","width":800,"height":533},"primaryImageOfPage":{"@id":"https:\/\/eldigitaldeasturias.com\/magazine365\/familia-sevillana-con-ninos-dara-la-vuelta-al-mundo-en-autocaravana-durante-tres-anos\/#mainImage"},"datePublished":"2016-06-10T19:33:35+02:00","dateModified":"2016-06-10T19:33:35+02:00"},{"@type":"WebSite","@id":"https:\/\/eldigitaldeasturias.com\/magazine365\/#website","url":"https:\/\/eldigitaldeasturias.com\/magazine365\/","name":"El Digital de Asturias","description":"Revista de ocio, turismo y estilo de vida","inLanguage":"es-ES","publisher":{"@id":"https:\/\/eldigitaldeasturias.com\/magazine365\/#organization"}}]},"og:locale":"es_ES","og:site_name":"El Digital de Asturias \u2013 Revista de ocio, turismo y estilo de vida","og:type":"article","og:title":"Familia sevillana con ni\u00f1os dar\u00e1 la vuelta al mundo en autocaravana durante tres a\u00f1os | El Digital de Asturias","og:description":"Una familia sevillana, concretamente de San Jos\u00e9 de La Rinconada, formada por padre, madre y dos ni\u00f1os, de nueve y siete a\u00f1os, iniciar\u00e1 a principios de julio un viaje de vuelta al mundo en su autocaravana, que durar\u00e1 tres a\u00f1os. Esta familia participar\u00e1 ese s\u00e1bado contando su experiencia en las 'Jornadas IATI de los Grandes","og:url":"https:\/\/eldigitaldeasturias.com\/magazine365\/familia-sevillana-con-ninos-dara-la-vuelta-al-mundo-en-autocaravana-durante-tres-anos\/","og:image":"https:\/\/eldigitaldeasturias.com\/magazine365\/wp-content\/uploads\/2016\/06\/fotonoticia_20160610181015_800.jpg","og:image:secure_url":"https:\/\/eldigitaldeasturias.com\/magazine365\/wp-content\/uploads\/2016\/06\/fotonoticia_20160610181015_800.jpg","og:image:width":800,"og:image:height":533,"article:published_time":"2016-06-10T17:33:35+00:00","article:modified_time":"2016-06-10T17:33:35+00:00","twitter:card":"summary_large_image","twitter:title":"Familia sevillana con ni\u00f1os dar\u00e1 la vuelta al mundo en autocaravana durante tres a\u00f1os | El Digital de Asturias","twitter:description":"Una familia sevillana, concretamente de San Jos\u00e9 de La Rinconada, formada por padre, madre y dos ni\u00f1os, de nueve y siete a\u00f1os, iniciar\u00e1 a principios de julio un viaje de vuelta al mundo en su autocaravana, que durar\u00e1 tres a\u00f1os. Esta familia participar\u00e1 ese s\u00e1bado contando su experiencia en las 'Jornadas IATI de los Grandes","twitter:image":"https:\/\/eldigitaldeasturias.com\/magazine365\/wp-content\/uploads\/2016\/06\/fotonoticia_20160610181015_800.jpg"},"aioseo_meta_data":{"post_id":"78807","title":null,"description":null,"keywords":null,"keyphrases":null,"primary_term":null,"canonical_url":null,"og_title":null,"og_description":null,"og_object_type":"default","og_image_type":"default","og_image_url":null,"og_image_width":null,"og_image_height":null,"og_image_custom_url":null,"og_image_custom_fields":null,"og_video":null,"og_custom_url":null,"og_article_section":null,"og_article_tags":null,"twitter_use_og":false,"twitter_card":"default","twitter_image_type":"default","twitter_image_url":null,"twitter_image_custom_url":null,"twitter_image_custom_fields":null,"twitter_title":null,"twitter_description":null,"schema":{"blockGraphs":[],"customGraphs":[],"default":{"data":{"Article":[],"Course":[],"Dataset":[],"FAQPage":[],"Movie":[],"Person":[],"Product":[],"ProductReview":[],"Car":[],"Recipe":[],"Service":[],"SoftwareApplication":[],"WebPage":[]},"graphName":"","isEnabled":true},"graphs":[],"defaultGraph":"","defaultPostTypeGraph":""},"schema_type":null,"schema_type_options":null,"pillar_content":false,"robots_default":true,"robots_noindex":false,"robots_noarchive":false,"robots_nosnippet":false,"robots_nofollow":false,"robots_noimageindex":false,"robots_noodp":false,"robots_notranslate":false,"robots_max_snippet":null,"robots_max_videopreview":null,"robots_max_imagepreview":"large","priority":null,"frequency":null,"location":null,"local_seo":null,"seo_analyzer_scan_date":"2025-09-27 17:41:10","breadcrumb_settings":null,"limit_modified_date":false,"open_ai":null,"ai":null,"created":"2021-03-08 17:56:39","updated":"2025-09-27 17:41:10"},"aioseo_breadcrumb":"<div class=\"aioseo-breadcrumbs\"><span class=\"aioseo-breadcrumb\">\n\t<a href=\"https:\/\/eldigitaldeasturias.com\/magazine365\" title=\"Home\">Home<\/a>\n<\/span><span class=\"aioseo-breadcrumb-separator\">\u2013<\/span><span class=\"aioseo-breadcrumb\">\n\t<a href=\"https:\/\/eldigitaldeasturias.com\/magazine365\/category\/noticias-actualidad\/\" title=\"Noticias y Actualidad\">Noticias y Actualidad<\/a>\n<\/span><span class=\"aioseo-breadcrumb-separator\">\u2013<\/span><span class=\"aioseo-breadcrumb\">\n\t<a href=\"https:\/\/eldigitaldeasturias.com\/magazine365\/familia-sevillana-con-ninos-dara-la-vuelta-al-mundo-en-autocaravana-durante-tres-anos\/\" title=\"Familia sevillana con ni\u00f1os dar\u00e1 la vuelta al mundo en autocaravana durante tres a\u00f1os\">Familia sevillana con ni\u00f1os dar\u00e1 la vuelta al mundo en autocaravana durante tres a\u00f1os<\/a>\n<\/span><\/div>","aioseo_breadcrumb_json":[{"label":"Home","link":"https:\/\/eldigitaldeasturias.com\/magazine365"},{"label":"Noticias y Actualidad","link":"https:\/\/eldigitaldeasturias.com\/magazine365\/category\/noticias-actualidad\/"},{"label":"Familia sevillana con ni\u00f1os dar\u00e1 la vuelta al mundo en autocaravana durante tres a\u00f1os","link":"https:\/\/eldigitaldeasturias.com\/magazine365\/familia-sevillana-con-ninos-dara-la-vuelta-al-mundo-en-autocaravana-durante-tres-anos\/"}],"_links":{"self":[{"href":"https:\/\/eldigitaldeasturias.com\/magazine365\/wp-json\/wp\/v2\/posts\/78807","targetHints":{"allow":["GET"]}}],"collection":[{"href":"https:\/\/eldigitaldeasturias.com\/magazine365\/wp-json\/wp\/v2\/posts"}],"about":[{"href":"https:\/\/eldigitaldeasturias.com\/magazine365\/wp-json\/wp\/v2\/types\/post"}],"author":[{"embeddable":true,"href":"https:\/\/eldigitaldeasturias.com\/magazine365\/wp-json\/wp\/v2\/users\/1"}],"replies":[{"embeddable":true,"href":"https:\/\/eldigitaldeasturias.com\/magazine365\/wp-json\/wp\/v2\/comments?post=78807"}],"version-history":[{"count":0,"href":"https:\/\/eldigitaldeasturias.com\/magazine365\/wp-json\/wp\/v2\/posts\/78807\/revisions"}],"wp:featuredmedia":[{"embeddable":true,"href":"https:\/\/eldigitaldeasturias.com\/magazine365\/wp-json\/wp\/v2\/media\/78808"}],"wp:attachment":[{"href":"https:\/\/eldigitaldeasturias.com\/magazine365\/wp-json\/wp\/v2\/media?parent=78807"}],"wp:term":[{"taxonomy":"category","embeddable":true,"href":"https:\/\/eldigitaldeasturias.com\/magazine365\/wp-json\/wp\/v2\/categories?post=78807"},{"taxonomy":"post_tag","embeddable":true,"href":"https:\/\/eldigitaldeasturias.com\/magazine365\/wp-json\/wp\/v2\/tags?post=78807"}],"curies":[{"name":"wp","href":"https:\/\/api.w.org\/{rel}","templated":true}]}}