{"id":78804,"date":"2016-06-10T19:32:36","date_gmt":"2016-06-10T17:32:36","guid":{"rendered":"http:\/\/eldigitaldeasturias.com\/magazine365\/?p=78804"},"modified":"2016-06-10T19:33:50","modified_gmt":"2016-06-10T17:33:50","slug":"segun-renfe-la-huelga-de-maquinistas-alcanza-un-seguimiento-del-95","status":"publish","type":"post","link":"https:\/\/eldigitaldeasturias.com\/magazine365\/segun-renfe-la-huelga-de-maquinistas-alcanza-un-seguimiento-del-95\/","title":{"rendered":"Seg\u00fan Renfe la huelga de maquinistas alcanza un seguimiento del 9,5%"},"content":{"rendered":"<p><img fetchpriority=\"high\" decoding=\"async\" class=\"alignleft size-medium wp-image-78805\" src=\"https:\/\/eldigitaldeasturias.com\/magazine365\/wp-content\/uploads\/2016\/06\/fotonoticia_20160610180253_800-360x240.jpg\" alt=\"fotonoticia_20160610180253_800\" width=\"360\" height=\"240\" srcset=\"https:\/\/eldigitaldeasturias.com\/magazine365\/wp-content\/uploads\/2016\/06\/fotonoticia_20160610180253_800-360x240.jpg 360w, https:\/\/eldigitaldeasturias.com\/magazine365\/wp-content\/uploads\/2016\/06\/fotonoticia_20160610180253_800-650x433.jpg 650w, https:\/\/eldigitaldeasturias.com\/magazine365\/wp-content\/uploads\/2016\/06\/fotonoticia_20160610180253_800-768x512.jpg 768w, https:\/\/eldigitaldeasturias.com\/magazine365\/wp-content\/uploads\/2016\/06\/fotonoticia_20160610180253_800-150x100.jpg 150w, https:\/\/eldigitaldeasturias.com\/magazine365\/wp-content\/uploads\/2016\/06\/fotonoticia_20160610180253_800-450x300.jpg 450w, https:\/\/eldigitaldeasturias.com\/magazine365\/wp-content\/uploads\/2016\/06\/fotonoticia_20160610180253_800-101x66.jpg 101w, https:\/\/eldigitaldeasturias.com\/magazine365\/wp-content\/uploads\/2016\/06\/fotonoticia_20160610180253_800.jpg 800w\" sizes=\"(max-width: 360px) 100vw, 360px\" \/>La jornada de huelga convocada por el sindicato de maquinistas de Renfe Semaf ha tenido un seguimiento del 9,5% durante los tres turnos de trabajo de este viernes, indicaron a Europa Press en fuentes de la empresa.<\/p>\n<p>La de hoy ha sido la primera de las cuatro jornadas de huelga convocada por el sindicato tras no alcanzarse un acuerdo en la reuni\u00f3n mantenida hasta \u00faltima hora de la noche de ayer jueves.<\/p>\n<p>Las fuentes de la empresa indicaron esta ma\u00f1ana que, durante el primer turno de la jornada, no se produjeron grandes incidencias, m\u00e1s all\u00e1 de los retrasos l\u00f3gicos debido a los maquinistas que han ejercido su derecho a huelga.<\/p>\n<p>Sin embargo, en el caso del n\u00facleo de Valencia se ha inclumplido el 25% de los servicios m\u00ednimos, circunstancia que ha obligado a Renfe a poner a disposici\u00f3n de los clientes servicios alternativos como autobuses.<\/p>\n<p>Adem\u00e1s de la jornada de huelga de este viernes, la convocatoria contempla paros de 24 horas para este domingo 12 de junio, el martes 14 y el jueves 16 de junio.<\/p>\n<p>Con estas huelgas, los maquinistas pretenden manifestar su protesta por la demora que Renfe acumula en la puesta en marcha de varias medidas pactadas con los sindicatos. Entre ellas figura el plan de empleo, por el que se pretende habilitar un sistema de salidas voluntarias de trabajadores de la empresa ligadas a nuevas incorporaciones.<\/p>\n<p>Los maquinistas tambi\u00e9n protestan por la situaci\u00f3n del negocio de transporte de mercanc\u00edas en tren y por la disminuci\u00f3n de servicios de v\u00eda estrecha heredados de la extinta Feve.<\/p>\n<h2 class=\"ladillo\">SERVICIOS M\u00cdNIMOS<\/h2>\n<p>Los servicios m\u00ednimos decretados por el Ministerio de Fomento ante los paros garantizan la circulaci\u00f3n del 72% de los trenes AVE y Larga Distancia habitualmente programados. En el caso de los trenes de Media Distancia (regionales), se asegura la salida del 65% de la oferta.<\/p>\n<p>En el servicio de Cercan\u00edas, circular\u00e1 el 50% de los trenes, porcentaje que se eleva hasta el 75% en las &#8216;horas punta&#8217; (entre 6.00 y 9.00 horas, entre las 13.30 y las 15.30 horas y entre las 18.30 y las 20.30 horas).<\/p>\n","protected":false},"excerpt":{"rendered":"<p>La jornada de huelga convocada por el sindicato de maquinistas de Renfe Semaf ha tenido un seguimiento del 9,5% durante los tres turnos de trabajo de este viernes, indicaron a Europa Press en fuentes de la empresa. La de hoy ha sido la primera de las cuatro jornadas de huelga convocada por el sindicato tras<\/p>\n","protected":false},"author":1,"featured_media":78805,"comment_status":"open","ping_status":"closed","sticky":false,"template":"","format":"standard","meta":{"footnotes":""},"categories":[224],"tags":[],"class_list":{"0":"post-78804","1":"post","2":"type-post","3":"status-publish","4":"format-standard","5":"has-post-thumbnail","7":"category-noticias-actualidad"},"aioseo_notices":[],"aioseo_head":"\n\t\t<!-- All in One SEO Pro 4.9.6.1 - aioseo.com -->\n\t<meta name=\"description\" content=\"La jornada de huelga convocada por el sindicato de maquinistas de Renfe Semaf ha tenido un seguimiento del 9,5% durante los tres turnos de trabajo de este viernes, indicaron a Europa Press en fuentes de la empresa. La de hoy ha sido la primera de las cuatro jornadas de huelga convocada por el sindicato tras\" \/>\n\t<meta name=\"robots\" content=\"max-image-preview:large\" \/>\n\t<meta name=\"author\" content=\"admin\"\/>\n\t<meta name=\"google-site-verification\" content=\"UA-38556648-1\" \/>\n\t<meta name=\"keywords\" content=\"noticias y actualidad\" \/>\n\t<link rel=\"canonical\" href=\"https:\/\/eldigitaldeasturias.com\/magazine365\/segun-renfe-la-huelga-de-maquinistas-alcanza-un-seguimiento-del-95\/\" \/>\n\t<meta name=\"generator\" content=\"All in One SEO Pro (AIOSEO) 4.9.6.1\" \/>\n\t\t<meta property=\"og:locale\" content=\"es_ES\" \/>\n\t\t<meta property=\"og:site_name\" content=\"El Digital de Asturias \u2013 Revista de ocio, turismo y estilo de vida\" \/>\n\t\t<meta property=\"og:type\" content=\"article\" \/>\n\t\t<meta property=\"og:title\" content=\"Seg\u00fan Renfe la huelga de maquinistas alcanza un seguimiento del 9,5% | El Digital de Asturias\" \/>\n\t\t<meta property=\"og:description\" content=\"La jornada de huelga convocada por el sindicato de maquinistas de Renfe Semaf ha tenido un seguimiento del 9,5% durante los tres turnos de trabajo de este viernes, indicaron a Europa Press en fuentes de la empresa. La de hoy ha sido la primera de las cuatro jornadas de huelga convocada por el sindicato tras\" \/>\n\t\t<meta property=\"og:url\" content=\"https:\/\/eldigitaldeasturias.com\/magazine365\/segun-renfe-la-huelga-de-maquinistas-alcanza-un-seguimiento-del-95\/\" \/>\n\t\t<meta property=\"og:image\" content=\"https:\/\/eldigitaldeasturias.com\/magazine365\/wp-content\/uploads\/2016\/06\/fotonoticia_20160610180253_800.jpg\" \/>\n\t\t<meta property=\"og:image:secure_url\" content=\"https:\/\/eldigitaldeasturias.com\/magazine365\/wp-content\/uploads\/2016\/06\/fotonoticia_20160610180253_800.jpg\" \/>\n\t\t<meta property=\"og:image:width\" content=\"800\" \/>\n\t\t<meta property=\"og:image:height\" content=\"533\" \/>\n\t\t<meta property=\"article:published_time\" content=\"2016-06-10T17:32:36+00:00\" \/>\n\t\t<meta property=\"article:modified_time\" content=\"2016-06-10T17:33:50+00:00\" \/>\n\t\t<meta name=\"twitter:card\" content=\"summary_large_image\" \/>\n\t\t<meta name=\"twitter:title\" content=\"Seg\u00fan Renfe la huelga de maquinistas alcanza un seguimiento del 9,5% | El Digital de Asturias\" \/>\n\t\t<meta name=\"twitter:description\" content=\"La jornada de huelga convocada por el sindicato de maquinistas de Renfe Semaf ha tenido un seguimiento del 9,5% durante los tres turnos de trabajo de este viernes, indicaron a Europa Press en fuentes de la empresa. La de hoy ha sido la primera de las cuatro jornadas de huelga convocada por el sindicato tras\" \/>\n\t\t<meta name=\"twitter:image\" content=\"https:\/\/eldigitaldeasturias.com\/magazine365\/wp-content\/uploads\/2016\/06\/fotonoticia_20160610180253_800.jpg\" \/>\n\t\t<script type=\"application\/ld+json\" class=\"aioseo-schema\">\n\t\t\t{\"@context\":\"https:\\\/\\\/schema.org\",\"@graph\":[{\"@type\":\"Article\",\"@id\":\"https:\\\/\\\/eldigitaldeasturias.com\\\/magazine365\\\/segun-renfe-la-huelga-de-maquinistas-alcanza-un-seguimiento-del-95\\\/#article\",\"name\":\"Seg\\u00fan Renfe la huelga de maquinistas alcanza un seguimiento del 9,5% | El Digital de Asturias\",\"headline\":\"Seg\\u00fan Renfe la huelga de maquinistas alcanza un seguimiento del 9,5%\",\"author\":{\"@id\":\"https:\\\/\\\/eldigitaldeasturias.com\\\/magazine365\\\/author\\\/admin\\\/#author\"},\"publisher\":{\"@id\":\"https:\\\/\\\/eldigitaldeasturias.com\\\/magazine365\\\/#organization\"},\"image\":{\"@type\":\"ImageObject\",\"url\":\"https:\\\/\\\/eldigitaldeasturias.com\\\/magazine365\\\/wp-content\\\/uploads\\\/2016\\\/06\\\/fotonoticia_20160610180253_800.jpg\",\"width\":800,\"height\":533},\"datePublished\":\"2016-06-10T19:32:36+02:00\",\"dateModified\":\"2016-06-10T19:33:50+02:00\",\"inLanguage\":\"es-ES\",\"mainEntityOfPage\":{\"@id\":\"https:\\\/\\\/eldigitaldeasturias.com\\\/magazine365\\\/segun-renfe-la-huelga-de-maquinistas-alcanza-un-seguimiento-del-95\\\/#webpage\"},\"isPartOf\":{\"@id\":\"https:\\\/\\\/eldigitaldeasturias.com\\\/magazine365\\\/segun-renfe-la-huelga-de-maquinistas-alcanza-un-seguimiento-del-95\\\/#webpage\"},\"articleSection\":\"Noticias y Actualidad\"},{\"@type\":\"BreadcrumbList\",\"@id\":\"https:\\\/\\\/eldigitaldeasturias.com\\\/magazine365\\\/segun-renfe-la-huelga-de-maquinistas-alcanza-un-seguimiento-del-95\\\/#breadcrumblist\",\"itemListElement\":[{\"@type\":\"ListItem\",\"@id\":\"https:\\\/\\\/eldigitaldeasturias.com\\\/magazine365#listItem\",\"position\":1,\"name\":\"Home\",\"item\":\"https:\\\/\\\/eldigitaldeasturias.com\\\/magazine365\",\"nextItem\":{\"@type\":\"ListItem\",\"@id\":\"https:\\\/\\\/eldigitaldeasturias.com\\\/magazine365\\\/category\\\/noticias-actualidad\\\/#listItem\",\"name\":\"Noticias y Actualidad\"}},{\"@type\":\"ListItem\",\"@id\":\"https:\\\/\\\/eldigitaldeasturias.com\\\/magazine365\\\/category\\\/noticias-actualidad\\\/#listItem\",\"position\":2,\"name\":\"Noticias y Actualidad\",\"item\":\"https:\\\/\\\/eldigitaldeasturias.com\\\/magazine365\\\/category\\\/noticias-actualidad\\\/\",\"nextItem\":{\"@type\":\"ListItem\",\"@id\":\"https:\\\/\\\/eldigitaldeasturias.com\\\/magazine365\\\/segun-renfe-la-huelga-de-maquinistas-alcanza-un-seguimiento-del-95\\\/#listItem\",\"name\":\"Seg\\u00fan Renfe la huelga de maquinistas alcanza un seguimiento del 9,5%\"},\"previousItem\":{\"@type\":\"ListItem\",\"@id\":\"https:\\\/\\\/eldigitaldeasturias.com\\\/magazine365#listItem\",\"name\":\"Home\"}},{\"@type\":\"ListItem\",\"@id\":\"https:\\\/\\\/eldigitaldeasturias.com\\\/magazine365\\\/segun-renfe-la-huelga-de-maquinistas-alcanza-un-seguimiento-del-95\\\/#listItem\",\"position\":3,\"name\":\"Seg\\u00fan Renfe la huelga de maquinistas alcanza un seguimiento del 9,5%\",\"previousItem\":{\"@type\":\"ListItem\",\"@id\":\"https:\\\/\\\/eldigitaldeasturias.com\\\/magazine365\\\/category\\\/noticias-actualidad\\\/#listItem\",\"name\":\"Noticias y Actualidad\"}}]},{\"@type\":\"Organization\",\"@id\":\"https:\\\/\\\/eldigitaldeasturias.com\\\/magazine365\\\/#organization\",\"name\":\"El digital de Asturias\",\"description\":\"Revista de ocio, turismo y estilo de vida\",\"url\":\"https:\\\/\\\/eldigitaldeasturias.com\\\/magazine365\\\/\",\"logo\":{\"@type\":\"ImageObject\",\"url\":\"https:\\\/\\\/www.eldigitaldeasturias.com\\\/noticias\\\/wp-content\\\/uploads\\\/2020\\\/12\\\/EDA.jpg\",\"@id\":\"https:\\\/\\\/eldigitaldeasturias.com\\\/magazine365\\\/segun-renfe-la-huelga-de-maquinistas-alcanza-un-seguimiento-del-95\\\/#organizationLogo\"},\"image\":{\"@id\":\"https:\\\/\\\/eldigitaldeasturias.com\\\/magazine365\\\/segun-renfe-la-huelga-de-maquinistas-alcanza-un-seguimiento-del-95\\\/#organizationLogo\"}},{\"@type\":\"Person\",\"@id\":\"https:\\\/\\\/eldigitaldeasturias.com\\\/magazine365\\\/author\\\/admin\\\/#author\",\"url\":\"https:\\\/\\\/eldigitaldeasturias.com\\\/magazine365\\\/author\\\/admin\\\/\",\"name\":\"admin\",\"image\":{\"@type\":\"ImageObject\",\"@id\":\"https:\\\/\\\/eldigitaldeasturias.com\\\/magazine365\\\/segun-renfe-la-huelga-de-maquinistas-alcanza-un-seguimiento-del-95\\\/#authorImage\",\"url\":\"https:\\\/\\\/eldigitaldeasturias.com\\\/magazine365\\\/wp-content\\\/litespeed\\\/avatar\\\/e571bcf59a0edd6fa6838245a470f2fe.jpg?ver=1776969259\",\"width\":96,\"height\":96,\"caption\":\"admin\"}},{\"@type\":\"WebPage\",\"@id\":\"https:\\\/\\\/eldigitaldeasturias.com\\\/magazine365\\\/segun-renfe-la-huelga-de-maquinistas-alcanza-un-seguimiento-del-95\\\/#webpage\",\"url\":\"https:\\\/\\\/eldigitaldeasturias.com\\\/magazine365\\\/segun-renfe-la-huelga-de-maquinistas-alcanza-un-seguimiento-del-95\\\/\",\"name\":\"Seg\\u00fan Renfe la huelga de maquinistas alcanza un seguimiento del 9,5% | El Digital de Asturias\",\"description\":\"La jornada de huelga convocada por el sindicato de maquinistas de Renfe Semaf ha tenido un seguimiento del 9,5% durante los tres turnos de trabajo de este viernes, indicaron a Europa Press en fuentes de la empresa. La de hoy ha sido la primera de las cuatro jornadas de huelga convocada por el sindicato tras\",\"inLanguage\":\"es-ES\",\"isPartOf\":{\"@id\":\"https:\\\/\\\/eldigitaldeasturias.com\\\/magazine365\\\/#website\"},\"breadcrumb\":{\"@id\":\"https:\\\/\\\/eldigitaldeasturias.com\\\/magazine365\\\/segun-renfe-la-huelga-de-maquinistas-alcanza-un-seguimiento-del-95\\\/#breadcrumblist\"},\"author\":{\"@id\":\"https:\\\/\\\/eldigitaldeasturias.com\\\/magazine365\\\/author\\\/admin\\\/#author\"},\"creator\":{\"@id\":\"https:\\\/\\\/eldigitaldeasturias.com\\\/magazine365\\\/author\\\/admin\\\/#author\"},\"image\":{\"@type\":\"ImageObject\",\"url\":\"https:\\\/\\\/eldigitaldeasturias.com\\\/magazine365\\\/wp-content\\\/uploads\\\/2016\\\/06\\\/fotonoticia_20160610180253_800.jpg\",\"@id\":\"https:\\\/\\\/eldigitaldeasturias.com\\\/magazine365\\\/segun-renfe-la-huelga-de-maquinistas-alcanza-un-seguimiento-del-95\\\/#mainImage\",\"width\":800,\"height\":533},\"primaryImageOfPage\":{\"@id\":\"https:\\\/\\\/eldigitaldeasturias.com\\\/magazine365\\\/segun-renfe-la-huelga-de-maquinistas-alcanza-un-seguimiento-del-95\\\/#mainImage\"},\"datePublished\":\"2016-06-10T19:32:36+02:00\",\"dateModified\":\"2016-06-10T19:33:50+02:00\"},{\"@type\":\"WebSite\",\"@id\":\"https:\\\/\\\/eldigitaldeasturias.com\\\/magazine365\\\/#website\",\"url\":\"https:\\\/\\\/eldigitaldeasturias.com\\\/magazine365\\\/\",\"name\":\"El Digital de Asturias\",\"description\":\"Revista de ocio, turismo y estilo de vida\",\"inLanguage\":\"es-ES\",\"publisher\":{\"@id\":\"https:\\\/\\\/eldigitaldeasturias.com\\\/magazine365\\\/#organization\"}}]}\n\t\t<\/script>\n\t\t<!-- All in One SEO Pro -->\r\n\t\t<title>Seg\u00fan Renfe la huelga de maquinistas alcanza un seguimiento del 9,5% | El Digital de Asturias<\/title>\n\n","aioseo_head_json":{"title":"Seg\u00fan Renfe la huelga de maquinistas alcanza un seguimiento del 9,5% | El Digital de Asturias","description":"La jornada de huelga convocada por el sindicato de maquinistas de Renfe Semaf ha tenido un seguimiento del 9,5% durante los tres turnos de trabajo de este viernes, indicaron a Europa Press en fuentes de la empresa. La de hoy ha sido la primera de las cuatro jornadas de huelga convocada por el sindicato tras","canonical_url":"https:\/\/eldigitaldeasturias.com\/magazine365\/segun-renfe-la-huelga-de-maquinistas-alcanza-un-seguimiento-del-95\/","robots":"max-image-preview:large","keywords":"noticias y actualidad","webmasterTools":{"google-site-verification":"UA-38556648-1","miscellaneous":""},"schema":{"@context":"https:\/\/schema.org","@graph":[{"@type":"Article","@id":"https:\/\/eldigitaldeasturias.com\/magazine365\/segun-renfe-la-huelga-de-maquinistas-alcanza-un-seguimiento-del-95\/#article","name":"Seg\u00fan Renfe la huelga de maquinistas alcanza un seguimiento del 9,5% | El Digital de Asturias","headline":"Seg\u00fan Renfe la huelga de maquinistas alcanza un seguimiento del 9,5%","author":{"@id":"https:\/\/eldigitaldeasturias.com\/magazine365\/author\/admin\/#author"},"publisher":{"@id":"https:\/\/eldigitaldeasturias.com\/magazine365\/#organization"},"image":{"@type":"ImageObject","url":"https:\/\/eldigitaldeasturias.com\/magazine365\/wp-content\/uploads\/2016\/06\/fotonoticia_20160610180253_800.jpg","width":800,"height":533},"datePublished":"2016-06-10T19:32:36+02:00","dateModified":"2016-06-10T19:33:50+02:00","inLanguage":"es-ES","mainEntityOfPage":{"@id":"https:\/\/eldigitaldeasturias.com\/magazine365\/segun-renfe-la-huelga-de-maquinistas-alcanza-un-seguimiento-del-95\/#webpage"},"isPartOf":{"@id":"https:\/\/eldigitaldeasturias.com\/magazine365\/segun-renfe-la-huelga-de-maquinistas-alcanza-un-seguimiento-del-95\/#webpage"},"articleSection":"Noticias y Actualidad"},{"@type":"BreadcrumbList","@id":"https:\/\/eldigitaldeasturias.com\/magazine365\/segun-renfe-la-huelga-de-maquinistas-alcanza-un-seguimiento-del-95\/#breadcrumblist","itemListElement":[{"@type":"ListItem","@id":"https:\/\/eldigitaldeasturias.com\/magazine365#listItem","position":1,"name":"Home","item":"https:\/\/eldigitaldeasturias.com\/magazine365","nextItem":{"@type":"ListItem","@id":"https:\/\/eldigitaldeasturias.com\/magazine365\/category\/noticias-actualidad\/#listItem","name":"Noticias y Actualidad"}},{"@type":"ListItem","@id":"https:\/\/eldigitaldeasturias.com\/magazine365\/category\/noticias-actualidad\/#listItem","position":2,"name":"Noticias y Actualidad","item":"https:\/\/eldigitaldeasturias.com\/magazine365\/category\/noticias-actualidad\/","nextItem":{"@type":"ListItem","@id":"https:\/\/eldigitaldeasturias.com\/magazine365\/segun-renfe-la-huelga-de-maquinistas-alcanza-un-seguimiento-del-95\/#listItem","name":"Seg\u00fan Renfe la huelga de maquinistas alcanza un seguimiento del 9,5%"},"previousItem":{"@type":"ListItem","@id":"https:\/\/eldigitaldeasturias.com\/magazine365#listItem","name":"Home"}},{"@type":"ListItem","@id":"https:\/\/eldigitaldeasturias.com\/magazine365\/segun-renfe-la-huelga-de-maquinistas-alcanza-un-seguimiento-del-95\/#listItem","position":3,"name":"Seg\u00fan Renfe la huelga de maquinistas alcanza un seguimiento del 9,5%","previousItem":{"@type":"ListItem","@id":"https:\/\/eldigitaldeasturias.com\/magazine365\/category\/noticias-actualidad\/#listItem","name":"Noticias y Actualidad"}}]},{"@type":"Organization","@id":"https:\/\/eldigitaldeasturias.com\/magazine365\/#organization","name":"El digital de Asturias","description":"Revista de ocio, turismo y estilo de vida","url":"https:\/\/eldigitaldeasturias.com\/magazine365\/","logo":{"@type":"ImageObject","url":"https:\/\/www.eldigitaldeasturias.com\/noticias\/wp-content\/uploads\/2020\/12\/EDA.jpg","@id":"https:\/\/eldigitaldeasturias.com\/magazine365\/segun-renfe-la-huelga-de-maquinistas-alcanza-un-seguimiento-del-95\/#organizationLogo"},"image":{"@id":"https:\/\/eldigitaldeasturias.com\/magazine365\/segun-renfe-la-huelga-de-maquinistas-alcanza-un-seguimiento-del-95\/#organizationLogo"}},{"@type":"Person","@id":"https:\/\/eldigitaldeasturias.com\/magazine365\/author\/admin\/#author","url":"https:\/\/eldigitaldeasturias.com\/magazine365\/author\/admin\/","name":"admin","image":{"@type":"ImageObject","@id":"https:\/\/eldigitaldeasturias.com\/magazine365\/segun-renfe-la-huelga-de-maquinistas-alcanza-un-seguimiento-del-95\/#authorImage","url":"https:\/\/eldigitaldeasturias.com\/magazine365\/wp-content\/litespeed\/avatar\/e571bcf59a0edd6fa6838245a470f2fe.jpg?ver=1776969259","width":96,"height":96,"caption":"admin"}},{"@type":"WebPage","@id":"https:\/\/eldigitaldeasturias.com\/magazine365\/segun-renfe-la-huelga-de-maquinistas-alcanza-un-seguimiento-del-95\/#webpage","url":"https:\/\/eldigitaldeasturias.com\/magazine365\/segun-renfe-la-huelga-de-maquinistas-alcanza-un-seguimiento-del-95\/","name":"Seg\u00fan Renfe la huelga de maquinistas alcanza un seguimiento del 9,5% | El Digital de Asturias","description":"La jornada de huelga convocada por el sindicato de maquinistas de Renfe Semaf ha tenido un seguimiento del 9,5% durante los tres turnos de trabajo de este viernes, indicaron a Europa Press en fuentes de la empresa. La de hoy ha sido la primera de las cuatro jornadas de huelga convocada por el sindicato tras","inLanguage":"es-ES","isPartOf":{"@id":"https:\/\/eldigitaldeasturias.com\/magazine365\/#website"},"breadcrumb":{"@id":"https:\/\/eldigitaldeasturias.com\/magazine365\/segun-renfe-la-huelga-de-maquinistas-alcanza-un-seguimiento-del-95\/#breadcrumblist"},"author":{"@id":"https:\/\/eldigitaldeasturias.com\/magazine365\/author\/admin\/#author"},"creator":{"@id":"https:\/\/eldigitaldeasturias.com\/magazine365\/author\/admin\/#author"},"image":{"@type":"ImageObject","url":"https:\/\/eldigitaldeasturias.com\/magazine365\/wp-content\/uploads\/2016\/06\/fotonoticia_20160610180253_800.jpg","@id":"https:\/\/eldigitaldeasturias.com\/magazine365\/segun-renfe-la-huelga-de-maquinistas-alcanza-un-seguimiento-del-95\/#mainImage","width":800,"height":533},"primaryImageOfPage":{"@id":"https:\/\/eldigitaldeasturias.com\/magazine365\/segun-renfe-la-huelga-de-maquinistas-alcanza-un-seguimiento-del-95\/#mainImage"},"datePublished":"2016-06-10T19:32:36+02:00","dateModified":"2016-06-10T19:33:50+02:00"},{"@type":"WebSite","@id":"https:\/\/eldigitaldeasturias.com\/magazine365\/#website","url":"https:\/\/eldigitaldeasturias.com\/magazine365\/","name":"El Digital de Asturias","description":"Revista de ocio, turismo y estilo de vida","inLanguage":"es-ES","publisher":{"@id":"https:\/\/eldigitaldeasturias.com\/magazine365\/#organization"}}]},"og:locale":"es_ES","og:site_name":"El Digital de Asturias \u2013 Revista de ocio, turismo y estilo de vida","og:type":"article","og:title":"Seg\u00fan Renfe la huelga de maquinistas alcanza un seguimiento del 9,5% | El Digital de Asturias","og:description":"La jornada de huelga convocada por el sindicato de maquinistas de Renfe Semaf ha tenido un seguimiento del 9,5% durante los tres turnos de trabajo de este viernes, indicaron a Europa Press en fuentes de la empresa. La de hoy ha sido la primera de las cuatro jornadas de huelga convocada por el sindicato tras","og:url":"https:\/\/eldigitaldeasturias.com\/magazine365\/segun-renfe-la-huelga-de-maquinistas-alcanza-un-seguimiento-del-95\/","og:image":"https:\/\/eldigitaldeasturias.com\/magazine365\/wp-content\/uploads\/2016\/06\/fotonoticia_20160610180253_800.jpg","og:image:secure_url":"https:\/\/eldigitaldeasturias.com\/magazine365\/wp-content\/uploads\/2016\/06\/fotonoticia_20160610180253_800.jpg","og:image:width":800,"og:image:height":533,"article:published_time":"2016-06-10T17:32:36+00:00","article:modified_time":"2016-06-10T17:33:50+00:00","twitter:card":"summary_large_image","twitter:title":"Seg\u00fan Renfe la huelga de maquinistas alcanza un seguimiento del 9,5% | El Digital de Asturias","twitter:description":"La jornada de huelga convocada por el sindicato de maquinistas de Renfe Semaf ha tenido un seguimiento del 9,5% durante los tres turnos de trabajo de este viernes, indicaron a Europa Press en fuentes de la empresa. La de hoy ha sido la primera de las cuatro jornadas de huelga convocada por el sindicato tras","twitter:image":"https:\/\/eldigitaldeasturias.com\/magazine365\/wp-content\/uploads\/2016\/06\/fotonoticia_20160610180253_800.jpg"},"aioseo_meta_data":{"post_id":"78804","title":null,"description":null,"keywords":null,"keyphrases":null,"primary_term":null,"canonical_url":null,"og_title":null,"og_description":null,"og_object_type":"default","og_image_type":"default","og_image_url":null,"og_image_width":null,"og_image_height":null,"og_image_custom_url":null,"og_image_custom_fields":null,"og_video":null,"og_custom_url":null,"og_article_section":null,"og_article_tags":null,"twitter_use_og":false,"twitter_card":"default","twitter_image_type":"default","twitter_image_url":null,"twitter_image_custom_url":null,"twitter_image_custom_fields":null,"twitter_title":null,"twitter_description":null,"schema":{"blockGraphs":[],"customGraphs":[],"default":{"data":{"Article":[],"Course":[],"Dataset":[],"FAQPage":[],"Movie":[],"Person":[],"Product":[],"ProductReview":[],"Car":[],"Recipe":[],"Service":[],"SoftwareApplication":[],"WebPage":[]},"graphName":"","isEnabled":true},"graphs":[]},"schema_type":null,"schema_type_options":null,"pillar_content":false,"robots_default":true,"robots_noindex":false,"robots_noarchive":false,"robots_nosnippet":false,"robots_nofollow":false,"robots_noimageindex":false,"robots_noodp":false,"robots_notranslate":false,"robots_max_snippet":null,"robots_max_videopreview":null,"robots_max_imagepreview":"large","priority":null,"frequency":null,"location":null,"local_seo":null,"seo_analyzer_scan_date":"2025-09-27 17:41:09","breadcrumb_settings":null,"limit_modified_date":false,"open_ai":null,"ai":null,"created":"2021-03-08 17:56:39","updated":"2025-09-27 17:41:09"},"aioseo_breadcrumb":"<div class=\"aioseo-breadcrumbs\"><span class=\"aioseo-breadcrumb\">\n\t<a href=\"https:\/\/eldigitaldeasturias.com\/magazine365\" title=\"Home\">Home<\/a>\n<\/span><span class=\"aioseo-breadcrumb-separator\">\u2013<\/span><span class=\"aioseo-breadcrumb\">\n\t<a href=\"https:\/\/eldigitaldeasturias.com\/magazine365\/category\/noticias-actualidad\/\" title=\"Noticias y Actualidad\">Noticias y Actualidad<\/a>\n<\/span><span class=\"aioseo-breadcrumb-separator\">\u2013<\/span><span class=\"aioseo-breadcrumb\">\n\t<a href=\"https:\/\/eldigitaldeasturias.com\/magazine365\/segun-renfe-la-huelga-de-maquinistas-alcanza-un-seguimiento-del-95\/\" title=\"Seg\u00fan Renfe la huelga de maquinistas alcanza un seguimiento del 9,5%\">Seg\u00fan Renfe la huelga de maquinistas alcanza un seguimiento del 9,5%<\/a>\n<\/span><\/div>","aioseo_breadcrumb_json":[{"label":"Home","link":"https:\/\/eldigitaldeasturias.com\/magazine365"},{"label":"Noticias y Actualidad","link":"https:\/\/eldigitaldeasturias.com\/magazine365\/category\/noticias-actualidad\/"},{"label":"Seg\u00fan Renfe la huelga de maquinistas alcanza un seguimiento del 9,5%","link":"https:\/\/eldigitaldeasturias.com\/magazine365\/segun-renfe-la-huelga-de-maquinistas-alcanza-un-seguimiento-del-95\/"}],"_links":{"self":[{"href":"https:\/\/eldigitaldeasturias.com\/magazine365\/wp-json\/wp\/v2\/posts\/78804","targetHints":{"allow":["GET"]}}],"collection":[{"href":"https:\/\/eldigitaldeasturias.com\/magazine365\/wp-json\/wp\/v2\/posts"}],"about":[{"href":"https:\/\/eldigitaldeasturias.com\/magazine365\/wp-json\/wp\/v2\/types\/post"}],"author":[{"embeddable":true,"href":"https:\/\/eldigitaldeasturias.com\/magazine365\/wp-json\/wp\/v2\/users\/1"}],"replies":[{"embeddable":true,"href":"https:\/\/eldigitaldeasturias.com\/magazine365\/wp-json\/wp\/v2\/comments?post=78804"}],"version-history":[{"count":0,"href":"https:\/\/eldigitaldeasturias.com\/magazine365\/wp-json\/wp\/v2\/posts\/78804\/revisions"}],"wp:featuredmedia":[{"embeddable":true,"href":"https:\/\/eldigitaldeasturias.com\/magazine365\/wp-json\/wp\/v2\/media\/78805"}],"wp:attachment":[{"href":"https:\/\/eldigitaldeasturias.com\/magazine365\/wp-json\/wp\/v2\/media?parent=78804"}],"wp:term":[{"taxonomy":"category","embeddable":true,"href":"https:\/\/eldigitaldeasturias.com\/magazine365\/wp-json\/wp\/v2\/categories?post=78804"},{"taxonomy":"post_tag","embeddable":true,"href":"https:\/\/eldigitaldeasturias.com\/magazine365\/wp-json\/wp\/v2\/tags?post=78804"}],"curies":[{"name":"wp","href":"https:\/\/api.w.org\/{rel}","templated":true}]}}