{"id":78802,"date":"2016-06-10T19:28:19","date_gmt":"2016-06-10T17:28:19","guid":{"rendered":"http:\/\/eldigitaldeasturias.com\/magazine365\/?p=78802"},"modified":"2016-06-10T19:28:19","modified_gmt":"2016-06-10T17:28:19","slug":"bruselas-publica-directrices-para-clarificar-los-derechos-de-los-pasajeros-aereos","status":"publish","type":"post","link":"https:\/\/eldigitaldeasturias.com\/magazine365\/bruselas-publica-directrices-para-clarificar-los-derechos-de-los-pasajeros-aereos\/","title":{"rendered":"Bruselas publica directrices para clarificar los derechos de los pasajeros a\u00e9reos"},"content":{"rendered":"<p><img fetchpriority=\"high\" decoding=\"async\" class=\"alignleft size-medium wp-image-77926\" src=\"https:\/\/eldigitaldeasturias.com\/magazine365\/wp-content\/uploads\/2016\/06\/m365-360x198.jpg\" alt=\"m365\" width=\"360\" height=\"198\" srcset=\"https:\/\/eldigitaldeasturias.com\/magazine365\/wp-content\/uploads\/2016\/06\/m365-360x198.jpg 360w, https:\/\/eldigitaldeasturias.com\/magazine365\/wp-content\/uploads\/2016\/06\/m365-650x357.jpg 650w, https:\/\/eldigitaldeasturias.com\/magazine365\/wp-content\/uploads\/2016\/06\/m365-150x82.jpg 150w, https:\/\/eldigitaldeasturias.com\/magazine365\/wp-content\/uploads\/2016\/06\/m365-450x247.jpg 450w, https:\/\/eldigitaldeasturias.com\/magazine365\/wp-content\/uploads\/2016\/06\/m365.jpg 655w\" sizes=\"(max-width: 360px) 100vw, 360px\" \/>La Comisi\u00f3n Europea ha publicado este viernes nuevas directrices para clarificar el alcance de la normativa europea sobre los derechos de los pasajeros a\u00e9reos antes del periodo de vacaciones estivales, por ejemplo el derecho a una compensaci\u00f3n en caso de retraso o cancelaci\u00f3n del vuelo o denegaci\u00f3n del embarque.<\/p>\n<p>\u00abTodos los ciudadanos de la UE que viajan en avi\u00f3n deben recibir el nivel de protecci\u00f3n al que tienen derecho\u00bb, ha justificado la comisaria de Transporte, Violeta Bulc, que ha confiado en que las nuevas directrices \u00abaportar\u00e1n m\u00e1s claridad y certidumbre legal para garantizar que las normas se aplican de forma correcta\u00bb tras las sentencias del Tribunal de Justicia de la Uni\u00f3n Europea que han afectado al contenido y alcance de la normativa, que entr\u00f3 en vigor en 2005.<\/p>\n<p>La legislaci\u00f3n europea sobre los derechos de pasajeros a\u00e9reos es de las m\u00e1s avanzadas a nivel mundial y prev\u00e9 un elevado nivel de protecci\u00f3n en el caso de \u00abcircunstancias imprevisibles\u00bb para los que viajan en avi\u00f3n hacia y desde un pa\u00eds de la UE.<\/p>\n<p>Las directrices publicadas este viernes clarifican el alcance del derecho a la compensaci\u00f3n en caso de un retraso de tres horas respecto al horario de la llegada prevista de un vuelo o el derecho a recibir una compensaci\u00f3n por perder una conexi\u00f3n por el retraso del vuelo sobre la hora prevista.<\/p>\n<p>As\u00ed, aclaran que en caso de retraso en la salida del vuelo los pasajeros tendr\u00e1n derecho a cuidados, al reembolso y al vuelo de regreso y en el caso de un retraso largo del vuelo de llegada de al menos tres horas, el pasajero tendr\u00e1 el mismo derecho a recibir una compensaci\u00f3n que en el caso de la cancelaci\u00f3n de un vuelo.<\/p>\n<p>Cuando el retraso de llegada es inferior a las cuatro horas para trayectos de m\u00e1s de 3.500 kil\u00f3metros desde un aeropuerto ubicado fuera de la UE, la compensaci\u00f3n podr\u00e1 reducirse a la mitad y se elevar\u00eda a los 300 euros.<\/p>\n<p>Las directrices tambi\u00e9n precisan que en el caso de que un vuelo sea desviado y el pasajero aterrice en un aeropuerto que no se corresponde con el indicado como destino final seg\u00fan el plan de viaje original, ello se considerar\u00e1 como una cancelaci\u00f3n, a menos que el pasajero reciba otra propuesta para redirigirle al aeropuerto inicialmente previsto u otro de su elecci\u00f3n \u00aben condiciones de transporte comparables\u00bb lo antes posible, en cuyo caso se considerar\u00e1 como un retraso.<\/p>\n<h2 class=\"ladillo\">CANCELACIONES POR CIRCUNSTANCIAS EXTRAORDINARIAS<\/h2>\n<p>En caso de cancelaci\u00f3n, el pasajero tendr\u00e1 derecho al reembolso del billete o que el reprogramen el vuelo o al vuelo de retorno, a cuidados y una compensaci\u00f3n, que deber\u00e1 pagarse por su parte si el pasajero no ha sido informado de la cancelaci\u00f3n con un tiempo suficiente de antemano. La compensaci\u00f3n no deber\u00e1 pagarse sin embargo si la aerol\u00ednea puede probar que la cancelaci\u00f3n se ha debido a circunstancias extraordinarias inevitables.<\/p>\n<p>En el caso de denegaci\u00f3n de embarque, el texto precisa por ejemplo que si ocurre debido al hecho de que la aerol\u00ednea ha cancelado el vuelo o porque redirige al pasajero a trav\u00e9s de otro vuelo, \u00e9ste tendr\u00e1 derecho a \u00abuna compensaci\u00f3n adicional\u00bb por parte de la aerol\u00ednea. Pero no se considerar\u00e1 en cambio una situaci\u00f3n de denegaci\u00f3n de embarque en cambio cuando no se autoriza a un pasajero a coger el vuelo de regreso si \u00abno se present\u00f3\u00bb en el vuelo de ida y no utiliz\u00f3 este billete pese a tener la reserva.<\/p>\n<p>Asimismo, las directrices precisan que \u00abcircunstancias extraordinarias\u00bb como defectos t\u00e9cnicos ligados al funcionamiento indebido \u00abprematuro\u00bb de componentes del avi\u00f3n o por la colisi\u00f3n de un avi\u00f3n no exime a la aerol\u00ednea del pago de una compensaci\u00f3n en caso de retraso o cancelaci\u00f3n del vuelo.<\/p>\n<p>El documento tambi\u00e9n aclara el derecho a asistencia de los pasajeros en el caso de acontecimientos excepcionales como la nube de cenizas por la erupci\u00f3n de un volc\u00e1n island\u00e9s en 2010 que provoc\u00f3 la cancelaci\u00f3n de cientos de vuelos.<\/p>\n<p>Las directrices se aplicar\u00e1n hasta la adopci\u00f3n o entrada en vigor de las nuevas normas de derechos de pasajeros a\u00e9reos propuesta por el Ejecutivo comunitario en 2013, que est\u00e1n siendo negociadas en la actualidad por los Veintiocho y la Euroc\u00e1mara.<\/p>\n","protected":false},"excerpt":{"rendered":"<p>La Comisi\u00f3n Europea ha publicado este viernes nuevas directrices para clarificar el alcance de la normativa europea sobre los derechos de los pasajeros a\u00e9reos antes del periodo de vacaciones estivales, por ejemplo el derecho a una compensaci\u00f3n en caso de retraso o cancelaci\u00f3n del vuelo o denegaci\u00f3n del embarque. \u00abTodos los ciudadanos de la UE<\/p>\n","protected":false},"author":1,"featured_media":77926,"comment_status":"open","ping_status":"closed","sticky":false,"template":"","format":"standard","meta":{"footnotes":""},"categories":[224],"tags":[],"class_list":{"0":"post-78802","1":"post","2":"type-post","3":"status-publish","4":"format-standard","5":"has-post-thumbnail","7":"category-noticias-actualidad"},"aioseo_notices":[],"aioseo_head":"\n\t\t<!-- All in One SEO Pro 4.9.6.1 - aioseo.com -->\n\t<meta name=\"description\" content=\"La Comisi\u00f3n Europea ha publicado este viernes nuevas directrices para clarificar el alcance de la normativa europea sobre los derechos de los pasajeros a\u00e9reos antes del periodo de vacaciones estivales, por ejemplo el derecho a una compensaci\u00f3n en caso de retraso o cancelaci\u00f3n del vuelo o denegaci\u00f3n del embarque. &quot;Todos los ciudadanos de la UE\" \/>\n\t<meta name=\"robots\" content=\"max-image-preview:large\" \/>\n\t<meta name=\"author\" content=\"admin\"\/>\n\t<meta name=\"google-site-verification\" content=\"UA-38556648-1\" \/>\n\t<meta name=\"keywords\" content=\"noticias y actualidad\" \/>\n\t<link rel=\"canonical\" href=\"https:\/\/eldigitaldeasturias.com\/magazine365\/bruselas-publica-directrices-para-clarificar-los-derechos-de-los-pasajeros-aereos\/\" \/>\n\t<meta name=\"generator\" content=\"All in One SEO Pro (AIOSEO) 4.9.6.1\" \/>\n\t\t<meta property=\"og:locale\" content=\"es_ES\" \/>\n\t\t<meta property=\"og:site_name\" content=\"El Digital de Asturias \u2013 Revista de ocio, turismo y estilo de vida\" \/>\n\t\t<meta property=\"og:type\" content=\"article\" \/>\n\t\t<meta property=\"og:title\" content=\"Bruselas publica directrices para clarificar los derechos de los pasajeros a\u00e9reos | El Digital de Asturias\" \/>\n\t\t<meta property=\"og:description\" content=\"La Comisi\u00f3n Europea ha publicado este viernes nuevas directrices para clarificar el alcance de la normativa europea sobre los derechos de los pasajeros a\u00e9reos antes del periodo de vacaciones estivales, por ejemplo el derecho a una compensaci\u00f3n en caso de retraso o cancelaci\u00f3n del vuelo o denegaci\u00f3n del embarque. &quot;Todos los ciudadanos de la UE\" \/>\n\t\t<meta property=\"og:url\" content=\"https:\/\/eldigitaldeasturias.com\/magazine365\/bruselas-publica-directrices-para-clarificar-los-derechos-de-los-pasajeros-aereos\/\" \/>\n\t\t<meta property=\"og:image\" content=\"https:\/\/eldigitaldeasturias.com\/magazine365\/wp-content\/uploads\/2016\/06\/m365.jpg\" \/>\n\t\t<meta property=\"og:image:secure_url\" content=\"https:\/\/eldigitaldeasturias.com\/magazine365\/wp-content\/uploads\/2016\/06\/m365.jpg\" \/>\n\t\t<meta property=\"og:image:width\" content=\"655\" \/>\n\t\t<meta property=\"og:image:height\" content=\"360\" \/>\n\t\t<meta property=\"article:published_time\" content=\"2016-06-10T17:28:19+00:00\" \/>\n\t\t<meta property=\"article:modified_time\" content=\"2016-06-10T17:28:19+00:00\" \/>\n\t\t<meta name=\"twitter:card\" content=\"summary_large_image\" \/>\n\t\t<meta name=\"twitter:title\" content=\"Bruselas publica directrices para clarificar los derechos de los pasajeros a\u00e9reos | El Digital de Asturias\" \/>\n\t\t<meta name=\"twitter:description\" content=\"La Comisi\u00f3n Europea ha publicado este viernes nuevas directrices para clarificar el alcance de la normativa europea sobre los derechos de los pasajeros a\u00e9reos antes del periodo de vacaciones estivales, por ejemplo el derecho a una compensaci\u00f3n en caso de retraso o cancelaci\u00f3n del vuelo o denegaci\u00f3n del embarque. &quot;Todos los ciudadanos de la UE\" \/>\n\t\t<meta name=\"twitter:image\" content=\"https:\/\/eldigitaldeasturias.com\/magazine365\/wp-content\/uploads\/2016\/06\/m365.jpg\" \/>\n\t\t<script type=\"application\/ld+json\" class=\"aioseo-schema\">\n\t\t\t{\"@context\":\"https:\\\/\\\/schema.org\",\"@graph\":[{\"@type\":\"Article\",\"@id\":\"https:\\\/\\\/eldigitaldeasturias.com\\\/magazine365\\\/bruselas-publica-directrices-para-clarificar-los-derechos-de-los-pasajeros-aereos\\\/#article\",\"name\":\"Bruselas publica directrices para clarificar los derechos de los pasajeros a\\u00e9reos | El Digital de Asturias\",\"headline\":\"Bruselas publica directrices para clarificar los derechos de los pasajeros a\\u00e9reos\",\"author\":{\"@id\":\"https:\\\/\\\/eldigitaldeasturias.com\\\/magazine365\\\/author\\\/admin\\\/#author\"},\"publisher\":{\"@id\":\"https:\\\/\\\/eldigitaldeasturias.com\\\/magazine365\\\/#organization\"},\"image\":{\"@type\":\"ImageObject\",\"url\":\"https:\\\/\\\/eldigitaldeasturias.com\\\/magazine365\\\/wp-content\\\/uploads\\\/2016\\\/06\\\/m365.jpg\",\"width\":655,\"height\":360},\"datePublished\":\"2016-06-10T19:28:19+02:00\",\"dateModified\":\"2016-06-10T19:28:19+02:00\",\"inLanguage\":\"es-ES\",\"mainEntityOfPage\":{\"@id\":\"https:\\\/\\\/eldigitaldeasturias.com\\\/magazine365\\\/bruselas-publica-directrices-para-clarificar-los-derechos-de-los-pasajeros-aereos\\\/#webpage\"},\"isPartOf\":{\"@id\":\"https:\\\/\\\/eldigitaldeasturias.com\\\/magazine365\\\/bruselas-publica-directrices-para-clarificar-los-derechos-de-los-pasajeros-aereos\\\/#webpage\"},\"articleSection\":\"Noticias y Actualidad\"},{\"@type\":\"BreadcrumbList\",\"@id\":\"https:\\\/\\\/eldigitaldeasturias.com\\\/magazine365\\\/bruselas-publica-directrices-para-clarificar-los-derechos-de-los-pasajeros-aereos\\\/#breadcrumblist\",\"itemListElement\":[{\"@type\":\"ListItem\",\"@id\":\"https:\\\/\\\/eldigitaldeasturias.com\\\/magazine365#listItem\",\"position\":1,\"name\":\"Home\",\"item\":\"https:\\\/\\\/eldigitaldeasturias.com\\\/magazine365\",\"nextItem\":{\"@type\":\"ListItem\",\"@id\":\"https:\\\/\\\/eldigitaldeasturias.com\\\/magazine365\\\/category\\\/noticias-actualidad\\\/#listItem\",\"name\":\"Noticias y Actualidad\"}},{\"@type\":\"ListItem\",\"@id\":\"https:\\\/\\\/eldigitaldeasturias.com\\\/magazine365\\\/category\\\/noticias-actualidad\\\/#listItem\",\"position\":2,\"name\":\"Noticias y Actualidad\",\"item\":\"https:\\\/\\\/eldigitaldeasturias.com\\\/magazine365\\\/category\\\/noticias-actualidad\\\/\",\"nextItem\":{\"@type\":\"ListItem\",\"@id\":\"https:\\\/\\\/eldigitaldeasturias.com\\\/magazine365\\\/bruselas-publica-directrices-para-clarificar-los-derechos-de-los-pasajeros-aereos\\\/#listItem\",\"name\":\"Bruselas publica directrices para clarificar los derechos de los pasajeros a\\u00e9reos\"},\"previousItem\":{\"@type\":\"ListItem\",\"@id\":\"https:\\\/\\\/eldigitaldeasturias.com\\\/magazine365#listItem\",\"name\":\"Home\"}},{\"@type\":\"ListItem\",\"@id\":\"https:\\\/\\\/eldigitaldeasturias.com\\\/magazine365\\\/bruselas-publica-directrices-para-clarificar-los-derechos-de-los-pasajeros-aereos\\\/#listItem\",\"position\":3,\"name\":\"Bruselas publica directrices para clarificar los derechos de los pasajeros a\\u00e9reos\",\"previousItem\":{\"@type\":\"ListItem\",\"@id\":\"https:\\\/\\\/eldigitaldeasturias.com\\\/magazine365\\\/category\\\/noticias-actualidad\\\/#listItem\",\"name\":\"Noticias y Actualidad\"}}]},{\"@type\":\"Organization\",\"@id\":\"https:\\\/\\\/eldigitaldeasturias.com\\\/magazine365\\\/#organization\",\"name\":\"El digital de Asturias\",\"description\":\"Revista de ocio, turismo y estilo de vida\",\"url\":\"https:\\\/\\\/eldigitaldeasturias.com\\\/magazine365\\\/\",\"logo\":{\"@type\":\"ImageObject\",\"url\":\"https:\\\/\\\/www.eldigitaldeasturias.com\\\/noticias\\\/wp-content\\\/uploads\\\/2020\\\/12\\\/EDA.jpg\",\"@id\":\"https:\\\/\\\/eldigitaldeasturias.com\\\/magazine365\\\/bruselas-publica-directrices-para-clarificar-los-derechos-de-los-pasajeros-aereos\\\/#organizationLogo\"},\"image\":{\"@id\":\"https:\\\/\\\/eldigitaldeasturias.com\\\/magazine365\\\/bruselas-publica-directrices-para-clarificar-los-derechos-de-los-pasajeros-aereos\\\/#organizationLogo\"}},{\"@type\":\"Person\",\"@id\":\"https:\\\/\\\/eldigitaldeasturias.com\\\/magazine365\\\/author\\\/admin\\\/#author\",\"url\":\"https:\\\/\\\/eldigitaldeasturias.com\\\/magazine365\\\/author\\\/admin\\\/\",\"name\":\"admin\",\"image\":{\"@type\":\"ImageObject\",\"@id\":\"https:\\\/\\\/eldigitaldeasturias.com\\\/magazine365\\\/bruselas-publica-directrices-para-clarificar-los-derechos-de-los-pasajeros-aereos\\\/#authorImage\",\"url\":\"https:\\\/\\\/eldigitaldeasturias.com\\\/magazine365\\\/wp-content\\\/litespeed\\\/avatar\\\/e571bcf59a0edd6fa6838245a470f2fe.jpg?ver=1776969259\",\"width\":96,\"height\":96,\"caption\":\"admin\"}},{\"@type\":\"WebPage\",\"@id\":\"https:\\\/\\\/eldigitaldeasturias.com\\\/magazine365\\\/bruselas-publica-directrices-para-clarificar-los-derechos-de-los-pasajeros-aereos\\\/#webpage\",\"url\":\"https:\\\/\\\/eldigitaldeasturias.com\\\/magazine365\\\/bruselas-publica-directrices-para-clarificar-los-derechos-de-los-pasajeros-aereos\\\/\",\"name\":\"Bruselas publica directrices para clarificar los derechos de los pasajeros a\\u00e9reos | El Digital de Asturias\",\"description\":\"La Comisi\\u00f3n Europea ha publicado este viernes nuevas directrices para clarificar el alcance de la normativa europea sobre los derechos de los pasajeros a\\u00e9reos antes del periodo de vacaciones estivales, por ejemplo el derecho a una compensaci\\u00f3n en caso de retraso o cancelaci\\u00f3n del vuelo o denegaci\\u00f3n del embarque. \\\"Todos los ciudadanos de la UE\",\"inLanguage\":\"es-ES\",\"isPartOf\":{\"@id\":\"https:\\\/\\\/eldigitaldeasturias.com\\\/magazine365\\\/#website\"},\"breadcrumb\":{\"@id\":\"https:\\\/\\\/eldigitaldeasturias.com\\\/magazine365\\\/bruselas-publica-directrices-para-clarificar-los-derechos-de-los-pasajeros-aereos\\\/#breadcrumblist\"},\"author\":{\"@id\":\"https:\\\/\\\/eldigitaldeasturias.com\\\/magazine365\\\/author\\\/admin\\\/#author\"},\"creator\":{\"@id\":\"https:\\\/\\\/eldigitaldeasturias.com\\\/magazine365\\\/author\\\/admin\\\/#author\"},\"image\":{\"@type\":\"ImageObject\",\"url\":\"https:\\\/\\\/eldigitaldeasturias.com\\\/magazine365\\\/wp-content\\\/uploads\\\/2016\\\/06\\\/m365.jpg\",\"@id\":\"https:\\\/\\\/eldigitaldeasturias.com\\\/magazine365\\\/bruselas-publica-directrices-para-clarificar-los-derechos-de-los-pasajeros-aereos\\\/#mainImage\",\"width\":655,\"height\":360},\"primaryImageOfPage\":{\"@id\":\"https:\\\/\\\/eldigitaldeasturias.com\\\/magazine365\\\/bruselas-publica-directrices-para-clarificar-los-derechos-de-los-pasajeros-aereos\\\/#mainImage\"},\"datePublished\":\"2016-06-10T19:28:19+02:00\",\"dateModified\":\"2016-06-10T19:28:19+02:00\"},{\"@type\":\"WebSite\",\"@id\":\"https:\\\/\\\/eldigitaldeasturias.com\\\/magazine365\\\/#website\",\"url\":\"https:\\\/\\\/eldigitaldeasturias.com\\\/magazine365\\\/\",\"name\":\"El Digital de Asturias\",\"description\":\"Revista de ocio, turismo y estilo de vida\",\"inLanguage\":\"es-ES\",\"publisher\":{\"@id\":\"https:\\\/\\\/eldigitaldeasturias.com\\\/magazine365\\\/#organization\"}}]}\n\t\t<\/script>\n\t\t<!-- All in One SEO Pro -->\r\n\t\t<title>Bruselas publica directrices para clarificar los derechos de los pasajeros a\u00e9reos | El Digital de Asturias<\/title>\n\n","aioseo_head_json":{"title":"Bruselas publica directrices para clarificar los derechos de los pasajeros a\u00e9reos | El Digital de Asturias","description":"La Comisi\u00f3n Europea ha publicado este viernes nuevas directrices para clarificar el alcance de la normativa europea sobre los derechos de los pasajeros a\u00e9reos antes del periodo de vacaciones estivales, por ejemplo el derecho a una compensaci\u00f3n en caso de retraso o cancelaci\u00f3n del vuelo o denegaci\u00f3n del embarque. \"Todos los ciudadanos de la UE","canonical_url":"https:\/\/eldigitaldeasturias.com\/magazine365\/bruselas-publica-directrices-para-clarificar-los-derechos-de-los-pasajeros-aereos\/","robots":"max-image-preview:large","keywords":"noticias y actualidad","webmasterTools":{"google-site-verification":"UA-38556648-1","miscellaneous":""},"schema":{"@context":"https:\/\/schema.org","@graph":[{"@type":"Article","@id":"https:\/\/eldigitaldeasturias.com\/magazine365\/bruselas-publica-directrices-para-clarificar-los-derechos-de-los-pasajeros-aereos\/#article","name":"Bruselas publica directrices para clarificar los derechos de los pasajeros a\u00e9reos | El Digital de Asturias","headline":"Bruselas publica directrices para clarificar los derechos de los pasajeros a\u00e9reos","author":{"@id":"https:\/\/eldigitaldeasturias.com\/magazine365\/author\/admin\/#author"},"publisher":{"@id":"https:\/\/eldigitaldeasturias.com\/magazine365\/#organization"},"image":{"@type":"ImageObject","url":"https:\/\/eldigitaldeasturias.com\/magazine365\/wp-content\/uploads\/2016\/06\/m365.jpg","width":655,"height":360},"datePublished":"2016-06-10T19:28:19+02:00","dateModified":"2016-06-10T19:28:19+02:00","inLanguage":"es-ES","mainEntityOfPage":{"@id":"https:\/\/eldigitaldeasturias.com\/magazine365\/bruselas-publica-directrices-para-clarificar-los-derechos-de-los-pasajeros-aereos\/#webpage"},"isPartOf":{"@id":"https:\/\/eldigitaldeasturias.com\/magazine365\/bruselas-publica-directrices-para-clarificar-los-derechos-de-los-pasajeros-aereos\/#webpage"},"articleSection":"Noticias y Actualidad"},{"@type":"BreadcrumbList","@id":"https:\/\/eldigitaldeasturias.com\/magazine365\/bruselas-publica-directrices-para-clarificar-los-derechos-de-los-pasajeros-aereos\/#breadcrumblist","itemListElement":[{"@type":"ListItem","@id":"https:\/\/eldigitaldeasturias.com\/magazine365#listItem","position":1,"name":"Home","item":"https:\/\/eldigitaldeasturias.com\/magazine365","nextItem":{"@type":"ListItem","@id":"https:\/\/eldigitaldeasturias.com\/magazine365\/category\/noticias-actualidad\/#listItem","name":"Noticias y Actualidad"}},{"@type":"ListItem","@id":"https:\/\/eldigitaldeasturias.com\/magazine365\/category\/noticias-actualidad\/#listItem","position":2,"name":"Noticias y Actualidad","item":"https:\/\/eldigitaldeasturias.com\/magazine365\/category\/noticias-actualidad\/","nextItem":{"@type":"ListItem","@id":"https:\/\/eldigitaldeasturias.com\/magazine365\/bruselas-publica-directrices-para-clarificar-los-derechos-de-los-pasajeros-aereos\/#listItem","name":"Bruselas publica directrices para clarificar los derechos de los pasajeros a\u00e9reos"},"previousItem":{"@type":"ListItem","@id":"https:\/\/eldigitaldeasturias.com\/magazine365#listItem","name":"Home"}},{"@type":"ListItem","@id":"https:\/\/eldigitaldeasturias.com\/magazine365\/bruselas-publica-directrices-para-clarificar-los-derechos-de-los-pasajeros-aereos\/#listItem","position":3,"name":"Bruselas publica directrices para clarificar los derechos de los pasajeros a\u00e9reos","previousItem":{"@type":"ListItem","@id":"https:\/\/eldigitaldeasturias.com\/magazine365\/category\/noticias-actualidad\/#listItem","name":"Noticias y Actualidad"}}]},{"@type":"Organization","@id":"https:\/\/eldigitaldeasturias.com\/magazine365\/#organization","name":"El digital de Asturias","description":"Revista de ocio, turismo y estilo de vida","url":"https:\/\/eldigitaldeasturias.com\/magazine365\/","logo":{"@type":"ImageObject","url":"https:\/\/www.eldigitaldeasturias.com\/noticias\/wp-content\/uploads\/2020\/12\/EDA.jpg","@id":"https:\/\/eldigitaldeasturias.com\/magazine365\/bruselas-publica-directrices-para-clarificar-los-derechos-de-los-pasajeros-aereos\/#organizationLogo"},"image":{"@id":"https:\/\/eldigitaldeasturias.com\/magazine365\/bruselas-publica-directrices-para-clarificar-los-derechos-de-los-pasajeros-aereos\/#organizationLogo"}},{"@type":"Person","@id":"https:\/\/eldigitaldeasturias.com\/magazine365\/author\/admin\/#author","url":"https:\/\/eldigitaldeasturias.com\/magazine365\/author\/admin\/","name":"admin","image":{"@type":"ImageObject","@id":"https:\/\/eldigitaldeasturias.com\/magazine365\/bruselas-publica-directrices-para-clarificar-los-derechos-de-los-pasajeros-aereos\/#authorImage","url":"https:\/\/eldigitaldeasturias.com\/magazine365\/wp-content\/litespeed\/avatar\/e571bcf59a0edd6fa6838245a470f2fe.jpg?ver=1776969259","width":96,"height":96,"caption":"admin"}},{"@type":"WebPage","@id":"https:\/\/eldigitaldeasturias.com\/magazine365\/bruselas-publica-directrices-para-clarificar-los-derechos-de-los-pasajeros-aereos\/#webpage","url":"https:\/\/eldigitaldeasturias.com\/magazine365\/bruselas-publica-directrices-para-clarificar-los-derechos-de-los-pasajeros-aereos\/","name":"Bruselas publica directrices para clarificar los derechos de los pasajeros a\u00e9reos | El Digital de Asturias","description":"La Comisi\u00f3n Europea ha publicado este viernes nuevas directrices para clarificar el alcance de la normativa europea sobre los derechos de los pasajeros a\u00e9reos antes del periodo de vacaciones estivales, por ejemplo el derecho a una compensaci\u00f3n en caso de retraso o cancelaci\u00f3n del vuelo o denegaci\u00f3n del embarque. \"Todos los ciudadanos de la UE","inLanguage":"es-ES","isPartOf":{"@id":"https:\/\/eldigitaldeasturias.com\/magazine365\/#website"},"breadcrumb":{"@id":"https:\/\/eldigitaldeasturias.com\/magazine365\/bruselas-publica-directrices-para-clarificar-los-derechos-de-los-pasajeros-aereos\/#breadcrumblist"},"author":{"@id":"https:\/\/eldigitaldeasturias.com\/magazine365\/author\/admin\/#author"},"creator":{"@id":"https:\/\/eldigitaldeasturias.com\/magazine365\/author\/admin\/#author"},"image":{"@type":"ImageObject","url":"https:\/\/eldigitaldeasturias.com\/magazine365\/wp-content\/uploads\/2016\/06\/m365.jpg","@id":"https:\/\/eldigitaldeasturias.com\/magazine365\/bruselas-publica-directrices-para-clarificar-los-derechos-de-los-pasajeros-aereos\/#mainImage","width":655,"height":360},"primaryImageOfPage":{"@id":"https:\/\/eldigitaldeasturias.com\/magazine365\/bruselas-publica-directrices-para-clarificar-los-derechos-de-los-pasajeros-aereos\/#mainImage"},"datePublished":"2016-06-10T19:28:19+02:00","dateModified":"2016-06-10T19:28:19+02:00"},{"@type":"WebSite","@id":"https:\/\/eldigitaldeasturias.com\/magazine365\/#website","url":"https:\/\/eldigitaldeasturias.com\/magazine365\/","name":"El Digital de Asturias","description":"Revista de ocio, turismo y estilo de vida","inLanguage":"es-ES","publisher":{"@id":"https:\/\/eldigitaldeasturias.com\/magazine365\/#organization"}}]},"og:locale":"es_ES","og:site_name":"El Digital de Asturias \u2013 Revista de ocio, turismo y estilo de vida","og:type":"article","og:title":"Bruselas publica directrices para clarificar los derechos de los pasajeros a\u00e9reos | El Digital de Asturias","og:description":"La Comisi\u00f3n Europea ha publicado este viernes nuevas directrices para clarificar el alcance de la normativa europea sobre los derechos de los pasajeros a\u00e9reos antes del periodo de vacaciones estivales, por ejemplo el derecho a una compensaci\u00f3n en caso de retraso o cancelaci\u00f3n del vuelo o denegaci\u00f3n del embarque. &quot;Todos los ciudadanos de la UE","og:url":"https:\/\/eldigitaldeasturias.com\/magazine365\/bruselas-publica-directrices-para-clarificar-los-derechos-de-los-pasajeros-aereos\/","og:image":"https:\/\/eldigitaldeasturias.com\/magazine365\/wp-content\/uploads\/2016\/06\/m365.jpg","og:image:secure_url":"https:\/\/eldigitaldeasturias.com\/magazine365\/wp-content\/uploads\/2016\/06\/m365.jpg","og:image:width":655,"og:image:height":360,"article:published_time":"2016-06-10T17:28:19+00:00","article:modified_time":"2016-06-10T17:28:19+00:00","twitter:card":"summary_large_image","twitter:title":"Bruselas publica directrices para clarificar los derechos de los pasajeros a\u00e9reos | El Digital de Asturias","twitter:description":"La Comisi\u00f3n Europea ha publicado este viernes nuevas directrices para clarificar el alcance de la normativa europea sobre los derechos de los pasajeros a\u00e9reos antes del periodo de vacaciones estivales, por ejemplo el derecho a una compensaci\u00f3n en caso de retraso o cancelaci\u00f3n del vuelo o denegaci\u00f3n del embarque. &quot;Todos los ciudadanos de la UE","twitter:image":"https:\/\/eldigitaldeasturias.com\/magazine365\/wp-content\/uploads\/2016\/06\/m365.jpg"},"aioseo_meta_data":{"post_id":"78802","title":null,"description":null,"keywords":null,"keyphrases":null,"primary_term":null,"canonical_url":null,"og_title":null,"og_description":null,"og_object_type":"default","og_image_type":"default","og_image_url":null,"og_image_width":null,"og_image_height":null,"og_image_custom_url":null,"og_image_custom_fields":null,"og_video":null,"og_custom_url":null,"og_article_section":null,"og_article_tags":null,"twitter_use_og":false,"twitter_card":"default","twitter_image_type":"default","twitter_image_url":null,"twitter_image_custom_url":null,"twitter_image_custom_fields":null,"twitter_title":null,"twitter_description":null,"schema":{"blockGraphs":[],"customGraphs":[],"default":{"data":{"Article":[],"Course":[],"Dataset":[],"FAQPage":[],"Movie":[],"Person":[],"Product":[],"ProductReview":[],"Car":[],"Recipe":[],"Service":[],"SoftwareApplication":[],"WebPage":[]},"graphName":"","isEnabled":true},"graphs":[]},"schema_type":null,"schema_type_options":null,"pillar_content":false,"robots_default":true,"robots_noindex":false,"robots_noarchive":false,"robots_nosnippet":false,"robots_nofollow":false,"robots_noimageindex":false,"robots_noodp":false,"robots_notranslate":false,"robots_max_snippet":null,"robots_max_videopreview":null,"robots_max_imagepreview":"large","priority":null,"frequency":null,"location":null,"local_seo":null,"seo_analyzer_scan_date":"2025-09-27 17:41:06","breadcrumb_settings":null,"limit_modified_date":false,"open_ai":null,"ai":null,"created":"2021-03-08 17:56:39","updated":"2025-09-27 17:41:06"},"aioseo_breadcrumb":"<div class=\"aioseo-breadcrumbs\"><span class=\"aioseo-breadcrumb\">\n\t<a href=\"https:\/\/eldigitaldeasturias.com\/magazine365\" title=\"Home\">Home<\/a>\n<\/span><span class=\"aioseo-breadcrumb-separator\">\u2013<\/span><span class=\"aioseo-breadcrumb\">\n\t<a href=\"https:\/\/eldigitaldeasturias.com\/magazine365\/category\/noticias-actualidad\/\" title=\"Noticias y Actualidad\">Noticias y Actualidad<\/a>\n<\/span><span class=\"aioseo-breadcrumb-separator\">\u2013<\/span><span class=\"aioseo-breadcrumb\">\n\t<a href=\"https:\/\/eldigitaldeasturias.com\/magazine365\/bruselas-publica-directrices-para-clarificar-los-derechos-de-los-pasajeros-aereos\/\" title=\"Bruselas publica directrices para clarificar los derechos de los pasajeros a\u00e9reos\">Bruselas publica directrices para clarificar los derechos de los pasajeros a\u00e9reos<\/a>\n<\/span><\/div>","aioseo_breadcrumb_json":[{"label":"Home","link":"https:\/\/eldigitaldeasturias.com\/magazine365"},{"label":"Noticias y Actualidad","link":"https:\/\/eldigitaldeasturias.com\/magazine365\/category\/noticias-actualidad\/"},{"label":"Bruselas publica directrices para clarificar los derechos de los pasajeros a\u00e9reos","link":"https:\/\/eldigitaldeasturias.com\/magazine365\/bruselas-publica-directrices-para-clarificar-los-derechos-de-los-pasajeros-aereos\/"}],"_links":{"self":[{"href":"https:\/\/eldigitaldeasturias.com\/magazine365\/wp-json\/wp\/v2\/posts\/78802","targetHints":{"allow":["GET"]}}],"collection":[{"href":"https:\/\/eldigitaldeasturias.com\/magazine365\/wp-json\/wp\/v2\/posts"}],"about":[{"href":"https:\/\/eldigitaldeasturias.com\/magazine365\/wp-json\/wp\/v2\/types\/post"}],"author":[{"embeddable":true,"href":"https:\/\/eldigitaldeasturias.com\/magazine365\/wp-json\/wp\/v2\/users\/1"}],"replies":[{"embeddable":true,"href":"https:\/\/eldigitaldeasturias.com\/magazine365\/wp-json\/wp\/v2\/comments?post=78802"}],"version-history":[{"count":0,"href":"https:\/\/eldigitaldeasturias.com\/magazine365\/wp-json\/wp\/v2\/posts\/78802\/revisions"}],"wp:featuredmedia":[{"embeddable":true,"href":"https:\/\/eldigitaldeasturias.com\/magazine365\/wp-json\/wp\/v2\/media\/77926"}],"wp:attachment":[{"href":"https:\/\/eldigitaldeasturias.com\/magazine365\/wp-json\/wp\/v2\/media?parent=78802"}],"wp:term":[{"taxonomy":"category","embeddable":true,"href":"https:\/\/eldigitaldeasturias.com\/magazine365\/wp-json\/wp\/v2\/categories?post=78802"},{"taxonomy":"post_tag","embeddable":true,"href":"https:\/\/eldigitaldeasturias.com\/magazine365\/wp-json\/wp\/v2\/tags?post=78802"}],"curies":[{"name":"wp","href":"https:\/\/api.w.org\/{rel}","templated":true}]}}