{"id":78796,"date":"2016-06-10T18:39:17","date_gmt":"2016-06-10T16:39:17","guid":{"rendered":"http:\/\/eldigitaldeasturias.com\/magazine365\/?p=78796"},"modified":"2016-06-10T18:39:17","modified_gmt":"2016-06-10T16:39:17","slug":"el-paseo-del-prado-acogera-desde-este-viernes-la-feria-de-observacion-de-la-naturaleza-madbirdfair","status":"publish","type":"post","link":"https:\/\/eldigitaldeasturias.com\/magazine365\/el-paseo-del-prado-acogera-desde-este-viernes-la-feria-de-observacion-de-la-naturaleza-madbirdfair\/","title":{"rendered":"El Paseo del Prado acoger\u00e1, desde este viernes, la feria de observaci\u00f3n de la naturaleza MADbirdFair"},"content":{"rendered":"<p><img fetchpriority=\"high\" decoding=\"async\" class=\"alignleft size-medium wp-image-78797\" src=\"https:\/\/eldigitaldeasturias.com\/magazine365\/wp-content\/uploads\/2016\/06\/fotonoticia_20160610171457_800-360x247.jpg\" alt=\"fotonoticia_20160610171457_800\" width=\"360\" height=\"247\" srcset=\"https:\/\/eldigitaldeasturias.com\/magazine365\/wp-content\/uploads\/2016\/06\/fotonoticia_20160610171457_800-360x247.jpg 360w, https:\/\/eldigitaldeasturias.com\/magazine365\/wp-content\/uploads\/2016\/06\/fotonoticia_20160610171457_800-650x446.jpg 650w, https:\/\/eldigitaldeasturias.com\/magazine365\/wp-content\/uploads\/2016\/06\/fotonoticia_20160610171457_800-768x527.jpg 768w, https:\/\/eldigitaldeasturias.com\/magazine365\/wp-content\/uploads\/2016\/06\/fotonoticia_20160610171457_800-150x103.jpg 150w, https:\/\/eldigitaldeasturias.com\/magazine365\/wp-content\/uploads\/2016\/06\/fotonoticia_20160610171457_800-450x309.jpg 450w, https:\/\/eldigitaldeasturias.com\/magazine365\/wp-content\/uploads\/2016\/06\/fotonoticia_20160610171457_800.jpg 800w\" sizes=\"(max-width: 360px) 100vw, 360px\" \/>Cerca de un centenar de expositores participar\u00e1n del 10 al 12 de junio en el Paseo del Prado de Madrid en la feria de observaci\u00f3n de la naturaleza MADbirdFair, dedicada al turismo de observaci\u00f3n de naturaleza, seg\u00fan la Asociaci\u00f3n Internacional de Observaci\u00f3n de la Naturaleza.<\/p>\n<p>Los expositores representan a gobiernos auton\u00f3micos, multinacionales de fotograf\u00eda, tecnolog\u00eda y hosteler\u00eda del sector de la observaci\u00f3n de la flora y fauna aut\u00f3ctonas. En la feria, abierta al p\u00fablico, se celebrar\u00e1n actividades paralelas del mundo del arte, literatura, fotograf\u00eda y cultura en general dirigidas a birdwatchers urbanos, exposiciones, conferencias, talleres, exhibiciones y concursos.<\/p>\n<p>Seg\u00fan ha informado la organizaci\u00f3n, la MADbird pretende acercar la Naturaleza al gran p\u00fablico para dar a conocer la infinidad de experiencias y oportunidades que ofrece y que estos, puedan descubrir nuevas formas de disfrutar de los espacios naturales.<\/p>\n<p>En la feria participar\u00e1n tambi\u00e9n grandes firmas de fotograf\u00eda, \u00f3ptica e inform\u00e1tica, asociaciaciones e instituciones de ornitolog\u00eda, que expondr\u00e1n productos tecnol\u00f3gicos, aplicaciones inform\u00e1ticas, recursos de geolocalizaci\u00f3n, \u00f3ptica y comunicaci\u00f3n entre los aficionados profesionales y curiosos.<\/p>\n<p>La Asociaci\u00f3n Internacional de Observaci\u00f3n de la Naturaleza que organiza la feria revindica el apoyo institucional y pol\u00edtico al turismo de observaci\u00f3n de la naturaleza como un \u00abnegocio emergente con grandes posibilidades de futuro\u00bb.<\/p>\n<p>Por ello, urge a las administraciones m\u00e1s inversi\u00f3n como nueva l\u00ednea de negocio que contribuye a la econom\u00eda sostenible similar de otros pa\u00edses europeos.<\/p>\n","protected":false},"excerpt":{"rendered":"<p>Cerca de un centenar de expositores participar\u00e1n del 10 al 12 de junio en el Paseo del Prado de Madrid en la feria de observaci\u00f3n de la naturaleza MADbirdFair, dedicada al turismo de observaci\u00f3n de naturaleza, seg\u00fan la Asociaci\u00f3n Internacional de Observaci\u00f3n de la Naturaleza. Los expositores representan a gobiernos auton\u00f3micos, multinacionales de fotograf\u00eda, tecnolog\u00eda<\/p>\n","protected":false},"author":1,"featured_media":78797,"comment_status":"open","ping_status":"closed","sticky":false,"template":"","format":"standard","meta":{"footnotes":""},"categories":[224],"tags":[],"class_list":{"0":"post-78796","1":"post","2":"type-post","3":"status-publish","4":"format-standard","5":"has-post-thumbnail","7":"category-noticias-actualidad"},"aioseo_notices":[],"aioseo_head":"\n\t\t<!-- All in One SEO Pro 4.9.6.1 - aioseo.com -->\n\t<meta name=\"description\" content=\"Cerca de un centenar de expositores participar\u00e1n del 10 al 12 de junio en el Paseo del Prado de Madrid en la feria de observaci\u00f3n de la naturaleza MADbirdFair, dedicada al turismo de observaci\u00f3n de naturaleza, seg\u00fan la Asociaci\u00f3n Internacional de Observaci\u00f3n de la Naturaleza. Los expositores representan a gobiernos auton\u00f3micos, multinacionales de fotograf\u00eda, tecnolog\u00eda\" \/>\n\t<meta name=\"robots\" content=\"max-image-preview:large\" \/>\n\t<meta name=\"author\" content=\"admin\"\/>\n\t<meta name=\"google-site-verification\" content=\"UA-38556648-1\" \/>\n\t<meta name=\"keywords\" content=\"noticias y actualidad\" \/>\n\t<link rel=\"canonical\" href=\"https:\/\/eldigitaldeasturias.com\/magazine365\/el-paseo-del-prado-acogera-desde-este-viernes-la-feria-de-observacion-de-la-naturaleza-madbirdfair\/\" \/>\n\t<meta name=\"generator\" content=\"All in One SEO Pro (AIOSEO) 4.9.6.1\" \/>\n\t\t<meta property=\"og:locale\" content=\"es_ES\" \/>\n\t\t<meta property=\"og:site_name\" content=\"El Digital de Asturias \u2013 Revista de ocio, turismo y estilo de vida\" \/>\n\t\t<meta property=\"og:type\" content=\"article\" \/>\n\t\t<meta property=\"og:title\" content=\"El Paseo del Prado acoger\u00e1, desde este viernes, la feria de observaci\u00f3n de la naturaleza MADbirdFair | El Digital de Asturias\" \/>\n\t\t<meta property=\"og:description\" content=\"Cerca de un centenar de expositores participar\u00e1n del 10 al 12 de junio en el Paseo del Prado de Madrid en la feria de observaci\u00f3n de la naturaleza MADbirdFair, dedicada al turismo de observaci\u00f3n de naturaleza, seg\u00fan la Asociaci\u00f3n Internacional de Observaci\u00f3n de la Naturaleza. Los expositores representan a gobiernos auton\u00f3micos, multinacionales de fotograf\u00eda, tecnolog\u00eda\" \/>\n\t\t<meta property=\"og:url\" content=\"https:\/\/eldigitaldeasturias.com\/magazine365\/el-paseo-del-prado-acogera-desde-este-viernes-la-feria-de-observacion-de-la-naturaleza-madbirdfair\/\" \/>\n\t\t<meta property=\"og:image\" content=\"https:\/\/eldigitaldeasturias.com\/magazine365\/wp-content\/uploads\/2016\/06\/fotonoticia_20160610171457_800.jpg\" \/>\n\t\t<meta property=\"og:image:secure_url\" content=\"https:\/\/eldigitaldeasturias.com\/magazine365\/wp-content\/uploads\/2016\/06\/fotonoticia_20160610171457_800.jpg\" \/>\n\t\t<meta property=\"og:image:width\" content=\"800\" \/>\n\t\t<meta property=\"og:image:height\" content=\"549\" \/>\n\t\t<meta property=\"article:published_time\" content=\"2016-06-10T16:39:17+00:00\" \/>\n\t\t<meta property=\"article:modified_time\" content=\"2016-06-10T16:39:17+00:00\" \/>\n\t\t<meta name=\"twitter:card\" content=\"summary_large_image\" \/>\n\t\t<meta name=\"twitter:title\" content=\"El Paseo del Prado acoger\u00e1, desde este viernes, la feria de observaci\u00f3n de la naturaleza MADbirdFair | El Digital de Asturias\" \/>\n\t\t<meta name=\"twitter:description\" content=\"Cerca de un centenar de expositores participar\u00e1n del 10 al 12 de junio en el Paseo del Prado de Madrid en la feria de observaci\u00f3n de la naturaleza MADbirdFair, dedicada al turismo de observaci\u00f3n de naturaleza, seg\u00fan la Asociaci\u00f3n Internacional de Observaci\u00f3n de la Naturaleza. Los expositores representan a gobiernos auton\u00f3micos, multinacionales de fotograf\u00eda, tecnolog\u00eda\" \/>\n\t\t<meta name=\"twitter:image\" content=\"https:\/\/eldigitaldeasturias.com\/magazine365\/wp-content\/uploads\/2016\/06\/fotonoticia_20160610171457_800.jpg\" \/>\n\t\t<script type=\"application\/ld+json\" class=\"aioseo-schema\">\n\t\t\t{\"@context\":\"https:\\\/\\\/schema.org\",\"@graph\":[{\"@type\":\"Article\",\"@id\":\"https:\\\/\\\/eldigitaldeasturias.com\\\/magazine365\\\/el-paseo-del-prado-acogera-desde-este-viernes-la-feria-de-observacion-de-la-naturaleza-madbirdfair\\\/#article\",\"name\":\"El Paseo del Prado acoger\\u00e1, desde este viernes, la feria de observaci\\u00f3n de la naturaleza MADbirdFair | El Digital de Asturias\",\"headline\":\"El Paseo del Prado acoger\\u00e1, desde este viernes, la feria de observaci\\u00f3n de la naturaleza MADbirdFair\",\"author\":{\"@id\":\"https:\\\/\\\/eldigitaldeasturias.com\\\/magazine365\\\/author\\\/admin\\\/#author\"},\"publisher\":{\"@id\":\"https:\\\/\\\/eldigitaldeasturias.com\\\/magazine365\\\/#organization\"},\"image\":{\"@type\":\"ImageObject\",\"url\":\"https:\\\/\\\/eldigitaldeasturias.com\\\/magazine365\\\/wp-content\\\/uploads\\\/2016\\\/06\\\/fotonoticia_20160610171457_800.jpg\",\"width\":800,\"height\":549},\"datePublished\":\"2016-06-10T18:39:17+02:00\",\"dateModified\":\"2016-06-10T18:39:17+02:00\",\"inLanguage\":\"es-ES\",\"mainEntityOfPage\":{\"@id\":\"https:\\\/\\\/eldigitaldeasturias.com\\\/magazine365\\\/el-paseo-del-prado-acogera-desde-este-viernes-la-feria-de-observacion-de-la-naturaleza-madbirdfair\\\/#webpage\"},\"isPartOf\":{\"@id\":\"https:\\\/\\\/eldigitaldeasturias.com\\\/magazine365\\\/el-paseo-del-prado-acogera-desde-este-viernes-la-feria-de-observacion-de-la-naturaleza-madbirdfair\\\/#webpage\"},\"articleSection\":\"Noticias y Actualidad\"},{\"@type\":\"BreadcrumbList\",\"@id\":\"https:\\\/\\\/eldigitaldeasturias.com\\\/magazine365\\\/el-paseo-del-prado-acogera-desde-este-viernes-la-feria-de-observacion-de-la-naturaleza-madbirdfair\\\/#breadcrumblist\",\"itemListElement\":[{\"@type\":\"ListItem\",\"@id\":\"https:\\\/\\\/eldigitaldeasturias.com\\\/magazine365#listItem\",\"position\":1,\"name\":\"Home\",\"item\":\"https:\\\/\\\/eldigitaldeasturias.com\\\/magazine365\",\"nextItem\":{\"@type\":\"ListItem\",\"@id\":\"https:\\\/\\\/eldigitaldeasturias.com\\\/magazine365\\\/category\\\/noticias-actualidad\\\/#listItem\",\"name\":\"Noticias y Actualidad\"}},{\"@type\":\"ListItem\",\"@id\":\"https:\\\/\\\/eldigitaldeasturias.com\\\/magazine365\\\/category\\\/noticias-actualidad\\\/#listItem\",\"position\":2,\"name\":\"Noticias y Actualidad\",\"item\":\"https:\\\/\\\/eldigitaldeasturias.com\\\/magazine365\\\/category\\\/noticias-actualidad\\\/\",\"nextItem\":{\"@type\":\"ListItem\",\"@id\":\"https:\\\/\\\/eldigitaldeasturias.com\\\/magazine365\\\/el-paseo-del-prado-acogera-desde-este-viernes-la-feria-de-observacion-de-la-naturaleza-madbirdfair\\\/#listItem\",\"name\":\"El Paseo del Prado acoger\\u00e1, desde este viernes, la feria de observaci\\u00f3n de la naturaleza MADbirdFair\"},\"previousItem\":{\"@type\":\"ListItem\",\"@id\":\"https:\\\/\\\/eldigitaldeasturias.com\\\/magazine365#listItem\",\"name\":\"Home\"}},{\"@type\":\"ListItem\",\"@id\":\"https:\\\/\\\/eldigitaldeasturias.com\\\/magazine365\\\/el-paseo-del-prado-acogera-desde-este-viernes-la-feria-de-observacion-de-la-naturaleza-madbirdfair\\\/#listItem\",\"position\":3,\"name\":\"El Paseo del Prado acoger\\u00e1, desde este viernes, la feria de observaci\\u00f3n de la naturaleza MADbirdFair\",\"previousItem\":{\"@type\":\"ListItem\",\"@id\":\"https:\\\/\\\/eldigitaldeasturias.com\\\/magazine365\\\/category\\\/noticias-actualidad\\\/#listItem\",\"name\":\"Noticias y Actualidad\"}}]},{\"@type\":\"Organization\",\"@id\":\"https:\\\/\\\/eldigitaldeasturias.com\\\/magazine365\\\/#organization\",\"name\":\"El digital de Asturias\",\"description\":\"Revista de ocio, turismo y estilo de vida\",\"url\":\"https:\\\/\\\/eldigitaldeasturias.com\\\/magazine365\\\/\",\"logo\":{\"@type\":\"ImageObject\",\"url\":\"https:\\\/\\\/www.eldigitaldeasturias.com\\\/noticias\\\/wp-content\\\/uploads\\\/2020\\\/12\\\/EDA.jpg\",\"@id\":\"https:\\\/\\\/eldigitaldeasturias.com\\\/magazine365\\\/el-paseo-del-prado-acogera-desde-este-viernes-la-feria-de-observacion-de-la-naturaleza-madbirdfair\\\/#organizationLogo\"},\"image\":{\"@id\":\"https:\\\/\\\/eldigitaldeasturias.com\\\/magazine365\\\/el-paseo-del-prado-acogera-desde-este-viernes-la-feria-de-observacion-de-la-naturaleza-madbirdfair\\\/#organizationLogo\"}},{\"@type\":\"Person\",\"@id\":\"https:\\\/\\\/eldigitaldeasturias.com\\\/magazine365\\\/author\\\/admin\\\/#author\",\"url\":\"https:\\\/\\\/eldigitaldeasturias.com\\\/magazine365\\\/author\\\/admin\\\/\",\"name\":\"admin\",\"image\":{\"@type\":\"ImageObject\",\"@id\":\"https:\\\/\\\/eldigitaldeasturias.com\\\/magazine365\\\/el-paseo-del-prado-acogera-desde-este-viernes-la-feria-de-observacion-de-la-naturaleza-madbirdfair\\\/#authorImage\",\"url\":\"https:\\\/\\\/eldigitaldeasturias.com\\\/magazine365\\\/wp-content\\\/litespeed\\\/avatar\\\/e571bcf59a0edd6fa6838245a470f2fe.jpg?ver=1776969259\",\"width\":96,\"height\":96,\"caption\":\"admin\"}},{\"@type\":\"WebPage\",\"@id\":\"https:\\\/\\\/eldigitaldeasturias.com\\\/magazine365\\\/el-paseo-del-prado-acogera-desde-este-viernes-la-feria-de-observacion-de-la-naturaleza-madbirdfair\\\/#webpage\",\"url\":\"https:\\\/\\\/eldigitaldeasturias.com\\\/magazine365\\\/el-paseo-del-prado-acogera-desde-este-viernes-la-feria-de-observacion-de-la-naturaleza-madbirdfair\\\/\",\"name\":\"El Paseo del Prado acoger\\u00e1, desde este viernes, la feria de observaci\\u00f3n de la naturaleza MADbirdFair | El Digital de Asturias\",\"description\":\"Cerca de un centenar de expositores participar\\u00e1n del 10 al 12 de junio en el Paseo del Prado de Madrid en la feria de observaci\\u00f3n de la naturaleza MADbirdFair, dedicada al turismo de observaci\\u00f3n de naturaleza, seg\\u00fan la Asociaci\\u00f3n Internacional de Observaci\\u00f3n de la Naturaleza. Los expositores representan a gobiernos auton\\u00f3micos, multinacionales de fotograf\\u00eda, tecnolog\\u00eda\",\"inLanguage\":\"es-ES\",\"isPartOf\":{\"@id\":\"https:\\\/\\\/eldigitaldeasturias.com\\\/magazine365\\\/#website\"},\"breadcrumb\":{\"@id\":\"https:\\\/\\\/eldigitaldeasturias.com\\\/magazine365\\\/el-paseo-del-prado-acogera-desde-este-viernes-la-feria-de-observacion-de-la-naturaleza-madbirdfair\\\/#breadcrumblist\"},\"author\":{\"@id\":\"https:\\\/\\\/eldigitaldeasturias.com\\\/magazine365\\\/author\\\/admin\\\/#author\"},\"creator\":{\"@id\":\"https:\\\/\\\/eldigitaldeasturias.com\\\/magazine365\\\/author\\\/admin\\\/#author\"},\"image\":{\"@type\":\"ImageObject\",\"url\":\"https:\\\/\\\/eldigitaldeasturias.com\\\/magazine365\\\/wp-content\\\/uploads\\\/2016\\\/06\\\/fotonoticia_20160610171457_800.jpg\",\"@id\":\"https:\\\/\\\/eldigitaldeasturias.com\\\/magazine365\\\/el-paseo-del-prado-acogera-desde-este-viernes-la-feria-de-observacion-de-la-naturaleza-madbirdfair\\\/#mainImage\",\"width\":800,\"height\":549},\"primaryImageOfPage\":{\"@id\":\"https:\\\/\\\/eldigitaldeasturias.com\\\/magazine365\\\/el-paseo-del-prado-acogera-desde-este-viernes-la-feria-de-observacion-de-la-naturaleza-madbirdfair\\\/#mainImage\"},\"datePublished\":\"2016-06-10T18:39:17+02:00\",\"dateModified\":\"2016-06-10T18:39:17+02:00\"},{\"@type\":\"WebSite\",\"@id\":\"https:\\\/\\\/eldigitaldeasturias.com\\\/magazine365\\\/#website\",\"url\":\"https:\\\/\\\/eldigitaldeasturias.com\\\/magazine365\\\/\",\"name\":\"El Digital de Asturias\",\"description\":\"Revista de ocio, turismo y estilo de vida\",\"inLanguage\":\"es-ES\",\"publisher\":{\"@id\":\"https:\\\/\\\/eldigitaldeasturias.com\\\/magazine365\\\/#organization\"}}]}\n\t\t<\/script>\n\t\t<!-- All in One SEO Pro -->\r\n\t\t<title>El Paseo del Prado acoger\u00e1, desde este viernes, la feria de observaci\u00f3n de la naturaleza MADbirdFair | El Digital de Asturias<\/title>\n\n","aioseo_head_json":{"title":"El Paseo del Prado acoger\u00e1, desde este viernes, la feria de observaci\u00f3n de la naturaleza MADbirdFair | El Digital de Asturias","description":"Cerca de un centenar de expositores participar\u00e1n del 10 al 12 de junio en el Paseo del Prado de Madrid en la feria de observaci\u00f3n de la naturaleza MADbirdFair, dedicada al turismo de observaci\u00f3n de naturaleza, seg\u00fan la Asociaci\u00f3n Internacional de Observaci\u00f3n de la Naturaleza. Los expositores representan a gobiernos auton\u00f3micos, multinacionales de fotograf\u00eda, tecnolog\u00eda","canonical_url":"https:\/\/eldigitaldeasturias.com\/magazine365\/el-paseo-del-prado-acogera-desde-este-viernes-la-feria-de-observacion-de-la-naturaleza-madbirdfair\/","robots":"max-image-preview:large","keywords":"noticias y actualidad","webmasterTools":{"google-site-verification":"UA-38556648-1","miscellaneous":""},"schema":{"@context":"https:\/\/schema.org","@graph":[{"@type":"Article","@id":"https:\/\/eldigitaldeasturias.com\/magazine365\/el-paseo-del-prado-acogera-desde-este-viernes-la-feria-de-observacion-de-la-naturaleza-madbirdfair\/#article","name":"El Paseo del Prado acoger\u00e1, desde este viernes, la feria de observaci\u00f3n de la naturaleza MADbirdFair | El Digital de Asturias","headline":"El Paseo del Prado acoger\u00e1, desde este viernes, la feria de observaci\u00f3n de la naturaleza MADbirdFair","author":{"@id":"https:\/\/eldigitaldeasturias.com\/magazine365\/author\/admin\/#author"},"publisher":{"@id":"https:\/\/eldigitaldeasturias.com\/magazine365\/#organization"},"image":{"@type":"ImageObject","url":"https:\/\/eldigitaldeasturias.com\/magazine365\/wp-content\/uploads\/2016\/06\/fotonoticia_20160610171457_800.jpg","width":800,"height":549},"datePublished":"2016-06-10T18:39:17+02:00","dateModified":"2016-06-10T18:39:17+02:00","inLanguage":"es-ES","mainEntityOfPage":{"@id":"https:\/\/eldigitaldeasturias.com\/magazine365\/el-paseo-del-prado-acogera-desde-este-viernes-la-feria-de-observacion-de-la-naturaleza-madbirdfair\/#webpage"},"isPartOf":{"@id":"https:\/\/eldigitaldeasturias.com\/magazine365\/el-paseo-del-prado-acogera-desde-este-viernes-la-feria-de-observacion-de-la-naturaleza-madbirdfair\/#webpage"},"articleSection":"Noticias y Actualidad"},{"@type":"BreadcrumbList","@id":"https:\/\/eldigitaldeasturias.com\/magazine365\/el-paseo-del-prado-acogera-desde-este-viernes-la-feria-de-observacion-de-la-naturaleza-madbirdfair\/#breadcrumblist","itemListElement":[{"@type":"ListItem","@id":"https:\/\/eldigitaldeasturias.com\/magazine365#listItem","position":1,"name":"Home","item":"https:\/\/eldigitaldeasturias.com\/magazine365","nextItem":{"@type":"ListItem","@id":"https:\/\/eldigitaldeasturias.com\/magazine365\/category\/noticias-actualidad\/#listItem","name":"Noticias y Actualidad"}},{"@type":"ListItem","@id":"https:\/\/eldigitaldeasturias.com\/magazine365\/category\/noticias-actualidad\/#listItem","position":2,"name":"Noticias y Actualidad","item":"https:\/\/eldigitaldeasturias.com\/magazine365\/category\/noticias-actualidad\/","nextItem":{"@type":"ListItem","@id":"https:\/\/eldigitaldeasturias.com\/magazine365\/el-paseo-del-prado-acogera-desde-este-viernes-la-feria-de-observacion-de-la-naturaleza-madbirdfair\/#listItem","name":"El Paseo del Prado acoger\u00e1, desde este viernes, la feria de observaci\u00f3n de la naturaleza MADbirdFair"},"previousItem":{"@type":"ListItem","@id":"https:\/\/eldigitaldeasturias.com\/magazine365#listItem","name":"Home"}},{"@type":"ListItem","@id":"https:\/\/eldigitaldeasturias.com\/magazine365\/el-paseo-del-prado-acogera-desde-este-viernes-la-feria-de-observacion-de-la-naturaleza-madbirdfair\/#listItem","position":3,"name":"El Paseo del Prado acoger\u00e1, desde este viernes, la feria de observaci\u00f3n de la naturaleza MADbirdFair","previousItem":{"@type":"ListItem","@id":"https:\/\/eldigitaldeasturias.com\/magazine365\/category\/noticias-actualidad\/#listItem","name":"Noticias y Actualidad"}}]},{"@type":"Organization","@id":"https:\/\/eldigitaldeasturias.com\/magazine365\/#organization","name":"El digital de Asturias","description":"Revista de ocio, turismo y estilo de vida","url":"https:\/\/eldigitaldeasturias.com\/magazine365\/","logo":{"@type":"ImageObject","url":"https:\/\/www.eldigitaldeasturias.com\/noticias\/wp-content\/uploads\/2020\/12\/EDA.jpg","@id":"https:\/\/eldigitaldeasturias.com\/magazine365\/el-paseo-del-prado-acogera-desde-este-viernes-la-feria-de-observacion-de-la-naturaleza-madbirdfair\/#organizationLogo"},"image":{"@id":"https:\/\/eldigitaldeasturias.com\/magazine365\/el-paseo-del-prado-acogera-desde-este-viernes-la-feria-de-observacion-de-la-naturaleza-madbirdfair\/#organizationLogo"}},{"@type":"Person","@id":"https:\/\/eldigitaldeasturias.com\/magazine365\/author\/admin\/#author","url":"https:\/\/eldigitaldeasturias.com\/magazine365\/author\/admin\/","name":"admin","image":{"@type":"ImageObject","@id":"https:\/\/eldigitaldeasturias.com\/magazine365\/el-paseo-del-prado-acogera-desde-este-viernes-la-feria-de-observacion-de-la-naturaleza-madbirdfair\/#authorImage","url":"https:\/\/eldigitaldeasturias.com\/magazine365\/wp-content\/litespeed\/avatar\/e571bcf59a0edd6fa6838245a470f2fe.jpg?ver=1776969259","width":96,"height":96,"caption":"admin"}},{"@type":"WebPage","@id":"https:\/\/eldigitaldeasturias.com\/magazine365\/el-paseo-del-prado-acogera-desde-este-viernes-la-feria-de-observacion-de-la-naturaleza-madbirdfair\/#webpage","url":"https:\/\/eldigitaldeasturias.com\/magazine365\/el-paseo-del-prado-acogera-desde-este-viernes-la-feria-de-observacion-de-la-naturaleza-madbirdfair\/","name":"El Paseo del Prado acoger\u00e1, desde este viernes, la feria de observaci\u00f3n de la naturaleza MADbirdFair | El Digital de Asturias","description":"Cerca de un centenar de expositores participar\u00e1n del 10 al 12 de junio en el Paseo del Prado de Madrid en la feria de observaci\u00f3n de la naturaleza MADbirdFair, dedicada al turismo de observaci\u00f3n de naturaleza, seg\u00fan la Asociaci\u00f3n Internacional de Observaci\u00f3n de la Naturaleza. Los expositores representan a gobiernos auton\u00f3micos, multinacionales de fotograf\u00eda, tecnolog\u00eda","inLanguage":"es-ES","isPartOf":{"@id":"https:\/\/eldigitaldeasturias.com\/magazine365\/#website"},"breadcrumb":{"@id":"https:\/\/eldigitaldeasturias.com\/magazine365\/el-paseo-del-prado-acogera-desde-este-viernes-la-feria-de-observacion-de-la-naturaleza-madbirdfair\/#breadcrumblist"},"author":{"@id":"https:\/\/eldigitaldeasturias.com\/magazine365\/author\/admin\/#author"},"creator":{"@id":"https:\/\/eldigitaldeasturias.com\/magazine365\/author\/admin\/#author"},"image":{"@type":"ImageObject","url":"https:\/\/eldigitaldeasturias.com\/magazine365\/wp-content\/uploads\/2016\/06\/fotonoticia_20160610171457_800.jpg","@id":"https:\/\/eldigitaldeasturias.com\/magazine365\/el-paseo-del-prado-acogera-desde-este-viernes-la-feria-de-observacion-de-la-naturaleza-madbirdfair\/#mainImage","width":800,"height":549},"primaryImageOfPage":{"@id":"https:\/\/eldigitaldeasturias.com\/magazine365\/el-paseo-del-prado-acogera-desde-este-viernes-la-feria-de-observacion-de-la-naturaleza-madbirdfair\/#mainImage"},"datePublished":"2016-06-10T18:39:17+02:00","dateModified":"2016-06-10T18:39:17+02:00"},{"@type":"WebSite","@id":"https:\/\/eldigitaldeasturias.com\/magazine365\/#website","url":"https:\/\/eldigitaldeasturias.com\/magazine365\/","name":"El Digital de Asturias","description":"Revista de ocio, turismo y estilo de vida","inLanguage":"es-ES","publisher":{"@id":"https:\/\/eldigitaldeasturias.com\/magazine365\/#organization"}}]},"og:locale":"es_ES","og:site_name":"El Digital de Asturias \u2013 Revista de ocio, turismo y estilo de vida","og:type":"article","og:title":"El Paseo del Prado acoger\u00e1, desde este viernes, la feria de observaci\u00f3n de la naturaleza MADbirdFair | El Digital de Asturias","og:description":"Cerca de un centenar de expositores participar\u00e1n del 10 al 12 de junio en el Paseo del Prado de Madrid en la feria de observaci\u00f3n de la naturaleza MADbirdFair, dedicada al turismo de observaci\u00f3n de naturaleza, seg\u00fan la Asociaci\u00f3n Internacional de Observaci\u00f3n de la Naturaleza. Los expositores representan a gobiernos auton\u00f3micos, multinacionales de fotograf\u00eda, tecnolog\u00eda","og:url":"https:\/\/eldigitaldeasturias.com\/magazine365\/el-paseo-del-prado-acogera-desde-este-viernes-la-feria-de-observacion-de-la-naturaleza-madbirdfair\/","og:image":"https:\/\/eldigitaldeasturias.com\/magazine365\/wp-content\/uploads\/2016\/06\/fotonoticia_20160610171457_800.jpg","og:image:secure_url":"https:\/\/eldigitaldeasturias.com\/magazine365\/wp-content\/uploads\/2016\/06\/fotonoticia_20160610171457_800.jpg","og:image:width":800,"og:image:height":549,"article:published_time":"2016-06-10T16:39:17+00:00","article:modified_time":"2016-06-10T16:39:17+00:00","twitter:card":"summary_large_image","twitter:title":"El Paseo del Prado acoger\u00e1, desde este viernes, la feria de observaci\u00f3n de la naturaleza MADbirdFair | El Digital de Asturias","twitter:description":"Cerca de un centenar de expositores participar\u00e1n del 10 al 12 de junio en el Paseo del Prado de Madrid en la feria de observaci\u00f3n de la naturaleza MADbirdFair, dedicada al turismo de observaci\u00f3n de naturaleza, seg\u00fan la Asociaci\u00f3n Internacional de Observaci\u00f3n de la Naturaleza. Los expositores representan a gobiernos auton\u00f3micos, multinacionales de fotograf\u00eda, tecnolog\u00eda","twitter:image":"https:\/\/eldigitaldeasturias.com\/magazine365\/wp-content\/uploads\/2016\/06\/fotonoticia_20160610171457_800.jpg"},"aioseo_meta_data":{"post_id":"78796","title":null,"description":null,"keywords":null,"keyphrases":null,"primary_term":null,"canonical_url":null,"og_title":null,"og_description":null,"og_object_type":"default","og_image_type":"default","og_image_url":null,"og_image_width":null,"og_image_height":null,"og_image_custom_url":null,"og_image_custom_fields":null,"og_video":null,"og_custom_url":null,"og_article_section":null,"og_article_tags":null,"twitter_use_og":false,"twitter_card":"default","twitter_image_type":"default","twitter_image_url":null,"twitter_image_custom_url":null,"twitter_image_custom_fields":null,"twitter_title":null,"twitter_description":null,"schema":{"blockGraphs":[],"customGraphs":[],"default":{"data":{"Article":[],"Course":[],"Dataset":[],"FAQPage":[],"Movie":[],"Person":[],"Product":[],"ProductReview":[],"Car":[],"Recipe":[],"Service":[],"SoftwareApplication":[],"WebPage":[]},"graphName":"","isEnabled":true},"graphs":[],"defaultGraph":"","defaultPostTypeGraph":""},"schema_type":null,"schema_type_options":null,"pillar_content":false,"robots_default":true,"robots_noindex":false,"robots_noarchive":false,"robots_nosnippet":false,"robots_nofollow":false,"robots_noimageindex":false,"robots_noodp":false,"robots_notranslate":false,"robots_max_snippet":null,"robots_max_videopreview":null,"robots_max_imagepreview":"large","priority":null,"frequency":null,"location":null,"local_seo":null,"seo_analyzer_scan_date":"2025-09-27 17:38:24","breadcrumb_settings":null,"limit_modified_date":false,"open_ai":null,"ai":null,"created":"2021-03-08 17:56:39","updated":"2025-09-27 17:38:24"},"aioseo_breadcrumb":"<div class=\"aioseo-breadcrumbs\"><span class=\"aioseo-breadcrumb\">\n\t<a href=\"https:\/\/eldigitaldeasturias.com\/magazine365\" title=\"Home\">Home<\/a>\n<\/span><span class=\"aioseo-breadcrumb-separator\">\u2013<\/span><span class=\"aioseo-breadcrumb\">\n\t<a href=\"https:\/\/eldigitaldeasturias.com\/magazine365\/category\/noticias-actualidad\/\" title=\"Noticias y Actualidad\">Noticias y Actualidad<\/a>\n<\/span><span class=\"aioseo-breadcrumb-separator\">\u2013<\/span><span class=\"aioseo-breadcrumb\">\n\t<a href=\"https:\/\/eldigitaldeasturias.com\/magazine365\/el-paseo-del-prado-acogera-desde-este-viernes-la-feria-de-observacion-de-la-naturaleza-madbirdfair\/\" title=\"El Paseo del Prado acoger\u00e1, desde este viernes, la feria de observaci\u00f3n de la naturaleza MADbirdFair\">El Paseo del Prado acoger\u00e1, desde este viernes, la feria de observaci\u00f3n de la naturaleza MADbirdFair<\/a>\n<\/span><\/div>","aioseo_breadcrumb_json":[{"label":"Home","link":"https:\/\/eldigitaldeasturias.com\/magazine365"},{"label":"Noticias y Actualidad","link":"https:\/\/eldigitaldeasturias.com\/magazine365\/category\/noticias-actualidad\/"},{"label":"El Paseo del Prado acoger\u00e1, desde este viernes, la feria de observaci\u00f3n de la naturaleza MADbirdFair","link":"https:\/\/eldigitaldeasturias.com\/magazine365\/el-paseo-del-prado-acogera-desde-este-viernes-la-feria-de-observacion-de-la-naturaleza-madbirdfair\/"}],"_links":{"self":[{"href":"https:\/\/eldigitaldeasturias.com\/magazine365\/wp-json\/wp\/v2\/posts\/78796","targetHints":{"allow":["GET"]}}],"collection":[{"href":"https:\/\/eldigitaldeasturias.com\/magazine365\/wp-json\/wp\/v2\/posts"}],"about":[{"href":"https:\/\/eldigitaldeasturias.com\/magazine365\/wp-json\/wp\/v2\/types\/post"}],"author":[{"embeddable":true,"href":"https:\/\/eldigitaldeasturias.com\/magazine365\/wp-json\/wp\/v2\/users\/1"}],"replies":[{"embeddable":true,"href":"https:\/\/eldigitaldeasturias.com\/magazine365\/wp-json\/wp\/v2\/comments?post=78796"}],"version-history":[{"count":0,"href":"https:\/\/eldigitaldeasturias.com\/magazine365\/wp-json\/wp\/v2\/posts\/78796\/revisions"}],"wp:featuredmedia":[{"embeddable":true,"href":"https:\/\/eldigitaldeasturias.com\/magazine365\/wp-json\/wp\/v2\/media\/78797"}],"wp:attachment":[{"href":"https:\/\/eldigitaldeasturias.com\/magazine365\/wp-json\/wp\/v2\/media?parent=78796"}],"wp:term":[{"taxonomy":"category","embeddable":true,"href":"https:\/\/eldigitaldeasturias.com\/magazine365\/wp-json\/wp\/v2\/categories?post=78796"},{"taxonomy":"post_tag","embeddable":true,"href":"https:\/\/eldigitaldeasturias.com\/magazine365\/wp-json\/wp\/v2\/tags?post=78796"}],"curies":[{"name":"wp","href":"https:\/\/api.w.org\/{rel}","templated":true}]}}