{"id":78793,"date":"2016-06-10T18:38:01","date_gmt":"2016-06-10T16:38:01","guid":{"rendered":"http:\/\/eldigitaldeasturias.com\/magazine365\/?p=78793"},"modified":"2016-06-10T18:38:01","modified_gmt":"2016-06-10T16:38:01","slug":"metro-de-madrid-fija-el-porcentaje-de-servicios-minimos-para-los-paros-parciales-del-lunes","status":"publish","type":"post","link":"https:\/\/eldigitaldeasturias.com\/magazine365\/metro-de-madrid-fija-el-porcentaje-de-servicios-minimos-para-los-paros-parciales-del-lunes\/","title":{"rendered":"Metro de Madrid fija el porcentaje de servicios m\u00ednimos para los paros parciales del lunes"},"content":{"rendered":"<p><img fetchpriority=\"high\" decoding=\"async\" class=\"alignleft size-medium wp-image-78794\" src=\"https:\/\/eldigitaldeasturias.com\/magazine365\/wp-content\/uploads\/2016\/06\/fotonoticia_20160610171419_800-360x240.jpg\" alt=\"fotonoticia_20160610171419_800\" width=\"360\" height=\"240\" srcset=\"https:\/\/eldigitaldeasturias.com\/magazine365\/wp-content\/uploads\/2016\/06\/fotonoticia_20160610171419_800-360x240.jpg 360w, https:\/\/eldigitaldeasturias.com\/magazine365\/wp-content\/uploads\/2016\/06\/fotonoticia_20160610171419_800-650x433.jpg 650w, https:\/\/eldigitaldeasturias.com\/magazine365\/wp-content\/uploads\/2016\/06\/fotonoticia_20160610171419_800-768x512.jpg 768w, https:\/\/eldigitaldeasturias.com\/magazine365\/wp-content\/uploads\/2016\/06\/fotonoticia_20160610171419_800-150x100.jpg 150w, https:\/\/eldigitaldeasturias.com\/magazine365\/wp-content\/uploads\/2016\/06\/fotonoticia_20160610171419_800-450x300.jpg 450w, https:\/\/eldigitaldeasturias.com\/magazine365\/wp-content\/uploads\/2016\/06\/fotonoticia_20160610171419_800-101x66.jpg 101w, https:\/\/eldigitaldeasturias.com\/magazine365\/wp-content\/uploads\/2016\/06\/fotonoticia_20160610171419_800.jpg 800w\" sizes=\"(max-width: 360px) 100vw, 360px\" \/>Metro de Madrid ha establecido entre el 51 y el 65 por ciento los servicios m\u00ednimos en la circulaci\u00f3n de trenes durante los paros parciales convocadas por varias organizaciones sindicales de Metro de Madrid para la semana que viene.<\/p>\n<p>Seg\u00fan expone el suburbano, los paros convocados por el Sindicato del Colectivo de Maquinistas de Metro son el lunes y el mi\u00e9rcoles de 06.05 a 9.00 horas, el martes ser\u00e1n de 14 a 17 horas y el viernes de 18.30 a 21.00 horas.<\/p>\n<p>Adem\u00e1s, las centrales sindicales en el Comit\u00e9 de Empresa convocan paros parciales para el martes y el jueves de 6.05 a 8.40 horas; de 13.20 a 16.25 horas y de 17.30 a 19.55 horas.<\/p>\n<p>En consecuencia, los servicios m\u00ednimos establecidos por el suburbano son del 64 por ciento el lunes y el mi\u00e9rcoles para los paros de la ma\u00f1ana, un 57% para los paros de 14 a 17 horas del martes, y un 51 por ciento para los paros del viernes de 18.30 a 21 horas.<\/p>\n<p>En el caso de los paros del martes de 6.05 a 8.40 horas, los m\u00ednimos son del 65 por ciento. En la franja de 13.20 a 16.25 horas ser\u00e1n del 58 por ciento y para la tarde, de 17.30 a 19.55 horas, se fijan los m\u00ednimos en el 54 por ciento.<\/p>\n<p>En un comunicado, Metro de Madrid lamenta los inconvenientes que estos paros puedan generar a los usuarios que viajan durante estos tramos horarios.<\/p>\n","protected":false},"excerpt":{"rendered":"<p>Metro de Madrid ha establecido entre el 51 y el 65 por ciento los servicios m\u00ednimos en la circulaci\u00f3n de trenes durante los paros parciales convocadas por varias organizaciones sindicales de Metro de Madrid para la semana que viene. Seg\u00fan expone el suburbano, los paros convocados por el Sindicato del Colectivo de Maquinistas de Metro<\/p>\n","protected":false},"author":1,"featured_media":78794,"comment_status":"open","ping_status":"closed","sticky":false,"template":"","format":"standard","meta":{"footnotes":""},"categories":[224],"tags":[],"class_list":{"0":"post-78793","1":"post","2":"type-post","3":"status-publish","4":"format-standard","5":"has-post-thumbnail","7":"category-noticias-actualidad"},"aioseo_notices":[],"aioseo_head":"\n\t\t<!-- All in One SEO Pro 4.9.6.1 - aioseo.com -->\n\t<meta name=\"description\" content=\"Metro de Madrid ha establecido entre el 51 y el 65 por ciento los servicios m\u00ednimos en la circulaci\u00f3n de trenes durante los paros parciales convocadas por varias organizaciones sindicales de Metro de Madrid para la semana que viene. Seg\u00fan expone el suburbano, los paros convocados por el Sindicato del Colectivo de Maquinistas de Metro\" \/>\n\t<meta name=\"robots\" content=\"max-image-preview:large\" \/>\n\t<meta name=\"author\" content=\"admin\"\/>\n\t<meta name=\"google-site-verification\" content=\"UA-38556648-1\" \/>\n\t<meta name=\"keywords\" content=\"noticias y actualidad\" \/>\n\t<link rel=\"canonical\" href=\"https:\/\/eldigitaldeasturias.com\/magazine365\/metro-de-madrid-fija-el-porcentaje-de-servicios-minimos-para-los-paros-parciales-del-lunes\/\" \/>\n\t<meta name=\"generator\" content=\"All in One SEO Pro (AIOSEO) 4.9.6.1\" \/>\n\t\t<meta property=\"og:locale\" content=\"es_ES\" \/>\n\t\t<meta property=\"og:site_name\" content=\"El Digital de Asturias \u2013 Revista de ocio, turismo y estilo de vida\" \/>\n\t\t<meta property=\"og:type\" content=\"article\" \/>\n\t\t<meta property=\"og:title\" content=\"Metro de Madrid fija el porcentaje de servicios m\u00ednimos para los paros parciales del lunes | El Digital de Asturias\" \/>\n\t\t<meta property=\"og:description\" content=\"Metro de Madrid ha establecido entre el 51 y el 65 por ciento los servicios m\u00ednimos en la circulaci\u00f3n de trenes durante los paros parciales convocadas por varias organizaciones sindicales de Metro de Madrid para la semana que viene. Seg\u00fan expone el suburbano, los paros convocados por el Sindicato del Colectivo de Maquinistas de Metro\" \/>\n\t\t<meta property=\"og:url\" content=\"https:\/\/eldigitaldeasturias.com\/magazine365\/metro-de-madrid-fija-el-porcentaje-de-servicios-minimos-para-los-paros-parciales-del-lunes\/\" \/>\n\t\t<meta property=\"og:image\" content=\"https:\/\/eldigitaldeasturias.com\/magazine365\/wp-content\/uploads\/2016\/06\/fotonoticia_20160610171419_800.jpg\" \/>\n\t\t<meta property=\"og:image:secure_url\" content=\"https:\/\/eldigitaldeasturias.com\/magazine365\/wp-content\/uploads\/2016\/06\/fotonoticia_20160610171419_800.jpg\" \/>\n\t\t<meta property=\"og:image:width\" content=\"800\" \/>\n\t\t<meta property=\"og:image:height\" content=\"533\" \/>\n\t\t<meta property=\"article:published_time\" content=\"2016-06-10T16:38:01+00:00\" \/>\n\t\t<meta property=\"article:modified_time\" content=\"2016-06-10T16:38:01+00:00\" \/>\n\t\t<meta name=\"twitter:card\" content=\"summary_large_image\" \/>\n\t\t<meta name=\"twitter:title\" content=\"Metro de Madrid fija el porcentaje de servicios m\u00ednimos para los paros parciales del lunes | El Digital de Asturias\" \/>\n\t\t<meta name=\"twitter:description\" content=\"Metro de Madrid ha establecido entre el 51 y el 65 por ciento los servicios m\u00ednimos en la circulaci\u00f3n de trenes durante los paros parciales convocadas por varias organizaciones sindicales de Metro de Madrid para la semana que viene. Seg\u00fan expone el suburbano, los paros convocados por el Sindicato del Colectivo de Maquinistas de Metro\" \/>\n\t\t<meta name=\"twitter:image\" content=\"https:\/\/eldigitaldeasturias.com\/magazine365\/wp-content\/uploads\/2016\/06\/fotonoticia_20160610171419_800.jpg\" \/>\n\t\t<script type=\"application\/ld+json\" class=\"aioseo-schema\">\n\t\t\t{\"@context\":\"https:\\\/\\\/schema.org\",\"@graph\":[{\"@type\":\"Article\",\"@id\":\"https:\\\/\\\/eldigitaldeasturias.com\\\/magazine365\\\/metro-de-madrid-fija-el-porcentaje-de-servicios-minimos-para-los-paros-parciales-del-lunes\\\/#article\",\"name\":\"Metro de Madrid fija el porcentaje de servicios m\\u00ednimos para los paros parciales del lunes | El Digital de Asturias\",\"headline\":\"Metro de Madrid fija el porcentaje de servicios m\\u00ednimos para los paros parciales del lunes\",\"author\":{\"@id\":\"https:\\\/\\\/eldigitaldeasturias.com\\\/magazine365\\\/author\\\/admin\\\/#author\"},\"publisher\":{\"@id\":\"https:\\\/\\\/eldigitaldeasturias.com\\\/magazine365\\\/#organization\"},\"image\":{\"@type\":\"ImageObject\",\"url\":\"https:\\\/\\\/eldigitaldeasturias.com\\\/magazine365\\\/wp-content\\\/uploads\\\/2016\\\/06\\\/fotonoticia_20160610171419_800.jpg\",\"width\":800,\"height\":533},\"datePublished\":\"2016-06-10T18:38:01+02:00\",\"dateModified\":\"2016-06-10T18:38:01+02:00\",\"inLanguage\":\"es-ES\",\"mainEntityOfPage\":{\"@id\":\"https:\\\/\\\/eldigitaldeasturias.com\\\/magazine365\\\/metro-de-madrid-fija-el-porcentaje-de-servicios-minimos-para-los-paros-parciales-del-lunes\\\/#webpage\"},\"isPartOf\":{\"@id\":\"https:\\\/\\\/eldigitaldeasturias.com\\\/magazine365\\\/metro-de-madrid-fija-el-porcentaje-de-servicios-minimos-para-los-paros-parciales-del-lunes\\\/#webpage\"},\"articleSection\":\"Noticias y Actualidad\"},{\"@type\":\"BreadcrumbList\",\"@id\":\"https:\\\/\\\/eldigitaldeasturias.com\\\/magazine365\\\/metro-de-madrid-fija-el-porcentaje-de-servicios-minimos-para-los-paros-parciales-del-lunes\\\/#breadcrumblist\",\"itemListElement\":[{\"@type\":\"ListItem\",\"@id\":\"https:\\\/\\\/eldigitaldeasturias.com\\\/magazine365#listItem\",\"position\":1,\"name\":\"Home\",\"item\":\"https:\\\/\\\/eldigitaldeasturias.com\\\/magazine365\",\"nextItem\":{\"@type\":\"ListItem\",\"@id\":\"https:\\\/\\\/eldigitaldeasturias.com\\\/magazine365\\\/category\\\/noticias-actualidad\\\/#listItem\",\"name\":\"Noticias y Actualidad\"}},{\"@type\":\"ListItem\",\"@id\":\"https:\\\/\\\/eldigitaldeasturias.com\\\/magazine365\\\/category\\\/noticias-actualidad\\\/#listItem\",\"position\":2,\"name\":\"Noticias y Actualidad\",\"item\":\"https:\\\/\\\/eldigitaldeasturias.com\\\/magazine365\\\/category\\\/noticias-actualidad\\\/\",\"nextItem\":{\"@type\":\"ListItem\",\"@id\":\"https:\\\/\\\/eldigitaldeasturias.com\\\/magazine365\\\/metro-de-madrid-fija-el-porcentaje-de-servicios-minimos-para-los-paros-parciales-del-lunes\\\/#listItem\",\"name\":\"Metro de Madrid fija el porcentaje de servicios m\\u00ednimos para los paros parciales del lunes\"},\"previousItem\":{\"@type\":\"ListItem\",\"@id\":\"https:\\\/\\\/eldigitaldeasturias.com\\\/magazine365#listItem\",\"name\":\"Home\"}},{\"@type\":\"ListItem\",\"@id\":\"https:\\\/\\\/eldigitaldeasturias.com\\\/magazine365\\\/metro-de-madrid-fija-el-porcentaje-de-servicios-minimos-para-los-paros-parciales-del-lunes\\\/#listItem\",\"position\":3,\"name\":\"Metro de Madrid fija el porcentaje de servicios m\\u00ednimos para los paros parciales del lunes\",\"previousItem\":{\"@type\":\"ListItem\",\"@id\":\"https:\\\/\\\/eldigitaldeasturias.com\\\/magazine365\\\/category\\\/noticias-actualidad\\\/#listItem\",\"name\":\"Noticias y Actualidad\"}}]},{\"@type\":\"Organization\",\"@id\":\"https:\\\/\\\/eldigitaldeasturias.com\\\/magazine365\\\/#organization\",\"name\":\"El digital de Asturias\",\"description\":\"Revista de ocio, turismo y estilo de vida\",\"url\":\"https:\\\/\\\/eldigitaldeasturias.com\\\/magazine365\\\/\",\"logo\":{\"@type\":\"ImageObject\",\"url\":\"https:\\\/\\\/www.eldigitaldeasturias.com\\\/noticias\\\/wp-content\\\/uploads\\\/2020\\\/12\\\/EDA.jpg\",\"@id\":\"https:\\\/\\\/eldigitaldeasturias.com\\\/magazine365\\\/metro-de-madrid-fija-el-porcentaje-de-servicios-minimos-para-los-paros-parciales-del-lunes\\\/#organizationLogo\"},\"image\":{\"@id\":\"https:\\\/\\\/eldigitaldeasturias.com\\\/magazine365\\\/metro-de-madrid-fija-el-porcentaje-de-servicios-minimos-para-los-paros-parciales-del-lunes\\\/#organizationLogo\"}},{\"@type\":\"Person\",\"@id\":\"https:\\\/\\\/eldigitaldeasturias.com\\\/magazine365\\\/author\\\/admin\\\/#author\",\"url\":\"https:\\\/\\\/eldigitaldeasturias.com\\\/magazine365\\\/author\\\/admin\\\/\",\"name\":\"admin\",\"image\":{\"@type\":\"ImageObject\",\"@id\":\"https:\\\/\\\/eldigitaldeasturias.com\\\/magazine365\\\/metro-de-madrid-fija-el-porcentaje-de-servicios-minimos-para-los-paros-parciales-del-lunes\\\/#authorImage\",\"url\":\"https:\\\/\\\/eldigitaldeasturias.com\\\/magazine365\\\/wp-content\\\/litespeed\\\/avatar\\\/e571bcf59a0edd6fa6838245a470f2fe.jpg?ver=1776969259\",\"width\":96,\"height\":96,\"caption\":\"admin\"}},{\"@type\":\"WebPage\",\"@id\":\"https:\\\/\\\/eldigitaldeasturias.com\\\/magazine365\\\/metro-de-madrid-fija-el-porcentaje-de-servicios-minimos-para-los-paros-parciales-del-lunes\\\/#webpage\",\"url\":\"https:\\\/\\\/eldigitaldeasturias.com\\\/magazine365\\\/metro-de-madrid-fija-el-porcentaje-de-servicios-minimos-para-los-paros-parciales-del-lunes\\\/\",\"name\":\"Metro de Madrid fija el porcentaje de servicios m\\u00ednimos para los paros parciales del lunes | El Digital de Asturias\",\"description\":\"Metro de Madrid ha establecido entre el 51 y el 65 por ciento los servicios m\\u00ednimos en la circulaci\\u00f3n de trenes durante los paros parciales convocadas por varias organizaciones sindicales de Metro de Madrid para la semana que viene. Seg\\u00fan expone el suburbano, los paros convocados por el Sindicato del Colectivo de Maquinistas de Metro\",\"inLanguage\":\"es-ES\",\"isPartOf\":{\"@id\":\"https:\\\/\\\/eldigitaldeasturias.com\\\/magazine365\\\/#website\"},\"breadcrumb\":{\"@id\":\"https:\\\/\\\/eldigitaldeasturias.com\\\/magazine365\\\/metro-de-madrid-fija-el-porcentaje-de-servicios-minimos-para-los-paros-parciales-del-lunes\\\/#breadcrumblist\"},\"author\":{\"@id\":\"https:\\\/\\\/eldigitaldeasturias.com\\\/magazine365\\\/author\\\/admin\\\/#author\"},\"creator\":{\"@id\":\"https:\\\/\\\/eldigitaldeasturias.com\\\/magazine365\\\/author\\\/admin\\\/#author\"},\"image\":{\"@type\":\"ImageObject\",\"url\":\"https:\\\/\\\/eldigitaldeasturias.com\\\/magazine365\\\/wp-content\\\/uploads\\\/2016\\\/06\\\/fotonoticia_20160610171419_800.jpg\",\"@id\":\"https:\\\/\\\/eldigitaldeasturias.com\\\/magazine365\\\/metro-de-madrid-fija-el-porcentaje-de-servicios-minimos-para-los-paros-parciales-del-lunes\\\/#mainImage\",\"width\":800,\"height\":533},\"primaryImageOfPage\":{\"@id\":\"https:\\\/\\\/eldigitaldeasturias.com\\\/magazine365\\\/metro-de-madrid-fija-el-porcentaje-de-servicios-minimos-para-los-paros-parciales-del-lunes\\\/#mainImage\"},\"datePublished\":\"2016-06-10T18:38:01+02:00\",\"dateModified\":\"2016-06-10T18:38:01+02:00\"},{\"@type\":\"WebSite\",\"@id\":\"https:\\\/\\\/eldigitaldeasturias.com\\\/magazine365\\\/#website\",\"url\":\"https:\\\/\\\/eldigitaldeasturias.com\\\/magazine365\\\/\",\"name\":\"El Digital de Asturias\",\"description\":\"Revista de ocio, turismo y estilo de vida\",\"inLanguage\":\"es-ES\",\"publisher\":{\"@id\":\"https:\\\/\\\/eldigitaldeasturias.com\\\/magazine365\\\/#organization\"}}]}\n\t\t<\/script>\n\t\t<!-- All in One SEO Pro -->\r\n\t\t<title>Metro de Madrid fija el porcentaje de servicios m\u00ednimos para los paros parciales del lunes | El Digital de Asturias<\/title>\n\n","aioseo_head_json":{"title":"Metro de Madrid fija el porcentaje de servicios m\u00ednimos para los paros parciales del lunes | El Digital de Asturias","description":"Metro de Madrid ha establecido entre el 51 y el 65 por ciento los servicios m\u00ednimos en la circulaci\u00f3n de trenes durante los paros parciales convocadas por varias organizaciones sindicales de Metro de Madrid para la semana que viene. Seg\u00fan expone el suburbano, los paros convocados por el Sindicato del Colectivo de Maquinistas de Metro","canonical_url":"https:\/\/eldigitaldeasturias.com\/magazine365\/metro-de-madrid-fija-el-porcentaje-de-servicios-minimos-para-los-paros-parciales-del-lunes\/","robots":"max-image-preview:large","keywords":"noticias y actualidad","webmasterTools":{"google-site-verification":"UA-38556648-1","miscellaneous":""},"schema":{"@context":"https:\/\/schema.org","@graph":[{"@type":"Article","@id":"https:\/\/eldigitaldeasturias.com\/magazine365\/metro-de-madrid-fija-el-porcentaje-de-servicios-minimos-para-los-paros-parciales-del-lunes\/#article","name":"Metro de Madrid fija el porcentaje de servicios m\u00ednimos para los paros parciales del lunes | El Digital de Asturias","headline":"Metro de Madrid fija el porcentaje de servicios m\u00ednimos para los paros parciales del lunes","author":{"@id":"https:\/\/eldigitaldeasturias.com\/magazine365\/author\/admin\/#author"},"publisher":{"@id":"https:\/\/eldigitaldeasturias.com\/magazine365\/#organization"},"image":{"@type":"ImageObject","url":"https:\/\/eldigitaldeasturias.com\/magazine365\/wp-content\/uploads\/2016\/06\/fotonoticia_20160610171419_800.jpg","width":800,"height":533},"datePublished":"2016-06-10T18:38:01+02:00","dateModified":"2016-06-10T18:38:01+02:00","inLanguage":"es-ES","mainEntityOfPage":{"@id":"https:\/\/eldigitaldeasturias.com\/magazine365\/metro-de-madrid-fija-el-porcentaje-de-servicios-minimos-para-los-paros-parciales-del-lunes\/#webpage"},"isPartOf":{"@id":"https:\/\/eldigitaldeasturias.com\/magazine365\/metro-de-madrid-fija-el-porcentaje-de-servicios-minimos-para-los-paros-parciales-del-lunes\/#webpage"},"articleSection":"Noticias y Actualidad"},{"@type":"BreadcrumbList","@id":"https:\/\/eldigitaldeasturias.com\/magazine365\/metro-de-madrid-fija-el-porcentaje-de-servicios-minimos-para-los-paros-parciales-del-lunes\/#breadcrumblist","itemListElement":[{"@type":"ListItem","@id":"https:\/\/eldigitaldeasturias.com\/magazine365#listItem","position":1,"name":"Home","item":"https:\/\/eldigitaldeasturias.com\/magazine365","nextItem":{"@type":"ListItem","@id":"https:\/\/eldigitaldeasturias.com\/magazine365\/category\/noticias-actualidad\/#listItem","name":"Noticias y Actualidad"}},{"@type":"ListItem","@id":"https:\/\/eldigitaldeasturias.com\/magazine365\/category\/noticias-actualidad\/#listItem","position":2,"name":"Noticias y Actualidad","item":"https:\/\/eldigitaldeasturias.com\/magazine365\/category\/noticias-actualidad\/","nextItem":{"@type":"ListItem","@id":"https:\/\/eldigitaldeasturias.com\/magazine365\/metro-de-madrid-fija-el-porcentaje-de-servicios-minimos-para-los-paros-parciales-del-lunes\/#listItem","name":"Metro de Madrid fija el porcentaje de servicios m\u00ednimos para los paros parciales del lunes"},"previousItem":{"@type":"ListItem","@id":"https:\/\/eldigitaldeasturias.com\/magazine365#listItem","name":"Home"}},{"@type":"ListItem","@id":"https:\/\/eldigitaldeasturias.com\/magazine365\/metro-de-madrid-fija-el-porcentaje-de-servicios-minimos-para-los-paros-parciales-del-lunes\/#listItem","position":3,"name":"Metro de Madrid fija el porcentaje de servicios m\u00ednimos para los paros parciales del lunes","previousItem":{"@type":"ListItem","@id":"https:\/\/eldigitaldeasturias.com\/magazine365\/category\/noticias-actualidad\/#listItem","name":"Noticias y Actualidad"}}]},{"@type":"Organization","@id":"https:\/\/eldigitaldeasturias.com\/magazine365\/#organization","name":"El digital de Asturias","description":"Revista de ocio, turismo y estilo de vida","url":"https:\/\/eldigitaldeasturias.com\/magazine365\/","logo":{"@type":"ImageObject","url":"https:\/\/www.eldigitaldeasturias.com\/noticias\/wp-content\/uploads\/2020\/12\/EDA.jpg","@id":"https:\/\/eldigitaldeasturias.com\/magazine365\/metro-de-madrid-fija-el-porcentaje-de-servicios-minimos-para-los-paros-parciales-del-lunes\/#organizationLogo"},"image":{"@id":"https:\/\/eldigitaldeasturias.com\/magazine365\/metro-de-madrid-fija-el-porcentaje-de-servicios-minimos-para-los-paros-parciales-del-lunes\/#organizationLogo"}},{"@type":"Person","@id":"https:\/\/eldigitaldeasturias.com\/magazine365\/author\/admin\/#author","url":"https:\/\/eldigitaldeasturias.com\/magazine365\/author\/admin\/","name":"admin","image":{"@type":"ImageObject","@id":"https:\/\/eldigitaldeasturias.com\/magazine365\/metro-de-madrid-fija-el-porcentaje-de-servicios-minimos-para-los-paros-parciales-del-lunes\/#authorImage","url":"https:\/\/eldigitaldeasturias.com\/magazine365\/wp-content\/litespeed\/avatar\/e571bcf59a0edd6fa6838245a470f2fe.jpg?ver=1776969259","width":96,"height":96,"caption":"admin"}},{"@type":"WebPage","@id":"https:\/\/eldigitaldeasturias.com\/magazine365\/metro-de-madrid-fija-el-porcentaje-de-servicios-minimos-para-los-paros-parciales-del-lunes\/#webpage","url":"https:\/\/eldigitaldeasturias.com\/magazine365\/metro-de-madrid-fija-el-porcentaje-de-servicios-minimos-para-los-paros-parciales-del-lunes\/","name":"Metro de Madrid fija el porcentaje de servicios m\u00ednimos para los paros parciales del lunes | El Digital de Asturias","description":"Metro de Madrid ha establecido entre el 51 y el 65 por ciento los servicios m\u00ednimos en la circulaci\u00f3n de trenes durante los paros parciales convocadas por varias organizaciones sindicales de Metro de Madrid para la semana que viene. Seg\u00fan expone el suburbano, los paros convocados por el Sindicato del Colectivo de Maquinistas de Metro","inLanguage":"es-ES","isPartOf":{"@id":"https:\/\/eldigitaldeasturias.com\/magazine365\/#website"},"breadcrumb":{"@id":"https:\/\/eldigitaldeasturias.com\/magazine365\/metro-de-madrid-fija-el-porcentaje-de-servicios-minimos-para-los-paros-parciales-del-lunes\/#breadcrumblist"},"author":{"@id":"https:\/\/eldigitaldeasturias.com\/magazine365\/author\/admin\/#author"},"creator":{"@id":"https:\/\/eldigitaldeasturias.com\/magazine365\/author\/admin\/#author"},"image":{"@type":"ImageObject","url":"https:\/\/eldigitaldeasturias.com\/magazine365\/wp-content\/uploads\/2016\/06\/fotonoticia_20160610171419_800.jpg","@id":"https:\/\/eldigitaldeasturias.com\/magazine365\/metro-de-madrid-fija-el-porcentaje-de-servicios-minimos-para-los-paros-parciales-del-lunes\/#mainImage","width":800,"height":533},"primaryImageOfPage":{"@id":"https:\/\/eldigitaldeasturias.com\/magazine365\/metro-de-madrid-fija-el-porcentaje-de-servicios-minimos-para-los-paros-parciales-del-lunes\/#mainImage"},"datePublished":"2016-06-10T18:38:01+02:00","dateModified":"2016-06-10T18:38:01+02:00"},{"@type":"WebSite","@id":"https:\/\/eldigitaldeasturias.com\/magazine365\/#website","url":"https:\/\/eldigitaldeasturias.com\/magazine365\/","name":"El Digital de Asturias","description":"Revista de ocio, turismo y estilo de vida","inLanguage":"es-ES","publisher":{"@id":"https:\/\/eldigitaldeasturias.com\/magazine365\/#organization"}}]},"og:locale":"es_ES","og:site_name":"El Digital de Asturias \u2013 Revista de ocio, turismo y estilo de vida","og:type":"article","og:title":"Metro de Madrid fija el porcentaje de servicios m\u00ednimos para los paros parciales del lunes | El Digital de Asturias","og:description":"Metro de Madrid ha establecido entre el 51 y el 65 por ciento los servicios m\u00ednimos en la circulaci\u00f3n de trenes durante los paros parciales convocadas por varias organizaciones sindicales de Metro de Madrid para la semana que viene. Seg\u00fan expone el suburbano, los paros convocados por el Sindicato del Colectivo de Maquinistas de Metro","og:url":"https:\/\/eldigitaldeasturias.com\/magazine365\/metro-de-madrid-fija-el-porcentaje-de-servicios-minimos-para-los-paros-parciales-del-lunes\/","og:image":"https:\/\/eldigitaldeasturias.com\/magazine365\/wp-content\/uploads\/2016\/06\/fotonoticia_20160610171419_800.jpg","og:image:secure_url":"https:\/\/eldigitaldeasturias.com\/magazine365\/wp-content\/uploads\/2016\/06\/fotonoticia_20160610171419_800.jpg","og:image:width":800,"og:image:height":533,"article:published_time":"2016-06-10T16:38:01+00:00","article:modified_time":"2016-06-10T16:38:01+00:00","twitter:card":"summary_large_image","twitter:title":"Metro de Madrid fija el porcentaje de servicios m\u00ednimos para los paros parciales del lunes | El Digital de Asturias","twitter:description":"Metro de Madrid ha establecido entre el 51 y el 65 por ciento los servicios m\u00ednimos en la circulaci\u00f3n de trenes durante los paros parciales convocadas por varias organizaciones sindicales de Metro de Madrid para la semana que viene. Seg\u00fan expone el suburbano, los paros convocados por el Sindicato del Colectivo de Maquinistas de Metro","twitter:image":"https:\/\/eldigitaldeasturias.com\/magazine365\/wp-content\/uploads\/2016\/06\/fotonoticia_20160610171419_800.jpg"},"aioseo_meta_data":{"post_id":"78793","title":null,"description":null,"keywords":null,"keyphrases":null,"primary_term":null,"canonical_url":null,"og_title":null,"og_description":null,"og_object_type":"default","og_image_type":"default","og_image_url":null,"og_image_width":null,"og_image_height":null,"og_image_custom_url":null,"og_image_custom_fields":null,"og_video":null,"og_custom_url":null,"og_article_section":null,"og_article_tags":null,"twitter_use_og":false,"twitter_card":"default","twitter_image_type":"default","twitter_image_url":null,"twitter_image_custom_url":null,"twitter_image_custom_fields":null,"twitter_title":null,"twitter_description":null,"schema":{"blockGraphs":[],"customGraphs":[],"default":{"data":{"Article":[],"Course":[],"Dataset":[],"FAQPage":[],"Movie":[],"Person":[],"Product":[],"ProductReview":[],"Car":[],"Recipe":[],"Service":[],"SoftwareApplication":[],"WebPage":[]},"graphName":"","isEnabled":true},"graphs":[],"defaultGraph":"","defaultPostTypeGraph":""},"schema_type":null,"schema_type_options":null,"pillar_content":false,"robots_default":true,"robots_noindex":false,"robots_noarchive":false,"robots_nosnippet":false,"robots_nofollow":false,"robots_noimageindex":false,"robots_noodp":false,"robots_notranslate":false,"robots_max_snippet":null,"robots_max_videopreview":null,"robots_max_imagepreview":"large","priority":null,"frequency":null,"location":null,"local_seo":null,"seo_analyzer_scan_date":"2025-09-27 17:38:22","breadcrumb_settings":null,"limit_modified_date":false,"open_ai":null,"ai":null,"created":"2021-03-08 17:56:39","updated":"2025-09-27 17:38:22"},"aioseo_breadcrumb":"<div class=\"aioseo-breadcrumbs\"><span class=\"aioseo-breadcrumb\">\n\t<a href=\"https:\/\/eldigitaldeasturias.com\/magazine365\" title=\"Home\">Home<\/a>\n<\/span><span class=\"aioseo-breadcrumb-separator\">\u2013<\/span><span class=\"aioseo-breadcrumb\">\n\t<a href=\"https:\/\/eldigitaldeasturias.com\/magazine365\/category\/noticias-actualidad\/\" title=\"Noticias y Actualidad\">Noticias y Actualidad<\/a>\n<\/span><span class=\"aioseo-breadcrumb-separator\">\u2013<\/span><span class=\"aioseo-breadcrumb\">\n\t<a href=\"https:\/\/eldigitaldeasturias.com\/magazine365\/metro-de-madrid-fija-el-porcentaje-de-servicios-minimos-para-los-paros-parciales-del-lunes\/\" title=\"Metro de Madrid fija el porcentaje de servicios m\u00ednimos para los paros parciales del lunes\">Metro de Madrid fija el porcentaje de servicios m\u00ednimos para los paros parciales del lunes<\/a>\n<\/span><\/div>","aioseo_breadcrumb_json":[{"label":"Home","link":"https:\/\/eldigitaldeasturias.com\/magazine365"},{"label":"Noticias y Actualidad","link":"https:\/\/eldigitaldeasturias.com\/magazine365\/category\/noticias-actualidad\/"},{"label":"Metro de Madrid fija el porcentaje de servicios m\u00ednimos para los paros parciales del lunes","link":"https:\/\/eldigitaldeasturias.com\/magazine365\/metro-de-madrid-fija-el-porcentaje-de-servicios-minimos-para-los-paros-parciales-del-lunes\/"}],"_links":{"self":[{"href":"https:\/\/eldigitaldeasturias.com\/magazine365\/wp-json\/wp\/v2\/posts\/78793","targetHints":{"allow":["GET"]}}],"collection":[{"href":"https:\/\/eldigitaldeasturias.com\/magazine365\/wp-json\/wp\/v2\/posts"}],"about":[{"href":"https:\/\/eldigitaldeasturias.com\/magazine365\/wp-json\/wp\/v2\/types\/post"}],"author":[{"embeddable":true,"href":"https:\/\/eldigitaldeasturias.com\/magazine365\/wp-json\/wp\/v2\/users\/1"}],"replies":[{"embeddable":true,"href":"https:\/\/eldigitaldeasturias.com\/magazine365\/wp-json\/wp\/v2\/comments?post=78793"}],"version-history":[{"count":0,"href":"https:\/\/eldigitaldeasturias.com\/magazine365\/wp-json\/wp\/v2\/posts\/78793\/revisions"}],"wp:featuredmedia":[{"embeddable":true,"href":"https:\/\/eldigitaldeasturias.com\/magazine365\/wp-json\/wp\/v2\/media\/78794"}],"wp:attachment":[{"href":"https:\/\/eldigitaldeasturias.com\/magazine365\/wp-json\/wp\/v2\/media?parent=78793"}],"wp:term":[{"taxonomy":"category","embeddable":true,"href":"https:\/\/eldigitaldeasturias.com\/magazine365\/wp-json\/wp\/v2\/categories?post=78793"},{"taxonomy":"post_tag","embeddable":true,"href":"https:\/\/eldigitaldeasturias.com\/magazine365\/wp-json\/wp\/v2\/tags?post=78793"}],"curies":[{"name":"wp","href":"https:\/\/api.w.org\/{rel}","templated":true}]}}