{"id":78790,"date":"2016-06-10T18:36:35","date_gmt":"2016-06-10T16:36:35","guid":{"rendered":"http:\/\/eldigitaldeasturias.com\/magazine365\/?p=78790"},"modified":"2016-06-10T18:36:35","modified_gmt":"2016-06-10T16:36:35","slug":"portaventura-celebrara-este-sabado-un-dia-sin-gluten-con-unos-4-500-participantes","status":"publish","type":"post","link":"https:\/\/eldigitaldeasturias.com\/magazine365\/portaventura-celebrara-este-sabado-un-dia-sin-gluten-con-unos-4-500-participantes\/","title":{"rendered":"PortAventura celebrar\u00e1 este s\u00e1bado un d\u00eda sin gluten con unos 4.500 participantes"},"content":{"rendered":"<p><img fetchpriority=\"high\" decoding=\"async\" class=\"alignleft size-medium wp-image-78791\" src=\"https:\/\/eldigitaldeasturias.com\/magazine365\/wp-content\/uploads\/2016\/06\/fotonoticia_20160610171330_800-360x236.jpg\" alt=\"fotonoticia_20160610171330_800\" width=\"360\" height=\"236\" srcset=\"https:\/\/eldigitaldeasturias.com\/magazine365\/wp-content\/uploads\/2016\/06\/fotonoticia_20160610171330_800-360x236.jpg 360w, https:\/\/eldigitaldeasturias.com\/magazine365\/wp-content\/uploads\/2016\/06\/fotonoticia_20160610171330_800-650x426.jpg 650w, https:\/\/eldigitaldeasturias.com\/magazine365\/wp-content\/uploads\/2016\/06\/fotonoticia_20160610171330_800-768x503.jpg 768w, https:\/\/eldigitaldeasturias.com\/magazine365\/wp-content\/uploads\/2016\/06\/fotonoticia_20160610171330_800-150x98.jpg 150w, https:\/\/eldigitaldeasturias.com\/magazine365\/wp-content\/uploads\/2016\/06\/fotonoticia_20160610171330_800-450x295.jpg 450w, https:\/\/eldigitaldeasturias.com\/magazine365\/wp-content\/uploads\/2016\/06\/fotonoticia_20160610171330_800-121x79.jpg 121w, https:\/\/eldigitaldeasturias.com\/magazine365\/wp-content\/uploads\/2016\/06\/fotonoticia_20160610171330_800-101x66.jpg 101w, https:\/\/eldigitaldeasturias.com\/magazine365\/wp-content\/uploads\/2016\/06\/fotonoticia_20160610171330_800-326x213.jpg 326w, https:\/\/eldigitaldeasturias.com\/magazine365\/wp-content\/uploads\/2016\/06\/fotonoticia_20160610171330_800.jpg 800w\" sizes=\"(max-width: 360px) 100vw, 360px\" \/>PortAventura celebrar\u00e1 este s\u00e1bado la IV jornada &#8216;Un d\u00eda sin gluten&#8217; que espera recibir a cerca de 4.500 participantes con el objetivo de integrar a las personas cel\u00edacas y sensibilizar a la sociedad sobre esta intolerancia, han informado sus organizadores.<\/p>\n<p>Con motivo de la celebraci\u00f3n, promovida por la Associaci\u00f3 de Cel\u00edacs de Catalunya con el apoyo de la Fundaci\u00f3n PortAventura, dos restaurantes de autoservicio del parque de atracciones servir\u00e1n \u00fanicamente productos sin gluten.<\/p>\n<p>Se trata de los restaurantes &#8216;The Old Steak House&#8217;, en la zona del Far West, y &#8216;Bora Bora&#8217;, en la Polynesia, adem\u00e1s de la oferta sin gluten de helader\u00edas y yogurter\u00edas de la zonas del Far West, Mediterr\u00e0nia y M\u00e9xico.<\/p>\n<p>&#8216;Un d\u00eda sin gluten&#8217; es un acto destinado a los miembros y familiares de la asociaci\u00f3n de cel\u00edacos para que, con un precio especial para la entrada, puedan disfrutar de la oferta l\u00fadica en familia y con seguridad de men\u00fas y de productos sin gluten.<\/p>\n<p>Presidida por Olga Cuesta, la Associaci\u00f3 de Cel\u00edacs de Catalunya cuenta con un total de 10.000 socios y 7.400 familias asociadas, y empez\u00f3 a promover esta jornada desde 2013.<\/p>\n<p>PortAventura Resort trabaja para disponer de una oferta para personas cel\u00edacas, y dispone de la gu\u00eda &#8216;D\u00f3nde comer&#8217; en la que se puede encontrar la informaci\u00f3n de los puntos de restauraci\u00f3n del parque, servicios de mesa, autoservicios y hoteles donde conseguir productos para cel\u00edacos.<\/p>\n","protected":false},"excerpt":{"rendered":"<p>PortAventura celebrar\u00e1 este s\u00e1bado la IV jornada &#8216;Un d\u00eda sin gluten&#8217; que espera recibir a cerca de 4.500 participantes con el objetivo de integrar a las personas cel\u00edacas y sensibilizar a la sociedad sobre esta intolerancia, han informado sus organizadores. Con motivo de la celebraci\u00f3n, promovida por la Associaci\u00f3 de Cel\u00edacs de Catalunya con el<\/p>\n","protected":false},"author":1,"featured_media":78791,"comment_status":"open","ping_status":"closed","sticky":false,"template":"","format":"standard","meta":{"footnotes":""},"categories":[224],"tags":[],"class_list":{"0":"post-78790","1":"post","2":"type-post","3":"status-publish","4":"format-standard","5":"has-post-thumbnail","7":"category-noticias-actualidad"},"aioseo_notices":[],"aioseo_head":"\n\t\t<!-- All in One SEO Pro 4.9.6.1 - aioseo.com -->\n\t<meta name=\"description\" content=\"PortAventura celebrar\u00e1 este s\u00e1bado la IV jornada &#039;Un d\u00eda sin gluten&#039; que espera recibir a cerca de 4.500 participantes con el objetivo de integrar a las personas cel\u00edacas y sensibilizar a la sociedad sobre esta intolerancia, han informado sus organizadores. Con motivo de la celebraci\u00f3n, promovida por la Associaci\u00f3 de Cel\u00edacs de Catalunya con el\" \/>\n\t<meta name=\"robots\" content=\"max-image-preview:large\" \/>\n\t<meta name=\"author\" content=\"admin\"\/>\n\t<meta name=\"google-site-verification\" content=\"UA-38556648-1\" \/>\n\t<meta name=\"keywords\" content=\"noticias y actualidad\" \/>\n\t<link rel=\"canonical\" href=\"https:\/\/eldigitaldeasturias.com\/magazine365\/portaventura-celebrara-este-sabado-un-dia-sin-gluten-con-unos-4-500-participantes\/\" \/>\n\t<meta name=\"generator\" content=\"All in One SEO Pro (AIOSEO) 4.9.6.1\" \/>\n\t\t<meta property=\"og:locale\" content=\"es_ES\" \/>\n\t\t<meta property=\"og:site_name\" content=\"El Digital de Asturias \u2013 Revista de ocio, turismo y estilo de vida\" \/>\n\t\t<meta property=\"og:type\" content=\"article\" \/>\n\t\t<meta property=\"og:title\" content=\"PortAventura celebrar\u00e1 este s\u00e1bado un d\u00eda sin gluten con unos 4.500 participantes | El Digital de Asturias\" \/>\n\t\t<meta property=\"og:description\" content=\"PortAventura celebrar\u00e1 este s\u00e1bado la IV jornada &#039;Un d\u00eda sin gluten&#039; que espera recibir a cerca de 4.500 participantes con el objetivo de integrar a las personas cel\u00edacas y sensibilizar a la sociedad sobre esta intolerancia, han informado sus organizadores. Con motivo de la celebraci\u00f3n, promovida por la Associaci\u00f3 de Cel\u00edacs de Catalunya con el\" \/>\n\t\t<meta property=\"og:url\" content=\"https:\/\/eldigitaldeasturias.com\/magazine365\/portaventura-celebrara-este-sabado-un-dia-sin-gluten-con-unos-4-500-participantes\/\" \/>\n\t\t<meta property=\"og:image\" content=\"https:\/\/eldigitaldeasturias.com\/magazine365\/wp-content\/uploads\/2016\/06\/fotonoticia_20160610171330_800.jpg\" \/>\n\t\t<meta property=\"og:image:secure_url\" content=\"https:\/\/eldigitaldeasturias.com\/magazine365\/wp-content\/uploads\/2016\/06\/fotonoticia_20160610171330_800.jpg\" \/>\n\t\t<meta property=\"og:image:width\" content=\"800\" \/>\n\t\t<meta property=\"og:image:height\" content=\"524\" \/>\n\t\t<meta property=\"article:published_time\" content=\"2016-06-10T16:36:35+00:00\" \/>\n\t\t<meta property=\"article:modified_time\" content=\"2016-06-10T16:36:35+00:00\" \/>\n\t\t<meta name=\"twitter:card\" content=\"summary_large_image\" \/>\n\t\t<meta name=\"twitter:title\" content=\"PortAventura celebrar\u00e1 este s\u00e1bado un d\u00eda sin gluten con unos 4.500 participantes | El Digital de Asturias\" \/>\n\t\t<meta name=\"twitter:description\" content=\"PortAventura celebrar\u00e1 este s\u00e1bado la IV jornada &#039;Un d\u00eda sin gluten&#039; que espera recibir a cerca de 4.500 participantes con el objetivo de integrar a las personas cel\u00edacas y sensibilizar a la sociedad sobre esta intolerancia, han informado sus organizadores. Con motivo de la celebraci\u00f3n, promovida por la Associaci\u00f3 de Cel\u00edacs de Catalunya con el\" \/>\n\t\t<meta name=\"twitter:image\" content=\"https:\/\/eldigitaldeasturias.com\/magazine365\/wp-content\/uploads\/2016\/06\/fotonoticia_20160610171330_800.jpg\" \/>\n\t\t<script type=\"application\/ld+json\" class=\"aioseo-schema\">\n\t\t\t{\"@context\":\"https:\\\/\\\/schema.org\",\"@graph\":[{\"@type\":\"Article\",\"@id\":\"https:\\\/\\\/eldigitaldeasturias.com\\\/magazine365\\\/portaventura-celebrara-este-sabado-un-dia-sin-gluten-con-unos-4-500-participantes\\\/#article\",\"name\":\"PortAventura celebrar\\u00e1 este s\\u00e1bado un d\\u00eda sin gluten con unos 4.500 participantes | El Digital de Asturias\",\"headline\":\"PortAventura celebrar\\u00e1 este s\\u00e1bado un d\\u00eda sin gluten con unos 4.500 participantes\",\"author\":{\"@id\":\"https:\\\/\\\/eldigitaldeasturias.com\\\/magazine365\\\/author\\\/admin\\\/#author\"},\"publisher\":{\"@id\":\"https:\\\/\\\/eldigitaldeasturias.com\\\/magazine365\\\/#organization\"},\"image\":{\"@type\":\"ImageObject\",\"url\":\"https:\\\/\\\/eldigitaldeasturias.com\\\/magazine365\\\/wp-content\\\/uploads\\\/2016\\\/06\\\/fotonoticia_20160610171330_800.jpg\",\"width\":800,\"height\":524},\"datePublished\":\"2016-06-10T18:36:35+02:00\",\"dateModified\":\"2016-06-10T18:36:35+02:00\",\"inLanguage\":\"es-ES\",\"mainEntityOfPage\":{\"@id\":\"https:\\\/\\\/eldigitaldeasturias.com\\\/magazine365\\\/portaventura-celebrara-este-sabado-un-dia-sin-gluten-con-unos-4-500-participantes\\\/#webpage\"},\"isPartOf\":{\"@id\":\"https:\\\/\\\/eldigitaldeasturias.com\\\/magazine365\\\/portaventura-celebrara-este-sabado-un-dia-sin-gluten-con-unos-4-500-participantes\\\/#webpage\"},\"articleSection\":\"Noticias y Actualidad\"},{\"@type\":\"BreadcrumbList\",\"@id\":\"https:\\\/\\\/eldigitaldeasturias.com\\\/magazine365\\\/portaventura-celebrara-este-sabado-un-dia-sin-gluten-con-unos-4-500-participantes\\\/#breadcrumblist\",\"itemListElement\":[{\"@type\":\"ListItem\",\"@id\":\"https:\\\/\\\/eldigitaldeasturias.com\\\/magazine365#listItem\",\"position\":1,\"name\":\"Home\",\"item\":\"https:\\\/\\\/eldigitaldeasturias.com\\\/magazine365\",\"nextItem\":{\"@type\":\"ListItem\",\"@id\":\"https:\\\/\\\/eldigitaldeasturias.com\\\/magazine365\\\/category\\\/noticias-actualidad\\\/#listItem\",\"name\":\"Noticias y Actualidad\"}},{\"@type\":\"ListItem\",\"@id\":\"https:\\\/\\\/eldigitaldeasturias.com\\\/magazine365\\\/category\\\/noticias-actualidad\\\/#listItem\",\"position\":2,\"name\":\"Noticias y Actualidad\",\"item\":\"https:\\\/\\\/eldigitaldeasturias.com\\\/magazine365\\\/category\\\/noticias-actualidad\\\/\",\"nextItem\":{\"@type\":\"ListItem\",\"@id\":\"https:\\\/\\\/eldigitaldeasturias.com\\\/magazine365\\\/portaventura-celebrara-este-sabado-un-dia-sin-gluten-con-unos-4-500-participantes\\\/#listItem\",\"name\":\"PortAventura celebrar\\u00e1 este s\\u00e1bado un d\\u00eda sin gluten con unos 4.500 participantes\"},\"previousItem\":{\"@type\":\"ListItem\",\"@id\":\"https:\\\/\\\/eldigitaldeasturias.com\\\/magazine365#listItem\",\"name\":\"Home\"}},{\"@type\":\"ListItem\",\"@id\":\"https:\\\/\\\/eldigitaldeasturias.com\\\/magazine365\\\/portaventura-celebrara-este-sabado-un-dia-sin-gluten-con-unos-4-500-participantes\\\/#listItem\",\"position\":3,\"name\":\"PortAventura celebrar\\u00e1 este s\\u00e1bado un d\\u00eda sin gluten con unos 4.500 participantes\",\"previousItem\":{\"@type\":\"ListItem\",\"@id\":\"https:\\\/\\\/eldigitaldeasturias.com\\\/magazine365\\\/category\\\/noticias-actualidad\\\/#listItem\",\"name\":\"Noticias y Actualidad\"}}]},{\"@type\":\"Organization\",\"@id\":\"https:\\\/\\\/eldigitaldeasturias.com\\\/magazine365\\\/#organization\",\"name\":\"El digital de Asturias\",\"description\":\"Revista de ocio, turismo y estilo de vida\",\"url\":\"https:\\\/\\\/eldigitaldeasturias.com\\\/magazine365\\\/\",\"logo\":{\"@type\":\"ImageObject\",\"url\":\"https:\\\/\\\/www.eldigitaldeasturias.com\\\/noticias\\\/wp-content\\\/uploads\\\/2020\\\/12\\\/EDA.jpg\",\"@id\":\"https:\\\/\\\/eldigitaldeasturias.com\\\/magazine365\\\/portaventura-celebrara-este-sabado-un-dia-sin-gluten-con-unos-4-500-participantes\\\/#organizationLogo\"},\"image\":{\"@id\":\"https:\\\/\\\/eldigitaldeasturias.com\\\/magazine365\\\/portaventura-celebrara-este-sabado-un-dia-sin-gluten-con-unos-4-500-participantes\\\/#organizationLogo\"}},{\"@type\":\"Person\",\"@id\":\"https:\\\/\\\/eldigitaldeasturias.com\\\/magazine365\\\/author\\\/admin\\\/#author\",\"url\":\"https:\\\/\\\/eldigitaldeasturias.com\\\/magazine365\\\/author\\\/admin\\\/\",\"name\":\"admin\",\"image\":{\"@type\":\"ImageObject\",\"@id\":\"https:\\\/\\\/eldigitaldeasturias.com\\\/magazine365\\\/portaventura-celebrara-este-sabado-un-dia-sin-gluten-con-unos-4-500-participantes\\\/#authorImage\",\"url\":\"https:\\\/\\\/eldigitaldeasturias.com\\\/magazine365\\\/wp-content\\\/litespeed\\\/avatar\\\/e571bcf59a0edd6fa6838245a470f2fe.jpg?ver=1776969259\",\"width\":96,\"height\":96,\"caption\":\"admin\"}},{\"@type\":\"WebPage\",\"@id\":\"https:\\\/\\\/eldigitaldeasturias.com\\\/magazine365\\\/portaventura-celebrara-este-sabado-un-dia-sin-gluten-con-unos-4-500-participantes\\\/#webpage\",\"url\":\"https:\\\/\\\/eldigitaldeasturias.com\\\/magazine365\\\/portaventura-celebrara-este-sabado-un-dia-sin-gluten-con-unos-4-500-participantes\\\/\",\"name\":\"PortAventura celebrar\\u00e1 este s\\u00e1bado un d\\u00eda sin gluten con unos 4.500 participantes | El Digital de Asturias\",\"description\":\"PortAventura celebrar\\u00e1 este s\\u00e1bado la IV jornada 'Un d\\u00eda sin gluten' que espera recibir a cerca de 4.500 participantes con el objetivo de integrar a las personas cel\\u00edacas y sensibilizar a la sociedad sobre esta intolerancia, han informado sus organizadores. Con motivo de la celebraci\\u00f3n, promovida por la Associaci\\u00f3 de Cel\\u00edacs de Catalunya con el\",\"inLanguage\":\"es-ES\",\"isPartOf\":{\"@id\":\"https:\\\/\\\/eldigitaldeasturias.com\\\/magazine365\\\/#website\"},\"breadcrumb\":{\"@id\":\"https:\\\/\\\/eldigitaldeasturias.com\\\/magazine365\\\/portaventura-celebrara-este-sabado-un-dia-sin-gluten-con-unos-4-500-participantes\\\/#breadcrumblist\"},\"author\":{\"@id\":\"https:\\\/\\\/eldigitaldeasturias.com\\\/magazine365\\\/author\\\/admin\\\/#author\"},\"creator\":{\"@id\":\"https:\\\/\\\/eldigitaldeasturias.com\\\/magazine365\\\/author\\\/admin\\\/#author\"},\"image\":{\"@type\":\"ImageObject\",\"url\":\"https:\\\/\\\/eldigitaldeasturias.com\\\/magazine365\\\/wp-content\\\/uploads\\\/2016\\\/06\\\/fotonoticia_20160610171330_800.jpg\",\"@id\":\"https:\\\/\\\/eldigitaldeasturias.com\\\/magazine365\\\/portaventura-celebrara-este-sabado-un-dia-sin-gluten-con-unos-4-500-participantes\\\/#mainImage\",\"width\":800,\"height\":524},\"primaryImageOfPage\":{\"@id\":\"https:\\\/\\\/eldigitaldeasturias.com\\\/magazine365\\\/portaventura-celebrara-este-sabado-un-dia-sin-gluten-con-unos-4-500-participantes\\\/#mainImage\"},\"datePublished\":\"2016-06-10T18:36:35+02:00\",\"dateModified\":\"2016-06-10T18:36:35+02:00\"},{\"@type\":\"WebSite\",\"@id\":\"https:\\\/\\\/eldigitaldeasturias.com\\\/magazine365\\\/#website\",\"url\":\"https:\\\/\\\/eldigitaldeasturias.com\\\/magazine365\\\/\",\"name\":\"El Digital de Asturias\",\"description\":\"Revista de ocio, turismo y estilo de vida\",\"inLanguage\":\"es-ES\",\"publisher\":{\"@id\":\"https:\\\/\\\/eldigitaldeasturias.com\\\/magazine365\\\/#organization\"}}]}\n\t\t<\/script>\n\t\t<!-- All in One SEO Pro -->\r\n\t\t<title>PortAventura celebrar\u00e1 este s\u00e1bado un d\u00eda sin gluten con unos 4.500 participantes | El Digital de Asturias<\/title>\n\n","aioseo_head_json":{"title":"PortAventura celebrar\u00e1 este s\u00e1bado un d\u00eda sin gluten con unos 4.500 participantes | El Digital de Asturias","description":"PortAventura celebrar\u00e1 este s\u00e1bado la IV jornada 'Un d\u00eda sin gluten' que espera recibir a cerca de 4.500 participantes con el objetivo de integrar a las personas cel\u00edacas y sensibilizar a la sociedad sobre esta intolerancia, han informado sus organizadores. Con motivo de la celebraci\u00f3n, promovida por la Associaci\u00f3 de Cel\u00edacs de Catalunya con el","canonical_url":"https:\/\/eldigitaldeasturias.com\/magazine365\/portaventura-celebrara-este-sabado-un-dia-sin-gluten-con-unos-4-500-participantes\/","robots":"max-image-preview:large","keywords":"noticias y actualidad","webmasterTools":{"google-site-verification":"UA-38556648-1","miscellaneous":""},"schema":{"@context":"https:\/\/schema.org","@graph":[{"@type":"Article","@id":"https:\/\/eldigitaldeasturias.com\/magazine365\/portaventura-celebrara-este-sabado-un-dia-sin-gluten-con-unos-4-500-participantes\/#article","name":"PortAventura celebrar\u00e1 este s\u00e1bado un d\u00eda sin gluten con unos 4.500 participantes | El Digital de Asturias","headline":"PortAventura celebrar\u00e1 este s\u00e1bado un d\u00eda sin gluten con unos 4.500 participantes","author":{"@id":"https:\/\/eldigitaldeasturias.com\/magazine365\/author\/admin\/#author"},"publisher":{"@id":"https:\/\/eldigitaldeasturias.com\/magazine365\/#organization"},"image":{"@type":"ImageObject","url":"https:\/\/eldigitaldeasturias.com\/magazine365\/wp-content\/uploads\/2016\/06\/fotonoticia_20160610171330_800.jpg","width":800,"height":524},"datePublished":"2016-06-10T18:36:35+02:00","dateModified":"2016-06-10T18:36:35+02:00","inLanguage":"es-ES","mainEntityOfPage":{"@id":"https:\/\/eldigitaldeasturias.com\/magazine365\/portaventura-celebrara-este-sabado-un-dia-sin-gluten-con-unos-4-500-participantes\/#webpage"},"isPartOf":{"@id":"https:\/\/eldigitaldeasturias.com\/magazine365\/portaventura-celebrara-este-sabado-un-dia-sin-gluten-con-unos-4-500-participantes\/#webpage"},"articleSection":"Noticias y Actualidad"},{"@type":"BreadcrumbList","@id":"https:\/\/eldigitaldeasturias.com\/magazine365\/portaventura-celebrara-este-sabado-un-dia-sin-gluten-con-unos-4-500-participantes\/#breadcrumblist","itemListElement":[{"@type":"ListItem","@id":"https:\/\/eldigitaldeasturias.com\/magazine365#listItem","position":1,"name":"Home","item":"https:\/\/eldigitaldeasturias.com\/magazine365","nextItem":{"@type":"ListItem","@id":"https:\/\/eldigitaldeasturias.com\/magazine365\/category\/noticias-actualidad\/#listItem","name":"Noticias y Actualidad"}},{"@type":"ListItem","@id":"https:\/\/eldigitaldeasturias.com\/magazine365\/category\/noticias-actualidad\/#listItem","position":2,"name":"Noticias y Actualidad","item":"https:\/\/eldigitaldeasturias.com\/magazine365\/category\/noticias-actualidad\/","nextItem":{"@type":"ListItem","@id":"https:\/\/eldigitaldeasturias.com\/magazine365\/portaventura-celebrara-este-sabado-un-dia-sin-gluten-con-unos-4-500-participantes\/#listItem","name":"PortAventura celebrar\u00e1 este s\u00e1bado un d\u00eda sin gluten con unos 4.500 participantes"},"previousItem":{"@type":"ListItem","@id":"https:\/\/eldigitaldeasturias.com\/magazine365#listItem","name":"Home"}},{"@type":"ListItem","@id":"https:\/\/eldigitaldeasturias.com\/magazine365\/portaventura-celebrara-este-sabado-un-dia-sin-gluten-con-unos-4-500-participantes\/#listItem","position":3,"name":"PortAventura celebrar\u00e1 este s\u00e1bado un d\u00eda sin gluten con unos 4.500 participantes","previousItem":{"@type":"ListItem","@id":"https:\/\/eldigitaldeasturias.com\/magazine365\/category\/noticias-actualidad\/#listItem","name":"Noticias y Actualidad"}}]},{"@type":"Organization","@id":"https:\/\/eldigitaldeasturias.com\/magazine365\/#organization","name":"El digital de Asturias","description":"Revista de ocio, turismo y estilo de vida","url":"https:\/\/eldigitaldeasturias.com\/magazine365\/","logo":{"@type":"ImageObject","url":"https:\/\/www.eldigitaldeasturias.com\/noticias\/wp-content\/uploads\/2020\/12\/EDA.jpg","@id":"https:\/\/eldigitaldeasturias.com\/magazine365\/portaventura-celebrara-este-sabado-un-dia-sin-gluten-con-unos-4-500-participantes\/#organizationLogo"},"image":{"@id":"https:\/\/eldigitaldeasturias.com\/magazine365\/portaventura-celebrara-este-sabado-un-dia-sin-gluten-con-unos-4-500-participantes\/#organizationLogo"}},{"@type":"Person","@id":"https:\/\/eldigitaldeasturias.com\/magazine365\/author\/admin\/#author","url":"https:\/\/eldigitaldeasturias.com\/magazine365\/author\/admin\/","name":"admin","image":{"@type":"ImageObject","@id":"https:\/\/eldigitaldeasturias.com\/magazine365\/portaventura-celebrara-este-sabado-un-dia-sin-gluten-con-unos-4-500-participantes\/#authorImage","url":"https:\/\/eldigitaldeasturias.com\/magazine365\/wp-content\/litespeed\/avatar\/e571bcf59a0edd6fa6838245a470f2fe.jpg?ver=1776969259","width":96,"height":96,"caption":"admin"}},{"@type":"WebPage","@id":"https:\/\/eldigitaldeasturias.com\/magazine365\/portaventura-celebrara-este-sabado-un-dia-sin-gluten-con-unos-4-500-participantes\/#webpage","url":"https:\/\/eldigitaldeasturias.com\/magazine365\/portaventura-celebrara-este-sabado-un-dia-sin-gluten-con-unos-4-500-participantes\/","name":"PortAventura celebrar\u00e1 este s\u00e1bado un d\u00eda sin gluten con unos 4.500 participantes | El Digital de Asturias","description":"PortAventura celebrar\u00e1 este s\u00e1bado la IV jornada 'Un d\u00eda sin gluten' que espera recibir a cerca de 4.500 participantes con el objetivo de integrar a las personas cel\u00edacas y sensibilizar a la sociedad sobre esta intolerancia, han informado sus organizadores. Con motivo de la celebraci\u00f3n, promovida por la Associaci\u00f3 de Cel\u00edacs de Catalunya con el","inLanguage":"es-ES","isPartOf":{"@id":"https:\/\/eldigitaldeasturias.com\/magazine365\/#website"},"breadcrumb":{"@id":"https:\/\/eldigitaldeasturias.com\/magazine365\/portaventura-celebrara-este-sabado-un-dia-sin-gluten-con-unos-4-500-participantes\/#breadcrumblist"},"author":{"@id":"https:\/\/eldigitaldeasturias.com\/magazine365\/author\/admin\/#author"},"creator":{"@id":"https:\/\/eldigitaldeasturias.com\/magazine365\/author\/admin\/#author"},"image":{"@type":"ImageObject","url":"https:\/\/eldigitaldeasturias.com\/magazine365\/wp-content\/uploads\/2016\/06\/fotonoticia_20160610171330_800.jpg","@id":"https:\/\/eldigitaldeasturias.com\/magazine365\/portaventura-celebrara-este-sabado-un-dia-sin-gluten-con-unos-4-500-participantes\/#mainImage","width":800,"height":524},"primaryImageOfPage":{"@id":"https:\/\/eldigitaldeasturias.com\/magazine365\/portaventura-celebrara-este-sabado-un-dia-sin-gluten-con-unos-4-500-participantes\/#mainImage"},"datePublished":"2016-06-10T18:36:35+02:00","dateModified":"2016-06-10T18:36:35+02:00"},{"@type":"WebSite","@id":"https:\/\/eldigitaldeasturias.com\/magazine365\/#website","url":"https:\/\/eldigitaldeasturias.com\/magazine365\/","name":"El Digital de Asturias","description":"Revista de ocio, turismo y estilo de vida","inLanguage":"es-ES","publisher":{"@id":"https:\/\/eldigitaldeasturias.com\/magazine365\/#organization"}}]},"og:locale":"es_ES","og:site_name":"El Digital de Asturias \u2013 Revista de ocio, turismo y estilo de vida","og:type":"article","og:title":"PortAventura celebrar\u00e1 este s\u00e1bado un d\u00eda sin gluten con unos 4.500 participantes | El Digital de Asturias","og:description":"PortAventura celebrar\u00e1 este s\u00e1bado la IV jornada 'Un d\u00eda sin gluten' que espera recibir a cerca de 4.500 participantes con el objetivo de integrar a las personas cel\u00edacas y sensibilizar a la sociedad sobre esta intolerancia, han informado sus organizadores. Con motivo de la celebraci\u00f3n, promovida por la Associaci\u00f3 de Cel\u00edacs de Catalunya con el","og:url":"https:\/\/eldigitaldeasturias.com\/magazine365\/portaventura-celebrara-este-sabado-un-dia-sin-gluten-con-unos-4-500-participantes\/","og:image":"https:\/\/eldigitaldeasturias.com\/magazine365\/wp-content\/uploads\/2016\/06\/fotonoticia_20160610171330_800.jpg","og:image:secure_url":"https:\/\/eldigitaldeasturias.com\/magazine365\/wp-content\/uploads\/2016\/06\/fotonoticia_20160610171330_800.jpg","og:image:width":800,"og:image:height":524,"article:published_time":"2016-06-10T16:36:35+00:00","article:modified_time":"2016-06-10T16:36:35+00:00","twitter:card":"summary_large_image","twitter:title":"PortAventura celebrar\u00e1 este s\u00e1bado un d\u00eda sin gluten con unos 4.500 participantes | El Digital de Asturias","twitter:description":"PortAventura celebrar\u00e1 este s\u00e1bado la IV jornada 'Un d\u00eda sin gluten' que espera recibir a cerca de 4.500 participantes con el objetivo de integrar a las personas cel\u00edacas y sensibilizar a la sociedad sobre esta intolerancia, han informado sus organizadores. Con motivo de la celebraci\u00f3n, promovida por la Associaci\u00f3 de Cel\u00edacs de Catalunya con el","twitter:image":"https:\/\/eldigitaldeasturias.com\/magazine365\/wp-content\/uploads\/2016\/06\/fotonoticia_20160610171330_800.jpg"},"aioseo_meta_data":{"post_id":"78790","title":null,"description":null,"keywords":null,"keyphrases":null,"primary_term":null,"canonical_url":null,"og_title":null,"og_description":null,"og_object_type":"default","og_image_type":"default","og_image_url":null,"og_image_width":null,"og_image_height":null,"og_image_custom_url":null,"og_image_custom_fields":null,"og_video":null,"og_custom_url":null,"og_article_section":null,"og_article_tags":null,"twitter_use_og":false,"twitter_card":"default","twitter_image_type":"default","twitter_image_url":null,"twitter_image_custom_url":null,"twitter_image_custom_fields":null,"twitter_title":null,"twitter_description":null,"schema":{"blockGraphs":[],"customGraphs":[],"default":{"data":{"Article":[],"Course":[],"Dataset":[],"FAQPage":[],"Movie":[],"Person":[],"Product":[],"ProductReview":[],"Car":[],"Recipe":[],"Service":[],"SoftwareApplication":[],"WebPage":[]},"graphName":"","isEnabled":true},"graphs":[]},"schema_type":null,"schema_type_options":null,"pillar_content":false,"robots_default":true,"robots_noindex":false,"robots_noarchive":false,"robots_nosnippet":false,"robots_nofollow":false,"robots_noimageindex":false,"robots_noodp":false,"robots_notranslate":false,"robots_max_snippet":null,"robots_max_videopreview":null,"robots_max_imagepreview":"large","priority":null,"frequency":null,"location":null,"local_seo":null,"seo_analyzer_scan_date":"2025-09-27 17:38:21","breadcrumb_settings":null,"limit_modified_date":false,"open_ai":null,"ai":null,"created":"2021-03-08 17:56:39","updated":"2025-09-27 17:38:21"},"aioseo_breadcrumb":"<div class=\"aioseo-breadcrumbs\"><span class=\"aioseo-breadcrumb\">\n\t<a href=\"https:\/\/eldigitaldeasturias.com\/magazine365\" title=\"Home\">Home<\/a>\n<\/span><span class=\"aioseo-breadcrumb-separator\">\u2013<\/span><span class=\"aioseo-breadcrumb\">\n\t<a href=\"https:\/\/eldigitaldeasturias.com\/magazine365\/category\/noticias-actualidad\/\" title=\"Noticias y Actualidad\">Noticias y Actualidad<\/a>\n<\/span><span class=\"aioseo-breadcrumb-separator\">\u2013<\/span><span class=\"aioseo-breadcrumb\">\n\t<a href=\"https:\/\/eldigitaldeasturias.com\/magazine365\/portaventura-celebrara-este-sabado-un-dia-sin-gluten-con-unos-4-500-participantes\/\" title=\"PortAventura celebrar\u00e1 este s\u00e1bado un d\u00eda sin gluten con unos 4.500 participantes\">PortAventura celebrar\u00e1 este s\u00e1bado un d\u00eda sin gluten con unos 4.500 participantes<\/a>\n<\/span><\/div>","aioseo_breadcrumb_json":[{"label":"Home","link":"https:\/\/eldigitaldeasturias.com\/magazine365"},{"label":"Noticias y Actualidad","link":"https:\/\/eldigitaldeasturias.com\/magazine365\/category\/noticias-actualidad\/"},{"label":"PortAventura celebrar\u00e1 este s\u00e1bado un d\u00eda sin gluten con unos 4.500 participantes","link":"https:\/\/eldigitaldeasturias.com\/magazine365\/portaventura-celebrara-este-sabado-un-dia-sin-gluten-con-unos-4-500-participantes\/"}],"_links":{"self":[{"href":"https:\/\/eldigitaldeasturias.com\/magazine365\/wp-json\/wp\/v2\/posts\/78790","targetHints":{"allow":["GET"]}}],"collection":[{"href":"https:\/\/eldigitaldeasturias.com\/magazine365\/wp-json\/wp\/v2\/posts"}],"about":[{"href":"https:\/\/eldigitaldeasturias.com\/magazine365\/wp-json\/wp\/v2\/types\/post"}],"author":[{"embeddable":true,"href":"https:\/\/eldigitaldeasturias.com\/magazine365\/wp-json\/wp\/v2\/users\/1"}],"replies":[{"embeddable":true,"href":"https:\/\/eldigitaldeasturias.com\/magazine365\/wp-json\/wp\/v2\/comments?post=78790"}],"version-history":[{"count":0,"href":"https:\/\/eldigitaldeasturias.com\/magazine365\/wp-json\/wp\/v2\/posts\/78790\/revisions"}],"wp:featuredmedia":[{"embeddable":true,"href":"https:\/\/eldigitaldeasturias.com\/magazine365\/wp-json\/wp\/v2\/media\/78791"}],"wp:attachment":[{"href":"https:\/\/eldigitaldeasturias.com\/magazine365\/wp-json\/wp\/v2\/media?parent=78790"}],"wp:term":[{"taxonomy":"category","embeddable":true,"href":"https:\/\/eldigitaldeasturias.com\/magazine365\/wp-json\/wp\/v2\/categories?post=78790"},{"taxonomy":"post_tag","embeddable":true,"href":"https:\/\/eldigitaldeasturias.com\/magazine365\/wp-json\/wp\/v2\/tags?post=78790"}],"curies":[{"name":"wp","href":"https:\/\/api.w.org\/{rel}","templated":true}]}}