{"id":78783,"date":"2016-06-10T18:33:24","date_gmt":"2016-06-10T16:33:24","guid":{"rendered":"http:\/\/eldigitaldeasturias.com\/magazine365\/?p=78783"},"modified":"2016-06-10T18:33:24","modified_gmt":"2016-06-10T16:33:24","slug":"sevilla-acoge-este-sabado-las-jornadas-iati-de-grandes-viajes","status":"publish","type":"post","link":"https:\/\/eldigitaldeasturias.com\/magazine365\/sevilla-acoge-este-sabado-las-jornadas-iati-de-grandes-viajes\/","title":{"rendered":"Sevilla acoge este s\u00e1bado las Jornadas IATI de Grandes Viajes"},"content":{"rendered":"<p><img fetchpriority=\"high\" decoding=\"async\" class=\"alignleft size-medium wp-image-77926\" src=\"https:\/\/eldigitaldeasturias.com\/magazine365\/wp-content\/uploads\/2016\/06\/m365-360x198.jpg\" alt=\"m365\" width=\"360\" height=\"198\" srcset=\"https:\/\/eldigitaldeasturias.com\/magazine365\/wp-content\/uploads\/2016\/06\/m365-360x198.jpg 360w, https:\/\/eldigitaldeasturias.com\/magazine365\/wp-content\/uploads\/2016\/06\/m365-650x357.jpg 650w, https:\/\/eldigitaldeasturias.com\/magazine365\/wp-content\/uploads\/2016\/06\/m365-150x82.jpg 150w, https:\/\/eldigitaldeasturias.com\/magazine365\/wp-content\/uploads\/2016\/06\/m365-450x247.jpg 450w, https:\/\/eldigitaldeasturias.com\/magazine365\/wp-content\/uploads\/2016\/06\/m365.jpg 655w\" sizes=\"(max-width: 360px) 100vw, 360px\" \/>Trotamundos, moteros y familias viajeras contar\u00e1n sus diversas experiencias como viajeros en las Jornadas IATI de los Grandes Viajes, que se celebrar\u00e1 este s\u00e1bado en Sevilla.<\/p>\n<p>Seg\u00fan indican los organizadores en una nota, la cuarta edici\u00f3n de estas jornadas se celebra por primera vez en Sevilla el 11 de junio y se trata de un evento \u00ab\u00fanico en Espa\u00f1a\u00bb, que consiste en conferencias protagonizadas por viajeros que han hecho viajes de varios meses e incluso a\u00f1os.<\/p>\n<p>De esta forma, en esta edici\u00f3n participan trotamundos como Daniel Viera &#8211;dos a\u00f1os viajando por el mundo en solitario&#8211;, &#8216;Los Makuteros&#8217; Antonio y Sonia y sus dos hijos &#8211;que hicieron tres grandes viajes en familia&#8211;, Mahsa Homanyounfar &#8211;nueve meses viajando sola&#8211;, o Fernando Garc\u00eda &#8216;El B\u00fafalo&#8217;, hablando de una vuelta al mundo en moto as\u00ed como de recorrer la Panamericana o \u00c1frica sobre dos ruedas.<\/p>\n<p>Estas jornadas se celebrar\u00e1n en el auditorio del C\u00edrculo Mercantil e Industrial de Sevilla. En esta primera edici\u00f3n en la capital andaluza, las Jornadas acercar\u00e1n a los asistentes la experiencia de trotamundos que han hecho viajes de varios meses o a\u00f1os en moto, en transportes p\u00fablicos, en solitario, con hijos o haciendo autostop.<\/p>\n<p>Conocer las experiencias de mano de sus protagonistas, aprender de sus vivencias, descubrir sus trucos y disfrutar escuchando an\u00e9cdotas viajeras son los objetivos de las Jornadas IATI de los grandes viajes.<\/p>\n<p>Las jornadas se celebran desde 2013 en Madrid, desde 2015 tambi\u00e9n en Barcelona y en 2016 por primera vez en Sevilla. En sus cuatro ediciones han reunido a centenares de trotamundos, consolid\u00e1ndose como el evento de referencia para los amantes de los viajes.<\/p>\n<p>Entre los ponentes, la andaluza Mar\u00eda Jos\u00e9 Mor\u00f3n hablar\u00e1 de c\u00f3mo dar una vuelta al mundo por menos de 20 euros al d\u00eda; Lacey Caughey y Luis Getter compartir\u00e1n sus siete a\u00f1os de viaje en 4&#215;4 por el mundo; Daniel Viera explicar\u00e1 sus dos a\u00f1os de vuelta al mundo en solitario; los &#8216;Makuteros&#8217; Antonio y Sonia y sus dos hijos nos explicar\u00e1n c\u00f3mo es posible hacer grandes viajes en familia; la iran\u00ed Mahsa Homanyounfar, sevillana de adopci\u00f3n, hablar\u00e1 de su \u00faltimo viaje de nueve meses en solitario; y Fernando Garc\u00eda &#8216;El B\u00fafalo&#8217; relatar\u00e1 sus viajes en moto por la Panamericana o \u00c1frica entre otros.<\/p>\n<p>Adem\u00e1s, contar\u00e1n con la presentaci\u00f3n de dos proyectos viajeros a punto de iniciarse, los de las familias Fern\u00e1ndez, con el proyecto &#8216;Autocaravana en familia&#8217;, y Melero, con &#8216;El vuelo de Apis&#8217;.<\/p>\n<p>Por su planteamiento y tem\u00e1tica se trata de un evento \u00fanico que pretende demostrar que \u00ablos grandes viajes no son terreno exclusivo de nadie, al contrario de lo que muchos piensan, no hay que ser demasiado aventurero, ni rico, ni contar con los medios m\u00e1s avanzados, ni hablar decenas de idiomas para emprender un viaje de varios meses o a\u00f1os\u00bb.<\/p>\n<p>\u00abLa realidad es que dar la vuelta al mundo en moto o transportes p\u00fablicos o recorrer Am\u00e9rica o Asia sin fecha de retorno son viajes de ensue\u00f1o al alcance de todos; de todos los que se lo propongan y lo preparen\u00bb, han agregado los organizadores.<\/p>\n<p>Las jornadas est\u00e1n organizadas por el colectivo de viajeros UnGranViaje.Org &#8211;responsables del libro \u00bbC\u00f3mo preparar un gran viaje&#8217; y la web de referencia de los viajes de larga duraci\u00f3n&#8211; y el Grupo Senda y cuentan con el patrocinio de IATI Seguros de viaje, Vueling, ViajarSeguro.Org y MochilerosTV. Adem\u00e1s, Andaluc\u00eda Travel Bloggers, la asociaci\u00f3n de blogueros de viajes de Andaluc\u00eda, colabora con estas jornadas.<\/p>\n","protected":false},"excerpt":{"rendered":"<p>Trotamundos, moteros y familias viajeras contar\u00e1n sus diversas experiencias como viajeros en las Jornadas IATI de los Grandes Viajes, que se celebrar\u00e1 este s\u00e1bado en Sevilla. Seg\u00fan indican los organizadores en una nota, la cuarta edici\u00f3n de estas jornadas se celebra por primera vez en Sevilla el 11 de junio y se trata de un<\/p>\n","protected":false},"author":1,"featured_media":77926,"comment_status":"open","ping_status":"closed","sticky":false,"template":"","format":"standard","meta":{"footnotes":""},"categories":[224],"tags":[],"class_list":{"0":"post-78783","1":"post","2":"type-post","3":"status-publish","4":"format-standard","5":"has-post-thumbnail","7":"category-noticias-actualidad"},"aioseo_notices":[],"aioseo_head":"\n\t\t<!-- All in One SEO Pro 4.9.6.1 - aioseo.com -->\n\t<meta name=\"description\" content=\"Trotamundos, moteros y familias viajeras contar\u00e1n sus diversas experiencias como viajeros en las Jornadas IATI de los Grandes Viajes, que se celebrar\u00e1 este s\u00e1bado en Sevilla. Seg\u00fan indican los organizadores en una nota, la cuarta edici\u00f3n de estas jornadas se celebra por primera vez en Sevilla el 11 de junio y se trata de un\" \/>\n\t<meta name=\"robots\" content=\"max-image-preview:large\" \/>\n\t<meta name=\"author\" content=\"admin\"\/>\n\t<meta name=\"google-site-verification\" content=\"UA-38556648-1\" \/>\n\t<meta name=\"keywords\" content=\"noticias y actualidad\" \/>\n\t<link rel=\"canonical\" href=\"https:\/\/eldigitaldeasturias.com\/magazine365\/sevilla-acoge-este-sabado-las-jornadas-iati-de-grandes-viajes\/\" \/>\n\t<meta name=\"generator\" content=\"All in One SEO Pro (AIOSEO) 4.9.6.1\" \/>\n\t\t<meta property=\"og:locale\" content=\"es_ES\" \/>\n\t\t<meta property=\"og:site_name\" content=\"El Digital de Asturias \u2013 Revista de ocio, turismo y estilo de vida\" \/>\n\t\t<meta property=\"og:type\" content=\"article\" \/>\n\t\t<meta property=\"og:title\" content=\"Sevilla acoge este s\u00e1bado las Jornadas IATI de Grandes Viajes | El Digital de Asturias\" \/>\n\t\t<meta property=\"og:description\" content=\"Trotamundos, moteros y familias viajeras contar\u00e1n sus diversas experiencias como viajeros en las Jornadas IATI de los Grandes Viajes, que se celebrar\u00e1 este s\u00e1bado en Sevilla. Seg\u00fan indican los organizadores en una nota, la cuarta edici\u00f3n de estas jornadas se celebra por primera vez en Sevilla el 11 de junio y se trata de un\" \/>\n\t\t<meta property=\"og:url\" content=\"https:\/\/eldigitaldeasturias.com\/magazine365\/sevilla-acoge-este-sabado-las-jornadas-iati-de-grandes-viajes\/\" \/>\n\t\t<meta property=\"og:image\" content=\"https:\/\/eldigitaldeasturias.com\/magazine365\/wp-content\/uploads\/2016\/06\/m365.jpg\" \/>\n\t\t<meta property=\"og:image:secure_url\" content=\"https:\/\/eldigitaldeasturias.com\/magazine365\/wp-content\/uploads\/2016\/06\/m365.jpg\" \/>\n\t\t<meta property=\"og:image:width\" content=\"655\" \/>\n\t\t<meta property=\"og:image:height\" content=\"360\" \/>\n\t\t<meta property=\"article:published_time\" content=\"2016-06-10T16:33:24+00:00\" \/>\n\t\t<meta property=\"article:modified_time\" content=\"2016-06-10T16:33:24+00:00\" \/>\n\t\t<meta name=\"twitter:card\" content=\"summary_large_image\" \/>\n\t\t<meta name=\"twitter:title\" content=\"Sevilla acoge este s\u00e1bado las Jornadas IATI de Grandes Viajes | El Digital de Asturias\" \/>\n\t\t<meta name=\"twitter:description\" content=\"Trotamundos, moteros y familias viajeras contar\u00e1n sus diversas experiencias como viajeros en las Jornadas IATI de los Grandes Viajes, que se celebrar\u00e1 este s\u00e1bado en Sevilla. Seg\u00fan indican los organizadores en una nota, la cuarta edici\u00f3n de estas jornadas se celebra por primera vez en Sevilla el 11 de junio y se trata de un\" \/>\n\t\t<meta name=\"twitter:image\" content=\"https:\/\/eldigitaldeasturias.com\/magazine365\/wp-content\/uploads\/2016\/06\/m365.jpg\" \/>\n\t\t<script type=\"application\/ld+json\" class=\"aioseo-schema\">\n\t\t\t{\"@context\":\"https:\\\/\\\/schema.org\",\"@graph\":[{\"@type\":\"Article\",\"@id\":\"https:\\\/\\\/eldigitaldeasturias.com\\\/magazine365\\\/sevilla-acoge-este-sabado-las-jornadas-iati-de-grandes-viajes\\\/#article\",\"name\":\"Sevilla acoge este s\\u00e1bado las Jornadas IATI de Grandes Viajes | El Digital de Asturias\",\"headline\":\"Sevilla acoge este s\\u00e1bado las Jornadas IATI de Grandes Viajes\",\"author\":{\"@id\":\"https:\\\/\\\/eldigitaldeasturias.com\\\/magazine365\\\/author\\\/admin\\\/#author\"},\"publisher\":{\"@id\":\"https:\\\/\\\/eldigitaldeasturias.com\\\/magazine365\\\/#organization\"},\"image\":{\"@type\":\"ImageObject\",\"url\":\"https:\\\/\\\/eldigitaldeasturias.com\\\/magazine365\\\/wp-content\\\/uploads\\\/2016\\\/06\\\/m365.jpg\",\"width\":655,\"height\":360},\"datePublished\":\"2016-06-10T18:33:24+02:00\",\"dateModified\":\"2016-06-10T18:33:24+02:00\",\"inLanguage\":\"es-ES\",\"mainEntityOfPage\":{\"@id\":\"https:\\\/\\\/eldigitaldeasturias.com\\\/magazine365\\\/sevilla-acoge-este-sabado-las-jornadas-iati-de-grandes-viajes\\\/#webpage\"},\"isPartOf\":{\"@id\":\"https:\\\/\\\/eldigitaldeasturias.com\\\/magazine365\\\/sevilla-acoge-este-sabado-las-jornadas-iati-de-grandes-viajes\\\/#webpage\"},\"articleSection\":\"Noticias y Actualidad\"},{\"@type\":\"BreadcrumbList\",\"@id\":\"https:\\\/\\\/eldigitaldeasturias.com\\\/magazine365\\\/sevilla-acoge-este-sabado-las-jornadas-iati-de-grandes-viajes\\\/#breadcrumblist\",\"itemListElement\":[{\"@type\":\"ListItem\",\"@id\":\"https:\\\/\\\/eldigitaldeasturias.com\\\/magazine365#listItem\",\"position\":1,\"name\":\"Home\",\"item\":\"https:\\\/\\\/eldigitaldeasturias.com\\\/magazine365\",\"nextItem\":{\"@type\":\"ListItem\",\"@id\":\"https:\\\/\\\/eldigitaldeasturias.com\\\/magazine365\\\/category\\\/noticias-actualidad\\\/#listItem\",\"name\":\"Noticias y Actualidad\"}},{\"@type\":\"ListItem\",\"@id\":\"https:\\\/\\\/eldigitaldeasturias.com\\\/magazine365\\\/category\\\/noticias-actualidad\\\/#listItem\",\"position\":2,\"name\":\"Noticias y Actualidad\",\"item\":\"https:\\\/\\\/eldigitaldeasturias.com\\\/magazine365\\\/category\\\/noticias-actualidad\\\/\",\"nextItem\":{\"@type\":\"ListItem\",\"@id\":\"https:\\\/\\\/eldigitaldeasturias.com\\\/magazine365\\\/sevilla-acoge-este-sabado-las-jornadas-iati-de-grandes-viajes\\\/#listItem\",\"name\":\"Sevilla acoge este s\\u00e1bado las Jornadas IATI de Grandes Viajes\"},\"previousItem\":{\"@type\":\"ListItem\",\"@id\":\"https:\\\/\\\/eldigitaldeasturias.com\\\/magazine365#listItem\",\"name\":\"Home\"}},{\"@type\":\"ListItem\",\"@id\":\"https:\\\/\\\/eldigitaldeasturias.com\\\/magazine365\\\/sevilla-acoge-este-sabado-las-jornadas-iati-de-grandes-viajes\\\/#listItem\",\"position\":3,\"name\":\"Sevilla acoge este s\\u00e1bado las Jornadas IATI de Grandes Viajes\",\"previousItem\":{\"@type\":\"ListItem\",\"@id\":\"https:\\\/\\\/eldigitaldeasturias.com\\\/magazine365\\\/category\\\/noticias-actualidad\\\/#listItem\",\"name\":\"Noticias y Actualidad\"}}]},{\"@type\":\"Organization\",\"@id\":\"https:\\\/\\\/eldigitaldeasturias.com\\\/magazine365\\\/#organization\",\"name\":\"El digital de Asturias\",\"description\":\"Revista de ocio, turismo y estilo de vida\",\"url\":\"https:\\\/\\\/eldigitaldeasturias.com\\\/magazine365\\\/\",\"logo\":{\"@type\":\"ImageObject\",\"url\":\"https:\\\/\\\/www.eldigitaldeasturias.com\\\/noticias\\\/wp-content\\\/uploads\\\/2020\\\/12\\\/EDA.jpg\",\"@id\":\"https:\\\/\\\/eldigitaldeasturias.com\\\/magazine365\\\/sevilla-acoge-este-sabado-las-jornadas-iati-de-grandes-viajes\\\/#organizationLogo\"},\"image\":{\"@id\":\"https:\\\/\\\/eldigitaldeasturias.com\\\/magazine365\\\/sevilla-acoge-este-sabado-las-jornadas-iati-de-grandes-viajes\\\/#organizationLogo\"}},{\"@type\":\"Person\",\"@id\":\"https:\\\/\\\/eldigitaldeasturias.com\\\/magazine365\\\/author\\\/admin\\\/#author\",\"url\":\"https:\\\/\\\/eldigitaldeasturias.com\\\/magazine365\\\/author\\\/admin\\\/\",\"name\":\"admin\",\"image\":{\"@type\":\"ImageObject\",\"@id\":\"https:\\\/\\\/eldigitaldeasturias.com\\\/magazine365\\\/sevilla-acoge-este-sabado-las-jornadas-iati-de-grandes-viajes\\\/#authorImage\",\"url\":\"https:\\\/\\\/eldigitaldeasturias.com\\\/magazine365\\\/wp-content\\\/litespeed\\\/avatar\\\/e571bcf59a0edd6fa6838245a470f2fe.jpg?ver=1776969259\",\"width\":96,\"height\":96,\"caption\":\"admin\"}},{\"@type\":\"WebPage\",\"@id\":\"https:\\\/\\\/eldigitaldeasturias.com\\\/magazine365\\\/sevilla-acoge-este-sabado-las-jornadas-iati-de-grandes-viajes\\\/#webpage\",\"url\":\"https:\\\/\\\/eldigitaldeasturias.com\\\/magazine365\\\/sevilla-acoge-este-sabado-las-jornadas-iati-de-grandes-viajes\\\/\",\"name\":\"Sevilla acoge este s\\u00e1bado las Jornadas IATI de Grandes Viajes | El Digital de Asturias\",\"description\":\"Trotamundos, moteros y familias viajeras contar\\u00e1n sus diversas experiencias como viajeros en las Jornadas IATI de los Grandes Viajes, que se celebrar\\u00e1 este s\\u00e1bado en Sevilla. Seg\\u00fan indican los organizadores en una nota, la cuarta edici\\u00f3n de estas jornadas se celebra por primera vez en Sevilla el 11 de junio y se trata de un\",\"inLanguage\":\"es-ES\",\"isPartOf\":{\"@id\":\"https:\\\/\\\/eldigitaldeasturias.com\\\/magazine365\\\/#website\"},\"breadcrumb\":{\"@id\":\"https:\\\/\\\/eldigitaldeasturias.com\\\/magazine365\\\/sevilla-acoge-este-sabado-las-jornadas-iati-de-grandes-viajes\\\/#breadcrumblist\"},\"author\":{\"@id\":\"https:\\\/\\\/eldigitaldeasturias.com\\\/magazine365\\\/author\\\/admin\\\/#author\"},\"creator\":{\"@id\":\"https:\\\/\\\/eldigitaldeasturias.com\\\/magazine365\\\/author\\\/admin\\\/#author\"},\"image\":{\"@type\":\"ImageObject\",\"url\":\"https:\\\/\\\/eldigitaldeasturias.com\\\/magazine365\\\/wp-content\\\/uploads\\\/2016\\\/06\\\/m365.jpg\",\"@id\":\"https:\\\/\\\/eldigitaldeasturias.com\\\/magazine365\\\/sevilla-acoge-este-sabado-las-jornadas-iati-de-grandes-viajes\\\/#mainImage\",\"width\":655,\"height\":360},\"primaryImageOfPage\":{\"@id\":\"https:\\\/\\\/eldigitaldeasturias.com\\\/magazine365\\\/sevilla-acoge-este-sabado-las-jornadas-iati-de-grandes-viajes\\\/#mainImage\"},\"datePublished\":\"2016-06-10T18:33:24+02:00\",\"dateModified\":\"2016-06-10T18:33:24+02:00\"},{\"@type\":\"WebSite\",\"@id\":\"https:\\\/\\\/eldigitaldeasturias.com\\\/magazine365\\\/#website\",\"url\":\"https:\\\/\\\/eldigitaldeasturias.com\\\/magazine365\\\/\",\"name\":\"El Digital de Asturias\",\"description\":\"Revista de ocio, turismo y estilo de vida\",\"inLanguage\":\"es-ES\",\"publisher\":{\"@id\":\"https:\\\/\\\/eldigitaldeasturias.com\\\/magazine365\\\/#organization\"}}]}\n\t\t<\/script>\n\t\t<!-- All in One SEO Pro -->\r\n\t\t<title>Sevilla acoge este s\u00e1bado las Jornadas IATI de Grandes Viajes | El Digital de Asturias<\/title>\n\n","aioseo_head_json":{"title":"Sevilla acoge este s\u00e1bado las Jornadas IATI de Grandes Viajes | El Digital de Asturias","description":"Trotamundos, moteros y familias viajeras contar\u00e1n sus diversas experiencias como viajeros en las Jornadas IATI de los Grandes Viajes, que se celebrar\u00e1 este s\u00e1bado en Sevilla. Seg\u00fan indican los organizadores en una nota, la cuarta edici\u00f3n de estas jornadas se celebra por primera vez en Sevilla el 11 de junio y se trata de un","canonical_url":"https:\/\/eldigitaldeasturias.com\/magazine365\/sevilla-acoge-este-sabado-las-jornadas-iati-de-grandes-viajes\/","robots":"max-image-preview:large","keywords":"noticias y actualidad","webmasterTools":{"google-site-verification":"UA-38556648-1","miscellaneous":""},"schema":{"@context":"https:\/\/schema.org","@graph":[{"@type":"Article","@id":"https:\/\/eldigitaldeasturias.com\/magazine365\/sevilla-acoge-este-sabado-las-jornadas-iati-de-grandes-viajes\/#article","name":"Sevilla acoge este s\u00e1bado las Jornadas IATI de Grandes Viajes | El Digital de Asturias","headline":"Sevilla acoge este s\u00e1bado las Jornadas IATI de Grandes Viajes","author":{"@id":"https:\/\/eldigitaldeasturias.com\/magazine365\/author\/admin\/#author"},"publisher":{"@id":"https:\/\/eldigitaldeasturias.com\/magazine365\/#organization"},"image":{"@type":"ImageObject","url":"https:\/\/eldigitaldeasturias.com\/magazine365\/wp-content\/uploads\/2016\/06\/m365.jpg","width":655,"height":360},"datePublished":"2016-06-10T18:33:24+02:00","dateModified":"2016-06-10T18:33:24+02:00","inLanguage":"es-ES","mainEntityOfPage":{"@id":"https:\/\/eldigitaldeasturias.com\/magazine365\/sevilla-acoge-este-sabado-las-jornadas-iati-de-grandes-viajes\/#webpage"},"isPartOf":{"@id":"https:\/\/eldigitaldeasturias.com\/magazine365\/sevilla-acoge-este-sabado-las-jornadas-iati-de-grandes-viajes\/#webpage"},"articleSection":"Noticias y Actualidad"},{"@type":"BreadcrumbList","@id":"https:\/\/eldigitaldeasturias.com\/magazine365\/sevilla-acoge-este-sabado-las-jornadas-iati-de-grandes-viajes\/#breadcrumblist","itemListElement":[{"@type":"ListItem","@id":"https:\/\/eldigitaldeasturias.com\/magazine365#listItem","position":1,"name":"Home","item":"https:\/\/eldigitaldeasturias.com\/magazine365","nextItem":{"@type":"ListItem","@id":"https:\/\/eldigitaldeasturias.com\/magazine365\/category\/noticias-actualidad\/#listItem","name":"Noticias y Actualidad"}},{"@type":"ListItem","@id":"https:\/\/eldigitaldeasturias.com\/magazine365\/category\/noticias-actualidad\/#listItem","position":2,"name":"Noticias y Actualidad","item":"https:\/\/eldigitaldeasturias.com\/magazine365\/category\/noticias-actualidad\/","nextItem":{"@type":"ListItem","@id":"https:\/\/eldigitaldeasturias.com\/magazine365\/sevilla-acoge-este-sabado-las-jornadas-iati-de-grandes-viajes\/#listItem","name":"Sevilla acoge este s\u00e1bado las Jornadas IATI de Grandes Viajes"},"previousItem":{"@type":"ListItem","@id":"https:\/\/eldigitaldeasturias.com\/magazine365#listItem","name":"Home"}},{"@type":"ListItem","@id":"https:\/\/eldigitaldeasturias.com\/magazine365\/sevilla-acoge-este-sabado-las-jornadas-iati-de-grandes-viajes\/#listItem","position":3,"name":"Sevilla acoge este s\u00e1bado las Jornadas IATI de Grandes Viajes","previousItem":{"@type":"ListItem","@id":"https:\/\/eldigitaldeasturias.com\/magazine365\/category\/noticias-actualidad\/#listItem","name":"Noticias y Actualidad"}}]},{"@type":"Organization","@id":"https:\/\/eldigitaldeasturias.com\/magazine365\/#organization","name":"El digital de Asturias","description":"Revista de ocio, turismo y estilo de vida","url":"https:\/\/eldigitaldeasturias.com\/magazine365\/","logo":{"@type":"ImageObject","url":"https:\/\/www.eldigitaldeasturias.com\/noticias\/wp-content\/uploads\/2020\/12\/EDA.jpg","@id":"https:\/\/eldigitaldeasturias.com\/magazine365\/sevilla-acoge-este-sabado-las-jornadas-iati-de-grandes-viajes\/#organizationLogo"},"image":{"@id":"https:\/\/eldigitaldeasturias.com\/magazine365\/sevilla-acoge-este-sabado-las-jornadas-iati-de-grandes-viajes\/#organizationLogo"}},{"@type":"Person","@id":"https:\/\/eldigitaldeasturias.com\/magazine365\/author\/admin\/#author","url":"https:\/\/eldigitaldeasturias.com\/magazine365\/author\/admin\/","name":"admin","image":{"@type":"ImageObject","@id":"https:\/\/eldigitaldeasturias.com\/magazine365\/sevilla-acoge-este-sabado-las-jornadas-iati-de-grandes-viajes\/#authorImage","url":"https:\/\/eldigitaldeasturias.com\/magazine365\/wp-content\/litespeed\/avatar\/e571bcf59a0edd6fa6838245a470f2fe.jpg?ver=1776969259","width":96,"height":96,"caption":"admin"}},{"@type":"WebPage","@id":"https:\/\/eldigitaldeasturias.com\/magazine365\/sevilla-acoge-este-sabado-las-jornadas-iati-de-grandes-viajes\/#webpage","url":"https:\/\/eldigitaldeasturias.com\/magazine365\/sevilla-acoge-este-sabado-las-jornadas-iati-de-grandes-viajes\/","name":"Sevilla acoge este s\u00e1bado las Jornadas IATI de Grandes Viajes | El Digital de Asturias","description":"Trotamundos, moteros y familias viajeras contar\u00e1n sus diversas experiencias como viajeros en las Jornadas IATI de los Grandes Viajes, que se celebrar\u00e1 este s\u00e1bado en Sevilla. Seg\u00fan indican los organizadores en una nota, la cuarta edici\u00f3n de estas jornadas se celebra por primera vez en Sevilla el 11 de junio y se trata de un","inLanguage":"es-ES","isPartOf":{"@id":"https:\/\/eldigitaldeasturias.com\/magazine365\/#website"},"breadcrumb":{"@id":"https:\/\/eldigitaldeasturias.com\/magazine365\/sevilla-acoge-este-sabado-las-jornadas-iati-de-grandes-viajes\/#breadcrumblist"},"author":{"@id":"https:\/\/eldigitaldeasturias.com\/magazine365\/author\/admin\/#author"},"creator":{"@id":"https:\/\/eldigitaldeasturias.com\/magazine365\/author\/admin\/#author"},"image":{"@type":"ImageObject","url":"https:\/\/eldigitaldeasturias.com\/magazine365\/wp-content\/uploads\/2016\/06\/m365.jpg","@id":"https:\/\/eldigitaldeasturias.com\/magazine365\/sevilla-acoge-este-sabado-las-jornadas-iati-de-grandes-viajes\/#mainImage","width":655,"height":360},"primaryImageOfPage":{"@id":"https:\/\/eldigitaldeasturias.com\/magazine365\/sevilla-acoge-este-sabado-las-jornadas-iati-de-grandes-viajes\/#mainImage"},"datePublished":"2016-06-10T18:33:24+02:00","dateModified":"2016-06-10T18:33:24+02:00"},{"@type":"WebSite","@id":"https:\/\/eldigitaldeasturias.com\/magazine365\/#website","url":"https:\/\/eldigitaldeasturias.com\/magazine365\/","name":"El Digital de Asturias","description":"Revista de ocio, turismo y estilo de vida","inLanguage":"es-ES","publisher":{"@id":"https:\/\/eldigitaldeasturias.com\/magazine365\/#organization"}}]},"og:locale":"es_ES","og:site_name":"El Digital de Asturias \u2013 Revista de ocio, turismo y estilo de vida","og:type":"article","og:title":"Sevilla acoge este s\u00e1bado las Jornadas IATI de Grandes Viajes | El Digital de Asturias","og:description":"Trotamundos, moteros y familias viajeras contar\u00e1n sus diversas experiencias como viajeros en las Jornadas IATI de los Grandes Viajes, que se celebrar\u00e1 este s\u00e1bado en Sevilla. Seg\u00fan indican los organizadores en una nota, la cuarta edici\u00f3n de estas jornadas se celebra por primera vez en Sevilla el 11 de junio y se trata de un","og:url":"https:\/\/eldigitaldeasturias.com\/magazine365\/sevilla-acoge-este-sabado-las-jornadas-iati-de-grandes-viajes\/","og:image":"https:\/\/eldigitaldeasturias.com\/magazine365\/wp-content\/uploads\/2016\/06\/m365.jpg","og:image:secure_url":"https:\/\/eldigitaldeasturias.com\/magazine365\/wp-content\/uploads\/2016\/06\/m365.jpg","og:image:width":655,"og:image:height":360,"article:published_time":"2016-06-10T16:33:24+00:00","article:modified_time":"2016-06-10T16:33:24+00:00","twitter:card":"summary_large_image","twitter:title":"Sevilla acoge este s\u00e1bado las Jornadas IATI de Grandes Viajes | El Digital de Asturias","twitter:description":"Trotamundos, moteros y familias viajeras contar\u00e1n sus diversas experiencias como viajeros en las Jornadas IATI de los Grandes Viajes, que se celebrar\u00e1 este s\u00e1bado en Sevilla. Seg\u00fan indican los organizadores en una nota, la cuarta edici\u00f3n de estas jornadas se celebra por primera vez en Sevilla el 11 de junio y se trata de un","twitter:image":"https:\/\/eldigitaldeasturias.com\/magazine365\/wp-content\/uploads\/2016\/06\/m365.jpg"},"aioseo_meta_data":{"post_id":"78783","title":null,"description":null,"keywords":null,"keyphrases":null,"primary_term":null,"canonical_url":null,"og_title":null,"og_description":null,"og_object_type":"default","og_image_type":"default","og_image_url":null,"og_image_width":null,"og_image_height":null,"og_image_custom_url":null,"og_image_custom_fields":null,"og_video":null,"og_custom_url":null,"og_article_section":null,"og_article_tags":null,"twitter_use_og":false,"twitter_card":"default","twitter_image_type":"default","twitter_image_url":null,"twitter_image_custom_url":null,"twitter_image_custom_fields":null,"twitter_title":null,"twitter_description":null,"schema":{"blockGraphs":[],"customGraphs":[],"default":{"data":{"Article":[],"Course":[],"Dataset":[],"FAQPage":[],"Movie":[],"Person":[],"Product":[],"ProductReview":[],"Car":[],"Recipe":[],"Service":[],"SoftwareApplication":[],"WebPage":[]},"graphName":"","isEnabled":true},"graphs":[],"defaultGraph":"","defaultPostTypeGraph":""},"schema_type":null,"schema_type_options":null,"pillar_content":false,"robots_default":true,"robots_noindex":false,"robots_noarchive":false,"robots_nosnippet":false,"robots_nofollow":false,"robots_noimageindex":false,"robots_noodp":false,"robots_notranslate":false,"robots_max_snippet":null,"robots_max_videopreview":null,"robots_max_imagepreview":"large","priority":null,"frequency":null,"location":null,"local_seo":null,"seo_analyzer_scan_date":"2025-09-27 17:37:09","breadcrumb_settings":null,"limit_modified_date":false,"open_ai":null,"ai":null,"created":"2021-03-08 17:56:39","updated":"2025-09-27 17:37:09"},"aioseo_breadcrumb":"<div class=\"aioseo-breadcrumbs\"><span class=\"aioseo-breadcrumb\">\n\t<a href=\"https:\/\/eldigitaldeasturias.com\/magazine365\" title=\"Home\">Home<\/a>\n<\/span><span class=\"aioseo-breadcrumb-separator\">\u2013<\/span><span class=\"aioseo-breadcrumb\">\n\t<a href=\"https:\/\/eldigitaldeasturias.com\/magazine365\/category\/noticias-actualidad\/\" title=\"Noticias y Actualidad\">Noticias y Actualidad<\/a>\n<\/span><span class=\"aioseo-breadcrumb-separator\">\u2013<\/span><span class=\"aioseo-breadcrumb\">\n\t<a href=\"https:\/\/eldigitaldeasturias.com\/magazine365\/sevilla-acoge-este-sabado-las-jornadas-iati-de-grandes-viajes\/\" title=\"Sevilla acoge este s\u00e1bado las Jornadas IATI de Grandes Viajes\">Sevilla acoge este s\u00e1bado las Jornadas IATI de Grandes Viajes<\/a>\n<\/span><\/div>","aioseo_breadcrumb_json":[{"label":"Home","link":"https:\/\/eldigitaldeasturias.com\/magazine365"},{"label":"Noticias y Actualidad","link":"https:\/\/eldigitaldeasturias.com\/magazine365\/category\/noticias-actualidad\/"},{"label":"Sevilla acoge este s\u00e1bado las Jornadas IATI de Grandes Viajes","link":"https:\/\/eldigitaldeasturias.com\/magazine365\/sevilla-acoge-este-sabado-las-jornadas-iati-de-grandes-viajes\/"}],"_links":{"self":[{"href":"https:\/\/eldigitaldeasturias.com\/magazine365\/wp-json\/wp\/v2\/posts\/78783","targetHints":{"allow":["GET"]}}],"collection":[{"href":"https:\/\/eldigitaldeasturias.com\/magazine365\/wp-json\/wp\/v2\/posts"}],"about":[{"href":"https:\/\/eldigitaldeasturias.com\/magazine365\/wp-json\/wp\/v2\/types\/post"}],"author":[{"embeddable":true,"href":"https:\/\/eldigitaldeasturias.com\/magazine365\/wp-json\/wp\/v2\/users\/1"}],"replies":[{"embeddable":true,"href":"https:\/\/eldigitaldeasturias.com\/magazine365\/wp-json\/wp\/v2\/comments?post=78783"}],"version-history":[{"count":0,"href":"https:\/\/eldigitaldeasturias.com\/magazine365\/wp-json\/wp\/v2\/posts\/78783\/revisions"}],"wp:featuredmedia":[{"embeddable":true,"href":"https:\/\/eldigitaldeasturias.com\/magazine365\/wp-json\/wp\/v2\/media\/77926"}],"wp:attachment":[{"href":"https:\/\/eldigitaldeasturias.com\/magazine365\/wp-json\/wp\/v2\/media?parent=78783"}],"wp:term":[{"taxonomy":"category","embeddable":true,"href":"https:\/\/eldigitaldeasturias.com\/magazine365\/wp-json\/wp\/v2\/categories?post=78783"},{"taxonomy":"post_tag","embeddable":true,"href":"https:\/\/eldigitaldeasturias.com\/magazine365\/wp-json\/wp\/v2\/tags?post=78783"}],"curies":[{"name":"wp","href":"https:\/\/api.w.org\/{rel}","templated":true}]}}