{"id":78769,"date":"2016-06-10T17:56:28","date_gmt":"2016-06-10T15:56:28","guid":{"rendered":"http:\/\/eldigitaldeasturias.com\/magazine365\/?p=78769"},"modified":"2016-06-10T17:57:14","modified_gmt":"2016-06-10T15:57:14","slug":"iniciadas-las-obras-de-mejora-del-paseo-maritimo-de-puerto-del-rosario-fuerteventura","status":"publish","type":"post","link":"https:\/\/eldigitaldeasturias.com\/magazine365\/iniciadas-las-obras-de-mejora-del-paseo-maritimo-de-puerto-del-rosario-fuerteventura\/","title":{"rendered":"Se inician las obras de mejora del paseo mar\u00edtimo de Puerto del Rosario"},"content":{"rendered":"<p><img fetchpriority=\"high\" decoding=\"async\" class=\"alignleft size-medium wp-image-78770\" src=\"https:\/\/eldigitaldeasturias.com\/magazine365\/wp-content\/uploads\/2016\/06\/fotonoticia_20160610161431_800-360x240.jpg\" alt=\"fotonoticia_20160610161431_800\" width=\"360\" height=\"240\" srcset=\"https:\/\/eldigitaldeasturias.com\/magazine365\/wp-content\/uploads\/2016\/06\/fotonoticia_20160610161431_800-360x240.jpg 360w, https:\/\/eldigitaldeasturias.com\/magazine365\/wp-content\/uploads\/2016\/06\/fotonoticia_20160610161431_800-650x434.jpg 650w, https:\/\/eldigitaldeasturias.com\/magazine365\/wp-content\/uploads\/2016\/06\/fotonoticia_20160610161431_800-768x513.jpg 768w, https:\/\/eldigitaldeasturias.com\/magazine365\/wp-content\/uploads\/2016\/06\/fotonoticia_20160610161431_800-150x100.jpg 150w, https:\/\/eldigitaldeasturias.com\/magazine365\/wp-content\/uploads\/2016\/06\/fotonoticia_20160610161431_800-450x300.jpg 450w, https:\/\/eldigitaldeasturias.com\/magazine365\/wp-content\/uploads\/2016\/06\/fotonoticia_20160610161431_800-101x66.jpg 101w, https:\/\/eldigitaldeasturias.com\/magazine365\/wp-content\/uploads\/2016\/06\/fotonoticia_20160610161431_800.jpg 800w\" sizes=\"(max-width: 360px) 100vw, 360px\" \/>El presidente de la Autoridad Portuaria de Las Palmas, Luis Ibarra, ha firmado la adjudicaci\u00f3n del proyecto de &#8216;Adecuaci\u00f3n del Paseo Mar\u00edtimo del Puerto de Puerto del Rosario&#8217; por el que se inicia la mejora del mismo.<\/p>\n<p>En un comunicado, la Instituci\u00f3n explic\u00f3 que la primera fase tendr\u00e1 un presupuesto de 220.664,74 euros y un plazo de ejecuci\u00f3n de ocho meses, una obra que llevar\u00e1 a cabo la empresa Construcciones Su\u00e1rez C\u00e1ceres S.L.<\/p>\n<p>De esta manera, la Autoridad Portuaria pretende realizar una serie de actuaciones de adecuaci\u00f3n del frente mar\u00edtimo de Puerto del Rosario que ser\u00e1n ejecutadas en dos fases y que tienen por objeto potenciar la apertura de la ciudad al mar y conectar el muelle de cruceros al sur con el recinto portuario al norte.<\/p>\n<p>As\u00ed, con el proyecto ahora adjudicado se definir\u00e1 y valorar\u00e1n las unidades de obra necesarias para ejecutar la primera fase de las actuaciones. Una primera fase que desarrolla la franja paralela al borde del litoral de Puerto del Rosario desde el norte de la explanada de aparcamientos, hasta la entrada al recinto portuario al norte.<\/p>\n<p>Adem\u00e1ss, se prev\u00e9 el trasplantado de las palmeras a otro lugar dentro del recinto portuario y la demolici\u00f3n de los bancos y maceteros de hormig\u00f3n armado para, a continuaci\u00f3n, recolocar la escollera y conseguir as\u00ed la apertura visual del frente mar\u00edtimo.<\/p>\n<p>En cuanto a instalaciones urbanas est\u00e1 programada una nueva canalizaci\u00f3n de alumbrado p\u00fablico, luminarias para todo el paseo y una canalizaci\u00f3n de riego para las nuevas jardineras.<\/p>\n<p>Finalmente, respecto a los acabados, se sustituir\u00e1 el pavimento de la franja litoral para colocar un nuevo mobiliario urbano que unifique la actuaci\u00f3n.<\/p>\n","protected":false},"excerpt":{"rendered":"<p>El presidente de la Autoridad Portuaria de Las Palmas, Luis Ibarra, ha firmado la adjudicaci\u00f3n del proyecto de &#8216;Adecuaci\u00f3n del Paseo Mar\u00edtimo del Puerto de Puerto del Rosario&#8217; por el que se inicia la mejora del mismo. En un comunicado, la Instituci\u00f3n explic\u00f3 que la primera fase tendr\u00e1 un presupuesto de 220.664,74 euros y un<\/p>\n","protected":false},"author":1,"featured_media":78770,"comment_status":"open","ping_status":"closed","sticky":false,"template":"","format":"standard","meta":{"footnotes":""},"categories":[224],"tags":[],"class_list":{"0":"post-78769","1":"post","2":"type-post","3":"status-publish","4":"format-standard","5":"has-post-thumbnail","7":"category-noticias-actualidad"},"aioseo_notices":[],"aioseo_head":"\n\t\t<!-- All in One SEO Pro 4.9.6.1 - aioseo.com -->\n\t<meta name=\"description\" content=\"El presidente de la Autoridad Portuaria de Las Palmas, Luis Ibarra, ha firmado la adjudicaci\u00f3n del proyecto de &#039;Adecuaci\u00f3n del Paseo Mar\u00edtimo del Puerto de Puerto del Rosario&#039; por el que se inicia la mejora del mismo. En un comunicado, la Instituci\u00f3n explic\u00f3 que la primera fase tendr\u00e1 un presupuesto de 220.664,74 euros y un\" \/>\n\t<meta name=\"robots\" content=\"max-image-preview:large\" \/>\n\t<meta name=\"author\" content=\"admin\"\/>\n\t<meta name=\"google-site-verification\" content=\"UA-38556648-1\" \/>\n\t<meta name=\"keywords\" content=\"noticias y actualidad\" \/>\n\t<link rel=\"canonical\" href=\"https:\/\/eldigitaldeasturias.com\/magazine365\/iniciadas-las-obras-de-mejora-del-paseo-maritimo-de-puerto-del-rosario-fuerteventura\/\" \/>\n\t<meta name=\"generator\" content=\"All in One SEO Pro (AIOSEO) 4.9.6.1\" \/>\n\t\t<meta property=\"og:locale\" content=\"es_ES\" \/>\n\t\t<meta property=\"og:site_name\" content=\"El Digital de Asturias \u2013 Revista de ocio, turismo y estilo de vida\" \/>\n\t\t<meta property=\"og:type\" content=\"article\" \/>\n\t\t<meta property=\"og:title\" content=\"Se inician las obras de mejora del paseo mar\u00edtimo de Puerto del Rosario | El Digital de Asturias\" \/>\n\t\t<meta property=\"og:description\" content=\"El presidente de la Autoridad Portuaria de Las Palmas, Luis Ibarra, ha firmado la adjudicaci\u00f3n del proyecto de &#039;Adecuaci\u00f3n del Paseo Mar\u00edtimo del Puerto de Puerto del Rosario&#039; por el que se inicia la mejora del mismo. En un comunicado, la Instituci\u00f3n explic\u00f3 que la primera fase tendr\u00e1 un presupuesto de 220.664,74 euros y un\" \/>\n\t\t<meta property=\"og:url\" content=\"https:\/\/eldigitaldeasturias.com\/magazine365\/iniciadas-las-obras-de-mejora-del-paseo-maritimo-de-puerto-del-rosario-fuerteventura\/\" \/>\n\t\t<meta property=\"og:image\" content=\"https:\/\/eldigitaldeasturias.com\/magazine365\/wp-content\/uploads\/2016\/06\/fotonoticia_20160610161431_800.jpg\" \/>\n\t\t<meta property=\"og:image:secure_url\" content=\"https:\/\/eldigitaldeasturias.com\/magazine365\/wp-content\/uploads\/2016\/06\/fotonoticia_20160610161431_800.jpg\" \/>\n\t\t<meta property=\"og:image:width\" content=\"800\" \/>\n\t\t<meta property=\"og:image:height\" content=\"534\" \/>\n\t\t<meta property=\"article:published_time\" content=\"2016-06-10T15:56:28+00:00\" \/>\n\t\t<meta property=\"article:modified_time\" content=\"2016-06-10T15:57:14+00:00\" \/>\n\t\t<meta name=\"twitter:card\" content=\"summary_large_image\" \/>\n\t\t<meta name=\"twitter:title\" content=\"Se inician las obras de mejora del paseo mar\u00edtimo de Puerto del Rosario | El Digital de Asturias\" \/>\n\t\t<meta name=\"twitter:description\" content=\"El presidente de la Autoridad Portuaria de Las Palmas, Luis Ibarra, ha firmado la adjudicaci\u00f3n del proyecto de &#039;Adecuaci\u00f3n del Paseo Mar\u00edtimo del Puerto de Puerto del Rosario&#039; por el que se inicia la mejora del mismo. En un comunicado, la Instituci\u00f3n explic\u00f3 que la primera fase tendr\u00e1 un presupuesto de 220.664,74 euros y un\" \/>\n\t\t<meta name=\"twitter:image\" content=\"https:\/\/eldigitaldeasturias.com\/magazine365\/wp-content\/uploads\/2016\/06\/fotonoticia_20160610161431_800.jpg\" \/>\n\t\t<script type=\"application\/ld+json\" class=\"aioseo-schema\">\n\t\t\t{\"@context\":\"https:\\\/\\\/schema.org\",\"@graph\":[{\"@type\":\"Article\",\"@id\":\"https:\\\/\\\/eldigitaldeasturias.com\\\/magazine365\\\/iniciadas-las-obras-de-mejora-del-paseo-maritimo-de-puerto-del-rosario-fuerteventura\\\/#article\",\"name\":\"Se inician las obras de mejora del paseo mar\\u00edtimo de Puerto del Rosario | El Digital de Asturias\",\"headline\":\"Se inician las obras de mejora del paseo mar\\u00edtimo de Puerto del Rosario\",\"author\":{\"@id\":\"https:\\\/\\\/eldigitaldeasturias.com\\\/magazine365\\\/author\\\/admin\\\/#author\"},\"publisher\":{\"@id\":\"https:\\\/\\\/eldigitaldeasturias.com\\\/magazine365\\\/#organization\"},\"image\":{\"@type\":\"ImageObject\",\"url\":\"https:\\\/\\\/eldigitaldeasturias.com\\\/magazine365\\\/wp-content\\\/uploads\\\/2016\\\/06\\\/fotonoticia_20160610161431_800.jpg\",\"width\":800,\"height\":534},\"datePublished\":\"2016-06-10T17:56:28+02:00\",\"dateModified\":\"2016-06-10T17:57:14+02:00\",\"inLanguage\":\"es-ES\",\"mainEntityOfPage\":{\"@id\":\"https:\\\/\\\/eldigitaldeasturias.com\\\/magazine365\\\/iniciadas-las-obras-de-mejora-del-paseo-maritimo-de-puerto-del-rosario-fuerteventura\\\/#webpage\"},\"isPartOf\":{\"@id\":\"https:\\\/\\\/eldigitaldeasturias.com\\\/magazine365\\\/iniciadas-las-obras-de-mejora-del-paseo-maritimo-de-puerto-del-rosario-fuerteventura\\\/#webpage\"},\"articleSection\":\"Noticias y Actualidad\"},{\"@type\":\"BreadcrumbList\",\"@id\":\"https:\\\/\\\/eldigitaldeasturias.com\\\/magazine365\\\/iniciadas-las-obras-de-mejora-del-paseo-maritimo-de-puerto-del-rosario-fuerteventura\\\/#breadcrumblist\",\"itemListElement\":[{\"@type\":\"ListItem\",\"@id\":\"https:\\\/\\\/eldigitaldeasturias.com\\\/magazine365#listItem\",\"position\":1,\"name\":\"Home\",\"item\":\"https:\\\/\\\/eldigitaldeasturias.com\\\/magazine365\",\"nextItem\":{\"@type\":\"ListItem\",\"@id\":\"https:\\\/\\\/eldigitaldeasturias.com\\\/magazine365\\\/category\\\/noticias-actualidad\\\/#listItem\",\"name\":\"Noticias y Actualidad\"}},{\"@type\":\"ListItem\",\"@id\":\"https:\\\/\\\/eldigitaldeasturias.com\\\/magazine365\\\/category\\\/noticias-actualidad\\\/#listItem\",\"position\":2,\"name\":\"Noticias y Actualidad\",\"item\":\"https:\\\/\\\/eldigitaldeasturias.com\\\/magazine365\\\/category\\\/noticias-actualidad\\\/\",\"nextItem\":{\"@type\":\"ListItem\",\"@id\":\"https:\\\/\\\/eldigitaldeasturias.com\\\/magazine365\\\/iniciadas-las-obras-de-mejora-del-paseo-maritimo-de-puerto-del-rosario-fuerteventura\\\/#listItem\",\"name\":\"Se inician las obras de mejora del paseo mar\\u00edtimo de Puerto del Rosario\"},\"previousItem\":{\"@type\":\"ListItem\",\"@id\":\"https:\\\/\\\/eldigitaldeasturias.com\\\/magazine365#listItem\",\"name\":\"Home\"}},{\"@type\":\"ListItem\",\"@id\":\"https:\\\/\\\/eldigitaldeasturias.com\\\/magazine365\\\/iniciadas-las-obras-de-mejora-del-paseo-maritimo-de-puerto-del-rosario-fuerteventura\\\/#listItem\",\"position\":3,\"name\":\"Se inician las obras de mejora del paseo mar\\u00edtimo de Puerto del Rosario\",\"previousItem\":{\"@type\":\"ListItem\",\"@id\":\"https:\\\/\\\/eldigitaldeasturias.com\\\/magazine365\\\/category\\\/noticias-actualidad\\\/#listItem\",\"name\":\"Noticias y Actualidad\"}}]},{\"@type\":\"Organization\",\"@id\":\"https:\\\/\\\/eldigitaldeasturias.com\\\/magazine365\\\/#organization\",\"name\":\"El digital de Asturias\",\"description\":\"Revista de ocio, turismo y estilo de vida\",\"url\":\"https:\\\/\\\/eldigitaldeasturias.com\\\/magazine365\\\/\",\"logo\":{\"@type\":\"ImageObject\",\"url\":\"https:\\\/\\\/www.eldigitaldeasturias.com\\\/noticias\\\/wp-content\\\/uploads\\\/2020\\\/12\\\/EDA.jpg\",\"@id\":\"https:\\\/\\\/eldigitaldeasturias.com\\\/magazine365\\\/iniciadas-las-obras-de-mejora-del-paseo-maritimo-de-puerto-del-rosario-fuerteventura\\\/#organizationLogo\"},\"image\":{\"@id\":\"https:\\\/\\\/eldigitaldeasturias.com\\\/magazine365\\\/iniciadas-las-obras-de-mejora-del-paseo-maritimo-de-puerto-del-rosario-fuerteventura\\\/#organizationLogo\"}},{\"@type\":\"Person\",\"@id\":\"https:\\\/\\\/eldigitaldeasturias.com\\\/magazine365\\\/author\\\/admin\\\/#author\",\"url\":\"https:\\\/\\\/eldigitaldeasturias.com\\\/magazine365\\\/author\\\/admin\\\/\",\"name\":\"admin\",\"image\":{\"@type\":\"ImageObject\",\"@id\":\"https:\\\/\\\/eldigitaldeasturias.com\\\/magazine365\\\/iniciadas-las-obras-de-mejora-del-paseo-maritimo-de-puerto-del-rosario-fuerteventura\\\/#authorImage\",\"url\":\"https:\\\/\\\/eldigitaldeasturias.com\\\/magazine365\\\/wp-content\\\/litespeed\\\/avatar\\\/e571bcf59a0edd6fa6838245a470f2fe.jpg?ver=1776969259\",\"width\":96,\"height\":96,\"caption\":\"admin\"}},{\"@type\":\"WebPage\",\"@id\":\"https:\\\/\\\/eldigitaldeasturias.com\\\/magazine365\\\/iniciadas-las-obras-de-mejora-del-paseo-maritimo-de-puerto-del-rosario-fuerteventura\\\/#webpage\",\"url\":\"https:\\\/\\\/eldigitaldeasturias.com\\\/magazine365\\\/iniciadas-las-obras-de-mejora-del-paseo-maritimo-de-puerto-del-rosario-fuerteventura\\\/\",\"name\":\"Se inician las obras de mejora del paseo mar\\u00edtimo de Puerto del Rosario | El Digital de Asturias\",\"description\":\"El presidente de la Autoridad Portuaria de Las Palmas, Luis Ibarra, ha firmado la adjudicaci\\u00f3n del proyecto de 'Adecuaci\\u00f3n del Paseo Mar\\u00edtimo del Puerto de Puerto del Rosario' por el que se inicia la mejora del mismo. En un comunicado, la Instituci\\u00f3n explic\\u00f3 que la primera fase tendr\\u00e1 un presupuesto de 220.664,74 euros y un\",\"inLanguage\":\"es-ES\",\"isPartOf\":{\"@id\":\"https:\\\/\\\/eldigitaldeasturias.com\\\/magazine365\\\/#website\"},\"breadcrumb\":{\"@id\":\"https:\\\/\\\/eldigitaldeasturias.com\\\/magazine365\\\/iniciadas-las-obras-de-mejora-del-paseo-maritimo-de-puerto-del-rosario-fuerteventura\\\/#breadcrumblist\"},\"author\":{\"@id\":\"https:\\\/\\\/eldigitaldeasturias.com\\\/magazine365\\\/author\\\/admin\\\/#author\"},\"creator\":{\"@id\":\"https:\\\/\\\/eldigitaldeasturias.com\\\/magazine365\\\/author\\\/admin\\\/#author\"},\"image\":{\"@type\":\"ImageObject\",\"url\":\"https:\\\/\\\/eldigitaldeasturias.com\\\/magazine365\\\/wp-content\\\/uploads\\\/2016\\\/06\\\/fotonoticia_20160610161431_800.jpg\",\"@id\":\"https:\\\/\\\/eldigitaldeasturias.com\\\/magazine365\\\/iniciadas-las-obras-de-mejora-del-paseo-maritimo-de-puerto-del-rosario-fuerteventura\\\/#mainImage\",\"width\":800,\"height\":534},\"primaryImageOfPage\":{\"@id\":\"https:\\\/\\\/eldigitaldeasturias.com\\\/magazine365\\\/iniciadas-las-obras-de-mejora-del-paseo-maritimo-de-puerto-del-rosario-fuerteventura\\\/#mainImage\"},\"datePublished\":\"2016-06-10T17:56:28+02:00\",\"dateModified\":\"2016-06-10T17:57:14+02:00\"},{\"@type\":\"WebSite\",\"@id\":\"https:\\\/\\\/eldigitaldeasturias.com\\\/magazine365\\\/#website\",\"url\":\"https:\\\/\\\/eldigitaldeasturias.com\\\/magazine365\\\/\",\"name\":\"El Digital de Asturias\",\"description\":\"Revista de ocio, turismo y estilo de vida\",\"inLanguage\":\"es-ES\",\"publisher\":{\"@id\":\"https:\\\/\\\/eldigitaldeasturias.com\\\/magazine365\\\/#organization\"}}]}\n\t\t<\/script>\n\t\t<!-- All in One SEO Pro -->\r\n\t\t<title>Se inician las obras de mejora del paseo mar\u00edtimo de Puerto del Rosario | El Digital de Asturias<\/title>\n\n","aioseo_head_json":{"title":"Se inician las obras de mejora del paseo mar\u00edtimo de Puerto del Rosario | El Digital de Asturias","description":"El presidente de la Autoridad Portuaria de Las Palmas, Luis Ibarra, ha firmado la adjudicaci\u00f3n del proyecto de 'Adecuaci\u00f3n del Paseo Mar\u00edtimo del Puerto de Puerto del Rosario' por el que se inicia la mejora del mismo. En un comunicado, la Instituci\u00f3n explic\u00f3 que la primera fase tendr\u00e1 un presupuesto de 220.664,74 euros y un","canonical_url":"https:\/\/eldigitaldeasturias.com\/magazine365\/iniciadas-las-obras-de-mejora-del-paseo-maritimo-de-puerto-del-rosario-fuerteventura\/","robots":"max-image-preview:large","keywords":"noticias y actualidad","webmasterTools":{"google-site-verification":"UA-38556648-1","miscellaneous":""},"schema":{"@context":"https:\/\/schema.org","@graph":[{"@type":"Article","@id":"https:\/\/eldigitaldeasturias.com\/magazine365\/iniciadas-las-obras-de-mejora-del-paseo-maritimo-de-puerto-del-rosario-fuerteventura\/#article","name":"Se inician las obras de mejora del paseo mar\u00edtimo de Puerto del Rosario | El Digital de Asturias","headline":"Se inician las obras de mejora del paseo mar\u00edtimo de Puerto del Rosario","author":{"@id":"https:\/\/eldigitaldeasturias.com\/magazine365\/author\/admin\/#author"},"publisher":{"@id":"https:\/\/eldigitaldeasturias.com\/magazine365\/#organization"},"image":{"@type":"ImageObject","url":"https:\/\/eldigitaldeasturias.com\/magazine365\/wp-content\/uploads\/2016\/06\/fotonoticia_20160610161431_800.jpg","width":800,"height":534},"datePublished":"2016-06-10T17:56:28+02:00","dateModified":"2016-06-10T17:57:14+02:00","inLanguage":"es-ES","mainEntityOfPage":{"@id":"https:\/\/eldigitaldeasturias.com\/magazine365\/iniciadas-las-obras-de-mejora-del-paseo-maritimo-de-puerto-del-rosario-fuerteventura\/#webpage"},"isPartOf":{"@id":"https:\/\/eldigitaldeasturias.com\/magazine365\/iniciadas-las-obras-de-mejora-del-paseo-maritimo-de-puerto-del-rosario-fuerteventura\/#webpage"},"articleSection":"Noticias y Actualidad"},{"@type":"BreadcrumbList","@id":"https:\/\/eldigitaldeasturias.com\/magazine365\/iniciadas-las-obras-de-mejora-del-paseo-maritimo-de-puerto-del-rosario-fuerteventura\/#breadcrumblist","itemListElement":[{"@type":"ListItem","@id":"https:\/\/eldigitaldeasturias.com\/magazine365#listItem","position":1,"name":"Home","item":"https:\/\/eldigitaldeasturias.com\/magazine365","nextItem":{"@type":"ListItem","@id":"https:\/\/eldigitaldeasturias.com\/magazine365\/category\/noticias-actualidad\/#listItem","name":"Noticias y Actualidad"}},{"@type":"ListItem","@id":"https:\/\/eldigitaldeasturias.com\/magazine365\/category\/noticias-actualidad\/#listItem","position":2,"name":"Noticias y Actualidad","item":"https:\/\/eldigitaldeasturias.com\/magazine365\/category\/noticias-actualidad\/","nextItem":{"@type":"ListItem","@id":"https:\/\/eldigitaldeasturias.com\/magazine365\/iniciadas-las-obras-de-mejora-del-paseo-maritimo-de-puerto-del-rosario-fuerteventura\/#listItem","name":"Se inician las obras de mejora del paseo mar\u00edtimo de Puerto del Rosario"},"previousItem":{"@type":"ListItem","@id":"https:\/\/eldigitaldeasturias.com\/magazine365#listItem","name":"Home"}},{"@type":"ListItem","@id":"https:\/\/eldigitaldeasturias.com\/magazine365\/iniciadas-las-obras-de-mejora-del-paseo-maritimo-de-puerto-del-rosario-fuerteventura\/#listItem","position":3,"name":"Se inician las obras de mejora del paseo mar\u00edtimo de Puerto del Rosario","previousItem":{"@type":"ListItem","@id":"https:\/\/eldigitaldeasturias.com\/magazine365\/category\/noticias-actualidad\/#listItem","name":"Noticias y Actualidad"}}]},{"@type":"Organization","@id":"https:\/\/eldigitaldeasturias.com\/magazine365\/#organization","name":"El digital de Asturias","description":"Revista de ocio, turismo y estilo de vida","url":"https:\/\/eldigitaldeasturias.com\/magazine365\/","logo":{"@type":"ImageObject","url":"https:\/\/www.eldigitaldeasturias.com\/noticias\/wp-content\/uploads\/2020\/12\/EDA.jpg","@id":"https:\/\/eldigitaldeasturias.com\/magazine365\/iniciadas-las-obras-de-mejora-del-paseo-maritimo-de-puerto-del-rosario-fuerteventura\/#organizationLogo"},"image":{"@id":"https:\/\/eldigitaldeasturias.com\/magazine365\/iniciadas-las-obras-de-mejora-del-paseo-maritimo-de-puerto-del-rosario-fuerteventura\/#organizationLogo"}},{"@type":"Person","@id":"https:\/\/eldigitaldeasturias.com\/magazine365\/author\/admin\/#author","url":"https:\/\/eldigitaldeasturias.com\/magazine365\/author\/admin\/","name":"admin","image":{"@type":"ImageObject","@id":"https:\/\/eldigitaldeasturias.com\/magazine365\/iniciadas-las-obras-de-mejora-del-paseo-maritimo-de-puerto-del-rosario-fuerteventura\/#authorImage","url":"https:\/\/eldigitaldeasturias.com\/magazine365\/wp-content\/litespeed\/avatar\/e571bcf59a0edd6fa6838245a470f2fe.jpg?ver=1776969259","width":96,"height":96,"caption":"admin"}},{"@type":"WebPage","@id":"https:\/\/eldigitaldeasturias.com\/magazine365\/iniciadas-las-obras-de-mejora-del-paseo-maritimo-de-puerto-del-rosario-fuerteventura\/#webpage","url":"https:\/\/eldigitaldeasturias.com\/magazine365\/iniciadas-las-obras-de-mejora-del-paseo-maritimo-de-puerto-del-rosario-fuerteventura\/","name":"Se inician las obras de mejora del paseo mar\u00edtimo de Puerto del Rosario | El Digital de Asturias","description":"El presidente de la Autoridad Portuaria de Las Palmas, Luis Ibarra, ha firmado la adjudicaci\u00f3n del proyecto de 'Adecuaci\u00f3n del Paseo Mar\u00edtimo del Puerto de Puerto del Rosario' por el que se inicia la mejora del mismo. En un comunicado, la Instituci\u00f3n explic\u00f3 que la primera fase tendr\u00e1 un presupuesto de 220.664,74 euros y un","inLanguage":"es-ES","isPartOf":{"@id":"https:\/\/eldigitaldeasturias.com\/magazine365\/#website"},"breadcrumb":{"@id":"https:\/\/eldigitaldeasturias.com\/magazine365\/iniciadas-las-obras-de-mejora-del-paseo-maritimo-de-puerto-del-rosario-fuerteventura\/#breadcrumblist"},"author":{"@id":"https:\/\/eldigitaldeasturias.com\/magazine365\/author\/admin\/#author"},"creator":{"@id":"https:\/\/eldigitaldeasturias.com\/magazine365\/author\/admin\/#author"},"image":{"@type":"ImageObject","url":"https:\/\/eldigitaldeasturias.com\/magazine365\/wp-content\/uploads\/2016\/06\/fotonoticia_20160610161431_800.jpg","@id":"https:\/\/eldigitaldeasturias.com\/magazine365\/iniciadas-las-obras-de-mejora-del-paseo-maritimo-de-puerto-del-rosario-fuerteventura\/#mainImage","width":800,"height":534},"primaryImageOfPage":{"@id":"https:\/\/eldigitaldeasturias.com\/magazine365\/iniciadas-las-obras-de-mejora-del-paseo-maritimo-de-puerto-del-rosario-fuerteventura\/#mainImage"},"datePublished":"2016-06-10T17:56:28+02:00","dateModified":"2016-06-10T17:57:14+02:00"},{"@type":"WebSite","@id":"https:\/\/eldigitaldeasturias.com\/magazine365\/#website","url":"https:\/\/eldigitaldeasturias.com\/magazine365\/","name":"El Digital de Asturias","description":"Revista de ocio, turismo y estilo de vida","inLanguage":"es-ES","publisher":{"@id":"https:\/\/eldigitaldeasturias.com\/magazine365\/#organization"}}]},"og:locale":"es_ES","og:site_name":"El Digital de Asturias \u2013 Revista de ocio, turismo y estilo de vida","og:type":"article","og:title":"Se inician las obras de mejora del paseo mar\u00edtimo de Puerto del Rosario | El Digital de Asturias","og:description":"El presidente de la Autoridad Portuaria de Las Palmas, Luis Ibarra, ha firmado la adjudicaci\u00f3n del proyecto de 'Adecuaci\u00f3n del Paseo Mar\u00edtimo del Puerto de Puerto del Rosario' por el que se inicia la mejora del mismo. En un comunicado, la Instituci\u00f3n explic\u00f3 que la primera fase tendr\u00e1 un presupuesto de 220.664,74 euros y un","og:url":"https:\/\/eldigitaldeasturias.com\/magazine365\/iniciadas-las-obras-de-mejora-del-paseo-maritimo-de-puerto-del-rosario-fuerteventura\/","og:image":"https:\/\/eldigitaldeasturias.com\/magazine365\/wp-content\/uploads\/2016\/06\/fotonoticia_20160610161431_800.jpg","og:image:secure_url":"https:\/\/eldigitaldeasturias.com\/magazine365\/wp-content\/uploads\/2016\/06\/fotonoticia_20160610161431_800.jpg","og:image:width":800,"og:image:height":534,"article:published_time":"2016-06-10T15:56:28+00:00","article:modified_time":"2016-06-10T15:57:14+00:00","twitter:card":"summary_large_image","twitter:title":"Se inician las obras de mejora del paseo mar\u00edtimo de Puerto del Rosario | El Digital de Asturias","twitter:description":"El presidente de la Autoridad Portuaria de Las Palmas, Luis Ibarra, ha firmado la adjudicaci\u00f3n del proyecto de 'Adecuaci\u00f3n del Paseo Mar\u00edtimo del Puerto de Puerto del Rosario' por el que se inicia la mejora del mismo. En un comunicado, la Instituci\u00f3n explic\u00f3 que la primera fase tendr\u00e1 un presupuesto de 220.664,74 euros y un","twitter:image":"https:\/\/eldigitaldeasturias.com\/magazine365\/wp-content\/uploads\/2016\/06\/fotonoticia_20160610161431_800.jpg"},"aioseo_meta_data":{"post_id":"78769","title":null,"description":null,"keywords":null,"keyphrases":null,"primary_term":null,"canonical_url":null,"og_title":null,"og_description":null,"og_object_type":"default","og_image_type":"default","og_image_url":null,"og_image_width":null,"og_image_height":null,"og_image_custom_url":null,"og_image_custom_fields":null,"og_video":null,"og_custom_url":null,"og_article_section":null,"og_article_tags":null,"twitter_use_og":false,"twitter_card":"default","twitter_image_type":"default","twitter_image_url":null,"twitter_image_custom_url":null,"twitter_image_custom_fields":null,"twitter_title":null,"twitter_description":null,"schema":{"blockGraphs":[],"customGraphs":[],"default":{"data":{"Article":[],"Course":[],"Dataset":[],"FAQPage":[],"Movie":[],"Person":[],"Product":[],"ProductReview":[],"Car":[],"Recipe":[],"Service":[],"SoftwareApplication":[],"WebPage":[]},"graphName":"","isEnabled":true},"graphs":[]},"schema_type":null,"schema_type_options":null,"pillar_content":false,"robots_default":true,"robots_noindex":false,"robots_noarchive":false,"robots_nosnippet":false,"robots_nofollow":false,"robots_noimageindex":false,"robots_noodp":false,"robots_notranslate":false,"robots_max_snippet":null,"robots_max_videopreview":null,"robots_max_imagepreview":"large","priority":null,"frequency":null,"location":null,"local_seo":null,"seo_analyzer_scan_date":"2025-09-27 17:37:05","breadcrumb_settings":null,"limit_modified_date":false,"open_ai":null,"ai":null,"created":"2021-03-08 17:56:39","updated":"2025-09-27 17:37:05"},"aioseo_breadcrumb":"<div class=\"aioseo-breadcrumbs\"><span class=\"aioseo-breadcrumb\">\n\t<a href=\"https:\/\/eldigitaldeasturias.com\/magazine365\" title=\"Home\">Home<\/a>\n<\/span><span class=\"aioseo-breadcrumb-separator\">\u2013<\/span><span class=\"aioseo-breadcrumb\">\n\t<a href=\"https:\/\/eldigitaldeasturias.com\/magazine365\/category\/noticias-actualidad\/\" title=\"Noticias y Actualidad\">Noticias y Actualidad<\/a>\n<\/span><span class=\"aioseo-breadcrumb-separator\">\u2013<\/span><span class=\"aioseo-breadcrumb\">\n\t<a href=\"https:\/\/eldigitaldeasturias.com\/magazine365\/iniciadas-las-obras-de-mejora-del-paseo-maritimo-de-puerto-del-rosario-fuerteventura\/\" title=\"Se inician las obras de mejora del paseo mar\u00edtimo de Puerto del Rosario\">Se inician las obras de mejora del paseo mar\u00edtimo de Puerto del Rosario<\/a>\n<\/span><\/div>","aioseo_breadcrumb_json":[{"label":"Home","link":"https:\/\/eldigitaldeasturias.com\/magazine365"},{"label":"Noticias y Actualidad","link":"https:\/\/eldigitaldeasturias.com\/magazine365\/category\/noticias-actualidad\/"},{"label":"Se inician las obras de mejora del paseo mar\u00edtimo de Puerto del Rosario","link":"https:\/\/eldigitaldeasturias.com\/magazine365\/iniciadas-las-obras-de-mejora-del-paseo-maritimo-de-puerto-del-rosario-fuerteventura\/"}],"_links":{"self":[{"href":"https:\/\/eldigitaldeasturias.com\/magazine365\/wp-json\/wp\/v2\/posts\/78769","targetHints":{"allow":["GET"]}}],"collection":[{"href":"https:\/\/eldigitaldeasturias.com\/magazine365\/wp-json\/wp\/v2\/posts"}],"about":[{"href":"https:\/\/eldigitaldeasturias.com\/magazine365\/wp-json\/wp\/v2\/types\/post"}],"author":[{"embeddable":true,"href":"https:\/\/eldigitaldeasturias.com\/magazine365\/wp-json\/wp\/v2\/users\/1"}],"replies":[{"embeddable":true,"href":"https:\/\/eldigitaldeasturias.com\/magazine365\/wp-json\/wp\/v2\/comments?post=78769"}],"version-history":[{"count":0,"href":"https:\/\/eldigitaldeasturias.com\/magazine365\/wp-json\/wp\/v2\/posts\/78769\/revisions"}],"wp:featuredmedia":[{"embeddable":true,"href":"https:\/\/eldigitaldeasturias.com\/magazine365\/wp-json\/wp\/v2\/media\/78770"}],"wp:attachment":[{"href":"https:\/\/eldigitaldeasturias.com\/magazine365\/wp-json\/wp\/v2\/media?parent=78769"}],"wp:term":[{"taxonomy":"category","embeddable":true,"href":"https:\/\/eldigitaldeasturias.com\/magazine365\/wp-json\/wp\/v2\/categories?post=78769"},{"taxonomy":"post_tag","embeddable":true,"href":"https:\/\/eldigitaldeasturias.com\/magazine365\/wp-json\/wp\/v2\/tags?post=78769"}],"curies":[{"name":"wp","href":"https:\/\/api.w.org\/{rel}","templated":true}]}}