{"id":78755,"date":"2016-06-10T17:08:01","date_gmt":"2016-06-10T15:08:01","guid":{"rendered":"http:\/\/eldigitaldeasturias.com\/magazine365\/?p=78755"},"modified":"2016-06-10T17:08:01","modified_gmt":"2016-06-10T15:08:01","slug":"el-aeropuerto-de-santander-estrenara-su-nuevo-ils-la-proxima-semana","status":"publish","type":"post","link":"https:\/\/eldigitaldeasturias.com\/magazine365\/el-aeropuerto-de-santander-estrenara-su-nuevo-ils-la-proxima-semana\/","title":{"rendered":"El aeropuerto de Santander estrenar\u00e1 su nuevo ILS la pr\u00f3xima semana"},"content":{"rendered":"<p><img fetchpriority=\"high\" decoding=\"async\" class=\"alignleft size-medium wp-image-78756\" src=\"https:\/\/eldigitaldeasturias.com\/magazine365\/wp-content\/uploads\/2016\/06\/fotonoticia_20160610154436_800-360x177.jpg\" alt=\"fotonoticia_20160610154436_800\" width=\"360\" height=\"177\" srcset=\"https:\/\/eldigitaldeasturias.com\/magazine365\/wp-content\/uploads\/2016\/06\/fotonoticia_20160610154436_800-360x177.jpg 360w, https:\/\/eldigitaldeasturias.com\/magazine365\/wp-content\/uploads\/2016\/06\/fotonoticia_20160610154436_800-650x320.jpg 650w, https:\/\/eldigitaldeasturias.com\/magazine365\/wp-content\/uploads\/2016\/06\/fotonoticia_20160610154436_800-768x378.jpg 768w, https:\/\/eldigitaldeasturias.com\/magazine365\/wp-content\/uploads\/2016\/06\/fotonoticia_20160610154436_800-150x74.jpg 150w, https:\/\/eldigitaldeasturias.com\/magazine365\/wp-content\/uploads\/2016\/06\/fotonoticia_20160610154436_800-450x222.jpg 450w, https:\/\/eldigitaldeasturias.com\/magazine365\/wp-content\/uploads\/2016\/06\/fotonoticia_20160610154436_800.jpg 800w\" sizes=\"(max-width: 360px) 100vw, 360px\" \/>El aeropuerto Seve Ballesteros-Santander estrenar\u00e1 su nuevo ILS, la ayuda a la navegaci\u00f3n en caso de niebla, a principios de la pr\u00f3xima semana.<\/p>\n<p>Precisamente ayer jueves por la noche se desvi\u00f3 por niebla el avi\u00f3n de Vueling procedente del aeropuerto de Par\u00eds Charles de Gaulle.<\/p>\n<p>Seg\u00fan ha explicado a Europa Press, Aena ha escogido este periodo para realizar la obra, con una inversi\u00f3n de un mill\u00f3n de euros, ya que hist\u00f3ricamente es la \u00e9poca de menor afecci\u00f3n por niebla en el aeropuerto.<\/p>\n<p>El nuevo ILS, de \u00faltima tecnolog\u00eda, facilitar\u00e1 el aterrizaje en el aeropuerto en caso de meteorolog\u00eda adversa.<\/p>\n<p>Aunque el ILS ha estado desconectado varias semanas, el aeropuerto dispone de otras ayudas a la navegaci\u00f3n en caso de niebla que pone a disposici\u00f3n de las compa\u00f1\u00edas, han se\u00f1alado las mismas fuentes.<\/p>\n<p>De hecho, el aeropuerto Seve Ballesteros-Santander dispone de un servicio pionero en Espa\u00f1a y que existe en \u00abmuy pocos\u00bb aeropuertos: una ayuda a la navegaci\u00f3n por GPS.<\/p>\n<p>Los procedimientos de aproximaci\u00f3n que utilicen GPS\/EGNOS, que pone a su disposici\u00f3n Enaire, los pueden realizar todas las compa\u00f1\u00edas a\u00e9reas cuyos aviones est\u00e9n debidamente equipados con la avi\u00f3nica necesaria (receptor, antenas, etc.) y cuenten con la aprobaci\u00f3n operacional por parte de la autoridad de aviaci\u00f3n civil correspondiente.<\/p>\n<p>Se pueden realizar aproximaciones a las pistas 11 y 29 del aeropuerto de Santander en condiciones meteorol\u00f3gicas adversas con la base de nubes a unos 100 metros o m\u00e1s por encima de la pistas, ha destacado Aena.<\/p>\n","protected":false},"excerpt":{"rendered":"<p>El aeropuerto Seve Ballesteros-Santander estrenar\u00e1 su nuevo ILS, la ayuda a la navegaci\u00f3n en caso de niebla, a principios de la pr\u00f3xima semana. Precisamente ayer jueves por la noche se desvi\u00f3 por niebla el avi\u00f3n de Vueling procedente del aeropuerto de Par\u00eds Charles de Gaulle. Seg\u00fan ha explicado a Europa Press, Aena ha escogido este<\/p>\n","protected":false},"author":1,"featured_media":78756,"comment_status":"open","ping_status":"closed","sticky":false,"template":"","format":"standard","meta":{"footnotes":""},"categories":[224],"tags":[],"class_list":{"0":"post-78755","1":"post","2":"type-post","3":"status-publish","4":"format-standard","5":"has-post-thumbnail","7":"category-noticias-actualidad"},"aioseo_notices":[],"aioseo_head":"\n\t\t<!-- All in One SEO Pro 4.9.6.1 - aioseo.com -->\n\t<meta name=\"description\" content=\"El aeropuerto Seve Ballesteros-Santander estrenar\u00e1 su nuevo ILS, la ayuda a la navegaci\u00f3n en caso de niebla, a principios de la pr\u00f3xima semana. Precisamente ayer jueves por la noche se desvi\u00f3 por niebla el avi\u00f3n de Vueling procedente del aeropuerto de Par\u00eds Charles de Gaulle. Seg\u00fan ha explicado a Europa Press, Aena ha escogido este\" \/>\n\t<meta name=\"robots\" content=\"max-image-preview:large\" \/>\n\t<meta name=\"author\" content=\"admin\"\/>\n\t<meta name=\"google-site-verification\" content=\"UA-38556648-1\" \/>\n\t<meta name=\"keywords\" content=\"noticias y actualidad\" \/>\n\t<link rel=\"canonical\" href=\"https:\/\/eldigitaldeasturias.com\/magazine365\/el-aeropuerto-de-santander-estrenara-su-nuevo-ils-la-proxima-semana\/\" \/>\n\t<meta name=\"generator\" content=\"All in One SEO Pro (AIOSEO) 4.9.6.1\" \/>\n\t\t<meta property=\"og:locale\" content=\"es_ES\" \/>\n\t\t<meta property=\"og:site_name\" content=\"El Digital de Asturias \u2013 Revista de ocio, turismo y estilo de vida\" \/>\n\t\t<meta property=\"og:type\" content=\"article\" \/>\n\t\t<meta property=\"og:title\" content=\"El aeropuerto de Santander estrenar\u00e1 su nuevo ILS la pr\u00f3xima semana | El Digital de Asturias\" \/>\n\t\t<meta property=\"og:description\" content=\"El aeropuerto Seve Ballesteros-Santander estrenar\u00e1 su nuevo ILS, la ayuda a la navegaci\u00f3n en caso de niebla, a principios de la pr\u00f3xima semana. Precisamente ayer jueves por la noche se desvi\u00f3 por niebla el avi\u00f3n de Vueling procedente del aeropuerto de Par\u00eds Charles de Gaulle. Seg\u00fan ha explicado a Europa Press, Aena ha escogido este\" \/>\n\t\t<meta property=\"og:url\" content=\"https:\/\/eldigitaldeasturias.com\/magazine365\/el-aeropuerto-de-santander-estrenara-su-nuevo-ils-la-proxima-semana\/\" \/>\n\t\t<meta property=\"og:image\" content=\"https:\/\/eldigitaldeasturias.com\/magazine365\/wp-content\/uploads\/2016\/06\/fotonoticia_20160610154436_800.jpg\" \/>\n\t\t<meta property=\"og:image:secure_url\" content=\"https:\/\/eldigitaldeasturias.com\/magazine365\/wp-content\/uploads\/2016\/06\/fotonoticia_20160610154436_800.jpg\" \/>\n\t\t<meta property=\"og:image:width\" content=\"800\" \/>\n\t\t<meta property=\"og:image:height\" content=\"394\" \/>\n\t\t<meta property=\"article:published_time\" content=\"2016-06-10T15:08:01+00:00\" \/>\n\t\t<meta property=\"article:modified_time\" content=\"2016-06-10T15:08:01+00:00\" \/>\n\t\t<meta name=\"twitter:card\" content=\"summary_large_image\" \/>\n\t\t<meta name=\"twitter:title\" content=\"El aeropuerto de Santander estrenar\u00e1 su nuevo ILS la pr\u00f3xima semana | El Digital de Asturias\" \/>\n\t\t<meta name=\"twitter:description\" content=\"El aeropuerto Seve Ballesteros-Santander estrenar\u00e1 su nuevo ILS, la ayuda a la navegaci\u00f3n en caso de niebla, a principios de la pr\u00f3xima semana. Precisamente ayer jueves por la noche se desvi\u00f3 por niebla el avi\u00f3n de Vueling procedente del aeropuerto de Par\u00eds Charles de Gaulle. Seg\u00fan ha explicado a Europa Press, Aena ha escogido este\" \/>\n\t\t<meta name=\"twitter:image\" content=\"https:\/\/eldigitaldeasturias.com\/magazine365\/wp-content\/uploads\/2016\/06\/fotonoticia_20160610154436_800.jpg\" \/>\n\t\t<script type=\"application\/ld+json\" class=\"aioseo-schema\">\n\t\t\t{\"@context\":\"https:\\\/\\\/schema.org\",\"@graph\":[{\"@type\":\"Article\",\"@id\":\"https:\\\/\\\/eldigitaldeasturias.com\\\/magazine365\\\/el-aeropuerto-de-santander-estrenara-su-nuevo-ils-la-proxima-semana\\\/#article\",\"name\":\"El aeropuerto de Santander estrenar\\u00e1 su nuevo ILS la pr\\u00f3xima semana | El Digital de Asturias\",\"headline\":\"El aeropuerto de Santander estrenar\\u00e1 su nuevo ILS la pr\\u00f3xima semana\",\"author\":{\"@id\":\"https:\\\/\\\/eldigitaldeasturias.com\\\/magazine365\\\/author\\\/admin\\\/#author\"},\"publisher\":{\"@id\":\"https:\\\/\\\/eldigitaldeasturias.com\\\/magazine365\\\/#organization\"},\"image\":{\"@type\":\"ImageObject\",\"url\":\"https:\\\/\\\/eldigitaldeasturias.com\\\/magazine365\\\/wp-content\\\/uploads\\\/2016\\\/06\\\/fotonoticia_20160610154436_800.jpg\",\"width\":800,\"height\":394},\"datePublished\":\"2016-06-10T17:08:01+02:00\",\"dateModified\":\"2016-06-10T17:08:01+02:00\",\"inLanguage\":\"es-ES\",\"mainEntityOfPage\":{\"@id\":\"https:\\\/\\\/eldigitaldeasturias.com\\\/magazine365\\\/el-aeropuerto-de-santander-estrenara-su-nuevo-ils-la-proxima-semana\\\/#webpage\"},\"isPartOf\":{\"@id\":\"https:\\\/\\\/eldigitaldeasturias.com\\\/magazine365\\\/el-aeropuerto-de-santander-estrenara-su-nuevo-ils-la-proxima-semana\\\/#webpage\"},\"articleSection\":\"Noticias y Actualidad\"},{\"@type\":\"BreadcrumbList\",\"@id\":\"https:\\\/\\\/eldigitaldeasturias.com\\\/magazine365\\\/el-aeropuerto-de-santander-estrenara-su-nuevo-ils-la-proxima-semana\\\/#breadcrumblist\",\"itemListElement\":[{\"@type\":\"ListItem\",\"@id\":\"https:\\\/\\\/eldigitaldeasturias.com\\\/magazine365#listItem\",\"position\":1,\"name\":\"Home\",\"item\":\"https:\\\/\\\/eldigitaldeasturias.com\\\/magazine365\",\"nextItem\":{\"@type\":\"ListItem\",\"@id\":\"https:\\\/\\\/eldigitaldeasturias.com\\\/magazine365\\\/category\\\/noticias-actualidad\\\/#listItem\",\"name\":\"Noticias y Actualidad\"}},{\"@type\":\"ListItem\",\"@id\":\"https:\\\/\\\/eldigitaldeasturias.com\\\/magazine365\\\/category\\\/noticias-actualidad\\\/#listItem\",\"position\":2,\"name\":\"Noticias y Actualidad\",\"item\":\"https:\\\/\\\/eldigitaldeasturias.com\\\/magazine365\\\/category\\\/noticias-actualidad\\\/\",\"nextItem\":{\"@type\":\"ListItem\",\"@id\":\"https:\\\/\\\/eldigitaldeasturias.com\\\/magazine365\\\/el-aeropuerto-de-santander-estrenara-su-nuevo-ils-la-proxima-semana\\\/#listItem\",\"name\":\"El aeropuerto de Santander estrenar\\u00e1 su nuevo ILS la pr\\u00f3xima semana\"},\"previousItem\":{\"@type\":\"ListItem\",\"@id\":\"https:\\\/\\\/eldigitaldeasturias.com\\\/magazine365#listItem\",\"name\":\"Home\"}},{\"@type\":\"ListItem\",\"@id\":\"https:\\\/\\\/eldigitaldeasturias.com\\\/magazine365\\\/el-aeropuerto-de-santander-estrenara-su-nuevo-ils-la-proxima-semana\\\/#listItem\",\"position\":3,\"name\":\"El aeropuerto de Santander estrenar\\u00e1 su nuevo ILS la pr\\u00f3xima semana\",\"previousItem\":{\"@type\":\"ListItem\",\"@id\":\"https:\\\/\\\/eldigitaldeasturias.com\\\/magazine365\\\/category\\\/noticias-actualidad\\\/#listItem\",\"name\":\"Noticias y Actualidad\"}}]},{\"@type\":\"Organization\",\"@id\":\"https:\\\/\\\/eldigitaldeasturias.com\\\/magazine365\\\/#organization\",\"name\":\"El digital de Asturias\",\"description\":\"Revista de ocio, turismo y estilo de vida\",\"url\":\"https:\\\/\\\/eldigitaldeasturias.com\\\/magazine365\\\/\",\"logo\":{\"@type\":\"ImageObject\",\"url\":\"https:\\\/\\\/www.eldigitaldeasturias.com\\\/noticias\\\/wp-content\\\/uploads\\\/2020\\\/12\\\/EDA.jpg\",\"@id\":\"https:\\\/\\\/eldigitaldeasturias.com\\\/magazine365\\\/el-aeropuerto-de-santander-estrenara-su-nuevo-ils-la-proxima-semana\\\/#organizationLogo\"},\"image\":{\"@id\":\"https:\\\/\\\/eldigitaldeasturias.com\\\/magazine365\\\/el-aeropuerto-de-santander-estrenara-su-nuevo-ils-la-proxima-semana\\\/#organizationLogo\"}},{\"@type\":\"Person\",\"@id\":\"https:\\\/\\\/eldigitaldeasturias.com\\\/magazine365\\\/author\\\/admin\\\/#author\",\"url\":\"https:\\\/\\\/eldigitaldeasturias.com\\\/magazine365\\\/author\\\/admin\\\/\",\"name\":\"admin\",\"image\":{\"@type\":\"ImageObject\",\"@id\":\"https:\\\/\\\/eldigitaldeasturias.com\\\/magazine365\\\/el-aeropuerto-de-santander-estrenara-su-nuevo-ils-la-proxima-semana\\\/#authorImage\",\"url\":\"https:\\\/\\\/eldigitaldeasturias.com\\\/magazine365\\\/wp-content\\\/litespeed\\\/avatar\\\/e571bcf59a0edd6fa6838245a470f2fe.jpg?ver=1776969259\",\"width\":96,\"height\":96,\"caption\":\"admin\"}},{\"@type\":\"WebPage\",\"@id\":\"https:\\\/\\\/eldigitaldeasturias.com\\\/magazine365\\\/el-aeropuerto-de-santander-estrenara-su-nuevo-ils-la-proxima-semana\\\/#webpage\",\"url\":\"https:\\\/\\\/eldigitaldeasturias.com\\\/magazine365\\\/el-aeropuerto-de-santander-estrenara-su-nuevo-ils-la-proxima-semana\\\/\",\"name\":\"El aeropuerto de Santander estrenar\\u00e1 su nuevo ILS la pr\\u00f3xima semana | El Digital de Asturias\",\"description\":\"El aeropuerto Seve Ballesteros-Santander estrenar\\u00e1 su nuevo ILS, la ayuda a la navegaci\\u00f3n en caso de niebla, a principios de la pr\\u00f3xima semana. Precisamente ayer jueves por la noche se desvi\\u00f3 por niebla el avi\\u00f3n de Vueling procedente del aeropuerto de Par\\u00eds Charles de Gaulle. Seg\\u00fan ha explicado a Europa Press, Aena ha escogido este\",\"inLanguage\":\"es-ES\",\"isPartOf\":{\"@id\":\"https:\\\/\\\/eldigitaldeasturias.com\\\/magazine365\\\/#website\"},\"breadcrumb\":{\"@id\":\"https:\\\/\\\/eldigitaldeasturias.com\\\/magazine365\\\/el-aeropuerto-de-santander-estrenara-su-nuevo-ils-la-proxima-semana\\\/#breadcrumblist\"},\"author\":{\"@id\":\"https:\\\/\\\/eldigitaldeasturias.com\\\/magazine365\\\/author\\\/admin\\\/#author\"},\"creator\":{\"@id\":\"https:\\\/\\\/eldigitaldeasturias.com\\\/magazine365\\\/author\\\/admin\\\/#author\"},\"image\":{\"@type\":\"ImageObject\",\"url\":\"https:\\\/\\\/eldigitaldeasturias.com\\\/magazine365\\\/wp-content\\\/uploads\\\/2016\\\/06\\\/fotonoticia_20160610154436_800.jpg\",\"@id\":\"https:\\\/\\\/eldigitaldeasturias.com\\\/magazine365\\\/el-aeropuerto-de-santander-estrenara-su-nuevo-ils-la-proxima-semana\\\/#mainImage\",\"width\":800,\"height\":394},\"primaryImageOfPage\":{\"@id\":\"https:\\\/\\\/eldigitaldeasturias.com\\\/magazine365\\\/el-aeropuerto-de-santander-estrenara-su-nuevo-ils-la-proxima-semana\\\/#mainImage\"},\"datePublished\":\"2016-06-10T17:08:01+02:00\",\"dateModified\":\"2016-06-10T17:08:01+02:00\"},{\"@type\":\"WebSite\",\"@id\":\"https:\\\/\\\/eldigitaldeasturias.com\\\/magazine365\\\/#website\",\"url\":\"https:\\\/\\\/eldigitaldeasturias.com\\\/magazine365\\\/\",\"name\":\"El Digital de Asturias\",\"description\":\"Revista de ocio, turismo y estilo de vida\",\"inLanguage\":\"es-ES\",\"publisher\":{\"@id\":\"https:\\\/\\\/eldigitaldeasturias.com\\\/magazine365\\\/#organization\"}}]}\n\t\t<\/script>\n\t\t<!-- All in One SEO Pro -->\r\n\t\t<title>El aeropuerto de Santander estrenar\u00e1 su nuevo ILS la pr\u00f3xima semana | El Digital de Asturias<\/title>\n\n","aioseo_head_json":{"title":"El aeropuerto de Santander estrenar\u00e1 su nuevo ILS la pr\u00f3xima semana | El Digital de Asturias","description":"El aeropuerto Seve Ballesteros-Santander estrenar\u00e1 su nuevo ILS, la ayuda a la navegaci\u00f3n en caso de niebla, a principios de la pr\u00f3xima semana. Precisamente ayer jueves por la noche se desvi\u00f3 por niebla el avi\u00f3n de Vueling procedente del aeropuerto de Par\u00eds Charles de Gaulle. Seg\u00fan ha explicado a Europa Press, Aena ha escogido este","canonical_url":"https:\/\/eldigitaldeasturias.com\/magazine365\/el-aeropuerto-de-santander-estrenara-su-nuevo-ils-la-proxima-semana\/","robots":"max-image-preview:large","keywords":"noticias y actualidad","webmasterTools":{"google-site-verification":"UA-38556648-1","miscellaneous":""},"schema":{"@context":"https:\/\/schema.org","@graph":[{"@type":"Article","@id":"https:\/\/eldigitaldeasturias.com\/magazine365\/el-aeropuerto-de-santander-estrenara-su-nuevo-ils-la-proxima-semana\/#article","name":"El aeropuerto de Santander estrenar\u00e1 su nuevo ILS la pr\u00f3xima semana | El Digital de Asturias","headline":"El aeropuerto de Santander estrenar\u00e1 su nuevo ILS la pr\u00f3xima semana","author":{"@id":"https:\/\/eldigitaldeasturias.com\/magazine365\/author\/admin\/#author"},"publisher":{"@id":"https:\/\/eldigitaldeasturias.com\/magazine365\/#organization"},"image":{"@type":"ImageObject","url":"https:\/\/eldigitaldeasturias.com\/magazine365\/wp-content\/uploads\/2016\/06\/fotonoticia_20160610154436_800.jpg","width":800,"height":394},"datePublished":"2016-06-10T17:08:01+02:00","dateModified":"2016-06-10T17:08:01+02:00","inLanguage":"es-ES","mainEntityOfPage":{"@id":"https:\/\/eldigitaldeasturias.com\/magazine365\/el-aeropuerto-de-santander-estrenara-su-nuevo-ils-la-proxima-semana\/#webpage"},"isPartOf":{"@id":"https:\/\/eldigitaldeasturias.com\/magazine365\/el-aeropuerto-de-santander-estrenara-su-nuevo-ils-la-proxima-semana\/#webpage"},"articleSection":"Noticias y Actualidad"},{"@type":"BreadcrumbList","@id":"https:\/\/eldigitaldeasturias.com\/magazine365\/el-aeropuerto-de-santander-estrenara-su-nuevo-ils-la-proxima-semana\/#breadcrumblist","itemListElement":[{"@type":"ListItem","@id":"https:\/\/eldigitaldeasturias.com\/magazine365#listItem","position":1,"name":"Home","item":"https:\/\/eldigitaldeasturias.com\/magazine365","nextItem":{"@type":"ListItem","@id":"https:\/\/eldigitaldeasturias.com\/magazine365\/category\/noticias-actualidad\/#listItem","name":"Noticias y Actualidad"}},{"@type":"ListItem","@id":"https:\/\/eldigitaldeasturias.com\/magazine365\/category\/noticias-actualidad\/#listItem","position":2,"name":"Noticias y Actualidad","item":"https:\/\/eldigitaldeasturias.com\/magazine365\/category\/noticias-actualidad\/","nextItem":{"@type":"ListItem","@id":"https:\/\/eldigitaldeasturias.com\/magazine365\/el-aeropuerto-de-santander-estrenara-su-nuevo-ils-la-proxima-semana\/#listItem","name":"El aeropuerto de Santander estrenar\u00e1 su nuevo ILS la pr\u00f3xima semana"},"previousItem":{"@type":"ListItem","@id":"https:\/\/eldigitaldeasturias.com\/magazine365#listItem","name":"Home"}},{"@type":"ListItem","@id":"https:\/\/eldigitaldeasturias.com\/magazine365\/el-aeropuerto-de-santander-estrenara-su-nuevo-ils-la-proxima-semana\/#listItem","position":3,"name":"El aeropuerto de Santander estrenar\u00e1 su nuevo ILS la pr\u00f3xima semana","previousItem":{"@type":"ListItem","@id":"https:\/\/eldigitaldeasturias.com\/magazine365\/category\/noticias-actualidad\/#listItem","name":"Noticias y Actualidad"}}]},{"@type":"Organization","@id":"https:\/\/eldigitaldeasturias.com\/magazine365\/#organization","name":"El digital de Asturias","description":"Revista de ocio, turismo y estilo de vida","url":"https:\/\/eldigitaldeasturias.com\/magazine365\/","logo":{"@type":"ImageObject","url":"https:\/\/www.eldigitaldeasturias.com\/noticias\/wp-content\/uploads\/2020\/12\/EDA.jpg","@id":"https:\/\/eldigitaldeasturias.com\/magazine365\/el-aeropuerto-de-santander-estrenara-su-nuevo-ils-la-proxima-semana\/#organizationLogo"},"image":{"@id":"https:\/\/eldigitaldeasturias.com\/magazine365\/el-aeropuerto-de-santander-estrenara-su-nuevo-ils-la-proxima-semana\/#organizationLogo"}},{"@type":"Person","@id":"https:\/\/eldigitaldeasturias.com\/magazine365\/author\/admin\/#author","url":"https:\/\/eldigitaldeasturias.com\/magazine365\/author\/admin\/","name":"admin","image":{"@type":"ImageObject","@id":"https:\/\/eldigitaldeasturias.com\/magazine365\/el-aeropuerto-de-santander-estrenara-su-nuevo-ils-la-proxima-semana\/#authorImage","url":"https:\/\/eldigitaldeasturias.com\/magazine365\/wp-content\/litespeed\/avatar\/e571bcf59a0edd6fa6838245a470f2fe.jpg?ver=1776969259","width":96,"height":96,"caption":"admin"}},{"@type":"WebPage","@id":"https:\/\/eldigitaldeasturias.com\/magazine365\/el-aeropuerto-de-santander-estrenara-su-nuevo-ils-la-proxima-semana\/#webpage","url":"https:\/\/eldigitaldeasturias.com\/magazine365\/el-aeropuerto-de-santander-estrenara-su-nuevo-ils-la-proxima-semana\/","name":"El aeropuerto de Santander estrenar\u00e1 su nuevo ILS la pr\u00f3xima semana | El Digital de Asturias","description":"El aeropuerto Seve Ballesteros-Santander estrenar\u00e1 su nuevo ILS, la ayuda a la navegaci\u00f3n en caso de niebla, a principios de la pr\u00f3xima semana. Precisamente ayer jueves por la noche se desvi\u00f3 por niebla el avi\u00f3n de Vueling procedente del aeropuerto de Par\u00eds Charles de Gaulle. Seg\u00fan ha explicado a Europa Press, Aena ha escogido este","inLanguage":"es-ES","isPartOf":{"@id":"https:\/\/eldigitaldeasturias.com\/magazine365\/#website"},"breadcrumb":{"@id":"https:\/\/eldigitaldeasturias.com\/magazine365\/el-aeropuerto-de-santander-estrenara-su-nuevo-ils-la-proxima-semana\/#breadcrumblist"},"author":{"@id":"https:\/\/eldigitaldeasturias.com\/magazine365\/author\/admin\/#author"},"creator":{"@id":"https:\/\/eldigitaldeasturias.com\/magazine365\/author\/admin\/#author"},"image":{"@type":"ImageObject","url":"https:\/\/eldigitaldeasturias.com\/magazine365\/wp-content\/uploads\/2016\/06\/fotonoticia_20160610154436_800.jpg","@id":"https:\/\/eldigitaldeasturias.com\/magazine365\/el-aeropuerto-de-santander-estrenara-su-nuevo-ils-la-proxima-semana\/#mainImage","width":800,"height":394},"primaryImageOfPage":{"@id":"https:\/\/eldigitaldeasturias.com\/magazine365\/el-aeropuerto-de-santander-estrenara-su-nuevo-ils-la-proxima-semana\/#mainImage"},"datePublished":"2016-06-10T17:08:01+02:00","dateModified":"2016-06-10T17:08:01+02:00"},{"@type":"WebSite","@id":"https:\/\/eldigitaldeasturias.com\/magazine365\/#website","url":"https:\/\/eldigitaldeasturias.com\/magazine365\/","name":"El Digital de Asturias","description":"Revista de ocio, turismo y estilo de vida","inLanguage":"es-ES","publisher":{"@id":"https:\/\/eldigitaldeasturias.com\/magazine365\/#organization"}}]},"og:locale":"es_ES","og:site_name":"El Digital de Asturias \u2013 Revista de ocio, turismo y estilo de vida","og:type":"article","og:title":"El aeropuerto de Santander estrenar\u00e1 su nuevo ILS la pr\u00f3xima semana | El Digital de Asturias","og:description":"El aeropuerto Seve Ballesteros-Santander estrenar\u00e1 su nuevo ILS, la ayuda a la navegaci\u00f3n en caso de niebla, a principios de la pr\u00f3xima semana. Precisamente ayer jueves por la noche se desvi\u00f3 por niebla el avi\u00f3n de Vueling procedente del aeropuerto de Par\u00eds Charles de Gaulle. Seg\u00fan ha explicado a Europa Press, Aena ha escogido este","og:url":"https:\/\/eldigitaldeasturias.com\/magazine365\/el-aeropuerto-de-santander-estrenara-su-nuevo-ils-la-proxima-semana\/","og:image":"https:\/\/eldigitaldeasturias.com\/magazine365\/wp-content\/uploads\/2016\/06\/fotonoticia_20160610154436_800.jpg","og:image:secure_url":"https:\/\/eldigitaldeasturias.com\/magazine365\/wp-content\/uploads\/2016\/06\/fotonoticia_20160610154436_800.jpg","og:image:width":800,"og:image:height":394,"article:published_time":"2016-06-10T15:08:01+00:00","article:modified_time":"2016-06-10T15:08:01+00:00","twitter:card":"summary_large_image","twitter:title":"El aeropuerto de Santander estrenar\u00e1 su nuevo ILS la pr\u00f3xima semana | El Digital de Asturias","twitter:description":"El aeropuerto Seve Ballesteros-Santander estrenar\u00e1 su nuevo ILS, la ayuda a la navegaci\u00f3n en caso de niebla, a principios de la pr\u00f3xima semana. Precisamente ayer jueves por la noche se desvi\u00f3 por niebla el avi\u00f3n de Vueling procedente del aeropuerto de Par\u00eds Charles de Gaulle. Seg\u00fan ha explicado a Europa Press, Aena ha escogido este","twitter:image":"https:\/\/eldigitaldeasturias.com\/magazine365\/wp-content\/uploads\/2016\/06\/fotonoticia_20160610154436_800.jpg"},"aioseo_meta_data":{"post_id":"78755","title":null,"description":null,"keywords":null,"keyphrases":null,"primary_term":null,"canonical_url":null,"og_title":null,"og_description":null,"og_object_type":"default","og_image_type":"default","og_image_url":null,"og_image_width":null,"og_image_height":null,"og_image_custom_url":null,"og_image_custom_fields":null,"og_video":null,"og_custom_url":null,"og_article_section":null,"og_article_tags":null,"twitter_use_og":false,"twitter_card":"default","twitter_image_type":"default","twitter_image_url":null,"twitter_image_custom_url":null,"twitter_image_custom_fields":null,"twitter_title":null,"twitter_description":null,"schema":{"blockGraphs":[],"customGraphs":[],"default":{"data":{"Article":[],"Course":[],"Dataset":[],"FAQPage":[],"Movie":[],"Person":[],"Product":[],"ProductReview":[],"Car":[],"Recipe":[],"Service":[],"SoftwareApplication":[],"WebPage":[]},"graphName":"","isEnabled":true},"graphs":[],"defaultGraph":"","defaultPostTypeGraph":""},"schema_type":null,"schema_type_options":null,"pillar_content":false,"robots_default":true,"robots_noindex":false,"robots_noarchive":false,"robots_nosnippet":false,"robots_nofollow":false,"robots_noimageindex":false,"robots_noodp":false,"robots_notranslate":false,"robots_max_snippet":null,"robots_max_videopreview":null,"robots_max_imagepreview":"large","priority":null,"frequency":null,"location":null,"local_seo":null,"seo_analyzer_scan_date":"2025-09-27 17:35:11","breadcrumb_settings":null,"limit_modified_date":false,"open_ai":null,"ai":null,"created":"2021-03-08 17:56:39","updated":"2025-09-27 17:35:11"},"aioseo_breadcrumb":"<div class=\"aioseo-breadcrumbs\"><span class=\"aioseo-breadcrumb\">\n\t<a href=\"https:\/\/eldigitaldeasturias.com\/magazine365\" title=\"Home\">Home<\/a>\n<\/span><span class=\"aioseo-breadcrumb-separator\">\u2013<\/span><span class=\"aioseo-breadcrumb\">\n\t<a href=\"https:\/\/eldigitaldeasturias.com\/magazine365\/category\/noticias-actualidad\/\" title=\"Noticias y Actualidad\">Noticias y Actualidad<\/a>\n<\/span><span class=\"aioseo-breadcrumb-separator\">\u2013<\/span><span class=\"aioseo-breadcrumb\">\n\t<a href=\"https:\/\/eldigitaldeasturias.com\/magazine365\/el-aeropuerto-de-santander-estrenara-su-nuevo-ils-la-proxima-semana\/\" title=\"El aeropuerto de Santander estrenar\u00e1 su nuevo ILS la pr\u00f3xima semana\">El aeropuerto de Santander estrenar\u00e1 su nuevo ILS la pr\u00f3xima semana<\/a>\n<\/span><\/div>","aioseo_breadcrumb_json":[{"label":"Home","link":"https:\/\/eldigitaldeasturias.com\/magazine365"},{"label":"Noticias y Actualidad","link":"https:\/\/eldigitaldeasturias.com\/magazine365\/category\/noticias-actualidad\/"},{"label":"El aeropuerto de Santander estrenar\u00e1 su nuevo ILS la pr\u00f3xima semana","link":"https:\/\/eldigitaldeasturias.com\/magazine365\/el-aeropuerto-de-santander-estrenara-su-nuevo-ils-la-proxima-semana\/"}],"_links":{"self":[{"href":"https:\/\/eldigitaldeasturias.com\/magazine365\/wp-json\/wp\/v2\/posts\/78755","targetHints":{"allow":["GET"]}}],"collection":[{"href":"https:\/\/eldigitaldeasturias.com\/magazine365\/wp-json\/wp\/v2\/posts"}],"about":[{"href":"https:\/\/eldigitaldeasturias.com\/magazine365\/wp-json\/wp\/v2\/types\/post"}],"author":[{"embeddable":true,"href":"https:\/\/eldigitaldeasturias.com\/magazine365\/wp-json\/wp\/v2\/users\/1"}],"replies":[{"embeddable":true,"href":"https:\/\/eldigitaldeasturias.com\/magazine365\/wp-json\/wp\/v2\/comments?post=78755"}],"version-history":[{"count":0,"href":"https:\/\/eldigitaldeasturias.com\/magazine365\/wp-json\/wp\/v2\/posts\/78755\/revisions"}],"wp:featuredmedia":[{"embeddable":true,"href":"https:\/\/eldigitaldeasturias.com\/magazine365\/wp-json\/wp\/v2\/media\/78756"}],"wp:attachment":[{"href":"https:\/\/eldigitaldeasturias.com\/magazine365\/wp-json\/wp\/v2\/media?parent=78755"}],"wp:term":[{"taxonomy":"category","embeddable":true,"href":"https:\/\/eldigitaldeasturias.com\/magazine365\/wp-json\/wp\/v2\/categories?post=78755"},{"taxonomy":"post_tag","embeddable":true,"href":"https:\/\/eldigitaldeasturias.com\/magazine365\/wp-json\/wp\/v2\/tags?post=78755"}],"curies":[{"name":"wp","href":"https:\/\/api.w.org\/{rel}","templated":true}]}}