{"id":78752,"date":"2016-06-10T17:07:13","date_gmt":"2016-06-10T15:07:13","guid":{"rendered":"http:\/\/eldigitaldeasturias.com\/magazine365\/?p=78752"},"modified":"2016-06-10T17:07:13","modified_gmt":"2016-06-10T15:07:13","slug":"facua-recomienda-a-los-afectados-por-la-huelga-de-renfe-que-reclamen-sus-derechos","status":"publish","type":"post","link":"https:\/\/eldigitaldeasturias.com\/magazine365\/facua-recomienda-a-los-afectados-por-la-huelga-de-renfe-que-reclamen-sus-derechos\/","title":{"rendered":"Facua recomienda a los afectados por la huelga de Renfe que reclamen sus derechos"},"content":{"rendered":"<p><img fetchpriority=\"high\" decoding=\"async\" class=\"alignleft size-medium wp-image-78753\" src=\"https:\/\/eldigitaldeasturias.com\/magazine365\/wp-content\/uploads\/2016\/06\/fotonoticia_20160610153558_800-360x240.jpg\" alt=\"fotonoticia_20160610153558_800\" width=\"360\" height=\"240\" srcset=\"https:\/\/eldigitaldeasturias.com\/magazine365\/wp-content\/uploads\/2016\/06\/fotonoticia_20160610153558_800-360x240.jpg 360w, https:\/\/eldigitaldeasturias.com\/magazine365\/wp-content\/uploads\/2016\/06\/fotonoticia_20160610153558_800-650x433.jpg 650w, https:\/\/eldigitaldeasturias.com\/magazine365\/wp-content\/uploads\/2016\/06\/fotonoticia_20160610153558_800-768x512.jpg 768w, https:\/\/eldigitaldeasturias.com\/magazine365\/wp-content\/uploads\/2016\/06\/fotonoticia_20160610153558_800-150x100.jpg 150w, https:\/\/eldigitaldeasturias.com\/magazine365\/wp-content\/uploads\/2016\/06\/fotonoticia_20160610153558_800-450x300.jpg 450w, https:\/\/eldigitaldeasturias.com\/magazine365\/wp-content\/uploads\/2016\/06\/fotonoticia_20160610153558_800-101x66.jpg 101w, https:\/\/eldigitaldeasturias.com\/magazine365\/wp-content\/uploads\/2016\/06\/fotonoticia_20160610153558_800.jpg 800w\" sizes=\"(max-width: 360px) 100vw, 360px\" \/>La asociaci\u00f3n de consumidores Facua ha aconsejado a los usuarios que est\u00e9n sufriendo perjuicios econ\u00f3micos por los retrasos en sus viajes de tren debido a la huelga de Renfe iniciada este viernes que reclamen una indemnizaci\u00f3n a la empresa de transporte.<\/p>\n<p>Renfe afronta este viernes el primero de los cuatro d\u00edas alternos de huelga que el sindicato de maquinistas Semaf ha convocado en la compa\u00f1\u00eda ferroviaria. Los paros se llevar\u00e1n a cabo finalmente tras no alcanzarse un acuerdo en la \u00faltima reuni\u00f3n que la compa\u00f1\u00eda y el sindicato mantuvieron hasta la \u00faltima hora de la noche de este jueves, seg\u00fan informaron a Europa Press en fuentes de Semaf.<\/p>\n<p>Facua, que en un comunicado ha defendido el \u00ableg\u00edtimo derecho\u00bb de los trabajadores a la huelga \u00abcomo medida para defender sus derechos y reivindicaciones laborales\u00bb, ha recomendado tambi\u00e9n a los usuarios que se hayan visto perjudicados en mayor medida por tener alojamientos u otros servicios ya contratados en su destino que reclamen los gastos a la compa\u00f1\u00eda ferroviaria.<\/p>\n<p>La asociaci\u00f3n considera \u00abinjusto\u00bb que sean los consumidores los que soporten las consecuencias finales de la huelga al tener que hacerse cargo de los perjuicios econ\u00f3micos que les supongan los retrasos o las cancelaciones y entiende que son las empresas las que deben asumir el riesgo de huelga cuando se produce la contrataci\u00f3n de un servicio.<\/p>\n<p>\u00abEn caso contrario, se crear\u00eda una situaci\u00f3n de enorme indefensi\u00f3n para los consumidores, quienes tendr\u00edan que asumir incluso los gastos extra consecuencia de las cancelaciones\u00bb, ha indicado Facua, que no comparte que las compa\u00f1\u00edas argumenten que la huelga es una circunstancia extraordinaria e inevitable para eludir las indemnizaciones.<\/p>\n<p>Los servicios m\u00ednimos decretados por el Ministerio de Fomento ante los paros garantizan la circulaci\u00f3n del 72% de los trenes AVE y Larga Distancia habitualmente programados.<\/p>\n<p>En el caso de los trenes de Media Distancia (regionales), se asegura la salida del 65% de la oferta, mientras que en el servicio de Cercan\u00edas circular\u00e1 el 50% de los trenes, porcentaje que se eleva hasta el 75% en las &#8216;horas punta&#8217; (entre 6.00 y 9.00 horas, entre las 13.30 y las 15.30 horas y entre las 18.30 y las 20.30 horas).<\/p>\n","protected":false},"excerpt":{"rendered":"<p>La asociaci\u00f3n de consumidores Facua ha aconsejado a los usuarios que est\u00e9n sufriendo perjuicios econ\u00f3micos por los retrasos en sus viajes de tren debido a la huelga de Renfe iniciada este viernes que reclamen una indemnizaci\u00f3n a la empresa de transporte. Renfe afronta este viernes el primero de los cuatro d\u00edas alternos de huelga que<\/p>\n","protected":false},"author":1,"featured_media":78753,"comment_status":"open","ping_status":"closed","sticky":false,"template":"","format":"standard","meta":{"footnotes":""},"categories":[224],"tags":[],"class_list":{"0":"post-78752","1":"post","2":"type-post","3":"status-publish","4":"format-standard","5":"has-post-thumbnail","7":"category-noticias-actualidad"},"aioseo_notices":[],"aioseo_head":"\n\t\t<!-- All in One SEO Pro 4.9.6.1 - aioseo.com -->\n\t<meta name=\"description\" content=\"La asociaci\u00f3n de consumidores Facua ha aconsejado a los usuarios que est\u00e9n sufriendo perjuicios econ\u00f3micos por los retrasos en sus viajes de tren debido a la huelga de Renfe iniciada este viernes que reclamen una indemnizaci\u00f3n a la empresa de transporte. Renfe afronta este viernes el primero de los cuatro d\u00edas alternos de huelga que\" \/>\n\t<meta name=\"robots\" content=\"max-image-preview:large\" \/>\n\t<meta name=\"author\" content=\"admin\"\/>\n\t<meta name=\"google-site-verification\" content=\"UA-38556648-1\" \/>\n\t<meta name=\"keywords\" content=\"noticias y actualidad\" \/>\n\t<link rel=\"canonical\" href=\"https:\/\/eldigitaldeasturias.com\/magazine365\/facua-recomienda-a-los-afectados-por-la-huelga-de-renfe-que-reclamen-sus-derechos\/\" \/>\n\t<meta name=\"generator\" content=\"All in One SEO Pro (AIOSEO) 4.9.6.1\" \/>\n\t\t<meta property=\"og:locale\" content=\"es_ES\" \/>\n\t\t<meta property=\"og:site_name\" content=\"El Digital de Asturias \u2013 Revista de ocio, turismo y estilo de vida\" \/>\n\t\t<meta property=\"og:type\" content=\"article\" \/>\n\t\t<meta property=\"og:title\" content=\"Facua recomienda a los afectados por la huelga de Renfe que reclamen sus derechos | El Digital de Asturias\" \/>\n\t\t<meta property=\"og:description\" content=\"La asociaci\u00f3n de consumidores Facua ha aconsejado a los usuarios que est\u00e9n sufriendo perjuicios econ\u00f3micos por los retrasos en sus viajes de tren debido a la huelga de Renfe iniciada este viernes que reclamen una indemnizaci\u00f3n a la empresa de transporte. Renfe afronta este viernes el primero de los cuatro d\u00edas alternos de huelga que\" \/>\n\t\t<meta property=\"og:url\" content=\"https:\/\/eldigitaldeasturias.com\/magazine365\/facua-recomienda-a-los-afectados-por-la-huelga-de-renfe-que-reclamen-sus-derechos\/\" \/>\n\t\t<meta property=\"og:image\" content=\"https:\/\/eldigitaldeasturias.com\/magazine365\/wp-content\/uploads\/2016\/06\/fotonoticia_20160610153558_800.jpg\" \/>\n\t\t<meta property=\"og:image:secure_url\" content=\"https:\/\/eldigitaldeasturias.com\/magazine365\/wp-content\/uploads\/2016\/06\/fotonoticia_20160610153558_800.jpg\" \/>\n\t\t<meta property=\"og:image:width\" content=\"800\" \/>\n\t\t<meta property=\"og:image:height\" content=\"533\" \/>\n\t\t<meta property=\"article:published_time\" content=\"2016-06-10T15:07:13+00:00\" \/>\n\t\t<meta property=\"article:modified_time\" content=\"2016-06-10T15:07:13+00:00\" \/>\n\t\t<meta name=\"twitter:card\" content=\"summary_large_image\" \/>\n\t\t<meta name=\"twitter:title\" content=\"Facua recomienda a los afectados por la huelga de Renfe que reclamen sus derechos | El Digital de Asturias\" \/>\n\t\t<meta name=\"twitter:description\" content=\"La asociaci\u00f3n de consumidores Facua ha aconsejado a los usuarios que est\u00e9n sufriendo perjuicios econ\u00f3micos por los retrasos en sus viajes de tren debido a la huelga de Renfe iniciada este viernes que reclamen una indemnizaci\u00f3n a la empresa de transporte. Renfe afronta este viernes el primero de los cuatro d\u00edas alternos de huelga que\" \/>\n\t\t<meta name=\"twitter:image\" content=\"https:\/\/eldigitaldeasturias.com\/magazine365\/wp-content\/uploads\/2016\/06\/fotonoticia_20160610153558_800.jpg\" \/>\n\t\t<script type=\"application\/ld+json\" class=\"aioseo-schema\">\n\t\t\t{\"@context\":\"https:\\\/\\\/schema.org\",\"@graph\":[{\"@type\":\"Article\",\"@id\":\"https:\\\/\\\/eldigitaldeasturias.com\\\/magazine365\\\/facua-recomienda-a-los-afectados-por-la-huelga-de-renfe-que-reclamen-sus-derechos\\\/#article\",\"name\":\"Facua recomienda a los afectados por la huelga de Renfe que reclamen sus derechos | El Digital de Asturias\",\"headline\":\"Facua recomienda a los afectados por la huelga de Renfe que reclamen sus derechos\",\"author\":{\"@id\":\"https:\\\/\\\/eldigitaldeasturias.com\\\/magazine365\\\/author\\\/admin\\\/#author\"},\"publisher\":{\"@id\":\"https:\\\/\\\/eldigitaldeasturias.com\\\/magazine365\\\/#organization\"},\"image\":{\"@type\":\"ImageObject\",\"url\":\"https:\\\/\\\/eldigitaldeasturias.com\\\/magazine365\\\/wp-content\\\/uploads\\\/2016\\\/06\\\/fotonoticia_20160610153558_800.jpg\",\"width\":800,\"height\":533},\"datePublished\":\"2016-06-10T17:07:13+02:00\",\"dateModified\":\"2016-06-10T17:07:13+02:00\",\"inLanguage\":\"es-ES\",\"mainEntityOfPage\":{\"@id\":\"https:\\\/\\\/eldigitaldeasturias.com\\\/magazine365\\\/facua-recomienda-a-los-afectados-por-la-huelga-de-renfe-que-reclamen-sus-derechos\\\/#webpage\"},\"isPartOf\":{\"@id\":\"https:\\\/\\\/eldigitaldeasturias.com\\\/magazine365\\\/facua-recomienda-a-los-afectados-por-la-huelga-de-renfe-que-reclamen-sus-derechos\\\/#webpage\"},\"articleSection\":\"Noticias y Actualidad\"},{\"@type\":\"BreadcrumbList\",\"@id\":\"https:\\\/\\\/eldigitaldeasturias.com\\\/magazine365\\\/facua-recomienda-a-los-afectados-por-la-huelga-de-renfe-que-reclamen-sus-derechos\\\/#breadcrumblist\",\"itemListElement\":[{\"@type\":\"ListItem\",\"@id\":\"https:\\\/\\\/eldigitaldeasturias.com\\\/magazine365#listItem\",\"position\":1,\"name\":\"Home\",\"item\":\"https:\\\/\\\/eldigitaldeasturias.com\\\/magazine365\",\"nextItem\":{\"@type\":\"ListItem\",\"@id\":\"https:\\\/\\\/eldigitaldeasturias.com\\\/magazine365\\\/category\\\/noticias-actualidad\\\/#listItem\",\"name\":\"Noticias y Actualidad\"}},{\"@type\":\"ListItem\",\"@id\":\"https:\\\/\\\/eldigitaldeasturias.com\\\/magazine365\\\/category\\\/noticias-actualidad\\\/#listItem\",\"position\":2,\"name\":\"Noticias y Actualidad\",\"item\":\"https:\\\/\\\/eldigitaldeasturias.com\\\/magazine365\\\/category\\\/noticias-actualidad\\\/\",\"nextItem\":{\"@type\":\"ListItem\",\"@id\":\"https:\\\/\\\/eldigitaldeasturias.com\\\/magazine365\\\/facua-recomienda-a-los-afectados-por-la-huelga-de-renfe-que-reclamen-sus-derechos\\\/#listItem\",\"name\":\"Facua recomienda a los afectados por la huelga de Renfe que reclamen sus derechos\"},\"previousItem\":{\"@type\":\"ListItem\",\"@id\":\"https:\\\/\\\/eldigitaldeasturias.com\\\/magazine365#listItem\",\"name\":\"Home\"}},{\"@type\":\"ListItem\",\"@id\":\"https:\\\/\\\/eldigitaldeasturias.com\\\/magazine365\\\/facua-recomienda-a-los-afectados-por-la-huelga-de-renfe-que-reclamen-sus-derechos\\\/#listItem\",\"position\":3,\"name\":\"Facua recomienda a los afectados por la huelga de Renfe que reclamen sus derechos\",\"previousItem\":{\"@type\":\"ListItem\",\"@id\":\"https:\\\/\\\/eldigitaldeasturias.com\\\/magazine365\\\/category\\\/noticias-actualidad\\\/#listItem\",\"name\":\"Noticias y Actualidad\"}}]},{\"@type\":\"Organization\",\"@id\":\"https:\\\/\\\/eldigitaldeasturias.com\\\/magazine365\\\/#organization\",\"name\":\"El digital de Asturias\",\"description\":\"Revista de ocio, turismo y estilo de vida\",\"url\":\"https:\\\/\\\/eldigitaldeasturias.com\\\/magazine365\\\/\",\"logo\":{\"@type\":\"ImageObject\",\"url\":\"https:\\\/\\\/www.eldigitaldeasturias.com\\\/noticias\\\/wp-content\\\/uploads\\\/2020\\\/12\\\/EDA.jpg\",\"@id\":\"https:\\\/\\\/eldigitaldeasturias.com\\\/magazine365\\\/facua-recomienda-a-los-afectados-por-la-huelga-de-renfe-que-reclamen-sus-derechos\\\/#organizationLogo\"},\"image\":{\"@id\":\"https:\\\/\\\/eldigitaldeasturias.com\\\/magazine365\\\/facua-recomienda-a-los-afectados-por-la-huelga-de-renfe-que-reclamen-sus-derechos\\\/#organizationLogo\"}},{\"@type\":\"Person\",\"@id\":\"https:\\\/\\\/eldigitaldeasturias.com\\\/magazine365\\\/author\\\/admin\\\/#author\",\"url\":\"https:\\\/\\\/eldigitaldeasturias.com\\\/magazine365\\\/author\\\/admin\\\/\",\"name\":\"admin\",\"image\":{\"@type\":\"ImageObject\",\"@id\":\"https:\\\/\\\/eldigitaldeasturias.com\\\/magazine365\\\/facua-recomienda-a-los-afectados-por-la-huelga-de-renfe-que-reclamen-sus-derechos\\\/#authorImage\",\"url\":\"https:\\\/\\\/eldigitaldeasturias.com\\\/magazine365\\\/wp-content\\\/litespeed\\\/avatar\\\/e571bcf59a0edd6fa6838245a470f2fe.jpg?ver=1776969259\",\"width\":96,\"height\":96,\"caption\":\"admin\"}},{\"@type\":\"WebPage\",\"@id\":\"https:\\\/\\\/eldigitaldeasturias.com\\\/magazine365\\\/facua-recomienda-a-los-afectados-por-la-huelga-de-renfe-que-reclamen-sus-derechos\\\/#webpage\",\"url\":\"https:\\\/\\\/eldigitaldeasturias.com\\\/magazine365\\\/facua-recomienda-a-los-afectados-por-la-huelga-de-renfe-que-reclamen-sus-derechos\\\/\",\"name\":\"Facua recomienda a los afectados por la huelga de Renfe que reclamen sus derechos | El Digital de Asturias\",\"description\":\"La asociaci\\u00f3n de consumidores Facua ha aconsejado a los usuarios que est\\u00e9n sufriendo perjuicios econ\\u00f3micos por los retrasos en sus viajes de tren debido a la huelga de Renfe iniciada este viernes que reclamen una indemnizaci\\u00f3n a la empresa de transporte. Renfe afronta este viernes el primero de los cuatro d\\u00edas alternos de huelga que\",\"inLanguage\":\"es-ES\",\"isPartOf\":{\"@id\":\"https:\\\/\\\/eldigitaldeasturias.com\\\/magazine365\\\/#website\"},\"breadcrumb\":{\"@id\":\"https:\\\/\\\/eldigitaldeasturias.com\\\/magazine365\\\/facua-recomienda-a-los-afectados-por-la-huelga-de-renfe-que-reclamen-sus-derechos\\\/#breadcrumblist\"},\"author\":{\"@id\":\"https:\\\/\\\/eldigitaldeasturias.com\\\/magazine365\\\/author\\\/admin\\\/#author\"},\"creator\":{\"@id\":\"https:\\\/\\\/eldigitaldeasturias.com\\\/magazine365\\\/author\\\/admin\\\/#author\"},\"image\":{\"@type\":\"ImageObject\",\"url\":\"https:\\\/\\\/eldigitaldeasturias.com\\\/magazine365\\\/wp-content\\\/uploads\\\/2016\\\/06\\\/fotonoticia_20160610153558_800.jpg\",\"@id\":\"https:\\\/\\\/eldigitaldeasturias.com\\\/magazine365\\\/facua-recomienda-a-los-afectados-por-la-huelga-de-renfe-que-reclamen-sus-derechos\\\/#mainImage\",\"width\":800,\"height\":533},\"primaryImageOfPage\":{\"@id\":\"https:\\\/\\\/eldigitaldeasturias.com\\\/magazine365\\\/facua-recomienda-a-los-afectados-por-la-huelga-de-renfe-que-reclamen-sus-derechos\\\/#mainImage\"},\"datePublished\":\"2016-06-10T17:07:13+02:00\",\"dateModified\":\"2016-06-10T17:07:13+02:00\"},{\"@type\":\"WebSite\",\"@id\":\"https:\\\/\\\/eldigitaldeasturias.com\\\/magazine365\\\/#website\",\"url\":\"https:\\\/\\\/eldigitaldeasturias.com\\\/magazine365\\\/\",\"name\":\"El Digital de Asturias\",\"description\":\"Revista de ocio, turismo y estilo de vida\",\"inLanguage\":\"es-ES\",\"publisher\":{\"@id\":\"https:\\\/\\\/eldigitaldeasturias.com\\\/magazine365\\\/#organization\"}}]}\n\t\t<\/script>\n\t\t<!-- All in One SEO Pro -->\r\n\t\t<title>Facua recomienda a los afectados por la huelga de Renfe que reclamen sus derechos | El Digital de Asturias<\/title>\n\n","aioseo_head_json":{"title":"Facua recomienda a los afectados por la huelga de Renfe que reclamen sus derechos | El Digital de Asturias","description":"La asociaci\u00f3n de consumidores Facua ha aconsejado a los usuarios que est\u00e9n sufriendo perjuicios econ\u00f3micos por los retrasos en sus viajes de tren debido a la huelga de Renfe iniciada este viernes que reclamen una indemnizaci\u00f3n a la empresa de transporte. Renfe afronta este viernes el primero de los cuatro d\u00edas alternos de huelga que","canonical_url":"https:\/\/eldigitaldeasturias.com\/magazine365\/facua-recomienda-a-los-afectados-por-la-huelga-de-renfe-que-reclamen-sus-derechos\/","robots":"max-image-preview:large","keywords":"noticias y actualidad","webmasterTools":{"google-site-verification":"UA-38556648-1","miscellaneous":""},"schema":{"@context":"https:\/\/schema.org","@graph":[{"@type":"Article","@id":"https:\/\/eldigitaldeasturias.com\/magazine365\/facua-recomienda-a-los-afectados-por-la-huelga-de-renfe-que-reclamen-sus-derechos\/#article","name":"Facua recomienda a los afectados por la huelga de Renfe que reclamen sus derechos | El Digital de Asturias","headline":"Facua recomienda a los afectados por la huelga de Renfe que reclamen sus derechos","author":{"@id":"https:\/\/eldigitaldeasturias.com\/magazine365\/author\/admin\/#author"},"publisher":{"@id":"https:\/\/eldigitaldeasturias.com\/magazine365\/#organization"},"image":{"@type":"ImageObject","url":"https:\/\/eldigitaldeasturias.com\/magazine365\/wp-content\/uploads\/2016\/06\/fotonoticia_20160610153558_800.jpg","width":800,"height":533},"datePublished":"2016-06-10T17:07:13+02:00","dateModified":"2016-06-10T17:07:13+02:00","inLanguage":"es-ES","mainEntityOfPage":{"@id":"https:\/\/eldigitaldeasturias.com\/magazine365\/facua-recomienda-a-los-afectados-por-la-huelga-de-renfe-que-reclamen-sus-derechos\/#webpage"},"isPartOf":{"@id":"https:\/\/eldigitaldeasturias.com\/magazine365\/facua-recomienda-a-los-afectados-por-la-huelga-de-renfe-que-reclamen-sus-derechos\/#webpage"},"articleSection":"Noticias y Actualidad"},{"@type":"BreadcrumbList","@id":"https:\/\/eldigitaldeasturias.com\/magazine365\/facua-recomienda-a-los-afectados-por-la-huelga-de-renfe-que-reclamen-sus-derechos\/#breadcrumblist","itemListElement":[{"@type":"ListItem","@id":"https:\/\/eldigitaldeasturias.com\/magazine365#listItem","position":1,"name":"Home","item":"https:\/\/eldigitaldeasturias.com\/magazine365","nextItem":{"@type":"ListItem","@id":"https:\/\/eldigitaldeasturias.com\/magazine365\/category\/noticias-actualidad\/#listItem","name":"Noticias y Actualidad"}},{"@type":"ListItem","@id":"https:\/\/eldigitaldeasturias.com\/magazine365\/category\/noticias-actualidad\/#listItem","position":2,"name":"Noticias y Actualidad","item":"https:\/\/eldigitaldeasturias.com\/magazine365\/category\/noticias-actualidad\/","nextItem":{"@type":"ListItem","@id":"https:\/\/eldigitaldeasturias.com\/magazine365\/facua-recomienda-a-los-afectados-por-la-huelga-de-renfe-que-reclamen-sus-derechos\/#listItem","name":"Facua recomienda a los afectados por la huelga de Renfe que reclamen sus derechos"},"previousItem":{"@type":"ListItem","@id":"https:\/\/eldigitaldeasturias.com\/magazine365#listItem","name":"Home"}},{"@type":"ListItem","@id":"https:\/\/eldigitaldeasturias.com\/magazine365\/facua-recomienda-a-los-afectados-por-la-huelga-de-renfe-que-reclamen-sus-derechos\/#listItem","position":3,"name":"Facua recomienda a los afectados por la huelga de Renfe que reclamen sus derechos","previousItem":{"@type":"ListItem","@id":"https:\/\/eldigitaldeasturias.com\/magazine365\/category\/noticias-actualidad\/#listItem","name":"Noticias y Actualidad"}}]},{"@type":"Organization","@id":"https:\/\/eldigitaldeasturias.com\/magazine365\/#organization","name":"El digital de Asturias","description":"Revista de ocio, turismo y estilo de vida","url":"https:\/\/eldigitaldeasturias.com\/magazine365\/","logo":{"@type":"ImageObject","url":"https:\/\/www.eldigitaldeasturias.com\/noticias\/wp-content\/uploads\/2020\/12\/EDA.jpg","@id":"https:\/\/eldigitaldeasturias.com\/magazine365\/facua-recomienda-a-los-afectados-por-la-huelga-de-renfe-que-reclamen-sus-derechos\/#organizationLogo"},"image":{"@id":"https:\/\/eldigitaldeasturias.com\/magazine365\/facua-recomienda-a-los-afectados-por-la-huelga-de-renfe-que-reclamen-sus-derechos\/#organizationLogo"}},{"@type":"Person","@id":"https:\/\/eldigitaldeasturias.com\/magazine365\/author\/admin\/#author","url":"https:\/\/eldigitaldeasturias.com\/magazine365\/author\/admin\/","name":"admin","image":{"@type":"ImageObject","@id":"https:\/\/eldigitaldeasturias.com\/magazine365\/facua-recomienda-a-los-afectados-por-la-huelga-de-renfe-que-reclamen-sus-derechos\/#authorImage","url":"https:\/\/eldigitaldeasturias.com\/magazine365\/wp-content\/litespeed\/avatar\/e571bcf59a0edd6fa6838245a470f2fe.jpg?ver=1776969259","width":96,"height":96,"caption":"admin"}},{"@type":"WebPage","@id":"https:\/\/eldigitaldeasturias.com\/magazine365\/facua-recomienda-a-los-afectados-por-la-huelga-de-renfe-que-reclamen-sus-derechos\/#webpage","url":"https:\/\/eldigitaldeasturias.com\/magazine365\/facua-recomienda-a-los-afectados-por-la-huelga-de-renfe-que-reclamen-sus-derechos\/","name":"Facua recomienda a los afectados por la huelga de Renfe que reclamen sus derechos | El Digital de Asturias","description":"La asociaci\u00f3n de consumidores Facua ha aconsejado a los usuarios que est\u00e9n sufriendo perjuicios econ\u00f3micos por los retrasos en sus viajes de tren debido a la huelga de Renfe iniciada este viernes que reclamen una indemnizaci\u00f3n a la empresa de transporte. Renfe afronta este viernes el primero de los cuatro d\u00edas alternos de huelga que","inLanguage":"es-ES","isPartOf":{"@id":"https:\/\/eldigitaldeasturias.com\/magazine365\/#website"},"breadcrumb":{"@id":"https:\/\/eldigitaldeasturias.com\/magazine365\/facua-recomienda-a-los-afectados-por-la-huelga-de-renfe-que-reclamen-sus-derechos\/#breadcrumblist"},"author":{"@id":"https:\/\/eldigitaldeasturias.com\/magazine365\/author\/admin\/#author"},"creator":{"@id":"https:\/\/eldigitaldeasturias.com\/magazine365\/author\/admin\/#author"},"image":{"@type":"ImageObject","url":"https:\/\/eldigitaldeasturias.com\/magazine365\/wp-content\/uploads\/2016\/06\/fotonoticia_20160610153558_800.jpg","@id":"https:\/\/eldigitaldeasturias.com\/magazine365\/facua-recomienda-a-los-afectados-por-la-huelga-de-renfe-que-reclamen-sus-derechos\/#mainImage","width":800,"height":533},"primaryImageOfPage":{"@id":"https:\/\/eldigitaldeasturias.com\/magazine365\/facua-recomienda-a-los-afectados-por-la-huelga-de-renfe-que-reclamen-sus-derechos\/#mainImage"},"datePublished":"2016-06-10T17:07:13+02:00","dateModified":"2016-06-10T17:07:13+02:00"},{"@type":"WebSite","@id":"https:\/\/eldigitaldeasturias.com\/magazine365\/#website","url":"https:\/\/eldigitaldeasturias.com\/magazine365\/","name":"El Digital de Asturias","description":"Revista de ocio, turismo y estilo de vida","inLanguage":"es-ES","publisher":{"@id":"https:\/\/eldigitaldeasturias.com\/magazine365\/#organization"}}]},"og:locale":"es_ES","og:site_name":"El Digital de Asturias \u2013 Revista de ocio, turismo y estilo de vida","og:type":"article","og:title":"Facua recomienda a los afectados por la huelga de Renfe que reclamen sus derechos | El Digital de Asturias","og:description":"La asociaci\u00f3n de consumidores Facua ha aconsejado a los usuarios que est\u00e9n sufriendo perjuicios econ\u00f3micos por los retrasos en sus viajes de tren debido a la huelga de Renfe iniciada este viernes que reclamen una indemnizaci\u00f3n a la empresa de transporte. Renfe afronta este viernes el primero de los cuatro d\u00edas alternos de huelga que","og:url":"https:\/\/eldigitaldeasturias.com\/magazine365\/facua-recomienda-a-los-afectados-por-la-huelga-de-renfe-que-reclamen-sus-derechos\/","og:image":"https:\/\/eldigitaldeasturias.com\/magazine365\/wp-content\/uploads\/2016\/06\/fotonoticia_20160610153558_800.jpg","og:image:secure_url":"https:\/\/eldigitaldeasturias.com\/magazine365\/wp-content\/uploads\/2016\/06\/fotonoticia_20160610153558_800.jpg","og:image:width":800,"og:image:height":533,"article:published_time":"2016-06-10T15:07:13+00:00","article:modified_time":"2016-06-10T15:07:13+00:00","twitter:card":"summary_large_image","twitter:title":"Facua recomienda a los afectados por la huelga de Renfe que reclamen sus derechos | El Digital de Asturias","twitter:description":"La asociaci\u00f3n de consumidores Facua ha aconsejado a los usuarios que est\u00e9n sufriendo perjuicios econ\u00f3micos por los retrasos en sus viajes de tren debido a la huelga de Renfe iniciada este viernes que reclamen una indemnizaci\u00f3n a la empresa de transporte. Renfe afronta este viernes el primero de los cuatro d\u00edas alternos de huelga que","twitter:image":"https:\/\/eldigitaldeasturias.com\/magazine365\/wp-content\/uploads\/2016\/06\/fotonoticia_20160610153558_800.jpg"},"aioseo_meta_data":{"post_id":"78752","title":null,"description":null,"keywords":null,"keyphrases":null,"primary_term":null,"canonical_url":null,"og_title":null,"og_description":null,"og_object_type":"default","og_image_type":"default","og_image_url":null,"og_image_width":null,"og_image_height":null,"og_image_custom_url":null,"og_image_custom_fields":null,"og_video":null,"og_custom_url":null,"og_article_section":null,"og_article_tags":null,"twitter_use_og":false,"twitter_card":"default","twitter_image_type":"default","twitter_image_url":null,"twitter_image_custom_url":null,"twitter_image_custom_fields":null,"twitter_title":null,"twitter_description":null,"schema":{"blockGraphs":[],"customGraphs":[],"default":{"data":{"Article":[],"Course":[],"Dataset":[],"FAQPage":[],"Movie":[],"Person":[],"Product":[],"ProductReview":[],"Car":[],"Recipe":[],"Service":[],"SoftwareApplication":[],"WebPage":[]},"graphName":"","isEnabled":true},"graphs":[],"defaultGraph":"","defaultPostTypeGraph":""},"schema_type":null,"schema_type_options":null,"pillar_content":false,"robots_default":true,"robots_noindex":false,"robots_noarchive":false,"robots_nosnippet":false,"robots_nofollow":false,"robots_noimageindex":false,"robots_noodp":false,"robots_notranslate":false,"robots_max_snippet":null,"robots_max_videopreview":null,"robots_max_imagepreview":"large","priority":null,"frequency":null,"location":null,"local_seo":null,"seo_analyzer_scan_date":"2025-09-27 17:35:10","breadcrumb_settings":null,"limit_modified_date":false,"open_ai":null,"ai":null,"created":"2021-03-08 17:57:45","updated":"2025-09-27 17:35:10"},"aioseo_breadcrumb":"<div class=\"aioseo-breadcrumbs\"><span class=\"aioseo-breadcrumb\">\n\t<a href=\"https:\/\/eldigitaldeasturias.com\/magazine365\" title=\"Home\">Home<\/a>\n<\/span><span class=\"aioseo-breadcrumb-separator\">\u2013<\/span><span class=\"aioseo-breadcrumb\">\n\t<a href=\"https:\/\/eldigitaldeasturias.com\/magazine365\/category\/noticias-actualidad\/\" title=\"Noticias y Actualidad\">Noticias y Actualidad<\/a>\n<\/span><span class=\"aioseo-breadcrumb-separator\">\u2013<\/span><span class=\"aioseo-breadcrumb\">\n\t<a href=\"https:\/\/eldigitaldeasturias.com\/magazine365\/facua-recomienda-a-los-afectados-por-la-huelga-de-renfe-que-reclamen-sus-derechos\/\" title=\"Facua recomienda a los afectados por la huelga de Renfe que reclamen sus derechos\">Facua recomienda a los afectados por la huelga de Renfe que reclamen sus derechos<\/a>\n<\/span><\/div>","aioseo_breadcrumb_json":[{"label":"Home","link":"https:\/\/eldigitaldeasturias.com\/magazine365"},{"label":"Noticias y Actualidad","link":"https:\/\/eldigitaldeasturias.com\/magazine365\/category\/noticias-actualidad\/"},{"label":"Facua recomienda a los afectados por la huelga de Renfe que reclamen sus derechos","link":"https:\/\/eldigitaldeasturias.com\/magazine365\/facua-recomienda-a-los-afectados-por-la-huelga-de-renfe-que-reclamen-sus-derechos\/"}],"_links":{"self":[{"href":"https:\/\/eldigitaldeasturias.com\/magazine365\/wp-json\/wp\/v2\/posts\/78752","targetHints":{"allow":["GET"]}}],"collection":[{"href":"https:\/\/eldigitaldeasturias.com\/magazine365\/wp-json\/wp\/v2\/posts"}],"about":[{"href":"https:\/\/eldigitaldeasturias.com\/magazine365\/wp-json\/wp\/v2\/types\/post"}],"author":[{"embeddable":true,"href":"https:\/\/eldigitaldeasturias.com\/magazine365\/wp-json\/wp\/v2\/users\/1"}],"replies":[{"embeddable":true,"href":"https:\/\/eldigitaldeasturias.com\/magazine365\/wp-json\/wp\/v2\/comments?post=78752"}],"version-history":[{"count":0,"href":"https:\/\/eldigitaldeasturias.com\/magazine365\/wp-json\/wp\/v2\/posts\/78752\/revisions"}],"wp:featuredmedia":[{"embeddable":true,"href":"https:\/\/eldigitaldeasturias.com\/magazine365\/wp-json\/wp\/v2\/media\/78753"}],"wp:attachment":[{"href":"https:\/\/eldigitaldeasturias.com\/magazine365\/wp-json\/wp\/v2\/media?parent=78752"}],"wp:term":[{"taxonomy":"category","embeddable":true,"href":"https:\/\/eldigitaldeasturias.com\/magazine365\/wp-json\/wp\/v2\/categories?post=78752"},{"taxonomy":"post_tag","embeddable":true,"href":"https:\/\/eldigitaldeasturias.com\/magazine365\/wp-json\/wp\/v2\/tags?post=78752"}],"curies":[{"name":"wp","href":"https:\/\/api.w.org\/{rel}","templated":true}]}}