{"id":78749,"date":"2016-06-10T17:05:28","date_gmt":"2016-06-10T15:05:28","guid":{"rendered":"http:\/\/eldigitaldeasturias.com\/magazine365\/?p=78749"},"modified":"2016-06-10T17:05:28","modified_gmt":"2016-06-10T15:05:28","slug":"el-alcalde-de-palma-dice-que-la-ciudad-desea-potenciar-su-innovacion-turistica","status":"publish","type":"post","link":"https:\/\/eldigitaldeasturias.com\/magazine365\/el-alcalde-de-palma-dice-que-la-ciudad-desea-potenciar-su-innovacion-turistica\/","title":{"rendered":"El alcalde de Palma dice que la ciudad desea potenciar su innovaci\u00f3n tur\u00edstica"},"content":{"rendered":"<p><img fetchpriority=\"high\" decoding=\"async\" class=\"alignleft size-medium wp-image-78750\" src=\"https:\/\/eldigitaldeasturias.com\/magazine365\/wp-content\/uploads\/2016\/06\/fotonoticia_20160610152931_800-229x300.jpg\" alt=\"fotonoticia_20160610152931_800\" width=\"229\" height=\"300\" srcset=\"https:\/\/eldigitaldeasturias.com\/magazine365\/wp-content\/uploads\/2016\/06\/fotonoticia_20160610152931_800-229x300.jpg 229w, https:\/\/eldigitaldeasturias.com\/magazine365\/wp-content\/uploads\/2016\/06\/fotonoticia_20160610152931_800-488x640.jpg 488w, https:\/\/eldigitaldeasturias.com\/magazine365\/wp-content\/uploads\/2016\/06\/fotonoticia_20160610152931_800-768x1008.jpg 768w, https:\/\/eldigitaldeasturias.com\/magazine365\/wp-content\/uploads\/2016\/06\/fotonoticia_20160610152931_800-150x197.jpg 150w, https:\/\/eldigitaldeasturias.com\/magazine365\/wp-content\/uploads\/2016\/06\/fotonoticia_20160610152931_800-450x591.jpg 450w, https:\/\/eldigitaldeasturias.com\/magazine365\/wp-content\/uploads\/2016\/06\/fotonoticia_20160610152931_800.jpg 800w\" sizes=\"(max-width: 229px) 100vw, 229px\" \/>El alcalde de Palma, Jos\u00e9 Hila, ha asegurado este viernes que la capital balear \u00abquiere exportar conocimiento, atraer talento y crear ocupaci\u00f3n en turismo\u00bb.<\/p>\n<p>As\u00ed se ha pronunciado durante la inauguraci\u00f3n del foro Agora Next, que tiene lugar en Es Baluard, y que tiene como objetivo conformar grandes alianzas que permitan en Espa\u00f1a, y en Palma, contar con el mejor ecosistema mundial de innovaci\u00f3n tur\u00edstica.<\/p>\n<p>Durante su intervenci\u00f3n, Hila ha felicitado a los representantes de Telef\u00f3nica, Samsung y Indra por su apuesta de poner en marcha un Centro de Innovaci\u00f3n Tecnol\u00f3gica en Palma.<\/p>\n<p>\u00abPalma ofrece talento, conocimiento empresarial y unas perspectivas de futuro inmejorables, vosotros aport\u00e1is capacidad de desarrollo comercial y tecnol\u00f3gico y el empresariado tur\u00edstico aportar\u00e1 su &#8216;know how&#8217; espec\u00edfico, son quienes mejor conocen de primera mano las especificidades del sector; una complementariedad perfecta y muy necesaria hoy en d\u00eda\u00bb, ha declarado.<\/p>\n<p>AgoraNext2016 brinda un espacio a los emprendedores y las startups tur\u00edsticas para que puedan mostrar sus proyectos a inversores del sector. En esta jornada han estado presentes cuatro empresas emergentes locales que la agencia de desarrollo local PalmaActiva ha seleccionado -Foodfriends, Hotelinking, Riji the Smarty Planos y Pescaturismo-.<\/p>\n<p>AgoraNext 2016 lanzar\u00e1 este mes de junio un hub tecnol\u00f3gico orientado a empresas y emprendedores relacionados con el sector tur\u00edstico en el \u00e1mbito de la innovaci\u00f3n y transformaci\u00f3n digital, que ser\u00e1 el primer ecosistema de startups del sur de Europa relacionado con el turismo, que aspira a convertirse, seg\u00fan fuentes de este &#8216;think tank&#8217;, \u00aben el Sillicon Valley del turismo\u00bb. El hub estar\u00e1 situado en Palma y contar\u00e1 con la colaboraci\u00f3n de PalmaActiva.<\/p>\n","protected":false},"excerpt":{"rendered":"<p>El alcalde de Palma, Jos\u00e9 Hila, ha asegurado este viernes que la capital balear \u00abquiere exportar conocimiento, atraer talento y crear ocupaci\u00f3n en turismo\u00bb. As\u00ed se ha pronunciado durante la inauguraci\u00f3n del foro Agora Next, que tiene lugar en Es Baluard, y que tiene como objetivo conformar grandes alianzas que permitan en Espa\u00f1a, y en<\/p>\n","protected":false},"author":1,"featured_media":78750,"comment_status":"open","ping_status":"closed","sticky":false,"template":"","format":"standard","meta":{"footnotes":""},"categories":[224],"tags":[],"class_list":{"0":"post-78749","1":"post","2":"type-post","3":"status-publish","4":"format-standard","5":"has-post-thumbnail","7":"category-noticias-actualidad"},"aioseo_notices":[],"aioseo_head":"\n\t\t<!-- All in One SEO Pro 4.9.6.1 - aioseo.com -->\n\t<meta name=\"description\" content=\"El alcalde de Palma, Jos\u00e9 Hila, ha asegurado este viernes que la capital balear &quot;quiere exportar conocimiento, atraer talento y crear ocupaci\u00f3n en turismo&quot;. As\u00ed se ha pronunciado durante la inauguraci\u00f3n del foro Agora Next, que tiene lugar en Es Baluard, y que tiene como objetivo conformar grandes alianzas que permitan en Espa\u00f1a, y en\" \/>\n\t<meta name=\"robots\" content=\"max-image-preview:large\" \/>\n\t<meta name=\"author\" content=\"admin\"\/>\n\t<meta name=\"google-site-verification\" content=\"UA-38556648-1\" \/>\n\t<meta name=\"keywords\" content=\"noticias y actualidad\" \/>\n\t<link rel=\"canonical\" href=\"https:\/\/eldigitaldeasturias.com\/magazine365\/el-alcalde-de-palma-dice-que-la-ciudad-desea-potenciar-su-innovacion-turistica\/\" \/>\n\t<meta name=\"generator\" content=\"All in One SEO Pro (AIOSEO) 4.9.6.1\" \/>\n\t\t<meta property=\"og:locale\" content=\"es_ES\" \/>\n\t\t<meta property=\"og:site_name\" content=\"El Digital de Asturias \u2013 Revista de ocio, turismo y estilo de vida\" \/>\n\t\t<meta property=\"og:type\" content=\"article\" \/>\n\t\t<meta property=\"og:title\" content=\"El alcalde de Palma dice que la ciudad desea potenciar su innovaci\u00f3n tur\u00edstica | El Digital de Asturias\" \/>\n\t\t<meta property=\"og:description\" content=\"El alcalde de Palma, Jos\u00e9 Hila, ha asegurado este viernes que la capital balear &quot;quiere exportar conocimiento, atraer talento y crear ocupaci\u00f3n en turismo&quot;. As\u00ed se ha pronunciado durante la inauguraci\u00f3n del foro Agora Next, que tiene lugar en Es Baluard, y que tiene como objetivo conformar grandes alianzas que permitan en Espa\u00f1a, y en\" \/>\n\t\t<meta property=\"og:url\" content=\"https:\/\/eldigitaldeasturias.com\/magazine365\/el-alcalde-de-palma-dice-que-la-ciudad-desea-potenciar-su-innovacion-turistica\/\" \/>\n\t\t<meta property=\"og:image\" content=\"https:\/\/eldigitaldeasturias.com\/magazine365\/wp-content\/uploads\/2016\/06\/fotonoticia_20160610152931_800.jpg\" \/>\n\t\t<meta property=\"og:image:secure_url\" content=\"https:\/\/eldigitaldeasturias.com\/magazine365\/wp-content\/uploads\/2016\/06\/fotonoticia_20160610152931_800.jpg\" \/>\n\t\t<meta property=\"og:image:width\" content=\"800\" \/>\n\t\t<meta property=\"og:image:height\" content=\"1050\" \/>\n\t\t<meta property=\"article:published_time\" content=\"2016-06-10T15:05:28+00:00\" \/>\n\t\t<meta property=\"article:modified_time\" content=\"2016-06-10T15:05:28+00:00\" \/>\n\t\t<meta name=\"twitter:card\" content=\"summary_large_image\" \/>\n\t\t<meta name=\"twitter:title\" content=\"El alcalde de Palma dice que la ciudad desea potenciar su innovaci\u00f3n tur\u00edstica | El Digital de Asturias\" \/>\n\t\t<meta name=\"twitter:description\" content=\"El alcalde de Palma, Jos\u00e9 Hila, ha asegurado este viernes que la capital balear &quot;quiere exportar conocimiento, atraer talento y crear ocupaci\u00f3n en turismo&quot;. As\u00ed se ha pronunciado durante la inauguraci\u00f3n del foro Agora Next, que tiene lugar en Es Baluard, y que tiene como objetivo conformar grandes alianzas que permitan en Espa\u00f1a, y en\" \/>\n\t\t<meta name=\"twitter:image\" content=\"https:\/\/eldigitaldeasturias.com\/magazine365\/wp-content\/uploads\/2016\/06\/fotonoticia_20160610152931_800.jpg\" \/>\n\t\t<script type=\"application\/ld+json\" class=\"aioseo-schema\">\n\t\t\t{\"@context\":\"https:\\\/\\\/schema.org\",\"@graph\":[{\"@type\":\"Article\",\"@id\":\"https:\\\/\\\/eldigitaldeasturias.com\\\/magazine365\\\/el-alcalde-de-palma-dice-que-la-ciudad-desea-potenciar-su-innovacion-turistica\\\/#article\",\"name\":\"El alcalde de Palma dice que la ciudad desea potenciar su innovaci\\u00f3n tur\\u00edstica | El Digital de Asturias\",\"headline\":\"El alcalde de Palma dice que la ciudad desea potenciar su innovaci\\u00f3n tur\\u00edstica\",\"author\":{\"@id\":\"https:\\\/\\\/eldigitaldeasturias.com\\\/magazine365\\\/author\\\/admin\\\/#author\"},\"publisher\":{\"@id\":\"https:\\\/\\\/eldigitaldeasturias.com\\\/magazine365\\\/#organization\"},\"image\":{\"@type\":\"ImageObject\",\"url\":\"https:\\\/\\\/eldigitaldeasturias.com\\\/magazine365\\\/wp-content\\\/uploads\\\/2016\\\/06\\\/fotonoticia_20160610152931_800.jpg\",\"width\":800,\"height\":1050},\"datePublished\":\"2016-06-10T17:05:28+02:00\",\"dateModified\":\"2016-06-10T17:05:28+02:00\",\"inLanguage\":\"es-ES\",\"mainEntityOfPage\":{\"@id\":\"https:\\\/\\\/eldigitaldeasturias.com\\\/magazine365\\\/el-alcalde-de-palma-dice-que-la-ciudad-desea-potenciar-su-innovacion-turistica\\\/#webpage\"},\"isPartOf\":{\"@id\":\"https:\\\/\\\/eldigitaldeasturias.com\\\/magazine365\\\/el-alcalde-de-palma-dice-que-la-ciudad-desea-potenciar-su-innovacion-turistica\\\/#webpage\"},\"articleSection\":\"Noticias y Actualidad\"},{\"@type\":\"BreadcrumbList\",\"@id\":\"https:\\\/\\\/eldigitaldeasturias.com\\\/magazine365\\\/el-alcalde-de-palma-dice-que-la-ciudad-desea-potenciar-su-innovacion-turistica\\\/#breadcrumblist\",\"itemListElement\":[{\"@type\":\"ListItem\",\"@id\":\"https:\\\/\\\/eldigitaldeasturias.com\\\/magazine365#listItem\",\"position\":1,\"name\":\"Home\",\"item\":\"https:\\\/\\\/eldigitaldeasturias.com\\\/magazine365\",\"nextItem\":{\"@type\":\"ListItem\",\"@id\":\"https:\\\/\\\/eldigitaldeasturias.com\\\/magazine365\\\/category\\\/noticias-actualidad\\\/#listItem\",\"name\":\"Noticias y Actualidad\"}},{\"@type\":\"ListItem\",\"@id\":\"https:\\\/\\\/eldigitaldeasturias.com\\\/magazine365\\\/category\\\/noticias-actualidad\\\/#listItem\",\"position\":2,\"name\":\"Noticias y Actualidad\",\"item\":\"https:\\\/\\\/eldigitaldeasturias.com\\\/magazine365\\\/category\\\/noticias-actualidad\\\/\",\"nextItem\":{\"@type\":\"ListItem\",\"@id\":\"https:\\\/\\\/eldigitaldeasturias.com\\\/magazine365\\\/el-alcalde-de-palma-dice-que-la-ciudad-desea-potenciar-su-innovacion-turistica\\\/#listItem\",\"name\":\"El alcalde de Palma dice que la ciudad desea potenciar su innovaci\\u00f3n tur\\u00edstica\"},\"previousItem\":{\"@type\":\"ListItem\",\"@id\":\"https:\\\/\\\/eldigitaldeasturias.com\\\/magazine365#listItem\",\"name\":\"Home\"}},{\"@type\":\"ListItem\",\"@id\":\"https:\\\/\\\/eldigitaldeasturias.com\\\/magazine365\\\/el-alcalde-de-palma-dice-que-la-ciudad-desea-potenciar-su-innovacion-turistica\\\/#listItem\",\"position\":3,\"name\":\"El alcalde de Palma dice que la ciudad desea potenciar su innovaci\\u00f3n tur\\u00edstica\",\"previousItem\":{\"@type\":\"ListItem\",\"@id\":\"https:\\\/\\\/eldigitaldeasturias.com\\\/magazine365\\\/category\\\/noticias-actualidad\\\/#listItem\",\"name\":\"Noticias y Actualidad\"}}]},{\"@type\":\"Organization\",\"@id\":\"https:\\\/\\\/eldigitaldeasturias.com\\\/magazine365\\\/#organization\",\"name\":\"El digital de Asturias\",\"description\":\"Revista de ocio, turismo y estilo de vida\",\"url\":\"https:\\\/\\\/eldigitaldeasturias.com\\\/magazine365\\\/\",\"logo\":{\"@type\":\"ImageObject\",\"url\":\"https:\\\/\\\/www.eldigitaldeasturias.com\\\/noticias\\\/wp-content\\\/uploads\\\/2020\\\/12\\\/EDA.jpg\",\"@id\":\"https:\\\/\\\/eldigitaldeasturias.com\\\/magazine365\\\/el-alcalde-de-palma-dice-que-la-ciudad-desea-potenciar-su-innovacion-turistica\\\/#organizationLogo\"},\"image\":{\"@id\":\"https:\\\/\\\/eldigitaldeasturias.com\\\/magazine365\\\/el-alcalde-de-palma-dice-que-la-ciudad-desea-potenciar-su-innovacion-turistica\\\/#organizationLogo\"}},{\"@type\":\"Person\",\"@id\":\"https:\\\/\\\/eldigitaldeasturias.com\\\/magazine365\\\/author\\\/admin\\\/#author\",\"url\":\"https:\\\/\\\/eldigitaldeasturias.com\\\/magazine365\\\/author\\\/admin\\\/\",\"name\":\"admin\",\"image\":{\"@type\":\"ImageObject\",\"@id\":\"https:\\\/\\\/eldigitaldeasturias.com\\\/magazine365\\\/el-alcalde-de-palma-dice-que-la-ciudad-desea-potenciar-su-innovacion-turistica\\\/#authorImage\",\"url\":\"https:\\\/\\\/eldigitaldeasturias.com\\\/magazine365\\\/wp-content\\\/litespeed\\\/avatar\\\/e571bcf59a0edd6fa6838245a470f2fe.jpg?ver=1776969259\",\"width\":96,\"height\":96,\"caption\":\"admin\"}},{\"@type\":\"WebPage\",\"@id\":\"https:\\\/\\\/eldigitaldeasturias.com\\\/magazine365\\\/el-alcalde-de-palma-dice-que-la-ciudad-desea-potenciar-su-innovacion-turistica\\\/#webpage\",\"url\":\"https:\\\/\\\/eldigitaldeasturias.com\\\/magazine365\\\/el-alcalde-de-palma-dice-que-la-ciudad-desea-potenciar-su-innovacion-turistica\\\/\",\"name\":\"El alcalde de Palma dice que la ciudad desea potenciar su innovaci\\u00f3n tur\\u00edstica | El Digital de Asturias\",\"description\":\"El alcalde de Palma, Jos\\u00e9 Hila, ha asegurado este viernes que la capital balear \\\"quiere exportar conocimiento, atraer talento y crear ocupaci\\u00f3n en turismo\\\". As\\u00ed se ha pronunciado durante la inauguraci\\u00f3n del foro Agora Next, que tiene lugar en Es Baluard, y que tiene como objetivo conformar grandes alianzas que permitan en Espa\\u00f1a, y en\",\"inLanguage\":\"es-ES\",\"isPartOf\":{\"@id\":\"https:\\\/\\\/eldigitaldeasturias.com\\\/magazine365\\\/#website\"},\"breadcrumb\":{\"@id\":\"https:\\\/\\\/eldigitaldeasturias.com\\\/magazine365\\\/el-alcalde-de-palma-dice-que-la-ciudad-desea-potenciar-su-innovacion-turistica\\\/#breadcrumblist\"},\"author\":{\"@id\":\"https:\\\/\\\/eldigitaldeasturias.com\\\/magazine365\\\/author\\\/admin\\\/#author\"},\"creator\":{\"@id\":\"https:\\\/\\\/eldigitaldeasturias.com\\\/magazine365\\\/author\\\/admin\\\/#author\"},\"image\":{\"@type\":\"ImageObject\",\"url\":\"https:\\\/\\\/eldigitaldeasturias.com\\\/magazine365\\\/wp-content\\\/uploads\\\/2016\\\/06\\\/fotonoticia_20160610152931_800.jpg\",\"@id\":\"https:\\\/\\\/eldigitaldeasturias.com\\\/magazine365\\\/el-alcalde-de-palma-dice-que-la-ciudad-desea-potenciar-su-innovacion-turistica\\\/#mainImage\",\"width\":800,\"height\":1050},\"primaryImageOfPage\":{\"@id\":\"https:\\\/\\\/eldigitaldeasturias.com\\\/magazine365\\\/el-alcalde-de-palma-dice-que-la-ciudad-desea-potenciar-su-innovacion-turistica\\\/#mainImage\"},\"datePublished\":\"2016-06-10T17:05:28+02:00\",\"dateModified\":\"2016-06-10T17:05:28+02:00\"},{\"@type\":\"WebSite\",\"@id\":\"https:\\\/\\\/eldigitaldeasturias.com\\\/magazine365\\\/#website\",\"url\":\"https:\\\/\\\/eldigitaldeasturias.com\\\/magazine365\\\/\",\"name\":\"El Digital de Asturias\",\"description\":\"Revista de ocio, turismo y estilo de vida\",\"inLanguage\":\"es-ES\",\"publisher\":{\"@id\":\"https:\\\/\\\/eldigitaldeasturias.com\\\/magazine365\\\/#organization\"}}]}\n\t\t<\/script>\n\t\t<!-- All in One SEO Pro -->\r\n\t\t<title>El alcalde de Palma dice que la ciudad desea potenciar su innovaci\u00f3n tur\u00edstica | El Digital de Asturias<\/title>\n\n","aioseo_head_json":{"title":"El alcalde de Palma dice que la ciudad desea potenciar su innovaci\u00f3n tur\u00edstica | El Digital de Asturias","description":"El alcalde de Palma, Jos\u00e9 Hila, ha asegurado este viernes que la capital balear \"quiere exportar conocimiento, atraer talento y crear ocupaci\u00f3n en turismo\". As\u00ed se ha pronunciado durante la inauguraci\u00f3n del foro Agora Next, que tiene lugar en Es Baluard, y que tiene como objetivo conformar grandes alianzas que permitan en Espa\u00f1a, y en","canonical_url":"https:\/\/eldigitaldeasturias.com\/magazine365\/el-alcalde-de-palma-dice-que-la-ciudad-desea-potenciar-su-innovacion-turistica\/","robots":"max-image-preview:large","keywords":"noticias y actualidad","webmasterTools":{"google-site-verification":"UA-38556648-1","miscellaneous":""},"schema":{"@context":"https:\/\/schema.org","@graph":[{"@type":"Article","@id":"https:\/\/eldigitaldeasturias.com\/magazine365\/el-alcalde-de-palma-dice-que-la-ciudad-desea-potenciar-su-innovacion-turistica\/#article","name":"El alcalde de Palma dice que la ciudad desea potenciar su innovaci\u00f3n tur\u00edstica | El Digital de Asturias","headline":"El alcalde de Palma dice que la ciudad desea potenciar su innovaci\u00f3n tur\u00edstica","author":{"@id":"https:\/\/eldigitaldeasturias.com\/magazine365\/author\/admin\/#author"},"publisher":{"@id":"https:\/\/eldigitaldeasturias.com\/magazine365\/#organization"},"image":{"@type":"ImageObject","url":"https:\/\/eldigitaldeasturias.com\/magazine365\/wp-content\/uploads\/2016\/06\/fotonoticia_20160610152931_800.jpg","width":800,"height":1050},"datePublished":"2016-06-10T17:05:28+02:00","dateModified":"2016-06-10T17:05:28+02:00","inLanguage":"es-ES","mainEntityOfPage":{"@id":"https:\/\/eldigitaldeasturias.com\/magazine365\/el-alcalde-de-palma-dice-que-la-ciudad-desea-potenciar-su-innovacion-turistica\/#webpage"},"isPartOf":{"@id":"https:\/\/eldigitaldeasturias.com\/magazine365\/el-alcalde-de-palma-dice-que-la-ciudad-desea-potenciar-su-innovacion-turistica\/#webpage"},"articleSection":"Noticias y Actualidad"},{"@type":"BreadcrumbList","@id":"https:\/\/eldigitaldeasturias.com\/magazine365\/el-alcalde-de-palma-dice-que-la-ciudad-desea-potenciar-su-innovacion-turistica\/#breadcrumblist","itemListElement":[{"@type":"ListItem","@id":"https:\/\/eldigitaldeasturias.com\/magazine365#listItem","position":1,"name":"Home","item":"https:\/\/eldigitaldeasturias.com\/magazine365","nextItem":{"@type":"ListItem","@id":"https:\/\/eldigitaldeasturias.com\/magazine365\/category\/noticias-actualidad\/#listItem","name":"Noticias y Actualidad"}},{"@type":"ListItem","@id":"https:\/\/eldigitaldeasturias.com\/magazine365\/category\/noticias-actualidad\/#listItem","position":2,"name":"Noticias y Actualidad","item":"https:\/\/eldigitaldeasturias.com\/magazine365\/category\/noticias-actualidad\/","nextItem":{"@type":"ListItem","@id":"https:\/\/eldigitaldeasturias.com\/magazine365\/el-alcalde-de-palma-dice-que-la-ciudad-desea-potenciar-su-innovacion-turistica\/#listItem","name":"El alcalde de Palma dice que la ciudad desea potenciar su innovaci\u00f3n tur\u00edstica"},"previousItem":{"@type":"ListItem","@id":"https:\/\/eldigitaldeasturias.com\/magazine365#listItem","name":"Home"}},{"@type":"ListItem","@id":"https:\/\/eldigitaldeasturias.com\/magazine365\/el-alcalde-de-palma-dice-que-la-ciudad-desea-potenciar-su-innovacion-turistica\/#listItem","position":3,"name":"El alcalde de Palma dice que la ciudad desea potenciar su innovaci\u00f3n tur\u00edstica","previousItem":{"@type":"ListItem","@id":"https:\/\/eldigitaldeasturias.com\/magazine365\/category\/noticias-actualidad\/#listItem","name":"Noticias y Actualidad"}}]},{"@type":"Organization","@id":"https:\/\/eldigitaldeasturias.com\/magazine365\/#organization","name":"El digital de Asturias","description":"Revista de ocio, turismo y estilo de vida","url":"https:\/\/eldigitaldeasturias.com\/magazine365\/","logo":{"@type":"ImageObject","url":"https:\/\/www.eldigitaldeasturias.com\/noticias\/wp-content\/uploads\/2020\/12\/EDA.jpg","@id":"https:\/\/eldigitaldeasturias.com\/magazine365\/el-alcalde-de-palma-dice-que-la-ciudad-desea-potenciar-su-innovacion-turistica\/#organizationLogo"},"image":{"@id":"https:\/\/eldigitaldeasturias.com\/magazine365\/el-alcalde-de-palma-dice-que-la-ciudad-desea-potenciar-su-innovacion-turistica\/#organizationLogo"}},{"@type":"Person","@id":"https:\/\/eldigitaldeasturias.com\/magazine365\/author\/admin\/#author","url":"https:\/\/eldigitaldeasturias.com\/magazine365\/author\/admin\/","name":"admin","image":{"@type":"ImageObject","@id":"https:\/\/eldigitaldeasturias.com\/magazine365\/el-alcalde-de-palma-dice-que-la-ciudad-desea-potenciar-su-innovacion-turistica\/#authorImage","url":"https:\/\/eldigitaldeasturias.com\/magazine365\/wp-content\/litespeed\/avatar\/e571bcf59a0edd6fa6838245a470f2fe.jpg?ver=1776969259","width":96,"height":96,"caption":"admin"}},{"@type":"WebPage","@id":"https:\/\/eldigitaldeasturias.com\/magazine365\/el-alcalde-de-palma-dice-que-la-ciudad-desea-potenciar-su-innovacion-turistica\/#webpage","url":"https:\/\/eldigitaldeasturias.com\/magazine365\/el-alcalde-de-palma-dice-que-la-ciudad-desea-potenciar-su-innovacion-turistica\/","name":"El alcalde de Palma dice que la ciudad desea potenciar su innovaci\u00f3n tur\u00edstica | El Digital de Asturias","description":"El alcalde de Palma, Jos\u00e9 Hila, ha asegurado este viernes que la capital balear \"quiere exportar conocimiento, atraer talento y crear ocupaci\u00f3n en turismo\". As\u00ed se ha pronunciado durante la inauguraci\u00f3n del foro Agora Next, que tiene lugar en Es Baluard, y que tiene como objetivo conformar grandes alianzas que permitan en Espa\u00f1a, y en","inLanguage":"es-ES","isPartOf":{"@id":"https:\/\/eldigitaldeasturias.com\/magazine365\/#website"},"breadcrumb":{"@id":"https:\/\/eldigitaldeasturias.com\/magazine365\/el-alcalde-de-palma-dice-que-la-ciudad-desea-potenciar-su-innovacion-turistica\/#breadcrumblist"},"author":{"@id":"https:\/\/eldigitaldeasturias.com\/magazine365\/author\/admin\/#author"},"creator":{"@id":"https:\/\/eldigitaldeasturias.com\/magazine365\/author\/admin\/#author"},"image":{"@type":"ImageObject","url":"https:\/\/eldigitaldeasturias.com\/magazine365\/wp-content\/uploads\/2016\/06\/fotonoticia_20160610152931_800.jpg","@id":"https:\/\/eldigitaldeasturias.com\/magazine365\/el-alcalde-de-palma-dice-que-la-ciudad-desea-potenciar-su-innovacion-turistica\/#mainImage","width":800,"height":1050},"primaryImageOfPage":{"@id":"https:\/\/eldigitaldeasturias.com\/magazine365\/el-alcalde-de-palma-dice-que-la-ciudad-desea-potenciar-su-innovacion-turistica\/#mainImage"},"datePublished":"2016-06-10T17:05:28+02:00","dateModified":"2016-06-10T17:05:28+02:00"},{"@type":"WebSite","@id":"https:\/\/eldigitaldeasturias.com\/magazine365\/#website","url":"https:\/\/eldigitaldeasturias.com\/magazine365\/","name":"El Digital de Asturias","description":"Revista de ocio, turismo y estilo de vida","inLanguage":"es-ES","publisher":{"@id":"https:\/\/eldigitaldeasturias.com\/magazine365\/#organization"}}]},"og:locale":"es_ES","og:site_name":"El Digital de Asturias \u2013 Revista de ocio, turismo y estilo de vida","og:type":"article","og:title":"El alcalde de Palma dice que la ciudad desea potenciar su innovaci\u00f3n tur\u00edstica | El Digital de Asturias","og:description":"El alcalde de Palma, Jos\u00e9 Hila, ha asegurado este viernes que la capital balear &quot;quiere exportar conocimiento, atraer talento y crear ocupaci\u00f3n en turismo&quot;. As\u00ed se ha pronunciado durante la inauguraci\u00f3n del foro Agora Next, que tiene lugar en Es Baluard, y que tiene como objetivo conformar grandes alianzas que permitan en Espa\u00f1a, y en","og:url":"https:\/\/eldigitaldeasturias.com\/magazine365\/el-alcalde-de-palma-dice-que-la-ciudad-desea-potenciar-su-innovacion-turistica\/","og:image":"https:\/\/eldigitaldeasturias.com\/magazine365\/wp-content\/uploads\/2016\/06\/fotonoticia_20160610152931_800.jpg","og:image:secure_url":"https:\/\/eldigitaldeasturias.com\/magazine365\/wp-content\/uploads\/2016\/06\/fotonoticia_20160610152931_800.jpg","og:image:width":800,"og:image:height":1050,"article:published_time":"2016-06-10T15:05:28+00:00","article:modified_time":"2016-06-10T15:05:28+00:00","twitter:card":"summary_large_image","twitter:title":"El alcalde de Palma dice que la ciudad desea potenciar su innovaci\u00f3n tur\u00edstica | El Digital de Asturias","twitter:description":"El alcalde de Palma, Jos\u00e9 Hila, ha asegurado este viernes que la capital balear &quot;quiere exportar conocimiento, atraer talento y crear ocupaci\u00f3n en turismo&quot;. As\u00ed se ha pronunciado durante la inauguraci\u00f3n del foro Agora Next, que tiene lugar en Es Baluard, y que tiene como objetivo conformar grandes alianzas que permitan en Espa\u00f1a, y en","twitter:image":"https:\/\/eldigitaldeasturias.com\/magazine365\/wp-content\/uploads\/2016\/06\/fotonoticia_20160610152931_800.jpg"},"aioseo_meta_data":{"post_id":"78749","title":null,"description":null,"keywords":null,"keyphrases":null,"primary_term":null,"canonical_url":null,"og_title":null,"og_description":null,"og_object_type":"default","og_image_type":"default","og_image_url":null,"og_image_width":null,"og_image_height":null,"og_image_custom_url":null,"og_image_custom_fields":null,"og_video":null,"og_custom_url":null,"og_article_section":null,"og_article_tags":null,"twitter_use_og":false,"twitter_card":"default","twitter_image_type":"default","twitter_image_url":null,"twitter_image_custom_url":null,"twitter_image_custom_fields":null,"twitter_title":null,"twitter_description":null,"schema":{"blockGraphs":[],"customGraphs":[],"default":{"data":{"Article":[],"Course":[],"Dataset":[],"FAQPage":[],"Movie":[],"Person":[],"Product":[],"ProductReview":[],"Car":[],"Recipe":[],"Service":[],"SoftwareApplication":[],"WebPage":[]},"graphName":"","isEnabled":true},"graphs":[],"defaultGraph":"","defaultPostTypeGraph":""},"schema_type":null,"schema_type_options":null,"pillar_content":false,"robots_default":true,"robots_noindex":false,"robots_noarchive":false,"robots_nosnippet":false,"robots_nofollow":false,"robots_noimageindex":false,"robots_noodp":false,"robots_notranslate":false,"robots_max_snippet":null,"robots_max_videopreview":null,"robots_max_imagepreview":"large","priority":null,"frequency":null,"location":null,"local_seo":null,"seo_analyzer_scan_date":"2025-09-27 17:35:09","breadcrumb_settings":null,"limit_modified_date":false,"open_ai":null,"ai":null,"created":"2021-03-08 17:57:45","updated":"2025-09-27 17:35:09"},"aioseo_breadcrumb":"<div class=\"aioseo-breadcrumbs\"><span class=\"aioseo-breadcrumb\">\n\t<a href=\"https:\/\/eldigitaldeasturias.com\/magazine365\" title=\"Home\">Home<\/a>\n<\/span><span class=\"aioseo-breadcrumb-separator\">\u2013<\/span><span class=\"aioseo-breadcrumb\">\n\t<a href=\"https:\/\/eldigitaldeasturias.com\/magazine365\/category\/noticias-actualidad\/\" title=\"Noticias y Actualidad\">Noticias y Actualidad<\/a>\n<\/span><span class=\"aioseo-breadcrumb-separator\">\u2013<\/span><span class=\"aioseo-breadcrumb\">\n\t<a href=\"https:\/\/eldigitaldeasturias.com\/magazine365\/el-alcalde-de-palma-dice-que-la-ciudad-desea-potenciar-su-innovacion-turistica\/\" title=\"El alcalde de Palma dice que la ciudad desea potenciar su innovaci\u00f3n tur\u00edstica\">El alcalde de Palma dice que la ciudad desea potenciar su innovaci\u00f3n tur\u00edstica<\/a>\n<\/span><\/div>","aioseo_breadcrumb_json":[{"label":"Home","link":"https:\/\/eldigitaldeasturias.com\/magazine365"},{"label":"Noticias y Actualidad","link":"https:\/\/eldigitaldeasturias.com\/magazine365\/category\/noticias-actualidad\/"},{"label":"El alcalde de Palma dice que la ciudad desea potenciar su innovaci\u00f3n tur\u00edstica","link":"https:\/\/eldigitaldeasturias.com\/magazine365\/el-alcalde-de-palma-dice-que-la-ciudad-desea-potenciar-su-innovacion-turistica\/"}],"_links":{"self":[{"href":"https:\/\/eldigitaldeasturias.com\/magazine365\/wp-json\/wp\/v2\/posts\/78749","targetHints":{"allow":["GET"]}}],"collection":[{"href":"https:\/\/eldigitaldeasturias.com\/magazine365\/wp-json\/wp\/v2\/posts"}],"about":[{"href":"https:\/\/eldigitaldeasturias.com\/magazine365\/wp-json\/wp\/v2\/types\/post"}],"author":[{"embeddable":true,"href":"https:\/\/eldigitaldeasturias.com\/magazine365\/wp-json\/wp\/v2\/users\/1"}],"replies":[{"embeddable":true,"href":"https:\/\/eldigitaldeasturias.com\/magazine365\/wp-json\/wp\/v2\/comments?post=78749"}],"version-history":[{"count":0,"href":"https:\/\/eldigitaldeasturias.com\/magazine365\/wp-json\/wp\/v2\/posts\/78749\/revisions"}],"wp:featuredmedia":[{"embeddable":true,"href":"https:\/\/eldigitaldeasturias.com\/magazine365\/wp-json\/wp\/v2\/media\/78750"}],"wp:attachment":[{"href":"https:\/\/eldigitaldeasturias.com\/magazine365\/wp-json\/wp\/v2\/media?parent=78749"}],"wp:term":[{"taxonomy":"category","embeddable":true,"href":"https:\/\/eldigitaldeasturias.com\/magazine365\/wp-json\/wp\/v2\/categories?post=78749"},{"taxonomy":"post_tag","embeddable":true,"href":"https:\/\/eldigitaldeasturias.com\/magazine365\/wp-json\/wp\/v2\/tags?post=78749"}],"curies":[{"name":"wp","href":"https:\/\/api.w.org\/{rel}","templated":true}]}}