{"id":78739,"date":"2016-06-10T16:59:25","date_gmt":"2016-06-10T14:59:25","guid":{"rendered":"http:\/\/eldigitaldeasturias.com\/magazine365\/?p=78739"},"modified":"2016-06-10T16:59:25","modified_gmt":"2016-06-10T14:59:25","slug":"cooperativas-del-valle-del-jerte-quiere-potenciar-el-conocimiento-de-la-cereza","status":"publish","type":"post","link":"https:\/\/eldigitaldeasturias.com\/magazine365\/cooperativas-del-valle-del-jerte-quiere-potenciar-el-conocimiento-de-la-cereza\/","title":{"rendered":"Cooperativas del Valle del Jerte quiere \u00abpotenciar\u00bb el conocimiento de la cereza"},"content":{"rendered":"<p><img fetchpriority=\"high\" decoding=\"async\" class=\"alignleft size-medium wp-image-78740\" src=\"https:\/\/eldigitaldeasturias.com\/magazine365\/wp-content\/uploads\/2016\/06\/fotonoticia_20160610151634_800-360x239.jpg\" alt=\"fotonoticia_20160610151634_800\" width=\"360\" height=\"239\" srcset=\"https:\/\/eldigitaldeasturias.com\/magazine365\/wp-content\/uploads\/2016\/06\/fotonoticia_20160610151634_800-360x239.jpg 360w, https:\/\/eldigitaldeasturias.com\/magazine365\/wp-content\/uploads\/2016\/06\/fotonoticia_20160610151634_800-650x431.jpg 650w, https:\/\/eldigitaldeasturias.com\/magazine365\/wp-content\/uploads\/2016\/06\/fotonoticia_20160610151634_800-768x509.jpg 768w, https:\/\/eldigitaldeasturias.com\/magazine365\/wp-content\/uploads\/2016\/06\/fotonoticia_20160610151634_800-150x99.jpg 150w, https:\/\/eldigitaldeasturias.com\/magazine365\/wp-content\/uploads\/2016\/06\/fotonoticia_20160610151634_800-450x298.jpg 450w, https:\/\/eldigitaldeasturias.com\/magazine365\/wp-content\/uploads\/2016\/06\/fotonoticia_20160610151634_800-121x79.jpg 121w, https:\/\/eldigitaldeasturias.com\/magazine365\/wp-content\/uploads\/2016\/06\/fotonoticia_20160610151634_800-101x66.jpg 101w, https:\/\/eldigitaldeasturias.com\/magazine365\/wp-content\/uploads\/2016\/06\/fotonoticia_20160610151634_800.jpg 800w\" sizes=\"(max-width: 360px) 100vw, 360px\" \/>La Agrupaci\u00f3n de Cooperativas del Valle del Jerte ofrece visitas guiadas a sus instalaciones durante junio y julio, en \u00abplena campa\u00f1a\u00bb de recolecci\u00f3n de la cereza, con el objetivo de \u00abpotenciar el conocimiento\u00bb del p\u00fablico sobre este producto \u00abeje de la econom\u00eda de la comarca.<\/p>\n<p>Debido a la gran participaci\u00f3n en esta iniciativa en ediciones anteriores, este 2016 habr\u00e1 el doble de oportunidades de vivir la experiencia, ya que las visitas se desarrollar\u00e1n durante los d\u00edas 12, 18 y 25 del mes de junio y los d\u00edas 3, 9, 17 y 23 de julio.<\/p>\n<p>Esta acci\u00f3n se enmarca en la &#8216;Cerecera 2016&#8217; y est\u00e1 organizada por la agrupaci\u00f3n, la Asociaci\u00f3n de Turismo del Valle del Jerte y la Sociedad para la Promoci\u00f3n y el Desarrollo del Valle del Jerte (Soprodevaje).<\/p>\n<p>Durante esas jornadas, la agrupaci\u00f3n abrir\u00e1 sus puertas a las 11,00 horas para dar a conocer todo el proceso que sigue una cereza del Jerte desde que es recogida del \u00e1rbol hasta que sale camino de los mercados internacionales, seg\u00fan ha informado Soprodevaje en nota de prensa.<\/p>\n<p>Estos procesos son de selecci\u00f3n, calibrado o envasado, y est\u00e1n dirigidos a garantizar que \u00abla mejor cereza llegue en perfecto estado al consumidor\u00bb.<\/p>\n<h2 class=\"ladillo\">LA FABRICACI\u00d3N DE AGUARDIENTES<\/h2>\n<p>Tambi\u00e9n se mostrar\u00e1 a los visitantes \u00abotras alternativas\u00bb que desde las instalaciones se dan a esta fruta, como la fabricaci\u00f3n de licores o aguardientes.<\/p>\n<p>Las visitas culminar\u00e1n en la tienda de la Agrupaci\u00f3n de Cooperativas donde se desarrollar\u00e1 una cata y los visitantes podr\u00e1n conocer m\u00e1s detalles sobre la gama de productos que se producen y comercializan desde estas instalaciones.<\/p>\n<p>Adem\u00e1s, como parte de la &#8216;Cerecera 2016&#8217; tambi\u00e9n contin\u00faan las Jornadas de Puertas Abiertas en diferentes cooperativas de la comarca, con muestra y cata de cerezas entre las 11,00 y las 13,00 horas.<\/p>\n<p>Las pr\u00f3ximas cooperativas que celebrar\u00e1n estas jornadas de puertas abiertas son Santa Luc\u00eda, de Valdastillas, el 19 de junio; San Lucas, de El Torno, el 26 de junio; Nuestra Se\u00f1ora de Pe\u00f1as Albas, de Cabezuela, el 10 de julio; y la cooperativa Agraria Coadena, de Navaconcejo, el pr\u00f3ximo 24 de julio.<\/p>\n","protected":false},"excerpt":{"rendered":"<p>La Agrupaci\u00f3n de Cooperativas del Valle del Jerte ofrece visitas guiadas a sus instalaciones durante junio y julio, en \u00abplena campa\u00f1a\u00bb de recolecci\u00f3n de la cereza, con el objetivo de \u00abpotenciar el conocimiento\u00bb del p\u00fablico sobre este producto \u00abeje de la econom\u00eda de la comarca. Debido a la gran participaci\u00f3n en esta iniciativa en ediciones<\/p>\n","protected":false},"author":1,"featured_media":78740,"comment_status":"open","ping_status":"closed","sticky":false,"template":"","format":"standard","meta":{"footnotes":""},"categories":[224],"tags":[],"class_list":{"0":"post-78739","1":"post","2":"type-post","3":"status-publish","4":"format-standard","5":"has-post-thumbnail","7":"category-noticias-actualidad"},"aioseo_notices":[],"aioseo_head":"\n\t\t<!-- All in One SEO Pro 4.9.6.1 - aioseo.com -->\n\t<meta name=\"description\" content=\"La Agrupaci\u00f3n de Cooperativas del Valle del Jerte ofrece visitas guiadas a sus instalaciones durante junio y julio, en &quot;plena campa\u00f1a&quot; de recolecci\u00f3n de la cereza, con el objetivo de &quot;potenciar el conocimiento&quot; del p\u00fablico sobre este producto &quot;eje de la econom\u00eda de la comarca. Debido a la gran participaci\u00f3n en esta iniciativa en ediciones\" \/>\n\t<meta name=\"robots\" content=\"max-image-preview:large\" \/>\n\t<meta name=\"author\" content=\"admin\"\/>\n\t<meta name=\"google-site-verification\" content=\"UA-38556648-1\" \/>\n\t<meta name=\"keywords\" content=\"noticias y actualidad\" \/>\n\t<link rel=\"canonical\" href=\"https:\/\/eldigitaldeasturias.com\/magazine365\/cooperativas-del-valle-del-jerte-quiere-potenciar-el-conocimiento-de-la-cereza\/\" \/>\n\t<meta name=\"generator\" content=\"All in One SEO Pro (AIOSEO) 4.9.6.1\" \/>\n\t\t<meta property=\"og:locale\" content=\"es_ES\" \/>\n\t\t<meta property=\"og:site_name\" content=\"El Digital de Asturias \u2013 Revista de ocio, turismo y estilo de vida\" \/>\n\t\t<meta property=\"og:type\" content=\"article\" \/>\n\t\t<meta property=\"og:title\" content=\"Cooperativas del Valle del Jerte quiere \u00abpotenciar\u00bb el conocimiento de la cereza | El Digital de Asturias\" \/>\n\t\t<meta property=\"og:description\" content=\"La Agrupaci\u00f3n de Cooperativas del Valle del Jerte ofrece visitas guiadas a sus instalaciones durante junio y julio, en &quot;plena campa\u00f1a&quot; de recolecci\u00f3n de la cereza, con el objetivo de &quot;potenciar el conocimiento&quot; del p\u00fablico sobre este producto &quot;eje de la econom\u00eda de la comarca. Debido a la gran participaci\u00f3n en esta iniciativa en ediciones\" \/>\n\t\t<meta property=\"og:url\" content=\"https:\/\/eldigitaldeasturias.com\/magazine365\/cooperativas-del-valle-del-jerte-quiere-potenciar-el-conocimiento-de-la-cereza\/\" \/>\n\t\t<meta property=\"og:image\" content=\"https:\/\/eldigitaldeasturias.com\/magazine365\/wp-content\/uploads\/2016\/06\/fotonoticia_20160610151634_800.jpg\" \/>\n\t\t<meta property=\"og:image:secure_url\" content=\"https:\/\/eldigitaldeasturias.com\/magazine365\/wp-content\/uploads\/2016\/06\/fotonoticia_20160610151634_800.jpg\" \/>\n\t\t<meta property=\"og:image:width\" content=\"800\" \/>\n\t\t<meta property=\"og:image:height\" content=\"530\" \/>\n\t\t<meta property=\"article:published_time\" content=\"2016-06-10T14:59:25+00:00\" \/>\n\t\t<meta property=\"article:modified_time\" content=\"2016-06-10T14:59:25+00:00\" \/>\n\t\t<meta name=\"twitter:card\" content=\"summary_large_image\" \/>\n\t\t<meta name=\"twitter:title\" content=\"Cooperativas del Valle del Jerte quiere \u00abpotenciar\u00bb el conocimiento de la cereza | El Digital de Asturias\" \/>\n\t\t<meta name=\"twitter:description\" content=\"La Agrupaci\u00f3n de Cooperativas del Valle del Jerte ofrece visitas guiadas a sus instalaciones durante junio y julio, en &quot;plena campa\u00f1a&quot; de recolecci\u00f3n de la cereza, con el objetivo de &quot;potenciar el conocimiento&quot; del p\u00fablico sobre este producto &quot;eje de la econom\u00eda de la comarca. Debido a la gran participaci\u00f3n en esta iniciativa en ediciones\" \/>\n\t\t<meta name=\"twitter:image\" content=\"https:\/\/eldigitaldeasturias.com\/magazine365\/wp-content\/uploads\/2016\/06\/fotonoticia_20160610151634_800.jpg\" \/>\n\t\t<script type=\"application\/ld+json\" class=\"aioseo-schema\">\n\t\t\t{\"@context\":\"https:\\\/\\\/schema.org\",\"@graph\":[{\"@type\":\"Article\",\"@id\":\"https:\\\/\\\/eldigitaldeasturias.com\\\/magazine365\\\/cooperativas-del-valle-del-jerte-quiere-potenciar-el-conocimiento-de-la-cereza\\\/#article\",\"name\":\"Cooperativas del Valle del Jerte quiere \\u00abpotenciar\\u00bb el conocimiento de la cereza | El Digital de Asturias\",\"headline\":\"Cooperativas del Valle del Jerte quiere \\u00abpotenciar\\u00bb el conocimiento de la cereza\",\"author\":{\"@id\":\"https:\\\/\\\/eldigitaldeasturias.com\\\/magazine365\\\/author\\\/admin\\\/#author\"},\"publisher\":{\"@id\":\"https:\\\/\\\/eldigitaldeasturias.com\\\/magazine365\\\/#organization\"},\"image\":{\"@type\":\"ImageObject\",\"url\":\"https:\\\/\\\/eldigitaldeasturias.com\\\/magazine365\\\/wp-content\\\/uploads\\\/2016\\\/06\\\/fotonoticia_20160610151634_800.jpg\",\"width\":800,\"height\":530},\"datePublished\":\"2016-06-10T16:59:25+02:00\",\"dateModified\":\"2016-06-10T16:59:25+02:00\",\"inLanguage\":\"es-ES\",\"mainEntityOfPage\":{\"@id\":\"https:\\\/\\\/eldigitaldeasturias.com\\\/magazine365\\\/cooperativas-del-valle-del-jerte-quiere-potenciar-el-conocimiento-de-la-cereza\\\/#webpage\"},\"isPartOf\":{\"@id\":\"https:\\\/\\\/eldigitaldeasturias.com\\\/magazine365\\\/cooperativas-del-valle-del-jerte-quiere-potenciar-el-conocimiento-de-la-cereza\\\/#webpage\"},\"articleSection\":\"Noticias y Actualidad\"},{\"@type\":\"BreadcrumbList\",\"@id\":\"https:\\\/\\\/eldigitaldeasturias.com\\\/magazine365\\\/cooperativas-del-valle-del-jerte-quiere-potenciar-el-conocimiento-de-la-cereza\\\/#breadcrumblist\",\"itemListElement\":[{\"@type\":\"ListItem\",\"@id\":\"https:\\\/\\\/eldigitaldeasturias.com\\\/magazine365#listItem\",\"position\":1,\"name\":\"Home\",\"item\":\"https:\\\/\\\/eldigitaldeasturias.com\\\/magazine365\",\"nextItem\":{\"@type\":\"ListItem\",\"@id\":\"https:\\\/\\\/eldigitaldeasturias.com\\\/magazine365\\\/category\\\/noticias-actualidad\\\/#listItem\",\"name\":\"Noticias y Actualidad\"}},{\"@type\":\"ListItem\",\"@id\":\"https:\\\/\\\/eldigitaldeasturias.com\\\/magazine365\\\/category\\\/noticias-actualidad\\\/#listItem\",\"position\":2,\"name\":\"Noticias y Actualidad\",\"item\":\"https:\\\/\\\/eldigitaldeasturias.com\\\/magazine365\\\/category\\\/noticias-actualidad\\\/\",\"nextItem\":{\"@type\":\"ListItem\",\"@id\":\"https:\\\/\\\/eldigitaldeasturias.com\\\/magazine365\\\/cooperativas-del-valle-del-jerte-quiere-potenciar-el-conocimiento-de-la-cereza\\\/#listItem\",\"name\":\"Cooperativas del Valle del Jerte quiere \\u00abpotenciar\\u00bb el conocimiento de la cereza\"},\"previousItem\":{\"@type\":\"ListItem\",\"@id\":\"https:\\\/\\\/eldigitaldeasturias.com\\\/magazine365#listItem\",\"name\":\"Home\"}},{\"@type\":\"ListItem\",\"@id\":\"https:\\\/\\\/eldigitaldeasturias.com\\\/magazine365\\\/cooperativas-del-valle-del-jerte-quiere-potenciar-el-conocimiento-de-la-cereza\\\/#listItem\",\"position\":3,\"name\":\"Cooperativas del Valle del Jerte quiere \\u00abpotenciar\\u00bb el conocimiento de la cereza\",\"previousItem\":{\"@type\":\"ListItem\",\"@id\":\"https:\\\/\\\/eldigitaldeasturias.com\\\/magazine365\\\/category\\\/noticias-actualidad\\\/#listItem\",\"name\":\"Noticias y Actualidad\"}}]},{\"@type\":\"Organization\",\"@id\":\"https:\\\/\\\/eldigitaldeasturias.com\\\/magazine365\\\/#organization\",\"name\":\"El digital de Asturias\",\"description\":\"Revista de ocio, turismo y estilo de vida\",\"url\":\"https:\\\/\\\/eldigitaldeasturias.com\\\/magazine365\\\/\",\"logo\":{\"@type\":\"ImageObject\",\"url\":\"https:\\\/\\\/www.eldigitaldeasturias.com\\\/noticias\\\/wp-content\\\/uploads\\\/2020\\\/12\\\/EDA.jpg\",\"@id\":\"https:\\\/\\\/eldigitaldeasturias.com\\\/magazine365\\\/cooperativas-del-valle-del-jerte-quiere-potenciar-el-conocimiento-de-la-cereza\\\/#organizationLogo\"},\"image\":{\"@id\":\"https:\\\/\\\/eldigitaldeasturias.com\\\/magazine365\\\/cooperativas-del-valle-del-jerte-quiere-potenciar-el-conocimiento-de-la-cereza\\\/#organizationLogo\"}},{\"@type\":\"Person\",\"@id\":\"https:\\\/\\\/eldigitaldeasturias.com\\\/magazine365\\\/author\\\/admin\\\/#author\",\"url\":\"https:\\\/\\\/eldigitaldeasturias.com\\\/magazine365\\\/author\\\/admin\\\/\",\"name\":\"admin\",\"image\":{\"@type\":\"ImageObject\",\"@id\":\"https:\\\/\\\/eldigitaldeasturias.com\\\/magazine365\\\/cooperativas-del-valle-del-jerte-quiere-potenciar-el-conocimiento-de-la-cereza\\\/#authorImage\",\"url\":\"https:\\\/\\\/eldigitaldeasturias.com\\\/magazine365\\\/wp-content\\\/litespeed\\\/avatar\\\/e571bcf59a0edd6fa6838245a470f2fe.jpg?ver=1776969259\",\"width\":96,\"height\":96,\"caption\":\"admin\"}},{\"@type\":\"WebPage\",\"@id\":\"https:\\\/\\\/eldigitaldeasturias.com\\\/magazine365\\\/cooperativas-del-valle-del-jerte-quiere-potenciar-el-conocimiento-de-la-cereza\\\/#webpage\",\"url\":\"https:\\\/\\\/eldigitaldeasturias.com\\\/magazine365\\\/cooperativas-del-valle-del-jerte-quiere-potenciar-el-conocimiento-de-la-cereza\\\/\",\"name\":\"Cooperativas del Valle del Jerte quiere \\u00abpotenciar\\u00bb el conocimiento de la cereza | El Digital de Asturias\",\"description\":\"La Agrupaci\\u00f3n de Cooperativas del Valle del Jerte ofrece visitas guiadas a sus instalaciones durante junio y julio, en \\\"plena campa\\u00f1a\\\" de recolecci\\u00f3n de la cereza, con el objetivo de \\\"potenciar el conocimiento\\\" del p\\u00fablico sobre este producto \\\"eje de la econom\\u00eda de la comarca. Debido a la gran participaci\\u00f3n en esta iniciativa en ediciones\",\"inLanguage\":\"es-ES\",\"isPartOf\":{\"@id\":\"https:\\\/\\\/eldigitaldeasturias.com\\\/magazine365\\\/#website\"},\"breadcrumb\":{\"@id\":\"https:\\\/\\\/eldigitaldeasturias.com\\\/magazine365\\\/cooperativas-del-valle-del-jerte-quiere-potenciar-el-conocimiento-de-la-cereza\\\/#breadcrumblist\"},\"author\":{\"@id\":\"https:\\\/\\\/eldigitaldeasturias.com\\\/magazine365\\\/author\\\/admin\\\/#author\"},\"creator\":{\"@id\":\"https:\\\/\\\/eldigitaldeasturias.com\\\/magazine365\\\/author\\\/admin\\\/#author\"},\"image\":{\"@type\":\"ImageObject\",\"url\":\"https:\\\/\\\/eldigitaldeasturias.com\\\/magazine365\\\/wp-content\\\/uploads\\\/2016\\\/06\\\/fotonoticia_20160610151634_800.jpg\",\"@id\":\"https:\\\/\\\/eldigitaldeasturias.com\\\/magazine365\\\/cooperativas-del-valle-del-jerte-quiere-potenciar-el-conocimiento-de-la-cereza\\\/#mainImage\",\"width\":800,\"height\":530},\"primaryImageOfPage\":{\"@id\":\"https:\\\/\\\/eldigitaldeasturias.com\\\/magazine365\\\/cooperativas-del-valle-del-jerte-quiere-potenciar-el-conocimiento-de-la-cereza\\\/#mainImage\"},\"datePublished\":\"2016-06-10T16:59:25+02:00\",\"dateModified\":\"2016-06-10T16:59:25+02:00\"},{\"@type\":\"WebSite\",\"@id\":\"https:\\\/\\\/eldigitaldeasturias.com\\\/magazine365\\\/#website\",\"url\":\"https:\\\/\\\/eldigitaldeasturias.com\\\/magazine365\\\/\",\"name\":\"El Digital de Asturias\",\"description\":\"Revista de ocio, turismo y estilo de vida\",\"inLanguage\":\"es-ES\",\"publisher\":{\"@id\":\"https:\\\/\\\/eldigitaldeasturias.com\\\/magazine365\\\/#organization\"}}]}\n\t\t<\/script>\n\t\t<!-- All in One SEO Pro -->\r\n\t\t<title>Cooperativas del Valle del Jerte quiere \u00abpotenciar\u00bb el conocimiento de la cereza | El Digital de Asturias<\/title>\n\n","aioseo_head_json":{"title":"Cooperativas del Valle del Jerte quiere \u00abpotenciar\u00bb el conocimiento de la cereza | El Digital de Asturias","description":"La Agrupaci\u00f3n de Cooperativas del Valle del Jerte ofrece visitas guiadas a sus instalaciones durante junio y julio, en \"plena campa\u00f1a\" de recolecci\u00f3n de la cereza, con el objetivo de \"potenciar el conocimiento\" del p\u00fablico sobre este producto \"eje de la econom\u00eda de la comarca. Debido a la gran participaci\u00f3n en esta iniciativa en ediciones","canonical_url":"https:\/\/eldigitaldeasturias.com\/magazine365\/cooperativas-del-valle-del-jerte-quiere-potenciar-el-conocimiento-de-la-cereza\/","robots":"max-image-preview:large","keywords":"noticias y actualidad","webmasterTools":{"google-site-verification":"UA-38556648-1","miscellaneous":""},"schema":{"@context":"https:\/\/schema.org","@graph":[{"@type":"Article","@id":"https:\/\/eldigitaldeasturias.com\/magazine365\/cooperativas-del-valle-del-jerte-quiere-potenciar-el-conocimiento-de-la-cereza\/#article","name":"Cooperativas del Valle del Jerte quiere \u00abpotenciar\u00bb el conocimiento de la cereza | El Digital de Asturias","headline":"Cooperativas del Valle del Jerte quiere \u00abpotenciar\u00bb el conocimiento de la cereza","author":{"@id":"https:\/\/eldigitaldeasturias.com\/magazine365\/author\/admin\/#author"},"publisher":{"@id":"https:\/\/eldigitaldeasturias.com\/magazine365\/#organization"},"image":{"@type":"ImageObject","url":"https:\/\/eldigitaldeasturias.com\/magazine365\/wp-content\/uploads\/2016\/06\/fotonoticia_20160610151634_800.jpg","width":800,"height":530},"datePublished":"2016-06-10T16:59:25+02:00","dateModified":"2016-06-10T16:59:25+02:00","inLanguage":"es-ES","mainEntityOfPage":{"@id":"https:\/\/eldigitaldeasturias.com\/magazine365\/cooperativas-del-valle-del-jerte-quiere-potenciar-el-conocimiento-de-la-cereza\/#webpage"},"isPartOf":{"@id":"https:\/\/eldigitaldeasturias.com\/magazine365\/cooperativas-del-valle-del-jerte-quiere-potenciar-el-conocimiento-de-la-cereza\/#webpage"},"articleSection":"Noticias y Actualidad"},{"@type":"BreadcrumbList","@id":"https:\/\/eldigitaldeasturias.com\/magazine365\/cooperativas-del-valle-del-jerte-quiere-potenciar-el-conocimiento-de-la-cereza\/#breadcrumblist","itemListElement":[{"@type":"ListItem","@id":"https:\/\/eldigitaldeasturias.com\/magazine365#listItem","position":1,"name":"Home","item":"https:\/\/eldigitaldeasturias.com\/magazine365","nextItem":{"@type":"ListItem","@id":"https:\/\/eldigitaldeasturias.com\/magazine365\/category\/noticias-actualidad\/#listItem","name":"Noticias y Actualidad"}},{"@type":"ListItem","@id":"https:\/\/eldigitaldeasturias.com\/magazine365\/category\/noticias-actualidad\/#listItem","position":2,"name":"Noticias y Actualidad","item":"https:\/\/eldigitaldeasturias.com\/magazine365\/category\/noticias-actualidad\/","nextItem":{"@type":"ListItem","@id":"https:\/\/eldigitaldeasturias.com\/magazine365\/cooperativas-del-valle-del-jerte-quiere-potenciar-el-conocimiento-de-la-cereza\/#listItem","name":"Cooperativas del Valle del Jerte quiere \u00abpotenciar\u00bb el conocimiento de la cereza"},"previousItem":{"@type":"ListItem","@id":"https:\/\/eldigitaldeasturias.com\/magazine365#listItem","name":"Home"}},{"@type":"ListItem","@id":"https:\/\/eldigitaldeasturias.com\/magazine365\/cooperativas-del-valle-del-jerte-quiere-potenciar-el-conocimiento-de-la-cereza\/#listItem","position":3,"name":"Cooperativas del Valle del Jerte quiere \u00abpotenciar\u00bb el conocimiento de la cereza","previousItem":{"@type":"ListItem","@id":"https:\/\/eldigitaldeasturias.com\/magazine365\/category\/noticias-actualidad\/#listItem","name":"Noticias y Actualidad"}}]},{"@type":"Organization","@id":"https:\/\/eldigitaldeasturias.com\/magazine365\/#organization","name":"El digital de Asturias","description":"Revista de ocio, turismo y estilo de vida","url":"https:\/\/eldigitaldeasturias.com\/magazine365\/","logo":{"@type":"ImageObject","url":"https:\/\/www.eldigitaldeasturias.com\/noticias\/wp-content\/uploads\/2020\/12\/EDA.jpg","@id":"https:\/\/eldigitaldeasturias.com\/magazine365\/cooperativas-del-valle-del-jerte-quiere-potenciar-el-conocimiento-de-la-cereza\/#organizationLogo"},"image":{"@id":"https:\/\/eldigitaldeasturias.com\/magazine365\/cooperativas-del-valle-del-jerte-quiere-potenciar-el-conocimiento-de-la-cereza\/#organizationLogo"}},{"@type":"Person","@id":"https:\/\/eldigitaldeasturias.com\/magazine365\/author\/admin\/#author","url":"https:\/\/eldigitaldeasturias.com\/magazine365\/author\/admin\/","name":"admin","image":{"@type":"ImageObject","@id":"https:\/\/eldigitaldeasturias.com\/magazine365\/cooperativas-del-valle-del-jerte-quiere-potenciar-el-conocimiento-de-la-cereza\/#authorImage","url":"https:\/\/eldigitaldeasturias.com\/magazine365\/wp-content\/litespeed\/avatar\/e571bcf59a0edd6fa6838245a470f2fe.jpg?ver=1776969259","width":96,"height":96,"caption":"admin"}},{"@type":"WebPage","@id":"https:\/\/eldigitaldeasturias.com\/magazine365\/cooperativas-del-valle-del-jerte-quiere-potenciar-el-conocimiento-de-la-cereza\/#webpage","url":"https:\/\/eldigitaldeasturias.com\/magazine365\/cooperativas-del-valle-del-jerte-quiere-potenciar-el-conocimiento-de-la-cereza\/","name":"Cooperativas del Valle del Jerte quiere \u00abpotenciar\u00bb el conocimiento de la cereza | El Digital de Asturias","description":"La Agrupaci\u00f3n de Cooperativas del Valle del Jerte ofrece visitas guiadas a sus instalaciones durante junio y julio, en \"plena campa\u00f1a\" de recolecci\u00f3n de la cereza, con el objetivo de \"potenciar el conocimiento\" del p\u00fablico sobre este producto \"eje de la econom\u00eda de la comarca. Debido a la gran participaci\u00f3n en esta iniciativa en ediciones","inLanguage":"es-ES","isPartOf":{"@id":"https:\/\/eldigitaldeasturias.com\/magazine365\/#website"},"breadcrumb":{"@id":"https:\/\/eldigitaldeasturias.com\/magazine365\/cooperativas-del-valle-del-jerte-quiere-potenciar-el-conocimiento-de-la-cereza\/#breadcrumblist"},"author":{"@id":"https:\/\/eldigitaldeasturias.com\/magazine365\/author\/admin\/#author"},"creator":{"@id":"https:\/\/eldigitaldeasturias.com\/magazine365\/author\/admin\/#author"},"image":{"@type":"ImageObject","url":"https:\/\/eldigitaldeasturias.com\/magazine365\/wp-content\/uploads\/2016\/06\/fotonoticia_20160610151634_800.jpg","@id":"https:\/\/eldigitaldeasturias.com\/magazine365\/cooperativas-del-valle-del-jerte-quiere-potenciar-el-conocimiento-de-la-cereza\/#mainImage","width":800,"height":530},"primaryImageOfPage":{"@id":"https:\/\/eldigitaldeasturias.com\/magazine365\/cooperativas-del-valle-del-jerte-quiere-potenciar-el-conocimiento-de-la-cereza\/#mainImage"},"datePublished":"2016-06-10T16:59:25+02:00","dateModified":"2016-06-10T16:59:25+02:00"},{"@type":"WebSite","@id":"https:\/\/eldigitaldeasturias.com\/magazine365\/#website","url":"https:\/\/eldigitaldeasturias.com\/magazine365\/","name":"El Digital de Asturias","description":"Revista de ocio, turismo y estilo de vida","inLanguage":"es-ES","publisher":{"@id":"https:\/\/eldigitaldeasturias.com\/magazine365\/#organization"}}]},"og:locale":"es_ES","og:site_name":"El Digital de Asturias \u2013 Revista de ocio, turismo y estilo de vida","og:type":"article","og:title":"Cooperativas del Valle del Jerte quiere \u00abpotenciar\u00bb el conocimiento de la cereza | El Digital de Asturias","og:description":"La Agrupaci\u00f3n de Cooperativas del Valle del Jerte ofrece visitas guiadas a sus instalaciones durante junio y julio, en &quot;plena campa\u00f1a&quot; de recolecci\u00f3n de la cereza, con el objetivo de &quot;potenciar el conocimiento&quot; del p\u00fablico sobre este producto &quot;eje de la econom\u00eda de la comarca. Debido a la gran participaci\u00f3n en esta iniciativa en ediciones","og:url":"https:\/\/eldigitaldeasturias.com\/magazine365\/cooperativas-del-valle-del-jerte-quiere-potenciar-el-conocimiento-de-la-cereza\/","og:image":"https:\/\/eldigitaldeasturias.com\/magazine365\/wp-content\/uploads\/2016\/06\/fotonoticia_20160610151634_800.jpg","og:image:secure_url":"https:\/\/eldigitaldeasturias.com\/magazine365\/wp-content\/uploads\/2016\/06\/fotonoticia_20160610151634_800.jpg","og:image:width":800,"og:image:height":530,"article:published_time":"2016-06-10T14:59:25+00:00","article:modified_time":"2016-06-10T14:59:25+00:00","twitter:card":"summary_large_image","twitter:title":"Cooperativas del Valle del Jerte quiere \u00abpotenciar\u00bb el conocimiento de la cereza | El Digital de Asturias","twitter:description":"La Agrupaci\u00f3n de Cooperativas del Valle del Jerte ofrece visitas guiadas a sus instalaciones durante junio y julio, en &quot;plena campa\u00f1a&quot; de recolecci\u00f3n de la cereza, con el objetivo de &quot;potenciar el conocimiento&quot; del p\u00fablico sobre este producto &quot;eje de la econom\u00eda de la comarca. Debido a la gran participaci\u00f3n en esta iniciativa en ediciones","twitter:image":"https:\/\/eldigitaldeasturias.com\/magazine365\/wp-content\/uploads\/2016\/06\/fotonoticia_20160610151634_800.jpg"},"aioseo_meta_data":{"post_id":"78739","title":null,"description":null,"keywords":null,"keyphrases":null,"primary_term":null,"canonical_url":null,"og_title":null,"og_description":null,"og_object_type":"default","og_image_type":"default","og_image_url":null,"og_image_width":null,"og_image_height":null,"og_image_custom_url":null,"og_image_custom_fields":null,"og_video":null,"og_custom_url":null,"og_article_section":null,"og_article_tags":null,"twitter_use_og":false,"twitter_card":"default","twitter_image_type":"default","twitter_image_url":null,"twitter_image_custom_url":null,"twitter_image_custom_fields":null,"twitter_title":null,"twitter_description":null,"schema":{"blockGraphs":[],"customGraphs":[],"default":{"data":{"Article":[],"Course":[],"Dataset":[],"FAQPage":[],"Movie":[],"Person":[],"Product":[],"ProductReview":[],"Car":[],"Recipe":[],"Service":[],"SoftwareApplication":[],"WebPage":[]},"graphName":"","isEnabled":true},"graphs":[],"defaultGraph":"","defaultPostTypeGraph":""},"schema_type":null,"schema_type_options":null,"pillar_content":false,"robots_default":true,"robots_noindex":false,"robots_noarchive":false,"robots_nosnippet":false,"robots_nofollow":false,"robots_noimageindex":false,"robots_noodp":false,"robots_notranslate":false,"robots_max_snippet":null,"robots_max_videopreview":null,"robots_max_imagepreview":"large","priority":null,"frequency":null,"location":null,"local_seo":null,"seo_analyzer_scan_date":"2025-09-27 17:32:59","breadcrumb_settings":null,"limit_modified_date":false,"open_ai":null,"ai":null,"created":"2021-03-08 17:57:45","updated":"2025-09-27 17:32:59"},"aioseo_breadcrumb":"<div class=\"aioseo-breadcrumbs\"><span class=\"aioseo-breadcrumb\">\n\t<a href=\"https:\/\/eldigitaldeasturias.com\/magazine365\" title=\"Home\">Home<\/a>\n<\/span><span class=\"aioseo-breadcrumb-separator\">\u2013<\/span><span class=\"aioseo-breadcrumb\">\n\t<a href=\"https:\/\/eldigitaldeasturias.com\/magazine365\/category\/noticias-actualidad\/\" title=\"Noticias y Actualidad\">Noticias y Actualidad<\/a>\n<\/span><span class=\"aioseo-breadcrumb-separator\">\u2013<\/span><span class=\"aioseo-breadcrumb\">\n\t<a href=\"https:\/\/eldigitaldeasturias.com\/magazine365\/cooperativas-del-valle-del-jerte-quiere-potenciar-el-conocimiento-de-la-cereza\/\" title=\"Cooperativas del Valle del Jerte quiere \u00abpotenciar\u00bb el conocimiento de la cereza\">Cooperativas del Valle del Jerte quiere \u00abpotenciar\u00bb el conocimiento de la cereza<\/a>\n<\/span><\/div>","aioseo_breadcrumb_json":[{"label":"Home","link":"https:\/\/eldigitaldeasturias.com\/magazine365"},{"label":"Noticias y Actualidad","link":"https:\/\/eldigitaldeasturias.com\/magazine365\/category\/noticias-actualidad\/"},{"label":"Cooperativas del Valle del Jerte quiere \u00abpotenciar\u00bb el conocimiento de la cereza","link":"https:\/\/eldigitaldeasturias.com\/magazine365\/cooperativas-del-valle-del-jerte-quiere-potenciar-el-conocimiento-de-la-cereza\/"}],"_links":{"self":[{"href":"https:\/\/eldigitaldeasturias.com\/magazine365\/wp-json\/wp\/v2\/posts\/78739","targetHints":{"allow":["GET"]}}],"collection":[{"href":"https:\/\/eldigitaldeasturias.com\/magazine365\/wp-json\/wp\/v2\/posts"}],"about":[{"href":"https:\/\/eldigitaldeasturias.com\/magazine365\/wp-json\/wp\/v2\/types\/post"}],"author":[{"embeddable":true,"href":"https:\/\/eldigitaldeasturias.com\/magazine365\/wp-json\/wp\/v2\/users\/1"}],"replies":[{"embeddable":true,"href":"https:\/\/eldigitaldeasturias.com\/magazine365\/wp-json\/wp\/v2\/comments?post=78739"}],"version-history":[{"count":0,"href":"https:\/\/eldigitaldeasturias.com\/magazine365\/wp-json\/wp\/v2\/posts\/78739\/revisions"}],"wp:featuredmedia":[{"embeddable":true,"href":"https:\/\/eldigitaldeasturias.com\/magazine365\/wp-json\/wp\/v2\/media\/78740"}],"wp:attachment":[{"href":"https:\/\/eldigitaldeasturias.com\/magazine365\/wp-json\/wp\/v2\/media?parent=78739"}],"wp:term":[{"taxonomy":"category","embeddable":true,"href":"https:\/\/eldigitaldeasturias.com\/magazine365\/wp-json\/wp\/v2\/categories?post=78739"},{"taxonomy":"post_tag","embeddable":true,"href":"https:\/\/eldigitaldeasturias.com\/magazine365\/wp-json\/wp\/v2\/tags?post=78739"}],"curies":[{"name":"wp","href":"https:\/\/api.w.org\/{rel}","templated":true}]}}