{"id":78732,"date":"2016-06-10T16:48:01","date_gmt":"2016-06-10T14:48:01","guid":{"rendered":"http:\/\/eldigitaldeasturias.com\/magazine365\/?p=78732"},"modified":"2016-06-10T16:48:01","modified_gmt":"2016-06-10T14:48:01","slug":"el-ts-falla-que-los-pilotos-y-controladores-puedan-hablar-en-espanol-y-no-en-ingles-cuando-sea-su-lengua-nativa","status":"publish","type":"post","link":"https:\/\/eldigitaldeasturias.com\/magazine365\/el-ts-falla-que-los-pilotos-y-controladores-puedan-hablar-en-espanol-y-no-en-ingles-cuando-sea-su-lengua-nativa\/","title":{"rendered":"El TS falla que los pilotos y controladores puedan hablar en espa\u00f1ol y no en ingl\u00e9s cuando sea su lengua nativa"},"content":{"rendered":"<p><img fetchpriority=\"high\" decoding=\"async\" class=\"alignleft size-medium wp-image-78733\" src=\"https:\/\/eldigitaldeasturias.com\/magazine365\/wp-content\/uploads\/2016\/06\/fotonoticia_20160610151427_800-360x240.jpg\" alt=\"fotonoticia_20160610151427_800\" width=\"360\" height=\"240\" srcset=\"https:\/\/eldigitaldeasturias.com\/magazine365\/wp-content\/uploads\/2016\/06\/fotonoticia_20160610151427_800-360x240.jpg 360w, https:\/\/eldigitaldeasturias.com\/magazine365\/wp-content\/uploads\/2016\/06\/fotonoticia_20160610151427_800-650x433.jpg 650w, https:\/\/eldigitaldeasturias.com\/magazine365\/wp-content\/uploads\/2016\/06\/fotonoticia_20160610151427_800-768x512.jpg 768w, https:\/\/eldigitaldeasturias.com\/magazine365\/wp-content\/uploads\/2016\/06\/fotonoticia_20160610151427_800-150x100.jpg 150w, https:\/\/eldigitaldeasturias.com\/magazine365\/wp-content\/uploads\/2016\/06\/fotonoticia_20160610151427_800-450x300.jpg 450w, https:\/\/eldigitaldeasturias.com\/magazine365\/wp-content\/uploads\/2016\/06\/fotonoticia_20160610151427_800-101x66.jpg 101w, https:\/\/eldigitaldeasturias.com\/magazine365\/wp-content\/uploads\/2016\/06\/fotonoticia_20160610151427_800.jpg 800w\" sizes=\"(max-width: 360px) 100vw, 360px\" \/>La Sala de lo Social del Tribunal Supremo (TS) permite a los pilotos de l\u00edneas a\u00e9reas hablar en espa\u00f1ol y no en ingl\u00e9s en sus comunicaciones con los controladores a\u00e9reos siempre que todos los interlocutores u oyentes tengan este idioma como lengua nativa.<\/p>\n<p>La sentencia resuelve el conflicto surgido entre los pilotos y Air Nostrum, filial franquiciada de Iberia, que se remonta a enero de 2014 cuando la compa\u00f1\u00eda les envi\u00f3 una circular comunic\u00e1ndoles que, a requerimiento de la Agencia Estatal de Seguridad A\u00e9rea, todas las conversaciones en ATC (Air Traffic Control) en todos los vuelos de la aerol\u00ednea se tendr\u00edan que realizar en ingl\u00e9s.<\/p>\n<p>El Sepla demand\u00f3 entonces a Air Nostrum ante la Audiencia Nacional por imponer la utilizaci\u00f3n del ingl\u00e9s en las comunicaciones entre las aeronaves y los centros de control a\u00e9reo en Espa\u00f1a. Tras el requerimiento formulado por la AESA para el uso de este idioma en las comunicaciones entre pilotos y controladores, solo dos compa\u00f1\u00edas espa\u00f1olas, Air Europa y Air Nostrum, hicieron de la recomendaci\u00f3n una norma obligatoria.<\/p>\n<p>El sindicato de pilotos ped\u00eda adem\u00e1s su demanda que se declarara la facultad de los pilotos de utilizar el castellano en las comunicaciones aeroterrestres en territorio espa\u00f1ol y el ingl\u00e9s cuando entiendan que es el m\u00e1s adecuado en funci\u00f3n de los controladores en frecuencia.<\/p>\n<p>Las disposiciones de la Organizaci\u00f3n Internacional de Aviaci\u00f3n Civil (OACI) no impiden en forma alguna que se utilice el idioma nacional, por ello los pilotos no entienden que se les exija hablar en ingl\u00e9s cuando es el controlador el que debe establecer el idioma de la comunicaci\u00f3n, dependiendo de la nacionalidad de las compa\u00f1\u00edas que est\u00e9 gestionando.<\/p>\n<p>El fallo del TS, emitido el pasado 12 de mayo, ratifica una sentencia anterior de la Audiencia Nacional (AN), del 16 de enero de 2015, que estimaba parcialmente la demanda del sindicato Sepla en la que reconoc\u00eda que el derecho de los pilotos a hablar en espa\u00f1ol cuando \u00e9sta se la lengua nativa de los interlocutores u oyentes.<\/p>\n<p>La AN argumentaba en su sentencia que en estos casos al tener un nivel 6 de competencia ling\u00fc\u00edstica en castellano &#8211;el m\u00e1ximo&#8211; no era aconsejable obligar a conversar en ingl\u00e9s por razones de seguridad a\u00e9rea.<\/p>\n<h2 class=\"ladillo\">\u00abCONTEXTO NORMATIVO INSUFICIENTE\u00bb<\/h2>\n<p>De acuerdo con los razonamientos de la AN, el TS rechaza el recurso de casaci\u00f3n presentado por el Sepla y recuerda que la normativa aplicable al caso no establece normas precisas sobre el idioma que hay que usar en las comunicaciones ATC con la torre de control, por lo que resulta \u00abinsuficiente\u00bb para dar una soluci\u00f3n adecuada a los incidentes en materia de seguridad a\u00e9rea por raz\u00f3n del idioma planteado en las mismas.<\/p>\n<p>En concreto, tras analizar el reglamento de circulaci\u00f3n a\u00e9rea, el Real Decreto sobre las condiciones para el ejercicio de las funciones del personal de vuelo de aviones civiles y el Convenio de Chicago sobre Aviaci\u00f3n Civil, a\u00f1ade que la soluci\u00f3n id\u00f3nea establece que \u00abel derecho a usar el castellano no puede considerarse como un derecho absoluto sino que cede, por raz\u00f3n de la seguridad a\u00e9rea, cuando en dichas comunicaciones intervengan o deban ser o\u00eddas por personas que no tienen como lengua nativa el espa\u00f1ol\u00bb.<\/p>\n<p>Este deber \u00faltimo y esencial de preservar la seguridad, indica la sentencia, legitima al empresario para, aun en un contexto normativo insuficiente sobre el idioma, adoptar la orden de que las conversaciones se realicen en ingl\u00e9s, con las matizaciones mencionadas. Es decir, \u00aben aquellos escenarios en los que todos los interlocutores y oyentes de una conversaci\u00f3n ATC tengan el espa\u00f1ol como lengua nativa (&#8230;) de que las conversaciones se lleven a cabo en ingl\u00e9s\u00bb, reza la sentencia.<\/p>\n","protected":false},"excerpt":{"rendered":"<p>La Sala de lo Social del Tribunal Supremo (TS) permite a los pilotos de l\u00edneas a\u00e9reas hablar en espa\u00f1ol y no en ingl\u00e9s en sus comunicaciones con los controladores a\u00e9reos siempre que todos los interlocutores u oyentes tengan este idioma como lengua nativa. La sentencia resuelve el conflicto surgido entre los pilotos y Air Nostrum,<\/p>\n","protected":false},"author":1,"featured_media":78733,"comment_status":"open","ping_status":"closed","sticky":false,"template":"","format":"standard","meta":{"footnotes":""},"categories":[224],"tags":[],"class_list":{"0":"post-78732","1":"post","2":"type-post","3":"status-publish","4":"format-standard","5":"has-post-thumbnail","7":"category-noticias-actualidad"},"aioseo_notices":[],"aioseo_head":"\n\t\t<!-- All in One SEO Pro 4.9.6.1 - aioseo.com -->\n\t<meta name=\"description\" content=\"La Sala de lo Social del Tribunal Supremo (TS) permite a los pilotos de l\u00edneas a\u00e9reas hablar en espa\u00f1ol y no en ingl\u00e9s en sus comunicaciones con los controladores a\u00e9reos siempre que todos los interlocutores u oyentes tengan este idioma como lengua nativa. La sentencia resuelve el conflicto surgido entre los pilotos y Air Nostrum,\" \/>\n\t<meta name=\"robots\" content=\"max-image-preview:large\" \/>\n\t<meta name=\"author\" content=\"admin\"\/>\n\t<meta name=\"google-site-verification\" content=\"UA-38556648-1\" \/>\n\t<meta name=\"keywords\" content=\"noticias y actualidad\" \/>\n\t<link rel=\"canonical\" href=\"https:\/\/eldigitaldeasturias.com\/magazine365\/el-ts-falla-que-los-pilotos-y-controladores-puedan-hablar-en-espanol-y-no-en-ingles-cuando-sea-su-lengua-nativa\/\" \/>\n\t<meta name=\"generator\" content=\"All in One SEO Pro (AIOSEO) 4.9.6.1\" \/>\n\t\t<meta property=\"og:locale\" content=\"es_ES\" \/>\n\t\t<meta property=\"og:site_name\" content=\"El Digital de Asturias \u2013 Revista de ocio, turismo y estilo de vida\" \/>\n\t\t<meta property=\"og:type\" content=\"article\" \/>\n\t\t<meta property=\"og:title\" content=\"El TS falla que los pilotos y controladores puedan hablar en espa\u00f1ol y no en ingl\u00e9s cuando sea su lengua nativa | El Digital de Asturias\" \/>\n\t\t<meta property=\"og:description\" content=\"La Sala de lo Social del Tribunal Supremo (TS) permite a los pilotos de l\u00edneas a\u00e9reas hablar en espa\u00f1ol y no en ingl\u00e9s en sus comunicaciones con los controladores a\u00e9reos siempre que todos los interlocutores u oyentes tengan este idioma como lengua nativa. La sentencia resuelve el conflicto surgido entre los pilotos y Air Nostrum,\" \/>\n\t\t<meta property=\"og:url\" content=\"https:\/\/eldigitaldeasturias.com\/magazine365\/el-ts-falla-que-los-pilotos-y-controladores-puedan-hablar-en-espanol-y-no-en-ingles-cuando-sea-su-lengua-nativa\/\" \/>\n\t\t<meta property=\"og:image\" content=\"https:\/\/eldigitaldeasturias.com\/magazine365\/wp-content\/uploads\/2016\/06\/fotonoticia_20160610151427_800.jpg\" \/>\n\t\t<meta property=\"og:image:secure_url\" content=\"https:\/\/eldigitaldeasturias.com\/magazine365\/wp-content\/uploads\/2016\/06\/fotonoticia_20160610151427_800.jpg\" \/>\n\t\t<meta property=\"og:image:width\" content=\"800\" \/>\n\t\t<meta property=\"og:image:height\" content=\"533\" \/>\n\t\t<meta property=\"article:published_time\" content=\"2016-06-10T14:48:01+00:00\" \/>\n\t\t<meta property=\"article:modified_time\" content=\"2016-06-10T14:48:01+00:00\" \/>\n\t\t<meta name=\"twitter:card\" content=\"summary_large_image\" \/>\n\t\t<meta name=\"twitter:title\" content=\"El TS falla que los pilotos y controladores puedan hablar en espa\u00f1ol y no en ingl\u00e9s cuando sea su lengua nativa | El Digital de Asturias\" \/>\n\t\t<meta name=\"twitter:description\" content=\"La Sala de lo Social del Tribunal Supremo (TS) permite a los pilotos de l\u00edneas a\u00e9reas hablar en espa\u00f1ol y no en ingl\u00e9s en sus comunicaciones con los controladores a\u00e9reos siempre que todos los interlocutores u oyentes tengan este idioma como lengua nativa. La sentencia resuelve el conflicto surgido entre los pilotos y Air Nostrum,\" \/>\n\t\t<meta name=\"twitter:image\" content=\"https:\/\/eldigitaldeasturias.com\/magazine365\/wp-content\/uploads\/2016\/06\/fotonoticia_20160610151427_800.jpg\" \/>\n\t\t<script type=\"application\/ld+json\" class=\"aioseo-schema\">\n\t\t\t{\"@context\":\"https:\\\/\\\/schema.org\",\"@graph\":[{\"@type\":\"Article\",\"@id\":\"https:\\\/\\\/eldigitaldeasturias.com\\\/magazine365\\\/el-ts-falla-que-los-pilotos-y-controladores-puedan-hablar-en-espanol-y-no-en-ingles-cuando-sea-su-lengua-nativa\\\/#article\",\"name\":\"El TS falla que los pilotos y controladores puedan hablar en espa\\u00f1ol y no en ingl\\u00e9s cuando sea su lengua nativa | El Digital de Asturias\",\"headline\":\"El TS falla que los pilotos y controladores puedan hablar en espa\\u00f1ol y no en ingl\\u00e9s cuando sea su lengua nativa\",\"author\":{\"@id\":\"https:\\\/\\\/eldigitaldeasturias.com\\\/magazine365\\\/author\\\/admin\\\/#author\"},\"publisher\":{\"@id\":\"https:\\\/\\\/eldigitaldeasturias.com\\\/magazine365\\\/#organization\"},\"image\":{\"@type\":\"ImageObject\",\"url\":\"https:\\\/\\\/eldigitaldeasturias.com\\\/magazine365\\\/wp-content\\\/uploads\\\/2016\\\/06\\\/fotonoticia_20160610151427_800.jpg\",\"width\":800,\"height\":533},\"datePublished\":\"2016-06-10T16:48:01+02:00\",\"dateModified\":\"2016-06-10T16:48:01+02:00\",\"inLanguage\":\"es-ES\",\"mainEntityOfPage\":{\"@id\":\"https:\\\/\\\/eldigitaldeasturias.com\\\/magazine365\\\/el-ts-falla-que-los-pilotos-y-controladores-puedan-hablar-en-espanol-y-no-en-ingles-cuando-sea-su-lengua-nativa\\\/#webpage\"},\"isPartOf\":{\"@id\":\"https:\\\/\\\/eldigitaldeasturias.com\\\/magazine365\\\/el-ts-falla-que-los-pilotos-y-controladores-puedan-hablar-en-espanol-y-no-en-ingles-cuando-sea-su-lengua-nativa\\\/#webpage\"},\"articleSection\":\"Noticias y Actualidad\"},{\"@type\":\"BreadcrumbList\",\"@id\":\"https:\\\/\\\/eldigitaldeasturias.com\\\/magazine365\\\/el-ts-falla-que-los-pilotos-y-controladores-puedan-hablar-en-espanol-y-no-en-ingles-cuando-sea-su-lengua-nativa\\\/#breadcrumblist\",\"itemListElement\":[{\"@type\":\"ListItem\",\"@id\":\"https:\\\/\\\/eldigitaldeasturias.com\\\/magazine365#listItem\",\"position\":1,\"name\":\"Home\",\"item\":\"https:\\\/\\\/eldigitaldeasturias.com\\\/magazine365\",\"nextItem\":{\"@type\":\"ListItem\",\"@id\":\"https:\\\/\\\/eldigitaldeasturias.com\\\/magazine365\\\/category\\\/noticias-actualidad\\\/#listItem\",\"name\":\"Noticias y Actualidad\"}},{\"@type\":\"ListItem\",\"@id\":\"https:\\\/\\\/eldigitaldeasturias.com\\\/magazine365\\\/category\\\/noticias-actualidad\\\/#listItem\",\"position\":2,\"name\":\"Noticias y Actualidad\",\"item\":\"https:\\\/\\\/eldigitaldeasturias.com\\\/magazine365\\\/category\\\/noticias-actualidad\\\/\",\"nextItem\":{\"@type\":\"ListItem\",\"@id\":\"https:\\\/\\\/eldigitaldeasturias.com\\\/magazine365\\\/el-ts-falla-que-los-pilotos-y-controladores-puedan-hablar-en-espanol-y-no-en-ingles-cuando-sea-su-lengua-nativa\\\/#listItem\",\"name\":\"El TS falla que los pilotos y controladores puedan hablar en espa\\u00f1ol y no en ingl\\u00e9s cuando sea su lengua nativa\"},\"previousItem\":{\"@type\":\"ListItem\",\"@id\":\"https:\\\/\\\/eldigitaldeasturias.com\\\/magazine365#listItem\",\"name\":\"Home\"}},{\"@type\":\"ListItem\",\"@id\":\"https:\\\/\\\/eldigitaldeasturias.com\\\/magazine365\\\/el-ts-falla-que-los-pilotos-y-controladores-puedan-hablar-en-espanol-y-no-en-ingles-cuando-sea-su-lengua-nativa\\\/#listItem\",\"position\":3,\"name\":\"El TS falla que los pilotos y controladores puedan hablar en espa\\u00f1ol y no en ingl\\u00e9s cuando sea su lengua nativa\",\"previousItem\":{\"@type\":\"ListItem\",\"@id\":\"https:\\\/\\\/eldigitaldeasturias.com\\\/magazine365\\\/category\\\/noticias-actualidad\\\/#listItem\",\"name\":\"Noticias y Actualidad\"}}]},{\"@type\":\"Organization\",\"@id\":\"https:\\\/\\\/eldigitaldeasturias.com\\\/magazine365\\\/#organization\",\"name\":\"El digital de Asturias\",\"description\":\"Revista de ocio, turismo y estilo de vida\",\"url\":\"https:\\\/\\\/eldigitaldeasturias.com\\\/magazine365\\\/\",\"logo\":{\"@type\":\"ImageObject\",\"url\":\"https:\\\/\\\/www.eldigitaldeasturias.com\\\/noticias\\\/wp-content\\\/uploads\\\/2020\\\/12\\\/EDA.jpg\",\"@id\":\"https:\\\/\\\/eldigitaldeasturias.com\\\/magazine365\\\/el-ts-falla-que-los-pilotos-y-controladores-puedan-hablar-en-espanol-y-no-en-ingles-cuando-sea-su-lengua-nativa\\\/#organizationLogo\"},\"image\":{\"@id\":\"https:\\\/\\\/eldigitaldeasturias.com\\\/magazine365\\\/el-ts-falla-que-los-pilotos-y-controladores-puedan-hablar-en-espanol-y-no-en-ingles-cuando-sea-su-lengua-nativa\\\/#organizationLogo\"}},{\"@type\":\"Person\",\"@id\":\"https:\\\/\\\/eldigitaldeasturias.com\\\/magazine365\\\/author\\\/admin\\\/#author\",\"url\":\"https:\\\/\\\/eldigitaldeasturias.com\\\/magazine365\\\/author\\\/admin\\\/\",\"name\":\"admin\",\"image\":{\"@type\":\"ImageObject\",\"@id\":\"https:\\\/\\\/eldigitaldeasturias.com\\\/magazine365\\\/el-ts-falla-que-los-pilotos-y-controladores-puedan-hablar-en-espanol-y-no-en-ingles-cuando-sea-su-lengua-nativa\\\/#authorImage\",\"url\":\"https:\\\/\\\/eldigitaldeasturias.com\\\/magazine365\\\/wp-content\\\/litespeed\\\/avatar\\\/e571bcf59a0edd6fa6838245a470f2fe.jpg?ver=1776969259\",\"width\":96,\"height\":96,\"caption\":\"admin\"}},{\"@type\":\"WebPage\",\"@id\":\"https:\\\/\\\/eldigitaldeasturias.com\\\/magazine365\\\/el-ts-falla-que-los-pilotos-y-controladores-puedan-hablar-en-espanol-y-no-en-ingles-cuando-sea-su-lengua-nativa\\\/#webpage\",\"url\":\"https:\\\/\\\/eldigitaldeasturias.com\\\/magazine365\\\/el-ts-falla-que-los-pilotos-y-controladores-puedan-hablar-en-espanol-y-no-en-ingles-cuando-sea-su-lengua-nativa\\\/\",\"name\":\"El TS falla que los pilotos y controladores puedan hablar en espa\\u00f1ol y no en ingl\\u00e9s cuando sea su lengua nativa | El Digital de Asturias\",\"description\":\"La Sala de lo Social del Tribunal Supremo (TS) permite a los pilotos de l\\u00edneas a\\u00e9reas hablar en espa\\u00f1ol y no en ingl\\u00e9s en sus comunicaciones con los controladores a\\u00e9reos siempre que todos los interlocutores u oyentes tengan este idioma como lengua nativa. La sentencia resuelve el conflicto surgido entre los pilotos y Air Nostrum,\",\"inLanguage\":\"es-ES\",\"isPartOf\":{\"@id\":\"https:\\\/\\\/eldigitaldeasturias.com\\\/magazine365\\\/#website\"},\"breadcrumb\":{\"@id\":\"https:\\\/\\\/eldigitaldeasturias.com\\\/magazine365\\\/el-ts-falla-que-los-pilotos-y-controladores-puedan-hablar-en-espanol-y-no-en-ingles-cuando-sea-su-lengua-nativa\\\/#breadcrumblist\"},\"author\":{\"@id\":\"https:\\\/\\\/eldigitaldeasturias.com\\\/magazine365\\\/author\\\/admin\\\/#author\"},\"creator\":{\"@id\":\"https:\\\/\\\/eldigitaldeasturias.com\\\/magazine365\\\/author\\\/admin\\\/#author\"},\"image\":{\"@type\":\"ImageObject\",\"url\":\"https:\\\/\\\/eldigitaldeasturias.com\\\/magazine365\\\/wp-content\\\/uploads\\\/2016\\\/06\\\/fotonoticia_20160610151427_800.jpg\",\"@id\":\"https:\\\/\\\/eldigitaldeasturias.com\\\/magazine365\\\/el-ts-falla-que-los-pilotos-y-controladores-puedan-hablar-en-espanol-y-no-en-ingles-cuando-sea-su-lengua-nativa\\\/#mainImage\",\"width\":800,\"height\":533},\"primaryImageOfPage\":{\"@id\":\"https:\\\/\\\/eldigitaldeasturias.com\\\/magazine365\\\/el-ts-falla-que-los-pilotos-y-controladores-puedan-hablar-en-espanol-y-no-en-ingles-cuando-sea-su-lengua-nativa\\\/#mainImage\"},\"datePublished\":\"2016-06-10T16:48:01+02:00\",\"dateModified\":\"2016-06-10T16:48:01+02:00\"},{\"@type\":\"WebSite\",\"@id\":\"https:\\\/\\\/eldigitaldeasturias.com\\\/magazine365\\\/#website\",\"url\":\"https:\\\/\\\/eldigitaldeasturias.com\\\/magazine365\\\/\",\"name\":\"El Digital de Asturias\",\"description\":\"Revista de ocio, turismo y estilo de vida\",\"inLanguage\":\"es-ES\",\"publisher\":{\"@id\":\"https:\\\/\\\/eldigitaldeasturias.com\\\/magazine365\\\/#organization\"}}]}\n\t\t<\/script>\n\t\t<!-- All in One SEO Pro -->\r\n\t\t<title>El TS falla que los pilotos y controladores puedan hablar en espa\u00f1ol y no en ingl\u00e9s cuando sea su lengua nativa | El Digital de Asturias<\/title>\n\n","aioseo_head_json":{"title":"El TS falla que los pilotos y controladores puedan hablar en espa\u00f1ol y no en ingl\u00e9s cuando sea su lengua nativa | El Digital de Asturias","description":"La Sala de lo Social del Tribunal Supremo (TS) permite a los pilotos de l\u00edneas a\u00e9reas hablar en espa\u00f1ol y no en ingl\u00e9s en sus comunicaciones con los controladores a\u00e9reos siempre que todos los interlocutores u oyentes tengan este idioma como lengua nativa. La sentencia resuelve el conflicto surgido entre los pilotos y Air Nostrum,","canonical_url":"https:\/\/eldigitaldeasturias.com\/magazine365\/el-ts-falla-que-los-pilotos-y-controladores-puedan-hablar-en-espanol-y-no-en-ingles-cuando-sea-su-lengua-nativa\/","robots":"max-image-preview:large","keywords":"noticias y actualidad","webmasterTools":{"google-site-verification":"UA-38556648-1","miscellaneous":""},"schema":{"@context":"https:\/\/schema.org","@graph":[{"@type":"Article","@id":"https:\/\/eldigitaldeasturias.com\/magazine365\/el-ts-falla-que-los-pilotos-y-controladores-puedan-hablar-en-espanol-y-no-en-ingles-cuando-sea-su-lengua-nativa\/#article","name":"El TS falla que los pilotos y controladores puedan hablar en espa\u00f1ol y no en ingl\u00e9s cuando sea su lengua nativa | El Digital de Asturias","headline":"El TS falla que los pilotos y controladores puedan hablar en espa\u00f1ol y no en ingl\u00e9s cuando sea su lengua nativa","author":{"@id":"https:\/\/eldigitaldeasturias.com\/magazine365\/author\/admin\/#author"},"publisher":{"@id":"https:\/\/eldigitaldeasturias.com\/magazine365\/#organization"},"image":{"@type":"ImageObject","url":"https:\/\/eldigitaldeasturias.com\/magazine365\/wp-content\/uploads\/2016\/06\/fotonoticia_20160610151427_800.jpg","width":800,"height":533},"datePublished":"2016-06-10T16:48:01+02:00","dateModified":"2016-06-10T16:48:01+02:00","inLanguage":"es-ES","mainEntityOfPage":{"@id":"https:\/\/eldigitaldeasturias.com\/magazine365\/el-ts-falla-que-los-pilotos-y-controladores-puedan-hablar-en-espanol-y-no-en-ingles-cuando-sea-su-lengua-nativa\/#webpage"},"isPartOf":{"@id":"https:\/\/eldigitaldeasturias.com\/magazine365\/el-ts-falla-que-los-pilotos-y-controladores-puedan-hablar-en-espanol-y-no-en-ingles-cuando-sea-su-lengua-nativa\/#webpage"},"articleSection":"Noticias y Actualidad"},{"@type":"BreadcrumbList","@id":"https:\/\/eldigitaldeasturias.com\/magazine365\/el-ts-falla-que-los-pilotos-y-controladores-puedan-hablar-en-espanol-y-no-en-ingles-cuando-sea-su-lengua-nativa\/#breadcrumblist","itemListElement":[{"@type":"ListItem","@id":"https:\/\/eldigitaldeasturias.com\/magazine365#listItem","position":1,"name":"Home","item":"https:\/\/eldigitaldeasturias.com\/magazine365","nextItem":{"@type":"ListItem","@id":"https:\/\/eldigitaldeasturias.com\/magazine365\/category\/noticias-actualidad\/#listItem","name":"Noticias y Actualidad"}},{"@type":"ListItem","@id":"https:\/\/eldigitaldeasturias.com\/magazine365\/category\/noticias-actualidad\/#listItem","position":2,"name":"Noticias y Actualidad","item":"https:\/\/eldigitaldeasturias.com\/magazine365\/category\/noticias-actualidad\/","nextItem":{"@type":"ListItem","@id":"https:\/\/eldigitaldeasturias.com\/magazine365\/el-ts-falla-que-los-pilotos-y-controladores-puedan-hablar-en-espanol-y-no-en-ingles-cuando-sea-su-lengua-nativa\/#listItem","name":"El TS falla que los pilotos y controladores puedan hablar en espa\u00f1ol y no en ingl\u00e9s cuando sea su lengua nativa"},"previousItem":{"@type":"ListItem","@id":"https:\/\/eldigitaldeasturias.com\/magazine365#listItem","name":"Home"}},{"@type":"ListItem","@id":"https:\/\/eldigitaldeasturias.com\/magazine365\/el-ts-falla-que-los-pilotos-y-controladores-puedan-hablar-en-espanol-y-no-en-ingles-cuando-sea-su-lengua-nativa\/#listItem","position":3,"name":"El TS falla que los pilotos y controladores puedan hablar en espa\u00f1ol y no en ingl\u00e9s cuando sea su lengua nativa","previousItem":{"@type":"ListItem","@id":"https:\/\/eldigitaldeasturias.com\/magazine365\/category\/noticias-actualidad\/#listItem","name":"Noticias y Actualidad"}}]},{"@type":"Organization","@id":"https:\/\/eldigitaldeasturias.com\/magazine365\/#organization","name":"El digital de Asturias","description":"Revista de ocio, turismo y estilo de vida","url":"https:\/\/eldigitaldeasturias.com\/magazine365\/","logo":{"@type":"ImageObject","url":"https:\/\/www.eldigitaldeasturias.com\/noticias\/wp-content\/uploads\/2020\/12\/EDA.jpg","@id":"https:\/\/eldigitaldeasturias.com\/magazine365\/el-ts-falla-que-los-pilotos-y-controladores-puedan-hablar-en-espanol-y-no-en-ingles-cuando-sea-su-lengua-nativa\/#organizationLogo"},"image":{"@id":"https:\/\/eldigitaldeasturias.com\/magazine365\/el-ts-falla-que-los-pilotos-y-controladores-puedan-hablar-en-espanol-y-no-en-ingles-cuando-sea-su-lengua-nativa\/#organizationLogo"}},{"@type":"Person","@id":"https:\/\/eldigitaldeasturias.com\/magazine365\/author\/admin\/#author","url":"https:\/\/eldigitaldeasturias.com\/magazine365\/author\/admin\/","name":"admin","image":{"@type":"ImageObject","@id":"https:\/\/eldigitaldeasturias.com\/magazine365\/el-ts-falla-que-los-pilotos-y-controladores-puedan-hablar-en-espanol-y-no-en-ingles-cuando-sea-su-lengua-nativa\/#authorImage","url":"https:\/\/eldigitaldeasturias.com\/magazine365\/wp-content\/litespeed\/avatar\/e571bcf59a0edd6fa6838245a470f2fe.jpg?ver=1776969259","width":96,"height":96,"caption":"admin"}},{"@type":"WebPage","@id":"https:\/\/eldigitaldeasturias.com\/magazine365\/el-ts-falla-que-los-pilotos-y-controladores-puedan-hablar-en-espanol-y-no-en-ingles-cuando-sea-su-lengua-nativa\/#webpage","url":"https:\/\/eldigitaldeasturias.com\/magazine365\/el-ts-falla-que-los-pilotos-y-controladores-puedan-hablar-en-espanol-y-no-en-ingles-cuando-sea-su-lengua-nativa\/","name":"El TS falla que los pilotos y controladores puedan hablar en espa\u00f1ol y no en ingl\u00e9s cuando sea su lengua nativa | El Digital de Asturias","description":"La Sala de lo Social del Tribunal Supremo (TS) permite a los pilotos de l\u00edneas a\u00e9reas hablar en espa\u00f1ol y no en ingl\u00e9s en sus comunicaciones con los controladores a\u00e9reos siempre que todos los interlocutores u oyentes tengan este idioma como lengua nativa. La sentencia resuelve el conflicto surgido entre los pilotos y Air Nostrum,","inLanguage":"es-ES","isPartOf":{"@id":"https:\/\/eldigitaldeasturias.com\/magazine365\/#website"},"breadcrumb":{"@id":"https:\/\/eldigitaldeasturias.com\/magazine365\/el-ts-falla-que-los-pilotos-y-controladores-puedan-hablar-en-espanol-y-no-en-ingles-cuando-sea-su-lengua-nativa\/#breadcrumblist"},"author":{"@id":"https:\/\/eldigitaldeasturias.com\/magazine365\/author\/admin\/#author"},"creator":{"@id":"https:\/\/eldigitaldeasturias.com\/magazine365\/author\/admin\/#author"},"image":{"@type":"ImageObject","url":"https:\/\/eldigitaldeasturias.com\/magazine365\/wp-content\/uploads\/2016\/06\/fotonoticia_20160610151427_800.jpg","@id":"https:\/\/eldigitaldeasturias.com\/magazine365\/el-ts-falla-que-los-pilotos-y-controladores-puedan-hablar-en-espanol-y-no-en-ingles-cuando-sea-su-lengua-nativa\/#mainImage","width":800,"height":533},"primaryImageOfPage":{"@id":"https:\/\/eldigitaldeasturias.com\/magazine365\/el-ts-falla-que-los-pilotos-y-controladores-puedan-hablar-en-espanol-y-no-en-ingles-cuando-sea-su-lengua-nativa\/#mainImage"},"datePublished":"2016-06-10T16:48:01+02:00","dateModified":"2016-06-10T16:48:01+02:00"},{"@type":"WebSite","@id":"https:\/\/eldigitaldeasturias.com\/magazine365\/#website","url":"https:\/\/eldigitaldeasturias.com\/magazine365\/","name":"El Digital de Asturias","description":"Revista de ocio, turismo y estilo de vida","inLanguage":"es-ES","publisher":{"@id":"https:\/\/eldigitaldeasturias.com\/magazine365\/#organization"}}]},"og:locale":"es_ES","og:site_name":"El Digital de Asturias \u2013 Revista de ocio, turismo y estilo de vida","og:type":"article","og:title":"El TS falla que los pilotos y controladores puedan hablar en espa\u00f1ol y no en ingl\u00e9s cuando sea su lengua nativa | El Digital de Asturias","og:description":"La Sala de lo Social del Tribunal Supremo (TS) permite a los pilotos de l\u00edneas a\u00e9reas hablar en espa\u00f1ol y no en ingl\u00e9s en sus comunicaciones con los controladores a\u00e9reos siempre que todos los interlocutores u oyentes tengan este idioma como lengua nativa. La sentencia resuelve el conflicto surgido entre los pilotos y Air Nostrum,","og:url":"https:\/\/eldigitaldeasturias.com\/magazine365\/el-ts-falla-que-los-pilotos-y-controladores-puedan-hablar-en-espanol-y-no-en-ingles-cuando-sea-su-lengua-nativa\/","og:image":"https:\/\/eldigitaldeasturias.com\/magazine365\/wp-content\/uploads\/2016\/06\/fotonoticia_20160610151427_800.jpg","og:image:secure_url":"https:\/\/eldigitaldeasturias.com\/magazine365\/wp-content\/uploads\/2016\/06\/fotonoticia_20160610151427_800.jpg","og:image:width":800,"og:image:height":533,"article:published_time":"2016-06-10T14:48:01+00:00","article:modified_time":"2016-06-10T14:48:01+00:00","twitter:card":"summary_large_image","twitter:title":"El TS falla que los pilotos y controladores puedan hablar en espa\u00f1ol y no en ingl\u00e9s cuando sea su lengua nativa | El Digital de Asturias","twitter:description":"La Sala de lo Social del Tribunal Supremo (TS) permite a los pilotos de l\u00edneas a\u00e9reas hablar en espa\u00f1ol y no en ingl\u00e9s en sus comunicaciones con los controladores a\u00e9reos siempre que todos los interlocutores u oyentes tengan este idioma como lengua nativa. La sentencia resuelve el conflicto surgido entre los pilotos y Air Nostrum,","twitter:image":"https:\/\/eldigitaldeasturias.com\/magazine365\/wp-content\/uploads\/2016\/06\/fotonoticia_20160610151427_800.jpg"},"aioseo_meta_data":{"post_id":"78732","title":null,"description":null,"keywords":null,"keyphrases":null,"primary_term":null,"canonical_url":null,"og_title":null,"og_description":null,"og_object_type":"default","og_image_type":"default","og_image_url":null,"og_image_width":null,"og_image_height":null,"og_image_custom_url":null,"og_image_custom_fields":null,"og_video":null,"og_custom_url":null,"og_article_section":null,"og_article_tags":null,"twitter_use_og":false,"twitter_card":"default","twitter_image_type":"default","twitter_image_url":null,"twitter_image_custom_url":null,"twitter_image_custom_fields":null,"twitter_title":null,"twitter_description":null,"schema":{"blockGraphs":[],"customGraphs":[],"default":{"data":{"Article":[],"Course":[],"Dataset":[],"FAQPage":[],"Movie":[],"Person":[],"Product":[],"ProductReview":[],"Car":[],"Recipe":[],"Service":[],"SoftwareApplication":[],"WebPage":[]},"graphName":"","isEnabled":true},"graphs":[]},"schema_type":null,"schema_type_options":null,"pillar_content":false,"robots_default":true,"robots_noindex":false,"robots_noarchive":false,"robots_nosnippet":false,"robots_nofollow":false,"robots_noimageindex":false,"robots_noodp":false,"robots_notranslate":false,"robots_max_snippet":null,"robots_max_videopreview":null,"robots_max_imagepreview":"large","priority":null,"frequency":null,"location":null,"local_seo":null,"seo_analyzer_scan_date":"2025-09-27 17:32:57","breadcrumb_settings":null,"limit_modified_date":false,"open_ai":null,"ai":null,"created":"2021-03-08 17:57:45","updated":"2025-09-27 17:32:57"},"aioseo_breadcrumb":"<div class=\"aioseo-breadcrumbs\"><span class=\"aioseo-breadcrumb\">\n\t<a href=\"https:\/\/eldigitaldeasturias.com\/magazine365\" title=\"Home\">Home<\/a>\n<\/span><span class=\"aioseo-breadcrumb-separator\">\u2013<\/span><span class=\"aioseo-breadcrumb\">\n\t<a href=\"https:\/\/eldigitaldeasturias.com\/magazine365\/category\/noticias-actualidad\/\" title=\"Noticias y Actualidad\">Noticias y Actualidad<\/a>\n<\/span><span class=\"aioseo-breadcrumb-separator\">\u2013<\/span><span class=\"aioseo-breadcrumb\">\n\t<a href=\"https:\/\/eldigitaldeasturias.com\/magazine365\/el-ts-falla-que-los-pilotos-y-controladores-puedan-hablar-en-espanol-y-no-en-ingles-cuando-sea-su-lengua-nativa\/\" title=\"El TS falla que los pilotos y controladores puedan hablar en espa\u00f1ol y no en ingl\u00e9s cuando sea su lengua nativa\">El TS falla que los pilotos y controladores puedan hablar en espa\u00f1ol y no en ingl\u00e9s cuando sea su lengua nativa<\/a>\n<\/span><\/div>","aioseo_breadcrumb_json":[{"label":"Home","link":"https:\/\/eldigitaldeasturias.com\/magazine365"},{"label":"Noticias y Actualidad","link":"https:\/\/eldigitaldeasturias.com\/magazine365\/category\/noticias-actualidad\/"},{"label":"El TS falla que los pilotos y controladores puedan hablar en espa\u00f1ol y no en ingl\u00e9s cuando sea su lengua nativa","link":"https:\/\/eldigitaldeasturias.com\/magazine365\/el-ts-falla-que-los-pilotos-y-controladores-puedan-hablar-en-espanol-y-no-en-ingles-cuando-sea-su-lengua-nativa\/"}],"_links":{"self":[{"href":"https:\/\/eldigitaldeasturias.com\/magazine365\/wp-json\/wp\/v2\/posts\/78732","targetHints":{"allow":["GET"]}}],"collection":[{"href":"https:\/\/eldigitaldeasturias.com\/magazine365\/wp-json\/wp\/v2\/posts"}],"about":[{"href":"https:\/\/eldigitaldeasturias.com\/magazine365\/wp-json\/wp\/v2\/types\/post"}],"author":[{"embeddable":true,"href":"https:\/\/eldigitaldeasturias.com\/magazine365\/wp-json\/wp\/v2\/users\/1"}],"replies":[{"embeddable":true,"href":"https:\/\/eldigitaldeasturias.com\/magazine365\/wp-json\/wp\/v2\/comments?post=78732"}],"version-history":[{"count":0,"href":"https:\/\/eldigitaldeasturias.com\/magazine365\/wp-json\/wp\/v2\/posts\/78732\/revisions"}],"wp:featuredmedia":[{"embeddable":true,"href":"https:\/\/eldigitaldeasturias.com\/magazine365\/wp-json\/wp\/v2\/media\/78733"}],"wp:attachment":[{"href":"https:\/\/eldigitaldeasturias.com\/magazine365\/wp-json\/wp\/v2\/media?parent=78732"}],"wp:term":[{"taxonomy":"category","embeddable":true,"href":"https:\/\/eldigitaldeasturias.com\/magazine365\/wp-json\/wp\/v2\/categories?post=78732"},{"taxonomy":"post_tag","embeddable":true,"href":"https:\/\/eldigitaldeasturias.com\/magazine365\/wp-json\/wp\/v2\/tags?post=78732"}],"curies":[{"name":"wp","href":"https:\/\/api.w.org\/{rel}","templated":true}]}}