{"id":78719,"date":"2016-06-10T16:14:55","date_gmt":"2016-06-10T14:14:55","guid":{"rendered":"http:\/\/eldigitaldeasturias.com\/magazine365\/?p=78719"},"modified":"2016-06-10T16:14:55","modified_gmt":"2016-06-10T14:14:55","slug":"la-eurocopa-se-inicia-con-la-huelga-de-pilotos-de-air-france-y-de-los-trenes-franceses","status":"publish","type":"post","link":"https:\/\/eldigitaldeasturias.com\/magazine365\/la-eurocopa-se-inicia-con-la-huelga-de-pilotos-de-air-france-y-de-los-trenes-franceses\/","title":{"rendered":"La Eurocopa se inicia con la huelga de pilotos de Air France y de los trenes franceses"},"content":{"rendered":"<p>Los sindicatos de pilotos de Air France iniciar\u00e1n este viernes una convocatoria de cuatro d\u00edas de huelga por sus conflictos laborales con la empresa que se sumar\u00e1n a los paros que contin\u00faan de los trabajadores de tren por la reforma laboral del Gobierno franc\u00e9s, todo ello el fin de semana que comienza la Eurocopa de f\u00fatbol en el pa\u00eds galo.<\/p>\n<p>El motivo de la huelga en la aerol\u00ednea francesa es que el Sindicato Nacional de Pilotos de L\u00ednea (SNPL) denuncia un desmantelamiento progresivo de la compa\u00f1\u00eda gala en favor de KLM.<\/p>\n<p>El presidente de Air France, Fr\u00e9d\u00e9ric Gagey, afirm\u00f3 que se va a intentar minimizar el efecto de la huelga, que se tiene prevista entre el 11 y el 14 de junio y avanz\u00f3 que se tendr\u00e1 que suprimir del 20% al 30% de los vuelos el s\u00e1bado, al d\u00eda siguiente de la inauguraci\u00f3n de la Eurocopa de f\u00fatbol.<\/p>\n<p>En un comunicado en su p\u00e1gina web emitido este viernes la compa\u00f1\u00eda asegura que el pr\u00f3ximo s\u00e1bado 11 de junio se planea operar m\u00e1s del 80% de sus vuelos: m\u00e1s del 90% de los vuelos de largo recorrido, m\u00e1s del 90% de los vuelos dom\u00e9sticos y alrededor del 75% de los vuelos de medio recorrido desde y hacia el aeropuerto de Par\u00eds Charles de Gaulle.<\/p>\n<p>Para los siguientes d\u00edas desde el 12 al 14, la compa\u00f1\u00eda asegura que dependiendo del n\u00famero de empleados que sigan las huelgas se adaptar\u00e1 el calendario de vuelos que se publicar\u00e1 el d\u00eda anterior a la salida. La compa\u00f1\u00eda asegura que el 25% de los pilotos se espera que secunden la huelga el s\u00e1bado.<\/p>\n<p>Los vuelos cancelados pueden ser comprobados a trav\u00e9s de la p\u00e1gina web de la compa\u00f1\u00eda. En estos momentos solo se han cancelado tres vuelos a Osaka, Hong-Kong y uno de los dos vuelos previstos a Tokio.<\/p>\n<p>FACILIDAD PARA CAMBIAR BILLETES.<\/p>\n<p>La compa\u00f1\u00eda invita a los pasajeros a comprobar el estado de su vuelo en la secci\u00f3n de reservas y advierte que si es operado por KLM o cualquier otra compa\u00f1\u00eda asociada, la huelga no afectar\u00e1 a su viaje.<\/p>\n<p>En el caso de que sea operado por Air France recomiendan comprobar el estado del vuelo a trav\u00e9s de la p\u00e1gina web antes de ir al aeropuerto, as\u00ed como solicitar informaci\u00f3n directa y personal a trav\u00e9s de mensajes de texto o email.<\/p>\n<p>La compa\u00f1\u00eda tiene un servicio gratuito de informaci\u00f3n para pasajeros de todo el mundo en 13 idiomas. Desde el jueves por la ma\u00f1ana un total de 135.000 mensajes de texto han sido enviados de forma individual a los pasajeros en tiempo real.<\/p>\n<p>Air France lamenta las molestias que puedan causar a sus viajeros e intentar\u00e1 que estas sean las m\u00ednimas aunque recomienda que se anticipe o posponga el viaje si se tiene la oportunidad y que se puede hacer sin coste alguno si se hace hasta el 21 de junio.<\/p>\n<p>En el caso de que se posponga el vuelo despu\u00e9s de esa fecha, para cambiar el destino o el origen o si no desea viajar se recibir\u00e1 por parte de la aerol\u00ednea un bono con validez de un a\u00f1o para viajar en Air France, KLM o Hop!.<\/p>\n<p>HUELGA TAMBI\u00c9N EN TRENES.<\/p>\n<p>La huelga tambi\u00e9n contin\u00faa en los trenes franceses. Las asambleas de trabajadores de la Sociedad Nacional de Ferrocarriles (SNCF) gala decidieron continuar el paro por d\u00e9cimo d\u00eda consecutivo. El impacto es importante teniendo en cuenta que el 60% de los huelguistas con conductores.<\/p>\n<p>En el caso de los servicios de Renfe que se prestan en cooperaci\u00f3n con SNCF han sido cancelados todos los trayectos ferroviarios previstos entre Barcelona y las ciudades de Lyon, Toulouse y Par\u00eds (ida y vuelta) de los pr\u00f3ximos 10 y 11 de junio. En total unos doce trayectos.<\/p>\n<p>Teniendo en cuenta que el campeonato de f\u00fatbol se celebra en diez ciudades distintas del pa\u00eds, estos paros en trenes podr\u00edan afectar al desplazamiento de los seguidores de f\u00fatbol que deseen acudir hasta ellas.<\/p>\n<p>El ministro de Transporte franc\u00e9s, Alain Vidalies, afirm\u00f3 que los conductores de trenes ser\u00edan obligados a asegurar el transporte p\u00fablico para los aficionados si es necesario.<\/p>\n<p>La compa\u00f1\u00eda ferroviaria asegura que puede haber perturbaciones en ciertas l\u00edneas y recomienda posponer los viajes. Se sugiere anticipar los posibles traslados al Estado de Sant Denis. Adem\u00e1s se advierte de que en el fin de semana la alta velocidad puede sufrir alteraciones en el suroeste del pa\u00eds y se pueden cancelar servicios.<\/p>\n","protected":false},"excerpt":{"rendered":"<p>Los sindicatos de pilotos de Air France iniciar\u00e1n este viernes una convocatoria de cuatro d\u00edas de huelga por sus conflictos laborales con la empresa que se sumar\u00e1n a los paros que contin\u00faan de los trabajadores de tren por la reforma laboral del Gobierno franc\u00e9s, todo ello el fin de semana que comienza la Eurocopa de<\/p>\n","protected":false},"author":1,"featured_media":78632,"comment_status":"open","ping_status":"closed","sticky":false,"template":"","format":"standard","meta":{"footnotes":""},"categories":[224],"tags":[],"class_list":{"0":"post-78719","1":"post","2":"type-post","3":"status-publish","4":"format-standard","5":"has-post-thumbnail","7":"category-noticias-actualidad"},"aioseo_notices":[],"aioseo_head":"\n\t\t<!-- All in One SEO Pro 4.9.6.1 - aioseo.com -->\n\t<meta name=\"description\" content=\"Los sindicatos de pilotos de Air France iniciar\u00e1n este viernes una convocatoria de cuatro d\u00edas de huelga por sus conflictos laborales con la empresa que se sumar\u00e1n a los paros que contin\u00faan de los trabajadores de tren por la reforma laboral del Gobierno franc\u00e9s, todo ello el fin de semana que comienza la Eurocopa de\" \/>\n\t<meta name=\"robots\" content=\"max-image-preview:large\" \/>\n\t<meta name=\"author\" content=\"admin\"\/>\n\t<meta name=\"google-site-verification\" content=\"UA-38556648-1\" \/>\n\t<meta name=\"keywords\" content=\"noticias y actualidad\" \/>\n\t<link rel=\"canonical\" href=\"https:\/\/eldigitaldeasturias.com\/magazine365\/la-eurocopa-se-inicia-con-la-huelga-de-pilotos-de-air-france-y-de-los-trenes-franceses\/\" \/>\n\t<meta name=\"generator\" content=\"All in One SEO Pro (AIOSEO) 4.9.6.1\" \/>\n\t\t<meta property=\"og:locale\" content=\"es_ES\" \/>\n\t\t<meta property=\"og:site_name\" content=\"El Digital de Asturias \u2013 Revista de ocio, turismo y estilo de vida\" \/>\n\t\t<meta property=\"og:type\" content=\"article\" \/>\n\t\t<meta property=\"og:title\" content=\"La Eurocopa se inicia con la huelga de pilotos de Air France y de los trenes franceses | El Digital de Asturias\" \/>\n\t\t<meta property=\"og:description\" content=\"Los sindicatos de pilotos de Air France iniciar\u00e1n este viernes una convocatoria de cuatro d\u00edas de huelga por sus conflictos laborales con la empresa que se sumar\u00e1n a los paros que contin\u00faan de los trabajadores de tren por la reforma laboral del Gobierno franc\u00e9s, todo ello el fin de semana que comienza la Eurocopa de\" \/>\n\t\t<meta property=\"og:url\" content=\"https:\/\/eldigitaldeasturias.com\/magazine365\/la-eurocopa-se-inicia-con-la-huelga-de-pilotos-de-air-france-y-de-los-trenes-franceses\/\" \/>\n\t\t<meta property=\"og:image\" content=\"https:\/\/eldigitaldeasturias.com\/magazine365\/wp-content\/uploads\/2016\/06\/fotonoticia_20160609192221_800.jpg\" \/>\n\t\t<meta property=\"og:image:secure_url\" content=\"https:\/\/eldigitaldeasturias.com\/magazine365\/wp-content\/uploads\/2016\/06\/fotonoticia_20160609192221_800.jpg\" \/>\n\t\t<meta property=\"og:image:width\" content=\"800\" \/>\n\t\t<meta property=\"og:image:height\" content=\"565\" \/>\n\t\t<meta property=\"article:published_time\" content=\"2016-06-10T14:14:55+00:00\" \/>\n\t\t<meta property=\"article:modified_time\" content=\"2016-06-10T14:14:55+00:00\" \/>\n\t\t<meta name=\"twitter:card\" content=\"summary_large_image\" \/>\n\t\t<meta name=\"twitter:title\" content=\"La Eurocopa se inicia con la huelga de pilotos de Air France y de los trenes franceses | El Digital de Asturias\" \/>\n\t\t<meta name=\"twitter:description\" content=\"Los sindicatos de pilotos de Air France iniciar\u00e1n este viernes una convocatoria de cuatro d\u00edas de huelga por sus conflictos laborales con la empresa que se sumar\u00e1n a los paros que contin\u00faan de los trabajadores de tren por la reforma laboral del Gobierno franc\u00e9s, todo ello el fin de semana que comienza la Eurocopa de\" \/>\n\t\t<meta name=\"twitter:image\" content=\"https:\/\/eldigitaldeasturias.com\/magazine365\/wp-content\/uploads\/2016\/06\/fotonoticia_20160609192221_800.jpg\" \/>\n\t\t<script type=\"application\/ld+json\" class=\"aioseo-schema\">\n\t\t\t{\"@context\":\"https:\\\/\\\/schema.org\",\"@graph\":[{\"@type\":\"Article\",\"@id\":\"https:\\\/\\\/eldigitaldeasturias.com\\\/magazine365\\\/la-eurocopa-se-inicia-con-la-huelga-de-pilotos-de-air-france-y-de-los-trenes-franceses\\\/#article\",\"name\":\"La Eurocopa se inicia con la huelga de pilotos de Air France y de los trenes franceses | El Digital de Asturias\",\"headline\":\"La Eurocopa se inicia con la huelga de pilotos de Air France y de los trenes franceses\",\"author\":{\"@id\":\"https:\\\/\\\/eldigitaldeasturias.com\\\/magazine365\\\/author\\\/admin\\\/#author\"},\"publisher\":{\"@id\":\"https:\\\/\\\/eldigitaldeasturias.com\\\/magazine365\\\/#organization\"},\"image\":{\"@type\":\"ImageObject\",\"url\":\"https:\\\/\\\/eldigitaldeasturias.com\\\/magazine365\\\/wp-content\\\/uploads\\\/2016\\\/06\\\/fotonoticia_20160609192221_800.jpg\",\"width\":800,\"height\":565},\"datePublished\":\"2016-06-10T16:14:55+02:00\",\"dateModified\":\"2016-06-10T16:14:55+02:00\",\"inLanguage\":\"es-ES\",\"mainEntityOfPage\":{\"@id\":\"https:\\\/\\\/eldigitaldeasturias.com\\\/magazine365\\\/la-eurocopa-se-inicia-con-la-huelga-de-pilotos-de-air-france-y-de-los-trenes-franceses\\\/#webpage\"},\"isPartOf\":{\"@id\":\"https:\\\/\\\/eldigitaldeasturias.com\\\/magazine365\\\/la-eurocopa-se-inicia-con-la-huelga-de-pilotos-de-air-france-y-de-los-trenes-franceses\\\/#webpage\"},\"articleSection\":\"Noticias y Actualidad\"},{\"@type\":\"BreadcrumbList\",\"@id\":\"https:\\\/\\\/eldigitaldeasturias.com\\\/magazine365\\\/la-eurocopa-se-inicia-con-la-huelga-de-pilotos-de-air-france-y-de-los-trenes-franceses\\\/#breadcrumblist\",\"itemListElement\":[{\"@type\":\"ListItem\",\"@id\":\"https:\\\/\\\/eldigitaldeasturias.com\\\/magazine365#listItem\",\"position\":1,\"name\":\"Home\",\"item\":\"https:\\\/\\\/eldigitaldeasturias.com\\\/magazine365\",\"nextItem\":{\"@type\":\"ListItem\",\"@id\":\"https:\\\/\\\/eldigitaldeasturias.com\\\/magazine365\\\/category\\\/noticias-actualidad\\\/#listItem\",\"name\":\"Noticias y Actualidad\"}},{\"@type\":\"ListItem\",\"@id\":\"https:\\\/\\\/eldigitaldeasturias.com\\\/magazine365\\\/category\\\/noticias-actualidad\\\/#listItem\",\"position\":2,\"name\":\"Noticias y Actualidad\",\"item\":\"https:\\\/\\\/eldigitaldeasturias.com\\\/magazine365\\\/category\\\/noticias-actualidad\\\/\",\"nextItem\":{\"@type\":\"ListItem\",\"@id\":\"https:\\\/\\\/eldigitaldeasturias.com\\\/magazine365\\\/la-eurocopa-se-inicia-con-la-huelga-de-pilotos-de-air-france-y-de-los-trenes-franceses\\\/#listItem\",\"name\":\"La Eurocopa se inicia con la huelga de pilotos de Air France y de los trenes franceses\"},\"previousItem\":{\"@type\":\"ListItem\",\"@id\":\"https:\\\/\\\/eldigitaldeasturias.com\\\/magazine365#listItem\",\"name\":\"Home\"}},{\"@type\":\"ListItem\",\"@id\":\"https:\\\/\\\/eldigitaldeasturias.com\\\/magazine365\\\/la-eurocopa-se-inicia-con-la-huelga-de-pilotos-de-air-france-y-de-los-trenes-franceses\\\/#listItem\",\"position\":3,\"name\":\"La Eurocopa se inicia con la huelga de pilotos de Air France y de los trenes franceses\",\"previousItem\":{\"@type\":\"ListItem\",\"@id\":\"https:\\\/\\\/eldigitaldeasturias.com\\\/magazine365\\\/category\\\/noticias-actualidad\\\/#listItem\",\"name\":\"Noticias y Actualidad\"}}]},{\"@type\":\"Organization\",\"@id\":\"https:\\\/\\\/eldigitaldeasturias.com\\\/magazine365\\\/#organization\",\"name\":\"El digital de Asturias\",\"description\":\"Revista de ocio, turismo y estilo de vida\",\"url\":\"https:\\\/\\\/eldigitaldeasturias.com\\\/magazine365\\\/\",\"logo\":{\"@type\":\"ImageObject\",\"url\":\"https:\\\/\\\/www.eldigitaldeasturias.com\\\/noticias\\\/wp-content\\\/uploads\\\/2020\\\/12\\\/EDA.jpg\",\"@id\":\"https:\\\/\\\/eldigitaldeasturias.com\\\/magazine365\\\/la-eurocopa-se-inicia-con-la-huelga-de-pilotos-de-air-france-y-de-los-trenes-franceses\\\/#organizationLogo\"},\"image\":{\"@id\":\"https:\\\/\\\/eldigitaldeasturias.com\\\/magazine365\\\/la-eurocopa-se-inicia-con-la-huelga-de-pilotos-de-air-france-y-de-los-trenes-franceses\\\/#organizationLogo\"}},{\"@type\":\"Person\",\"@id\":\"https:\\\/\\\/eldigitaldeasturias.com\\\/magazine365\\\/author\\\/admin\\\/#author\",\"url\":\"https:\\\/\\\/eldigitaldeasturias.com\\\/magazine365\\\/author\\\/admin\\\/\",\"name\":\"admin\",\"image\":{\"@type\":\"ImageObject\",\"@id\":\"https:\\\/\\\/eldigitaldeasturias.com\\\/magazine365\\\/la-eurocopa-se-inicia-con-la-huelga-de-pilotos-de-air-france-y-de-los-trenes-franceses\\\/#authorImage\",\"url\":\"https:\\\/\\\/eldigitaldeasturias.com\\\/magazine365\\\/wp-content\\\/litespeed\\\/avatar\\\/e571bcf59a0edd6fa6838245a470f2fe.jpg?ver=1776969259\",\"width\":96,\"height\":96,\"caption\":\"admin\"}},{\"@type\":\"WebPage\",\"@id\":\"https:\\\/\\\/eldigitaldeasturias.com\\\/magazine365\\\/la-eurocopa-se-inicia-con-la-huelga-de-pilotos-de-air-france-y-de-los-trenes-franceses\\\/#webpage\",\"url\":\"https:\\\/\\\/eldigitaldeasturias.com\\\/magazine365\\\/la-eurocopa-se-inicia-con-la-huelga-de-pilotos-de-air-france-y-de-los-trenes-franceses\\\/\",\"name\":\"La Eurocopa se inicia con la huelga de pilotos de Air France y de los trenes franceses | El Digital de Asturias\",\"description\":\"Los sindicatos de pilotos de Air France iniciar\\u00e1n este viernes una convocatoria de cuatro d\\u00edas de huelga por sus conflictos laborales con la empresa que se sumar\\u00e1n a los paros que contin\\u00faan de los trabajadores de tren por la reforma laboral del Gobierno franc\\u00e9s, todo ello el fin de semana que comienza la Eurocopa de\",\"inLanguage\":\"es-ES\",\"isPartOf\":{\"@id\":\"https:\\\/\\\/eldigitaldeasturias.com\\\/magazine365\\\/#website\"},\"breadcrumb\":{\"@id\":\"https:\\\/\\\/eldigitaldeasturias.com\\\/magazine365\\\/la-eurocopa-se-inicia-con-la-huelga-de-pilotos-de-air-france-y-de-los-trenes-franceses\\\/#breadcrumblist\"},\"author\":{\"@id\":\"https:\\\/\\\/eldigitaldeasturias.com\\\/magazine365\\\/author\\\/admin\\\/#author\"},\"creator\":{\"@id\":\"https:\\\/\\\/eldigitaldeasturias.com\\\/magazine365\\\/author\\\/admin\\\/#author\"},\"image\":{\"@type\":\"ImageObject\",\"url\":\"https:\\\/\\\/eldigitaldeasturias.com\\\/magazine365\\\/wp-content\\\/uploads\\\/2016\\\/06\\\/fotonoticia_20160609192221_800.jpg\",\"@id\":\"https:\\\/\\\/eldigitaldeasturias.com\\\/magazine365\\\/la-eurocopa-se-inicia-con-la-huelga-de-pilotos-de-air-france-y-de-los-trenes-franceses\\\/#mainImage\",\"width\":800,\"height\":565},\"primaryImageOfPage\":{\"@id\":\"https:\\\/\\\/eldigitaldeasturias.com\\\/magazine365\\\/la-eurocopa-se-inicia-con-la-huelga-de-pilotos-de-air-france-y-de-los-trenes-franceses\\\/#mainImage\"},\"datePublished\":\"2016-06-10T16:14:55+02:00\",\"dateModified\":\"2016-06-10T16:14:55+02:00\"},{\"@type\":\"WebSite\",\"@id\":\"https:\\\/\\\/eldigitaldeasturias.com\\\/magazine365\\\/#website\",\"url\":\"https:\\\/\\\/eldigitaldeasturias.com\\\/magazine365\\\/\",\"name\":\"El Digital de Asturias\",\"description\":\"Revista de ocio, turismo y estilo de vida\",\"inLanguage\":\"es-ES\",\"publisher\":{\"@id\":\"https:\\\/\\\/eldigitaldeasturias.com\\\/magazine365\\\/#organization\"}}]}\n\t\t<\/script>\n\t\t<!-- All in One SEO Pro -->\r\n\t\t<title>La Eurocopa se inicia con la huelga de pilotos de Air France y de los trenes franceses | El Digital de Asturias<\/title>\n\n","aioseo_head_json":{"title":"La Eurocopa se inicia con la huelga de pilotos de Air France y de los trenes franceses | El Digital de Asturias","description":"Los sindicatos de pilotos de Air France iniciar\u00e1n este viernes una convocatoria de cuatro d\u00edas de huelga por sus conflictos laborales con la empresa que se sumar\u00e1n a los paros que contin\u00faan de los trabajadores de tren por la reforma laboral del Gobierno franc\u00e9s, todo ello el fin de semana que comienza la Eurocopa de","canonical_url":"https:\/\/eldigitaldeasturias.com\/magazine365\/la-eurocopa-se-inicia-con-la-huelga-de-pilotos-de-air-france-y-de-los-trenes-franceses\/","robots":"max-image-preview:large","keywords":"noticias y actualidad","webmasterTools":{"google-site-verification":"UA-38556648-1","miscellaneous":""},"schema":{"@context":"https:\/\/schema.org","@graph":[{"@type":"Article","@id":"https:\/\/eldigitaldeasturias.com\/magazine365\/la-eurocopa-se-inicia-con-la-huelga-de-pilotos-de-air-france-y-de-los-trenes-franceses\/#article","name":"La Eurocopa se inicia con la huelga de pilotos de Air France y de los trenes franceses | El Digital de Asturias","headline":"La Eurocopa se inicia con la huelga de pilotos de Air France y de los trenes franceses","author":{"@id":"https:\/\/eldigitaldeasturias.com\/magazine365\/author\/admin\/#author"},"publisher":{"@id":"https:\/\/eldigitaldeasturias.com\/magazine365\/#organization"},"image":{"@type":"ImageObject","url":"https:\/\/eldigitaldeasturias.com\/magazine365\/wp-content\/uploads\/2016\/06\/fotonoticia_20160609192221_800.jpg","width":800,"height":565},"datePublished":"2016-06-10T16:14:55+02:00","dateModified":"2016-06-10T16:14:55+02:00","inLanguage":"es-ES","mainEntityOfPage":{"@id":"https:\/\/eldigitaldeasturias.com\/magazine365\/la-eurocopa-se-inicia-con-la-huelga-de-pilotos-de-air-france-y-de-los-trenes-franceses\/#webpage"},"isPartOf":{"@id":"https:\/\/eldigitaldeasturias.com\/magazine365\/la-eurocopa-se-inicia-con-la-huelga-de-pilotos-de-air-france-y-de-los-trenes-franceses\/#webpage"},"articleSection":"Noticias y Actualidad"},{"@type":"BreadcrumbList","@id":"https:\/\/eldigitaldeasturias.com\/magazine365\/la-eurocopa-se-inicia-con-la-huelga-de-pilotos-de-air-france-y-de-los-trenes-franceses\/#breadcrumblist","itemListElement":[{"@type":"ListItem","@id":"https:\/\/eldigitaldeasturias.com\/magazine365#listItem","position":1,"name":"Home","item":"https:\/\/eldigitaldeasturias.com\/magazine365","nextItem":{"@type":"ListItem","@id":"https:\/\/eldigitaldeasturias.com\/magazine365\/category\/noticias-actualidad\/#listItem","name":"Noticias y Actualidad"}},{"@type":"ListItem","@id":"https:\/\/eldigitaldeasturias.com\/magazine365\/category\/noticias-actualidad\/#listItem","position":2,"name":"Noticias y Actualidad","item":"https:\/\/eldigitaldeasturias.com\/magazine365\/category\/noticias-actualidad\/","nextItem":{"@type":"ListItem","@id":"https:\/\/eldigitaldeasturias.com\/magazine365\/la-eurocopa-se-inicia-con-la-huelga-de-pilotos-de-air-france-y-de-los-trenes-franceses\/#listItem","name":"La Eurocopa se inicia con la huelga de pilotos de Air France y de los trenes franceses"},"previousItem":{"@type":"ListItem","@id":"https:\/\/eldigitaldeasturias.com\/magazine365#listItem","name":"Home"}},{"@type":"ListItem","@id":"https:\/\/eldigitaldeasturias.com\/magazine365\/la-eurocopa-se-inicia-con-la-huelga-de-pilotos-de-air-france-y-de-los-trenes-franceses\/#listItem","position":3,"name":"La Eurocopa se inicia con la huelga de pilotos de Air France y de los trenes franceses","previousItem":{"@type":"ListItem","@id":"https:\/\/eldigitaldeasturias.com\/magazine365\/category\/noticias-actualidad\/#listItem","name":"Noticias y Actualidad"}}]},{"@type":"Organization","@id":"https:\/\/eldigitaldeasturias.com\/magazine365\/#organization","name":"El digital de Asturias","description":"Revista de ocio, turismo y estilo de vida","url":"https:\/\/eldigitaldeasturias.com\/magazine365\/","logo":{"@type":"ImageObject","url":"https:\/\/www.eldigitaldeasturias.com\/noticias\/wp-content\/uploads\/2020\/12\/EDA.jpg","@id":"https:\/\/eldigitaldeasturias.com\/magazine365\/la-eurocopa-se-inicia-con-la-huelga-de-pilotos-de-air-france-y-de-los-trenes-franceses\/#organizationLogo"},"image":{"@id":"https:\/\/eldigitaldeasturias.com\/magazine365\/la-eurocopa-se-inicia-con-la-huelga-de-pilotos-de-air-france-y-de-los-trenes-franceses\/#organizationLogo"}},{"@type":"Person","@id":"https:\/\/eldigitaldeasturias.com\/magazine365\/author\/admin\/#author","url":"https:\/\/eldigitaldeasturias.com\/magazine365\/author\/admin\/","name":"admin","image":{"@type":"ImageObject","@id":"https:\/\/eldigitaldeasturias.com\/magazine365\/la-eurocopa-se-inicia-con-la-huelga-de-pilotos-de-air-france-y-de-los-trenes-franceses\/#authorImage","url":"https:\/\/eldigitaldeasturias.com\/magazine365\/wp-content\/litespeed\/avatar\/e571bcf59a0edd6fa6838245a470f2fe.jpg?ver=1776969259","width":96,"height":96,"caption":"admin"}},{"@type":"WebPage","@id":"https:\/\/eldigitaldeasturias.com\/magazine365\/la-eurocopa-se-inicia-con-la-huelga-de-pilotos-de-air-france-y-de-los-trenes-franceses\/#webpage","url":"https:\/\/eldigitaldeasturias.com\/magazine365\/la-eurocopa-se-inicia-con-la-huelga-de-pilotos-de-air-france-y-de-los-trenes-franceses\/","name":"La Eurocopa se inicia con la huelga de pilotos de Air France y de los trenes franceses | El Digital de Asturias","description":"Los sindicatos de pilotos de Air France iniciar\u00e1n este viernes una convocatoria de cuatro d\u00edas de huelga por sus conflictos laborales con la empresa que se sumar\u00e1n a los paros que contin\u00faan de los trabajadores de tren por la reforma laboral del Gobierno franc\u00e9s, todo ello el fin de semana que comienza la Eurocopa de","inLanguage":"es-ES","isPartOf":{"@id":"https:\/\/eldigitaldeasturias.com\/magazine365\/#website"},"breadcrumb":{"@id":"https:\/\/eldigitaldeasturias.com\/magazine365\/la-eurocopa-se-inicia-con-la-huelga-de-pilotos-de-air-france-y-de-los-trenes-franceses\/#breadcrumblist"},"author":{"@id":"https:\/\/eldigitaldeasturias.com\/magazine365\/author\/admin\/#author"},"creator":{"@id":"https:\/\/eldigitaldeasturias.com\/magazine365\/author\/admin\/#author"},"image":{"@type":"ImageObject","url":"https:\/\/eldigitaldeasturias.com\/magazine365\/wp-content\/uploads\/2016\/06\/fotonoticia_20160609192221_800.jpg","@id":"https:\/\/eldigitaldeasturias.com\/magazine365\/la-eurocopa-se-inicia-con-la-huelga-de-pilotos-de-air-france-y-de-los-trenes-franceses\/#mainImage","width":800,"height":565},"primaryImageOfPage":{"@id":"https:\/\/eldigitaldeasturias.com\/magazine365\/la-eurocopa-se-inicia-con-la-huelga-de-pilotos-de-air-france-y-de-los-trenes-franceses\/#mainImage"},"datePublished":"2016-06-10T16:14:55+02:00","dateModified":"2016-06-10T16:14:55+02:00"},{"@type":"WebSite","@id":"https:\/\/eldigitaldeasturias.com\/magazine365\/#website","url":"https:\/\/eldigitaldeasturias.com\/magazine365\/","name":"El Digital de Asturias","description":"Revista de ocio, turismo y estilo de vida","inLanguage":"es-ES","publisher":{"@id":"https:\/\/eldigitaldeasturias.com\/magazine365\/#organization"}}]},"og:locale":"es_ES","og:site_name":"El Digital de Asturias \u2013 Revista de ocio, turismo y estilo de vida","og:type":"article","og:title":"La Eurocopa se inicia con la huelga de pilotos de Air France y de los trenes franceses | El Digital de Asturias","og:description":"Los sindicatos de pilotos de Air France iniciar\u00e1n este viernes una convocatoria de cuatro d\u00edas de huelga por sus conflictos laborales con la empresa que se sumar\u00e1n a los paros que contin\u00faan de los trabajadores de tren por la reforma laboral del Gobierno franc\u00e9s, todo ello el fin de semana que comienza la Eurocopa de","og:url":"https:\/\/eldigitaldeasturias.com\/magazine365\/la-eurocopa-se-inicia-con-la-huelga-de-pilotos-de-air-france-y-de-los-trenes-franceses\/","og:image":"https:\/\/eldigitaldeasturias.com\/magazine365\/wp-content\/uploads\/2016\/06\/fotonoticia_20160609192221_800.jpg","og:image:secure_url":"https:\/\/eldigitaldeasturias.com\/magazine365\/wp-content\/uploads\/2016\/06\/fotonoticia_20160609192221_800.jpg","og:image:width":800,"og:image:height":565,"article:published_time":"2016-06-10T14:14:55+00:00","article:modified_time":"2016-06-10T14:14:55+00:00","twitter:card":"summary_large_image","twitter:title":"La Eurocopa se inicia con la huelga de pilotos de Air France y de los trenes franceses | El Digital de Asturias","twitter:description":"Los sindicatos de pilotos de Air France iniciar\u00e1n este viernes una convocatoria de cuatro d\u00edas de huelga por sus conflictos laborales con la empresa que se sumar\u00e1n a los paros que contin\u00faan de los trabajadores de tren por la reforma laboral del Gobierno franc\u00e9s, todo ello el fin de semana que comienza la Eurocopa de","twitter:image":"https:\/\/eldigitaldeasturias.com\/magazine365\/wp-content\/uploads\/2016\/06\/fotonoticia_20160609192221_800.jpg"},"aioseo_meta_data":{"post_id":"78719","title":null,"description":null,"keywords":null,"keyphrases":null,"primary_term":null,"canonical_url":null,"og_title":null,"og_description":null,"og_object_type":"default","og_image_type":"default","og_image_url":null,"og_image_width":null,"og_image_height":null,"og_image_custom_url":null,"og_image_custom_fields":null,"og_video":null,"og_custom_url":null,"og_article_section":null,"og_article_tags":null,"twitter_use_og":false,"twitter_card":"default","twitter_image_type":"default","twitter_image_url":null,"twitter_image_custom_url":null,"twitter_image_custom_fields":null,"twitter_title":null,"twitter_description":null,"schema":{"blockGraphs":[],"customGraphs":[],"default":{"data":{"Article":[],"Course":[],"Dataset":[],"FAQPage":[],"Movie":[],"Person":[],"Product":[],"ProductReview":[],"Car":[],"Recipe":[],"Service":[],"SoftwareApplication":[],"WebPage":[]},"graphName":"","isEnabled":true},"graphs":[],"defaultGraph":"","defaultPostTypeGraph":""},"schema_type":null,"schema_type_options":null,"pillar_content":false,"robots_default":true,"robots_noindex":false,"robots_noarchive":false,"robots_nosnippet":false,"robots_nofollow":false,"robots_noimageindex":false,"robots_noodp":false,"robots_notranslate":false,"robots_max_snippet":null,"robots_max_videopreview":null,"robots_max_imagepreview":"large","priority":null,"frequency":null,"location":null,"local_seo":null,"seo_analyzer_scan_date":"2025-09-27 17:31:02","breadcrumb_settings":null,"limit_modified_date":false,"open_ai":null,"ai":null,"created":"2021-03-08 17:57:45","updated":"2025-09-27 17:31:02"},"aioseo_breadcrumb":"<div class=\"aioseo-breadcrumbs\"><span class=\"aioseo-breadcrumb\">\n\t<a href=\"https:\/\/eldigitaldeasturias.com\/magazine365\" title=\"Home\">Home<\/a>\n<\/span><span class=\"aioseo-breadcrumb-separator\">\u2013<\/span><span class=\"aioseo-breadcrumb\">\n\t<a href=\"https:\/\/eldigitaldeasturias.com\/magazine365\/category\/noticias-actualidad\/\" title=\"Noticias y Actualidad\">Noticias y Actualidad<\/a>\n<\/span><span class=\"aioseo-breadcrumb-separator\">\u2013<\/span><span class=\"aioseo-breadcrumb\">\n\t<a href=\"https:\/\/eldigitaldeasturias.com\/magazine365\/la-eurocopa-se-inicia-con-la-huelga-de-pilotos-de-air-france-y-de-los-trenes-franceses\/\" title=\"La Eurocopa se inicia con la huelga de pilotos de Air France y de los trenes franceses\">La Eurocopa se inicia con la huelga de pilotos de Air France y de los trenes franceses<\/a>\n<\/span><\/div>","aioseo_breadcrumb_json":[{"label":"Home","link":"https:\/\/eldigitaldeasturias.com\/magazine365"},{"label":"Noticias y Actualidad","link":"https:\/\/eldigitaldeasturias.com\/magazine365\/category\/noticias-actualidad\/"},{"label":"La Eurocopa se inicia con la huelga de pilotos de Air France y de los trenes franceses","link":"https:\/\/eldigitaldeasturias.com\/magazine365\/la-eurocopa-se-inicia-con-la-huelga-de-pilotos-de-air-france-y-de-los-trenes-franceses\/"}],"_links":{"self":[{"href":"https:\/\/eldigitaldeasturias.com\/magazine365\/wp-json\/wp\/v2\/posts\/78719","targetHints":{"allow":["GET"]}}],"collection":[{"href":"https:\/\/eldigitaldeasturias.com\/magazine365\/wp-json\/wp\/v2\/posts"}],"about":[{"href":"https:\/\/eldigitaldeasturias.com\/magazine365\/wp-json\/wp\/v2\/types\/post"}],"author":[{"embeddable":true,"href":"https:\/\/eldigitaldeasturias.com\/magazine365\/wp-json\/wp\/v2\/users\/1"}],"replies":[{"embeddable":true,"href":"https:\/\/eldigitaldeasturias.com\/magazine365\/wp-json\/wp\/v2\/comments?post=78719"}],"version-history":[{"count":0,"href":"https:\/\/eldigitaldeasturias.com\/magazine365\/wp-json\/wp\/v2\/posts\/78719\/revisions"}],"wp:featuredmedia":[{"embeddable":true,"href":"https:\/\/eldigitaldeasturias.com\/magazine365\/wp-json\/wp\/v2\/media\/78632"}],"wp:attachment":[{"href":"https:\/\/eldigitaldeasturias.com\/magazine365\/wp-json\/wp\/v2\/media?parent=78719"}],"wp:term":[{"taxonomy":"category","embeddable":true,"href":"https:\/\/eldigitaldeasturias.com\/magazine365\/wp-json\/wp\/v2\/categories?post=78719"},{"taxonomy":"post_tag","embeddable":true,"href":"https:\/\/eldigitaldeasturias.com\/magazine365\/wp-json\/wp\/v2\/tags?post=78719"}],"curies":[{"name":"wp","href":"https:\/\/api.w.org\/{rel}","templated":true}]}}