{"id":78691,"date":"2016-06-10T15:57:10","date_gmt":"2016-06-10T13:57:10","guid":{"rendered":"http:\/\/eldigitaldeasturias.com\/magazine365\/?p=78691"},"modified":"2016-06-10T15:57:10","modified_gmt":"2016-06-10T13:57:10","slug":"vueling-busca-400-tripulantes-de-cabina","status":"publish","type":"post","link":"https:\/\/eldigitaldeasturias.com\/magazine365\/vueling-busca-400-tripulantes-de-cabina\/","title":{"rendered":"Vueling busca 400 tripulantes de cabina"},"content":{"rendered":"<p><img fetchpriority=\"high\" decoding=\"async\" class=\"alignleft size-medium wp-image-78692\" src=\"https:\/\/eldigitaldeasturias.com\/magazine365\/wp-content\/uploads\/2016\/06\/fotonoticia_20160610122311_800-360x239.jpg\" alt=\"fotonoticia_20160610122311_800\" width=\"360\" height=\"239\" srcset=\"https:\/\/eldigitaldeasturias.com\/magazine365\/wp-content\/uploads\/2016\/06\/fotonoticia_20160610122311_800-360x239.jpg 360w, https:\/\/eldigitaldeasturias.com\/magazine365\/wp-content\/uploads\/2016\/06\/fotonoticia_20160610122311_800-650x431.jpg 650w, https:\/\/eldigitaldeasturias.com\/magazine365\/wp-content\/uploads\/2016\/06\/fotonoticia_20160610122311_800-768x510.jpg 768w, https:\/\/eldigitaldeasturias.com\/magazine365\/wp-content\/uploads\/2016\/06\/fotonoticia_20160610122311_800-150x100.jpg 150w, https:\/\/eldigitaldeasturias.com\/magazine365\/wp-content\/uploads\/2016\/06\/fotonoticia_20160610122311_800-450x299.jpg 450w, https:\/\/eldigitaldeasturias.com\/magazine365\/wp-content\/uploads\/2016\/06\/fotonoticia_20160610122311_800-121x79.jpg 121w, https:\/\/eldigitaldeasturias.com\/magazine365\/wp-content\/uploads\/2016\/06\/fotonoticia_20160610122311_800-101x66.jpg 101w, https:\/\/eldigitaldeasturias.com\/magazine365\/wp-content\/uploads\/2016\/06\/fotonoticia_20160610122311_800.jpg 800w\" sizes=\"(max-width: 360px) 100vw, 360px\" \/>La compa\u00f1\u00eda a\u00e9rea Vueling ha anunciado este viernes la apertura de una nueva convocatoria de tripulantes de cabina de pasajeros en Palma el pr\u00f3ximo mi\u00e9rcoles 15 de junio para hacer frente a la operativa de este verano en el que la aerol\u00ednea operar\u00e1 m\u00e1s de 400 rutas.<\/p>\n<p>Seg\u00fan ha se\u00f1alado la empresa en un comunicado, tambi\u00e9n est\u00e1 realizando otros Open Days en ciudades como A Coru\u00f1a, Alicante, Asturias, Barcelona, Bilbao, Madrid, M\u00e1laga, Sevilla, Tenerife o Gran Canaria, puesto que tiene previsto contratar a 400 profesionales, que pasar\u00e1n a integrarse en la plantilla actual de la compa\u00f1\u00eda durante los pr\u00f3ximos meses, tanto para sus bases nacionales, como europeas.<\/p>\n<p>Para participar en el proceso es necesario enviar un e-mail a la direcci\u00f3n seleccion.openday@vueling.com, marcando en el asunto Open Day Palma de Mallorca. Los requisitos son, entre otros, ser mayor de edad, poseer el t\u00edtulo de Bachillerato, FP o equivalente, tener vocaci\u00f3n de servicio y un alto conocimiento de ingl\u00e9s.<\/p>\n<p>Tras esto, los solicitantes recibir\u00e1n informaci\u00f3n ampliada de la convocatoria, as\u00ed como la documentaci\u00f3n que deber\u00e1n aportar. El proceso de selecci\u00f3n se alargar\u00e1 durante todo el d\u00eda para aquellos candidatos que lleguen a la fase final.<\/p>\n","protected":false},"excerpt":{"rendered":"<p>La compa\u00f1\u00eda a\u00e9rea Vueling ha anunciado este viernes la apertura de una nueva convocatoria de tripulantes de cabina de pasajeros en Palma el pr\u00f3ximo mi\u00e9rcoles 15 de junio para hacer frente a la operativa de este verano en el que la aerol\u00ednea operar\u00e1 m\u00e1s de 400 rutas. Seg\u00fan ha se\u00f1alado la empresa en un comunicado,<\/p>\n","protected":false},"author":1,"featured_media":78692,"comment_status":"open","ping_status":"closed","sticky":false,"template":"","format":"standard","meta":{"footnotes":""},"categories":[224],"tags":[],"class_list":{"0":"post-78691","1":"post","2":"type-post","3":"status-publish","4":"format-standard","5":"has-post-thumbnail","7":"category-noticias-actualidad"},"aioseo_notices":[],"aioseo_head":"\n\t\t<!-- All in One SEO Pro 4.9.6.1 - aioseo.com -->\n\t<meta name=\"description\" content=\"La compa\u00f1\u00eda a\u00e9rea Vueling ha anunciado este viernes la apertura de una nueva convocatoria de tripulantes de cabina de pasajeros en Palma el pr\u00f3ximo mi\u00e9rcoles 15 de junio para hacer frente a la operativa de este verano en el que la aerol\u00ednea operar\u00e1 m\u00e1s de 400 rutas. Seg\u00fan ha se\u00f1alado la empresa en un comunicado,\" \/>\n\t<meta name=\"robots\" content=\"max-image-preview:large\" \/>\n\t<meta name=\"author\" content=\"admin\"\/>\n\t<meta name=\"google-site-verification\" content=\"UA-38556648-1\" \/>\n\t<meta name=\"keywords\" content=\"noticias y actualidad\" \/>\n\t<link rel=\"canonical\" href=\"https:\/\/eldigitaldeasturias.com\/magazine365\/vueling-busca-400-tripulantes-de-cabina\/\" \/>\n\t<meta name=\"generator\" content=\"All in One SEO Pro (AIOSEO) 4.9.6.1\" \/>\n\t\t<meta property=\"og:locale\" content=\"es_ES\" \/>\n\t\t<meta property=\"og:site_name\" content=\"El Digital de Asturias \u2013 Revista de ocio, turismo y estilo de vida\" \/>\n\t\t<meta property=\"og:type\" content=\"article\" \/>\n\t\t<meta property=\"og:title\" content=\"Vueling busca 400 tripulantes de cabina | El Digital de Asturias\" \/>\n\t\t<meta property=\"og:description\" content=\"La compa\u00f1\u00eda a\u00e9rea Vueling ha anunciado este viernes la apertura de una nueva convocatoria de tripulantes de cabina de pasajeros en Palma el pr\u00f3ximo mi\u00e9rcoles 15 de junio para hacer frente a la operativa de este verano en el que la aerol\u00ednea operar\u00e1 m\u00e1s de 400 rutas. Seg\u00fan ha se\u00f1alado la empresa en un comunicado,\" \/>\n\t\t<meta property=\"og:url\" content=\"https:\/\/eldigitaldeasturias.com\/magazine365\/vueling-busca-400-tripulantes-de-cabina\/\" \/>\n\t\t<meta property=\"og:image\" content=\"https:\/\/eldigitaldeasturias.com\/magazine365\/wp-content\/uploads\/2016\/06\/fotonoticia_20160610122311_800.jpg\" \/>\n\t\t<meta property=\"og:image:secure_url\" content=\"https:\/\/eldigitaldeasturias.com\/magazine365\/wp-content\/uploads\/2016\/06\/fotonoticia_20160610122311_800.jpg\" \/>\n\t\t<meta property=\"og:image:width\" content=\"800\" \/>\n\t\t<meta property=\"og:image:height\" content=\"531\" \/>\n\t\t<meta property=\"article:published_time\" content=\"2016-06-10T13:57:10+00:00\" \/>\n\t\t<meta property=\"article:modified_time\" content=\"2016-06-10T13:57:10+00:00\" \/>\n\t\t<meta name=\"twitter:card\" content=\"summary_large_image\" \/>\n\t\t<meta name=\"twitter:title\" content=\"Vueling busca 400 tripulantes de cabina | El Digital de Asturias\" \/>\n\t\t<meta name=\"twitter:description\" content=\"La compa\u00f1\u00eda a\u00e9rea Vueling ha anunciado este viernes la apertura de una nueva convocatoria de tripulantes de cabina de pasajeros en Palma el pr\u00f3ximo mi\u00e9rcoles 15 de junio para hacer frente a la operativa de este verano en el que la aerol\u00ednea operar\u00e1 m\u00e1s de 400 rutas. Seg\u00fan ha se\u00f1alado la empresa en un comunicado,\" \/>\n\t\t<meta name=\"twitter:image\" content=\"https:\/\/eldigitaldeasturias.com\/magazine365\/wp-content\/uploads\/2016\/06\/fotonoticia_20160610122311_800.jpg\" \/>\n\t\t<script type=\"application\/ld+json\" class=\"aioseo-schema\">\n\t\t\t{\"@context\":\"https:\\\/\\\/schema.org\",\"@graph\":[{\"@type\":\"Article\",\"@id\":\"https:\\\/\\\/eldigitaldeasturias.com\\\/magazine365\\\/vueling-busca-400-tripulantes-de-cabina\\\/#article\",\"name\":\"Vueling busca 400 tripulantes de cabina | El Digital de Asturias\",\"headline\":\"Vueling busca 400 tripulantes de cabina\",\"author\":{\"@id\":\"https:\\\/\\\/eldigitaldeasturias.com\\\/magazine365\\\/author\\\/admin\\\/#author\"},\"publisher\":{\"@id\":\"https:\\\/\\\/eldigitaldeasturias.com\\\/magazine365\\\/#organization\"},\"image\":{\"@type\":\"ImageObject\",\"url\":\"https:\\\/\\\/eldigitaldeasturias.com\\\/magazine365\\\/wp-content\\\/uploads\\\/2016\\\/06\\\/fotonoticia_20160610122311_800.jpg\",\"width\":800,\"height\":531},\"datePublished\":\"2016-06-10T15:57:10+02:00\",\"dateModified\":\"2016-06-10T15:57:10+02:00\",\"inLanguage\":\"es-ES\",\"mainEntityOfPage\":{\"@id\":\"https:\\\/\\\/eldigitaldeasturias.com\\\/magazine365\\\/vueling-busca-400-tripulantes-de-cabina\\\/#webpage\"},\"isPartOf\":{\"@id\":\"https:\\\/\\\/eldigitaldeasturias.com\\\/magazine365\\\/vueling-busca-400-tripulantes-de-cabina\\\/#webpage\"},\"articleSection\":\"Noticias y Actualidad\"},{\"@type\":\"BreadcrumbList\",\"@id\":\"https:\\\/\\\/eldigitaldeasturias.com\\\/magazine365\\\/vueling-busca-400-tripulantes-de-cabina\\\/#breadcrumblist\",\"itemListElement\":[{\"@type\":\"ListItem\",\"@id\":\"https:\\\/\\\/eldigitaldeasturias.com\\\/magazine365#listItem\",\"position\":1,\"name\":\"Home\",\"item\":\"https:\\\/\\\/eldigitaldeasturias.com\\\/magazine365\",\"nextItem\":{\"@type\":\"ListItem\",\"@id\":\"https:\\\/\\\/eldigitaldeasturias.com\\\/magazine365\\\/category\\\/noticias-actualidad\\\/#listItem\",\"name\":\"Noticias y Actualidad\"}},{\"@type\":\"ListItem\",\"@id\":\"https:\\\/\\\/eldigitaldeasturias.com\\\/magazine365\\\/category\\\/noticias-actualidad\\\/#listItem\",\"position\":2,\"name\":\"Noticias y Actualidad\",\"item\":\"https:\\\/\\\/eldigitaldeasturias.com\\\/magazine365\\\/category\\\/noticias-actualidad\\\/\",\"nextItem\":{\"@type\":\"ListItem\",\"@id\":\"https:\\\/\\\/eldigitaldeasturias.com\\\/magazine365\\\/vueling-busca-400-tripulantes-de-cabina\\\/#listItem\",\"name\":\"Vueling busca 400 tripulantes de cabina\"},\"previousItem\":{\"@type\":\"ListItem\",\"@id\":\"https:\\\/\\\/eldigitaldeasturias.com\\\/magazine365#listItem\",\"name\":\"Home\"}},{\"@type\":\"ListItem\",\"@id\":\"https:\\\/\\\/eldigitaldeasturias.com\\\/magazine365\\\/vueling-busca-400-tripulantes-de-cabina\\\/#listItem\",\"position\":3,\"name\":\"Vueling busca 400 tripulantes de cabina\",\"previousItem\":{\"@type\":\"ListItem\",\"@id\":\"https:\\\/\\\/eldigitaldeasturias.com\\\/magazine365\\\/category\\\/noticias-actualidad\\\/#listItem\",\"name\":\"Noticias y Actualidad\"}}]},{\"@type\":\"Organization\",\"@id\":\"https:\\\/\\\/eldigitaldeasturias.com\\\/magazine365\\\/#organization\",\"name\":\"El digital de Asturias\",\"description\":\"Revista de ocio, turismo y estilo de vida\",\"url\":\"https:\\\/\\\/eldigitaldeasturias.com\\\/magazine365\\\/\",\"logo\":{\"@type\":\"ImageObject\",\"url\":\"https:\\\/\\\/www.eldigitaldeasturias.com\\\/noticias\\\/wp-content\\\/uploads\\\/2020\\\/12\\\/EDA.jpg\",\"@id\":\"https:\\\/\\\/eldigitaldeasturias.com\\\/magazine365\\\/vueling-busca-400-tripulantes-de-cabina\\\/#organizationLogo\"},\"image\":{\"@id\":\"https:\\\/\\\/eldigitaldeasturias.com\\\/magazine365\\\/vueling-busca-400-tripulantes-de-cabina\\\/#organizationLogo\"}},{\"@type\":\"Person\",\"@id\":\"https:\\\/\\\/eldigitaldeasturias.com\\\/magazine365\\\/author\\\/admin\\\/#author\",\"url\":\"https:\\\/\\\/eldigitaldeasturias.com\\\/magazine365\\\/author\\\/admin\\\/\",\"name\":\"admin\",\"image\":{\"@type\":\"ImageObject\",\"@id\":\"https:\\\/\\\/eldigitaldeasturias.com\\\/magazine365\\\/vueling-busca-400-tripulantes-de-cabina\\\/#authorImage\",\"url\":\"https:\\\/\\\/eldigitaldeasturias.com\\\/magazine365\\\/wp-content\\\/litespeed\\\/avatar\\\/e571bcf59a0edd6fa6838245a470f2fe.jpg?ver=1776969259\",\"width\":96,\"height\":96,\"caption\":\"admin\"}},{\"@type\":\"WebPage\",\"@id\":\"https:\\\/\\\/eldigitaldeasturias.com\\\/magazine365\\\/vueling-busca-400-tripulantes-de-cabina\\\/#webpage\",\"url\":\"https:\\\/\\\/eldigitaldeasturias.com\\\/magazine365\\\/vueling-busca-400-tripulantes-de-cabina\\\/\",\"name\":\"Vueling busca 400 tripulantes de cabina | El Digital de Asturias\",\"description\":\"La compa\\u00f1\\u00eda a\\u00e9rea Vueling ha anunciado este viernes la apertura de una nueva convocatoria de tripulantes de cabina de pasajeros en Palma el pr\\u00f3ximo mi\\u00e9rcoles 15 de junio para hacer frente a la operativa de este verano en el que la aerol\\u00ednea operar\\u00e1 m\\u00e1s de 400 rutas. Seg\\u00fan ha se\\u00f1alado la empresa en un comunicado,\",\"inLanguage\":\"es-ES\",\"isPartOf\":{\"@id\":\"https:\\\/\\\/eldigitaldeasturias.com\\\/magazine365\\\/#website\"},\"breadcrumb\":{\"@id\":\"https:\\\/\\\/eldigitaldeasturias.com\\\/magazine365\\\/vueling-busca-400-tripulantes-de-cabina\\\/#breadcrumblist\"},\"author\":{\"@id\":\"https:\\\/\\\/eldigitaldeasturias.com\\\/magazine365\\\/author\\\/admin\\\/#author\"},\"creator\":{\"@id\":\"https:\\\/\\\/eldigitaldeasturias.com\\\/magazine365\\\/author\\\/admin\\\/#author\"},\"image\":{\"@type\":\"ImageObject\",\"url\":\"https:\\\/\\\/eldigitaldeasturias.com\\\/magazine365\\\/wp-content\\\/uploads\\\/2016\\\/06\\\/fotonoticia_20160610122311_800.jpg\",\"@id\":\"https:\\\/\\\/eldigitaldeasturias.com\\\/magazine365\\\/vueling-busca-400-tripulantes-de-cabina\\\/#mainImage\",\"width\":800,\"height\":531},\"primaryImageOfPage\":{\"@id\":\"https:\\\/\\\/eldigitaldeasturias.com\\\/magazine365\\\/vueling-busca-400-tripulantes-de-cabina\\\/#mainImage\"},\"datePublished\":\"2016-06-10T15:57:10+02:00\",\"dateModified\":\"2016-06-10T15:57:10+02:00\"},{\"@type\":\"WebSite\",\"@id\":\"https:\\\/\\\/eldigitaldeasturias.com\\\/magazine365\\\/#website\",\"url\":\"https:\\\/\\\/eldigitaldeasturias.com\\\/magazine365\\\/\",\"name\":\"El Digital de Asturias\",\"description\":\"Revista de ocio, turismo y estilo de vida\",\"inLanguage\":\"es-ES\",\"publisher\":{\"@id\":\"https:\\\/\\\/eldigitaldeasturias.com\\\/magazine365\\\/#organization\"}}]}\n\t\t<\/script>\n\t\t<!-- All in One SEO Pro -->\r\n\t\t<title>Vueling busca 400 tripulantes de cabina | El Digital de Asturias<\/title>\n\n","aioseo_head_json":{"title":"Vueling busca 400 tripulantes de cabina | El Digital de Asturias","description":"La compa\u00f1\u00eda a\u00e9rea Vueling ha anunciado este viernes la apertura de una nueva convocatoria de tripulantes de cabina de pasajeros en Palma el pr\u00f3ximo mi\u00e9rcoles 15 de junio para hacer frente a la operativa de este verano en el que la aerol\u00ednea operar\u00e1 m\u00e1s de 400 rutas. Seg\u00fan ha se\u00f1alado la empresa en un comunicado,","canonical_url":"https:\/\/eldigitaldeasturias.com\/magazine365\/vueling-busca-400-tripulantes-de-cabina\/","robots":"max-image-preview:large","keywords":"noticias y actualidad","webmasterTools":{"google-site-verification":"UA-38556648-1","miscellaneous":""},"schema":{"@context":"https:\/\/schema.org","@graph":[{"@type":"Article","@id":"https:\/\/eldigitaldeasturias.com\/magazine365\/vueling-busca-400-tripulantes-de-cabina\/#article","name":"Vueling busca 400 tripulantes de cabina | El Digital de Asturias","headline":"Vueling busca 400 tripulantes de cabina","author":{"@id":"https:\/\/eldigitaldeasturias.com\/magazine365\/author\/admin\/#author"},"publisher":{"@id":"https:\/\/eldigitaldeasturias.com\/magazine365\/#organization"},"image":{"@type":"ImageObject","url":"https:\/\/eldigitaldeasturias.com\/magazine365\/wp-content\/uploads\/2016\/06\/fotonoticia_20160610122311_800.jpg","width":800,"height":531},"datePublished":"2016-06-10T15:57:10+02:00","dateModified":"2016-06-10T15:57:10+02:00","inLanguage":"es-ES","mainEntityOfPage":{"@id":"https:\/\/eldigitaldeasturias.com\/magazine365\/vueling-busca-400-tripulantes-de-cabina\/#webpage"},"isPartOf":{"@id":"https:\/\/eldigitaldeasturias.com\/magazine365\/vueling-busca-400-tripulantes-de-cabina\/#webpage"},"articleSection":"Noticias y Actualidad"},{"@type":"BreadcrumbList","@id":"https:\/\/eldigitaldeasturias.com\/magazine365\/vueling-busca-400-tripulantes-de-cabina\/#breadcrumblist","itemListElement":[{"@type":"ListItem","@id":"https:\/\/eldigitaldeasturias.com\/magazine365#listItem","position":1,"name":"Home","item":"https:\/\/eldigitaldeasturias.com\/magazine365","nextItem":{"@type":"ListItem","@id":"https:\/\/eldigitaldeasturias.com\/magazine365\/category\/noticias-actualidad\/#listItem","name":"Noticias y Actualidad"}},{"@type":"ListItem","@id":"https:\/\/eldigitaldeasturias.com\/magazine365\/category\/noticias-actualidad\/#listItem","position":2,"name":"Noticias y Actualidad","item":"https:\/\/eldigitaldeasturias.com\/magazine365\/category\/noticias-actualidad\/","nextItem":{"@type":"ListItem","@id":"https:\/\/eldigitaldeasturias.com\/magazine365\/vueling-busca-400-tripulantes-de-cabina\/#listItem","name":"Vueling busca 400 tripulantes de cabina"},"previousItem":{"@type":"ListItem","@id":"https:\/\/eldigitaldeasturias.com\/magazine365#listItem","name":"Home"}},{"@type":"ListItem","@id":"https:\/\/eldigitaldeasturias.com\/magazine365\/vueling-busca-400-tripulantes-de-cabina\/#listItem","position":3,"name":"Vueling busca 400 tripulantes de cabina","previousItem":{"@type":"ListItem","@id":"https:\/\/eldigitaldeasturias.com\/magazine365\/category\/noticias-actualidad\/#listItem","name":"Noticias y Actualidad"}}]},{"@type":"Organization","@id":"https:\/\/eldigitaldeasturias.com\/magazine365\/#organization","name":"El digital de Asturias","description":"Revista de ocio, turismo y estilo de vida","url":"https:\/\/eldigitaldeasturias.com\/magazine365\/","logo":{"@type":"ImageObject","url":"https:\/\/www.eldigitaldeasturias.com\/noticias\/wp-content\/uploads\/2020\/12\/EDA.jpg","@id":"https:\/\/eldigitaldeasturias.com\/magazine365\/vueling-busca-400-tripulantes-de-cabina\/#organizationLogo"},"image":{"@id":"https:\/\/eldigitaldeasturias.com\/magazine365\/vueling-busca-400-tripulantes-de-cabina\/#organizationLogo"}},{"@type":"Person","@id":"https:\/\/eldigitaldeasturias.com\/magazine365\/author\/admin\/#author","url":"https:\/\/eldigitaldeasturias.com\/magazine365\/author\/admin\/","name":"admin","image":{"@type":"ImageObject","@id":"https:\/\/eldigitaldeasturias.com\/magazine365\/vueling-busca-400-tripulantes-de-cabina\/#authorImage","url":"https:\/\/eldigitaldeasturias.com\/magazine365\/wp-content\/litespeed\/avatar\/e571bcf59a0edd6fa6838245a470f2fe.jpg?ver=1776969259","width":96,"height":96,"caption":"admin"}},{"@type":"WebPage","@id":"https:\/\/eldigitaldeasturias.com\/magazine365\/vueling-busca-400-tripulantes-de-cabina\/#webpage","url":"https:\/\/eldigitaldeasturias.com\/magazine365\/vueling-busca-400-tripulantes-de-cabina\/","name":"Vueling busca 400 tripulantes de cabina | El Digital de Asturias","description":"La compa\u00f1\u00eda a\u00e9rea Vueling ha anunciado este viernes la apertura de una nueva convocatoria de tripulantes de cabina de pasajeros en Palma el pr\u00f3ximo mi\u00e9rcoles 15 de junio para hacer frente a la operativa de este verano en el que la aerol\u00ednea operar\u00e1 m\u00e1s de 400 rutas. Seg\u00fan ha se\u00f1alado la empresa en un comunicado,","inLanguage":"es-ES","isPartOf":{"@id":"https:\/\/eldigitaldeasturias.com\/magazine365\/#website"},"breadcrumb":{"@id":"https:\/\/eldigitaldeasturias.com\/magazine365\/vueling-busca-400-tripulantes-de-cabina\/#breadcrumblist"},"author":{"@id":"https:\/\/eldigitaldeasturias.com\/magazine365\/author\/admin\/#author"},"creator":{"@id":"https:\/\/eldigitaldeasturias.com\/magazine365\/author\/admin\/#author"},"image":{"@type":"ImageObject","url":"https:\/\/eldigitaldeasturias.com\/magazine365\/wp-content\/uploads\/2016\/06\/fotonoticia_20160610122311_800.jpg","@id":"https:\/\/eldigitaldeasturias.com\/magazine365\/vueling-busca-400-tripulantes-de-cabina\/#mainImage","width":800,"height":531},"primaryImageOfPage":{"@id":"https:\/\/eldigitaldeasturias.com\/magazine365\/vueling-busca-400-tripulantes-de-cabina\/#mainImage"},"datePublished":"2016-06-10T15:57:10+02:00","dateModified":"2016-06-10T15:57:10+02:00"},{"@type":"WebSite","@id":"https:\/\/eldigitaldeasturias.com\/magazine365\/#website","url":"https:\/\/eldigitaldeasturias.com\/magazine365\/","name":"El Digital de Asturias","description":"Revista de ocio, turismo y estilo de vida","inLanguage":"es-ES","publisher":{"@id":"https:\/\/eldigitaldeasturias.com\/magazine365\/#organization"}}]},"og:locale":"es_ES","og:site_name":"El Digital de Asturias \u2013 Revista de ocio, turismo y estilo de vida","og:type":"article","og:title":"Vueling busca 400 tripulantes de cabina | El Digital de Asturias","og:description":"La compa\u00f1\u00eda a\u00e9rea Vueling ha anunciado este viernes la apertura de una nueva convocatoria de tripulantes de cabina de pasajeros en Palma el pr\u00f3ximo mi\u00e9rcoles 15 de junio para hacer frente a la operativa de este verano en el que la aerol\u00ednea operar\u00e1 m\u00e1s de 400 rutas. Seg\u00fan ha se\u00f1alado la empresa en un comunicado,","og:url":"https:\/\/eldigitaldeasturias.com\/magazine365\/vueling-busca-400-tripulantes-de-cabina\/","og:image":"https:\/\/eldigitaldeasturias.com\/magazine365\/wp-content\/uploads\/2016\/06\/fotonoticia_20160610122311_800.jpg","og:image:secure_url":"https:\/\/eldigitaldeasturias.com\/magazine365\/wp-content\/uploads\/2016\/06\/fotonoticia_20160610122311_800.jpg","og:image:width":800,"og:image:height":531,"article:published_time":"2016-06-10T13:57:10+00:00","article:modified_time":"2016-06-10T13:57:10+00:00","twitter:card":"summary_large_image","twitter:title":"Vueling busca 400 tripulantes de cabina | El Digital de Asturias","twitter:description":"La compa\u00f1\u00eda a\u00e9rea Vueling ha anunciado este viernes la apertura de una nueva convocatoria de tripulantes de cabina de pasajeros en Palma el pr\u00f3ximo mi\u00e9rcoles 15 de junio para hacer frente a la operativa de este verano en el que la aerol\u00ednea operar\u00e1 m\u00e1s de 400 rutas. Seg\u00fan ha se\u00f1alado la empresa en un comunicado,","twitter:image":"https:\/\/eldigitaldeasturias.com\/magazine365\/wp-content\/uploads\/2016\/06\/fotonoticia_20160610122311_800.jpg"},"aioseo_meta_data":{"post_id":"78691","title":null,"description":null,"keywords":null,"keyphrases":null,"primary_term":null,"canonical_url":null,"og_title":null,"og_description":null,"og_object_type":"default","og_image_type":"default","og_image_url":null,"og_image_width":null,"og_image_height":null,"og_image_custom_url":null,"og_image_custom_fields":null,"og_video":null,"og_custom_url":null,"og_article_section":null,"og_article_tags":null,"twitter_use_og":false,"twitter_card":"default","twitter_image_type":"default","twitter_image_url":null,"twitter_image_custom_url":null,"twitter_image_custom_fields":null,"twitter_title":null,"twitter_description":null,"schema":{"blockGraphs":[],"customGraphs":[],"default":{"data":{"Article":[],"Course":[],"Dataset":[],"FAQPage":[],"Movie":[],"Person":[],"Product":[],"ProductReview":[],"Car":[],"Recipe":[],"Service":[],"SoftwareApplication":[],"WebPage":[]},"graphName":"","isEnabled":true},"graphs":[],"defaultGraph":"","defaultPostTypeGraph":""},"schema_type":null,"schema_type_options":null,"pillar_content":false,"robots_default":true,"robots_noindex":false,"robots_noarchive":false,"robots_nosnippet":false,"robots_nofollow":false,"robots_noimageindex":false,"robots_noodp":false,"robots_notranslate":false,"robots_max_snippet":null,"robots_max_videopreview":null,"robots_max_imagepreview":"large","priority":null,"frequency":null,"location":null,"local_seo":null,"seo_analyzer_scan_date":"2025-09-27 17:28:26","breadcrumb_settings":null,"limit_modified_date":false,"open_ai":null,"ai":null,"created":"2021-03-08 17:57:45","updated":"2025-09-27 17:28:26"},"aioseo_breadcrumb":"<div class=\"aioseo-breadcrumbs\"><span class=\"aioseo-breadcrumb\">\n\t<a href=\"https:\/\/eldigitaldeasturias.com\/magazine365\" title=\"Home\">Home<\/a>\n<\/span><span class=\"aioseo-breadcrumb-separator\">\u2013<\/span><span class=\"aioseo-breadcrumb\">\n\t<a href=\"https:\/\/eldigitaldeasturias.com\/magazine365\/category\/noticias-actualidad\/\" title=\"Noticias y Actualidad\">Noticias y Actualidad<\/a>\n<\/span><span class=\"aioseo-breadcrumb-separator\">\u2013<\/span><span class=\"aioseo-breadcrumb\">\n\t<a href=\"https:\/\/eldigitaldeasturias.com\/magazine365\/vueling-busca-400-tripulantes-de-cabina\/\" title=\"Vueling busca 400 tripulantes de cabina\">Vueling busca 400 tripulantes de cabina<\/a>\n<\/span><\/div>","aioseo_breadcrumb_json":[{"label":"Home","link":"https:\/\/eldigitaldeasturias.com\/magazine365"},{"label":"Noticias y Actualidad","link":"https:\/\/eldigitaldeasturias.com\/magazine365\/category\/noticias-actualidad\/"},{"label":"Vueling busca 400 tripulantes de cabina","link":"https:\/\/eldigitaldeasturias.com\/magazine365\/vueling-busca-400-tripulantes-de-cabina\/"}],"_links":{"self":[{"href":"https:\/\/eldigitaldeasturias.com\/magazine365\/wp-json\/wp\/v2\/posts\/78691","targetHints":{"allow":["GET"]}}],"collection":[{"href":"https:\/\/eldigitaldeasturias.com\/magazine365\/wp-json\/wp\/v2\/posts"}],"about":[{"href":"https:\/\/eldigitaldeasturias.com\/magazine365\/wp-json\/wp\/v2\/types\/post"}],"author":[{"embeddable":true,"href":"https:\/\/eldigitaldeasturias.com\/magazine365\/wp-json\/wp\/v2\/users\/1"}],"replies":[{"embeddable":true,"href":"https:\/\/eldigitaldeasturias.com\/magazine365\/wp-json\/wp\/v2\/comments?post=78691"}],"version-history":[{"count":0,"href":"https:\/\/eldigitaldeasturias.com\/magazine365\/wp-json\/wp\/v2\/posts\/78691\/revisions"}],"wp:featuredmedia":[{"embeddable":true,"href":"https:\/\/eldigitaldeasturias.com\/magazine365\/wp-json\/wp\/v2\/media\/78692"}],"wp:attachment":[{"href":"https:\/\/eldigitaldeasturias.com\/magazine365\/wp-json\/wp\/v2\/media?parent=78691"}],"wp:term":[{"taxonomy":"category","embeddable":true,"href":"https:\/\/eldigitaldeasturias.com\/magazine365\/wp-json\/wp\/v2\/categories?post=78691"},{"taxonomy":"post_tag","embeddable":true,"href":"https:\/\/eldigitaldeasturias.com\/magazine365\/wp-json\/wp\/v2\/tags?post=78691"}],"curies":[{"name":"wp","href":"https:\/\/api.w.org\/{rel}","templated":true}]}}