{"id":78688,"date":"2016-06-10T15:56:07","date_gmt":"2016-06-10T13:56:07","guid":{"rendered":"http:\/\/eldigitaldeasturias.com\/magazine365\/?p=78688"},"modified":"2016-06-10T15:56:07","modified_gmt":"2016-06-10T13:56:07","slug":"sas-reduce-un-792-sus-perdidas-en-el-primer-semestre-de-su-ejercicio","status":"publish","type":"post","link":"https:\/\/eldigitaldeasturias.com\/magazine365\/sas-reduce-un-792-sus-perdidas-en-el-primer-semestre-de-su-ejercicio\/","title":{"rendered":"SAS reduce un 79,2% sus p\u00e9rdidas en el primer semestre de su ejercicio"},"content":{"rendered":"<p><img fetchpriority=\"high\" decoding=\"async\" class=\"alignleft size-medium wp-image-78689\" src=\"https:\/\/eldigitaldeasturias.com\/magazine365\/wp-content\/uploads\/2016\/06\/fotonoticia_20160610122008_800-360x269.jpg\" alt=\"fotonoticia_20160610122008_800\" width=\"360\" height=\"269\" srcset=\"https:\/\/eldigitaldeasturias.com\/magazine365\/wp-content\/uploads\/2016\/06\/fotonoticia_20160610122008_800-360x269.jpg 360w, https:\/\/eldigitaldeasturias.com\/magazine365\/wp-content\/uploads\/2016\/06\/fotonoticia_20160610122008_800-650x485.jpg 650w, https:\/\/eldigitaldeasturias.com\/magazine365\/wp-content\/uploads\/2016\/06\/fotonoticia_20160610122008_800-768x573.jpg 768w, https:\/\/eldigitaldeasturias.com\/magazine365\/wp-content\/uploads\/2016\/06\/fotonoticia_20160610122008_800-150x112.jpg 150w, https:\/\/eldigitaldeasturias.com\/magazine365\/wp-content\/uploads\/2016\/06\/fotonoticia_20160610122008_800-450x336.jpg 450w, https:\/\/eldigitaldeasturias.com\/magazine365\/wp-content\/uploads\/2016\/06\/fotonoticia_20160610122008_800-90x67.jpg 90w, https:\/\/eldigitaldeasturias.com\/magazine365\/wp-content\/uploads\/2016\/06\/fotonoticia_20160610122008_800-164x124.jpg 164w, https:\/\/eldigitaldeasturias.com\/magazine365\/wp-content\/uploads\/2016\/06\/fotonoticia_20160610122008_800-100x75.jpg 100w, https:\/\/eldigitaldeasturias.com\/magazine365\/wp-content\/uploads\/2016\/06\/fotonoticia_20160610122008_800.jpg 800w\" sizes=\"(max-width: 360px) 100vw, 360px\" \/>La aerol\u00ednea escandinava SAS registr\u00f3 unas p\u00e9rdidas netas de 75 millones de coronas suecas (8,1 millones de euros) en el primer semestre de su ejercicio fiscal entre noviembre y abril, lo que supone una mejora del 79,2% respecto al mismo periodo de 2015, seg\u00fan inform\u00f3 la compa\u00f1\u00eda.<\/p>\n<p>La empresa registr\u00f3 unas p\u00e9rdidas brutas en ese periodo de 182 millones de coronas suecas (19,6 millones de euros) lo que supone reducir la cifra en el 62,2% respecto al periodo anterior.<\/p>\n<p>La cifra de negocio se situ\u00f3 en 17.191 millones de coronas suecas (1.851,2 millones de euros) un 3,3% menos respecto al mismo periodo del a\u00f1o precedente.<\/p>\n<p>En su segundo trimestre fiscal, que ocupa de febrero a abril, SAS gan\u00f3 171 millones de coronas (18,4 millones de euros), lo que supone un 31,5% menos que lo registrado un a\u00f1o antes.<\/p>\n<p>El resultado antes de impuestos se redujo un 64,2% hasta 127 millones de coronas (13,8 millones de euros) en el primer semestre en comparaci\u00f3n con el mismo periodo del a\u00f1o anterior.<\/p>\n<p>Por su parte, la facturaci\u00f3n en este periodo alcanz\u00f3 los 8.916 millones de coronas suecas (959,9 millones de euros), lo que equivale a un descenso del 5,2%.<\/p>\n<p>La deuda neta de la compa\u00f1\u00eda al 30 de abril de 2016 tiene un valor negativo de 1.182 millones de coronas suecas (127,2 millones de euros), frente a los datos positivos del mismo periodo del a\u00f1o anterior, cuando registraba 303 millones de coronas suecas (32,6 millones de euros).<\/p>\n<p>El presidente y consejero delegado de la compa\u00f1\u00eda, Rickard Gustafson, explic\u00f3 que a pesar de cerrar el segundo trimestre con resultados \u00abno satisfactorios\u00bb, destac\u00f3 el aumento de clientes que est\u00e1 optando por volar con SAS y que se refleja en el flujo de caja. Asimismo, se\u00f1al\u00f3 que los resultados son d\u00e9biles por aumento de la presi\u00f3n sobre los precios, los costes de mantenimiento t\u00e9cnico y los efectos negativos de la divisa.<\/p>\n<p>\u00abNuestra inversi\u00f3n en nuevas rutas de larga distancia es apreciada por nuestros clientes y, en general, el estado de las reservas para el verano parece estable. Al mismo tiempo, observamos que el panorama de la aviaci\u00f3n civil europea est\u00e1 en plena evoluci\u00f3n. Esta tendencia y el aumento de la sensiblemente de los precios de clientes plantea desaf\u00edos para la rentabilidad de la industria\u00bb, asegur\u00f3.<\/p>\n<p>PREV\u00c9 GANAR 75,4 MILLONES.<\/p>\n<p>Para el presente ejercicio esperan incrementar sus pasajeros un 5% y, con ello, conseguir que la competencia sea m\u00e1s \u00abintensa\u00bb. Asimismo, SAS se plantea aumentar un 25% la capacidad en sus rutas intercontinentales, debido a que ha fijado su crecimiento a trav\u00e9s del aumento de su flota para larga distancia y el aumento de sus recursos, por lo que aumentar\u00e1 la media en distancia de vuelo y, por lo tanto, el coste y el ingreso unitario ser\u00e1n inferiores durante este a\u00f1o fiscal.<\/p>\n<p>Por su parte, la aerol\u00ednea escandinava espera que estas medidas para incrementar su eficiencia le reporten ganancias por valor de 700 millones de coronas suecas (75,4 millones de euros) en el presente ejercicio y que las inversiones alcancen los 2.000 millones de coronas suecas (215,3 millones de euros).<\/p>\n","protected":false},"excerpt":{"rendered":"<p>La aerol\u00ednea escandinava SAS registr\u00f3 unas p\u00e9rdidas netas de 75 millones de coronas suecas (8,1 millones de euros) en el primer semestre de su ejercicio fiscal entre noviembre y abril, lo que supone una mejora del 79,2% respecto al mismo periodo de 2015, seg\u00fan inform\u00f3 la compa\u00f1\u00eda. La empresa registr\u00f3 unas p\u00e9rdidas brutas en ese<\/p>\n","protected":false},"author":1,"featured_media":78689,"comment_status":"open","ping_status":"closed","sticky":false,"template":"","format":"standard","meta":{"footnotes":""},"categories":[224],"tags":[],"class_list":{"0":"post-78688","1":"post","2":"type-post","3":"status-publish","4":"format-standard","5":"has-post-thumbnail","7":"category-noticias-actualidad"},"aioseo_notices":[],"aioseo_head":"\n\t\t<!-- All in One SEO Pro 4.9.6.1 - aioseo.com -->\n\t<meta name=\"description\" content=\"La aerol\u00ednea escandinava SAS registr\u00f3 unas p\u00e9rdidas netas de 75 millones de coronas suecas (8,1 millones de euros) en el primer semestre de su ejercicio fiscal entre noviembre y abril, lo que supone una mejora del 79,2% respecto al mismo periodo de 2015, seg\u00fan inform\u00f3 la compa\u00f1\u00eda. La empresa registr\u00f3 unas p\u00e9rdidas brutas en ese\" \/>\n\t<meta name=\"robots\" content=\"max-image-preview:large\" \/>\n\t<meta name=\"author\" content=\"admin\"\/>\n\t<meta name=\"google-site-verification\" content=\"UA-38556648-1\" \/>\n\t<meta name=\"keywords\" content=\"noticias y actualidad\" \/>\n\t<link rel=\"canonical\" href=\"https:\/\/eldigitaldeasturias.com\/magazine365\/sas-reduce-un-792-sus-perdidas-en-el-primer-semestre-de-su-ejercicio\/\" \/>\n\t<meta name=\"generator\" content=\"All in One SEO Pro (AIOSEO) 4.9.6.1\" \/>\n\t\t<meta property=\"og:locale\" content=\"es_ES\" \/>\n\t\t<meta property=\"og:site_name\" content=\"El Digital de Asturias \u2013 Revista de ocio, turismo y estilo de vida\" \/>\n\t\t<meta property=\"og:type\" content=\"article\" \/>\n\t\t<meta property=\"og:title\" content=\"SAS reduce un 79,2% sus p\u00e9rdidas en el primer semestre de su ejercicio | El Digital de Asturias\" \/>\n\t\t<meta property=\"og:description\" content=\"La aerol\u00ednea escandinava SAS registr\u00f3 unas p\u00e9rdidas netas de 75 millones de coronas suecas (8,1 millones de euros) en el primer semestre de su ejercicio fiscal entre noviembre y abril, lo que supone una mejora del 79,2% respecto al mismo periodo de 2015, seg\u00fan inform\u00f3 la compa\u00f1\u00eda. La empresa registr\u00f3 unas p\u00e9rdidas brutas en ese\" \/>\n\t\t<meta property=\"og:url\" content=\"https:\/\/eldigitaldeasturias.com\/magazine365\/sas-reduce-un-792-sus-perdidas-en-el-primer-semestre-de-su-ejercicio\/\" \/>\n\t\t<meta property=\"og:image\" content=\"https:\/\/eldigitaldeasturias.com\/magazine365\/wp-content\/uploads\/2016\/06\/fotonoticia_20160610122008_800.jpg\" \/>\n\t\t<meta property=\"og:image:secure_url\" content=\"https:\/\/eldigitaldeasturias.com\/magazine365\/wp-content\/uploads\/2016\/06\/fotonoticia_20160610122008_800.jpg\" \/>\n\t\t<meta property=\"og:image:width\" content=\"800\" \/>\n\t\t<meta property=\"og:image:height\" content=\"597\" \/>\n\t\t<meta property=\"article:published_time\" content=\"2016-06-10T13:56:07+00:00\" \/>\n\t\t<meta property=\"article:modified_time\" content=\"2016-06-10T13:56:07+00:00\" \/>\n\t\t<meta name=\"twitter:card\" content=\"summary_large_image\" \/>\n\t\t<meta name=\"twitter:title\" content=\"SAS reduce un 79,2% sus p\u00e9rdidas en el primer semestre de su ejercicio | El Digital de Asturias\" \/>\n\t\t<meta name=\"twitter:description\" content=\"La aerol\u00ednea escandinava SAS registr\u00f3 unas p\u00e9rdidas netas de 75 millones de coronas suecas (8,1 millones de euros) en el primer semestre de su ejercicio fiscal entre noviembre y abril, lo que supone una mejora del 79,2% respecto al mismo periodo de 2015, seg\u00fan inform\u00f3 la compa\u00f1\u00eda. La empresa registr\u00f3 unas p\u00e9rdidas brutas en ese\" \/>\n\t\t<meta name=\"twitter:image\" content=\"https:\/\/eldigitaldeasturias.com\/magazine365\/wp-content\/uploads\/2016\/06\/fotonoticia_20160610122008_800.jpg\" \/>\n\t\t<script type=\"application\/ld+json\" class=\"aioseo-schema\">\n\t\t\t{\"@context\":\"https:\\\/\\\/schema.org\",\"@graph\":[{\"@type\":\"Article\",\"@id\":\"https:\\\/\\\/eldigitaldeasturias.com\\\/magazine365\\\/sas-reduce-un-792-sus-perdidas-en-el-primer-semestre-de-su-ejercicio\\\/#article\",\"name\":\"SAS reduce un 79,2% sus p\\u00e9rdidas en el primer semestre de su ejercicio | El Digital de Asturias\",\"headline\":\"SAS reduce un 79,2% sus p\\u00e9rdidas en el primer semestre de su ejercicio\",\"author\":{\"@id\":\"https:\\\/\\\/eldigitaldeasturias.com\\\/magazine365\\\/author\\\/admin\\\/#author\"},\"publisher\":{\"@id\":\"https:\\\/\\\/eldigitaldeasturias.com\\\/magazine365\\\/#organization\"},\"image\":{\"@type\":\"ImageObject\",\"url\":\"https:\\\/\\\/eldigitaldeasturias.com\\\/magazine365\\\/wp-content\\\/uploads\\\/2016\\\/06\\\/fotonoticia_20160610122008_800.jpg\",\"width\":800,\"height\":597},\"datePublished\":\"2016-06-10T15:56:07+02:00\",\"dateModified\":\"2016-06-10T15:56:07+02:00\",\"inLanguage\":\"es-ES\",\"mainEntityOfPage\":{\"@id\":\"https:\\\/\\\/eldigitaldeasturias.com\\\/magazine365\\\/sas-reduce-un-792-sus-perdidas-en-el-primer-semestre-de-su-ejercicio\\\/#webpage\"},\"isPartOf\":{\"@id\":\"https:\\\/\\\/eldigitaldeasturias.com\\\/magazine365\\\/sas-reduce-un-792-sus-perdidas-en-el-primer-semestre-de-su-ejercicio\\\/#webpage\"},\"articleSection\":\"Noticias y Actualidad\"},{\"@type\":\"BreadcrumbList\",\"@id\":\"https:\\\/\\\/eldigitaldeasturias.com\\\/magazine365\\\/sas-reduce-un-792-sus-perdidas-en-el-primer-semestre-de-su-ejercicio\\\/#breadcrumblist\",\"itemListElement\":[{\"@type\":\"ListItem\",\"@id\":\"https:\\\/\\\/eldigitaldeasturias.com\\\/magazine365#listItem\",\"position\":1,\"name\":\"Home\",\"item\":\"https:\\\/\\\/eldigitaldeasturias.com\\\/magazine365\",\"nextItem\":{\"@type\":\"ListItem\",\"@id\":\"https:\\\/\\\/eldigitaldeasturias.com\\\/magazine365\\\/category\\\/noticias-actualidad\\\/#listItem\",\"name\":\"Noticias y Actualidad\"}},{\"@type\":\"ListItem\",\"@id\":\"https:\\\/\\\/eldigitaldeasturias.com\\\/magazine365\\\/category\\\/noticias-actualidad\\\/#listItem\",\"position\":2,\"name\":\"Noticias y Actualidad\",\"item\":\"https:\\\/\\\/eldigitaldeasturias.com\\\/magazine365\\\/category\\\/noticias-actualidad\\\/\",\"nextItem\":{\"@type\":\"ListItem\",\"@id\":\"https:\\\/\\\/eldigitaldeasturias.com\\\/magazine365\\\/sas-reduce-un-792-sus-perdidas-en-el-primer-semestre-de-su-ejercicio\\\/#listItem\",\"name\":\"SAS reduce un 79,2% sus p\\u00e9rdidas en el primer semestre de su ejercicio\"},\"previousItem\":{\"@type\":\"ListItem\",\"@id\":\"https:\\\/\\\/eldigitaldeasturias.com\\\/magazine365#listItem\",\"name\":\"Home\"}},{\"@type\":\"ListItem\",\"@id\":\"https:\\\/\\\/eldigitaldeasturias.com\\\/magazine365\\\/sas-reduce-un-792-sus-perdidas-en-el-primer-semestre-de-su-ejercicio\\\/#listItem\",\"position\":3,\"name\":\"SAS reduce un 79,2% sus p\\u00e9rdidas en el primer semestre de su ejercicio\",\"previousItem\":{\"@type\":\"ListItem\",\"@id\":\"https:\\\/\\\/eldigitaldeasturias.com\\\/magazine365\\\/category\\\/noticias-actualidad\\\/#listItem\",\"name\":\"Noticias y Actualidad\"}}]},{\"@type\":\"Organization\",\"@id\":\"https:\\\/\\\/eldigitaldeasturias.com\\\/magazine365\\\/#organization\",\"name\":\"El digital de Asturias\",\"description\":\"Revista de ocio, turismo y estilo de vida\",\"url\":\"https:\\\/\\\/eldigitaldeasturias.com\\\/magazine365\\\/\",\"logo\":{\"@type\":\"ImageObject\",\"url\":\"https:\\\/\\\/www.eldigitaldeasturias.com\\\/noticias\\\/wp-content\\\/uploads\\\/2020\\\/12\\\/EDA.jpg\",\"@id\":\"https:\\\/\\\/eldigitaldeasturias.com\\\/magazine365\\\/sas-reduce-un-792-sus-perdidas-en-el-primer-semestre-de-su-ejercicio\\\/#organizationLogo\"},\"image\":{\"@id\":\"https:\\\/\\\/eldigitaldeasturias.com\\\/magazine365\\\/sas-reduce-un-792-sus-perdidas-en-el-primer-semestre-de-su-ejercicio\\\/#organizationLogo\"}},{\"@type\":\"Person\",\"@id\":\"https:\\\/\\\/eldigitaldeasturias.com\\\/magazine365\\\/author\\\/admin\\\/#author\",\"url\":\"https:\\\/\\\/eldigitaldeasturias.com\\\/magazine365\\\/author\\\/admin\\\/\",\"name\":\"admin\",\"image\":{\"@type\":\"ImageObject\",\"@id\":\"https:\\\/\\\/eldigitaldeasturias.com\\\/magazine365\\\/sas-reduce-un-792-sus-perdidas-en-el-primer-semestre-de-su-ejercicio\\\/#authorImage\",\"url\":\"https:\\\/\\\/eldigitaldeasturias.com\\\/magazine365\\\/wp-content\\\/litespeed\\\/avatar\\\/e571bcf59a0edd6fa6838245a470f2fe.jpg?ver=1776969259\",\"width\":96,\"height\":96,\"caption\":\"admin\"}},{\"@type\":\"WebPage\",\"@id\":\"https:\\\/\\\/eldigitaldeasturias.com\\\/magazine365\\\/sas-reduce-un-792-sus-perdidas-en-el-primer-semestre-de-su-ejercicio\\\/#webpage\",\"url\":\"https:\\\/\\\/eldigitaldeasturias.com\\\/magazine365\\\/sas-reduce-un-792-sus-perdidas-en-el-primer-semestre-de-su-ejercicio\\\/\",\"name\":\"SAS reduce un 79,2% sus p\\u00e9rdidas en el primer semestre de su ejercicio | El Digital de Asturias\",\"description\":\"La aerol\\u00ednea escandinava SAS registr\\u00f3 unas p\\u00e9rdidas netas de 75 millones de coronas suecas (8,1 millones de euros) en el primer semestre de su ejercicio fiscal entre noviembre y abril, lo que supone una mejora del 79,2% respecto al mismo periodo de 2015, seg\\u00fan inform\\u00f3 la compa\\u00f1\\u00eda. La empresa registr\\u00f3 unas p\\u00e9rdidas brutas en ese\",\"inLanguage\":\"es-ES\",\"isPartOf\":{\"@id\":\"https:\\\/\\\/eldigitaldeasturias.com\\\/magazine365\\\/#website\"},\"breadcrumb\":{\"@id\":\"https:\\\/\\\/eldigitaldeasturias.com\\\/magazine365\\\/sas-reduce-un-792-sus-perdidas-en-el-primer-semestre-de-su-ejercicio\\\/#breadcrumblist\"},\"author\":{\"@id\":\"https:\\\/\\\/eldigitaldeasturias.com\\\/magazine365\\\/author\\\/admin\\\/#author\"},\"creator\":{\"@id\":\"https:\\\/\\\/eldigitaldeasturias.com\\\/magazine365\\\/author\\\/admin\\\/#author\"},\"image\":{\"@type\":\"ImageObject\",\"url\":\"https:\\\/\\\/eldigitaldeasturias.com\\\/magazine365\\\/wp-content\\\/uploads\\\/2016\\\/06\\\/fotonoticia_20160610122008_800.jpg\",\"@id\":\"https:\\\/\\\/eldigitaldeasturias.com\\\/magazine365\\\/sas-reduce-un-792-sus-perdidas-en-el-primer-semestre-de-su-ejercicio\\\/#mainImage\",\"width\":800,\"height\":597},\"primaryImageOfPage\":{\"@id\":\"https:\\\/\\\/eldigitaldeasturias.com\\\/magazine365\\\/sas-reduce-un-792-sus-perdidas-en-el-primer-semestre-de-su-ejercicio\\\/#mainImage\"},\"datePublished\":\"2016-06-10T15:56:07+02:00\",\"dateModified\":\"2016-06-10T15:56:07+02:00\"},{\"@type\":\"WebSite\",\"@id\":\"https:\\\/\\\/eldigitaldeasturias.com\\\/magazine365\\\/#website\",\"url\":\"https:\\\/\\\/eldigitaldeasturias.com\\\/magazine365\\\/\",\"name\":\"El Digital de Asturias\",\"description\":\"Revista de ocio, turismo y estilo de vida\",\"inLanguage\":\"es-ES\",\"publisher\":{\"@id\":\"https:\\\/\\\/eldigitaldeasturias.com\\\/magazine365\\\/#organization\"}}]}\n\t\t<\/script>\n\t\t<!-- All in One SEO Pro -->\r\n\t\t<title>SAS reduce un 79,2% sus p\u00e9rdidas en el primer semestre de su ejercicio | El Digital de Asturias<\/title>\n\n","aioseo_head_json":{"title":"SAS reduce un 79,2% sus p\u00e9rdidas en el primer semestre de su ejercicio | El Digital de Asturias","description":"La aerol\u00ednea escandinava SAS registr\u00f3 unas p\u00e9rdidas netas de 75 millones de coronas suecas (8,1 millones de euros) en el primer semestre de su ejercicio fiscal entre noviembre y abril, lo que supone una mejora del 79,2% respecto al mismo periodo de 2015, seg\u00fan inform\u00f3 la compa\u00f1\u00eda. La empresa registr\u00f3 unas p\u00e9rdidas brutas en ese","canonical_url":"https:\/\/eldigitaldeasturias.com\/magazine365\/sas-reduce-un-792-sus-perdidas-en-el-primer-semestre-de-su-ejercicio\/","robots":"max-image-preview:large","keywords":"noticias y actualidad","webmasterTools":{"google-site-verification":"UA-38556648-1","miscellaneous":""},"schema":{"@context":"https:\/\/schema.org","@graph":[{"@type":"Article","@id":"https:\/\/eldigitaldeasturias.com\/magazine365\/sas-reduce-un-792-sus-perdidas-en-el-primer-semestre-de-su-ejercicio\/#article","name":"SAS reduce un 79,2% sus p\u00e9rdidas en el primer semestre de su ejercicio | El Digital de Asturias","headline":"SAS reduce un 79,2% sus p\u00e9rdidas en el primer semestre de su ejercicio","author":{"@id":"https:\/\/eldigitaldeasturias.com\/magazine365\/author\/admin\/#author"},"publisher":{"@id":"https:\/\/eldigitaldeasturias.com\/magazine365\/#organization"},"image":{"@type":"ImageObject","url":"https:\/\/eldigitaldeasturias.com\/magazine365\/wp-content\/uploads\/2016\/06\/fotonoticia_20160610122008_800.jpg","width":800,"height":597},"datePublished":"2016-06-10T15:56:07+02:00","dateModified":"2016-06-10T15:56:07+02:00","inLanguage":"es-ES","mainEntityOfPage":{"@id":"https:\/\/eldigitaldeasturias.com\/magazine365\/sas-reduce-un-792-sus-perdidas-en-el-primer-semestre-de-su-ejercicio\/#webpage"},"isPartOf":{"@id":"https:\/\/eldigitaldeasturias.com\/magazine365\/sas-reduce-un-792-sus-perdidas-en-el-primer-semestre-de-su-ejercicio\/#webpage"},"articleSection":"Noticias y Actualidad"},{"@type":"BreadcrumbList","@id":"https:\/\/eldigitaldeasturias.com\/magazine365\/sas-reduce-un-792-sus-perdidas-en-el-primer-semestre-de-su-ejercicio\/#breadcrumblist","itemListElement":[{"@type":"ListItem","@id":"https:\/\/eldigitaldeasturias.com\/magazine365#listItem","position":1,"name":"Home","item":"https:\/\/eldigitaldeasturias.com\/magazine365","nextItem":{"@type":"ListItem","@id":"https:\/\/eldigitaldeasturias.com\/magazine365\/category\/noticias-actualidad\/#listItem","name":"Noticias y Actualidad"}},{"@type":"ListItem","@id":"https:\/\/eldigitaldeasturias.com\/magazine365\/category\/noticias-actualidad\/#listItem","position":2,"name":"Noticias y Actualidad","item":"https:\/\/eldigitaldeasturias.com\/magazine365\/category\/noticias-actualidad\/","nextItem":{"@type":"ListItem","@id":"https:\/\/eldigitaldeasturias.com\/magazine365\/sas-reduce-un-792-sus-perdidas-en-el-primer-semestre-de-su-ejercicio\/#listItem","name":"SAS reduce un 79,2% sus p\u00e9rdidas en el primer semestre de su ejercicio"},"previousItem":{"@type":"ListItem","@id":"https:\/\/eldigitaldeasturias.com\/magazine365#listItem","name":"Home"}},{"@type":"ListItem","@id":"https:\/\/eldigitaldeasturias.com\/magazine365\/sas-reduce-un-792-sus-perdidas-en-el-primer-semestre-de-su-ejercicio\/#listItem","position":3,"name":"SAS reduce un 79,2% sus p\u00e9rdidas en el primer semestre de su ejercicio","previousItem":{"@type":"ListItem","@id":"https:\/\/eldigitaldeasturias.com\/magazine365\/category\/noticias-actualidad\/#listItem","name":"Noticias y Actualidad"}}]},{"@type":"Organization","@id":"https:\/\/eldigitaldeasturias.com\/magazine365\/#organization","name":"El digital de Asturias","description":"Revista de ocio, turismo y estilo de vida","url":"https:\/\/eldigitaldeasturias.com\/magazine365\/","logo":{"@type":"ImageObject","url":"https:\/\/www.eldigitaldeasturias.com\/noticias\/wp-content\/uploads\/2020\/12\/EDA.jpg","@id":"https:\/\/eldigitaldeasturias.com\/magazine365\/sas-reduce-un-792-sus-perdidas-en-el-primer-semestre-de-su-ejercicio\/#organizationLogo"},"image":{"@id":"https:\/\/eldigitaldeasturias.com\/magazine365\/sas-reduce-un-792-sus-perdidas-en-el-primer-semestre-de-su-ejercicio\/#organizationLogo"}},{"@type":"Person","@id":"https:\/\/eldigitaldeasturias.com\/magazine365\/author\/admin\/#author","url":"https:\/\/eldigitaldeasturias.com\/magazine365\/author\/admin\/","name":"admin","image":{"@type":"ImageObject","@id":"https:\/\/eldigitaldeasturias.com\/magazine365\/sas-reduce-un-792-sus-perdidas-en-el-primer-semestre-de-su-ejercicio\/#authorImage","url":"https:\/\/eldigitaldeasturias.com\/magazine365\/wp-content\/litespeed\/avatar\/e571bcf59a0edd6fa6838245a470f2fe.jpg?ver=1776969259","width":96,"height":96,"caption":"admin"}},{"@type":"WebPage","@id":"https:\/\/eldigitaldeasturias.com\/magazine365\/sas-reduce-un-792-sus-perdidas-en-el-primer-semestre-de-su-ejercicio\/#webpage","url":"https:\/\/eldigitaldeasturias.com\/magazine365\/sas-reduce-un-792-sus-perdidas-en-el-primer-semestre-de-su-ejercicio\/","name":"SAS reduce un 79,2% sus p\u00e9rdidas en el primer semestre de su ejercicio | El Digital de Asturias","description":"La aerol\u00ednea escandinava SAS registr\u00f3 unas p\u00e9rdidas netas de 75 millones de coronas suecas (8,1 millones de euros) en el primer semestre de su ejercicio fiscal entre noviembre y abril, lo que supone una mejora del 79,2% respecto al mismo periodo de 2015, seg\u00fan inform\u00f3 la compa\u00f1\u00eda. La empresa registr\u00f3 unas p\u00e9rdidas brutas en ese","inLanguage":"es-ES","isPartOf":{"@id":"https:\/\/eldigitaldeasturias.com\/magazine365\/#website"},"breadcrumb":{"@id":"https:\/\/eldigitaldeasturias.com\/magazine365\/sas-reduce-un-792-sus-perdidas-en-el-primer-semestre-de-su-ejercicio\/#breadcrumblist"},"author":{"@id":"https:\/\/eldigitaldeasturias.com\/magazine365\/author\/admin\/#author"},"creator":{"@id":"https:\/\/eldigitaldeasturias.com\/magazine365\/author\/admin\/#author"},"image":{"@type":"ImageObject","url":"https:\/\/eldigitaldeasturias.com\/magazine365\/wp-content\/uploads\/2016\/06\/fotonoticia_20160610122008_800.jpg","@id":"https:\/\/eldigitaldeasturias.com\/magazine365\/sas-reduce-un-792-sus-perdidas-en-el-primer-semestre-de-su-ejercicio\/#mainImage","width":800,"height":597},"primaryImageOfPage":{"@id":"https:\/\/eldigitaldeasturias.com\/magazine365\/sas-reduce-un-792-sus-perdidas-en-el-primer-semestre-de-su-ejercicio\/#mainImage"},"datePublished":"2016-06-10T15:56:07+02:00","dateModified":"2016-06-10T15:56:07+02:00"},{"@type":"WebSite","@id":"https:\/\/eldigitaldeasturias.com\/magazine365\/#website","url":"https:\/\/eldigitaldeasturias.com\/magazine365\/","name":"El Digital de Asturias","description":"Revista de ocio, turismo y estilo de vida","inLanguage":"es-ES","publisher":{"@id":"https:\/\/eldigitaldeasturias.com\/magazine365\/#organization"}}]},"og:locale":"es_ES","og:site_name":"El Digital de Asturias \u2013 Revista de ocio, turismo y estilo de vida","og:type":"article","og:title":"SAS reduce un 79,2% sus p\u00e9rdidas en el primer semestre de su ejercicio | El Digital de Asturias","og:description":"La aerol\u00ednea escandinava SAS registr\u00f3 unas p\u00e9rdidas netas de 75 millones de coronas suecas (8,1 millones de euros) en el primer semestre de su ejercicio fiscal entre noviembre y abril, lo que supone una mejora del 79,2% respecto al mismo periodo de 2015, seg\u00fan inform\u00f3 la compa\u00f1\u00eda. La empresa registr\u00f3 unas p\u00e9rdidas brutas en ese","og:url":"https:\/\/eldigitaldeasturias.com\/magazine365\/sas-reduce-un-792-sus-perdidas-en-el-primer-semestre-de-su-ejercicio\/","og:image":"https:\/\/eldigitaldeasturias.com\/magazine365\/wp-content\/uploads\/2016\/06\/fotonoticia_20160610122008_800.jpg","og:image:secure_url":"https:\/\/eldigitaldeasturias.com\/magazine365\/wp-content\/uploads\/2016\/06\/fotonoticia_20160610122008_800.jpg","og:image:width":800,"og:image:height":597,"article:published_time":"2016-06-10T13:56:07+00:00","article:modified_time":"2016-06-10T13:56:07+00:00","twitter:card":"summary_large_image","twitter:title":"SAS reduce un 79,2% sus p\u00e9rdidas en el primer semestre de su ejercicio | El Digital de Asturias","twitter:description":"La aerol\u00ednea escandinava SAS registr\u00f3 unas p\u00e9rdidas netas de 75 millones de coronas suecas (8,1 millones de euros) en el primer semestre de su ejercicio fiscal entre noviembre y abril, lo que supone una mejora del 79,2% respecto al mismo periodo de 2015, seg\u00fan inform\u00f3 la compa\u00f1\u00eda. La empresa registr\u00f3 unas p\u00e9rdidas brutas en ese","twitter:image":"https:\/\/eldigitaldeasturias.com\/magazine365\/wp-content\/uploads\/2016\/06\/fotonoticia_20160610122008_800.jpg"},"aioseo_meta_data":{"post_id":"78688","title":null,"description":null,"keywords":null,"keyphrases":null,"primary_term":null,"canonical_url":null,"og_title":null,"og_description":null,"og_object_type":"default","og_image_type":"default","og_image_url":null,"og_image_width":null,"og_image_height":null,"og_image_custom_url":null,"og_image_custom_fields":null,"og_video":null,"og_custom_url":null,"og_article_section":null,"og_article_tags":null,"twitter_use_og":false,"twitter_card":"default","twitter_image_type":"default","twitter_image_url":null,"twitter_image_custom_url":null,"twitter_image_custom_fields":null,"twitter_title":null,"twitter_description":null,"schema":{"blockGraphs":[],"customGraphs":[],"default":{"data":{"Article":[],"Course":[],"Dataset":[],"FAQPage":[],"Movie":[],"Person":[],"Product":[],"ProductReview":[],"Car":[],"Recipe":[],"Service":[],"SoftwareApplication":[],"WebPage":[]},"graphName":"","isEnabled":true},"graphs":[],"defaultGraph":"","defaultPostTypeGraph":""},"schema_type":null,"schema_type_options":null,"pillar_content":false,"robots_default":true,"robots_noindex":false,"robots_noarchive":false,"robots_nosnippet":false,"robots_nofollow":false,"robots_noimageindex":false,"robots_noodp":false,"robots_notranslate":false,"robots_max_snippet":null,"robots_max_videopreview":null,"robots_max_imagepreview":"large","priority":null,"frequency":null,"location":null,"local_seo":null,"seo_analyzer_scan_date":"2025-09-27 17:28:23","breadcrumb_settings":null,"limit_modified_date":false,"open_ai":null,"ai":null,"created":"2021-03-08 17:57:45","updated":"2025-09-27 17:28:23"},"aioseo_breadcrumb":"<div class=\"aioseo-breadcrumbs\"><span class=\"aioseo-breadcrumb\">\n\t<a href=\"https:\/\/eldigitaldeasturias.com\/magazine365\" title=\"Home\">Home<\/a>\n<\/span><span class=\"aioseo-breadcrumb-separator\">\u2013<\/span><span class=\"aioseo-breadcrumb\">\n\t<a href=\"https:\/\/eldigitaldeasturias.com\/magazine365\/category\/noticias-actualidad\/\" title=\"Noticias y Actualidad\">Noticias y Actualidad<\/a>\n<\/span><span class=\"aioseo-breadcrumb-separator\">\u2013<\/span><span class=\"aioseo-breadcrumb\">\n\t<a href=\"https:\/\/eldigitaldeasturias.com\/magazine365\/sas-reduce-un-792-sus-perdidas-en-el-primer-semestre-de-su-ejercicio\/\" title=\"SAS reduce un 79,2% sus p\u00e9rdidas en el primer semestre de su ejercicio\">SAS reduce un 79,2% sus p\u00e9rdidas en el primer semestre de su ejercicio<\/a>\n<\/span><\/div>","aioseo_breadcrumb_json":[{"label":"Home","link":"https:\/\/eldigitaldeasturias.com\/magazine365"},{"label":"Noticias y Actualidad","link":"https:\/\/eldigitaldeasturias.com\/magazine365\/category\/noticias-actualidad\/"},{"label":"SAS reduce un 79,2% sus p\u00e9rdidas en el primer semestre de su ejercicio","link":"https:\/\/eldigitaldeasturias.com\/magazine365\/sas-reduce-un-792-sus-perdidas-en-el-primer-semestre-de-su-ejercicio\/"}],"_links":{"self":[{"href":"https:\/\/eldigitaldeasturias.com\/magazine365\/wp-json\/wp\/v2\/posts\/78688","targetHints":{"allow":["GET"]}}],"collection":[{"href":"https:\/\/eldigitaldeasturias.com\/magazine365\/wp-json\/wp\/v2\/posts"}],"about":[{"href":"https:\/\/eldigitaldeasturias.com\/magazine365\/wp-json\/wp\/v2\/types\/post"}],"author":[{"embeddable":true,"href":"https:\/\/eldigitaldeasturias.com\/magazine365\/wp-json\/wp\/v2\/users\/1"}],"replies":[{"embeddable":true,"href":"https:\/\/eldigitaldeasturias.com\/magazine365\/wp-json\/wp\/v2\/comments?post=78688"}],"version-history":[{"count":0,"href":"https:\/\/eldigitaldeasturias.com\/magazine365\/wp-json\/wp\/v2\/posts\/78688\/revisions"}],"wp:featuredmedia":[{"embeddable":true,"href":"https:\/\/eldigitaldeasturias.com\/magazine365\/wp-json\/wp\/v2\/media\/78689"}],"wp:attachment":[{"href":"https:\/\/eldigitaldeasturias.com\/magazine365\/wp-json\/wp\/v2\/media?parent=78688"}],"wp:term":[{"taxonomy":"category","embeddable":true,"href":"https:\/\/eldigitaldeasturias.com\/magazine365\/wp-json\/wp\/v2\/categories?post=78688"},{"taxonomy":"post_tag","embeddable":true,"href":"https:\/\/eldigitaldeasturias.com\/magazine365\/wp-json\/wp\/v2\/tags?post=78688"}],"curies":[{"name":"wp","href":"https:\/\/api.w.org\/{rel}","templated":true}]}}