{"id":78682,"date":"2016-06-10T15:54:25","date_gmt":"2016-06-10T13:54:25","guid":{"rendered":"http:\/\/eldigitaldeasturias.com\/magazine365\/?p=78682"},"modified":"2016-06-10T15:54:25","modified_gmt":"2016-06-10T13:54:25","slug":"un-total-de-17-trenes-ave-de-sevilla-y-malaga-hacia-madrid-afectados-por-la-huelga-de-maquinistas-en-renfe","status":"publish","type":"post","link":"https:\/\/eldigitaldeasturias.com\/magazine365\/un-total-de-17-trenes-ave-de-sevilla-y-malaga-hacia-madrid-afectados-por-la-huelga-de-maquinistas-en-renfe\/","title":{"rendered":"Un total de 17 trenes AVE de Sevilla y M\u00e1laga hacia Madrid, afectados por la huelga de maquinistas en Renfe"},"content":{"rendered":"<p><img fetchpriority=\"high\" decoding=\"async\" class=\"alignleft size-medium wp-image-78683\" src=\"https:\/\/eldigitaldeasturias.com\/magazine365\/wp-content\/uploads\/2016\/06\/fotonoticia_20160610121543_800-360x243.jpg\" alt=\"fotonoticia_20160610121543_800\" width=\"360\" height=\"243\" srcset=\"https:\/\/eldigitaldeasturias.com\/magazine365\/wp-content\/uploads\/2016\/06\/fotonoticia_20160610121543_800-360x243.jpg 360w, https:\/\/eldigitaldeasturias.com\/magazine365\/wp-content\/uploads\/2016\/06\/fotonoticia_20160610121543_800-650x438.jpg 650w, https:\/\/eldigitaldeasturias.com\/magazine365\/wp-content\/uploads\/2016\/06\/fotonoticia_20160610121543_800-768x517.jpg 768w, https:\/\/eldigitaldeasturias.com\/magazine365\/wp-content\/uploads\/2016\/06\/fotonoticia_20160610121543_800-150x101.jpg 150w, https:\/\/eldigitaldeasturias.com\/magazine365\/wp-content\/uploads\/2016\/06\/fotonoticia_20160610121543_800-450x303.jpg 450w, https:\/\/eldigitaldeasturias.com\/magazine365\/wp-content\/uploads\/2016\/06\/fotonoticia_20160610121543_800.jpg 800w\" sizes=\"(max-width: 360px) 100vw, 360px\" \/>Un total de 17 trenes de alta velocidad que conectan Sevilla y M\u00e1laga con Madrid se ven afectados este viernes por la jornada de huelga convocada por el sindicato de maquinistas Semaf, seg\u00fan han indicado a Europa Press fuentes de Renfe, que recuerdan que tambi\u00e9n se ven afectados, seg\u00fan los servicios m\u00ednimos, el 35% de trenes de Media Distancia (regionales) y el 50% de Cercan\u00edas, porcentaje que baja al 25% de trenes afectados en las &#8216;horas punta&#8217;.<\/p>\n<p>En concreto, este viernes deber\u00edan circular 38 trenes AVE Sevilla-Madrid &#8211;tanto de ida como de vuelta&#8211;, pero se ven afectados por la huelga nueve trenes a lo largo de este viernes.<\/p>\n<p>En cuanto a los AVE M\u00e1laga-Madrid y sus inversos, para el viernes est\u00e1n programados 26 trenes, pero de esos se ven afectados por la huelga ocho trenes.<\/p>\n<p>Las fuentes han resaltado que en Andaluc\u00eda la huelga \u00abse desarrolla con normalidad\u00bb, toda vez que \u00abse est\u00e1n cumpliendo los servicios m\u00ednimos establecidos por el Ministerio de Fomento\u00bb.<\/p>\n<p>Renfe ha recordado a los viajeros que \u00abse informen a trav\u00e9s de los diferentes canales de la situaci\u00f3n de los trenes, sobre todo si tiene comprado con antelaci\u00f3n el billete, por conocer si su tren este afectado por la huelga\u00bb.<\/p>\n<p>As\u00ed, han apuntado que Renfe \u00abest\u00e1 informando a trav\u00e9s de redes sociales, en la &#8216;web&#8217;, en estaciones y por tel\u00e9fono\u00bb.<\/p>\n<p>Han indicado que, en el caso de que su tren se viera afectado, el viajero \u00abpuede optar por cambiarlo para otra hora o d\u00eda o anularlo, todo ello sin coste alguno\u00bb.<\/p>\n<p>El nueve por ciento de los maquinistas de Renfe ha secundado en el turno de noche, que ha concluido a las ocho de la ma\u00f1ana, la primera de las cuatro jornadas de huelga convocada por el sindicato de maquinistas Semaf, seg\u00fan indicaron a Europa Press en fuentes de la compa\u00f1\u00eda ferroviaria.<\/p>\n<p>SERVICIOS M\u00cdNIMOS.<\/p>\n<p>Los servicios m\u00ednimos decretados por el Ministerio de Fomento ante los paros garantizan la circulaci\u00f3n del 72% de los trenes AVE y Larga Distancia habitualmente programados. En el caso de los trenes de Media Distancia (regionales), se asegura la salida del 65% de la oferta.<\/p>\n<p>En el servicio de Cercan\u00edas, circular\u00e1n el 50% de los trenes, porcentaje que se eleva hasta el 75% en las &#8216;horas punta&#8217; (entre 6.00 y 9.00 horas, entre las 13.30 y las 15.30 horas y entre las 18.30 y las 20.30 horas).<\/p>\n<p>LA HUELGA.<\/p>\n<p>El sindicato de maquinistas Semaf ha convocado cuatro jornadas de paros tras no alcanzarse un acuerdo en la \u00faltima reuni\u00f3n que la compa\u00f1\u00eda y el sindicato mantuvieron hasta la \u00faltima hora de la noche de este jueves, seg\u00fan informaron a Europa Press en fuentes de Semaf.<\/p>\n<p>Adem\u00e1s de la jornada de huelga de este viernes, la convocatoria contempla paros de 24 horas para este domingo 12 de junio, el martes 14 y el jueves 16 de junio.<\/p>\n<p>Con estas huelgas, los maquinistas pretenden manifestar su protesta por la demora que Renfe acumula en la puesta en marcha de varias medidas pactadas con los sindicatos. Entre ellas figura el plan de empleo, por el que se pretende habilitar un sistema de salidas voluntarias de trabajadores de la empresa ligadas a nuevas incorporaciones.<\/p>\n<p>Los maquinistas tambi\u00e9n protestan por la situaci\u00f3n del negocio de transporte de mercanc\u00edas en tren y por la disminuci\u00f3n de servicios de v\u00eda estrecha heredados de la extinta Feve.<\/p>\n","protected":false},"excerpt":{"rendered":"<p>Un total de 17 trenes de alta velocidad que conectan Sevilla y M\u00e1laga con Madrid se ven afectados este viernes por la jornada de huelga convocada por el sindicato de maquinistas Semaf, seg\u00fan han indicado a Europa Press fuentes de Renfe, que recuerdan que tambi\u00e9n se ven afectados, seg\u00fan los servicios m\u00ednimos, el 35% de<\/p>\n","protected":false},"author":1,"featured_media":78683,"comment_status":"open","ping_status":"closed","sticky":false,"template":"","format":"standard","meta":{"footnotes":""},"categories":[224],"tags":[],"class_list":{"0":"post-78682","1":"post","2":"type-post","3":"status-publish","4":"format-standard","5":"has-post-thumbnail","7":"category-noticias-actualidad"},"aioseo_notices":[],"aioseo_head":"\n\t\t<!-- All in One SEO Pro 4.9.6.1 - aioseo.com -->\n\t<meta name=\"description\" content=\"Un total de 17 trenes de alta velocidad que conectan Sevilla y M\u00e1laga con Madrid se ven afectados este viernes por la jornada de huelga convocada por el sindicato de maquinistas Semaf, seg\u00fan han indicado a Europa Press fuentes de Renfe, que recuerdan que tambi\u00e9n se ven afectados, seg\u00fan los servicios m\u00ednimos, el 35% de\" \/>\n\t<meta name=\"robots\" content=\"max-image-preview:large\" \/>\n\t<meta name=\"author\" content=\"admin\"\/>\n\t<meta name=\"google-site-verification\" content=\"UA-38556648-1\" \/>\n\t<meta name=\"keywords\" content=\"noticias y actualidad\" \/>\n\t<link rel=\"canonical\" href=\"https:\/\/eldigitaldeasturias.com\/magazine365\/un-total-de-17-trenes-ave-de-sevilla-y-malaga-hacia-madrid-afectados-por-la-huelga-de-maquinistas-en-renfe\/\" \/>\n\t<meta name=\"generator\" content=\"All in One SEO Pro (AIOSEO) 4.9.6.1\" \/>\n\t\t<meta property=\"og:locale\" content=\"es_ES\" \/>\n\t\t<meta property=\"og:site_name\" content=\"El Digital de Asturias \u2013 Revista de ocio, turismo y estilo de vida\" \/>\n\t\t<meta property=\"og:type\" content=\"article\" \/>\n\t\t<meta property=\"og:title\" content=\"Un total de 17 trenes AVE de Sevilla y M\u00e1laga hacia Madrid, afectados por la huelga de maquinistas en Renfe | El Digital de Asturias\" \/>\n\t\t<meta property=\"og:description\" content=\"Un total de 17 trenes de alta velocidad que conectan Sevilla y M\u00e1laga con Madrid se ven afectados este viernes por la jornada de huelga convocada por el sindicato de maquinistas Semaf, seg\u00fan han indicado a Europa Press fuentes de Renfe, que recuerdan que tambi\u00e9n se ven afectados, seg\u00fan los servicios m\u00ednimos, el 35% de\" \/>\n\t\t<meta property=\"og:url\" content=\"https:\/\/eldigitaldeasturias.com\/magazine365\/un-total-de-17-trenes-ave-de-sevilla-y-malaga-hacia-madrid-afectados-por-la-huelga-de-maquinistas-en-renfe\/\" \/>\n\t\t<meta property=\"og:image\" content=\"https:\/\/eldigitaldeasturias.com\/magazine365\/wp-content\/uploads\/2016\/06\/fotonoticia_20160610121543_800.jpg\" \/>\n\t\t<meta property=\"og:image:secure_url\" content=\"https:\/\/eldigitaldeasturias.com\/magazine365\/wp-content\/uploads\/2016\/06\/fotonoticia_20160610121543_800.jpg\" \/>\n\t\t<meta property=\"og:image:width\" content=\"800\" \/>\n\t\t<meta property=\"og:image:height\" content=\"539\" \/>\n\t\t<meta property=\"article:published_time\" content=\"2016-06-10T13:54:25+00:00\" \/>\n\t\t<meta property=\"article:modified_time\" content=\"2016-06-10T13:54:25+00:00\" \/>\n\t\t<meta name=\"twitter:card\" content=\"summary_large_image\" \/>\n\t\t<meta name=\"twitter:title\" content=\"Un total de 17 trenes AVE de Sevilla y M\u00e1laga hacia Madrid, afectados por la huelga de maquinistas en Renfe | El Digital de Asturias\" \/>\n\t\t<meta name=\"twitter:description\" content=\"Un total de 17 trenes de alta velocidad que conectan Sevilla y M\u00e1laga con Madrid se ven afectados este viernes por la jornada de huelga convocada por el sindicato de maquinistas Semaf, seg\u00fan han indicado a Europa Press fuentes de Renfe, que recuerdan que tambi\u00e9n se ven afectados, seg\u00fan los servicios m\u00ednimos, el 35% de\" \/>\n\t\t<meta name=\"twitter:image\" content=\"https:\/\/eldigitaldeasturias.com\/magazine365\/wp-content\/uploads\/2016\/06\/fotonoticia_20160610121543_800.jpg\" \/>\n\t\t<script type=\"application\/ld+json\" class=\"aioseo-schema\">\n\t\t\t{\"@context\":\"https:\\\/\\\/schema.org\",\"@graph\":[{\"@type\":\"Article\",\"@id\":\"https:\\\/\\\/eldigitaldeasturias.com\\\/magazine365\\\/un-total-de-17-trenes-ave-de-sevilla-y-malaga-hacia-madrid-afectados-por-la-huelga-de-maquinistas-en-renfe\\\/#article\",\"name\":\"Un total de 17 trenes AVE de Sevilla y M\\u00e1laga hacia Madrid, afectados por la huelga de maquinistas en Renfe | El Digital de Asturias\",\"headline\":\"Un total de 17 trenes AVE de Sevilla y M\\u00e1laga hacia Madrid, afectados por la huelga de maquinistas en Renfe\",\"author\":{\"@id\":\"https:\\\/\\\/eldigitaldeasturias.com\\\/magazine365\\\/author\\\/admin\\\/#author\"},\"publisher\":{\"@id\":\"https:\\\/\\\/eldigitaldeasturias.com\\\/magazine365\\\/#organization\"},\"image\":{\"@type\":\"ImageObject\",\"url\":\"https:\\\/\\\/eldigitaldeasturias.com\\\/magazine365\\\/wp-content\\\/uploads\\\/2016\\\/06\\\/fotonoticia_20160610121543_800.jpg\",\"width\":800,\"height\":539},\"datePublished\":\"2016-06-10T15:54:25+02:00\",\"dateModified\":\"2016-06-10T15:54:25+02:00\",\"inLanguage\":\"es-ES\",\"mainEntityOfPage\":{\"@id\":\"https:\\\/\\\/eldigitaldeasturias.com\\\/magazine365\\\/un-total-de-17-trenes-ave-de-sevilla-y-malaga-hacia-madrid-afectados-por-la-huelga-de-maquinistas-en-renfe\\\/#webpage\"},\"isPartOf\":{\"@id\":\"https:\\\/\\\/eldigitaldeasturias.com\\\/magazine365\\\/un-total-de-17-trenes-ave-de-sevilla-y-malaga-hacia-madrid-afectados-por-la-huelga-de-maquinistas-en-renfe\\\/#webpage\"},\"articleSection\":\"Noticias y Actualidad\"},{\"@type\":\"BreadcrumbList\",\"@id\":\"https:\\\/\\\/eldigitaldeasturias.com\\\/magazine365\\\/un-total-de-17-trenes-ave-de-sevilla-y-malaga-hacia-madrid-afectados-por-la-huelga-de-maquinistas-en-renfe\\\/#breadcrumblist\",\"itemListElement\":[{\"@type\":\"ListItem\",\"@id\":\"https:\\\/\\\/eldigitaldeasturias.com\\\/magazine365#listItem\",\"position\":1,\"name\":\"Home\",\"item\":\"https:\\\/\\\/eldigitaldeasturias.com\\\/magazine365\",\"nextItem\":{\"@type\":\"ListItem\",\"@id\":\"https:\\\/\\\/eldigitaldeasturias.com\\\/magazine365\\\/category\\\/noticias-actualidad\\\/#listItem\",\"name\":\"Noticias y Actualidad\"}},{\"@type\":\"ListItem\",\"@id\":\"https:\\\/\\\/eldigitaldeasturias.com\\\/magazine365\\\/category\\\/noticias-actualidad\\\/#listItem\",\"position\":2,\"name\":\"Noticias y Actualidad\",\"item\":\"https:\\\/\\\/eldigitaldeasturias.com\\\/magazine365\\\/category\\\/noticias-actualidad\\\/\",\"nextItem\":{\"@type\":\"ListItem\",\"@id\":\"https:\\\/\\\/eldigitaldeasturias.com\\\/magazine365\\\/un-total-de-17-trenes-ave-de-sevilla-y-malaga-hacia-madrid-afectados-por-la-huelga-de-maquinistas-en-renfe\\\/#listItem\",\"name\":\"Un total de 17 trenes AVE de Sevilla y M\\u00e1laga hacia Madrid, afectados por la huelga de maquinistas en Renfe\"},\"previousItem\":{\"@type\":\"ListItem\",\"@id\":\"https:\\\/\\\/eldigitaldeasturias.com\\\/magazine365#listItem\",\"name\":\"Home\"}},{\"@type\":\"ListItem\",\"@id\":\"https:\\\/\\\/eldigitaldeasturias.com\\\/magazine365\\\/un-total-de-17-trenes-ave-de-sevilla-y-malaga-hacia-madrid-afectados-por-la-huelga-de-maquinistas-en-renfe\\\/#listItem\",\"position\":3,\"name\":\"Un total de 17 trenes AVE de Sevilla y M\\u00e1laga hacia Madrid, afectados por la huelga de maquinistas en Renfe\",\"previousItem\":{\"@type\":\"ListItem\",\"@id\":\"https:\\\/\\\/eldigitaldeasturias.com\\\/magazine365\\\/category\\\/noticias-actualidad\\\/#listItem\",\"name\":\"Noticias y Actualidad\"}}]},{\"@type\":\"Organization\",\"@id\":\"https:\\\/\\\/eldigitaldeasturias.com\\\/magazine365\\\/#organization\",\"name\":\"El digital de Asturias\",\"description\":\"Revista de ocio, turismo y estilo de vida\",\"url\":\"https:\\\/\\\/eldigitaldeasturias.com\\\/magazine365\\\/\",\"logo\":{\"@type\":\"ImageObject\",\"url\":\"https:\\\/\\\/www.eldigitaldeasturias.com\\\/noticias\\\/wp-content\\\/uploads\\\/2020\\\/12\\\/EDA.jpg\",\"@id\":\"https:\\\/\\\/eldigitaldeasturias.com\\\/magazine365\\\/un-total-de-17-trenes-ave-de-sevilla-y-malaga-hacia-madrid-afectados-por-la-huelga-de-maquinistas-en-renfe\\\/#organizationLogo\"},\"image\":{\"@id\":\"https:\\\/\\\/eldigitaldeasturias.com\\\/magazine365\\\/un-total-de-17-trenes-ave-de-sevilla-y-malaga-hacia-madrid-afectados-por-la-huelga-de-maquinistas-en-renfe\\\/#organizationLogo\"}},{\"@type\":\"Person\",\"@id\":\"https:\\\/\\\/eldigitaldeasturias.com\\\/magazine365\\\/author\\\/admin\\\/#author\",\"url\":\"https:\\\/\\\/eldigitaldeasturias.com\\\/magazine365\\\/author\\\/admin\\\/\",\"name\":\"admin\",\"image\":{\"@type\":\"ImageObject\",\"@id\":\"https:\\\/\\\/eldigitaldeasturias.com\\\/magazine365\\\/un-total-de-17-trenes-ave-de-sevilla-y-malaga-hacia-madrid-afectados-por-la-huelga-de-maquinistas-en-renfe\\\/#authorImage\",\"url\":\"https:\\\/\\\/eldigitaldeasturias.com\\\/magazine365\\\/wp-content\\\/litespeed\\\/avatar\\\/e571bcf59a0edd6fa6838245a470f2fe.jpg?ver=1776969259\",\"width\":96,\"height\":96,\"caption\":\"admin\"}},{\"@type\":\"WebPage\",\"@id\":\"https:\\\/\\\/eldigitaldeasturias.com\\\/magazine365\\\/un-total-de-17-trenes-ave-de-sevilla-y-malaga-hacia-madrid-afectados-por-la-huelga-de-maquinistas-en-renfe\\\/#webpage\",\"url\":\"https:\\\/\\\/eldigitaldeasturias.com\\\/magazine365\\\/un-total-de-17-trenes-ave-de-sevilla-y-malaga-hacia-madrid-afectados-por-la-huelga-de-maquinistas-en-renfe\\\/\",\"name\":\"Un total de 17 trenes AVE de Sevilla y M\\u00e1laga hacia Madrid, afectados por la huelga de maquinistas en Renfe | El Digital de Asturias\",\"description\":\"Un total de 17 trenes de alta velocidad que conectan Sevilla y M\\u00e1laga con Madrid se ven afectados este viernes por la jornada de huelga convocada por el sindicato de maquinistas Semaf, seg\\u00fan han indicado a Europa Press fuentes de Renfe, que recuerdan que tambi\\u00e9n se ven afectados, seg\\u00fan los servicios m\\u00ednimos, el 35% de\",\"inLanguage\":\"es-ES\",\"isPartOf\":{\"@id\":\"https:\\\/\\\/eldigitaldeasturias.com\\\/magazine365\\\/#website\"},\"breadcrumb\":{\"@id\":\"https:\\\/\\\/eldigitaldeasturias.com\\\/magazine365\\\/un-total-de-17-trenes-ave-de-sevilla-y-malaga-hacia-madrid-afectados-por-la-huelga-de-maquinistas-en-renfe\\\/#breadcrumblist\"},\"author\":{\"@id\":\"https:\\\/\\\/eldigitaldeasturias.com\\\/magazine365\\\/author\\\/admin\\\/#author\"},\"creator\":{\"@id\":\"https:\\\/\\\/eldigitaldeasturias.com\\\/magazine365\\\/author\\\/admin\\\/#author\"},\"image\":{\"@type\":\"ImageObject\",\"url\":\"https:\\\/\\\/eldigitaldeasturias.com\\\/magazine365\\\/wp-content\\\/uploads\\\/2016\\\/06\\\/fotonoticia_20160610121543_800.jpg\",\"@id\":\"https:\\\/\\\/eldigitaldeasturias.com\\\/magazine365\\\/un-total-de-17-trenes-ave-de-sevilla-y-malaga-hacia-madrid-afectados-por-la-huelga-de-maquinistas-en-renfe\\\/#mainImage\",\"width\":800,\"height\":539},\"primaryImageOfPage\":{\"@id\":\"https:\\\/\\\/eldigitaldeasturias.com\\\/magazine365\\\/un-total-de-17-trenes-ave-de-sevilla-y-malaga-hacia-madrid-afectados-por-la-huelga-de-maquinistas-en-renfe\\\/#mainImage\"},\"datePublished\":\"2016-06-10T15:54:25+02:00\",\"dateModified\":\"2016-06-10T15:54:25+02:00\"},{\"@type\":\"WebSite\",\"@id\":\"https:\\\/\\\/eldigitaldeasturias.com\\\/magazine365\\\/#website\",\"url\":\"https:\\\/\\\/eldigitaldeasturias.com\\\/magazine365\\\/\",\"name\":\"El Digital de Asturias\",\"description\":\"Revista de ocio, turismo y estilo de vida\",\"inLanguage\":\"es-ES\",\"publisher\":{\"@id\":\"https:\\\/\\\/eldigitaldeasturias.com\\\/magazine365\\\/#organization\"}}]}\n\t\t<\/script>\n\t\t<!-- All in One SEO Pro -->\r\n\t\t<title>Un total de 17 trenes AVE de Sevilla y M\u00e1laga hacia Madrid, afectados por la huelga de maquinistas en Renfe | El Digital de Asturias<\/title>\n\n","aioseo_head_json":{"title":"Un total de 17 trenes AVE de Sevilla y M\u00e1laga hacia Madrid, afectados por la huelga de maquinistas en Renfe | El Digital de Asturias","description":"Un total de 17 trenes de alta velocidad que conectan Sevilla y M\u00e1laga con Madrid se ven afectados este viernes por la jornada de huelga convocada por el sindicato de maquinistas Semaf, seg\u00fan han indicado a Europa Press fuentes de Renfe, que recuerdan que tambi\u00e9n se ven afectados, seg\u00fan los servicios m\u00ednimos, el 35% de","canonical_url":"https:\/\/eldigitaldeasturias.com\/magazine365\/un-total-de-17-trenes-ave-de-sevilla-y-malaga-hacia-madrid-afectados-por-la-huelga-de-maquinistas-en-renfe\/","robots":"max-image-preview:large","keywords":"noticias y actualidad","webmasterTools":{"google-site-verification":"UA-38556648-1","miscellaneous":""},"schema":{"@context":"https:\/\/schema.org","@graph":[{"@type":"Article","@id":"https:\/\/eldigitaldeasturias.com\/magazine365\/un-total-de-17-trenes-ave-de-sevilla-y-malaga-hacia-madrid-afectados-por-la-huelga-de-maquinistas-en-renfe\/#article","name":"Un total de 17 trenes AVE de Sevilla y M\u00e1laga hacia Madrid, afectados por la huelga de maquinistas en Renfe | El Digital de Asturias","headline":"Un total de 17 trenes AVE de Sevilla y M\u00e1laga hacia Madrid, afectados por la huelga de maquinistas en Renfe","author":{"@id":"https:\/\/eldigitaldeasturias.com\/magazine365\/author\/admin\/#author"},"publisher":{"@id":"https:\/\/eldigitaldeasturias.com\/magazine365\/#organization"},"image":{"@type":"ImageObject","url":"https:\/\/eldigitaldeasturias.com\/magazine365\/wp-content\/uploads\/2016\/06\/fotonoticia_20160610121543_800.jpg","width":800,"height":539},"datePublished":"2016-06-10T15:54:25+02:00","dateModified":"2016-06-10T15:54:25+02:00","inLanguage":"es-ES","mainEntityOfPage":{"@id":"https:\/\/eldigitaldeasturias.com\/magazine365\/un-total-de-17-trenes-ave-de-sevilla-y-malaga-hacia-madrid-afectados-por-la-huelga-de-maquinistas-en-renfe\/#webpage"},"isPartOf":{"@id":"https:\/\/eldigitaldeasturias.com\/magazine365\/un-total-de-17-trenes-ave-de-sevilla-y-malaga-hacia-madrid-afectados-por-la-huelga-de-maquinistas-en-renfe\/#webpage"},"articleSection":"Noticias y Actualidad"},{"@type":"BreadcrumbList","@id":"https:\/\/eldigitaldeasturias.com\/magazine365\/un-total-de-17-trenes-ave-de-sevilla-y-malaga-hacia-madrid-afectados-por-la-huelga-de-maquinistas-en-renfe\/#breadcrumblist","itemListElement":[{"@type":"ListItem","@id":"https:\/\/eldigitaldeasturias.com\/magazine365#listItem","position":1,"name":"Home","item":"https:\/\/eldigitaldeasturias.com\/magazine365","nextItem":{"@type":"ListItem","@id":"https:\/\/eldigitaldeasturias.com\/magazine365\/category\/noticias-actualidad\/#listItem","name":"Noticias y Actualidad"}},{"@type":"ListItem","@id":"https:\/\/eldigitaldeasturias.com\/magazine365\/category\/noticias-actualidad\/#listItem","position":2,"name":"Noticias y Actualidad","item":"https:\/\/eldigitaldeasturias.com\/magazine365\/category\/noticias-actualidad\/","nextItem":{"@type":"ListItem","@id":"https:\/\/eldigitaldeasturias.com\/magazine365\/un-total-de-17-trenes-ave-de-sevilla-y-malaga-hacia-madrid-afectados-por-la-huelga-de-maquinistas-en-renfe\/#listItem","name":"Un total de 17 trenes AVE de Sevilla y M\u00e1laga hacia Madrid, afectados por la huelga de maquinistas en Renfe"},"previousItem":{"@type":"ListItem","@id":"https:\/\/eldigitaldeasturias.com\/magazine365#listItem","name":"Home"}},{"@type":"ListItem","@id":"https:\/\/eldigitaldeasturias.com\/magazine365\/un-total-de-17-trenes-ave-de-sevilla-y-malaga-hacia-madrid-afectados-por-la-huelga-de-maquinistas-en-renfe\/#listItem","position":3,"name":"Un total de 17 trenes AVE de Sevilla y M\u00e1laga hacia Madrid, afectados por la huelga de maquinistas en Renfe","previousItem":{"@type":"ListItem","@id":"https:\/\/eldigitaldeasturias.com\/magazine365\/category\/noticias-actualidad\/#listItem","name":"Noticias y Actualidad"}}]},{"@type":"Organization","@id":"https:\/\/eldigitaldeasturias.com\/magazine365\/#organization","name":"El digital de Asturias","description":"Revista de ocio, turismo y estilo de vida","url":"https:\/\/eldigitaldeasturias.com\/magazine365\/","logo":{"@type":"ImageObject","url":"https:\/\/www.eldigitaldeasturias.com\/noticias\/wp-content\/uploads\/2020\/12\/EDA.jpg","@id":"https:\/\/eldigitaldeasturias.com\/magazine365\/un-total-de-17-trenes-ave-de-sevilla-y-malaga-hacia-madrid-afectados-por-la-huelga-de-maquinistas-en-renfe\/#organizationLogo"},"image":{"@id":"https:\/\/eldigitaldeasturias.com\/magazine365\/un-total-de-17-trenes-ave-de-sevilla-y-malaga-hacia-madrid-afectados-por-la-huelga-de-maquinistas-en-renfe\/#organizationLogo"}},{"@type":"Person","@id":"https:\/\/eldigitaldeasturias.com\/magazine365\/author\/admin\/#author","url":"https:\/\/eldigitaldeasturias.com\/magazine365\/author\/admin\/","name":"admin","image":{"@type":"ImageObject","@id":"https:\/\/eldigitaldeasturias.com\/magazine365\/un-total-de-17-trenes-ave-de-sevilla-y-malaga-hacia-madrid-afectados-por-la-huelga-de-maquinistas-en-renfe\/#authorImage","url":"https:\/\/eldigitaldeasturias.com\/magazine365\/wp-content\/litespeed\/avatar\/e571bcf59a0edd6fa6838245a470f2fe.jpg?ver=1776969259","width":96,"height":96,"caption":"admin"}},{"@type":"WebPage","@id":"https:\/\/eldigitaldeasturias.com\/magazine365\/un-total-de-17-trenes-ave-de-sevilla-y-malaga-hacia-madrid-afectados-por-la-huelga-de-maquinistas-en-renfe\/#webpage","url":"https:\/\/eldigitaldeasturias.com\/magazine365\/un-total-de-17-trenes-ave-de-sevilla-y-malaga-hacia-madrid-afectados-por-la-huelga-de-maquinistas-en-renfe\/","name":"Un total de 17 trenes AVE de Sevilla y M\u00e1laga hacia Madrid, afectados por la huelga de maquinistas en Renfe | El Digital de Asturias","description":"Un total de 17 trenes de alta velocidad que conectan Sevilla y M\u00e1laga con Madrid se ven afectados este viernes por la jornada de huelga convocada por el sindicato de maquinistas Semaf, seg\u00fan han indicado a Europa Press fuentes de Renfe, que recuerdan que tambi\u00e9n se ven afectados, seg\u00fan los servicios m\u00ednimos, el 35% de","inLanguage":"es-ES","isPartOf":{"@id":"https:\/\/eldigitaldeasturias.com\/magazine365\/#website"},"breadcrumb":{"@id":"https:\/\/eldigitaldeasturias.com\/magazine365\/un-total-de-17-trenes-ave-de-sevilla-y-malaga-hacia-madrid-afectados-por-la-huelga-de-maquinistas-en-renfe\/#breadcrumblist"},"author":{"@id":"https:\/\/eldigitaldeasturias.com\/magazine365\/author\/admin\/#author"},"creator":{"@id":"https:\/\/eldigitaldeasturias.com\/magazine365\/author\/admin\/#author"},"image":{"@type":"ImageObject","url":"https:\/\/eldigitaldeasturias.com\/magazine365\/wp-content\/uploads\/2016\/06\/fotonoticia_20160610121543_800.jpg","@id":"https:\/\/eldigitaldeasturias.com\/magazine365\/un-total-de-17-trenes-ave-de-sevilla-y-malaga-hacia-madrid-afectados-por-la-huelga-de-maquinistas-en-renfe\/#mainImage","width":800,"height":539},"primaryImageOfPage":{"@id":"https:\/\/eldigitaldeasturias.com\/magazine365\/un-total-de-17-trenes-ave-de-sevilla-y-malaga-hacia-madrid-afectados-por-la-huelga-de-maquinistas-en-renfe\/#mainImage"},"datePublished":"2016-06-10T15:54:25+02:00","dateModified":"2016-06-10T15:54:25+02:00"},{"@type":"WebSite","@id":"https:\/\/eldigitaldeasturias.com\/magazine365\/#website","url":"https:\/\/eldigitaldeasturias.com\/magazine365\/","name":"El Digital de Asturias","description":"Revista de ocio, turismo y estilo de vida","inLanguage":"es-ES","publisher":{"@id":"https:\/\/eldigitaldeasturias.com\/magazine365\/#organization"}}]},"og:locale":"es_ES","og:site_name":"El Digital de Asturias \u2013 Revista de ocio, turismo y estilo de vida","og:type":"article","og:title":"Un total de 17 trenes AVE de Sevilla y M\u00e1laga hacia Madrid, afectados por la huelga de maquinistas en Renfe | El Digital de Asturias","og:description":"Un total de 17 trenes de alta velocidad que conectan Sevilla y M\u00e1laga con Madrid se ven afectados este viernes por la jornada de huelga convocada por el sindicato de maquinistas Semaf, seg\u00fan han indicado a Europa Press fuentes de Renfe, que recuerdan que tambi\u00e9n se ven afectados, seg\u00fan los servicios m\u00ednimos, el 35% de","og:url":"https:\/\/eldigitaldeasturias.com\/magazine365\/un-total-de-17-trenes-ave-de-sevilla-y-malaga-hacia-madrid-afectados-por-la-huelga-de-maquinistas-en-renfe\/","og:image":"https:\/\/eldigitaldeasturias.com\/magazine365\/wp-content\/uploads\/2016\/06\/fotonoticia_20160610121543_800.jpg","og:image:secure_url":"https:\/\/eldigitaldeasturias.com\/magazine365\/wp-content\/uploads\/2016\/06\/fotonoticia_20160610121543_800.jpg","og:image:width":800,"og:image:height":539,"article:published_time":"2016-06-10T13:54:25+00:00","article:modified_time":"2016-06-10T13:54:25+00:00","twitter:card":"summary_large_image","twitter:title":"Un total de 17 trenes AVE de Sevilla y M\u00e1laga hacia Madrid, afectados por la huelga de maquinistas en Renfe | El Digital de Asturias","twitter:description":"Un total de 17 trenes de alta velocidad que conectan Sevilla y M\u00e1laga con Madrid se ven afectados este viernes por la jornada de huelga convocada por el sindicato de maquinistas Semaf, seg\u00fan han indicado a Europa Press fuentes de Renfe, que recuerdan que tambi\u00e9n se ven afectados, seg\u00fan los servicios m\u00ednimos, el 35% de","twitter:image":"https:\/\/eldigitaldeasturias.com\/magazine365\/wp-content\/uploads\/2016\/06\/fotonoticia_20160610121543_800.jpg"},"aioseo_meta_data":{"post_id":"78682","title":null,"description":null,"keywords":null,"keyphrases":null,"primary_term":null,"canonical_url":null,"og_title":null,"og_description":null,"og_object_type":"default","og_image_type":"default","og_image_url":null,"og_image_width":null,"og_image_height":null,"og_image_custom_url":null,"og_image_custom_fields":null,"og_video":null,"og_custom_url":null,"og_article_section":null,"og_article_tags":null,"twitter_use_og":false,"twitter_card":"default","twitter_image_type":"default","twitter_image_url":null,"twitter_image_custom_url":null,"twitter_image_custom_fields":null,"twitter_title":null,"twitter_description":null,"schema":{"blockGraphs":[],"customGraphs":[],"default":{"data":{"Article":[],"Course":[],"Dataset":[],"FAQPage":[],"Movie":[],"Person":[],"Product":[],"ProductReview":[],"Car":[],"Recipe":[],"Service":[],"SoftwareApplication":[],"WebPage":[]},"graphName":"","isEnabled":true},"graphs":[]},"schema_type":null,"schema_type_options":null,"pillar_content":false,"robots_default":true,"robots_noindex":false,"robots_noarchive":false,"robots_nosnippet":false,"robots_nofollow":false,"robots_noimageindex":false,"robots_noodp":false,"robots_notranslate":false,"robots_max_snippet":null,"robots_max_videopreview":null,"robots_max_imagepreview":"large","priority":null,"frequency":null,"location":null,"local_seo":null,"seo_analyzer_scan_date":"2025-09-27 17:26:56","breadcrumb_settings":null,"limit_modified_date":false,"open_ai":null,"ai":null,"created":"2021-03-08 17:57:45","updated":"2025-09-27 17:26:56"},"aioseo_breadcrumb":"<div class=\"aioseo-breadcrumbs\"><span class=\"aioseo-breadcrumb\">\n\t<a href=\"https:\/\/eldigitaldeasturias.com\/magazine365\" title=\"Home\">Home<\/a>\n<\/span><span class=\"aioseo-breadcrumb-separator\">\u2013<\/span><span class=\"aioseo-breadcrumb\">\n\t<a href=\"https:\/\/eldigitaldeasturias.com\/magazine365\/category\/noticias-actualidad\/\" title=\"Noticias y Actualidad\">Noticias y Actualidad<\/a>\n<\/span><span class=\"aioseo-breadcrumb-separator\">\u2013<\/span><span class=\"aioseo-breadcrumb\">\n\t<a href=\"https:\/\/eldigitaldeasturias.com\/magazine365\/un-total-de-17-trenes-ave-de-sevilla-y-malaga-hacia-madrid-afectados-por-la-huelga-de-maquinistas-en-renfe\/\" title=\"Un total de 17 trenes AVE de Sevilla y M\u00e1laga hacia Madrid, afectados por la huelga de maquinistas en Renfe\">Un total de 17 trenes AVE de Sevilla y M\u00e1laga hacia Madrid, afectados por la huelga de maquinistas en Renfe<\/a>\n<\/span><\/div>","aioseo_breadcrumb_json":[{"label":"Home","link":"https:\/\/eldigitaldeasturias.com\/magazine365"},{"label":"Noticias y Actualidad","link":"https:\/\/eldigitaldeasturias.com\/magazine365\/category\/noticias-actualidad\/"},{"label":"Un total de 17 trenes AVE de Sevilla y M\u00e1laga hacia Madrid, afectados por la huelga de maquinistas en Renfe","link":"https:\/\/eldigitaldeasturias.com\/magazine365\/un-total-de-17-trenes-ave-de-sevilla-y-malaga-hacia-madrid-afectados-por-la-huelga-de-maquinistas-en-renfe\/"}],"_links":{"self":[{"href":"https:\/\/eldigitaldeasturias.com\/magazine365\/wp-json\/wp\/v2\/posts\/78682","targetHints":{"allow":["GET"]}}],"collection":[{"href":"https:\/\/eldigitaldeasturias.com\/magazine365\/wp-json\/wp\/v2\/posts"}],"about":[{"href":"https:\/\/eldigitaldeasturias.com\/magazine365\/wp-json\/wp\/v2\/types\/post"}],"author":[{"embeddable":true,"href":"https:\/\/eldigitaldeasturias.com\/magazine365\/wp-json\/wp\/v2\/users\/1"}],"replies":[{"embeddable":true,"href":"https:\/\/eldigitaldeasturias.com\/magazine365\/wp-json\/wp\/v2\/comments?post=78682"}],"version-history":[{"count":0,"href":"https:\/\/eldigitaldeasturias.com\/magazine365\/wp-json\/wp\/v2\/posts\/78682\/revisions"}],"wp:featuredmedia":[{"embeddable":true,"href":"https:\/\/eldigitaldeasturias.com\/magazine365\/wp-json\/wp\/v2\/media\/78683"}],"wp:attachment":[{"href":"https:\/\/eldigitaldeasturias.com\/magazine365\/wp-json\/wp\/v2\/media?parent=78682"}],"wp:term":[{"taxonomy":"category","embeddable":true,"href":"https:\/\/eldigitaldeasturias.com\/magazine365\/wp-json\/wp\/v2\/categories?post=78682"},{"taxonomy":"post_tag","embeddable":true,"href":"https:\/\/eldigitaldeasturias.com\/magazine365\/wp-json\/wp\/v2\/tags?post=78682"}],"curies":[{"name":"wp","href":"https:\/\/api.w.org\/{rel}","templated":true}]}}