{"id":78659,"date":"2016-06-10T15:47:37","date_gmt":"2016-06-10T13:47:37","guid":{"rendered":"http:\/\/eldigitaldeasturias.com\/magazine365\/?p=78659"},"modified":"2016-06-10T15:47:37","modified_gmt":"2016-06-10T13:47:37","slug":"renfe-afronta-hoy-la-primera-de-las-cuatro-jornadas-de-huelga-convocadas-por-los-maquinistas","status":"publish","type":"post","link":"https:\/\/eldigitaldeasturias.com\/magazine365\/renfe-afronta-hoy-la-primera-de-las-cuatro-jornadas-de-huelga-convocadas-por-los-maquinistas\/","title":{"rendered":"Renfe afronta hoy la primera de las cuatro jornadas de huelga convocadas por los maquinistas"},"content":{"rendered":"<p><img fetchpriority=\"high\" decoding=\"async\" class=\"alignleft size-medium wp-image-78660\" src=\"https:\/\/eldigitaldeasturias.com\/magazine365\/wp-content\/uploads\/2016\/06\/fotonoticia_20160610092845_800-360x243.jpg\" alt=\"fotonoticia_20160610092845_800\" width=\"360\" height=\"243\" srcset=\"https:\/\/eldigitaldeasturias.com\/magazine365\/wp-content\/uploads\/2016\/06\/fotonoticia_20160610092845_800-360x243.jpg 360w, https:\/\/eldigitaldeasturias.com\/magazine365\/wp-content\/uploads\/2016\/06\/fotonoticia_20160610092845_800-650x438.jpg 650w, https:\/\/eldigitaldeasturias.com\/magazine365\/wp-content\/uploads\/2016\/06\/fotonoticia_20160610092845_800-768x517.jpg 768w, https:\/\/eldigitaldeasturias.com\/magazine365\/wp-content\/uploads\/2016\/06\/fotonoticia_20160610092845_800-150x101.jpg 150w, https:\/\/eldigitaldeasturias.com\/magazine365\/wp-content\/uploads\/2016\/06\/fotonoticia_20160610092845_800-450x303.jpg 450w, https:\/\/eldigitaldeasturias.com\/magazine365\/wp-content\/uploads\/2016\/06\/fotonoticia_20160610092845_800.jpg 800w\" sizes=\"(max-width: 360px) 100vw, 360px\" \/>El 9% de los maquinistas de Renfe ha secundado en el turno de noche, que ha concluido a las ocho de la ma\u00f1ana, la primera de las cuatro jornadas de huelga convocada por el sindicato de maquinistas Semaf, seg\u00fan indicaron a Europa Press en fuentes de la compa\u00f1\u00eda ferroviaria.<\/p>\n<p>Durante el primer turno de la jornada, las mismas fuentes indicaron que no se han producido grandes incidencias, m\u00e1s all\u00e1 de los retrasos l\u00f3gicos debido a los maquinistas que han ejercido su derecho a huelga, salvo en el caso del n\u00facleo de Valencia, donde se han inclumplido el 25% de los servicios m\u00ednimos.<\/p>\n<p>En este caso, Renfe ha puesto a disposici\u00f3n de los clientes servicios alternativos como autobuses y en algunos trayectos se est\u00e1 doblando la periodicidad de los trenes para evitar mayores molestias a los pasajeros.<\/p>\n<p>El sindicato de maquinistas Semaf ha convocado cuatro jornadas de paros tras no alcanzarse un acuerdo en la \u00faltima reuni\u00f3n que la compa\u00f1\u00eda y el sindicato mantuvieron hasta la \u00faltima hora de la noche de este jueves, seg\u00fan informaron a Europa Press en fuentes de Semaf.<\/p>\n<p>Adem\u00e1s de la jornada de huelga de este viernes, la convocatoria contempla paros de 24 horas para este domingo 12 de junio, el martes 14 y el jueves 16 de junio.<\/p>\n<p>Con estas huelgas, los maquinistas pretenden manifestar su protesta por la demora que Renfe acumula en la puesta en marcha de varias medidas pactadas con los sindicatos. Entre ellas figura el plan de empleo, por el que se pretende habilitar un sistema de salidas voluntarias de trabajadores de la empresa ligadas a nuevas incorporaciones.<\/p>\n<p>Los maquinistas tambi\u00e9n protestan por la situaci\u00f3n del negocio de transporte de mercanc\u00edas en tren y por la disminuci\u00f3n de servicios de v\u00eda estrecha heredados de la extinta Feve.<\/p>\n<p>SERVICIOS M\u00cdNIMOS.<\/p>\n<p>Los servicios m\u00ednimos decretados por el Ministerio de Fomento ante los paros garantizan la circulaci\u00f3n del 72% de los trenes AVE y Larga Distancia habitualmente programados. En el caso de los trenes de Media Distancia (regionales), se asegura la salida del 65% de la oferta.<\/p>\n<p>En el servicio de Cercan\u00edas, circular\u00e1n el 50% de los trenes, porcentaje que se eleva hasta el 75% en las &#8216;horas punta&#8217; (entre 6.00 y 9.00 horas, entre las 13.30 y las 15.30 horas y entre las 18.30 y las 20.30 horas).<\/p>\n","protected":false},"excerpt":{"rendered":"<p>El 9% de los maquinistas de Renfe ha secundado en el turno de noche, que ha concluido a las ocho de la ma\u00f1ana, la primera de las cuatro jornadas de huelga convocada por el sindicato de maquinistas Semaf, seg\u00fan indicaron a Europa Press en fuentes de la compa\u00f1\u00eda ferroviaria. Durante el primer turno de la<\/p>\n","protected":false},"author":1,"featured_media":78660,"comment_status":"open","ping_status":"closed","sticky":false,"template":"","format":"standard","meta":{"footnotes":""},"categories":[224],"tags":[],"class_list":{"0":"post-78659","1":"post","2":"type-post","3":"status-publish","4":"format-standard","5":"has-post-thumbnail","7":"category-noticias-actualidad"},"aioseo_notices":[],"aioseo_head":"\n\t\t<!-- All in One SEO Pro 4.9.6.1 - aioseo.com -->\n\t<meta name=\"description\" content=\"El 9% de los maquinistas de Renfe ha secundado en el turno de noche, que ha concluido a las ocho de la ma\u00f1ana, la primera de las cuatro jornadas de huelga convocada por el sindicato de maquinistas Semaf, seg\u00fan indicaron a Europa Press en fuentes de la compa\u00f1\u00eda ferroviaria. Durante el primer turno de la\" \/>\n\t<meta name=\"robots\" content=\"max-image-preview:large\" \/>\n\t<meta name=\"author\" content=\"admin\"\/>\n\t<meta name=\"google-site-verification\" content=\"UA-38556648-1\" \/>\n\t<meta name=\"keywords\" content=\"noticias y actualidad\" \/>\n\t<link rel=\"canonical\" href=\"https:\/\/eldigitaldeasturias.com\/magazine365\/renfe-afronta-hoy-la-primera-de-las-cuatro-jornadas-de-huelga-convocadas-por-los-maquinistas\/\" \/>\n\t<meta name=\"generator\" content=\"All in One SEO Pro (AIOSEO) 4.9.6.1\" \/>\n\t\t<meta property=\"og:locale\" content=\"es_ES\" \/>\n\t\t<meta property=\"og:site_name\" content=\"El Digital de Asturias \u2013 Revista de ocio, turismo y estilo de vida\" \/>\n\t\t<meta property=\"og:type\" content=\"article\" \/>\n\t\t<meta property=\"og:title\" content=\"Renfe afronta hoy la primera de las cuatro jornadas de huelga convocadas por los maquinistas | El Digital de Asturias\" \/>\n\t\t<meta property=\"og:description\" content=\"El 9% de los maquinistas de Renfe ha secundado en el turno de noche, que ha concluido a las ocho de la ma\u00f1ana, la primera de las cuatro jornadas de huelga convocada por el sindicato de maquinistas Semaf, seg\u00fan indicaron a Europa Press en fuentes de la compa\u00f1\u00eda ferroviaria. Durante el primer turno de la\" \/>\n\t\t<meta property=\"og:url\" content=\"https:\/\/eldigitaldeasturias.com\/magazine365\/renfe-afronta-hoy-la-primera-de-las-cuatro-jornadas-de-huelga-convocadas-por-los-maquinistas\/\" \/>\n\t\t<meta property=\"og:image\" content=\"https:\/\/eldigitaldeasturias.com\/magazine365\/wp-content\/uploads\/2016\/06\/fotonoticia_20160610092845_800.jpg\" \/>\n\t\t<meta property=\"og:image:secure_url\" content=\"https:\/\/eldigitaldeasturias.com\/magazine365\/wp-content\/uploads\/2016\/06\/fotonoticia_20160610092845_800.jpg\" \/>\n\t\t<meta property=\"og:image:width\" content=\"800\" \/>\n\t\t<meta property=\"og:image:height\" content=\"539\" \/>\n\t\t<meta property=\"article:published_time\" content=\"2016-06-10T13:47:37+00:00\" \/>\n\t\t<meta property=\"article:modified_time\" content=\"2016-06-10T13:47:37+00:00\" \/>\n\t\t<meta name=\"twitter:card\" content=\"summary_large_image\" \/>\n\t\t<meta name=\"twitter:title\" content=\"Renfe afronta hoy la primera de las cuatro jornadas de huelga convocadas por los maquinistas | El Digital de Asturias\" \/>\n\t\t<meta name=\"twitter:description\" content=\"El 9% de los maquinistas de Renfe ha secundado en el turno de noche, que ha concluido a las ocho de la ma\u00f1ana, la primera de las cuatro jornadas de huelga convocada por el sindicato de maquinistas Semaf, seg\u00fan indicaron a Europa Press en fuentes de la compa\u00f1\u00eda ferroviaria. Durante el primer turno de la\" \/>\n\t\t<meta name=\"twitter:image\" content=\"https:\/\/eldigitaldeasturias.com\/magazine365\/wp-content\/uploads\/2016\/06\/fotonoticia_20160610092845_800.jpg\" \/>\n\t\t<script type=\"application\/ld+json\" class=\"aioseo-schema\">\n\t\t\t{\"@context\":\"https:\\\/\\\/schema.org\",\"@graph\":[{\"@type\":\"Article\",\"@id\":\"https:\\\/\\\/eldigitaldeasturias.com\\\/magazine365\\\/renfe-afronta-hoy-la-primera-de-las-cuatro-jornadas-de-huelga-convocadas-por-los-maquinistas\\\/#article\",\"name\":\"Renfe afronta hoy la primera de las cuatro jornadas de huelga convocadas por los maquinistas | El Digital de Asturias\",\"headline\":\"Renfe afronta hoy la primera de las cuatro jornadas de huelga convocadas por los maquinistas\",\"author\":{\"@id\":\"https:\\\/\\\/eldigitaldeasturias.com\\\/magazine365\\\/author\\\/admin\\\/#author\"},\"publisher\":{\"@id\":\"https:\\\/\\\/eldigitaldeasturias.com\\\/magazine365\\\/#organization\"},\"image\":{\"@type\":\"ImageObject\",\"url\":\"https:\\\/\\\/eldigitaldeasturias.com\\\/magazine365\\\/wp-content\\\/uploads\\\/2016\\\/06\\\/fotonoticia_20160610092845_800.jpg\",\"width\":800,\"height\":539},\"datePublished\":\"2016-06-10T15:47:37+02:00\",\"dateModified\":\"2016-06-10T15:47:37+02:00\",\"inLanguage\":\"es-ES\",\"mainEntityOfPage\":{\"@id\":\"https:\\\/\\\/eldigitaldeasturias.com\\\/magazine365\\\/renfe-afronta-hoy-la-primera-de-las-cuatro-jornadas-de-huelga-convocadas-por-los-maquinistas\\\/#webpage\"},\"isPartOf\":{\"@id\":\"https:\\\/\\\/eldigitaldeasturias.com\\\/magazine365\\\/renfe-afronta-hoy-la-primera-de-las-cuatro-jornadas-de-huelga-convocadas-por-los-maquinistas\\\/#webpage\"},\"articleSection\":\"Noticias y Actualidad\"},{\"@type\":\"BreadcrumbList\",\"@id\":\"https:\\\/\\\/eldigitaldeasturias.com\\\/magazine365\\\/renfe-afronta-hoy-la-primera-de-las-cuatro-jornadas-de-huelga-convocadas-por-los-maquinistas\\\/#breadcrumblist\",\"itemListElement\":[{\"@type\":\"ListItem\",\"@id\":\"https:\\\/\\\/eldigitaldeasturias.com\\\/magazine365#listItem\",\"position\":1,\"name\":\"Home\",\"item\":\"https:\\\/\\\/eldigitaldeasturias.com\\\/magazine365\",\"nextItem\":{\"@type\":\"ListItem\",\"@id\":\"https:\\\/\\\/eldigitaldeasturias.com\\\/magazine365\\\/category\\\/noticias-actualidad\\\/#listItem\",\"name\":\"Noticias y Actualidad\"}},{\"@type\":\"ListItem\",\"@id\":\"https:\\\/\\\/eldigitaldeasturias.com\\\/magazine365\\\/category\\\/noticias-actualidad\\\/#listItem\",\"position\":2,\"name\":\"Noticias y Actualidad\",\"item\":\"https:\\\/\\\/eldigitaldeasturias.com\\\/magazine365\\\/category\\\/noticias-actualidad\\\/\",\"nextItem\":{\"@type\":\"ListItem\",\"@id\":\"https:\\\/\\\/eldigitaldeasturias.com\\\/magazine365\\\/renfe-afronta-hoy-la-primera-de-las-cuatro-jornadas-de-huelga-convocadas-por-los-maquinistas\\\/#listItem\",\"name\":\"Renfe afronta hoy la primera de las cuatro jornadas de huelga convocadas por los maquinistas\"},\"previousItem\":{\"@type\":\"ListItem\",\"@id\":\"https:\\\/\\\/eldigitaldeasturias.com\\\/magazine365#listItem\",\"name\":\"Home\"}},{\"@type\":\"ListItem\",\"@id\":\"https:\\\/\\\/eldigitaldeasturias.com\\\/magazine365\\\/renfe-afronta-hoy-la-primera-de-las-cuatro-jornadas-de-huelga-convocadas-por-los-maquinistas\\\/#listItem\",\"position\":3,\"name\":\"Renfe afronta hoy la primera de las cuatro jornadas de huelga convocadas por los maquinistas\",\"previousItem\":{\"@type\":\"ListItem\",\"@id\":\"https:\\\/\\\/eldigitaldeasturias.com\\\/magazine365\\\/category\\\/noticias-actualidad\\\/#listItem\",\"name\":\"Noticias y Actualidad\"}}]},{\"@type\":\"Organization\",\"@id\":\"https:\\\/\\\/eldigitaldeasturias.com\\\/magazine365\\\/#organization\",\"name\":\"El digital de Asturias\",\"description\":\"Revista de ocio, turismo y estilo de vida\",\"url\":\"https:\\\/\\\/eldigitaldeasturias.com\\\/magazine365\\\/\",\"logo\":{\"@type\":\"ImageObject\",\"url\":\"https:\\\/\\\/www.eldigitaldeasturias.com\\\/noticias\\\/wp-content\\\/uploads\\\/2020\\\/12\\\/EDA.jpg\",\"@id\":\"https:\\\/\\\/eldigitaldeasturias.com\\\/magazine365\\\/renfe-afronta-hoy-la-primera-de-las-cuatro-jornadas-de-huelga-convocadas-por-los-maquinistas\\\/#organizationLogo\"},\"image\":{\"@id\":\"https:\\\/\\\/eldigitaldeasturias.com\\\/magazine365\\\/renfe-afronta-hoy-la-primera-de-las-cuatro-jornadas-de-huelga-convocadas-por-los-maquinistas\\\/#organizationLogo\"}},{\"@type\":\"Person\",\"@id\":\"https:\\\/\\\/eldigitaldeasturias.com\\\/magazine365\\\/author\\\/admin\\\/#author\",\"url\":\"https:\\\/\\\/eldigitaldeasturias.com\\\/magazine365\\\/author\\\/admin\\\/\",\"name\":\"admin\",\"image\":{\"@type\":\"ImageObject\",\"@id\":\"https:\\\/\\\/eldigitaldeasturias.com\\\/magazine365\\\/renfe-afronta-hoy-la-primera-de-las-cuatro-jornadas-de-huelga-convocadas-por-los-maquinistas\\\/#authorImage\",\"url\":\"https:\\\/\\\/eldigitaldeasturias.com\\\/magazine365\\\/wp-content\\\/litespeed\\\/avatar\\\/e571bcf59a0edd6fa6838245a470f2fe.jpg?ver=1776969259\",\"width\":96,\"height\":96,\"caption\":\"admin\"}},{\"@type\":\"WebPage\",\"@id\":\"https:\\\/\\\/eldigitaldeasturias.com\\\/magazine365\\\/renfe-afronta-hoy-la-primera-de-las-cuatro-jornadas-de-huelga-convocadas-por-los-maquinistas\\\/#webpage\",\"url\":\"https:\\\/\\\/eldigitaldeasturias.com\\\/magazine365\\\/renfe-afronta-hoy-la-primera-de-las-cuatro-jornadas-de-huelga-convocadas-por-los-maquinistas\\\/\",\"name\":\"Renfe afronta hoy la primera de las cuatro jornadas de huelga convocadas por los maquinistas | El Digital de Asturias\",\"description\":\"El 9% de los maquinistas de Renfe ha secundado en el turno de noche, que ha concluido a las ocho de la ma\\u00f1ana, la primera de las cuatro jornadas de huelga convocada por el sindicato de maquinistas Semaf, seg\\u00fan indicaron a Europa Press en fuentes de la compa\\u00f1\\u00eda ferroviaria. Durante el primer turno de la\",\"inLanguage\":\"es-ES\",\"isPartOf\":{\"@id\":\"https:\\\/\\\/eldigitaldeasturias.com\\\/magazine365\\\/#website\"},\"breadcrumb\":{\"@id\":\"https:\\\/\\\/eldigitaldeasturias.com\\\/magazine365\\\/renfe-afronta-hoy-la-primera-de-las-cuatro-jornadas-de-huelga-convocadas-por-los-maquinistas\\\/#breadcrumblist\"},\"author\":{\"@id\":\"https:\\\/\\\/eldigitaldeasturias.com\\\/magazine365\\\/author\\\/admin\\\/#author\"},\"creator\":{\"@id\":\"https:\\\/\\\/eldigitaldeasturias.com\\\/magazine365\\\/author\\\/admin\\\/#author\"},\"image\":{\"@type\":\"ImageObject\",\"url\":\"https:\\\/\\\/eldigitaldeasturias.com\\\/magazine365\\\/wp-content\\\/uploads\\\/2016\\\/06\\\/fotonoticia_20160610092845_800.jpg\",\"@id\":\"https:\\\/\\\/eldigitaldeasturias.com\\\/magazine365\\\/renfe-afronta-hoy-la-primera-de-las-cuatro-jornadas-de-huelga-convocadas-por-los-maquinistas\\\/#mainImage\",\"width\":800,\"height\":539},\"primaryImageOfPage\":{\"@id\":\"https:\\\/\\\/eldigitaldeasturias.com\\\/magazine365\\\/renfe-afronta-hoy-la-primera-de-las-cuatro-jornadas-de-huelga-convocadas-por-los-maquinistas\\\/#mainImage\"},\"datePublished\":\"2016-06-10T15:47:37+02:00\",\"dateModified\":\"2016-06-10T15:47:37+02:00\"},{\"@type\":\"WebSite\",\"@id\":\"https:\\\/\\\/eldigitaldeasturias.com\\\/magazine365\\\/#website\",\"url\":\"https:\\\/\\\/eldigitaldeasturias.com\\\/magazine365\\\/\",\"name\":\"El Digital de Asturias\",\"description\":\"Revista de ocio, turismo y estilo de vida\",\"inLanguage\":\"es-ES\",\"publisher\":{\"@id\":\"https:\\\/\\\/eldigitaldeasturias.com\\\/magazine365\\\/#organization\"}}]}\n\t\t<\/script>\n\t\t<!-- All in One SEO Pro -->\r\n\t\t<title>Renfe afronta hoy la primera de las cuatro jornadas de huelga convocadas por los maquinistas | El Digital de Asturias<\/title>\n\n","aioseo_head_json":{"title":"Renfe afronta hoy la primera de las cuatro jornadas de huelga convocadas por los maquinistas | El Digital de Asturias","description":"El 9% de los maquinistas de Renfe ha secundado en el turno de noche, que ha concluido a las ocho de la ma\u00f1ana, la primera de las cuatro jornadas de huelga convocada por el sindicato de maquinistas Semaf, seg\u00fan indicaron a Europa Press en fuentes de la compa\u00f1\u00eda ferroviaria. Durante el primer turno de la","canonical_url":"https:\/\/eldigitaldeasturias.com\/magazine365\/renfe-afronta-hoy-la-primera-de-las-cuatro-jornadas-de-huelga-convocadas-por-los-maquinistas\/","robots":"max-image-preview:large","keywords":"noticias y actualidad","webmasterTools":{"google-site-verification":"UA-38556648-1","miscellaneous":""},"schema":{"@context":"https:\/\/schema.org","@graph":[{"@type":"Article","@id":"https:\/\/eldigitaldeasturias.com\/magazine365\/renfe-afronta-hoy-la-primera-de-las-cuatro-jornadas-de-huelga-convocadas-por-los-maquinistas\/#article","name":"Renfe afronta hoy la primera de las cuatro jornadas de huelga convocadas por los maquinistas | El Digital de Asturias","headline":"Renfe afronta hoy la primera de las cuatro jornadas de huelga convocadas por los maquinistas","author":{"@id":"https:\/\/eldigitaldeasturias.com\/magazine365\/author\/admin\/#author"},"publisher":{"@id":"https:\/\/eldigitaldeasturias.com\/magazine365\/#organization"},"image":{"@type":"ImageObject","url":"https:\/\/eldigitaldeasturias.com\/magazine365\/wp-content\/uploads\/2016\/06\/fotonoticia_20160610092845_800.jpg","width":800,"height":539},"datePublished":"2016-06-10T15:47:37+02:00","dateModified":"2016-06-10T15:47:37+02:00","inLanguage":"es-ES","mainEntityOfPage":{"@id":"https:\/\/eldigitaldeasturias.com\/magazine365\/renfe-afronta-hoy-la-primera-de-las-cuatro-jornadas-de-huelga-convocadas-por-los-maquinistas\/#webpage"},"isPartOf":{"@id":"https:\/\/eldigitaldeasturias.com\/magazine365\/renfe-afronta-hoy-la-primera-de-las-cuatro-jornadas-de-huelga-convocadas-por-los-maquinistas\/#webpage"},"articleSection":"Noticias y Actualidad"},{"@type":"BreadcrumbList","@id":"https:\/\/eldigitaldeasturias.com\/magazine365\/renfe-afronta-hoy-la-primera-de-las-cuatro-jornadas-de-huelga-convocadas-por-los-maquinistas\/#breadcrumblist","itemListElement":[{"@type":"ListItem","@id":"https:\/\/eldigitaldeasturias.com\/magazine365#listItem","position":1,"name":"Home","item":"https:\/\/eldigitaldeasturias.com\/magazine365","nextItem":{"@type":"ListItem","@id":"https:\/\/eldigitaldeasturias.com\/magazine365\/category\/noticias-actualidad\/#listItem","name":"Noticias y Actualidad"}},{"@type":"ListItem","@id":"https:\/\/eldigitaldeasturias.com\/magazine365\/category\/noticias-actualidad\/#listItem","position":2,"name":"Noticias y Actualidad","item":"https:\/\/eldigitaldeasturias.com\/magazine365\/category\/noticias-actualidad\/","nextItem":{"@type":"ListItem","@id":"https:\/\/eldigitaldeasturias.com\/magazine365\/renfe-afronta-hoy-la-primera-de-las-cuatro-jornadas-de-huelga-convocadas-por-los-maquinistas\/#listItem","name":"Renfe afronta hoy la primera de las cuatro jornadas de huelga convocadas por los maquinistas"},"previousItem":{"@type":"ListItem","@id":"https:\/\/eldigitaldeasturias.com\/magazine365#listItem","name":"Home"}},{"@type":"ListItem","@id":"https:\/\/eldigitaldeasturias.com\/magazine365\/renfe-afronta-hoy-la-primera-de-las-cuatro-jornadas-de-huelga-convocadas-por-los-maquinistas\/#listItem","position":3,"name":"Renfe afronta hoy la primera de las cuatro jornadas de huelga convocadas por los maquinistas","previousItem":{"@type":"ListItem","@id":"https:\/\/eldigitaldeasturias.com\/magazine365\/category\/noticias-actualidad\/#listItem","name":"Noticias y Actualidad"}}]},{"@type":"Organization","@id":"https:\/\/eldigitaldeasturias.com\/magazine365\/#organization","name":"El digital de Asturias","description":"Revista de ocio, turismo y estilo de vida","url":"https:\/\/eldigitaldeasturias.com\/magazine365\/","logo":{"@type":"ImageObject","url":"https:\/\/www.eldigitaldeasturias.com\/noticias\/wp-content\/uploads\/2020\/12\/EDA.jpg","@id":"https:\/\/eldigitaldeasturias.com\/magazine365\/renfe-afronta-hoy-la-primera-de-las-cuatro-jornadas-de-huelga-convocadas-por-los-maquinistas\/#organizationLogo"},"image":{"@id":"https:\/\/eldigitaldeasturias.com\/magazine365\/renfe-afronta-hoy-la-primera-de-las-cuatro-jornadas-de-huelga-convocadas-por-los-maquinistas\/#organizationLogo"}},{"@type":"Person","@id":"https:\/\/eldigitaldeasturias.com\/magazine365\/author\/admin\/#author","url":"https:\/\/eldigitaldeasturias.com\/magazine365\/author\/admin\/","name":"admin","image":{"@type":"ImageObject","@id":"https:\/\/eldigitaldeasturias.com\/magazine365\/renfe-afronta-hoy-la-primera-de-las-cuatro-jornadas-de-huelga-convocadas-por-los-maquinistas\/#authorImage","url":"https:\/\/eldigitaldeasturias.com\/magazine365\/wp-content\/litespeed\/avatar\/e571bcf59a0edd6fa6838245a470f2fe.jpg?ver=1776969259","width":96,"height":96,"caption":"admin"}},{"@type":"WebPage","@id":"https:\/\/eldigitaldeasturias.com\/magazine365\/renfe-afronta-hoy-la-primera-de-las-cuatro-jornadas-de-huelga-convocadas-por-los-maquinistas\/#webpage","url":"https:\/\/eldigitaldeasturias.com\/magazine365\/renfe-afronta-hoy-la-primera-de-las-cuatro-jornadas-de-huelga-convocadas-por-los-maquinistas\/","name":"Renfe afronta hoy la primera de las cuatro jornadas de huelga convocadas por los maquinistas | El Digital de Asturias","description":"El 9% de los maquinistas de Renfe ha secundado en el turno de noche, que ha concluido a las ocho de la ma\u00f1ana, la primera de las cuatro jornadas de huelga convocada por el sindicato de maquinistas Semaf, seg\u00fan indicaron a Europa Press en fuentes de la compa\u00f1\u00eda ferroviaria. Durante el primer turno de la","inLanguage":"es-ES","isPartOf":{"@id":"https:\/\/eldigitaldeasturias.com\/magazine365\/#website"},"breadcrumb":{"@id":"https:\/\/eldigitaldeasturias.com\/magazine365\/renfe-afronta-hoy-la-primera-de-las-cuatro-jornadas-de-huelga-convocadas-por-los-maquinistas\/#breadcrumblist"},"author":{"@id":"https:\/\/eldigitaldeasturias.com\/magazine365\/author\/admin\/#author"},"creator":{"@id":"https:\/\/eldigitaldeasturias.com\/magazine365\/author\/admin\/#author"},"image":{"@type":"ImageObject","url":"https:\/\/eldigitaldeasturias.com\/magazine365\/wp-content\/uploads\/2016\/06\/fotonoticia_20160610092845_800.jpg","@id":"https:\/\/eldigitaldeasturias.com\/magazine365\/renfe-afronta-hoy-la-primera-de-las-cuatro-jornadas-de-huelga-convocadas-por-los-maquinistas\/#mainImage","width":800,"height":539},"primaryImageOfPage":{"@id":"https:\/\/eldigitaldeasturias.com\/magazine365\/renfe-afronta-hoy-la-primera-de-las-cuatro-jornadas-de-huelga-convocadas-por-los-maquinistas\/#mainImage"},"datePublished":"2016-06-10T15:47:37+02:00","dateModified":"2016-06-10T15:47:37+02:00"},{"@type":"WebSite","@id":"https:\/\/eldigitaldeasturias.com\/magazine365\/#website","url":"https:\/\/eldigitaldeasturias.com\/magazine365\/","name":"El Digital de Asturias","description":"Revista de ocio, turismo y estilo de vida","inLanguage":"es-ES","publisher":{"@id":"https:\/\/eldigitaldeasturias.com\/magazine365\/#organization"}}]},"og:locale":"es_ES","og:site_name":"El Digital de Asturias \u2013 Revista de ocio, turismo y estilo de vida","og:type":"article","og:title":"Renfe afronta hoy la primera de las cuatro jornadas de huelga convocadas por los maquinistas | El Digital de Asturias","og:description":"El 9% de los maquinistas de Renfe ha secundado en el turno de noche, que ha concluido a las ocho de la ma\u00f1ana, la primera de las cuatro jornadas de huelga convocada por el sindicato de maquinistas Semaf, seg\u00fan indicaron a Europa Press en fuentes de la compa\u00f1\u00eda ferroviaria. Durante el primer turno de la","og:url":"https:\/\/eldigitaldeasturias.com\/magazine365\/renfe-afronta-hoy-la-primera-de-las-cuatro-jornadas-de-huelga-convocadas-por-los-maquinistas\/","og:image":"https:\/\/eldigitaldeasturias.com\/magazine365\/wp-content\/uploads\/2016\/06\/fotonoticia_20160610092845_800.jpg","og:image:secure_url":"https:\/\/eldigitaldeasturias.com\/magazine365\/wp-content\/uploads\/2016\/06\/fotonoticia_20160610092845_800.jpg","og:image:width":800,"og:image:height":539,"article:published_time":"2016-06-10T13:47:37+00:00","article:modified_time":"2016-06-10T13:47:37+00:00","twitter:card":"summary_large_image","twitter:title":"Renfe afronta hoy la primera de las cuatro jornadas de huelga convocadas por los maquinistas | El Digital de Asturias","twitter:description":"El 9% de los maquinistas de Renfe ha secundado en el turno de noche, que ha concluido a las ocho de la ma\u00f1ana, la primera de las cuatro jornadas de huelga convocada por el sindicato de maquinistas Semaf, seg\u00fan indicaron a Europa Press en fuentes de la compa\u00f1\u00eda ferroviaria. Durante el primer turno de la","twitter:image":"https:\/\/eldigitaldeasturias.com\/magazine365\/wp-content\/uploads\/2016\/06\/fotonoticia_20160610092845_800.jpg"},"aioseo_meta_data":{"post_id":"78659","title":null,"description":null,"keywords":null,"keyphrases":null,"primary_term":null,"canonical_url":null,"og_title":null,"og_description":null,"og_object_type":"default","og_image_type":"default","og_image_url":null,"og_image_width":null,"og_image_height":null,"og_image_custom_url":null,"og_image_custom_fields":null,"og_video":null,"og_custom_url":null,"og_article_section":null,"og_article_tags":null,"twitter_use_og":false,"twitter_card":"default","twitter_image_type":"default","twitter_image_url":null,"twitter_image_custom_url":null,"twitter_image_custom_fields":null,"twitter_title":null,"twitter_description":null,"schema":{"blockGraphs":[],"customGraphs":[],"default":{"data":{"Article":[],"Course":[],"Dataset":[],"FAQPage":[],"Movie":[],"Person":[],"Product":[],"ProductReview":[],"Car":[],"Recipe":[],"Service":[],"SoftwareApplication":[],"WebPage":[]},"graphName":"","isEnabled":true},"graphs":[]},"schema_type":null,"schema_type_options":null,"pillar_content":false,"robots_default":true,"robots_noindex":false,"robots_noarchive":false,"robots_nosnippet":false,"robots_nofollow":false,"robots_noimageindex":false,"robots_noodp":false,"robots_notranslate":false,"robots_max_snippet":null,"robots_max_videopreview":null,"robots_max_imagepreview":"large","priority":null,"frequency":null,"location":null,"local_seo":null,"seo_analyzer_scan_date":"2025-09-27 17:24:53","breadcrumb_settings":null,"limit_modified_date":false,"open_ai":null,"ai":null,"created":"2021-03-08 17:58:41","updated":"2025-09-27 17:24:53"},"aioseo_breadcrumb":"<div class=\"aioseo-breadcrumbs\"><span class=\"aioseo-breadcrumb\">\n\t<a href=\"https:\/\/eldigitaldeasturias.com\/magazine365\" title=\"Home\">Home<\/a>\n<\/span><span class=\"aioseo-breadcrumb-separator\">\u2013<\/span><span class=\"aioseo-breadcrumb\">\n\t<a href=\"https:\/\/eldigitaldeasturias.com\/magazine365\/category\/noticias-actualidad\/\" title=\"Noticias y Actualidad\">Noticias y Actualidad<\/a>\n<\/span><span class=\"aioseo-breadcrumb-separator\">\u2013<\/span><span class=\"aioseo-breadcrumb\">\n\t<a href=\"https:\/\/eldigitaldeasturias.com\/magazine365\/renfe-afronta-hoy-la-primera-de-las-cuatro-jornadas-de-huelga-convocadas-por-los-maquinistas\/\" title=\"Renfe afronta hoy la primera de las cuatro jornadas de huelga convocadas por los maquinistas\">Renfe afronta hoy la primera de las cuatro jornadas de huelga convocadas por los maquinistas<\/a>\n<\/span><\/div>","aioseo_breadcrumb_json":[{"label":"Home","link":"https:\/\/eldigitaldeasturias.com\/magazine365"},{"label":"Noticias y Actualidad","link":"https:\/\/eldigitaldeasturias.com\/magazine365\/category\/noticias-actualidad\/"},{"label":"Renfe afronta hoy la primera de las cuatro jornadas de huelga convocadas por los maquinistas","link":"https:\/\/eldigitaldeasturias.com\/magazine365\/renfe-afronta-hoy-la-primera-de-las-cuatro-jornadas-de-huelga-convocadas-por-los-maquinistas\/"}],"_links":{"self":[{"href":"https:\/\/eldigitaldeasturias.com\/magazine365\/wp-json\/wp\/v2\/posts\/78659","targetHints":{"allow":["GET"]}}],"collection":[{"href":"https:\/\/eldigitaldeasturias.com\/magazine365\/wp-json\/wp\/v2\/posts"}],"about":[{"href":"https:\/\/eldigitaldeasturias.com\/magazine365\/wp-json\/wp\/v2\/types\/post"}],"author":[{"embeddable":true,"href":"https:\/\/eldigitaldeasturias.com\/magazine365\/wp-json\/wp\/v2\/users\/1"}],"replies":[{"embeddable":true,"href":"https:\/\/eldigitaldeasturias.com\/magazine365\/wp-json\/wp\/v2\/comments?post=78659"}],"version-history":[{"count":0,"href":"https:\/\/eldigitaldeasturias.com\/magazine365\/wp-json\/wp\/v2\/posts\/78659\/revisions"}],"wp:featuredmedia":[{"embeddable":true,"href":"https:\/\/eldigitaldeasturias.com\/magazine365\/wp-json\/wp\/v2\/media\/78660"}],"wp:attachment":[{"href":"https:\/\/eldigitaldeasturias.com\/magazine365\/wp-json\/wp\/v2\/media?parent=78659"}],"wp:term":[{"taxonomy":"category","embeddable":true,"href":"https:\/\/eldigitaldeasturias.com\/magazine365\/wp-json\/wp\/v2\/categories?post=78659"},{"taxonomy":"post_tag","embeddable":true,"href":"https:\/\/eldigitaldeasturias.com\/magazine365\/wp-json\/wp\/v2\/tags?post=78659"}],"curies":[{"name":"wp","href":"https:\/\/api.w.org\/{rel}","templated":true}]}}