{"id":78654,"date":"2016-06-10T15:45:43","date_gmt":"2016-06-10T13:45:43","guid":{"rendered":"http:\/\/eldigitaldeasturias.com\/magazine365\/?p=78654"},"modified":"2016-06-10T15:45:43","modified_gmt":"2016-06-10T13:45:43","slug":"retrasos-en-la-facturacion-del-aeropuerto-de-bruselas-por-un-corte-electrico","status":"publish","type":"post","link":"https:\/\/eldigitaldeasturias.com\/magazine365\/retrasos-en-la-facturacion-del-aeropuerto-de-bruselas-por-un-corte-electrico\/","title":{"rendered":"Retrasos en la facturaci\u00f3n del Aeropuerto de Bruselas por un corte el\u00e9ctrico"},"content":{"rendered":"<p>Un corte el\u00e9ctrico ha afectado a primera hora de este viernes al Aeropuerto de Bruselas, provocando algunos retrasos a causa de la cancelaci\u00f3n del proceso de facturaci\u00f3n, si bien no ha afectado a los vuelos.<\/p>\n<p>Seg\u00fan las informaciones recogidas por el diario belga &#8216;Le Soir&#8217;, las zonas afectadas son las de facturaci\u00f3n de pasajeros y equipajes, la de control fronterizo y las tiendas y cafeter\u00edas.<\/p>\n<p>\u00abEs un problema t\u00e9cnico que ha tenido lugar en un momento de gran afluencia en el aeropuerto. Nuestros equipos est\u00e1n en su lugar para intentar resolver el problema\u00bb, ha dicho una portavoz del aeropuerto.<\/p>\n","protected":false},"excerpt":{"rendered":"<p>Un corte el\u00e9ctrico ha afectado a primera hora de este viernes al Aeropuerto de Bruselas, provocando algunos retrasos a causa de la cancelaci\u00f3n del proceso de facturaci\u00f3n, si bien no ha afectado a los vuelos. Seg\u00fan las informaciones recogidas por el diario belga &#8216;Le Soir&#8217;, las zonas afectadas son las de facturaci\u00f3n de pasajeros y<\/p>\n","protected":false},"author":1,"featured_media":78632,"comment_status":"open","ping_status":"closed","sticky":false,"template":"","format":"standard","meta":{"footnotes":""},"categories":[224],"tags":[],"class_list":{"0":"post-78654","1":"post","2":"type-post","3":"status-publish","4":"format-standard","5":"has-post-thumbnail","7":"category-noticias-actualidad"},"aioseo_notices":[],"aioseo_head":"\n\t\t<!-- All in One SEO Pro 4.9.6.1 - aioseo.com -->\n\t<meta name=\"description\" content=\"Un corte el\u00e9ctrico ha afectado a primera hora de este viernes al Aeropuerto de Bruselas, provocando algunos retrasos a causa de la cancelaci\u00f3n del proceso de facturaci\u00f3n, si bien no ha afectado a los vuelos. Seg\u00fan las informaciones recogidas por el diario belga &#039;Le Soir&#039;, las zonas afectadas son las de facturaci\u00f3n de pasajeros y\" \/>\n\t<meta name=\"robots\" content=\"max-image-preview:large\" \/>\n\t<meta name=\"author\" content=\"admin\"\/>\n\t<meta name=\"google-site-verification\" content=\"UA-38556648-1\" \/>\n\t<meta name=\"keywords\" content=\"noticias y actualidad\" \/>\n\t<link rel=\"canonical\" href=\"https:\/\/eldigitaldeasturias.com\/magazine365\/retrasos-en-la-facturacion-del-aeropuerto-de-bruselas-por-un-corte-electrico\/\" \/>\n\t<meta name=\"generator\" content=\"All in One SEO Pro (AIOSEO) 4.9.6.1\" \/>\n\t\t<meta property=\"og:locale\" content=\"es_ES\" \/>\n\t\t<meta property=\"og:site_name\" content=\"El Digital de Asturias \u2013 Revista de ocio, turismo y estilo de vida\" \/>\n\t\t<meta property=\"og:type\" content=\"article\" \/>\n\t\t<meta property=\"og:title\" content=\"Retrasos en la facturaci\u00f3n del Aeropuerto de Bruselas por un corte el\u00e9ctrico | El Digital de Asturias\" \/>\n\t\t<meta property=\"og:description\" content=\"Un corte el\u00e9ctrico ha afectado a primera hora de este viernes al Aeropuerto de Bruselas, provocando algunos retrasos a causa de la cancelaci\u00f3n del proceso de facturaci\u00f3n, si bien no ha afectado a los vuelos. Seg\u00fan las informaciones recogidas por el diario belga &#039;Le Soir&#039;, las zonas afectadas son las de facturaci\u00f3n de pasajeros y\" \/>\n\t\t<meta property=\"og:url\" content=\"https:\/\/eldigitaldeasturias.com\/magazine365\/retrasos-en-la-facturacion-del-aeropuerto-de-bruselas-por-un-corte-electrico\/\" \/>\n\t\t<meta property=\"og:image\" content=\"https:\/\/eldigitaldeasturias.com\/magazine365\/wp-content\/uploads\/2016\/06\/fotonoticia_20160609192221_800.jpg\" \/>\n\t\t<meta property=\"og:image:secure_url\" content=\"https:\/\/eldigitaldeasturias.com\/magazine365\/wp-content\/uploads\/2016\/06\/fotonoticia_20160609192221_800.jpg\" \/>\n\t\t<meta property=\"og:image:width\" content=\"800\" \/>\n\t\t<meta property=\"og:image:height\" content=\"565\" \/>\n\t\t<meta property=\"article:published_time\" content=\"2016-06-10T13:45:43+00:00\" \/>\n\t\t<meta property=\"article:modified_time\" content=\"2016-06-10T13:45:43+00:00\" \/>\n\t\t<meta name=\"twitter:card\" content=\"summary_large_image\" \/>\n\t\t<meta name=\"twitter:title\" content=\"Retrasos en la facturaci\u00f3n del Aeropuerto de Bruselas por un corte el\u00e9ctrico | El Digital de Asturias\" \/>\n\t\t<meta name=\"twitter:description\" content=\"Un corte el\u00e9ctrico ha afectado a primera hora de este viernes al Aeropuerto de Bruselas, provocando algunos retrasos a causa de la cancelaci\u00f3n del proceso de facturaci\u00f3n, si bien no ha afectado a los vuelos. Seg\u00fan las informaciones recogidas por el diario belga &#039;Le Soir&#039;, las zonas afectadas son las de facturaci\u00f3n de pasajeros y\" \/>\n\t\t<meta name=\"twitter:image\" content=\"https:\/\/eldigitaldeasturias.com\/magazine365\/wp-content\/uploads\/2016\/06\/fotonoticia_20160609192221_800.jpg\" \/>\n\t\t<script type=\"application\/ld+json\" class=\"aioseo-schema\">\n\t\t\t{\"@context\":\"https:\\\/\\\/schema.org\",\"@graph\":[{\"@type\":\"Article\",\"@id\":\"https:\\\/\\\/eldigitaldeasturias.com\\\/magazine365\\\/retrasos-en-la-facturacion-del-aeropuerto-de-bruselas-por-un-corte-electrico\\\/#article\",\"name\":\"Retrasos en la facturaci\\u00f3n del Aeropuerto de Bruselas por un corte el\\u00e9ctrico | El Digital de Asturias\",\"headline\":\"Retrasos en la facturaci\\u00f3n del Aeropuerto de Bruselas por un corte el\\u00e9ctrico\",\"author\":{\"@id\":\"https:\\\/\\\/eldigitaldeasturias.com\\\/magazine365\\\/author\\\/admin\\\/#author\"},\"publisher\":{\"@id\":\"https:\\\/\\\/eldigitaldeasturias.com\\\/magazine365\\\/#organization\"},\"image\":{\"@type\":\"ImageObject\",\"url\":\"https:\\\/\\\/eldigitaldeasturias.com\\\/magazine365\\\/wp-content\\\/uploads\\\/2016\\\/06\\\/fotonoticia_20160609192221_800.jpg\",\"width\":800,\"height\":565},\"datePublished\":\"2016-06-10T15:45:43+02:00\",\"dateModified\":\"2016-06-10T15:45:43+02:00\",\"inLanguage\":\"es-ES\",\"mainEntityOfPage\":{\"@id\":\"https:\\\/\\\/eldigitaldeasturias.com\\\/magazine365\\\/retrasos-en-la-facturacion-del-aeropuerto-de-bruselas-por-un-corte-electrico\\\/#webpage\"},\"isPartOf\":{\"@id\":\"https:\\\/\\\/eldigitaldeasturias.com\\\/magazine365\\\/retrasos-en-la-facturacion-del-aeropuerto-de-bruselas-por-un-corte-electrico\\\/#webpage\"},\"articleSection\":\"Noticias y Actualidad\"},{\"@type\":\"BreadcrumbList\",\"@id\":\"https:\\\/\\\/eldigitaldeasturias.com\\\/magazine365\\\/retrasos-en-la-facturacion-del-aeropuerto-de-bruselas-por-un-corte-electrico\\\/#breadcrumblist\",\"itemListElement\":[{\"@type\":\"ListItem\",\"@id\":\"https:\\\/\\\/eldigitaldeasturias.com\\\/magazine365#listItem\",\"position\":1,\"name\":\"Home\",\"item\":\"https:\\\/\\\/eldigitaldeasturias.com\\\/magazine365\",\"nextItem\":{\"@type\":\"ListItem\",\"@id\":\"https:\\\/\\\/eldigitaldeasturias.com\\\/magazine365\\\/category\\\/noticias-actualidad\\\/#listItem\",\"name\":\"Noticias y Actualidad\"}},{\"@type\":\"ListItem\",\"@id\":\"https:\\\/\\\/eldigitaldeasturias.com\\\/magazine365\\\/category\\\/noticias-actualidad\\\/#listItem\",\"position\":2,\"name\":\"Noticias y Actualidad\",\"item\":\"https:\\\/\\\/eldigitaldeasturias.com\\\/magazine365\\\/category\\\/noticias-actualidad\\\/\",\"nextItem\":{\"@type\":\"ListItem\",\"@id\":\"https:\\\/\\\/eldigitaldeasturias.com\\\/magazine365\\\/retrasos-en-la-facturacion-del-aeropuerto-de-bruselas-por-un-corte-electrico\\\/#listItem\",\"name\":\"Retrasos en la facturaci\\u00f3n del Aeropuerto de Bruselas por un corte el\\u00e9ctrico\"},\"previousItem\":{\"@type\":\"ListItem\",\"@id\":\"https:\\\/\\\/eldigitaldeasturias.com\\\/magazine365#listItem\",\"name\":\"Home\"}},{\"@type\":\"ListItem\",\"@id\":\"https:\\\/\\\/eldigitaldeasturias.com\\\/magazine365\\\/retrasos-en-la-facturacion-del-aeropuerto-de-bruselas-por-un-corte-electrico\\\/#listItem\",\"position\":3,\"name\":\"Retrasos en la facturaci\\u00f3n del Aeropuerto de Bruselas por un corte el\\u00e9ctrico\",\"previousItem\":{\"@type\":\"ListItem\",\"@id\":\"https:\\\/\\\/eldigitaldeasturias.com\\\/magazine365\\\/category\\\/noticias-actualidad\\\/#listItem\",\"name\":\"Noticias y Actualidad\"}}]},{\"@type\":\"Organization\",\"@id\":\"https:\\\/\\\/eldigitaldeasturias.com\\\/magazine365\\\/#organization\",\"name\":\"El digital de Asturias\",\"description\":\"Revista de ocio, turismo y estilo de vida\",\"url\":\"https:\\\/\\\/eldigitaldeasturias.com\\\/magazine365\\\/\",\"logo\":{\"@type\":\"ImageObject\",\"url\":\"https:\\\/\\\/www.eldigitaldeasturias.com\\\/noticias\\\/wp-content\\\/uploads\\\/2020\\\/12\\\/EDA.jpg\",\"@id\":\"https:\\\/\\\/eldigitaldeasturias.com\\\/magazine365\\\/retrasos-en-la-facturacion-del-aeropuerto-de-bruselas-por-un-corte-electrico\\\/#organizationLogo\"},\"image\":{\"@id\":\"https:\\\/\\\/eldigitaldeasturias.com\\\/magazine365\\\/retrasos-en-la-facturacion-del-aeropuerto-de-bruselas-por-un-corte-electrico\\\/#organizationLogo\"}},{\"@type\":\"Person\",\"@id\":\"https:\\\/\\\/eldigitaldeasturias.com\\\/magazine365\\\/author\\\/admin\\\/#author\",\"url\":\"https:\\\/\\\/eldigitaldeasturias.com\\\/magazine365\\\/author\\\/admin\\\/\",\"name\":\"admin\",\"image\":{\"@type\":\"ImageObject\",\"@id\":\"https:\\\/\\\/eldigitaldeasturias.com\\\/magazine365\\\/retrasos-en-la-facturacion-del-aeropuerto-de-bruselas-por-un-corte-electrico\\\/#authorImage\",\"url\":\"https:\\\/\\\/eldigitaldeasturias.com\\\/magazine365\\\/wp-content\\\/litespeed\\\/avatar\\\/e571bcf59a0edd6fa6838245a470f2fe.jpg?ver=1776969259\",\"width\":96,\"height\":96,\"caption\":\"admin\"}},{\"@type\":\"WebPage\",\"@id\":\"https:\\\/\\\/eldigitaldeasturias.com\\\/magazine365\\\/retrasos-en-la-facturacion-del-aeropuerto-de-bruselas-por-un-corte-electrico\\\/#webpage\",\"url\":\"https:\\\/\\\/eldigitaldeasturias.com\\\/magazine365\\\/retrasos-en-la-facturacion-del-aeropuerto-de-bruselas-por-un-corte-electrico\\\/\",\"name\":\"Retrasos en la facturaci\\u00f3n del Aeropuerto de Bruselas por un corte el\\u00e9ctrico | El Digital de Asturias\",\"description\":\"Un corte el\\u00e9ctrico ha afectado a primera hora de este viernes al Aeropuerto de Bruselas, provocando algunos retrasos a causa de la cancelaci\\u00f3n del proceso de facturaci\\u00f3n, si bien no ha afectado a los vuelos. Seg\\u00fan las informaciones recogidas por el diario belga 'Le Soir', las zonas afectadas son las de facturaci\\u00f3n de pasajeros y\",\"inLanguage\":\"es-ES\",\"isPartOf\":{\"@id\":\"https:\\\/\\\/eldigitaldeasturias.com\\\/magazine365\\\/#website\"},\"breadcrumb\":{\"@id\":\"https:\\\/\\\/eldigitaldeasturias.com\\\/magazine365\\\/retrasos-en-la-facturacion-del-aeropuerto-de-bruselas-por-un-corte-electrico\\\/#breadcrumblist\"},\"author\":{\"@id\":\"https:\\\/\\\/eldigitaldeasturias.com\\\/magazine365\\\/author\\\/admin\\\/#author\"},\"creator\":{\"@id\":\"https:\\\/\\\/eldigitaldeasturias.com\\\/magazine365\\\/author\\\/admin\\\/#author\"},\"image\":{\"@type\":\"ImageObject\",\"url\":\"https:\\\/\\\/eldigitaldeasturias.com\\\/magazine365\\\/wp-content\\\/uploads\\\/2016\\\/06\\\/fotonoticia_20160609192221_800.jpg\",\"@id\":\"https:\\\/\\\/eldigitaldeasturias.com\\\/magazine365\\\/retrasos-en-la-facturacion-del-aeropuerto-de-bruselas-por-un-corte-electrico\\\/#mainImage\",\"width\":800,\"height\":565},\"primaryImageOfPage\":{\"@id\":\"https:\\\/\\\/eldigitaldeasturias.com\\\/magazine365\\\/retrasos-en-la-facturacion-del-aeropuerto-de-bruselas-por-un-corte-electrico\\\/#mainImage\"},\"datePublished\":\"2016-06-10T15:45:43+02:00\",\"dateModified\":\"2016-06-10T15:45:43+02:00\"},{\"@type\":\"WebSite\",\"@id\":\"https:\\\/\\\/eldigitaldeasturias.com\\\/magazine365\\\/#website\",\"url\":\"https:\\\/\\\/eldigitaldeasturias.com\\\/magazine365\\\/\",\"name\":\"El Digital de Asturias\",\"description\":\"Revista de ocio, turismo y estilo de vida\",\"inLanguage\":\"es-ES\",\"publisher\":{\"@id\":\"https:\\\/\\\/eldigitaldeasturias.com\\\/magazine365\\\/#organization\"}}]}\n\t\t<\/script>\n\t\t<!-- All in One SEO Pro -->\r\n\t\t<title>Retrasos en la facturaci\u00f3n del Aeropuerto de Bruselas por un corte el\u00e9ctrico | El Digital de Asturias<\/title>\n\n","aioseo_head_json":{"title":"Retrasos en la facturaci\u00f3n del Aeropuerto de Bruselas por un corte el\u00e9ctrico | El Digital de Asturias","description":"Un corte el\u00e9ctrico ha afectado a primera hora de este viernes al Aeropuerto de Bruselas, provocando algunos retrasos a causa de la cancelaci\u00f3n del proceso de facturaci\u00f3n, si bien no ha afectado a los vuelos. Seg\u00fan las informaciones recogidas por el diario belga 'Le Soir', las zonas afectadas son las de facturaci\u00f3n de pasajeros y","canonical_url":"https:\/\/eldigitaldeasturias.com\/magazine365\/retrasos-en-la-facturacion-del-aeropuerto-de-bruselas-por-un-corte-electrico\/","robots":"max-image-preview:large","keywords":"noticias y actualidad","webmasterTools":{"google-site-verification":"UA-38556648-1","miscellaneous":""},"schema":{"@context":"https:\/\/schema.org","@graph":[{"@type":"Article","@id":"https:\/\/eldigitaldeasturias.com\/magazine365\/retrasos-en-la-facturacion-del-aeropuerto-de-bruselas-por-un-corte-electrico\/#article","name":"Retrasos en la facturaci\u00f3n del Aeropuerto de Bruselas por un corte el\u00e9ctrico | El Digital de Asturias","headline":"Retrasos en la facturaci\u00f3n del Aeropuerto de Bruselas por un corte el\u00e9ctrico","author":{"@id":"https:\/\/eldigitaldeasturias.com\/magazine365\/author\/admin\/#author"},"publisher":{"@id":"https:\/\/eldigitaldeasturias.com\/magazine365\/#organization"},"image":{"@type":"ImageObject","url":"https:\/\/eldigitaldeasturias.com\/magazine365\/wp-content\/uploads\/2016\/06\/fotonoticia_20160609192221_800.jpg","width":800,"height":565},"datePublished":"2016-06-10T15:45:43+02:00","dateModified":"2016-06-10T15:45:43+02:00","inLanguage":"es-ES","mainEntityOfPage":{"@id":"https:\/\/eldigitaldeasturias.com\/magazine365\/retrasos-en-la-facturacion-del-aeropuerto-de-bruselas-por-un-corte-electrico\/#webpage"},"isPartOf":{"@id":"https:\/\/eldigitaldeasturias.com\/magazine365\/retrasos-en-la-facturacion-del-aeropuerto-de-bruselas-por-un-corte-electrico\/#webpage"},"articleSection":"Noticias y Actualidad"},{"@type":"BreadcrumbList","@id":"https:\/\/eldigitaldeasturias.com\/magazine365\/retrasos-en-la-facturacion-del-aeropuerto-de-bruselas-por-un-corte-electrico\/#breadcrumblist","itemListElement":[{"@type":"ListItem","@id":"https:\/\/eldigitaldeasturias.com\/magazine365#listItem","position":1,"name":"Home","item":"https:\/\/eldigitaldeasturias.com\/magazine365","nextItem":{"@type":"ListItem","@id":"https:\/\/eldigitaldeasturias.com\/magazine365\/category\/noticias-actualidad\/#listItem","name":"Noticias y Actualidad"}},{"@type":"ListItem","@id":"https:\/\/eldigitaldeasturias.com\/magazine365\/category\/noticias-actualidad\/#listItem","position":2,"name":"Noticias y Actualidad","item":"https:\/\/eldigitaldeasturias.com\/magazine365\/category\/noticias-actualidad\/","nextItem":{"@type":"ListItem","@id":"https:\/\/eldigitaldeasturias.com\/magazine365\/retrasos-en-la-facturacion-del-aeropuerto-de-bruselas-por-un-corte-electrico\/#listItem","name":"Retrasos en la facturaci\u00f3n del Aeropuerto de Bruselas por un corte el\u00e9ctrico"},"previousItem":{"@type":"ListItem","@id":"https:\/\/eldigitaldeasturias.com\/magazine365#listItem","name":"Home"}},{"@type":"ListItem","@id":"https:\/\/eldigitaldeasturias.com\/magazine365\/retrasos-en-la-facturacion-del-aeropuerto-de-bruselas-por-un-corte-electrico\/#listItem","position":3,"name":"Retrasos en la facturaci\u00f3n del Aeropuerto de Bruselas por un corte el\u00e9ctrico","previousItem":{"@type":"ListItem","@id":"https:\/\/eldigitaldeasturias.com\/magazine365\/category\/noticias-actualidad\/#listItem","name":"Noticias y Actualidad"}}]},{"@type":"Organization","@id":"https:\/\/eldigitaldeasturias.com\/magazine365\/#organization","name":"El digital de Asturias","description":"Revista de ocio, turismo y estilo de vida","url":"https:\/\/eldigitaldeasturias.com\/magazine365\/","logo":{"@type":"ImageObject","url":"https:\/\/www.eldigitaldeasturias.com\/noticias\/wp-content\/uploads\/2020\/12\/EDA.jpg","@id":"https:\/\/eldigitaldeasturias.com\/magazine365\/retrasos-en-la-facturacion-del-aeropuerto-de-bruselas-por-un-corte-electrico\/#organizationLogo"},"image":{"@id":"https:\/\/eldigitaldeasturias.com\/magazine365\/retrasos-en-la-facturacion-del-aeropuerto-de-bruselas-por-un-corte-electrico\/#organizationLogo"}},{"@type":"Person","@id":"https:\/\/eldigitaldeasturias.com\/magazine365\/author\/admin\/#author","url":"https:\/\/eldigitaldeasturias.com\/magazine365\/author\/admin\/","name":"admin","image":{"@type":"ImageObject","@id":"https:\/\/eldigitaldeasturias.com\/magazine365\/retrasos-en-la-facturacion-del-aeropuerto-de-bruselas-por-un-corte-electrico\/#authorImage","url":"https:\/\/eldigitaldeasturias.com\/magazine365\/wp-content\/litespeed\/avatar\/e571bcf59a0edd6fa6838245a470f2fe.jpg?ver=1776969259","width":96,"height":96,"caption":"admin"}},{"@type":"WebPage","@id":"https:\/\/eldigitaldeasturias.com\/magazine365\/retrasos-en-la-facturacion-del-aeropuerto-de-bruselas-por-un-corte-electrico\/#webpage","url":"https:\/\/eldigitaldeasturias.com\/magazine365\/retrasos-en-la-facturacion-del-aeropuerto-de-bruselas-por-un-corte-electrico\/","name":"Retrasos en la facturaci\u00f3n del Aeropuerto de Bruselas por un corte el\u00e9ctrico | El Digital de Asturias","description":"Un corte el\u00e9ctrico ha afectado a primera hora de este viernes al Aeropuerto de Bruselas, provocando algunos retrasos a causa de la cancelaci\u00f3n del proceso de facturaci\u00f3n, si bien no ha afectado a los vuelos. Seg\u00fan las informaciones recogidas por el diario belga 'Le Soir', las zonas afectadas son las de facturaci\u00f3n de pasajeros y","inLanguage":"es-ES","isPartOf":{"@id":"https:\/\/eldigitaldeasturias.com\/magazine365\/#website"},"breadcrumb":{"@id":"https:\/\/eldigitaldeasturias.com\/magazine365\/retrasos-en-la-facturacion-del-aeropuerto-de-bruselas-por-un-corte-electrico\/#breadcrumblist"},"author":{"@id":"https:\/\/eldigitaldeasturias.com\/magazine365\/author\/admin\/#author"},"creator":{"@id":"https:\/\/eldigitaldeasturias.com\/magazine365\/author\/admin\/#author"},"image":{"@type":"ImageObject","url":"https:\/\/eldigitaldeasturias.com\/magazine365\/wp-content\/uploads\/2016\/06\/fotonoticia_20160609192221_800.jpg","@id":"https:\/\/eldigitaldeasturias.com\/magazine365\/retrasos-en-la-facturacion-del-aeropuerto-de-bruselas-por-un-corte-electrico\/#mainImage","width":800,"height":565},"primaryImageOfPage":{"@id":"https:\/\/eldigitaldeasturias.com\/magazine365\/retrasos-en-la-facturacion-del-aeropuerto-de-bruselas-por-un-corte-electrico\/#mainImage"},"datePublished":"2016-06-10T15:45:43+02:00","dateModified":"2016-06-10T15:45:43+02:00"},{"@type":"WebSite","@id":"https:\/\/eldigitaldeasturias.com\/magazine365\/#website","url":"https:\/\/eldigitaldeasturias.com\/magazine365\/","name":"El Digital de Asturias","description":"Revista de ocio, turismo y estilo de vida","inLanguage":"es-ES","publisher":{"@id":"https:\/\/eldigitaldeasturias.com\/magazine365\/#organization"}}]},"og:locale":"es_ES","og:site_name":"El Digital de Asturias \u2013 Revista de ocio, turismo y estilo de vida","og:type":"article","og:title":"Retrasos en la facturaci\u00f3n del Aeropuerto de Bruselas por un corte el\u00e9ctrico | El Digital de Asturias","og:description":"Un corte el\u00e9ctrico ha afectado a primera hora de este viernes al Aeropuerto de Bruselas, provocando algunos retrasos a causa de la cancelaci\u00f3n del proceso de facturaci\u00f3n, si bien no ha afectado a los vuelos. Seg\u00fan las informaciones recogidas por el diario belga 'Le Soir', las zonas afectadas son las de facturaci\u00f3n de pasajeros y","og:url":"https:\/\/eldigitaldeasturias.com\/magazine365\/retrasos-en-la-facturacion-del-aeropuerto-de-bruselas-por-un-corte-electrico\/","og:image":"https:\/\/eldigitaldeasturias.com\/magazine365\/wp-content\/uploads\/2016\/06\/fotonoticia_20160609192221_800.jpg","og:image:secure_url":"https:\/\/eldigitaldeasturias.com\/magazine365\/wp-content\/uploads\/2016\/06\/fotonoticia_20160609192221_800.jpg","og:image:width":800,"og:image:height":565,"article:published_time":"2016-06-10T13:45:43+00:00","article:modified_time":"2016-06-10T13:45:43+00:00","twitter:card":"summary_large_image","twitter:title":"Retrasos en la facturaci\u00f3n del Aeropuerto de Bruselas por un corte el\u00e9ctrico | El Digital de Asturias","twitter:description":"Un corte el\u00e9ctrico ha afectado a primera hora de este viernes al Aeropuerto de Bruselas, provocando algunos retrasos a causa de la cancelaci\u00f3n del proceso de facturaci\u00f3n, si bien no ha afectado a los vuelos. Seg\u00fan las informaciones recogidas por el diario belga 'Le Soir', las zonas afectadas son las de facturaci\u00f3n de pasajeros y","twitter:image":"https:\/\/eldigitaldeasturias.com\/magazine365\/wp-content\/uploads\/2016\/06\/fotonoticia_20160609192221_800.jpg"},"aioseo_meta_data":{"post_id":"78654","title":null,"description":null,"keywords":null,"keyphrases":null,"primary_term":null,"canonical_url":null,"og_title":null,"og_description":null,"og_object_type":"default","og_image_type":"default","og_image_url":null,"og_image_width":null,"og_image_height":null,"og_image_custom_url":null,"og_image_custom_fields":null,"og_video":null,"og_custom_url":null,"og_article_section":null,"og_article_tags":null,"twitter_use_og":false,"twitter_card":"default","twitter_image_type":"default","twitter_image_url":null,"twitter_image_custom_url":null,"twitter_image_custom_fields":null,"twitter_title":null,"twitter_description":null,"schema":{"blockGraphs":[],"customGraphs":[],"default":{"data":{"Article":[],"Course":[],"Dataset":[],"FAQPage":[],"Movie":[],"Person":[],"Product":[],"ProductReview":[],"Car":[],"Recipe":[],"Service":[],"SoftwareApplication":[],"WebPage":[]},"graphName":"","isEnabled":true},"graphs":[],"defaultGraph":"","defaultPostTypeGraph":""},"schema_type":null,"schema_type_options":null,"pillar_content":false,"robots_default":true,"robots_noindex":false,"robots_noarchive":false,"robots_nosnippet":false,"robots_nofollow":false,"robots_noimageindex":false,"robots_noodp":false,"robots_notranslate":false,"robots_max_snippet":null,"robots_max_videopreview":null,"robots_max_imagepreview":"large","priority":null,"frequency":null,"location":null,"local_seo":null,"seo_analyzer_scan_date":"2025-09-27 17:23:09","breadcrumb_settings":null,"limit_modified_date":false,"open_ai":null,"ai":null,"created":"2021-03-08 17:58:41","updated":"2025-09-27 17:23:09"},"aioseo_breadcrumb":"<div class=\"aioseo-breadcrumbs\"><span class=\"aioseo-breadcrumb\">\n\t<a href=\"https:\/\/eldigitaldeasturias.com\/magazine365\" title=\"Home\">Home<\/a>\n<\/span><span class=\"aioseo-breadcrumb-separator\">\u2013<\/span><span class=\"aioseo-breadcrumb\">\n\t<a href=\"https:\/\/eldigitaldeasturias.com\/magazine365\/category\/noticias-actualidad\/\" title=\"Noticias y Actualidad\">Noticias y Actualidad<\/a>\n<\/span><span class=\"aioseo-breadcrumb-separator\">\u2013<\/span><span class=\"aioseo-breadcrumb\">\n\t<a href=\"https:\/\/eldigitaldeasturias.com\/magazine365\/retrasos-en-la-facturacion-del-aeropuerto-de-bruselas-por-un-corte-electrico\/\" title=\"Retrasos en la facturaci\u00f3n del Aeropuerto de Bruselas por un corte el\u00e9ctrico\">Retrasos en la facturaci\u00f3n del Aeropuerto de Bruselas por un corte el\u00e9ctrico<\/a>\n<\/span><\/div>","aioseo_breadcrumb_json":[{"label":"Home","link":"https:\/\/eldigitaldeasturias.com\/magazine365"},{"label":"Noticias y Actualidad","link":"https:\/\/eldigitaldeasturias.com\/magazine365\/category\/noticias-actualidad\/"},{"label":"Retrasos en la facturaci\u00f3n del Aeropuerto de Bruselas por un corte el\u00e9ctrico","link":"https:\/\/eldigitaldeasturias.com\/magazine365\/retrasos-en-la-facturacion-del-aeropuerto-de-bruselas-por-un-corte-electrico\/"}],"_links":{"self":[{"href":"https:\/\/eldigitaldeasturias.com\/magazine365\/wp-json\/wp\/v2\/posts\/78654","targetHints":{"allow":["GET"]}}],"collection":[{"href":"https:\/\/eldigitaldeasturias.com\/magazine365\/wp-json\/wp\/v2\/posts"}],"about":[{"href":"https:\/\/eldigitaldeasturias.com\/magazine365\/wp-json\/wp\/v2\/types\/post"}],"author":[{"embeddable":true,"href":"https:\/\/eldigitaldeasturias.com\/magazine365\/wp-json\/wp\/v2\/users\/1"}],"replies":[{"embeddable":true,"href":"https:\/\/eldigitaldeasturias.com\/magazine365\/wp-json\/wp\/v2\/comments?post=78654"}],"version-history":[{"count":0,"href":"https:\/\/eldigitaldeasturias.com\/magazine365\/wp-json\/wp\/v2\/posts\/78654\/revisions"}],"wp:featuredmedia":[{"embeddable":true,"href":"https:\/\/eldigitaldeasturias.com\/magazine365\/wp-json\/wp\/v2\/media\/78632"}],"wp:attachment":[{"href":"https:\/\/eldigitaldeasturias.com\/magazine365\/wp-json\/wp\/v2\/media?parent=78654"}],"wp:term":[{"taxonomy":"category","embeddable":true,"href":"https:\/\/eldigitaldeasturias.com\/magazine365\/wp-json\/wp\/v2\/categories?post=78654"},{"taxonomy":"post_tag","embeddable":true,"href":"https:\/\/eldigitaldeasturias.com\/magazine365\/wp-json\/wp\/v2\/tags?post=78654"}],"curies":[{"name":"wp","href":"https:\/\/api.w.org\/{rel}","templated":true}]}}