{"id":78636,"date":"2016-06-10T15:39:50","date_gmt":"2016-06-10T13:39:50","guid":{"rendered":"http:\/\/eldigitaldeasturias.com\/magazine365\/?p=78636"},"modified":"2016-06-10T15:39:50","modified_gmt":"2016-06-10T13:39:50","slug":"el-metro-de-barcelona-hara-huelgas-parciales-del-18-al-22-de-junio-coincidiendo-con-el-sonar-y-la-campana","status":"publish","type":"post","link":"https:\/\/eldigitaldeasturias.com\/magazine365\/el-metro-de-barcelona-hara-huelgas-parciales-del-18-al-22-de-junio-coincidiendo-con-el-sonar-y-la-campana\/","title":{"rendered":"El Metro de Barcelona har\u00e1 huelgas parciales del 18 al 22 de junio coincidiendo con el S\u00f3nar y la campa\u00f1a"},"content":{"rendered":"<p><img fetchpriority=\"high\" decoding=\"async\" class=\"alignleft size-medium wp-image-78637\" src=\"https:\/\/eldigitaldeasturias.com\/magazine365\/wp-content\/uploads\/2016\/06\/fotonoticia_20160609195507_800-360x270.jpg\" alt=\"fotonoticia_20160609195507_800\" width=\"360\" height=\"270\" srcset=\"https:\/\/eldigitaldeasturias.com\/magazine365\/wp-content\/uploads\/2016\/06\/fotonoticia_20160609195507_800-360x270.jpg 360w, https:\/\/eldigitaldeasturias.com\/magazine365\/wp-content\/uploads\/2016\/06\/fotonoticia_20160609195507_800-650x488.jpg 650w, https:\/\/eldigitaldeasturias.com\/magazine365\/wp-content\/uploads\/2016\/06\/fotonoticia_20160609195507_800-768x576.jpg 768w, https:\/\/eldigitaldeasturias.com\/magazine365\/wp-content\/uploads\/2016\/06\/fotonoticia_20160609195507_800-150x113.jpg 150w, https:\/\/eldigitaldeasturias.com\/magazine365\/wp-content\/uploads\/2016\/06\/fotonoticia_20160609195507_800-450x338.jpg 450w, https:\/\/eldigitaldeasturias.com\/magazine365\/wp-content\/uploads\/2016\/06\/fotonoticia_20160609195507_800-90x67.jpg 90w, https:\/\/eldigitaldeasturias.com\/magazine365\/wp-content\/uploads\/2016\/06\/fotonoticia_20160609195507_800-164x124.jpg 164w, https:\/\/eldigitaldeasturias.com\/magazine365\/wp-content\/uploads\/2016\/06\/fotonoticia_20160609195507_800-100x75.jpg 100w, https:\/\/eldigitaldeasturias.com\/magazine365\/wp-content\/uploads\/2016\/06\/fotonoticia_20160609195507_800.jpg 800w\" sizes=\"(max-width: 360px) 100vw, 360px\" \/>Los trabajadores del Metro de Barcelona han decidido este jueves en asamblea hacer huelgas parciales el s\u00e1bado 18 y el domingo 19 coincidiendo con el S\u00f3nar, y del lunes 20 al mi\u00e9rcoles 22 con la campa\u00f1a electoral de los comicios del 26 de junio, seg\u00fan fuentes sindicales.<\/p>\n<p>Las mismas fuentes han explicado a Europa Press que el Metro no har\u00e1 huelga por Sant Joan pese a que se hab\u00eda apuntado esta posibilidad, y que esta opci\u00f3n finalmente ni se ha abordado ni votado en la asamblea.<\/p>\n<p>Ante los paros del s\u00e1bado y el domingo, el 45,6% de los m\u00e1s de 400 trabajadores asistentes han votado a favor; el 43% en contra, y el 11% se ha abstenido, mientras que en los del lunes al mi\u00e9rcoles han sido apoyados por el 87,3% y rechazados por el 7,6%, con el 4,9% de abstenciones.<\/p>\n<p>Los paros del s\u00e1bado 18 se har\u00e1n de medianoche a las 2.50 horas; de las 4.30 a las 7.30 y de las 18.00 horas a medianoche, mientras que los del domingo 19 ser\u00e1n de las 4.30 a las 7.30 y de las 16.44 a las 19.48 horas.<\/p>\n<p>Han convocados estas huelgas para pedir mejoras en el convenio colectivo, para lo que tambi\u00e9n hicieron paros durante el Mobile World Congress (MWC), la feria Alimentaria, el partido entre el FC Barcelona y el Real Madrid y tambi\u00e9n del lunes al jueves de la pasada semana.<\/p>\n","protected":false},"excerpt":{"rendered":"<p>Los trabajadores del Metro de Barcelona han decidido este jueves en asamblea hacer huelgas parciales el s\u00e1bado 18 y el domingo 19 coincidiendo con el S\u00f3nar, y del lunes 20 al mi\u00e9rcoles 22 con la campa\u00f1a electoral de los comicios del 26 de junio, seg\u00fan fuentes sindicales. Las mismas fuentes han explicado a Europa Press<\/p>\n","protected":false},"author":1,"featured_media":78637,"comment_status":"open","ping_status":"closed","sticky":false,"template":"","format":"standard","meta":{"footnotes":""},"categories":[224],"tags":[],"class_list":{"0":"post-78636","1":"post","2":"type-post","3":"status-publish","4":"format-standard","5":"has-post-thumbnail","7":"category-noticias-actualidad"},"aioseo_notices":[],"aioseo_head":"\n\t\t<!-- All in One SEO Pro 4.9.6.1 - aioseo.com -->\n\t<meta name=\"description\" content=\"Los trabajadores del Metro de Barcelona han decidido este jueves en asamblea hacer huelgas parciales el s\u00e1bado 18 y el domingo 19 coincidiendo con el S\u00f3nar, y del lunes 20 al mi\u00e9rcoles 22 con la campa\u00f1a electoral de los comicios del 26 de junio, seg\u00fan fuentes sindicales. Las mismas fuentes han explicado a Europa Press\" \/>\n\t<meta name=\"robots\" content=\"max-image-preview:large\" \/>\n\t<meta name=\"author\" content=\"admin\"\/>\n\t<meta name=\"google-site-verification\" content=\"UA-38556648-1\" \/>\n\t<meta name=\"keywords\" content=\"noticias y actualidad\" \/>\n\t<link rel=\"canonical\" href=\"https:\/\/eldigitaldeasturias.com\/magazine365\/el-metro-de-barcelona-hara-huelgas-parciales-del-18-al-22-de-junio-coincidiendo-con-el-sonar-y-la-campana\/\" \/>\n\t<meta name=\"generator\" content=\"All in One SEO Pro (AIOSEO) 4.9.6.1\" \/>\n\t\t<meta property=\"og:locale\" content=\"es_ES\" \/>\n\t\t<meta property=\"og:site_name\" content=\"El Digital de Asturias \u2013 Revista de ocio, turismo y estilo de vida\" \/>\n\t\t<meta property=\"og:type\" content=\"article\" \/>\n\t\t<meta property=\"og:title\" content=\"El Metro de Barcelona har\u00e1 huelgas parciales del 18 al 22 de junio coincidiendo con el S\u00f3nar y la campa\u00f1a | El Digital de Asturias\" \/>\n\t\t<meta property=\"og:description\" content=\"Los trabajadores del Metro de Barcelona han decidido este jueves en asamblea hacer huelgas parciales el s\u00e1bado 18 y el domingo 19 coincidiendo con el S\u00f3nar, y del lunes 20 al mi\u00e9rcoles 22 con la campa\u00f1a electoral de los comicios del 26 de junio, seg\u00fan fuentes sindicales. Las mismas fuentes han explicado a Europa Press\" \/>\n\t\t<meta property=\"og:url\" content=\"https:\/\/eldigitaldeasturias.com\/magazine365\/el-metro-de-barcelona-hara-huelgas-parciales-del-18-al-22-de-junio-coincidiendo-con-el-sonar-y-la-campana\/\" \/>\n\t\t<meta property=\"og:image\" content=\"https:\/\/eldigitaldeasturias.com\/magazine365\/wp-content\/uploads\/2016\/06\/fotonoticia_20160609195507_800.jpg\" \/>\n\t\t<meta property=\"og:image:secure_url\" content=\"https:\/\/eldigitaldeasturias.com\/magazine365\/wp-content\/uploads\/2016\/06\/fotonoticia_20160609195507_800.jpg\" \/>\n\t\t<meta property=\"og:image:width\" content=\"800\" \/>\n\t\t<meta property=\"og:image:height\" content=\"600\" \/>\n\t\t<meta property=\"article:published_time\" content=\"2016-06-10T13:39:50+00:00\" \/>\n\t\t<meta property=\"article:modified_time\" content=\"2016-06-10T13:39:50+00:00\" \/>\n\t\t<meta name=\"twitter:card\" content=\"summary_large_image\" \/>\n\t\t<meta name=\"twitter:title\" content=\"El Metro de Barcelona har\u00e1 huelgas parciales del 18 al 22 de junio coincidiendo con el S\u00f3nar y la campa\u00f1a | El Digital de Asturias\" \/>\n\t\t<meta name=\"twitter:description\" content=\"Los trabajadores del Metro de Barcelona han decidido este jueves en asamblea hacer huelgas parciales el s\u00e1bado 18 y el domingo 19 coincidiendo con el S\u00f3nar, y del lunes 20 al mi\u00e9rcoles 22 con la campa\u00f1a electoral de los comicios del 26 de junio, seg\u00fan fuentes sindicales. Las mismas fuentes han explicado a Europa Press\" \/>\n\t\t<meta name=\"twitter:image\" content=\"https:\/\/eldigitaldeasturias.com\/magazine365\/wp-content\/uploads\/2016\/06\/fotonoticia_20160609195507_800.jpg\" \/>\n\t\t<script type=\"application\/ld+json\" class=\"aioseo-schema\">\n\t\t\t{\"@context\":\"https:\\\/\\\/schema.org\",\"@graph\":[{\"@type\":\"Article\",\"@id\":\"https:\\\/\\\/eldigitaldeasturias.com\\\/magazine365\\\/el-metro-de-barcelona-hara-huelgas-parciales-del-18-al-22-de-junio-coincidiendo-con-el-sonar-y-la-campana\\\/#article\",\"name\":\"El Metro de Barcelona har\\u00e1 huelgas parciales del 18 al 22 de junio coincidiendo con el S\\u00f3nar y la campa\\u00f1a | El Digital de Asturias\",\"headline\":\"El Metro de Barcelona har\\u00e1 huelgas parciales del 18 al 22 de junio coincidiendo con el S\\u00f3nar y la campa\\u00f1a\",\"author\":{\"@id\":\"https:\\\/\\\/eldigitaldeasturias.com\\\/magazine365\\\/author\\\/admin\\\/#author\"},\"publisher\":{\"@id\":\"https:\\\/\\\/eldigitaldeasturias.com\\\/magazine365\\\/#organization\"},\"image\":{\"@type\":\"ImageObject\",\"url\":\"https:\\\/\\\/eldigitaldeasturias.com\\\/magazine365\\\/wp-content\\\/uploads\\\/2016\\\/06\\\/fotonoticia_20160609195507_800.jpg\",\"width\":800,\"height\":600},\"datePublished\":\"2016-06-10T15:39:50+02:00\",\"dateModified\":\"2016-06-10T15:39:50+02:00\",\"inLanguage\":\"es-ES\",\"mainEntityOfPage\":{\"@id\":\"https:\\\/\\\/eldigitaldeasturias.com\\\/magazine365\\\/el-metro-de-barcelona-hara-huelgas-parciales-del-18-al-22-de-junio-coincidiendo-con-el-sonar-y-la-campana\\\/#webpage\"},\"isPartOf\":{\"@id\":\"https:\\\/\\\/eldigitaldeasturias.com\\\/magazine365\\\/el-metro-de-barcelona-hara-huelgas-parciales-del-18-al-22-de-junio-coincidiendo-con-el-sonar-y-la-campana\\\/#webpage\"},\"articleSection\":\"Noticias y Actualidad\"},{\"@type\":\"BreadcrumbList\",\"@id\":\"https:\\\/\\\/eldigitaldeasturias.com\\\/magazine365\\\/el-metro-de-barcelona-hara-huelgas-parciales-del-18-al-22-de-junio-coincidiendo-con-el-sonar-y-la-campana\\\/#breadcrumblist\",\"itemListElement\":[{\"@type\":\"ListItem\",\"@id\":\"https:\\\/\\\/eldigitaldeasturias.com\\\/magazine365#listItem\",\"position\":1,\"name\":\"Home\",\"item\":\"https:\\\/\\\/eldigitaldeasturias.com\\\/magazine365\",\"nextItem\":{\"@type\":\"ListItem\",\"@id\":\"https:\\\/\\\/eldigitaldeasturias.com\\\/magazine365\\\/category\\\/noticias-actualidad\\\/#listItem\",\"name\":\"Noticias y Actualidad\"}},{\"@type\":\"ListItem\",\"@id\":\"https:\\\/\\\/eldigitaldeasturias.com\\\/magazine365\\\/category\\\/noticias-actualidad\\\/#listItem\",\"position\":2,\"name\":\"Noticias y Actualidad\",\"item\":\"https:\\\/\\\/eldigitaldeasturias.com\\\/magazine365\\\/category\\\/noticias-actualidad\\\/\",\"nextItem\":{\"@type\":\"ListItem\",\"@id\":\"https:\\\/\\\/eldigitaldeasturias.com\\\/magazine365\\\/el-metro-de-barcelona-hara-huelgas-parciales-del-18-al-22-de-junio-coincidiendo-con-el-sonar-y-la-campana\\\/#listItem\",\"name\":\"El Metro de Barcelona har\\u00e1 huelgas parciales del 18 al 22 de junio coincidiendo con el S\\u00f3nar y la campa\\u00f1a\"},\"previousItem\":{\"@type\":\"ListItem\",\"@id\":\"https:\\\/\\\/eldigitaldeasturias.com\\\/magazine365#listItem\",\"name\":\"Home\"}},{\"@type\":\"ListItem\",\"@id\":\"https:\\\/\\\/eldigitaldeasturias.com\\\/magazine365\\\/el-metro-de-barcelona-hara-huelgas-parciales-del-18-al-22-de-junio-coincidiendo-con-el-sonar-y-la-campana\\\/#listItem\",\"position\":3,\"name\":\"El Metro de Barcelona har\\u00e1 huelgas parciales del 18 al 22 de junio coincidiendo con el S\\u00f3nar y la campa\\u00f1a\",\"previousItem\":{\"@type\":\"ListItem\",\"@id\":\"https:\\\/\\\/eldigitaldeasturias.com\\\/magazine365\\\/category\\\/noticias-actualidad\\\/#listItem\",\"name\":\"Noticias y Actualidad\"}}]},{\"@type\":\"Organization\",\"@id\":\"https:\\\/\\\/eldigitaldeasturias.com\\\/magazine365\\\/#organization\",\"name\":\"El digital de Asturias\",\"description\":\"Revista de ocio, turismo y estilo de vida\",\"url\":\"https:\\\/\\\/eldigitaldeasturias.com\\\/magazine365\\\/\",\"logo\":{\"@type\":\"ImageObject\",\"url\":\"https:\\\/\\\/www.eldigitaldeasturias.com\\\/noticias\\\/wp-content\\\/uploads\\\/2020\\\/12\\\/EDA.jpg\",\"@id\":\"https:\\\/\\\/eldigitaldeasturias.com\\\/magazine365\\\/el-metro-de-barcelona-hara-huelgas-parciales-del-18-al-22-de-junio-coincidiendo-con-el-sonar-y-la-campana\\\/#organizationLogo\"},\"image\":{\"@id\":\"https:\\\/\\\/eldigitaldeasturias.com\\\/magazine365\\\/el-metro-de-barcelona-hara-huelgas-parciales-del-18-al-22-de-junio-coincidiendo-con-el-sonar-y-la-campana\\\/#organizationLogo\"}},{\"@type\":\"Person\",\"@id\":\"https:\\\/\\\/eldigitaldeasturias.com\\\/magazine365\\\/author\\\/admin\\\/#author\",\"url\":\"https:\\\/\\\/eldigitaldeasturias.com\\\/magazine365\\\/author\\\/admin\\\/\",\"name\":\"admin\",\"image\":{\"@type\":\"ImageObject\",\"@id\":\"https:\\\/\\\/eldigitaldeasturias.com\\\/magazine365\\\/el-metro-de-barcelona-hara-huelgas-parciales-del-18-al-22-de-junio-coincidiendo-con-el-sonar-y-la-campana\\\/#authorImage\",\"url\":\"https:\\\/\\\/eldigitaldeasturias.com\\\/magazine365\\\/wp-content\\\/litespeed\\\/avatar\\\/e571bcf59a0edd6fa6838245a470f2fe.jpg?ver=1776969259\",\"width\":96,\"height\":96,\"caption\":\"admin\"}},{\"@type\":\"WebPage\",\"@id\":\"https:\\\/\\\/eldigitaldeasturias.com\\\/magazine365\\\/el-metro-de-barcelona-hara-huelgas-parciales-del-18-al-22-de-junio-coincidiendo-con-el-sonar-y-la-campana\\\/#webpage\",\"url\":\"https:\\\/\\\/eldigitaldeasturias.com\\\/magazine365\\\/el-metro-de-barcelona-hara-huelgas-parciales-del-18-al-22-de-junio-coincidiendo-con-el-sonar-y-la-campana\\\/\",\"name\":\"El Metro de Barcelona har\\u00e1 huelgas parciales del 18 al 22 de junio coincidiendo con el S\\u00f3nar y la campa\\u00f1a | El Digital de Asturias\",\"description\":\"Los trabajadores del Metro de Barcelona han decidido este jueves en asamblea hacer huelgas parciales el s\\u00e1bado 18 y el domingo 19 coincidiendo con el S\\u00f3nar, y del lunes 20 al mi\\u00e9rcoles 22 con la campa\\u00f1a electoral de los comicios del 26 de junio, seg\\u00fan fuentes sindicales. Las mismas fuentes han explicado a Europa Press\",\"inLanguage\":\"es-ES\",\"isPartOf\":{\"@id\":\"https:\\\/\\\/eldigitaldeasturias.com\\\/magazine365\\\/#website\"},\"breadcrumb\":{\"@id\":\"https:\\\/\\\/eldigitaldeasturias.com\\\/magazine365\\\/el-metro-de-barcelona-hara-huelgas-parciales-del-18-al-22-de-junio-coincidiendo-con-el-sonar-y-la-campana\\\/#breadcrumblist\"},\"author\":{\"@id\":\"https:\\\/\\\/eldigitaldeasturias.com\\\/magazine365\\\/author\\\/admin\\\/#author\"},\"creator\":{\"@id\":\"https:\\\/\\\/eldigitaldeasturias.com\\\/magazine365\\\/author\\\/admin\\\/#author\"},\"image\":{\"@type\":\"ImageObject\",\"url\":\"https:\\\/\\\/eldigitaldeasturias.com\\\/magazine365\\\/wp-content\\\/uploads\\\/2016\\\/06\\\/fotonoticia_20160609195507_800.jpg\",\"@id\":\"https:\\\/\\\/eldigitaldeasturias.com\\\/magazine365\\\/el-metro-de-barcelona-hara-huelgas-parciales-del-18-al-22-de-junio-coincidiendo-con-el-sonar-y-la-campana\\\/#mainImage\",\"width\":800,\"height\":600},\"primaryImageOfPage\":{\"@id\":\"https:\\\/\\\/eldigitaldeasturias.com\\\/magazine365\\\/el-metro-de-barcelona-hara-huelgas-parciales-del-18-al-22-de-junio-coincidiendo-con-el-sonar-y-la-campana\\\/#mainImage\"},\"datePublished\":\"2016-06-10T15:39:50+02:00\",\"dateModified\":\"2016-06-10T15:39:50+02:00\"},{\"@type\":\"WebSite\",\"@id\":\"https:\\\/\\\/eldigitaldeasturias.com\\\/magazine365\\\/#website\",\"url\":\"https:\\\/\\\/eldigitaldeasturias.com\\\/magazine365\\\/\",\"name\":\"El Digital de Asturias\",\"description\":\"Revista de ocio, turismo y estilo de vida\",\"inLanguage\":\"es-ES\",\"publisher\":{\"@id\":\"https:\\\/\\\/eldigitaldeasturias.com\\\/magazine365\\\/#organization\"}}]}\n\t\t<\/script>\n\t\t<!-- All in One SEO Pro -->\r\n\t\t<title>El Metro de Barcelona har\u00e1 huelgas parciales del 18 al 22 de junio coincidiendo con el S\u00f3nar y la campa\u00f1a | El Digital de Asturias<\/title>\n\n","aioseo_head_json":{"title":"El Metro de Barcelona har\u00e1 huelgas parciales del 18 al 22 de junio coincidiendo con el S\u00f3nar y la campa\u00f1a | El Digital de Asturias","description":"Los trabajadores del Metro de Barcelona han decidido este jueves en asamblea hacer huelgas parciales el s\u00e1bado 18 y el domingo 19 coincidiendo con el S\u00f3nar, y del lunes 20 al mi\u00e9rcoles 22 con la campa\u00f1a electoral de los comicios del 26 de junio, seg\u00fan fuentes sindicales. Las mismas fuentes han explicado a Europa Press","canonical_url":"https:\/\/eldigitaldeasturias.com\/magazine365\/el-metro-de-barcelona-hara-huelgas-parciales-del-18-al-22-de-junio-coincidiendo-con-el-sonar-y-la-campana\/","robots":"max-image-preview:large","keywords":"noticias y actualidad","webmasterTools":{"google-site-verification":"UA-38556648-1","miscellaneous":""},"schema":{"@context":"https:\/\/schema.org","@graph":[{"@type":"Article","@id":"https:\/\/eldigitaldeasturias.com\/magazine365\/el-metro-de-barcelona-hara-huelgas-parciales-del-18-al-22-de-junio-coincidiendo-con-el-sonar-y-la-campana\/#article","name":"El Metro de Barcelona har\u00e1 huelgas parciales del 18 al 22 de junio coincidiendo con el S\u00f3nar y la campa\u00f1a | El Digital de Asturias","headline":"El Metro de Barcelona har\u00e1 huelgas parciales del 18 al 22 de junio coincidiendo con el S\u00f3nar y la campa\u00f1a","author":{"@id":"https:\/\/eldigitaldeasturias.com\/magazine365\/author\/admin\/#author"},"publisher":{"@id":"https:\/\/eldigitaldeasturias.com\/magazine365\/#organization"},"image":{"@type":"ImageObject","url":"https:\/\/eldigitaldeasturias.com\/magazine365\/wp-content\/uploads\/2016\/06\/fotonoticia_20160609195507_800.jpg","width":800,"height":600},"datePublished":"2016-06-10T15:39:50+02:00","dateModified":"2016-06-10T15:39:50+02:00","inLanguage":"es-ES","mainEntityOfPage":{"@id":"https:\/\/eldigitaldeasturias.com\/magazine365\/el-metro-de-barcelona-hara-huelgas-parciales-del-18-al-22-de-junio-coincidiendo-con-el-sonar-y-la-campana\/#webpage"},"isPartOf":{"@id":"https:\/\/eldigitaldeasturias.com\/magazine365\/el-metro-de-barcelona-hara-huelgas-parciales-del-18-al-22-de-junio-coincidiendo-con-el-sonar-y-la-campana\/#webpage"},"articleSection":"Noticias y Actualidad"},{"@type":"BreadcrumbList","@id":"https:\/\/eldigitaldeasturias.com\/magazine365\/el-metro-de-barcelona-hara-huelgas-parciales-del-18-al-22-de-junio-coincidiendo-con-el-sonar-y-la-campana\/#breadcrumblist","itemListElement":[{"@type":"ListItem","@id":"https:\/\/eldigitaldeasturias.com\/magazine365#listItem","position":1,"name":"Home","item":"https:\/\/eldigitaldeasturias.com\/magazine365","nextItem":{"@type":"ListItem","@id":"https:\/\/eldigitaldeasturias.com\/magazine365\/category\/noticias-actualidad\/#listItem","name":"Noticias y Actualidad"}},{"@type":"ListItem","@id":"https:\/\/eldigitaldeasturias.com\/magazine365\/category\/noticias-actualidad\/#listItem","position":2,"name":"Noticias y Actualidad","item":"https:\/\/eldigitaldeasturias.com\/magazine365\/category\/noticias-actualidad\/","nextItem":{"@type":"ListItem","@id":"https:\/\/eldigitaldeasturias.com\/magazine365\/el-metro-de-barcelona-hara-huelgas-parciales-del-18-al-22-de-junio-coincidiendo-con-el-sonar-y-la-campana\/#listItem","name":"El Metro de Barcelona har\u00e1 huelgas parciales del 18 al 22 de junio coincidiendo con el S\u00f3nar y la campa\u00f1a"},"previousItem":{"@type":"ListItem","@id":"https:\/\/eldigitaldeasturias.com\/magazine365#listItem","name":"Home"}},{"@type":"ListItem","@id":"https:\/\/eldigitaldeasturias.com\/magazine365\/el-metro-de-barcelona-hara-huelgas-parciales-del-18-al-22-de-junio-coincidiendo-con-el-sonar-y-la-campana\/#listItem","position":3,"name":"El Metro de Barcelona har\u00e1 huelgas parciales del 18 al 22 de junio coincidiendo con el S\u00f3nar y la campa\u00f1a","previousItem":{"@type":"ListItem","@id":"https:\/\/eldigitaldeasturias.com\/magazine365\/category\/noticias-actualidad\/#listItem","name":"Noticias y Actualidad"}}]},{"@type":"Organization","@id":"https:\/\/eldigitaldeasturias.com\/magazine365\/#organization","name":"El digital de Asturias","description":"Revista de ocio, turismo y estilo de vida","url":"https:\/\/eldigitaldeasturias.com\/magazine365\/","logo":{"@type":"ImageObject","url":"https:\/\/www.eldigitaldeasturias.com\/noticias\/wp-content\/uploads\/2020\/12\/EDA.jpg","@id":"https:\/\/eldigitaldeasturias.com\/magazine365\/el-metro-de-barcelona-hara-huelgas-parciales-del-18-al-22-de-junio-coincidiendo-con-el-sonar-y-la-campana\/#organizationLogo"},"image":{"@id":"https:\/\/eldigitaldeasturias.com\/magazine365\/el-metro-de-barcelona-hara-huelgas-parciales-del-18-al-22-de-junio-coincidiendo-con-el-sonar-y-la-campana\/#organizationLogo"}},{"@type":"Person","@id":"https:\/\/eldigitaldeasturias.com\/magazine365\/author\/admin\/#author","url":"https:\/\/eldigitaldeasturias.com\/magazine365\/author\/admin\/","name":"admin","image":{"@type":"ImageObject","@id":"https:\/\/eldigitaldeasturias.com\/magazine365\/el-metro-de-barcelona-hara-huelgas-parciales-del-18-al-22-de-junio-coincidiendo-con-el-sonar-y-la-campana\/#authorImage","url":"https:\/\/eldigitaldeasturias.com\/magazine365\/wp-content\/litespeed\/avatar\/e571bcf59a0edd6fa6838245a470f2fe.jpg?ver=1776969259","width":96,"height":96,"caption":"admin"}},{"@type":"WebPage","@id":"https:\/\/eldigitaldeasturias.com\/magazine365\/el-metro-de-barcelona-hara-huelgas-parciales-del-18-al-22-de-junio-coincidiendo-con-el-sonar-y-la-campana\/#webpage","url":"https:\/\/eldigitaldeasturias.com\/magazine365\/el-metro-de-barcelona-hara-huelgas-parciales-del-18-al-22-de-junio-coincidiendo-con-el-sonar-y-la-campana\/","name":"El Metro de Barcelona har\u00e1 huelgas parciales del 18 al 22 de junio coincidiendo con el S\u00f3nar y la campa\u00f1a | El Digital de Asturias","description":"Los trabajadores del Metro de Barcelona han decidido este jueves en asamblea hacer huelgas parciales el s\u00e1bado 18 y el domingo 19 coincidiendo con el S\u00f3nar, y del lunes 20 al mi\u00e9rcoles 22 con la campa\u00f1a electoral de los comicios del 26 de junio, seg\u00fan fuentes sindicales. Las mismas fuentes han explicado a Europa Press","inLanguage":"es-ES","isPartOf":{"@id":"https:\/\/eldigitaldeasturias.com\/magazine365\/#website"},"breadcrumb":{"@id":"https:\/\/eldigitaldeasturias.com\/magazine365\/el-metro-de-barcelona-hara-huelgas-parciales-del-18-al-22-de-junio-coincidiendo-con-el-sonar-y-la-campana\/#breadcrumblist"},"author":{"@id":"https:\/\/eldigitaldeasturias.com\/magazine365\/author\/admin\/#author"},"creator":{"@id":"https:\/\/eldigitaldeasturias.com\/magazine365\/author\/admin\/#author"},"image":{"@type":"ImageObject","url":"https:\/\/eldigitaldeasturias.com\/magazine365\/wp-content\/uploads\/2016\/06\/fotonoticia_20160609195507_800.jpg","@id":"https:\/\/eldigitaldeasturias.com\/magazine365\/el-metro-de-barcelona-hara-huelgas-parciales-del-18-al-22-de-junio-coincidiendo-con-el-sonar-y-la-campana\/#mainImage","width":800,"height":600},"primaryImageOfPage":{"@id":"https:\/\/eldigitaldeasturias.com\/magazine365\/el-metro-de-barcelona-hara-huelgas-parciales-del-18-al-22-de-junio-coincidiendo-con-el-sonar-y-la-campana\/#mainImage"},"datePublished":"2016-06-10T15:39:50+02:00","dateModified":"2016-06-10T15:39:50+02:00"},{"@type":"WebSite","@id":"https:\/\/eldigitaldeasturias.com\/magazine365\/#website","url":"https:\/\/eldigitaldeasturias.com\/magazine365\/","name":"El Digital de Asturias","description":"Revista de ocio, turismo y estilo de vida","inLanguage":"es-ES","publisher":{"@id":"https:\/\/eldigitaldeasturias.com\/magazine365\/#organization"}}]},"og:locale":"es_ES","og:site_name":"El Digital de Asturias \u2013 Revista de ocio, turismo y estilo de vida","og:type":"article","og:title":"El Metro de Barcelona har\u00e1 huelgas parciales del 18 al 22 de junio coincidiendo con el S\u00f3nar y la campa\u00f1a | El Digital de Asturias","og:description":"Los trabajadores del Metro de Barcelona han decidido este jueves en asamblea hacer huelgas parciales el s\u00e1bado 18 y el domingo 19 coincidiendo con el S\u00f3nar, y del lunes 20 al mi\u00e9rcoles 22 con la campa\u00f1a electoral de los comicios del 26 de junio, seg\u00fan fuentes sindicales. Las mismas fuentes han explicado a Europa Press","og:url":"https:\/\/eldigitaldeasturias.com\/magazine365\/el-metro-de-barcelona-hara-huelgas-parciales-del-18-al-22-de-junio-coincidiendo-con-el-sonar-y-la-campana\/","og:image":"https:\/\/eldigitaldeasturias.com\/magazine365\/wp-content\/uploads\/2016\/06\/fotonoticia_20160609195507_800.jpg","og:image:secure_url":"https:\/\/eldigitaldeasturias.com\/magazine365\/wp-content\/uploads\/2016\/06\/fotonoticia_20160609195507_800.jpg","og:image:width":800,"og:image:height":600,"article:published_time":"2016-06-10T13:39:50+00:00","article:modified_time":"2016-06-10T13:39:50+00:00","twitter:card":"summary_large_image","twitter:title":"El Metro de Barcelona har\u00e1 huelgas parciales del 18 al 22 de junio coincidiendo con el S\u00f3nar y la campa\u00f1a | El Digital de Asturias","twitter:description":"Los trabajadores del Metro de Barcelona han decidido este jueves en asamblea hacer huelgas parciales el s\u00e1bado 18 y el domingo 19 coincidiendo con el S\u00f3nar, y del lunes 20 al mi\u00e9rcoles 22 con la campa\u00f1a electoral de los comicios del 26 de junio, seg\u00fan fuentes sindicales. Las mismas fuentes han explicado a Europa Press","twitter:image":"https:\/\/eldigitaldeasturias.com\/magazine365\/wp-content\/uploads\/2016\/06\/fotonoticia_20160609195507_800.jpg"},"aioseo_meta_data":{"post_id":"78636","title":null,"description":null,"keywords":null,"keyphrases":null,"primary_term":null,"canonical_url":null,"og_title":null,"og_description":null,"og_object_type":"default","og_image_type":"default","og_image_url":null,"og_image_width":null,"og_image_height":null,"og_image_custom_url":null,"og_image_custom_fields":null,"og_video":null,"og_custom_url":null,"og_article_section":null,"og_article_tags":null,"twitter_use_og":false,"twitter_card":"default","twitter_image_type":"default","twitter_image_url":null,"twitter_image_custom_url":null,"twitter_image_custom_fields":null,"twitter_title":null,"twitter_description":null,"schema":{"blockGraphs":[],"customGraphs":[],"default":{"data":{"Article":[],"Course":[],"Dataset":[],"FAQPage":[],"Movie":[],"Person":[],"Product":[],"ProductReview":[],"Car":[],"Recipe":[],"Service":[],"SoftwareApplication":[],"WebPage":[]},"graphName":"","isEnabled":true},"graphs":[]},"schema_type":null,"schema_type_options":null,"pillar_content":false,"robots_default":true,"robots_noindex":false,"robots_noarchive":false,"robots_nosnippet":false,"robots_nofollow":false,"robots_noimageindex":false,"robots_noodp":false,"robots_notranslate":false,"robots_max_snippet":null,"robots_max_videopreview":null,"robots_max_imagepreview":"large","priority":null,"frequency":null,"location":null,"local_seo":null,"seo_analyzer_scan_date":"2025-09-27 17:21:04","breadcrumb_settings":null,"limit_modified_date":false,"open_ai":null,"ai":null,"created":"2021-03-08 17:58:41","updated":"2025-09-27 17:21:04"},"aioseo_breadcrumb":"<div class=\"aioseo-breadcrumbs\"><span class=\"aioseo-breadcrumb\">\n\t<a href=\"https:\/\/eldigitaldeasturias.com\/magazine365\" title=\"Home\">Home<\/a>\n<\/span><span class=\"aioseo-breadcrumb-separator\">\u2013<\/span><span class=\"aioseo-breadcrumb\">\n\t<a href=\"https:\/\/eldigitaldeasturias.com\/magazine365\/category\/noticias-actualidad\/\" title=\"Noticias y Actualidad\">Noticias y Actualidad<\/a>\n<\/span><span class=\"aioseo-breadcrumb-separator\">\u2013<\/span><span class=\"aioseo-breadcrumb\">\n\t<a href=\"https:\/\/eldigitaldeasturias.com\/magazine365\/el-metro-de-barcelona-hara-huelgas-parciales-del-18-al-22-de-junio-coincidiendo-con-el-sonar-y-la-campana\/\" title=\"El Metro de Barcelona har\u00e1 huelgas parciales del 18 al 22 de junio coincidiendo con el S\u00f3nar y la campa\u00f1a\">El Metro de Barcelona har\u00e1 huelgas parciales del 18 al 22 de junio coincidiendo con el S\u00f3nar y la campa\u00f1a<\/a>\n<\/span><\/div>","aioseo_breadcrumb_json":[{"label":"Home","link":"https:\/\/eldigitaldeasturias.com\/magazine365"},{"label":"Noticias y Actualidad","link":"https:\/\/eldigitaldeasturias.com\/magazine365\/category\/noticias-actualidad\/"},{"label":"El Metro de Barcelona har\u00e1 huelgas parciales del 18 al 22 de junio coincidiendo con el S\u00f3nar y la campa\u00f1a","link":"https:\/\/eldigitaldeasturias.com\/magazine365\/el-metro-de-barcelona-hara-huelgas-parciales-del-18-al-22-de-junio-coincidiendo-con-el-sonar-y-la-campana\/"}],"_links":{"self":[{"href":"https:\/\/eldigitaldeasturias.com\/magazine365\/wp-json\/wp\/v2\/posts\/78636","targetHints":{"allow":["GET"]}}],"collection":[{"href":"https:\/\/eldigitaldeasturias.com\/magazine365\/wp-json\/wp\/v2\/posts"}],"about":[{"href":"https:\/\/eldigitaldeasturias.com\/magazine365\/wp-json\/wp\/v2\/types\/post"}],"author":[{"embeddable":true,"href":"https:\/\/eldigitaldeasturias.com\/magazine365\/wp-json\/wp\/v2\/users\/1"}],"replies":[{"embeddable":true,"href":"https:\/\/eldigitaldeasturias.com\/magazine365\/wp-json\/wp\/v2\/comments?post=78636"}],"version-history":[{"count":0,"href":"https:\/\/eldigitaldeasturias.com\/magazine365\/wp-json\/wp\/v2\/posts\/78636\/revisions"}],"wp:featuredmedia":[{"embeddable":true,"href":"https:\/\/eldigitaldeasturias.com\/magazine365\/wp-json\/wp\/v2\/media\/78637"}],"wp:attachment":[{"href":"https:\/\/eldigitaldeasturias.com\/magazine365\/wp-json\/wp\/v2\/media?parent=78636"}],"wp:term":[{"taxonomy":"category","embeddable":true,"href":"https:\/\/eldigitaldeasturias.com\/magazine365\/wp-json\/wp\/v2\/categories?post=78636"},{"taxonomy":"post_tag","embeddable":true,"href":"https:\/\/eldigitaldeasturias.com\/magazine365\/wp-json\/wp\/v2\/tags?post=78636"}],"curies":[{"name":"wp","href":"https:\/\/api.w.org\/{rel}","templated":true}]}}