{"id":78634,"date":"2016-06-10T15:38:11","date_gmt":"2016-06-10T13:38:11","guid":{"rendered":"http:\/\/eldigitaldeasturias.com\/magazine365\/?p=78634"},"modified":"2016-06-10T15:38:11","modified_gmt":"2016-06-10T13:38:11","slug":"los-aeropuertos-europeos-niegan-haber-subido-un-80-las-tasas","status":"publish","type":"post","link":"https:\/\/eldigitaldeasturias.com\/magazine365\/los-aeropuertos-europeos-niegan-haber-subido-un-80-las-tasas\/","title":{"rendered":"Los aeropuertos europeos niegan haber subido un 80% las tasas"},"content":{"rendered":"<p>Los grandes aeropuertos europeos han negado este jueves haber subido las tasas hasta un 80 por ciento en la \u00faltima d\u00e9cada como ha denunciado Airlines For Europea (A4E) creada en enero por IAG, Lufthansa, Ryanair, easyJet y Air France-KLM y han asegurado que la subida media real ha sido un 25,4% e \u00abinferior a los tres euros por pasajero\u00bb.<\/p>\n<p>La filial europea del Consejo Internacional de Aeropuertos (ACI Europe) ha asegurado en un informe publicado este jueves &#8211;que incluye datos de 21 aeropuertos en Europa&#8211; que las tasas han crecido entre un 10,7% y un 130,5% en una decena de aeropuertos entre el 2005 y el 2014, mientras que en otros once aeropuertos las tasas han experimentado desde entre una ca\u00edda del 26,4% a un aumento del 3,1%.<\/p>\n<p>\u00abBasado en la informaci\u00f3n p\u00fablica, los aeropuertos de Barcelona, Madrid y Palma de Mallorca est\u00e1n incluidos en el grupo A\u00bb, es decir, entre los que han subido las tasas entre un 10,7% y un 130,5%, ha explicado ACI Europe en su informe, en el que ha precisado que s\u00f3lo ha desglosado los datos de las terminales que le han dado \u00abpermiso para publicar sus datos.<\/p>\n<p>Las tres terminales espa\u00f1olas incluidas en el informe son las \u00fanicas del total de 21 que no han autorizado la difusi\u00f3n de sus datos.<\/p>\n<p>En el caso del primer grupo, las tasas experimentaron la mayor subida en el aeropuerto de London Heathrow (130,5%), seguido de Dubl\u00edn (66,9%), London Gatwick (40,5%), Roma-Fumicino (18%), los de Charles de Gaulle y Orly de Par\u00eds (14% en ambos casos) y el de Estocolmo Arlanda (10,7%).<\/p>\n<p>Por lo que se refiere al segundo grupo, las tasas experimentaron la mayor ca\u00edda en el aeropuerto de Berl\u00edn Tegel (26,4%), seguido de Viena (16,5%), Dusseldorf (13,9%), Oslo (13%), Zurich (9,8%), Munich (5,5%), Bruselas (3,8%), Copenhague (1,3%) y \u00c1msterdam (0,4%). Y s\u00f3lo subieron las tasas en M\u00e1nchester (2,1%) y Frankfurt (3,1%).<\/p>\n<p>ACI Europe ha recordado que \u00aben enero de 2016, las tasas en estos 21 aeropuertos subieron hasta un 80% pero en la \u00faltima d\u00e9cada\u00bb. \u00abEsto no ha sido el caso manifiestamente. El aumento real ha sido mucho m\u00e1s modesto y ha sido inferior a los tres euros por pasajero\u00bb, sostiene en su informe, en el que sit\u00faa en el 25,4% la subida media de las tasas.<\/p>\n<p>Adem\u00e1s, deja claro que los aeropuertos que subieron las tasas \u00abtambi\u00e9n han invierto casi el doble m\u00e1s en infraestructura\u00bb que los que no las subieron, unos 30.700 millones de euros, que han contribuido a duplicar casi la capacidad \u00abadicional\u00bb de los aeropuertos equivalente a 117,9 millones de pasajeros.<\/p>\n<p>En total, los 21 aeropuertos han invertido m\u00e1s de 53.000 millones de euros en infraestructura en los \u00faltimos diez a\u00f1os, que han contribuido una capacidad adicional de cerca de 178 millones de pasajeros, seg\u00fan datos de ACI Europe.<\/p>\n","protected":false},"excerpt":{"rendered":"<p>Los grandes aeropuertos europeos han negado este jueves haber subido las tasas hasta un 80 por ciento en la \u00faltima d\u00e9cada como ha denunciado Airlines For Europea (A4E) creada en enero por IAG, Lufthansa, Ryanair, easyJet y Air France-KLM y han asegurado que la subida media real ha sido un 25,4% e \u00abinferior a los<\/p>\n","protected":false},"author":1,"featured_media":78632,"comment_status":"open","ping_status":"closed","sticky":false,"template":"","format":"standard","meta":{"footnotes":""},"categories":[224],"tags":[],"class_list":{"0":"post-78634","1":"post","2":"type-post","3":"status-publish","4":"format-standard","5":"has-post-thumbnail","7":"category-noticias-actualidad"},"aioseo_notices":[],"aioseo_head":"\n\t\t<!-- All in One SEO Pro 4.9.6.1 - aioseo.com -->\n\t<meta name=\"description\" content=\"Los grandes aeropuertos europeos han negado este jueves haber subido las tasas hasta un 80 por ciento en la \u00faltima d\u00e9cada como ha denunciado Airlines For Europea (A4E) creada en enero por IAG, Lufthansa, Ryanair, easyJet y Air France-KLM y han asegurado que la subida media real ha sido un 25,4% e &quot;inferior a los\" \/>\n\t<meta name=\"robots\" content=\"max-image-preview:large\" \/>\n\t<meta name=\"author\" content=\"admin\"\/>\n\t<meta name=\"google-site-verification\" content=\"UA-38556648-1\" \/>\n\t<meta name=\"keywords\" content=\"noticias y actualidad\" \/>\n\t<link rel=\"canonical\" href=\"https:\/\/eldigitaldeasturias.com\/magazine365\/los-aeropuertos-europeos-niegan-haber-subido-un-80-las-tasas\/\" \/>\n\t<meta name=\"generator\" content=\"All in One SEO Pro (AIOSEO) 4.9.6.1\" \/>\n\t\t<meta property=\"og:locale\" content=\"es_ES\" \/>\n\t\t<meta property=\"og:site_name\" content=\"El Digital de Asturias \u2013 Revista de ocio, turismo y estilo de vida\" \/>\n\t\t<meta property=\"og:type\" content=\"article\" \/>\n\t\t<meta property=\"og:title\" content=\"Los aeropuertos europeos niegan haber subido un 80% las tasas | El Digital de Asturias\" \/>\n\t\t<meta property=\"og:description\" content=\"Los grandes aeropuertos europeos han negado este jueves haber subido las tasas hasta un 80 por ciento en la \u00faltima d\u00e9cada como ha denunciado Airlines For Europea (A4E) creada en enero por IAG, Lufthansa, Ryanair, easyJet y Air France-KLM y han asegurado que la subida media real ha sido un 25,4% e &quot;inferior a los\" \/>\n\t\t<meta property=\"og:url\" content=\"https:\/\/eldigitaldeasturias.com\/magazine365\/los-aeropuertos-europeos-niegan-haber-subido-un-80-las-tasas\/\" \/>\n\t\t<meta property=\"og:image\" content=\"https:\/\/eldigitaldeasturias.com\/magazine365\/wp-content\/uploads\/2016\/06\/fotonoticia_20160609192221_800.jpg\" \/>\n\t\t<meta property=\"og:image:secure_url\" content=\"https:\/\/eldigitaldeasturias.com\/magazine365\/wp-content\/uploads\/2016\/06\/fotonoticia_20160609192221_800.jpg\" \/>\n\t\t<meta property=\"og:image:width\" content=\"800\" \/>\n\t\t<meta property=\"og:image:height\" content=\"565\" \/>\n\t\t<meta property=\"article:published_time\" content=\"2016-06-10T13:38:11+00:00\" \/>\n\t\t<meta property=\"article:modified_time\" content=\"2016-06-10T13:38:11+00:00\" \/>\n\t\t<meta name=\"twitter:card\" content=\"summary_large_image\" \/>\n\t\t<meta name=\"twitter:title\" content=\"Los aeropuertos europeos niegan haber subido un 80% las tasas | El Digital de Asturias\" \/>\n\t\t<meta name=\"twitter:description\" content=\"Los grandes aeropuertos europeos han negado este jueves haber subido las tasas hasta un 80 por ciento en la \u00faltima d\u00e9cada como ha denunciado Airlines For Europea (A4E) creada en enero por IAG, Lufthansa, Ryanair, easyJet y Air France-KLM y han asegurado que la subida media real ha sido un 25,4% e &quot;inferior a los\" \/>\n\t\t<meta name=\"twitter:image\" content=\"https:\/\/eldigitaldeasturias.com\/magazine365\/wp-content\/uploads\/2016\/06\/fotonoticia_20160609192221_800.jpg\" \/>\n\t\t<script type=\"application\/ld+json\" class=\"aioseo-schema\">\n\t\t\t{\"@context\":\"https:\\\/\\\/schema.org\",\"@graph\":[{\"@type\":\"Article\",\"@id\":\"https:\\\/\\\/eldigitaldeasturias.com\\\/magazine365\\\/los-aeropuertos-europeos-niegan-haber-subido-un-80-las-tasas\\\/#article\",\"name\":\"Los aeropuertos europeos niegan haber subido un 80% las tasas | El Digital de Asturias\",\"headline\":\"Los aeropuertos europeos niegan haber subido un 80% las tasas\",\"author\":{\"@id\":\"https:\\\/\\\/eldigitaldeasturias.com\\\/magazine365\\\/author\\\/admin\\\/#author\"},\"publisher\":{\"@id\":\"https:\\\/\\\/eldigitaldeasturias.com\\\/magazine365\\\/#organization\"},\"image\":{\"@type\":\"ImageObject\",\"url\":\"https:\\\/\\\/eldigitaldeasturias.com\\\/magazine365\\\/wp-content\\\/uploads\\\/2016\\\/06\\\/fotonoticia_20160609192221_800.jpg\",\"width\":800,\"height\":565},\"datePublished\":\"2016-06-10T15:38:11+02:00\",\"dateModified\":\"2016-06-10T15:38:11+02:00\",\"inLanguage\":\"es-ES\",\"mainEntityOfPage\":{\"@id\":\"https:\\\/\\\/eldigitaldeasturias.com\\\/magazine365\\\/los-aeropuertos-europeos-niegan-haber-subido-un-80-las-tasas\\\/#webpage\"},\"isPartOf\":{\"@id\":\"https:\\\/\\\/eldigitaldeasturias.com\\\/magazine365\\\/los-aeropuertos-europeos-niegan-haber-subido-un-80-las-tasas\\\/#webpage\"},\"articleSection\":\"Noticias y Actualidad\"},{\"@type\":\"BreadcrumbList\",\"@id\":\"https:\\\/\\\/eldigitaldeasturias.com\\\/magazine365\\\/los-aeropuertos-europeos-niegan-haber-subido-un-80-las-tasas\\\/#breadcrumblist\",\"itemListElement\":[{\"@type\":\"ListItem\",\"@id\":\"https:\\\/\\\/eldigitaldeasturias.com\\\/magazine365#listItem\",\"position\":1,\"name\":\"Home\",\"item\":\"https:\\\/\\\/eldigitaldeasturias.com\\\/magazine365\",\"nextItem\":{\"@type\":\"ListItem\",\"@id\":\"https:\\\/\\\/eldigitaldeasturias.com\\\/magazine365\\\/category\\\/noticias-actualidad\\\/#listItem\",\"name\":\"Noticias y Actualidad\"}},{\"@type\":\"ListItem\",\"@id\":\"https:\\\/\\\/eldigitaldeasturias.com\\\/magazine365\\\/category\\\/noticias-actualidad\\\/#listItem\",\"position\":2,\"name\":\"Noticias y Actualidad\",\"item\":\"https:\\\/\\\/eldigitaldeasturias.com\\\/magazine365\\\/category\\\/noticias-actualidad\\\/\",\"nextItem\":{\"@type\":\"ListItem\",\"@id\":\"https:\\\/\\\/eldigitaldeasturias.com\\\/magazine365\\\/los-aeropuertos-europeos-niegan-haber-subido-un-80-las-tasas\\\/#listItem\",\"name\":\"Los aeropuertos europeos niegan haber subido un 80% las tasas\"},\"previousItem\":{\"@type\":\"ListItem\",\"@id\":\"https:\\\/\\\/eldigitaldeasturias.com\\\/magazine365#listItem\",\"name\":\"Home\"}},{\"@type\":\"ListItem\",\"@id\":\"https:\\\/\\\/eldigitaldeasturias.com\\\/magazine365\\\/los-aeropuertos-europeos-niegan-haber-subido-un-80-las-tasas\\\/#listItem\",\"position\":3,\"name\":\"Los aeropuertos europeos niegan haber subido un 80% las tasas\",\"previousItem\":{\"@type\":\"ListItem\",\"@id\":\"https:\\\/\\\/eldigitaldeasturias.com\\\/magazine365\\\/category\\\/noticias-actualidad\\\/#listItem\",\"name\":\"Noticias y Actualidad\"}}]},{\"@type\":\"Organization\",\"@id\":\"https:\\\/\\\/eldigitaldeasturias.com\\\/magazine365\\\/#organization\",\"name\":\"El digital de Asturias\",\"description\":\"Revista de ocio, turismo y estilo de vida\",\"url\":\"https:\\\/\\\/eldigitaldeasturias.com\\\/magazine365\\\/\",\"logo\":{\"@type\":\"ImageObject\",\"url\":\"https:\\\/\\\/www.eldigitaldeasturias.com\\\/noticias\\\/wp-content\\\/uploads\\\/2020\\\/12\\\/EDA.jpg\",\"@id\":\"https:\\\/\\\/eldigitaldeasturias.com\\\/magazine365\\\/los-aeropuertos-europeos-niegan-haber-subido-un-80-las-tasas\\\/#organizationLogo\"},\"image\":{\"@id\":\"https:\\\/\\\/eldigitaldeasturias.com\\\/magazine365\\\/los-aeropuertos-europeos-niegan-haber-subido-un-80-las-tasas\\\/#organizationLogo\"}},{\"@type\":\"Person\",\"@id\":\"https:\\\/\\\/eldigitaldeasturias.com\\\/magazine365\\\/author\\\/admin\\\/#author\",\"url\":\"https:\\\/\\\/eldigitaldeasturias.com\\\/magazine365\\\/author\\\/admin\\\/\",\"name\":\"admin\",\"image\":{\"@type\":\"ImageObject\",\"@id\":\"https:\\\/\\\/eldigitaldeasturias.com\\\/magazine365\\\/los-aeropuertos-europeos-niegan-haber-subido-un-80-las-tasas\\\/#authorImage\",\"url\":\"https:\\\/\\\/eldigitaldeasturias.com\\\/magazine365\\\/wp-content\\\/litespeed\\\/avatar\\\/e571bcf59a0edd6fa6838245a470f2fe.jpg?ver=1776969259\",\"width\":96,\"height\":96,\"caption\":\"admin\"}},{\"@type\":\"WebPage\",\"@id\":\"https:\\\/\\\/eldigitaldeasturias.com\\\/magazine365\\\/los-aeropuertos-europeos-niegan-haber-subido-un-80-las-tasas\\\/#webpage\",\"url\":\"https:\\\/\\\/eldigitaldeasturias.com\\\/magazine365\\\/los-aeropuertos-europeos-niegan-haber-subido-un-80-las-tasas\\\/\",\"name\":\"Los aeropuertos europeos niegan haber subido un 80% las tasas | El Digital de Asturias\",\"description\":\"Los grandes aeropuertos europeos han negado este jueves haber subido las tasas hasta un 80 por ciento en la \\u00faltima d\\u00e9cada como ha denunciado Airlines For Europea (A4E) creada en enero por IAG, Lufthansa, Ryanair, easyJet y Air France-KLM y han asegurado que la subida media real ha sido un 25,4% e \\\"inferior a los\",\"inLanguage\":\"es-ES\",\"isPartOf\":{\"@id\":\"https:\\\/\\\/eldigitaldeasturias.com\\\/magazine365\\\/#website\"},\"breadcrumb\":{\"@id\":\"https:\\\/\\\/eldigitaldeasturias.com\\\/magazine365\\\/los-aeropuertos-europeos-niegan-haber-subido-un-80-las-tasas\\\/#breadcrumblist\"},\"author\":{\"@id\":\"https:\\\/\\\/eldigitaldeasturias.com\\\/magazine365\\\/author\\\/admin\\\/#author\"},\"creator\":{\"@id\":\"https:\\\/\\\/eldigitaldeasturias.com\\\/magazine365\\\/author\\\/admin\\\/#author\"},\"image\":{\"@type\":\"ImageObject\",\"url\":\"https:\\\/\\\/eldigitaldeasturias.com\\\/magazine365\\\/wp-content\\\/uploads\\\/2016\\\/06\\\/fotonoticia_20160609192221_800.jpg\",\"@id\":\"https:\\\/\\\/eldigitaldeasturias.com\\\/magazine365\\\/los-aeropuertos-europeos-niegan-haber-subido-un-80-las-tasas\\\/#mainImage\",\"width\":800,\"height\":565},\"primaryImageOfPage\":{\"@id\":\"https:\\\/\\\/eldigitaldeasturias.com\\\/magazine365\\\/los-aeropuertos-europeos-niegan-haber-subido-un-80-las-tasas\\\/#mainImage\"},\"datePublished\":\"2016-06-10T15:38:11+02:00\",\"dateModified\":\"2016-06-10T15:38:11+02:00\"},{\"@type\":\"WebSite\",\"@id\":\"https:\\\/\\\/eldigitaldeasturias.com\\\/magazine365\\\/#website\",\"url\":\"https:\\\/\\\/eldigitaldeasturias.com\\\/magazine365\\\/\",\"name\":\"El Digital de Asturias\",\"description\":\"Revista de ocio, turismo y estilo de vida\",\"inLanguage\":\"es-ES\",\"publisher\":{\"@id\":\"https:\\\/\\\/eldigitaldeasturias.com\\\/magazine365\\\/#organization\"}}]}\n\t\t<\/script>\n\t\t<!-- All in One SEO Pro -->\r\n\t\t<title>Los aeropuertos europeos niegan haber subido un 80% las tasas | El Digital de Asturias<\/title>\n\n","aioseo_head_json":{"title":"Los aeropuertos europeos niegan haber subido un 80% las tasas | El Digital de Asturias","description":"Los grandes aeropuertos europeos han negado este jueves haber subido las tasas hasta un 80 por ciento en la \u00faltima d\u00e9cada como ha denunciado Airlines For Europea (A4E) creada en enero por IAG, Lufthansa, Ryanair, easyJet y Air France-KLM y han asegurado que la subida media real ha sido un 25,4% e \"inferior a los","canonical_url":"https:\/\/eldigitaldeasturias.com\/magazine365\/los-aeropuertos-europeos-niegan-haber-subido-un-80-las-tasas\/","robots":"max-image-preview:large","keywords":"noticias y actualidad","webmasterTools":{"google-site-verification":"UA-38556648-1","miscellaneous":""},"schema":{"@context":"https:\/\/schema.org","@graph":[{"@type":"Article","@id":"https:\/\/eldigitaldeasturias.com\/magazine365\/los-aeropuertos-europeos-niegan-haber-subido-un-80-las-tasas\/#article","name":"Los aeropuertos europeos niegan haber subido un 80% las tasas | El Digital de Asturias","headline":"Los aeropuertos europeos niegan haber subido un 80% las tasas","author":{"@id":"https:\/\/eldigitaldeasturias.com\/magazine365\/author\/admin\/#author"},"publisher":{"@id":"https:\/\/eldigitaldeasturias.com\/magazine365\/#organization"},"image":{"@type":"ImageObject","url":"https:\/\/eldigitaldeasturias.com\/magazine365\/wp-content\/uploads\/2016\/06\/fotonoticia_20160609192221_800.jpg","width":800,"height":565},"datePublished":"2016-06-10T15:38:11+02:00","dateModified":"2016-06-10T15:38:11+02:00","inLanguage":"es-ES","mainEntityOfPage":{"@id":"https:\/\/eldigitaldeasturias.com\/magazine365\/los-aeropuertos-europeos-niegan-haber-subido-un-80-las-tasas\/#webpage"},"isPartOf":{"@id":"https:\/\/eldigitaldeasturias.com\/magazine365\/los-aeropuertos-europeos-niegan-haber-subido-un-80-las-tasas\/#webpage"},"articleSection":"Noticias y Actualidad"},{"@type":"BreadcrumbList","@id":"https:\/\/eldigitaldeasturias.com\/magazine365\/los-aeropuertos-europeos-niegan-haber-subido-un-80-las-tasas\/#breadcrumblist","itemListElement":[{"@type":"ListItem","@id":"https:\/\/eldigitaldeasturias.com\/magazine365#listItem","position":1,"name":"Home","item":"https:\/\/eldigitaldeasturias.com\/magazine365","nextItem":{"@type":"ListItem","@id":"https:\/\/eldigitaldeasturias.com\/magazine365\/category\/noticias-actualidad\/#listItem","name":"Noticias y Actualidad"}},{"@type":"ListItem","@id":"https:\/\/eldigitaldeasturias.com\/magazine365\/category\/noticias-actualidad\/#listItem","position":2,"name":"Noticias y Actualidad","item":"https:\/\/eldigitaldeasturias.com\/magazine365\/category\/noticias-actualidad\/","nextItem":{"@type":"ListItem","@id":"https:\/\/eldigitaldeasturias.com\/magazine365\/los-aeropuertos-europeos-niegan-haber-subido-un-80-las-tasas\/#listItem","name":"Los aeropuertos europeos niegan haber subido un 80% las tasas"},"previousItem":{"@type":"ListItem","@id":"https:\/\/eldigitaldeasturias.com\/magazine365#listItem","name":"Home"}},{"@type":"ListItem","@id":"https:\/\/eldigitaldeasturias.com\/magazine365\/los-aeropuertos-europeos-niegan-haber-subido-un-80-las-tasas\/#listItem","position":3,"name":"Los aeropuertos europeos niegan haber subido un 80% las tasas","previousItem":{"@type":"ListItem","@id":"https:\/\/eldigitaldeasturias.com\/magazine365\/category\/noticias-actualidad\/#listItem","name":"Noticias y Actualidad"}}]},{"@type":"Organization","@id":"https:\/\/eldigitaldeasturias.com\/magazine365\/#organization","name":"El digital de Asturias","description":"Revista de ocio, turismo y estilo de vida","url":"https:\/\/eldigitaldeasturias.com\/magazine365\/","logo":{"@type":"ImageObject","url":"https:\/\/www.eldigitaldeasturias.com\/noticias\/wp-content\/uploads\/2020\/12\/EDA.jpg","@id":"https:\/\/eldigitaldeasturias.com\/magazine365\/los-aeropuertos-europeos-niegan-haber-subido-un-80-las-tasas\/#organizationLogo"},"image":{"@id":"https:\/\/eldigitaldeasturias.com\/magazine365\/los-aeropuertos-europeos-niegan-haber-subido-un-80-las-tasas\/#organizationLogo"}},{"@type":"Person","@id":"https:\/\/eldigitaldeasturias.com\/magazine365\/author\/admin\/#author","url":"https:\/\/eldigitaldeasturias.com\/magazine365\/author\/admin\/","name":"admin","image":{"@type":"ImageObject","@id":"https:\/\/eldigitaldeasturias.com\/magazine365\/los-aeropuertos-europeos-niegan-haber-subido-un-80-las-tasas\/#authorImage","url":"https:\/\/eldigitaldeasturias.com\/magazine365\/wp-content\/litespeed\/avatar\/e571bcf59a0edd6fa6838245a470f2fe.jpg?ver=1776969259","width":96,"height":96,"caption":"admin"}},{"@type":"WebPage","@id":"https:\/\/eldigitaldeasturias.com\/magazine365\/los-aeropuertos-europeos-niegan-haber-subido-un-80-las-tasas\/#webpage","url":"https:\/\/eldigitaldeasturias.com\/magazine365\/los-aeropuertos-europeos-niegan-haber-subido-un-80-las-tasas\/","name":"Los aeropuertos europeos niegan haber subido un 80% las tasas | El Digital de Asturias","description":"Los grandes aeropuertos europeos han negado este jueves haber subido las tasas hasta un 80 por ciento en la \u00faltima d\u00e9cada como ha denunciado Airlines For Europea (A4E) creada en enero por IAG, Lufthansa, Ryanair, easyJet y Air France-KLM y han asegurado que la subida media real ha sido un 25,4% e \"inferior a los","inLanguage":"es-ES","isPartOf":{"@id":"https:\/\/eldigitaldeasturias.com\/magazine365\/#website"},"breadcrumb":{"@id":"https:\/\/eldigitaldeasturias.com\/magazine365\/los-aeropuertos-europeos-niegan-haber-subido-un-80-las-tasas\/#breadcrumblist"},"author":{"@id":"https:\/\/eldigitaldeasturias.com\/magazine365\/author\/admin\/#author"},"creator":{"@id":"https:\/\/eldigitaldeasturias.com\/magazine365\/author\/admin\/#author"},"image":{"@type":"ImageObject","url":"https:\/\/eldigitaldeasturias.com\/magazine365\/wp-content\/uploads\/2016\/06\/fotonoticia_20160609192221_800.jpg","@id":"https:\/\/eldigitaldeasturias.com\/magazine365\/los-aeropuertos-europeos-niegan-haber-subido-un-80-las-tasas\/#mainImage","width":800,"height":565},"primaryImageOfPage":{"@id":"https:\/\/eldigitaldeasturias.com\/magazine365\/los-aeropuertos-europeos-niegan-haber-subido-un-80-las-tasas\/#mainImage"},"datePublished":"2016-06-10T15:38:11+02:00","dateModified":"2016-06-10T15:38:11+02:00"},{"@type":"WebSite","@id":"https:\/\/eldigitaldeasturias.com\/magazine365\/#website","url":"https:\/\/eldigitaldeasturias.com\/magazine365\/","name":"El Digital de Asturias","description":"Revista de ocio, turismo y estilo de vida","inLanguage":"es-ES","publisher":{"@id":"https:\/\/eldigitaldeasturias.com\/magazine365\/#organization"}}]},"og:locale":"es_ES","og:site_name":"El Digital de Asturias \u2013 Revista de ocio, turismo y estilo de vida","og:type":"article","og:title":"Los aeropuertos europeos niegan haber subido un 80% las tasas | El Digital de Asturias","og:description":"Los grandes aeropuertos europeos han negado este jueves haber subido las tasas hasta un 80 por ciento en la \u00faltima d\u00e9cada como ha denunciado Airlines For Europea (A4E) creada en enero por IAG, Lufthansa, Ryanair, easyJet y Air France-KLM y han asegurado que la subida media real ha sido un 25,4% e &quot;inferior a los","og:url":"https:\/\/eldigitaldeasturias.com\/magazine365\/los-aeropuertos-europeos-niegan-haber-subido-un-80-las-tasas\/","og:image":"https:\/\/eldigitaldeasturias.com\/magazine365\/wp-content\/uploads\/2016\/06\/fotonoticia_20160609192221_800.jpg","og:image:secure_url":"https:\/\/eldigitaldeasturias.com\/magazine365\/wp-content\/uploads\/2016\/06\/fotonoticia_20160609192221_800.jpg","og:image:width":800,"og:image:height":565,"article:published_time":"2016-06-10T13:38:11+00:00","article:modified_time":"2016-06-10T13:38:11+00:00","twitter:card":"summary_large_image","twitter:title":"Los aeropuertos europeos niegan haber subido un 80% las tasas | El Digital de Asturias","twitter:description":"Los grandes aeropuertos europeos han negado este jueves haber subido las tasas hasta un 80 por ciento en la \u00faltima d\u00e9cada como ha denunciado Airlines For Europea (A4E) creada en enero por IAG, Lufthansa, Ryanair, easyJet y Air France-KLM y han asegurado que la subida media real ha sido un 25,4% e &quot;inferior a los","twitter:image":"https:\/\/eldigitaldeasturias.com\/magazine365\/wp-content\/uploads\/2016\/06\/fotonoticia_20160609192221_800.jpg"},"aioseo_meta_data":{"post_id":"78634","title":null,"description":null,"keywords":null,"keyphrases":null,"primary_term":null,"canonical_url":null,"og_title":null,"og_description":null,"og_object_type":"default","og_image_type":"default","og_image_url":null,"og_image_width":null,"og_image_height":null,"og_image_custom_url":null,"og_image_custom_fields":null,"og_video":null,"og_custom_url":null,"og_article_section":null,"og_article_tags":null,"twitter_use_og":false,"twitter_card":"default","twitter_image_type":"default","twitter_image_url":null,"twitter_image_custom_url":null,"twitter_image_custom_fields":null,"twitter_title":null,"twitter_description":null,"schema":{"blockGraphs":[],"customGraphs":[],"default":{"data":{"Article":[],"Course":[],"Dataset":[],"FAQPage":[],"Movie":[],"Person":[],"Product":[],"ProductReview":[],"Car":[],"Recipe":[],"Service":[],"SoftwareApplication":[],"WebPage":[]},"graphName":"","isEnabled":true},"graphs":[],"defaultGraph":"","defaultPostTypeGraph":""},"schema_type":null,"schema_type_options":null,"pillar_content":false,"robots_default":true,"robots_noindex":false,"robots_noarchive":false,"robots_nosnippet":false,"robots_nofollow":false,"robots_noimageindex":false,"robots_noodp":false,"robots_notranslate":false,"robots_max_snippet":null,"robots_max_videopreview":null,"robots_max_imagepreview":"large","priority":null,"frequency":null,"location":null,"local_seo":null,"seo_analyzer_scan_date":"2025-09-27 17:21:03","breadcrumb_settings":null,"limit_modified_date":false,"open_ai":null,"ai":null,"created":"2021-03-08 17:58:41","updated":"2025-09-27 17:21:03"},"aioseo_breadcrumb":"<div class=\"aioseo-breadcrumbs\"><span class=\"aioseo-breadcrumb\">\n\t<a href=\"https:\/\/eldigitaldeasturias.com\/magazine365\" title=\"Home\">Home<\/a>\n<\/span><span class=\"aioseo-breadcrumb-separator\">\u2013<\/span><span class=\"aioseo-breadcrumb\">\n\t<a href=\"https:\/\/eldigitaldeasturias.com\/magazine365\/category\/noticias-actualidad\/\" title=\"Noticias y Actualidad\">Noticias y Actualidad<\/a>\n<\/span><span class=\"aioseo-breadcrumb-separator\">\u2013<\/span><span class=\"aioseo-breadcrumb\">\n\t<a href=\"https:\/\/eldigitaldeasturias.com\/magazine365\/los-aeropuertos-europeos-niegan-haber-subido-un-80-las-tasas\/\" title=\"Los aeropuertos europeos niegan haber subido un 80% las tasas\">Los aeropuertos europeos niegan haber subido un 80% las tasas<\/a>\n<\/span><\/div>","aioseo_breadcrumb_json":[{"label":"Home","link":"https:\/\/eldigitaldeasturias.com\/magazine365"},{"label":"Noticias y Actualidad","link":"https:\/\/eldigitaldeasturias.com\/magazine365\/category\/noticias-actualidad\/"},{"label":"Los aeropuertos europeos niegan haber subido un 80% las tasas","link":"https:\/\/eldigitaldeasturias.com\/magazine365\/los-aeropuertos-europeos-niegan-haber-subido-un-80-las-tasas\/"}],"_links":{"self":[{"href":"https:\/\/eldigitaldeasturias.com\/magazine365\/wp-json\/wp\/v2\/posts\/78634","targetHints":{"allow":["GET"]}}],"collection":[{"href":"https:\/\/eldigitaldeasturias.com\/magazine365\/wp-json\/wp\/v2\/posts"}],"about":[{"href":"https:\/\/eldigitaldeasturias.com\/magazine365\/wp-json\/wp\/v2\/types\/post"}],"author":[{"embeddable":true,"href":"https:\/\/eldigitaldeasturias.com\/magazine365\/wp-json\/wp\/v2\/users\/1"}],"replies":[{"embeddable":true,"href":"https:\/\/eldigitaldeasturias.com\/magazine365\/wp-json\/wp\/v2\/comments?post=78634"}],"version-history":[{"count":0,"href":"https:\/\/eldigitaldeasturias.com\/magazine365\/wp-json\/wp\/v2\/posts\/78634\/revisions"}],"wp:featuredmedia":[{"embeddable":true,"href":"https:\/\/eldigitaldeasturias.com\/magazine365\/wp-json\/wp\/v2\/media\/78632"}],"wp:attachment":[{"href":"https:\/\/eldigitaldeasturias.com\/magazine365\/wp-json\/wp\/v2\/media?parent=78634"}],"wp:term":[{"taxonomy":"category","embeddable":true,"href":"https:\/\/eldigitaldeasturias.com\/magazine365\/wp-json\/wp\/v2\/categories?post=78634"},{"taxonomy":"post_tag","embeddable":true,"href":"https:\/\/eldigitaldeasturias.com\/magazine365\/wp-json\/wp\/v2\/tags?post=78634"}],"curies":[{"name":"wp","href":"https:\/\/api.w.org\/{rel}","templated":true}]}}