{"id":78628,"date":"2016-06-10T15:36:55","date_gmt":"2016-06-10T13:36:55","guid":{"rendered":"http:\/\/eldigitaldeasturias.com\/magazine365\/?p=78628"},"modified":"2016-06-10T15:36:55","modified_gmt":"2016-06-10T13:36:55","slug":"la-terminal-maritima-de-zaragoza-crecio-un-13-en-2015","status":"publish","type":"post","link":"https:\/\/eldigitaldeasturias.com\/magazine365\/la-terminal-maritima-de-zaragoza-crecio-un-13-en-2015\/","title":{"rendered":"La Terminal Mar\u00edtima de Zaragoza creci\u00f3 un 13% en 2015"},"content":{"rendered":"<p><img fetchpriority=\"high\" decoding=\"async\" class=\"alignleft size-medium wp-image-78629\" src=\"https:\/\/eldigitaldeasturias.com\/magazine365\/wp-content\/uploads\/2016\/06\/fotonoticia_20160609192203_800-200x300.jpg\" alt=\"fotonoticia_20160609192203_800\" width=\"200\" height=\"300\" srcset=\"https:\/\/eldigitaldeasturias.com\/magazine365\/wp-content\/uploads\/2016\/06\/fotonoticia_20160609192203_800-200x300.jpg 200w, https:\/\/eldigitaldeasturias.com\/magazine365\/wp-content\/uploads\/2016\/06\/fotonoticia_20160609192203_800-426x640.jpg 426w, https:\/\/eldigitaldeasturias.com\/magazine365\/wp-content\/uploads\/2016\/06\/fotonoticia_20160609192203_800-768x1153.jpg 768w, https:\/\/eldigitaldeasturias.com\/magazine365\/wp-content\/uploads\/2016\/06\/fotonoticia_20160609192203_800-150x225.jpg 150w, https:\/\/eldigitaldeasturias.com\/magazine365\/wp-content\/uploads\/2016\/06\/fotonoticia_20160609192203_800-450x676.jpg 450w, https:\/\/eldigitaldeasturias.com\/magazine365\/wp-content\/uploads\/2016\/06\/fotonoticia_20160609192203_800.jpg 800w\" sizes=\"(max-width: 200px) 100vw, 200px\" \/>La Terminal Mar\u00edtima de Zaragoza (tmZ), participada por el Puerto de Barcelona, Mercazaragoza y la Diputaci\u00f3n de Arag\u00f3n, creci\u00f3 un 13% en 2015 hasta transportar 305.122 TEU &#8211;unidad equivalente a un contenedor de 20 pies&#8211;.<\/p>\n<p>As\u00ed lo ha dicho el presidente de tmZ y alcalde de Zaragoza, Pedro Santisteve, durante el consejo de administraci\u00f3n de la instalaci\u00f3n, que por primera vez se ha celebrado en el Puerto de Barcelona, ha informado en un comunicado en enclave portuario catal\u00e1n.<\/p>\n<p>La terminal cuenta desde 2007 con una terminal ferroviaria, y el a\u00f1o pasado realiz\u00f3 73.995 movimientos ferroviarios y 2.025 composiciones de trenes.<\/p>\n<p>TmZ ofrece actualmente 20 conexiones semanales con el Puerto de Barcelona, y cuenta tambi\u00e9n con entre tres y cuatro frecuencias semanales con Bilbao y una que une Bilbao con Zaragoza y Valencia.<\/p>\n<p>El modelo de gesti\u00f3n de la terminal se divide en dos sociedades: tmZ, sociedad promotora de la terminal participada por Mercazaragoza (56,69%), el Puerto de Barcelona (21,5%), el Gobierno de Arag\u00f3n (20,5%) y otros (1,3%); y la sociedad Depot tmZ Services, con participaci\u00f3n mayoritaria del sector privado.<\/p>\n","protected":false},"excerpt":{"rendered":"<p>La Terminal Mar\u00edtima de Zaragoza (tmZ), participada por el Puerto de Barcelona, Mercazaragoza y la Diputaci\u00f3n de Arag\u00f3n, creci\u00f3 un 13% en 2015 hasta transportar 305.122 TEU &#8211;unidad equivalente a un contenedor de 20 pies&#8211;. As\u00ed lo ha dicho el presidente de tmZ y alcalde de Zaragoza, Pedro Santisteve, durante el consejo de administraci\u00f3n de<\/p>\n","protected":false},"author":1,"featured_media":78629,"comment_status":"open","ping_status":"closed","sticky":false,"template":"","format":"standard","meta":{"footnotes":""},"categories":[224],"tags":[],"class_list":{"0":"post-78628","1":"post","2":"type-post","3":"status-publish","4":"format-standard","5":"has-post-thumbnail","7":"category-noticias-actualidad"},"aioseo_notices":[],"aioseo_head":"\n\t\t<!-- All in One SEO Pro 4.9.6.1 - aioseo.com -->\n\t<meta name=\"description\" content=\"La Terminal Mar\u00edtima de Zaragoza (tmZ), participada por el Puerto de Barcelona, Mercazaragoza y la Diputaci\u00f3n de Arag\u00f3n, creci\u00f3 un 13% en 2015 hasta transportar 305.122 TEU --unidad equivalente a un contenedor de 20 pies--. As\u00ed lo ha dicho el presidente de tmZ y alcalde de Zaragoza, Pedro Santisteve, durante el consejo de administraci\u00f3n de\" \/>\n\t<meta name=\"robots\" content=\"max-image-preview:large\" \/>\n\t<meta name=\"author\" content=\"admin\"\/>\n\t<meta name=\"google-site-verification\" content=\"UA-38556648-1\" \/>\n\t<meta name=\"keywords\" content=\"noticias y actualidad\" \/>\n\t<link rel=\"canonical\" href=\"https:\/\/eldigitaldeasturias.com\/magazine365\/la-terminal-maritima-de-zaragoza-crecio-un-13-en-2015\/\" \/>\n\t<meta name=\"generator\" content=\"All in One SEO Pro (AIOSEO) 4.9.6.1\" \/>\n\t\t<meta property=\"og:locale\" content=\"es_ES\" \/>\n\t\t<meta property=\"og:site_name\" content=\"El Digital de Asturias \u2013 Revista de ocio, turismo y estilo de vida\" \/>\n\t\t<meta property=\"og:type\" content=\"article\" \/>\n\t\t<meta property=\"og:title\" content=\"La Terminal Mar\u00edtima de Zaragoza creci\u00f3 un 13% en 2015 | El Digital de Asturias\" \/>\n\t\t<meta property=\"og:description\" content=\"La Terminal Mar\u00edtima de Zaragoza (tmZ), participada por el Puerto de Barcelona, Mercazaragoza y la Diputaci\u00f3n de Arag\u00f3n, creci\u00f3 un 13% en 2015 hasta transportar 305.122 TEU --unidad equivalente a un contenedor de 20 pies--. As\u00ed lo ha dicho el presidente de tmZ y alcalde de Zaragoza, Pedro Santisteve, durante el consejo de administraci\u00f3n de\" \/>\n\t\t<meta property=\"og:url\" content=\"https:\/\/eldigitaldeasturias.com\/magazine365\/la-terminal-maritima-de-zaragoza-crecio-un-13-en-2015\/\" \/>\n\t\t<meta property=\"og:image\" content=\"https:\/\/eldigitaldeasturias.com\/magazine365\/wp-content\/uploads\/2016\/06\/fotonoticia_20160609192203_800.jpg\" \/>\n\t\t<meta property=\"og:image:secure_url\" content=\"https:\/\/eldigitaldeasturias.com\/magazine365\/wp-content\/uploads\/2016\/06\/fotonoticia_20160609192203_800.jpg\" \/>\n\t\t<meta property=\"og:image:width\" content=\"800\" \/>\n\t\t<meta property=\"og:image:height\" content=\"1201\" \/>\n\t\t<meta property=\"article:published_time\" content=\"2016-06-10T13:36:55+00:00\" \/>\n\t\t<meta property=\"article:modified_time\" content=\"2016-06-10T13:36:55+00:00\" \/>\n\t\t<meta name=\"twitter:card\" content=\"summary_large_image\" \/>\n\t\t<meta name=\"twitter:title\" content=\"La Terminal Mar\u00edtima de Zaragoza creci\u00f3 un 13% en 2015 | El Digital de Asturias\" \/>\n\t\t<meta name=\"twitter:description\" content=\"La Terminal Mar\u00edtima de Zaragoza (tmZ), participada por el Puerto de Barcelona, Mercazaragoza y la Diputaci\u00f3n de Arag\u00f3n, creci\u00f3 un 13% en 2015 hasta transportar 305.122 TEU --unidad equivalente a un contenedor de 20 pies--. As\u00ed lo ha dicho el presidente de tmZ y alcalde de Zaragoza, Pedro Santisteve, durante el consejo de administraci\u00f3n de\" \/>\n\t\t<meta name=\"twitter:image\" content=\"https:\/\/eldigitaldeasturias.com\/magazine365\/wp-content\/uploads\/2016\/06\/fotonoticia_20160609192203_800.jpg\" \/>\n\t\t<script type=\"application\/ld+json\" class=\"aioseo-schema\">\n\t\t\t{\"@context\":\"https:\\\/\\\/schema.org\",\"@graph\":[{\"@type\":\"Article\",\"@id\":\"https:\\\/\\\/eldigitaldeasturias.com\\\/magazine365\\\/la-terminal-maritima-de-zaragoza-crecio-un-13-en-2015\\\/#article\",\"name\":\"La Terminal Mar\\u00edtima de Zaragoza creci\\u00f3 un 13% en 2015 | El Digital de Asturias\",\"headline\":\"La Terminal Mar\\u00edtima de Zaragoza creci\\u00f3 un 13% en 2015\",\"author\":{\"@id\":\"https:\\\/\\\/eldigitaldeasturias.com\\\/magazine365\\\/author\\\/admin\\\/#author\"},\"publisher\":{\"@id\":\"https:\\\/\\\/eldigitaldeasturias.com\\\/magazine365\\\/#organization\"},\"image\":{\"@type\":\"ImageObject\",\"url\":\"https:\\\/\\\/eldigitaldeasturias.com\\\/magazine365\\\/wp-content\\\/uploads\\\/2016\\\/06\\\/fotonoticia_20160609192203_800.jpg\",\"width\":800,\"height\":1201},\"datePublished\":\"2016-06-10T15:36:55+02:00\",\"dateModified\":\"2016-06-10T15:36:55+02:00\",\"inLanguage\":\"es-ES\",\"mainEntityOfPage\":{\"@id\":\"https:\\\/\\\/eldigitaldeasturias.com\\\/magazine365\\\/la-terminal-maritima-de-zaragoza-crecio-un-13-en-2015\\\/#webpage\"},\"isPartOf\":{\"@id\":\"https:\\\/\\\/eldigitaldeasturias.com\\\/magazine365\\\/la-terminal-maritima-de-zaragoza-crecio-un-13-en-2015\\\/#webpage\"},\"articleSection\":\"Noticias y Actualidad\"},{\"@type\":\"BreadcrumbList\",\"@id\":\"https:\\\/\\\/eldigitaldeasturias.com\\\/magazine365\\\/la-terminal-maritima-de-zaragoza-crecio-un-13-en-2015\\\/#breadcrumblist\",\"itemListElement\":[{\"@type\":\"ListItem\",\"@id\":\"https:\\\/\\\/eldigitaldeasturias.com\\\/magazine365#listItem\",\"position\":1,\"name\":\"Home\",\"item\":\"https:\\\/\\\/eldigitaldeasturias.com\\\/magazine365\",\"nextItem\":{\"@type\":\"ListItem\",\"@id\":\"https:\\\/\\\/eldigitaldeasturias.com\\\/magazine365\\\/category\\\/noticias-actualidad\\\/#listItem\",\"name\":\"Noticias y Actualidad\"}},{\"@type\":\"ListItem\",\"@id\":\"https:\\\/\\\/eldigitaldeasturias.com\\\/magazine365\\\/category\\\/noticias-actualidad\\\/#listItem\",\"position\":2,\"name\":\"Noticias y Actualidad\",\"item\":\"https:\\\/\\\/eldigitaldeasturias.com\\\/magazine365\\\/category\\\/noticias-actualidad\\\/\",\"nextItem\":{\"@type\":\"ListItem\",\"@id\":\"https:\\\/\\\/eldigitaldeasturias.com\\\/magazine365\\\/la-terminal-maritima-de-zaragoza-crecio-un-13-en-2015\\\/#listItem\",\"name\":\"La Terminal Mar\\u00edtima de Zaragoza creci\\u00f3 un 13% en 2015\"},\"previousItem\":{\"@type\":\"ListItem\",\"@id\":\"https:\\\/\\\/eldigitaldeasturias.com\\\/magazine365#listItem\",\"name\":\"Home\"}},{\"@type\":\"ListItem\",\"@id\":\"https:\\\/\\\/eldigitaldeasturias.com\\\/magazine365\\\/la-terminal-maritima-de-zaragoza-crecio-un-13-en-2015\\\/#listItem\",\"position\":3,\"name\":\"La Terminal Mar\\u00edtima de Zaragoza creci\\u00f3 un 13% en 2015\",\"previousItem\":{\"@type\":\"ListItem\",\"@id\":\"https:\\\/\\\/eldigitaldeasturias.com\\\/magazine365\\\/category\\\/noticias-actualidad\\\/#listItem\",\"name\":\"Noticias y Actualidad\"}}]},{\"@type\":\"Organization\",\"@id\":\"https:\\\/\\\/eldigitaldeasturias.com\\\/magazine365\\\/#organization\",\"name\":\"El digital de Asturias\",\"description\":\"Revista de ocio, turismo y estilo de vida\",\"url\":\"https:\\\/\\\/eldigitaldeasturias.com\\\/magazine365\\\/\",\"logo\":{\"@type\":\"ImageObject\",\"url\":\"https:\\\/\\\/www.eldigitaldeasturias.com\\\/noticias\\\/wp-content\\\/uploads\\\/2020\\\/12\\\/EDA.jpg\",\"@id\":\"https:\\\/\\\/eldigitaldeasturias.com\\\/magazine365\\\/la-terminal-maritima-de-zaragoza-crecio-un-13-en-2015\\\/#organizationLogo\"},\"image\":{\"@id\":\"https:\\\/\\\/eldigitaldeasturias.com\\\/magazine365\\\/la-terminal-maritima-de-zaragoza-crecio-un-13-en-2015\\\/#organizationLogo\"}},{\"@type\":\"Person\",\"@id\":\"https:\\\/\\\/eldigitaldeasturias.com\\\/magazine365\\\/author\\\/admin\\\/#author\",\"url\":\"https:\\\/\\\/eldigitaldeasturias.com\\\/magazine365\\\/author\\\/admin\\\/\",\"name\":\"admin\",\"image\":{\"@type\":\"ImageObject\",\"@id\":\"https:\\\/\\\/eldigitaldeasturias.com\\\/magazine365\\\/la-terminal-maritima-de-zaragoza-crecio-un-13-en-2015\\\/#authorImage\",\"url\":\"https:\\\/\\\/eldigitaldeasturias.com\\\/magazine365\\\/wp-content\\\/litespeed\\\/avatar\\\/e571bcf59a0edd6fa6838245a470f2fe.jpg?ver=1776969259\",\"width\":96,\"height\":96,\"caption\":\"admin\"}},{\"@type\":\"WebPage\",\"@id\":\"https:\\\/\\\/eldigitaldeasturias.com\\\/magazine365\\\/la-terminal-maritima-de-zaragoza-crecio-un-13-en-2015\\\/#webpage\",\"url\":\"https:\\\/\\\/eldigitaldeasturias.com\\\/magazine365\\\/la-terminal-maritima-de-zaragoza-crecio-un-13-en-2015\\\/\",\"name\":\"La Terminal Mar\\u00edtima de Zaragoza creci\\u00f3 un 13% en 2015 | El Digital de Asturias\",\"description\":\"La Terminal Mar\\u00edtima de Zaragoza (tmZ), participada por el Puerto de Barcelona, Mercazaragoza y la Diputaci\\u00f3n de Arag\\u00f3n, creci\\u00f3 un 13% en 2015 hasta transportar 305.122 TEU --unidad equivalente a un contenedor de 20 pies--. As\\u00ed lo ha dicho el presidente de tmZ y alcalde de Zaragoza, Pedro Santisteve, durante el consejo de administraci\\u00f3n de\",\"inLanguage\":\"es-ES\",\"isPartOf\":{\"@id\":\"https:\\\/\\\/eldigitaldeasturias.com\\\/magazine365\\\/#website\"},\"breadcrumb\":{\"@id\":\"https:\\\/\\\/eldigitaldeasturias.com\\\/magazine365\\\/la-terminal-maritima-de-zaragoza-crecio-un-13-en-2015\\\/#breadcrumblist\"},\"author\":{\"@id\":\"https:\\\/\\\/eldigitaldeasturias.com\\\/magazine365\\\/author\\\/admin\\\/#author\"},\"creator\":{\"@id\":\"https:\\\/\\\/eldigitaldeasturias.com\\\/magazine365\\\/author\\\/admin\\\/#author\"},\"image\":{\"@type\":\"ImageObject\",\"url\":\"https:\\\/\\\/eldigitaldeasturias.com\\\/magazine365\\\/wp-content\\\/uploads\\\/2016\\\/06\\\/fotonoticia_20160609192203_800.jpg\",\"@id\":\"https:\\\/\\\/eldigitaldeasturias.com\\\/magazine365\\\/la-terminal-maritima-de-zaragoza-crecio-un-13-en-2015\\\/#mainImage\",\"width\":800,\"height\":1201},\"primaryImageOfPage\":{\"@id\":\"https:\\\/\\\/eldigitaldeasturias.com\\\/magazine365\\\/la-terminal-maritima-de-zaragoza-crecio-un-13-en-2015\\\/#mainImage\"},\"datePublished\":\"2016-06-10T15:36:55+02:00\",\"dateModified\":\"2016-06-10T15:36:55+02:00\"},{\"@type\":\"WebSite\",\"@id\":\"https:\\\/\\\/eldigitaldeasturias.com\\\/magazine365\\\/#website\",\"url\":\"https:\\\/\\\/eldigitaldeasturias.com\\\/magazine365\\\/\",\"name\":\"El Digital de Asturias\",\"description\":\"Revista de ocio, turismo y estilo de vida\",\"inLanguage\":\"es-ES\",\"publisher\":{\"@id\":\"https:\\\/\\\/eldigitaldeasturias.com\\\/magazine365\\\/#organization\"}}]}\n\t\t<\/script>\n\t\t<!-- All in One SEO Pro -->\r\n\t\t<title>La Terminal Mar\u00edtima de Zaragoza creci\u00f3 un 13% en 2015 | El Digital de Asturias<\/title>\n\n","aioseo_head_json":{"title":"La Terminal Mar\u00edtima de Zaragoza creci\u00f3 un 13% en 2015 | El Digital de Asturias","description":"La Terminal Mar\u00edtima de Zaragoza (tmZ), participada por el Puerto de Barcelona, Mercazaragoza y la Diputaci\u00f3n de Arag\u00f3n, creci\u00f3 un 13% en 2015 hasta transportar 305.122 TEU --unidad equivalente a un contenedor de 20 pies--. As\u00ed lo ha dicho el presidente de tmZ y alcalde de Zaragoza, Pedro Santisteve, durante el consejo de administraci\u00f3n de","canonical_url":"https:\/\/eldigitaldeasturias.com\/magazine365\/la-terminal-maritima-de-zaragoza-crecio-un-13-en-2015\/","robots":"max-image-preview:large","keywords":"noticias y actualidad","webmasterTools":{"google-site-verification":"UA-38556648-1","miscellaneous":""},"schema":{"@context":"https:\/\/schema.org","@graph":[{"@type":"Article","@id":"https:\/\/eldigitaldeasturias.com\/magazine365\/la-terminal-maritima-de-zaragoza-crecio-un-13-en-2015\/#article","name":"La Terminal Mar\u00edtima de Zaragoza creci\u00f3 un 13% en 2015 | El Digital de Asturias","headline":"La Terminal Mar\u00edtima de Zaragoza creci\u00f3 un 13% en 2015","author":{"@id":"https:\/\/eldigitaldeasturias.com\/magazine365\/author\/admin\/#author"},"publisher":{"@id":"https:\/\/eldigitaldeasturias.com\/magazine365\/#organization"},"image":{"@type":"ImageObject","url":"https:\/\/eldigitaldeasturias.com\/magazine365\/wp-content\/uploads\/2016\/06\/fotonoticia_20160609192203_800.jpg","width":800,"height":1201},"datePublished":"2016-06-10T15:36:55+02:00","dateModified":"2016-06-10T15:36:55+02:00","inLanguage":"es-ES","mainEntityOfPage":{"@id":"https:\/\/eldigitaldeasturias.com\/magazine365\/la-terminal-maritima-de-zaragoza-crecio-un-13-en-2015\/#webpage"},"isPartOf":{"@id":"https:\/\/eldigitaldeasturias.com\/magazine365\/la-terminal-maritima-de-zaragoza-crecio-un-13-en-2015\/#webpage"},"articleSection":"Noticias y Actualidad"},{"@type":"BreadcrumbList","@id":"https:\/\/eldigitaldeasturias.com\/magazine365\/la-terminal-maritima-de-zaragoza-crecio-un-13-en-2015\/#breadcrumblist","itemListElement":[{"@type":"ListItem","@id":"https:\/\/eldigitaldeasturias.com\/magazine365#listItem","position":1,"name":"Home","item":"https:\/\/eldigitaldeasturias.com\/magazine365","nextItem":{"@type":"ListItem","@id":"https:\/\/eldigitaldeasturias.com\/magazine365\/category\/noticias-actualidad\/#listItem","name":"Noticias y Actualidad"}},{"@type":"ListItem","@id":"https:\/\/eldigitaldeasturias.com\/magazine365\/category\/noticias-actualidad\/#listItem","position":2,"name":"Noticias y Actualidad","item":"https:\/\/eldigitaldeasturias.com\/magazine365\/category\/noticias-actualidad\/","nextItem":{"@type":"ListItem","@id":"https:\/\/eldigitaldeasturias.com\/magazine365\/la-terminal-maritima-de-zaragoza-crecio-un-13-en-2015\/#listItem","name":"La Terminal Mar\u00edtima de Zaragoza creci\u00f3 un 13% en 2015"},"previousItem":{"@type":"ListItem","@id":"https:\/\/eldigitaldeasturias.com\/magazine365#listItem","name":"Home"}},{"@type":"ListItem","@id":"https:\/\/eldigitaldeasturias.com\/magazine365\/la-terminal-maritima-de-zaragoza-crecio-un-13-en-2015\/#listItem","position":3,"name":"La Terminal Mar\u00edtima de Zaragoza creci\u00f3 un 13% en 2015","previousItem":{"@type":"ListItem","@id":"https:\/\/eldigitaldeasturias.com\/magazine365\/category\/noticias-actualidad\/#listItem","name":"Noticias y Actualidad"}}]},{"@type":"Organization","@id":"https:\/\/eldigitaldeasturias.com\/magazine365\/#organization","name":"El digital de Asturias","description":"Revista de ocio, turismo y estilo de vida","url":"https:\/\/eldigitaldeasturias.com\/magazine365\/","logo":{"@type":"ImageObject","url":"https:\/\/www.eldigitaldeasturias.com\/noticias\/wp-content\/uploads\/2020\/12\/EDA.jpg","@id":"https:\/\/eldigitaldeasturias.com\/magazine365\/la-terminal-maritima-de-zaragoza-crecio-un-13-en-2015\/#organizationLogo"},"image":{"@id":"https:\/\/eldigitaldeasturias.com\/magazine365\/la-terminal-maritima-de-zaragoza-crecio-un-13-en-2015\/#organizationLogo"}},{"@type":"Person","@id":"https:\/\/eldigitaldeasturias.com\/magazine365\/author\/admin\/#author","url":"https:\/\/eldigitaldeasturias.com\/magazine365\/author\/admin\/","name":"admin","image":{"@type":"ImageObject","@id":"https:\/\/eldigitaldeasturias.com\/magazine365\/la-terminal-maritima-de-zaragoza-crecio-un-13-en-2015\/#authorImage","url":"https:\/\/eldigitaldeasturias.com\/magazine365\/wp-content\/litespeed\/avatar\/e571bcf59a0edd6fa6838245a470f2fe.jpg?ver=1776969259","width":96,"height":96,"caption":"admin"}},{"@type":"WebPage","@id":"https:\/\/eldigitaldeasturias.com\/magazine365\/la-terminal-maritima-de-zaragoza-crecio-un-13-en-2015\/#webpage","url":"https:\/\/eldigitaldeasturias.com\/magazine365\/la-terminal-maritima-de-zaragoza-crecio-un-13-en-2015\/","name":"La Terminal Mar\u00edtima de Zaragoza creci\u00f3 un 13% en 2015 | El Digital de Asturias","description":"La Terminal Mar\u00edtima de Zaragoza (tmZ), participada por el Puerto de Barcelona, Mercazaragoza y la Diputaci\u00f3n de Arag\u00f3n, creci\u00f3 un 13% en 2015 hasta transportar 305.122 TEU --unidad equivalente a un contenedor de 20 pies--. As\u00ed lo ha dicho el presidente de tmZ y alcalde de Zaragoza, Pedro Santisteve, durante el consejo de administraci\u00f3n de","inLanguage":"es-ES","isPartOf":{"@id":"https:\/\/eldigitaldeasturias.com\/magazine365\/#website"},"breadcrumb":{"@id":"https:\/\/eldigitaldeasturias.com\/magazine365\/la-terminal-maritima-de-zaragoza-crecio-un-13-en-2015\/#breadcrumblist"},"author":{"@id":"https:\/\/eldigitaldeasturias.com\/magazine365\/author\/admin\/#author"},"creator":{"@id":"https:\/\/eldigitaldeasturias.com\/magazine365\/author\/admin\/#author"},"image":{"@type":"ImageObject","url":"https:\/\/eldigitaldeasturias.com\/magazine365\/wp-content\/uploads\/2016\/06\/fotonoticia_20160609192203_800.jpg","@id":"https:\/\/eldigitaldeasturias.com\/magazine365\/la-terminal-maritima-de-zaragoza-crecio-un-13-en-2015\/#mainImage","width":800,"height":1201},"primaryImageOfPage":{"@id":"https:\/\/eldigitaldeasturias.com\/magazine365\/la-terminal-maritima-de-zaragoza-crecio-un-13-en-2015\/#mainImage"},"datePublished":"2016-06-10T15:36:55+02:00","dateModified":"2016-06-10T15:36:55+02:00"},{"@type":"WebSite","@id":"https:\/\/eldigitaldeasturias.com\/magazine365\/#website","url":"https:\/\/eldigitaldeasturias.com\/magazine365\/","name":"El Digital de Asturias","description":"Revista de ocio, turismo y estilo de vida","inLanguage":"es-ES","publisher":{"@id":"https:\/\/eldigitaldeasturias.com\/magazine365\/#organization"}}]},"og:locale":"es_ES","og:site_name":"El Digital de Asturias \u2013 Revista de ocio, turismo y estilo de vida","og:type":"article","og:title":"La Terminal Mar\u00edtima de Zaragoza creci\u00f3 un 13% en 2015 | El Digital de Asturias","og:description":"La Terminal Mar\u00edtima de Zaragoza (tmZ), participada por el Puerto de Barcelona, Mercazaragoza y la Diputaci\u00f3n de Arag\u00f3n, creci\u00f3 un 13% en 2015 hasta transportar 305.122 TEU --unidad equivalente a un contenedor de 20 pies--. As\u00ed lo ha dicho el presidente de tmZ y alcalde de Zaragoza, Pedro Santisteve, durante el consejo de administraci\u00f3n de","og:url":"https:\/\/eldigitaldeasturias.com\/magazine365\/la-terminal-maritima-de-zaragoza-crecio-un-13-en-2015\/","og:image":"https:\/\/eldigitaldeasturias.com\/magazine365\/wp-content\/uploads\/2016\/06\/fotonoticia_20160609192203_800.jpg","og:image:secure_url":"https:\/\/eldigitaldeasturias.com\/magazine365\/wp-content\/uploads\/2016\/06\/fotonoticia_20160609192203_800.jpg","og:image:width":800,"og:image:height":1201,"article:published_time":"2016-06-10T13:36:55+00:00","article:modified_time":"2016-06-10T13:36:55+00:00","twitter:card":"summary_large_image","twitter:title":"La Terminal Mar\u00edtima de Zaragoza creci\u00f3 un 13% en 2015 | El Digital de Asturias","twitter:description":"La Terminal Mar\u00edtima de Zaragoza (tmZ), participada por el Puerto de Barcelona, Mercazaragoza y la Diputaci\u00f3n de Arag\u00f3n, creci\u00f3 un 13% en 2015 hasta transportar 305.122 TEU --unidad equivalente a un contenedor de 20 pies--. As\u00ed lo ha dicho el presidente de tmZ y alcalde de Zaragoza, Pedro Santisteve, durante el consejo de administraci\u00f3n de","twitter:image":"https:\/\/eldigitaldeasturias.com\/magazine365\/wp-content\/uploads\/2016\/06\/fotonoticia_20160609192203_800.jpg"},"aioseo_meta_data":{"post_id":"78628","title":null,"description":null,"keywords":null,"keyphrases":null,"primary_term":null,"canonical_url":null,"og_title":null,"og_description":null,"og_object_type":"default","og_image_type":"default","og_image_url":null,"og_image_width":null,"og_image_height":null,"og_image_custom_url":null,"og_image_custom_fields":null,"og_video":null,"og_custom_url":null,"og_article_section":null,"og_article_tags":null,"twitter_use_og":false,"twitter_card":"default","twitter_image_type":"default","twitter_image_url":null,"twitter_image_custom_url":null,"twitter_image_custom_fields":null,"twitter_title":null,"twitter_description":null,"schema":{"blockGraphs":[],"customGraphs":[],"default":{"data":{"Article":[],"Course":[],"Dataset":[],"FAQPage":[],"Movie":[],"Person":[],"Product":[],"ProductReview":[],"Car":[],"Recipe":[],"Service":[],"SoftwareApplication":[],"WebPage":[]},"graphName":"","isEnabled":true},"graphs":[]},"schema_type":null,"schema_type_options":null,"pillar_content":false,"robots_default":true,"robots_noindex":false,"robots_noarchive":false,"robots_nosnippet":false,"robots_nofollow":false,"robots_noimageindex":false,"robots_noodp":false,"robots_notranslate":false,"robots_max_snippet":null,"robots_max_videopreview":null,"robots_max_imagepreview":"large","priority":null,"frequency":null,"location":null,"local_seo":null,"seo_analyzer_scan_date":"2025-09-27 17:21:01","breadcrumb_settings":null,"limit_modified_date":false,"open_ai":null,"ai":null,"created":"2021-03-08 17:58:41","updated":"2025-09-27 17:21:01"},"aioseo_breadcrumb":"<div class=\"aioseo-breadcrumbs\"><span class=\"aioseo-breadcrumb\">\n\t<a href=\"https:\/\/eldigitaldeasturias.com\/magazine365\" title=\"Home\">Home<\/a>\n<\/span><span class=\"aioseo-breadcrumb-separator\">\u2013<\/span><span class=\"aioseo-breadcrumb\">\n\t<a href=\"https:\/\/eldigitaldeasturias.com\/magazine365\/category\/noticias-actualidad\/\" title=\"Noticias y Actualidad\">Noticias y Actualidad<\/a>\n<\/span><span class=\"aioseo-breadcrumb-separator\">\u2013<\/span><span class=\"aioseo-breadcrumb\">\n\t<a href=\"https:\/\/eldigitaldeasturias.com\/magazine365\/la-terminal-maritima-de-zaragoza-crecio-un-13-en-2015\/\" title=\"La Terminal Mar\u00edtima de Zaragoza creci\u00f3 un 13% en 2015\">La Terminal Mar\u00edtima de Zaragoza creci\u00f3 un 13% en 2015<\/a>\n<\/span><\/div>","aioseo_breadcrumb_json":[{"label":"Home","link":"https:\/\/eldigitaldeasturias.com\/magazine365"},{"label":"Noticias y Actualidad","link":"https:\/\/eldigitaldeasturias.com\/magazine365\/category\/noticias-actualidad\/"},{"label":"La Terminal Mar\u00edtima de Zaragoza creci\u00f3 un 13% en 2015","link":"https:\/\/eldigitaldeasturias.com\/magazine365\/la-terminal-maritima-de-zaragoza-crecio-un-13-en-2015\/"}],"_links":{"self":[{"href":"https:\/\/eldigitaldeasturias.com\/magazine365\/wp-json\/wp\/v2\/posts\/78628","targetHints":{"allow":["GET"]}}],"collection":[{"href":"https:\/\/eldigitaldeasturias.com\/magazine365\/wp-json\/wp\/v2\/posts"}],"about":[{"href":"https:\/\/eldigitaldeasturias.com\/magazine365\/wp-json\/wp\/v2\/types\/post"}],"author":[{"embeddable":true,"href":"https:\/\/eldigitaldeasturias.com\/magazine365\/wp-json\/wp\/v2\/users\/1"}],"replies":[{"embeddable":true,"href":"https:\/\/eldigitaldeasturias.com\/magazine365\/wp-json\/wp\/v2\/comments?post=78628"}],"version-history":[{"count":0,"href":"https:\/\/eldigitaldeasturias.com\/magazine365\/wp-json\/wp\/v2\/posts\/78628\/revisions"}],"wp:featuredmedia":[{"embeddable":true,"href":"https:\/\/eldigitaldeasturias.com\/magazine365\/wp-json\/wp\/v2\/media\/78629"}],"wp:attachment":[{"href":"https:\/\/eldigitaldeasturias.com\/magazine365\/wp-json\/wp\/v2\/media?parent=78628"}],"wp:term":[{"taxonomy":"category","embeddable":true,"href":"https:\/\/eldigitaldeasturias.com\/magazine365\/wp-json\/wp\/v2\/categories?post=78628"},{"taxonomy":"post_tag","embeddable":true,"href":"https:\/\/eldigitaldeasturias.com\/magazine365\/wp-json\/wp\/v2\/tags?post=78628"}],"curies":[{"name":"wp","href":"https:\/\/api.w.org\/{rel}","templated":true}]}}