{"id":78622,"date":"2016-06-10T15:35:01","date_gmt":"2016-06-10T13:35:01","guid":{"rendered":"http:\/\/eldigitaldeasturias.com\/magazine365\/?p=78622"},"modified":"2016-06-10T15:35:01","modified_gmt":"2016-06-10T13:35:01","slug":"el-puerto-de-tarragona-preparado-para-operar-con-megacamiones","status":"publish","type":"post","link":"https:\/\/eldigitaldeasturias.com\/magazine365\/el-puerto-de-tarragona-preparado-para-operar-con-megacamiones\/","title":{"rendered":"El Puerto de Tarragona, preparado para operar con megacamiones"},"content":{"rendered":"<p><img fetchpriority=\"high\" decoding=\"async\" class=\"alignleft size-medium wp-image-78623\" src=\"https:\/\/eldigitaldeasturias.com\/magazine365\/wp-content\/uploads\/2016\/06\/fotonoticia_20160609191611_800-360x240.jpg\" alt=\"fotonoticia_20160609191611_800\" width=\"360\" height=\"240\" srcset=\"https:\/\/eldigitaldeasturias.com\/magazine365\/wp-content\/uploads\/2016\/06\/fotonoticia_20160609191611_800-360x240.jpg 360w, https:\/\/eldigitaldeasturias.com\/magazine365\/wp-content\/uploads\/2016\/06\/fotonoticia_20160609191611_800-650x433.jpg 650w, https:\/\/eldigitaldeasturias.com\/magazine365\/wp-content\/uploads\/2016\/06\/fotonoticia_20160609191611_800-768x512.jpg 768w, https:\/\/eldigitaldeasturias.com\/magazine365\/wp-content\/uploads\/2016\/06\/fotonoticia_20160609191611_800-150x100.jpg 150w, https:\/\/eldigitaldeasturias.com\/magazine365\/wp-content\/uploads\/2016\/06\/fotonoticia_20160609191611_800-450x300.jpg 450w, https:\/\/eldigitaldeasturias.com\/magazine365\/wp-content\/uploads\/2016\/06\/fotonoticia_20160609191611_800-101x66.jpg 101w, https:\/\/eldigitaldeasturias.com\/magazine365\/wp-content\/uploads\/2016\/06\/fotonoticia_20160609191611_800.jpg 800w\" sizes=\"(max-width: 360px) 100vw, 360px\" \/>El presidente del Puerto de Tarragona, Josep Andreu, ha asegurado este jueves que el enclave portuario \u00abtiene infraestructuras suficientes y preparadas\u00bb por si sus operadores optan por trabajar con megacamiones.<\/p>\n<p>\u00abSi los operadores ganan competitividad operando con megacamiones, el Puerto de Tarragona les apoyar\u00e1\u00bb, ha dicho Andreu en una mesa redonda titulada &#8216;Mega-truck en Espa\u00f1a, \u00bfmoda o necesidad?&#8217;, que se ha celebrado en el marco del Sal\u00f3n Internacional de la Log\u00edstica y la Manutenci\u00f3n (SIL) 2016 de Fira de Barcelona.<\/p>\n<p>Se ha realizado un estudio para analizar la viabilidad del desarrollo del megacami\u00f3n en la zona portuaria tarraconense, y Andreu ha sostenido que los resultados son favorables y que se han identificado los posibles inconvenientes para dar respuesta a los operadores que decidan trabajar con este tipo de veh\u00edculo.<\/p>\n","protected":false},"excerpt":{"rendered":"<p>El presidente del Puerto de Tarragona, Josep Andreu, ha asegurado este jueves que el enclave portuario \u00abtiene infraestructuras suficientes y preparadas\u00bb por si sus operadores optan por trabajar con megacamiones. \u00abSi los operadores ganan competitividad operando con megacamiones, el Puerto de Tarragona les apoyar\u00e1\u00bb, ha dicho Andreu en una mesa redonda titulada &#8216;Mega-truck en Espa\u00f1a,<\/p>\n","protected":false},"author":1,"featured_media":78623,"comment_status":"open","ping_status":"closed","sticky":false,"template":"","format":"standard","meta":{"footnotes":""},"categories":[224],"tags":[],"class_list":{"0":"post-78622","1":"post","2":"type-post","3":"status-publish","4":"format-standard","5":"has-post-thumbnail","7":"category-noticias-actualidad"},"aioseo_notices":[],"aioseo_head":"\n\t\t<!-- All in One SEO Pro 4.9.6.1 - aioseo.com -->\n\t<meta name=\"description\" content=\"El presidente del Puerto de Tarragona, Josep Andreu, ha asegurado este jueves que el enclave portuario &quot;tiene infraestructuras suficientes y preparadas&quot; por si sus operadores optan por trabajar con megacamiones. &quot;Si los operadores ganan competitividad operando con megacamiones, el Puerto de Tarragona les apoyar\u00e1&quot;, ha dicho Andreu en una mesa redonda titulada &#039;Mega-truck en Espa\u00f1a,\" \/>\n\t<meta name=\"robots\" content=\"max-image-preview:large\" \/>\n\t<meta name=\"author\" content=\"admin\"\/>\n\t<meta name=\"google-site-verification\" content=\"UA-38556648-1\" \/>\n\t<meta name=\"keywords\" content=\"noticias y actualidad\" \/>\n\t<link rel=\"canonical\" href=\"https:\/\/eldigitaldeasturias.com\/magazine365\/el-puerto-de-tarragona-preparado-para-operar-con-megacamiones\/\" \/>\n\t<meta name=\"generator\" content=\"All in One SEO Pro (AIOSEO) 4.9.6.1\" \/>\n\t\t<meta property=\"og:locale\" content=\"es_ES\" \/>\n\t\t<meta property=\"og:site_name\" content=\"El Digital de Asturias \u2013 Revista de ocio, turismo y estilo de vida\" \/>\n\t\t<meta property=\"og:type\" content=\"article\" \/>\n\t\t<meta property=\"og:title\" content=\"El Puerto de Tarragona, preparado para operar con megacamiones | El Digital de Asturias\" \/>\n\t\t<meta property=\"og:description\" content=\"El presidente del Puerto de Tarragona, Josep Andreu, ha asegurado este jueves que el enclave portuario &quot;tiene infraestructuras suficientes y preparadas&quot; por si sus operadores optan por trabajar con megacamiones. &quot;Si los operadores ganan competitividad operando con megacamiones, el Puerto de Tarragona les apoyar\u00e1&quot;, ha dicho Andreu en una mesa redonda titulada &#039;Mega-truck en Espa\u00f1a,\" \/>\n\t\t<meta property=\"og:url\" content=\"https:\/\/eldigitaldeasturias.com\/magazine365\/el-puerto-de-tarragona-preparado-para-operar-con-megacamiones\/\" \/>\n\t\t<meta property=\"og:image\" content=\"https:\/\/eldigitaldeasturias.com\/magazine365\/wp-content\/uploads\/2016\/06\/fotonoticia_20160609191611_800.jpg\" \/>\n\t\t<meta property=\"og:image:secure_url\" content=\"https:\/\/eldigitaldeasturias.com\/magazine365\/wp-content\/uploads\/2016\/06\/fotonoticia_20160609191611_800.jpg\" \/>\n\t\t<meta property=\"og:image:width\" content=\"800\" \/>\n\t\t<meta property=\"og:image:height\" content=\"533\" \/>\n\t\t<meta property=\"article:published_time\" content=\"2016-06-10T13:35:01+00:00\" \/>\n\t\t<meta property=\"article:modified_time\" content=\"2016-06-10T13:35:01+00:00\" \/>\n\t\t<meta name=\"twitter:card\" content=\"summary_large_image\" \/>\n\t\t<meta name=\"twitter:title\" content=\"El Puerto de Tarragona, preparado para operar con megacamiones | El Digital de Asturias\" \/>\n\t\t<meta name=\"twitter:description\" content=\"El presidente del Puerto de Tarragona, Josep Andreu, ha asegurado este jueves que el enclave portuario &quot;tiene infraestructuras suficientes y preparadas&quot; por si sus operadores optan por trabajar con megacamiones. &quot;Si los operadores ganan competitividad operando con megacamiones, el Puerto de Tarragona les apoyar\u00e1&quot;, ha dicho Andreu en una mesa redonda titulada &#039;Mega-truck en Espa\u00f1a,\" \/>\n\t\t<meta name=\"twitter:image\" content=\"https:\/\/eldigitaldeasturias.com\/magazine365\/wp-content\/uploads\/2016\/06\/fotonoticia_20160609191611_800.jpg\" \/>\n\t\t<script type=\"application\/ld+json\" class=\"aioseo-schema\">\n\t\t\t{\"@context\":\"https:\\\/\\\/schema.org\",\"@graph\":[{\"@type\":\"Article\",\"@id\":\"https:\\\/\\\/eldigitaldeasturias.com\\\/magazine365\\\/el-puerto-de-tarragona-preparado-para-operar-con-megacamiones\\\/#article\",\"name\":\"El Puerto de Tarragona, preparado para operar con megacamiones | El Digital de Asturias\",\"headline\":\"El Puerto de Tarragona, preparado para operar con megacamiones\",\"author\":{\"@id\":\"https:\\\/\\\/eldigitaldeasturias.com\\\/magazine365\\\/author\\\/admin\\\/#author\"},\"publisher\":{\"@id\":\"https:\\\/\\\/eldigitaldeasturias.com\\\/magazine365\\\/#organization\"},\"image\":{\"@type\":\"ImageObject\",\"url\":\"https:\\\/\\\/eldigitaldeasturias.com\\\/magazine365\\\/wp-content\\\/uploads\\\/2016\\\/06\\\/fotonoticia_20160609191611_800.jpg\",\"width\":800,\"height\":533},\"datePublished\":\"2016-06-10T15:35:01+02:00\",\"dateModified\":\"2016-06-10T15:35:01+02:00\",\"inLanguage\":\"es-ES\",\"mainEntityOfPage\":{\"@id\":\"https:\\\/\\\/eldigitaldeasturias.com\\\/magazine365\\\/el-puerto-de-tarragona-preparado-para-operar-con-megacamiones\\\/#webpage\"},\"isPartOf\":{\"@id\":\"https:\\\/\\\/eldigitaldeasturias.com\\\/magazine365\\\/el-puerto-de-tarragona-preparado-para-operar-con-megacamiones\\\/#webpage\"},\"articleSection\":\"Noticias y Actualidad\"},{\"@type\":\"BreadcrumbList\",\"@id\":\"https:\\\/\\\/eldigitaldeasturias.com\\\/magazine365\\\/el-puerto-de-tarragona-preparado-para-operar-con-megacamiones\\\/#breadcrumblist\",\"itemListElement\":[{\"@type\":\"ListItem\",\"@id\":\"https:\\\/\\\/eldigitaldeasturias.com\\\/magazine365#listItem\",\"position\":1,\"name\":\"Home\",\"item\":\"https:\\\/\\\/eldigitaldeasturias.com\\\/magazine365\",\"nextItem\":{\"@type\":\"ListItem\",\"@id\":\"https:\\\/\\\/eldigitaldeasturias.com\\\/magazine365\\\/category\\\/noticias-actualidad\\\/#listItem\",\"name\":\"Noticias y Actualidad\"}},{\"@type\":\"ListItem\",\"@id\":\"https:\\\/\\\/eldigitaldeasturias.com\\\/magazine365\\\/category\\\/noticias-actualidad\\\/#listItem\",\"position\":2,\"name\":\"Noticias y Actualidad\",\"item\":\"https:\\\/\\\/eldigitaldeasturias.com\\\/magazine365\\\/category\\\/noticias-actualidad\\\/\",\"nextItem\":{\"@type\":\"ListItem\",\"@id\":\"https:\\\/\\\/eldigitaldeasturias.com\\\/magazine365\\\/el-puerto-de-tarragona-preparado-para-operar-con-megacamiones\\\/#listItem\",\"name\":\"El Puerto de Tarragona, preparado para operar con megacamiones\"},\"previousItem\":{\"@type\":\"ListItem\",\"@id\":\"https:\\\/\\\/eldigitaldeasturias.com\\\/magazine365#listItem\",\"name\":\"Home\"}},{\"@type\":\"ListItem\",\"@id\":\"https:\\\/\\\/eldigitaldeasturias.com\\\/magazine365\\\/el-puerto-de-tarragona-preparado-para-operar-con-megacamiones\\\/#listItem\",\"position\":3,\"name\":\"El Puerto de Tarragona, preparado para operar con megacamiones\",\"previousItem\":{\"@type\":\"ListItem\",\"@id\":\"https:\\\/\\\/eldigitaldeasturias.com\\\/magazine365\\\/category\\\/noticias-actualidad\\\/#listItem\",\"name\":\"Noticias y Actualidad\"}}]},{\"@type\":\"Organization\",\"@id\":\"https:\\\/\\\/eldigitaldeasturias.com\\\/magazine365\\\/#organization\",\"name\":\"El digital de Asturias\",\"description\":\"Revista de ocio, turismo y estilo de vida\",\"url\":\"https:\\\/\\\/eldigitaldeasturias.com\\\/magazine365\\\/\",\"logo\":{\"@type\":\"ImageObject\",\"url\":\"https:\\\/\\\/www.eldigitaldeasturias.com\\\/noticias\\\/wp-content\\\/uploads\\\/2020\\\/12\\\/EDA.jpg\",\"@id\":\"https:\\\/\\\/eldigitaldeasturias.com\\\/magazine365\\\/el-puerto-de-tarragona-preparado-para-operar-con-megacamiones\\\/#organizationLogo\"},\"image\":{\"@id\":\"https:\\\/\\\/eldigitaldeasturias.com\\\/magazine365\\\/el-puerto-de-tarragona-preparado-para-operar-con-megacamiones\\\/#organizationLogo\"}},{\"@type\":\"Person\",\"@id\":\"https:\\\/\\\/eldigitaldeasturias.com\\\/magazine365\\\/author\\\/admin\\\/#author\",\"url\":\"https:\\\/\\\/eldigitaldeasturias.com\\\/magazine365\\\/author\\\/admin\\\/\",\"name\":\"admin\",\"image\":{\"@type\":\"ImageObject\",\"@id\":\"https:\\\/\\\/eldigitaldeasturias.com\\\/magazine365\\\/el-puerto-de-tarragona-preparado-para-operar-con-megacamiones\\\/#authorImage\",\"url\":\"https:\\\/\\\/eldigitaldeasturias.com\\\/magazine365\\\/wp-content\\\/litespeed\\\/avatar\\\/e571bcf59a0edd6fa6838245a470f2fe.jpg?ver=1776969259\",\"width\":96,\"height\":96,\"caption\":\"admin\"}},{\"@type\":\"WebPage\",\"@id\":\"https:\\\/\\\/eldigitaldeasturias.com\\\/magazine365\\\/el-puerto-de-tarragona-preparado-para-operar-con-megacamiones\\\/#webpage\",\"url\":\"https:\\\/\\\/eldigitaldeasturias.com\\\/magazine365\\\/el-puerto-de-tarragona-preparado-para-operar-con-megacamiones\\\/\",\"name\":\"El Puerto de Tarragona, preparado para operar con megacamiones | El Digital de Asturias\",\"description\":\"El presidente del Puerto de Tarragona, Josep Andreu, ha asegurado este jueves que el enclave portuario \\\"tiene infraestructuras suficientes y preparadas\\\" por si sus operadores optan por trabajar con megacamiones. \\\"Si los operadores ganan competitividad operando con megacamiones, el Puerto de Tarragona les apoyar\\u00e1\\\", ha dicho Andreu en una mesa redonda titulada 'Mega-truck en Espa\\u00f1a,\",\"inLanguage\":\"es-ES\",\"isPartOf\":{\"@id\":\"https:\\\/\\\/eldigitaldeasturias.com\\\/magazine365\\\/#website\"},\"breadcrumb\":{\"@id\":\"https:\\\/\\\/eldigitaldeasturias.com\\\/magazine365\\\/el-puerto-de-tarragona-preparado-para-operar-con-megacamiones\\\/#breadcrumblist\"},\"author\":{\"@id\":\"https:\\\/\\\/eldigitaldeasturias.com\\\/magazine365\\\/author\\\/admin\\\/#author\"},\"creator\":{\"@id\":\"https:\\\/\\\/eldigitaldeasturias.com\\\/magazine365\\\/author\\\/admin\\\/#author\"},\"image\":{\"@type\":\"ImageObject\",\"url\":\"https:\\\/\\\/eldigitaldeasturias.com\\\/magazine365\\\/wp-content\\\/uploads\\\/2016\\\/06\\\/fotonoticia_20160609191611_800.jpg\",\"@id\":\"https:\\\/\\\/eldigitaldeasturias.com\\\/magazine365\\\/el-puerto-de-tarragona-preparado-para-operar-con-megacamiones\\\/#mainImage\",\"width\":800,\"height\":533},\"primaryImageOfPage\":{\"@id\":\"https:\\\/\\\/eldigitaldeasturias.com\\\/magazine365\\\/el-puerto-de-tarragona-preparado-para-operar-con-megacamiones\\\/#mainImage\"},\"datePublished\":\"2016-06-10T15:35:01+02:00\",\"dateModified\":\"2016-06-10T15:35:01+02:00\"},{\"@type\":\"WebSite\",\"@id\":\"https:\\\/\\\/eldigitaldeasturias.com\\\/magazine365\\\/#website\",\"url\":\"https:\\\/\\\/eldigitaldeasturias.com\\\/magazine365\\\/\",\"name\":\"El Digital de Asturias\",\"description\":\"Revista de ocio, turismo y estilo de vida\",\"inLanguage\":\"es-ES\",\"publisher\":{\"@id\":\"https:\\\/\\\/eldigitaldeasturias.com\\\/magazine365\\\/#organization\"}}]}\n\t\t<\/script>\n\t\t<!-- All in One SEO Pro -->\r\n\t\t<title>El Puerto de Tarragona, preparado para operar con megacamiones | El Digital de Asturias<\/title>\n\n","aioseo_head_json":{"title":"El Puerto de Tarragona, preparado para operar con megacamiones | El Digital de Asturias","description":"El presidente del Puerto de Tarragona, Josep Andreu, ha asegurado este jueves que el enclave portuario \"tiene infraestructuras suficientes y preparadas\" por si sus operadores optan por trabajar con megacamiones. \"Si los operadores ganan competitividad operando con megacamiones, el Puerto de Tarragona les apoyar\u00e1\", ha dicho Andreu en una mesa redonda titulada 'Mega-truck en Espa\u00f1a,","canonical_url":"https:\/\/eldigitaldeasturias.com\/magazine365\/el-puerto-de-tarragona-preparado-para-operar-con-megacamiones\/","robots":"max-image-preview:large","keywords":"noticias y actualidad","webmasterTools":{"google-site-verification":"UA-38556648-1","miscellaneous":""},"schema":{"@context":"https:\/\/schema.org","@graph":[{"@type":"Article","@id":"https:\/\/eldigitaldeasturias.com\/magazine365\/el-puerto-de-tarragona-preparado-para-operar-con-megacamiones\/#article","name":"El Puerto de Tarragona, preparado para operar con megacamiones | El Digital de Asturias","headline":"El Puerto de Tarragona, preparado para operar con megacamiones","author":{"@id":"https:\/\/eldigitaldeasturias.com\/magazine365\/author\/admin\/#author"},"publisher":{"@id":"https:\/\/eldigitaldeasturias.com\/magazine365\/#organization"},"image":{"@type":"ImageObject","url":"https:\/\/eldigitaldeasturias.com\/magazine365\/wp-content\/uploads\/2016\/06\/fotonoticia_20160609191611_800.jpg","width":800,"height":533},"datePublished":"2016-06-10T15:35:01+02:00","dateModified":"2016-06-10T15:35:01+02:00","inLanguage":"es-ES","mainEntityOfPage":{"@id":"https:\/\/eldigitaldeasturias.com\/magazine365\/el-puerto-de-tarragona-preparado-para-operar-con-megacamiones\/#webpage"},"isPartOf":{"@id":"https:\/\/eldigitaldeasturias.com\/magazine365\/el-puerto-de-tarragona-preparado-para-operar-con-megacamiones\/#webpage"},"articleSection":"Noticias y Actualidad"},{"@type":"BreadcrumbList","@id":"https:\/\/eldigitaldeasturias.com\/magazine365\/el-puerto-de-tarragona-preparado-para-operar-con-megacamiones\/#breadcrumblist","itemListElement":[{"@type":"ListItem","@id":"https:\/\/eldigitaldeasturias.com\/magazine365#listItem","position":1,"name":"Home","item":"https:\/\/eldigitaldeasturias.com\/magazine365","nextItem":{"@type":"ListItem","@id":"https:\/\/eldigitaldeasturias.com\/magazine365\/category\/noticias-actualidad\/#listItem","name":"Noticias y Actualidad"}},{"@type":"ListItem","@id":"https:\/\/eldigitaldeasturias.com\/magazine365\/category\/noticias-actualidad\/#listItem","position":2,"name":"Noticias y Actualidad","item":"https:\/\/eldigitaldeasturias.com\/magazine365\/category\/noticias-actualidad\/","nextItem":{"@type":"ListItem","@id":"https:\/\/eldigitaldeasturias.com\/magazine365\/el-puerto-de-tarragona-preparado-para-operar-con-megacamiones\/#listItem","name":"El Puerto de Tarragona, preparado para operar con megacamiones"},"previousItem":{"@type":"ListItem","@id":"https:\/\/eldigitaldeasturias.com\/magazine365#listItem","name":"Home"}},{"@type":"ListItem","@id":"https:\/\/eldigitaldeasturias.com\/magazine365\/el-puerto-de-tarragona-preparado-para-operar-con-megacamiones\/#listItem","position":3,"name":"El Puerto de Tarragona, preparado para operar con megacamiones","previousItem":{"@type":"ListItem","@id":"https:\/\/eldigitaldeasturias.com\/magazine365\/category\/noticias-actualidad\/#listItem","name":"Noticias y Actualidad"}}]},{"@type":"Organization","@id":"https:\/\/eldigitaldeasturias.com\/magazine365\/#organization","name":"El digital de Asturias","description":"Revista de ocio, turismo y estilo de vida","url":"https:\/\/eldigitaldeasturias.com\/magazine365\/","logo":{"@type":"ImageObject","url":"https:\/\/www.eldigitaldeasturias.com\/noticias\/wp-content\/uploads\/2020\/12\/EDA.jpg","@id":"https:\/\/eldigitaldeasturias.com\/magazine365\/el-puerto-de-tarragona-preparado-para-operar-con-megacamiones\/#organizationLogo"},"image":{"@id":"https:\/\/eldigitaldeasturias.com\/magazine365\/el-puerto-de-tarragona-preparado-para-operar-con-megacamiones\/#organizationLogo"}},{"@type":"Person","@id":"https:\/\/eldigitaldeasturias.com\/magazine365\/author\/admin\/#author","url":"https:\/\/eldigitaldeasturias.com\/magazine365\/author\/admin\/","name":"admin","image":{"@type":"ImageObject","@id":"https:\/\/eldigitaldeasturias.com\/magazine365\/el-puerto-de-tarragona-preparado-para-operar-con-megacamiones\/#authorImage","url":"https:\/\/eldigitaldeasturias.com\/magazine365\/wp-content\/litespeed\/avatar\/e571bcf59a0edd6fa6838245a470f2fe.jpg?ver=1776969259","width":96,"height":96,"caption":"admin"}},{"@type":"WebPage","@id":"https:\/\/eldigitaldeasturias.com\/magazine365\/el-puerto-de-tarragona-preparado-para-operar-con-megacamiones\/#webpage","url":"https:\/\/eldigitaldeasturias.com\/magazine365\/el-puerto-de-tarragona-preparado-para-operar-con-megacamiones\/","name":"El Puerto de Tarragona, preparado para operar con megacamiones | El Digital de Asturias","description":"El presidente del Puerto de Tarragona, Josep Andreu, ha asegurado este jueves que el enclave portuario \"tiene infraestructuras suficientes y preparadas\" por si sus operadores optan por trabajar con megacamiones. \"Si los operadores ganan competitividad operando con megacamiones, el Puerto de Tarragona les apoyar\u00e1\", ha dicho Andreu en una mesa redonda titulada 'Mega-truck en Espa\u00f1a,","inLanguage":"es-ES","isPartOf":{"@id":"https:\/\/eldigitaldeasturias.com\/magazine365\/#website"},"breadcrumb":{"@id":"https:\/\/eldigitaldeasturias.com\/magazine365\/el-puerto-de-tarragona-preparado-para-operar-con-megacamiones\/#breadcrumblist"},"author":{"@id":"https:\/\/eldigitaldeasturias.com\/magazine365\/author\/admin\/#author"},"creator":{"@id":"https:\/\/eldigitaldeasturias.com\/magazine365\/author\/admin\/#author"},"image":{"@type":"ImageObject","url":"https:\/\/eldigitaldeasturias.com\/magazine365\/wp-content\/uploads\/2016\/06\/fotonoticia_20160609191611_800.jpg","@id":"https:\/\/eldigitaldeasturias.com\/magazine365\/el-puerto-de-tarragona-preparado-para-operar-con-megacamiones\/#mainImage","width":800,"height":533},"primaryImageOfPage":{"@id":"https:\/\/eldigitaldeasturias.com\/magazine365\/el-puerto-de-tarragona-preparado-para-operar-con-megacamiones\/#mainImage"},"datePublished":"2016-06-10T15:35:01+02:00","dateModified":"2016-06-10T15:35:01+02:00"},{"@type":"WebSite","@id":"https:\/\/eldigitaldeasturias.com\/magazine365\/#website","url":"https:\/\/eldigitaldeasturias.com\/magazine365\/","name":"El Digital de Asturias","description":"Revista de ocio, turismo y estilo de vida","inLanguage":"es-ES","publisher":{"@id":"https:\/\/eldigitaldeasturias.com\/magazine365\/#organization"}}]},"og:locale":"es_ES","og:site_name":"El Digital de Asturias \u2013 Revista de ocio, turismo y estilo de vida","og:type":"article","og:title":"El Puerto de Tarragona, preparado para operar con megacamiones | El Digital de Asturias","og:description":"El presidente del Puerto de Tarragona, Josep Andreu, ha asegurado este jueves que el enclave portuario &quot;tiene infraestructuras suficientes y preparadas&quot; por si sus operadores optan por trabajar con megacamiones. &quot;Si los operadores ganan competitividad operando con megacamiones, el Puerto de Tarragona les apoyar\u00e1&quot;, ha dicho Andreu en una mesa redonda titulada 'Mega-truck en Espa\u00f1a,","og:url":"https:\/\/eldigitaldeasturias.com\/magazine365\/el-puerto-de-tarragona-preparado-para-operar-con-megacamiones\/","og:image":"https:\/\/eldigitaldeasturias.com\/magazine365\/wp-content\/uploads\/2016\/06\/fotonoticia_20160609191611_800.jpg","og:image:secure_url":"https:\/\/eldigitaldeasturias.com\/magazine365\/wp-content\/uploads\/2016\/06\/fotonoticia_20160609191611_800.jpg","og:image:width":800,"og:image:height":533,"article:published_time":"2016-06-10T13:35:01+00:00","article:modified_time":"2016-06-10T13:35:01+00:00","twitter:card":"summary_large_image","twitter:title":"El Puerto de Tarragona, preparado para operar con megacamiones | El Digital de Asturias","twitter:description":"El presidente del Puerto de Tarragona, Josep Andreu, ha asegurado este jueves que el enclave portuario &quot;tiene infraestructuras suficientes y preparadas&quot; por si sus operadores optan por trabajar con megacamiones. &quot;Si los operadores ganan competitividad operando con megacamiones, el Puerto de Tarragona les apoyar\u00e1&quot;, ha dicho Andreu en una mesa redonda titulada 'Mega-truck en Espa\u00f1a,","twitter:image":"https:\/\/eldigitaldeasturias.com\/magazine365\/wp-content\/uploads\/2016\/06\/fotonoticia_20160609191611_800.jpg"},"aioseo_meta_data":{"post_id":"78622","title":null,"description":null,"keywords":null,"keyphrases":null,"primary_term":null,"canonical_url":null,"og_title":null,"og_description":null,"og_object_type":"default","og_image_type":"default","og_image_url":null,"og_image_width":null,"og_image_height":null,"og_image_custom_url":null,"og_image_custom_fields":null,"og_video":null,"og_custom_url":null,"og_article_section":null,"og_article_tags":null,"twitter_use_og":false,"twitter_card":"default","twitter_image_type":"default","twitter_image_url":null,"twitter_image_custom_url":null,"twitter_image_custom_fields":null,"twitter_title":null,"twitter_description":null,"schema":{"blockGraphs":[],"customGraphs":[],"default":{"data":{"Article":[],"Course":[],"Dataset":[],"FAQPage":[],"Movie":[],"Person":[],"Product":[],"ProductReview":[],"Car":[],"Recipe":[],"Service":[],"SoftwareApplication":[],"WebPage":[]},"graphName":"","isEnabled":true},"graphs":[],"defaultGraph":"","defaultPostTypeGraph":""},"schema_type":null,"schema_type_options":null,"pillar_content":false,"robots_default":true,"robots_noindex":false,"robots_noarchive":false,"robots_nosnippet":false,"robots_nofollow":false,"robots_noimageindex":false,"robots_noodp":false,"robots_notranslate":false,"robots_max_snippet":null,"robots_max_videopreview":null,"robots_max_imagepreview":"large","priority":null,"frequency":null,"location":null,"local_seo":null,"seo_analyzer_scan_date":"2025-09-27 17:19:27","breadcrumb_settings":null,"limit_modified_date":false,"open_ai":null,"ai":null,"created":"2021-03-08 17:58:41","updated":"2025-09-27 17:19:27"},"aioseo_breadcrumb":"<div class=\"aioseo-breadcrumbs\"><span class=\"aioseo-breadcrumb\">\n\t<a href=\"https:\/\/eldigitaldeasturias.com\/magazine365\" title=\"Home\">Home<\/a>\n<\/span><span class=\"aioseo-breadcrumb-separator\">\u2013<\/span><span class=\"aioseo-breadcrumb\">\n\t<a href=\"https:\/\/eldigitaldeasturias.com\/magazine365\/category\/noticias-actualidad\/\" title=\"Noticias y Actualidad\">Noticias y Actualidad<\/a>\n<\/span><span class=\"aioseo-breadcrumb-separator\">\u2013<\/span><span class=\"aioseo-breadcrumb\">\n\t<a href=\"https:\/\/eldigitaldeasturias.com\/magazine365\/el-puerto-de-tarragona-preparado-para-operar-con-megacamiones\/\" title=\"El Puerto de Tarragona, preparado para operar con megacamiones\">El Puerto de Tarragona, preparado para operar con megacamiones<\/a>\n<\/span><\/div>","aioseo_breadcrumb_json":[{"label":"Home","link":"https:\/\/eldigitaldeasturias.com\/magazine365"},{"label":"Noticias y Actualidad","link":"https:\/\/eldigitaldeasturias.com\/magazine365\/category\/noticias-actualidad\/"},{"label":"El Puerto de Tarragona, preparado para operar con megacamiones","link":"https:\/\/eldigitaldeasturias.com\/magazine365\/el-puerto-de-tarragona-preparado-para-operar-con-megacamiones\/"}],"_links":{"self":[{"href":"https:\/\/eldigitaldeasturias.com\/magazine365\/wp-json\/wp\/v2\/posts\/78622","targetHints":{"allow":["GET"]}}],"collection":[{"href":"https:\/\/eldigitaldeasturias.com\/magazine365\/wp-json\/wp\/v2\/posts"}],"about":[{"href":"https:\/\/eldigitaldeasturias.com\/magazine365\/wp-json\/wp\/v2\/types\/post"}],"author":[{"embeddable":true,"href":"https:\/\/eldigitaldeasturias.com\/magazine365\/wp-json\/wp\/v2\/users\/1"}],"replies":[{"embeddable":true,"href":"https:\/\/eldigitaldeasturias.com\/magazine365\/wp-json\/wp\/v2\/comments?post=78622"}],"version-history":[{"count":0,"href":"https:\/\/eldigitaldeasturias.com\/magazine365\/wp-json\/wp\/v2\/posts\/78622\/revisions"}],"wp:featuredmedia":[{"embeddable":true,"href":"https:\/\/eldigitaldeasturias.com\/magazine365\/wp-json\/wp\/v2\/media\/78623"}],"wp:attachment":[{"href":"https:\/\/eldigitaldeasturias.com\/magazine365\/wp-json\/wp\/v2\/media?parent=78622"}],"wp:term":[{"taxonomy":"category","embeddable":true,"href":"https:\/\/eldigitaldeasturias.com\/magazine365\/wp-json\/wp\/v2\/categories?post=78622"},{"taxonomy":"post_tag","embeddable":true,"href":"https:\/\/eldigitaldeasturias.com\/magazine365\/wp-json\/wp\/v2\/tags?post=78622"}],"curies":[{"name":"wp","href":"https:\/\/api.w.org\/{rel}","templated":true}]}}