{"id":78606,"date":"2016-06-10T09:33:40","date_gmt":"2016-06-10T07:33:40","guid":{"rendered":"http:\/\/eldigitaldeasturias.com\/magazine365\/?p=78606"},"modified":"2016-06-10T09:33:40","modified_gmt":"2016-06-10T07:33:40","slug":"hoteleros-de-la-costa-del-sol-preven-una-ocupacion-media-en-verano-del-785","status":"publish","type":"post","link":"https:\/\/eldigitaldeasturias.com\/magazine365\/hoteleros-de-la-costa-del-sol-preven-una-ocupacion-media-en-verano-del-785\/","title":{"rendered":"Hoteleros de la Costa del Sol prev\u00e9n una ocupaci\u00f3n media en verano del 78,5%"},"content":{"rendered":"<p><img fetchpriority=\"high\" decoding=\"async\" class=\"alignleft size-medium wp-image-78607\" src=\"https:\/\/eldigitaldeasturias.com\/magazine365\/wp-content\/uploads\/2016\/06\/fotonoticia_20160609175945_800-360x270.jpg\" alt=\"fotonoticia_20160609175945_800\" width=\"360\" height=\"270\" srcset=\"https:\/\/eldigitaldeasturias.com\/magazine365\/wp-content\/uploads\/2016\/06\/fotonoticia_20160609175945_800-360x270.jpg 360w, https:\/\/eldigitaldeasturias.com\/magazine365\/wp-content\/uploads\/2016\/06\/fotonoticia_20160609175945_800-650x488.jpg 650w, https:\/\/eldigitaldeasturias.com\/magazine365\/wp-content\/uploads\/2016\/06\/fotonoticia_20160609175945_800-768x576.jpg 768w, https:\/\/eldigitaldeasturias.com\/magazine365\/wp-content\/uploads\/2016\/06\/fotonoticia_20160609175945_800-150x113.jpg 150w, https:\/\/eldigitaldeasturias.com\/magazine365\/wp-content\/uploads\/2016\/06\/fotonoticia_20160609175945_800-450x338.jpg 450w, https:\/\/eldigitaldeasturias.com\/magazine365\/wp-content\/uploads\/2016\/06\/fotonoticia_20160609175945_800-90x67.jpg 90w, https:\/\/eldigitaldeasturias.com\/magazine365\/wp-content\/uploads\/2016\/06\/fotonoticia_20160609175945_800-164x124.jpg 164w, https:\/\/eldigitaldeasturias.com\/magazine365\/wp-content\/uploads\/2016\/06\/fotonoticia_20160609175945_800-100x75.jpg 100w, https:\/\/eldigitaldeasturias.com\/magazine365\/wp-content\/uploads\/2016\/06\/fotonoticia_20160609175945_800.jpg 800w\" sizes=\"(max-width: 360px) 100vw, 360px\" \/>Las previsiones de la Asociaci\u00f3n de Empresarios Hoteleros de la Costa del Sol (Aehcos) apuntan a una media de ocupaci\u00f3n del 78,5 por ciento a nivel provincial en el c\u00f3mputo de los meses de junio a septiembre, por lo que \u00abse espera un buen verano\u00bb.<\/p>\n<p>Estos datos suponen, seg\u00fan han informado a trav\u00e9s de un comunicado, un cuatro por ciento mas que el real de ocupaci\u00f3n del mismo periodo del verano anterior.<\/p>\n<p>As\u00ed, por meses, la previsi\u00f3n es que se registre un 75 por ciento en junio, un 79 por ciento en julio, se alcance un 85 por ciento en agosto y un 75 por ciento en septiembre.<\/p>\n<p>Por otro lado, los empresarios hoteleros esperan poder alcanzar o superar el 80 por ciento con reservas de \u00faltima hora, si bien en las zonas de costa las ocupaciones ser\u00e1n mas elevadas.<\/p>\n<p>Aehcos es una agrupaci\u00f3n que cuenta con m\u00e1s de 350 establecimientos hoteleros asociados, que representan m\u00e1s de 88.000 plazas de alojamiento y suponen el 85 por ciento de las localidades hoteleras de la provincia de M\u00e1laga.<\/p>\n","protected":false},"excerpt":{"rendered":"<p>Las previsiones de la Asociaci\u00f3n de Empresarios Hoteleros de la Costa del Sol (Aehcos) apuntan a una media de ocupaci\u00f3n del 78,5 por ciento a nivel provincial en el c\u00f3mputo de los meses de junio a septiembre, por lo que \u00abse espera un buen verano\u00bb. Estos datos suponen, seg\u00fan han informado a trav\u00e9s de un<\/p>\n","protected":false},"author":1,"featured_media":78607,"comment_status":"open","ping_status":"closed","sticky":false,"template":"","format":"standard","meta":{"footnotes":""},"categories":[224],"tags":[],"class_list":{"0":"post-78606","1":"post","2":"type-post","3":"status-publish","4":"format-standard","5":"has-post-thumbnail","7":"category-noticias-actualidad"},"aioseo_notices":[],"aioseo_head":"\n\t\t<!-- All in One SEO Pro 4.9.6.1 - aioseo.com -->\n\t<meta name=\"description\" content=\"Las previsiones de la Asociaci\u00f3n de Empresarios Hoteleros de la Costa del Sol (Aehcos) apuntan a una media de ocupaci\u00f3n del 78,5 por ciento a nivel provincial en el c\u00f3mputo de los meses de junio a septiembre, por lo que &quot;se espera un buen verano&quot;. Estos datos suponen, seg\u00fan han informado a trav\u00e9s de un\" \/>\n\t<meta name=\"robots\" content=\"max-image-preview:large\" \/>\n\t<meta name=\"author\" content=\"admin\"\/>\n\t<meta name=\"google-site-verification\" content=\"UA-38556648-1\" \/>\n\t<meta name=\"keywords\" content=\"noticias y actualidad\" \/>\n\t<link rel=\"canonical\" href=\"https:\/\/eldigitaldeasturias.com\/magazine365\/hoteleros-de-la-costa-del-sol-preven-una-ocupacion-media-en-verano-del-785\/\" \/>\n\t<meta name=\"generator\" content=\"All in One SEO Pro (AIOSEO) 4.9.6.1\" \/>\n\t\t<meta property=\"og:locale\" content=\"es_ES\" \/>\n\t\t<meta property=\"og:site_name\" content=\"El Digital de Asturias \u2013 Revista de ocio, turismo y estilo de vida\" \/>\n\t\t<meta property=\"og:type\" content=\"article\" \/>\n\t\t<meta property=\"og:title\" content=\"Hoteleros de la Costa del Sol prev\u00e9n una ocupaci\u00f3n media en verano del 78,5% | El Digital de Asturias\" \/>\n\t\t<meta property=\"og:description\" content=\"Las previsiones de la Asociaci\u00f3n de Empresarios Hoteleros de la Costa del Sol (Aehcos) apuntan a una media de ocupaci\u00f3n del 78,5 por ciento a nivel provincial en el c\u00f3mputo de los meses de junio a septiembre, por lo que &quot;se espera un buen verano&quot;. Estos datos suponen, seg\u00fan han informado a trav\u00e9s de un\" \/>\n\t\t<meta property=\"og:url\" content=\"https:\/\/eldigitaldeasturias.com\/magazine365\/hoteleros-de-la-costa-del-sol-preven-una-ocupacion-media-en-verano-del-785\/\" \/>\n\t\t<meta property=\"og:image\" content=\"https:\/\/eldigitaldeasturias.com\/magazine365\/wp-content\/uploads\/2016\/06\/fotonoticia_20160609175945_800.jpg\" \/>\n\t\t<meta property=\"og:image:secure_url\" content=\"https:\/\/eldigitaldeasturias.com\/magazine365\/wp-content\/uploads\/2016\/06\/fotonoticia_20160609175945_800.jpg\" \/>\n\t\t<meta property=\"og:image:width\" content=\"800\" \/>\n\t\t<meta property=\"og:image:height\" content=\"600\" \/>\n\t\t<meta property=\"article:published_time\" content=\"2016-06-10T07:33:40+00:00\" \/>\n\t\t<meta property=\"article:modified_time\" content=\"2016-06-10T07:33:40+00:00\" \/>\n\t\t<meta name=\"twitter:card\" content=\"summary_large_image\" \/>\n\t\t<meta name=\"twitter:title\" content=\"Hoteleros de la Costa del Sol prev\u00e9n una ocupaci\u00f3n media en verano del 78,5% | El Digital de Asturias\" \/>\n\t\t<meta name=\"twitter:description\" content=\"Las previsiones de la Asociaci\u00f3n de Empresarios Hoteleros de la Costa del Sol (Aehcos) apuntan a una media de ocupaci\u00f3n del 78,5 por ciento a nivel provincial en el c\u00f3mputo de los meses de junio a septiembre, por lo que &quot;se espera un buen verano&quot;. Estos datos suponen, seg\u00fan han informado a trav\u00e9s de un\" \/>\n\t\t<meta name=\"twitter:image\" content=\"https:\/\/eldigitaldeasturias.com\/magazine365\/wp-content\/uploads\/2016\/06\/fotonoticia_20160609175945_800.jpg\" \/>\n\t\t<script type=\"application\/ld+json\" class=\"aioseo-schema\">\n\t\t\t{\"@context\":\"https:\\\/\\\/schema.org\",\"@graph\":[{\"@type\":\"Article\",\"@id\":\"https:\\\/\\\/eldigitaldeasturias.com\\\/magazine365\\\/hoteleros-de-la-costa-del-sol-preven-una-ocupacion-media-en-verano-del-785\\\/#article\",\"name\":\"Hoteleros de la Costa del Sol prev\\u00e9n una ocupaci\\u00f3n media en verano del 78,5% | El Digital de Asturias\",\"headline\":\"Hoteleros de la Costa del Sol prev\\u00e9n una ocupaci\\u00f3n media en verano del 78,5%\",\"author\":{\"@id\":\"https:\\\/\\\/eldigitaldeasturias.com\\\/magazine365\\\/author\\\/admin\\\/#author\"},\"publisher\":{\"@id\":\"https:\\\/\\\/eldigitaldeasturias.com\\\/magazine365\\\/#organization\"},\"image\":{\"@type\":\"ImageObject\",\"url\":\"https:\\\/\\\/eldigitaldeasturias.com\\\/magazine365\\\/wp-content\\\/uploads\\\/2016\\\/06\\\/fotonoticia_20160609175945_800.jpg\",\"width\":800,\"height\":600},\"datePublished\":\"2016-06-10T09:33:40+02:00\",\"dateModified\":\"2016-06-10T09:33:40+02:00\",\"inLanguage\":\"es-ES\",\"mainEntityOfPage\":{\"@id\":\"https:\\\/\\\/eldigitaldeasturias.com\\\/magazine365\\\/hoteleros-de-la-costa-del-sol-preven-una-ocupacion-media-en-verano-del-785\\\/#webpage\"},\"isPartOf\":{\"@id\":\"https:\\\/\\\/eldigitaldeasturias.com\\\/magazine365\\\/hoteleros-de-la-costa-del-sol-preven-una-ocupacion-media-en-verano-del-785\\\/#webpage\"},\"articleSection\":\"Noticias y Actualidad\"},{\"@type\":\"BreadcrumbList\",\"@id\":\"https:\\\/\\\/eldigitaldeasturias.com\\\/magazine365\\\/hoteleros-de-la-costa-del-sol-preven-una-ocupacion-media-en-verano-del-785\\\/#breadcrumblist\",\"itemListElement\":[{\"@type\":\"ListItem\",\"@id\":\"https:\\\/\\\/eldigitaldeasturias.com\\\/magazine365#listItem\",\"position\":1,\"name\":\"Home\",\"item\":\"https:\\\/\\\/eldigitaldeasturias.com\\\/magazine365\",\"nextItem\":{\"@type\":\"ListItem\",\"@id\":\"https:\\\/\\\/eldigitaldeasturias.com\\\/magazine365\\\/category\\\/noticias-actualidad\\\/#listItem\",\"name\":\"Noticias y Actualidad\"}},{\"@type\":\"ListItem\",\"@id\":\"https:\\\/\\\/eldigitaldeasturias.com\\\/magazine365\\\/category\\\/noticias-actualidad\\\/#listItem\",\"position\":2,\"name\":\"Noticias y Actualidad\",\"item\":\"https:\\\/\\\/eldigitaldeasturias.com\\\/magazine365\\\/category\\\/noticias-actualidad\\\/\",\"nextItem\":{\"@type\":\"ListItem\",\"@id\":\"https:\\\/\\\/eldigitaldeasturias.com\\\/magazine365\\\/hoteleros-de-la-costa-del-sol-preven-una-ocupacion-media-en-verano-del-785\\\/#listItem\",\"name\":\"Hoteleros de la Costa del Sol prev\\u00e9n una ocupaci\\u00f3n media en verano del 78,5%\"},\"previousItem\":{\"@type\":\"ListItem\",\"@id\":\"https:\\\/\\\/eldigitaldeasturias.com\\\/magazine365#listItem\",\"name\":\"Home\"}},{\"@type\":\"ListItem\",\"@id\":\"https:\\\/\\\/eldigitaldeasturias.com\\\/magazine365\\\/hoteleros-de-la-costa-del-sol-preven-una-ocupacion-media-en-verano-del-785\\\/#listItem\",\"position\":3,\"name\":\"Hoteleros de la Costa del Sol prev\\u00e9n una ocupaci\\u00f3n media en verano del 78,5%\",\"previousItem\":{\"@type\":\"ListItem\",\"@id\":\"https:\\\/\\\/eldigitaldeasturias.com\\\/magazine365\\\/category\\\/noticias-actualidad\\\/#listItem\",\"name\":\"Noticias y Actualidad\"}}]},{\"@type\":\"Organization\",\"@id\":\"https:\\\/\\\/eldigitaldeasturias.com\\\/magazine365\\\/#organization\",\"name\":\"El digital de Asturias\",\"description\":\"Revista de ocio, turismo y estilo de vida\",\"url\":\"https:\\\/\\\/eldigitaldeasturias.com\\\/magazine365\\\/\",\"logo\":{\"@type\":\"ImageObject\",\"url\":\"https:\\\/\\\/www.eldigitaldeasturias.com\\\/noticias\\\/wp-content\\\/uploads\\\/2020\\\/12\\\/EDA.jpg\",\"@id\":\"https:\\\/\\\/eldigitaldeasturias.com\\\/magazine365\\\/hoteleros-de-la-costa-del-sol-preven-una-ocupacion-media-en-verano-del-785\\\/#organizationLogo\"},\"image\":{\"@id\":\"https:\\\/\\\/eldigitaldeasturias.com\\\/magazine365\\\/hoteleros-de-la-costa-del-sol-preven-una-ocupacion-media-en-verano-del-785\\\/#organizationLogo\"}},{\"@type\":\"Person\",\"@id\":\"https:\\\/\\\/eldigitaldeasturias.com\\\/magazine365\\\/author\\\/admin\\\/#author\",\"url\":\"https:\\\/\\\/eldigitaldeasturias.com\\\/magazine365\\\/author\\\/admin\\\/\",\"name\":\"admin\",\"image\":{\"@type\":\"ImageObject\",\"@id\":\"https:\\\/\\\/eldigitaldeasturias.com\\\/magazine365\\\/hoteleros-de-la-costa-del-sol-preven-una-ocupacion-media-en-verano-del-785\\\/#authorImage\",\"url\":\"https:\\\/\\\/eldigitaldeasturias.com\\\/magazine365\\\/wp-content\\\/litespeed\\\/avatar\\\/e571bcf59a0edd6fa6838245a470f2fe.jpg?ver=1776969259\",\"width\":96,\"height\":96,\"caption\":\"admin\"}},{\"@type\":\"WebPage\",\"@id\":\"https:\\\/\\\/eldigitaldeasturias.com\\\/magazine365\\\/hoteleros-de-la-costa-del-sol-preven-una-ocupacion-media-en-verano-del-785\\\/#webpage\",\"url\":\"https:\\\/\\\/eldigitaldeasturias.com\\\/magazine365\\\/hoteleros-de-la-costa-del-sol-preven-una-ocupacion-media-en-verano-del-785\\\/\",\"name\":\"Hoteleros de la Costa del Sol prev\\u00e9n una ocupaci\\u00f3n media en verano del 78,5% | El Digital de Asturias\",\"description\":\"Las previsiones de la Asociaci\\u00f3n de Empresarios Hoteleros de la Costa del Sol (Aehcos) apuntan a una media de ocupaci\\u00f3n del 78,5 por ciento a nivel provincial en el c\\u00f3mputo de los meses de junio a septiembre, por lo que \\\"se espera un buen verano\\\". Estos datos suponen, seg\\u00fan han informado a trav\\u00e9s de un\",\"inLanguage\":\"es-ES\",\"isPartOf\":{\"@id\":\"https:\\\/\\\/eldigitaldeasturias.com\\\/magazine365\\\/#website\"},\"breadcrumb\":{\"@id\":\"https:\\\/\\\/eldigitaldeasturias.com\\\/magazine365\\\/hoteleros-de-la-costa-del-sol-preven-una-ocupacion-media-en-verano-del-785\\\/#breadcrumblist\"},\"author\":{\"@id\":\"https:\\\/\\\/eldigitaldeasturias.com\\\/magazine365\\\/author\\\/admin\\\/#author\"},\"creator\":{\"@id\":\"https:\\\/\\\/eldigitaldeasturias.com\\\/magazine365\\\/author\\\/admin\\\/#author\"},\"image\":{\"@type\":\"ImageObject\",\"url\":\"https:\\\/\\\/eldigitaldeasturias.com\\\/magazine365\\\/wp-content\\\/uploads\\\/2016\\\/06\\\/fotonoticia_20160609175945_800.jpg\",\"@id\":\"https:\\\/\\\/eldigitaldeasturias.com\\\/magazine365\\\/hoteleros-de-la-costa-del-sol-preven-una-ocupacion-media-en-verano-del-785\\\/#mainImage\",\"width\":800,\"height\":600},\"primaryImageOfPage\":{\"@id\":\"https:\\\/\\\/eldigitaldeasturias.com\\\/magazine365\\\/hoteleros-de-la-costa-del-sol-preven-una-ocupacion-media-en-verano-del-785\\\/#mainImage\"},\"datePublished\":\"2016-06-10T09:33:40+02:00\",\"dateModified\":\"2016-06-10T09:33:40+02:00\"},{\"@type\":\"WebSite\",\"@id\":\"https:\\\/\\\/eldigitaldeasturias.com\\\/magazine365\\\/#website\",\"url\":\"https:\\\/\\\/eldigitaldeasturias.com\\\/magazine365\\\/\",\"name\":\"El Digital de Asturias\",\"description\":\"Revista de ocio, turismo y estilo de vida\",\"inLanguage\":\"es-ES\",\"publisher\":{\"@id\":\"https:\\\/\\\/eldigitaldeasturias.com\\\/magazine365\\\/#organization\"}}]}\n\t\t<\/script>\n\t\t<!-- All in One SEO Pro -->\r\n\t\t<title>Hoteleros de la Costa del Sol prev\u00e9n una ocupaci\u00f3n media en verano del 78,5% | El Digital de Asturias<\/title>\n\n","aioseo_head_json":{"title":"Hoteleros de la Costa del Sol prev\u00e9n una ocupaci\u00f3n media en verano del 78,5% | El Digital de Asturias","description":"Las previsiones de la Asociaci\u00f3n de Empresarios Hoteleros de la Costa del Sol (Aehcos) apuntan a una media de ocupaci\u00f3n del 78,5 por ciento a nivel provincial en el c\u00f3mputo de los meses de junio a septiembre, por lo que \"se espera un buen verano\". Estos datos suponen, seg\u00fan han informado a trav\u00e9s de un","canonical_url":"https:\/\/eldigitaldeasturias.com\/magazine365\/hoteleros-de-la-costa-del-sol-preven-una-ocupacion-media-en-verano-del-785\/","robots":"max-image-preview:large","keywords":"noticias y actualidad","webmasterTools":{"google-site-verification":"UA-38556648-1","miscellaneous":""},"schema":{"@context":"https:\/\/schema.org","@graph":[{"@type":"Article","@id":"https:\/\/eldigitaldeasturias.com\/magazine365\/hoteleros-de-la-costa-del-sol-preven-una-ocupacion-media-en-verano-del-785\/#article","name":"Hoteleros de la Costa del Sol prev\u00e9n una ocupaci\u00f3n media en verano del 78,5% | El Digital de Asturias","headline":"Hoteleros de la Costa del Sol prev\u00e9n una ocupaci\u00f3n media en verano del 78,5%","author":{"@id":"https:\/\/eldigitaldeasturias.com\/magazine365\/author\/admin\/#author"},"publisher":{"@id":"https:\/\/eldigitaldeasturias.com\/magazine365\/#organization"},"image":{"@type":"ImageObject","url":"https:\/\/eldigitaldeasturias.com\/magazine365\/wp-content\/uploads\/2016\/06\/fotonoticia_20160609175945_800.jpg","width":800,"height":600},"datePublished":"2016-06-10T09:33:40+02:00","dateModified":"2016-06-10T09:33:40+02:00","inLanguage":"es-ES","mainEntityOfPage":{"@id":"https:\/\/eldigitaldeasturias.com\/magazine365\/hoteleros-de-la-costa-del-sol-preven-una-ocupacion-media-en-verano-del-785\/#webpage"},"isPartOf":{"@id":"https:\/\/eldigitaldeasturias.com\/magazine365\/hoteleros-de-la-costa-del-sol-preven-una-ocupacion-media-en-verano-del-785\/#webpage"},"articleSection":"Noticias y Actualidad"},{"@type":"BreadcrumbList","@id":"https:\/\/eldigitaldeasturias.com\/magazine365\/hoteleros-de-la-costa-del-sol-preven-una-ocupacion-media-en-verano-del-785\/#breadcrumblist","itemListElement":[{"@type":"ListItem","@id":"https:\/\/eldigitaldeasturias.com\/magazine365#listItem","position":1,"name":"Home","item":"https:\/\/eldigitaldeasturias.com\/magazine365","nextItem":{"@type":"ListItem","@id":"https:\/\/eldigitaldeasturias.com\/magazine365\/category\/noticias-actualidad\/#listItem","name":"Noticias y Actualidad"}},{"@type":"ListItem","@id":"https:\/\/eldigitaldeasturias.com\/magazine365\/category\/noticias-actualidad\/#listItem","position":2,"name":"Noticias y Actualidad","item":"https:\/\/eldigitaldeasturias.com\/magazine365\/category\/noticias-actualidad\/","nextItem":{"@type":"ListItem","@id":"https:\/\/eldigitaldeasturias.com\/magazine365\/hoteleros-de-la-costa-del-sol-preven-una-ocupacion-media-en-verano-del-785\/#listItem","name":"Hoteleros de la Costa del Sol prev\u00e9n una ocupaci\u00f3n media en verano del 78,5%"},"previousItem":{"@type":"ListItem","@id":"https:\/\/eldigitaldeasturias.com\/magazine365#listItem","name":"Home"}},{"@type":"ListItem","@id":"https:\/\/eldigitaldeasturias.com\/magazine365\/hoteleros-de-la-costa-del-sol-preven-una-ocupacion-media-en-verano-del-785\/#listItem","position":3,"name":"Hoteleros de la Costa del Sol prev\u00e9n una ocupaci\u00f3n media en verano del 78,5%","previousItem":{"@type":"ListItem","@id":"https:\/\/eldigitaldeasturias.com\/magazine365\/category\/noticias-actualidad\/#listItem","name":"Noticias y Actualidad"}}]},{"@type":"Organization","@id":"https:\/\/eldigitaldeasturias.com\/magazine365\/#organization","name":"El digital de Asturias","description":"Revista de ocio, turismo y estilo de vida","url":"https:\/\/eldigitaldeasturias.com\/magazine365\/","logo":{"@type":"ImageObject","url":"https:\/\/www.eldigitaldeasturias.com\/noticias\/wp-content\/uploads\/2020\/12\/EDA.jpg","@id":"https:\/\/eldigitaldeasturias.com\/magazine365\/hoteleros-de-la-costa-del-sol-preven-una-ocupacion-media-en-verano-del-785\/#organizationLogo"},"image":{"@id":"https:\/\/eldigitaldeasturias.com\/magazine365\/hoteleros-de-la-costa-del-sol-preven-una-ocupacion-media-en-verano-del-785\/#organizationLogo"}},{"@type":"Person","@id":"https:\/\/eldigitaldeasturias.com\/magazine365\/author\/admin\/#author","url":"https:\/\/eldigitaldeasturias.com\/magazine365\/author\/admin\/","name":"admin","image":{"@type":"ImageObject","@id":"https:\/\/eldigitaldeasturias.com\/magazine365\/hoteleros-de-la-costa-del-sol-preven-una-ocupacion-media-en-verano-del-785\/#authorImage","url":"https:\/\/eldigitaldeasturias.com\/magazine365\/wp-content\/litespeed\/avatar\/e571bcf59a0edd6fa6838245a470f2fe.jpg?ver=1776969259","width":96,"height":96,"caption":"admin"}},{"@type":"WebPage","@id":"https:\/\/eldigitaldeasturias.com\/magazine365\/hoteleros-de-la-costa-del-sol-preven-una-ocupacion-media-en-verano-del-785\/#webpage","url":"https:\/\/eldigitaldeasturias.com\/magazine365\/hoteleros-de-la-costa-del-sol-preven-una-ocupacion-media-en-verano-del-785\/","name":"Hoteleros de la Costa del Sol prev\u00e9n una ocupaci\u00f3n media en verano del 78,5% | El Digital de Asturias","description":"Las previsiones de la Asociaci\u00f3n de Empresarios Hoteleros de la Costa del Sol (Aehcos) apuntan a una media de ocupaci\u00f3n del 78,5 por ciento a nivel provincial en el c\u00f3mputo de los meses de junio a septiembre, por lo que \"se espera un buen verano\". Estos datos suponen, seg\u00fan han informado a trav\u00e9s de un","inLanguage":"es-ES","isPartOf":{"@id":"https:\/\/eldigitaldeasturias.com\/magazine365\/#website"},"breadcrumb":{"@id":"https:\/\/eldigitaldeasturias.com\/magazine365\/hoteleros-de-la-costa-del-sol-preven-una-ocupacion-media-en-verano-del-785\/#breadcrumblist"},"author":{"@id":"https:\/\/eldigitaldeasturias.com\/magazine365\/author\/admin\/#author"},"creator":{"@id":"https:\/\/eldigitaldeasturias.com\/magazine365\/author\/admin\/#author"},"image":{"@type":"ImageObject","url":"https:\/\/eldigitaldeasturias.com\/magazine365\/wp-content\/uploads\/2016\/06\/fotonoticia_20160609175945_800.jpg","@id":"https:\/\/eldigitaldeasturias.com\/magazine365\/hoteleros-de-la-costa-del-sol-preven-una-ocupacion-media-en-verano-del-785\/#mainImage","width":800,"height":600},"primaryImageOfPage":{"@id":"https:\/\/eldigitaldeasturias.com\/magazine365\/hoteleros-de-la-costa-del-sol-preven-una-ocupacion-media-en-verano-del-785\/#mainImage"},"datePublished":"2016-06-10T09:33:40+02:00","dateModified":"2016-06-10T09:33:40+02:00"},{"@type":"WebSite","@id":"https:\/\/eldigitaldeasturias.com\/magazine365\/#website","url":"https:\/\/eldigitaldeasturias.com\/magazine365\/","name":"El Digital de Asturias","description":"Revista de ocio, turismo y estilo de vida","inLanguage":"es-ES","publisher":{"@id":"https:\/\/eldigitaldeasturias.com\/magazine365\/#organization"}}]},"og:locale":"es_ES","og:site_name":"El Digital de Asturias \u2013 Revista de ocio, turismo y estilo de vida","og:type":"article","og:title":"Hoteleros de la Costa del Sol prev\u00e9n una ocupaci\u00f3n media en verano del 78,5% | El Digital de Asturias","og:description":"Las previsiones de la Asociaci\u00f3n de Empresarios Hoteleros de la Costa del Sol (Aehcos) apuntan a una media de ocupaci\u00f3n del 78,5 por ciento a nivel provincial en el c\u00f3mputo de los meses de junio a septiembre, por lo que &quot;se espera un buen verano&quot;. Estos datos suponen, seg\u00fan han informado a trav\u00e9s de un","og:url":"https:\/\/eldigitaldeasturias.com\/magazine365\/hoteleros-de-la-costa-del-sol-preven-una-ocupacion-media-en-verano-del-785\/","og:image":"https:\/\/eldigitaldeasturias.com\/magazine365\/wp-content\/uploads\/2016\/06\/fotonoticia_20160609175945_800.jpg","og:image:secure_url":"https:\/\/eldigitaldeasturias.com\/magazine365\/wp-content\/uploads\/2016\/06\/fotonoticia_20160609175945_800.jpg","og:image:width":800,"og:image:height":600,"article:published_time":"2016-06-10T07:33:40+00:00","article:modified_time":"2016-06-10T07:33:40+00:00","twitter:card":"summary_large_image","twitter:title":"Hoteleros de la Costa del Sol prev\u00e9n una ocupaci\u00f3n media en verano del 78,5% | El Digital de Asturias","twitter:description":"Las previsiones de la Asociaci\u00f3n de Empresarios Hoteleros de la Costa del Sol (Aehcos) apuntan a una media de ocupaci\u00f3n del 78,5 por ciento a nivel provincial en el c\u00f3mputo de los meses de junio a septiembre, por lo que &quot;se espera un buen verano&quot;. Estos datos suponen, seg\u00fan han informado a trav\u00e9s de un","twitter:image":"https:\/\/eldigitaldeasturias.com\/magazine365\/wp-content\/uploads\/2016\/06\/fotonoticia_20160609175945_800.jpg"},"aioseo_meta_data":{"post_id":"78606","title":null,"description":null,"keywords":null,"keyphrases":null,"primary_term":null,"canonical_url":null,"og_title":null,"og_description":null,"og_object_type":"default","og_image_type":"default","og_image_url":null,"og_image_width":null,"og_image_height":null,"og_image_custom_url":null,"og_image_custom_fields":null,"og_video":null,"og_custom_url":null,"og_article_section":null,"og_article_tags":null,"twitter_use_og":false,"twitter_card":"default","twitter_image_type":"default","twitter_image_url":null,"twitter_image_custom_url":null,"twitter_image_custom_fields":null,"twitter_title":null,"twitter_description":null,"schema":{"blockGraphs":[],"customGraphs":[],"default":{"data":{"Article":[],"Course":[],"Dataset":[],"FAQPage":[],"Movie":[],"Person":[],"Product":[],"ProductReview":[],"Car":[],"Recipe":[],"Service":[],"SoftwareApplication":[],"WebPage":[]},"graphName":"","isEnabled":true},"graphs":[],"defaultGraph":"","defaultPostTypeGraph":""},"schema_type":null,"schema_type_options":null,"pillar_content":false,"robots_default":true,"robots_noindex":false,"robots_noarchive":false,"robots_nosnippet":false,"robots_nofollow":false,"robots_noimageindex":false,"robots_noodp":false,"robots_notranslate":false,"robots_max_snippet":null,"robots_max_videopreview":null,"robots_max_imagepreview":"large","priority":null,"frequency":null,"location":null,"local_seo":null,"seo_analyzer_scan_date":"2025-09-27 17:17:13","breadcrumb_settings":null,"limit_modified_date":false,"open_ai":null,"ai":null,"created":"2021-03-08 17:58:41","updated":"2025-09-27 17:17:13"},"aioseo_breadcrumb":"<div class=\"aioseo-breadcrumbs\"><span class=\"aioseo-breadcrumb\">\n\t<a href=\"https:\/\/eldigitaldeasturias.com\/magazine365\" title=\"Home\">Home<\/a>\n<\/span><span class=\"aioseo-breadcrumb-separator\">\u2013<\/span><span class=\"aioseo-breadcrumb\">\n\t<a href=\"https:\/\/eldigitaldeasturias.com\/magazine365\/category\/noticias-actualidad\/\" title=\"Noticias y Actualidad\">Noticias y Actualidad<\/a>\n<\/span><span class=\"aioseo-breadcrumb-separator\">\u2013<\/span><span class=\"aioseo-breadcrumb\">\n\t<a href=\"https:\/\/eldigitaldeasturias.com\/magazine365\/hoteleros-de-la-costa-del-sol-preven-una-ocupacion-media-en-verano-del-785\/\" title=\"Hoteleros de la Costa del Sol prev\u00e9n una ocupaci\u00f3n media en verano del 78,5%\">Hoteleros de la Costa del Sol prev\u00e9n una ocupaci\u00f3n media en verano del 78,5%<\/a>\n<\/span><\/div>","aioseo_breadcrumb_json":[{"label":"Home","link":"https:\/\/eldigitaldeasturias.com\/magazine365"},{"label":"Noticias y Actualidad","link":"https:\/\/eldigitaldeasturias.com\/magazine365\/category\/noticias-actualidad\/"},{"label":"Hoteleros de la Costa del Sol prev\u00e9n una ocupaci\u00f3n media en verano del 78,5%","link":"https:\/\/eldigitaldeasturias.com\/magazine365\/hoteleros-de-la-costa-del-sol-preven-una-ocupacion-media-en-verano-del-785\/"}],"_links":{"self":[{"href":"https:\/\/eldigitaldeasturias.com\/magazine365\/wp-json\/wp\/v2\/posts\/78606","targetHints":{"allow":["GET"]}}],"collection":[{"href":"https:\/\/eldigitaldeasturias.com\/magazine365\/wp-json\/wp\/v2\/posts"}],"about":[{"href":"https:\/\/eldigitaldeasturias.com\/magazine365\/wp-json\/wp\/v2\/types\/post"}],"author":[{"embeddable":true,"href":"https:\/\/eldigitaldeasturias.com\/magazine365\/wp-json\/wp\/v2\/users\/1"}],"replies":[{"embeddable":true,"href":"https:\/\/eldigitaldeasturias.com\/magazine365\/wp-json\/wp\/v2\/comments?post=78606"}],"version-history":[{"count":0,"href":"https:\/\/eldigitaldeasturias.com\/magazine365\/wp-json\/wp\/v2\/posts\/78606\/revisions"}],"wp:featuredmedia":[{"embeddable":true,"href":"https:\/\/eldigitaldeasturias.com\/magazine365\/wp-json\/wp\/v2\/media\/78607"}],"wp:attachment":[{"href":"https:\/\/eldigitaldeasturias.com\/magazine365\/wp-json\/wp\/v2\/media?parent=78606"}],"wp:term":[{"taxonomy":"category","embeddable":true,"href":"https:\/\/eldigitaldeasturias.com\/magazine365\/wp-json\/wp\/v2\/categories?post=78606"},{"taxonomy":"post_tag","embeddable":true,"href":"https:\/\/eldigitaldeasturias.com\/magazine365\/wp-json\/wp\/v2\/tags?post=78606"}],"curies":[{"name":"wp","href":"https:\/\/api.w.org\/{rel}","templated":true}]}}