{"id":78602,"date":"2016-06-09T21:32:54","date_gmt":"2016-06-09T19:32:54","guid":{"rendered":"http:\/\/eldigitaldeasturias.com\/magazine365\/?p=78602"},"modified":"2016-06-09T21:33:33","modified_gmt":"2016-06-09T19:33:33","slug":"andalucia-travel-bloggers-colabora-con-las-jornadas-iati-de-los-grandes-viajes","status":"publish","type":"post","link":"https:\/\/eldigitaldeasturias.com\/magazine365\/andalucia-travel-bloggers-colabora-con-las-jornadas-iati-de-los-grandes-viajes\/","title":{"rendered":"Andaluc\u00eda Travel Bloggers colabora con las &#8216;Jornadas IATI&#8217; de los grandes viajes"},"content":{"rendered":"<p><img fetchpriority=\"high\" decoding=\"async\" class=\"alignleft size-medium wp-image-77926\" src=\"https:\/\/eldigitaldeasturias.com\/magazine365\/wp-content\/uploads\/2016\/06\/m365-360x198.jpg\" alt=\"m365\" width=\"360\" height=\"198\" srcset=\"https:\/\/eldigitaldeasturias.com\/magazine365\/wp-content\/uploads\/2016\/06\/m365-360x198.jpg 360w, https:\/\/eldigitaldeasturias.com\/magazine365\/wp-content\/uploads\/2016\/06\/m365-650x357.jpg 650w, https:\/\/eldigitaldeasturias.com\/magazine365\/wp-content\/uploads\/2016\/06\/m365-150x82.jpg 150w, https:\/\/eldigitaldeasturias.com\/magazine365\/wp-content\/uploads\/2016\/06\/m365-450x247.jpg 450w, https:\/\/eldigitaldeasturias.com\/magazine365\/wp-content\/uploads\/2016\/06\/m365.jpg 655w\" sizes=\"(max-width: 360px) 100vw, 360px\" \/>Andaluc\u00eda Travel Bloggers, la asociaci\u00f3n de blogueros de viajes de Andaluc\u00eda, colabora con las &#8216;Jornadas IATI de los Grandes Viajes&#8217;, que se celebran por primera vez en Sevilla este s\u00e1bado en el C\u00edrculo Mercantil e Industrial.<\/p>\n<p>Seg\u00fan indica esta asociaci\u00f3n en una nota remitida a Europa Press, estas Jornadas, organizadas por &#8216;Un gran viaje\/La editorial viajera&#8217; y el Grupo Senda, tienen por objeto \u00abcompartir las vivencias y conocimientos de viajeros experimentados que han recorrido el mundo en viajes memorables\u00bb, y est\u00e1n impulsadas por Andaluc\u00eda Travel Bloggers, Iati, Vueling, Viajarseguro.org, Mochileros TV, Paralelo 2.0 y Viajes Azul Marino.<\/p>\n<p>Las &#8216;Jornadas IATI de los Grandes Viajes&#8217; se organizan este a\u00f1o por primera vez en Sevilla, tras cuatro ediciones consecutivas celebradas desde 2013 en Madrid y dos desde 2015 en Barcelona, todas con \u00e9xito de asistencia y participaci\u00f3n. En esta edici\u00f3n el p\u00fablico asistir\u00e1 a ponencias de experimentados viajeros entre los que se encuentran algunos socios de Andaluc\u00eda Travel Bloggers, como los autores de los blogs &#8216;\u00a1A tomar por mundo!&#8217; y &#8216;Autocaravana en familia&#8217;.<\/p>\n<p>La colaboraci\u00f3n de Andaluc\u00eda Travel Bloggers en esta iniciativa se enmarca en el objetivo de esta asociaci\u00f3n de \u00abser un canal de comunicaci\u00f3n entre asociados y administraciones, empresas y agentes del sector tur\u00edstico para facilitar la puesta en marcha de proyectos y estrategias comunes para que los eventos organizados relacionados con los viajes logren una mayor repercusi\u00f3n y difusi\u00f3n de Andaluc\u00eda como destino tur\u00edstico\u00bb.<\/p>\n<p>El programa de las jornadas incluye ponencias de inter\u00e9s impartidas por viajeros de caracter\u00edsticas y experiencias muy variadas, esto es, trotamundos que han llevado a cabo viajes en moto, a dedo, en coche, en solitario, en pareja y en familia.<\/p>\n","protected":false},"excerpt":{"rendered":"<p>Andaluc\u00eda Travel Bloggers, la asociaci\u00f3n de blogueros de viajes de Andaluc\u00eda, colabora con las &#8216;Jornadas IATI de los Grandes Viajes&#8217;, que se celebran por primera vez en Sevilla este s\u00e1bado en el C\u00edrculo Mercantil e Industrial. Seg\u00fan indica esta asociaci\u00f3n en una nota remitida a Europa Press, estas Jornadas, organizadas por &#8216;Un gran viaje\/La editorial<\/p>\n","protected":false},"author":1,"featured_media":77926,"comment_status":"open","ping_status":"closed","sticky":false,"template":"","format":"standard","meta":{"footnotes":""},"categories":[224],"tags":[],"class_list":{"0":"post-78602","1":"post","2":"type-post","3":"status-publish","4":"format-standard","5":"has-post-thumbnail","7":"category-noticias-actualidad"},"aioseo_notices":[],"aioseo_head":"\n\t\t<!-- All in One SEO Pro 4.9.6.1 - aioseo.com -->\n\t<meta name=\"description\" content=\"Andaluc\u00eda Travel Bloggers, la asociaci\u00f3n de blogueros de viajes de Andaluc\u00eda, colabora con las &#039;Jornadas IATI de los Grandes Viajes&#039;, que se celebran por primera vez en Sevilla este s\u00e1bado en el C\u00edrculo Mercantil e Industrial. Seg\u00fan indica esta asociaci\u00f3n en una nota remitida a Europa Press, estas Jornadas, organizadas por &#039;Un gran viaje\/La editorial\" \/>\n\t<meta name=\"robots\" content=\"max-image-preview:large\" \/>\n\t<meta name=\"author\" content=\"admin\"\/>\n\t<meta name=\"google-site-verification\" content=\"UA-38556648-1\" \/>\n\t<meta name=\"keywords\" content=\"noticias y actualidad\" \/>\n\t<link rel=\"canonical\" href=\"https:\/\/eldigitaldeasturias.com\/magazine365\/andalucia-travel-bloggers-colabora-con-las-jornadas-iati-de-los-grandes-viajes\/\" \/>\n\t<meta name=\"generator\" content=\"All in One SEO Pro (AIOSEO) 4.9.6.1\" \/>\n\t\t<meta property=\"og:locale\" content=\"es_ES\" \/>\n\t\t<meta property=\"og:site_name\" content=\"El Digital de Asturias \u2013 Revista de ocio, turismo y estilo de vida\" \/>\n\t\t<meta property=\"og:type\" content=\"article\" \/>\n\t\t<meta property=\"og:title\" content=\"Andaluc\u00eda Travel Bloggers colabora con las \u2018Jornadas IATI\u2019 de los grandes viajes | El Digital de Asturias\" \/>\n\t\t<meta property=\"og:description\" content=\"Andaluc\u00eda Travel Bloggers, la asociaci\u00f3n de blogueros de viajes de Andaluc\u00eda, colabora con las &#039;Jornadas IATI de los Grandes Viajes&#039;, que se celebran por primera vez en Sevilla este s\u00e1bado en el C\u00edrculo Mercantil e Industrial. Seg\u00fan indica esta asociaci\u00f3n en una nota remitida a Europa Press, estas Jornadas, organizadas por &#039;Un gran viaje\/La editorial\" \/>\n\t\t<meta property=\"og:url\" content=\"https:\/\/eldigitaldeasturias.com\/magazine365\/andalucia-travel-bloggers-colabora-con-las-jornadas-iati-de-los-grandes-viajes\/\" \/>\n\t\t<meta property=\"og:image\" content=\"https:\/\/eldigitaldeasturias.com\/magazine365\/wp-content\/uploads\/2016\/06\/m365.jpg\" \/>\n\t\t<meta property=\"og:image:secure_url\" content=\"https:\/\/eldigitaldeasturias.com\/magazine365\/wp-content\/uploads\/2016\/06\/m365.jpg\" \/>\n\t\t<meta property=\"og:image:width\" content=\"655\" \/>\n\t\t<meta property=\"og:image:height\" content=\"360\" \/>\n\t\t<meta property=\"article:published_time\" content=\"2016-06-09T19:32:54+00:00\" \/>\n\t\t<meta property=\"article:modified_time\" content=\"2016-06-09T19:33:33+00:00\" \/>\n\t\t<meta name=\"twitter:card\" content=\"summary_large_image\" \/>\n\t\t<meta name=\"twitter:title\" content=\"Andaluc\u00eda Travel Bloggers colabora con las \u2018Jornadas IATI\u2019 de los grandes viajes | El Digital de Asturias\" \/>\n\t\t<meta name=\"twitter:description\" content=\"Andaluc\u00eda Travel Bloggers, la asociaci\u00f3n de blogueros de viajes de Andaluc\u00eda, colabora con las &#039;Jornadas IATI de los Grandes Viajes&#039;, que se celebran por primera vez en Sevilla este s\u00e1bado en el C\u00edrculo Mercantil e Industrial. Seg\u00fan indica esta asociaci\u00f3n en una nota remitida a Europa Press, estas Jornadas, organizadas por &#039;Un gran viaje\/La editorial\" \/>\n\t\t<meta name=\"twitter:image\" content=\"https:\/\/eldigitaldeasturias.com\/magazine365\/wp-content\/uploads\/2016\/06\/m365.jpg\" \/>\n\t\t<script type=\"application\/ld+json\" class=\"aioseo-schema\">\n\t\t\t{\"@context\":\"https:\\\/\\\/schema.org\",\"@graph\":[{\"@type\":\"Article\",\"@id\":\"https:\\\/\\\/eldigitaldeasturias.com\\\/magazine365\\\/andalucia-travel-bloggers-colabora-con-las-jornadas-iati-de-los-grandes-viajes\\\/#article\",\"name\":\"Andaluc\\u00eda Travel Bloggers colabora con las \\u2018Jornadas IATI\\u2019 de los grandes viajes | El Digital de Asturias\",\"headline\":\"Andaluc\\u00eda Travel Bloggers colabora con las &#8216;Jornadas IATI&#8217; de los grandes viajes\",\"author\":{\"@id\":\"https:\\\/\\\/eldigitaldeasturias.com\\\/magazine365\\\/author\\\/admin\\\/#author\"},\"publisher\":{\"@id\":\"https:\\\/\\\/eldigitaldeasturias.com\\\/magazine365\\\/#organization\"},\"image\":{\"@type\":\"ImageObject\",\"url\":\"https:\\\/\\\/eldigitaldeasturias.com\\\/magazine365\\\/wp-content\\\/uploads\\\/2016\\\/06\\\/m365.jpg\",\"width\":655,\"height\":360},\"datePublished\":\"2016-06-09T21:32:54+02:00\",\"dateModified\":\"2016-06-09T21:33:33+02:00\",\"inLanguage\":\"es-ES\",\"mainEntityOfPage\":{\"@id\":\"https:\\\/\\\/eldigitaldeasturias.com\\\/magazine365\\\/andalucia-travel-bloggers-colabora-con-las-jornadas-iati-de-los-grandes-viajes\\\/#webpage\"},\"isPartOf\":{\"@id\":\"https:\\\/\\\/eldigitaldeasturias.com\\\/magazine365\\\/andalucia-travel-bloggers-colabora-con-las-jornadas-iati-de-los-grandes-viajes\\\/#webpage\"},\"articleSection\":\"Noticias y Actualidad\"},{\"@type\":\"BreadcrumbList\",\"@id\":\"https:\\\/\\\/eldigitaldeasturias.com\\\/magazine365\\\/andalucia-travel-bloggers-colabora-con-las-jornadas-iati-de-los-grandes-viajes\\\/#breadcrumblist\",\"itemListElement\":[{\"@type\":\"ListItem\",\"@id\":\"https:\\\/\\\/eldigitaldeasturias.com\\\/magazine365#listItem\",\"position\":1,\"name\":\"Home\",\"item\":\"https:\\\/\\\/eldigitaldeasturias.com\\\/magazine365\",\"nextItem\":{\"@type\":\"ListItem\",\"@id\":\"https:\\\/\\\/eldigitaldeasturias.com\\\/magazine365\\\/category\\\/noticias-actualidad\\\/#listItem\",\"name\":\"Noticias y Actualidad\"}},{\"@type\":\"ListItem\",\"@id\":\"https:\\\/\\\/eldigitaldeasturias.com\\\/magazine365\\\/category\\\/noticias-actualidad\\\/#listItem\",\"position\":2,\"name\":\"Noticias y Actualidad\",\"item\":\"https:\\\/\\\/eldigitaldeasturias.com\\\/magazine365\\\/category\\\/noticias-actualidad\\\/\",\"nextItem\":{\"@type\":\"ListItem\",\"@id\":\"https:\\\/\\\/eldigitaldeasturias.com\\\/magazine365\\\/andalucia-travel-bloggers-colabora-con-las-jornadas-iati-de-los-grandes-viajes\\\/#listItem\",\"name\":\"Andaluc\\u00eda Travel Bloggers colabora con las &#8216;Jornadas IATI&#8217; de los grandes viajes\"},\"previousItem\":{\"@type\":\"ListItem\",\"@id\":\"https:\\\/\\\/eldigitaldeasturias.com\\\/magazine365#listItem\",\"name\":\"Home\"}},{\"@type\":\"ListItem\",\"@id\":\"https:\\\/\\\/eldigitaldeasturias.com\\\/magazine365\\\/andalucia-travel-bloggers-colabora-con-las-jornadas-iati-de-los-grandes-viajes\\\/#listItem\",\"position\":3,\"name\":\"Andaluc\\u00eda Travel Bloggers colabora con las &#8216;Jornadas IATI&#8217; de los grandes viajes\",\"previousItem\":{\"@type\":\"ListItem\",\"@id\":\"https:\\\/\\\/eldigitaldeasturias.com\\\/magazine365\\\/category\\\/noticias-actualidad\\\/#listItem\",\"name\":\"Noticias y Actualidad\"}}]},{\"@type\":\"Organization\",\"@id\":\"https:\\\/\\\/eldigitaldeasturias.com\\\/magazine365\\\/#organization\",\"name\":\"El digital de Asturias\",\"description\":\"Revista de ocio, turismo y estilo de vida\",\"url\":\"https:\\\/\\\/eldigitaldeasturias.com\\\/magazine365\\\/\",\"logo\":{\"@type\":\"ImageObject\",\"url\":\"https:\\\/\\\/www.eldigitaldeasturias.com\\\/noticias\\\/wp-content\\\/uploads\\\/2020\\\/12\\\/EDA.jpg\",\"@id\":\"https:\\\/\\\/eldigitaldeasturias.com\\\/magazine365\\\/andalucia-travel-bloggers-colabora-con-las-jornadas-iati-de-los-grandes-viajes\\\/#organizationLogo\"},\"image\":{\"@id\":\"https:\\\/\\\/eldigitaldeasturias.com\\\/magazine365\\\/andalucia-travel-bloggers-colabora-con-las-jornadas-iati-de-los-grandes-viajes\\\/#organizationLogo\"}},{\"@type\":\"Person\",\"@id\":\"https:\\\/\\\/eldigitaldeasturias.com\\\/magazine365\\\/author\\\/admin\\\/#author\",\"url\":\"https:\\\/\\\/eldigitaldeasturias.com\\\/magazine365\\\/author\\\/admin\\\/\",\"name\":\"admin\",\"image\":{\"@type\":\"ImageObject\",\"@id\":\"https:\\\/\\\/eldigitaldeasturias.com\\\/magazine365\\\/andalucia-travel-bloggers-colabora-con-las-jornadas-iati-de-los-grandes-viajes\\\/#authorImage\",\"url\":\"https:\\\/\\\/eldigitaldeasturias.com\\\/magazine365\\\/wp-content\\\/litespeed\\\/avatar\\\/e571bcf59a0edd6fa6838245a470f2fe.jpg?ver=1776969259\",\"width\":96,\"height\":96,\"caption\":\"admin\"}},{\"@type\":\"WebPage\",\"@id\":\"https:\\\/\\\/eldigitaldeasturias.com\\\/magazine365\\\/andalucia-travel-bloggers-colabora-con-las-jornadas-iati-de-los-grandes-viajes\\\/#webpage\",\"url\":\"https:\\\/\\\/eldigitaldeasturias.com\\\/magazine365\\\/andalucia-travel-bloggers-colabora-con-las-jornadas-iati-de-los-grandes-viajes\\\/\",\"name\":\"Andaluc\\u00eda Travel Bloggers colabora con las \\u2018Jornadas IATI\\u2019 de los grandes viajes | El Digital de Asturias\",\"description\":\"Andaluc\\u00eda Travel Bloggers, la asociaci\\u00f3n de blogueros de viajes de Andaluc\\u00eda, colabora con las 'Jornadas IATI de los Grandes Viajes', que se celebran por primera vez en Sevilla este s\\u00e1bado en el C\\u00edrculo Mercantil e Industrial. Seg\\u00fan indica esta asociaci\\u00f3n en una nota remitida a Europa Press, estas Jornadas, organizadas por 'Un gran viaje\\\/La editorial\",\"inLanguage\":\"es-ES\",\"isPartOf\":{\"@id\":\"https:\\\/\\\/eldigitaldeasturias.com\\\/magazine365\\\/#website\"},\"breadcrumb\":{\"@id\":\"https:\\\/\\\/eldigitaldeasturias.com\\\/magazine365\\\/andalucia-travel-bloggers-colabora-con-las-jornadas-iati-de-los-grandes-viajes\\\/#breadcrumblist\"},\"author\":{\"@id\":\"https:\\\/\\\/eldigitaldeasturias.com\\\/magazine365\\\/author\\\/admin\\\/#author\"},\"creator\":{\"@id\":\"https:\\\/\\\/eldigitaldeasturias.com\\\/magazine365\\\/author\\\/admin\\\/#author\"},\"image\":{\"@type\":\"ImageObject\",\"url\":\"https:\\\/\\\/eldigitaldeasturias.com\\\/magazine365\\\/wp-content\\\/uploads\\\/2016\\\/06\\\/m365.jpg\",\"@id\":\"https:\\\/\\\/eldigitaldeasturias.com\\\/magazine365\\\/andalucia-travel-bloggers-colabora-con-las-jornadas-iati-de-los-grandes-viajes\\\/#mainImage\",\"width\":655,\"height\":360},\"primaryImageOfPage\":{\"@id\":\"https:\\\/\\\/eldigitaldeasturias.com\\\/magazine365\\\/andalucia-travel-bloggers-colabora-con-las-jornadas-iati-de-los-grandes-viajes\\\/#mainImage\"},\"datePublished\":\"2016-06-09T21:32:54+02:00\",\"dateModified\":\"2016-06-09T21:33:33+02:00\"},{\"@type\":\"WebSite\",\"@id\":\"https:\\\/\\\/eldigitaldeasturias.com\\\/magazine365\\\/#website\",\"url\":\"https:\\\/\\\/eldigitaldeasturias.com\\\/magazine365\\\/\",\"name\":\"El Digital de Asturias\",\"description\":\"Revista de ocio, turismo y estilo de vida\",\"inLanguage\":\"es-ES\",\"publisher\":{\"@id\":\"https:\\\/\\\/eldigitaldeasturias.com\\\/magazine365\\\/#organization\"}}]}\n\t\t<\/script>\n\t\t<!-- All in One SEO Pro -->\r\n\t\t<title>Andaluc\u00eda Travel Bloggers colabora con las \u2018Jornadas IATI\u2019 de los grandes viajes | El Digital de Asturias<\/title>\n\n","aioseo_head_json":{"title":"Andaluc\u00eda Travel Bloggers colabora con las \u2018Jornadas IATI\u2019 de los grandes viajes | El Digital de Asturias","description":"Andaluc\u00eda Travel Bloggers, la asociaci\u00f3n de blogueros de viajes de Andaluc\u00eda, colabora con las 'Jornadas IATI de los Grandes Viajes', que se celebran por primera vez en Sevilla este s\u00e1bado en el C\u00edrculo Mercantil e Industrial. Seg\u00fan indica esta asociaci\u00f3n en una nota remitida a Europa Press, estas Jornadas, organizadas por 'Un gran viaje\/La editorial","canonical_url":"https:\/\/eldigitaldeasturias.com\/magazine365\/andalucia-travel-bloggers-colabora-con-las-jornadas-iati-de-los-grandes-viajes\/","robots":"max-image-preview:large","keywords":"noticias y actualidad","webmasterTools":{"google-site-verification":"UA-38556648-1","miscellaneous":""},"schema":{"@context":"https:\/\/schema.org","@graph":[{"@type":"Article","@id":"https:\/\/eldigitaldeasturias.com\/magazine365\/andalucia-travel-bloggers-colabora-con-las-jornadas-iati-de-los-grandes-viajes\/#article","name":"Andaluc\u00eda Travel Bloggers colabora con las \u2018Jornadas IATI\u2019 de los grandes viajes | El Digital de Asturias","headline":"Andaluc\u00eda Travel Bloggers colabora con las &#8216;Jornadas IATI&#8217; de los grandes viajes","author":{"@id":"https:\/\/eldigitaldeasturias.com\/magazine365\/author\/admin\/#author"},"publisher":{"@id":"https:\/\/eldigitaldeasturias.com\/magazine365\/#organization"},"image":{"@type":"ImageObject","url":"https:\/\/eldigitaldeasturias.com\/magazine365\/wp-content\/uploads\/2016\/06\/m365.jpg","width":655,"height":360},"datePublished":"2016-06-09T21:32:54+02:00","dateModified":"2016-06-09T21:33:33+02:00","inLanguage":"es-ES","mainEntityOfPage":{"@id":"https:\/\/eldigitaldeasturias.com\/magazine365\/andalucia-travel-bloggers-colabora-con-las-jornadas-iati-de-los-grandes-viajes\/#webpage"},"isPartOf":{"@id":"https:\/\/eldigitaldeasturias.com\/magazine365\/andalucia-travel-bloggers-colabora-con-las-jornadas-iati-de-los-grandes-viajes\/#webpage"},"articleSection":"Noticias y Actualidad"},{"@type":"BreadcrumbList","@id":"https:\/\/eldigitaldeasturias.com\/magazine365\/andalucia-travel-bloggers-colabora-con-las-jornadas-iati-de-los-grandes-viajes\/#breadcrumblist","itemListElement":[{"@type":"ListItem","@id":"https:\/\/eldigitaldeasturias.com\/magazine365#listItem","position":1,"name":"Home","item":"https:\/\/eldigitaldeasturias.com\/magazine365","nextItem":{"@type":"ListItem","@id":"https:\/\/eldigitaldeasturias.com\/magazine365\/category\/noticias-actualidad\/#listItem","name":"Noticias y Actualidad"}},{"@type":"ListItem","@id":"https:\/\/eldigitaldeasturias.com\/magazine365\/category\/noticias-actualidad\/#listItem","position":2,"name":"Noticias y Actualidad","item":"https:\/\/eldigitaldeasturias.com\/magazine365\/category\/noticias-actualidad\/","nextItem":{"@type":"ListItem","@id":"https:\/\/eldigitaldeasturias.com\/magazine365\/andalucia-travel-bloggers-colabora-con-las-jornadas-iati-de-los-grandes-viajes\/#listItem","name":"Andaluc\u00eda Travel Bloggers colabora con las &#8216;Jornadas IATI&#8217; de los grandes viajes"},"previousItem":{"@type":"ListItem","@id":"https:\/\/eldigitaldeasturias.com\/magazine365#listItem","name":"Home"}},{"@type":"ListItem","@id":"https:\/\/eldigitaldeasturias.com\/magazine365\/andalucia-travel-bloggers-colabora-con-las-jornadas-iati-de-los-grandes-viajes\/#listItem","position":3,"name":"Andaluc\u00eda Travel Bloggers colabora con las &#8216;Jornadas IATI&#8217; de los grandes viajes","previousItem":{"@type":"ListItem","@id":"https:\/\/eldigitaldeasturias.com\/magazine365\/category\/noticias-actualidad\/#listItem","name":"Noticias y Actualidad"}}]},{"@type":"Organization","@id":"https:\/\/eldigitaldeasturias.com\/magazine365\/#organization","name":"El digital de Asturias","description":"Revista de ocio, turismo y estilo de vida","url":"https:\/\/eldigitaldeasturias.com\/magazine365\/","logo":{"@type":"ImageObject","url":"https:\/\/www.eldigitaldeasturias.com\/noticias\/wp-content\/uploads\/2020\/12\/EDA.jpg","@id":"https:\/\/eldigitaldeasturias.com\/magazine365\/andalucia-travel-bloggers-colabora-con-las-jornadas-iati-de-los-grandes-viajes\/#organizationLogo"},"image":{"@id":"https:\/\/eldigitaldeasturias.com\/magazine365\/andalucia-travel-bloggers-colabora-con-las-jornadas-iati-de-los-grandes-viajes\/#organizationLogo"}},{"@type":"Person","@id":"https:\/\/eldigitaldeasturias.com\/magazine365\/author\/admin\/#author","url":"https:\/\/eldigitaldeasturias.com\/magazine365\/author\/admin\/","name":"admin","image":{"@type":"ImageObject","@id":"https:\/\/eldigitaldeasturias.com\/magazine365\/andalucia-travel-bloggers-colabora-con-las-jornadas-iati-de-los-grandes-viajes\/#authorImage","url":"https:\/\/eldigitaldeasturias.com\/magazine365\/wp-content\/litespeed\/avatar\/e571bcf59a0edd6fa6838245a470f2fe.jpg?ver=1776969259","width":96,"height":96,"caption":"admin"}},{"@type":"WebPage","@id":"https:\/\/eldigitaldeasturias.com\/magazine365\/andalucia-travel-bloggers-colabora-con-las-jornadas-iati-de-los-grandes-viajes\/#webpage","url":"https:\/\/eldigitaldeasturias.com\/magazine365\/andalucia-travel-bloggers-colabora-con-las-jornadas-iati-de-los-grandes-viajes\/","name":"Andaluc\u00eda Travel Bloggers colabora con las \u2018Jornadas IATI\u2019 de los grandes viajes | El Digital de Asturias","description":"Andaluc\u00eda Travel Bloggers, la asociaci\u00f3n de blogueros de viajes de Andaluc\u00eda, colabora con las 'Jornadas IATI de los Grandes Viajes', que se celebran por primera vez en Sevilla este s\u00e1bado en el C\u00edrculo Mercantil e Industrial. Seg\u00fan indica esta asociaci\u00f3n en una nota remitida a Europa Press, estas Jornadas, organizadas por 'Un gran viaje\/La editorial","inLanguage":"es-ES","isPartOf":{"@id":"https:\/\/eldigitaldeasturias.com\/magazine365\/#website"},"breadcrumb":{"@id":"https:\/\/eldigitaldeasturias.com\/magazine365\/andalucia-travel-bloggers-colabora-con-las-jornadas-iati-de-los-grandes-viajes\/#breadcrumblist"},"author":{"@id":"https:\/\/eldigitaldeasturias.com\/magazine365\/author\/admin\/#author"},"creator":{"@id":"https:\/\/eldigitaldeasturias.com\/magazine365\/author\/admin\/#author"},"image":{"@type":"ImageObject","url":"https:\/\/eldigitaldeasturias.com\/magazine365\/wp-content\/uploads\/2016\/06\/m365.jpg","@id":"https:\/\/eldigitaldeasturias.com\/magazine365\/andalucia-travel-bloggers-colabora-con-las-jornadas-iati-de-los-grandes-viajes\/#mainImage","width":655,"height":360},"primaryImageOfPage":{"@id":"https:\/\/eldigitaldeasturias.com\/magazine365\/andalucia-travel-bloggers-colabora-con-las-jornadas-iati-de-los-grandes-viajes\/#mainImage"},"datePublished":"2016-06-09T21:32:54+02:00","dateModified":"2016-06-09T21:33:33+02:00"},{"@type":"WebSite","@id":"https:\/\/eldigitaldeasturias.com\/magazine365\/#website","url":"https:\/\/eldigitaldeasturias.com\/magazine365\/","name":"El Digital de Asturias","description":"Revista de ocio, turismo y estilo de vida","inLanguage":"es-ES","publisher":{"@id":"https:\/\/eldigitaldeasturias.com\/magazine365\/#organization"}}]},"og:locale":"es_ES","og:site_name":"El Digital de Asturias \u2013 Revista de ocio, turismo y estilo de vida","og:type":"article","og:title":"Andaluc\u00eda Travel Bloggers colabora con las \u2018Jornadas IATI\u2019 de los grandes viajes | El Digital de Asturias","og:description":"Andaluc\u00eda Travel Bloggers, la asociaci\u00f3n de blogueros de viajes de Andaluc\u00eda, colabora con las 'Jornadas IATI de los Grandes Viajes', que se celebran por primera vez en Sevilla este s\u00e1bado en el C\u00edrculo Mercantil e Industrial. Seg\u00fan indica esta asociaci\u00f3n en una nota remitida a Europa Press, estas Jornadas, organizadas por 'Un gran viaje\/La editorial","og:url":"https:\/\/eldigitaldeasturias.com\/magazine365\/andalucia-travel-bloggers-colabora-con-las-jornadas-iati-de-los-grandes-viajes\/","og:image":"https:\/\/eldigitaldeasturias.com\/magazine365\/wp-content\/uploads\/2016\/06\/m365.jpg","og:image:secure_url":"https:\/\/eldigitaldeasturias.com\/magazine365\/wp-content\/uploads\/2016\/06\/m365.jpg","og:image:width":655,"og:image:height":360,"article:published_time":"2016-06-09T19:32:54+00:00","article:modified_time":"2016-06-09T19:33:33+00:00","twitter:card":"summary_large_image","twitter:title":"Andaluc\u00eda Travel Bloggers colabora con las \u2018Jornadas IATI\u2019 de los grandes viajes | El Digital de Asturias","twitter:description":"Andaluc\u00eda Travel Bloggers, la asociaci\u00f3n de blogueros de viajes de Andaluc\u00eda, colabora con las 'Jornadas IATI de los Grandes Viajes', que se celebran por primera vez en Sevilla este s\u00e1bado en el C\u00edrculo Mercantil e Industrial. Seg\u00fan indica esta asociaci\u00f3n en una nota remitida a Europa Press, estas Jornadas, organizadas por 'Un gran viaje\/La editorial","twitter:image":"https:\/\/eldigitaldeasturias.com\/magazine365\/wp-content\/uploads\/2016\/06\/m365.jpg"},"aioseo_meta_data":{"post_id":"78602","title":null,"description":null,"keywords":null,"keyphrases":null,"primary_term":null,"canonical_url":null,"og_title":null,"og_description":null,"og_object_type":"default","og_image_type":"default","og_image_url":null,"og_image_width":null,"og_image_height":null,"og_image_custom_url":null,"og_image_custom_fields":null,"og_video":null,"og_custom_url":null,"og_article_section":null,"og_article_tags":null,"twitter_use_og":false,"twitter_card":"default","twitter_image_type":"default","twitter_image_url":null,"twitter_image_custom_url":null,"twitter_image_custom_fields":null,"twitter_title":null,"twitter_description":null,"schema":{"blockGraphs":[],"customGraphs":[],"default":{"data":{"Article":[],"Course":[],"Dataset":[],"FAQPage":[],"Movie":[],"Person":[],"Product":[],"ProductReview":[],"Car":[],"Recipe":[],"Service":[],"SoftwareApplication":[],"WebPage":[]},"graphName":"","isEnabled":true},"graphs":[],"defaultGraph":"","defaultPostTypeGraph":""},"schema_type":null,"schema_type_options":null,"pillar_content":false,"robots_default":true,"robots_noindex":false,"robots_noarchive":false,"robots_nosnippet":false,"robots_nofollow":false,"robots_noimageindex":false,"robots_noodp":false,"robots_notranslate":false,"robots_max_snippet":null,"robots_max_videopreview":null,"robots_max_imagepreview":"large","priority":null,"frequency":null,"location":null,"local_seo":null,"seo_analyzer_scan_date":"2025-09-27 17:17:11","breadcrumb_settings":null,"limit_modified_date":false,"open_ai":null,"ai":null,"created":"2021-03-08 17:58:41","updated":"2025-09-27 17:17:11"},"aioseo_breadcrumb":"<div class=\"aioseo-breadcrumbs\"><span class=\"aioseo-breadcrumb\">\n\t<a href=\"https:\/\/eldigitaldeasturias.com\/magazine365\" title=\"Home\">Home<\/a>\n<\/span><span class=\"aioseo-breadcrumb-separator\">\u2013<\/span><span class=\"aioseo-breadcrumb\">\n\t<a href=\"https:\/\/eldigitaldeasturias.com\/magazine365\/category\/noticias-actualidad\/\" title=\"Noticias y Actualidad\">Noticias y Actualidad<\/a>\n<\/span><span class=\"aioseo-breadcrumb-separator\">\u2013<\/span><span class=\"aioseo-breadcrumb\">\n\t<a href=\"https:\/\/eldigitaldeasturias.com\/magazine365\/andalucia-travel-bloggers-colabora-con-las-jornadas-iati-de-los-grandes-viajes\/\" title=\"Andaluc\u00eda Travel Bloggers colabora con las \u2018Jornadas IATI\u2019 de los grandes viajes\">Andaluc\u00eda Travel Bloggers colabora con las \u2018Jornadas IATI\u2019 de los grandes viajes<\/a>\n<\/span><\/div>","aioseo_breadcrumb_json":[{"label":"Home","link":"https:\/\/eldigitaldeasturias.com\/magazine365"},{"label":"Noticias y Actualidad","link":"https:\/\/eldigitaldeasturias.com\/magazine365\/category\/noticias-actualidad\/"},{"label":"Andaluc\u00eda Travel Bloggers colabora con las &#8216;Jornadas IATI&#8217; de los grandes viajes","link":"https:\/\/eldigitaldeasturias.com\/magazine365\/andalucia-travel-bloggers-colabora-con-las-jornadas-iati-de-los-grandes-viajes\/"}],"_links":{"self":[{"href":"https:\/\/eldigitaldeasturias.com\/magazine365\/wp-json\/wp\/v2\/posts\/78602","targetHints":{"allow":["GET"]}}],"collection":[{"href":"https:\/\/eldigitaldeasturias.com\/magazine365\/wp-json\/wp\/v2\/posts"}],"about":[{"href":"https:\/\/eldigitaldeasturias.com\/magazine365\/wp-json\/wp\/v2\/types\/post"}],"author":[{"embeddable":true,"href":"https:\/\/eldigitaldeasturias.com\/magazine365\/wp-json\/wp\/v2\/users\/1"}],"replies":[{"embeddable":true,"href":"https:\/\/eldigitaldeasturias.com\/magazine365\/wp-json\/wp\/v2\/comments?post=78602"}],"version-history":[{"count":0,"href":"https:\/\/eldigitaldeasturias.com\/magazine365\/wp-json\/wp\/v2\/posts\/78602\/revisions"}],"wp:featuredmedia":[{"embeddable":true,"href":"https:\/\/eldigitaldeasturias.com\/magazine365\/wp-json\/wp\/v2\/media\/77926"}],"wp:attachment":[{"href":"https:\/\/eldigitaldeasturias.com\/magazine365\/wp-json\/wp\/v2\/media?parent=78602"}],"wp:term":[{"taxonomy":"category","embeddable":true,"href":"https:\/\/eldigitaldeasturias.com\/magazine365\/wp-json\/wp\/v2\/categories?post=78602"},{"taxonomy":"post_tag","embeddable":true,"href":"https:\/\/eldigitaldeasturias.com\/magazine365\/wp-json\/wp\/v2\/tags?post=78602"}],"curies":[{"name":"wp","href":"https:\/\/api.w.org\/{rel}","templated":true}]}}