{"id":78595,"date":"2016-06-09T21:22:13","date_gmt":"2016-06-09T19:22:13","guid":{"rendered":"http:\/\/eldigitaldeasturias.com\/magazine365\/?p=78595"},"modified":"2016-06-09T21:22:13","modified_gmt":"2016-06-09T19:22:13","slug":"el-tunel-de-pajares-del-ave-pendiente-del-sobrecoste-por-desprendimientos","status":"publish","type":"post","link":"https:\/\/eldigitaldeasturias.com\/magazine365\/el-tunel-de-pajares-del-ave-pendiente-del-sobrecoste-por-desprendimientos\/","title":{"rendered":"El t\u00fanel de Pajares del AVE, pendiente del sobrecoste por desprendimientos"},"content":{"rendered":"<p><img fetchpriority=\"high\" decoding=\"async\" class=\"alignleft size-medium wp-image-78597\" src=\"https:\/\/eldigitaldeasturias.com\/magazine365\/wp-content\/uploads\/2016\/06\/fotonoticia_20160609175135_800-1-360x171.jpg\" alt=\"fotonoticia_20160609175135_800\" width=\"360\" height=\"171\" srcset=\"https:\/\/eldigitaldeasturias.com\/magazine365\/wp-content\/uploads\/2016\/06\/fotonoticia_20160609175135_800-1-360x171.jpg 360w, https:\/\/eldigitaldeasturias.com\/magazine365\/wp-content\/uploads\/2016\/06\/fotonoticia_20160609175135_800-1-650x309.jpg 650w, https:\/\/eldigitaldeasturias.com\/magazine365\/wp-content\/uploads\/2016\/06\/fotonoticia_20160609175135_800-1-768x365.jpg 768w, https:\/\/eldigitaldeasturias.com\/magazine365\/wp-content\/uploads\/2016\/06\/fotonoticia_20160609175135_800-1-150x71.jpg 150w, https:\/\/eldigitaldeasturias.com\/magazine365\/wp-content\/uploads\/2016\/06\/fotonoticia_20160609175135_800-1-450x214.jpg 450w, https:\/\/eldigitaldeasturias.com\/magazine365\/wp-content\/uploads\/2016\/06\/fotonoticia_20160609175135_800-1.jpg 800w\" sizes=\"(max-width: 360px) 100vw, 360px\" \/>La conclusi\u00f3n de la construcci\u00f3n del t\u00fanel de Pajares que permitir\u00e1 conectar Asturias a la red de Alta Velocidad est\u00e1 pendiente de la modificaci\u00f3n del contrato que ha pedido Dragados (ACS), la compa\u00f1\u00eda que se adjudic\u00f3 la instalaci\u00f3n de la v\u00edas en la parte Norte de la infraestructura, ante los desprendimientos de tierra que se est\u00e1n registrando en esta zona y que dificultan realizar los trabajos.<\/p>\n<p>Este es uno de los tramos de l\u00edneas AVE en construcci\u00f3n cuyas obras est\u00e1n actualmente \u00abdetenidas\u00bb por distintas cuestiones, seg\u00fan indic\u00f3 la ministra de Fomento en funciones, Ana Pastor, que \u00abanim\u00f3\u00bb a las empresas contratistas de estas obras a \u00abintentar dialogar\u00bb para resolver estos temas.<\/p>\n<p>\u00abEl t\u00fanel de Pajares est\u00e1 muy avanzado, s\u00f3lo falta concluir la mitad del montaje de la v\u00eda, la de la parte Norte, que est\u00e1 pendiente de la petici\u00f3n de modificaci\u00f3n de contrato planteada por la empresa, que supera al m\u00e1ximo fijado por la ley\u00bb, detall\u00f3 la ministra durante una intervenci\u00f3n en el Club Siglo XXI.<\/p>\n<p>En fuentes de Fomento explicaron que la reivindicaci\u00f3n de la constructora deriva de los desprendimientos de tierra que se est\u00e1n registrando en esta parte Norte de los t\u00faneles, que impiden acometer los trabajos de instalaci\u00f3n de las v\u00edas.<\/p>\n<p>As\u00ed, el proyecto requiere sacar esta tierra (un volumen de unos 200.000 metros c\u00fabicos) y dar estabilidad la zona para poder continuar con los trabajos de tendido de v\u00eda y concluir as\u00ed las obras de los t\u00faneles.<\/p>\n<p>No obstante, Pastor asegur\u00f3 que los tramos de obras del AVE con problemas son \u00abmuy pocos\u00bb respecto a todo el volumen de trabajos actualmente en marcha. \u00abLas obras siguen adelante\u00bb, asever\u00f3.<\/p>\n<p>El resto de tramos con alguna dificultad son dos del AVE a Galicia \u00absobre los que se est\u00e1n resolviendo modificados de los contratos\u00bb, y los correspondientes a la construcci\u00f3n del denomino &#8216;nudo de Bergara&#8217; de la &#8216;Y&#8217; vasca, la l\u00ednea de Alta Velocidad que conectar\u00e1 las tres capitales del Pa\u00eds Vasco.<\/p>\n<h2 class=\"ladillo\">A LA ESPESA DE ACUERDO EN LA &#8216;Y&#8217; VASCA.<\/h2>\n<p>En este \u00faltimo caso, la construcci\u00f3n del &#8216;nudo&#8217; en el que confluir\u00e1n los ramales de este nuevo AVE procedentes o con destino a las tres capitales vascas, la obra est\u00e1 a la espera de que se resuelva una petici\u00f3n planteada por las constructoras adjudicatarias de la obra, Acciona e Isolux.<\/p>\n<p>Estas compa\u00f1\u00edas han pedido encargar una tuneladora conjunta para poder acometer los trabajos de todos los tramos, dado que contemplan la excavaci\u00f3n de cuatro t\u00faneles, lo que implicar\u00eda los correspondientes cambios en los contratos.<\/p>\n<p>La continuaci\u00f3n de la obra est\u00e1 pendiente de que se llegue a un acuerdo sobre este tema entre las constructoras y Adif \u00aben el que se est\u00e1 trabajando\u00bb, seg\u00fan detallaron dichas fuentes de Fomento.<\/p>\n<p>La resoluci\u00f3n de estos problemas ser\u00e1 competencia de Isabel Pardo, la nueva directora general de Alta Velocidad que Adif ha nombrado en sustituci\u00f3n de Javier Gallego, quien pasar\u00e1 a desempe\u00f1ar otro cargo en la Administraci\u00f3n central.<\/p>\n","protected":false},"excerpt":{"rendered":"<p>La conclusi\u00f3n de la construcci\u00f3n del t\u00fanel de Pajares que permitir\u00e1 conectar Asturias a la red de Alta Velocidad est\u00e1 pendiente de la modificaci\u00f3n del contrato que ha pedido Dragados (ACS), la compa\u00f1\u00eda que se adjudic\u00f3 la instalaci\u00f3n de la v\u00edas en la parte Norte de la infraestructura, ante los desprendimientos de tierra que se<\/p>\n","protected":false},"author":1,"featured_media":78597,"comment_status":"open","ping_status":"closed","sticky":false,"template":"","format":"standard","meta":{"footnotes":""},"categories":[224],"tags":[],"class_list":{"0":"post-78595","1":"post","2":"type-post","3":"status-publish","4":"format-standard","5":"has-post-thumbnail","7":"category-noticias-actualidad"},"aioseo_notices":[],"aioseo_head":"\n\t\t<!-- All in One SEO Pro 4.9.6.1 - aioseo.com -->\n\t<meta name=\"description\" content=\"La conclusi\u00f3n de la construcci\u00f3n del t\u00fanel de Pajares que permitir\u00e1 conectar Asturias a la red de Alta Velocidad est\u00e1 pendiente de la modificaci\u00f3n del contrato que ha pedido Dragados (ACS), la compa\u00f1\u00eda que se adjudic\u00f3 la instalaci\u00f3n de la v\u00edas en la parte Norte de la infraestructura, ante los desprendimientos de tierra que se\" \/>\n\t<meta name=\"robots\" content=\"max-image-preview:large\" \/>\n\t<meta name=\"author\" content=\"admin\"\/>\n\t<meta name=\"google-site-verification\" content=\"UA-38556648-1\" \/>\n\t<meta name=\"keywords\" content=\"noticias y actualidad\" \/>\n\t<link rel=\"canonical\" href=\"https:\/\/eldigitaldeasturias.com\/magazine365\/el-tunel-de-pajares-del-ave-pendiente-del-sobrecoste-por-desprendimientos\/\" \/>\n\t<meta name=\"generator\" content=\"All in One SEO Pro (AIOSEO) 4.9.6.1\" \/>\n\t\t<meta property=\"og:locale\" content=\"es_ES\" \/>\n\t\t<meta property=\"og:site_name\" content=\"El Digital de Asturias \u2013 Revista de ocio, turismo y estilo de vida\" \/>\n\t\t<meta property=\"og:type\" content=\"article\" \/>\n\t\t<meta property=\"og:title\" content=\"El t\u00fanel de Pajares del AVE, pendiente del sobrecoste por desprendimientos | El Digital de Asturias\" \/>\n\t\t<meta property=\"og:description\" content=\"La conclusi\u00f3n de la construcci\u00f3n del t\u00fanel de Pajares que permitir\u00e1 conectar Asturias a la red de Alta Velocidad est\u00e1 pendiente de la modificaci\u00f3n del contrato que ha pedido Dragados (ACS), la compa\u00f1\u00eda que se adjudic\u00f3 la instalaci\u00f3n de la v\u00edas en la parte Norte de la infraestructura, ante los desprendimientos de tierra que se\" \/>\n\t\t<meta property=\"og:url\" content=\"https:\/\/eldigitaldeasturias.com\/magazine365\/el-tunel-de-pajares-del-ave-pendiente-del-sobrecoste-por-desprendimientos\/\" \/>\n\t\t<meta property=\"og:image\" content=\"https:\/\/eldigitaldeasturias.com\/magazine365\/wp-content\/uploads\/2016\/06\/fotonoticia_20160609175135_800-1.jpg\" \/>\n\t\t<meta property=\"og:image:secure_url\" content=\"https:\/\/eldigitaldeasturias.com\/magazine365\/wp-content\/uploads\/2016\/06\/fotonoticia_20160609175135_800-1.jpg\" \/>\n\t\t<meta property=\"og:image:width\" content=\"800\" \/>\n\t\t<meta property=\"og:image:height\" content=\"380\" \/>\n\t\t<meta property=\"article:published_time\" content=\"2016-06-09T19:22:13+00:00\" \/>\n\t\t<meta property=\"article:modified_time\" content=\"2016-06-09T19:22:13+00:00\" \/>\n\t\t<meta name=\"twitter:card\" content=\"summary_large_image\" \/>\n\t\t<meta name=\"twitter:title\" content=\"El t\u00fanel de Pajares del AVE, pendiente del sobrecoste por desprendimientos | El Digital de Asturias\" \/>\n\t\t<meta name=\"twitter:description\" content=\"La conclusi\u00f3n de la construcci\u00f3n del t\u00fanel de Pajares que permitir\u00e1 conectar Asturias a la red de Alta Velocidad est\u00e1 pendiente de la modificaci\u00f3n del contrato que ha pedido Dragados (ACS), la compa\u00f1\u00eda que se adjudic\u00f3 la instalaci\u00f3n de la v\u00edas en la parte Norte de la infraestructura, ante los desprendimientos de tierra que se\" \/>\n\t\t<meta name=\"twitter:image\" content=\"https:\/\/eldigitaldeasturias.com\/magazine365\/wp-content\/uploads\/2016\/06\/fotonoticia_20160609175135_800-1.jpg\" \/>\n\t\t<script type=\"application\/ld+json\" class=\"aioseo-schema\">\n\t\t\t{\"@context\":\"https:\\\/\\\/schema.org\",\"@graph\":[{\"@type\":\"Article\",\"@id\":\"https:\\\/\\\/eldigitaldeasturias.com\\\/magazine365\\\/el-tunel-de-pajares-del-ave-pendiente-del-sobrecoste-por-desprendimientos\\\/#article\",\"name\":\"El t\\u00fanel de Pajares del AVE, pendiente del sobrecoste por desprendimientos | El Digital de Asturias\",\"headline\":\"El t\\u00fanel de Pajares del AVE, pendiente del sobrecoste por desprendimientos\",\"author\":{\"@id\":\"https:\\\/\\\/eldigitaldeasturias.com\\\/magazine365\\\/author\\\/admin\\\/#author\"},\"publisher\":{\"@id\":\"https:\\\/\\\/eldigitaldeasturias.com\\\/magazine365\\\/#organization\"},\"image\":{\"@type\":\"ImageObject\",\"url\":\"https:\\\/\\\/eldigitaldeasturias.com\\\/magazine365\\\/wp-content\\\/uploads\\\/2016\\\/06\\\/fotonoticia_20160609175135_800-1.jpg\",\"width\":800,\"height\":380},\"datePublished\":\"2016-06-09T21:22:13+02:00\",\"dateModified\":\"2016-06-09T21:22:13+02:00\",\"inLanguage\":\"es-ES\",\"mainEntityOfPage\":{\"@id\":\"https:\\\/\\\/eldigitaldeasturias.com\\\/magazine365\\\/el-tunel-de-pajares-del-ave-pendiente-del-sobrecoste-por-desprendimientos\\\/#webpage\"},\"isPartOf\":{\"@id\":\"https:\\\/\\\/eldigitaldeasturias.com\\\/magazine365\\\/el-tunel-de-pajares-del-ave-pendiente-del-sobrecoste-por-desprendimientos\\\/#webpage\"},\"articleSection\":\"Noticias y Actualidad\"},{\"@type\":\"BreadcrumbList\",\"@id\":\"https:\\\/\\\/eldigitaldeasturias.com\\\/magazine365\\\/el-tunel-de-pajares-del-ave-pendiente-del-sobrecoste-por-desprendimientos\\\/#breadcrumblist\",\"itemListElement\":[{\"@type\":\"ListItem\",\"@id\":\"https:\\\/\\\/eldigitaldeasturias.com\\\/magazine365#listItem\",\"position\":1,\"name\":\"Home\",\"item\":\"https:\\\/\\\/eldigitaldeasturias.com\\\/magazine365\",\"nextItem\":{\"@type\":\"ListItem\",\"@id\":\"https:\\\/\\\/eldigitaldeasturias.com\\\/magazine365\\\/category\\\/noticias-actualidad\\\/#listItem\",\"name\":\"Noticias y Actualidad\"}},{\"@type\":\"ListItem\",\"@id\":\"https:\\\/\\\/eldigitaldeasturias.com\\\/magazine365\\\/category\\\/noticias-actualidad\\\/#listItem\",\"position\":2,\"name\":\"Noticias y Actualidad\",\"item\":\"https:\\\/\\\/eldigitaldeasturias.com\\\/magazine365\\\/category\\\/noticias-actualidad\\\/\",\"nextItem\":{\"@type\":\"ListItem\",\"@id\":\"https:\\\/\\\/eldigitaldeasturias.com\\\/magazine365\\\/el-tunel-de-pajares-del-ave-pendiente-del-sobrecoste-por-desprendimientos\\\/#listItem\",\"name\":\"El t\\u00fanel de Pajares del AVE, pendiente del sobrecoste por desprendimientos\"},\"previousItem\":{\"@type\":\"ListItem\",\"@id\":\"https:\\\/\\\/eldigitaldeasturias.com\\\/magazine365#listItem\",\"name\":\"Home\"}},{\"@type\":\"ListItem\",\"@id\":\"https:\\\/\\\/eldigitaldeasturias.com\\\/magazine365\\\/el-tunel-de-pajares-del-ave-pendiente-del-sobrecoste-por-desprendimientos\\\/#listItem\",\"position\":3,\"name\":\"El t\\u00fanel de Pajares del AVE, pendiente del sobrecoste por desprendimientos\",\"previousItem\":{\"@type\":\"ListItem\",\"@id\":\"https:\\\/\\\/eldigitaldeasturias.com\\\/magazine365\\\/category\\\/noticias-actualidad\\\/#listItem\",\"name\":\"Noticias y Actualidad\"}}]},{\"@type\":\"Organization\",\"@id\":\"https:\\\/\\\/eldigitaldeasturias.com\\\/magazine365\\\/#organization\",\"name\":\"El digital de Asturias\",\"description\":\"Revista de ocio, turismo y estilo de vida\",\"url\":\"https:\\\/\\\/eldigitaldeasturias.com\\\/magazine365\\\/\",\"logo\":{\"@type\":\"ImageObject\",\"url\":\"https:\\\/\\\/www.eldigitaldeasturias.com\\\/noticias\\\/wp-content\\\/uploads\\\/2020\\\/12\\\/EDA.jpg\",\"@id\":\"https:\\\/\\\/eldigitaldeasturias.com\\\/magazine365\\\/el-tunel-de-pajares-del-ave-pendiente-del-sobrecoste-por-desprendimientos\\\/#organizationLogo\"},\"image\":{\"@id\":\"https:\\\/\\\/eldigitaldeasturias.com\\\/magazine365\\\/el-tunel-de-pajares-del-ave-pendiente-del-sobrecoste-por-desprendimientos\\\/#organizationLogo\"}},{\"@type\":\"Person\",\"@id\":\"https:\\\/\\\/eldigitaldeasturias.com\\\/magazine365\\\/author\\\/admin\\\/#author\",\"url\":\"https:\\\/\\\/eldigitaldeasturias.com\\\/magazine365\\\/author\\\/admin\\\/\",\"name\":\"admin\",\"image\":{\"@type\":\"ImageObject\",\"@id\":\"https:\\\/\\\/eldigitaldeasturias.com\\\/magazine365\\\/el-tunel-de-pajares-del-ave-pendiente-del-sobrecoste-por-desprendimientos\\\/#authorImage\",\"url\":\"https:\\\/\\\/eldigitaldeasturias.com\\\/magazine365\\\/wp-content\\\/litespeed\\\/avatar\\\/e571bcf59a0edd6fa6838245a470f2fe.jpg?ver=1776969259\",\"width\":96,\"height\":96,\"caption\":\"admin\"}},{\"@type\":\"WebPage\",\"@id\":\"https:\\\/\\\/eldigitaldeasturias.com\\\/magazine365\\\/el-tunel-de-pajares-del-ave-pendiente-del-sobrecoste-por-desprendimientos\\\/#webpage\",\"url\":\"https:\\\/\\\/eldigitaldeasturias.com\\\/magazine365\\\/el-tunel-de-pajares-del-ave-pendiente-del-sobrecoste-por-desprendimientos\\\/\",\"name\":\"El t\\u00fanel de Pajares del AVE, pendiente del sobrecoste por desprendimientos | El Digital de Asturias\",\"description\":\"La conclusi\\u00f3n de la construcci\\u00f3n del t\\u00fanel de Pajares que permitir\\u00e1 conectar Asturias a la red de Alta Velocidad est\\u00e1 pendiente de la modificaci\\u00f3n del contrato que ha pedido Dragados (ACS), la compa\\u00f1\\u00eda que se adjudic\\u00f3 la instalaci\\u00f3n de la v\\u00edas en la parte Norte de la infraestructura, ante los desprendimientos de tierra que se\",\"inLanguage\":\"es-ES\",\"isPartOf\":{\"@id\":\"https:\\\/\\\/eldigitaldeasturias.com\\\/magazine365\\\/#website\"},\"breadcrumb\":{\"@id\":\"https:\\\/\\\/eldigitaldeasturias.com\\\/magazine365\\\/el-tunel-de-pajares-del-ave-pendiente-del-sobrecoste-por-desprendimientos\\\/#breadcrumblist\"},\"author\":{\"@id\":\"https:\\\/\\\/eldigitaldeasturias.com\\\/magazine365\\\/author\\\/admin\\\/#author\"},\"creator\":{\"@id\":\"https:\\\/\\\/eldigitaldeasturias.com\\\/magazine365\\\/author\\\/admin\\\/#author\"},\"image\":{\"@type\":\"ImageObject\",\"url\":\"https:\\\/\\\/eldigitaldeasturias.com\\\/magazine365\\\/wp-content\\\/uploads\\\/2016\\\/06\\\/fotonoticia_20160609175135_800-1.jpg\",\"@id\":\"https:\\\/\\\/eldigitaldeasturias.com\\\/magazine365\\\/el-tunel-de-pajares-del-ave-pendiente-del-sobrecoste-por-desprendimientos\\\/#mainImage\",\"width\":800,\"height\":380},\"primaryImageOfPage\":{\"@id\":\"https:\\\/\\\/eldigitaldeasturias.com\\\/magazine365\\\/el-tunel-de-pajares-del-ave-pendiente-del-sobrecoste-por-desprendimientos\\\/#mainImage\"},\"datePublished\":\"2016-06-09T21:22:13+02:00\",\"dateModified\":\"2016-06-09T21:22:13+02:00\"},{\"@type\":\"WebSite\",\"@id\":\"https:\\\/\\\/eldigitaldeasturias.com\\\/magazine365\\\/#website\",\"url\":\"https:\\\/\\\/eldigitaldeasturias.com\\\/magazine365\\\/\",\"name\":\"El Digital de Asturias\",\"description\":\"Revista de ocio, turismo y estilo de vida\",\"inLanguage\":\"es-ES\",\"publisher\":{\"@id\":\"https:\\\/\\\/eldigitaldeasturias.com\\\/magazine365\\\/#organization\"}}]}\n\t\t<\/script>\n\t\t<!-- All in One SEO Pro -->\r\n\t\t<title>El t\u00fanel de Pajares del AVE, pendiente del sobrecoste por desprendimientos | El Digital de Asturias<\/title>\n\n","aioseo_head_json":{"title":"El t\u00fanel de Pajares del AVE, pendiente del sobrecoste por desprendimientos | El Digital de Asturias","description":"La conclusi\u00f3n de la construcci\u00f3n del t\u00fanel de Pajares que permitir\u00e1 conectar Asturias a la red de Alta Velocidad est\u00e1 pendiente de la modificaci\u00f3n del contrato que ha pedido Dragados (ACS), la compa\u00f1\u00eda que se adjudic\u00f3 la instalaci\u00f3n de la v\u00edas en la parte Norte de la infraestructura, ante los desprendimientos de tierra que se","canonical_url":"https:\/\/eldigitaldeasturias.com\/magazine365\/el-tunel-de-pajares-del-ave-pendiente-del-sobrecoste-por-desprendimientos\/","robots":"max-image-preview:large","keywords":"noticias y actualidad","webmasterTools":{"google-site-verification":"UA-38556648-1","miscellaneous":""},"schema":{"@context":"https:\/\/schema.org","@graph":[{"@type":"Article","@id":"https:\/\/eldigitaldeasturias.com\/magazine365\/el-tunel-de-pajares-del-ave-pendiente-del-sobrecoste-por-desprendimientos\/#article","name":"El t\u00fanel de Pajares del AVE, pendiente del sobrecoste por desprendimientos | El Digital de Asturias","headline":"El t\u00fanel de Pajares del AVE, pendiente del sobrecoste por desprendimientos","author":{"@id":"https:\/\/eldigitaldeasturias.com\/magazine365\/author\/admin\/#author"},"publisher":{"@id":"https:\/\/eldigitaldeasturias.com\/magazine365\/#organization"},"image":{"@type":"ImageObject","url":"https:\/\/eldigitaldeasturias.com\/magazine365\/wp-content\/uploads\/2016\/06\/fotonoticia_20160609175135_800-1.jpg","width":800,"height":380},"datePublished":"2016-06-09T21:22:13+02:00","dateModified":"2016-06-09T21:22:13+02:00","inLanguage":"es-ES","mainEntityOfPage":{"@id":"https:\/\/eldigitaldeasturias.com\/magazine365\/el-tunel-de-pajares-del-ave-pendiente-del-sobrecoste-por-desprendimientos\/#webpage"},"isPartOf":{"@id":"https:\/\/eldigitaldeasturias.com\/magazine365\/el-tunel-de-pajares-del-ave-pendiente-del-sobrecoste-por-desprendimientos\/#webpage"},"articleSection":"Noticias y Actualidad"},{"@type":"BreadcrumbList","@id":"https:\/\/eldigitaldeasturias.com\/magazine365\/el-tunel-de-pajares-del-ave-pendiente-del-sobrecoste-por-desprendimientos\/#breadcrumblist","itemListElement":[{"@type":"ListItem","@id":"https:\/\/eldigitaldeasturias.com\/magazine365#listItem","position":1,"name":"Home","item":"https:\/\/eldigitaldeasturias.com\/magazine365","nextItem":{"@type":"ListItem","@id":"https:\/\/eldigitaldeasturias.com\/magazine365\/category\/noticias-actualidad\/#listItem","name":"Noticias y Actualidad"}},{"@type":"ListItem","@id":"https:\/\/eldigitaldeasturias.com\/magazine365\/category\/noticias-actualidad\/#listItem","position":2,"name":"Noticias y Actualidad","item":"https:\/\/eldigitaldeasturias.com\/magazine365\/category\/noticias-actualidad\/","nextItem":{"@type":"ListItem","@id":"https:\/\/eldigitaldeasturias.com\/magazine365\/el-tunel-de-pajares-del-ave-pendiente-del-sobrecoste-por-desprendimientos\/#listItem","name":"El t\u00fanel de Pajares del AVE, pendiente del sobrecoste por desprendimientos"},"previousItem":{"@type":"ListItem","@id":"https:\/\/eldigitaldeasturias.com\/magazine365#listItem","name":"Home"}},{"@type":"ListItem","@id":"https:\/\/eldigitaldeasturias.com\/magazine365\/el-tunel-de-pajares-del-ave-pendiente-del-sobrecoste-por-desprendimientos\/#listItem","position":3,"name":"El t\u00fanel de Pajares del AVE, pendiente del sobrecoste por desprendimientos","previousItem":{"@type":"ListItem","@id":"https:\/\/eldigitaldeasturias.com\/magazine365\/category\/noticias-actualidad\/#listItem","name":"Noticias y Actualidad"}}]},{"@type":"Organization","@id":"https:\/\/eldigitaldeasturias.com\/magazine365\/#organization","name":"El digital de Asturias","description":"Revista de ocio, turismo y estilo de vida","url":"https:\/\/eldigitaldeasturias.com\/magazine365\/","logo":{"@type":"ImageObject","url":"https:\/\/www.eldigitaldeasturias.com\/noticias\/wp-content\/uploads\/2020\/12\/EDA.jpg","@id":"https:\/\/eldigitaldeasturias.com\/magazine365\/el-tunel-de-pajares-del-ave-pendiente-del-sobrecoste-por-desprendimientos\/#organizationLogo"},"image":{"@id":"https:\/\/eldigitaldeasturias.com\/magazine365\/el-tunel-de-pajares-del-ave-pendiente-del-sobrecoste-por-desprendimientos\/#organizationLogo"}},{"@type":"Person","@id":"https:\/\/eldigitaldeasturias.com\/magazine365\/author\/admin\/#author","url":"https:\/\/eldigitaldeasturias.com\/magazine365\/author\/admin\/","name":"admin","image":{"@type":"ImageObject","@id":"https:\/\/eldigitaldeasturias.com\/magazine365\/el-tunel-de-pajares-del-ave-pendiente-del-sobrecoste-por-desprendimientos\/#authorImage","url":"https:\/\/eldigitaldeasturias.com\/magazine365\/wp-content\/litespeed\/avatar\/e571bcf59a0edd6fa6838245a470f2fe.jpg?ver=1776969259","width":96,"height":96,"caption":"admin"}},{"@type":"WebPage","@id":"https:\/\/eldigitaldeasturias.com\/magazine365\/el-tunel-de-pajares-del-ave-pendiente-del-sobrecoste-por-desprendimientos\/#webpage","url":"https:\/\/eldigitaldeasturias.com\/magazine365\/el-tunel-de-pajares-del-ave-pendiente-del-sobrecoste-por-desprendimientos\/","name":"El t\u00fanel de Pajares del AVE, pendiente del sobrecoste por desprendimientos | El Digital de Asturias","description":"La conclusi\u00f3n de la construcci\u00f3n del t\u00fanel de Pajares que permitir\u00e1 conectar Asturias a la red de Alta Velocidad est\u00e1 pendiente de la modificaci\u00f3n del contrato que ha pedido Dragados (ACS), la compa\u00f1\u00eda que se adjudic\u00f3 la instalaci\u00f3n de la v\u00edas en la parte Norte de la infraestructura, ante los desprendimientos de tierra que se","inLanguage":"es-ES","isPartOf":{"@id":"https:\/\/eldigitaldeasturias.com\/magazine365\/#website"},"breadcrumb":{"@id":"https:\/\/eldigitaldeasturias.com\/magazine365\/el-tunel-de-pajares-del-ave-pendiente-del-sobrecoste-por-desprendimientos\/#breadcrumblist"},"author":{"@id":"https:\/\/eldigitaldeasturias.com\/magazine365\/author\/admin\/#author"},"creator":{"@id":"https:\/\/eldigitaldeasturias.com\/magazine365\/author\/admin\/#author"},"image":{"@type":"ImageObject","url":"https:\/\/eldigitaldeasturias.com\/magazine365\/wp-content\/uploads\/2016\/06\/fotonoticia_20160609175135_800-1.jpg","@id":"https:\/\/eldigitaldeasturias.com\/magazine365\/el-tunel-de-pajares-del-ave-pendiente-del-sobrecoste-por-desprendimientos\/#mainImage","width":800,"height":380},"primaryImageOfPage":{"@id":"https:\/\/eldigitaldeasturias.com\/magazine365\/el-tunel-de-pajares-del-ave-pendiente-del-sobrecoste-por-desprendimientos\/#mainImage"},"datePublished":"2016-06-09T21:22:13+02:00","dateModified":"2016-06-09T21:22:13+02:00"},{"@type":"WebSite","@id":"https:\/\/eldigitaldeasturias.com\/magazine365\/#website","url":"https:\/\/eldigitaldeasturias.com\/magazine365\/","name":"El Digital de Asturias","description":"Revista de ocio, turismo y estilo de vida","inLanguage":"es-ES","publisher":{"@id":"https:\/\/eldigitaldeasturias.com\/magazine365\/#organization"}}]},"og:locale":"es_ES","og:site_name":"El Digital de Asturias \u2013 Revista de ocio, turismo y estilo de vida","og:type":"article","og:title":"El t\u00fanel de Pajares del AVE, pendiente del sobrecoste por desprendimientos | El Digital de Asturias","og:description":"La conclusi\u00f3n de la construcci\u00f3n del t\u00fanel de Pajares que permitir\u00e1 conectar Asturias a la red de Alta Velocidad est\u00e1 pendiente de la modificaci\u00f3n del contrato que ha pedido Dragados (ACS), la compa\u00f1\u00eda que se adjudic\u00f3 la instalaci\u00f3n de la v\u00edas en la parte Norte de la infraestructura, ante los desprendimientos de tierra que se","og:url":"https:\/\/eldigitaldeasturias.com\/magazine365\/el-tunel-de-pajares-del-ave-pendiente-del-sobrecoste-por-desprendimientos\/","og:image":"https:\/\/eldigitaldeasturias.com\/magazine365\/wp-content\/uploads\/2016\/06\/fotonoticia_20160609175135_800-1.jpg","og:image:secure_url":"https:\/\/eldigitaldeasturias.com\/magazine365\/wp-content\/uploads\/2016\/06\/fotonoticia_20160609175135_800-1.jpg","og:image:width":800,"og:image:height":380,"article:published_time":"2016-06-09T19:22:13+00:00","article:modified_time":"2016-06-09T19:22:13+00:00","twitter:card":"summary_large_image","twitter:title":"El t\u00fanel de Pajares del AVE, pendiente del sobrecoste por desprendimientos | El Digital de Asturias","twitter:description":"La conclusi\u00f3n de la construcci\u00f3n del t\u00fanel de Pajares que permitir\u00e1 conectar Asturias a la red de Alta Velocidad est\u00e1 pendiente de la modificaci\u00f3n del contrato que ha pedido Dragados (ACS), la compa\u00f1\u00eda que se adjudic\u00f3 la instalaci\u00f3n de la v\u00edas en la parte Norte de la infraestructura, ante los desprendimientos de tierra que se","twitter:image":"https:\/\/eldigitaldeasturias.com\/magazine365\/wp-content\/uploads\/2016\/06\/fotonoticia_20160609175135_800-1.jpg"},"aioseo_meta_data":{"post_id":"78595","title":null,"description":null,"keywords":null,"keyphrases":null,"primary_term":null,"canonical_url":null,"og_title":null,"og_description":null,"og_object_type":"default","og_image_type":"default","og_image_url":null,"og_image_width":null,"og_image_height":null,"og_image_custom_url":null,"og_image_custom_fields":null,"og_video":null,"og_custom_url":null,"og_article_section":null,"og_article_tags":null,"twitter_use_og":false,"twitter_card":"default","twitter_image_type":"default","twitter_image_url":null,"twitter_image_custom_url":null,"twitter_image_custom_fields":null,"twitter_title":null,"twitter_description":null,"schema":{"blockGraphs":[],"customGraphs":[],"default":{"data":{"Article":[],"Course":[],"Dataset":[],"FAQPage":[],"Movie":[],"Person":[],"Product":[],"ProductReview":[],"Car":[],"Recipe":[],"Service":[],"SoftwareApplication":[],"WebPage":[]},"graphName":"","isEnabled":true},"graphs":[],"defaultGraph":"","defaultPostTypeGraph":""},"schema_type":null,"schema_type_options":null,"pillar_content":false,"robots_default":true,"robots_noindex":false,"robots_noarchive":false,"robots_nosnippet":false,"robots_nofollow":false,"robots_noimageindex":false,"robots_noodp":false,"robots_notranslate":false,"robots_max_snippet":null,"robots_max_videopreview":null,"robots_max_imagepreview":"large","priority":null,"frequency":null,"location":null,"local_seo":null,"seo_analyzer_scan_date":"2025-09-27 17:17:08","breadcrumb_settings":null,"limit_modified_date":false,"open_ai":null,"ai":null,"created":"2021-03-08 17:58:41","updated":"2025-09-27 17:17:08"},"aioseo_breadcrumb":"<div class=\"aioseo-breadcrumbs\"><span class=\"aioseo-breadcrumb\">\n\t<a href=\"https:\/\/eldigitaldeasturias.com\/magazine365\" title=\"Home\">Home<\/a>\n<\/span><span class=\"aioseo-breadcrumb-separator\">\u2013<\/span><span class=\"aioseo-breadcrumb\">\n\t<a href=\"https:\/\/eldigitaldeasturias.com\/magazine365\/category\/noticias-actualidad\/\" title=\"Noticias y Actualidad\">Noticias y Actualidad<\/a>\n<\/span><span class=\"aioseo-breadcrumb-separator\">\u2013<\/span><span class=\"aioseo-breadcrumb\">\n\t<a href=\"https:\/\/eldigitaldeasturias.com\/magazine365\/el-tunel-de-pajares-del-ave-pendiente-del-sobrecoste-por-desprendimientos\/\" title=\"El t\u00fanel de Pajares del AVE, pendiente del sobrecoste por desprendimientos\">El t\u00fanel de Pajares del AVE, pendiente del sobrecoste por desprendimientos<\/a>\n<\/span><\/div>","aioseo_breadcrumb_json":[{"label":"Home","link":"https:\/\/eldigitaldeasturias.com\/magazine365"},{"label":"Noticias y Actualidad","link":"https:\/\/eldigitaldeasturias.com\/magazine365\/category\/noticias-actualidad\/"},{"label":"El t\u00fanel de Pajares del AVE, pendiente del sobrecoste por desprendimientos","link":"https:\/\/eldigitaldeasturias.com\/magazine365\/el-tunel-de-pajares-del-ave-pendiente-del-sobrecoste-por-desprendimientos\/"}],"_links":{"self":[{"href":"https:\/\/eldigitaldeasturias.com\/magazine365\/wp-json\/wp\/v2\/posts\/78595","targetHints":{"allow":["GET"]}}],"collection":[{"href":"https:\/\/eldigitaldeasturias.com\/magazine365\/wp-json\/wp\/v2\/posts"}],"about":[{"href":"https:\/\/eldigitaldeasturias.com\/magazine365\/wp-json\/wp\/v2\/types\/post"}],"author":[{"embeddable":true,"href":"https:\/\/eldigitaldeasturias.com\/magazine365\/wp-json\/wp\/v2\/users\/1"}],"replies":[{"embeddable":true,"href":"https:\/\/eldigitaldeasturias.com\/magazine365\/wp-json\/wp\/v2\/comments?post=78595"}],"version-history":[{"count":0,"href":"https:\/\/eldigitaldeasturias.com\/magazine365\/wp-json\/wp\/v2\/posts\/78595\/revisions"}],"wp:featuredmedia":[{"embeddable":true,"href":"https:\/\/eldigitaldeasturias.com\/magazine365\/wp-json\/wp\/v2\/media\/78597"}],"wp:attachment":[{"href":"https:\/\/eldigitaldeasturias.com\/magazine365\/wp-json\/wp\/v2\/media?parent=78595"}],"wp:term":[{"taxonomy":"category","embeddable":true,"href":"https:\/\/eldigitaldeasturias.com\/magazine365\/wp-json\/wp\/v2\/categories?post=78595"},{"taxonomy":"post_tag","embeddable":true,"href":"https:\/\/eldigitaldeasturias.com\/magazine365\/wp-json\/wp\/v2\/tags?post=78595"}],"curies":[{"name":"wp","href":"https:\/\/api.w.org\/{rel}","templated":true}]}}