{"id":78586,"date":"2016-06-09T21:08:40","date_gmt":"2016-06-09T19:08:40","guid":{"rendered":"http:\/\/eldigitaldeasturias.com\/magazine365\/?p=78586"},"modified":"2016-06-09T21:08:40","modified_gmt":"2016-06-09T19:08:40","slug":"amadeus-espana-mencion-especial-en-innovacion","status":"publish","type":"post","link":"https:\/\/eldigitaldeasturias.com\/magazine365\/amadeus-espana-mencion-especial-en-innovacion\/","title":{"rendered":"Amadeus Espa\u00f1a, menci\u00f3n especial en innovaci\u00f3n"},"content":{"rendered":"<p><img fetchpriority=\"high\" decoding=\"async\" class=\"alignleft size-medium wp-image-78587\" src=\"https:\/\/eldigitaldeasturias.com\/magazine365\/wp-content\/uploads\/2016\/06\/fotonoticia_20160609173524_800-169x300.jpg\" alt=\"fotonoticia_20160609173524_800\" width=\"169\" height=\"300\" srcset=\"https:\/\/eldigitaldeasturias.com\/magazine365\/wp-content\/uploads\/2016\/06\/fotonoticia_20160609173524_800-169x300.jpg 169w, https:\/\/eldigitaldeasturias.com\/magazine365\/wp-content\/uploads\/2016\/06\/fotonoticia_20160609173524_800-360x640.jpg 360w, https:\/\/eldigitaldeasturias.com\/magazine365\/wp-content\/uploads\/2016\/06\/fotonoticia_20160609173524_800-768x1365.jpg 768w, https:\/\/eldigitaldeasturias.com\/magazine365\/wp-content\/uploads\/2016\/06\/fotonoticia_20160609173524_800-150x267.jpg 150w, https:\/\/eldigitaldeasturias.com\/magazine365\/wp-content\/uploads\/2016\/06\/fotonoticia_20160609173524_800-450x800.jpg 450w, https:\/\/eldigitaldeasturias.com\/magazine365\/wp-content\/uploads\/2016\/06\/fotonoticia_20160609173524_800.jpg 800w\" sizes=\"(max-width: 169px) 100vw, 169px\" \/>Amadeus Espa\u00f1a, empresa de distribuci\u00f3n de servicios tur\u00edsticos y proveedor de soluciones tecnol\u00f3gicas filial de Amadeus IT Holding, ha sido distinguida con una menci\u00f3n especial en innovaci\u00f3n, dentro de la categor\u00eda Pol\u00edtica Estrat\u00e9gica de Comunicaci\u00f3n Interna en la XX Edici\u00f3n de los Premios Capital Humano.<\/p>\n<p>La compa\u00f1\u00eda ha recibido esta menci\u00f3n especial en innovaci\u00f3n por el proceso de transformaci\u00f3n cultural, iniciado en 2013, que ha dado como resultado el incremento de los niveles de compromiso de los empleados, se ha ahondado en la cultura de cercan\u00eda al cliente y se ha fomentado la versatilidad y desarrollo del potencial de los profesionales, seg\u00fan afirma la empresa en un comunicado.<\/p>\n<p>Tambi\u00e9n han sido distinguidas en esta edici\u00f3n Ericsson, Gas Natural Fenosa, Mahou San Miguel, Siemens y Marina Salud. Los Premios Capital Humano de este a\u00f1o, en sus categor\u00edas de gesti\u00f3n integral y comunicaci\u00f3n interna, han reca\u00eddo en CEPSA y en Connectis, respectivamente. El programa de formaci\u00f3n y desarrollo llevado a cabo por el Ayuntamiento de Sant Boi de Llobregat, en Barcelona, ha sido igualmente objeto de reconocimiento. El galard\u00f3n a la responsabilidad social de las empresas ha sido para Mutua Madrile\u00f1a.<\/p>\n","protected":false},"excerpt":{"rendered":"<p>Amadeus Espa\u00f1a, empresa de distribuci\u00f3n de servicios tur\u00edsticos y proveedor de soluciones tecnol\u00f3gicas filial de Amadeus IT Holding, ha sido distinguida con una menci\u00f3n especial en innovaci\u00f3n, dentro de la categor\u00eda Pol\u00edtica Estrat\u00e9gica de Comunicaci\u00f3n Interna en la XX Edici\u00f3n de los Premios Capital Humano. La compa\u00f1\u00eda ha recibido esta menci\u00f3n especial en innovaci\u00f3n por<\/p>\n","protected":false},"author":1,"featured_media":78587,"comment_status":"open","ping_status":"closed","sticky":false,"template":"","format":"standard","meta":{"footnotes":""},"categories":[224],"tags":[],"class_list":{"0":"post-78586","1":"post","2":"type-post","3":"status-publish","4":"format-standard","5":"has-post-thumbnail","7":"category-noticias-actualidad"},"aioseo_notices":[],"aioseo_head":"\n\t\t<!-- All in One SEO Pro 4.9.6.1 - aioseo.com -->\n\t<meta name=\"description\" content=\"Amadeus Espa\u00f1a, empresa de distribuci\u00f3n de servicios tur\u00edsticos y proveedor de soluciones tecnol\u00f3gicas filial de Amadeus IT Holding, ha sido distinguida con una menci\u00f3n especial en innovaci\u00f3n, dentro de la categor\u00eda Pol\u00edtica Estrat\u00e9gica de Comunicaci\u00f3n Interna en la XX Edici\u00f3n de los Premios Capital Humano. La compa\u00f1\u00eda ha recibido esta menci\u00f3n especial en innovaci\u00f3n por\" \/>\n\t<meta name=\"robots\" content=\"max-image-preview:large\" \/>\n\t<meta name=\"author\" content=\"admin\"\/>\n\t<meta name=\"google-site-verification\" content=\"UA-38556648-1\" \/>\n\t<meta name=\"keywords\" content=\"noticias y actualidad\" \/>\n\t<link rel=\"canonical\" href=\"https:\/\/eldigitaldeasturias.com\/magazine365\/amadeus-espana-mencion-especial-en-innovacion\/\" \/>\n\t<meta name=\"generator\" content=\"All in One SEO Pro (AIOSEO) 4.9.6.1\" \/>\n\t\t<meta property=\"og:locale\" content=\"es_ES\" \/>\n\t\t<meta property=\"og:site_name\" content=\"El Digital de Asturias \u2013 Revista de ocio, turismo y estilo de vida\" \/>\n\t\t<meta property=\"og:type\" content=\"article\" \/>\n\t\t<meta property=\"og:title\" content=\"Amadeus Espa\u00f1a, menci\u00f3n especial en innovaci\u00f3n | El Digital de Asturias\" \/>\n\t\t<meta property=\"og:description\" content=\"Amadeus Espa\u00f1a, empresa de distribuci\u00f3n de servicios tur\u00edsticos y proveedor de soluciones tecnol\u00f3gicas filial de Amadeus IT Holding, ha sido distinguida con una menci\u00f3n especial en innovaci\u00f3n, dentro de la categor\u00eda Pol\u00edtica Estrat\u00e9gica de Comunicaci\u00f3n Interna en la XX Edici\u00f3n de los Premios Capital Humano. La compa\u00f1\u00eda ha recibido esta menci\u00f3n especial en innovaci\u00f3n por\" \/>\n\t\t<meta property=\"og:url\" content=\"https:\/\/eldigitaldeasturias.com\/magazine365\/amadeus-espana-mencion-especial-en-innovacion\/\" \/>\n\t\t<meta property=\"og:image\" content=\"https:\/\/eldigitaldeasturias.com\/magazine365\/wp-content\/uploads\/2016\/06\/fotonoticia_20160609173524_800.jpg\" \/>\n\t\t<meta property=\"og:image:secure_url\" content=\"https:\/\/eldigitaldeasturias.com\/magazine365\/wp-content\/uploads\/2016\/06\/fotonoticia_20160609173524_800.jpg\" \/>\n\t\t<meta property=\"og:image:width\" content=\"800\" \/>\n\t\t<meta property=\"og:image:height\" content=\"1422\" \/>\n\t\t<meta property=\"article:published_time\" content=\"2016-06-09T19:08:40+00:00\" \/>\n\t\t<meta property=\"article:modified_time\" content=\"2016-06-09T19:08:40+00:00\" \/>\n\t\t<meta name=\"twitter:card\" content=\"summary_large_image\" \/>\n\t\t<meta name=\"twitter:title\" content=\"Amadeus Espa\u00f1a, menci\u00f3n especial en innovaci\u00f3n | El Digital de Asturias\" \/>\n\t\t<meta name=\"twitter:description\" content=\"Amadeus Espa\u00f1a, empresa de distribuci\u00f3n de servicios tur\u00edsticos y proveedor de soluciones tecnol\u00f3gicas filial de Amadeus IT Holding, ha sido distinguida con una menci\u00f3n especial en innovaci\u00f3n, dentro de la categor\u00eda Pol\u00edtica Estrat\u00e9gica de Comunicaci\u00f3n Interna en la XX Edici\u00f3n de los Premios Capital Humano. La compa\u00f1\u00eda ha recibido esta menci\u00f3n especial en innovaci\u00f3n por\" \/>\n\t\t<meta name=\"twitter:image\" content=\"https:\/\/eldigitaldeasturias.com\/magazine365\/wp-content\/uploads\/2016\/06\/fotonoticia_20160609173524_800.jpg\" \/>\n\t\t<script type=\"application\/ld+json\" class=\"aioseo-schema\">\n\t\t\t{\"@context\":\"https:\\\/\\\/schema.org\",\"@graph\":[{\"@type\":\"Article\",\"@id\":\"https:\\\/\\\/eldigitaldeasturias.com\\\/magazine365\\\/amadeus-espana-mencion-especial-en-innovacion\\\/#article\",\"name\":\"Amadeus Espa\\u00f1a, menci\\u00f3n especial en innovaci\\u00f3n | El Digital de Asturias\",\"headline\":\"Amadeus Espa\\u00f1a, menci\\u00f3n especial en innovaci\\u00f3n\",\"author\":{\"@id\":\"https:\\\/\\\/eldigitaldeasturias.com\\\/magazine365\\\/author\\\/admin\\\/#author\"},\"publisher\":{\"@id\":\"https:\\\/\\\/eldigitaldeasturias.com\\\/magazine365\\\/#organization\"},\"image\":{\"@type\":\"ImageObject\",\"url\":\"https:\\\/\\\/eldigitaldeasturias.com\\\/magazine365\\\/wp-content\\\/uploads\\\/2016\\\/06\\\/fotonoticia_20160609173524_800.jpg\",\"width\":800,\"height\":1422},\"datePublished\":\"2016-06-09T21:08:40+02:00\",\"dateModified\":\"2016-06-09T21:08:40+02:00\",\"inLanguage\":\"es-ES\",\"mainEntityOfPage\":{\"@id\":\"https:\\\/\\\/eldigitaldeasturias.com\\\/magazine365\\\/amadeus-espana-mencion-especial-en-innovacion\\\/#webpage\"},\"isPartOf\":{\"@id\":\"https:\\\/\\\/eldigitaldeasturias.com\\\/magazine365\\\/amadeus-espana-mencion-especial-en-innovacion\\\/#webpage\"},\"articleSection\":\"Noticias y Actualidad\"},{\"@type\":\"BreadcrumbList\",\"@id\":\"https:\\\/\\\/eldigitaldeasturias.com\\\/magazine365\\\/amadeus-espana-mencion-especial-en-innovacion\\\/#breadcrumblist\",\"itemListElement\":[{\"@type\":\"ListItem\",\"@id\":\"https:\\\/\\\/eldigitaldeasturias.com\\\/magazine365#listItem\",\"position\":1,\"name\":\"Home\",\"item\":\"https:\\\/\\\/eldigitaldeasturias.com\\\/magazine365\",\"nextItem\":{\"@type\":\"ListItem\",\"@id\":\"https:\\\/\\\/eldigitaldeasturias.com\\\/magazine365\\\/category\\\/noticias-actualidad\\\/#listItem\",\"name\":\"Noticias y Actualidad\"}},{\"@type\":\"ListItem\",\"@id\":\"https:\\\/\\\/eldigitaldeasturias.com\\\/magazine365\\\/category\\\/noticias-actualidad\\\/#listItem\",\"position\":2,\"name\":\"Noticias y Actualidad\",\"item\":\"https:\\\/\\\/eldigitaldeasturias.com\\\/magazine365\\\/category\\\/noticias-actualidad\\\/\",\"nextItem\":{\"@type\":\"ListItem\",\"@id\":\"https:\\\/\\\/eldigitaldeasturias.com\\\/magazine365\\\/amadeus-espana-mencion-especial-en-innovacion\\\/#listItem\",\"name\":\"Amadeus Espa\\u00f1a, menci\\u00f3n especial en innovaci\\u00f3n\"},\"previousItem\":{\"@type\":\"ListItem\",\"@id\":\"https:\\\/\\\/eldigitaldeasturias.com\\\/magazine365#listItem\",\"name\":\"Home\"}},{\"@type\":\"ListItem\",\"@id\":\"https:\\\/\\\/eldigitaldeasturias.com\\\/magazine365\\\/amadeus-espana-mencion-especial-en-innovacion\\\/#listItem\",\"position\":3,\"name\":\"Amadeus Espa\\u00f1a, menci\\u00f3n especial en innovaci\\u00f3n\",\"previousItem\":{\"@type\":\"ListItem\",\"@id\":\"https:\\\/\\\/eldigitaldeasturias.com\\\/magazine365\\\/category\\\/noticias-actualidad\\\/#listItem\",\"name\":\"Noticias y Actualidad\"}}]},{\"@type\":\"Organization\",\"@id\":\"https:\\\/\\\/eldigitaldeasturias.com\\\/magazine365\\\/#organization\",\"name\":\"El digital de Asturias\",\"description\":\"Revista de ocio, turismo y estilo de vida\",\"url\":\"https:\\\/\\\/eldigitaldeasturias.com\\\/magazine365\\\/\",\"logo\":{\"@type\":\"ImageObject\",\"url\":\"https:\\\/\\\/www.eldigitaldeasturias.com\\\/noticias\\\/wp-content\\\/uploads\\\/2020\\\/12\\\/EDA.jpg\",\"@id\":\"https:\\\/\\\/eldigitaldeasturias.com\\\/magazine365\\\/amadeus-espana-mencion-especial-en-innovacion\\\/#organizationLogo\"},\"image\":{\"@id\":\"https:\\\/\\\/eldigitaldeasturias.com\\\/magazine365\\\/amadeus-espana-mencion-especial-en-innovacion\\\/#organizationLogo\"}},{\"@type\":\"Person\",\"@id\":\"https:\\\/\\\/eldigitaldeasturias.com\\\/magazine365\\\/author\\\/admin\\\/#author\",\"url\":\"https:\\\/\\\/eldigitaldeasturias.com\\\/magazine365\\\/author\\\/admin\\\/\",\"name\":\"admin\",\"image\":{\"@type\":\"ImageObject\",\"@id\":\"https:\\\/\\\/eldigitaldeasturias.com\\\/magazine365\\\/amadeus-espana-mencion-especial-en-innovacion\\\/#authorImage\",\"url\":\"https:\\\/\\\/eldigitaldeasturias.com\\\/magazine365\\\/wp-content\\\/litespeed\\\/avatar\\\/e571bcf59a0edd6fa6838245a470f2fe.jpg?ver=1776969259\",\"width\":96,\"height\":96,\"caption\":\"admin\"}},{\"@type\":\"WebPage\",\"@id\":\"https:\\\/\\\/eldigitaldeasturias.com\\\/magazine365\\\/amadeus-espana-mencion-especial-en-innovacion\\\/#webpage\",\"url\":\"https:\\\/\\\/eldigitaldeasturias.com\\\/magazine365\\\/amadeus-espana-mencion-especial-en-innovacion\\\/\",\"name\":\"Amadeus Espa\\u00f1a, menci\\u00f3n especial en innovaci\\u00f3n | El Digital de Asturias\",\"description\":\"Amadeus Espa\\u00f1a, empresa de distribuci\\u00f3n de servicios tur\\u00edsticos y proveedor de soluciones tecnol\\u00f3gicas filial de Amadeus IT Holding, ha sido distinguida con una menci\\u00f3n especial en innovaci\\u00f3n, dentro de la categor\\u00eda Pol\\u00edtica Estrat\\u00e9gica de Comunicaci\\u00f3n Interna en la XX Edici\\u00f3n de los Premios Capital Humano. La compa\\u00f1\\u00eda ha recibido esta menci\\u00f3n especial en innovaci\\u00f3n por\",\"inLanguage\":\"es-ES\",\"isPartOf\":{\"@id\":\"https:\\\/\\\/eldigitaldeasturias.com\\\/magazine365\\\/#website\"},\"breadcrumb\":{\"@id\":\"https:\\\/\\\/eldigitaldeasturias.com\\\/magazine365\\\/amadeus-espana-mencion-especial-en-innovacion\\\/#breadcrumblist\"},\"author\":{\"@id\":\"https:\\\/\\\/eldigitaldeasturias.com\\\/magazine365\\\/author\\\/admin\\\/#author\"},\"creator\":{\"@id\":\"https:\\\/\\\/eldigitaldeasturias.com\\\/magazine365\\\/author\\\/admin\\\/#author\"},\"image\":{\"@type\":\"ImageObject\",\"url\":\"https:\\\/\\\/eldigitaldeasturias.com\\\/magazine365\\\/wp-content\\\/uploads\\\/2016\\\/06\\\/fotonoticia_20160609173524_800.jpg\",\"@id\":\"https:\\\/\\\/eldigitaldeasturias.com\\\/magazine365\\\/amadeus-espana-mencion-especial-en-innovacion\\\/#mainImage\",\"width\":800,\"height\":1422},\"primaryImageOfPage\":{\"@id\":\"https:\\\/\\\/eldigitaldeasturias.com\\\/magazine365\\\/amadeus-espana-mencion-especial-en-innovacion\\\/#mainImage\"},\"datePublished\":\"2016-06-09T21:08:40+02:00\",\"dateModified\":\"2016-06-09T21:08:40+02:00\"},{\"@type\":\"WebSite\",\"@id\":\"https:\\\/\\\/eldigitaldeasturias.com\\\/magazine365\\\/#website\",\"url\":\"https:\\\/\\\/eldigitaldeasturias.com\\\/magazine365\\\/\",\"name\":\"El Digital de Asturias\",\"description\":\"Revista de ocio, turismo y estilo de vida\",\"inLanguage\":\"es-ES\",\"publisher\":{\"@id\":\"https:\\\/\\\/eldigitaldeasturias.com\\\/magazine365\\\/#organization\"}}]}\n\t\t<\/script>\n\t\t<!-- All in One SEO Pro -->\r\n\t\t<title>Amadeus Espa\u00f1a, menci\u00f3n especial en innovaci\u00f3n | El Digital de Asturias<\/title>\n\n","aioseo_head_json":{"title":"Amadeus Espa\u00f1a, menci\u00f3n especial en innovaci\u00f3n | El Digital de Asturias","description":"Amadeus Espa\u00f1a, empresa de distribuci\u00f3n de servicios tur\u00edsticos y proveedor de soluciones tecnol\u00f3gicas filial de Amadeus IT Holding, ha sido distinguida con una menci\u00f3n especial en innovaci\u00f3n, dentro de la categor\u00eda Pol\u00edtica Estrat\u00e9gica de Comunicaci\u00f3n Interna en la XX Edici\u00f3n de los Premios Capital Humano. La compa\u00f1\u00eda ha recibido esta menci\u00f3n especial en innovaci\u00f3n por","canonical_url":"https:\/\/eldigitaldeasturias.com\/magazine365\/amadeus-espana-mencion-especial-en-innovacion\/","robots":"max-image-preview:large","keywords":"noticias y actualidad","webmasterTools":{"google-site-verification":"UA-38556648-1","miscellaneous":""},"schema":{"@context":"https:\/\/schema.org","@graph":[{"@type":"Article","@id":"https:\/\/eldigitaldeasturias.com\/magazine365\/amadeus-espana-mencion-especial-en-innovacion\/#article","name":"Amadeus Espa\u00f1a, menci\u00f3n especial en innovaci\u00f3n | El Digital de Asturias","headline":"Amadeus Espa\u00f1a, menci\u00f3n especial en innovaci\u00f3n","author":{"@id":"https:\/\/eldigitaldeasturias.com\/magazine365\/author\/admin\/#author"},"publisher":{"@id":"https:\/\/eldigitaldeasturias.com\/magazine365\/#organization"},"image":{"@type":"ImageObject","url":"https:\/\/eldigitaldeasturias.com\/magazine365\/wp-content\/uploads\/2016\/06\/fotonoticia_20160609173524_800.jpg","width":800,"height":1422},"datePublished":"2016-06-09T21:08:40+02:00","dateModified":"2016-06-09T21:08:40+02:00","inLanguage":"es-ES","mainEntityOfPage":{"@id":"https:\/\/eldigitaldeasturias.com\/magazine365\/amadeus-espana-mencion-especial-en-innovacion\/#webpage"},"isPartOf":{"@id":"https:\/\/eldigitaldeasturias.com\/magazine365\/amadeus-espana-mencion-especial-en-innovacion\/#webpage"},"articleSection":"Noticias y Actualidad"},{"@type":"BreadcrumbList","@id":"https:\/\/eldigitaldeasturias.com\/magazine365\/amadeus-espana-mencion-especial-en-innovacion\/#breadcrumblist","itemListElement":[{"@type":"ListItem","@id":"https:\/\/eldigitaldeasturias.com\/magazine365#listItem","position":1,"name":"Home","item":"https:\/\/eldigitaldeasturias.com\/magazine365","nextItem":{"@type":"ListItem","@id":"https:\/\/eldigitaldeasturias.com\/magazine365\/category\/noticias-actualidad\/#listItem","name":"Noticias y Actualidad"}},{"@type":"ListItem","@id":"https:\/\/eldigitaldeasturias.com\/magazine365\/category\/noticias-actualidad\/#listItem","position":2,"name":"Noticias y Actualidad","item":"https:\/\/eldigitaldeasturias.com\/magazine365\/category\/noticias-actualidad\/","nextItem":{"@type":"ListItem","@id":"https:\/\/eldigitaldeasturias.com\/magazine365\/amadeus-espana-mencion-especial-en-innovacion\/#listItem","name":"Amadeus Espa\u00f1a, menci\u00f3n especial en innovaci\u00f3n"},"previousItem":{"@type":"ListItem","@id":"https:\/\/eldigitaldeasturias.com\/magazine365#listItem","name":"Home"}},{"@type":"ListItem","@id":"https:\/\/eldigitaldeasturias.com\/magazine365\/amadeus-espana-mencion-especial-en-innovacion\/#listItem","position":3,"name":"Amadeus Espa\u00f1a, menci\u00f3n especial en innovaci\u00f3n","previousItem":{"@type":"ListItem","@id":"https:\/\/eldigitaldeasturias.com\/magazine365\/category\/noticias-actualidad\/#listItem","name":"Noticias y Actualidad"}}]},{"@type":"Organization","@id":"https:\/\/eldigitaldeasturias.com\/magazine365\/#organization","name":"El digital de Asturias","description":"Revista de ocio, turismo y estilo de vida","url":"https:\/\/eldigitaldeasturias.com\/magazine365\/","logo":{"@type":"ImageObject","url":"https:\/\/www.eldigitaldeasturias.com\/noticias\/wp-content\/uploads\/2020\/12\/EDA.jpg","@id":"https:\/\/eldigitaldeasturias.com\/magazine365\/amadeus-espana-mencion-especial-en-innovacion\/#organizationLogo"},"image":{"@id":"https:\/\/eldigitaldeasturias.com\/magazine365\/amadeus-espana-mencion-especial-en-innovacion\/#organizationLogo"}},{"@type":"Person","@id":"https:\/\/eldigitaldeasturias.com\/magazine365\/author\/admin\/#author","url":"https:\/\/eldigitaldeasturias.com\/magazine365\/author\/admin\/","name":"admin","image":{"@type":"ImageObject","@id":"https:\/\/eldigitaldeasturias.com\/magazine365\/amadeus-espana-mencion-especial-en-innovacion\/#authorImage","url":"https:\/\/eldigitaldeasturias.com\/magazine365\/wp-content\/litespeed\/avatar\/e571bcf59a0edd6fa6838245a470f2fe.jpg?ver=1776969259","width":96,"height":96,"caption":"admin"}},{"@type":"WebPage","@id":"https:\/\/eldigitaldeasturias.com\/magazine365\/amadeus-espana-mencion-especial-en-innovacion\/#webpage","url":"https:\/\/eldigitaldeasturias.com\/magazine365\/amadeus-espana-mencion-especial-en-innovacion\/","name":"Amadeus Espa\u00f1a, menci\u00f3n especial en innovaci\u00f3n | El Digital de Asturias","description":"Amadeus Espa\u00f1a, empresa de distribuci\u00f3n de servicios tur\u00edsticos y proveedor de soluciones tecnol\u00f3gicas filial de Amadeus IT Holding, ha sido distinguida con una menci\u00f3n especial en innovaci\u00f3n, dentro de la categor\u00eda Pol\u00edtica Estrat\u00e9gica de Comunicaci\u00f3n Interna en la XX Edici\u00f3n de los Premios Capital Humano. La compa\u00f1\u00eda ha recibido esta menci\u00f3n especial en innovaci\u00f3n por","inLanguage":"es-ES","isPartOf":{"@id":"https:\/\/eldigitaldeasturias.com\/magazine365\/#website"},"breadcrumb":{"@id":"https:\/\/eldigitaldeasturias.com\/magazine365\/amadeus-espana-mencion-especial-en-innovacion\/#breadcrumblist"},"author":{"@id":"https:\/\/eldigitaldeasturias.com\/magazine365\/author\/admin\/#author"},"creator":{"@id":"https:\/\/eldigitaldeasturias.com\/magazine365\/author\/admin\/#author"},"image":{"@type":"ImageObject","url":"https:\/\/eldigitaldeasturias.com\/magazine365\/wp-content\/uploads\/2016\/06\/fotonoticia_20160609173524_800.jpg","@id":"https:\/\/eldigitaldeasturias.com\/magazine365\/amadeus-espana-mencion-especial-en-innovacion\/#mainImage","width":800,"height":1422},"primaryImageOfPage":{"@id":"https:\/\/eldigitaldeasturias.com\/magazine365\/amadeus-espana-mencion-especial-en-innovacion\/#mainImage"},"datePublished":"2016-06-09T21:08:40+02:00","dateModified":"2016-06-09T21:08:40+02:00"},{"@type":"WebSite","@id":"https:\/\/eldigitaldeasturias.com\/magazine365\/#website","url":"https:\/\/eldigitaldeasturias.com\/magazine365\/","name":"El Digital de Asturias","description":"Revista de ocio, turismo y estilo de vida","inLanguage":"es-ES","publisher":{"@id":"https:\/\/eldigitaldeasturias.com\/magazine365\/#organization"}}]},"og:locale":"es_ES","og:site_name":"El Digital de Asturias \u2013 Revista de ocio, turismo y estilo de vida","og:type":"article","og:title":"Amadeus Espa\u00f1a, menci\u00f3n especial en innovaci\u00f3n | El Digital de Asturias","og:description":"Amadeus Espa\u00f1a, empresa de distribuci\u00f3n de servicios tur\u00edsticos y proveedor de soluciones tecnol\u00f3gicas filial de Amadeus IT Holding, ha sido distinguida con una menci\u00f3n especial en innovaci\u00f3n, dentro de la categor\u00eda Pol\u00edtica Estrat\u00e9gica de Comunicaci\u00f3n Interna en la XX Edici\u00f3n de los Premios Capital Humano. La compa\u00f1\u00eda ha recibido esta menci\u00f3n especial en innovaci\u00f3n por","og:url":"https:\/\/eldigitaldeasturias.com\/magazine365\/amadeus-espana-mencion-especial-en-innovacion\/","og:image":"https:\/\/eldigitaldeasturias.com\/magazine365\/wp-content\/uploads\/2016\/06\/fotonoticia_20160609173524_800.jpg","og:image:secure_url":"https:\/\/eldigitaldeasturias.com\/magazine365\/wp-content\/uploads\/2016\/06\/fotonoticia_20160609173524_800.jpg","og:image:width":800,"og:image:height":1422,"article:published_time":"2016-06-09T19:08:40+00:00","article:modified_time":"2016-06-09T19:08:40+00:00","twitter:card":"summary_large_image","twitter:title":"Amadeus Espa\u00f1a, menci\u00f3n especial en innovaci\u00f3n | El Digital de Asturias","twitter:description":"Amadeus Espa\u00f1a, empresa de distribuci\u00f3n de servicios tur\u00edsticos y proveedor de soluciones tecnol\u00f3gicas filial de Amadeus IT Holding, ha sido distinguida con una menci\u00f3n especial en innovaci\u00f3n, dentro de la categor\u00eda Pol\u00edtica Estrat\u00e9gica de Comunicaci\u00f3n Interna en la XX Edici\u00f3n de los Premios Capital Humano. La compa\u00f1\u00eda ha recibido esta menci\u00f3n especial en innovaci\u00f3n por","twitter:image":"https:\/\/eldigitaldeasturias.com\/magazine365\/wp-content\/uploads\/2016\/06\/fotonoticia_20160609173524_800.jpg"},"aioseo_meta_data":{"post_id":"78586","title":null,"description":null,"keywords":null,"keyphrases":null,"primary_term":null,"canonical_url":null,"og_title":null,"og_description":null,"og_object_type":"default","og_image_type":"default","og_image_url":null,"og_image_width":null,"og_image_height":null,"og_image_custom_url":null,"og_image_custom_fields":null,"og_video":null,"og_custom_url":null,"og_article_section":null,"og_article_tags":null,"twitter_use_og":false,"twitter_card":"default","twitter_image_type":"default","twitter_image_url":null,"twitter_image_custom_url":null,"twitter_image_custom_fields":null,"twitter_title":null,"twitter_description":null,"schema":{"blockGraphs":[],"customGraphs":[],"default":{"data":{"Article":[],"Course":[],"Dataset":[],"FAQPage":[],"Movie":[],"Person":[],"Product":[],"ProductReview":[],"Car":[],"Recipe":[],"Service":[],"SoftwareApplication":[],"WebPage":[]},"graphName":"","isEnabled":true},"graphs":[],"defaultGraph":"","defaultPostTypeGraph":""},"schema_type":null,"schema_type_options":null,"pillar_content":false,"robots_default":true,"robots_noindex":false,"robots_noarchive":false,"robots_nosnippet":false,"robots_nofollow":false,"robots_noimageindex":false,"robots_noodp":false,"robots_notranslate":false,"robots_max_snippet":null,"robots_max_videopreview":null,"robots_max_imagepreview":"large","priority":null,"frequency":null,"location":null,"local_seo":null,"seo_analyzer_scan_date":"2025-09-27 17:15:46","breadcrumb_settings":null,"limit_modified_date":false,"open_ai":null,"ai":null,"created":"2020-12-21 14:04:50","updated":"2025-09-27 17:15:46"},"aioseo_breadcrumb":"<div class=\"aioseo-breadcrumbs\"><span class=\"aioseo-breadcrumb\">\n\t<a href=\"https:\/\/eldigitaldeasturias.com\/magazine365\" title=\"Home\">Home<\/a>\n<\/span><span class=\"aioseo-breadcrumb-separator\">\u2013<\/span><span class=\"aioseo-breadcrumb\">\n\t<a href=\"https:\/\/eldigitaldeasturias.com\/magazine365\/category\/noticias-actualidad\/\" title=\"Noticias y Actualidad\">Noticias y Actualidad<\/a>\n<\/span><span class=\"aioseo-breadcrumb-separator\">\u2013<\/span><span class=\"aioseo-breadcrumb\">\n\t<a href=\"https:\/\/eldigitaldeasturias.com\/magazine365\/amadeus-espana-mencion-especial-en-innovacion\/\" title=\"Amadeus Espa\u00f1a, menci\u00f3n especial en innovaci\u00f3n\">Amadeus Espa\u00f1a, menci\u00f3n especial en innovaci\u00f3n<\/a>\n<\/span><\/div>","aioseo_breadcrumb_json":[{"label":"Home","link":"https:\/\/eldigitaldeasturias.com\/magazine365"},{"label":"Noticias y Actualidad","link":"https:\/\/eldigitaldeasturias.com\/magazine365\/category\/noticias-actualidad\/"},{"label":"Amadeus Espa\u00f1a, menci\u00f3n especial en innovaci\u00f3n","link":"https:\/\/eldigitaldeasturias.com\/magazine365\/amadeus-espana-mencion-especial-en-innovacion\/"}],"_links":{"self":[{"href":"https:\/\/eldigitaldeasturias.com\/magazine365\/wp-json\/wp\/v2\/posts\/78586","targetHints":{"allow":["GET"]}}],"collection":[{"href":"https:\/\/eldigitaldeasturias.com\/magazine365\/wp-json\/wp\/v2\/posts"}],"about":[{"href":"https:\/\/eldigitaldeasturias.com\/magazine365\/wp-json\/wp\/v2\/types\/post"}],"author":[{"embeddable":true,"href":"https:\/\/eldigitaldeasturias.com\/magazine365\/wp-json\/wp\/v2\/users\/1"}],"replies":[{"embeddable":true,"href":"https:\/\/eldigitaldeasturias.com\/magazine365\/wp-json\/wp\/v2\/comments?post=78586"}],"version-history":[{"count":0,"href":"https:\/\/eldigitaldeasturias.com\/magazine365\/wp-json\/wp\/v2\/posts\/78586\/revisions"}],"wp:featuredmedia":[{"embeddable":true,"href":"https:\/\/eldigitaldeasturias.com\/magazine365\/wp-json\/wp\/v2\/media\/78587"}],"wp:attachment":[{"href":"https:\/\/eldigitaldeasturias.com\/magazine365\/wp-json\/wp\/v2\/media?parent=78586"}],"wp:term":[{"taxonomy":"category","embeddable":true,"href":"https:\/\/eldigitaldeasturias.com\/magazine365\/wp-json\/wp\/v2\/categories?post=78586"},{"taxonomy":"post_tag","embeddable":true,"href":"https:\/\/eldigitaldeasturias.com\/magazine365\/wp-json\/wp\/v2\/tags?post=78586"}],"curies":[{"name":"wp","href":"https:\/\/api.w.org\/{rel}","templated":true}]}}