{"id":78576,"date":"2016-06-09T19:20:20","date_gmt":"2016-06-09T17:20:20","guid":{"rendered":"http:\/\/eldigitaldeasturias.com\/magazine365\/?p=78576"},"modified":"2016-06-09T19:20:20","modified_gmt":"2016-06-09T17:20:20","slug":"la-justicia-francesa-sanciona-a-uber-y-a-dos-de-sus-directivos-con-850-000-euros","status":"publish","type":"post","link":"https:\/\/eldigitaldeasturias.com\/magazine365\/la-justicia-francesa-sanciona-a-uber-y-a-dos-de-sus-directivos-con-850-000-euros\/","title":{"rendered":"La Justicia francesa sanciona a Uber y a dos de sus directivos con 850.000 euros"},"content":{"rendered":"<p><img fetchpriority=\"high\" decoding=\"async\" class=\"alignleft size-medium wp-image-77926\" src=\"https:\/\/eldigitaldeasturias.com\/magazine365\/wp-content\/uploads\/2016\/06\/m365-360x198.jpg\" alt=\"m365\" width=\"360\" height=\"198\" srcset=\"https:\/\/eldigitaldeasturias.com\/magazine365\/wp-content\/uploads\/2016\/06\/m365-360x198.jpg 360w, https:\/\/eldigitaldeasturias.com\/magazine365\/wp-content\/uploads\/2016\/06\/m365-650x357.jpg 650w, https:\/\/eldigitaldeasturias.com\/magazine365\/wp-content\/uploads\/2016\/06\/m365-150x82.jpg 150w, https:\/\/eldigitaldeasturias.com\/magazine365\/wp-content\/uploads\/2016\/06\/m365-450x247.jpg 450w, https:\/\/eldigitaldeasturias.com\/magazine365\/wp-content\/uploads\/2016\/06\/m365.jpg 655w\" sizes=\"(max-width: 360px) 100vw, 360px\" \/>La Justicia francesa ha impuesto una multa de 800.000 euros a la plataforma que pone en contacto a conductores y pasajeros Uber y ha sancionado con cantidades menores a dos de sus directivos por poner en marcha un servicio de transporte ilegal con conductores no profesionales.<\/p>\n<p>El tribunal penal de Par\u00eds ha multado al director de la compa\u00f1\u00eda en Europa occidental, Pierre-Dimitri Gore-Coty, y al director de Uber en Francia, Thibaud Simphal, con 30.000 y 20.000 euros, respectivamente, ya que han cometido pr\u00e1cticas comerciales enga\u00f1osas y son c\u00f3mplices de un servicio ilegal.<\/p>\n<p>Sin embargo, tanto Uber como los dos directivos tan solo tendr\u00e1n que pagar la mitad de las sanciones impuestas si no cometen otro delito, ya que las sentencias est\u00e1n en suspenso.<\/p>\n<p>La plataforma se enfrentaba a una pena m\u00e1xima de cinco a\u00f1os de prisi\u00f3n m\u00e1s una multa de 1,5 millones de euros, pero las sanciones impuestas finalmente han sido menores. El Gobierno franc\u00e9s, presionado por el sector del taxi, ya suspendi\u00f3 el servicio de UberPop el a\u00f1o pasado.<\/p>\n<p>\u00abEstamos decepcionados con la sentencia, la Comisi\u00f3n Europea acaba de publicar las directrices para apoyar este tipo de servicios\u00bb, ha indicado un portavoz de Uber, quien ha a\u00f1adido que apelar\u00e1n la decisi\u00f3n.<\/p>\n","protected":false},"excerpt":{"rendered":"<p>La Justicia francesa ha impuesto una multa de 800.000 euros a la plataforma que pone en contacto a conductores y pasajeros Uber y ha sancionado con cantidades menores a dos de sus directivos por poner en marcha un servicio de transporte ilegal con conductores no profesionales. El tribunal penal de Par\u00eds ha multado al director<\/p>\n","protected":false},"author":1,"featured_media":77926,"comment_status":"open","ping_status":"closed","sticky":false,"template":"","format":"standard","meta":{"footnotes":""},"categories":[224],"tags":[],"class_list":{"0":"post-78576","1":"post","2":"type-post","3":"status-publish","4":"format-standard","5":"has-post-thumbnail","7":"category-noticias-actualidad"},"aioseo_notices":[],"aioseo_head":"\n\t\t<!-- All in One SEO Pro 4.9.6.1 - aioseo.com -->\n\t<meta name=\"description\" content=\"La Justicia francesa ha impuesto una multa de 800.000 euros a la plataforma que pone en contacto a conductores y pasajeros Uber y ha sancionado con cantidades menores a dos de sus directivos por poner en marcha un servicio de transporte ilegal con conductores no profesionales. El tribunal penal de Par\u00eds ha multado al director\" \/>\n\t<meta name=\"robots\" content=\"max-image-preview:large\" \/>\n\t<meta name=\"author\" content=\"admin\"\/>\n\t<meta name=\"google-site-verification\" content=\"UA-38556648-1\" \/>\n\t<meta name=\"keywords\" content=\"noticias y actualidad\" \/>\n\t<link rel=\"canonical\" href=\"https:\/\/eldigitaldeasturias.com\/magazine365\/la-justicia-francesa-sanciona-a-uber-y-a-dos-de-sus-directivos-con-850-000-euros\/\" \/>\n\t<meta name=\"generator\" content=\"All in One SEO Pro (AIOSEO) 4.9.6.1\" \/>\n\t\t<meta property=\"og:locale\" content=\"es_ES\" \/>\n\t\t<meta property=\"og:site_name\" content=\"El Digital de Asturias \u2013 Revista de ocio, turismo y estilo de vida\" \/>\n\t\t<meta property=\"og:type\" content=\"article\" \/>\n\t\t<meta property=\"og:title\" content=\"La Justicia francesa sanciona a Uber y a dos de sus directivos con 850.000 euros | El Digital de Asturias\" \/>\n\t\t<meta property=\"og:description\" content=\"La Justicia francesa ha impuesto una multa de 800.000 euros a la plataforma que pone en contacto a conductores y pasajeros Uber y ha sancionado con cantidades menores a dos de sus directivos por poner en marcha un servicio de transporte ilegal con conductores no profesionales. El tribunal penal de Par\u00eds ha multado al director\" \/>\n\t\t<meta property=\"og:url\" content=\"https:\/\/eldigitaldeasturias.com\/magazine365\/la-justicia-francesa-sanciona-a-uber-y-a-dos-de-sus-directivos-con-850-000-euros\/\" \/>\n\t\t<meta property=\"og:image\" content=\"https:\/\/eldigitaldeasturias.com\/magazine365\/wp-content\/uploads\/2016\/06\/m365.jpg\" \/>\n\t\t<meta property=\"og:image:secure_url\" content=\"https:\/\/eldigitaldeasturias.com\/magazine365\/wp-content\/uploads\/2016\/06\/m365.jpg\" \/>\n\t\t<meta property=\"og:image:width\" content=\"655\" \/>\n\t\t<meta property=\"og:image:height\" content=\"360\" \/>\n\t\t<meta property=\"article:published_time\" content=\"2016-06-09T17:20:20+00:00\" \/>\n\t\t<meta property=\"article:modified_time\" content=\"2016-06-09T17:20:20+00:00\" \/>\n\t\t<meta name=\"twitter:card\" content=\"summary_large_image\" \/>\n\t\t<meta name=\"twitter:title\" content=\"La Justicia francesa sanciona a Uber y a dos de sus directivos con 850.000 euros | El Digital de Asturias\" \/>\n\t\t<meta name=\"twitter:description\" content=\"La Justicia francesa ha impuesto una multa de 800.000 euros a la plataforma que pone en contacto a conductores y pasajeros Uber y ha sancionado con cantidades menores a dos de sus directivos por poner en marcha un servicio de transporte ilegal con conductores no profesionales. El tribunal penal de Par\u00eds ha multado al director\" \/>\n\t\t<meta name=\"twitter:image\" content=\"https:\/\/eldigitaldeasturias.com\/magazine365\/wp-content\/uploads\/2016\/06\/m365.jpg\" \/>\n\t\t<script type=\"application\/ld+json\" class=\"aioseo-schema\">\n\t\t\t{\"@context\":\"https:\\\/\\\/schema.org\",\"@graph\":[{\"@type\":\"Article\",\"@id\":\"https:\\\/\\\/eldigitaldeasturias.com\\\/magazine365\\\/la-justicia-francesa-sanciona-a-uber-y-a-dos-de-sus-directivos-con-850-000-euros\\\/#article\",\"name\":\"La Justicia francesa sanciona a Uber y a dos de sus directivos con 850.000 euros | El Digital de Asturias\",\"headline\":\"La Justicia francesa sanciona a Uber y a dos de sus directivos con 850.000 euros\",\"author\":{\"@id\":\"https:\\\/\\\/eldigitaldeasturias.com\\\/magazine365\\\/author\\\/admin\\\/#author\"},\"publisher\":{\"@id\":\"https:\\\/\\\/eldigitaldeasturias.com\\\/magazine365\\\/#organization\"},\"image\":{\"@type\":\"ImageObject\",\"url\":\"https:\\\/\\\/eldigitaldeasturias.com\\\/magazine365\\\/wp-content\\\/uploads\\\/2016\\\/06\\\/m365.jpg\",\"width\":655,\"height\":360},\"datePublished\":\"2016-06-09T19:20:20+02:00\",\"dateModified\":\"2016-06-09T19:20:20+02:00\",\"inLanguage\":\"es-ES\",\"mainEntityOfPage\":{\"@id\":\"https:\\\/\\\/eldigitaldeasturias.com\\\/magazine365\\\/la-justicia-francesa-sanciona-a-uber-y-a-dos-de-sus-directivos-con-850-000-euros\\\/#webpage\"},\"isPartOf\":{\"@id\":\"https:\\\/\\\/eldigitaldeasturias.com\\\/magazine365\\\/la-justicia-francesa-sanciona-a-uber-y-a-dos-de-sus-directivos-con-850-000-euros\\\/#webpage\"},\"articleSection\":\"Noticias y Actualidad\"},{\"@type\":\"BreadcrumbList\",\"@id\":\"https:\\\/\\\/eldigitaldeasturias.com\\\/magazine365\\\/la-justicia-francesa-sanciona-a-uber-y-a-dos-de-sus-directivos-con-850-000-euros\\\/#breadcrumblist\",\"itemListElement\":[{\"@type\":\"ListItem\",\"@id\":\"https:\\\/\\\/eldigitaldeasturias.com\\\/magazine365#listItem\",\"position\":1,\"name\":\"Home\",\"item\":\"https:\\\/\\\/eldigitaldeasturias.com\\\/magazine365\",\"nextItem\":{\"@type\":\"ListItem\",\"@id\":\"https:\\\/\\\/eldigitaldeasturias.com\\\/magazine365\\\/category\\\/noticias-actualidad\\\/#listItem\",\"name\":\"Noticias y Actualidad\"}},{\"@type\":\"ListItem\",\"@id\":\"https:\\\/\\\/eldigitaldeasturias.com\\\/magazine365\\\/category\\\/noticias-actualidad\\\/#listItem\",\"position\":2,\"name\":\"Noticias y Actualidad\",\"item\":\"https:\\\/\\\/eldigitaldeasturias.com\\\/magazine365\\\/category\\\/noticias-actualidad\\\/\",\"nextItem\":{\"@type\":\"ListItem\",\"@id\":\"https:\\\/\\\/eldigitaldeasturias.com\\\/magazine365\\\/la-justicia-francesa-sanciona-a-uber-y-a-dos-de-sus-directivos-con-850-000-euros\\\/#listItem\",\"name\":\"La Justicia francesa sanciona a Uber y a dos de sus directivos con 850.000 euros\"},\"previousItem\":{\"@type\":\"ListItem\",\"@id\":\"https:\\\/\\\/eldigitaldeasturias.com\\\/magazine365#listItem\",\"name\":\"Home\"}},{\"@type\":\"ListItem\",\"@id\":\"https:\\\/\\\/eldigitaldeasturias.com\\\/magazine365\\\/la-justicia-francesa-sanciona-a-uber-y-a-dos-de-sus-directivos-con-850-000-euros\\\/#listItem\",\"position\":3,\"name\":\"La Justicia francesa sanciona a Uber y a dos de sus directivos con 850.000 euros\",\"previousItem\":{\"@type\":\"ListItem\",\"@id\":\"https:\\\/\\\/eldigitaldeasturias.com\\\/magazine365\\\/category\\\/noticias-actualidad\\\/#listItem\",\"name\":\"Noticias y Actualidad\"}}]},{\"@type\":\"Organization\",\"@id\":\"https:\\\/\\\/eldigitaldeasturias.com\\\/magazine365\\\/#organization\",\"name\":\"El digital de Asturias\",\"description\":\"Revista de ocio, turismo y estilo de vida\",\"url\":\"https:\\\/\\\/eldigitaldeasturias.com\\\/magazine365\\\/\",\"logo\":{\"@type\":\"ImageObject\",\"url\":\"https:\\\/\\\/www.eldigitaldeasturias.com\\\/noticias\\\/wp-content\\\/uploads\\\/2020\\\/12\\\/EDA.jpg\",\"@id\":\"https:\\\/\\\/eldigitaldeasturias.com\\\/magazine365\\\/la-justicia-francesa-sanciona-a-uber-y-a-dos-de-sus-directivos-con-850-000-euros\\\/#organizationLogo\"},\"image\":{\"@id\":\"https:\\\/\\\/eldigitaldeasturias.com\\\/magazine365\\\/la-justicia-francesa-sanciona-a-uber-y-a-dos-de-sus-directivos-con-850-000-euros\\\/#organizationLogo\"}},{\"@type\":\"Person\",\"@id\":\"https:\\\/\\\/eldigitaldeasturias.com\\\/magazine365\\\/author\\\/admin\\\/#author\",\"url\":\"https:\\\/\\\/eldigitaldeasturias.com\\\/magazine365\\\/author\\\/admin\\\/\",\"name\":\"admin\",\"image\":{\"@type\":\"ImageObject\",\"@id\":\"https:\\\/\\\/eldigitaldeasturias.com\\\/magazine365\\\/la-justicia-francesa-sanciona-a-uber-y-a-dos-de-sus-directivos-con-850-000-euros\\\/#authorImage\",\"url\":\"https:\\\/\\\/eldigitaldeasturias.com\\\/magazine365\\\/wp-content\\\/litespeed\\\/avatar\\\/e571bcf59a0edd6fa6838245a470f2fe.jpg?ver=1776969259\",\"width\":96,\"height\":96,\"caption\":\"admin\"}},{\"@type\":\"WebPage\",\"@id\":\"https:\\\/\\\/eldigitaldeasturias.com\\\/magazine365\\\/la-justicia-francesa-sanciona-a-uber-y-a-dos-de-sus-directivos-con-850-000-euros\\\/#webpage\",\"url\":\"https:\\\/\\\/eldigitaldeasturias.com\\\/magazine365\\\/la-justicia-francesa-sanciona-a-uber-y-a-dos-de-sus-directivos-con-850-000-euros\\\/\",\"name\":\"La Justicia francesa sanciona a Uber y a dos de sus directivos con 850.000 euros | El Digital de Asturias\",\"description\":\"La Justicia francesa ha impuesto una multa de 800.000 euros a la plataforma que pone en contacto a conductores y pasajeros Uber y ha sancionado con cantidades menores a dos de sus directivos por poner en marcha un servicio de transporte ilegal con conductores no profesionales. El tribunal penal de Par\\u00eds ha multado al director\",\"inLanguage\":\"es-ES\",\"isPartOf\":{\"@id\":\"https:\\\/\\\/eldigitaldeasturias.com\\\/magazine365\\\/#website\"},\"breadcrumb\":{\"@id\":\"https:\\\/\\\/eldigitaldeasturias.com\\\/magazine365\\\/la-justicia-francesa-sanciona-a-uber-y-a-dos-de-sus-directivos-con-850-000-euros\\\/#breadcrumblist\"},\"author\":{\"@id\":\"https:\\\/\\\/eldigitaldeasturias.com\\\/magazine365\\\/author\\\/admin\\\/#author\"},\"creator\":{\"@id\":\"https:\\\/\\\/eldigitaldeasturias.com\\\/magazine365\\\/author\\\/admin\\\/#author\"},\"image\":{\"@type\":\"ImageObject\",\"url\":\"https:\\\/\\\/eldigitaldeasturias.com\\\/magazine365\\\/wp-content\\\/uploads\\\/2016\\\/06\\\/m365.jpg\",\"@id\":\"https:\\\/\\\/eldigitaldeasturias.com\\\/magazine365\\\/la-justicia-francesa-sanciona-a-uber-y-a-dos-de-sus-directivos-con-850-000-euros\\\/#mainImage\",\"width\":655,\"height\":360},\"primaryImageOfPage\":{\"@id\":\"https:\\\/\\\/eldigitaldeasturias.com\\\/magazine365\\\/la-justicia-francesa-sanciona-a-uber-y-a-dos-de-sus-directivos-con-850-000-euros\\\/#mainImage\"},\"datePublished\":\"2016-06-09T19:20:20+02:00\",\"dateModified\":\"2016-06-09T19:20:20+02:00\"},{\"@type\":\"WebSite\",\"@id\":\"https:\\\/\\\/eldigitaldeasturias.com\\\/magazine365\\\/#website\",\"url\":\"https:\\\/\\\/eldigitaldeasturias.com\\\/magazine365\\\/\",\"name\":\"El Digital de Asturias\",\"description\":\"Revista de ocio, turismo y estilo de vida\",\"inLanguage\":\"es-ES\",\"publisher\":{\"@id\":\"https:\\\/\\\/eldigitaldeasturias.com\\\/magazine365\\\/#organization\"}}]}\n\t\t<\/script>\n\t\t<!-- All in One SEO Pro -->\r\n\t\t<title>La Justicia francesa sanciona a Uber y a dos de sus directivos con 850.000 euros | El Digital de Asturias<\/title>\n\n","aioseo_head_json":{"title":"La Justicia francesa sanciona a Uber y a dos de sus directivos con 850.000 euros | El Digital de Asturias","description":"La Justicia francesa ha impuesto una multa de 800.000 euros a la plataforma que pone en contacto a conductores y pasajeros Uber y ha sancionado con cantidades menores a dos de sus directivos por poner en marcha un servicio de transporte ilegal con conductores no profesionales. El tribunal penal de Par\u00eds ha multado al director","canonical_url":"https:\/\/eldigitaldeasturias.com\/magazine365\/la-justicia-francesa-sanciona-a-uber-y-a-dos-de-sus-directivos-con-850-000-euros\/","robots":"max-image-preview:large","keywords":"noticias y actualidad","webmasterTools":{"google-site-verification":"UA-38556648-1","miscellaneous":""},"schema":{"@context":"https:\/\/schema.org","@graph":[{"@type":"Article","@id":"https:\/\/eldigitaldeasturias.com\/magazine365\/la-justicia-francesa-sanciona-a-uber-y-a-dos-de-sus-directivos-con-850-000-euros\/#article","name":"La Justicia francesa sanciona a Uber y a dos de sus directivos con 850.000 euros | El Digital de Asturias","headline":"La Justicia francesa sanciona a Uber y a dos de sus directivos con 850.000 euros","author":{"@id":"https:\/\/eldigitaldeasturias.com\/magazine365\/author\/admin\/#author"},"publisher":{"@id":"https:\/\/eldigitaldeasturias.com\/magazine365\/#organization"},"image":{"@type":"ImageObject","url":"https:\/\/eldigitaldeasturias.com\/magazine365\/wp-content\/uploads\/2016\/06\/m365.jpg","width":655,"height":360},"datePublished":"2016-06-09T19:20:20+02:00","dateModified":"2016-06-09T19:20:20+02:00","inLanguage":"es-ES","mainEntityOfPage":{"@id":"https:\/\/eldigitaldeasturias.com\/magazine365\/la-justicia-francesa-sanciona-a-uber-y-a-dos-de-sus-directivos-con-850-000-euros\/#webpage"},"isPartOf":{"@id":"https:\/\/eldigitaldeasturias.com\/magazine365\/la-justicia-francesa-sanciona-a-uber-y-a-dos-de-sus-directivos-con-850-000-euros\/#webpage"},"articleSection":"Noticias y Actualidad"},{"@type":"BreadcrumbList","@id":"https:\/\/eldigitaldeasturias.com\/magazine365\/la-justicia-francesa-sanciona-a-uber-y-a-dos-de-sus-directivos-con-850-000-euros\/#breadcrumblist","itemListElement":[{"@type":"ListItem","@id":"https:\/\/eldigitaldeasturias.com\/magazine365#listItem","position":1,"name":"Home","item":"https:\/\/eldigitaldeasturias.com\/magazine365","nextItem":{"@type":"ListItem","@id":"https:\/\/eldigitaldeasturias.com\/magazine365\/category\/noticias-actualidad\/#listItem","name":"Noticias y Actualidad"}},{"@type":"ListItem","@id":"https:\/\/eldigitaldeasturias.com\/magazine365\/category\/noticias-actualidad\/#listItem","position":2,"name":"Noticias y Actualidad","item":"https:\/\/eldigitaldeasturias.com\/magazine365\/category\/noticias-actualidad\/","nextItem":{"@type":"ListItem","@id":"https:\/\/eldigitaldeasturias.com\/magazine365\/la-justicia-francesa-sanciona-a-uber-y-a-dos-de-sus-directivos-con-850-000-euros\/#listItem","name":"La Justicia francesa sanciona a Uber y a dos de sus directivos con 850.000 euros"},"previousItem":{"@type":"ListItem","@id":"https:\/\/eldigitaldeasturias.com\/magazine365#listItem","name":"Home"}},{"@type":"ListItem","@id":"https:\/\/eldigitaldeasturias.com\/magazine365\/la-justicia-francesa-sanciona-a-uber-y-a-dos-de-sus-directivos-con-850-000-euros\/#listItem","position":3,"name":"La Justicia francesa sanciona a Uber y a dos de sus directivos con 850.000 euros","previousItem":{"@type":"ListItem","@id":"https:\/\/eldigitaldeasturias.com\/magazine365\/category\/noticias-actualidad\/#listItem","name":"Noticias y Actualidad"}}]},{"@type":"Organization","@id":"https:\/\/eldigitaldeasturias.com\/magazine365\/#organization","name":"El digital de Asturias","description":"Revista de ocio, turismo y estilo de vida","url":"https:\/\/eldigitaldeasturias.com\/magazine365\/","logo":{"@type":"ImageObject","url":"https:\/\/www.eldigitaldeasturias.com\/noticias\/wp-content\/uploads\/2020\/12\/EDA.jpg","@id":"https:\/\/eldigitaldeasturias.com\/magazine365\/la-justicia-francesa-sanciona-a-uber-y-a-dos-de-sus-directivos-con-850-000-euros\/#organizationLogo"},"image":{"@id":"https:\/\/eldigitaldeasturias.com\/magazine365\/la-justicia-francesa-sanciona-a-uber-y-a-dos-de-sus-directivos-con-850-000-euros\/#organizationLogo"}},{"@type":"Person","@id":"https:\/\/eldigitaldeasturias.com\/magazine365\/author\/admin\/#author","url":"https:\/\/eldigitaldeasturias.com\/magazine365\/author\/admin\/","name":"admin","image":{"@type":"ImageObject","@id":"https:\/\/eldigitaldeasturias.com\/magazine365\/la-justicia-francesa-sanciona-a-uber-y-a-dos-de-sus-directivos-con-850-000-euros\/#authorImage","url":"https:\/\/eldigitaldeasturias.com\/magazine365\/wp-content\/litespeed\/avatar\/e571bcf59a0edd6fa6838245a470f2fe.jpg?ver=1776969259","width":96,"height":96,"caption":"admin"}},{"@type":"WebPage","@id":"https:\/\/eldigitaldeasturias.com\/magazine365\/la-justicia-francesa-sanciona-a-uber-y-a-dos-de-sus-directivos-con-850-000-euros\/#webpage","url":"https:\/\/eldigitaldeasturias.com\/magazine365\/la-justicia-francesa-sanciona-a-uber-y-a-dos-de-sus-directivos-con-850-000-euros\/","name":"La Justicia francesa sanciona a Uber y a dos de sus directivos con 850.000 euros | El Digital de Asturias","description":"La Justicia francesa ha impuesto una multa de 800.000 euros a la plataforma que pone en contacto a conductores y pasajeros Uber y ha sancionado con cantidades menores a dos de sus directivos por poner en marcha un servicio de transporte ilegal con conductores no profesionales. El tribunal penal de Par\u00eds ha multado al director","inLanguage":"es-ES","isPartOf":{"@id":"https:\/\/eldigitaldeasturias.com\/magazine365\/#website"},"breadcrumb":{"@id":"https:\/\/eldigitaldeasturias.com\/magazine365\/la-justicia-francesa-sanciona-a-uber-y-a-dos-de-sus-directivos-con-850-000-euros\/#breadcrumblist"},"author":{"@id":"https:\/\/eldigitaldeasturias.com\/magazine365\/author\/admin\/#author"},"creator":{"@id":"https:\/\/eldigitaldeasturias.com\/magazine365\/author\/admin\/#author"},"image":{"@type":"ImageObject","url":"https:\/\/eldigitaldeasturias.com\/magazine365\/wp-content\/uploads\/2016\/06\/m365.jpg","@id":"https:\/\/eldigitaldeasturias.com\/magazine365\/la-justicia-francesa-sanciona-a-uber-y-a-dos-de-sus-directivos-con-850-000-euros\/#mainImage","width":655,"height":360},"primaryImageOfPage":{"@id":"https:\/\/eldigitaldeasturias.com\/magazine365\/la-justicia-francesa-sanciona-a-uber-y-a-dos-de-sus-directivos-con-850-000-euros\/#mainImage"},"datePublished":"2016-06-09T19:20:20+02:00","dateModified":"2016-06-09T19:20:20+02:00"},{"@type":"WebSite","@id":"https:\/\/eldigitaldeasturias.com\/magazine365\/#website","url":"https:\/\/eldigitaldeasturias.com\/magazine365\/","name":"El Digital de Asturias","description":"Revista de ocio, turismo y estilo de vida","inLanguage":"es-ES","publisher":{"@id":"https:\/\/eldigitaldeasturias.com\/magazine365\/#organization"}}]},"og:locale":"es_ES","og:site_name":"El Digital de Asturias \u2013 Revista de ocio, turismo y estilo de vida","og:type":"article","og:title":"La Justicia francesa sanciona a Uber y a dos de sus directivos con 850.000 euros | El Digital de Asturias","og:description":"La Justicia francesa ha impuesto una multa de 800.000 euros a la plataforma que pone en contacto a conductores y pasajeros Uber y ha sancionado con cantidades menores a dos de sus directivos por poner en marcha un servicio de transporte ilegal con conductores no profesionales. El tribunal penal de Par\u00eds ha multado al director","og:url":"https:\/\/eldigitaldeasturias.com\/magazine365\/la-justicia-francesa-sanciona-a-uber-y-a-dos-de-sus-directivos-con-850-000-euros\/","og:image":"https:\/\/eldigitaldeasturias.com\/magazine365\/wp-content\/uploads\/2016\/06\/m365.jpg","og:image:secure_url":"https:\/\/eldigitaldeasturias.com\/magazine365\/wp-content\/uploads\/2016\/06\/m365.jpg","og:image:width":655,"og:image:height":360,"article:published_time":"2016-06-09T17:20:20+00:00","article:modified_time":"2016-06-09T17:20:20+00:00","twitter:card":"summary_large_image","twitter:title":"La Justicia francesa sanciona a Uber y a dos de sus directivos con 850.000 euros | El Digital de Asturias","twitter:description":"La Justicia francesa ha impuesto una multa de 800.000 euros a la plataforma que pone en contacto a conductores y pasajeros Uber y ha sancionado con cantidades menores a dos de sus directivos por poner en marcha un servicio de transporte ilegal con conductores no profesionales. El tribunal penal de Par\u00eds ha multado al director","twitter:image":"https:\/\/eldigitaldeasturias.com\/magazine365\/wp-content\/uploads\/2016\/06\/m365.jpg"},"aioseo_meta_data":{"post_id":"78576","title":null,"description":null,"keywords":null,"keyphrases":null,"primary_term":null,"canonical_url":null,"og_title":null,"og_description":null,"og_object_type":"default","og_image_type":"default","og_image_url":null,"og_image_width":null,"og_image_height":null,"og_image_custom_url":null,"og_image_custom_fields":null,"og_video":null,"og_custom_url":null,"og_article_section":null,"og_article_tags":null,"twitter_use_og":false,"twitter_card":"default","twitter_image_type":"default","twitter_image_url":null,"twitter_image_custom_url":null,"twitter_image_custom_fields":null,"twitter_title":null,"twitter_description":null,"schema":{"blockGraphs":[],"customGraphs":[],"default":{"data":{"Article":[],"Course":[],"Dataset":[],"FAQPage":[],"Movie":[],"Person":[],"Product":[],"ProductReview":[],"Car":[],"Recipe":[],"Service":[],"SoftwareApplication":[],"WebPage":[]},"graphName":"","isEnabled":true},"graphs":[],"defaultGraph":"","defaultPostTypeGraph":""},"schema_type":null,"schema_type_options":null,"pillar_content":false,"robots_default":true,"robots_noindex":false,"robots_noarchive":false,"robots_nosnippet":false,"robots_nofollow":false,"robots_noimageindex":false,"robots_noodp":false,"robots_notranslate":false,"robots_max_snippet":null,"robots_max_videopreview":null,"robots_max_imagepreview":"large","priority":null,"frequency":null,"location":null,"local_seo":null,"seo_analyzer_scan_date":"2025-09-27 17:15:42","breadcrumb_settings":null,"limit_modified_date":false,"open_ai":null,"ai":null,"created":"2021-03-08 18:00:03","updated":"2025-09-27 17:15:42"},"aioseo_breadcrumb":"<div class=\"aioseo-breadcrumbs\"><span class=\"aioseo-breadcrumb\">\n\t<a href=\"https:\/\/eldigitaldeasturias.com\/magazine365\" title=\"Home\">Home<\/a>\n<\/span><span class=\"aioseo-breadcrumb-separator\">\u2013<\/span><span class=\"aioseo-breadcrumb\">\n\t<a href=\"https:\/\/eldigitaldeasturias.com\/magazine365\/category\/noticias-actualidad\/\" title=\"Noticias y Actualidad\">Noticias y Actualidad<\/a>\n<\/span><span class=\"aioseo-breadcrumb-separator\">\u2013<\/span><span class=\"aioseo-breadcrumb\">\n\t<a href=\"https:\/\/eldigitaldeasturias.com\/magazine365\/la-justicia-francesa-sanciona-a-uber-y-a-dos-de-sus-directivos-con-850-000-euros\/\" title=\"La Justicia francesa sanciona a Uber y a dos de sus directivos con 850.000 euros\">La Justicia francesa sanciona a Uber y a dos de sus directivos con 850.000 euros<\/a>\n<\/span><\/div>","aioseo_breadcrumb_json":[{"label":"Home","link":"https:\/\/eldigitaldeasturias.com\/magazine365"},{"label":"Noticias y Actualidad","link":"https:\/\/eldigitaldeasturias.com\/magazine365\/category\/noticias-actualidad\/"},{"label":"La Justicia francesa sanciona a Uber y a dos de sus directivos con 850.000 euros","link":"https:\/\/eldigitaldeasturias.com\/magazine365\/la-justicia-francesa-sanciona-a-uber-y-a-dos-de-sus-directivos-con-850-000-euros\/"}],"_links":{"self":[{"href":"https:\/\/eldigitaldeasturias.com\/magazine365\/wp-json\/wp\/v2\/posts\/78576","targetHints":{"allow":["GET"]}}],"collection":[{"href":"https:\/\/eldigitaldeasturias.com\/magazine365\/wp-json\/wp\/v2\/posts"}],"about":[{"href":"https:\/\/eldigitaldeasturias.com\/magazine365\/wp-json\/wp\/v2\/types\/post"}],"author":[{"embeddable":true,"href":"https:\/\/eldigitaldeasturias.com\/magazine365\/wp-json\/wp\/v2\/users\/1"}],"replies":[{"embeddable":true,"href":"https:\/\/eldigitaldeasturias.com\/magazine365\/wp-json\/wp\/v2\/comments?post=78576"}],"version-history":[{"count":0,"href":"https:\/\/eldigitaldeasturias.com\/magazine365\/wp-json\/wp\/v2\/posts\/78576\/revisions"}],"wp:featuredmedia":[{"embeddable":true,"href":"https:\/\/eldigitaldeasturias.com\/magazine365\/wp-json\/wp\/v2\/media\/77926"}],"wp:attachment":[{"href":"https:\/\/eldigitaldeasturias.com\/magazine365\/wp-json\/wp\/v2\/media?parent=78576"}],"wp:term":[{"taxonomy":"category","embeddable":true,"href":"https:\/\/eldigitaldeasturias.com\/magazine365\/wp-json\/wp\/v2\/categories?post=78576"},{"taxonomy":"post_tag","embeddable":true,"href":"https:\/\/eldigitaldeasturias.com\/magazine365\/wp-json\/wp\/v2\/tags?post=78576"}],"curies":[{"name":"wp","href":"https:\/\/api.w.org\/{rel}","templated":true}]}}