{"id":78573,"date":"2016-06-09T19:19:31","date_gmt":"2016-06-09T17:19:31","guid":{"rendered":"http:\/\/eldigitaldeasturias.com\/magazine365\/?p=78573"},"modified":"2016-06-09T19:19:31","modified_gmt":"2016-06-09T17:19:31","slug":"turismo-costa-del-sol-intensifica-sus-acciones-promocionales-en-el-magreb","status":"publish","type":"post","link":"https:\/\/eldigitaldeasturias.com\/magazine365\/turismo-costa-del-sol-intensifica-sus-acciones-promocionales-en-el-magreb\/","title":{"rendered":"Turismo Costa del Sol intensifica sus acciones promocionales en el Magreb"},"content":{"rendered":"<p><img fetchpriority=\"high\" decoding=\"async\" class=\"alignleft size-medium wp-image-78574\" src=\"https:\/\/eldigitaldeasturias.com\/magazine365\/wp-content\/uploads\/2016\/06\/fotonoticia_20160609173236_800-360x230.jpg\" alt=\"fotonoticia_20160609173236_800\" width=\"360\" height=\"230\" srcset=\"https:\/\/eldigitaldeasturias.com\/magazine365\/wp-content\/uploads\/2016\/06\/fotonoticia_20160609173236_800-360x230.jpg 360w, https:\/\/eldigitaldeasturias.com\/magazine365\/wp-content\/uploads\/2016\/06\/fotonoticia_20160609173236_800-650x415.jpg 650w, https:\/\/eldigitaldeasturias.com\/magazine365\/wp-content\/uploads\/2016\/06\/fotonoticia_20160609173236_800-768x491.jpg 768w, https:\/\/eldigitaldeasturias.com\/magazine365\/wp-content\/uploads\/2016\/06\/fotonoticia_20160609173236_800-150x96.jpg 150w, https:\/\/eldigitaldeasturias.com\/magazine365\/wp-content\/uploads\/2016\/06\/fotonoticia_20160609173236_800-450x287.jpg 450w, https:\/\/eldigitaldeasturias.com\/magazine365\/wp-content\/uploads\/2016\/06\/fotonoticia_20160609173236_800-225x145.jpg 225w, https:\/\/eldigitaldeasturias.com\/magazine365\/wp-content\/uploads\/2016\/06\/fotonoticia_20160609173236_800-355x226.jpg 355w, https:\/\/eldigitaldeasturias.com\/magazine365\/wp-content\/uploads\/2016\/06\/fotonoticia_20160609173236_800-101x66.jpg 101w, https:\/\/eldigitaldeasturias.com\/magazine365\/wp-content\/uploads\/2016\/06\/fotonoticia_20160609173236_800.jpg 800w\" sizes=\"(max-width: 360px) 100vw, 360px\" \/>Turismo Costa del Sol contin\u00faa reforzando la presencia del destino en el Magreb, \u00abun lugar potencialmente muy interesante por su cercan\u00eda a la provincia de M\u00e1laga y por la vinculaci\u00f3n hist\u00f3rica y cultural que ha existido entre el norte de \u00c1frica y el sur de Espa\u00f1a en distintas etapas de la historia\u00bb, seg\u00fan ha informado el presidente de Turismo Costa del Sol, El\u00edas Bendodo.<\/p>\n<p>As\u00ed, ha explicado que en la ciudad de Casablanca, en Marruecos, tiene lugar cada a\u00f1o la Feria SVTL, Travel, Tourism &amp; Leishure Show. En este 2016 se ha alcanzado la s\u00e9ptima edici\u00f3n de este evento, con car\u00e1cter a la vez profesional y p\u00fablica y en la que Turismo Costa del Sol acude para promocionar el destino y abrir oportunidades de negocio con el mercado marroqu\u00ed.<\/p>\n<p>Turismo Costa del Sol estableci\u00f3 unas 40 citas con agencias de viajes de Marruecos. En este sentido, Bendodo ha afirmado a trav\u00e9s de un comunicado que \u00abel turista marroqu\u00ed se encuentra especialmente c\u00f3modo en la Costa del Sol gracias a que el destino se adapta a la perfecci\u00f3n a sus costumbres y modos de vida\u00bb.<\/p>\n<p>\u00abLa provincia de M\u00e1laga hace de centro de operaciones, por su extraordinaria situaci\u00f3n y conectividad, para vertebrar breves escapadas a ciudades con cultura y significativas referencias de la tradici\u00f3n musulmana, como Granada, C\u00f3rdoba o Sevilla\u00bb, ha continuado el presidente de Turismo Costa del Sol.<\/p>\n<p>Por otro lado, ha detallado que de otra ciudad marroqu\u00ed hist\u00f3rica como es T\u00e1nger, proced\u00edan los seis agentes de viajes que asistieron a un fam trip organizado por Turismo Costa del Sol, \u00abque continua el plan de acci\u00f3n de promoci\u00f3n del destino en ciudades de Marruecos como Casablanca, Rabat o la propia T\u00e1nger, enclaves que potencialmente pueden encontrar en la provincia de M\u00e1laga un destino a la medida de sus motivaciones\u00bb.<\/p>\n<p>As\u00ed, a lo largo de los distintos contactos con empresarios del turismo y agentes de viajes del lugar, se pudo constatar que el turista marroqu\u00ed valora especialmente del destino Costa del Sol el clima, la enorme oferta de compras que posee, la calidad del alojamiento y la gastronom\u00eda, capaz de adaptarse a la cultura aut\u00f3ctona del Magreb, con cocina halal.<\/p>\n<p>Este trabajo de promoci\u00f3n del destino de la provincia de M\u00e1laga en el Magreb se complement\u00f3 con otras presencias estrat\u00e9gicas en eventos como el Sal\u00f3n Internacional de Turismo y Viajes (Sitev) celebrada en Argel, \u00aben donde qued\u00f3 confirmada la excelente reputaci\u00f3n de nuestro destino en el norte de \u00c1frica, gracias al trabajo de empresarios e instituciones, que ofrecen una Costa del Sol adaptable a un sinf\u00edn de motivaciones y culturas\u00bb, ha se\u00f1alado.<\/p>\n","protected":false},"excerpt":{"rendered":"<p>Turismo Costa del Sol contin\u00faa reforzando la presencia del destino en el Magreb, \u00abun lugar potencialmente muy interesante por su cercan\u00eda a la provincia de M\u00e1laga y por la vinculaci\u00f3n hist\u00f3rica y cultural que ha existido entre el norte de \u00c1frica y el sur de Espa\u00f1a en distintas etapas de la historia\u00bb, seg\u00fan ha informado<\/p>\n","protected":false},"author":1,"featured_media":78574,"comment_status":"open","ping_status":"closed","sticky":false,"template":"","format":"standard","meta":{"footnotes":""},"categories":[224],"tags":[],"class_list":{"0":"post-78573","1":"post","2":"type-post","3":"status-publish","4":"format-standard","5":"has-post-thumbnail","7":"category-noticias-actualidad"},"aioseo_notices":[],"aioseo_head":"\n\t\t<!-- All in One SEO Pro 4.9.6.1 - aioseo.com -->\n\t<meta name=\"description\" content=\"Turismo Costa del Sol contin\u00faa reforzando la presencia del destino en el Magreb, &quot;un lugar potencialmente muy interesante por su cercan\u00eda a la provincia de M\u00e1laga y por la vinculaci\u00f3n hist\u00f3rica y cultural que ha existido entre el norte de \u00c1frica y el sur de Espa\u00f1a en distintas etapas de la historia&quot;, seg\u00fan ha informado\" \/>\n\t<meta name=\"robots\" content=\"max-image-preview:large\" \/>\n\t<meta name=\"author\" content=\"admin\"\/>\n\t<meta name=\"google-site-verification\" content=\"UA-38556648-1\" \/>\n\t<meta name=\"keywords\" content=\"noticias y actualidad\" \/>\n\t<link rel=\"canonical\" href=\"https:\/\/eldigitaldeasturias.com\/magazine365\/turismo-costa-del-sol-intensifica-sus-acciones-promocionales-en-el-magreb\/\" \/>\n\t<meta name=\"generator\" content=\"All in One SEO Pro (AIOSEO) 4.9.6.1\" \/>\n\t\t<meta property=\"og:locale\" content=\"es_ES\" \/>\n\t\t<meta property=\"og:site_name\" content=\"El Digital de Asturias \u2013 Revista de ocio, turismo y estilo de vida\" \/>\n\t\t<meta property=\"og:type\" content=\"article\" \/>\n\t\t<meta property=\"og:title\" content=\"Turismo Costa del Sol intensifica sus acciones promocionales en el Magreb | El Digital de Asturias\" \/>\n\t\t<meta property=\"og:description\" content=\"Turismo Costa del Sol contin\u00faa reforzando la presencia del destino en el Magreb, &quot;un lugar potencialmente muy interesante por su cercan\u00eda a la provincia de M\u00e1laga y por la vinculaci\u00f3n hist\u00f3rica y cultural que ha existido entre el norte de \u00c1frica y el sur de Espa\u00f1a en distintas etapas de la historia&quot;, seg\u00fan ha informado\" \/>\n\t\t<meta property=\"og:url\" content=\"https:\/\/eldigitaldeasturias.com\/magazine365\/turismo-costa-del-sol-intensifica-sus-acciones-promocionales-en-el-magreb\/\" \/>\n\t\t<meta property=\"og:image\" content=\"https:\/\/eldigitaldeasturias.com\/magazine365\/wp-content\/uploads\/2016\/06\/fotonoticia_20160609173236_800.jpg\" \/>\n\t\t<meta property=\"og:image:secure_url\" content=\"https:\/\/eldigitaldeasturias.com\/magazine365\/wp-content\/uploads\/2016\/06\/fotonoticia_20160609173236_800.jpg\" \/>\n\t\t<meta property=\"og:image:width\" content=\"800\" \/>\n\t\t<meta property=\"og:image:height\" content=\"511\" \/>\n\t\t<meta property=\"article:published_time\" content=\"2016-06-09T17:19:31+00:00\" \/>\n\t\t<meta property=\"article:modified_time\" content=\"2016-06-09T17:19:31+00:00\" \/>\n\t\t<meta name=\"twitter:card\" content=\"summary_large_image\" \/>\n\t\t<meta name=\"twitter:title\" content=\"Turismo Costa del Sol intensifica sus acciones promocionales en el Magreb | El Digital de Asturias\" \/>\n\t\t<meta name=\"twitter:description\" content=\"Turismo Costa del Sol contin\u00faa reforzando la presencia del destino en el Magreb, &quot;un lugar potencialmente muy interesante por su cercan\u00eda a la provincia de M\u00e1laga y por la vinculaci\u00f3n hist\u00f3rica y cultural que ha existido entre el norte de \u00c1frica y el sur de Espa\u00f1a en distintas etapas de la historia&quot;, seg\u00fan ha informado\" \/>\n\t\t<meta name=\"twitter:image\" content=\"https:\/\/eldigitaldeasturias.com\/magazine365\/wp-content\/uploads\/2016\/06\/fotonoticia_20160609173236_800.jpg\" \/>\n\t\t<script type=\"application\/ld+json\" class=\"aioseo-schema\">\n\t\t\t{\"@context\":\"https:\\\/\\\/schema.org\",\"@graph\":[{\"@type\":\"Article\",\"@id\":\"https:\\\/\\\/eldigitaldeasturias.com\\\/magazine365\\\/turismo-costa-del-sol-intensifica-sus-acciones-promocionales-en-el-magreb\\\/#article\",\"name\":\"Turismo Costa del Sol intensifica sus acciones promocionales en el Magreb | El Digital de Asturias\",\"headline\":\"Turismo Costa del Sol intensifica sus acciones promocionales en el Magreb\",\"author\":{\"@id\":\"https:\\\/\\\/eldigitaldeasturias.com\\\/magazine365\\\/author\\\/admin\\\/#author\"},\"publisher\":{\"@id\":\"https:\\\/\\\/eldigitaldeasturias.com\\\/magazine365\\\/#organization\"},\"image\":{\"@type\":\"ImageObject\",\"url\":\"https:\\\/\\\/eldigitaldeasturias.com\\\/magazine365\\\/wp-content\\\/uploads\\\/2016\\\/06\\\/fotonoticia_20160609173236_800.jpg\",\"width\":800,\"height\":511},\"datePublished\":\"2016-06-09T19:19:31+02:00\",\"dateModified\":\"2016-06-09T19:19:31+02:00\",\"inLanguage\":\"es-ES\",\"mainEntityOfPage\":{\"@id\":\"https:\\\/\\\/eldigitaldeasturias.com\\\/magazine365\\\/turismo-costa-del-sol-intensifica-sus-acciones-promocionales-en-el-magreb\\\/#webpage\"},\"isPartOf\":{\"@id\":\"https:\\\/\\\/eldigitaldeasturias.com\\\/magazine365\\\/turismo-costa-del-sol-intensifica-sus-acciones-promocionales-en-el-magreb\\\/#webpage\"},\"articleSection\":\"Noticias y Actualidad\"},{\"@type\":\"BreadcrumbList\",\"@id\":\"https:\\\/\\\/eldigitaldeasturias.com\\\/magazine365\\\/turismo-costa-del-sol-intensifica-sus-acciones-promocionales-en-el-magreb\\\/#breadcrumblist\",\"itemListElement\":[{\"@type\":\"ListItem\",\"@id\":\"https:\\\/\\\/eldigitaldeasturias.com\\\/magazine365#listItem\",\"position\":1,\"name\":\"Home\",\"item\":\"https:\\\/\\\/eldigitaldeasturias.com\\\/magazine365\",\"nextItem\":{\"@type\":\"ListItem\",\"@id\":\"https:\\\/\\\/eldigitaldeasturias.com\\\/magazine365\\\/category\\\/noticias-actualidad\\\/#listItem\",\"name\":\"Noticias y Actualidad\"}},{\"@type\":\"ListItem\",\"@id\":\"https:\\\/\\\/eldigitaldeasturias.com\\\/magazine365\\\/category\\\/noticias-actualidad\\\/#listItem\",\"position\":2,\"name\":\"Noticias y Actualidad\",\"item\":\"https:\\\/\\\/eldigitaldeasturias.com\\\/magazine365\\\/category\\\/noticias-actualidad\\\/\",\"nextItem\":{\"@type\":\"ListItem\",\"@id\":\"https:\\\/\\\/eldigitaldeasturias.com\\\/magazine365\\\/turismo-costa-del-sol-intensifica-sus-acciones-promocionales-en-el-magreb\\\/#listItem\",\"name\":\"Turismo Costa del Sol intensifica sus acciones promocionales en el Magreb\"},\"previousItem\":{\"@type\":\"ListItem\",\"@id\":\"https:\\\/\\\/eldigitaldeasturias.com\\\/magazine365#listItem\",\"name\":\"Home\"}},{\"@type\":\"ListItem\",\"@id\":\"https:\\\/\\\/eldigitaldeasturias.com\\\/magazine365\\\/turismo-costa-del-sol-intensifica-sus-acciones-promocionales-en-el-magreb\\\/#listItem\",\"position\":3,\"name\":\"Turismo Costa del Sol intensifica sus acciones promocionales en el Magreb\",\"previousItem\":{\"@type\":\"ListItem\",\"@id\":\"https:\\\/\\\/eldigitaldeasturias.com\\\/magazine365\\\/category\\\/noticias-actualidad\\\/#listItem\",\"name\":\"Noticias y Actualidad\"}}]},{\"@type\":\"Organization\",\"@id\":\"https:\\\/\\\/eldigitaldeasturias.com\\\/magazine365\\\/#organization\",\"name\":\"El digital de Asturias\",\"description\":\"Revista de ocio, turismo y estilo de vida\",\"url\":\"https:\\\/\\\/eldigitaldeasturias.com\\\/magazine365\\\/\",\"logo\":{\"@type\":\"ImageObject\",\"url\":\"https:\\\/\\\/www.eldigitaldeasturias.com\\\/noticias\\\/wp-content\\\/uploads\\\/2020\\\/12\\\/EDA.jpg\",\"@id\":\"https:\\\/\\\/eldigitaldeasturias.com\\\/magazine365\\\/turismo-costa-del-sol-intensifica-sus-acciones-promocionales-en-el-magreb\\\/#organizationLogo\"},\"image\":{\"@id\":\"https:\\\/\\\/eldigitaldeasturias.com\\\/magazine365\\\/turismo-costa-del-sol-intensifica-sus-acciones-promocionales-en-el-magreb\\\/#organizationLogo\"}},{\"@type\":\"Person\",\"@id\":\"https:\\\/\\\/eldigitaldeasturias.com\\\/magazine365\\\/author\\\/admin\\\/#author\",\"url\":\"https:\\\/\\\/eldigitaldeasturias.com\\\/magazine365\\\/author\\\/admin\\\/\",\"name\":\"admin\",\"image\":{\"@type\":\"ImageObject\",\"@id\":\"https:\\\/\\\/eldigitaldeasturias.com\\\/magazine365\\\/turismo-costa-del-sol-intensifica-sus-acciones-promocionales-en-el-magreb\\\/#authorImage\",\"url\":\"https:\\\/\\\/eldigitaldeasturias.com\\\/magazine365\\\/wp-content\\\/litespeed\\\/avatar\\\/e571bcf59a0edd6fa6838245a470f2fe.jpg?ver=1776969259\",\"width\":96,\"height\":96,\"caption\":\"admin\"}},{\"@type\":\"WebPage\",\"@id\":\"https:\\\/\\\/eldigitaldeasturias.com\\\/magazine365\\\/turismo-costa-del-sol-intensifica-sus-acciones-promocionales-en-el-magreb\\\/#webpage\",\"url\":\"https:\\\/\\\/eldigitaldeasturias.com\\\/magazine365\\\/turismo-costa-del-sol-intensifica-sus-acciones-promocionales-en-el-magreb\\\/\",\"name\":\"Turismo Costa del Sol intensifica sus acciones promocionales en el Magreb | El Digital de Asturias\",\"description\":\"Turismo Costa del Sol contin\\u00faa reforzando la presencia del destino en el Magreb, \\\"un lugar potencialmente muy interesante por su cercan\\u00eda a la provincia de M\\u00e1laga y por la vinculaci\\u00f3n hist\\u00f3rica y cultural que ha existido entre el norte de \\u00c1frica y el sur de Espa\\u00f1a en distintas etapas de la historia\\\", seg\\u00fan ha informado\",\"inLanguage\":\"es-ES\",\"isPartOf\":{\"@id\":\"https:\\\/\\\/eldigitaldeasturias.com\\\/magazine365\\\/#website\"},\"breadcrumb\":{\"@id\":\"https:\\\/\\\/eldigitaldeasturias.com\\\/magazine365\\\/turismo-costa-del-sol-intensifica-sus-acciones-promocionales-en-el-magreb\\\/#breadcrumblist\"},\"author\":{\"@id\":\"https:\\\/\\\/eldigitaldeasturias.com\\\/magazine365\\\/author\\\/admin\\\/#author\"},\"creator\":{\"@id\":\"https:\\\/\\\/eldigitaldeasturias.com\\\/magazine365\\\/author\\\/admin\\\/#author\"},\"image\":{\"@type\":\"ImageObject\",\"url\":\"https:\\\/\\\/eldigitaldeasturias.com\\\/magazine365\\\/wp-content\\\/uploads\\\/2016\\\/06\\\/fotonoticia_20160609173236_800.jpg\",\"@id\":\"https:\\\/\\\/eldigitaldeasturias.com\\\/magazine365\\\/turismo-costa-del-sol-intensifica-sus-acciones-promocionales-en-el-magreb\\\/#mainImage\",\"width\":800,\"height\":511},\"primaryImageOfPage\":{\"@id\":\"https:\\\/\\\/eldigitaldeasturias.com\\\/magazine365\\\/turismo-costa-del-sol-intensifica-sus-acciones-promocionales-en-el-magreb\\\/#mainImage\"},\"datePublished\":\"2016-06-09T19:19:31+02:00\",\"dateModified\":\"2016-06-09T19:19:31+02:00\"},{\"@type\":\"WebSite\",\"@id\":\"https:\\\/\\\/eldigitaldeasturias.com\\\/magazine365\\\/#website\",\"url\":\"https:\\\/\\\/eldigitaldeasturias.com\\\/magazine365\\\/\",\"name\":\"El Digital de Asturias\",\"description\":\"Revista de ocio, turismo y estilo de vida\",\"inLanguage\":\"es-ES\",\"publisher\":{\"@id\":\"https:\\\/\\\/eldigitaldeasturias.com\\\/magazine365\\\/#organization\"}}]}\n\t\t<\/script>\n\t\t<!-- All in One SEO Pro -->\r\n\t\t<title>Turismo Costa del Sol intensifica sus acciones promocionales en el Magreb | El Digital de Asturias<\/title>\n\n","aioseo_head_json":{"title":"Turismo Costa del Sol intensifica sus acciones promocionales en el Magreb | El Digital de Asturias","description":"Turismo Costa del Sol contin\u00faa reforzando la presencia del destino en el Magreb, \"un lugar potencialmente muy interesante por su cercan\u00eda a la provincia de M\u00e1laga y por la vinculaci\u00f3n hist\u00f3rica y cultural que ha existido entre el norte de \u00c1frica y el sur de Espa\u00f1a en distintas etapas de la historia\", seg\u00fan ha informado","canonical_url":"https:\/\/eldigitaldeasturias.com\/magazine365\/turismo-costa-del-sol-intensifica-sus-acciones-promocionales-en-el-magreb\/","robots":"max-image-preview:large","keywords":"noticias y actualidad","webmasterTools":{"google-site-verification":"UA-38556648-1","miscellaneous":""},"schema":{"@context":"https:\/\/schema.org","@graph":[{"@type":"Article","@id":"https:\/\/eldigitaldeasturias.com\/magazine365\/turismo-costa-del-sol-intensifica-sus-acciones-promocionales-en-el-magreb\/#article","name":"Turismo Costa del Sol intensifica sus acciones promocionales en el Magreb | El Digital de Asturias","headline":"Turismo Costa del Sol intensifica sus acciones promocionales en el Magreb","author":{"@id":"https:\/\/eldigitaldeasturias.com\/magazine365\/author\/admin\/#author"},"publisher":{"@id":"https:\/\/eldigitaldeasturias.com\/magazine365\/#organization"},"image":{"@type":"ImageObject","url":"https:\/\/eldigitaldeasturias.com\/magazine365\/wp-content\/uploads\/2016\/06\/fotonoticia_20160609173236_800.jpg","width":800,"height":511},"datePublished":"2016-06-09T19:19:31+02:00","dateModified":"2016-06-09T19:19:31+02:00","inLanguage":"es-ES","mainEntityOfPage":{"@id":"https:\/\/eldigitaldeasturias.com\/magazine365\/turismo-costa-del-sol-intensifica-sus-acciones-promocionales-en-el-magreb\/#webpage"},"isPartOf":{"@id":"https:\/\/eldigitaldeasturias.com\/magazine365\/turismo-costa-del-sol-intensifica-sus-acciones-promocionales-en-el-magreb\/#webpage"},"articleSection":"Noticias y Actualidad"},{"@type":"BreadcrumbList","@id":"https:\/\/eldigitaldeasturias.com\/magazine365\/turismo-costa-del-sol-intensifica-sus-acciones-promocionales-en-el-magreb\/#breadcrumblist","itemListElement":[{"@type":"ListItem","@id":"https:\/\/eldigitaldeasturias.com\/magazine365#listItem","position":1,"name":"Home","item":"https:\/\/eldigitaldeasturias.com\/magazine365","nextItem":{"@type":"ListItem","@id":"https:\/\/eldigitaldeasturias.com\/magazine365\/category\/noticias-actualidad\/#listItem","name":"Noticias y Actualidad"}},{"@type":"ListItem","@id":"https:\/\/eldigitaldeasturias.com\/magazine365\/category\/noticias-actualidad\/#listItem","position":2,"name":"Noticias y Actualidad","item":"https:\/\/eldigitaldeasturias.com\/magazine365\/category\/noticias-actualidad\/","nextItem":{"@type":"ListItem","@id":"https:\/\/eldigitaldeasturias.com\/magazine365\/turismo-costa-del-sol-intensifica-sus-acciones-promocionales-en-el-magreb\/#listItem","name":"Turismo Costa del Sol intensifica sus acciones promocionales en el Magreb"},"previousItem":{"@type":"ListItem","@id":"https:\/\/eldigitaldeasturias.com\/magazine365#listItem","name":"Home"}},{"@type":"ListItem","@id":"https:\/\/eldigitaldeasturias.com\/magazine365\/turismo-costa-del-sol-intensifica-sus-acciones-promocionales-en-el-magreb\/#listItem","position":3,"name":"Turismo Costa del Sol intensifica sus acciones promocionales en el Magreb","previousItem":{"@type":"ListItem","@id":"https:\/\/eldigitaldeasturias.com\/magazine365\/category\/noticias-actualidad\/#listItem","name":"Noticias y Actualidad"}}]},{"@type":"Organization","@id":"https:\/\/eldigitaldeasturias.com\/magazine365\/#organization","name":"El digital de Asturias","description":"Revista de ocio, turismo y estilo de vida","url":"https:\/\/eldigitaldeasturias.com\/magazine365\/","logo":{"@type":"ImageObject","url":"https:\/\/www.eldigitaldeasturias.com\/noticias\/wp-content\/uploads\/2020\/12\/EDA.jpg","@id":"https:\/\/eldigitaldeasturias.com\/magazine365\/turismo-costa-del-sol-intensifica-sus-acciones-promocionales-en-el-magreb\/#organizationLogo"},"image":{"@id":"https:\/\/eldigitaldeasturias.com\/magazine365\/turismo-costa-del-sol-intensifica-sus-acciones-promocionales-en-el-magreb\/#organizationLogo"}},{"@type":"Person","@id":"https:\/\/eldigitaldeasturias.com\/magazine365\/author\/admin\/#author","url":"https:\/\/eldigitaldeasturias.com\/magazine365\/author\/admin\/","name":"admin","image":{"@type":"ImageObject","@id":"https:\/\/eldigitaldeasturias.com\/magazine365\/turismo-costa-del-sol-intensifica-sus-acciones-promocionales-en-el-magreb\/#authorImage","url":"https:\/\/eldigitaldeasturias.com\/magazine365\/wp-content\/litespeed\/avatar\/e571bcf59a0edd6fa6838245a470f2fe.jpg?ver=1776969259","width":96,"height":96,"caption":"admin"}},{"@type":"WebPage","@id":"https:\/\/eldigitaldeasturias.com\/magazine365\/turismo-costa-del-sol-intensifica-sus-acciones-promocionales-en-el-magreb\/#webpage","url":"https:\/\/eldigitaldeasturias.com\/magazine365\/turismo-costa-del-sol-intensifica-sus-acciones-promocionales-en-el-magreb\/","name":"Turismo Costa del Sol intensifica sus acciones promocionales en el Magreb | El Digital de Asturias","description":"Turismo Costa del Sol contin\u00faa reforzando la presencia del destino en el Magreb, \"un lugar potencialmente muy interesante por su cercan\u00eda a la provincia de M\u00e1laga y por la vinculaci\u00f3n hist\u00f3rica y cultural que ha existido entre el norte de \u00c1frica y el sur de Espa\u00f1a en distintas etapas de la historia\", seg\u00fan ha informado","inLanguage":"es-ES","isPartOf":{"@id":"https:\/\/eldigitaldeasturias.com\/magazine365\/#website"},"breadcrumb":{"@id":"https:\/\/eldigitaldeasturias.com\/magazine365\/turismo-costa-del-sol-intensifica-sus-acciones-promocionales-en-el-magreb\/#breadcrumblist"},"author":{"@id":"https:\/\/eldigitaldeasturias.com\/magazine365\/author\/admin\/#author"},"creator":{"@id":"https:\/\/eldigitaldeasturias.com\/magazine365\/author\/admin\/#author"},"image":{"@type":"ImageObject","url":"https:\/\/eldigitaldeasturias.com\/magazine365\/wp-content\/uploads\/2016\/06\/fotonoticia_20160609173236_800.jpg","@id":"https:\/\/eldigitaldeasturias.com\/magazine365\/turismo-costa-del-sol-intensifica-sus-acciones-promocionales-en-el-magreb\/#mainImage","width":800,"height":511},"primaryImageOfPage":{"@id":"https:\/\/eldigitaldeasturias.com\/magazine365\/turismo-costa-del-sol-intensifica-sus-acciones-promocionales-en-el-magreb\/#mainImage"},"datePublished":"2016-06-09T19:19:31+02:00","dateModified":"2016-06-09T19:19:31+02:00"},{"@type":"WebSite","@id":"https:\/\/eldigitaldeasturias.com\/magazine365\/#website","url":"https:\/\/eldigitaldeasturias.com\/magazine365\/","name":"El Digital de Asturias","description":"Revista de ocio, turismo y estilo de vida","inLanguage":"es-ES","publisher":{"@id":"https:\/\/eldigitaldeasturias.com\/magazine365\/#organization"}}]},"og:locale":"es_ES","og:site_name":"El Digital de Asturias \u2013 Revista de ocio, turismo y estilo de vida","og:type":"article","og:title":"Turismo Costa del Sol intensifica sus acciones promocionales en el Magreb | El Digital de Asturias","og:description":"Turismo Costa del Sol contin\u00faa reforzando la presencia del destino en el Magreb, &quot;un lugar potencialmente muy interesante por su cercan\u00eda a la provincia de M\u00e1laga y por la vinculaci\u00f3n hist\u00f3rica y cultural que ha existido entre el norte de \u00c1frica y el sur de Espa\u00f1a en distintas etapas de la historia&quot;, seg\u00fan ha informado","og:url":"https:\/\/eldigitaldeasturias.com\/magazine365\/turismo-costa-del-sol-intensifica-sus-acciones-promocionales-en-el-magreb\/","og:image":"https:\/\/eldigitaldeasturias.com\/magazine365\/wp-content\/uploads\/2016\/06\/fotonoticia_20160609173236_800.jpg","og:image:secure_url":"https:\/\/eldigitaldeasturias.com\/magazine365\/wp-content\/uploads\/2016\/06\/fotonoticia_20160609173236_800.jpg","og:image:width":800,"og:image:height":511,"article:published_time":"2016-06-09T17:19:31+00:00","article:modified_time":"2016-06-09T17:19:31+00:00","twitter:card":"summary_large_image","twitter:title":"Turismo Costa del Sol intensifica sus acciones promocionales en el Magreb | El Digital de Asturias","twitter:description":"Turismo Costa del Sol contin\u00faa reforzando la presencia del destino en el Magreb, &quot;un lugar potencialmente muy interesante por su cercan\u00eda a la provincia de M\u00e1laga y por la vinculaci\u00f3n hist\u00f3rica y cultural que ha existido entre el norte de \u00c1frica y el sur de Espa\u00f1a en distintas etapas de la historia&quot;, seg\u00fan ha informado","twitter:image":"https:\/\/eldigitaldeasturias.com\/magazine365\/wp-content\/uploads\/2016\/06\/fotonoticia_20160609173236_800.jpg"},"aioseo_meta_data":{"post_id":"78573","title":null,"description":null,"keywords":null,"keyphrases":null,"primary_term":null,"canonical_url":null,"og_title":null,"og_description":null,"og_object_type":"default","og_image_type":"default","og_image_url":null,"og_image_width":null,"og_image_height":null,"og_image_custom_url":null,"og_image_custom_fields":null,"og_video":null,"og_custom_url":null,"og_article_section":null,"og_article_tags":null,"twitter_use_og":false,"twitter_card":"default","twitter_image_type":"default","twitter_image_url":null,"twitter_image_custom_url":null,"twitter_image_custom_fields":null,"twitter_title":null,"twitter_description":null,"schema":{"blockGraphs":[],"customGraphs":[],"default":{"data":{"Article":[],"Course":[],"Dataset":[],"FAQPage":[],"Movie":[],"Person":[],"Product":[],"ProductReview":[],"Car":[],"Recipe":[],"Service":[],"SoftwareApplication":[],"WebPage":[]},"graphName":"","isEnabled":true},"graphs":[],"defaultGraph":"","defaultPostTypeGraph":""},"schema_type":null,"schema_type_options":null,"pillar_content":false,"robots_default":true,"robots_noindex":false,"robots_noarchive":false,"robots_nosnippet":false,"robots_nofollow":false,"robots_noimageindex":false,"robots_noodp":false,"robots_notranslate":false,"robots_max_snippet":null,"robots_max_videopreview":null,"robots_max_imagepreview":"large","priority":null,"frequency":null,"location":null,"local_seo":null,"seo_analyzer_scan_date":"2025-09-27 17:12:41","breadcrumb_settings":null,"limit_modified_date":false,"open_ai":null,"ai":null,"created":"2021-03-08 18:00:03","updated":"2025-09-27 17:12:41"},"aioseo_breadcrumb":"<div class=\"aioseo-breadcrumbs\"><span class=\"aioseo-breadcrumb\">\n\t<a href=\"https:\/\/eldigitaldeasturias.com\/magazine365\" title=\"Home\">Home<\/a>\n<\/span><span class=\"aioseo-breadcrumb-separator\">\u2013<\/span><span class=\"aioseo-breadcrumb\">\n\t<a href=\"https:\/\/eldigitaldeasturias.com\/magazine365\/category\/noticias-actualidad\/\" title=\"Noticias y Actualidad\">Noticias y Actualidad<\/a>\n<\/span><span class=\"aioseo-breadcrumb-separator\">\u2013<\/span><span class=\"aioseo-breadcrumb\">\n\t<a href=\"https:\/\/eldigitaldeasturias.com\/magazine365\/turismo-costa-del-sol-intensifica-sus-acciones-promocionales-en-el-magreb\/\" title=\"Turismo Costa del Sol intensifica sus acciones promocionales en el Magreb\">Turismo Costa del Sol intensifica sus acciones promocionales en el Magreb<\/a>\n<\/span><\/div>","aioseo_breadcrumb_json":[{"label":"Home","link":"https:\/\/eldigitaldeasturias.com\/magazine365"},{"label":"Noticias y Actualidad","link":"https:\/\/eldigitaldeasturias.com\/magazine365\/category\/noticias-actualidad\/"},{"label":"Turismo Costa del Sol intensifica sus acciones promocionales en el Magreb","link":"https:\/\/eldigitaldeasturias.com\/magazine365\/turismo-costa-del-sol-intensifica-sus-acciones-promocionales-en-el-magreb\/"}],"_links":{"self":[{"href":"https:\/\/eldigitaldeasturias.com\/magazine365\/wp-json\/wp\/v2\/posts\/78573","targetHints":{"allow":["GET"]}}],"collection":[{"href":"https:\/\/eldigitaldeasturias.com\/magazine365\/wp-json\/wp\/v2\/posts"}],"about":[{"href":"https:\/\/eldigitaldeasturias.com\/magazine365\/wp-json\/wp\/v2\/types\/post"}],"author":[{"embeddable":true,"href":"https:\/\/eldigitaldeasturias.com\/magazine365\/wp-json\/wp\/v2\/users\/1"}],"replies":[{"embeddable":true,"href":"https:\/\/eldigitaldeasturias.com\/magazine365\/wp-json\/wp\/v2\/comments?post=78573"}],"version-history":[{"count":0,"href":"https:\/\/eldigitaldeasturias.com\/magazine365\/wp-json\/wp\/v2\/posts\/78573\/revisions"}],"wp:featuredmedia":[{"embeddable":true,"href":"https:\/\/eldigitaldeasturias.com\/magazine365\/wp-json\/wp\/v2\/media\/78574"}],"wp:attachment":[{"href":"https:\/\/eldigitaldeasturias.com\/magazine365\/wp-json\/wp\/v2\/media?parent=78573"}],"wp:term":[{"taxonomy":"category","embeddable":true,"href":"https:\/\/eldigitaldeasturias.com\/magazine365\/wp-json\/wp\/v2\/categories?post=78573"},{"taxonomy":"post_tag","embeddable":true,"href":"https:\/\/eldigitaldeasturias.com\/magazine365\/wp-json\/wp\/v2\/tags?post=78573"}],"curies":[{"name":"wp","href":"https:\/\/api.w.org\/{rel}","templated":true}]}}