{"id":78557,"date":"2016-06-09T19:12:09","date_gmt":"2016-06-09T17:12:09","guid":{"rendered":"http:\/\/eldigitaldeasturias.com\/magazine365\/?p=78557"},"modified":"2016-06-09T19:12:09","modified_gmt":"2016-06-09T17:12:09","slug":"pastor-pide-a-carmena-una-reflexion-sobre-la-operacion-chamartin","status":"publish","type":"post","link":"https:\/\/eldigitaldeasturias.com\/magazine365\/pastor-pide-a-carmena-una-reflexion-sobre-la-operacion-chamartin\/","title":{"rendered":"Pastor pide a Carmena una reflexi\u00f3n sobre la Operaci\u00f3n Chamart\u00edn"},"content":{"rendered":"<p><img fetchpriority=\"high\" decoding=\"async\" class=\"alignleft size-medium wp-image-78558\" src=\"https:\/\/eldigitaldeasturias.com\/magazine365\/wp-content\/uploads\/2016\/06\/fotonoticia_20160609171930_800-360x260.jpg\" alt=\"fotonoticia_20160609171930_800\" width=\"360\" height=\"260\" srcset=\"https:\/\/eldigitaldeasturias.com\/magazine365\/wp-content\/uploads\/2016\/06\/fotonoticia_20160609171930_800-360x260.jpg 360w, https:\/\/eldigitaldeasturias.com\/magazine365\/wp-content\/uploads\/2016\/06\/fotonoticia_20160609171930_800-650x469.jpg 650w, https:\/\/eldigitaldeasturias.com\/magazine365\/wp-content\/uploads\/2016\/06\/fotonoticia_20160609171930_800-768x554.jpg 768w, https:\/\/eldigitaldeasturias.com\/magazine365\/wp-content\/uploads\/2016\/06\/fotonoticia_20160609171930_800-150x108.jpg 150w, https:\/\/eldigitaldeasturias.com\/magazine365\/wp-content\/uploads\/2016\/06\/fotonoticia_20160609171930_800-450x325.jpg 450w, https:\/\/eldigitaldeasturias.com\/magazine365\/wp-content\/uploads\/2016\/06\/fotonoticia_20160609171930_800.jpg 800w\" sizes=\"(max-width: 360px) 100vw, 360px\" \/>La ministra de Fomento en funciones, Ana Pastor, ha insistido en pedir a la alcaldesa de Madrid, Manuela Carmena, que \u00abreflexione\u00bb sobre su rechazo al proyecto Castellana Norte, al considerar que \u00abes bueno para la capital y para todos\u00bb.<\/p>\n<p>Pastor reconoci\u00f3 que este plan de ampliaci\u00f3n del Paseo de la Castellana de Madrid hacia el Norte \u00abes un proyecto complicado, que se ha complicado mucho m\u00e1s\u00bb.<\/p>\n<p>No obstante, llam\u00f3 a todas las partes a \u00abreflexionar sobre lo que es mejor para Madrid\u00bb, toda vez que este mi\u00e9rcoles concluy\u00f3 sin acuerdo una segunda reuni\u00f3n en el Ministerio de Fomento de todas las partes implicadas en el proyecto.<\/p>\n<p>El Ayuntamiento de Madrid mantiene su rechazo a la denominada &#8216;Operaci\u00f3n Chamart\u00edn, un plan para cubrir las v\u00edas de la estaci\u00f3n de tren y construir en colaboraci\u00f3n con la iniciativa privada (BBVA y Grupo San Jos\u00e9) unas 17.000 viviendas, zonas verdes e infraestructuras en la zona Norte de la capital.<\/p>\n<p>El Consistorio propone un plan alternativo, que contempla un menor n\u00famero de viviendas (unas 4.500) y que, seg\u00fan Pastor, requiere modificar el Plan de Ordenaci\u00f3n Urbana de Madrid.<\/p>\n<p>As\u00ed, seg\u00fan la ministra, adem\u00e1s de ser una propuesta que requerir\u00eda de aportaci\u00f3n de los madrile\u00f1os a trav\u00e9s de impuestos, llevar\u00eda dos o tres a\u00f1os el poder empezar a acometerla.<\/p>\n<p>\u00abEl Ayuntamiento se ha cargado el plan y ha presentado un documento, que ni siquiera es un plan, que va en contra del Plan de Ordenaci\u00f3n Urbana de Madrid, con lo que habr\u00eda que cambiarlo\u00bb, destac\u00f3 Pastor durante una intervenci\u00f3n en el Club Siglo XXI.<\/p>\n<p>\u00abParece que intentan colocar el discurso f\u00e1cil de que los de centro-derecha quieren viviendas mientras ellos est\u00e1n del lado de los ciudadanos\u00bb, critic\u00f3 la ministra.<\/p>\n<p>\u00abPero todos debemos reflexionar sobre lo que es mejor para Madrid, y para una zona en la que adem\u00e1s de cubrirse la playa de v\u00edas de Chamart\u00edn se construir\u00edan nuevas viviendas, conexiones de carreteras y zonas verdes y, adem\u00e1s, sin pedir dinero a los ciudadanos\u00bb, insisti\u00f3.<\/p>\n<p>En este punto, Pastor revel\u00f3 que durante la reuni\u00f3n en Fomento de todas las partes involucradas en el plan \u00abhasta en cuatro ocasiones\u00bb pregunt\u00f3 a Carmena por qu\u00e9 no le gusta el plan y, seg\u00fan Pastor, \u00abno fue capaz de responder\u00bb. \u00abSer\u00eda bueno que todos reflexion\u00e1semos\u00bb, insisti\u00f3.<\/p>\n<p>Las partes implicadas en la &#8216;Operaci\u00f3n Chamart\u00edn&#8217; son las tres administraciones (Ministerio de Fomento, Comunidad de Madrid, Ayuntamiento) y la empresa promotora Distrito Castellana Norte, participada por BBVA y el grupo constructor San Jos\u00e9.<\/p>\n","protected":false},"excerpt":{"rendered":"<p>La ministra de Fomento en funciones, Ana Pastor, ha insistido en pedir a la alcaldesa de Madrid, Manuela Carmena, que \u00abreflexione\u00bb sobre su rechazo al proyecto Castellana Norte, al considerar que \u00abes bueno para la capital y para todos\u00bb. Pastor reconoci\u00f3 que este plan de ampliaci\u00f3n del Paseo de la Castellana de Madrid hacia el<\/p>\n","protected":false},"author":1,"featured_media":78558,"comment_status":"open","ping_status":"closed","sticky":false,"template":"","format":"standard","meta":{"footnotes":""},"categories":[224],"tags":[],"class_list":{"0":"post-78557","1":"post","2":"type-post","3":"status-publish","4":"format-standard","5":"has-post-thumbnail","7":"category-noticias-actualidad"},"aioseo_notices":[],"aioseo_head":"\n\t\t<!-- All in One SEO Pro 4.9.6.1 - aioseo.com -->\n\t<meta name=\"description\" content=\"La ministra de Fomento en funciones, Ana Pastor, ha insistido en pedir a la alcaldesa de Madrid, Manuela Carmena, que &quot;reflexione&quot; sobre su rechazo al proyecto Castellana Norte, al considerar que &quot;es bueno para la capital y para todos&quot;. Pastor reconoci\u00f3 que este plan de ampliaci\u00f3n del Paseo de la Castellana de Madrid hacia el\" \/>\n\t<meta name=\"robots\" content=\"max-image-preview:large\" \/>\n\t<meta name=\"author\" content=\"admin\"\/>\n\t<meta name=\"google-site-verification\" content=\"UA-38556648-1\" \/>\n\t<meta name=\"keywords\" content=\"noticias y actualidad\" \/>\n\t<link rel=\"canonical\" href=\"https:\/\/eldigitaldeasturias.com\/magazine365\/pastor-pide-a-carmena-una-reflexion-sobre-la-operacion-chamartin\/\" \/>\n\t<meta name=\"generator\" content=\"All in One SEO Pro (AIOSEO) 4.9.6.1\" \/>\n\t\t<meta property=\"og:locale\" content=\"es_ES\" \/>\n\t\t<meta property=\"og:site_name\" content=\"El Digital de Asturias \u2013 Revista de ocio, turismo y estilo de vida\" \/>\n\t\t<meta property=\"og:type\" content=\"article\" \/>\n\t\t<meta property=\"og:title\" content=\"Pastor pide a Carmena una reflexi\u00f3n sobre la Operaci\u00f3n Chamart\u00edn | El Digital de Asturias\" \/>\n\t\t<meta property=\"og:description\" content=\"La ministra de Fomento en funciones, Ana Pastor, ha insistido en pedir a la alcaldesa de Madrid, Manuela Carmena, que &quot;reflexione&quot; sobre su rechazo al proyecto Castellana Norte, al considerar que &quot;es bueno para la capital y para todos&quot;. Pastor reconoci\u00f3 que este plan de ampliaci\u00f3n del Paseo de la Castellana de Madrid hacia el\" \/>\n\t\t<meta property=\"og:url\" content=\"https:\/\/eldigitaldeasturias.com\/magazine365\/pastor-pide-a-carmena-una-reflexion-sobre-la-operacion-chamartin\/\" \/>\n\t\t<meta property=\"og:image\" content=\"https:\/\/eldigitaldeasturias.com\/magazine365\/wp-content\/uploads\/2016\/06\/fotonoticia_20160609171930_800.jpg\" \/>\n\t\t<meta property=\"og:image:secure_url\" content=\"https:\/\/eldigitaldeasturias.com\/magazine365\/wp-content\/uploads\/2016\/06\/fotonoticia_20160609171930_800.jpg\" \/>\n\t\t<meta property=\"og:image:width\" content=\"800\" \/>\n\t\t<meta property=\"og:image:height\" content=\"577\" \/>\n\t\t<meta property=\"article:published_time\" content=\"2016-06-09T17:12:09+00:00\" \/>\n\t\t<meta property=\"article:modified_time\" content=\"2016-06-09T17:12:09+00:00\" \/>\n\t\t<meta name=\"twitter:card\" content=\"summary_large_image\" \/>\n\t\t<meta name=\"twitter:title\" content=\"Pastor pide a Carmena una reflexi\u00f3n sobre la Operaci\u00f3n Chamart\u00edn | El Digital de Asturias\" \/>\n\t\t<meta name=\"twitter:description\" content=\"La ministra de Fomento en funciones, Ana Pastor, ha insistido en pedir a la alcaldesa de Madrid, Manuela Carmena, que &quot;reflexione&quot; sobre su rechazo al proyecto Castellana Norte, al considerar que &quot;es bueno para la capital y para todos&quot;. Pastor reconoci\u00f3 que este plan de ampliaci\u00f3n del Paseo de la Castellana de Madrid hacia el\" \/>\n\t\t<meta name=\"twitter:image\" content=\"https:\/\/eldigitaldeasturias.com\/magazine365\/wp-content\/uploads\/2016\/06\/fotonoticia_20160609171930_800.jpg\" \/>\n\t\t<script type=\"application\/ld+json\" class=\"aioseo-schema\">\n\t\t\t{\"@context\":\"https:\\\/\\\/schema.org\",\"@graph\":[{\"@type\":\"Article\",\"@id\":\"https:\\\/\\\/eldigitaldeasturias.com\\\/magazine365\\\/pastor-pide-a-carmena-una-reflexion-sobre-la-operacion-chamartin\\\/#article\",\"name\":\"Pastor pide a Carmena una reflexi\\u00f3n sobre la Operaci\\u00f3n Chamart\\u00edn | El Digital de Asturias\",\"headline\":\"Pastor pide a Carmena una reflexi\\u00f3n sobre la Operaci\\u00f3n Chamart\\u00edn\",\"author\":{\"@id\":\"https:\\\/\\\/eldigitaldeasturias.com\\\/magazine365\\\/author\\\/admin\\\/#author\"},\"publisher\":{\"@id\":\"https:\\\/\\\/eldigitaldeasturias.com\\\/magazine365\\\/#organization\"},\"image\":{\"@type\":\"ImageObject\",\"url\":\"https:\\\/\\\/eldigitaldeasturias.com\\\/magazine365\\\/wp-content\\\/uploads\\\/2016\\\/06\\\/fotonoticia_20160609171930_800.jpg\",\"width\":800,\"height\":577},\"datePublished\":\"2016-06-09T19:12:09+02:00\",\"dateModified\":\"2016-06-09T19:12:09+02:00\",\"inLanguage\":\"es-ES\",\"mainEntityOfPage\":{\"@id\":\"https:\\\/\\\/eldigitaldeasturias.com\\\/magazine365\\\/pastor-pide-a-carmena-una-reflexion-sobre-la-operacion-chamartin\\\/#webpage\"},\"isPartOf\":{\"@id\":\"https:\\\/\\\/eldigitaldeasturias.com\\\/magazine365\\\/pastor-pide-a-carmena-una-reflexion-sobre-la-operacion-chamartin\\\/#webpage\"},\"articleSection\":\"Noticias y Actualidad\"},{\"@type\":\"BreadcrumbList\",\"@id\":\"https:\\\/\\\/eldigitaldeasturias.com\\\/magazine365\\\/pastor-pide-a-carmena-una-reflexion-sobre-la-operacion-chamartin\\\/#breadcrumblist\",\"itemListElement\":[{\"@type\":\"ListItem\",\"@id\":\"https:\\\/\\\/eldigitaldeasturias.com\\\/magazine365#listItem\",\"position\":1,\"name\":\"Home\",\"item\":\"https:\\\/\\\/eldigitaldeasturias.com\\\/magazine365\",\"nextItem\":{\"@type\":\"ListItem\",\"@id\":\"https:\\\/\\\/eldigitaldeasturias.com\\\/magazine365\\\/category\\\/noticias-actualidad\\\/#listItem\",\"name\":\"Noticias y Actualidad\"}},{\"@type\":\"ListItem\",\"@id\":\"https:\\\/\\\/eldigitaldeasturias.com\\\/magazine365\\\/category\\\/noticias-actualidad\\\/#listItem\",\"position\":2,\"name\":\"Noticias y Actualidad\",\"item\":\"https:\\\/\\\/eldigitaldeasturias.com\\\/magazine365\\\/category\\\/noticias-actualidad\\\/\",\"nextItem\":{\"@type\":\"ListItem\",\"@id\":\"https:\\\/\\\/eldigitaldeasturias.com\\\/magazine365\\\/pastor-pide-a-carmena-una-reflexion-sobre-la-operacion-chamartin\\\/#listItem\",\"name\":\"Pastor pide a Carmena una reflexi\\u00f3n sobre la Operaci\\u00f3n Chamart\\u00edn\"},\"previousItem\":{\"@type\":\"ListItem\",\"@id\":\"https:\\\/\\\/eldigitaldeasturias.com\\\/magazine365#listItem\",\"name\":\"Home\"}},{\"@type\":\"ListItem\",\"@id\":\"https:\\\/\\\/eldigitaldeasturias.com\\\/magazine365\\\/pastor-pide-a-carmena-una-reflexion-sobre-la-operacion-chamartin\\\/#listItem\",\"position\":3,\"name\":\"Pastor pide a Carmena una reflexi\\u00f3n sobre la Operaci\\u00f3n Chamart\\u00edn\",\"previousItem\":{\"@type\":\"ListItem\",\"@id\":\"https:\\\/\\\/eldigitaldeasturias.com\\\/magazine365\\\/category\\\/noticias-actualidad\\\/#listItem\",\"name\":\"Noticias y Actualidad\"}}]},{\"@type\":\"Organization\",\"@id\":\"https:\\\/\\\/eldigitaldeasturias.com\\\/magazine365\\\/#organization\",\"name\":\"El digital de Asturias\",\"description\":\"Revista de ocio, turismo y estilo de vida\",\"url\":\"https:\\\/\\\/eldigitaldeasturias.com\\\/magazine365\\\/\",\"logo\":{\"@type\":\"ImageObject\",\"url\":\"https:\\\/\\\/www.eldigitaldeasturias.com\\\/noticias\\\/wp-content\\\/uploads\\\/2020\\\/12\\\/EDA.jpg\",\"@id\":\"https:\\\/\\\/eldigitaldeasturias.com\\\/magazine365\\\/pastor-pide-a-carmena-una-reflexion-sobre-la-operacion-chamartin\\\/#organizationLogo\"},\"image\":{\"@id\":\"https:\\\/\\\/eldigitaldeasturias.com\\\/magazine365\\\/pastor-pide-a-carmena-una-reflexion-sobre-la-operacion-chamartin\\\/#organizationLogo\"}},{\"@type\":\"Person\",\"@id\":\"https:\\\/\\\/eldigitaldeasturias.com\\\/magazine365\\\/author\\\/admin\\\/#author\",\"url\":\"https:\\\/\\\/eldigitaldeasturias.com\\\/magazine365\\\/author\\\/admin\\\/\",\"name\":\"admin\",\"image\":{\"@type\":\"ImageObject\",\"@id\":\"https:\\\/\\\/eldigitaldeasturias.com\\\/magazine365\\\/pastor-pide-a-carmena-una-reflexion-sobre-la-operacion-chamartin\\\/#authorImage\",\"url\":\"https:\\\/\\\/eldigitaldeasturias.com\\\/magazine365\\\/wp-content\\\/litespeed\\\/avatar\\\/e571bcf59a0edd6fa6838245a470f2fe.jpg?ver=1776969259\",\"width\":96,\"height\":96,\"caption\":\"admin\"}},{\"@type\":\"WebPage\",\"@id\":\"https:\\\/\\\/eldigitaldeasturias.com\\\/magazine365\\\/pastor-pide-a-carmena-una-reflexion-sobre-la-operacion-chamartin\\\/#webpage\",\"url\":\"https:\\\/\\\/eldigitaldeasturias.com\\\/magazine365\\\/pastor-pide-a-carmena-una-reflexion-sobre-la-operacion-chamartin\\\/\",\"name\":\"Pastor pide a Carmena una reflexi\\u00f3n sobre la Operaci\\u00f3n Chamart\\u00edn | El Digital de Asturias\",\"description\":\"La ministra de Fomento en funciones, Ana Pastor, ha insistido en pedir a la alcaldesa de Madrid, Manuela Carmena, que \\\"reflexione\\\" sobre su rechazo al proyecto Castellana Norte, al considerar que \\\"es bueno para la capital y para todos\\\". Pastor reconoci\\u00f3 que este plan de ampliaci\\u00f3n del Paseo de la Castellana de Madrid hacia el\",\"inLanguage\":\"es-ES\",\"isPartOf\":{\"@id\":\"https:\\\/\\\/eldigitaldeasturias.com\\\/magazine365\\\/#website\"},\"breadcrumb\":{\"@id\":\"https:\\\/\\\/eldigitaldeasturias.com\\\/magazine365\\\/pastor-pide-a-carmena-una-reflexion-sobre-la-operacion-chamartin\\\/#breadcrumblist\"},\"author\":{\"@id\":\"https:\\\/\\\/eldigitaldeasturias.com\\\/magazine365\\\/author\\\/admin\\\/#author\"},\"creator\":{\"@id\":\"https:\\\/\\\/eldigitaldeasturias.com\\\/magazine365\\\/author\\\/admin\\\/#author\"},\"image\":{\"@type\":\"ImageObject\",\"url\":\"https:\\\/\\\/eldigitaldeasturias.com\\\/magazine365\\\/wp-content\\\/uploads\\\/2016\\\/06\\\/fotonoticia_20160609171930_800.jpg\",\"@id\":\"https:\\\/\\\/eldigitaldeasturias.com\\\/magazine365\\\/pastor-pide-a-carmena-una-reflexion-sobre-la-operacion-chamartin\\\/#mainImage\",\"width\":800,\"height\":577},\"primaryImageOfPage\":{\"@id\":\"https:\\\/\\\/eldigitaldeasturias.com\\\/magazine365\\\/pastor-pide-a-carmena-una-reflexion-sobre-la-operacion-chamartin\\\/#mainImage\"},\"datePublished\":\"2016-06-09T19:12:09+02:00\",\"dateModified\":\"2016-06-09T19:12:09+02:00\"},{\"@type\":\"WebSite\",\"@id\":\"https:\\\/\\\/eldigitaldeasturias.com\\\/magazine365\\\/#website\",\"url\":\"https:\\\/\\\/eldigitaldeasturias.com\\\/magazine365\\\/\",\"name\":\"El Digital de Asturias\",\"description\":\"Revista de ocio, turismo y estilo de vida\",\"inLanguage\":\"es-ES\",\"publisher\":{\"@id\":\"https:\\\/\\\/eldigitaldeasturias.com\\\/magazine365\\\/#organization\"}}]}\n\t\t<\/script>\n\t\t<!-- All in One SEO Pro -->\r\n\t\t<title>Pastor pide a Carmena una reflexi\u00f3n sobre la Operaci\u00f3n Chamart\u00edn | El Digital de Asturias<\/title>\n\n","aioseo_head_json":{"title":"Pastor pide a Carmena una reflexi\u00f3n sobre la Operaci\u00f3n Chamart\u00edn | El Digital de Asturias","description":"La ministra de Fomento en funciones, Ana Pastor, ha insistido en pedir a la alcaldesa de Madrid, Manuela Carmena, que \"reflexione\" sobre su rechazo al proyecto Castellana Norte, al considerar que \"es bueno para la capital y para todos\". Pastor reconoci\u00f3 que este plan de ampliaci\u00f3n del Paseo de la Castellana de Madrid hacia el","canonical_url":"https:\/\/eldigitaldeasturias.com\/magazine365\/pastor-pide-a-carmena-una-reflexion-sobre-la-operacion-chamartin\/","robots":"max-image-preview:large","keywords":"noticias y actualidad","webmasterTools":{"google-site-verification":"UA-38556648-1","miscellaneous":""},"schema":{"@context":"https:\/\/schema.org","@graph":[{"@type":"Article","@id":"https:\/\/eldigitaldeasturias.com\/magazine365\/pastor-pide-a-carmena-una-reflexion-sobre-la-operacion-chamartin\/#article","name":"Pastor pide a Carmena una reflexi\u00f3n sobre la Operaci\u00f3n Chamart\u00edn | El Digital de Asturias","headline":"Pastor pide a Carmena una reflexi\u00f3n sobre la Operaci\u00f3n Chamart\u00edn","author":{"@id":"https:\/\/eldigitaldeasturias.com\/magazine365\/author\/admin\/#author"},"publisher":{"@id":"https:\/\/eldigitaldeasturias.com\/magazine365\/#organization"},"image":{"@type":"ImageObject","url":"https:\/\/eldigitaldeasturias.com\/magazine365\/wp-content\/uploads\/2016\/06\/fotonoticia_20160609171930_800.jpg","width":800,"height":577},"datePublished":"2016-06-09T19:12:09+02:00","dateModified":"2016-06-09T19:12:09+02:00","inLanguage":"es-ES","mainEntityOfPage":{"@id":"https:\/\/eldigitaldeasturias.com\/magazine365\/pastor-pide-a-carmena-una-reflexion-sobre-la-operacion-chamartin\/#webpage"},"isPartOf":{"@id":"https:\/\/eldigitaldeasturias.com\/magazine365\/pastor-pide-a-carmena-una-reflexion-sobre-la-operacion-chamartin\/#webpage"},"articleSection":"Noticias y Actualidad"},{"@type":"BreadcrumbList","@id":"https:\/\/eldigitaldeasturias.com\/magazine365\/pastor-pide-a-carmena-una-reflexion-sobre-la-operacion-chamartin\/#breadcrumblist","itemListElement":[{"@type":"ListItem","@id":"https:\/\/eldigitaldeasturias.com\/magazine365#listItem","position":1,"name":"Home","item":"https:\/\/eldigitaldeasturias.com\/magazine365","nextItem":{"@type":"ListItem","@id":"https:\/\/eldigitaldeasturias.com\/magazine365\/category\/noticias-actualidad\/#listItem","name":"Noticias y Actualidad"}},{"@type":"ListItem","@id":"https:\/\/eldigitaldeasturias.com\/magazine365\/category\/noticias-actualidad\/#listItem","position":2,"name":"Noticias y Actualidad","item":"https:\/\/eldigitaldeasturias.com\/magazine365\/category\/noticias-actualidad\/","nextItem":{"@type":"ListItem","@id":"https:\/\/eldigitaldeasturias.com\/magazine365\/pastor-pide-a-carmena-una-reflexion-sobre-la-operacion-chamartin\/#listItem","name":"Pastor pide a Carmena una reflexi\u00f3n sobre la Operaci\u00f3n Chamart\u00edn"},"previousItem":{"@type":"ListItem","@id":"https:\/\/eldigitaldeasturias.com\/magazine365#listItem","name":"Home"}},{"@type":"ListItem","@id":"https:\/\/eldigitaldeasturias.com\/magazine365\/pastor-pide-a-carmena-una-reflexion-sobre-la-operacion-chamartin\/#listItem","position":3,"name":"Pastor pide a Carmena una reflexi\u00f3n sobre la Operaci\u00f3n Chamart\u00edn","previousItem":{"@type":"ListItem","@id":"https:\/\/eldigitaldeasturias.com\/magazine365\/category\/noticias-actualidad\/#listItem","name":"Noticias y Actualidad"}}]},{"@type":"Organization","@id":"https:\/\/eldigitaldeasturias.com\/magazine365\/#organization","name":"El digital de Asturias","description":"Revista de ocio, turismo y estilo de vida","url":"https:\/\/eldigitaldeasturias.com\/magazine365\/","logo":{"@type":"ImageObject","url":"https:\/\/www.eldigitaldeasturias.com\/noticias\/wp-content\/uploads\/2020\/12\/EDA.jpg","@id":"https:\/\/eldigitaldeasturias.com\/magazine365\/pastor-pide-a-carmena-una-reflexion-sobre-la-operacion-chamartin\/#organizationLogo"},"image":{"@id":"https:\/\/eldigitaldeasturias.com\/magazine365\/pastor-pide-a-carmena-una-reflexion-sobre-la-operacion-chamartin\/#organizationLogo"}},{"@type":"Person","@id":"https:\/\/eldigitaldeasturias.com\/magazine365\/author\/admin\/#author","url":"https:\/\/eldigitaldeasturias.com\/magazine365\/author\/admin\/","name":"admin","image":{"@type":"ImageObject","@id":"https:\/\/eldigitaldeasturias.com\/magazine365\/pastor-pide-a-carmena-una-reflexion-sobre-la-operacion-chamartin\/#authorImage","url":"https:\/\/eldigitaldeasturias.com\/magazine365\/wp-content\/litespeed\/avatar\/e571bcf59a0edd6fa6838245a470f2fe.jpg?ver=1776969259","width":96,"height":96,"caption":"admin"}},{"@type":"WebPage","@id":"https:\/\/eldigitaldeasturias.com\/magazine365\/pastor-pide-a-carmena-una-reflexion-sobre-la-operacion-chamartin\/#webpage","url":"https:\/\/eldigitaldeasturias.com\/magazine365\/pastor-pide-a-carmena-una-reflexion-sobre-la-operacion-chamartin\/","name":"Pastor pide a Carmena una reflexi\u00f3n sobre la Operaci\u00f3n Chamart\u00edn | El Digital de Asturias","description":"La ministra de Fomento en funciones, Ana Pastor, ha insistido en pedir a la alcaldesa de Madrid, Manuela Carmena, que \"reflexione\" sobre su rechazo al proyecto Castellana Norte, al considerar que \"es bueno para la capital y para todos\". Pastor reconoci\u00f3 que este plan de ampliaci\u00f3n del Paseo de la Castellana de Madrid hacia el","inLanguage":"es-ES","isPartOf":{"@id":"https:\/\/eldigitaldeasturias.com\/magazine365\/#website"},"breadcrumb":{"@id":"https:\/\/eldigitaldeasturias.com\/magazine365\/pastor-pide-a-carmena-una-reflexion-sobre-la-operacion-chamartin\/#breadcrumblist"},"author":{"@id":"https:\/\/eldigitaldeasturias.com\/magazine365\/author\/admin\/#author"},"creator":{"@id":"https:\/\/eldigitaldeasturias.com\/magazine365\/author\/admin\/#author"},"image":{"@type":"ImageObject","url":"https:\/\/eldigitaldeasturias.com\/magazine365\/wp-content\/uploads\/2016\/06\/fotonoticia_20160609171930_800.jpg","@id":"https:\/\/eldigitaldeasturias.com\/magazine365\/pastor-pide-a-carmena-una-reflexion-sobre-la-operacion-chamartin\/#mainImage","width":800,"height":577},"primaryImageOfPage":{"@id":"https:\/\/eldigitaldeasturias.com\/magazine365\/pastor-pide-a-carmena-una-reflexion-sobre-la-operacion-chamartin\/#mainImage"},"datePublished":"2016-06-09T19:12:09+02:00","dateModified":"2016-06-09T19:12:09+02:00"},{"@type":"WebSite","@id":"https:\/\/eldigitaldeasturias.com\/magazine365\/#website","url":"https:\/\/eldigitaldeasturias.com\/magazine365\/","name":"El Digital de Asturias","description":"Revista de ocio, turismo y estilo de vida","inLanguage":"es-ES","publisher":{"@id":"https:\/\/eldigitaldeasturias.com\/magazine365\/#organization"}}]},"og:locale":"es_ES","og:site_name":"El Digital de Asturias \u2013 Revista de ocio, turismo y estilo de vida","og:type":"article","og:title":"Pastor pide a Carmena una reflexi\u00f3n sobre la Operaci\u00f3n Chamart\u00edn | El Digital de Asturias","og:description":"La ministra de Fomento en funciones, Ana Pastor, ha insistido en pedir a la alcaldesa de Madrid, Manuela Carmena, que &quot;reflexione&quot; sobre su rechazo al proyecto Castellana Norte, al considerar que &quot;es bueno para la capital y para todos&quot;. Pastor reconoci\u00f3 que este plan de ampliaci\u00f3n del Paseo de la Castellana de Madrid hacia el","og:url":"https:\/\/eldigitaldeasturias.com\/magazine365\/pastor-pide-a-carmena-una-reflexion-sobre-la-operacion-chamartin\/","og:image":"https:\/\/eldigitaldeasturias.com\/magazine365\/wp-content\/uploads\/2016\/06\/fotonoticia_20160609171930_800.jpg","og:image:secure_url":"https:\/\/eldigitaldeasturias.com\/magazine365\/wp-content\/uploads\/2016\/06\/fotonoticia_20160609171930_800.jpg","og:image:width":800,"og:image:height":577,"article:published_time":"2016-06-09T17:12:09+00:00","article:modified_time":"2016-06-09T17:12:09+00:00","twitter:card":"summary_large_image","twitter:title":"Pastor pide a Carmena una reflexi\u00f3n sobre la Operaci\u00f3n Chamart\u00edn | El Digital de Asturias","twitter:description":"La ministra de Fomento en funciones, Ana Pastor, ha insistido en pedir a la alcaldesa de Madrid, Manuela Carmena, que &quot;reflexione&quot; sobre su rechazo al proyecto Castellana Norte, al considerar que &quot;es bueno para la capital y para todos&quot;. Pastor reconoci\u00f3 que este plan de ampliaci\u00f3n del Paseo de la Castellana de Madrid hacia el","twitter:image":"https:\/\/eldigitaldeasturias.com\/magazine365\/wp-content\/uploads\/2016\/06\/fotonoticia_20160609171930_800.jpg"},"aioseo_meta_data":{"post_id":"78557","title":null,"description":null,"keywords":null,"keyphrases":null,"primary_term":null,"canonical_url":null,"og_title":null,"og_description":null,"og_object_type":"default","og_image_type":"default","og_image_url":null,"og_image_width":null,"og_image_height":null,"og_image_custom_url":null,"og_image_custom_fields":null,"og_video":null,"og_custom_url":null,"og_article_section":null,"og_article_tags":null,"twitter_use_og":false,"twitter_card":"default","twitter_image_type":"default","twitter_image_url":null,"twitter_image_custom_url":null,"twitter_image_custom_fields":null,"twitter_title":null,"twitter_description":null,"schema":{"blockGraphs":[],"customGraphs":[],"default":{"data":{"Article":[],"Course":[],"Dataset":[],"FAQPage":[],"Movie":[],"Person":[],"Product":[],"ProductReview":[],"Car":[],"Recipe":[],"Service":[],"SoftwareApplication":[],"WebPage":[]},"graphName":"","isEnabled":true},"graphs":[]},"schema_type":null,"schema_type_options":null,"pillar_content":false,"robots_default":true,"robots_noindex":false,"robots_noarchive":false,"robots_nosnippet":false,"robots_nofollow":false,"robots_noimageindex":false,"robots_noodp":false,"robots_notranslate":false,"robots_max_snippet":null,"robots_max_videopreview":null,"robots_max_imagepreview":"large","priority":null,"frequency":null,"location":null,"local_seo":null,"seo_analyzer_scan_date":"2025-09-27 17:12:36","breadcrumb_settings":null,"limit_modified_date":false,"open_ai":null,"ai":null,"created":"2021-03-08 18:00:03","updated":"2025-09-27 17:12:36"},"aioseo_breadcrumb":"<div class=\"aioseo-breadcrumbs\"><span class=\"aioseo-breadcrumb\">\n\t<a href=\"https:\/\/eldigitaldeasturias.com\/magazine365\" title=\"Home\">Home<\/a>\n<\/span><span class=\"aioseo-breadcrumb-separator\">\u2013<\/span><span class=\"aioseo-breadcrumb\">\n\t<a href=\"https:\/\/eldigitaldeasturias.com\/magazine365\/category\/noticias-actualidad\/\" title=\"Noticias y Actualidad\">Noticias y Actualidad<\/a>\n<\/span><span class=\"aioseo-breadcrumb-separator\">\u2013<\/span><span class=\"aioseo-breadcrumb\">\n\t<a href=\"https:\/\/eldigitaldeasturias.com\/magazine365\/pastor-pide-a-carmena-una-reflexion-sobre-la-operacion-chamartin\/\" title=\"Pastor pide a Carmena una reflexi\u00f3n sobre la Operaci\u00f3n Chamart\u00edn\">Pastor pide a Carmena una reflexi\u00f3n sobre la Operaci\u00f3n Chamart\u00edn<\/a>\n<\/span><\/div>","aioseo_breadcrumb_json":[{"label":"Home","link":"https:\/\/eldigitaldeasturias.com\/magazine365"},{"label":"Noticias y Actualidad","link":"https:\/\/eldigitaldeasturias.com\/magazine365\/category\/noticias-actualidad\/"},{"label":"Pastor pide a Carmena una reflexi\u00f3n sobre la Operaci\u00f3n Chamart\u00edn","link":"https:\/\/eldigitaldeasturias.com\/magazine365\/pastor-pide-a-carmena-una-reflexion-sobre-la-operacion-chamartin\/"}],"_links":{"self":[{"href":"https:\/\/eldigitaldeasturias.com\/magazine365\/wp-json\/wp\/v2\/posts\/78557","targetHints":{"allow":["GET"]}}],"collection":[{"href":"https:\/\/eldigitaldeasturias.com\/magazine365\/wp-json\/wp\/v2\/posts"}],"about":[{"href":"https:\/\/eldigitaldeasturias.com\/magazine365\/wp-json\/wp\/v2\/types\/post"}],"author":[{"embeddable":true,"href":"https:\/\/eldigitaldeasturias.com\/magazine365\/wp-json\/wp\/v2\/users\/1"}],"replies":[{"embeddable":true,"href":"https:\/\/eldigitaldeasturias.com\/magazine365\/wp-json\/wp\/v2\/comments?post=78557"}],"version-history":[{"count":0,"href":"https:\/\/eldigitaldeasturias.com\/magazine365\/wp-json\/wp\/v2\/posts\/78557\/revisions"}],"wp:featuredmedia":[{"embeddable":true,"href":"https:\/\/eldigitaldeasturias.com\/magazine365\/wp-json\/wp\/v2\/media\/78558"}],"wp:attachment":[{"href":"https:\/\/eldigitaldeasturias.com\/magazine365\/wp-json\/wp\/v2\/media?parent=78557"}],"wp:term":[{"taxonomy":"category","embeddable":true,"href":"https:\/\/eldigitaldeasturias.com\/magazine365\/wp-json\/wp\/v2\/categories?post=78557"},{"taxonomy":"post_tag","embeddable":true,"href":"https:\/\/eldigitaldeasturias.com\/magazine365\/wp-json\/wp\/v2\/tags?post=78557"}],"curies":[{"name":"wp","href":"https:\/\/api.w.org\/{rel}","templated":true}]}}