{"id":78551,"date":"2016-06-09T19:09:26","date_gmt":"2016-06-09T17:09:26","guid":{"rendered":"http:\/\/eldigitaldeasturias.com\/magazine365\/?p=78551"},"modified":"2016-06-09T19:09:26","modified_gmt":"2016-06-09T17:09:26","slug":"ayuntamiento-y-aena-quieren-potenciar-el-aeropuerto-de-albacete","status":"publish","type":"post","link":"https:\/\/eldigitaldeasturias.com\/magazine365\/ayuntamiento-y-aena-quieren-potenciar-el-aeropuerto-de-albacete\/","title":{"rendered":"Ayuntamiento y Aena quieren potenciar el aeropuerto de Albacete"},"content":{"rendered":"<p><img fetchpriority=\"high\" decoding=\"async\" class=\"alignleft size-medium wp-image-78552\" src=\"https:\/\/eldigitaldeasturias.com\/magazine365\/wp-content\/uploads\/2016\/06\/fotonoticia_20160609154435_800-360x212.jpg\" alt=\"fotonoticia_20160609154435_800\" width=\"360\" height=\"212\" srcset=\"https:\/\/eldigitaldeasturias.com\/magazine365\/wp-content\/uploads\/2016\/06\/fotonoticia_20160609154435_800-360x212.jpg 360w, https:\/\/eldigitaldeasturias.com\/magazine365\/wp-content\/uploads\/2016\/06\/fotonoticia_20160609154435_800-650x383.jpg 650w, https:\/\/eldigitaldeasturias.com\/magazine365\/wp-content\/uploads\/2016\/06\/fotonoticia_20160609154435_800-768x452.jpg 768w, https:\/\/eldigitaldeasturias.com\/magazine365\/wp-content\/uploads\/2016\/06\/fotonoticia_20160609154435_800-150x88.jpg 150w, https:\/\/eldigitaldeasturias.com\/magazine365\/wp-content\/uploads\/2016\/06\/fotonoticia_20160609154435_800-450x265.jpg 450w, https:\/\/eldigitaldeasturias.com\/magazine365\/wp-content\/uploads\/2016\/06\/fotonoticia_20160609154435_800-172x100.jpg 172w, https:\/\/eldigitaldeasturias.com\/magazine365\/wp-content\/uploads\/2016\/06\/fotonoticia_20160609154435_800.jpg 800w\" sizes=\"(max-width: 360px) 100vw, 360px\" \/>El Ayuntamiento de Albacete comenzar\u00e1 a trabajar junto con Aeropuertos Espa\u00f1oles y Navegaci\u00f3n A\u00e9rea (Aena) en la elaboraci\u00f3n de un documento conjunto en el que se destaquen las \u00abpotencialidades\u00bb del aeropuerto albacete\u00f1o.<\/p>\n<p>El alcalde, Javier Cuenca, que ha mantenido una reuni\u00f3n con el director general de la Entidad P\u00fablica Empresarial, adscrita al Ministerio de Fomento, Javier Mar\u00edn San Andr\u00e9s, ha se\u00f1alado que en esta documento tambi\u00e9n se destacar\u00e1n las ventajas de Albacete, \u00abcomo foco de atracci\u00f3n de viajeros\u00bb, seg\u00fan ha informado el Consistorio en nota de prensa.<\/p>\n<p>Cuenca ha explicado que este documento se trasladar\u00eda a las compa\u00f1\u00edas a\u00e9reas para explorar su posible inter\u00e9s en operar en la ciudad, al tiempo que servir\u00eda para elaborar un plan de m\u00e1rquetin del aeropuerto de Albacete.<\/p>\n<p>El primer edil de la ciudad ha agradecido a Aena su \u00abcompromiso de facilitar contactos con el sector\u00bb al Ayuntamiento albacete\u00f1o, as\u00ed como la posibilidad de incluir al aeropuerto en la promoci\u00f3n de ferias especializadas del sector a nivel nacional e internacional.<\/p>\n<p>Durante la reuni\u00f3n, Javier Cuenca tambi\u00e9n ha mostrado su satisfacci\u00f3n por \u00abla predisposici\u00f3n mostrada por Aena a la hora de colaborar con el Ayuntamiento en la revitalizaci\u00f3n del aeropuerto de Albacete\u00bb.<\/p>\n<p>Por su parte, Javier Mar\u00edn San Andr\u00e9s ha puesto en valor \u00ablas ventajas que para las compa\u00f1\u00edas a\u00e9reas supone operar desde una ciudad como Albacete, al contar con unas tasas muy reducidas y rebajas iniciales para que puedan iniciar su actividad\u00bb.<\/p>\n","protected":false},"excerpt":{"rendered":"<p>El Ayuntamiento de Albacete comenzar\u00e1 a trabajar junto con Aeropuertos Espa\u00f1oles y Navegaci\u00f3n A\u00e9rea (Aena) en la elaboraci\u00f3n de un documento conjunto en el que se destaquen las \u00abpotencialidades\u00bb del aeropuerto albacete\u00f1o. El alcalde, Javier Cuenca, que ha mantenido una reuni\u00f3n con el director general de la Entidad P\u00fablica Empresarial, adscrita al Ministerio de Fomento,<\/p>\n","protected":false},"author":1,"featured_media":78552,"comment_status":"open","ping_status":"closed","sticky":false,"template":"","format":"standard","meta":{"footnotes":""},"categories":[224],"tags":[],"class_list":{"0":"post-78551","1":"post","2":"type-post","3":"status-publish","4":"format-standard","5":"has-post-thumbnail","7":"category-noticias-actualidad"},"aioseo_notices":[],"aioseo_head":"\n\t\t<!-- All in One SEO Pro 4.9.6.1 - aioseo.com -->\n\t<meta name=\"description\" content=\"El Ayuntamiento de Albacete comenzar\u00e1 a trabajar junto con Aeropuertos Espa\u00f1oles y Navegaci\u00f3n A\u00e9rea (Aena) en la elaboraci\u00f3n de un documento conjunto en el que se destaquen las &quot;potencialidades&quot; del aeropuerto albacete\u00f1o. El alcalde, Javier Cuenca, que ha mantenido una reuni\u00f3n con el director general de la Entidad P\u00fablica Empresarial, adscrita al Ministerio de Fomento,\" \/>\n\t<meta name=\"robots\" content=\"max-image-preview:large\" \/>\n\t<meta name=\"author\" content=\"admin\"\/>\n\t<meta name=\"google-site-verification\" content=\"UA-38556648-1\" \/>\n\t<meta name=\"keywords\" content=\"noticias y actualidad\" \/>\n\t<link rel=\"canonical\" href=\"https:\/\/eldigitaldeasturias.com\/magazine365\/ayuntamiento-y-aena-quieren-potenciar-el-aeropuerto-de-albacete\/\" \/>\n\t<meta name=\"generator\" content=\"All in One SEO Pro (AIOSEO) 4.9.6.1\" \/>\n\t\t<meta property=\"og:locale\" content=\"es_ES\" \/>\n\t\t<meta property=\"og:site_name\" content=\"El Digital de Asturias \u2013 Revista de ocio, turismo y estilo de vida\" \/>\n\t\t<meta property=\"og:type\" content=\"article\" \/>\n\t\t<meta property=\"og:title\" content=\"Ayuntamiento y Aena quieren potenciar el aeropuerto de Albacete | El Digital de Asturias\" \/>\n\t\t<meta property=\"og:description\" content=\"El Ayuntamiento de Albacete comenzar\u00e1 a trabajar junto con Aeropuertos Espa\u00f1oles y Navegaci\u00f3n A\u00e9rea (Aena) en la elaboraci\u00f3n de un documento conjunto en el que se destaquen las &quot;potencialidades&quot; del aeropuerto albacete\u00f1o. El alcalde, Javier Cuenca, que ha mantenido una reuni\u00f3n con el director general de la Entidad P\u00fablica Empresarial, adscrita al Ministerio de Fomento,\" \/>\n\t\t<meta property=\"og:url\" content=\"https:\/\/eldigitaldeasturias.com\/magazine365\/ayuntamiento-y-aena-quieren-potenciar-el-aeropuerto-de-albacete\/\" \/>\n\t\t<meta property=\"og:image\" content=\"https:\/\/eldigitaldeasturias.com\/magazine365\/wp-content\/uploads\/2016\/06\/fotonoticia_20160609154435_800.jpg\" \/>\n\t\t<meta property=\"og:image:secure_url\" content=\"https:\/\/eldigitaldeasturias.com\/magazine365\/wp-content\/uploads\/2016\/06\/fotonoticia_20160609154435_800.jpg\" \/>\n\t\t<meta property=\"og:image:width\" content=\"800\" \/>\n\t\t<meta property=\"og:image:height\" content=\"471\" \/>\n\t\t<meta property=\"article:published_time\" content=\"2016-06-09T17:09:26+00:00\" \/>\n\t\t<meta property=\"article:modified_time\" content=\"2016-06-09T17:09:26+00:00\" \/>\n\t\t<meta name=\"twitter:card\" content=\"summary_large_image\" \/>\n\t\t<meta name=\"twitter:title\" content=\"Ayuntamiento y Aena quieren potenciar el aeropuerto de Albacete | El Digital de Asturias\" \/>\n\t\t<meta name=\"twitter:description\" content=\"El Ayuntamiento de Albacete comenzar\u00e1 a trabajar junto con Aeropuertos Espa\u00f1oles y Navegaci\u00f3n A\u00e9rea (Aena) en la elaboraci\u00f3n de un documento conjunto en el que se destaquen las &quot;potencialidades&quot; del aeropuerto albacete\u00f1o. El alcalde, Javier Cuenca, que ha mantenido una reuni\u00f3n con el director general de la Entidad P\u00fablica Empresarial, adscrita al Ministerio de Fomento,\" \/>\n\t\t<meta name=\"twitter:image\" content=\"https:\/\/eldigitaldeasturias.com\/magazine365\/wp-content\/uploads\/2016\/06\/fotonoticia_20160609154435_800.jpg\" \/>\n\t\t<script type=\"application\/ld+json\" class=\"aioseo-schema\">\n\t\t\t{\"@context\":\"https:\\\/\\\/schema.org\",\"@graph\":[{\"@type\":\"Article\",\"@id\":\"https:\\\/\\\/eldigitaldeasturias.com\\\/magazine365\\\/ayuntamiento-y-aena-quieren-potenciar-el-aeropuerto-de-albacete\\\/#article\",\"name\":\"Ayuntamiento y Aena quieren potenciar el aeropuerto de Albacete | El Digital de Asturias\",\"headline\":\"Ayuntamiento y Aena quieren potenciar el aeropuerto de Albacete\",\"author\":{\"@id\":\"https:\\\/\\\/eldigitaldeasturias.com\\\/magazine365\\\/author\\\/admin\\\/#author\"},\"publisher\":{\"@id\":\"https:\\\/\\\/eldigitaldeasturias.com\\\/magazine365\\\/#organization\"},\"image\":{\"@type\":\"ImageObject\",\"url\":\"https:\\\/\\\/eldigitaldeasturias.com\\\/magazine365\\\/wp-content\\\/uploads\\\/2016\\\/06\\\/fotonoticia_20160609154435_800.jpg\",\"width\":800,\"height\":471},\"datePublished\":\"2016-06-09T19:09:26+02:00\",\"dateModified\":\"2016-06-09T19:09:26+02:00\",\"inLanguage\":\"es-ES\",\"mainEntityOfPage\":{\"@id\":\"https:\\\/\\\/eldigitaldeasturias.com\\\/magazine365\\\/ayuntamiento-y-aena-quieren-potenciar-el-aeropuerto-de-albacete\\\/#webpage\"},\"isPartOf\":{\"@id\":\"https:\\\/\\\/eldigitaldeasturias.com\\\/magazine365\\\/ayuntamiento-y-aena-quieren-potenciar-el-aeropuerto-de-albacete\\\/#webpage\"},\"articleSection\":\"Noticias y Actualidad\"},{\"@type\":\"BreadcrumbList\",\"@id\":\"https:\\\/\\\/eldigitaldeasturias.com\\\/magazine365\\\/ayuntamiento-y-aena-quieren-potenciar-el-aeropuerto-de-albacete\\\/#breadcrumblist\",\"itemListElement\":[{\"@type\":\"ListItem\",\"@id\":\"https:\\\/\\\/eldigitaldeasturias.com\\\/magazine365#listItem\",\"position\":1,\"name\":\"Home\",\"item\":\"https:\\\/\\\/eldigitaldeasturias.com\\\/magazine365\",\"nextItem\":{\"@type\":\"ListItem\",\"@id\":\"https:\\\/\\\/eldigitaldeasturias.com\\\/magazine365\\\/category\\\/noticias-actualidad\\\/#listItem\",\"name\":\"Noticias y Actualidad\"}},{\"@type\":\"ListItem\",\"@id\":\"https:\\\/\\\/eldigitaldeasturias.com\\\/magazine365\\\/category\\\/noticias-actualidad\\\/#listItem\",\"position\":2,\"name\":\"Noticias y Actualidad\",\"item\":\"https:\\\/\\\/eldigitaldeasturias.com\\\/magazine365\\\/category\\\/noticias-actualidad\\\/\",\"nextItem\":{\"@type\":\"ListItem\",\"@id\":\"https:\\\/\\\/eldigitaldeasturias.com\\\/magazine365\\\/ayuntamiento-y-aena-quieren-potenciar-el-aeropuerto-de-albacete\\\/#listItem\",\"name\":\"Ayuntamiento y Aena quieren potenciar el aeropuerto de Albacete\"},\"previousItem\":{\"@type\":\"ListItem\",\"@id\":\"https:\\\/\\\/eldigitaldeasturias.com\\\/magazine365#listItem\",\"name\":\"Home\"}},{\"@type\":\"ListItem\",\"@id\":\"https:\\\/\\\/eldigitaldeasturias.com\\\/magazine365\\\/ayuntamiento-y-aena-quieren-potenciar-el-aeropuerto-de-albacete\\\/#listItem\",\"position\":3,\"name\":\"Ayuntamiento y Aena quieren potenciar el aeropuerto de Albacete\",\"previousItem\":{\"@type\":\"ListItem\",\"@id\":\"https:\\\/\\\/eldigitaldeasturias.com\\\/magazine365\\\/category\\\/noticias-actualidad\\\/#listItem\",\"name\":\"Noticias y Actualidad\"}}]},{\"@type\":\"Organization\",\"@id\":\"https:\\\/\\\/eldigitaldeasturias.com\\\/magazine365\\\/#organization\",\"name\":\"El digital de Asturias\",\"description\":\"Revista de ocio, turismo y estilo de vida\",\"url\":\"https:\\\/\\\/eldigitaldeasturias.com\\\/magazine365\\\/\",\"logo\":{\"@type\":\"ImageObject\",\"url\":\"https:\\\/\\\/www.eldigitaldeasturias.com\\\/noticias\\\/wp-content\\\/uploads\\\/2020\\\/12\\\/EDA.jpg\",\"@id\":\"https:\\\/\\\/eldigitaldeasturias.com\\\/magazine365\\\/ayuntamiento-y-aena-quieren-potenciar-el-aeropuerto-de-albacete\\\/#organizationLogo\"},\"image\":{\"@id\":\"https:\\\/\\\/eldigitaldeasturias.com\\\/magazine365\\\/ayuntamiento-y-aena-quieren-potenciar-el-aeropuerto-de-albacete\\\/#organizationLogo\"}},{\"@type\":\"Person\",\"@id\":\"https:\\\/\\\/eldigitaldeasturias.com\\\/magazine365\\\/author\\\/admin\\\/#author\",\"url\":\"https:\\\/\\\/eldigitaldeasturias.com\\\/magazine365\\\/author\\\/admin\\\/\",\"name\":\"admin\",\"image\":{\"@type\":\"ImageObject\",\"@id\":\"https:\\\/\\\/eldigitaldeasturias.com\\\/magazine365\\\/ayuntamiento-y-aena-quieren-potenciar-el-aeropuerto-de-albacete\\\/#authorImage\",\"url\":\"https:\\\/\\\/eldigitaldeasturias.com\\\/magazine365\\\/wp-content\\\/litespeed\\\/avatar\\\/e571bcf59a0edd6fa6838245a470f2fe.jpg?ver=1776969259\",\"width\":96,\"height\":96,\"caption\":\"admin\"}},{\"@type\":\"WebPage\",\"@id\":\"https:\\\/\\\/eldigitaldeasturias.com\\\/magazine365\\\/ayuntamiento-y-aena-quieren-potenciar-el-aeropuerto-de-albacete\\\/#webpage\",\"url\":\"https:\\\/\\\/eldigitaldeasturias.com\\\/magazine365\\\/ayuntamiento-y-aena-quieren-potenciar-el-aeropuerto-de-albacete\\\/\",\"name\":\"Ayuntamiento y Aena quieren potenciar el aeropuerto de Albacete | El Digital de Asturias\",\"description\":\"El Ayuntamiento de Albacete comenzar\\u00e1 a trabajar junto con Aeropuertos Espa\\u00f1oles y Navegaci\\u00f3n A\\u00e9rea (Aena) en la elaboraci\\u00f3n de un documento conjunto en el que se destaquen las \\\"potencialidades\\\" del aeropuerto albacete\\u00f1o. El alcalde, Javier Cuenca, que ha mantenido una reuni\\u00f3n con el director general de la Entidad P\\u00fablica Empresarial, adscrita al Ministerio de Fomento,\",\"inLanguage\":\"es-ES\",\"isPartOf\":{\"@id\":\"https:\\\/\\\/eldigitaldeasturias.com\\\/magazine365\\\/#website\"},\"breadcrumb\":{\"@id\":\"https:\\\/\\\/eldigitaldeasturias.com\\\/magazine365\\\/ayuntamiento-y-aena-quieren-potenciar-el-aeropuerto-de-albacete\\\/#breadcrumblist\"},\"author\":{\"@id\":\"https:\\\/\\\/eldigitaldeasturias.com\\\/magazine365\\\/author\\\/admin\\\/#author\"},\"creator\":{\"@id\":\"https:\\\/\\\/eldigitaldeasturias.com\\\/magazine365\\\/author\\\/admin\\\/#author\"},\"image\":{\"@type\":\"ImageObject\",\"url\":\"https:\\\/\\\/eldigitaldeasturias.com\\\/magazine365\\\/wp-content\\\/uploads\\\/2016\\\/06\\\/fotonoticia_20160609154435_800.jpg\",\"@id\":\"https:\\\/\\\/eldigitaldeasturias.com\\\/magazine365\\\/ayuntamiento-y-aena-quieren-potenciar-el-aeropuerto-de-albacete\\\/#mainImage\",\"width\":800,\"height\":471},\"primaryImageOfPage\":{\"@id\":\"https:\\\/\\\/eldigitaldeasturias.com\\\/magazine365\\\/ayuntamiento-y-aena-quieren-potenciar-el-aeropuerto-de-albacete\\\/#mainImage\"},\"datePublished\":\"2016-06-09T19:09:26+02:00\",\"dateModified\":\"2016-06-09T19:09:26+02:00\"},{\"@type\":\"WebSite\",\"@id\":\"https:\\\/\\\/eldigitaldeasturias.com\\\/magazine365\\\/#website\",\"url\":\"https:\\\/\\\/eldigitaldeasturias.com\\\/magazine365\\\/\",\"name\":\"El Digital de Asturias\",\"description\":\"Revista de ocio, turismo y estilo de vida\",\"inLanguage\":\"es-ES\",\"publisher\":{\"@id\":\"https:\\\/\\\/eldigitaldeasturias.com\\\/magazine365\\\/#organization\"}}]}\n\t\t<\/script>\n\t\t<!-- All in One SEO Pro -->\r\n\t\t<title>Ayuntamiento y Aena quieren potenciar el aeropuerto de Albacete | El Digital de Asturias<\/title>\n\n","aioseo_head_json":{"title":"Ayuntamiento y Aena quieren potenciar el aeropuerto de Albacete | El Digital de Asturias","description":"El Ayuntamiento de Albacete comenzar\u00e1 a trabajar junto con Aeropuertos Espa\u00f1oles y Navegaci\u00f3n A\u00e9rea (Aena) en la elaboraci\u00f3n de un documento conjunto en el que se destaquen las \"potencialidades\" del aeropuerto albacete\u00f1o. El alcalde, Javier Cuenca, que ha mantenido una reuni\u00f3n con el director general de la Entidad P\u00fablica Empresarial, adscrita al Ministerio de Fomento,","canonical_url":"https:\/\/eldigitaldeasturias.com\/magazine365\/ayuntamiento-y-aena-quieren-potenciar-el-aeropuerto-de-albacete\/","robots":"max-image-preview:large","keywords":"noticias y actualidad","webmasterTools":{"google-site-verification":"UA-38556648-1","miscellaneous":""},"schema":{"@context":"https:\/\/schema.org","@graph":[{"@type":"Article","@id":"https:\/\/eldigitaldeasturias.com\/magazine365\/ayuntamiento-y-aena-quieren-potenciar-el-aeropuerto-de-albacete\/#article","name":"Ayuntamiento y Aena quieren potenciar el aeropuerto de Albacete | El Digital de Asturias","headline":"Ayuntamiento y Aena quieren potenciar el aeropuerto de Albacete","author":{"@id":"https:\/\/eldigitaldeasturias.com\/magazine365\/author\/admin\/#author"},"publisher":{"@id":"https:\/\/eldigitaldeasturias.com\/magazine365\/#organization"},"image":{"@type":"ImageObject","url":"https:\/\/eldigitaldeasturias.com\/magazine365\/wp-content\/uploads\/2016\/06\/fotonoticia_20160609154435_800.jpg","width":800,"height":471},"datePublished":"2016-06-09T19:09:26+02:00","dateModified":"2016-06-09T19:09:26+02:00","inLanguage":"es-ES","mainEntityOfPage":{"@id":"https:\/\/eldigitaldeasturias.com\/magazine365\/ayuntamiento-y-aena-quieren-potenciar-el-aeropuerto-de-albacete\/#webpage"},"isPartOf":{"@id":"https:\/\/eldigitaldeasturias.com\/magazine365\/ayuntamiento-y-aena-quieren-potenciar-el-aeropuerto-de-albacete\/#webpage"},"articleSection":"Noticias y Actualidad"},{"@type":"BreadcrumbList","@id":"https:\/\/eldigitaldeasturias.com\/magazine365\/ayuntamiento-y-aena-quieren-potenciar-el-aeropuerto-de-albacete\/#breadcrumblist","itemListElement":[{"@type":"ListItem","@id":"https:\/\/eldigitaldeasturias.com\/magazine365#listItem","position":1,"name":"Home","item":"https:\/\/eldigitaldeasturias.com\/magazine365","nextItem":{"@type":"ListItem","@id":"https:\/\/eldigitaldeasturias.com\/magazine365\/category\/noticias-actualidad\/#listItem","name":"Noticias y Actualidad"}},{"@type":"ListItem","@id":"https:\/\/eldigitaldeasturias.com\/magazine365\/category\/noticias-actualidad\/#listItem","position":2,"name":"Noticias y Actualidad","item":"https:\/\/eldigitaldeasturias.com\/magazine365\/category\/noticias-actualidad\/","nextItem":{"@type":"ListItem","@id":"https:\/\/eldigitaldeasturias.com\/magazine365\/ayuntamiento-y-aena-quieren-potenciar-el-aeropuerto-de-albacete\/#listItem","name":"Ayuntamiento y Aena quieren potenciar el aeropuerto de Albacete"},"previousItem":{"@type":"ListItem","@id":"https:\/\/eldigitaldeasturias.com\/magazine365#listItem","name":"Home"}},{"@type":"ListItem","@id":"https:\/\/eldigitaldeasturias.com\/magazine365\/ayuntamiento-y-aena-quieren-potenciar-el-aeropuerto-de-albacete\/#listItem","position":3,"name":"Ayuntamiento y Aena quieren potenciar el aeropuerto de Albacete","previousItem":{"@type":"ListItem","@id":"https:\/\/eldigitaldeasturias.com\/magazine365\/category\/noticias-actualidad\/#listItem","name":"Noticias y Actualidad"}}]},{"@type":"Organization","@id":"https:\/\/eldigitaldeasturias.com\/magazine365\/#organization","name":"El digital de Asturias","description":"Revista de ocio, turismo y estilo de vida","url":"https:\/\/eldigitaldeasturias.com\/magazine365\/","logo":{"@type":"ImageObject","url":"https:\/\/www.eldigitaldeasturias.com\/noticias\/wp-content\/uploads\/2020\/12\/EDA.jpg","@id":"https:\/\/eldigitaldeasturias.com\/magazine365\/ayuntamiento-y-aena-quieren-potenciar-el-aeropuerto-de-albacete\/#organizationLogo"},"image":{"@id":"https:\/\/eldigitaldeasturias.com\/magazine365\/ayuntamiento-y-aena-quieren-potenciar-el-aeropuerto-de-albacete\/#organizationLogo"}},{"@type":"Person","@id":"https:\/\/eldigitaldeasturias.com\/magazine365\/author\/admin\/#author","url":"https:\/\/eldigitaldeasturias.com\/magazine365\/author\/admin\/","name":"admin","image":{"@type":"ImageObject","@id":"https:\/\/eldigitaldeasturias.com\/magazine365\/ayuntamiento-y-aena-quieren-potenciar-el-aeropuerto-de-albacete\/#authorImage","url":"https:\/\/eldigitaldeasturias.com\/magazine365\/wp-content\/litespeed\/avatar\/e571bcf59a0edd6fa6838245a470f2fe.jpg?ver=1776969259","width":96,"height":96,"caption":"admin"}},{"@type":"WebPage","@id":"https:\/\/eldigitaldeasturias.com\/magazine365\/ayuntamiento-y-aena-quieren-potenciar-el-aeropuerto-de-albacete\/#webpage","url":"https:\/\/eldigitaldeasturias.com\/magazine365\/ayuntamiento-y-aena-quieren-potenciar-el-aeropuerto-de-albacete\/","name":"Ayuntamiento y Aena quieren potenciar el aeropuerto de Albacete | El Digital de Asturias","description":"El Ayuntamiento de Albacete comenzar\u00e1 a trabajar junto con Aeropuertos Espa\u00f1oles y Navegaci\u00f3n A\u00e9rea (Aena) en la elaboraci\u00f3n de un documento conjunto en el que se destaquen las \"potencialidades\" del aeropuerto albacete\u00f1o. El alcalde, Javier Cuenca, que ha mantenido una reuni\u00f3n con el director general de la Entidad P\u00fablica Empresarial, adscrita al Ministerio de Fomento,","inLanguage":"es-ES","isPartOf":{"@id":"https:\/\/eldigitaldeasturias.com\/magazine365\/#website"},"breadcrumb":{"@id":"https:\/\/eldigitaldeasturias.com\/magazine365\/ayuntamiento-y-aena-quieren-potenciar-el-aeropuerto-de-albacete\/#breadcrumblist"},"author":{"@id":"https:\/\/eldigitaldeasturias.com\/magazine365\/author\/admin\/#author"},"creator":{"@id":"https:\/\/eldigitaldeasturias.com\/magazine365\/author\/admin\/#author"},"image":{"@type":"ImageObject","url":"https:\/\/eldigitaldeasturias.com\/magazine365\/wp-content\/uploads\/2016\/06\/fotonoticia_20160609154435_800.jpg","@id":"https:\/\/eldigitaldeasturias.com\/magazine365\/ayuntamiento-y-aena-quieren-potenciar-el-aeropuerto-de-albacete\/#mainImage","width":800,"height":471},"primaryImageOfPage":{"@id":"https:\/\/eldigitaldeasturias.com\/magazine365\/ayuntamiento-y-aena-quieren-potenciar-el-aeropuerto-de-albacete\/#mainImage"},"datePublished":"2016-06-09T19:09:26+02:00","dateModified":"2016-06-09T19:09:26+02:00"},{"@type":"WebSite","@id":"https:\/\/eldigitaldeasturias.com\/magazine365\/#website","url":"https:\/\/eldigitaldeasturias.com\/magazine365\/","name":"El Digital de Asturias","description":"Revista de ocio, turismo y estilo de vida","inLanguage":"es-ES","publisher":{"@id":"https:\/\/eldigitaldeasturias.com\/magazine365\/#organization"}}]},"og:locale":"es_ES","og:site_name":"El Digital de Asturias \u2013 Revista de ocio, turismo y estilo de vida","og:type":"article","og:title":"Ayuntamiento y Aena quieren potenciar el aeropuerto de Albacete | El Digital de Asturias","og:description":"El Ayuntamiento de Albacete comenzar\u00e1 a trabajar junto con Aeropuertos Espa\u00f1oles y Navegaci\u00f3n A\u00e9rea (Aena) en la elaboraci\u00f3n de un documento conjunto en el que se destaquen las &quot;potencialidades&quot; del aeropuerto albacete\u00f1o. El alcalde, Javier Cuenca, que ha mantenido una reuni\u00f3n con el director general de la Entidad P\u00fablica Empresarial, adscrita al Ministerio de Fomento,","og:url":"https:\/\/eldigitaldeasturias.com\/magazine365\/ayuntamiento-y-aena-quieren-potenciar-el-aeropuerto-de-albacete\/","og:image":"https:\/\/eldigitaldeasturias.com\/magazine365\/wp-content\/uploads\/2016\/06\/fotonoticia_20160609154435_800.jpg","og:image:secure_url":"https:\/\/eldigitaldeasturias.com\/magazine365\/wp-content\/uploads\/2016\/06\/fotonoticia_20160609154435_800.jpg","og:image:width":800,"og:image:height":471,"article:published_time":"2016-06-09T17:09:26+00:00","article:modified_time":"2016-06-09T17:09:26+00:00","twitter:card":"summary_large_image","twitter:title":"Ayuntamiento y Aena quieren potenciar el aeropuerto de Albacete | El Digital de Asturias","twitter:description":"El Ayuntamiento de Albacete comenzar\u00e1 a trabajar junto con Aeropuertos Espa\u00f1oles y Navegaci\u00f3n A\u00e9rea (Aena) en la elaboraci\u00f3n de un documento conjunto en el que se destaquen las &quot;potencialidades&quot; del aeropuerto albacete\u00f1o. El alcalde, Javier Cuenca, que ha mantenido una reuni\u00f3n con el director general de la Entidad P\u00fablica Empresarial, adscrita al Ministerio de Fomento,","twitter:image":"https:\/\/eldigitaldeasturias.com\/magazine365\/wp-content\/uploads\/2016\/06\/fotonoticia_20160609154435_800.jpg"},"aioseo_meta_data":{"post_id":"78551","title":null,"description":null,"keywords":null,"keyphrases":null,"primary_term":null,"canonical_url":null,"og_title":null,"og_description":null,"og_object_type":"default","og_image_type":"default","og_image_url":null,"og_image_width":null,"og_image_height":null,"og_image_custom_url":null,"og_image_custom_fields":null,"og_video":null,"og_custom_url":null,"og_article_section":null,"og_article_tags":null,"twitter_use_og":false,"twitter_card":"default","twitter_image_type":"default","twitter_image_url":null,"twitter_image_custom_url":null,"twitter_image_custom_fields":null,"twitter_title":null,"twitter_description":null,"schema":{"blockGraphs":[],"customGraphs":[],"default":{"data":{"Article":[],"Course":[],"Dataset":[],"FAQPage":[],"Movie":[],"Person":[],"Product":[],"ProductReview":[],"Car":[],"Recipe":[],"Service":[],"SoftwareApplication":[],"WebPage":[]},"graphName":"","isEnabled":true},"graphs":[],"defaultGraph":"","defaultPostTypeGraph":""},"schema_type":null,"schema_type_options":null,"pillar_content":false,"robots_default":true,"robots_noindex":false,"robots_noarchive":false,"robots_nosnippet":false,"robots_nofollow":false,"robots_noimageindex":false,"robots_noodp":false,"robots_notranslate":false,"robots_max_snippet":null,"robots_max_videopreview":null,"robots_max_imagepreview":"large","priority":null,"frequency":null,"location":null,"local_seo":null,"seo_analyzer_scan_date":"2025-09-27 17:10:54","breadcrumb_settings":null,"limit_modified_date":false,"open_ai":null,"ai":null,"created":"2021-03-08 18:00:03","updated":"2025-09-27 17:10:54"},"aioseo_breadcrumb":"<div class=\"aioseo-breadcrumbs\"><span class=\"aioseo-breadcrumb\">\n\t<a href=\"https:\/\/eldigitaldeasturias.com\/magazine365\" title=\"Home\">Home<\/a>\n<\/span><span class=\"aioseo-breadcrumb-separator\">\u2013<\/span><span class=\"aioseo-breadcrumb\">\n\t<a href=\"https:\/\/eldigitaldeasturias.com\/magazine365\/category\/noticias-actualidad\/\" title=\"Noticias y Actualidad\">Noticias y Actualidad<\/a>\n<\/span><span class=\"aioseo-breadcrumb-separator\">\u2013<\/span><span class=\"aioseo-breadcrumb\">\n\t<a href=\"https:\/\/eldigitaldeasturias.com\/magazine365\/ayuntamiento-y-aena-quieren-potenciar-el-aeropuerto-de-albacete\/\" title=\"Ayuntamiento y Aena quieren potenciar el aeropuerto de Albacete\">Ayuntamiento y Aena quieren potenciar el aeropuerto de Albacete<\/a>\n<\/span><\/div>","aioseo_breadcrumb_json":[{"label":"Home","link":"https:\/\/eldigitaldeasturias.com\/magazine365"},{"label":"Noticias y Actualidad","link":"https:\/\/eldigitaldeasturias.com\/magazine365\/category\/noticias-actualidad\/"},{"label":"Ayuntamiento y Aena quieren potenciar el aeropuerto de Albacete","link":"https:\/\/eldigitaldeasturias.com\/magazine365\/ayuntamiento-y-aena-quieren-potenciar-el-aeropuerto-de-albacete\/"}],"_links":{"self":[{"href":"https:\/\/eldigitaldeasturias.com\/magazine365\/wp-json\/wp\/v2\/posts\/78551","targetHints":{"allow":["GET"]}}],"collection":[{"href":"https:\/\/eldigitaldeasturias.com\/magazine365\/wp-json\/wp\/v2\/posts"}],"about":[{"href":"https:\/\/eldigitaldeasturias.com\/magazine365\/wp-json\/wp\/v2\/types\/post"}],"author":[{"embeddable":true,"href":"https:\/\/eldigitaldeasturias.com\/magazine365\/wp-json\/wp\/v2\/users\/1"}],"replies":[{"embeddable":true,"href":"https:\/\/eldigitaldeasturias.com\/magazine365\/wp-json\/wp\/v2\/comments?post=78551"}],"version-history":[{"count":0,"href":"https:\/\/eldigitaldeasturias.com\/magazine365\/wp-json\/wp\/v2\/posts\/78551\/revisions"}],"wp:featuredmedia":[{"embeddable":true,"href":"https:\/\/eldigitaldeasturias.com\/magazine365\/wp-json\/wp\/v2\/media\/78552"}],"wp:attachment":[{"href":"https:\/\/eldigitaldeasturias.com\/magazine365\/wp-json\/wp\/v2\/media?parent=78551"}],"wp:term":[{"taxonomy":"category","embeddable":true,"href":"https:\/\/eldigitaldeasturias.com\/magazine365\/wp-json\/wp\/v2\/categories?post=78551"},{"taxonomy":"post_tag","embeddable":true,"href":"https:\/\/eldigitaldeasturias.com\/magazine365\/wp-json\/wp\/v2\/tags?post=78551"}],"curies":[{"name":"wp","href":"https:\/\/api.w.org\/{rel}","templated":true}]}}