{"id":78547,"date":"2016-06-09T19:07:30","date_gmt":"2016-06-09T17:07:30","guid":{"rendered":"http:\/\/eldigitaldeasturias.com\/magazine365\/?p=78547"},"modified":"2016-06-09T19:07:49","modified_gmt":"2016-06-09T17:07:49","slug":"casi-7-500-viviendas-turisticas-han-cumplimentado-su-declaracion-responsable","status":"publish","type":"post","link":"https:\/\/eldigitaldeasturias.com\/magazine365\/casi-7-500-viviendas-turisticas-han-cumplimentado-su-declaracion-responsable\/","title":{"rendered":"Casi 7.500 viviendas tur\u00edsticas han cumplimentado su declaraci\u00f3n responsable en Andaluc\u00eda"},"content":{"rendered":"<p><img fetchpriority=\"high\" decoding=\"async\" class=\"alignleft size-medium wp-image-78548\" src=\"https:\/\/eldigitaldeasturias.com\/magazine365\/wp-content\/uploads\/2016\/06\/fotonoticia_20160609153935_800-360x213.jpg\" alt=\"fotonoticia_20160609153935_800\" width=\"360\" height=\"213\" srcset=\"https:\/\/eldigitaldeasturias.com\/magazine365\/wp-content\/uploads\/2016\/06\/fotonoticia_20160609153935_800-360x213.jpg 360w, https:\/\/eldigitaldeasturias.com\/magazine365\/wp-content\/uploads\/2016\/06\/fotonoticia_20160609153935_800-650x384.jpg 650w, https:\/\/eldigitaldeasturias.com\/magazine365\/wp-content\/uploads\/2016\/06\/fotonoticia_20160609153935_800-768x454.jpg 768w, https:\/\/eldigitaldeasturias.com\/magazine365\/wp-content\/uploads\/2016\/06\/fotonoticia_20160609153935_800-150x89.jpg 150w, https:\/\/eldigitaldeasturias.com\/magazine365\/wp-content\/uploads\/2016\/06\/fotonoticia_20160609153935_800-450x266.jpg 450w, https:\/\/eldigitaldeasturias.com\/magazine365\/wp-content\/uploads\/2016\/06\/fotonoticia_20160609153935_800.jpg 800w\" sizes=\"(max-width: 360px) 100vw, 360px\" \/>Un total de 7.466 viviendas con fines tur\u00edsticos han cumplimentado ya su declaraci\u00f3n responsable en el Registro de Turismo de Andaluc\u00eda, tras la entrada en vigor el pasado 11 de mayo del decreto que regula este tipo de alojamiento para integrarlo en la oferta reglada y facilitar su coexistencia con el resto de modalidades, seg\u00fan ha informado el consejero de Turismo y Deporte, Francisco Javier Fern\u00e1ndez.<\/p>\n<p>Durante su intervenci\u00f3n en el Parlamento andaluz, Fern\u00e1ndez ha explicado que esta modalidad est\u00e1 \u00abmuy extendida en todo el mundo\u00bb y que su regulaci\u00f3n en la Comunidad responde \u00aba la necesidad de ordenar una importante oferta de inmuebles no destinados a vivienda, sino a un uso del alojamiento privado para el turismo\u00bb, as\u00ed como de ofrecer a los clientes una garant\u00edas de calidad y de confort durante su estancia.<\/p>\n<p>Seg\u00fan ha recordado, el decreto define este tipo de alojamientos como aquellas viviendas ubicadas en inmuebles situados en suelo de uso residencial, donde se vaya a ofrecer mediante precio el servicio de alojamiento, de forma habitual y con fines tur\u00edsticos, es decir, cuando sea comercializada en canales de oferta tur\u00edstica. La norma comprende las viviendas tanto en r\u00e9gimen completo como por habitaciones.<\/p>\n<p>El consejero ha valorado que este decreto \u00abnace del consenso\u00bb con los agentes socioecon\u00f3micos, consumidores y diversos colectivos, y que permite al destino \u00abadaptarse a una realidad ya reconocida\u00bb. \u00abEstamos obligados a ofrecer un servicio de calidad tambi\u00e9n a aquellas personas que escogen Andaluc\u00eda para disfrutar de sus vacaciones, haciendo uso de este tipo de viviendas\u00bb, dijo.<\/p>\n<p>En este sentido, Francisco Javier Fern\u00e1ndez ha subrayado que con la regulaci\u00f3n de esta tipolog\u00eda de alojamiento \u00abestamos evitando al fraude y la competencia desleal con los establecimientos hoteleros reglados de nuestra comunidad\u00bb y \u00abcontribuyendo, adem\u00e1s, a sacar a la luz todo el potencial que representa esta nueva din\u00e1mica, en cuanto al n\u00famero de plazas, a ingresos econ\u00f3micos y a creaci\u00f3n de empleo\u00bb.<\/p>\n<p>El consejero ha detallado que, casi un mes despu\u00e9s de la entrada en vigor del decreto, 7.466 viviendas con fines tur\u00edsticos han cumplimentado la declaraci\u00f3n responsable a fecha de hoy, de las que 4.806 constan como presentadas y han sido validadas, por lo que ya pueden ejercer la actividad. Adem\u00e1s, 2.117 ya han sido inscritas en el Registro y cuentan con un n\u00famero asignado que deber\u00e1n usar en toda su publicidad.<\/p>\n<h2 class=\"ladillo\">DATOS POR PROVINCIAS<\/h2>\n<p>Por provincias, en M\u00e1laga figuran como cumplimentadas 4.322 declaraciones para esta tipolog\u00eda, 2.985 como presentadas y 939 con n\u00famero de registro; en C\u00e1diz, 1.014 cumplimentadas, 742 presentadas y 427 inscritas; en Sevilla 737 viviendas han cumplimentado la declaraci\u00f3n, 495 constan como presentadas y 391 con n\u00famero de registro; y en Granada son 635 cumplimentadas, 195 presentadas y 144 inscritas.<\/p>\n<p>Por su parte, en Almer\u00eda han cumplimentado la declaraci\u00f3n 453 viviendas con fines tur\u00edsticos, de las que 138 constan como presentadas y 96 ya tienen n\u00famero de registro; en C\u00f3rdoba, son 151 cumplimentadas, 125 presentadas y 13 inscritas; en Huelva figuran 137 cumplimentadas, 112 presentadas y 96 inscritas; y en Ja\u00e9n, 17 viviendas han cumplimentado la declaraci\u00f3n, 14 constan como presentadas y 11 est\u00e1n inscritas.<\/p>\n<p>Finalmente, Fern\u00e1ndez ha recordado que, para facilitar el proceso de la entrada en vigor del decreto, desde su publicaci\u00f3n en el BOJA en febrero pasado, se ha realizado una \u00abintensa labor pedag\u00f3gica e informativa\u00bb, a trav\u00e9s de jornadas provinciales y de una campa\u00f1a de comunicaci\u00f3n, con el objetivo \u00abde concienciar\u00bb a la ciudadan\u00eda y al sector en general \u00abde la importancia\u00bb de esta norma.<\/p>\n","protected":false},"excerpt":{"rendered":"<p>Un total de 7.466 viviendas con fines tur\u00edsticos han cumplimentado ya su declaraci\u00f3n responsable en el Registro de Turismo de Andaluc\u00eda, tras la entrada en vigor el pasado 11 de mayo del decreto que regula este tipo de alojamiento para integrarlo en la oferta reglada y facilitar su coexistencia con el resto de modalidades, seg\u00fan<\/p>\n","protected":false},"author":1,"featured_media":78548,"comment_status":"open","ping_status":"closed","sticky":false,"template":"","format":"standard","meta":{"footnotes":""},"categories":[224],"tags":[],"class_list":{"0":"post-78547","1":"post","2":"type-post","3":"status-publish","4":"format-standard","5":"has-post-thumbnail","7":"category-noticias-actualidad"},"aioseo_notices":[],"aioseo_head":"\n\t\t<!-- All in One SEO Pro 4.9.6.1 - aioseo.com -->\n\t<meta name=\"description\" content=\"Un total de 7.466 viviendas con fines tur\u00edsticos han cumplimentado ya su declaraci\u00f3n responsable en el Registro de Turismo de Andaluc\u00eda, tras la entrada en vigor el pasado 11 de mayo del decreto que regula este tipo de alojamiento para integrarlo en la oferta reglada y facilitar su coexistencia con el resto de modalidades, seg\u00fan\" \/>\n\t<meta name=\"robots\" content=\"max-image-preview:large\" \/>\n\t<meta name=\"author\" content=\"admin\"\/>\n\t<meta name=\"google-site-verification\" content=\"UA-38556648-1\" \/>\n\t<meta name=\"keywords\" content=\"noticias y actualidad\" \/>\n\t<link rel=\"canonical\" href=\"https:\/\/eldigitaldeasturias.com\/magazine365\/casi-7-500-viviendas-turisticas-han-cumplimentado-su-declaracion-responsable\/\" \/>\n\t<meta name=\"generator\" content=\"All in One SEO Pro (AIOSEO) 4.9.6.1\" \/>\n\t\t<meta property=\"og:locale\" content=\"es_ES\" \/>\n\t\t<meta property=\"og:site_name\" content=\"El Digital de Asturias \u2013 Revista de ocio, turismo y estilo de vida\" \/>\n\t\t<meta property=\"og:type\" content=\"article\" \/>\n\t\t<meta property=\"og:title\" content=\"Casi 7.500 viviendas tur\u00edsticas han cumplimentado su declaraci\u00f3n responsable en Andaluc\u00eda | El Digital de Asturias\" \/>\n\t\t<meta property=\"og:description\" content=\"Un total de 7.466 viviendas con fines tur\u00edsticos han cumplimentado ya su declaraci\u00f3n responsable en el Registro de Turismo de Andaluc\u00eda, tras la entrada en vigor el pasado 11 de mayo del decreto que regula este tipo de alojamiento para integrarlo en la oferta reglada y facilitar su coexistencia con el resto de modalidades, seg\u00fan\" \/>\n\t\t<meta property=\"og:url\" content=\"https:\/\/eldigitaldeasturias.com\/magazine365\/casi-7-500-viviendas-turisticas-han-cumplimentado-su-declaracion-responsable\/\" \/>\n\t\t<meta property=\"og:image\" content=\"https:\/\/eldigitaldeasturias.com\/magazine365\/wp-content\/uploads\/2016\/06\/fotonoticia_20160609153935_800.jpg\" \/>\n\t\t<meta property=\"og:image:secure_url\" content=\"https:\/\/eldigitaldeasturias.com\/magazine365\/wp-content\/uploads\/2016\/06\/fotonoticia_20160609153935_800.jpg\" \/>\n\t\t<meta property=\"og:image:width\" content=\"800\" \/>\n\t\t<meta property=\"og:image:height\" content=\"473\" \/>\n\t\t<meta property=\"article:published_time\" content=\"2016-06-09T17:07:30+00:00\" \/>\n\t\t<meta property=\"article:modified_time\" content=\"2016-06-09T17:07:49+00:00\" \/>\n\t\t<meta name=\"twitter:card\" content=\"summary_large_image\" \/>\n\t\t<meta name=\"twitter:title\" content=\"Casi 7.500 viviendas tur\u00edsticas han cumplimentado su declaraci\u00f3n responsable en Andaluc\u00eda | El Digital de Asturias\" \/>\n\t\t<meta name=\"twitter:description\" content=\"Un total de 7.466 viviendas con fines tur\u00edsticos han cumplimentado ya su declaraci\u00f3n responsable en el Registro de Turismo de Andaluc\u00eda, tras la entrada en vigor el pasado 11 de mayo del decreto que regula este tipo de alojamiento para integrarlo en la oferta reglada y facilitar su coexistencia con el resto de modalidades, seg\u00fan\" \/>\n\t\t<meta name=\"twitter:image\" content=\"https:\/\/eldigitaldeasturias.com\/magazine365\/wp-content\/uploads\/2016\/06\/fotonoticia_20160609153935_800.jpg\" \/>\n\t\t<script type=\"application\/ld+json\" class=\"aioseo-schema\">\n\t\t\t{\"@context\":\"https:\\\/\\\/schema.org\",\"@graph\":[{\"@type\":\"Article\",\"@id\":\"https:\\\/\\\/eldigitaldeasturias.com\\\/magazine365\\\/casi-7-500-viviendas-turisticas-han-cumplimentado-su-declaracion-responsable\\\/#article\",\"name\":\"Casi 7.500 viviendas tur\\u00edsticas han cumplimentado su declaraci\\u00f3n responsable en Andaluc\\u00eda | El Digital de Asturias\",\"headline\":\"Casi 7.500 viviendas tur\\u00edsticas han cumplimentado su declaraci\\u00f3n responsable en Andaluc\\u00eda\",\"author\":{\"@id\":\"https:\\\/\\\/eldigitaldeasturias.com\\\/magazine365\\\/author\\\/admin\\\/#author\"},\"publisher\":{\"@id\":\"https:\\\/\\\/eldigitaldeasturias.com\\\/magazine365\\\/#organization\"},\"image\":{\"@type\":\"ImageObject\",\"url\":\"https:\\\/\\\/eldigitaldeasturias.com\\\/magazine365\\\/wp-content\\\/uploads\\\/2016\\\/06\\\/fotonoticia_20160609153935_800.jpg\",\"width\":800,\"height\":473},\"datePublished\":\"2016-06-09T19:07:30+02:00\",\"dateModified\":\"2016-06-09T19:07:49+02:00\",\"inLanguage\":\"es-ES\",\"mainEntityOfPage\":{\"@id\":\"https:\\\/\\\/eldigitaldeasturias.com\\\/magazine365\\\/casi-7-500-viviendas-turisticas-han-cumplimentado-su-declaracion-responsable\\\/#webpage\"},\"isPartOf\":{\"@id\":\"https:\\\/\\\/eldigitaldeasturias.com\\\/magazine365\\\/casi-7-500-viviendas-turisticas-han-cumplimentado-su-declaracion-responsable\\\/#webpage\"},\"articleSection\":\"Noticias y Actualidad\"},{\"@type\":\"BreadcrumbList\",\"@id\":\"https:\\\/\\\/eldigitaldeasturias.com\\\/magazine365\\\/casi-7-500-viviendas-turisticas-han-cumplimentado-su-declaracion-responsable\\\/#breadcrumblist\",\"itemListElement\":[{\"@type\":\"ListItem\",\"@id\":\"https:\\\/\\\/eldigitaldeasturias.com\\\/magazine365#listItem\",\"position\":1,\"name\":\"Home\",\"item\":\"https:\\\/\\\/eldigitaldeasturias.com\\\/magazine365\",\"nextItem\":{\"@type\":\"ListItem\",\"@id\":\"https:\\\/\\\/eldigitaldeasturias.com\\\/magazine365\\\/category\\\/noticias-actualidad\\\/#listItem\",\"name\":\"Noticias y Actualidad\"}},{\"@type\":\"ListItem\",\"@id\":\"https:\\\/\\\/eldigitaldeasturias.com\\\/magazine365\\\/category\\\/noticias-actualidad\\\/#listItem\",\"position\":2,\"name\":\"Noticias y Actualidad\",\"item\":\"https:\\\/\\\/eldigitaldeasturias.com\\\/magazine365\\\/category\\\/noticias-actualidad\\\/\",\"nextItem\":{\"@type\":\"ListItem\",\"@id\":\"https:\\\/\\\/eldigitaldeasturias.com\\\/magazine365\\\/casi-7-500-viviendas-turisticas-han-cumplimentado-su-declaracion-responsable\\\/#listItem\",\"name\":\"Casi 7.500 viviendas tur\\u00edsticas han cumplimentado su declaraci\\u00f3n responsable en Andaluc\\u00eda\"},\"previousItem\":{\"@type\":\"ListItem\",\"@id\":\"https:\\\/\\\/eldigitaldeasturias.com\\\/magazine365#listItem\",\"name\":\"Home\"}},{\"@type\":\"ListItem\",\"@id\":\"https:\\\/\\\/eldigitaldeasturias.com\\\/magazine365\\\/casi-7-500-viviendas-turisticas-han-cumplimentado-su-declaracion-responsable\\\/#listItem\",\"position\":3,\"name\":\"Casi 7.500 viviendas tur\\u00edsticas han cumplimentado su declaraci\\u00f3n responsable en Andaluc\\u00eda\",\"previousItem\":{\"@type\":\"ListItem\",\"@id\":\"https:\\\/\\\/eldigitaldeasturias.com\\\/magazine365\\\/category\\\/noticias-actualidad\\\/#listItem\",\"name\":\"Noticias y Actualidad\"}}]},{\"@type\":\"Organization\",\"@id\":\"https:\\\/\\\/eldigitaldeasturias.com\\\/magazine365\\\/#organization\",\"name\":\"El digital de Asturias\",\"description\":\"Revista de ocio, turismo y estilo de vida\",\"url\":\"https:\\\/\\\/eldigitaldeasturias.com\\\/magazine365\\\/\",\"logo\":{\"@type\":\"ImageObject\",\"url\":\"https:\\\/\\\/www.eldigitaldeasturias.com\\\/noticias\\\/wp-content\\\/uploads\\\/2020\\\/12\\\/EDA.jpg\",\"@id\":\"https:\\\/\\\/eldigitaldeasturias.com\\\/magazine365\\\/casi-7-500-viviendas-turisticas-han-cumplimentado-su-declaracion-responsable\\\/#organizationLogo\"},\"image\":{\"@id\":\"https:\\\/\\\/eldigitaldeasturias.com\\\/magazine365\\\/casi-7-500-viviendas-turisticas-han-cumplimentado-su-declaracion-responsable\\\/#organizationLogo\"}},{\"@type\":\"Person\",\"@id\":\"https:\\\/\\\/eldigitaldeasturias.com\\\/magazine365\\\/author\\\/admin\\\/#author\",\"url\":\"https:\\\/\\\/eldigitaldeasturias.com\\\/magazine365\\\/author\\\/admin\\\/\",\"name\":\"admin\",\"image\":{\"@type\":\"ImageObject\",\"@id\":\"https:\\\/\\\/eldigitaldeasturias.com\\\/magazine365\\\/casi-7-500-viviendas-turisticas-han-cumplimentado-su-declaracion-responsable\\\/#authorImage\",\"url\":\"https:\\\/\\\/eldigitaldeasturias.com\\\/magazine365\\\/wp-content\\\/litespeed\\\/avatar\\\/e571bcf59a0edd6fa6838245a470f2fe.jpg?ver=1776969259\",\"width\":96,\"height\":96,\"caption\":\"admin\"}},{\"@type\":\"WebPage\",\"@id\":\"https:\\\/\\\/eldigitaldeasturias.com\\\/magazine365\\\/casi-7-500-viviendas-turisticas-han-cumplimentado-su-declaracion-responsable\\\/#webpage\",\"url\":\"https:\\\/\\\/eldigitaldeasturias.com\\\/magazine365\\\/casi-7-500-viviendas-turisticas-han-cumplimentado-su-declaracion-responsable\\\/\",\"name\":\"Casi 7.500 viviendas tur\\u00edsticas han cumplimentado su declaraci\\u00f3n responsable en Andaluc\\u00eda | El Digital de Asturias\",\"description\":\"Un total de 7.466 viviendas con fines tur\\u00edsticos han cumplimentado ya su declaraci\\u00f3n responsable en el Registro de Turismo de Andaluc\\u00eda, tras la entrada en vigor el pasado 11 de mayo del decreto que regula este tipo de alojamiento para integrarlo en la oferta reglada y facilitar su coexistencia con el resto de modalidades, seg\\u00fan\",\"inLanguage\":\"es-ES\",\"isPartOf\":{\"@id\":\"https:\\\/\\\/eldigitaldeasturias.com\\\/magazine365\\\/#website\"},\"breadcrumb\":{\"@id\":\"https:\\\/\\\/eldigitaldeasturias.com\\\/magazine365\\\/casi-7-500-viviendas-turisticas-han-cumplimentado-su-declaracion-responsable\\\/#breadcrumblist\"},\"author\":{\"@id\":\"https:\\\/\\\/eldigitaldeasturias.com\\\/magazine365\\\/author\\\/admin\\\/#author\"},\"creator\":{\"@id\":\"https:\\\/\\\/eldigitaldeasturias.com\\\/magazine365\\\/author\\\/admin\\\/#author\"},\"image\":{\"@type\":\"ImageObject\",\"url\":\"https:\\\/\\\/eldigitaldeasturias.com\\\/magazine365\\\/wp-content\\\/uploads\\\/2016\\\/06\\\/fotonoticia_20160609153935_800.jpg\",\"@id\":\"https:\\\/\\\/eldigitaldeasturias.com\\\/magazine365\\\/casi-7-500-viviendas-turisticas-han-cumplimentado-su-declaracion-responsable\\\/#mainImage\",\"width\":800,\"height\":473},\"primaryImageOfPage\":{\"@id\":\"https:\\\/\\\/eldigitaldeasturias.com\\\/magazine365\\\/casi-7-500-viviendas-turisticas-han-cumplimentado-su-declaracion-responsable\\\/#mainImage\"},\"datePublished\":\"2016-06-09T19:07:30+02:00\",\"dateModified\":\"2016-06-09T19:07:49+02:00\"},{\"@type\":\"WebSite\",\"@id\":\"https:\\\/\\\/eldigitaldeasturias.com\\\/magazine365\\\/#website\",\"url\":\"https:\\\/\\\/eldigitaldeasturias.com\\\/magazine365\\\/\",\"name\":\"El Digital de Asturias\",\"description\":\"Revista de ocio, turismo y estilo de vida\",\"inLanguage\":\"es-ES\",\"publisher\":{\"@id\":\"https:\\\/\\\/eldigitaldeasturias.com\\\/magazine365\\\/#organization\"}}]}\n\t\t<\/script>\n\t\t<!-- All in One SEO Pro -->\r\n\t\t<title>Casi 7.500 viviendas tur\u00edsticas han cumplimentado su declaraci\u00f3n responsable en Andaluc\u00eda | El Digital de Asturias<\/title>\n\n","aioseo_head_json":{"title":"Casi 7.500 viviendas tur\u00edsticas han cumplimentado su declaraci\u00f3n responsable en Andaluc\u00eda | El Digital de Asturias","description":"Un total de 7.466 viviendas con fines tur\u00edsticos han cumplimentado ya su declaraci\u00f3n responsable en el Registro de Turismo de Andaluc\u00eda, tras la entrada en vigor el pasado 11 de mayo del decreto que regula este tipo de alojamiento para integrarlo en la oferta reglada y facilitar su coexistencia con el resto de modalidades, seg\u00fan","canonical_url":"https:\/\/eldigitaldeasturias.com\/magazine365\/casi-7-500-viviendas-turisticas-han-cumplimentado-su-declaracion-responsable\/","robots":"max-image-preview:large","keywords":"noticias y actualidad","webmasterTools":{"google-site-verification":"UA-38556648-1","miscellaneous":""},"schema":{"@context":"https:\/\/schema.org","@graph":[{"@type":"Article","@id":"https:\/\/eldigitaldeasturias.com\/magazine365\/casi-7-500-viviendas-turisticas-han-cumplimentado-su-declaracion-responsable\/#article","name":"Casi 7.500 viviendas tur\u00edsticas han cumplimentado su declaraci\u00f3n responsable en Andaluc\u00eda | El Digital de Asturias","headline":"Casi 7.500 viviendas tur\u00edsticas han cumplimentado su declaraci\u00f3n responsable en Andaluc\u00eda","author":{"@id":"https:\/\/eldigitaldeasturias.com\/magazine365\/author\/admin\/#author"},"publisher":{"@id":"https:\/\/eldigitaldeasturias.com\/magazine365\/#organization"},"image":{"@type":"ImageObject","url":"https:\/\/eldigitaldeasturias.com\/magazine365\/wp-content\/uploads\/2016\/06\/fotonoticia_20160609153935_800.jpg","width":800,"height":473},"datePublished":"2016-06-09T19:07:30+02:00","dateModified":"2016-06-09T19:07:49+02:00","inLanguage":"es-ES","mainEntityOfPage":{"@id":"https:\/\/eldigitaldeasturias.com\/magazine365\/casi-7-500-viviendas-turisticas-han-cumplimentado-su-declaracion-responsable\/#webpage"},"isPartOf":{"@id":"https:\/\/eldigitaldeasturias.com\/magazine365\/casi-7-500-viviendas-turisticas-han-cumplimentado-su-declaracion-responsable\/#webpage"},"articleSection":"Noticias y Actualidad"},{"@type":"BreadcrumbList","@id":"https:\/\/eldigitaldeasturias.com\/magazine365\/casi-7-500-viviendas-turisticas-han-cumplimentado-su-declaracion-responsable\/#breadcrumblist","itemListElement":[{"@type":"ListItem","@id":"https:\/\/eldigitaldeasturias.com\/magazine365#listItem","position":1,"name":"Home","item":"https:\/\/eldigitaldeasturias.com\/magazine365","nextItem":{"@type":"ListItem","@id":"https:\/\/eldigitaldeasturias.com\/magazine365\/category\/noticias-actualidad\/#listItem","name":"Noticias y Actualidad"}},{"@type":"ListItem","@id":"https:\/\/eldigitaldeasturias.com\/magazine365\/category\/noticias-actualidad\/#listItem","position":2,"name":"Noticias y Actualidad","item":"https:\/\/eldigitaldeasturias.com\/magazine365\/category\/noticias-actualidad\/","nextItem":{"@type":"ListItem","@id":"https:\/\/eldigitaldeasturias.com\/magazine365\/casi-7-500-viviendas-turisticas-han-cumplimentado-su-declaracion-responsable\/#listItem","name":"Casi 7.500 viviendas tur\u00edsticas han cumplimentado su declaraci\u00f3n responsable en Andaluc\u00eda"},"previousItem":{"@type":"ListItem","@id":"https:\/\/eldigitaldeasturias.com\/magazine365#listItem","name":"Home"}},{"@type":"ListItem","@id":"https:\/\/eldigitaldeasturias.com\/magazine365\/casi-7-500-viviendas-turisticas-han-cumplimentado-su-declaracion-responsable\/#listItem","position":3,"name":"Casi 7.500 viviendas tur\u00edsticas han cumplimentado su declaraci\u00f3n responsable en Andaluc\u00eda","previousItem":{"@type":"ListItem","@id":"https:\/\/eldigitaldeasturias.com\/magazine365\/category\/noticias-actualidad\/#listItem","name":"Noticias y Actualidad"}}]},{"@type":"Organization","@id":"https:\/\/eldigitaldeasturias.com\/magazine365\/#organization","name":"El digital de Asturias","description":"Revista de ocio, turismo y estilo de vida","url":"https:\/\/eldigitaldeasturias.com\/magazine365\/","logo":{"@type":"ImageObject","url":"https:\/\/www.eldigitaldeasturias.com\/noticias\/wp-content\/uploads\/2020\/12\/EDA.jpg","@id":"https:\/\/eldigitaldeasturias.com\/magazine365\/casi-7-500-viviendas-turisticas-han-cumplimentado-su-declaracion-responsable\/#organizationLogo"},"image":{"@id":"https:\/\/eldigitaldeasturias.com\/magazine365\/casi-7-500-viviendas-turisticas-han-cumplimentado-su-declaracion-responsable\/#organizationLogo"}},{"@type":"Person","@id":"https:\/\/eldigitaldeasturias.com\/magazine365\/author\/admin\/#author","url":"https:\/\/eldigitaldeasturias.com\/magazine365\/author\/admin\/","name":"admin","image":{"@type":"ImageObject","@id":"https:\/\/eldigitaldeasturias.com\/magazine365\/casi-7-500-viviendas-turisticas-han-cumplimentado-su-declaracion-responsable\/#authorImage","url":"https:\/\/eldigitaldeasturias.com\/magazine365\/wp-content\/litespeed\/avatar\/e571bcf59a0edd6fa6838245a470f2fe.jpg?ver=1776969259","width":96,"height":96,"caption":"admin"}},{"@type":"WebPage","@id":"https:\/\/eldigitaldeasturias.com\/magazine365\/casi-7-500-viviendas-turisticas-han-cumplimentado-su-declaracion-responsable\/#webpage","url":"https:\/\/eldigitaldeasturias.com\/magazine365\/casi-7-500-viviendas-turisticas-han-cumplimentado-su-declaracion-responsable\/","name":"Casi 7.500 viviendas tur\u00edsticas han cumplimentado su declaraci\u00f3n responsable en Andaluc\u00eda | El Digital de Asturias","description":"Un total de 7.466 viviendas con fines tur\u00edsticos han cumplimentado ya su declaraci\u00f3n responsable en el Registro de Turismo de Andaluc\u00eda, tras la entrada en vigor el pasado 11 de mayo del decreto que regula este tipo de alojamiento para integrarlo en la oferta reglada y facilitar su coexistencia con el resto de modalidades, seg\u00fan","inLanguage":"es-ES","isPartOf":{"@id":"https:\/\/eldigitaldeasturias.com\/magazine365\/#website"},"breadcrumb":{"@id":"https:\/\/eldigitaldeasturias.com\/magazine365\/casi-7-500-viviendas-turisticas-han-cumplimentado-su-declaracion-responsable\/#breadcrumblist"},"author":{"@id":"https:\/\/eldigitaldeasturias.com\/magazine365\/author\/admin\/#author"},"creator":{"@id":"https:\/\/eldigitaldeasturias.com\/magazine365\/author\/admin\/#author"},"image":{"@type":"ImageObject","url":"https:\/\/eldigitaldeasturias.com\/magazine365\/wp-content\/uploads\/2016\/06\/fotonoticia_20160609153935_800.jpg","@id":"https:\/\/eldigitaldeasturias.com\/magazine365\/casi-7-500-viviendas-turisticas-han-cumplimentado-su-declaracion-responsable\/#mainImage","width":800,"height":473},"primaryImageOfPage":{"@id":"https:\/\/eldigitaldeasturias.com\/magazine365\/casi-7-500-viviendas-turisticas-han-cumplimentado-su-declaracion-responsable\/#mainImage"},"datePublished":"2016-06-09T19:07:30+02:00","dateModified":"2016-06-09T19:07:49+02:00"},{"@type":"WebSite","@id":"https:\/\/eldigitaldeasturias.com\/magazine365\/#website","url":"https:\/\/eldigitaldeasturias.com\/magazine365\/","name":"El Digital de Asturias","description":"Revista de ocio, turismo y estilo de vida","inLanguage":"es-ES","publisher":{"@id":"https:\/\/eldigitaldeasturias.com\/magazine365\/#organization"}}]},"og:locale":"es_ES","og:site_name":"El Digital de Asturias \u2013 Revista de ocio, turismo y estilo de vida","og:type":"article","og:title":"Casi 7.500 viviendas tur\u00edsticas han cumplimentado su declaraci\u00f3n responsable en Andaluc\u00eda | El Digital de Asturias","og:description":"Un total de 7.466 viviendas con fines tur\u00edsticos han cumplimentado ya su declaraci\u00f3n responsable en el Registro de Turismo de Andaluc\u00eda, tras la entrada en vigor el pasado 11 de mayo del decreto que regula este tipo de alojamiento para integrarlo en la oferta reglada y facilitar su coexistencia con el resto de modalidades, seg\u00fan","og:url":"https:\/\/eldigitaldeasturias.com\/magazine365\/casi-7-500-viviendas-turisticas-han-cumplimentado-su-declaracion-responsable\/","og:image":"https:\/\/eldigitaldeasturias.com\/magazine365\/wp-content\/uploads\/2016\/06\/fotonoticia_20160609153935_800.jpg","og:image:secure_url":"https:\/\/eldigitaldeasturias.com\/magazine365\/wp-content\/uploads\/2016\/06\/fotonoticia_20160609153935_800.jpg","og:image:width":800,"og:image:height":473,"article:published_time":"2016-06-09T17:07:30+00:00","article:modified_time":"2016-06-09T17:07:49+00:00","twitter:card":"summary_large_image","twitter:title":"Casi 7.500 viviendas tur\u00edsticas han cumplimentado su declaraci\u00f3n responsable en Andaluc\u00eda | El Digital de Asturias","twitter:description":"Un total de 7.466 viviendas con fines tur\u00edsticos han cumplimentado ya su declaraci\u00f3n responsable en el Registro de Turismo de Andaluc\u00eda, tras la entrada en vigor el pasado 11 de mayo del decreto que regula este tipo de alojamiento para integrarlo en la oferta reglada y facilitar su coexistencia con el resto de modalidades, seg\u00fan","twitter:image":"https:\/\/eldigitaldeasturias.com\/magazine365\/wp-content\/uploads\/2016\/06\/fotonoticia_20160609153935_800.jpg"},"aioseo_meta_data":{"post_id":"78547","title":null,"description":null,"keywords":null,"keyphrases":null,"primary_term":null,"canonical_url":null,"og_title":null,"og_description":null,"og_object_type":"default","og_image_type":"default","og_image_url":null,"og_image_width":null,"og_image_height":null,"og_image_custom_url":null,"og_image_custom_fields":null,"og_video":null,"og_custom_url":null,"og_article_section":null,"og_article_tags":null,"twitter_use_og":false,"twitter_card":"default","twitter_image_type":"default","twitter_image_url":null,"twitter_image_custom_url":null,"twitter_image_custom_fields":null,"twitter_title":null,"twitter_description":null,"schema":{"blockGraphs":[],"customGraphs":[],"default":{"data":{"Article":[],"Course":[],"Dataset":[],"FAQPage":[],"Movie":[],"Person":[],"Product":[],"ProductReview":[],"Car":[],"Recipe":[],"Service":[],"SoftwareApplication":[],"WebPage":[]},"graphName":"","isEnabled":true},"graphs":[],"defaultGraph":"","defaultPostTypeGraph":""},"schema_type":null,"schema_type_options":null,"pillar_content":false,"robots_default":true,"robots_noindex":false,"robots_noarchive":false,"robots_nosnippet":false,"robots_nofollow":false,"robots_noimageindex":false,"robots_noodp":false,"robots_notranslate":false,"robots_max_snippet":null,"robots_max_videopreview":null,"robots_max_imagepreview":"large","priority":null,"frequency":null,"location":null,"local_seo":null,"seo_analyzer_scan_date":"2025-09-27 17:10:51","breadcrumb_settings":null,"limit_modified_date":false,"open_ai":null,"ai":null,"created":"2021-03-08 18:00:03","updated":"2025-09-27 17:10:51"},"aioseo_breadcrumb":"<div class=\"aioseo-breadcrumbs\"><span class=\"aioseo-breadcrumb\">\n\t<a href=\"https:\/\/eldigitaldeasturias.com\/magazine365\" title=\"Home\">Home<\/a>\n<\/span><span class=\"aioseo-breadcrumb-separator\">\u2013<\/span><span class=\"aioseo-breadcrumb\">\n\t<a href=\"https:\/\/eldigitaldeasturias.com\/magazine365\/category\/noticias-actualidad\/\" title=\"Noticias y Actualidad\">Noticias y Actualidad<\/a>\n<\/span><span class=\"aioseo-breadcrumb-separator\">\u2013<\/span><span class=\"aioseo-breadcrumb\">\n\t<a href=\"https:\/\/eldigitaldeasturias.com\/magazine365\/casi-7-500-viviendas-turisticas-han-cumplimentado-su-declaracion-responsable\/\" title=\"Casi 7.500 viviendas tur\u00edsticas han cumplimentado su declaraci\u00f3n responsable en Andaluc\u00eda\">Casi 7.500 viviendas tur\u00edsticas han cumplimentado su declaraci\u00f3n responsable en Andaluc\u00eda<\/a>\n<\/span><\/div>","aioseo_breadcrumb_json":[{"label":"Home","link":"https:\/\/eldigitaldeasturias.com\/magazine365"},{"label":"Noticias y Actualidad","link":"https:\/\/eldigitaldeasturias.com\/magazine365\/category\/noticias-actualidad\/"},{"label":"Casi 7.500 viviendas tur\u00edsticas han cumplimentado su declaraci\u00f3n responsable en Andaluc\u00eda","link":"https:\/\/eldigitaldeasturias.com\/magazine365\/casi-7-500-viviendas-turisticas-han-cumplimentado-su-declaracion-responsable\/"}],"_links":{"self":[{"href":"https:\/\/eldigitaldeasturias.com\/magazine365\/wp-json\/wp\/v2\/posts\/78547","targetHints":{"allow":["GET"]}}],"collection":[{"href":"https:\/\/eldigitaldeasturias.com\/magazine365\/wp-json\/wp\/v2\/posts"}],"about":[{"href":"https:\/\/eldigitaldeasturias.com\/magazine365\/wp-json\/wp\/v2\/types\/post"}],"author":[{"embeddable":true,"href":"https:\/\/eldigitaldeasturias.com\/magazine365\/wp-json\/wp\/v2\/users\/1"}],"replies":[{"embeddable":true,"href":"https:\/\/eldigitaldeasturias.com\/magazine365\/wp-json\/wp\/v2\/comments?post=78547"}],"version-history":[{"count":0,"href":"https:\/\/eldigitaldeasturias.com\/magazine365\/wp-json\/wp\/v2\/posts\/78547\/revisions"}],"wp:featuredmedia":[{"embeddable":true,"href":"https:\/\/eldigitaldeasturias.com\/magazine365\/wp-json\/wp\/v2\/media\/78548"}],"wp:attachment":[{"href":"https:\/\/eldigitaldeasturias.com\/magazine365\/wp-json\/wp\/v2\/media?parent=78547"}],"wp:term":[{"taxonomy":"category","embeddable":true,"href":"https:\/\/eldigitaldeasturias.com\/magazine365\/wp-json\/wp\/v2\/categories?post=78547"},{"taxonomy":"post_tag","embeddable":true,"href":"https:\/\/eldigitaldeasturias.com\/magazine365\/wp-json\/wp\/v2\/tags?post=78547"}],"curies":[{"name":"wp","href":"https:\/\/api.w.org\/{rel}","templated":true}]}}