{"id":78544,"date":"2016-06-09T19:05:34","date_gmt":"2016-06-09T17:05:34","guid":{"rendered":"http:\/\/eldigitaldeasturias.com\/magazine365\/?p=78544"},"modified":"2016-06-09T19:05:34","modified_gmt":"2016-06-09T17:05:34","slug":"mas-500-profesionales-turisticos-y-periodistas-especializados-se-reunen-durante-junio-en-andalucia","status":"publish","type":"post","link":"https:\/\/eldigitaldeasturias.com\/magazine365\/mas-500-profesionales-turisticos-y-periodistas-especializados-se-reunen-durante-junio-en-andalucia\/","title":{"rendered":"M\u00e1s 500 profesionales tur\u00edsticos y periodistas especializados se re\u00fanen durante junio en Andaluc\u00eda"},"content":{"rendered":"<p><img fetchpriority=\"high\" decoding=\"async\" class=\"alignleft size-medium wp-image-78545\" src=\"https:\/\/eldigitaldeasturias.com\/magazine365\/wp-content\/uploads\/2016\/06\/fotonoticia_20160609152938_800-360x240.jpg\" alt=\"fotonoticia_20160609152938_800\" width=\"360\" height=\"240\" srcset=\"https:\/\/eldigitaldeasturias.com\/magazine365\/wp-content\/uploads\/2016\/06\/fotonoticia_20160609152938_800-360x240.jpg 360w, https:\/\/eldigitaldeasturias.com\/magazine365\/wp-content\/uploads\/2016\/06\/fotonoticia_20160609152938_800-650x433.jpg 650w, https:\/\/eldigitaldeasturias.com\/magazine365\/wp-content\/uploads\/2016\/06\/fotonoticia_20160609152938_800-768x512.jpg 768w, https:\/\/eldigitaldeasturias.com\/magazine365\/wp-content\/uploads\/2016\/06\/fotonoticia_20160609152938_800-150x100.jpg 150w, https:\/\/eldigitaldeasturias.com\/magazine365\/wp-content\/uploads\/2016\/06\/fotonoticia_20160609152938_800-450x300.jpg 450w, https:\/\/eldigitaldeasturias.com\/magazine365\/wp-content\/uploads\/2016\/06\/fotonoticia_20160609152938_800-101x66.jpg 101w, https:\/\/eldigitaldeasturias.com\/magazine365\/wp-content\/uploads\/2016\/06\/fotonoticia_20160609152938_800.jpg 800w\" sizes=\"(max-width: 360px) 100vw, 360px\" \/>M\u00e1s de 500 agentes del sector tur\u00edstico y periodistas especializados tendr\u00e1n la oportunidad de conocer directamente la oferta de Andaluc\u00eda durante el presente mes de junio, profesionales que visitar\u00e1n la comunidad en las acciones inversas en las que participa la Consejer\u00eda de Turismo y Deporte.<\/p>\n<p>A trav\u00e9s de m\u00e1s de 30 actuaciones se recorrer\u00e1n las ocho provincias de la regi\u00f3n, en colaboraci\u00f3n con los respectivos patronatos de turismo, con el objetivo de reforzar el posicionamiento del destino entre prescriptores procedentes de una docena de mercados, seg\u00fan ha se\u00f1alado en una nota la Consejer\u00eda.<\/p>\n<p>Entre los viajes de familiarizaci\u00f3n dirigidos al emisor nacional se encuentran recorridos por todas las provincias andaluzas de unos 250 agentes de viajes y representantes de medios de comunicaci\u00f3n del pa\u00eds. Estos itinerarios se centrar\u00e1n en la difusi\u00f3n de segmentos como el turismo de naturaleza e interior, sol y playa, cultural, gastron\u00f3mico, deportivo o de reuniones, entre otros.<\/p>\n<p>En cuanto a los mercados internacionales tradicionales, un grupo de prensa de la prestigiosa cadena brit\u00e1nica BBC visitar\u00e1 la regi\u00f3n para realizar un reportaje sobre su gastronom\u00eda, motivo por el cual tambi\u00e9n se desplazar\u00e1n al destino periodistas alemanes y franceses para centrarse en su oferta de interior, litoral y ecuestre.<\/p>\n<p>Por otra parte, la comunidad tambi\u00e9n recibir\u00e1 durante el presente mes de junio a varios grupos de responsables de agencias y medios de comunicaci\u00f3n procedentes de Austria, Italia, Holanda y B\u00e9lgica.<\/p>\n<p>Adem\u00e1s, a comienzos de mes se llevaron a cabo dos viajes de familiarizaci\u00f3n de profesionales de Am\u00e9rica Latina participantes en el XI Sal\u00f3n Internacional de Turismo &#8216;Euroal 2016&#8217;, celebrado en Torremolinos (M\u00e1laga), acciones que contemplaron rutas por otras zonas de la regi\u00f3n.<\/p>\n<p>Tambi\u00e9n en lo que se refiere a mercados lejanos, se desarrollar\u00e1n dos acciones inversas dirigidas a China, con motivo del vuelo que pondr\u00e1 en marcha Cathay Pacific entre Hong Kong y Madrid que permitir\u00e1 abrir una nueva v\u00eda de comunicaci\u00f3n con este emisor emergente.<\/p>\n<p>Finalmente, visitar\u00e1n la comunidad dos grupos de prensa de Canad\u00e1 y Estados Unidos, mientras que una delegaci\u00f3n de alrededor de una decena de agentes de viajes procedentes de este \u00faltimo pa\u00eds realizar\u00e1 un itinerario por varias provincias centrado en su oferta de turismo idiom\u00e1tico.<\/p>\n","protected":false},"excerpt":{"rendered":"<p>M\u00e1s de 500 agentes del sector tur\u00edstico y periodistas especializados tendr\u00e1n la oportunidad de conocer directamente la oferta de Andaluc\u00eda durante el presente mes de junio, profesionales que visitar\u00e1n la comunidad en las acciones inversas en las que participa la Consejer\u00eda de Turismo y Deporte. A trav\u00e9s de m\u00e1s de 30 actuaciones se recorrer\u00e1n las<\/p>\n","protected":false},"author":1,"featured_media":78545,"comment_status":"open","ping_status":"closed","sticky":false,"template":"","format":"standard","meta":{"footnotes":""},"categories":[224],"tags":[],"class_list":{"0":"post-78544","1":"post","2":"type-post","3":"status-publish","4":"format-standard","5":"has-post-thumbnail","7":"category-noticias-actualidad"},"aioseo_notices":[],"aioseo_head":"\n\t\t<!-- All in One SEO Pro 4.9.6.1 - aioseo.com -->\n\t<meta name=\"description\" content=\"M\u00e1s de 500 agentes del sector tur\u00edstico y periodistas especializados tendr\u00e1n la oportunidad de conocer directamente la oferta de Andaluc\u00eda durante el presente mes de junio, profesionales que visitar\u00e1n la comunidad en las acciones inversas en las que participa la Consejer\u00eda de Turismo y Deporte. A trav\u00e9s de m\u00e1s de 30 actuaciones se recorrer\u00e1n las\" \/>\n\t<meta name=\"robots\" content=\"max-image-preview:large\" \/>\n\t<meta name=\"author\" content=\"admin\"\/>\n\t<meta name=\"google-site-verification\" content=\"UA-38556648-1\" \/>\n\t<meta name=\"keywords\" content=\"noticias y actualidad\" \/>\n\t<link rel=\"canonical\" href=\"https:\/\/eldigitaldeasturias.com\/magazine365\/mas-500-profesionales-turisticos-y-periodistas-especializados-se-reunen-durante-junio-en-andalucia\/\" \/>\n\t<meta name=\"generator\" content=\"All in One SEO Pro (AIOSEO) 4.9.6.1\" \/>\n\t\t<meta property=\"og:locale\" content=\"es_ES\" \/>\n\t\t<meta property=\"og:site_name\" content=\"El Digital de Asturias \u2013 Revista de ocio, turismo y estilo de vida\" \/>\n\t\t<meta property=\"og:type\" content=\"article\" \/>\n\t\t<meta property=\"og:title\" content=\"M\u00e1s 500 profesionales tur\u00edsticos y periodistas especializados se re\u00fanen durante junio en Andaluc\u00eda | El Digital de Asturias\" \/>\n\t\t<meta property=\"og:description\" content=\"M\u00e1s de 500 agentes del sector tur\u00edstico y periodistas especializados tendr\u00e1n la oportunidad de conocer directamente la oferta de Andaluc\u00eda durante el presente mes de junio, profesionales que visitar\u00e1n la comunidad en las acciones inversas en las que participa la Consejer\u00eda de Turismo y Deporte. A trav\u00e9s de m\u00e1s de 30 actuaciones se recorrer\u00e1n las\" \/>\n\t\t<meta property=\"og:url\" content=\"https:\/\/eldigitaldeasturias.com\/magazine365\/mas-500-profesionales-turisticos-y-periodistas-especializados-se-reunen-durante-junio-en-andalucia\/\" \/>\n\t\t<meta property=\"og:image\" content=\"https:\/\/eldigitaldeasturias.com\/magazine365\/wp-content\/uploads\/2016\/06\/fotonoticia_20160609152938_800.jpg\" \/>\n\t\t<meta property=\"og:image:secure_url\" content=\"https:\/\/eldigitaldeasturias.com\/magazine365\/wp-content\/uploads\/2016\/06\/fotonoticia_20160609152938_800.jpg\" \/>\n\t\t<meta property=\"og:image:width\" content=\"800\" \/>\n\t\t<meta property=\"og:image:height\" content=\"533\" \/>\n\t\t<meta property=\"article:published_time\" content=\"2016-06-09T17:05:34+00:00\" \/>\n\t\t<meta property=\"article:modified_time\" content=\"2016-06-09T17:05:34+00:00\" \/>\n\t\t<meta name=\"twitter:card\" content=\"summary_large_image\" \/>\n\t\t<meta name=\"twitter:title\" content=\"M\u00e1s 500 profesionales tur\u00edsticos y periodistas especializados se re\u00fanen durante junio en Andaluc\u00eda | El Digital de Asturias\" \/>\n\t\t<meta name=\"twitter:description\" content=\"M\u00e1s de 500 agentes del sector tur\u00edstico y periodistas especializados tendr\u00e1n la oportunidad de conocer directamente la oferta de Andaluc\u00eda durante el presente mes de junio, profesionales que visitar\u00e1n la comunidad en las acciones inversas en las que participa la Consejer\u00eda de Turismo y Deporte. A trav\u00e9s de m\u00e1s de 30 actuaciones se recorrer\u00e1n las\" \/>\n\t\t<meta name=\"twitter:image\" content=\"https:\/\/eldigitaldeasturias.com\/magazine365\/wp-content\/uploads\/2016\/06\/fotonoticia_20160609152938_800.jpg\" \/>\n\t\t<script type=\"application\/ld+json\" class=\"aioseo-schema\">\n\t\t\t{\"@context\":\"https:\\\/\\\/schema.org\",\"@graph\":[{\"@type\":\"Article\",\"@id\":\"https:\\\/\\\/eldigitaldeasturias.com\\\/magazine365\\\/mas-500-profesionales-turisticos-y-periodistas-especializados-se-reunen-durante-junio-en-andalucia\\\/#article\",\"name\":\"M\\u00e1s 500 profesionales tur\\u00edsticos y periodistas especializados se re\\u00fanen durante junio en Andaluc\\u00eda | El Digital de Asturias\",\"headline\":\"M\\u00e1s 500 profesionales tur\\u00edsticos y periodistas especializados se re\\u00fanen durante junio en Andaluc\\u00eda\",\"author\":{\"@id\":\"https:\\\/\\\/eldigitaldeasturias.com\\\/magazine365\\\/author\\\/admin\\\/#author\"},\"publisher\":{\"@id\":\"https:\\\/\\\/eldigitaldeasturias.com\\\/magazine365\\\/#organization\"},\"image\":{\"@type\":\"ImageObject\",\"url\":\"https:\\\/\\\/eldigitaldeasturias.com\\\/magazine365\\\/wp-content\\\/uploads\\\/2016\\\/06\\\/fotonoticia_20160609152938_800.jpg\",\"width\":800,\"height\":533},\"datePublished\":\"2016-06-09T19:05:34+02:00\",\"dateModified\":\"2016-06-09T19:05:34+02:00\",\"inLanguage\":\"es-ES\",\"mainEntityOfPage\":{\"@id\":\"https:\\\/\\\/eldigitaldeasturias.com\\\/magazine365\\\/mas-500-profesionales-turisticos-y-periodistas-especializados-se-reunen-durante-junio-en-andalucia\\\/#webpage\"},\"isPartOf\":{\"@id\":\"https:\\\/\\\/eldigitaldeasturias.com\\\/magazine365\\\/mas-500-profesionales-turisticos-y-periodistas-especializados-se-reunen-durante-junio-en-andalucia\\\/#webpage\"},\"articleSection\":\"Noticias y Actualidad\"},{\"@type\":\"BreadcrumbList\",\"@id\":\"https:\\\/\\\/eldigitaldeasturias.com\\\/magazine365\\\/mas-500-profesionales-turisticos-y-periodistas-especializados-se-reunen-durante-junio-en-andalucia\\\/#breadcrumblist\",\"itemListElement\":[{\"@type\":\"ListItem\",\"@id\":\"https:\\\/\\\/eldigitaldeasturias.com\\\/magazine365#listItem\",\"position\":1,\"name\":\"Home\",\"item\":\"https:\\\/\\\/eldigitaldeasturias.com\\\/magazine365\",\"nextItem\":{\"@type\":\"ListItem\",\"@id\":\"https:\\\/\\\/eldigitaldeasturias.com\\\/magazine365\\\/category\\\/noticias-actualidad\\\/#listItem\",\"name\":\"Noticias y Actualidad\"}},{\"@type\":\"ListItem\",\"@id\":\"https:\\\/\\\/eldigitaldeasturias.com\\\/magazine365\\\/category\\\/noticias-actualidad\\\/#listItem\",\"position\":2,\"name\":\"Noticias y Actualidad\",\"item\":\"https:\\\/\\\/eldigitaldeasturias.com\\\/magazine365\\\/category\\\/noticias-actualidad\\\/\",\"nextItem\":{\"@type\":\"ListItem\",\"@id\":\"https:\\\/\\\/eldigitaldeasturias.com\\\/magazine365\\\/mas-500-profesionales-turisticos-y-periodistas-especializados-se-reunen-durante-junio-en-andalucia\\\/#listItem\",\"name\":\"M\\u00e1s 500 profesionales tur\\u00edsticos y periodistas especializados se re\\u00fanen durante junio en Andaluc\\u00eda\"},\"previousItem\":{\"@type\":\"ListItem\",\"@id\":\"https:\\\/\\\/eldigitaldeasturias.com\\\/magazine365#listItem\",\"name\":\"Home\"}},{\"@type\":\"ListItem\",\"@id\":\"https:\\\/\\\/eldigitaldeasturias.com\\\/magazine365\\\/mas-500-profesionales-turisticos-y-periodistas-especializados-se-reunen-durante-junio-en-andalucia\\\/#listItem\",\"position\":3,\"name\":\"M\\u00e1s 500 profesionales tur\\u00edsticos y periodistas especializados se re\\u00fanen durante junio en Andaluc\\u00eda\",\"previousItem\":{\"@type\":\"ListItem\",\"@id\":\"https:\\\/\\\/eldigitaldeasturias.com\\\/magazine365\\\/category\\\/noticias-actualidad\\\/#listItem\",\"name\":\"Noticias y Actualidad\"}}]},{\"@type\":\"Organization\",\"@id\":\"https:\\\/\\\/eldigitaldeasturias.com\\\/magazine365\\\/#organization\",\"name\":\"El digital de Asturias\",\"description\":\"Revista de ocio, turismo y estilo de vida\",\"url\":\"https:\\\/\\\/eldigitaldeasturias.com\\\/magazine365\\\/\",\"logo\":{\"@type\":\"ImageObject\",\"url\":\"https:\\\/\\\/www.eldigitaldeasturias.com\\\/noticias\\\/wp-content\\\/uploads\\\/2020\\\/12\\\/EDA.jpg\",\"@id\":\"https:\\\/\\\/eldigitaldeasturias.com\\\/magazine365\\\/mas-500-profesionales-turisticos-y-periodistas-especializados-se-reunen-durante-junio-en-andalucia\\\/#organizationLogo\"},\"image\":{\"@id\":\"https:\\\/\\\/eldigitaldeasturias.com\\\/magazine365\\\/mas-500-profesionales-turisticos-y-periodistas-especializados-se-reunen-durante-junio-en-andalucia\\\/#organizationLogo\"}},{\"@type\":\"Person\",\"@id\":\"https:\\\/\\\/eldigitaldeasturias.com\\\/magazine365\\\/author\\\/admin\\\/#author\",\"url\":\"https:\\\/\\\/eldigitaldeasturias.com\\\/magazine365\\\/author\\\/admin\\\/\",\"name\":\"admin\",\"image\":{\"@type\":\"ImageObject\",\"@id\":\"https:\\\/\\\/eldigitaldeasturias.com\\\/magazine365\\\/mas-500-profesionales-turisticos-y-periodistas-especializados-se-reunen-durante-junio-en-andalucia\\\/#authorImage\",\"url\":\"https:\\\/\\\/eldigitaldeasturias.com\\\/magazine365\\\/wp-content\\\/litespeed\\\/avatar\\\/e571bcf59a0edd6fa6838245a470f2fe.jpg?ver=1776969259\",\"width\":96,\"height\":96,\"caption\":\"admin\"}},{\"@type\":\"WebPage\",\"@id\":\"https:\\\/\\\/eldigitaldeasturias.com\\\/magazine365\\\/mas-500-profesionales-turisticos-y-periodistas-especializados-se-reunen-durante-junio-en-andalucia\\\/#webpage\",\"url\":\"https:\\\/\\\/eldigitaldeasturias.com\\\/magazine365\\\/mas-500-profesionales-turisticos-y-periodistas-especializados-se-reunen-durante-junio-en-andalucia\\\/\",\"name\":\"M\\u00e1s 500 profesionales tur\\u00edsticos y periodistas especializados se re\\u00fanen durante junio en Andaluc\\u00eda | El Digital de Asturias\",\"description\":\"M\\u00e1s de 500 agentes del sector tur\\u00edstico y periodistas especializados tendr\\u00e1n la oportunidad de conocer directamente la oferta de Andaluc\\u00eda durante el presente mes de junio, profesionales que visitar\\u00e1n la comunidad en las acciones inversas en las que participa la Consejer\\u00eda de Turismo y Deporte. A trav\\u00e9s de m\\u00e1s de 30 actuaciones se recorrer\\u00e1n las\",\"inLanguage\":\"es-ES\",\"isPartOf\":{\"@id\":\"https:\\\/\\\/eldigitaldeasturias.com\\\/magazine365\\\/#website\"},\"breadcrumb\":{\"@id\":\"https:\\\/\\\/eldigitaldeasturias.com\\\/magazine365\\\/mas-500-profesionales-turisticos-y-periodistas-especializados-se-reunen-durante-junio-en-andalucia\\\/#breadcrumblist\"},\"author\":{\"@id\":\"https:\\\/\\\/eldigitaldeasturias.com\\\/magazine365\\\/author\\\/admin\\\/#author\"},\"creator\":{\"@id\":\"https:\\\/\\\/eldigitaldeasturias.com\\\/magazine365\\\/author\\\/admin\\\/#author\"},\"image\":{\"@type\":\"ImageObject\",\"url\":\"https:\\\/\\\/eldigitaldeasturias.com\\\/magazine365\\\/wp-content\\\/uploads\\\/2016\\\/06\\\/fotonoticia_20160609152938_800.jpg\",\"@id\":\"https:\\\/\\\/eldigitaldeasturias.com\\\/magazine365\\\/mas-500-profesionales-turisticos-y-periodistas-especializados-se-reunen-durante-junio-en-andalucia\\\/#mainImage\",\"width\":800,\"height\":533},\"primaryImageOfPage\":{\"@id\":\"https:\\\/\\\/eldigitaldeasturias.com\\\/magazine365\\\/mas-500-profesionales-turisticos-y-periodistas-especializados-se-reunen-durante-junio-en-andalucia\\\/#mainImage\"},\"datePublished\":\"2016-06-09T19:05:34+02:00\",\"dateModified\":\"2016-06-09T19:05:34+02:00\"},{\"@type\":\"WebSite\",\"@id\":\"https:\\\/\\\/eldigitaldeasturias.com\\\/magazine365\\\/#website\",\"url\":\"https:\\\/\\\/eldigitaldeasturias.com\\\/magazine365\\\/\",\"name\":\"El Digital de Asturias\",\"description\":\"Revista de ocio, turismo y estilo de vida\",\"inLanguage\":\"es-ES\",\"publisher\":{\"@id\":\"https:\\\/\\\/eldigitaldeasturias.com\\\/magazine365\\\/#organization\"}}]}\n\t\t<\/script>\n\t\t<!-- All in One SEO Pro -->\r\n\t\t<title>M\u00e1s 500 profesionales tur\u00edsticos y periodistas especializados se re\u00fanen durante junio en Andaluc\u00eda | El Digital de Asturias<\/title>\n\n","aioseo_head_json":{"title":"M\u00e1s 500 profesionales tur\u00edsticos y periodistas especializados se re\u00fanen durante junio en Andaluc\u00eda | El Digital de Asturias","description":"M\u00e1s de 500 agentes del sector tur\u00edstico y periodistas especializados tendr\u00e1n la oportunidad de conocer directamente la oferta de Andaluc\u00eda durante el presente mes de junio, profesionales que visitar\u00e1n la comunidad en las acciones inversas en las que participa la Consejer\u00eda de Turismo y Deporte. A trav\u00e9s de m\u00e1s de 30 actuaciones se recorrer\u00e1n las","canonical_url":"https:\/\/eldigitaldeasturias.com\/magazine365\/mas-500-profesionales-turisticos-y-periodistas-especializados-se-reunen-durante-junio-en-andalucia\/","robots":"max-image-preview:large","keywords":"noticias y actualidad","webmasterTools":{"google-site-verification":"UA-38556648-1","miscellaneous":""},"schema":{"@context":"https:\/\/schema.org","@graph":[{"@type":"Article","@id":"https:\/\/eldigitaldeasturias.com\/magazine365\/mas-500-profesionales-turisticos-y-periodistas-especializados-se-reunen-durante-junio-en-andalucia\/#article","name":"M\u00e1s 500 profesionales tur\u00edsticos y periodistas especializados se re\u00fanen durante junio en Andaluc\u00eda | El Digital de Asturias","headline":"M\u00e1s 500 profesionales tur\u00edsticos y periodistas especializados se re\u00fanen durante junio en Andaluc\u00eda","author":{"@id":"https:\/\/eldigitaldeasturias.com\/magazine365\/author\/admin\/#author"},"publisher":{"@id":"https:\/\/eldigitaldeasturias.com\/magazine365\/#organization"},"image":{"@type":"ImageObject","url":"https:\/\/eldigitaldeasturias.com\/magazine365\/wp-content\/uploads\/2016\/06\/fotonoticia_20160609152938_800.jpg","width":800,"height":533},"datePublished":"2016-06-09T19:05:34+02:00","dateModified":"2016-06-09T19:05:34+02:00","inLanguage":"es-ES","mainEntityOfPage":{"@id":"https:\/\/eldigitaldeasturias.com\/magazine365\/mas-500-profesionales-turisticos-y-periodistas-especializados-se-reunen-durante-junio-en-andalucia\/#webpage"},"isPartOf":{"@id":"https:\/\/eldigitaldeasturias.com\/magazine365\/mas-500-profesionales-turisticos-y-periodistas-especializados-se-reunen-durante-junio-en-andalucia\/#webpage"},"articleSection":"Noticias y Actualidad"},{"@type":"BreadcrumbList","@id":"https:\/\/eldigitaldeasturias.com\/magazine365\/mas-500-profesionales-turisticos-y-periodistas-especializados-se-reunen-durante-junio-en-andalucia\/#breadcrumblist","itemListElement":[{"@type":"ListItem","@id":"https:\/\/eldigitaldeasturias.com\/magazine365#listItem","position":1,"name":"Home","item":"https:\/\/eldigitaldeasturias.com\/magazine365","nextItem":{"@type":"ListItem","@id":"https:\/\/eldigitaldeasturias.com\/magazine365\/category\/noticias-actualidad\/#listItem","name":"Noticias y Actualidad"}},{"@type":"ListItem","@id":"https:\/\/eldigitaldeasturias.com\/magazine365\/category\/noticias-actualidad\/#listItem","position":2,"name":"Noticias y Actualidad","item":"https:\/\/eldigitaldeasturias.com\/magazine365\/category\/noticias-actualidad\/","nextItem":{"@type":"ListItem","@id":"https:\/\/eldigitaldeasturias.com\/magazine365\/mas-500-profesionales-turisticos-y-periodistas-especializados-se-reunen-durante-junio-en-andalucia\/#listItem","name":"M\u00e1s 500 profesionales tur\u00edsticos y periodistas especializados se re\u00fanen durante junio en Andaluc\u00eda"},"previousItem":{"@type":"ListItem","@id":"https:\/\/eldigitaldeasturias.com\/magazine365#listItem","name":"Home"}},{"@type":"ListItem","@id":"https:\/\/eldigitaldeasturias.com\/magazine365\/mas-500-profesionales-turisticos-y-periodistas-especializados-se-reunen-durante-junio-en-andalucia\/#listItem","position":3,"name":"M\u00e1s 500 profesionales tur\u00edsticos y periodistas especializados se re\u00fanen durante junio en Andaluc\u00eda","previousItem":{"@type":"ListItem","@id":"https:\/\/eldigitaldeasturias.com\/magazine365\/category\/noticias-actualidad\/#listItem","name":"Noticias y Actualidad"}}]},{"@type":"Organization","@id":"https:\/\/eldigitaldeasturias.com\/magazine365\/#organization","name":"El digital de Asturias","description":"Revista de ocio, turismo y estilo de vida","url":"https:\/\/eldigitaldeasturias.com\/magazine365\/","logo":{"@type":"ImageObject","url":"https:\/\/www.eldigitaldeasturias.com\/noticias\/wp-content\/uploads\/2020\/12\/EDA.jpg","@id":"https:\/\/eldigitaldeasturias.com\/magazine365\/mas-500-profesionales-turisticos-y-periodistas-especializados-se-reunen-durante-junio-en-andalucia\/#organizationLogo"},"image":{"@id":"https:\/\/eldigitaldeasturias.com\/magazine365\/mas-500-profesionales-turisticos-y-periodistas-especializados-se-reunen-durante-junio-en-andalucia\/#organizationLogo"}},{"@type":"Person","@id":"https:\/\/eldigitaldeasturias.com\/magazine365\/author\/admin\/#author","url":"https:\/\/eldigitaldeasturias.com\/magazine365\/author\/admin\/","name":"admin","image":{"@type":"ImageObject","@id":"https:\/\/eldigitaldeasturias.com\/magazine365\/mas-500-profesionales-turisticos-y-periodistas-especializados-se-reunen-durante-junio-en-andalucia\/#authorImage","url":"https:\/\/eldigitaldeasturias.com\/magazine365\/wp-content\/litespeed\/avatar\/e571bcf59a0edd6fa6838245a470f2fe.jpg?ver=1776969259","width":96,"height":96,"caption":"admin"}},{"@type":"WebPage","@id":"https:\/\/eldigitaldeasturias.com\/magazine365\/mas-500-profesionales-turisticos-y-periodistas-especializados-se-reunen-durante-junio-en-andalucia\/#webpage","url":"https:\/\/eldigitaldeasturias.com\/magazine365\/mas-500-profesionales-turisticos-y-periodistas-especializados-se-reunen-durante-junio-en-andalucia\/","name":"M\u00e1s 500 profesionales tur\u00edsticos y periodistas especializados se re\u00fanen durante junio en Andaluc\u00eda | El Digital de Asturias","description":"M\u00e1s de 500 agentes del sector tur\u00edstico y periodistas especializados tendr\u00e1n la oportunidad de conocer directamente la oferta de Andaluc\u00eda durante el presente mes de junio, profesionales que visitar\u00e1n la comunidad en las acciones inversas en las que participa la Consejer\u00eda de Turismo y Deporte. A trav\u00e9s de m\u00e1s de 30 actuaciones se recorrer\u00e1n las","inLanguage":"es-ES","isPartOf":{"@id":"https:\/\/eldigitaldeasturias.com\/magazine365\/#website"},"breadcrumb":{"@id":"https:\/\/eldigitaldeasturias.com\/magazine365\/mas-500-profesionales-turisticos-y-periodistas-especializados-se-reunen-durante-junio-en-andalucia\/#breadcrumblist"},"author":{"@id":"https:\/\/eldigitaldeasturias.com\/magazine365\/author\/admin\/#author"},"creator":{"@id":"https:\/\/eldigitaldeasturias.com\/magazine365\/author\/admin\/#author"},"image":{"@type":"ImageObject","url":"https:\/\/eldigitaldeasturias.com\/magazine365\/wp-content\/uploads\/2016\/06\/fotonoticia_20160609152938_800.jpg","@id":"https:\/\/eldigitaldeasturias.com\/magazine365\/mas-500-profesionales-turisticos-y-periodistas-especializados-se-reunen-durante-junio-en-andalucia\/#mainImage","width":800,"height":533},"primaryImageOfPage":{"@id":"https:\/\/eldigitaldeasturias.com\/magazine365\/mas-500-profesionales-turisticos-y-periodistas-especializados-se-reunen-durante-junio-en-andalucia\/#mainImage"},"datePublished":"2016-06-09T19:05:34+02:00","dateModified":"2016-06-09T19:05:34+02:00"},{"@type":"WebSite","@id":"https:\/\/eldigitaldeasturias.com\/magazine365\/#website","url":"https:\/\/eldigitaldeasturias.com\/magazine365\/","name":"El Digital de Asturias","description":"Revista de ocio, turismo y estilo de vida","inLanguage":"es-ES","publisher":{"@id":"https:\/\/eldigitaldeasturias.com\/magazine365\/#organization"}}]},"og:locale":"es_ES","og:site_name":"El Digital de Asturias \u2013 Revista de ocio, turismo y estilo de vida","og:type":"article","og:title":"M\u00e1s 500 profesionales tur\u00edsticos y periodistas especializados se re\u00fanen durante junio en Andaluc\u00eda | El Digital de Asturias","og:description":"M\u00e1s de 500 agentes del sector tur\u00edstico y periodistas especializados tendr\u00e1n la oportunidad de conocer directamente la oferta de Andaluc\u00eda durante el presente mes de junio, profesionales que visitar\u00e1n la comunidad en las acciones inversas en las que participa la Consejer\u00eda de Turismo y Deporte. A trav\u00e9s de m\u00e1s de 30 actuaciones se recorrer\u00e1n las","og:url":"https:\/\/eldigitaldeasturias.com\/magazine365\/mas-500-profesionales-turisticos-y-periodistas-especializados-se-reunen-durante-junio-en-andalucia\/","og:image":"https:\/\/eldigitaldeasturias.com\/magazine365\/wp-content\/uploads\/2016\/06\/fotonoticia_20160609152938_800.jpg","og:image:secure_url":"https:\/\/eldigitaldeasturias.com\/magazine365\/wp-content\/uploads\/2016\/06\/fotonoticia_20160609152938_800.jpg","og:image:width":800,"og:image:height":533,"article:published_time":"2016-06-09T17:05:34+00:00","article:modified_time":"2016-06-09T17:05:34+00:00","twitter:card":"summary_large_image","twitter:title":"M\u00e1s 500 profesionales tur\u00edsticos y periodistas especializados se re\u00fanen durante junio en Andaluc\u00eda | El Digital de Asturias","twitter:description":"M\u00e1s de 500 agentes del sector tur\u00edstico y periodistas especializados tendr\u00e1n la oportunidad de conocer directamente la oferta de Andaluc\u00eda durante el presente mes de junio, profesionales que visitar\u00e1n la comunidad en las acciones inversas en las que participa la Consejer\u00eda de Turismo y Deporte. A trav\u00e9s de m\u00e1s de 30 actuaciones se recorrer\u00e1n las","twitter:image":"https:\/\/eldigitaldeasturias.com\/magazine365\/wp-content\/uploads\/2016\/06\/fotonoticia_20160609152938_800.jpg"},"aioseo_meta_data":{"post_id":"78544","title":null,"description":null,"keywords":null,"keyphrases":null,"primary_term":null,"canonical_url":null,"og_title":null,"og_description":null,"og_object_type":"default","og_image_type":"default","og_image_url":null,"og_image_width":null,"og_image_height":null,"og_image_custom_url":null,"og_image_custom_fields":null,"og_video":null,"og_custom_url":null,"og_article_section":null,"og_article_tags":null,"twitter_use_og":false,"twitter_card":"default","twitter_image_type":"default","twitter_image_url":null,"twitter_image_custom_url":null,"twitter_image_custom_fields":null,"twitter_title":null,"twitter_description":null,"schema":{"blockGraphs":[],"customGraphs":[],"default":{"data":{"Article":[],"Course":[],"Dataset":[],"FAQPage":[],"Movie":[],"Person":[],"Product":[],"ProductReview":[],"Car":[],"Recipe":[],"Service":[],"SoftwareApplication":[],"WebPage":[]},"graphName":"","isEnabled":true},"graphs":[],"defaultGraph":"","defaultPostTypeGraph":""},"schema_type":null,"schema_type_options":null,"pillar_content":false,"robots_default":true,"robots_noindex":false,"robots_noarchive":false,"robots_nosnippet":false,"robots_nofollow":false,"robots_noimageindex":false,"robots_noodp":false,"robots_notranslate":false,"robots_max_snippet":null,"robots_max_videopreview":null,"robots_max_imagepreview":"large","priority":null,"frequency":null,"location":null,"local_seo":null,"seo_analyzer_scan_date":"2025-09-27 17:10:50","breadcrumb_settings":null,"limit_modified_date":false,"open_ai":null,"ai":null,"created":"2021-03-08 18:00:03","updated":"2025-09-27 17:10:50"},"aioseo_breadcrumb":"<div class=\"aioseo-breadcrumbs\"><span class=\"aioseo-breadcrumb\">\n\t<a href=\"https:\/\/eldigitaldeasturias.com\/magazine365\" title=\"Home\">Home<\/a>\n<\/span><span class=\"aioseo-breadcrumb-separator\">\u2013<\/span><span class=\"aioseo-breadcrumb\">\n\t<a href=\"https:\/\/eldigitaldeasturias.com\/magazine365\/category\/noticias-actualidad\/\" title=\"Noticias y Actualidad\">Noticias y Actualidad<\/a>\n<\/span><span class=\"aioseo-breadcrumb-separator\">\u2013<\/span><span class=\"aioseo-breadcrumb\">\n\t<a href=\"https:\/\/eldigitaldeasturias.com\/magazine365\/mas-500-profesionales-turisticos-y-periodistas-especializados-se-reunen-durante-junio-en-andalucia\/\" title=\"M\u00e1s 500 profesionales tur\u00edsticos y periodistas especializados se re\u00fanen durante junio en Andaluc\u00eda\">M\u00e1s 500 profesionales tur\u00edsticos y periodistas especializados se re\u00fanen durante junio en Andaluc\u00eda<\/a>\n<\/span><\/div>","aioseo_breadcrumb_json":[{"label":"Home","link":"https:\/\/eldigitaldeasturias.com\/magazine365"},{"label":"Noticias y Actualidad","link":"https:\/\/eldigitaldeasturias.com\/magazine365\/category\/noticias-actualidad\/"},{"label":"M\u00e1s 500 profesionales tur\u00edsticos y periodistas especializados se re\u00fanen durante junio en Andaluc\u00eda","link":"https:\/\/eldigitaldeasturias.com\/magazine365\/mas-500-profesionales-turisticos-y-periodistas-especializados-se-reunen-durante-junio-en-andalucia\/"}],"_links":{"self":[{"href":"https:\/\/eldigitaldeasturias.com\/magazine365\/wp-json\/wp\/v2\/posts\/78544","targetHints":{"allow":["GET"]}}],"collection":[{"href":"https:\/\/eldigitaldeasturias.com\/magazine365\/wp-json\/wp\/v2\/posts"}],"about":[{"href":"https:\/\/eldigitaldeasturias.com\/magazine365\/wp-json\/wp\/v2\/types\/post"}],"author":[{"embeddable":true,"href":"https:\/\/eldigitaldeasturias.com\/magazine365\/wp-json\/wp\/v2\/users\/1"}],"replies":[{"embeddable":true,"href":"https:\/\/eldigitaldeasturias.com\/magazine365\/wp-json\/wp\/v2\/comments?post=78544"}],"version-history":[{"count":0,"href":"https:\/\/eldigitaldeasturias.com\/magazine365\/wp-json\/wp\/v2\/posts\/78544\/revisions"}],"wp:featuredmedia":[{"embeddable":true,"href":"https:\/\/eldigitaldeasturias.com\/magazine365\/wp-json\/wp\/v2\/media\/78545"}],"wp:attachment":[{"href":"https:\/\/eldigitaldeasturias.com\/magazine365\/wp-json\/wp\/v2\/media?parent=78544"}],"wp:term":[{"taxonomy":"category","embeddable":true,"href":"https:\/\/eldigitaldeasturias.com\/magazine365\/wp-json\/wp\/v2\/categories?post=78544"},{"taxonomy":"post_tag","embeddable":true,"href":"https:\/\/eldigitaldeasturias.com\/magazine365\/wp-json\/wp\/v2\/tags?post=78544"}],"curies":[{"name":"wp","href":"https:\/\/api.w.org\/{rel}","templated":true}]}}