{"id":78528,"date":"2016-06-09T18:58:11","date_gmt":"2016-06-09T16:58:11","guid":{"rendered":"http:\/\/eldigitaldeasturias.com\/magazine365\/?p=78528"},"modified":"2016-06-09T18:58:11","modified_gmt":"2016-06-09T16:58:11","slug":"el-movil-imprescindible-en-vacaciones-para-un-83-de-los-espanoles","status":"publish","type":"post","link":"https:\/\/eldigitaldeasturias.com\/magazine365\/el-movil-imprescindible-en-vacaciones-para-un-83-de-los-espanoles\/","title":{"rendered":"El m\u00f3vil imprescindible en vacaciones para un 83% de los espa\u00f1oles"},"content":{"rendered":"<p><img fetchpriority=\"high\" decoding=\"async\" class=\"alignleft size-medium wp-image-78529\" src=\"https:\/\/eldigitaldeasturias.com\/magazine365\/wp-content\/uploads\/2016\/06\/fotonoticia_20160609150517_800-360x248.jpg\" alt=\"fotonoticia_20160609150517_800\" width=\"360\" height=\"248\" srcset=\"https:\/\/eldigitaldeasturias.com\/magazine365\/wp-content\/uploads\/2016\/06\/fotonoticia_20160609150517_800-360x248.jpg 360w, https:\/\/eldigitaldeasturias.com\/magazine365\/wp-content\/uploads\/2016\/06\/fotonoticia_20160609150517_800-650x449.jpg 650w, https:\/\/eldigitaldeasturias.com\/magazine365\/wp-content\/uploads\/2016\/06\/fotonoticia_20160609150517_800-768x530.jpg 768w, https:\/\/eldigitaldeasturias.com\/magazine365\/wp-content\/uploads\/2016\/06\/fotonoticia_20160609150517_800-150x104.jpg 150w, https:\/\/eldigitaldeasturias.com\/magazine365\/wp-content\/uploads\/2016\/06\/fotonoticia_20160609150517_800-450x311.jpg 450w, https:\/\/eldigitaldeasturias.com\/magazine365\/wp-content\/uploads\/2016\/06\/fotonoticia_20160609150517_800.jpg 800w\" sizes=\"(max-width: 360px) 100vw, 360px\" \/>Un 83% de los espa\u00f1oles considera que el tel\u00e9fono m\u00f3vil es \u00abimprescindible\u00bb en sus vacaciones de verano, hasta el punto que lo priorizan a la hora de hacer la maleta por encima del cepillo de dientes, el maquillaje o los utensilios de afeitado, seg\u00fan un estudio del fabricante de ordenadores Asus.<\/p>\n<p>La encuesta de Asus &#8216;Tecnolog\u00eda y verano en Espa\u00f1a&#8217;, realizada a una muestra representativa de 1.000 personas mayores de 25 a\u00f1os, refleja que la relevancia que se le da al m\u00f3vil es tal que un 18% de los espa\u00f1oles es lo primero que ponen en el equipaje, incluso antes de meter la ropa y el calzado.<\/p>\n<p>En esta l\u00ednea, el estudio revela que nueve de cada diez espa\u00f1oles considera imprescindible la tecnolog\u00eda en sus vacaciones, siendo los principales motivos de uso estar conectados con familiares y amigos (77%) y la b\u00fasqueda de informaci\u00f3n (59%).<\/p>\n<p>Asimismo, refleja que en verano el uso medio de los dispositivos tecnol\u00f3gicos se sit\u00faa por encima de la hora y cuarto al d\u00eda y que un 51% de los espa\u00f1oles han sustituido la c\u00e1mara de fotos y v\u00eddeo por el uso del m\u00f3vil o tablet para capturar los momentos especiales.<\/p>\n<p>La responsable de comunicaci\u00f3n y RRPP de Asus en Espa\u00f1a, N\u00faria Mayos, ha remarcado que en la actualidad los smartphones son dispositivos m\u00e1s completos que no \u00fanicamente permiten captar im\u00e1genes en buena calidad, \u00absino tambi\u00e9n compartirlas al momento y estar conectado con el mundo\u00bb<\/p>\n<p>Otro de los datos que desvela el estudio es que siete de cada diez espa\u00f1oles van a la playa y a la piscina con aparatos tecnol\u00f3gicos, as\u00ed como que el 21% de los espa\u00f1oles afirman utilizar m\u00e1s las redes sociales durante las vacaciones, aumentando esta cifra hasta el 30% en el caso de los j\u00f3venes.<\/p>\n<p>El principal soporte desde el que se conectan los espa\u00f1oles es el m\u00f3vil (89%) seguido de la tablet (28%), que en el caso de los hombres vemos adquiere mayor importancia con un uso del 40%.<\/p>\n<h2 class=\"ladillo\">\u00bfC\u00d3MO SON LAS VACACIONES DE LOS ESPA\u00d1OLES?<\/h2>\n<p>Seg\u00fan este estudio, los meses preferidos por los espa\u00f1oles para irse de vacaciones son los de julio y agosto (32% en ambos casos), debido al clima en un 42% de los casos. Tambi\u00e9n el precio (31%) , la cantidad de gente (29%) y la disponibilidad (27%) marcan la pauta.<\/p>\n<p>En el caso de los j\u00f3venes, el mes de preferencia es septiembre, para el 35% de los encuestados, principalmente por el clima (46%) y el precio (34%). Le siguen, con menor peso, la cantidad de gente (31%) y el poder coincidir con sus familiares y amigos (21%).<\/p>\n<p>En los \u00faltimos a\u00f1os se aprecia la irrupci\u00f3n de Internet en la planificaci\u00f3n de las vacaciones. El 91% de los encuestados manifiesta que acude primero a la Red, frente al 19% que prefiere las agencias de viajes tradicionales y un 11% que busca ideas en gu\u00edas y libros.<\/p>\n<p>El 89% de los consultados utiliza el ordenador para planificar sus viajes, un 35% usa el m\u00f3vil y el 27% la tablet. En el caso de las mujeres el uso del m\u00f3vil aumenta hasta un 42%.<\/p>\n","protected":false},"excerpt":{"rendered":"<p>Un 83% de los espa\u00f1oles considera que el tel\u00e9fono m\u00f3vil es \u00abimprescindible\u00bb en sus vacaciones de verano, hasta el punto que lo priorizan a la hora de hacer la maleta por encima del cepillo de dientes, el maquillaje o los utensilios de afeitado, seg\u00fan un estudio del fabricante de ordenadores Asus. La encuesta de Asus<\/p>\n","protected":false},"author":1,"featured_media":78529,"comment_status":"open","ping_status":"closed","sticky":false,"template":"","format":"standard","meta":{"footnotes":""},"categories":[224],"tags":[],"class_list":{"0":"post-78528","1":"post","2":"type-post","3":"status-publish","4":"format-standard","5":"has-post-thumbnail","7":"category-noticias-actualidad"},"aioseo_notices":[],"aioseo_head":"\n\t\t<!-- All in One SEO Pro 4.9.6.1 - aioseo.com -->\n\t<meta name=\"description\" content=\"Un 83% de los espa\u00f1oles considera que el tel\u00e9fono m\u00f3vil es &quot;imprescindible&quot; en sus vacaciones de verano, hasta el punto que lo priorizan a la hora de hacer la maleta por encima del cepillo de dientes, el maquillaje o los utensilios de afeitado, seg\u00fan un estudio del fabricante de ordenadores Asus. La encuesta de Asus\" \/>\n\t<meta name=\"robots\" content=\"max-image-preview:large\" \/>\n\t<meta name=\"author\" content=\"admin\"\/>\n\t<meta name=\"google-site-verification\" content=\"UA-38556648-1\" \/>\n\t<meta name=\"keywords\" content=\"noticias y actualidad\" \/>\n\t<link rel=\"canonical\" href=\"https:\/\/eldigitaldeasturias.com\/magazine365\/el-movil-imprescindible-en-vacaciones-para-un-83-de-los-espanoles\/\" \/>\n\t<meta name=\"generator\" content=\"All in One SEO Pro (AIOSEO) 4.9.6.1\" \/>\n\t\t<meta property=\"og:locale\" content=\"es_ES\" \/>\n\t\t<meta property=\"og:site_name\" content=\"El Digital de Asturias \u2013 Revista de ocio, turismo y estilo de vida\" \/>\n\t\t<meta property=\"og:type\" content=\"article\" \/>\n\t\t<meta property=\"og:title\" content=\"El m\u00f3vil imprescindible en vacaciones para un 83% de los espa\u00f1oles | El Digital de Asturias\" \/>\n\t\t<meta property=\"og:description\" content=\"Un 83% de los espa\u00f1oles considera que el tel\u00e9fono m\u00f3vil es &quot;imprescindible&quot; en sus vacaciones de verano, hasta el punto que lo priorizan a la hora de hacer la maleta por encima del cepillo de dientes, el maquillaje o los utensilios de afeitado, seg\u00fan un estudio del fabricante de ordenadores Asus. La encuesta de Asus\" \/>\n\t\t<meta property=\"og:url\" content=\"https:\/\/eldigitaldeasturias.com\/magazine365\/el-movil-imprescindible-en-vacaciones-para-un-83-de-los-espanoles\/\" \/>\n\t\t<meta property=\"og:image\" content=\"https:\/\/eldigitaldeasturias.com\/magazine365\/wp-content\/uploads\/2016\/06\/fotonoticia_20160609150517_800.jpg\" \/>\n\t\t<meta property=\"og:image:secure_url\" content=\"https:\/\/eldigitaldeasturias.com\/magazine365\/wp-content\/uploads\/2016\/06\/fotonoticia_20160609150517_800.jpg\" \/>\n\t\t<meta property=\"og:image:width\" content=\"800\" \/>\n\t\t<meta property=\"og:image:height\" content=\"552\" \/>\n\t\t<meta property=\"article:published_time\" content=\"2016-06-09T16:58:11+00:00\" \/>\n\t\t<meta property=\"article:modified_time\" content=\"2016-06-09T16:58:11+00:00\" \/>\n\t\t<meta name=\"twitter:card\" content=\"summary_large_image\" \/>\n\t\t<meta name=\"twitter:title\" content=\"El m\u00f3vil imprescindible en vacaciones para un 83% de los espa\u00f1oles | El Digital de Asturias\" \/>\n\t\t<meta name=\"twitter:description\" content=\"Un 83% de los espa\u00f1oles considera que el tel\u00e9fono m\u00f3vil es &quot;imprescindible&quot; en sus vacaciones de verano, hasta el punto que lo priorizan a la hora de hacer la maleta por encima del cepillo de dientes, el maquillaje o los utensilios de afeitado, seg\u00fan un estudio del fabricante de ordenadores Asus. La encuesta de Asus\" \/>\n\t\t<meta name=\"twitter:image\" content=\"https:\/\/eldigitaldeasturias.com\/magazine365\/wp-content\/uploads\/2016\/06\/fotonoticia_20160609150517_800.jpg\" \/>\n\t\t<script type=\"application\/ld+json\" class=\"aioseo-schema\">\n\t\t\t{\"@context\":\"https:\\\/\\\/schema.org\",\"@graph\":[{\"@type\":\"Article\",\"@id\":\"https:\\\/\\\/eldigitaldeasturias.com\\\/magazine365\\\/el-movil-imprescindible-en-vacaciones-para-un-83-de-los-espanoles\\\/#article\",\"name\":\"El m\\u00f3vil imprescindible en vacaciones para un 83% de los espa\\u00f1oles | El Digital de Asturias\",\"headline\":\"El m\\u00f3vil imprescindible en vacaciones para un 83% de los espa\\u00f1oles\",\"author\":{\"@id\":\"https:\\\/\\\/eldigitaldeasturias.com\\\/magazine365\\\/author\\\/admin\\\/#author\"},\"publisher\":{\"@id\":\"https:\\\/\\\/eldigitaldeasturias.com\\\/magazine365\\\/#organization\"},\"image\":{\"@type\":\"ImageObject\",\"url\":\"https:\\\/\\\/eldigitaldeasturias.com\\\/magazine365\\\/wp-content\\\/uploads\\\/2016\\\/06\\\/fotonoticia_20160609150517_800.jpg\",\"width\":800,\"height\":552},\"datePublished\":\"2016-06-09T18:58:11+02:00\",\"dateModified\":\"2016-06-09T18:58:11+02:00\",\"inLanguage\":\"es-ES\",\"mainEntityOfPage\":{\"@id\":\"https:\\\/\\\/eldigitaldeasturias.com\\\/magazine365\\\/el-movil-imprescindible-en-vacaciones-para-un-83-de-los-espanoles\\\/#webpage\"},\"isPartOf\":{\"@id\":\"https:\\\/\\\/eldigitaldeasturias.com\\\/magazine365\\\/el-movil-imprescindible-en-vacaciones-para-un-83-de-los-espanoles\\\/#webpage\"},\"articleSection\":\"Noticias y Actualidad\"},{\"@type\":\"BreadcrumbList\",\"@id\":\"https:\\\/\\\/eldigitaldeasturias.com\\\/magazine365\\\/el-movil-imprescindible-en-vacaciones-para-un-83-de-los-espanoles\\\/#breadcrumblist\",\"itemListElement\":[{\"@type\":\"ListItem\",\"@id\":\"https:\\\/\\\/eldigitaldeasturias.com\\\/magazine365#listItem\",\"position\":1,\"name\":\"Home\",\"item\":\"https:\\\/\\\/eldigitaldeasturias.com\\\/magazine365\",\"nextItem\":{\"@type\":\"ListItem\",\"@id\":\"https:\\\/\\\/eldigitaldeasturias.com\\\/magazine365\\\/category\\\/noticias-actualidad\\\/#listItem\",\"name\":\"Noticias y Actualidad\"}},{\"@type\":\"ListItem\",\"@id\":\"https:\\\/\\\/eldigitaldeasturias.com\\\/magazine365\\\/category\\\/noticias-actualidad\\\/#listItem\",\"position\":2,\"name\":\"Noticias y Actualidad\",\"item\":\"https:\\\/\\\/eldigitaldeasturias.com\\\/magazine365\\\/category\\\/noticias-actualidad\\\/\",\"nextItem\":{\"@type\":\"ListItem\",\"@id\":\"https:\\\/\\\/eldigitaldeasturias.com\\\/magazine365\\\/el-movil-imprescindible-en-vacaciones-para-un-83-de-los-espanoles\\\/#listItem\",\"name\":\"El m\\u00f3vil imprescindible en vacaciones para un 83% de los espa\\u00f1oles\"},\"previousItem\":{\"@type\":\"ListItem\",\"@id\":\"https:\\\/\\\/eldigitaldeasturias.com\\\/magazine365#listItem\",\"name\":\"Home\"}},{\"@type\":\"ListItem\",\"@id\":\"https:\\\/\\\/eldigitaldeasturias.com\\\/magazine365\\\/el-movil-imprescindible-en-vacaciones-para-un-83-de-los-espanoles\\\/#listItem\",\"position\":3,\"name\":\"El m\\u00f3vil imprescindible en vacaciones para un 83% de los espa\\u00f1oles\",\"previousItem\":{\"@type\":\"ListItem\",\"@id\":\"https:\\\/\\\/eldigitaldeasturias.com\\\/magazine365\\\/category\\\/noticias-actualidad\\\/#listItem\",\"name\":\"Noticias y Actualidad\"}}]},{\"@type\":\"Organization\",\"@id\":\"https:\\\/\\\/eldigitaldeasturias.com\\\/magazine365\\\/#organization\",\"name\":\"El digital de Asturias\",\"description\":\"Revista de ocio, turismo y estilo de vida\",\"url\":\"https:\\\/\\\/eldigitaldeasturias.com\\\/magazine365\\\/\",\"logo\":{\"@type\":\"ImageObject\",\"url\":\"https:\\\/\\\/www.eldigitaldeasturias.com\\\/noticias\\\/wp-content\\\/uploads\\\/2020\\\/12\\\/EDA.jpg\",\"@id\":\"https:\\\/\\\/eldigitaldeasturias.com\\\/magazine365\\\/el-movil-imprescindible-en-vacaciones-para-un-83-de-los-espanoles\\\/#organizationLogo\"},\"image\":{\"@id\":\"https:\\\/\\\/eldigitaldeasturias.com\\\/magazine365\\\/el-movil-imprescindible-en-vacaciones-para-un-83-de-los-espanoles\\\/#organizationLogo\"}},{\"@type\":\"Person\",\"@id\":\"https:\\\/\\\/eldigitaldeasturias.com\\\/magazine365\\\/author\\\/admin\\\/#author\",\"url\":\"https:\\\/\\\/eldigitaldeasturias.com\\\/magazine365\\\/author\\\/admin\\\/\",\"name\":\"admin\",\"image\":{\"@type\":\"ImageObject\",\"@id\":\"https:\\\/\\\/eldigitaldeasturias.com\\\/magazine365\\\/el-movil-imprescindible-en-vacaciones-para-un-83-de-los-espanoles\\\/#authorImage\",\"url\":\"https:\\\/\\\/eldigitaldeasturias.com\\\/magazine365\\\/wp-content\\\/litespeed\\\/avatar\\\/e571bcf59a0edd6fa6838245a470f2fe.jpg?ver=1776969259\",\"width\":96,\"height\":96,\"caption\":\"admin\"}},{\"@type\":\"WebPage\",\"@id\":\"https:\\\/\\\/eldigitaldeasturias.com\\\/magazine365\\\/el-movil-imprescindible-en-vacaciones-para-un-83-de-los-espanoles\\\/#webpage\",\"url\":\"https:\\\/\\\/eldigitaldeasturias.com\\\/magazine365\\\/el-movil-imprescindible-en-vacaciones-para-un-83-de-los-espanoles\\\/\",\"name\":\"El m\\u00f3vil imprescindible en vacaciones para un 83% de los espa\\u00f1oles | El Digital de Asturias\",\"description\":\"Un 83% de los espa\\u00f1oles considera que el tel\\u00e9fono m\\u00f3vil es \\\"imprescindible\\\" en sus vacaciones de verano, hasta el punto que lo priorizan a la hora de hacer la maleta por encima del cepillo de dientes, el maquillaje o los utensilios de afeitado, seg\\u00fan un estudio del fabricante de ordenadores Asus. La encuesta de Asus\",\"inLanguage\":\"es-ES\",\"isPartOf\":{\"@id\":\"https:\\\/\\\/eldigitaldeasturias.com\\\/magazine365\\\/#website\"},\"breadcrumb\":{\"@id\":\"https:\\\/\\\/eldigitaldeasturias.com\\\/magazine365\\\/el-movil-imprescindible-en-vacaciones-para-un-83-de-los-espanoles\\\/#breadcrumblist\"},\"author\":{\"@id\":\"https:\\\/\\\/eldigitaldeasturias.com\\\/magazine365\\\/author\\\/admin\\\/#author\"},\"creator\":{\"@id\":\"https:\\\/\\\/eldigitaldeasturias.com\\\/magazine365\\\/author\\\/admin\\\/#author\"},\"image\":{\"@type\":\"ImageObject\",\"url\":\"https:\\\/\\\/eldigitaldeasturias.com\\\/magazine365\\\/wp-content\\\/uploads\\\/2016\\\/06\\\/fotonoticia_20160609150517_800.jpg\",\"@id\":\"https:\\\/\\\/eldigitaldeasturias.com\\\/magazine365\\\/el-movil-imprescindible-en-vacaciones-para-un-83-de-los-espanoles\\\/#mainImage\",\"width\":800,\"height\":552},\"primaryImageOfPage\":{\"@id\":\"https:\\\/\\\/eldigitaldeasturias.com\\\/magazine365\\\/el-movil-imprescindible-en-vacaciones-para-un-83-de-los-espanoles\\\/#mainImage\"},\"datePublished\":\"2016-06-09T18:58:11+02:00\",\"dateModified\":\"2016-06-09T18:58:11+02:00\"},{\"@type\":\"WebSite\",\"@id\":\"https:\\\/\\\/eldigitaldeasturias.com\\\/magazine365\\\/#website\",\"url\":\"https:\\\/\\\/eldigitaldeasturias.com\\\/magazine365\\\/\",\"name\":\"El Digital de Asturias\",\"description\":\"Revista de ocio, turismo y estilo de vida\",\"inLanguage\":\"es-ES\",\"publisher\":{\"@id\":\"https:\\\/\\\/eldigitaldeasturias.com\\\/magazine365\\\/#organization\"}}]}\n\t\t<\/script>\n\t\t<!-- All in One SEO Pro -->\r\n\t\t<title>El m\u00f3vil imprescindible en vacaciones para un 83% de los espa\u00f1oles | El Digital de Asturias<\/title>\n\n","aioseo_head_json":{"title":"El m\u00f3vil imprescindible en vacaciones para un 83% de los espa\u00f1oles | El Digital de Asturias","description":"Un 83% de los espa\u00f1oles considera que el tel\u00e9fono m\u00f3vil es \"imprescindible\" en sus vacaciones de verano, hasta el punto que lo priorizan a la hora de hacer la maleta por encima del cepillo de dientes, el maquillaje o los utensilios de afeitado, seg\u00fan un estudio del fabricante de ordenadores Asus. La encuesta de Asus","canonical_url":"https:\/\/eldigitaldeasturias.com\/magazine365\/el-movil-imprescindible-en-vacaciones-para-un-83-de-los-espanoles\/","robots":"max-image-preview:large","keywords":"noticias y actualidad","webmasterTools":{"google-site-verification":"UA-38556648-1","miscellaneous":""},"schema":{"@context":"https:\/\/schema.org","@graph":[{"@type":"Article","@id":"https:\/\/eldigitaldeasturias.com\/magazine365\/el-movil-imprescindible-en-vacaciones-para-un-83-de-los-espanoles\/#article","name":"El m\u00f3vil imprescindible en vacaciones para un 83% de los espa\u00f1oles | El Digital de Asturias","headline":"El m\u00f3vil imprescindible en vacaciones para un 83% de los espa\u00f1oles","author":{"@id":"https:\/\/eldigitaldeasturias.com\/magazine365\/author\/admin\/#author"},"publisher":{"@id":"https:\/\/eldigitaldeasturias.com\/magazine365\/#organization"},"image":{"@type":"ImageObject","url":"https:\/\/eldigitaldeasturias.com\/magazine365\/wp-content\/uploads\/2016\/06\/fotonoticia_20160609150517_800.jpg","width":800,"height":552},"datePublished":"2016-06-09T18:58:11+02:00","dateModified":"2016-06-09T18:58:11+02:00","inLanguage":"es-ES","mainEntityOfPage":{"@id":"https:\/\/eldigitaldeasturias.com\/magazine365\/el-movil-imprescindible-en-vacaciones-para-un-83-de-los-espanoles\/#webpage"},"isPartOf":{"@id":"https:\/\/eldigitaldeasturias.com\/magazine365\/el-movil-imprescindible-en-vacaciones-para-un-83-de-los-espanoles\/#webpage"},"articleSection":"Noticias y Actualidad"},{"@type":"BreadcrumbList","@id":"https:\/\/eldigitaldeasturias.com\/magazine365\/el-movil-imprescindible-en-vacaciones-para-un-83-de-los-espanoles\/#breadcrumblist","itemListElement":[{"@type":"ListItem","@id":"https:\/\/eldigitaldeasturias.com\/magazine365#listItem","position":1,"name":"Home","item":"https:\/\/eldigitaldeasturias.com\/magazine365","nextItem":{"@type":"ListItem","@id":"https:\/\/eldigitaldeasturias.com\/magazine365\/category\/noticias-actualidad\/#listItem","name":"Noticias y Actualidad"}},{"@type":"ListItem","@id":"https:\/\/eldigitaldeasturias.com\/magazine365\/category\/noticias-actualidad\/#listItem","position":2,"name":"Noticias y Actualidad","item":"https:\/\/eldigitaldeasturias.com\/magazine365\/category\/noticias-actualidad\/","nextItem":{"@type":"ListItem","@id":"https:\/\/eldigitaldeasturias.com\/magazine365\/el-movil-imprescindible-en-vacaciones-para-un-83-de-los-espanoles\/#listItem","name":"El m\u00f3vil imprescindible en vacaciones para un 83% de los espa\u00f1oles"},"previousItem":{"@type":"ListItem","@id":"https:\/\/eldigitaldeasturias.com\/magazine365#listItem","name":"Home"}},{"@type":"ListItem","@id":"https:\/\/eldigitaldeasturias.com\/magazine365\/el-movil-imprescindible-en-vacaciones-para-un-83-de-los-espanoles\/#listItem","position":3,"name":"El m\u00f3vil imprescindible en vacaciones para un 83% de los espa\u00f1oles","previousItem":{"@type":"ListItem","@id":"https:\/\/eldigitaldeasturias.com\/magazine365\/category\/noticias-actualidad\/#listItem","name":"Noticias y Actualidad"}}]},{"@type":"Organization","@id":"https:\/\/eldigitaldeasturias.com\/magazine365\/#organization","name":"El digital de Asturias","description":"Revista de ocio, turismo y estilo de vida","url":"https:\/\/eldigitaldeasturias.com\/magazine365\/","logo":{"@type":"ImageObject","url":"https:\/\/www.eldigitaldeasturias.com\/noticias\/wp-content\/uploads\/2020\/12\/EDA.jpg","@id":"https:\/\/eldigitaldeasturias.com\/magazine365\/el-movil-imprescindible-en-vacaciones-para-un-83-de-los-espanoles\/#organizationLogo"},"image":{"@id":"https:\/\/eldigitaldeasturias.com\/magazine365\/el-movil-imprescindible-en-vacaciones-para-un-83-de-los-espanoles\/#organizationLogo"}},{"@type":"Person","@id":"https:\/\/eldigitaldeasturias.com\/magazine365\/author\/admin\/#author","url":"https:\/\/eldigitaldeasturias.com\/magazine365\/author\/admin\/","name":"admin","image":{"@type":"ImageObject","@id":"https:\/\/eldigitaldeasturias.com\/magazine365\/el-movil-imprescindible-en-vacaciones-para-un-83-de-los-espanoles\/#authorImage","url":"https:\/\/eldigitaldeasturias.com\/magazine365\/wp-content\/litespeed\/avatar\/e571bcf59a0edd6fa6838245a470f2fe.jpg?ver=1776969259","width":96,"height":96,"caption":"admin"}},{"@type":"WebPage","@id":"https:\/\/eldigitaldeasturias.com\/magazine365\/el-movil-imprescindible-en-vacaciones-para-un-83-de-los-espanoles\/#webpage","url":"https:\/\/eldigitaldeasturias.com\/magazine365\/el-movil-imprescindible-en-vacaciones-para-un-83-de-los-espanoles\/","name":"El m\u00f3vil imprescindible en vacaciones para un 83% de los espa\u00f1oles | El Digital de Asturias","description":"Un 83% de los espa\u00f1oles considera que el tel\u00e9fono m\u00f3vil es \"imprescindible\" en sus vacaciones de verano, hasta el punto que lo priorizan a la hora de hacer la maleta por encima del cepillo de dientes, el maquillaje o los utensilios de afeitado, seg\u00fan un estudio del fabricante de ordenadores Asus. La encuesta de Asus","inLanguage":"es-ES","isPartOf":{"@id":"https:\/\/eldigitaldeasturias.com\/magazine365\/#website"},"breadcrumb":{"@id":"https:\/\/eldigitaldeasturias.com\/magazine365\/el-movil-imprescindible-en-vacaciones-para-un-83-de-los-espanoles\/#breadcrumblist"},"author":{"@id":"https:\/\/eldigitaldeasturias.com\/magazine365\/author\/admin\/#author"},"creator":{"@id":"https:\/\/eldigitaldeasturias.com\/magazine365\/author\/admin\/#author"},"image":{"@type":"ImageObject","url":"https:\/\/eldigitaldeasturias.com\/magazine365\/wp-content\/uploads\/2016\/06\/fotonoticia_20160609150517_800.jpg","@id":"https:\/\/eldigitaldeasturias.com\/magazine365\/el-movil-imprescindible-en-vacaciones-para-un-83-de-los-espanoles\/#mainImage","width":800,"height":552},"primaryImageOfPage":{"@id":"https:\/\/eldigitaldeasturias.com\/magazine365\/el-movil-imprescindible-en-vacaciones-para-un-83-de-los-espanoles\/#mainImage"},"datePublished":"2016-06-09T18:58:11+02:00","dateModified":"2016-06-09T18:58:11+02:00"},{"@type":"WebSite","@id":"https:\/\/eldigitaldeasturias.com\/magazine365\/#website","url":"https:\/\/eldigitaldeasturias.com\/magazine365\/","name":"El Digital de Asturias","description":"Revista de ocio, turismo y estilo de vida","inLanguage":"es-ES","publisher":{"@id":"https:\/\/eldigitaldeasturias.com\/magazine365\/#organization"}}]},"og:locale":"es_ES","og:site_name":"El Digital de Asturias \u2013 Revista de ocio, turismo y estilo de vida","og:type":"article","og:title":"El m\u00f3vil imprescindible en vacaciones para un 83% de los espa\u00f1oles | El Digital de Asturias","og:description":"Un 83% de los espa\u00f1oles considera que el tel\u00e9fono m\u00f3vil es &quot;imprescindible&quot; en sus vacaciones de verano, hasta el punto que lo priorizan a la hora de hacer la maleta por encima del cepillo de dientes, el maquillaje o los utensilios de afeitado, seg\u00fan un estudio del fabricante de ordenadores Asus. La encuesta de Asus","og:url":"https:\/\/eldigitaldeasturias.com\/magazine365\/el-movil-imprescindible-en-vacaciones-para-un-83-de-los-espanoles\/","og:image":"https:\/\/eldigitaldeasturias.com\/magazine365\/wp-content\/uploads\/2016\/06\/fotonoticia_20160609150517_800.jpg","og:image:secure_url":"https:\/\/eldigitaldeasturias.com\/magazine365\/wp-content\/uploads\/2016\/06\/fotonoticia_20160609150517_800.jpg","og:image:width":800,"og:image:height":552,"article:published_time":"2016-06-09T16:58:11+00:00","article:modified_time":"2016-06-09T16:58:11+00:00","twitter:card":"summary_large_image","twitter:title":"El m\u00f3vil imprescindible en vacaciones para un 83% de los espa\u00f1oles | El Digital de Asturias","twitter:description":"Un 83% de los espa\u00f1oles considera que el tel\u00e9fono m\u00f3vil es &quot;imprescindible&quot; en sus vacaciones de verano, hasta el punto que lo priorizan a la hora de hacer la maleta por encima del cepillo de dientes, el maquillaje o los utensilios de afeitado, seg\u00fan un estudio del fabricante de ordenadores Asus. La encuesta de Asus","twitter:image":"https:\/\/eldigitaldeasturias.com\/magazine365\/wp-content\/uploads\/2016\/06\/fotonoticia_20160609150517_800.jpg"},"aioseo_meta_data":{"post_id":"78528","title":null,"description":null,"keywords":null,"keyphrases":null,"primary_term":null,"canonical_url":null,"og_title":null,"og_description":null,"og_object_type":"default","og_image_type":"default","og_image_url":null,"og_image_width":null,"og_image_height":null,"og_image_custom_url":null,"og_image_custom_fields":null,"og_video":null,"og_custom_url":null,"og_article_section":null,"og_article_tags":null,"twitter_use_og":false,"twitter_card":"default","twitter_image_type":"default","twitter_image_url":null,"twitter_image_custom_url":null,"twitter_image_custom_fields":null,"twitter_title":null,"twitter_description":null,"schema":{"blockGraphs":[],"customGraphs":[],"default":{"data":{"Article":[],"Course":[],"Dataset":[],"FAQPage":[],"Movie":[],"Person":[],"Product":[],"ProductReview":[],"Car":[],"Recipe":[],"Service":[],"SoftwareApplication":[],"WebPage":[]},"graphName":"","isEnabled":true},"graphs":[]},"schema_type":null,"schema_type_options":null,"pillar_content":false,"robots_default":true,"robots_noindex":false,"robots_noarchive":false,"robots_nosnippet":false,"robots_nofollow":false,"robots_noimageindex":false,"robots_noodp":false,"robots_notranslate":false,"robots_max_snippet":null,"robots_max_videopreview":null,"robots_max_imagepreview":"large","priority":null,"frequency":null,"location":null,"local_seo":null,"seo_analyzer_scan_date":"2025-09-27 17:09:22","breadcrumb_settings":null,"limit_modified_date":false,"open_ai":null,"ai":null,"created":"2021-03-08 18:00:03","updated":"2025-09-27 17:09:22"},"aioseo_breadcrumb":"<div class=\"aioseo-breadcrumbs\"><span class=\"aioseo-breadcrumb\">\n\t<a href=\"https:\/\/eldigitaldeasturias.com\/magazine365\" title=\"Home\">Home<\/a>\n<\/span><span class=\"aioseo-breadcrumb-separator\">\u2013<\/span><span class=\"aioseo-breadcrumb\">\n\t<a href=\"https:\/\/eldigitaldeasturias.com\/magazine365\/category\/noticias-actualidad\/\" title=\"Noticias y Actualidad\">Noticias y Actualidad<\/a>\n<\/span><span class=\"aioseo-breadcrumb-separator\">\u2013<\/span><span class=\"aioseo-breadcrumb\">\n\t<a href=\"https:\/\/eldigitaldeasturias.com\/magazine365\/el-movil-imprescindible-en-vacaciones-para-un-83-de-los-espanoles\/\" title=\"El m\u00f3vil imprescindible en vacaciones para un 83% de los espa\u00f1oles\">El m\u00f3vil imprescindible en vacaciones para un 83% de los espa\u00f1oles<\/a>\n<\/span><\/div>","aioseo_breadcrumb_json":[{"label":"Home","link":"https:\/\/eldigitaldeasturias.com\/magazine365"},{"label":"Noticias y Actualidad","link":"https:\/\/eldigitaldeasturias.com\/magazine365\/category\/noticias-actualidad\/"},{"label":"El m\u00f3vil imprescindible en vacaciones para un 83% de los espa\u00f1oles","link":"https:\/\/eldigitaldeasturias.com\/magazine365\/el-movil-imprescindible-en-vacaciones-para-un-83-de-los-espanoles\/"}],"_links":{"self":[{"href":"https:\/\/eldigitaldeasturias.com\/magazine365\/wp-json\/wp\/v2\/posts\/78528","targetHints":{"allow":["GET"]}}],"collection":[{"href":"https:\/\/eldigitaldeasturias.com\/magazine365\/wp-json\/wp\/v2\/posts"}],"about":[{"href":"https:\/\/eldigitaldeasturias.com\/magazine365\/wp-json\/wp\/v2\/types\/post"}],"author":[{"embeddable":true,"href":"https:\/\/eldigitaldeasturias.com\/magazine365\/wp-json\/wp\/v2\/users\/1"}],"replies":[{"embeddable":true,"href":"https:\/\/eldigitaldeasturias.com\/magazine365\/wp-json\/wp\/v2\/comments?post=78528"}],"version-history":[{"count":0,"href":"https:\/\/eldigitaldeasturias.com\/magazine365\/wp-json\/wp\/v2\/posts\/78528\/revisions"}],"wp:featuredmedia":[{"embeddable":true,"href":"https:\/\/eldigitaldeasturias.com\/magazine365\/wp-json\/wp\/v2\/media\/78529"}],"wp:attachment":[{"href":"https:\/\/eldigitaldeasturias.com\/magazine365\/wp-json\/wp\/v2\/media?parent=78528"}],"wp:term":[{"taxonomy":"category","embeddable":true,"href":"https:\/\/eldigitaldeasturias.com\/magazine365\/wp-json\/wp\/v2\/categories?post=78528"},{"taxonomy":"post_tag","embeddable":true,"href":"https:\/\/eldigitaldeasturias.com\/magazine365\/wp-json\/wp\/v2\/tags?post=78528"}],"curies":[{"name":"wp","href":"https:\/\/api.w.org\/{rel}","templated":true}]}}