{"id":78524,"date":"2016-06-09T18:56:33","date_gmt":"2016-06-09T16:56:33","guid":{"rendered":"http:\/\/eldigitaldeasturias.com\/magazine365\/?p=78524"},"modified":"2016-06-09T18:56:46","modified_gmt":"2016-06-09T16:56:46","slug":"santander-vivira-una-noche-magica-este-vienres-10-de-junio","status":"publish","type":"post","link":"https:\/\/eldigitaldeasturias.com\/magazine365\/santander-vivira-una-noche-magica-este-vienres-10-de-junio\/","title":{"rendered":"Santander vivir\u00e1 una &#8216;Noche M\u00e1gica&#8217; este viernes 10 de junio"},"content":{"rendered":"<p><img fetchpriority=\"high\" decoding=\"async\" class=\"alignleft size-medium wp-image-78525\" src=\"https:\/\/eldigitaldeasturias.com\/magazine365\/wp-content\/uploads\/2016\/06\/fotonoticia_20160609145934_800-215x300.jpg\" alt=\"fotonoticia_20160609145934_800\" width=\"215\" height=\"300\" srcset=\"https:\/\/eldigitaldeasturias.com\/magazine365\/wp-content\/uploads\/2016\/06\/fotonoticia_20160609145934_800-215x300.jpg 215w, https:\/\/eldigitaldeasturias.com\/magazine365\/wp-content\/uploads\/2016\/06\/fotonoticia_20160609145934_800-459x640.jpg 459w, https:\/\/eldigitaldeasturias.com\/magazine365\/wp-content\/uploads\/2016\/06\/fotonoticia_20160609145934_800-768x1070.jpg 768w, https:\/\/eldigitaldeasturias.com\/magazine365\/wp-content\/uploads\/2016\/06\/fotonoticia_20160609145934_800-150x209.jpg 150w, https:\/\/eldigitaldeasturias.com\/magazine365\/wp-content\/uploads\/2016\/06\/fotonoticia_20160609145934_800-450x627.jpg 450w, https:\/\/eldigitaldeasturias.com\/magazine365\/wp-content\/uploads\/2016\/06\/fotonoticia_20160609145934_800.jpg 800w\" sizes=\"(max-width: 215px) 100vw, 215px\" \/>Santander se prepara para vivir este viernes, 10 de junio, una noche m\u00e1gica con espect\u00e1culos en 10 escenarios repartidos por toda la ciudad, comercios y espacios culturales abiertos hasta la medianoche y ofertas especiales en los locales de hosteler\u00eda.<\/p>\n<p>&#8216;La Noche M\u00e1gica de Santander&#8217; comenzar\u00e1 a las 20.00 horas con un espect\u00e1culo de danza, pasacalles y capoeira en la Plaza del Ayuntamiento. Un total de 110 establecimientos santanderinos, 80 comercios y 30 negocios de hosteler\u00eda, participar\u00e1n en esta propuesta de dinamizaci\u00f3n para la noche del viernes.<\/p>\n<p>La Noche M\u00e1gica, que este a\u00f1o celebra su segunda edici\u00f3n, est\u00e1 organizada por el Ayuntamiento de Santander, en colaboraci\u00f3n con la Federaci\u00f3n del Comercio de Cantabria COERCAN, la C\u00e1mara de Comercio de Cantabria, la Asociaci\u00f3n Empresarial de Hosteler\u00eda de Cantabria, Comerciantes de Santander (ACEAS), Asociaci\u00f3n de Hosteleros de Tetu\u00e1n, Las Terrazas del Ferry, Los 14 de Hern\u00e1n Cort\u00e9s, Asociaci\u00f3n Barrio del Buen vivir y Puertochico a pie de calle.<\/p>\n<p>Los 80 comercios que se han adherido a esta iniciativa, ofrecer\u00e1n hasta la media noche, ofertas y descuentos especiales, obsequiar\u00e1n a sus clientes con regalos, y organizar\u00e1n sorpresas y actividades l\u00fadicas en el interior de los establecimientos.<\/p>\n<p>Los hosteleros, por su parte, celebrar\u00e1n esta noche m\u00e1gica con la oferta pincho y bebida por 2,50 euros, y tambi\u00e9n a trav\u00e9s de &#8216;men\u00fas m\u00e1gicos&#8217; dise\u00f1ados especialmente para la ocasi\u00f3n.<\/p>\n<p>La Noche M\u00e1gica 2016 contar\u00e1 adem\u00e1s con la participaci\u00f3n del Museo de Arte Moderno y Contempor\u00e1neo de Santander (MAS), donde tendr\u00e1 lugar la inauguraci\u00f3n de la nueva exposici\u00f3n &#8216;D\u00edas de Vinilo&#8217;, y una actuaci\u00f3n a cargo del DJ Javier Panera.<\/p>\n<p>En el Museo Mar\u00edtimo se celebrar\u00e1 la &#8216;Mar de J\u00f3venes&#8217; una visita nocturna con linterna; mientras que el Museo de Prehistoria y Arqueolog\u00eda de Cantabria MUPAC ofrecer\u00e1 entradas gratuitas desde las 19.00 horas hasta la media noche.<\/p>\n<p>Tambi\u00e9n el Centro de Interpretaci\u00f3n de la Muralla Medieval de Santander y el Refugio Antia\u00e9reo habilitar\u00e1n horarios especiales, con dos pases de 19.00 a 20.00 horas, y otros dos de 22.00 a 23.00 horas.<\/p>\n<p>Igualmente, se han organizado un taller de fotograf\u00eda nocturna y sesiones especiales en el Cine Los \u00c1ngeles y en Cines Groucho.<\/p>\n<p>La noche m\u00e1gica se dejar\u00e1 sentir por toda la ciudad. En total se habilitar\u00e1n tres escenarios principales (Plaza del Ayuntamiento, Plaza Porticada y Plaza Pombo), y siete peque\u00f1os escenarios en los Jardines de la Biblioteca Municipal, Juan de Herrera, Plaza del Cuadro, Calder\u00f3n de la Barca-Lealtad, Calle Arrabal- Del Medio, Plaza de Puertochico y Tetu\u00e1n. En todos ellos, se suceder\u00e1n espect\u00e1culos musicales, teatro o magia, para todos los p\u00fablicos.<\/p>\n<p>Con el objetivo de dar difusi\u00f3n al evento y que los vecinos puedan informarse de los espect\u00e1culos previstos, y las ofertas en comercios y locales de hosteler\u00eda, el Ayuntamiento ha editado 10.000 gu\u00edas, disponibles ya en edificios municipales y establecimientos del centro.<\/p>\n","protected":false},"excerpt":{"rendered":"<p>Santander se prepara para vivir este viernes, 10 de junio, una noche m\u00e1gica con espect\u00e1culos en 10 escenarios repartidos por toda la ciudad, comercios y espacios culturales abiertos hasta la medianoche y ofertas especiales en los locales de hosteler\u00eda. &#8216;La Noche M\u00e1gica de Santander&#8217; comenzar\u00e1 a las 20.00 horas con un espect\u00e1culo de danza, pasacalles<\/p>\n","protected":false},"author":1,"featured_media":78525,"comment_status":"open","ping_status":"closed","sticky":false,"template":"","format":"standard","meta":{"footnotes":""},"categories":[224],"tags":[],"class_list":{"0":"post-78524","1":"post","2":"type-post","3":"status-publish","4":"format-standard","5":"has-post-thumbnail","7":"category-noticias-actualidad"},"aioseo_notices":[],"aioseo_head":"\n\t\t<!-- All in One SEO Pro 4.9.6.1 - aioseo.com -->\n\t<meta name=\"description\" content=\"Santander se prepara para vivir este viernes, 10 de junio, una noche m\u00e1gica con espect\u00e1culos en 10 escenarios repartidos por toda la ciudad, comercios y espacios culturales abiertos hasta la medianoche y ofertas especiales en los locales de hosteler\u00eda. &#039;La Noche M\u00e1gica de Santander&#039; comenzar\u00e1 a las 20.00 horas con un espect\u00e1culo de danza, pasacalles\" \/>\n\t<meta name=\"robots\" content=\"max-image-preview:large\" \/>\n\t<meta name=\"author\" content=\"admin\"\/>\n\t<meta name=\"google-site-verification\" content=\"UA-38556648-1\" \/>\n\t<meta name=\"keywords\" content=\"noticias y actualidad\" \/>\n\t<link rel=\"canonical\" href=\"https:\/\/eldigitaldeasturias.com\/magazine365\/santander-vivira-una-noche-magica-este-vienres-10-de-junio\/\" \/>\n\t<meta name=\"generator\" content=\"All in One SEO Pro (AIOSEO) 4.9.6.1\" \/>\n\t\t<meta property=\"og:locale\" content=\"es_ES\" \/>\n\t\t<meta property=\"og:site_name\" content=\"El Digital de Asturias \u2013 Revista de ocio, turismo y estilo de vida\" \/>\n\t\t<meta property=\"og:type\" content=\"article\" \/>\n\t\t<meta property=\"og:title\" content=\"Santander vivir\u00e1 una \u2018Noche M\u00e1gica\u2019 este viernes 10 de junio | El Digital de Asturias\" \/>\n\t\t<meta property=\"og:description\" content=\"Santander se prepara para vivir este viernes, 10 de junio, una noche m\u00e1gica con espect\u00e1culos en 10 escenarios repartidos por toda la ciudad, comercios y espacios culturales abiertos hasta la medianoche y ofertas especiales en los locales de hosteler\u00eda. &#039;La Noche M\u00e1gica de Santander&#039; comenzar\u00e1 a las 20.00 horas con un espect\u00e1culo de danza, pasacalles\" \/>\n\t\t<meta property=\"og:url\" content=\"https:\/\/eldigitaldeasturias.com\/magazine365\/santander-vivira-una-noche-magica-este-vienres-10-de-junio\/\" \/>\n\t\t<meta property=\"og:image\" content=\"https:\/\/eldigitaldeasturias.com\/magazine365\/wp-content\/uploads\/2016\/06\/fotonoticia_20160609145934_800.jpg\" \/>\n\t\t<meta property=\"og:image:secure_url\" content=\"https:\/\/eldigitaldeasturias.com\/magazine365\/wp-content\/uploads\/2016\/06\/fotonoticia_20160609145934_800.jpg\" \/>\n\t\t<meta property=\"og:image:width\" content=\"800\" \/>\n\t\t<meta property=\"og:image:height\" content=\"1115\" \/>\n\t\t<meta property=\"article:published_time\" content=\"2016-06-09T16:56:33+00:00\" \/>\n\t\t<meta property=\"article:modified_time\" content=\"2016-06-09T16:56:46+00:00\" \/>\n\t\t<meta name=\"twitter:card\" content=\"summary_large_image\" \/>\n\t\t<meta name=\"twitter:title\" content=\"Santander vivir\u00e1 una \u2018Noche M\u00e1gica\u2019 este viernes 10 de junio | El Digital de Asturias\" \/>\n\t\t<meta name=\"twitter:description\" content=\"Santander se prepara para vivir este viernes, 10 de junio, una noche m\u00e1gica con espect\u00e1culos en 10 escenarios repartidos por toda la ciudad, comercios y espacios culturales abiertos hasta la medianoche y ofertas especiales en los locales de hosteler\u00eda. &#039;La Noche M\u00e1gica de Santander&#039; comenzar\u00e1 a las 20.00 horas con un espect\u00e1culo de danza, pasacalles\" \/>\n\t\t<meta name=\"twitter:image\" content=\"https:\/\/eldigitaldeasturias.com\/magazine365\/wp-content\/uploads\/2016\/06\/fotonoticia_20160609145934_800.jpg\" \/>\n\t\t<script type=\"application\/ld+json\" class=\"aioseo-schema\">\n\t\t\t{\"@context\":\"https:\\\/\\\/schema.org\",\"@graph\":[{\"@type\":\"Article\",\"@id\":\"https:\\\/\\\/eldigitaldeasturias.com\\\/magazine365\\\/santander-vivira-una-noche-magica-este-vienres-10-de-junio\\\/#article\",\"name\":\"Santander vivir\\u00e1 una \\u2018Noche M\\u00e1gica\\u2019 este viernes 10 de junio | El Digital de Asturias\",\"headline\":\"Santander vivir\\u00e1 una &#8216;Noche M\\u00e1gica&#8217; este viernes 10 de junio\",\"author\":{\"@id\":\"https:\\\/\\\/eldigitaldeasturias.com\\\/magazine365\\\/author\\\/admin\\\/#author\"},\"publisher\":{\"@id\":\"https:\\\/\\\/eldigitaldeasturias.com\\\/magazine365\\\/#organization\"},\"image\":{\"@type\":\"ImageObject\",\"url\":\"https:\\\/\\\/eldigitaldeasturias.com\\\/magazine365\\\/wp-content\\\/uploads\\\/2016\\\/06\\\/fotonoticia_20160609145934_800.jpg\",\"width\":800,\"height\":1115},\"datePublished\":\"2016-06-09T18:56:33+02:00\",\"dateModified\":\"2016-06-09T18:56:46+02:00\",\"inLanguage\":\"es-ES\",\"mainEntityOfPage\":{\"@id\":\"https:\\\/\\\/eldigitaldeasturias.com\\\/magazine365\\\/santander-vivira-una-noche-magica-este-vienres-10-de-junio\\\/#webpage\"},\"isPartOf\":{\"@id\":\"https:\\\/\\\/eldigitaldeasturias.com\\\/magazine365\\\/santander-vivira-una-noche-magica-este-vienres-10-de-junio\\\/#webpage\"},\"articleSection\":\"Noticias y Actualidad\"},{\"@type\":\"BreadcrumbList\",\"@id\":\"https:\\\/\\\/eldigitaldeasturias.com\\\/magazine365\\\/santander-vivira-una-noche-magica-este-vienres-10-de-junio\\\/#breadcrumblist\",\"itemListElement\":[{\"@type\":\"ListItem\",\"@id\":\"https:\\\/\\\/eldigitaldeasturias.com\\\/magazine365#listItem\",\"position\":1,\"name\":\"Home\",\"item\":\"https:\\\/\\\/eldigitaldeasturias.com\\\/magazine365\",\"nextItem\":{\"@type\":\"ListItem\",\"@id\":\"https:\\\/\\\/eldigitaldeasturias.com\\\/magazine365\\\/category\\\/noticias-actualidad\\\/#listItem\",\"name\":\"Noticias y Actualidad\"}},{\"@type\":\"ListItem\",\"@id\":\"https:\\\/\\\/eldigitaldeasturias.com\\\/magazine365\\\/category\\\/noticias-actualidad\\\/#listItem\",\"position\":2,\"name\":\"Noticias y Actualidad\",\"item\":\"https:\\\/\\\/eldigitaldeasturias.com\\\/magazine365\\\/category\\\/noticias-actualidad\\\/\",\"nextItem\":{\"@type\":\"ListItem\",\"@id\":\"https:\\\/\\\/eldigitaldeasturias.com\\\/magazine365\\\/santander-vivira-una-noche-magica-este-vienres-10-de-junio\\\/#listItem\",\"name\":\"Santander vivir\\u00e1 una &#8216;Noche M\\u00e1gica&#8217; este viernes 10 de junio\"},\"previousItem\":{\"@type\":\"ListItem\",\"@id\":\"https:\\\/\\\/eldigitaldeasturias.com\\\/magazine365#listItem\",\"name\":\"Home\"}},{\"@type\":\"ListItem\",\"@id\":\"https:\\\/\\\/eldigitaldeasturias.com\\\/magazine365\\\/santander-vivira-una-noche-magica-este-vienres-10-de-junio\\\/#listItem\",\"position\":3,\"name\":\"Santander vivir\\u00e1 una &#8216;Noche M\\u00e1gica&#8217; este viernes 10 de junio\",\"previousItem\":{\"@type\":\"ListItem\",\"@id\":\"https:\\\/\\\/eldigitaldeasturias.com\\\/magazine365\\\/category\\\/noticias-actualidad\\\/#listItem\",\"name\":\"Noticias y Actualidad\"}}]},{\"@type\":\"Organization\",\"@id\":\"https:\\\/\\\/eldigitaldeasturias.com\\\/magazine365\\\/#organization\",\"name\":\"El digital de Asturias\",\"description\":\"Revista de ocio, turismo y estilo de vida\",\"url\":\"https:\\\/\\\/eldigitaldeasturias.com\\\/magazine365\\\/\",\"logo\":{\"@type\":\"ImageObject\",\"url\":\"https:\\\/\\\/www.eldigitaldeasturias.com\\\/noticias\\\/wp-content\\\/uploads\\\/2020\\\/12\\\/EDA.jpg\",\"@id\":\"https:\\\/\\\/eldigitaldeasturias.com\\\/magazine365\\\/santander-vivira-una-noche-magica-este-vienres-10-de-junio\\\/#organizationLogo\"},\"image\":{\"@id\":\"https:\\\/\\\/eldigitaldeasturias.com\\\/magazine365\\\/santander-vivira-una-noche-magica-este-vienres-10-de-junio\\\/#organizationLogo\"}},{\"@type\":\"Person\",\"@id\":\"https:\\\/\\\/eldigitaldeasturias.com\\\/magazine365\\\/author\\\/admin\\\/#author\",\"url\":\"https:\\\/\\\/eldigitaldeasturias.com\\\/magazine365\\\/author\\\/admin\\\/\",\"name\":\"admin\",\"image\":{\"@type\":\"ImageObject\",\"@id\":\"https:\\\/\\\/eldigitaldeasturias.com\\\/magazine365\\\/santander-vivira-una-noche-magica-este-vienres-10-de-junio\\\/#authorImage\",\"url\":\"https:\\\/\\\/eldigitaldeasturias.com\\\/magazine365\\\/wp-content\\\/litespeed\\\/avatar\\\/e571bcf59a0edd6fa6838245a470f2fe.jpg?ver=1776969259\",\"width\":96,\"height\":96,\"caption\":\"admin\"}},{\"@type\":\"WebPage\",\"@id\":\"https:\\\/\\\/eldigitaldeasturias.com\\\/magazine365\\\/santander-vivira-una-noche-magica-este-vienres-10-de-junio\\\/#webpage\",\"url\":\"https:\\\/\\\/eldigitaldeasturias.com\\\/magazine365\\\/santander-vivira-una-noche-magica-este-vienres-10-de-junio\\\/\",\"name\":\"Santander vivir\\u00e1 una \\u2018Noche M\\u00e1gica\\u2019 este viernes 10 de junio | El Digital de Asturias\",\"description\":\"Santander se prepara para vivir este viernes, 10 de junio, una noche m\\u00e1gica con espect\\u00e1culos en 10 escenarios repartidos por toda la ciudad, comercios y espacios culturales abiertos hasta la medianoche y ofertas especiales en los locales de hosteler\\u00eda. 'La Noche M\\u00e1gica de Santander' comenzar\\u00e1 a las 20.00 horas con un espect\\u00e1culo de danza, pasacalles\",\"inLanguage\":\"es-ES\",\"isPartOf\":{\"@id\":\"https:\\\/\\\/eldigitaldeasturias.com\\\/magazine365\\\/#website\"},\"breadcrumb\":{\"@id\":\"https:\\\/\\\/eldigitaldeasturias.com\\\/magazine365\\\/santander-vivira-una-noche-magica-este-vienres-10-de-junio\\\/#breadcrumblist\"},\"author\":{\"@id\":\"https:\\\/\\\/eldigitaldeasturias.com\\\/magazine365\\\/author\\\/admin\\\/#author\"},\"creator\":{\"@id\":\"https:\\\/\\\/eldigitaldeasturias.com\\\/magazine365\\\/author\\\/admin\\\/#author\"},\"image\":{\"@type\":\"ImageObject\",\"url\":\"https:\\\/\\\/eldigitaldeasturias.com\\\/magazine365\\\/wp-content\\\/uploads\\\/2016\\\/06\\\/fotonoticia_20160609145934_800.jpg\",\"@id\":\"https:\\\/\\\/eldigitaldeasturias.com\\\/magazine365\\\/santander-vivira-una-noche-magica-este-vienres-10-de-junio\\\/#mainImage\",\"width\":800,\"height\":1115},\"primaryImageOfPage\":{\"@id\":\"https:\\\/\\\/eldigitaldeasturias.com\\\/magazine365\\\/santander-vivira-una-noche-magica-este-vienres-10-de-junio\\\/#mainImage\"},\"datePublished\":\"2016-06-09T18:56:33+02:00\",\"dateModified\":\"2016-06-09T18:56:46+02:00\"},{\"@type\":\"WebSite\",\"@id\":\"https:\\\/\\\/eldigitaldeasturias.com\\\/magazine365\\\/#website\",\"url\":\"https:\\\/\\\/eldigitaldeasturias.com\\\/magazine365\\\/\",\"name\":\"El Digital de Asturias\",\"description\":\"Revista de ocio, turismo y estilo de vida\",\"inLanguage\":\"es-ES\",\"publisher\":{\"@id\":\"https:\\\/\\\/eldigitaldeasturias.com\\\/magazine365\\\/#organization\"}}]}\n\t\t<\/script>\n\t\t<!-- All in One SEO Pro -->\r\n\t\t<title>Santander vivir\u00e1 una \u2018Noche M\u00e1gica\u2019 este viernes 10 de junio | El Digital de Asturias<\/title>\n\n","aioseo_head_json":{"title":"Santander vivir\u00e1 una \u2018Noche M\u00e1gica\u2019 este viernes 10 de junio | El Digital de Asturias","description":"Santander se prepara para vivir este viernes, 10 de junio, una noche m\u00e1gica con espect\u00e1culos en 10 escenarios repartidos por toda la ciudad, comercios y espacios culturales abiertos hasta la medianoche y ofertas especiales en los locales de hosteler\u00eda. 'La Noche M\u00e1gica de Santander' comenzar\u00e1 a las 20.00 horas con un espect\u00e1culo de danza, pasacalles","canonical_url":"https:\/\/eldigitaldeasturias.com\/magazine365\/santander-vivira-una-noche-magica-este-vienres-10-de-junio\/","robots":"max-image-preview:large","keywords":"noticias y actualidad","webmasterTools":{"google-site-verification":"UA-38556648-1","miscellaneous":""},"schema":{"@context":"https:\/\/schema.org","@graph":[{"@type":"Article","@id":"https:\/\/eldigitaldeasturias.com\/magazine365\/santander-vivira-una-noche-magica-este-vienres-10-de-junio\/#article","name":"Santander vivir\u00e1 una \u2018Noche M\u00e1gica\u2019 este viernes 10 de junio | El Digital de Asturias","headline":"Santander vivir\u00e1 una &#8216;Noche M\u00e1gica&#8217; este viernes 10 de junio","author":{"@id":"https:\/\/eldigitaldeasturias.com\/magazine365\/author\/admin\/#author"},"publisher":{"@id":"https:\/\/eldigitaldeasturias.com\/magazine365\/#organization"},"image":{"@type":"ImageObject","url":"https:\/\/eldigitaldeasturias.com\/magazine365\/wp-content\/uploads\/2016\/06\/fotonoticia_20160609145934_800.jpg","width":800,"height":1115},"datePublished":"2016-06-09T18:56:33+02:00","dateModified":"2016-06-09T18:56:46+02:00","inLanguage":"es-ES","mainEntityOfPage":{"@id":"https:\/\/eldigitaldeasturias.com\/magazine365\/santander-vivira-una-noche-magica-este-vienres-10-de-junio\/#webpage"},"isPartOf":{"@id":"https:\/\/eldigitaldeasturias.com\/magazine365\/santander-vivira-una-noche-magica-este-vienres-10-de-junio\/#webpage"},"articleSection":"Noticias y Actualidad"},{"@type":"BreadcrumbList","@id":"https:\/\/eldigitaldeasturias.com\/magazine365\/santander-vivira-una-noche-magica-este-vienres-10-de-junio\/#breadcrumblist","itemListElement":[{"@type":"ListItem","@id":"https:\/\/eldigitaldeasturias.com\/magazine365#listItem","position":1,"name":"Home","item":"https:\/\/eldigitaldeasturias.com\/magazine365","nextItem":{"@type":"ListItem","@id":"https:\/\/eldigitaldeasturias.com\/magazine365\/category\/noticias-actualidad\/#listItem","name":"Noticias y Actualidad"}},{"@type":"ListItem","@id":"https:\/\/eldigitaldeasturias.com\/magazine365\/category\/noticias-actualidad\/#listItem","position":2,"name":"Noticias y Actualidad","item":"https:\/\/eldigitaldeasturias.com\/magazine365\/category\/noticias-actualidad\/","nextItem":{"@type":"ListItem","@id":"https:\/\/eldigitaldeasturias.com\/magazine365\/santander-vivira-una-noche-magica-este-vienres-10-de-junio\/#listItem","name":"Santander vivir\u00e1 una &#8216;Noche M\u00e1gica&#8217; este viernes 10 de junio"},"previousItem":{"@type":"ListItem","@id":"https:\/\/eldigitaldeasturias.com\/magazine365#listItem","name":"Home"}},{"@type":"ListItem","@id":"https:\/\/eldigitaldeasturias.com\/magazine365\/santander-vivira-una-noche-magica-este-vienres-10-de-junio\/#listItem","position":3,"name":"Santander vivir\u00e1 una &#8216;Noche M\u00e1gica&#8217; este viernes 10 de junio","previousItem":{"@type":"ListItem","@id":"https:\/\/eldigitaldeasturias.com\/magazine365\/category\/noticias-actualidad\/#listItem","name":"Noticias y Actualidad"}}]},{"@type":"Organization","@id":"https:\/\/eldigitaldeasturias.com\/magazine365\/#organization","name":"El digital de Asturias","description":"Revista de ocio, turismo y estilo de vida","url":"https:\/\/eldigitaldeasturias.com\/magazine365\/","logo":{"@type":"ImageObject","url":"https:\/\/www.eldigitaldeasturias.com\/noticias\/wp-content\/uploads\/2020\/12\/EDA.jpg","@id":"https:\/\/eldigitaldeasturias.com\/magazine365\/santander-vivira-una-noche-magica-este-vienres-10-de-junio\/#organizationLogo"},"image":{"@id":"https:\/\/eldigitaldeasturias.com\/magazine365\/santander-vivira-una-noche-magica-este-vienres-10-de-junio\/#organizationLogo"}},{"@type":"Person","@id":"https:\/\/eldigitaldeasturias.com\/magazine365\/author\/admin\/#author","url":"https:\/\/eldigitaldeasturias.com\/magazine365\/author\/admin\/","name":"admin","image":{"@type":"ImageObject","@id":"https:\/\/eldigitaldeasturias.com\/magazine365\/santander-vivira-una-noche-magica-este-vienres-10-de-junio\/#authorImage","url":"https:\/\/eldigitaldeasturias.com\/magazine365\/wp-content\/litespeed\/avatar\/e571bcf59a0edd6fa6838245a470f2fe.jpg?ver=1776969259","width":96,"height":96,"caption":"admin"}},{"@type":"WebPage","@id":"https:\/\/eldigitaldeasturias.com\/magazine365\/santander-vivira-una-noche-magica-este-vienres-10-de-junio\/#webpage","url":"https:\/\/eldigitaldeasturias.com\/magazine365\/santander-vivira-una-noche-magica-este-vienres-10-de-junio\/","name":"Santander vivir\u00e1 una \u2018Noche M\u00e1gica\u2019 este viernes 10 de junio | El Digital de Asturias","description":"Santander se prepara para vivir este viernes, 10 de junio, una noche m\u00e1gica con espect\u00e1culos en 10 escenarios repartidos por toda la ciudad, comercios y espacios culturales abiertos hasta la medianoche y ofertas especiales en los locales de hosteler\u00eda. 'La Noche M\u00e1gica de Santander' comenzar\u00e1 a las 20.00 horas con un espect\u00e1culo de danza, pasacalles","inLanguage":"es-ES","isPartOf":{"@id":"https:\/\/eldigitaldeasturias.com\/magazine365\/#website"},"breadcrumb":{"@id":"https:\/\/eldigitaldeasturias.com\/magazine365\/santander-vivira-una-noche-magica-este-vienres-10-de-junio\/#breadcrumblist"},"author":{"@id":"https:\/\/eldigitaldeasturias.com\/magazine365\/author\/admin\/#author"},"creator":{"@id":"https:\/\/eldigitaldeasturias.com\/magazine365\/author\/admin\/#author"},"image":{"@type":"ImageObject","url":"https:\/\/eldigitaldeasturias.com\/magazine365\/wp-content\/uploads\/2016\/06\/fotonoticia_20160609145934_800.jpg","@id":"https:\/\/eldigitaldeasturias.com\/magazine365\/santander-vivira-una-noche-magica-este-vienres-10-de-junio\/#mainImage","width":800,"height":1115},"primaryImageOfPage":{"@id":"https:\/\/eldigitaldeasturias.com\/magazine365\/santander-vivira-una-noche-magica-este-vienres-10-de-junio\/#mainImage"},"datePublished":"2016-06-09T18:56:33+02:00","dateModified":"2016-06-09T18:56:46+02:00"},{"@type":"WebSite","@id":"https:\/\/eldigitaldeasturias.com\/magazine365\/#website","url":"https:\/\/eldigitaldeasturias.com\/magazine365\/","name":"El Digital de Asturias","description":"Revista de ocio, turismo y estilo de vida","inLanguage":"es-ES","publisher":{"@id":"https:\/\/eldigitaldeasturias.com\/magazine365\/#organization"}}]},"og:locale":"es_ES","og:site_name":"El Digital de Asturias \u2013 Revista de ocio, turismo y estilo de vida","og:type":"article","og:title":"Santander vivir\u00e1 una \u2018Noche M\u00e1gica\u2019 este viernes 10 de junio | El Digital de Asturias","og:description":"Santander se prepara para vivir este viernes, 10 de junio, una noche m\u00e1gica con espect\u00e1culos en 10 escenarios repartidos por toda la ciudad, comercios y espacios culturales abiertos hasta la medianoche y ofertas especiales en los locales de hosteler\u00eda. 'La Noche M\u00e1gica de Santander' comenzar\u00e1 a las 20.00 horas con un espect\u00e1culo de danza, pasacalles","og:url":"https:\/\/eldigitaldeasturias.com\/magazine365\/santander-vivira-una-noche-magica-este-vienres-10-de-junio\/","og:image":"https:\/\/eldigitaldeasturias.com\/magazine365\/wp-content\/uploads\/2016\/06\/fotonoticia_20160609145934_800.jpg","og:image:secure_url":"https:\/\/eldigitaldeasturias.com\/magazine365\/wp-content\/uploads\/2016\/06\/fotonoticia_20160609145934_800.jpg","og:image:width":800,"og:image:height":1115,"article:published_time":"2016-06-09T16:56:33+00:00","article:modified_time":"2016-06-09T16:56:46+00:00","twitter:card":"summary_large_image","twitter:title":"Santander vivir\u00e1 una \u2018Noche M\u00e1gica\u2019 este viernes 10 de junio | El Digital de Asturias","twitter:description":"Santander se prepara para vivir este viernes, 10 de junio, una noche m\u00e1gica con espect\u00e1culos en 10 escenarios repartidos por toda la ciudad, comercios y espacios culturales abiertos hasta la medianoche y ofertas especiales en los locales de hosteler\u00eda. 'La Noche M\u00e1gica de Santander' comenzar\u00e1 a las 20.00 horas con un espect\u00e1culo de danza, pasacalles","twitter:image":"https:\/\/eldigitaldeasturias.com\/magazine365\/wp-content\/uploads\/2016\/06\/fotonoticia_20160609145934_800.jpg"},"aioseo_meta_data":{"post_id":"78524","title":null,"description":null,"keywords":null,"keyphrases":null,"primary_term":null,"canonical_url":null,"og_title":null,"og_description":null,"og_object_type":"default","og_image_type":"default","og_image_url":null,"og_image_width":null,"og_image_height":null,"og_image_custom_url":null,"og_image_custom_fields":null,"og_video":null,"og_custom_url":null,"og_article_section":null,"og_article_tags":null,"twitter_use_og":false,"twitter_card":"default","twitter_image_type":"default","twitter_image_url":null,"twitter_image_custom_url":null,"twitter_image_custom_fields":null,"twitter_title":null,"twitter_description":null,"schema":{"blockGraphs":[],"customGraphs":[],"default":{"data":{"Article":[],"Course":[],"Dataset":[],"FAQPage":[],"Movie":[],"Person":[],"Product":[],"ProductReview":[],"Car":[],"Recipe":[],"Service":[],"SoftwareApplication":[],"WebPage":[]},"graphName":"","isEnabled":true},"graphs":[],"defaultGraph":"","defaultPostTypeGraph":""},"schema_type":null,"schema_type_options":null,"pillar_content":false,"robots_default":true,"robots_noindex":false,"robots_noarchive":false,"robots_nosnippet":false,"robots_nofollow":false,"robots_noimageindex":false,"robots_noodp":false,"robots_notranslate":false,"robots_max_snippet":null,"robots_max_videopreview":null,"robots_max_imagepreview":"large","priority":null,"frequency":null,"location":null,"local_seo":null,"seo_analyzer_scan_date":"2025-09-27 17:09:20","breadcrumb_settings":null,"limit_modified_date":false,"open_ai":null,"ai":null,"created":"2021-03-08 18:00:03","updated":"2025-09-27 17:09:20"},"aioseo_breadcrumb":"<div class=\"aioseo-breadcrumbs\"><span class=\"aioseo-breadcrumb\">\n\t<a href=\"https:\/\/eldigitaldeasturias.com\/magazine365\" title=\"Home\">Home<\/a>\n<\/span><span class=\"aioseo-breadcrumb-separator\">\u2013<\/span><span class=\"aioseo-breadcrumb\">\n\t<a href=\"https:\/\/eldigitaldeasturias.com\/magazine365\/category\/noticias-actualidad\/\" title=\"Noticias y Actualidad\">Noticias y Actualidad<\/a>\n<\/span><span class=\"aioseo-breadcrumb-separator\">\u2013<\/span><span class=\"aioseo-breadcrumb\">\n\t<a href=\"https:\/\/eldigitaldeasturias.com\/magazine365\/santander-vivira-una-noche-magica-este-vienres-10-de-junio\/\" title=\"Santander vivir\u00e1 una \u2018Noche M\u00e1gica\u2019 este viernes 10 de junio\">Santander vivir\u00e1 una \u2018Noche M\u00e1gica\u2019 este viernes 10 de junio<\/a>\n<\/span><\/div>","aioseo_breadcrumb_json":[{"label":"Home","link":"https:\/\/eldigitaldeasturias.com\/magazine365"},{"label":"Noticias y Actualidad","link":"https:\/\/eldigitaldeasturias.com\/magazine365\/category\/noticias-actualidad\/"},{"label":"Santander vivir\u00e1 una &#8216;Noche M\u00e1gica&#8217; este viernes 10 de junio","link":"https:\/\/eldigitaldeasturias.com\/magazine365\/santander-vivira-una-noche-magica-este-vienres-10-de-junio\/"}],"_links":{"self":[{"href":"https:\/\/eldigitaldeasturias.com\/magazine365\/wp-json\/wp\/v2\/posts\/78524","targetHints":{"allow":["GET"]}}],"collection":[{"href":"https:\/\/eldigitaldeasturias.com\/magazine365\/wp-json\/wp\/v2\/posts"}],"about":[{"href":"https:\/\/eldigitaldeasturias.com\/magazine365\/wp-json\/wp\/v2\/types\/post"}],"author":[{"embeddable":true,"href":"https:\/\/eldigitaldeasturias.com\/magazine365\/wp-json\/wp\/v2\/users\/1"}],"replies":[{"embeddable":true,"href":"https:\/\/eldigitaldeasturias.com\/magazine365\/wp-json\/wp\/v2\/comments?post=78524"}],"version-history":[{"count":0,"href":"https:\/\/eldigitaldeasturias.com\/magazine365\/wp-json\/wp\/v2\/posts\/78524\/revisions"}],"wp:featuredmedia":[{"embeddable":true,"href":"https:\/\/eldigitaldeasturias.com\/magazine365\/wp-json\/wp\/v2\/media\/78525"}],"wp:attachment":[{"href":"https:\/\/eldigitaldeasturias.com\/magazine365\/wp-json\/wp\/v2\/media?parent=78524"}],"wp:term":[{"taxonomy":"category","embeddable":true,"href":"https:\/\/eldigitaldeasturias.com\/magazine365\/wp-json\/wp\/v2\/categories?post=78524"},{"taxonomy":"post_tag","embeddable":true,"href":"https:\/\/eldigitaldeasturias.com\/magazine365\/wp-json\/wp\/v2\/tags?post=78524"}],"curies":[{"name":"wp","href":"https:\/\/api.w.org\/{rel}","templated":true}]}}