{"id":78494,"date":"2016-06-09T18:44:01","date_gmt":"2016-06-09T16:44:01","guid":{"rendered":"http:\/\/eldigitaldeasturias.com\/magazine365\/?p=78494"},"modified":"2016-06-09T18:44:01","modified_gmt":"2016-06-09T16:44:01","slug":"agricultura-presentara-en-breve-su-proyecto-para-la-senda-costera-de-santander","status":"publish","type":"post","link":"https:\/\/eldigitaldeasturias.com\/magazine365\/agricultura-presentara-en-breve-su-proyecto-para-la-senda-costera-de-santander\/","title":{"rendered":"Agricultura presentar\u00e1 \u00aben breve\u00bb su proyecto para la senda costera de Santander"},"content":{"rendered":"<p><img fetchpriority=\"high\" decoding=\"async\" class=\"alignleft size-medium wp-image-78495\" src=\"https:\/\/eldigitaldeasturias.com\/magazine365\/wp-content\/uploads\/2016\/06\/fotonoticia_20160609133545_800-360x270.jpg\" alt=\"fotonoticia_20160609133545_800\" width=\"360\" height=\"270\" srcset=\"https:\/\/eldigitaldeasturias.com\/magazine365\/wp-content\/uploads\/2016\/06\/fotonoticia_20160609133545_800-360x270.jpg 360w, https:\/\/eldigitaldeasturias.com\/magazine365\/wp-content\/uploads\/2016\/06\/fotonoticia_20160609133545_800-650x488.jpg 650w, https:\/\/eldigitaldeasturias.com\/magazine365\/wp-content\/uploads\/2016\/06\/fotonoticia_20160609133545_800-768x576.jpg 768w, https:\/\/eldigitaldeasturias.com\/magazine365\/wp-content\/uploads\/2016\/06\/fotonoticia_20160609133545_800-150x113.jpg 150w, https:\/\/eldigitaldeasturias.com\/magazine365\/wp-content\/uploads\/2016\/06\/fotonoticia_20160609133545_800-450x338.jpg 450w, https:\/\/eldigitaldeasturias.com\/magazine365\/wp-content\/uploads\/2016\/06\/fotonoticia_20160609133545_800-90x67.jpg 90w, https:\/\/eldigitaldeasturias.com\/magazine365\/wp-content\/uploads\/2016\/06\/fotonoticia_20160609133545_800-164x124.jpg 164w, https:\/\/eldigitaldeasturias.com\/magazine365\/wp-content\/uploads\/2016\/06\/fotonoticia_20160609133545_800-100x75.jpg 100w, https:\/\/eldigitaldeasturias.com\/magazine365\/wp-content\/uploads\/2016\/06\/fotonoticia_20160609133545_800.jpg 800w\" sizes=\"(max-width: 360px) 100vw, 360px\" \/>El Ministerio de Agricultura, Alimentaci\u00f3n y Medio Ambiente (MAGRAMA) tiene \u00abpr\u00e1cticamente perfilado\u00bb el nuevo proyecto para la senda costera de Santander entre Cabo Mayor y la Virgen del Mar y espera que se presente \u00aben breve\u00bb para que pueda ejecutarse \u00ablo antes posible\u00bb.<\/p>\n<p>As\u00ed lo ha anunciado este jueves, en Santo\u00f1a, y a preguntas de los periodistas la ministra del \u00e1rea, Isabel Garc\u00eda Tejerina, quien no ha precisado una fecha concreta.<\/p>\n<p>Durante su visita al puerto de Santo\u00f1a y a la lonja, ha explicado que, antes de que el MAGRAMA d\u00e9 por definitivo el proyecto, se buscar\u00e1 que \u00e9ste sea de la \u00absatisfacci\u00f3n\u00bb del Ayuntamiento de Santander y de los ciudadanos y que se adecua tambi\u00e9n a las directrices del Gobierno de Cantabria, en materia de sendas costeras.<\/p>\n<p>La ministra ha explicado que el MAGRAMA \u00absiempre\u00bb ha querido hacer un proyecto para la senda costera dirigido y pensado al \u00abuso y disfrute\u00bb de los santanderinos y visitantes, lo que llev\u00f3 &#8211;ha dicho&#8211; a que, al comprobarse que el anterior no era \u00abde la aceptaci\u00f3n de los vecinos\u00bb, se retir\u00f3 y trabaj\u00f3 en uno nuevo.<\/p>\n<p>\u00abEst\u00e1 hecho para los ciudadanos\u00bb, ha afirmado la ministra, que ha insistido en el deseo del MAGRAMA de que el proyecto que finalmente se ejecute sea \u00abdel gusto y satisfacci\u00f3n\u00bb de los santanderinos.<\/p>\n<p>El concejal de Medio Ambiente de Santander, Jos\u00e9 Ignacio Quir\u00f3s, anunci\u00f3 el pasado 10 de mayo que la Demarcaci\u00f3n de Costas del MAGRAMA iba a presentar ese mismo mes el borrador del nuevo proyecto para la senda costera.<\/p>\n<p>Transcurrido mayo, el 6 de junio, la Asamblea de la Senda Costera se quej\u00f3 de que el anuncio no se hab\u00eda cumplido y reclam\u00f3 el nuevo proyecto y que \u00abalguien asuma responsabilidades\u00bb.<\/p>\n<p>As\u00ed, solicit\u00f3 a las autoridades que \u00abdejen de tomar el pelo\u00bb a los vecinos y que se hagan las actuaciones necesarias para \u00abrevertir los da\u00f1os causados al entorno, al paisaje y al patrimonio\u00bb<\/p>\n","protected":false},"excerpt":{"rendered":"<p>El Ministerio de Agricultura, Alimentaci\u00f3n y Medio Ambiente (MAGRAMA) tiene \u00abpr\u00e1cticamente perfilado\u00bb el nuevo proyecto para la senda costera de Santander entre Cabo Mayor y la Virgen del Mar y espera que se presente \u00aben breve\u00bb para que pueda ejecutarse \u00ablo antes posible\u00bb. As\u00ed lo ha anunciado este jueves, en Santo\u00f1a, y a preguntas de<\/p>\n","protected":false},"author":1,"featured_media":78495,"comment_status":"open","ping_status":"closed","sticky":false,"template":"","format":"standard","meta":{"footnotes":""},"categories":[224],"tags":[],"class_list":{"0":"post-78494","1":"post","2":"type-post","3":"status-publish","4":"format-standard","5":"has-post-thumbnail","7":"category-noticias-actualidad"},"aioseo_notices":[],"aioseo_head":"\n\t\t<!-- All in One SEO Pro 4.9.6.1 - aioseo.com -->\n\t<meta name=\"description\" content=\"El Ministerio de Agricultura, Alimentaci\u00f3n y Medio Ambiente (MAGRAMA) tiene &quot;pr\u00e1cticamente perfilado&quot; el nuevo proyecto para la senda costera de Santander entre Cabo Mayor y la Virgen del Mar y espera que se presente &quot;en breve&quot; para que pueda ejecutarse &quot;lo antes posible&quot;. As\u00ed lo ha anunciado este jueves, en Santo\u00f1a, y a preguntas de\" \/>\n\t<meta name=\"robots\" content=\"max-image-preview:large\" \/>\n\t<meta name=\"author\" content=\"admin\"\/>\n\t<meta name=\"google-site-verification\" content=\"UA-38556648-1\" \/>\n\t<meta name=\"keywords\" content=\"noticias y actualidad\" \/>\n\t<link rel=\"canonical\" href=\"https:\/\/eldigitaldeasturias.com\/magazine365\/agricultura-presentara-en-breve-su-proyecto-para-la-senda-costera-de-santander\/\" \/>\n\t<meta name=\"generator\" content=\"All in One SEO Pro (AIOSEO) 4.9.6.1\" \/>\n\t\t<meta property=\"og:locale\" content=\"es_ES\" \/>\n\t\t<meta property=\"og:site_name\" content=\"El Digital de Asturias \u2013 Revista de ocio, turismo y estilo de vida\" \/>\n\t\t<meta property=\"og:type\" content=\"article\" \/>\n\t\t<meta property=\"og:title\" content=\"Agricultura presentar\u00e1 \u00aben breve\u00bb su proyecto para la senda costera de Santander | El Digital de Asturias\" \/>\n\t\t<meta property=\"og:description\" content=\"El Ministerio de Agricultura, Alimentaci\u00f3n y Medio Ambiente (MAGRAMA) tiene &quot;pr\u00e1cticamente perfilado&quot; el nuevo proyecto para la senda costera de Santander entre Cabo Mayor y la Virgen del Mar y espera que se presente &quot;en breve&quot; para que pueda ejecutarse &quot;lo antes posible&quot;. As\u00ed lo ha anunciado este jueves, en Santo\u00f1a, y a preguntas de\" \/>\n\t\t<meta property=\"og:url\" content=\"https:\/\/eldigitaldeasturias.com\/magazine365\/agricultura-presentara-en-breve-su-proyecto-para-la-senda-costera-de-santander\/\" \/>\n\t\t<meta property=\"og:image\" content=\"https:\/\/eldigitaldeasturias.com\/magazine365\/wp-content\/uploads\/2016\/06\/fotonoticia_20160609133545_800.jpg\" \/>\n\t\t<meta property=\"og:image:secure_url\" content=\"https:\/\/eldigitaldeasturias.com\/magazine365\/wp-content\/uploads\/2016\/06\/fotonoticia_20160609133545_800.jpg\" \/>\n\t\t<meta property=\"og:image:width\" content=\"800\" \/>\n\t\t<meta property=\"og:image:height\" content=\"600\" \/>\n\t\t<meta property=\"article:published_time\" content=\"2016-06-09T16:44:01+00:00\" \/>\n\t\t<meta property=\"article:modified_time\" content=\"2016-06-09T16:44:01+00:00\" \/>\n\t\t<meta name=\"twitter:card\" content=\"summary_large_image\" \/>\n\t\t<meta name=\"twitter:title\" content=\"Agricultura presentar\u00e1 \u00aben breve\u00bb su proyecto para la senda costera de Santander | El Digital de Asturias\" \/>\n\t\t<meta name=\"twitter:description\" content=\"El Ministerio de Agricultura, Alimentaci\u00f3n y Medio Ambiente (MAGRAMA) tiene &quot;pr\u00e1cticamente perfilado&quot; el nuevo proyecto para la senda costera de Santander entre Cabo Mayor y la Virgen del Mar y espera que se presente &quot;en breve&quot; para que pueda ejecutarse &quot;lo antes posible&quot;. As\u00ed lo ha anunciado este jueves, en Santo\u00f1a, y a preguntas de\" \/>\n\t\t<meta name=\"twitter:image\" content=\"https:\/\/eldigitaldeasturias.com\/magazine365\/wp-content\/uploads\/2016\/06\/fotonoticia_20160609133545_800.jpg\" \/>\n\t\t<script type=\"application\/ld+json\" class=\"aioseo-schema\">\n\t\t\t{\"@context\":\"https:\\\/\\\/schema.org\",\"@graph\":[{\"@type\":\"Article\",\"@id\":\"https:\\\/\\\/eldigitaldeasturias.com\\\/magazine365\\\/agricultura-presentara-en-breve-su-proyecto-para-la-senda-costera-de-santander\\\/#article\",\"name\":\"Agricultura presentar\\u00e1 \\u00aben breve\\u00bb su proyecto para la senda costera de Santander | El Digital de Asturias\",\"headline\":\"Agricultura presentar\\u00e1 \\u00aben breve\\u00bb su proyecto para la senda costera de Santander\",\"author\":{\"@id\":\"https:\\\/\\\/eldigitaldeasturias.com\\\/magazine365\\\/author\\\/admin\\\/#author\"},\"publisher\":{\"@id\":\"https:\\\/\\\/eldigitaldeasturias.com\\\/magazine365\\\/#organization\"},\"image\":{\"@type\":\"ImageObject\",\"url\":\"https:\\\/\\\/eldigitaldeasturias.com\\\/magazine365\\\/wp-content\\\/uploads\\\/2016\\\/06\\\/fotonoticia_20160609133545_800.jpg\",\"width\":800,\"height\":600},\"datePublished\":\"2016-06-09T18:44:01+02:00\",\"dateModified\":\"2016-06-09T18:44:01+02:00\",\"inLanguage\":\"es-ES\",\"mainEntityOfPage\":{\"@id\":\"https:\\\/\\\/eldigitaldeasturias.com\\\/magazine365\\\/agricultura-presentara-en-breve-su-proyecto-para-la-senda-costera-de-santander\\\/#webpage\"},\"isPartOf\":{\"@id\":\"https:\\\/\\\/eldigitaldeasturias.com\\\/magazine365\\\/agricultura-presentara-en-breve-su-proyecto-para-la-senda-costera-de-santander\\\/#webpage\"},\"articleSection\":\"Noticias y Actualidad\"},{\"@type\":\"BreadcrumbList\",\"@id\":\"https:\\\/\\\/eldigitaldeasturias.com\\\/magazine365\\\/agricultura-presentara-en-breve-su-proyecto-para-la-senda-costera-de-santander\\\/#breadcrumblist\",\"itemListElement\":[{\"@type\":\"ListItem\",\"@id\":\"https:\\\/\\\/eldigitaldeasturias.com\\\/magazine365#listItem\",\"position\":1,\"name\":\"Home\",\"item\":\"https:\\\/\\\/eldigitaldeasturias.com\\\/magazine365\",\"nextItem\":{\"@type\":\"ListItem\",\"@id\":\"https:\\\/\\\/eldigitaldeasturias.com\\\/magazine365\\\/category\\\/noticias-actualidad\\\/#listItem\",\"name\":\"Noticias y Actualidad\"}},{\"@type\":\"ListItem\",\"@id\":\"https:\\\/\\\/eldigitaldeasturias.com\\\/magazine365\\\/category\\\/noticias-actualidad\\\/#listItem\",\"position\":2,\"name\":\"Noticias y Actualidad\",\"item\":\"https:\\\/\\\/eldigitaldeasturias.com\\\/magazine365\\\/category\\\/noticias-actualidad\\\/\",\"nextItem\":{\"@type\":\"ListItem\",\"@id\":\"https:\\\/\\\/eldigitaldeasturias.com\\\/magazine365\\\/agricultura-presentara-en-breve-su-proyecto-para-la-senda-costera-de-santander\\\/#listItem\",\"name\":\"Agricultura presentar\\u00e1 \\u00aben breve\\u00bb su proyecto para la senda costera de Santander\"},\"previousItem\":{\"@type\":\"ListItem\",\"@id\":\"https:\\\/\\\/eldigitaldeasturias.com\\\/magazine365#listItem\",\"name\":\"Home\"}},{\"@type\":\"ListItem\",\"@id\":\"https:\\\/\\\/eldigitaldeasturias.com\\\/magazine365\\\/agricultura-presentara-en-breve-su-proyecto-para-la-senda-costera-de-santander\\\/#listItem\",\"position\":3,\"name\":\"Agricultura presentar\\u00e1 \\u00aben breve\\u00bb su proyecto para la senda costera de Santander\",\"previousItem\":{\"@type\":\"ListItem\",\"@id\":\"https:\\\/\\\/eldigitaldeasturias.com\\\/magazine365\\\/category\\\/noticias-actualidad\\\/#listItem\",\"name\":\"Noticias y Actualidad\"}}]},{\"@type\":\"Organization\",\"@id\":\"https:\\\/\\\/eldigitaldeasturias.com\\\/magazine365\\\/#organization\",\"name\":\"El digital de Asturias\",\"description\":\"Revista de ocio, turismo y estilo de vida\",\"url\":\"https:\\\/\\\/eldigitaldeasturias.com\\\/magazine365\\\/\",\"logo\":{\"@type\":\"ImageObject\",\"url\":\"https:\\\/\\\/www.eldigitaldeasturias.com\\\/noticias\\\/wp-content\\\/uploads\\\/2020\\\/12\\\/EDA.jpg\",\"@id\":\"https:\\\/\\\/eldigitaldeasturias.com\\\/magazine365\\\/agricultura-presentara-en-breve-su-proyecto-para-la-senda-costera-de-santander\\\/#organizationLogo\"},\"image\":{\"@id\":\"https:\\\/\\\/eldigitaldeasturias.com\\\/magazine365\\\/agricultura-presentara-en-breve-su-proyecto-para-la-senda-costera-de-santander\\\/#organizationLogo\"}},{\"@type\":\"Person\",\"@id\":\"https:\\\/\\\/eldigitaldeasturias.com\\\/magazine365\\\/author\\\/admin\\\/#author\",\"url\":\"https:\\\/\\\/eldigitaldeasturias.com\\\/magazine365\\\/author\\\/admin\\\/\",\"name\":\"admin\",\"image\":{\"@type\":\"ImageObject\",\"@id\":\"https:\\\/\\\/eldigitaldeasturias.com\\\/magazine365\\\/agricultura-presentara-en-breve-su-proyecto-para-la-senda-costera-de-santander\\\/#authorImage\",\"url\":\"https:\\\/\\\/eldigitaldeasturias.com\\\/magazine365\\\/wp-content\\\/litespeed\\\/avatar\\\/e571bcf59a0edd6fa6838245a470f2fe.jpg?ver=1776969259\",\"width\":96,\"height\":96,\"caption\":\"admin\"}},{\"@type\":\"WebPage\",\"@id\":\"https:\\\/\\\/eldigitaldeasturias.com\\\/magazine365\\\/agricultura-presentara-en-breve-su-proyecto-para-la-senda-costera-de-santander\\\/#webpage\",\"url\":\"https:\\\/\\\/eldigitaldeasturias.com\\\/magazine365\\\/agricultura-presentara-en-breve-su-proyecto-para-la-senda-costera-de-santander\\\/\",\"name\":\"Agricultura presentar\\u00e1 \\u00aben breve\\u00bb su proyecto para la senda costera de Santander | El Digital de Asturias\",\"description\":\"El Ministerio de Agricultura, Alimentaci\\u00f3n y Medio Ambiente (MAGRAMA) tiene \\\"pr\\u00e1cticamente perfilado\\\" el nuevo proyecto para la senda costera de Santander entre Cabo Mayor y la Virgen del Mar y espera que se presente \\\"en breve\\\" para que pueda ejecutarse \\\"lo antes posible\\\". As\\u00ed lo ha anunciado este jueves, en Santo\\u00f1a, y a preguntas de\",\"inLanguage\":\"es-ES\",\"isPartOf\":{\"@id\":\"https:\\\/\\\/eldigitaldeasturias.com\\\/magazine365\\\/#website\"},\"breadcrumb\":{\"@id\":\"https:\\\/\\\/eldigitaldeasturias.com\\\/magazine365\\\/agricultura-presentara-en-breve-su-proyecto-para-la-senda-costera-de-santander\\\/#breadcrumblist\"},\"author\":{\"@id\":\"https:\\\/\\\/eldigitaldeasturias.com\\\/magazine365\\\/author\\\/admin\\\/#author\"},\"creator\":{\"@id\":\"https:\\\/\\\/eldigitaldeasturias.com\\\/magazine365\\\/author\\\/admin\\\/#author\"},\"image\":{\"@type\":\"ImageObject\",\"url\":\"https:\\\/\\\/eldigitaldeasturias.com\\\/magazine365\\\/wp-content\\\/uploads\\\/2016\\\/06\\\/fotonoticia_20160609133545_800.jpg\",\"@id\":\"https:\\\/\\\/eldigitaldeasturias.com\\\/magazine365\\\/agricultura-presentara-en-breve-su-proyecto-para-la-senda-costera-de-santander\\\/#mainImage\",\"width\":800,\"height\":600},\"primaryImageOfPage\":{\"@id\":\"https:\\\/\\\/eldigitaldeasturias.com\\\/magazine365\\\/agricultura-presentara-en-breve-su-proyecto-para-la-senda-costera-de-santander\\\/#mainImage\"},\"datePublished\":\"2016-06-09T18:44:01+02:00\",\"dateModified\":\"2016-06-09T18:44:01+02:00\"},{\"@type\":\"WebSite\",\"@id\":\"https:\\\/\\\/eldigitaldeasturias.com\\\/magazine365\\\/#website\",\"url\":\"https:\\\/\\\/eldigitaldeasturias.com\\\/magazine365\\\/\",\"name\":\"El Digital de Asturias\",\"description\":\"Revista de ocio, turismo y estilo de vida\",\"inLanguage\":\"es-ES\",\"publisher\":{\"@id\":\"https:\\\/\\\/eldigitaldeasturias.com\\\/magazine365\\\/#organization\"}}]}\n\t\t<\/script>\n\t\t<!-- All in One SEO Pro -->\r\n\t\t<title>Agricultura presentar\u00e1 \u00aben breve\u00bb su proyecto para la senda costera de Santander | El Digital de Asturias<\/title>\n\n","aioseo_head_json":{"title":"Agricultura presentar\u00e1 \u00aben breve\u00bb su proyecto para la senda costera de Santander | El Digital de Asturias","description":"El Ministerio de Agricultura, Alimentaci\u00f3n y Medio Ambiente (MAGRAMA) tiene \"pr\u00e1cticamente perfilado\" el nuevo proyecto para la senda costera de Santander entre Cabo Mayor y la Virgen del Mar y espera que se presente \"en breve\" para que pueda ejecutarse \"lo antes posible\". As\u00ed lo ha anunciado este jueves, en Santo\u00f1a, y a preguntas de","canonical_url":"https:\/\/eldigitaldeasturias.com\/magazine365\/agricultura-presentara-en-breve-su-proyecto-para-la-senda-costera-de-santander\/","robots":"max-image-preview:large","keywords":"noticias y actualidad","webmasterTools":{"google-site-verification":"UA-38556648-1","miscellaneous":""},"schema":{"@context":"https:\/\/schema.org","@graph":[{"@type":"Article","@id":"https:\/\/eldigitaldeasturias.com\/magazine365\/agricultura-presentara-en-breve-su-proyecto-para-la-senda-costera-de-santander\/#article","name":"Agricultura presentar\u00e1 \u00aben breve\u00bb su proyecto para la senda costera de Santander | El Digital de Asturias","headline":"Agricultura presentar\u00e1 \u00aben breve\u00bb su proyecto para la senda costera de Santander","author":{"@id":"https:\/\/eldigitaldeasturias.com\/magazine365\/author\/admin\/#author"},"publisher":{"@id":"https:\/\/eldigitaldeasturias.com\/magazine365\/#organization"},"image":{"@type":"ImageObject","url":"https:\/\/eldigitaldeasturias.com\/magazine365\/wp-content\/uploads\/2016\/06\/fotonoticia_20160609133545_800.jpg","width":800,"height":600},"datePublished":"2016-06-09T18:44:01+02:00","dateModified":"2016-06-09T18:44:01+02:00","inLanguage":"es-ES","mainEntityOfPage":{"@id":"https:\/\/eldigitaldeasturias.com\/magazine365\/agricultura-presentara-en-breve-su-proyecto-para-la-senda-costera-de-santander\/#webpage"},"isPartOf":{"@id":"https:\/\/eldigitaldeasturias.com\/magazine365\/agricultura-presentara-en-breve-su-proyecto-para-la-senda-costera-de-santander\/#webpage"},"articleSection":"Noticias y Actualidad"},{"@type":"BreadcrumbList","@id":"https:\/\/eldigitaldeasturias.com\/magazine365\/agricultura-presentara-en-breve-su-proyecto-para-la-senda-costera-de-santander\/#breadcrumblist","itemListElement":[{"@type":"ListItem","@id":"https:\/\/eldigitaldeasturias.com\/magazine365#listItem","position":1,"name":"Home","item":"https:\/\/eldigitaldeasturias.com\/magazine365","nextItem":{"@type":"ListItem","@id":"https:\/\/eldigitaldeasturias.com\/magazine365\/category\/noticias-actualidad\/#listItem","name":"Noticias y Actualidad"}},{"@type":"ListItem","@id":"https:\/\/eldigitaldeasturias.com\/magazine365\/category\/noticias-actualidad\/#listItem","position":2,"name":"Noticias y Actualidad","item":"https:\/\/eldigitaldeasturias.com\/magazine365\/category\/noticias-actualidad\/","nextItem":{"@type":"ListItem","@id":"https:\/\/eldigitaldeasturias.com\/magazine365\/agricultura-presentara-en-breve-su-proyecto-para-la-senda-costera-de-santander\/#listItem","name":"Agricultura presentar\u00e1 \u00aben breve\u00bb su proyecto para la senda costera de Santander"},"previousItem":{"@type":"ListItem","@id":"https:\/\/eldigitaldeasturias.com\/magazine365#listItem","name":"Home"}},{"@type":"ListItem","@id":"https:\/\/eldigitaldeasturias.com\/magazine365\/agricultura-presentara-en-breve-su-proyecto-para-la-senda-costera-de-santander\/#listItem","position":3,"name":"Agricultura presentar\u00e1 \u00aben breve\u00bb su proyecto para la senda costera de Santander","previousItem":{"@type":"ListItem","@id":"https:\/\/eldigitaldeasturias.com\/magazine365\/category\/noticias-actualidad\/#listItem","name":"Noticias y Actualidad"}}]},{"@type":"Organization","@id":"https:\/\/eldigitaldeasturias.com\/magazine365\/#organization","name":"El digital de Asturias","description":"Revista de ocio, turismo y estilo de vida","url":"https:\/\/eldigitaldeasturias.com\/magazine365\/","logo":{"@type":"ImageObject","url":"https:\/\/www.eldigitaldeasturias.com\/noticias\/wp-content\/uploads\/2020\/12\/EDA.jpg","@id":"https:\/\/eldigitaldeasturias.com\/magazine365\/agricultura-presentara-en-breve-su-proyecto-para-la-senda-costera-de-santander\/#organizationLogo"},"image":{"@id":"https:\/\/eldigitaldeasturias.com\/magazine365\/agricultura-presentara-en-breve-su-proyecto-para-la-senda-costera-de-santander\/#organizationLogo"}},{"@type":"Person","@id":"https:\/\/eldigitaldeasturias.com\/magazine365\/author\/admin\/#author","url":"https:\/\/eldigitaldeasturias.com\/magazine365\/author\/admin\/","name":"admin","image":{"@type":"ImageObject","@id":"https:\/\/eldigitaldeasturias.com\/magazine365\/agricultura-presentara-en-breve-su-proyecto-para-la-senda-costera-de-santander\/#authorImage","url":"https:\/\/eldigitaldeasturias.com\/magazine365\/wp-content\/litespeed\/avatar\/e571bcf59a0edd6fa6838245a470f2fe.jpg?ver=1776969259","width":96,"height":96,"caption":"admin"}},{"@type":"WebPage","@id":"https:\/\/eldigitaldeasturias.com\/magazine365\/agricultura-presentara-en-breve-su-proyecto-para-la-senda-costera-de-santander\/#webpage","url":"https:\/\/eldigitaldeasturias.com\/magazine365\/agricultura-presentara-en-breve-su-proyecto-para-la-senda-costera-de-santander\/","name":"Agricultura presentar\u00e1 \u00aben breve\u00bb su proyecto para la senda costera de Santander | El Digital de Asturias","description":"El Ministerio de Agricultura, Alimentaci\u00f3n y Medio Ambiente (MAGRAMA) tiene \"pr\u00e1cticamente perfilado\" el nuevo proyecto para la senda costera de Santander entre Cabo Mayor y la Virgen del Mar y espera que se presente \"en breve\" para que pueda ejecutarse \"lo antes posible\". As\u00ed lo ha anunciado este jueves, en Santo\u00f1a, y a preguntas de","inLanguage":"es-ES","isPartOf":{"@id":"https:\/\/eldigitaldeasturias.com\/magazine365\/#website"},"breadcrumb":{"@id":"https:\/\/eldigitaldeasturias.com\/magazine365\/agricultura-presentara-en-breve-su-proyecto-para-la-senda-costera-de-santander\/#breadcrumblist"},"author":{"@id":"https:\/\/eldigitaldeasturias.com\/magazine365\/author\/admin\/#author"},"creator":{"@id":"https:\/\/eldigitaldeasturias.com\/magazine365\/author\/admin\/#author"},"image":{"@type":"ImageObject","url":"https:\/\/eldigitaldeasturias.com\/magazine365\/wp-content\/uploads\/2016\/06\/fotonoticia_20160609133545_800.jpg","@id":"https:\/\/eldigitaldeasturias.com\/magazine365\/agricultura-presentara-en-breve-su-proyecto-para-la-senda-costera-de-santander\/#mainImage","width":800,"height":600},"primaryImageOfPage":{"@id":"https:\/\/eldigitaldeasturias.com\/magazine365\/agricultura-presentara-en-breve-su-proyecto-para-la-senda-costera-de-santander\/#mainImage"},"datePublished":"2016-06-09T18:44:01+02:00","dateModified":"2016-06-09T18:44:01+02:00"},{"@type":"WebSite","@id":"https:\/\/eldigitaldeasturias.com\/magazine365\/#website","url":"https:\/\/eldigitaldeasturias.com\/magazine365\/","name":"El Digital de Asturias","description":"Revista de ocio, turismo y estilo de vida","inLanguage":"es-ES","publisher":{"@id":"https:\/\/eldigitaldeasturias.com\/magazine365\/#organization"}}]},"og:locale":"es_ES","og:site_name":"El Digital de Asturias \u2013 Revista de ocio, turismo y estilo de vida","og:type":"article","og:title":"Agricultura presentar\u00e1 \u00aben breve\u00bb su proyecto para la senda costera de Santander | El Digital de Asturias","og:description":"El Ministerio de Agricultura, Alimentaci\u00f3n y Medio Ambiente (MAGRAMA) tiene &quot;pr\u00e1cticamente perfilado&quot; el nuevo proyecto para la senda costera de Santander entre Cabo Mayor y la Virgen del Mar y espera que se presente &quot;en breve&quot; para que pueda ejecutarse &quot;lo antes posible&quot;. As\u00ed lo ha anunciado este jueves, en Santo\u00f1a, y a preguntas de","og:url":"https:\/\/eldigitaldeasturias.com\/magazine365\/agricultura-presentara-en-breve-su-proyecto-para-la-senda-costera-de-santander\/","og:image":"https:\/\/eldigitaldeasturias.com\/magazine365\/wp-content\/uploads\/2016\/06\/fotonoticia_20160609133545_800.jpg","og:image:secure_url":"https:\/\/eldigitaldeasturias.com\/magazine365\/wp-content\/uploads\/2016\/06\/fotonoticia_20160609133545_800.jpg","og:image:width":800,"og:image:height":600,"article:published_time":"2016-06-09T16:44:01+00:00","article:modified_time":"2016-06-09T16:44:01+00:00","twitter:card":"summary_large_image","twitter:title":"Agricultura presentar\u00e1 \u00aben breve\u00bb su proyecto para la senda costera de Santander | El Digital de Asturias","twitter:description":"El Ministerio de Agricultura, Alimentaci\u00f3n y Medio Ambiente (MAGRAMA) tiene &quot;pr\u00e1cticamente perfilado&quot; el nuevo proyecto para la senda costera de Santander entre Cabo Mayor y la Virgen del Mar y espera que se presente &quot;en breve&quot; para que pueda ejecutarse &quot;lo antes posible&quot;. As\u00ed lo ha anunciado este jueves, en Santo\u00f1a, y a preguntas de","twitter:image":"https:\/\/eldigitaldeasturias.com\/magazine365\/wp-content\/uploads\/2016\/06\/fotonoticia_20160609133545_800.jpg"},"aioseo_meta_data":{"post_id":"78494","title":null,"description":null,"keywords":null,"keyphrases":null,"primary_term":null,"canonical_url":null,"og_title":null,"og_description":null,"og_object_type":"default","og_image_type":"default","og_image_url":null,"og_image_width":null,"og_image_height":null,"og_image_custom_url":null,"og_image_custom_fields":null,"og_video":null,"og_custom_url":null,"og_article_section":null,"og_article_tags":null,"twitter_use_og":false,"twitter_card":"default","twitter_image_type":"default","twitter_image_url":null,"twitter_image_custom_url":null,"twitter_image_custom_fields":null,"twitter_title":null,"twitter_description":null,"schema":{"blockGraphs":[],"customGraphs":[],"default":{"data":{"Article":[],"Course":[],"Dataset":[],"FAQPage":[],"Movie":[],"Person":[],"Product":[],"ProductReview":[],"Car":[],"Recipe":[],"Service":[],"SoftwareApplication":[],"WebPage":[]},"graphName":"","isEnabled":true},"graphs":[],"defaultGraph":"","defaultPostTypeGraph":""},"schema_type":null,"schema_type_options":null,"pillar_content":false,"robots_default":true,"robots_noindex":false,"robots_noarchive":false,"robots_nosnippet":false,"robots_nofollow":false,"robots_noimageindex":false,"robots_noodp":false,"robots_notranslate":false,"robots_max_snippet":null,"robots_max_videopreview":null,"robots_max_imagepreview":"large","priority":null,"frequency":null,"location":null,"local_seo":null,"seo_analyzer_scan_date":"2025-09-27 17:06:42","breadcrumb_settings":null,"limit_modified_date":false,"open_ai":null,"ai":null,"created":"2021-03-08 18:00:49","updated":"2025-09-27 17:06:42"},"aioseo_breadcrumb":"<div class=\"aioseo-breadcrumbs\"><span class=\"aioseo-breadcrumb\">\n\t<a href=\"https:\/\/eldigitaldeasturias.com\/magazine365\" title=\"Home\">Home<\/a>\n<\/span><span class=\"aioseo-breadcrumb-separator\">\u2013<\/span><span class=\"aioseo-breadcrumb\">\n\t<a href=\"https:\/\/eldigitaldeasturias.com\/magazine365\/category\/noticias-actualidad\/\" title=\"Noticias y Actualidad\">Noticias y Actualidad<\/a>\n<\/span><span class=\"aioseo-breadcrumb-separator\">\u2013<\/span><span class=\"aioseo-breadcrumb\">\n\t<a href=\"https:\/\/eldigitaldeasturias.com\/magazine365\/agricultura-presentara-en-breve-su-proyecto-para-la-senda-costera-de-santander\/\" title=\"Agricultura presentar\u00e1 \u00aben breve\u00bb su proyecto para la senda costera de Santander\">Agricultura presentar\u00e1 \u00aben breve\u00bb su proyecto para la senda costera de Santander<\/a>\n<\/span><\/div>","aioseo_breadcrumb_json":[{"label":"Home","link":"https:\/\/eldigitaldeasturias.com\/magazine365"},{"label":"Noticias y Actualidad","link":"https:\/\/eldigitaldeasturias.com\/magazine365\/category\/noticias-actualidad\/"},{"label":"Agricultura presentar\u00e1 \u00aben breve\u00bb su proyecto para la senda costera de Santander","link":"https:\/\/eldigitaldeasturias.com\/magazine365\/agricultura-presentara-en-breve-su-proyecto-para-la-senda-costera-de-santander\/"}],"_links":{"self":[{"href":"https:\/\/eldigitaldeasturias.com\/magazine365\/wp-json\/wp\/v2\/posts\/78494","targetHints":{"allow":["GET"]}}],"collection":[{"href":"https:\/\/eldigitaldeasturias.com\/magazine365\/wp-json\/wp\/v2\/posts"}],"about":[{"href":"https:\/\/eldigitaldeasturias.com\/magazine365\/wp-json\/wp\/v2\/types\/post"}],"author":[{"embeddable":true,"href":"https:\/\/eldigitaldeasturias.com\/magazine365\/wp-json\/wp\/v2\/users\/1"}],"replies":[{"embeddable":true,"href":"https:\/\/eldigitaldeasturias.com\/magazine365\/wp-json\/wp\/v2\/comments?post=78494"}],"version-history":[{"count":0,"href":"https:\/\/eldigitaldeasturias.com\/magazine365\/wp-json\/wp\/v2\/posts\/78494\/revisions"}],"wp:featuredmedia":[{"embeddable":true,"href":"https:\/\/eldigitaldeasturias.com\/magazine365\/wp-json\/wp\/v2\/media\/78495"}],"wp:attachment":[{"href":"https:\/\/eldigitaldeasturias.com\/magazine365\/wp-json\/wp\/v2\/media?parent=78494"}],"wp:term":[{"taxonomy":"category","embeddable":true,"href":"https:\/\/eldigitaldeasturias.com\/magazine365\/wp-json\/wp\/v2\/categories?post=78494"},{"taxonomy":"post_tag","embeddable":true,"href":"https:\/\/eldigitaldeasturias.com\/magazine365\/wp-json\/wp\/v2\/tags?post=78494"}],"curies":[{"name":"wp","href":"https:\/\/api.w.org\/{rel}","templated":true}]}}