{"id":78491,"date":"2016-06-09T18:41:59","date_gmt":"2016-06-09T16:41:59","guid":{"rendered":"http:\/\/eldigitaldeasturias.com\/magazine365\/?p=78491"},"modified":"2016-06-09T18:41:59","modified_gmt":"2016-06-09T16:41:59","slug":"come-mai-organiza-tres-viajes-a-cerdena-para-conocer-la-cultura-sarda","status":"publish","type":"post","link":"https:\/\/eldigitaldeasturias.com\/magazine365\/come-mai-organiza-tres-viajes-a-cerdena-para-conocer-la-cultura-sarda\/","title":{"rendered":"Come Mai organiza tres viajes a Cerde\u00f1a para conocer la cultura sarda"},"content":{"rendered":"<p><img fetchpriority=\"high\" decoding=\"async\" class=\"alignleft size-medium wp-image-78492\" src=\"https:\/\/eldigitaldeasturias.com\/magazine365\/wp-content\/uploads\/2016\/06\/fotonoticia_20160609132443_800-300x300.jpg\" alt=\"fotonoticia_20160609132443_800\" width=\"300\" height=\"300\" srcset=\"https:\/\/eldigitaldeasturias.com\/magazine365\/wp-content\/uploads\/2016\/06\/fotonoticia_20160609132443_800-300x300.jpg 300w, https:\/\/eldigitaldeasturias.com\/magazine365\/wp-content\/uploads\/2016\/06\/fotonoticia_20160609132443_800-640x640.jpg 640w, https:\/\/eldigitaldeasturias.com\/magazine365\/wp-content\/uploads\/2016\/06\/fotonoticia_20160609132443_800-768x768.jpg 768w, https:\/\/eldigitaldeasturias.com\/magazine365\/wp-content\/uploads\/2016\/06\/fotonoticia_20160609132443_800-150x150.jpg 150w, https:\/\/eldigitaldeasturias.com\/magazine365\/wp-content\/uploads\/2016\/06\/fotonoticia_20160609132443_800-450x450.jpg 450w, https:\/\/eldigitaldeasturias.com\/magazine365\/wp-content\/uploads\/2016\/06\/fotonoticia_20160609132443_800-50x50.jpg 50w, https:\/\/eldigitaldeasturias.com\/magazine365\/wp-content\/uploads\/2016\/06\/fotonoticia_20160609132443_800-301x300.jpg 301w, https:\/\/eldigitaldeasturias.com\/magazine365\/wp-content\/uploads\/2016\/06\/fotonoticia_20160609132443_800-135x135.jpg 135w, https:\/\/eldigitaldeasturias.com\/magazine365\/wp-content\/uploads\/2016\/06\/fotonoticia_20160609132443_800-100x100.jpg 100w, https:\/\/eldigitaldeasturias.com\/magazine365\/wp-content\/uploads\/2016\/06\/fotonoticia_20160609132443_800.jpg 800w\" sizes=\"(max-width: 300px) 100vw, 300px\" \/>La Escuela de Cultura y Lengua Italiana Come Mai ha organizado tres viajes para este verano a la isla de Cerde\u00f1a con el objetivo de profundizar en el conocimiento de la isla, las gastronom\u00eda y las costumbres sardas, as\u00ed como para aprender italiano.<\/p>\n<p>Los tres viajes previstos del 16 a 26 de julio, del 1 al 11 de agosto y del 3 al 13 de septiembre, ofrecer\u00e1n clases de italiano por la ma\u00f1ana amenizadas con un desayuno con productos t\u00edpicos de Cerde\u00f1a y por la tarde, se realiza una actividad diferente, para descubrir las playas, monta\u00f1as y pueblos de la regi\u00f3n de Ogliastra.<\/p>\n<p>Bajo el lema #Sue\u00d1aCerde\u00d1a los viajeros podr\u00e1n disfrutar de la playa de Santa Mar\u00eda Navarrese, donde podr\u00e1 observar la Iglesia Rom\u00e1nica que seg\u00fan la leyenda habr\u00eda erigido Isabel, una de las hijas del Rey de Navarra. Tambi\u00e9n se prev\u00e9 la visita al complejo nur\u00e1gico Bau Nuraxi y una de las Tumbas de Gigantes m\u00e1s importantes de Cerde\u00f1a.<\/p>\n<h2 class=\"ladillo\">EXCURSI\u00d3N LA MAR AZUL DE CERDE\u00d1A<\/h2>\n<p>Entre otras de las muchas de las sorpresas que albergar\u00e1 #Sue\u00d1aCerde\u00d1a ser\u00e1n los dos d\u00edas completos dedicados al ocio organizados por Andrea Moro y Francesca Murru fundadoras de la Escuela.<\/p>\n<p>El primero ser\u00eda un recorrido por la regi\u00f3n de Ogliastra, visitando el museo Stazione dell&#8217;Arte, mientras que el segundo se planificar\u00e1 una excursi\u00f3n al mar azul de Cerde\u00f1a por la costa (entre Cardedu, Gairo y Tertenia).<\/p>\n<p>El viaje por persona tiene un coste de 990 euros e incluye las clases de italiano, los desayunos, la cena de bienvenida, todo el material did\u00e1ctico, desplazamientos en las excursiones, dos excursiones de un d\u00eda entero, las entradas a museos y monumentos, la organizaci\u00f3n de todas las comidas y el certificado de asistencia.<\/p>\n<p>En el precio no est\u00e1 incluido el vuelo, alojamiento o desplazamientos al aeropuerto, ni las comidas que se realizan en la casa de hu\u00e9spedes.<\/p>\n","protected":false},"excerpt":{"rendered":"<p>La Escuela de Cultura y Lengua Italiana Come Mai ha organizado tres viajes para este verano a la isla de Cerde\u00f1a con el objetivo de profundizar en el conocimiento de la isla, las gastronom\u00eda y las costumbres sardas, as\u00ed como para aprender italiano. Los tres viajes previstos del 16 a 26 de julio, del 1<\/p>\n","protected":false},"author":1,"featured_media":78492,"comment_status":"open","ping_status":"closed","sticky":false,"template":"","format":"standard","meta":{"footnotes":""},"categories":[224],"tags":[],"class_list":{"0":"post-78491","1":"post","2":"type-post","3":"status-publish","4":"format-standard","5":"has-post-thumbnail","7":"category-noticias-actualidad"},"aioseo_notices":[],"aioseo_head":"\n\t\t<!-- All in One SEO Pro 4.9.6.1 - aioseo.com -->\n\t<meta name=\"description\" content=\"La Escuela de Cultura y Lengua Italiana Come Mai ha organizado tres viajes para este verano a la isla de Cerde\u00f1a con el objetivo de profundizar en el conocimiento de la isla, las gastronom\u00eda y las costumbres sardas, as\u00ed como para aprender italiano. Los tres viajes previstos del 16 a 26 de julio, del 1\" \/>\n\t<meta name=\"robots\" content=\"max-image-preview:large\" \/>\n\t<meta name=\"author\" content=\"admin\"\/>\n\t<meta name=\"google-site-verification\" content=\"UA-38556648-1\" \/>\n\t<meta name=\"keywords\" content=\"noticias y actualidad\" \/>\n\t<link rel=\"canonical\" href=\"https:\/\/eldigitaldeasturias.com\/magazine365\/come-mai-organiza-tres-viajes-a-cerdena-para-conocer-la-cultura-sarda\/\" \/>\n\t<meta name=\"generator\" content=\"All in One SEO Pro (AIOSEO) 4.9.6.1\" \/>\n\t\t<meta property=\"og:locale\" content=\"es_ES\" \/>\n\t\t<meta property=\"og:site_name\" content=\"El Digital de Asturias \u2013 Revista de ocio, turismo y estilo de vida\" \/>\n\t\t<meta property=\"og:type\" content=\"article\" \/>\n\t\t<meta property=\"og:title\" content=\"Come Mai organiza tres viajes a Cerde\u00f1a para conocer la cultura sarda | El Digital de Asturias\" \/>\n\t\t<meta property=\"og:description\" content=\"La Escuela de Cultura y Lengua Italiana Come Mai ha organizado tres viajes para este verano a la isla de Cerde\u00f1a con el objetivo de profundizar en el conocimiento de la isla, las gastronom\u00eda y las costumbres sardas, as\u00ed como para aprender italiano. Los tres viajes previstos del 16 a 26 de julio, del 1\" \/>\n\t\t<meta property=\"og:url\" content=\"https:\/\/eldigitaldeasturias.com\/magazine365\/come-mai-organiza-tres-viajes-a-cerdena-para-conocer-la-cultura-sarda\/\" \/>\n\t\t<meta property=\"og:image\" content=\"https:\/\/eldigitaldeasturias.com\/magazine365\/wp-content\/uploads\/2016\/06\/fotonoticia_20160609132443_800.jpg\" \/>\n\t\t<meta property=\"og:image:secure_url\" content=\"https:\/\/eldigitaldeasturias.com\/magazine365\/wp-content\/uploads\/2016\/06\/fotonoticia_20160609132443_800.jpg\" \/>\n\t\t<meta property=\"og:image:width\" content=\"800\" \/>\n\t\t<meta property=\"og:image:height\" content=\"800\" \/>\n\t\t<meta property=\"article:published_time\" content=\"2016-06-09T16:41:59+00:00\" \/>\n\t\t<meta property=\"article:modified_time\" content=\"2016-06-09T16:41:59+00:00\" \/>\n\t\t<meta name=\"twitter:card\" content=\"summary_large_image\" \/>\n\t\t<meta name=\"twitter:title\" content=\"Come Mai organiza tres viajes a Cerde\u00f1a para conocer la cultura sarda | El Digital de Asturias\" \/>\n\t\t<meta name=\"twitter:description\" content=\"La Escuela de Cultura y Lengua Italiana Come Mai ha organizado tres viajes para este verano a la isla de Cerde\u00f1a con el objetivo de profundizar en el conocimiento de la isla, las gastronom\u00eda y las costumbres sardas, as\u00ed como para aprender italiano. Los tres viajes previstos del 16 a 26 de julio, del 1\" \/>\n\t\t<meta name=\"twitter:image\" content=\"https:\/\/eldigitaldeasturias.com\/magazine365\/wp-content\/uploads\/2016\/06\/fotonoticia_20160609132443_800.jpg\" \/>\n\t\t<script type=\"application\/ld+json\" class=\"aioseo-schema\">\n\t\t\t{\"@context\":\"https:\\\/\\\/schema.org\",\"@graph\":[{\"@type\":\"Article\",\"@id\":\"https:\\\/\\\/eldigitaldeasturias.com\\\/magazine365\\\/come-mai-organiza-tres-viajes-a-cerdena-para-conocer-la-cultura-sarda\\\/#article\",\"name\":\"Come Mai organiza tres viajes a Cerde\\u00f1a para conocer la cultura sarda | El Digital de Asturias\",\"headline\":\"Come Mai organiza tres viajes a Cerde\\u00f1a para conocer la cultura sarda\",\"author\":{\"@id\":\"https:\\\/\\\/eldigitaldeasturias.com\\\/magazine365\\\/author\\\/admin\\\/#author\"},\"publisher\":{\"@id\":\"https:\\\/\\\/eldigitaldeasturias.com\\\/magazine365\\\/#organization\"},\"image\":{\"@type\":\"ImageObject\",\"url\":\"https:\\\/\\\/eldigitaldeasturias.com\\\/magazine365\\\/wp-content\\\/uploads\\\/2016\\\/06\\\/fotonoticia_20160609132443_800.jpg\",\"width\":800,\"height\":800},\"datePublished\":\"2016-06-09T18:41:59+02:00\",\"dateModified\":\"2016-06-09T18:41:59+02:00\",\"inLanguage\":\"es-ES\",\"mainEntityOfPage\":{\"@id\":\"https:\\\/\\\/eldigitaldeasturias.com\\\/magazine365\\\/come-mai-organiza-tres-viajes-a-cerdena-para-conocer-la-cultura-sarda\\\/#webpage\"},\"isPartOf\":{\"@id\":\"https:\\\/\\\/eldigitaldeasturias.com\\\/magazine365\\\/come-mai-organiza-tres-viajes-a-cerdena-para-conocer-la-cultura-sarda\\\/#webpage\"},\"articleSection\":\"Noticias y Actualidad\"},{\"@type\":\"BreadcrumbList\",\"@id\":\"https:\\\/\\\/eldigitaldeasturias.com\\\/magazine365\\\/come-mai-organiza-tres-viajes-a-cerdena-para-conocer-la-cultura-sarda\\\/#breadcrumblist\",\"itemListElement\":[{\"@type\":\"ListItem\",\"@id\":\"https:\\\/\\\/eldigitaldeasturias.com\\\/magazine365#listItem\",\"position\":1,\"name\":\"Home\",\"item\":\"https:\\\/\\\/eldigitaldeasturias.com\\\/magazine365\",\"nextItem\":{\"@type\":\"ListItem\",\"@id\":\"https:\\\/\\\/eldigitaldeasturias.com\\\/magazine365\\\/category\\\/noticias-actualidad\\\/#listItem\",\"name\":\"Noticias y Actualidad\"}},{\"@type\":\"ListItem\",\"@id\":\"https:\\\/\\\/eldigitaldeasturias.com\\\/magazine365\\\/category\\\/noticias-actualidad\\\/#listItem\",\"position\":2,\"name\":\"Noticias y Actualidad\",\"item\":\"https:\\\/\\\/eldigitaldeasturias.com\\\/magazine365\\\/category\\\/noticias-actualidad\\\/\",\"nextItem\":{\"@type\":\"ListItem\",\"@id\":\"https:\\\/\\\/eldigitaldeasturias.com\\\/magazine365\\\/come-mai-organiza-tres-viajes-a-cerdena-para-conocer-la-cultura-sarda\\\/#listItem\",\"name\":\"Come Mai organiza tres viajes a Cerde\\u00f1a para conocer la cultura sarda\"},\"previousItem\":{\"@type\":\"ListItem\",\"@id\":\"https:\\\/\\\/eldigitaldeasturias.com\\\/magazine365#listItem\",\"name\":\"Home\"}},{\"@type\":\"ListItem\",\"@id\":\"https:\\\/\\\/eldigitaldeasturias.com\\\/magazine365\\\/come-mai-organiza-tres-viajes-a-cerdena-para-conocer-la-cultura-sarda\\\/#listItem\",\"position\":3,\"name\":\"Come Mai organiza tres viajes a Cerde\\u00f1a para conocer la cultura sarda\",\"previousItem\":{\"@type\":\"ListItem\",\"@id\":\"https:\\\/\\\/eldigitaldeasturias.com\\\/magazine365\\\/category\\\/noticias-actualidad\\\/#listItem\",\"name\":\"Noticias y Actualidad\"}}]},{\"@type\":\"Organization\",\"@id\":\"https:\\\/\\\/eldigitaldeasturias.com\\\/magazine365\\\/#organization\",\"name\":\"El digital de Asturias\",\"description\":\"Revista de ocio, turismo y estilo de vida\",\"url\":\"https:\\\/\\\/eldigitaldeasturias.com\\\/magazine365\\\/\",\"logo\":{\"@type\":\"ImageObject\",\"url\":\"https:\\\/\\\/www.eldigitaldeasturias.com\\\/noticias\\\/wp-content\\\/uploads\\\/2020\\\/12\\\/EDA.jpg\",\"@id\":\"https:\\\/\\\/eldigitaldeasturias.com\\\/magazine365\\\/come-mai-organiza-tres-viajes-a-cerdena-para-conocer-la-cultura-sarda\\\/#organizationLogo\"},\"image\":{\"@id\":\"https:\\\/\\\/eldigitaldeasturias.com\\\/magazine365\\\/come-mai-organiza-tres-viajes-a-cerdena-para-conocer-la-cultura-sarda\\\/#organizationLogo\"}},{\"@type\":\"Person\",\"@id\":\"https:\\\/\\\/eldigitaldeasturias.com\\\/magazine365\\\/author\\\/admin\\\/#author\",\"url\":\"https:\\\/\\\/eldigitaldeasturias.com\\\/magazine365\\\/author\\\/admin\\\/\",\"name\":\"admin\",\"image\":{\"@type\":\"ImageObject\",\"@id\":\"https:\\\/\\\/eldigitaldeasturias.com\\\/magazine365\\\/come-mai-organiza-tres-viajes-a-cerdena-para-conocer-la-cultura-sarda\\\/#authorImage\",\"url\":\"https:\\\/\\\/eldigitaldeasturias.com\\\/magazine365\\\/wp-content\\\/litespeed\\\/avatar\\\/e571bcf59a0edd6fa6838245a470f2fe.jpg?ver=1776969259\",\"width\":96,\"height\":96,\"caption\":\"admin\"}},{\"@type\":\"WebPage\",\"@id\":\"https:\\\/\\\/eldigitaldeasturias.com\\\/magazine365\\\/come-mai-organiza-tres-viajes-a-cerdena-para-conocer-la-cultura-sarda\\\/#webpage\",\"url\":\"https:\\\/\\\/eldigitaldeasturias.com\\\/magazine365\\\/come-mai-organiza-tres-viajes-a-cerdena-para-conocer-la-cultura-sarda\\\/\",\"name\":\"Come Mai organiza tres viajes a Cerde\\u00f1a para conocer la cultura sarda | El Digital de Asturias\",\"description\":\"La Escuela de Cultura y Lengua Italiana Come Mai ha organizado tres viajes para este verano a la isla de Cerde\\u00f1a con el objetivo de profundizar en el conocimiento de la isla, las gastronom\\u00eda y las costumbres sardas, as\\u00ed como para aprender italiano. Los tres viajes previstos del 16 a 26 de julio, del 1\",\"inLanguage\":\"es-ES\",\"isPartOf\":{\"@id\":\"https:\\\/\\\/eldigitaldeasturias.com\\\/magazine365\\\/#website\"},\"breadcrumb\":{\"@id\":\"https:\\\/\\\/eldigitaldeasturias.com\\\/magazine365\\\/come-mai-organiza-tres-viajes-a-cerdena-para-conocer-la-cultura-sarda\\\/#breadcrumblist\"},\"author\":{\"@id\":\"https:\\\/\\\/eldigitaldeasturias.com\\\/magazine365\\\/author\\\/admin\\\/#author\"},\"creator\":{\"@id\":\"https:\\\/\\\/eldigitaldeasturias.com\\\/magazine365\\\/author\\\/admin\\\/#author\"},\"image\":{\"@type\":\"ImageObject\",\"url\":\"https:\\\/\\\/eldigitaldeasturias.com\\\/magazine365\\\/wp-content\\\/uploads\\\/2016\\\/06\\\/fotonoticia_20160609132443_800.jpg\",\"@id\":\"https:\\\/\\\/eldigitaldeasturias.com\\\/magazine365\\\/come-mai-organiza-tres-viajes-a-cerdena-para-conocer-la-cultura-sarda\\\/#mainImage\",\"width\":800,\"height\":800},\"primaryImageOfPage\":{\"@id\":\"https:\\\/\\\/eldigitaldeasturias.com\\\/magazine365\\\/come-mai-organiza-tres-viajes-a-cerdena-para-conocer-la-cultura-sarda\\\/#mainImage\"},\"datePublished\":\"2016-06-09T18:41:59+02:00\",\"dateModified\":\"2016-06-09T18:41:59+02:00\"},{\"@type\":\"WebSite\",\"@id\":\"https:\\\/\\\/eldigitaldeasturias.com\\\/magazine365\\\/#website\",\"url\":\"https:\\\/\\\/eldigitaldeasturias.com\\\/magazine365\\\/\",\"name\":\"El Digital de Asturias\",\"description\":\"Revista de ocio, turismo y estilo de vida\",\"inLanguage\":\"es-ES\",\"publisher\":{\"@id\":\"https:\\\/\\\/eldigitaldeasturias.com\\\/magazine365\\\/#organization\"}}]}\n\t\t<\/script>\n\t\t<!-- All in One SEO Pro -->\r\n\t\t<title>Come Mai organiza tres viajes a Cerde\u00f1a para conocer la cultura sarda | El Digital de Asturias<\/title>\n\n","aioseo_head_json":{"title":"Come Mai organiza tres viajes a Cerde\u00f1a para conocer la cultura sarda | El Digital de Asturias","description":"La Escuela de Cultura y Lengua Italiana Come Mai ha organizado tres viajes para este verano a la isla de Cerde\u00f1a con el objetivo de profundizar en el conocimiento de la isla, las gastronom\u00eda y las costumbres sardas, as\u00ed como para aprender italiano. Los tres viajes previstos del 16 a 26 de julio, del 1","canonical_url":"https:\/\/eldigitaldeasturias.com\/magazine365\/come-mai-organiza-tres-viajes-a-cerdena-para-conocer-la-cultura-sarda\/","robots":"max-image-preview:large","keywords":"noticias y actualidad","webmasterTools":{"google-site-verification":"UA-38556648-1","miscellaneous":""},"schema":{"@context":"https:\/\/schema.org","@graph":[{"@type":"Article","@id":"https:\/\/eldigitaldeasturias.com\/magazine365\/come-mai-organiza-tres-viajes-a-cerdena-para-conocer-la-cultura-sarda\/#article","name":"Come Mai organiza tres viajes a Cerde\u00f1a para conocer la cultura sarda | El Digital de Asturias","headline":"Come Mai organiza tres viajes a Cerde\u00f1a para conocer la cultura sarda","author":{"@id":"https:\/\/eldigitaldeasturias.com\/magazine365\/author\/admin\/#author"},"publisher":{"@id":"https:\/\/eldigitaldeasturias.com\/magazine365\/#organization"},"image":{"@type":"ImageObject","url":"https:\/\/eldigitaldeasturias.com\/magazine365\/wp-content\/uploads\/2016\/06\/fotonoticia_20160609132443_800.jpg","width":800,"height":800},"datePublished":"2016-06-09T18:41:59+02:00","dateModified":"2016-06-09T18:41:59+02:00","inLanguage":"es-ES","mainEntityOfPage":{"@id":"https:\/\/eldigitaldeasturias.com\/magazine365\/come-mai-organiza-tres-viajes-a-cerdena-para-conocer-la-cultura-sarda\/#webpage"},"isPartOf":{"@id":"https:\/\/eldigitaldeasturias.com\/magazine365\/come-mai-organiza-tres-viajes-a-cerdena-para-conocer-la-cultura-sarda\/#webpage"},"articleSection":"Noticias y Actualidad"},{"@type":"BreadcrumbList","@id":"https:\/\/eldigitaldeasturias.com\/magazine365\/come-mai-organiza-tres-viajes-a-cerdena-para-conocer-la-cultura-sarda\/#breadcrumblist","itemListElement":[{"@type":"ListItem","@id":"https:\/\/eldigitaldeasturias.com\/magazine365#listItem","position":1,"name":"Home","item":"https:\/\/eldigitaldeasturias.com\/magazine365","nextItem":{"@type":"ListItem","@id":"https:\/\/eldigitaldeasturias.com\/magazine365\/category\/noticias-actualidad\/#listItem","name":"Noticias y Actualidad"}},{"@type":"ListItem","@id":"https:\/\/eldigitaldeasturias.com\/magazine365\/category\/noticias-actualidad\/#listItem","position":2,"name":"Noticias y Actualidad","item":"https:\/\/eldigitaldeasturias.com\/magazine365\/category\/noticias-actualidad\/","nextItem":{"@type":"ListItem","@id":"https:\/\/eldigitaldeasturias.com\/magazine365\/come-mai-organiza-tres-viajes-a-cerdena-para-conocer-la-cultura-sarda\/#listItem","name":"Come Mai organiza tres viajes a Cerde\u00f1a para conocer la cultura sarda"},"previousItem":{"@type":"ListItem","@id":"https:\/\/eldigitaldeasturias.com\/magazine365#listItem","name":"Home"}},{"@type":"ListItem","@id":"https:\/\/eldigitaldeasturias.com\/magazine365\/come-mai-organiza-tres-viajes-a-cerdena-para-conocer-la-cultura-sarda\/#listItem","position":3,"name":"Come Mai organiza tres viajes a Cerde\u00f1a para conocer la cultura sarda","previousItem":{"@type":"ListItem","@id":"https:\/\/eldigitaldeasturias.com\/magazine365\/category\/noticias-actualidad\/#listItem","name":"Noticias y Actualidad"}}]},{"@type":"Organization","@id":"https:\/\/eldigitaldeasturias.com\/magazine365\/#organization","name":"El digital de Asturias","description":"Revista de ocio, turismo y estilo de vida","url":"https:\/\/eldigitaldeasturias.com\/magazine365\/","logo":{"@type":"ImageObject","url":"https:\/\/www.eldigitaldeasturias.com\/noticias\/wp-content\/uploads\/2020\/12\/EDA.jpg","@id":"https:\/\/eldigitaldeasturias.com\/magazine365\/come-mai-organiza-tres-viajes-a-cerdena-para-conocer-la-cultura-sarda\/#organizationLogo"},"image":{"@id":"https:\/\/eldigitaldeasturias.com\/magazine365\/come-mai-organiza-tres-viajes-a-cerdena-para-conocer-la-cultura-sarda\/#organizationLogo"}},{"@type":"Person","@id":"https:\/\/eldigitaldeasturias.com\/magazine365\/author\/admin\/#author","url":"https:\/\/eldigitaldeasturias.com\/magazine365\/author\/admin\/","name":"admin","image":{"@type":"ImageObject","@id":"https:\/\/eldigitaldeasturias.com\/magazine365\/come-mai-organiza-tres-viajes-a-cerdena-para-conocer-la-cultura-sarda\/#authorImage","url":"https:\/\/eldigitaldeasturias.com\/magazine365\/wp-content\/litespeed\/avatar\/e571bcf59a0edd6fa6838245a470f2fe.jpg?ver=1776969259","width":96,"height":96,"caption":"admin"}},{"@type":"WebPage","@id":"https:\/\/eldigitaldeasturias.com\/magazine365\/come-mai-organiza-tres-viajes-a-cerdena-para-conocer-la-cultura-sarda\/#webpage","url":"https:\/\/eldigitaldeasturias.com\/magazine365\/come-mai-organiza-tres-viajes-a-cerdena-para-conocer-la-cultura-sarda\/","name":"Come Mai organiza tres viajes a Cerde\u00f1a para conocer la cultura sarda | El Digital de Asturias","description":"La Escuela de Cultura y Lengua Italiana Come Mai ha organizado tres viajes para este verano a la isla de Cerde\u00f1a con el objetivo de profundizar en el conocimiento de la isla, las gastronom\u00eda y las costumbres sardas, as\u00ed como para aprender italiano. Los tres viajes previstos del 16 a 26 de julio, del 1","inLanguage":"es-ES","isPartOf":{"@id":"https:\/\/eldigitaldeasturias.com\/magazine365\/#website"},"breadcrumb":{"@id":"https:\/\/eldigitaldeasturias.com\/magazine365\/come-mai-organiza-tres-viajes-a-cerdena-para-conocer-la-cultura-sarda\/#breadcrumblist"},"author":{"@id":"https:\/\/eldigitaldeasturias.com\/magazine365\/author\/admin\/#author"},"creator":{"@id":"https:\/\/eldigitaldeasturias.com\/magazine365\/author\/admin\/#author"},"image":{"@type":"ImageObject","url":"https:\/\/eldigitaldeasturias.com\/magazine365\/wp-content\/uploads\/2016\/06\/fotonoticia_20160609132443_800.jpg","@id":"https:\/\/eldigitaldeasturias.com\/magazine365\/come-mai-organiza-tres-viajes-a-cerdena-para-conocer-la-cultura-sarda\/#mainImage","width":800,"height":800},"primaryImageOfPage":{"@id":"https:\/\/eldigitaldeasturias.com\/magazine365\/come-mai-organiza-tres-viajes-a-cerdena-para-conocer-la-cultura-sarda\/#mainImage"},"datePublished":"2016-06-09T18:41:59+02:00","dateModified":"2016-06-09T18:41:59+02:00"},{"@type":"WebSite","@id":"https:\/\/eldigitaldeasturias.com\/magazine365\/#website","url":"https:\/\/eldigitaldeasturias.com\/magazine365\/","name":"El Digital de Asturias","description":"Revista de ocio, turismo y estilo de vida","inLanguage":"es-ES","publisher":{"@id":"https:\/\/eldigitaldeasturias.com\/magazine365\/#organization"}}]},"og:locale":"es_ES","og:site_name":"El Digital de Asturias \u2013 Revista de ocio, turismo y estilo de vida","og:type":"article","og:title":"Come Mai organiza tres viajes a Cerde\u00f1a para conocer la cultura sarda | El Digital de Asturias","og:description":"La Escuela de Cultura y Lengua Italiana Come Mai ha organizado tres viajes para este verano a la isla de Cerde\u00f1a con el objetivo de profundizar en el conocimiento de la isla, las gastronom\u00eda y las costumbres sardas, as\u00ed como para aprender italiano. Los tres viajes previstos del 16 a 26 de julio, del 1","og:url":"https:\/\/eldigitaldeasturias.com\/magazine365\/come-mai-organiza-tres-viajes-a-cerdena-para-conocer-la-cultura-sarda\/","og:image":"https:\/\/eldigitaldeasturias.com\/magazine365\/wp-content\/uploads\/2016\/06\/fotonoticia_20160609132443_800.jpg","og:image:secure_url":"https:\/\/eldigitaldeasturias.com\/magazine365\/wp-content\/uploads\/2016\/06\/fotonoticia_20160609132443_800.jpg","og:image:width":800,"og:image:height":800,"article:published_time":"2016-06-09T16:41:59+00:00","article:modified_time":"2016-06-09T16:41:59+00:00","twitter:card":"summary_large_image","twitter:title":"Come Mai organiza tres viajes a Cerde\u00f1a para conocer la cultura sarda | El Digital de Asturias","twitter:description":"La Escuela de Cultura y Lengua Italiana Come Mai ha organizado tres viajes para este verano a la isla de Cerde\u00f1a con el objetivo de profundizar en el conocimiento de la isla, las gastronom\u00eda y las costumbres sardas, as\u00ed como para aprender italiano. Los tres viajes previstos del 16 a 26 de julio, del 1","twitter:image":"https:\/\/eldigitaldeasturias.com\/magazine365\/wp-content\/uploads\/2016\/06\/fotonoticia_20160609132443_800.jpg"},"aioseo_meta_data":{"post_id":"78491","title":null,"description":null,"keywords":null,"keyphrases":null,"primary_term":null,"canonical_url":null,"og_title":null,"og_description":null,"og_object_type":"default","og_image_type":"default","og_image_url":null,"og_image_width":null,"og_image_height":null,"og_image_custom_url":null,"og_image_custom_fields":null,"og_video":null,"og_custom_url":null,"og_article_section":null,"og_article_tags":null,"twitter_use_og":false,"twitter_card":"default","twitter_image_type":"default","twitter_image_url":null,"twitter_image_custom_url":null,"twitter_image_custom_fields":null,"twitter_title":null,"twitter_description":null,"schema":{"blockGraphs":[],"customGraphs":[],"default":{"data":{"Article":[],"Course":[],"Dataset":[],"FAQPage":[],"Movie":[],"Person":[],"Product":[],"ProductReview":[],"Car":[],"Recipe":[],"Service":[],"SoftwareApplication":[],"WebPage":[]},"graphName":"","isEnabled":true},"graphs":[],"defaultGraph":"","defaultPostTypeGraph":""},"schema_type":null,"schema_type_options":null,"pillar_content":false,"robots_default":true,"robots_noindex":false,"robots_noarchive":false,"robots_nosnippet":false,"robots_nofollow":false,"robots_noimageindex":false,"robots_noodp":false,"robots_notranslate":false,"robots_max_snippet":null,"robots_max_videopreview":null,"robots_max_imagepreview":"large","priority":null,"frequency":null,"location":null,"local_seo":null,"seo_analyzer_scan_date":"2025-09-27 17:06:41","breadcrumb_settings":null,"limit_modified_date":false,"open_ai":null,"ai":null,"created":"2021-03-08 18:00:49","updated":"2025-09-27 17:06:41"},"aioseo_breadcrumb":"<div class=\"aioseo-breadcrumbs\"><span class=\"aioseo-breadcrumb\">\n\t<a href=\"https:\/\/eldigitaldeasturias.com\/magazine365\" title=\"Home\">Home<\/a>\n<\/span><span class=\"aioseo-breadcrumb-separator\">\u2013<\/span><span class=\"aioseo-breadcrumb\">\n\t<a href=\"https:\/\/eldigitaldeasturias.com\/magazine365\/category\/noticias-actualidad\/\" title=\"Noticias y Actualidad\">Noticias y Actualidad<\/a>\n<\/span><span class=\"aioseo-breadcrumb-separator\">\u2013<\/span><span class=\"aioseo-breadcrumb\">\n\t<a href=\"https:\/\/eldigitaldeasturias.com\/magazine365\/come-mai-organiza-tres-viajes-a-cerdena-para-conocer-la-cultura-sarda\/\" title=\"Come Mai organiza tres viajes a Cerde\u00f1a para conocer la cultura sarda\">Come Mai organiza tres viajes a Cerde\u00f1a para conocer la cultura sarda<\/a>\n<\/span><\/div>","aioseo_breadcrumb_json":[{"label":"Home","link":"https:\/\/eldigitaldeasturias.com\/magazine365"},{"label":"Noticias y Actualidad","link":"https:\/\/eldigitaldeasturias.com\/magazine365\/category\/noticias-actualidad\/"},{"label":"Come Mai organiza tres viajes a Cerde\u00f1a para conocer la cultura sarda","link":"https:\/\/eldigitaldeasturias.com\/magazine365\/come-mai-organiza-tres-viajes-a-cerdena-para-conocer-la-cultura-sarda\/"}],"_links":{"self":[{"href":"https:\/\/eldigitaldeasturias.com\/magazine365\/wp-json\/wp\/v2\/posts\/78491","targetHints":{"allow":["GET"]}}],"collection":[{"href":"https:\/\/eldigitaldeasturias.com\/magazine365\/wp-json\/wp\/v2\/posts"}],"about":[{"href":"https:\/\/eldigitaldeasturias.com\/magazine365\/wp-json\/wp\/v2\/types\/post"}],"author":[{"embeddable":true,"href":"https:\/\/eldigitaldeasturias.com\/magazine365\/wp-json\/wp\/v2\/users\/1"}],"replies":[{"embeddable":true,"href":"https:\/\/eldigitaldeasturias.com\/magazine365\/wp-json\/wp\/v2\/comments?post=78491"}],"version-history":[{"count":0,"href":"https:\/\/eldigitaldeasturias.com\/magazine365\/wp-json\/wp\/v2\/posts\/78491\/revisions"}],"wp:featuredmedia":[{"embeddable":true,"href":"https:\/\/eldigitaldeasturias.com\/magazine365\/wp-json\/wp\/v2\/media\/78492"}],"wp:attachment":[{"href":"https:\/\/eldigitaldeasturias.com\/magazine365\/wp-json\/wp\/v2\/media?parent=78491"}],"wp:term":[{"taxonomy":"category","embeddable":true,"href":"https:\/\/eldigitaldeasturias.com\/magazine365\/wp-json\/wp\/v2\/categories?post=78491"},{"taxonomy":"post_tag","embeddable":true,"href":"https:\/\/eldigitaldeasturias.com\/magazine365\/wp-json\/wp\/v2\/tags?post=78491"}],"curies":[{"name":"wp","href":"https:\/\/api.w.org\/{rel}","templated":true}]}}