{"id":78488,"date":"2016-06-09T18:40:45","date_gmt":"2016-06-09T16:40:45","guid":{"rendered":"http:\/\/eldigitaldeasturias.com\/magazine365\/?p=78488"},"modified":"2016-06-09T18:40:45","modified_gmt":"2016-06-09T16:40:45","slug":"las-palmas-impulsa-con-el-cabildo-una-campana-para-prevenir-ahogamientos-de-cara-al-verano","status":"publish","type":"post","link":"https:\/\/eldigitaldeasturias.com\/magazine365\/las-palmas-impulsa-con-el-cabildo-una-campana-para-prevenir-ahogamientos-de-cara-al-verano\/","title":{"rendered":"Las Palmas impulsa con el Cabildo una campa\u00f1a para prevenir ahogamientos de cara al verano"},"content":{"rendered":"<p><img fetchpriority=\"high\" decoding=\"async\" class=\"alignleft size-medium wp-image-78489\" src=\"https:\/\/eldigitaldeasturias.com\/magazine365\/wp-content\/uploads\/2016\/06\/fotonoticia_20160609132256_800-360x252.jpg\" alt=\"fotonoticia_20160609132256_800\" width=\"360\" height=\"252\" srcset=\"https:\/\/eldigitaldeasturias.com\/magazine365\/wp-content\/uploads\/2016\/06\/fotonoticia_20160609132256_800-360x252.jpg 360w, https:\/\/eldigitaldeasturias.com\/magazine365\/wp-content\/uploads\/2016\/06\/fotonoticia_20160609132256_800-650x454.jpg 650w, https:\/\/eldigitaldeasturias.com\/magazine365\/wp-content\/uploads\/2016\/06\/fotonoticia_20160609132256_800-768x537.jpg 768w, https:\/\/eldigitaldeasturias.com\/magazine365\/wp-content\/uploads\/2016\/06\/fotonoticia_20160609132256_800-150x105.jpg 150w, https:\/\/eldigitaldeasturias.com\/magazine365\/wp-content\/uploads\/2016\/06\/fotonoticia_20160609132256_800-450x314.jpg 450w, https:\/\/eldigitaldeasturias.com\/magazine365\/wp-content\/uploads\/2016\/06\/fotonoticia_20160609132256_800.jpg 800w\" sizes=\"(max-width: 360px) 100vw, 360px\" \/>El Cabildo de Gran Canaria y el Ayuntamiento de Las Palmas de Gran Canaria est\u00e1n impulsando una campa\u00f1a de prevenci\u00f3n de ahogamientos de cara a la temporada de verano.<\/p>\n<p>As\u00ed lo han presentado este jueves en la capitalina playa de Las Canteras el consejero insular de Hacienda y Presidencia, Pedro Justo, y el concejal de Ciudad del Mar, Jos\u00e9 Eduardo Ram\u00edrez, quienes han destacado que las playas de la ciudad y de toda la isla \u00abson seguras\u00bb, pese a lo que consideran una obligaci\u00f3n comprometerse con campa\u00f1as de este tipo que ahondan en \u00abla prevenci\u00f3n\u00bb.<\/p>\n<p>El precursor y productor de esta campa\u00f1a, Sebasti\u00e1n Quintana, ha explicado que se trata del segundo a\u00f1o consecutivo en que se impulsa esta campa\u00f1a, en este caso ampliando las circunstancias que pueden darse en medios acu\u00e1ticos, as\u00ed como los idiomas en los que se va a poner a disposici\u00f3n: ampliando de tres a seis.<\/p>\n<p>El equipo iba a grabar en Las Canteras la parte de ba\u00f1istas que necesitan f\u00f3rmulas de accesibilidad, rodaron ayer en Playa del Ingl\u00e9s la de atracciones de recreo y seguir\u00e1n trabajando hasta completar la campa\u00f1a antes de que acabe junio para que los v\u00eddeos y audios est\u00e9n disponibles durante todo julio y agosto para los ba\u00f1istas locales, nacionales e internacionales.<\/p>\n<p>Justo destac\u00f3 que esta campa\u00f1a no es que fuera \u00abnecesaria sino imprescindible\u00bb, lamentando los m\u00e1s de 60 ahogamientos del pasado a\u00f1o. Ram\u00edrez, por su parte, destac\u00f3 que las playas de la capital \u00abson muy seguras y con medios de salvamento muy preparados\u00bb, pero rechaz\u00f3 dejar por ello de participar en una campa\u00f1a tan \u00abimportante\u00bb como est\u00e1 destinada a reducir el impacto de aquellos ahogamientos que se pod\u00edan haber evitado desde la prevenci\u00f3n.<\/p>\n<p>Quintana, por su parte, pidi\u00f3 \u00abno ya respeto al mar\u00bb, sino partir del \u00abmiedo\u00bb para extremar los cuidados y evitar desenlaces mortales. Este a\u00f1o la campa\u00f1a tambi\u00e9n tendr\u00e1 su parte solo hablada, por lo que se reproducir\u00e1 no s\u00f3lo en Internet y Televisi\u00f3n o radio sino en las megafon\u00edas que dependen de ambas instituciones en las diferentes playas de la isla.<\/p>\n","protected":false},"excerpt":{"rendered":"<p>El Cabildo de Gran Canaria y el Ayuntamiento de Las Palmas de Gran Canaria est\u00e1n impulsando una campa\u00f1a de prevenci\u00f3n de ahogamientos de cara a la temporada de verano. As\u00ed lo han presentado este jueves en la capitalina playa de Las Canteras el consejero insular de Hacienda y Presidencia, Pedro Justo, y el concejal de<\/p>\n","protected":false},"author":1,"featured_media":78489,"comment_status":"open","ping_status":"closed","sticky":false,"template":"","format":"standard","meta":{"footnotes":""},"categories":[224],"tags":[],"class_list":{"0":"post-78488","1":"post","2":"type-post","3":"status-publish","4":"format-standard","5":"has-post-thumbnail","7":"category-noticias-actualidad"},"aioseo_notices":[],"aioseo_head":"\n\t\t<!-- All in One SEO Pro 4.9.6.1 - aioseo.com -->\n\t<meta name=\"description\" content=\"El Cabildo de Gran Canaria y el Ayuntamiento de Las Palmas de Gran Canaria est\u00e1n impulsando una campa\u00f1a de prevenci\u00f3n de ahogamientos de cara a la temporada de verano. As\u00ed lo han presentado este jueves en la capitalina playa de Las Canteras el consejero insular de Hacienda y Presidencia, Pedro Justo, y el concejal de\" \/>\n\t<meta name=\"robots\" content=\"max-image-preview:large\" \/>\n\t<meta name=\"author\" content=\"admin\"\/>\n\t<meta name=\"google-site-verification\" content=\"UA-38556648-1\" \/>\n\t<meta name=\"keywords\" content=\"noticias y actualidad\" \/>\n\t<link rel=\"canonical\" href=\"https:\/\/eldigitaldeasturias.com\/magazine365\/las-palmas-impulsa-con-el-cabildo-una-campana-para-prevenir-ahogamientos-de-cara-al-verano\/\" \/>\n\t<meta name=\"generator\" content=\"All in One SEO Pro (AIOSEO) 4.9.6.1\" \/>\n\t\t<meta property=\"og:locale\" content=\"es_ES\" \/>\n\t\t<meta property=\"og:site_name\" content=\"El Digital de Asturias \u2013 Revista de ocio, turismo y estilo de vida\" \/>\n\t\t<meta property=\"og:type\" content=\"article\" \/>\n\t\t<meta property=\"og:title\" content=\"Las Palmas impulsa con el Cabildo una campa\u00f1a para prevenir ahogamientos de cara al verano | El Digital de Asturias\" \/>\n\t\t<meta property=\"og:description\" content=\"El Cabildo de Gran Canaria y el Ayuntamiento de Las Palmas de Gran Canaria est\u00e1n impulsando una campa\u00f1a de prevenci\u00f3n de ahogamientos de cara a la temporada de verano. As\u00ed lo han presentado este jueves en la capitalina playa de Las Canteras el consejero insular de Hacienda y Presidencia, Pedro Justo, y el concejal de\" \/>\n\t\t<meta property=\"og:url\" content=\"https:\/\/eldigitaldeasturias.com\/magazine365\/las-palmas-impulsa-con-el-cabildo-una-campana-para-prevenir-ahogamientos-de-cara-al-verano\/\" \/>\n\t\t<meta property=\"og:image\" content=\"https:\/\/eldigitaldeasturias.com\/magazine365\/wp-content\/uploads\/2016\/06\/fotonoticia_20160609132256_800.jpg\" \/>\n\t\t<meta property=\"og:image:secure_url\" content=\"https:\/\/eldigitaldeasturias.com\/magazine365\/wp-content\/uploads\/2016\/06\/fotonoticia_20160609132256_800.jpg\" \/>\n\t\t<meta property=\"og:image:width\" content=\"800\" \/>\n\t\t<meta property=\"og:image:height\" content=\"559\" \/>\n\t\t<meta property=\"article:published_time\" content=\"2016-06-09T16:40:45+00:00\" \/>\n\t\t<meta property=\"article:modified_time\" content=\"2016-06-09T16:40:45+00:00\" \/>\n\t\t<meta name=\"twitter:card\" content=\"summary_large_image\" \/>\n\t\t<meta name=\"twitter:title\" content=\"Las Palmas impulsa con el Cabildo una campa\u00f1a para prevenir ahogamientos de cara al verano | El Digital de Asturias\" \/>\n\t\t<meta name=\"twitter:description\" content=\"El Cabildo de Gran Canaria y el Ayuntamiento de Las Palmas de Gran Canaria est\u00e1n impulsando una campa\u00f1a de prevenci\u00f3n de ahogamientos de cara a la temporada de verano. As\u00ed lo han presentado este jueves en la capitalina playa de Las Canteras el consejero insular de Hacienda y Presidencia, Pedro Justo, y el concejal de\" \/>\n\t\t<meta name=\"twitter:image\" content=\"https:\/\/eldigitaldeasturias.com\/magazine365\/wp-content\/uploads\/2016\/06\/fotonoticia_20160609132256_800.jpg\" \/>\n\t\t<script type=\"application\/ld+json\" class=\"aioseo-schema\">\n\t\t\t{\"@context\":\"https:\\\/\\\/schema.org\",\"@graph\":[{\"@type\":\"Article\",\"@id\":\"https:\\\/\\\/eldigitaldeasturias.com\\\/magazine365\\\/las-palmas-impulsa-con-el-cabildo-una-campana-para-prevenir-ahogamientos-de-cara-al-verano\\\/#article\",\"name\":\"Las Palmas impulsa con el Cabildo una campa\\u00f1a para prevenir ahogamientos de cara al verano | El Digital de Asturias\",\"headline\":\"Las Palmas impulsa con el Cabildo una campa\\u00f1a para prevenir ahogamientos de cara al verano\",\"author\":{\"@id\":\"https:\\\/\\\/eldigitaldeasturias.com\\\/magazine365\\\/author\\\/admin\\\/#author\"},\"publisher\":{\"@id\":\"https:\\\/\\\/eldigitaldeasturias.com\\\/magazine365\\\/#organization\"},\"image\":{\"@type\":\"ImageObject\",\"url\":\"https:\\\/\\\/eldigitaldeasturias.com\\\/magazine365\\\/wp-content\\\/uploads\\\/2016\\\/06\\\/fotonoticia_20160609132256_800.jpg\",\"width\":800,\"height\":559},\"datePublished\":\"2016-06-09T18:40:45+02:00\",\"dateModified\":\"2016-06-09T18:40:45+02:00\",\"inLanguage\":\"es-ES\",\"mainEntityOfPage\":{\"@id\":\"https:\\\/\\\/eldigitaldeasturias.com\\\/magazine365\\\/las-palmas-impulsa-con-el-cabildo-una-campana-para-prevenir-ahogamientos-de-cara-al-verano\\\/#webpage\"},\"isPartOf\":{\"@id\":\"https:\\\/\\\/eldigitaldeasturias.com\\\/magazine365\\\/las-palmas-impulsa-con-el-cabildo-una-campana-para-prevenir-ahogamientos-de-cara-al-verano\\\/#webpage\"},\"articleSection\":\"Noticias y Actualidad\"},{\"@type\":\"BreadcrumbList\",\"@id\":\"https:\\\/\\\/eldigitaldeasturias.com\\\/magazine365\\\/las-palmas-impulsa-con-el-cabildo-una-campana-para-prevenir-ahogamientos-de-cara-al-verano\\\/#breadcrumblist\",\"itemListElement\":[{\"@type\":\"ListItem\",\"@id\":\"https:\\\/\\\/eldigitaldeasturias.com\\\/magazine365#listItem\",\"position\":1,\"name\":\"Home\",\"item\":\"https:\\\/\\\/eldigitaldeasturias.com\\\/magazine365\",\"nextItem\":{\"@type\":\"ListItem\",\"@id\":\"https:\\\/\\\/eldigitaldeasturias.com\\\/magazine365\\\/category\\\/noticias-actualidad\\\/#listItem\",\"name\":\"Noticias y Actualidad\"}},{\"@type\":\"ListItem\",\"@id\":\"https:\\\/\\\/eldigitaldeasturias.com\\\/magazine365\\\/category\\\/noticias-actualidad\\\/#listItem\",\"position\":2,\"name\":\"Noticias y Actualidad\",\"item\":\"https:\\\/\\\/eldigitaldeasturias.com\\\/magazine365\\\/category\\\/noticias-actualidad\\\/\",\"nextItem\":{\"@type\":\"ListItem\",\"@id\":\"https:\\\/\\\/eldigitaldeasturias.com\\\/magazine365\\\/las-palmas-impulsa-con-el-cabildo-una-campana-para-prevenir-ahogamientos-de-cara-al-verano\\\/#listItem\",\"name\":\"Las Palmas impulsa con el Cabildo una campa\\u00f1a para prevenir ahogamientos de cara al verano\"},\"previousItem\":{\"@type\":\"ListItem\",\"@id\":\"https:\\\/\\\/eldigitaldeasturias.com\\\/magazine365#listItem\",\"name\":\"Home\"}},{\"@type\":\"ListItem\",\"@id\":\"https:\\\/\\\/eldigitaldeasturias.com\\\/magazine365\\\/las-palmas-impulsa-con-el-cabildo-una-campana-para-prevenir-ahogamientos-de-cara-al-verano\\\/#listItem\",\"position\":3,\"name\":\"Las Palmas impulsa con el Cabildo una campa\\u00f1a para prevenir ahogamientos de cara al verano\",\"previousItem\":{\"@type\":\"ListItem\",\"@id\":\"https:\\\/\\\/eldigitaldeasturias.com\\\/magazine365\\\/category\\\/noticias-actualidad\\\/#listItem\",\"name\":\"Noticias y Actualidad\"}}]},{\"@type\":\"Organization\",\"@id\":\"https:\\\/\\\/eldigitaldeasturias.com\\\/magazine365\\\/#organization\",\"name\":\"El digital de Asturias\",\"description\":\"Revista de ocio, turismo y estilo de vida\",\"url\":\"https:\\\/\\\/eldigitaldeasturias.com\\\/magazine365\\\/\",\"logo\":{\"@type\":\"ImageObject\",\"url\":\"https:\\\/\\\/www.eldigitaldeasturias.com\\\/noticias\\\/wp-content\\\/uploads\\\/2020\\\/12\\\/EDA.jpg\",\"@id\":\"https:\\\/\\\/eldigitaldeasturias.com\\\/magazine365\\\/las-palmas-impulsa-con-el-cabildo-una-campana-para-prevenir-ahogamientos-de-cara-al-verano\\\/#organizationLogo\"},\"image\":{\"@id\":\"https:\\\/\\\/eldigitaldeasturias.com\\\/magazine365\\\/las-palmas-impulsa-con-el-cabildo-una-campana-para-prevenir-ahogamientos-de-cara-al-verano\\\/#organizationLogo\"}},{\"@type\":\"Person\",\"@id\":\"https:\\\/\\\/eldigitaldeasturias.com\\\/magazine365\\\/author\\\/admin\\\/#author\",\"url\":\"https:\\\/\\\/eldigitaldeasturias.com\\\/magazine365\\\/author\\\/admin\\\/\",\"name\":\"admin\",\"image\":{\"@type\":\"ImageObject\",\"@id\":\"https:\\\/\\\/eldigitaldeasturias.com\\\/magazine365\\\/las-palmas-impulsa-con-el-cabildo-una-campana-para-prevenir-ahogamientos-de-cara-al-verano\\\/#authorImage\",\"url\":\"https:\\\/\\\/eldigitaldeasturias.com\\\/magazine365\\\/wp-content\\\/litespeed\\\/avatar\\\/e571bcf59a0edd6fa6838245a470f2fe.jpg?ver=1776969259\",\"width\":96,\"height\":96,\"caption\":\"admin\"}},{\"@type\":\"WebPage\",\"@id\":\"https:\\\/\\\/eldigitaldeasturias.com\\\/magazine365\\\/las-palmas-impulsa-con-el-cabildo-una-campana-para-prevenir-ahogamientos-de-cara-al-verano\\\/#webpage\",\"url\":\"https:\\\/\\\/eldigitaldeasturias.com\\\/magazine365\\\/las-palmas-impulsa-con-el-cabildo-una-campana-para-prevenir-ahogamientos-de-cara-al-verano\\\/\",\"name\":\"Las Palmas impulsa con el Cabildo una campa\\u00f1a para prevenir ahogamientos de cara al verano | El Digital de Asturias\",\"description\":\"El Cabildo de Gran Canaria y el Ayuntamiento de Las Palmas de Gran Canaria est\\u00e1n impulsando una campa\\u00f1a de prevenci\\u00f3n de ahogamientos de cara a la temporada de verano. As\\u00ed lo han presentado este jueves en la capitalina playa de Las Canteras el consejero insular de Hacienda y Presidencia, Pedro Justo, y el concejal de\",\"inLanguage\":\"es-ES\",\"isPartOf\":{\"@id\":\"https:\\\/\\\/eldigitaldeasturias.com\\\/magazine365\\\/#website\"},\"breadcrumb\":{\"@id\":\"https:\\\/\\\/eldigitaldeasturias.com\\\/magazine365\\\/las-palmas-impulsa-con-el-cabildo-una-campana-para-prevenir-ahogamientos-de-cara-al-verano\\\/#breadcrumblist\"},\"author\":{\"@id\":\"https:\\\/\\\/eldigitaldeasturias.com\\\/magazine365\\\/author\\\/admin\\\/#author\"},\"creator\":{\"@id\":\"https:\\\/\\\/eldigitaldeasturias.com\\\/magazine365\\\/author\\\/admin\\\/#author\"},\"image\":{\"@type\":\"ImageObject\",\"url\":\"https:\\\/\\\/eldigitaldeasturias.com\\\/magazine365\\\/wp-content\\\/uploads\\\/2016\\\/06\\\/fotonoticia_20160609132256_800.jpg\",\"@id\":\"https:\\\/\\\/eldigitaldeasturias.com\\\/magazine365\\\/las-palmas-impulsa-con-el-cabildo-una-campana-para-prevenir-ahogamientos-de-cara-al-verano\\\/#mainImage\",\"width\":800,\"height\":559},\"primaryImageOfPage\":{\"@id\":\"https:\\\/\\\/eldigitaldeasturias.com\\\/magazine365\\\/las-palmas-impulsa-con-el-cabildo-una-campana-para-prevenir-ahogamientos-de-cara-al-verano\\\/#mainImage\"},\"datePublished\":\"2016-06-09T18:40:45+02:00\",\"dateModified\":\"2016-06-09T18:40:45+02:00\"},{\"@type\":\"WebSite\",\"@id\":\"https:\\\/\\\/eldigitaldeasturias.com\\\/magazine365\\\/#website\",\"url\":\"https:\\\/\\\/eldigitaldeasturias.com\\\/magazine365\\\/\",\"name\":\"El Digital de Asturias\",\"description\":\"Revista de ocio, turismo y estilo de vida\",\"inLanguage\":\"es-ES\",\"publisher\":{\"@id\":\"https:\\\/\\\/eldigitaldeasturias.com\\\/magazine365\\\/#organization\"}}]}\n\t\t<\/script>\n\t\t<!-- All in One SEO Pro -->\r\n\t\t<title>Las Palmas impulsa con el Cabildo una campa\u00f1a para prevenir ahogamientos de cara al verano | El Digital de Asturias<\/title>\n\n","aioseo_head_json":{"title":"Las Palmas impulsa con el Cabildo una campa\u00f1a para prevenir ahogamientos de cara al verano | El Digital de Asturias","description":"El Cabildo de Gran Canaria y el Ayuntamiento de Las Palmas de Gran Canaria est\u00e1n impulsando una campa\u00f1a de prevenci\u00f3n de ahogamientos de cara a la temporada de verano. As\u00ed lo han presentado este jueves en la capitalina playa de Las Canteras el consejero insular de Hacienda y Presidencia, Pedro Justo, y el concejal de","canonical_url":"https:\/\/eldigitaldeasturias.com\/magazine365\/las-palmas-impulsa-con-el-cabildo-una-campana-para-prevenir-ahogamientos-de-cara-al-verano\/","robots":"max-image-preview:large","keywords":"noticias y actualidad","webmasterTools":{"google-site-verification":"UA-38556648-1","miscellaneous":""},"schema":{"@context":"https:\/\/schema.org","@graph":[{"@type":"Article","@id":"https:\/\/eldigitaldeasturias.com\/magazine365\/las-palmas-impulsa-con-el-cabildo-una-campana-para-prevenir-ahogamientos-de-cara-al-verano\/#article","name":"Las Palmas impulsa con el Cabildo una campa\u00f1a para prevenir ahogamientos de cara al verano | El Digital de Asturias","headline":"Las Palmas impulsa con el Cabildo una campa\u00f1a para prevenir ahogamientos de cara al verano","author":{"@id":"https:\/\/eldigitaldeasturias.com\/magazine365\/author\/admin\/#author"},"publisher":{"@id":"https:\/\/eldigitaldeasturias.com\/magazine365\/#organization"},"image":{"@type":"ImageObject","url":"https:\/\/eldigitaldeasturias.com\/magazine365\/wp-content\/uploads\/2016\/06\/fotonoticia_20160609132256_800.jpg","width":800,"height":559},"datePublished":"2016-06-09T18:40:45+02:00","dateModified":"2016-06-09T18:40:45+02:00","inLanguage":"es-ES","mainEntityOfPage":{"@id":"https:\/\/eldigitaldeasturias.com\/magazine365\/las-palmas-impulsa-con-el-cabildo-una-campana-para-prevenir-ahogamientos-de-cara-al-verano\/#webpage"},"isPartOf":{"@id":"https:\/\/eldigitaldeasturias.com\/magazine365\/las-palmas-impulsa-con-el-cabildo-una-campana-para-prevenir-ahogamientos-de-cara-al-verano\/#webpage"},"articleSection":"Noticias y Actualidad"},{"@type":"BreadcrumbList","@id":"https:\/\/eldigitaldeasturias.com\/magazine365\/las-palmas-impulsa-con-el-cabildo-una-campana-para-prevenir-ahogamientos-de-cara-al-verano\/#breadcrumblist","itemListElement":[{"@type":"ListItem","@id":"https:\/\/eldigitaldeasturias.com\/magazine365#listItem","position":1,"name":"Home","item":"https:\/\/eldigitaldeasturias.com\/magazine365","nextItem":{"@type":"ListItem","@id":"https:\/\/eldigitaldeasturias.com\/magazine365\/category\/noticias-actualidad\/#listItem","name":"Noticias y Actualidad"}},{"@type":"ListItem","@id":"https:\/\/eldigitaldeasturias.com\/magazine365\/category\/noticias-actualidad\/#listItem","position":2,"name":"Noticias y Actualidad","item":"https:\/\/eldigitaldeasturias.com\/magazine365\/category\/noticias-actualidad\/","nextItem":{"@type":"ListItem","@id":"https:\/\/eldigitaldeasturias.com\/magazine365\/las-palmas-impulsa-con-el-cabildo-una-campana-para-prevenir-ahogamientos-de-cara-al-verano\/#listItem","name":"Las Palmas impulsa con el Cabildo una campa\u00f1a para prevenir ahogamientos de cara al verano"},"previousItem":{"@type":"ListItem","@id":"https:\/\/eldigitaldeasturias.com\/magazine365#listItem","name":"Home"}},{"@type":"ListItem","@id":"https:\/\/eldigitaldeasturias.com\/magazine365\/las-palmas-impulsa-con-el-cabildo-una-campana-para-prevenir-ahogamientos-de-cara-al-verano\/#listItem","position":3,"name":"Las Palmas impulsa con el Cabildo una campa\u00f1a para prevenir ahogamientos de cara al verano","previousItem":{"@type":"ListItem","@id":"https:\/\/eldigitaldeasturias.com\/magazine365\/category\/noticias-actualidad\/#listItem","name":"Noticias y Actualidad"}}]},{"@type":"Organization","@id":"https:\/\/eldigitaldeasturias.com\/magazine365\/#organization","name":"El digital de Asturias","description":"Revista de ocio, turismo y estilo de vida","url":"https:\/\/eldigitaldeasturias.com\/magazine365\/","logo":{"@type":"ImageObject","url":"https:\/\/www.eldigitaldeasturias.com\/noticias\/wp-content\/uploads\/2020\/12\/EDA.jpg","@id":"https:\/\/eldigitaldeasturias.com\/magazine365\/las-palmas-impulsa-con-el-cabildo-una-campana-para-prevenir-ahogamientos-de-cara-al-verano\/#organizationLogo"},"image":{"@id":"https:\/\/eldigitaldeasturias.com\/magazine365\/las-palmas-impulsa-con-el-cabildo-una-campana-para-prevenir-ahogamientos-de-cara-al-verano\/#organizationLogo"}},{"@type":"Person","@id":"https:\/\/eldigitaldeasturias.com\/magazine365\/author\/admin\/#author","url":"https:\/\/eldigitaldeasturias.com\/magazine365\/author\/admin\/","name":"admin","image":{"@type":"ImageObject","@id":"https:\/\/eldigitaldeasturias.com\/magazine365\/las-palmas-impulsa-con-el-cabildo-una-campana-para-prevenir-ahogamientos-de-cara-al-verano\/#authorImage","url":"https:\/\/eldigitaldeasturias.com\/magazine365\/wp-content\/litespeed\/avatar\/e571bcf59a0edd6fa6838245a470f2fe.jpg?ver=1776969259","width":96,"height":96,"caption":"admin"}},{"@type":"WebPage","@id":"https:\/\/eldigitaldeasturias.com\/magazine365\/las-palmas-impulsa-con-el-cabildo-una-campana-para-prevenir-ahogamientos-de-cara-al-verano\/#webpage","url":"https:\/\/eldigitaldeasturias.com\/magazine365\/las-palmas-impulsa-con-el-cabildo-una-campana-para-prevenir-ahogamientos-de-cara-al-verano\/","name":"Las Palmas impulsa con el Cabildo una campa\u00f1a para prevenir ahogamientos de cara al verano | El Digital de Asturias","description":"El Cabildo de Gran Canaria y el Ayuntamiento de Las Palmas de Gran Canaria est\u00e1n impulsando una campa\u00f1a de prevenci\u00f3n de ahogamientos de cara a la temporada de verano. As\u00ed lo han presentado este jueves en la capitalina playa de Las Canteras el consejero insular de Hacienda y Presidencia, Pedro Justo, y el concejal de","inLanguage":"es-ES","isPartOf":{"@id":"https:\/\/eldigitaldeasturias.com\/magazine365\/#website"},"breadcrumb":{"@id":"https:\/\/eldigitaldeasturias.com\/magazine365\/las-palmas-impulsa-con-el-cabildo-una-campana-para-prevenir-ahogamientos-de-cara-al-verano\/#breadcrumblist"},"author":{"@id":"https:\/\/eldigitaldeasturias.com\/magazine365\/author\/admin\/#author"},"creator":{"@id":"https:\/\/eldigitaldeasturias.com\/magazine365\/author\/admin\/#author"},"image":{"@type":"ImageObject","url":"https:\/\/eldigitaldeasturias.com\/magazine365\/wp-content\/uploads\/2016\/06\/fotonoticia_20160609132256_800.jpg","@id":"https:\/\/eldigitaldeasturias.com\/magazine365\/las-palmas-impulsa-con-el-cabildo-una-campana-para-prevenir-ahogamientos-de-cara-al-verano\/#mainImage","width":800,"height":559},"primaryImageOfPage":{"@id":"https:\/\/eldigitaldeasturias.com\/magazine365\/las-palmas-impulsa-con-el-cabildo-una-campana-para-prevenir-ahogamientos-de-cara-al-verano\/#mainImage"},"datePublished":"2016-06-09T18:40:45+02:00","dateModified":"2016-06-09T18:40:45+02:00"},{"@type":"WebSite","@id":"https:\/\/eldigitaldeasturias.com\/magazine365\/#website","url":"https:\/\/eldigitaldeasturias.com\/magazine365\/","name":"El Digital de Asturias","description":"Revista de ocio, turismo y estilo de vida","inLanguage":"es-ES","publisher":{"@id":"https:\/\/eldigitaldeasturias.com\/magazine365\/#organization"}}]},"og:locale":"es_ES","og:site_name":"El Digital de Asturias \u2013 Revista de ocio, turismo y estilo de vida","og:type":"article","og:title":"Las Palmas impulsa con el Cabildo una campa\u00f1a para prevenir ahogamientos de cara al verano | El Digital de Asturias","og:description":"El Cabildo de Gran Canaria y el Ayuntamiento de Las Palmas de Gran Canaria est\u00e1n impulsando una campa\u00f1a de prevenci\u00f3n de ahogamientos de cara a la temporada de verano. As\u00ed lo han presentado este jueves en la capitalina playa de Las Canteras el consejero insular de Hacienda y Presidencia, Pedro Justo, y el concejal de","og:url":"https:\/\/eldigitaldeasturias.com\/magazine365\/las-palmas-impulsa-con-el-cabildo-una-campana-para-prevenir-ahogamientos-de-cara-al-verano\/","og:image":"https:\/\/eldigitaldeasturias.com\/magazine365\/wp-content\/uploads\/2016\/06\/fotonoticia_20160609132256_800.jpg","og:image:secure_url":"https:\/\/eldigitaldeasturias.com\/magazine365\/wp-content\/uploads\/2016\/06\/fotonoticia_20160609132256_800.jpg","og:image:width":800,"og:image:height":559,"article:published_time":"2016-06-09T16:40:45+00:00","article:modified_time":"2016-06-09T16:40:45+00:00","twitter:card":"summary_large_image","twitter:title":"Las Palmas impulsa con el Cabildo una campa\u00f1a para prevenir ahogamientos de cara al verano | El Digital de Asturias","twitter:description":"El Cabildo de Gran Canaria y el Ayuntamiento de Las Palmas de Gran Canaria est\u00e1n impulsando una campa\u00f1a de prevenci\u00f3n de ahogamientos de cara a la temporada de verano. As\u00ed lo han presentado este jueves en la capitalina playa de Las Canteras el consejero insular de Hacienda y Presidencia, Pedro Justo, y el concejal de","twitter:image":"https:\/\/eldigitaldeasturias.com\/magazine365\/wp-content\/uploads\/2016\/06\/fotonoticia_20160609132256_800.jpg"},"aioseo_meta_data":{"post_id":"78488","title":null,"description":null,"keywords":null,"keyphrases":null,"primary_term":null,"canonical_url":null,"og_title":null,"og_description":null,"og_object_type":"default","og_image_type":"default","og_image_url":null,"og_image_width":null,"og_image_height":null,"og_image_custom_url":null,"og_image_custom_fields":null,"og_video":null,"og_custom_url":null,"og_article_section":null,"og_article_tags":null,"twitter_use_og":false,"twitter_card":"default","twitter_image_type":"default","twitter_image_url":null,"twitter_image_custom_url":null,"twitter_image_custom_fields":null,"twitter_title":null,"twitter_description":null,"schema":{"blockGraphs":[],"customGraphs":[],"default":{"data":{"Article":[],"Course":[],"Dataset":[],"FAQPage":[],"Movie":[],"Person":[],"Product":[],"ProductReview":[],"Car":[],"Recipe":[],"Service":[],"SoftwareApplication":[],"WebPage":[]},"graphName":"","isEnabled":true},"graphs":[],"defaultGraph":"","defaultPostTypeGraph":""},"schema_type":null,"schema_type_options":null,"pillar_content":false,"robots_default":true,"robots_noindex":false,"robots_noarchive":false,"robots_nosnippet":false,"robots_nofollow":false,"robots_noimageindex":false,"robots_noodp":false,"robots_notranslate":false,"robots_max_snippet":null,"robots_max_videopreview":null,"robots_max_imagepreview":"large","priority":null,"frequency":null,"location":null,"local_seo":null,"seo_analyzer_scan_date":"2025-09-27 17:06:40","breadcrumb_settings":null,"limit_modified_date":false,"open_ai":null,"ai":null,"created":"2021-03-08 18:00:49","updated":"2025-09-27 17:06:40"},"aioseo_breadcrumb":"<div class=\"aioseo-breadcrumbs\"><span class=\"aioseo-breadcrumb\">\n\t<a href=\"https:\/\/eldigitaldeasturias.com\/magazine365\" title=\"Home\">Home<\/a>\n<\/span><span class=\"aioseo-breadcrumb-separator\">\u2013<\/span><span class=\"aioseo-breadcrumb\">\n\t<a href=\"https:\/\/eldigitaldeasturias.com\/magazine365\/category\/noticias-actualidad\/\" title=\"Noticias y Actualidad\">Noticias y Actualidad<\/a>\n<\/span><span class=\"aioseo-breadcrumb-separator\">\u2013<\/span><span class=\"aioseo-breadcrumb\">\n\t<a href=\"https:\/\/eldigitaldeasturias.com\/magazine365\/las-palmas-impulsa-con-el-cabildo-una-campana-para-prevenir-ahogamientos-de-cara-al-verano\/\" title=\"Las Palmas impulsa con el Cabildo una campa\u00f1a para prevenir ahogamientos de cara al verano\">Las Palmas impulsa con el Cabildo una campa\u00f1a para prevenir ahogamientos de cara al verano<\/a>\n<\/span><\/div>","aioseo_breadcrumb_json":[{"label":"Home","link":"https:\/\/eldigitaldeasturias.com\/magazine365"},{"label":"Noticias y Actualidad","link":"https:\/\/eldigitaldeasturias.com\/magazine365\/category\/noticias-actualidad\/"},{"label":"Las Palmas impulsa con el Cabildo una campa\u00f1a para prevenir ahogamientos de cara al verano","link":"https:\/\/eldigitaldeasturias.com\/magazine365\/las-palmas-impulsa-con-el-cabildo-una-campana-para-prevenir-ahogamientos-de-cara-al-verano\/"}],"_links":{"self":[{"href":"https:\/\/eldigitaldeasturias.com\/magazine365\/wp-json\/wp\/v2\/posts\/78488","targetHints":{"allow":["GET"]}}],"collection":[{"href":"https:\/\/eldigitaldeasturias.com\/magazine365\/wp-json\/wp\/v2\/posts"}],"about":[{"href":"https:\/\/eldigitaldeasturias.com\/magazine365\/wp-json\/wp\/v2\/types\/post"}],"author":[{"embeddable":true,"href":"https:\/\/eldigitaldeasturias.com\/magazine365\/wp-json\/wp\/v2\/users\/1"}],"replies":[{"embeddable":true,"href":"https:\/\/eldigitaldeasturias.com\/magazine365\/wp-json\/wp\/v2\/comments?post=78488"}],"version-history":[{"count":0,"href":"https:\/\/eldigitaldeasturias.com\/magazine365\/wp-json\/wp\/v2\/posts\/78488\/revisions"}],"wp:featuredmedia":[{"embeddable":true,"href":"https:\/\/eldigitaldeasturias.com\/magazine365\/wp-json\/wp\/v2\/media\/78489"}],"wp:attachment":[{"href":"https:\/\/eldigitaldeasturias.com\/magazine365\/wp-json\/wp\/v2\/media?parent=78488"}],"wp:term":[{"taxonomy":"category","embeddable":true,"href":"https:\/\/eldigitaldeasturias.com\/magazine365\/wp-json\/wp\/v2\/categories?post=78488"},{"taxonomy":"post_tag","embeddable":true,"href":"https:\/\/eldigitaldeasturias.com\/magazine365\/wp-json\/wp\/v2\/tags?post=78488"}],"curies":[{"name":"wp","href":"https:\/\/api.w.org\/{rel}","templated":true}]}}