{"id":78471,"date":"2016-06-09T18:28:44","date_gmt":"2016-06-09T16:28:44","guid":{"rendered":"http:\/\/eldigitaldeasturias.com\/magazine365\/?p=78471"},"modified":"2016-06-09T18:28:44","modified_gmt":"2016-06-09T16:28:44","slug":"demanda-de-la-ocu-a-160-concesionarios-y-23-marcas-de-coches-por-pactar-precios","status":"publish","type":"post","link":"https:\/\/eldigitaldeasturias.com\/magazine365\/demanda-de-la-ocu-a-160-concesionarios-y-23-marcas-de-coches-por-pactar-precios\/","title":{"rendered":"Demanda de la OCU a 160 concesionarios y 23 marcas de coches por pactar precios"},"content":{"rendered":"<p><img fetchpriority=\"high\" decoding=\"async\" class=\"alignleft size-medium wp-image-78472\" src=\"https:\/\/eldigitaldeasturias.com\/magazine365\/wp-content\/uploads\/2016\/06\/fotonoticia_20160609130436_800-360x270.jpg\" alt=\"fotonoticia_20160609130436_800\" width=\"360\" height=\"270\" srcset=\"https:\/\/eldigitaldeasturias.com\/magazine365\/wp-content\/uploads\/2016\/06\/fotonoticia_20160609130436_800-360x270.jpg 360w, https:\/\/eldigitaldeasturias.com\/magazine365\/wp-content\/uploads\/2016\/06\/fotonoticia_20160609130436_800-650x488.jpg 650w, https:\/\/eldigitaldeasturias.com\/magazine365\/wp-content\/uploads\/2016\/06\/fotonoticia_20160609130436_800-768x576.jpg 768w, https:\/\/eldigitaldeasturias.com\/magazine365\/wp-content\/uploads\/2016\/06\/fotonoticia_20160609130436_800-150x113.jpg 150w, https:\/\/eldigitaldeasturias.com\/magazine365\/wp-content\/uploads\/2016\/06\/fotonoticia_20160609130436_800-450x338.jpg 450w, https:\/\/eldigitaldeasturias.com\/magazine365\/wp-content\/uploads\/2016\/06\/fotonoticia_20160609130436_800-90x67.jpg 90w, https:\/\/eldigitaldeasturias.com\/magazine365\/wp-content\/uploads\/2016\/06\/fotonoticia_20160609130436_800-164x124.jpg 164w, https:\/\/eldigitaldeasturias.com\/magazine365\/wp-content\/uploads\/2016\/06\/fotonoticia_20160609130436_800-100x75.jpg 100w, https:\/\/eldigitaldeasturias.com\/magazine365\/wp-content\/uploads\/2016\/06\/fotonoticia_20160609130436_800.jpg 800w\" sizes=\"(max-width: 360px) 100vw, 360px\" \/>La Organizaci\u00f3n de Consumidores y Usuarios (OCU) ha demandado a un total de 160 concesionarios y a 23 marcas de autom\u00f3viles en Espa\u00f1a por pactar precios y compartir informaci\u00f3n comercial sensible en perjuicio de los consumidores, seg\u00fan inform\u00f3 la entidad.<\/p>\n<p>La OCU explic\u00f3 que esta demanda se produce despu\u00e9s de que, en julio de 2015, la Comisi\u00f3n Nacional de los Mercados y la Competencia (CNMC) multara con 171 millones de euros a 21 fabricantes de veh\u00edculos y a 250 concesionarios por llevar a cabo una estrategia concertada de fijaci\u00f3n de precios y de intercambio de informaci\u00f3n comercial sensible.<\/p>\n<p>La organizaci\u00f3n subray\u00f3 que Competencia consider\u00f3 probadas dichas pr\u00e1cticas durante el per\u00edodo comprendido entre los a\u00f1os 2006 y 2013 por parte de las empresas sancionadas, que contaban con una cuota de mercado del 91%.<\/p>\n<p>En este sentido, la entidad de defensa del consumidor apunt\u00f3 que estas pr\u00e1cticas de marcas y concesionarios representan una \u00abclara violaci\u00f3n\u00bb de las leyes sobre competencia y perjudicaron a \u00abmiles de consumidores\u00bb que pagaron cientos de euros de m\u00e1s por sus veh\u00edculos.<\/p>\n<p>As\u00ed, la OCU representar\u00e1 a m\u00e1s de 1.300 personas en una demanda judicial colectiva de conciliaci\u00f3n, que tiene el objetivo de alcanzar un acuerdo con los demandados que evite un pleito, de forma que satisfagan los derechos y los intereses de los clientes afectados.<\/p>\n<p>En este sentido, considera que las empresas demandadas deber\u00edan \u00abal menos\u00bb reintegrar a los consumidores afectados las cantidades de las que se podr\u00edan haber beneficiados en el caso de que dichas firmas no hubieran incurrido en dichas pr\u00e1cticas, que podr\u00edan llegar hasta el 10% del veh\u00edculos adquirido.<\/p>\n","protected":false},"excerpt":{"rendered":"<p>La Organizaci\u00f3n de Consumidores y Usuarios (OCU) ha demandado a un total de 160 concesionarios y a 23 marcas de autom\u00f3viles en Espa\u00f1a por pactar precios y compartir informaci\u00f3n comercial sensible en perjuicio de los consumidores, seg\u00fan inform\u00f3 la entidad. La OCU explic\u00f3 que esta demanda se produce despu\u00e9s de que, en julio de 2015,<\/p>\n","protected":false},"author":1,"featured_media":78472,"comment_status":"open","ping_status":"closed","sticky":false,"template":"","format":"standard","meta":{"footnotes":""},"categories":[224],"tags":[],"class_list":{"0":"post-78471","1":"post","2":"type-post","3":"status-publish","4":"format-standard","5":"has-post-thumbnail","7":"category-noticias-actualidad"},"aioseo_notices":[],"aioseo_head":"\n\t\t<!-- All in One SEO Pro 4.9.6.1 - aioseo.com -->\n\t<meta name=\"description\" content=\"La Organizaci\u00f3n de Consumidores y Usuarios (OCU) ha demandado a un total de 160 concesionarios y a 23 marcas de autom\u00f3viles en Espa\u00f1a por pactar precios y compartir informaci\u00f3n comercial sensible en perjuicio de los consumidores, seg\u00fan inform\u00f3 la entidad. La OCU explic\u00f3 que esta demanda se produce despu\u00e9s de que, en julio de 2015,\" \/>\n\t<meta name=\"robots\" content=\"max-image-preview:large\" \/>\n\t<meta name=\"author\" content=\"admin\"\/>\n\t<meta name=\"google-site-verification\" content=\"UA-38556648-1\" \/>\n\t<meta name=\"keywords\" content=\"noticias y actualidad\" \/>\n\t<link rel=\"canonical\" href=\"https:\/\/eldigitaldeasturias.com\/magazine365\/demanda-de-la-ocu-a-160-concesionarios-y-23-marcas-de-coches-por-pactar-precios\/\" \/>\n\t<meta name=\"generator\" content=\"All in One SEO Pro (AIOSEO) 4.9.6.1\" \/>\n\t\t<meta property=\"og:locale\" content=\"es_ES\" \/>\n\t\t<meta property=\"og:site_name\" content=\"El Digital de Asturias \u2013 Revista de ocio, turismo y estilo de vida\" \/>\n\t\t<meta property=\"og:type\" content=\"article\" \/>\n\t\t<meta property=\"og:title\" content=\"Demanda de la OCU a 160 concesionarios y 23 marcas de coches por pactar precios | El Digital de Asturias\" \/>\n\t\t<meta property=\"og:description\" content=\"La Organizaci\u00f3n de Consumidores y Usuarios (OCU) ha demandado a un total de 160 concesionarios y a 23 marcas de autom\u00f3viles en Espa\u00f1a por pactar precios y compartir informaci\u00f3n comercial sensible en perjuicio de los consumidores, seg\u00fan inform\u00f3 la entidad. La OCU explic\u00f3 que esta demanda se produce despu\u00e9s de que, en julio de 2015,\" \/>\n\t\t<meta property=\"og:url\" content=\"https:\/\/eldigitaldeasturias.com\/magazine365\/demanda-de-la-ocu-a-160-concesionarios-y-23-marcas-de-coches-por-pactar-precios\/\" \/>\n\t\t<meta property=\"og:image\" content=\"https:\/\/eldigitaldeasturias.com\/magazine365\/wp-content\/uploads\/2016\/06\/fotonoticia_20160609130436_800.jpg\" \/>\n\t\t<meta property=\"og:image:secure_url\" content=\"https:\/\/eldigitaldeasturias.com\/magazine365\/wp-content\/uploads\/2016\/06\/fotonoticia_20160609130436_800.jpg\" \/>\n\t\t<meta property=\"og:image:width\" content=\"800\" \/>\n\t\t<meta property=\"og:image:height\" content=\"600\" \/>\n\t\t<meta property=\"article:published_time\" content=\"2016-06-09T16:28:44+00:00\" \/>\n\t\t<meta property=\"article:modified_time\" content=\"2016-06-09T16:28:44+00:00\" \/>\n\t\t<meta name=\"twitter:card\" content=\"summary_large_image\" \/>\n\t\t<meta name=\"twitter:title\" content=\"Demanda de la OCU a 160 concesionarios y 23 marcas de coches por pactar precios | El Digital de Asturias\" \/>\n\t\t<meta name=\"twitter:description\" content=\"La Organizaci\u00f3n de Consumidores y Usuarios (OCU) ha demandado a un total de 160 concesionarios y a 23 marcas de autom\u00f3viles en Espa\u00f1a por pactar precios y compartir informaci\u00f3n comercial sensible en perjuicio de los consumidores, seg\u00fan inform\u00f3 la entidad. La OCU explic\u00f3 que esta demanda se produce despu\u00e9s de que, en julio de 2015,\" \/>\n\t\t<meta name=\"twitter:image\" content=\"https:\/\/eldigitaldeasturias.com\/magazine365\/wp-content\/uploads\/2016\/06\/fotonoticia_20160609130436_800.jpg\" \/>\n\t\t<script type=\"application\/ld+json\" class=\"aioseo-schema\">\n\t\t\t{\"@context\":\"https:\\\/\\\/schema.org\",\"@graph\":[{\"@type\":\"Article\",\"@id\":\"https:\\\/\\\/eldigitaldeasturias.com\\\/magazine365\\\/demanda-de-la-ocu-a-160-concesionarios-y-23-marcas-de-coches-por-pactar-precios\\\/#article\",\"name\":\"Demanda de la OCU a 160 concesionarios y 23 marcas de coches por pactar precios | El Digital de Asturias\",\"headline\":\"Demanda de la OCU a 160 concesionarios y 23 marcas de coches por pactar precios\",\"author\":{\"@id\":\"https:\\\/\\\/eldigitaldeasturias.com\\\/magazine365\\\/author\\\/admin\\\/#author\"},\"publisher\":{\"@id\":\"https:\\\/\\\/eldigitaldeasturias.com\\\/magazine365\\\/#organization\"},\"image\":{\"@type\":\"ImageObject\",\"url\":\"https:\\\/\\\/eldigitaldeasturias.com\\\/magazine365\\\/wp-content\\\/uploads\\\/2016\\\/06\\\/fotonoticia_20160609130436_800.jpg\",\"width\":800,\"height\":600},\"datePublished\":\"2016-06-09T18:28:44+02:00\",\"dateModified\":\"2016-06-09T18:28:44+02:00\",\"inLanguage\":\"es-ES\",\"mainEntityOfPage\":{\"@id\":\"https:\\\/\\\/eldigitaldeasturias.com\\\/magazine365\\\/demanda-de-la-ocu-a-160-concesionarios-y-23-marcas-de-coches-por-pactar-precios\\\/#webpage\"},\"isPartOf\":{\"@id\":\"https:\\\/\\\/eldigitaldeasturias.com\\\/magazine365\\\/demanda-de-la-ocu-a-160-concesionarios-y-23-marcas-de-coches-por-pactar-precios\\\/#webpage\"},\"articleSection\":\"Noticias y Actualidad\"},{\"@type\":\"BreadcrumbList\",\"@id\":\"https:\\\/\\\/eldigitaldeasturias.com\\\/magazine365\\\/demanda-de-la-ocu-a-160-concesionarios-y-23-marcas-de-coches-por-pactar-precios\\\/#breadcrumblist\",\"itemListElement\":[{\"@type\":\"ListItem\",\"@id\":\"https:\\\/\\\/eldigitaldeasturias.com\\\/magazine365#listItem\",\"position\":1,\"name\":\"Home\",\"item\":\"https:\\\/\\\/eldigitaldeasturias.com\\\/magazine365\",\"nextItem\":{\"@type\":\"ListItem\",\"@id\":\"https:\\\/\\\/eldigitaldeasturias.com\\\/magazine365\\\/category\\\/noticias-actualidad\\\/#listItem\",\"name\":\"Noticias y Actualidad\"}},{\"@type\":\"ListItem\",\"@id\":\"https:\\\/\\\/eldigitaldeasturias.com\\\/magazine365\\\/category\\\/noticias-actualidad\\\/#listItem\",\"position\":2,\"name\":\"Noticias y Actualidad\",\"item\":\"https:\\\/\\\/eldigitaldeasturias.com\\\/magazine365\\\/category\\\/noticias-actualidad\\\/\",\"nextItem\":{\"@type\":\"ListItem\",\"@id\":\"https:\\\/\\\/eldigitaldeasturias.com\\\/magazine365\\\/demanda-de-la-ocu-a-160-concesionarios-y-23-marcas-de-coches-por-pactar-precios\\\/#listItem\",\"name\":\"Demanda de la OCU a 160 concesionarios y 23 marcas de coches por pactar precios\"},\"previousItem\":{\"@type\":\"ListItem\",\"@id\":\"https:\\\/\\\/eldigitaldeasturias.com\\\/magazine365#listItem\",\"name\":\"Home\"}},{\"@type\":\"ListItem\",\"@id\":\"https:\\\/\\\/eldigitaldeasturias.com\\\/magazine365\\\/demanda-de-la-ocu-a-160-concesionarios-y-23-marcas-de-coches-por-pactar-precios\\\/#listItem\",\"position\":3,\"name\":\"Demanda de la OCU a 160 concesionarios y 23 marcas de coches por pactar precios\",\"previousItem\":{\"@type\":\"ListItem\",\"@id\":\"https:\\\/\\\/eldigitaldeasturias.com\\\/magazine365\\\/category\\\/noticias-actualidad\\\/#listItem\",\"name\":\"Noticias y Actualidad\"}}]},{\"@type\":\"Organization\",\"@id\":\"https:\\\/\\\/eldigitaldeasturias.com\\\/magazine365\\\/#organization\",\"name\":\"El digital de Asturias\",\"description\":\"Revista de ocio, turismo y estilo de vida\",\"url\":\"https:\\\/\\\/eldigitaldeasturias.com\\\/magazine365\\\/\",\"logo\":{\"@type\":\"ImageObject\",\"url\":\"https:\\\/\\\/www.eldigitaldeasturias.com\\\/noticias\\\/wp-content\\\/uploads\\\/2020\\\/12\\\/EDA.jpg\",\"@id\":\"https:\\\/\\\/eldigitaldeasturias.com\\\/magazine365\\\/demanda-de-la-ocu-a-160-concesionarios-y-23-marcas-de-coches-por-pactar-precios\\\/#organizationLogo\"},\"image\":{\"@id\":\"https:\\\/\\\/eldigitaldeasturias.com\\\/magazine365\\\/demanda-de-la-ocu-a-160-concesionarios-y-23-marcas-de-coches-por-pactar-precios\\\/#organizationLogo\"}},{\"@type\":\"Person\",\"@id\":\"https:\\\/\\\/eldigitaldeasturias.com\\\/magazine365\\\/author\\\/admin\\\/#author\",\"url\":\"https:\\\/\\\/eldigitaldeasturias.com\\\/magazine365\\\/author\\\/admin\\\/\",\"name\":\"admin\",\"image\":{\"@type\":\"ImageObject\",\"@id\":\"https:\\\/\\\/eldigitaldeasturias.com\\\/magazine365\\\/demanda-de-la-ocu-a-160-concesionarios-y-23-marcas-de-coches-por-pactar-precios\\\/#authorImage\",\"url\":\"https:\\\/\\\/eldigitaldeasturias.com\\\/magazine365\\\/wp-content\\\/litespeed\\\/avatar\\\/e571bcf59a0edd6fa6838245a470f2fe.jpg?ver=1776969259\",\"width\":96,\"height\":96,\"caption\":\"admin\"}},{\"@type\":\"WebPage\",\"@id\":\"https:\\\/\\\/eldigitaldeasturias.com\\\/magazine365\\\/demanda-de-la-ocu-a-160-concesionarios-y-23-marcas-de-coches-por-pactar-precios\\\/#webpage\",\"url\":\"https:\\\/\\\/eldigitaldeasturias.com\\\/magazine365\\\/demanda-de-la-ocu-a-160-concesionarios-y-23-marcas-de-coches-por-pactar-precios\\\/\",\"name\":\"Demanda de la OCU a 160 concesionarios y 23 marcas de coches por pactar precios | El Digital de Asturias\",\"description\":\"La Organizaci\\u00f3n de Consumidores y Usuarios (OCU) ha demandado a un total de 160 concesionarios y a 23 marcas de autom\\u00f3viles en Espa\\u00f1a por pactar precios y compartir informaci\\u00f3n comercial sensible en perjuicio de los consumidores, seg\\u00fan inform\\u00f3 la entidad. La OCU explic\\u00f3 que esta demanda se produce despu\\u00e9s de que, en julio de 2015,\",\"inLanguage\":\"es-ES\",\"isPartOf\":{\"@id\":\"https:\\\/\\\/eldigitaldeasturias.com\\\/magazine365\\\/#website\"},\"breadcrumb\":{\"@id\":\"https:\\\/\\\/eldigitaldeasturias.com\\\/magazine365\\\/demanda-de-la-ocu-a-160-concesionarios-y-23-marcas-de-coches-por-pactar-precios\\\/#breadcrumblist\"},\"author\":{\"@id\":\"https:\\\/\\\/eldigitaldeasturias.com\\\/magazine365\\\/author\\\/admin\\\/#author\"},\"creator\":{\"@id\":\"https:\\\/\\\/eldigitaldeasturias.com\\\/magazine365\\\/author\\\/admin\\\/#author\"},\"image\":{\"@type\":\"ImageObject\",\"url\":\"https:\\\/\\\/eldigitaldeasturias.com\\\/magazine365\\\/wp-content\\\/uploads\\\/2016\\\/06\\\/fotonoticia_20160609130436_800.jpg\",\"@id\":\"https:\\\/\\\/eldigitaldeasturias.com\\\/magazine365\\\/demanda-de-la-ocu-a-160-concesionarios-y-23-marcas-de-coches-por-pactar-precios\\\/#mainImage\",\"width\":800,\"height\":600},\"primaryImageOfPage\":{\"@id\":\"https:\\\/\\\/eldigitaldeasturias.com\\\/magazine365\\\/demanda-de-la-ocu-a-160-concesionarios-y-23-marcas-de-coches-por-pactar-precios\\\/#mainImage\"},\"datePublished\":\"2016-06-09T18:28:44+02:00\",\"dateModified\":\"2016-06-09T18:28:44+02:00\"},{\"@type\":\"WebSite\",\"@id\":\"https:\\\/\\\/eldigitaldeasturias.com\\\/magazine365\\\/#website\",\"url\":\"https:\\\/\\\/eldigitaldeasturias.com\\\/magazine365\\\/\",\"name\":\"El Digital de Asturias\",\"description\":\"Revista de ocio, turismo y estilo de vida\",\"inLanguage\":\"es-ES\",\"publisher\":{\"@id\":\"https:\\\/\\\/eldigitaldeasturias.com\\\/magazine365\\\/#organization\"}}]}\n\t\t<\/script>\n\t\t<!-- All in One SEO Pro -->\r\n\t\t<title>Demanda de la OCU a 160 concesionarios y 23 marcas de coches por pactar precios | El Digital de Asturias<\/title>\n\n","aioseo_head_json":{"title":"Demanda de la OCU a 160 concesionarios y 23 marcas de coches por pactar precios | El Digital de Asturias","description":"La Organizaci\u00f3n de Consumidores y Usuarios (OCU) ha demandado a un total de 160 concesionarios y a 23 marcas de autom\u00f3viles en Espa\u00f1a por pactar precios y compartir informaci\u00f3n comercial sensible en perjuicio de los consumidores, seg\u00fan inform\u00f3 la entidad. La OCU explic\u00f3 que esta demanda se produce despu\u00e9s de que, en julio de 2015,","canonical_url":"https:\/\/eldigitaldeasturias.com\/magazine365\/demanda-de-la-ocu-a-160-concesionarios-y-23-marcas-de-coches-por-pactar-precios\/","robots":"max-image-preview:large","keywords":"noticias y actualidad","webmasterTools":{"google-site-verification":"UA-38556648-1","miscellaneous":""},"schema":{"@context":"https:\/\/schema.org","@graph":[{"@type":"Article","@id":"https:\/\/eldigitaldeasturias.com\/magazine365\/demanda-de-la-ocu-a-160-concesionarios-y-23-marcas-de-coches-por-pactar-precios\/#article","name":"Demanda de la OCU a 160 concesionarios y 23 marcas de coches por pactar precios | El Digital de Asturias","headline":"Demanda de la OCU a 160 concesionarios y 23 marcas de coches por pactar precios","author":{"@id":"https:\/\/eldigitaldeasturias.com\/magazine365\/author\/admin\/#author"},"publisher":{"@id":"https:\/\/eldigitaldeasturias.com\/magazine365\/#organization"},"image":{"@type":"ImageObject","url":"https:\/\/eldigitaldeasturias.com\/magazine365\/wp-content\/uploads\/2016\/06\/fotonoticia_20160609130436_800.jpg","width":800,"height":600},"datePublished":"2016-06-09T18:28:44+02:00","dateModified":"2016-06-09T18:28:44+02:00","inLanguage":"es-ES","mainEntityOfPage":{"@id":"https:\/\/eldigitaldeasturias.com\/magazine365\/demanda-de-la-ocu-a-160-concesionarios-y-23-marcas-de-coches-por-pactar-precios\/#webpage"},"isPartOf":{"@id":"https:\/\/eldigitaldeasturias.com\/magazine365\/demanda-de-la-ocu-a-160-concesionarios-y-23-marcas-de-coches-por-pactar-precios\/#webpage"},"articleSection":"Noticias y Actualidad"},{"@type":"BreadcrumbList","@id":"https:\/\/eldigitaldeasturias.com\/magazine365\/demanda-de-la-ocu-a-160-concesionarios-y-23-marcas-de-coches-por-pactar-precios\/#breadcrumblist","itemListElement":[{"@type":"ListItem","@id":"https:\/\/eldigitaldeasturias.com\/magazine365#listItem","position":1,"name":"Home","item":"https:\/\/eldigitaldeasturias.com\/magazine365","nextItem":{"@type":"ListItem","@id":"https:\/\/eldigitaldeasturias.com\/magazine365\/category\/noticias-actualidad\/#listItem","name":"Noticias y Actualidad"}},{"@type":"ListItem","@id":"https:\/\/eldigitaldeasturias.com\/magazine365\/category\/noticias-actualidad\/#listItem","position":2,"name":"Noticias y Actualidad","item":"https:\/\/eldigitaldeasturias.com\/magazine365\/category\/noticias-actualidad\/","nextItem":{"@type":"ListItem","@id":"https:\/\/eldigitaldeasturias.com\/magazine365\/demanda-de-la-ocu-a-160-concesionarios-y-23-marcas-de-coches-por-pactar-precios\/#listItem","name":"Demanda de la OCU a 160 concesionarios y 23 marcas de coches por pactar precios"},"previousItem":{"@type":"ListItem","@id":"https:\/\/eldigitaldeasturias.com\/magazine365#listItem","name":"Home"}},{"@type":"ListItem","@id":"https:\/\/eldigitaldeasturias.com\/magazine365\/demanda-de-la-ocu-a-160-concesionarios-y-23-marcas-de-coches-por-pactar-precios\/#listItem","position":3,"name":"Demanda de la OCU a 160 concesionarios y 23 marcas de coches por pactar precios","previousItem":{"@type":"ListItem","@id":"https:\/\/eldigitaldeasturias.com\/magazine365\/category\/noticias-actualidad\/#listItem","name":"Noticias y Actualidad"}}]},{"@type":"Organization","@id":"https:\/\/eldigitaldeasturias.com\/magazine365\/#organization","name":"El digital de Asturias","description":"Revista de ocio, turismo y estilo de vida","url":"https:\/\/eldigitaldeasturias.com\/magazine365\/","logo":{"@type":"ImageObject","url":"https:\/\/www.eldigitaldeasturias.com\/noticias\/wp-content\/uploads\/2020\/12\/EDA.jpg","@id":"https:\/\/eldigitaldeasturias.com\/magazine365\/demanda-de-la-ocu-a-160-concesionarios-y-23-marcas-de-coches-por-pactar-precios\/#organizationLogo"},"image":{"@id":"https:\/\/eldigitaldeasturias.com\/magazine365\/demanda-de-la-ocu-a-160-concesionarios-y-23-marcas-de-coches-por-pactar-precios\/#organizationLogo"}},{"@type":"Person","@id":"https:\/\/eldigitaldeasturias.com\/magazine365\/author\/admin\/#author","url":"https:\/\/eldigitaldeasturias.com\/magazine365\/author\/admin\/","name":"admin","image":{"@type":"ImageObject","@id":"https:\/\/eldigitaldeasturias.com\/magazine365\/demanda-de-la-ocu-a-160-concesionarios-y-23-marcas-de-coches-por-pactar-precios\/#authorImage","url":"https:\/\/eldigitaldeasturias.com\/magazine365\/wp-content\/litespeed\/avatar\/e571bcf59a0edd6fa6838245a470f2fe.jpg?ver=1776969259","width":96,"height":96,"caption":"admin"}},{"@type":"WebPage","@id":"https:\/\/eldigitaldeasturias.com\/magazine365\/demanda-de-la-ocu-a-160-concesionarios-y-23-marcas-de-coches-por-pactar-precios\/#webpage","url":"https:\/\/eldigitaldeasturias.com\/magazine365\/demanda-de-la-ocu-a-160-concesionarios-y-23-marcas-de-coches-por-pactar-precios\/","name":"Demanda de la OCU a 160 concesionarios y 23 marcas de coches por pactar precios | El Digital de Asturias","description":"La Organizaci\u00f3n de Consumidores y Usuarios (OCU) ha demandado a un total de 160 concesionarios y a 23 marcas de autom\u00f3viles en Espa\u00f1a por pactar precios y compartir informaci\u00f3n comercial sensible en perjuicio de los consumidores, seg\u00fan inform\u00f3 la entidad. La OCU explic\u00f3 que esta demanda se produce despu\u00e9s de que, en julio de 2015,","inLanguage":"es-ES","isPartOf":{"@id":"https:\/\/eldigitaldeasturias.com\/magazine365\/#website"},"breadcrumb":{"@id":"https:\/\/eldigitaldeasturias.com\/magazine365\/demanda-de-la-ocu-a-160-concesionarios-y-23-marcas-de-coches-por-pactar-precios\/#breadcrumblist"},"author":{"@id":"https:\/\/eldigitaldeasturias.com\/magazine365\/author\/admin\/#author"},"creator":{"@id":"https:\/\/eldigitaldeasturias.com\/magazine365\/author\/admin\/#author"},"image":{"@type":"ImageObject","url":"https:\/\/eldigitaldeasturias.com\/magazine365\/wp-content\/uploads\/2016\/06\/fotonoticia_20160609130436_800.jpg","@id":"https:\/\/eldigitaldeasturias.com\/magazine365\/demanda-de-la-ocu-a-160-concesionarios-y-23-marcas-de-coches-por-pactar-precios\/#mainImage","width":800,"height":600},"primaryImageOfPage":{"@id":"https:\/\/eldigitaldeasturias.com\/magazine365\/demanda-de-la-ocu-a-160-concesionarios-y-23-marcas-de-coches-por-pactar-precios\/#mainImage"},"datePublished":"2016-06-09T18:28:44+02:00","dateModified":"2016-06-09T18:28:44+02:00"},{"@type":"WebSite","@id":"https:\/\/eldigitaldeasturias.com\/magazine365\/#website","url":"https:\/\/eldigitaldeasturias.com\/magazine365\/","name":"El Digital de Asturias","description":"Revista de ocio, turismo y estilo de vida","inLanguage":"es-ES","publisher":{"@id":"https:\/\/eldigitaldeasturias.com\/magazine365\/#organization"}}]},"og:locale":"es_ES","og:site_name":"El Digital de Asturias \u2013 Revista de ocio, turismo y estilo de vida","og:type":"article","og:title":"Demanda de la OCU a 160 concesionarios y 23 marcas de coches por pactar precios | El Digital de Asturias","og:description":"La Organizaci\u00f3n de Consumidores y Usuarios (OCU) ha demandado a un total de 160 concesionarios y a 23 marcas de autom\u00f3viles en Espa\u00f1a por pactar precios y compartir informaci\u00f3n comercial sensible en perjuicio de los consumidores, seg\u00fan inform\u00f3 la entidad. La OCU explic\u00f3 que esta demanda se produce despu\u00e9s de que, en julio de 2015,","og:url":"https:\/\/eldigitaldeasturias.com\/magazine365\/demanda-de-la-ocu-a-160-concesionarios-y-23-marcas-de-coches-por-pactar-precios\/","og:image":"https:\/\/eldigitaldeasturias.com\/magazine365\/wp-content\/uploads\/2016\/06\/fotonoticia_20160609130436_800.jpg","og:image:secure_url":"https:\/\/eldigitaldeasturias.com\/magazine365\/wp-content\/uploads\/2016\/06\/fotonoticia_20160609130436_800.jpg","og:image:width":800,"og:image:height":600,"article:published_time":"2016-06-09T16:28:44+00:00","article:modified_time":"2016-06-09T16:28:44+00:00","twitter:card":"summary_large_image","twitter:title":"Demanda de la OCU a 160 concesionarios y 23 marcas de coches por pactar precios | El Digital de Asturias","twitter:description":"La Organizaci\u00f3n de Consumidores y Usuarios (OCU) ha demandado a un total de 160 concesionarios y a 23 marcas de autom\u00f3viles en Espa\u00f1a por pactar precios y compartir informaci\u00f3n comercial sensible en perjuicio de los consumidores, seg\u00fan inform\u00f3 la entidad. La OCU explic\u00f3 que esta demanda se produce despu\u00e9s de que, en julio de 2015,","twitter:image":"https:\/\/eldigitaldeasturias.com\/magazine365\/wp-content\/uploads\/2016\/06\/fotonoticia_20160609130436_800.jpg"},"aioseo_meta_data":{"post_id":"78471","title":null,"description":null,"keywords":null,"keyphrases":null,"primary_term":null,"canonical_url":null,"og_title":null,"og_description":null,"og_object_type":"default","og_image_type":"default","og_image_url":null,"og_image_width":null,"og_image_height":null,"og_image_custom_url":null,"og_image_custom_fields":null,"og_video":null,"og_custom_url":null,"og_article_section":null,"og_article_tags":null,"twitter_use_og":false,"twitter_card":"default","twitter_image_type":"default","twitter_image_url":null,"twitter_image_custom_url":null,"twitter_image_custom_fields":null,"twitter_title":null,"twitter_description":null,"schema":{"blockGraphs":[],"customGraphs":[],"default":{"data":{"Article":[],"Course":[],"Dataset":[],"FAQPage":[],"Movie":[],"Person":[],"Product":[],"ProductReview":[],"Car":[],"Recipe":[],"Service":[],"SoftwareApplication":[],"WebPage":[]},"graphName":"","isEnabled":true},"graphs":[],"defaultGraph":"","defaultPostTypeGraph":""},"schema_type":null,"schema_type_options":null,"pillar_content":false,"robots_default":true,"robots_noindex":false,"robots_noarchive":false,"robots_nosnippet":false,"robots_nofollow":false,"robots_noimageindex":false,"robots_noodp":false,"robots_notranslate":false,"robots_max_snippet":null,"robots_max_videopreview":null,"robots_max_imagepreview":"large","priority":null,"frequency":null,"location":null,"local_seo":null,"seo_analyzer_scan_date":"2025-09-27 17:02:39","breadcrumb_settings":null,"limit_modified_date":false,"open_ai":null,"ai":null,"created":"2021-03-08 18:00:49","updated":"2025-09-27 17:02:39"},"aioseo_breadcrumb":"<div class=\"aioseo-breadcrumbs\"><span class=\"aioseo-breadcrumb\">\n\t<a href=\"https:\/\/eldigitaldeasturias.com\/magazine365\" title=\"Home\">Home<\/a>\n<\/span><span class=\"aioseo-breadcrumb-separator\">\u2013<\/span><span class=\"aioseo-breadcrumb\">\n\t<a href=\"https:\/\/eldigitaldeasturias.com\/magazine365\/category\/noticias-actualidad\/\" title=\"Noticias y Actualidad\">Noticias y Actualidad<\/a>\n<\/span><span class=\"aioseo-breadcrumb-separator\">\u2013<\/span><span class=\"aioseo-breadcrumb\">\n\t<a href=\"https:\/\/eldigitaldeasturias.com\/magazine365\/demanda-de-la-ocu-a-160-concesionarios-y-23-marcas-de-coches-por-pactar-precios\/\" title=\"Demanda de la OCU a 160 concesionarios y 23 marcas de coches por pactar precios\">Demanda de la OCU a 160 concesionarios y 23 marcas de coches por pactar precios<\/a>\n<\/span><\/div>","aioseo_breadcrumb_json":[{"label":"Home","link":"https:\/\/eldigitaldeasturias.com\/magazine365"},{"label":"Noticias y Actualidad","link":"https:\/\/eldigitaldeasturias.com\/magazine365\/category\/noticias-actualidad\/"},{"label":"Demanda de la OCU a 160 concesionarios y 23 marcas de coches por pactar precios","link":"https:\/\/eldigitaldeasturias.com\/magazine365\/demanda-de-la-ocu-a-160-concesionarios-y-23-marcas-de-coches-por-pactar-precios\/"}],"_links":{"self":[{"href":"https:\/\/eldigitaldeasturias.com\/magazine365\/wp-json\/wp\/v2\/posts\/78471","targetHints":{"allow":["GET"]}}],"collection":[{"href":"https:\/\/eldigitaldeasturias.com\/magazine365\/wp-json\/wp\/v2\/posts"}],"about":[{"href":"https:\/\/eldigitaldeasturias.com\/magazine365\/wp-json\/wp\/v2\/types\/post"}],"author":[{"embeddable":true,"href":"https:\/\/eldigitaldeasturias.com\/magazine365\/wp-json\/wp\/v2\/users\/1"}],"replies":[{"embeddable":true,"href":"https:\/\/eldigitaldeasturias.com\/magazine365\/wp-json\/wp\/v2\/comments?post=78471"}],"version-history":[{"count":0,"href":"https:\/\/eldigitaldeasturias.com\/magazine365\/wp-json\/wp\/v2\/posts\/78471\/revisions"}],"wp:featuredmedia":[{"embeddable":true,"href":"https:\/\/eldigitaldeasturias.com\/magazine365\/wp-json\/wp\/v2\/media\/78472"}],"wp:attachment":[{"href":"https:\/\/eldigitaldeasturias.com\/magazine365\/wp-json\/wp\/v2\/media?parent=78471"}],"wp:term":[{"taxonomy":"category","embeddable":true,"href":"https:\/\/eldigitaldeasturias.com\/magazine365\/wp-json\/wp\/v2\/categories?post=78471"},{"taxonomy":"post_tag","embeddable":true,"href":"https:\/\/eldigitaldeasturias.com\/magazine365\/wp-json\/wp\/v2\/tags?post=78471"}],"curies":[{"name":"wp","href":"https:\/\/api.w.org\/{rel}","templated":true}]}}