{"id":78455,"date":"2016-06-09T18:12:03","date_gmt":"2016-06-09T16:12:03","guid":{"rendered":"http:\/\/eldigitaldeasturias.com\/magazine365\/?p=78455"},"modified":"2016-06-09T18:12:03","modified_gmt":"2016-06-09T16:12:03","slug":"se-celebran-en-torrelavega-las-xvii-jornadas-del-bacalao-y-los-quesucos","status":"publish","type":"post","link":"https:\/\/eldigitaldeasturias.com\/magazine365\/se-celebran-en-torrelavega-las-xvii-jornadas-del-bacalao-y-los-quesucos\/","title":{"rendered":"Se celebran en Torrelavega las XVII Jornadas del Bacalao y los Quesucos"},"content":{"rendered":"<p><img fetchpriority=\"high\" decoding=\"async\" class=\"alignleft size-medium wp-image-78456\" src=\"https:\/\/eldigitaldeasturias.com\/magazine365\/wp-content\/uploads\/2016\/06\/fotonoticia_20160609122243_800-360x240.jpg\" alt=\"fotonoticia_20160609122243_800\" width=\"360\" height=\"240\" srcset=\"https:\/\/eldigitaldeasturias.com\/magazine365\/wp-content\/uploads\/2016\/06\/fotonoticia_20160609122243_800-360x240.jpg 360w, https:\/\/eldigitaldeasturias.com\/magazine365\/wp-content\/uploads\/2016\/06\/fotonoticia_20160609122243_800-650x433.jpg 650w, https:\/\/eldigitaldeasturias.com\/magazine365\/wp-content\/uploads\/2016\/06\/fotonoticia_20160609122243_800-768x512.jpg 768w, https:\/\/eldigitaldeasturias.com\/magazine365\/wp-content\/uploads\/2016\/06\/fotonoticia_20160609122243_800-150x100.jpg 150w, https:\/\/eldigitaldeasturias.com\/magazine365\/wp-content\/uploads\/2016\/06\/fotonoticia_20160609122243_800-450x300.jpg 450w, https:\/\/eldigitaldeasturias.com\/magazine365\/wp-content\/uploads\/2016\/06\/fotonoticia_20160609122243_800-101x66.jpg 101w, https:\/\/eldigitaldeasturias.com\/magazine365\/wp-content\/uploads\/2016\/06\/fotonoticia_20160609122243_800.jpg 800w\" sizes=\"(max-width: 360px) 100vw, 360px\" \/>Once restaurantes participar\u00e1n en las XVII Jornadas del Bacalao y los Quesucos de Cantabria que se celebrar\u00e1n en Torrelavega entre el 10 y el 26 de junio, organizadas por la Asociaci\u00f3n de Restaurantes Torre de la Vega.<\/p>\n<p>Como en anteriores ediciones, cada establecimiento elaborar\u00e1 un pincho que podr\u00e1 degustarse junto con una ca\u00f1a al precio de 2,70 euros. Con cada consumici\u00f3n se participar\u00e1 en el sorteo de una noche de hotel y spa, y de una cena con alojamiento en una casa rural.<\/p>\n<p>Las jornadas han sido presentadas este jueves en rueda de prensa por el concejal de Ferias, Jes\u00fas S\u00e1nchez, y representantes de la asociaci\u00f3n organizadora, que han destacado la calidad de los productos protagonistas y el \u00e9xito de esta iniciativa.<\/p>\n<p>Como novedad este a\u00f1o se incorpora un nuevo establecimiento que acaba de abrir recientemente en Torrelavega, el Restaurante 2 Valdeses, que completa los 11 restaurantes participantes: El Refugio, La Casuca, El Parque, Florman, Lucio, S\u00e1nchez, Mundo Canalla, El Rinc\u00f3n de la Coral, El Palacio y Villa de Santilana.<\/p>\n<p>Desde la asociaci\u00f3n han destacado que, junto con las del Lechazo, estas jornadas son las que m\u00e1s tir\u00f3n y mejor acogida tienen por parte de los clientes, adem\u00e1s de que sirven para hacer \u00abun gui\u00f1o a un producto de nuestra tierra, los quesucos de Cantabria\u00bb, que ser\u00e1n elaborados en las diferentes cocinas con especialidades variadas. En cuanto al vino de las jornadas, ser\u00e1 el Valduero Crianza.<\/p>\n<p>Tanto desde el Ayuntamiento como desde la asociaci\u00f3n se ha animado a todos los torrelaveguenses a que participen en estas jornadas, que esperan sean \u00abun \u00e9xito\u00bb, como todas las que organiza el colectivo.<\/p>\n<p>Asimismo, han destacado que el producto en torno al que giran los pinchos es \u00abextraordinario\u00bb y enriquecer\u00e1 \u00ablas ma\u00f1anas, tardes y noches de Torrelavega con un motivo m\u00e1s para que la gente salga a la calle y disfrute de nuestra ciudad\u00bb.<\/p>\n","protected":false},"excerpt":{"rendered":"<p>Once restaurantes participar\u00e1n en las XVII Jornadas del Bacalao y los Quesucos de Cantabria que se celebrar\u00e1n en Torrelavega entre el 10 y el 26 de junio, organizadas por la Asociaci\u00f3n de Restaurantes Torre de la Vega. Como en anteriores ediciones, cada establecimiento elaborar\u00e1 un pincho que podr\u00e1 degustarse junto con una ca\u00f1a al precio<\/p>\n","protected":false},"author":1,"featured_media":78456,"comment_status":"open","ping_status":"closed","sticky":false,"template":"","format":"standard","meta":{"footnotes":""},"categories":[224],"tags":[],"class_list":{"0":"post-78455","1":"post","2":"type-post","3":"status-publish","4":"format-standard","5":"has-post-thumbnail","7":"category-noticias-actualidad"},"aioseo_notices":[],"aioseo_head":"\n\t\t<!-- All in One SEO Pro 4.9.6.1 - aioseo.com -->\n\t<meta name=\"description\" content=\"Once restaurantes participar\u00e1n en las XVII Jornadas del Bacalao y los Quesucos de Cantabria que se celebrar\u00e1n en Torrelavega entre el 10 y el 26 de junio, organizadas por la Asociaci\u00f3n de Restaurantes Torre de la Vega. Como en anteriores ediciones, cada establecimiento elaborar\u00e1 un pincho que podr\u00e1 degustarse junto con una ca\u00f1a al precio\" \/>\n\t<meta name=\"robots\" content=\"max-image-preview:large\" \/>\n\t<meta name=\"author\" content=\"admin\"\/>\n\t<meta name=\"google-site-verification\" content=\"UA-38556648-1\" \/>\n\t<meta name=\"keywords\" content=\"noticias y actualidad\" \/>\n\t<link rel=\"canonical\" href=\"https:\/\/eldigitaldeasturias.com\/magazine365\/se-celebran-en-torrelavega-las-xvii-jornadas-del-bacalao-y-los-quesucos\/\" \/>\n\t<meta name=\"generator\" content=\"All in One SEO Pro (AIOSEO) 4.9.6.1\" \/>\n\t\t<meta property=\"og:locale\" content=\"es_ES\" \/>\n\t\t<meta property=\"og:site_name\" content=\"El Digital de Asturias \u2013 Revista de ocio, turismo y estilo de vida\" \/>\n\t\t<meta property=\"og:type\" content=\"article\" \/>\n\t\t<meta property=\"og:title\" content=\"Se celebran en Torrelavega las XVII Jornadas del Bacalao y los Quesucos | El Digital de Asturias\" \/>\n\t\t<meta property=\"og:description\" content=\"Once restaurantes participar\u00e1n en las XVII Jornadas del Bacalao y los Quesucos de Cantabria que se celebrar\u00e1n en Torrelavega entre el 10 y el 26 de junio, organizadas por la Asociaci\u00f3n de Restaurantes Torre de la Vega. Como en anteriores ediciones, cada establecimiento elaborar\u00e1 un pincho que podr\u00e1 degustarse junto con una ca\u00f1a al precio\" \/>\n\t\t<meta property=\"og:url\" content=\"https:\/\/eldigitaldeasturias.com\/magazine365\/se-celebran-en-torrelavega-las-xvii-jornadas-del-bacalao-y-los-quesucos\/\" \/>\n\t\t<meta property=\"og:image\" content=\"https:\/\/eldigitaldeasturias.com\/magazine365\/wp-content\/uploads\/2016\/06\/fotonoticia_20160609122243_800.jpg\" \/>\n\t\t<meta property=\"og:image:secure_url\" content=\"https:\/\/eldigitaldeasturias.com\/magazine365\/wp-content\/uploads\/2016\/06\/fotonoticia_20160609122243_800.jpg\" \/>\n\t\t<meta property=\"og:image:width\" content=\"800\" \/>\n\t\t<meta property=\"og:image:height\" content=\"533\" \/>\n\t\t<meta property=\"article:published_time\" content=\"2016-06-09T16:12:03+00:00\" \/>\n\t\t<meta property=\"article:modified_time\" content=\"2016-06-09T16:12:03+00:00\" \/>\n\t\t<meta name=\"twitter:card\" content=\"summary_large_image\" \/>\n\t\t<meta name=\"twitter:title\" content=\"Se celebran en Torrelavega las XVII Jornadas del Bacalao y los Quesucos | El Digital de Asturias\" \/>\n\t\t<meta name=\"twitter:description\" content=\"Once restaurantes participar\u00e1n en las XVII Jornadas del Bacalao y los Quesucos de Cantabria que se celebrar\u00e1n en Torrelavega entre el 10 y el 26 de junio, organizadas por la Asociaci\u00f3n de Restaurantes Torre de la Vega. Como en anteriores ediciones, cada establecimiento elaborar\u00e1 un pincho que podr\u00e1 degustarse junto con una ca\u00f1a al precio\" \/>\n\t\t<meta name=\"twitter:image\" content=\"https:\/\/eldigitaldeasturias.com\/magazine365\/wp-content\/uploads\/2016\/06\/fotonoticia_20160609122243_800.jpg\" \/>\n\t\t<script type=\"application\/ld+json\" class=\"aioseo-schema\">\n\t\t\t{\"@context\":\"https:\\\/\\\/schema.org\",\"@graph\":[{\"@type\":\"Article\",\"@id\":\"https:\\\/\\\/eldigitaldeasturias.com\\\/magazine365\\\/se-celebran-en-torrelavega-las-xvii-jornadas-del-bacalao-y-los-quesucos\\\/#article\",\"name\":\"Se celebran en Torrelavega las XVII Jornadas del Bacalao y los Quesucos | El Digital de Asturias\",\"headline\":\"Se celebran en Torrelavega las XVII Jornadas del Bacalao y los Quesucos\",\"author\":{\"@id\":\"https:\\\/\\\/eldigitaldeasturias.com\\\/magazine365\\\/author\\\/admin\\\/#author\"},\"publisher\":{\"@id\":\"https:\\\/\\\/eldigitaldeasturias.com\\\/magazine365\\\/#organization\"},\"image\":{\"@type\":\"ImageObject\",\"url\":\"https:\\\/\\\/eldigitaldeasturias.com\\\/magazine365\\\/wp-content\\\/uploads\\\/2016\\\/06\\\/fotonoticia_20160609122243_800.jpg\",\"width\":800,\"height\":533},\"datePublished\":\"2016-06-09T18:12:03+02:00\",\"dateModified\":\"2016-06-09T18:12:03+02:00\",\"inLanguage\":\"es-ES\",\"mainEntityOfPage\":{\"@id\":\"https:\\\/\\\/eldigitaldeasturias.com\\\/magazine365\\\/se-celebran-en-torrelavega-las-xvii-jornadas-del-bacalao-y-los-quesucos\\\/#webpage\"},\"isPartOf\":{\"@id\":\"https:\\\/\\\/eldigitaldeasturias.com\\\/magazine365\\\/se-celebran-en-torrelavega-las-xvii-jornadas-del-bacalao-y-los-quesucos\\\/#webpage\"},\"articleSection\":\"Noticias y Actualidad\"},{\"@type\":\"BreadcrumbList\",\"@id\":\"https:\\\/\\\/eldigitaldeasturias.com\\\/magazine365\\\/se-celebran-en-torrelavega-las-xvii-jornadas-del-bacalao-y-los-quesucos\\\/#breadcrumblist\",\"itemListElement\":[{\"@type\":\"ListItem\",\"@id\":\"https:\\\/\\\/eldigitaldeasturias.com\\\/magazine365#listItem\",\"position\":1,\"name\":\"Home\",\"item\":\"https:\\\/\\\/eldigitaldeasturias.com\\\/magazine365\",\"nextItem\":{\"@type\":\"ListItem\",\"@id\":\"https:\\\/\\\/eldigitaldeasturias.com\\\/magazine365\\\/category\\\/noticias-actualidad\\\/#listItem\",\"name\":\"Noticias y Actualidad\"}},{\"@type\":\"ListItem\",\"@id\":\"https:\\\/\\\/eldigitaldeasturias.com\\\/magazine365\\\/category\\\/noticias-actualidad\\\/#listItem\",\"position\":2,\"name\":\"Noticias y Actualidad\",\"item\":\"https:\\\/\\\/eldigitaldeasturias.com\\\/magazine365\\\/category\\\/noticias-actualidad\\\/\",\"nextItem\":{\"@type\":\"ListItem\",\"@id\":\"https:\\\/\\\/eldigitaldeasturias.com\\\/magazine365\\\/se-celebran-en-torrelavega-las-xvii-jornadas-del-bacalao-y-los-quesucos\\\/#listItem\",\"name\":\"Se celebran en Torrelavega las XVII Jornadas del Bacalao y los Quesucos\"},\"previousItem\":{\"@type\":\"ListItem\",\"@id\":\"https:\\\/\\\/eldigitaldeasturias.com\\\/magazine365#listItem\",\"name\":\"Home\"}},{\"@type\":\"ListItem\",\"@id\":\"https:\\\/\\\/eldigitaldeasturias.com\\\/magazine365\\\/se-celebran-en-torrelavega-las-xvii-jornadas-del-bacalao-y-los-quesucos\\\/#listItem\",\"position\":3,\"name\":\"Se celebran en Torrelavega las XVII Jornadas del Bacalao y los Quesucos\",\"previousItem\":{\"@type\":\"ListItem\",\"@id\":\"https:\\\/\\\/eldigitaldeasturias.com\\\/magazine365\\\/category\\\/noticias-actualidad\\\/#listItem\",\"name\":\"Noticias y Actualidad\"}}]},{\"@type\":\"Organization\",\"@id\":\"https:\\\/\\\/eldigitaldeasturias.com\\\/magazine365\\\/#organization\",\"name\":\"El digital de Asturias\",\"description\":\"Revista de ocio, turismo y estilo de vida\",\"url\":\"https:\\\/\\\/eldigitaldeasturias.com\\\/magazine365\\\/\",\"logo\":{\"@type\":\"ImageObject\",\"url\":\"https:\\\/\\\/www.eldigitaldeasturias.com\\\/noticias\\\/wp-content\\\/uploads\\\/2020\\\/12\\\/EDA.jpg\",\"@id\":\"https:\\\/\\\/eldigitaldeasturias.com\\\/magazine365\\\/se-celebran-en-torrelavega-las-xvii-jornadas-del-bacalao-y-los-quesucos\\\/#organizationLogo\"},\"image\":{\"@id\":\"https:\\\/\\\/eldigitaldeasturias.com\\\/magazine365\\\/se-celebran-en-torrelavega-las-xvii-jornadas-del-bacalao-y-los-quesucos\\\/#organizationLogo\"}},{\"@type\":\"Person\",\"@id\":\"https:\\\/\\\/eldigitaldeasturias.com\\\/magazine365\\\/author\\\/admin\\\/#author\",\"url\":\"https:\\\/\\\/eldigitaldeasturias.com\\\/magazine365\\\/author\\\/admin\\\/\",\"name\":\"admin\",\"image\":{\"@type\":\"ImageObject\",\"@id\":\"https:\\\/\\\/eldigitaldeasturias.com\\\/magazine365\\\/se-celebran-en-torrelavega-las-xvii-jornadas-del-bacalao-y-los-quesucos\\\/#authorImage\",\"url\":\"https:\\\/\\\/eldigitaldeasturias.com\\\/magazine365\\\/wp-content\\\/litespeed\\\/avatar\\\/e571bcf59a0edd6fa6838245a470f2fe.jpg?ver=1776969259\",\"width\":96,\"height\":96,\"caption\":\"admin\"}},{\"@type\":\"WebPage\",\"@id\":\"https:\\\/\\\/eldigitaldeasturias.com\\\/magazine365\\\/se-celebran-en-torrelavega-las-xvii-jornadas-del-bacalao-y-los-quesucos\\\/#webpage\",\"url\":\"https:\\\/\\\/eldigitaldeasturias.com\\\/magazine365\\\/se-celebran-en-torrelavega-las-xvii-jornadas-del-bacalao-y-los-quesucos\\\/\",\"name\":\"Se celebran en Torrelavega las XVII Jornadas del Bacalao y los Quesucos | El Digital de Asturias\",\"description\":\"Once restaurantes participar\\u00e1n en las XVII Jornadas del Bacalao y los Quesucos de Cantabria que se celebrar\\u00e1n en Torrelavega entre el 10 y el 26 de junio, organizadas por la Asociaci\\u00f3n de Restaurantes Torre de la Vega. Como en anteriores ediciones, cada establecimiento elaborar\\u00e1 un pincho que podr\\u00e1 degustarse junto con una ca\\u00f1a al precio\",\"inLanguage\":\"es-ES\",\"isPartOf\":{\"@id\":\"https:\\\/\\\/eldigitaldeasturias.com\\\/magazine365\\\/#website\"},\"breadcrumb\":{\"@id\":\"https:\\\/\\\/eldigitaldeasturias.com\\\/magazine365\\\/se-celebran-en-torrelavega-las-xvii-jornadas-del-bacalao-y-los-quesucos\\\/#breadcrumblist\"},\"author\":{\"@id\":\"https:\\\/\\\/eldigitaldeasturias.com\\\/magazine365\\\/author\\\/admin\\\/#author\"},\"creator\":{\"@id\":\"https:\\\/\\\/eldigitaldeasturias.com\\\/magazine365\\\/author\\\/admin\\\/#author\"},\"image\":{\"@type\":\"ImageObject\",\"url\":\"https:\\\/\\\/eldigitaldeasturias.com\\\/magazine365\\\/wp-content\\\/uploads\\\/2016\\\/06\\\/fotonoticia_20160609122243_800.jpg\",\"@id\":\"https:\\\/\\\/eldigitaldeasturias.com\\\/magazine365\\\/se-celebran-en-torrelavega-las-xvii-jornadas-del-bacalao-y-los-quesucos\\\/#mainImage\",\"width\":800,\"height\":533},\"primaryImageOfPage\":{\"@id\":\"https:\\\/\\\/eldigitaldeasturias.com\\\/magazine365\\\/se-celebran-en-torrelavega-las-xvii-jornadas-del-bacalao-y-los-quesucos\\\/#mainImage\"},\"datePublished\":\"2016-06-09T18:12:03+02:00\",\"dateModified\":\"2016-06-09T18:12:03+02:00\"},{\"@type\":\"WebSite\",\"@id\":\"https:\\\/\\\/eldigitaldeasturias.com\\\/magazine365\\\/#website\",\"url\":\"https:\\\/\\\/eldigitaldeasturias.com\\\/magazine365\\\/\",\"name\":\"El Digital de Asturias\",\"description\":\"Revista de ocio, turismo y estilo de vida\",\"inLanguage\":\"es-ES\",\"publisher\":{\"@id\":\"https:\\\/\\\/eldigitaldeasturias.com\\\/magazine365\\\/#organization\"}}]}\n\t\t<\/script>\n\t\t<!-- All in One SEO Pro -->\r\n\t\t<title>Se celebran en Torrelavega las XVII Jornadas del Bacalao y los Quesucos | El Digital de Asturias<\/title>\n\n","aioseo_head_json":{"title":"Se celebran en Torrelavega las XVII Jornadas del Bacalao y los Quesucos | El Digital de Asturias","description":"Once restaurantes participar\u00e1n en las XVII Jornadas del Bacalao y los Quesucos de Cantabria que se celebrar\u00e1n en Torrelavega entre el 10 y el 26 de junio, organizadas por la Asociaci\u00f3n de Restaurantes Torre de la Vega. Como en anteriores ediciones, cada establecimiento elaborar\u00e1 un pincho que podr\u00e1 degustarse junto con una ca\u00f1a al precio","canonical_url":"https:\/\/eldigitaldeasturias.com\/magazine365\/se-celebran-en-torrelavega-las-xvii-jornadas-del-bacalao-y-los-quesucos\/","robots":"max-image-preview:large","keywords":"noticias y actualidad","webmasterTools":{"google-site-verification":"UA-38556648-1","miscellaneous":""},"schema":{"@context":"https:\/\/schema.org","@graph":[{"@type":"Article","@id":"https:\/\/eldigitaldeasturias.com\/magazine365\/se-celebran-en-torrelavega-las-xvii-jornadas-del-bacalao-y-los-quesucos\/#article","name":"Se celebran en Torrelavega las XVII Jornadas del Bacalao y los Quesucos | El Digital de Asturias","headline":"Se celebran en Torrelavega las XVII Jornadas del Bacalao y los Quesucos","author":{"@id":"https:\/\/eldigitaldeasturias.com\/magazine365\/author\/admin\/#author"},"publisher":{"@id":"https:\/\/eldigitaldeasturias.com\/magazine365\/#organization"},"image":{"@type":"ImageObject","url":"https:\/\/eldigitaldeasturias.com\/magazine365\/wp-content\/uploads\/2016\/06\/fotonoticia_20160609122243_800.jpg","width":800,"height":533},"datePublished":"2016-06-09T18:12:03+02:00","dateModified":"2016-06-09T18:12:03+02:00","inLanguage":"es-ES","mainEntityOfPage":{"@id":"https:\/\/eldigitaldeasturias.com\/magazine365\/se-celebran-en-torrelavega-las-xvii-jornadas-del-bacalao-y-los-quesucos\/#webpage"},"isPartOf":{"@id":"https:\/\/eldigitaldeasturias.com\/magazine365\/se-celebran-en-torrelavega-las-xvii-jornadas-del-bacalao-y-los-quesucos\/#webpage"},"articleSection":"Noticias y Actualidad"},{"@type":"BreadcrumbList","@id":"https:\/\/eldigitaldeasturias.com\/magazine365\/se-celebran-en-torrelavega-las-xvii-jornadas-del-bacalao-y-los-quesucos\/#breadcrumblist","itemListElement":[{"@type":"ListItem","@id":"https:\/\/eldigitaldeasturias.com\/magazine365#listItem","position":1,"name":"Home","item":"https:\/\/eldigitaldeasturias.com\/magazine365","nextItem":{"@type":"ListItem","@id":"https:\/\/eldigitaldeasturias.com\/magazine365\/category\/noticias-actualidad\/#listItem","name":"Noticias y Actualidad"}},{"@type":"ListItem","@id":"https:\/\/eldigitaldeasturias.com\/magazine365\/category\/noticias-actualidad\/#listItem","position":2,"name":"Noticias y Actualidad","item":"https:\/\/eldigitaldeasturias.com\/magazine365\/category\/noticias-actualidad\/","nextItem":{"@type":"ListItem","@id":"https:\/\/eldigitaldeasturias.com\/magazine365\/se-celebran-en-torrelavega-las-xvii-jornadas-del-bacalao-y-los-quesucos\/#listItem","name":"Se celebran en Torrelavega las XVII Jornadas del Bacalao y los Quesucos"},"previousItem":{"@type":"ListItem","@id":"https:\/\/eldigitaldeasturias.com\/magazine365#listItem","name":"Home"}},{"@type":"ListItem","@id":"https:\/\/eldigitaldeasturias.com\/magazine365\/se-celebran-en-torrelavega-las-xvii-jornadas-del-bacalao-y-los-quesucos\/#listItem","position":3,"name":"Se celebran en Torrelavega las XVII Jornadas del Bacalao y los Quesucos","previousItem":{"@type":"ListItem","@id":"https:\/\/eldigitaldeasturias.com\/magazine365\/category\/noticias-actualidad\/#listItem","name":"Noticias y Actualidad"}}]},{"@type":"Organization","@id":"https:\/\/eldigitaldeasturias.com\/magazine365\/#organization","name":"El digital de Asturias","description":"Revista de ocio, turismo y estilo de vida","url":"https:\/\/eldigitaldeasturias.com\/magazine365\/","logo":{"@type":"ImageObject","url":"https:\/\/www.eldigitaldeasturias.com\/noticias\/wp-content\/uploads\/2020\/12\/EDA.jpg","@id":"https:\/\/eldigitaldeasturias.com\/magazine365\/se-celebran-en-torrelavega-las-xvii-jornadas-del-bacalao-y-los-quesucos\/#organizationLogo"},"image":{"@id":"https:\/\/eldigitaldeasturias.com\/magazine365\/se-celebran-en-torrelavega-las-xvii-jornadas-del-bacalao-y-los-quesucos\/#organizationLogo"}},{"@type":"Person","@id":"https:\/\/eldigitaldeasturias.com\/magazine365\/author\/admin\/#author","url":"https:\/\/eldigitaldeasturias.com\/magazine365\/author\/admin\/","name":"admin","image":{"@type":"ImageObject","@id":"https:\/\/eldigitaldeasturias.com\/magazine365\/se-celebran-en-torrelavega-las-xvii-jornadas-del-bacalao-y-los-quesucos\/#authorImage","url":"https:\/\/eldigitaldeasturias.com\/magazine365\/wp-content\/litespeed\/avatar\/e571bcf59a0edd6fa6838245a470f2fe.jpg?ver=1776969259","width":96,"height":96,"caption":"admin"}},{"@type":"WebPage","@id":"https:\/\/eldigitaldeasturias.com\/magazine365\/se-celebran-en-torrelavega-las-xvii-jornadas-del-bacalao-y-los-quesucos\/#webpage","url":"https:\/\/eldigitaldeasturias.com\/magazine365\/se-celebran-en-torrelavega-las-xvii-jornadas-del-bacalao-y-los-quesucos\/","name":"Se celebran en Torrelavega las XVII Jornadas del Bacalao y los Quesucos | El Digital de Asturias","description":"Once restaurantes participar\u00e1n en las XVII Jornadas del Bacalao y los Quesucos de Cantabria que se celebrar\u00e1n en Torrelavega entre el 10 y el 26 de junio, organizadas por la Asociaci\u00f3n de Restaurantes Torre de la Vega. Como en anteriores ediciones, cada establecimiento elaborar\u00e1 un pincho que podr\u00e1 degustarse junto con una ca\u00f1a al precio","inLanguage":"es-ES","isPartOf":{"@id":"https:\/\/eldigitaldeasturias.com\/magazine365\/#website"},"breadcrumb":{"@id":"https:\/\/eldigitaldeasturias.com\/magazine365\/se-celebran-en-torrelavega-las-xvii-jornadas-del-bacalao-y-los-quesucos\/#breadcrumblist"},"author":{"@id":"https:\/\/eldigitaldeasturias.com\/magazine365\/author\/admin\/#author"},"creator":{"@id":"https:\/\/eldigitaldeasturias.com\/magazine365\/author\/admin\/#author"},"image":{"@type":"ImageObject","url":"https:\/\/eldigitaldeasturias.com\/magazine365\/wp-content\/uploads\/2016\/06\/fotonoticia_20160609122243_800.jpg","@id":"https:\/\/eldigitaldeasturias.com\/magazine365\/se-celebran-en-torrelavega-las-xvii-jornadas-del-bacalao-y-los-quesucos\/#mainImage","width":800,"height":533},"primaryImageOfPage":{"@id":"https:\/\/eldigitaldeasturias.com\/magazine365\/se-celebran-en-torrelavega-las-xvii-jornadas-del-bacalao-y-los-quesucos\/#mainImage"},"datePublished":"2016-06-09T18:12:03+02:00","dateModified":"2016-06-09T18:12:03+02:00"},{"@type":"WebSite","@id":"https:\/\/eldigitaldeasturias.com\/magazine365\/#website","url":"https:\/\/eldigitaldeasturias.com\/magazine365\/","name":"El Digital de Asturias","description":"Revista de ocio, turismo y estilo de vida","inLanguage":"es-ES","publisher":{"@id":"https:\/\/eldigitaldeasturias.com\/magazine365\/#organization"}}]},"og:locale":"es_ES","og:site_name":"El Digital de Asturias \u2013 Revista de ocio, turismo y estilo de vida","og:type":"article","og:title":"Se celebran en Torrelavega las XVII Jornadas del Bacalao y los Quesucos | El Digital de Asturias","og:description":"Once restaurantes participar\u00e1n en las XVII Jornadas del Bacalao y los Quesucos de Cantabria que se celebrar\u00e1n en Torrelavega entre el 10 y el 26 de junio, organizadas por la Asociaci\u00f3n de Restaurantes Torre de la Vega. Como en anteriores ediciones, cada establecimiento elaborar\u00e1 un pincho que podr\u00e1 degustarse junto con una ca\u00f1a al precio","og:url":"https:\/\/eldigitaldeasturias.com\/magazine365\/se-celebran-en-torrelavega-las-xvii-jornadas-del-bacalao-y-los-quesucos\/","og:image":"https:\/\/eldigitaldeasturias.com\/magazine365\/wp-content\/uploads\/2016\/06\/fotonoticia_20160609122243_800.jpg","og:image:secure_url":"https:\/\/eldigitaldeasturias.com\/magazine365\/wp-content\/uploads\/2016\/06\/fotonoticia_20160609122243_800.jpg","og:image:width":800,"og:image:height":533,"article:published_time":"2016-06-09T16:12:03+00:00","article:modified_time":"2016-06-09T16:12:03+00:00","twitter:card":"summary_large_image","twitter:title":"Se celebran en Torrelavega las XVII Jornadas del Bacalao y los Quesucos | El Digital de Asturias","twitter:description":"Once restaurantes participar\u00e1n en las XVII Jornadas del Bacalao y los Quesucos de Cantabria que se celebrar\u00e1n en Torrelavega entre el 10 y el 26 de junio, organizadas por la Asociaci\u00f3n de Restaurantes Torre de la Vega. Como en anteriores ediciones, cada establecimiento elaborar\u00e1 un pincho que podr\u00e1 degustarse junto con una ca\u00f1a al precio","twitter:image":"https:\/\/eldigitaldeasturias.com\/magazine365\/wp-content\/uploads\/2016\/06\/fotonoticia_20160609122243_800.jpg"},"aioseo_meta_data":{"post_id":"78455","title":null,"description":null,"keywords":null,"keyphrases":null,"primary_term":null,"canonical_url":null,"og_title":null,"og_description":null,"og_object_type":"default","og_image_type":"default","og_image_url":null,"og_image_width":null,"og_image_height":null,"og_image_custom_url":null,"og_image_custom_fields":null,"og_video":null,"og_custom_url":null,"og_article_section":null,"og_article_tags":null,"twitter_use_og":false,"twitter_card":"default","twitter_image_type":"default","twitter_image_url":null,"twitter_image_custom_url":null,"twitter_image_custom_fields":null,"twitter_title":null,"twitter_description":null,"schema":{"blockGraphs":[],"customGraphs":[],"default":{"data":{"Article":[],"Course":[],"Dataset":[],"FAQPage":[],"Movie":[],"Person":[],"Product":[],"ProductReview":[],"Car":[],"Recipe":[],"Service":[],"SoftwareApplication":[],"WebPage":[]},"graphName":"","isEnabled":true},"graphs":[],"defaultGraph":"","defaultPostTypeGraph":""},"schema_type":null,"schema_type_options":null,"pillar_content":false,"robots_default":true,"robots_noindex":false,"robots_noarchive":false,"robots_nosnippet":false,"robots_nofollow":false,"robots_noimageindex":false,"robots_noodp":false,"robots_notranslate":false,"robots_max_snippet":null,"robots_max_videopreview":null,"robots_max_imagepreview":"large","priority":null,"frequency":null,"location":null,"local_seo":null,"seo_analyzer_scan_date":"2025-09-27 16:58:44","breadcrumb_settings":null,"limit_modified_date":false,"open_ai":null,"ai":null,"created":"2021-03-08 18:00:49","updated":"2025-09-27 16:58:44"},"aioseo_breadcrumb":"<div class=\"aioseo-breadcrumbs\"><span class=\"aioseo-breadcrumb\">\n\t<a href=\"https:\/\/eldigitaldeasturias.com\/magazine365\" title=\"Home\">Home<\/a>\n<\/span><span class=\"aioseo-breadcrumb-separator\">\u2013<\/span><span class=\"aioseo-breadcrumb\">\n\t<a href=\"https:\/\/eldigitaldeasturias.com\/magazine365\/category\/noticias-actualidad\/\" title=\"Noticias y Actualidad\">Noticias y Actualidad<\/a>\n<\/span><span class=\"aioseo-breadcrumb-separator\">\u2013<\/span><span class=\"aioseo-breadcrumb\">\n\t<a href=\"https:\/\/eldigitaldeasturias.com\/magazine365\/se-celebran-en-torrelavega-las-xvii-jornadas-del-bacalao-y-los-quesucos\/\" title=\"Se celebran en Torrelavega las XVII Jornadas del Bacalao y los Quesucos\">Se celebran en Torrelavega las XVII Jornadas del Bacalao y los Quesucos<\/a>\n<\/span><\/div>","aioseo_breadcrumb_json":[{"label":"Home","link":"https:\/\/eldigitaldeasturias.com\/magazine365"},{"label":"Noticias y Actualidad","link":"https:\/\/eldigitaldeasturias.com\/magazine365\/category\/noticias-actualidad\/"},{"label":"Se celebran en Torrelavega las XVII Jornadas del Bacalao y los Quesucos","link":"https:\/\/eldigitaldeasturias.com\/magazine365\/se-celebran-en-torrelavega-las-xvii-jornadas-del-bacalao-y-los-quesucos\/"}],"_links":{"self":[{"href":"https:\/\/eldigitaldeasturias.com\/magazine365\/wp-json\/wp\/v2\/posts\/78455","targetHints":{"allow":["GET"]}}],"collection":[{"href":"https:\/\/eldigitaldeasturias.com\/magazine365\/wp-json\/wp\/v2\/posts"}],"about":[{"href":"https:\/\/eldigitaldeasturias.com\/magazine365\/wp-json\/wp\/v2\/types\/post"}],"author":[{"embeddable":true,"href":"https:\/\/eldigitaldeasturias.com\/magazine365\/wp-json\/wp\/v2\/users\/1"}],"replies":[{"embeddable":true,"href":"https:\/\/eldigitaldeasturias.com\/magazine365\/wp-json\/wp\/v2\/comments?post=78455"}],"version-history":[{"count":0,"href":"https:\/\/eldigitaldeasturias.com\/magazine365\/wp-json\/wp\/v2\/posts\/78455\/revisions"}],"wp:featuredmedia":[{"embeddable":true,"href":"https:\/\/eldigitaldeasturias.com\/magazine365\/wp-json\/wp\/v2\/media\/78456"}],"wp:attachment":[{"href":"https:\/\/eldigitaldeasturias.com\/magazine365\/wp-json\/wp\/v2\/media?parent=78455"}],"wp:term":[{"taxonomy":"category","embeddable":true,"href":"https:\/\/eldigitaldeasturias.com\/magazine365\/wp-json\/wp\/v2\/categories?post=78455"},{"taxonomy":"post_tag","embeddable":true,"href":"https:\/\/eldigitaldeasturias.com\/magazine365\/wp-json\/wp\/v2\/tags?post=78455"}],"curies":[{"name":"wp","href":"https:\/\/api.w.org\/{rel}","templated":true}]}}