{"id":78443,"date":"2016-06-09T17:21:31","date_gmt":"2016-06-09T15:21:31","guid":{"rendered":"http:\/\/eldigitaldeasturias.com\/magazine365\/?p=78443"},"modified":"2016-06-09T17:21:31","modified_gmt":"2016-06-09T15:21:31","slug":"marca-espana-premio-nacional-de-gastronomia-especial-2015","status":"publish","type":"post","link":"https:\/\/eldigitaldeasturias.com\/magazine365\/marca-espana-premio-nacional-de-gastronomia-especial-2015\/","title":{"rendered":"Marca Espa\u00f1a, Premio Nacional de Gastronom\u00eda Especial 2015"},"content":{"rendered":"<p><img fetchpriority=\"high\" decoding=\"async\" class=\"alignleft size-medium wp-image-78444\" src=\"https:\/\/eldigitaldeasturias.com\/magazine365\/wp-content\/uploads\/2016\/06\/fotonoticia_20160609115326_800-360x240.jpg\" alt=\"fotonoticia_20160609115326_800\" width=\"360\" height=\"240\" srcset=\"https:\/\/eldigitaldeasturias.com\/magazine365\/wp-content\/uploads\/2016\/06\/fotonoticia_20160609115326_800-360x240.jpg 360w, https:\/\/eldigitaldeasturias.com\/magazine365\/wp-content\/uploads\/2016\/06\/fotonoticia_20160609115326_800-650x433.jpg 650w, https:\/\/eldigitaldeasturias.com\/magazine365\/wp-content\/uploads\/2016\/06\/fotonoticia_20160609115326_800-768x512.jpg 768w, https:\/\/eldigitaldeasturias.com\/magazine365\/wp-content\/uploads\/2016\/06\/fotonoticia_20160609115326_800-150x100.jpg 150w, https:\/\/eldigitaldeasturias.com\/magazine365\/wp-content\/uploads\/2016\/06\/fotonoticia_20160609115326_800-450x300.jpg 450w, https:\/\/eldigitaldeasturias.com\/magazine365\/wp-content\/uploads\/2016\/06\/fotonoticia_20160609115326_800-101x66.jpg 101w, https:\/\/eldigitaldeasturias.com\/magazine365\/wp-content\/uploads\/2016\/06\/fotonoticia_20160609115326_800.jpg 800w\" sizes=\"(max-width: 360px) 100vw, 360px\" \/>El Jurado de los Premios Nacionales de Gastronom\u00eda 2015 formado por las Juntas Directivas de la Real Academia de Gastronom\u00eda, de la Cofrad\u00eda de la Buena Mesa y de la Asociaci\u00f3n de Amigos de la Real Academia de Gastronom\u00eda, y por los presidentes de las Academias Auton\u00f3micas de Gastronom\u00eda, ha concedido a Marca Espa\u00f1a el Premio Nacional de Gastronom\u00eda Especial del a\u00f1o 2015.<\/p>\n<p>El galard\u00f3n reconoce a Marca Espa\u00f1a por su labor de difusi\u00f3n y promoci\u00f3n de la cultura y la gastronom\u00eda espa\u00f1ola a trav\u00e9s de las distintas acciones que realiza la Oficina del Alto Comisionado por todo el mundo.<\/p>\n<p>El Premio Especial, que se otorga desde 1974, ha sido concedido a numerosas personalidades e instituciones por su apoyo y defensa de la cultura gastron\u00f3mica.<\/p>\n<p>La entrega de los Premios Nacionales de Gastronom\u00eda se celebr\u00f3 el pasado 6 de junio y estuvo presidida por el ministro de Educaci\u00f3n en funciones, I\u00f1igo M\u00e9ndez de Vigo.<\/p>\n<h2 class=\"ladillo\">GASTRONOM\u00cdA COMO MOTOR ECON\u00d3MICO.<\/h2>\n<p>En la ceremonia anual el cocinero vasco Eneko Atxa ha sido premiado como mejor jefe de cocina, Juan Ruiz del Restaurante &#8216;Aponiente&#8217; como mejor sumiller y se ha premiado la labor period\u00edstica de Carlos Herrera.<\/p>\n<p>Durante una ceremonia celebrada en Madrid, la Academia entreg\u00f3 estos premios que, en palabras de su presidente, Rafael Ans\u00f3n, reconocen la labor de unos profesionales que han hecho que en las \u00faltimas d\u00e9cadas la gastronom\u00eda se haya situado como \u00abmotor econ\u00f3mico\u00bb de nuestro pa\u00eds.<\/p>\n<p>La sumiller gallega M\u00f3nica Fernandez de &#8217;99 Sushi Bar&#8217; ha sido elegida como mejor director de sala y la ganadora del Premio a la Mejor Gastronom\u00eda Saludable (Personalidad), fue para la farmac\u00e9utica Marta Garaulet.<\/p>\n<p>En la categor\u00eda de Gastronom\u00eda Saludable (mejor instituci\u00f3n) la premiada fue la Fundaci\u00f3n Espa\u00f1ola del Coraz\u00f3n; y la revista Tapas se ha alzado con el Premio a la publicaci\u00f3n peri\u00f3dica en papel.<\/p>\n<p>Por \u00faltimo el Premio Nacional de Gastronom\u00eda 2015 a Toda una Vida se ha otorgado a Clara Mar\u00eda Gonz\u00e1lez de Amez\u00faa, fundadora en 1978 de la tienda y escuela de cocina Alambique.<\/p>\n","protected":false},"excerpt":{"rendered":"<p>El Jurado de los Premios Nacionales de Gastronom\u00eda 2015 formado por las Juntas Directivas de la Real Academia de Gastronom\u00eda, de la Cofrad\u00eda de la Buena Mesa y de la Asociaci\u00f3n de Amigos de la Real Academia de Gastronom\u00eda, y por los presidentes de las Academias Auton\u00f3micas de Gastronom\u00eda, ha concedido a Marca Espa\u00f1a el<\/p>\n","protected":false},"author":1,"featured_media":78444,"comment_status":"open","ping_status":"closed","sticky":false,"template":"","format":"standard","meta":{"footnotes":""},"categories":[224],"tags":[],"class_list":{"0":"post-78443","1":"post","2":"type-post","3":"status-publish","4":"format-standard","5":"has-post-thumbnail","7":"category-noticias-actualidad"},"aioseo_notices":[],"aioseo_head":"\n\t\t<!-- All in One SEO Pro 4.9.6.1 - aioseo.com -->\n\t<meta name=\"description\" content=\"El Jurado de los Premios Nacionales de Gastronom\u00eda 2015 formado por las Juntas Directivas de la Real Academia de Gastronom\u00eda, de la Cofrad\u00eda de la Buena Mesa y de la Asociaci\u00f3n de Amigos de la Real Academia de Gastronom\u00eda, y por los presidentes de las Academias Auton\u00f3micas de Gastronom\u00eda, ha concedido a Marca Espa\u00f1a el\" \/>\n\t<meta name=\"robots\" content=\"max-image-preview:large\" \/>\n\t<meta name=\"author\" content=\"admin\"\/>\n\t<meta name=\"google-site-verification\" content=\"UA-38556648-1\" \/>\n\t<meta name=\"keywords\" content=\"noticias y actualidad\" \/>\n\t<link rel=\"canonical\" href=\"https:\/\/eldigitaldeasturias.com\/magazine365\/marca-espana-premio-nacional-de-gastronomia-especial-2015\/\" \/>\n\t<meta name=\"generator\" content=\"All in One SEO Pro (AIOSEO) 4.9.6.1\" \/>\n\t\t<meta property=\"og:locale\" content=\"es_ES\" \/>\n\t\t<meta property=\"og:site_name\" content=\"El Digital de Asturias \u2013 Revista de ocio, turismo y estilo de vida\" \/>\n\t\t<meta property=\"og:type\" content=\"article\" \/>\n\t\t<meta property=\"og:title\" content=\"Marca Espa\u00f1a, Premio Nacional de Gastronom\u00eda Especial 2015 | El Digital de Asturias\" \/>\n\t\t<meta property=\"og:description\" content=\"El Jurado de los Premios Nacionales de Gastronom\u00eda 2015 formado por las Juntas Directivas de la Real Academia de Gastronom\u00eda, de la Cofrad\u00eda de la Buena Mesa y de la Asociaci\u00f3n de Amigos de la Real Academia de Gastronom\u00eda, y por los presidentes de las Academias Auton\u00f3micas de Gastronom\u00eda, ha concedido a Marca Espa\u00f1a el\" \/>\n\t\t<meta property=\"og:url\" content=\"https:\/\/eldigitaldeasturias.com\/magazine365\/marca-espana-premio-nacional-de-gastronomia-especial-2015\/\" \/>\n\t\t<meta property=\"og:image\" content=\"https:\/\/eldigitaldeasturias.com\/magazine365\/wp-content\/uploads\/2016\/06\/fotonoticia_20160609115326_800.jpg\" \/>\n\t\t<meta property=\"og:image:secure_url\" content=\"https:\/\/eldigitaldeasturias.com\/magazine365\/wp-content\/uploads\/2016\/06\/fotonoticia_20160609115326_800.jpg\" \/>\n\t\t<meta property=\"og:image:width\" content=\"800\" \/>\n\t\t<meta property=\"og:image:height\" content=\"533\" \/>\n\t\t<meta property=\"article:published_time\" content=\"2016-06-09T15:21:31+00:00\" \/>\n\t\t<meta property=\"article:modified_time\" content=\"2016-06-09T15:21:31+00:00\" \/>\n\t\t<meta name=\"twitter:card\" content=\"summary_large_image\" \/>\n\t\t<meta name=\"twitter:title\" content=\"Marca Espa\u00f1a, Premio Nacional de Gastronom\u00eda Especial 2015 | El Digital de Asturias\" \/>\n\t\t<meta name=\"twitter:description\" content=\"El Jurado de los Premios Nacionales de Gastronom\u00eda 2015 formado por las Juntas Directivas de la Real Academia de Gastronom\u00eda, de la Cofrad\u00eda de la Buena Mesa y de la Asociaci\u00f3n de Amigos de la Real Academia de Gastronom\u00eda, y por los presidentes de las Academias Auton\u00f3micas de Gastronom\u00eda, ha concedido a Marca Espa\u00f1a el\" \/>\n\t\t<meta name=\"twitter:image\" content=\"https:\/\/eldigitaldeasturias.com\/magazine365\/wp-content\/uploads\/2016\/06\/fotonoticia_20160609115326_800.jpg\" \/>\n\t\t<script type=\"application\/ld+json\" class=\"aioseo-schema\">\n\t\t\t{\"@context\":\"https:\\\/\\\/schema.org\",\"@graph\":[{\"@type\":\"Article\",\"@id\":\"https:\\\/\\\/eldigitaldeasturias.com\\\/magazine365\\\/marca-espana-premio-nacional-de-gastronomia-especial-2015\\\/#article\",\"name\":\"Marca Espa\\u00f1a, Premio Nacional de Gastronom\\u00eda Especial 2015 | El Digital de Asturias\",\"headline\":\"Marca Espa\\u00f1a, Premio Nacional de Gastronom\\u00eda Especial 2015\",\"author\":{\"@id\":\"https:\\\/\\\/eldigitaldeasturias.com\\\/magazine365\\\/author\\\/admin\\\/#author\"},\"publisher\":{\"@id\":\"https:\\\/\\\/eldigitaldeasturias.com\\\/magazine365\\\/#organization\"},\"image\":{\"@type\":\"ImageObject\",\"url\":\"https:\\\/\\\/eldigitaldeasturias.com\\\/magazine365\\\/wp-content\\\/uploads\\\/2016\\\/06\\\/fotonoticia_20160609115326_800.jpg\",\"width\":800,\"height\":533},\"datePublished\":\"2016-06-09T17:21:31+02:00\",\"dateModified\":\"2016-06-09T17:21:31+02:00\",\"inLanguage\":\"es-ES\",\"mainEntityOfPage\":{\"@id\":\"https:\\\/\\\/eldigitaldeasturias.com\\\/magazine365\\\/marca-espana-premio-nacional-de-gastronomia-especial-2015\\\/#webpage\"},\"isPartOf\":{\"@id\":\"https:\\\/\\\/eldigitaldeasturias.com\\\/magazine365\\\/marca-espana-premio-nacional-de-gastronomia-especial-2015\\\/#webpage\"},\"articleSection\":\"Noticias y Actualidad\"},{\"@type\":\"BreadcrumbList\",\"@id\":\"https:\\\/\\\/eldigitaldeasturias.com\\\/magazine365\\\/marca-espana-premio-nacional-de-gastronomia-especial-2015\\\/#breadcrumblist\",\"itemListElement\":[{\"@type\":\"ListItem\",\"@id\":\"https:\\\/\\\/eldigitaldeasturias.com\\\/magazine365#listItem\",\"position\":1,\"name\":\"Home\",\"item\":\"https:\\\/\\\/eldigitaldeasturias.com\\\/magazine365\",\"nextItem\":{\"@type\":\"ListItem\",\"@id\":\"https:\\\/\\\/eldigitaldeasturias.com\\\/magazine365\\\/category\\\/noticias-actualidad\\\/#listItem\",\"name\":\"Noticias y Actualidad\"}},{\"@type\":\"ListItem\",\"@id\":\"https:\\\/\\\/eldigitaldeasturias.com\\\/magazine365\\\/category\\\/noticias-actualidad\\\/#listItem\",\"position\":2,\"name\":\"Noticias y Actualidad\",\"item\":\"https:\\\/\\\/eldigitaldeasturias.com\\\/magazine365\\\/category\\\/noticias-actualidad\\\/\",\"nextItem\":{\"@type\":\"ListItem\",\"@id\":\"https:\\\/\\\/eldigitaldeasturias.com\\\/magazine365\\\/marca-espana-premio-nacional-de-gastronomia-especial-2015\\\/#listItem\",\"name\":\"Marca Espa\\u00f1a, Premio Nacional de Gastronom\\u00eda Especial 2015\"},\"previousItem\":{\"@type\":\"ListItem\",\"@id\":\"https:\\\/\\\/eldigitaldeasturias.com\\\/magazine365#listItem\",\"name\":\"Home\"}},{\"@type\":\"ListItem\",\"@id\":\"https:\\\/\\\/eldigitaldeasturias.com\\\/magazine365\\\/marca-espana-premio-nacional-de-gastronomia-especial-2015\\\/#listItem\",\"position\":3,\"name\":\"Marca Espa\\u00f1a, Premio Nacional de Gastronom\\u00eda Especial 2015\",\"previousItem\":{\"@type\":\"ListItem\",\"@id\":\"https:\\\/\\\/eldigitaldeasturias.com\\\/magazine365\\\/category\\\/noticias-actualidad\\\/#listItem\",\"name\":\"Noticias y Actualidad\"}}]},{\"@type\":\"Organization\",\"@id\":\"https:\\\/\\\/eldigitaldeasturias.com\\\/magazine365\\\/#organization\",\"name\":\"El digital de Asturias\",\"description\":\"Revista de ocio, turismo y estilo de vida\",\"url\":\"https:\\\/\\\/eldigitaldeasturias.com\\\/magazine365\\\/\",\"logo\":{\"@type\":\"ImageObject\",\"url\":\"https:\\\/\\\/www.eldigitaldeasturias.com\\\/noticias\\\/wp-content\\\/uploads\\\/2020\\\/12\\\/EDA.jpg\",\"@id\":\"https:\\\/\\\/eldigitaldeasturias.com\\\/magazine365\\\/marca-espana-premio-nacional-de-gastronomia-especial-2015\\\/#organizationLogo\"},\"image\":{\"@id\":\"https:\\\/\\\/eldigitaldeasturias.com\\\/magazine365\\\/marca-espana-premio-nacional-de-gastronomia-especial-2015\\\/#organizationLogo\"}},{\"@type\":\"Person\",\"@id\":\"https:\\\/\\\/eldigitaldeasturias.com\\\/magazine365\\\/author\\\/admin\\\/#author\",\"url\":\"https:\\\/\\\/eldigitaldeasturias.com\\\/magazine365\\\/author\\\/admin\\\/\",\"name\":\"admin\",\"image\":{\"@type\":\"ImageObject\",\"@id\":\"https:\\\/\\\/eldigitaldeasturias.com\\\/magazine365\\\/marca-espana-premio-nacional-de-gastronomia-especial-2015\\\/#authorImage\",\"url\":\"https:\\\/\\\/eldigitaldeasturias.com\\\/magazine365\\\/wp-content\\\/litespeed\\\/avatar\\\/e571bcf59a0edd6fa6838245a470f2fe.jpg?ver=1776969259\",\"width\":96,\"height\":96,\"caption\":\"admin\"}},{\"@type\":\"WebPage\",\"@id\":\"https:\\\/\\\/eldigitaldeasturias.com\\\/magazine365\\\/marca-espana-premio-nacional-de-gastronomia-especial-2015\\\/#webpage\",\"url\":\"https:\\\/\\\/eldigitaldeasturias.com\\\/magazine365\\\/marca-espana-premio-nacional-de-gastronomia-especial-2015\\\/\",\"name\":\"Marca Espa\\u00f1a, Premio Nacional de Gastronom\\u00eda Especial 2015 | El Digital de Asturias\",\"description\":\"El Jurado de los Premios Nacionales de Gastronom\\u00eda 2015 formado por las Juntas Directivas de la Real Academia de Gastronom\\u00eda, de la Cofrad\\u00eda de la Buena Mesa y de la Asociaci\\u00f3n de Amigos de la Real Academia de Gastronom\\u00eda, y por los presidentes de las Academias Auton\\u00f3micas de Gastronom\\u00eda, ha concedido a Marca Espa\\u00f1a el\",\"inLanguage\":\"es-ES\",\"isPartOf\":{\"@id\":\"https:\\\/\\\/eldigitaldeasturias.com\\\/magazine365\\\/#website\"},\"breadcrumb\":{\"@id\":\"https:\\\/\\\/eldigitaldeasturias.com\\\/magazine365\\\/marca-espana-premio-nacional-de-gastronomia-especial-2015\\\/#breadcrumblist\"},\"author\":{\"@id\":\"https:\\\/\\\/eldigitaldeasturias.com\\\/magazine365\\\/author\\\/admin\\\/#author\"},\"creator\":{\"@id\":\"https:\\\/\\\/eldigitaldeasturias.com\\\/magazine365\\\/author\\\/admin\\\/#author\"},\"image\":{\"@type\":\"ImageObject\",\"url\":\"https:\\\/\\\/eldigitaldeasturias.com\\\/magazine365\\\/wp-content\\\/uploads\\\/2016\\\/06\\\/fotonoticia_20160609115326_800.jpg\",\"@id\":\"https:\\\/\\\/eldigitaldeasturias.com\\\/magazine365\\\/marca-espana-premio-nacional-de-gastronomia-especial-2015\\\/#mainImage\",\"width\":800,\"height\":533},\"primaryImageOfPage\":{\"@id\":\"https:\\\/\\\/eldigitaldeasturias.com\\\/magazine365\\\/marca-espana-premio-nacional-de-gastronomia-especial-2015\\\/#mainImage\"},\"datePublished\":\"2016-06-09T17:21:31+02:00\",\"dateModified\":\"2016-06-09T17:21:31+02:00\"},{\"@type\":\"WebSite\",\"@id\":\"https:\\\/\\\/eldigitaldeasturias.com\\\/magazine365\\\/#website\",\"url\":\"https:\\\/\\\/eldigitaldeasturias.com\\\/magazine365\\\/\",\"name\":\"El Digital de Asturias\",\"description\":\"Revista de ocio, turismo y estilo de vida\",\"inLanguage\":\"es-ES\",\"publisher\":{\"@id\":\"https:\\\/\\\/eldigitaldeasturias.com\\\/magazine365\\\/#organization\"}}]}\n\t\t<\/script>\n\t\t<!-- All in One SEO Pro -->\r\n\t\t<title>Marca Espa\u00f1a, Premio Nacional de Gastronom\u00eda Especial 2015 | El Digital de Asturias<\/title>\n\n","aioseo_head_json":{"title":"Marca Espa\u00f1a, Premio Nacional de Gastronom\u00eda Especial 2015 | El Digital de Asturias","description":"El Jurado de los Premios Nacionales de Gastronom\u00eda 2015 formado por las Juntas Directivas de la Real Academia de Gastronom\u00eda, de la Cofrad\u00eda de la Buena Mesa y de la Asociaci\u00f3n de Amigos de la Real Academia de Gastronom\u00eda, y por los presidentes de las Academias Auton\u00f3micas de Gastronom\u00eda, ha concedido a Marca Espa\u00f1a el","canonical_url":"https:\/\/eldigitaldeasturias.com\/magazine365\/marca-espana-premio-nacional-de-gastronomia-especial-2015\/","robots":"max-image-preview:large","keywords":"noticias y actualidad","webmasterTools":{"google-site-verification":"UA-38556648-1","miscellaneous":""},"schema":{"@context":"https:\/\/schema.org","@graph":[{"@type":"Article","@id":"https:\/\/eldigitaldeasturias.com\/magazine365\/marca-espana-premio-nacional-de-gastronomia-especial-2015\/#article","name":"Marca Espa\u00f1a, Premio Nacional de Gastronom\u00eda Especial 2015 | El Digital de Asturias","headline":"Marca Espa\u00f1a, Premio Nacional de Gastronom\u00eda Especial 2015","author":{"@id":"https:\/\/eldigitaldeasturias.com\/magazine365\/author\/admin\/#author"},"publisher":{"@id":"https:\/\/eldigitaldeasturias.com\/magazine365\/#organization"},"image":{"@type":"ImageObject","url":"https:\/\/eldigitaldeasturias.com\/magazine365\/wp-content\/uploads\/2016\/06\/fotonoticia_20160609115326_800.jpg","width":800,"height":533},"datePublished":"2016-06-09T17:21:31+02:00","dateModified":"2016-06-09T17:21:31+02:00","inLanguage":"es-ES","mainEntityOfPage":{"@id":"https:\/\/eldigitaldeasturias.com\/magazine365\/marca-espana-premio-nacional-de-gastronomia-especial-2015\/#webpage"},"isPartOf":{"@id":"https:\/\/eldigitaldeasturias.com\/magazine365\/marca-espana-premio-nacional-de-gastronomia-especial-2015\/#webpage"},"articleSection":"Noticias y Actualidad"},{"@type":"BreadcrumbList","@id":"https:\/\/eldigitaldeasturias.com\/magazine365\/marca-espana-premio-nacional-de-gastronomia-especial-2015\/#breadcrumblist","itemListElement":[{"@type":"ListItem","@id":"https:\/\/eldigitaldeasturias.com\/magazine365#listItem","position":1,"name":"Home","item":"https:\/\/eldigitaldeasturias.com\/magazine365","nextItem":{"@type":"ListItem","@id":"https:\/\/eldigitaldeasturias.com\/magazine365\/category\/noticias-actualidad\/#listItem","name":"Noticias y Actualidad"}},{"@type":"ListItem","@id":"https:\/\/eldigitaldeasturias.com\/magazine365\/category\/noticias-actualidad\/#listItem","position":2,"name":"Noticias y Actualidad","item":"https:\/\/eldigitaldeasturias.com\/magazine365\/category\/noticias-actualidad\/","nextItem":{"@type":"ListItem","@id":"https:\/\/eldigitaldeasturias.com\/magazine365\/marca-espana-premio-nacional-de-gastronomia-especial-2015\/#listItem","name":"Marca Espa\u00f1a, Premio Nacional de Gastronom\u00eda Especial 2015"},"previousItem":{"@type":"ListItem","@id":"https:\/\/eldigitaldeasturias.com\/magazine365#listItem","name":"Home"}},{"@type":"ListItem","@id":"https:\/\/eldigitaldeasturias.com\/magazine365\/marca-espana-premio-nacional-de-gastronomia-especial-2015\/#listItem","position":3,"name":"Marca Espa\u00f1a, Premio Nacional de Gastronom\u00eda Especial 2015","previousItem":{"@type":"ListItem","@id":"https:\/\/eldigitaldeasturias.com\/magazine365\/category\/noticias-actualidad\/#listItem","name":"Noticias y Actualidad"}}]},{"@type":"Organization","@id":"https:\/\/eldigitaldeasturias.com\/magazine365\/#organization","name":"El digital de Asturias","description":"Revista de ocio, turismo y estilo de vida","url":"https:\/\/eldigitaldeasturias.com\/magazine365\/","logo":{"@type":"ImageObject","url":"https:\/\/www.eldigitaldeasturias.com\/noticias\/wp-content\/uploads\/2020\/12\/EDA.jpg","@id":"https:\/\/eldigitaldeasturias.com\/magazine365\/marca-espana-premio-nacional-de-gastronomia-especial-2015\/#organizationLogo"},"image":{"@id":"https:\/\/eldigitaldeasturias.com\/magazine365\/marca-espana-premio-nacional-de-gastronomia-especial-2015\/#organizationLogo"}},{"@type":"Person","@id":"https:\/\/eldigitaldeasturias.com\/magazine365\/author\/admin\/#author","url":"https:\/\/eldigitaldeasturias.com\/magazine365\/author\/admin\/","name":"admin","image":{"@type":"ImageObject","@id":"https:\/\/eldigitaldeasturias.com\/magazine365\/marca-espana-premio-nacional-de-gastronomia-especial-2015\/#authorImage","url":"https:\/\/eldigitaldeasturias.com\/magazine365\/wp-content\/litespeed\/avatar\/e571bcf59a0edd6fa6838245a470f2fe.jpg?ver=1776969259","width":96,"height":96,"caption":"admin"}},{"@type":"WebPage","@id":"https:\/\/eldigitaldeasturias.com\/magazine365\/marca-espana-premio-nacional-de-gastronomia-especial-2015\/#webpage","url":"https:\/\/eldigitaldeasturias.com\/magazine365\/marca-espana-premio-nacional-de-gastronomia-especial-2015\/","name":"Marca Espa\u00f1a, Premio Nacional de Gastronom\u00eda Especial 2015 | El Digital de Asturias","description":"El Jurado de los Premios Nacionales de Gastronom\u00eda 2015 formado por las Juntas Directivas de la Real Academia de Gastronom\u00eda, de la Cofrad\u00eda de la Buena Mesa y de la Asociaci\u00f3n de Amigos de la Real Academia de Gastronom\u00eda, y por los presidentes de las Academias Auton\u00f3micas de Gastronom\u00eda, ha concedido a Marca Espa\u00f1a el","inLanguage":"es-ES","isPartOf":{"@id":"https:\/\/eldigitaldeasturias.com\/magazine365\/#website"},"breadcrumb":{"@id":"https:\/\/eldigitaldeasturias.com\/magazine365\/marca-espana-premio-nacional-de-gastronomia-especial-2015\/#breadcrumblist"},"author":{"@id":"https:\/\/eldigitaldeasturias.com\/magazine365\/author\/admin\/#author"},"creator":{"@id":"https:\/\/eldigitaldeasturias.com\/magazine365\/author\/admin\/#author"},"image":{"@type":"ImageObject","url":"https:\/\/eldigitaldeasturias.com\/magazine365\/wp-content\/uploads\/2016\/06\/fotonoticia_20160609115326_800.jpg","@id":"https:\/\/eldigitaldeasturias.com\/magazine365\/marca-espana-premio-nacional-de-gastronomia-especial-2015\/#mainImage","width":800,"height":533},"primaryImageOfPage":{"@id":"https:\/\/eldigitaldeasturias.com\/magazine365\/marca-espana-premio-nacional-de-gastronomia-especial-2015\/#mainImage"},"datePublished":"2016-06-09T17:21:31+02:00","dateModified":"2016-06-09T17:21:31+02:00"},{"@type":"WebSite","@id":"https:\/\/eldigitaldeasturias.com\/magazine365\/#website","url":"https:\/\/eldigitaldeasturias.com\/magazine365\/","name":"El Digital de Asturias","description":"Revista de ocio, turismo y estilo de vida","inLanguage":"es-ES","publisher":{"@id":"https:\/\/eldigitaldeasturias.com\/magazine365\/#organization"}}]},"og:locale":"es_ES","og:site_name":"El Digital de Asturias \u2013 Revista de ocio, turismo y estilo de vida","og:type":"article","og:title":"Marca Espa\u00f1a, Premio Nacional de Gastronom\u00eda Especial 2015 | El Digital de Asturias","og:description":"El Jurado de los Premios Nacionales de Gastronom\u00eda 2015 formado por las Juntas Directivas de la Real Academia de Gastronom\u00eda, de la Cofrad\u00eda de la Buena Mesa y de la Asociaci\u00f3n de Amigos de la Real Academia de Gastronom\u00eda, y por los presidentes de las Academias Auton\u00f3micas de Gastronom\u00eda, ha concedido a Marca Espa\u00f1a el","og:url":"https:\/\/eldigitaldeasturias.com\/magazine365\/marca-espana-premio-nacional-de-gastronomia-especial-2015\/","og:image":"https:\/\/eldigitaldeasturias.com\/magazine365\/wp-content\/uploads\/2016\/06\/fotonoticia_20160609115326_800.jpg","og:image:secure_url":"https:\/\/eldigitaldeasturias.com\/magazine365\/wp-content\/uploads\/2016\/06\/fotonoticia_20160609115326_800.jpg","og:image:width":800,"og:image:height":533,"article:published_time":"2016-06-09T15:21:31+00:00","article:modified_time":"2016-06-09T15:21:31+00:00","twitter:card":"summary_large_image","twitter:title":"Marca Espa\u00f1a, Premio Nacional de Gastronom\u00eda Especial 2015 | El Digital de Asturias","twitter:description":"El Jurado de los Premios Nacionales de Gastronom\u00eda 2015 formado por las Juntas Directivas de la Real Academia de Gastronom\u00eda, de la Cofrad\u00eda de la Buena Mesa y de la Asociaci\u00f3n de Amigos de la Real Academia de Gastronom\u00eda, y por los presidentes de las Academias Auton\u00f3micas de Gastronom\u00eda, ha concedido a Marca Espa\u00f1a el","twitter:image":"https:\/\/eldigitaldeasturias.com\/magazine365\/wp-content\/uploads\/2016\/06\/fotonoticia_20160609115326_800.jpg"},"aioseo_meta_data":{"post_id":"78443","title":null,"description":null,"keywords":null,"keyphrases":null,"primary_term":null,"canonical_url":null,"og_title":null,"og_description":null,"og_object_type":"default","og_image_type":"default","og_image_url":null,"og_image_width":null,"og_image_height":null,"og_image_custom_url":null,"og_image_custom_fields":null,"og_video":null,"og_custom_url":null,"og_article_section":null,"og_article_tags":null,"twitter_use_og":false,"twitter_card":"default","twitter_image_type":"default","twitter_image_url":null,"twitter_image_custom_url":null,"twitter_image_custom_fields":null,"twitter_title":null,"twitter_description":null,"schema":{"blockGraphs":[],"customGraphs":[],"default":{"data":{"Article":[],"Course":[],"Dataset":[],"FAQPage":[],"Movie":[],"Person":[],"Product":[],"ProductReview":[],"Car":[],"Recipe":[],"Service":[],"SoftwareApplication":[],"WebPage":[]},"graphName":"","isEnabled":true},"graphs":[],"defaultGraph":"","defaultPostTypeGraph":""},"schema_type":null,"schema_type_options":null,"pillar_content":false,"robots_default":true,"robots_noindex":false,"robots_noarchive":false,"robots_nosnippet":false,"robots_nofollow":false,"robots_noimageindex":false,"robots_noodp":false,"robots_notranslate":false,"robots_max_snippet":null,"robots_max_videopreview":null,"robots_max_imagepreview":"large","priority":null,"frequency":null,"location":null,"local_seo":null,"seo_analyzer_scan_date":"2025-09-27 16:58:38","breadcrumb_settings":null,"limit_modified_date":false,"open_ai":null,"ai":null,"created":"2021-03-08 18:00:49","updated":"2025-09-27 16:58:38"},"aioseo_breadcrumb":"<div class=\"aioseo-breadcrumbs\"><span class=\"aioseo-breadcrumb\">\n\t<a href=\"https:\/\/eldigitaldeasturias.com\/magazine365\" title=\"Home\">Home<\/a>\n<\/span><span class=\"aioseo-breadcrumb-separator\">\u2013<\/span><span class=\"aioseo-breadcrumb\">\n\t<a href=\"https:\/\/eldigitaldeasturias.com\/magazine365\/category\/noticias-actualidad\/\" title=\"Noticias y Actualidad\">Noticias y Actualidad<\/a>\n<\/span><span class=\"aioseo-breadcrumb-separator\">\u2013<\/span><span class=\"aioseo-breadcrumb\">\n\t<a href=\"https:\/\/eldigitaldeasturias.com\/magazine365\/marca-espana-premio-nacional-de-gastronomia-especial-2015\/\" title=\"Marca Espa\u00f1a, Premio Nacional de Gastronom\u00eda Especial 2015\">Marca Espa\u00f1a, Premio Nacional de Gastronom\u00eda Especial 2015<\/a>\n<\/span><\/div>","aioseo_breadcrumb_json":[{"label":"Home","link":"https:\/\/eldigitaldeasturias.com\/magazine365"},{"label":"Noticias y Actualidad","link":"https:\/\/eldigitaldeasturias.com\/magazine365\/category\/noticias-actualidad\/"},{"label":"Marca Espa\u00f1a, Premio Nacional de Gastronom\u00eda Especial 2015","link":"https:\/\/eldigitaldeasturias.com\/magazine365\/marca-espana-premio-nacional-de-gastronomia-especial-2015\/"}],"_links":{"self":[{"href":"https:\/\/eldigitaldeasturias.com\/magazine365\/wp-json\/wp\/v2\/posts\/78443","targetHints":{"allow":["GET"]}}],"collection":[{"href":"https:\/\/eldigitaldeasturias.com\/magazine365\/wp-json\/wp\/v2\/posts"}],"about":[{"href":"https:\/\/eldigitaldeasturias.com\/magazine365\/wp-json\/wp\/v2\/types\/post"}],"author":[{"embeddable":true,"href":"https:\/\/eldigitaldeasturias.com\/magazine365\/wp-json\/wp\/v2\/users\/1"}],"replies":[{"embeddable":true,"href":"https:\/\/eldigitaldeasturias.com\/magazine365\/wp-json\/wp\/v2\/comments?post=78443"}],"version-history":[{"count":0,"href":"https:\/\/eldigitaldeasturias.com\/magazine365\/wp-json\/wp\/v2\/posts\/78443\/revisions"}],"wp:featuredmedia":[{"embeddable":true,"href":"https:\/\/eldigitaldeasturias.com\/magazine365\/wp-json\/wp\/v2\/media\/78444"}],"wp:attachment":[{"href":"https:\/\/eldigitaldeasturias.com\/magazine365\/wp-json\/wp\/v2\/media?parent=78443"}],"wp:term":[{"taxonomy":"category","embeddable":true,"href":"https:\/\/eldigitaldeasturias.com\/magazine365\/wp-json\/wp\/v2\/categories?post=78443"},{"taxonomy":"post_tag","embeddable":true,"href":"https:\/\/eldigitaldeasturias.com\/magazine365\/wp-json\/wp\/v2\/tags?post=78443"}],"curies":[{"name":"wp","href":"https:\/\/api.w.org\/{rel}","templated":true}]}}