{"id":78440,"date":"2016-06-09T17:19:41","date_gmt":"2016-06-09T15:19:41","guid":{"rendered":"http:\/\/eldigitaldeasturias.com\/magazine365\/?p=78440"},"modified":"2016-06-09T17:19:41","modified_gmt":"2016-06-09T15:19:41","slug":"parques-reunidos-nombra-a-juan-barbolla-como-nuevo-director-del-area-estrategica","status":"publish","type":"post","link":"https:\/\/eldigitaldeasturias.com\/magazine365\/parques-reunidos-nombra-a-juan-barbolla-como-nuevo-director-del-area-estrategica\/","title":{"rendered":"Parques Reunidos nombra a Juan Barbolla como nuevo director del \u00e1rea estrat\u00e9gica"},"content":{"rendered":"<p><img fetchpriority=\"high\" decoding=\"async\" class=\"alignleft size-medium wp-image-78441\" src=\"https:\/\/eldigitaldeasturias.com\/magazine365\/wp-content\/uploads\/2016\/06\/fotonoticia_20160609114407_800-200x300.jpg\" alt=\"fotonoticia_20160609114407_800\" width=\"200\" height=\"300\" srcset=\"https:\/\/eldigitaldeasturias.com\/magazine365\/wp-content\/uploads\/2016\/06\/fotonoticia_20160609114407_800-200x300.jpg 200w, https:\/\/eldigitaldeasturias.com\/magazine365\/wp-content\/uploads\/2016\/06\/fotonoticia_20160609114407_800-427x640.jpg 427w, https:\/\/eldigitaldeasturias.com\/magazine365\/wp-content\/uploads\/2016\/06\/fotonoticia_20160609114407_800-768x1150.jpg 768w, https:\/\/eldigitaldeasturias.com\/magazine365\/wp-content\/uploads\/2016\/06\/fotonoticia_20160609114407_800-150x225.jpg 150w, https:\/\/eldigitaldeasturias.com\/magazine365\/wp-content\/uploads\/2016\/06\/fotonoticia_20160609114407_800-450x674.jpg 450w, https:\/\/eldigitaldeasturias.com\/magazine365\/wp-content\/uploads\/2016\/06\/fotonoticia_20160609114407_800.jpg 800w\" sizes=\"(max-width: 200px) 100vw, 200px\" \/>El Grupo Parques Reunidos ha nombrado a Juan Barbolla, procedente de Morgan Stanley, como nuevo director de Planificaci\u00f3n Estrat\u00e9gica y Relaciones con Inversores, cargo de nueva creaci\u00f3n, dentro del nuevo plan de reorganizaci\u00f3n y la salida a Bolsa de la compa\u00f1\u00eda el pasado 29 de abril.<\/p>\n<p>Barbolla se encargar\u00e1 de la planificaci\u00f3n estrat\u00e9gica del grupo y de las relaciones con los actuales y potenciales inversores, tanto en su vertiente de renta variable como renta fija, as\u00ed como de la relaci\u00f3n de la compa\u00f1\u00eda con la Comisi\u00f3n Nacional del Mercado de Valores.<\/p>\n<p>Procedente de Morgan Stanley, entidad en la que entr\u00f3 en 2007 y donde era director ejecutivo en la divisi\u00f3n de banca de inversi\u00f3n en Espa\u00f1a, cuenta con experiencia en numerosas operaciones de fusiones y adquisiciones y en mercado de capitales (salidas a bolsa, ampliaciones de capital o emisiones de bonos).<\/p>\n<p>Anteriormente trabaj\u00f3 en la sede de Merrill Lynch en Londres como asociado en la divisi\u00f3n de banca de inversi\u00f3n y en McKinsey &amp; Company como analista, posici\u00f3n en la que asesor\u00f3 a diversas empresas espa\u00f1olas.<\/p>\n<p>Barbolla cuenta con un MBA por el MIT Sloan School of Management y es licenciado en F\u00edsica y en Ingenier\u00eda Electr\u00f3nica por la Universidad de Valladolid.<\/p>\n<p>\u00abSupone un importante reto en mi carrera profesional entrar a formar parte de una gran compa\u00f1\u00eda como Parques Reunidos, l\u00edder mundial en parques de ocio, en un momento clave para el Grupo no solo por su nueva etapa como empresa cotizada sino tambi\u00e9n por el crecimiento previsto para los pr\u00f3ximos a\u00f1os\u00bb, asegur\u00f3 tras su nombramiento.<\/p>\n<p>El grupo de parques tem\u00e1ticos y de ocio, con sede en Madrid y controlado por Arle &#8211;con el 38,5% del capital&#8211; cuenta entre sus principales inversores con Morgan Stanley (9,8%), Corporaci\u00f3n Financiera Alba (8%), el fondo York European Opportunities (2,08%) y el magnate h\u00fangaro George Soros (1,774%), entre otros.<\/p>\n<h2 class=\"ladillo\">PLANES DE EXPANSI\u00d3N.<\/h2>\n<p>Parques Reunidos, empresa cotizada desde hace algo m\u00e1s de un mes, prev\u00e9 invertir aproximadamente 104 millones de euros en los pr\u00f3ximos tres a\u00f1os en nuevas instalaciones (85 millones en operaciones de compra y 30 millones al desarrollo de nuevos parques de ocio en centros comerciales).<\/p>\n<p>Recientemente, suscribi\u00f3 un acuerdo con Viacom International Media Network (VIMN), divisi\u00f3n de Viacom, para desarrollar el primer centro de ocio Nickelodeon en un centro comercial en Reino Unido, el intu Lakeside, que abrir\u00e1 sus puertas en 2018.<\/p>\n<p>El proyecto, el primero que firma la empresa ya como cotizada, es un paso fundamental dentro de la alianza estrat\u00e9gica ya existente entre ambas compa\u00f1\u00edas para el desarrollo de centros de ocio familiar en Europa. El acuerdo se ha suscrito con el propietario, gestor y promotor l\u00edder en Reino Unido en centros comerciales y con Viacom.<\/p>\n<p>Actualmente, el grupo de parques y ocio opera 55 parques en 12 pa\u00edses con un 23% de los ingresos procedentes de Espa\u00f1a. Adem\u00e1s, operar\u00e1 dos parques de atracciones, actualmente en desarrollo por terceros, bajo contratos de gesti\u00f3n en los Emiratos \u00c1rabes.<\/p>\n<p>Parques Reunidos, con 20 millones de visitas anuales, es el segundo mayor dentro del sector en Europa y el octavo del mundo, en t\u00e9rminos de visitantes. Tambi\u00e9n es el mayor operador de parques acu\u00e1ticos a nivel mundial y el mayor en zool\u00f3gicos de Europa por n\u00famero de parques.<\/p>\n<p>Entre sus instalaciones destacan el Parque de Atracciones, Parque Warner y Zoo Aquarium en Espa\u00f1a, y fuera de las fronteras espa\u00f1olas a Kennywood (Pensilvania), Lake Compounce (Connecticut) en Estados Unidos, Mirabilandia en Italia o Movie Park en Alemania.<\/p>\n","protected":false},"excerpt":{"rendered":"<p>El Grupo Parques Reunidos ha nombrado a Juan Barbolla, procedente de Morgan Stanley, como nuevo director de Planificaci\u00f3n Estrat\u00e9gica y Relaciones con Inversores, cargo de nueva creaci\u00f3n, dentro del nuevo plan de reorganizaci\u00f3n y la salida a Bolsa de la compa\u00f1\u00eda el pasado 29 de abril. Barbolla se encargar\u00e1 de la planificaci\u00f3n estrat\u00e9gica del grupo<\/p>\n","protected":false},"author":1,"featured_media":78441,"comment_status":"open","ping_status":"closed","sticky":false,"template":"","format":"standard","meta":{"footnotes":""},"categories":[224],"tags":[],"class_list":{"0":"post-78440","1":"post","2":"type-post","3":"status-publish","4":"format-standard","5":"has-post-thumbnail","7":"category-noticias-actualidad"},"aioseo_notices":[],"aioseo_head":"\n\t\t<!-- All in One SEO Pro 4.9.6.1 - aioseo.com -->\n\t<meta name=\"description\" content=\"El Grupo Parques Reunidos ha nombrado a Juan Barbolla, procedente de Morgan Stanley, como nuevo director de Planificaci\u00f3n Estrat\u00e9gica y Relaciones con Inversores, cargo de nueva creaci\u00f3n, dentro del nuevo plan de reorganizaci\u00f3n y la salida a Bolsa de la compa\u00f1\u00eda el pasado 29 de abril. Barbolla se encargar\u00e1 de la planificaci\u00f3n estrat\u00e9gica del grupo\" \/>\n\t<meta name=\"robots\" content=\"max-image-preview:large\" \/>\n\t<meta name=\"author\" content=\"admin\"\/>\n\t<meta name=\"google-site-verification\" content=\"UA-38556648-1\" \/>\n\t<meta name=\"keywords\" content=\"noticias y actualidad\" \/>\n\t<link rel=\"canonical\" href=\"https:\/\/eldigitaldeasturias.com\/magazine365\/parques-reunidos-nombra-a-juan-barbolla-como-nuevo-director-del-area-estrategica\/\" \/>\n\t<meta name=\"generator\" content=\"All in One SEO Pro (AIOSEO) 4.9.6.1\" \/>\n\t\t<meta property=\"og:locale\" content=\"es_ES\" \/>\n\t\t<meta property=\"og:site_name\" content=\"El Digital de Asturias \u2013 Revista de ocio, turismo y estilo de vida\" \/>\n\t\t<meta property=\"og:type\" content=\"article\" \/>\n\t\t<meta property=\"og:title\" content=\"Parques Reunidos nombra a Juan Barbolla como nuevo director del \u00e1rea estrat\u00e9gica | El Digital de Asturias\" \/>\n\t\t<meta property=\"og:description\" content=\"El Grupo Parques Reunidos ha nombrado a Juan Barbolla, procedente de Morgan Stanley, como nuevo director de Planificaci\u00f3n Estrat\u00e9gica y Relaciones con Inversores, cargo de nueva creaci\u00f3n, dentro del nuevo plan de reorganizaci\u00f3n y la salida a Bolsa de la compa\u00f1\u00eda el pasado 29 de abril. Barbolla se encargar\u00e1 de la planificaci\u00f3n estrat\u00e9gica del grupo\" \/>\n\t\t<meta property=\"og:url\" content=\"https:\/\/eldigitaldeasturias.com\/magazine365\/parques-reunidos-nombra-a-juan-barbolla-como-nuevo-director-del-area-estrategica\/\" \/>\n\t\t<meta property=\"og:image\" content=\"https:\/\/eldigitaldeasturias.com\/magazine365\/wp-content\/uploads\/2016\/06\/fotonoticia_20160609114407_800.jpg\" \/>\n\t\t<meta property=\"og:image:secure_url\" content=\"https:\/\/eldigitaldeasturias.com\/magazine365\/wp-content\/uploads\/2016\/06\/fotonoticia_20160609114407_800.jpg\" \/>\n\t\t<meta property=\"og:image:width\" content=\"800\" \/>\n\t\t<meta property=\"og:image:height\" content=\"1198\" \/>\n\t\t<meta property=\"article:published_time\" content=\"2016-06-09T15:19:41+00:00\" \/>\n\t\t<meta property=\"article:modified_time\" content=\"2016-06-09T15:19:41+00:00\" \/>\n\t\t<meta name=\"twitter:card\" content=\"summary_large_image\" \/>\n\t\t<meta name=\"twitter:title\" content=\"Parques Reunidos nombra a Juan Barbolla como nuevo director del \u00e1rea estrat\u00e9gica | El Digital de Asturias\" \/>\n\t\t<meta name=\"twitter:description\" content=\"El Grupo Parques Reunidos ha nombrado a Juan Barbolla, procedente de Morgan Stanley, como nuevo director de Planificaci\u00f3n Estrat\u00e9gica y Relaciones con Inversores, cargo de nueva creaci\u00f3n, dentro del nuevo plan de reorganizaci\u00f3n y la salida a Bolsa de la compa\u00f1\u00eda el pasado 29 de abril. Barbolla se encargar\u00e1 de la planificaci\u00f3n estrat\u00e9gica del grupo\" \/>\n\t\t<meta name=\"twitter:image\" content=\"https:\/\/eldigitaldeasturias.com\/magazine365\/wp-content\/uploads\/2016\/06\/fotonoticia_20160609114407_800.jpg\" \/>\n\t\t<script type=\"application\/ld+json\" class=\"aioseo-schema\">\n\t\t\t{\"@context\":\"https:\\\/\\\/schema.org\",\"@graph\":[{\"@type\":\"Article\",\"@id\":\"https:\\\/\\\/eldigitaldeasturias.com\\\/magazine365\\\/parques-reunidos-nombra-a-juan-barbolla-como-nuevo-director-del-area-estrategica\\\/#article\",\"name\":\"Parques Reunidos nombra a Juan Barbolla como nuevo director del \\u00e1rea estrat\\u00e9gica | El Digital de Asturias\",\"headline\":\"Parques Reunidos nombra a Juan Barbolla como nuevo director del \\u00e1rea estrat\\u00e9gica\",\"author\":{\"@id\":\"https:\\\/\\\/eldigitaldeasturias.com\\\/magazine365\\\/author\\\/admin\\\/#author\"},\"publisher\":{\"@id\":\"https:\\\/\\\/eldigitaldeasturias.com\\\/magazine365\\\/#organization\"},\"image\":{\"@type\":\"ImageObject\",\"url\":\"https:\\\/\\\/eldigitaldeasturias.com\\\/magazine365\\\/wp-content\\\/uploads\\\/2016\\\/06\\\/fotonoticia_20160609114407_800.jpg\",\"width\":800,\"height\":1198},\"datePublished\":\"2016-06-09T17:19:41+02:00\",\"dateModified\":\"2016-06-09T17:19:41+02:00\",\"inLanguage\":\"es-ES\",\"mainEntityOfPage\":{\"@id\":\"https:\\\/\\\/eldigitaldeasturias.com\\\/magazine365\\\/parques-reunidos-nombra-a-juan-barbolla-como-nuevo-director-del-area-estrategica\\\/#webpage\"},\"isPartOf\":{\"@id\":\"https:\\\/\\\/eldigitaldeasturias.com\\\/magazine365\\\/parques-reunidos-nombra-a-juan-barbolla-como-nuevo-director-del-area-estrategica\\\/#webpage\"},\"articleSection\":\"Noticias y Actualidad\"},{\"@type\":\"BreadcrumbList\",\"@id\":\"https:\\\/\\\/eldigitaldeasturias.com\\\/magazine365\\\/parques-reunidos-nombra-a-juan-barbolla-como-nuevo-director-del-area-estrategica\\\/#breadcrumblist\",\"itemListElement\":[{\"@type\":\"ListItem\",\"@id\":\"https:\\\/\\\/eldigitaldeasturias.com\\\/magazine365#listItem\",\"position\":1,\"name\":\"Home\",\"item\":\"https:\\\/\\\/eldigitaldeasturias.com\\\/magazine365\",\"nextItem\":{\"@type\":\"ListItem\",\"@id\":\"https:\\\/\\\/eldigitaldeasturias.com\\\/magazine365\\\/category\\\/noticias-actualidad\\\/#listItem\",\"name\":\"Noticias y Actualidad\"}},{\"@type\":\"ListItem\",\"@id\":\"https:\\\/\\\/eldigitaldeasturias.com\\\/magazine365\\\/category\\\/noticias-actualidad\\\/#listItem\",\"position\":2,\"name\":\"Noticias y Actualidad\",\"item\":\"https:\\\/\\\/eldigitaldeasturias.com\\\/magazine365\\\/category\\\/noticias-actualidad\\\/\",\"nextItem\":{\"@type\":\"ListItem\",\"@id\":\"https:\\\/\\\/eldigitaldeasturias.com\\\/magazine365\\\/parques-reunidos-nombra-a-juan-barbolla-como-nuevo-director-del-area-estrategica\\\/#listItem\",\"name\":\"Parques Reunidos nombra a Juan Barbolla como nuevo director del \\u00e1rea estrat\\u00e9gica\"},\"previousItem\":{\"@type\":\"ListItem\",\"@id\":\"https:\\\/\\\/eldigitaldeasturias.com\\\/magazine365#listItem\",\"name\":\"Home\"}},{\"@type\":\"ListItem\",\"@id\":\"https:\\\/\\\/eldigitaldeasturias.com\\\/magazine365\\\/parques-reunidos-nombra-a-juan-barbolla-como-nuevo-director-del-area-estrategica\\\/#listItem\",\"position\":3,\"name\":\"Parques Reunidos nombra a Juan Barbolla como nuevo director del \\u00e1rea estrat\\u00e9gica\",\"previousItem\":{\"@type\":\"ListItem\",\"@id\":\"https:\\\/\\\/eldigitaldeasturias.com\\\/magazine365\\\/category\\\/noticias-actualidad\\\/#listItem\",\"name\":\"Noticias y Actualidad\"}}]},{\"@type\":\"Organization\",\"@id\":\"https:\\\/\\\/eldigitaldeasturias.com\\\/magazine365\\\/#organization\",\"name\":\"El digital de Asturias\",\"description\":\"Revista de ocio, turismo y estilo de vida\",\"url\":\"https:\\\/\\\/eldigitaldeasturias.com\\\/magazine365\\\/\",\"logo\":{\"@type\":\"ImageObject\",\"url\":\"https:\\\/\\\/www.eldigitaldeasturias.com\\\/noticias\\\/wp-content\\\/uploads\\\/2020\\\/12\\\/EDA.jpg\",\"@id\":\"https:\\\/\\\/eldigitaldeasturias.com\\\/magazine365\\\/parques-reunidos-nombra-a-juan-barbolla-como-nuevo-director-del-area-estrategica\\\/#organizationLogo\"},\"image\":{\"@id\":\"https:\\\/\\\/eldigitaldeasturias.com\\\/magazine365\\\/parques-reunidos-nombra-a-juan-barbolla-como-nuevo-director-del-area-estrategica\\\/#organizationLogo\"}},{\"@type\":\"Person\",\"@id\":\"https:\\\/\\\/eldigitaldeasturias.com\\\/magazine365\\\/author\\\/admin\\\/#author\",\"url\":\"https:\\\/\\\/eldigitaldeasturias.com\\\/magazine365\\\/author\\\/admin\\\/\",\"name\":\"admin\",\"image\":{\"@type\":\"ImageObject\",\"@id\":\"https:\\\/\\\/eldigitaldeasturias.com\\\/magazine365\\\/parques-reunidos-nombra-a-juan-barbolla-como-nuevo-director-del-area-estrategica\\\/#authorImage\",\"url\":\"https:\\\/\\\/eldigitaldeasturias.com\\\/magazine365\\\/wp-content\\\/litespeed\\\/avatar\\\/e571bcf59a0edd6fa6838245a470f2fe.jpg?ver=1776969259\",\"width\":96,\"height\":96,\"caption\":\"admin\"}},{\"@type\":\"WebPage\",\"@id\":\"https:\\\/\\\/eldigitaldeasturias.com\\\/magazine365\\\/parques-reunidos-nombra-a-juan-barbolla-como-nuevo-director-del-area-estrategica\\\/#webpage\",\"url\":\"https:\\\/\\\/eldigitaldeasturias.com\\\/magazine365\\\/parques-reunidos-nombra-a-juan-barbolla-como-nuevo-director-del-area-estrategica\\\/\",\"name\":\"Parques Reunidos nombra a Juan Barbolla como nuevo director del \\u00e1rea estrat\\u00e9gica | El Digital de Asturias\",\"description\":\"El Grupo Parques Reunidos ha nombrado a Juan Barbolla, procedente de Morgan Stanley, como nuevo director de Planificaci\\u00f3n Estrat\\u00e9gica y Relaciones con Inversores, cargo de nueva creaci\\u00f3n, dentro del nuevo plan de reorganizaci\\u00f3n y la salida a Bolsa de la compa\\u00f1\\u00eda el pasado 29 de abril. Barbolla se encargar\\u00e1 de la planificaci\\u00f3n estrat\\u00e9gica del grupo\",\"inLanguage\":\"es-ES\",\"isPartOf\":{\"@id\":\"https:\\\/\\\/eldigitaldeasturias.com\\\/magazine365\\\/#website\"},\"breadcrumb\":{\"@id\":\"https:\\\/\\\/eldigitaldeasturias.com\\\/magazine365\\\/parques-reunidos-nombra-a-juan-barbolla-como-nuevo-director-del-area-estrategica\\\/#breadcrumblist\"},\"author\":{\"@id\":\"https:\\\/\\\/eldigitaldeasturias.com\\\/magazine365\\\/author\\\/admin\\\/#author\"},\"creator\":{\"@id\":\"https:\\\/\\\/eldigitaldeasturias.com\\\/magazine365\\\/author\\\/admin\\\/#author\"},\"image\":{\"@type\":\"ImageObject\",\"url\":\"https:\\\/\\\/eldigitaldeasturias.com\\\/magazine365\\\/wp-content\\\/uploads\\\/2016\\\/06\\\/fotonoticia_20160609114407_800.jpg\",\"@id\":\"https:\\\/\\\/eldigitaldeasturias.com\\\/magazine365\\\/parques-reunidos-nombra-a-juan-barbolla-como-nuevo-director-del-area-estrategica\\\/#mainImage\",\"width\":800,\"height\":1198},\"primaryImageOfPage\":{\"@id\":\"https:\\\/\\\/eldigitaldeasturias.com\\\/magazine365\\\/parques-reunidos-nombra-a-juan-barbolla-como-nuevo-director-del-area-estrategica\\\/#mainImage\"},\"datePublished\":\"2016-06-09T17:19:41+02:00\",\"dateModified\":\"2016-06-09T17:19:41+02:00\"},{\"@type\":\"WebSite\",\"@id\":\"https:\\\/\\\/eldigitaldeasturias.com\\\/magazine365\\\/#website\",\"url\":\"https:\\\/\\\/eldigitaldeasturias.com\\\/magazine365\\\/\",\"name\":\"El Digital de Asturias\",\"description\":\"Revista de ocio, turismo y estilo de vida\",\"inLanguage\":\"es-ES\",\"publisher\":{\"@id\":\"https:\\\/\\\/eldigitaldeasturias.com\\\/magazine365\\\/#organization\"}}]}\n\t\t<\/script>\n\t\t<!-- All in One SEO Pro -->\r\n\t\t<title>Parques Reunidos nombra a Juan Barbolla como nuevo director del \u00e1rea estrat\u00e9gica | El Digital de Asturias<\/title>\n\n","aioseo_head_json":{"title":"Parques Reunidos nombra a Juan Barbolla como nuevo director del \u00e1rea estrat\u00e9gica | El Digital de Asturias","description":"El Grupo Parques Reunidos ha nombrado a Juan Barbolla, procedente de Morgan Stanley, como nuevo director de Planificaci\u00f3n Estrat\u00e9gica y Relaciones con Inversores, cargo de nueva creaci\u00f3n, dentro del nuevo plan de reorganizaci\u00f3n y la salida a Bolsa de la compa\u00f1\u00eda el pasado 29 de abril. Barbolla se encargar\u00e1 de la planificaci\u00f3n estrat\u00e9gica del grupo","canonical_url":"https:\/\/eldigitaldeasturias.com\/magazine365\/parques-reunidos-nombra-a-juan-barbolla-como-nuevo-director-del-area-estrategica\/","robots":"max-image-preview:large","keywords":"noticias y actualidad","webmasterTools":{"google-site-verification":"UA-38556648-1","miscellaneous":""},"schema":{"@context":"https:\/\/schema.org","@graph":[{"@type":"Article","@id":"https:\/\/eldigitaldeasturias.com\/magazine365\/parques-reunidos-nombra-a-juan-barbolla-como-nuevo-director-del-area-estrategica\/#article","name":"Parques Reunidos nombra a Juan Barbolla como nuevo director del \u00e1rea estrat\u00e9gica | El Digital de Asturias","headline":"Parques Reunidos nombra a Juan Barbolla como nuevo director del \u00e1rea estrat\u00e9gica","author":{"@id":"https:\/\/eldigitaldeasturias.com\/magazine365\/author\/admin\/#author"},"publisher":{"@id":"https:\/\/eldigitaldeasturias.com\/magazine365\/#organization"},"image":{"@type":"ImageObject","url":"https:\/\/eldigitaldeasturias.com\/magazine365\/wp-content\/uploads\/2016\/06\/fotonoticia_20160609114407_800.jpg","width":800,"height":1198},"datePublished":"2016-06-09T17:19:41+02:00","dateModified":"2016-06-09T17:19:41+02:00","inLanguage":"es-ES","mainEntityOfPage":{"@id":"https:\/\/eldigitaldeasturias.com\/magazine365\/parques-reunidos-nombra-a-juan-barbolla-como-nuevo-director-del-area-estrategica\/#webpage"},"isPartOf":{"@id":"https:\/\/eldigitaldeasturias.com\/magazine365\/parques-reunidos-nombra-a-juan-barbolla-como-nuevo-director-del-area-estrategica\/#webpage"},"articleSection":"Noticias y Actualidad"},{"@type":"BreadcrumbList","@id":"https:\/\/eldigitaldeasturias.com\/magazine365\/parques-reunidos-nombra-a-juan-barbolla-como-nuevo-director-del-area-estrategica\/#breadcrumblist","itemListElement":[{"@type":"ListItem","@id":"https:\/\/eldigitaldeasturias.com\/magazine365#listItem","position":1,"name":"Home","item":"https:\/\/eldigitaldeasturias.com\/magazine365","nextItem":{"@type":"ListItem","@id":"https:\/\/eldigitaldeasturias.com\/magazine365\/category\/noticias-actualidad\/#listItem","name":"Noticias y Actualidad"}},{"@type":"ListItem","@id":"https:\/\/eldigitaldeasturias.com\/magazine365\/category\/noticias-actualidad\/#listItem","position":2,"name":"Noticias y Actualidad","item":"https:\/\/eldigitaldeasturias.com\/magazine365\/category\/noticias-actualidad\/","nextItem":{"@type":"ListItem","@id":"https:\/\/eldigitaldeasturias.com\/magazine365\/parques-reunidos-nombra-a-juan-barbolla-como-nuevo-director-del-area-estrategica\/#listItem","name":"Parques Reunidos nombra a Juan Barbolla como nuevo director del \u00e1rea estrat\u00e9gica"},"previousItem":{"@type":"ListItem","@id":"https:\/\/eldigitaldeasturias.com\/magazine365#listItem","name":"Home"}},{"@type":"ListItem","@id":"https:\/\/eldigitaldeasturias.com\/magazine365\/parques-reunidos-nombra-a-juan-barbolla-como-nuevo-director-del-area-estrategica\/#listItem","position":3,"name":"Parques Reunidos nombra a Juan Barbolla como nuevo director del \u00e1rea estrat\u00e9gica","previousItem":{"@type":"ListItem","@id":"https:\/\/eldigitaldeasturias.com\/magazine365\/category\/noticias-actualidad\/#listItem","name":"Noticias y Actualidad"}}]},{"@type":"Organization","@id":"https:\/\/eldigitaldeasturias.com\/magazine365\/#organization","name":"El digital de Asturias","description":"Revista de ocio, turismo y estilo de vida","url":"https:\/\/eldigitaldeasturias.com\/magazine365\/","logo":{"@type":"ImageObject","url":"https:\/\/www.eldigitaldeasturias.com\/noticias\/wp-content\/uploads\/2020\/12\/EDA.jpg","@id":"https:\/\/eldigitaldeasturias.com\/magazine365\/parques-reunidos-nombra-a-juan-barbolla-como-nuevo-director-del-area-estrategica\/#organizationLogo"},"image":{"@id":"https:\/\/eldigitaldeasturias.com\/magazine365\/parques-reunidos-nombra-a-juan-barbolla-como-nuevo-director-del-area-estrategica\/#organizationLogo"}},{"@type":"Person","@id":"https:\/\/eldigitaldeasturias.com\/magazine365\/author\/admin\/#author","url":"https:\/\/eldigitaldeasturias.com\/magazine365\/author\/admin\/","name":"admin","image":{"@type":"ImageObject","@id":"https:\/\/eldigitaldeasturias.com\/magazine365\/parques-reunidos-nombra-a-juan-barbolla-como-nuevo-director-del-area-estrategica\/#authorImage","url":"https:\/\/eldigitaldeasturias.com\/magazine365\/wp-content\/litespeed\/avatar\/e571bcf59a0edd6fa6838245a470f2fe.jpg?ver=1776969259","width":96,"height":96,"caption":"admin"}},{"@type":"WebPage","@id":"https:\/\/eldigitaldeasturias.com\/magazine365\/parques-reunidos-nombra-a-juan-barbolla-como-nuevo-director-del-area-estrategica\/#webpage","url":"https:\/\/eldigitaldeasturias.com\/magazine365\/parques-reunidos-nombra-a-juan-barbolla-como-nuevo-director-del-area-estrategica\/","name":"Parques Reunidos nombra a Juan Barbolla como nuevo director del \u00e1rea estrat\u00e9gica | El Digital de Asturias","description":"El Grupo Parques Reunidos ha nombrado a Juan Barbolla, procedente de Morgan Stanley, como nuevo director de Planificaci\u00f3n Estrat\u00e9gica y Relaciones con Inversores, cargo de nueva creaci\u00f3n, dentro del nuevo plan de reorganizaci\u00f3n y la salida a Bolsa de la compa\u00f1\u00eda el pasado 29 de abril. Barbolla se encargar\u00e1 de la planificaci\u00f3n estrat\u00e9gica del grupo","inLanguage":"es-ES","isPartOf":{"@id":"https:\/\/eldigitaldeasturias.com\/magazine365\/#website"},"breadcrumb":{"@id":"https:\/\/eldigitaldeasturias.com\/magazine365\/parques-reunidos-nombra-a-juan-barbolla-como-nuevo-director-del-area-estrategica\/#breadcrumblist"},"author":{"@id":"https:\/\/eldigitaldeasturias.com\/magazine365\/author\/admin\/#author"},"creator":{"@id":"https:\/\/eldigitaldeasturias.com\/magazine365\/author\/admin\/#author"},"image":{"@type":"ImageObject","url":"https:\/\/eldigitaldeasturias.com\/magazine365\/wp-content\/uploads\/2016\/06\/fotonoticia_20160609114407_800.jpg","@id":"https:\/\/eldigitaldeasturias.com\/magazine365\/parques-reunidos-nombra-a-juan-barbolla-como-nuevo-director-del-area-estrategica\/#mainImage","width":800,"height":1198},"primaryImageOfPage":{"@id":"https:\/\/eldigitaldeasturias.com\/magazine365\/parques-reunidos-nombra-a-juan-barbolla-como-nuevo-director-del-area-estrategica\/#mainImage"},"datePublished":"2016-06-09T17:19:41+02:00","dateModified":"2016-06-09T17:19:41+02:00"},{"@type":"WebSite","@id":"https:\/\/eldigitaldeasturias.com\/magazine365\/#website","url":"https:\/\/eldigitaldeasturias.com\/magazine365\/","name":"El Digital de Asturias","description":"Revista de ocio, turismo y estilo de vida","inLanguage":"es-ES","publisher":{"@id":"https:\/\/eldigitaldeasturias.com\/magazine365\/#organization"}}]},"og:locale":"es_ES","og:site_name":"El Digital de Asturias \u2013 Revista de ocio, turismo y estilo de vida","og:type":"article","og:title":"Parques Reunidos nombra a Juan Barbolla como nuevo director del \u00e1rea estrat\u00e9gica | El Digital de Asturias","og:description":"El Grupo Parques Reunidos ha nombrado a Juan Barbolla, procedente de Morgan Stanley, como nuevo director de Planificaci\u00f3n Estrat\u00e9gica y Relaciones con Inversores, cargo de nueva creaci\u00f3n, dentro del nuevo plan de reorganizaci\u00f3n y la salida a Bolsa de la compa\u00f1\u00eda el pasado 29 de abril. Barbolla se encargar\u00e1 de la planificaci\u00f3n estrat\u00e9gica del grupo","og:url":"https:\/\/eldigitaldeasturias.com\/magazine365\/parques-reunidos-nombra-a-juan-barbolla-como-nuevo-director-del-area-estrategica\/","og:image":"https:\/\/eldigitaldeasturias.com\/magazine365\/wp-content\/uploads\/2016\/06\/fotonoticia_20160609114407_800.jpg","og:image:secure_url":"https:\/\/eldigitaldeasturias.com\/magazine365\/wp-content\/uploads\/2016\/06\/fotonoticia_20160609114407_800.jpg","og:image:width":800,"og:image:height":1198,"article:published_time":"2016-06-09T15:19:41+00:00","article:modified_time":"2016-06-09T15:19:41+00:00","twitter:card":"summary_large_image","twitter:title":"Parques Reunidos nombra a Juan Barbolla como nuevo director del \u00e1rea estrat\u00e9gica | El Digital de Asturias","twitter:description":"El Grupo Parques Reunidos ha nombrado a Juan Barbolla, procedente de Morgan Stanley, como nuevo director de Planificaci\u00f3n Estrat\u00e9gica y Relaciones con Inversores, cargo de nueva creaci\u00f3n, dentro del nuevo plan de reorganizaci\u00f3n y la salida a Bolsa de la compa\u00f1\u00eda el pasado 29 de abril. Barbolla se encargar\u00e1 de la planificaci\u00f3n estrat\u00e9gica del grupo","twitter:image":"https:\/\/eldigitaldeasturias.com\/magazine365\/wp-content\/uploads\/2016\/06\/fotonoticia_20160609114407_800.jpg"},"aioseo_meta_data":{"post_id":"78440","title":null,"description":null,"keywords":null,"keyphrases":null,"primary_term":null,"canonical_url":null,"og_title":null,"og_description":null,"og_object_type":"default","og_image_type":"default","og_image_url":null,"og_image_width":null,"og_image_height":null,"og_image_custom_url":null,"og_image_custom_fields":null,"og_video":null,"og_custom_url":null,"og_article_section":null,"og_article_tags":null,"twitter_use_og":false,"twitter_card":"default","twitter_image_type":"default","twitter_image_url":null,"twitter_image_custom_url":null,"twitter_image_custom_fields":null,"twitter_title":null,"twitter_description":null,"schema":{"blockGraphs":[],"customGraphs":[],"default":{"data":{"Article":[],"Course":[],"Dataset":[],"FAQPage":[],"Movie":[],"Person":[],"Product":[],"ProductReview":[],"Car":[],"Recipe":[],"Service":[],"SoftwareApplication":[],"WebPage":[]},"graphName":"","isEnabled":true},"graphs":[],"defaultGraph":"","defaultPostTypeGraph":""},"schema_type":null,"schema_type_options":null,"pillar_content":false,"robots_default":true,"robots_noindex":false,"robots_noarchive":false,"robots_nosnippet":false,"robots_nofollow":false,"robots_noimageindex":false,"robots_noodp":false,"robots_notranslate":false,"robots_max_snippet":null,"robots_max_videopreview":null,"robots_max_imagepreview":"large","priority":null,"frequency":null,"location":null,"local_seo":null,"seo_analyzer_scan_date":"2025-09-27 16:56:16","breadcrumb_settings":null,"limit_modified_date":false,"open_ai":null,"ai":null,"created":"2021-03-08 18:00:49","updated":"2025-09-27 16:56:16"},"aioseo_breadcrumb":"<div class=\"aioseo-breadcrumbs\"><span class=\"aioseo-breadcrumb\">\n\t<a href=\"https:\/\/eldigitaldeasturias.com\/magazine365\" title=\"Home\">Home<\/a>\n<\/span><span class=\"aioseo-breadcrumb-separator\">\u2013<\/span><span class=\"aioseo-breadcrumb\">\n\t<a href=\"https:\/\/eldigitaldeasturias.com\/magazine365\/category\/noticias-actualidad\/\" title=\"Noticias y Actualidad\">Noticias y Actualidad<\/a>\n<\/span><span class=\"aioseo-breadcrumb-separator\">\u2013<\/span><span class=\"aioseo-breadcrumb\">\n\t<a href=\"https:\/\/eldigitaldeasturias.com\/magazine365\/parques-reunidos-nombra-a-juan-barbolla-como-nuevo-director-del-area-estrategica\/\" title=\"Parques Reunidos nombra a Juan Barbolla como nuevo director del \u00e1rea estrat\u00e9gica\">Parques Reunidos nombra a Juan Barbolla como nuevo director del \u00e1rea estrat\u00e9gica<\/a>\n<\/span><\/div>","aioseo_breadcrumb_json":[{"label":"Home","link":"https:\/\/eldigitaldeasturias.com\/magazine365"},{"label":"Noticias y Actualidad","link":"https:\/\/eldigitaldeasturias.com\/magazine365\/category\/noticias-actualidad\/"},{"label":"Parques Reunidos nombra a Juan Barbolla como nuevo director del \u00e1rea estrat\u00e9gica","link":"https:\/\/eldigitaldeasturias.com\/magazine365\/parques-reunidos-nombra-a-juan-barbolla-como-nuevo-director-del-area-estrategica\/"}],"_links":{"self":[{"href":"https:\/\/eldigitaldeasturias.com\/magazine365\/wp-json\/wp\/v2\/posts\/78440","targetHints":{"allow":["GET"]}}],"collection":[{"href":"https:\/\/eldigitaldeasturias.com\/magazine365\/wp-json\/wp\/v2\/posts"}],"about":[{"href":"https:\/\/eldigitaldeasturias.com\/magazine365\/wp-json\/wp\/v2\/types\/post"}],"author":[{"embeddable":true,"href":"https:\/\/eldigitaldeasturias.com\/magazine365\/wp-json\/wp\/v2\/users\/1"}],"replies":[{"embeddable":true,"href":"https:\/\/eldigitaldeasturias.com\/magazine365\/wp-json\/wp\/v2\/comments?post=78440"}],"version-history":[{"count":0,"href":"https:\/\/eldigitaldeasturias.com\/magazine365\/wp-json\/wp\/v2\/posts\/78440\/revisions"}],"wp:featuredmedia":[{"embeddable":true,"href":"https:\/\/eldigitaldeasturias.com\/magazine365\/wp-json\/wp\/v2\/media\/78441"}],"wp:attachment":[{"href":"https:\/\/eldigitaldeasturias.com\/magazine365\/wp-json\/wp\/v2\/media?parent=78440"}],"wp:term":[{"taxonomy":"category","embeddable":true,"href":"https:\/\/eldigitaldeasturias.com\/magazine365\/wp-json\/wp\/v2\/categories?post=78440"},{"taxonomy":"post_tag","embeddable":true,"href":"https:\/\/eldigitaldeasturias.com\/magazine365\/wp-json\/wp\/v2\/tags?post=78440"}],"curies":[{"name":"wp","href":"https:\/\/api.w.org\/{rel}","templated":true}]}}