{"id":78428,"date":"2016-06-09T17:13:52","date_gmt":"2016-06-09T15:13:52","guid":{"rendered":"http:\/\/eldigitaldeasturias.com\/magazine365\/?p=78428"},"modified":"2016-06-09T17:13:52","modified_gmt":"2016-06-09T15:13:52","slug":"irkut-presenta-su-avion-comercial-mc-21","status":"publish","type":"post","link":"https:\/\/eldigitaldeasturias.com\/magazine365\/irkut-presenta-su-avion-comercial-mc-21\/","title":{"rendered":"Irkut presenta su avi\u00f3n comercial MC-21"},"content":{"rendered":"<p><img fetchpriority=\"high\" decoding=\"async\" class=\"alignleft size-medium wp-image-78429\" src=\"https:\/\/eldigitaldeasturias.com\/magazine365\/wp-content\/uploads\/2016\/06\/fotonoticia_20160609110315_800-360x240.jpg\" alt=\"fotonoticia_20160609110315_800\" width=\"360\" height=\"240\" srcset=\"https:\/\/eldigitaldeasturias.com\/magazine365\/wp-content\/uploads\/2016\/06\/fotonoticia_20160609110315_800-360x240.jpg 360w, https:\/\/eldigitaldeasturias.com\/magazine365\/wp-content\/uploads\/2016\/06\/fotonoticia_20160609110315_800-650x434.jpg 650w, https:\/\/eldigitaldeasturias.com\/magazine365\/wp-content\/uploads\/2016\/06\/fotonoticia_20160609110315_800-768x513.jpg 768w, https:\/\/eldigitaldeasturias.com\/magazine365\/wp-content\/uploads\/2016\/06\/fotonoticia_20160609110315_800-150x100.jpg 150w, https:\/\/eldigitaldeasturias.com\/magazine365\/wp-content\/uploads\/2016\/06\/fotonoticia_20160609110315_800-450x300.jpg 450w, https:\/\/eldigitaldeasturias.com\/magazine365\/wp-content\/uploads\/2016\/06\/fotonoticia_20160609110315_800-101x66.jpg 101w, https:\/\/eldigitaldeasturias.com\/magazine365\/wp-content\/uploads\/2016\/06\/fotonoticia_20160609110315_800.jpg 800w\" sizes=\"(max-width: 360px) 100vw, 360px\" \/>Irkut Corporation, miembro de United Aircraft Corporation (UAC), ha presentado su avi\u00f3n comercial MC-21-300 de fabricaci\u00f3n rusa en su planta ubicada en Irkutsk, modelo que iniciar\u00e1 pr\u00f3ximamente sus primeras pruebas de vuelo, inform\u00f3 el constructor.<\/p>\n<p>A la presentaci\u00f3n en sociedad del nuevo avi\u00f3n comercial ruso acudi\u00f3 el primer ministro de la Federaci\u00f3n rusa, Dimitri Medvedev, que vio la cabina del piloto, adem\u00e1s de representantes de las autoridades federales y regionales, jefes de empresas cooperantes, delegaciones y potenciales MC-21 clientes.<\/p>\n<p>El primer ministro de la Federaci\u00f3n de Rusia ha afirmado que el pa\u00eds es capaz de crear para impulsar la industria de la aviaci\u00f3n nacional, que competir\u00e1n con las aeronaves extranjeras, en clara referencia a los dos gigantes Airbus Group y Boeing. Adem\u00e1s, tambi\u00e9n se\u00f1al\u00f3 la importancia de la cooperaci\u00f3n internacional en el proyecto.<\/p>\n<p>\u00abHemos conseguido reunir a un equipo de ideas afines. Todos los miembros del programa son l\u00edderes de la industria de la aviaci\u00f3n a nivel nacional y mundial y creemos que el MC-21 es el mejor de su clase\u00bb, destac\u00f3 el presidente de Irkut, Oleg Demchenko.<\/p>\n<p>Por su parte, el presidente de la UAC, Yury Slyusar, subray\u00f3 el \u00abesfuerzo\u00bb de colaboraci\u00f3n para la creaci\u00f3n de este nuevo avi\u00f3n y la creaci\u00f3n de los centros de AeroCompozit y UAC-Aggregation, bajo una misma estrategia.<\/p>\n<p>El primer ministro de la Federaci\u00f3n visit\u00f3, antes de que se iniciase la ceremonia, la l\u00ednea de montaje de los aviones en su fase final antes de entrar en el periodo de pruebas de vuelo.<\/p>\n","protected":false},"excerpt":{"rendered":"<p>Irkut Corporation, miembro de United Aircraft Corporation (UAC), ha presentado su avi\u00f3n comercial MC-21-300 de fabricaci\u00f3n rusa en su planta ubicada en Irkutsk, modelo que iniciar\u00e1 pr\u00f3ximamente sus primeras pruebas de vuelo, inform\u00f3 el constructor. A la presentaci\u00f3n en sociedad del nuevo avi\u00f3n comercial ruso acudi\u00f3 el primer ministro de la Federaci\u00f3n rusa, Dimitri Medvedev,<\/p>\n","protected":false},"author":1,"featured_media":78429,"comment_status":"open","ping_status":"closed","sticky":false,"template":"","format":"standard","meta":{"footnotes":""},"categories":[224],"tags":[],"class_list":{"0":"post-78428","1":"post","2":"type-post","3":"status-publish","4":"format-standard","5":"has-post-thumbnail","7":"category-noticias-actualidad"},"aioseo_notices":[],"aioseo_head":"\n\t\t<!-- All in One SEO Pro 4.9.6.1 - aioseo.com -->\n\t<meta name=\"description\" content=\"Irkut Corporation, miembro de United Aircraft Corporation (UAC), ha presentado su avi\u00f3n comercial MC-21-300 de fabricaci\u00f3n rusa en su planta ubicada en Irkutsk, modelo que iniciar\u00e1 pr\u00f3ximamente sus primeras pruebas de vuelo, inform\u00f3 el constructor. A la presentaci\u00f3n en sociedad del nuevo avi\u00f3n comercial ruso acudi\u00f3 el primer ministro de la Federaci\u00f3n rusa, Dimitri Medvedev,\" \/>\n\t<meta name=\"robots\" content=\"max-image-preview:large\" \/>\n\t<meta name=\"author\" content=\"admin\"\/>\n\t<meta name=\"google-site-verification\" content=\"UA-38556648-1\" \/>\n\t<meta name=\"keywords\" content=\"noticias y actualidad\" \/>\n\t<link rel=\"canonical\" href=\"https:\/\/eldigitaldeasturias.com\/magazine365\/irkut-presenta-su-avion-comercial-mc-21\/\" \/>\n\t<meta name=\"generator\" content=\"All in One SEO Pro (AIOSEO) 4.9.6.1\" \/>\n\t\t<meta property=\"og:locale\" content=\"es_ES\" \/>\n\t\t<meta property=\"og:site_name\" content=\"El Digital de Asturias \u2013 Revista de ocio, turismo y estilo de vida\" \/>\n\t\t<meta property=\"og:type\" content=\"article\" \/>\n\t\t<meta property=\"og:title\" content=\"Irkut presenta su avi\u00f3n comercial MC-21 | El Digital de Asturias\" \/>\n\t\t<meta property=\"og:description\" content=\"Irkut Corporation, miembro de United Aircraft Corporation (UAC), ha presentado su avi\u00f3n comercial MC-21-300 de fabricaci\u00f3n rusa en su planta ubicada en Irkutsk, modelo que iniciar\u00e1 pr\u00f3ximamente sus primeras pruebas de vuelo, inform\u00f3 el constructor. A la presentaci\u00f3n en sociedad del nuevo avi\u00f3n comercial ruso acudi\u00f3 el primer ministro de la Federaci\u00f3n rusa, Dimitri Medvedev,\" \/>\n\t\t<meta property=\"og:url\" content=\"https:\/\/eldigitaldeasturias.com\/magazine365\/irkut-presenta-su-avion-comercial-mc-21\/\" \/>\n\t\t<meta property=\"og:image\" content=\"https:\/\/eldigitaldeasturias.com\/magazine365\/wp-content\/uploads\/2016\/06\/fotonoticia_20160609110315_800.jpg\" \/>\n\t\t<meta property=\"og:image:secure_url\" content=\"https:\/\/eldigitaldeasturias.com\/magazine365\/wp-content\/uploads\/2016\/06\/fotonoticia_20160609110315_800.jpg\" \/>\n\t\t<meta property=\"og:image:width\" content=\"800\" \/>\n\t\t<meta property=\"og:image:height\" content=\"534\" \/>\n\t\t<meta property=\"article:published_time\" content=\"2016-06-09T15:13:52+00:00\" \/>\n\t\t<meta property=\"article:modified_time\" content=\"2016-06-09T15:13:52+00:00\" \/>\n\t\t<meta name=\"twitter:card\" content=\"summary_large_image\" \/>\n\t\t<meta name=\"twitter:title\" content=\"Irkut presenta su avi\u00f3n comercial MC-21 | El Digital de Asturias\" \/>\n\t\t<meta name=\"twitter:description\" content=\"Irkut Corporation, miembro de United Aircraft Corporation (UAC), ha presentado su avi\u00f3n comercial MC-21-300 de fabricaci\u00f3n rusa en su planta ubicada en Irkutsk, modelo que iniciar\u00e1 pr\u00f3ximamente sus primeras pruebas de vuelo, inform\u00f3 el constructor. A la presentaci\u00f3n en sociedad del nuevo avi\u00f3n comercial ruso acudi\u00f3 el primer ministro de la Federaci\u00f3n rusa, Dimitri Medvedev,\" \/>\n\t\t<meta name=\"twitter:image\" content=\"https:\/\/eldigitaldeasturias.com\/magazine365\/wp-content\/uploads\/2016\/06\/fotonoticia_20160609110315_800.jpg\" \/>\n\t\t<script type=\"application\/ld+json\" class=\"aioseo-schema\">\n\t\t\t{\"@context\":\"https:\\\/\\\/schema.org\",\"@graph\":[{\"@type\":\"Article\",\"@id\":\"https:\\\/\\\/eldigitaldeasturias.com\\\/magazine365\\\/irkut-presenta-su-avion-comercial-mc-21\\\/#article\",\"name\":\"Irkut presenta su avi\\u00f3n comercial MC-21 | El Digital de Asturias\",\"headline\":\"Irkut presenta su avi\\u00f3n comercial MC-21\",\"author\":{\"@id\":\"https:\\\/\\\/eldigitaldeasturias.com\\\/magazine365\\\/author\\\/admin\\\/#author\"},\"publisher\":{\"@id\":\"https:\\\/\\\/eldigitaldeasturias.com\\\/magazine365\\\/#organization\"},\"image\":{\"@type\":\"ImageObject\",\"url\":\"https:\\\/\\\/eldigitaldeasturias.com\\\/magazine365\\\/wp-content\\\/uploads\\\/2016\\\/06\\\/fotonoticia_20160609110315_800.jpg\",\"width\":800,\"height\":534},\"datePublished\":\"2016-06-09T17:13:52+02:00\",\"dateModified\":\"2016-06-09T17:13:52+02:00\",\"inLanguage\":\"es-ES\",\"mainEntityOfPage\":{\"@id\":\"https:\\\/\\\/eldigitaldeasturias.com\\\/magazine365\\\/irkut-presenta-su-avion-comercial-mc-21\\\/#webpage\"},\"isPartOf\":{\"@id\":\"https:\\\/\\\/eldigitaldeasturias.com\\\/magazine365\\\/irkut-presenta-su-avion-comercial-mc-21\\\/#webpage\"},\"articleSection\":\"Noticias y Actualidad\"},{\"@type\":\"BreadcrumbList\",\"@id\":\"https:\\\/\\\/eldigitaldeasturias.com\\\/magazine365\\\/irkut-presenta-su-avion-comercial-mc-21\\\/#breadcrumblist\",\"itemListElement\":[{\"@type\":\"ListItem\",\"@id\":\"https:\\\/\\\/eldigitaldeasturias.com\\\/magazine365#listItem\",\"position\":1,\"name\":\"Home\",\"item\":\"https:\\\/\\\/eldigitaldeasturias.com\\\/magazine365\",\"nextItem\":{\"@type\":\"ListItem\",\"@id\":\"https:\\\/\\\/eldigitaldeasturias.com\\\/magazine365\\\/category\\\/noticias-actualidad\\\/#listItem\",\"name\":\"Noticias y Actualidad\"}},{\"@type\":\"ListItem\",\"@id\":\"https:\\\/\\\/eldigitaldeasturias.com\\\/magazine365\\\/category\\\/noticias-actualidad\\\/#listItem\",\"position\":2,\"name\":\"Noticias y Actualidad\",\"item\":\"https:\\\/\\\/eldigitaldeasturias.com\\\/magazine365\\\/category\\\/noticias-actualidad\\\/\",\"nextItem\":{\"@type\":\"ListItem\",\"@id\":\"https:\\\/\\\/eldigitaldeasturias.com\\\/magazine365\\\/irkut-presenta-su-avion-comercial-mc-21\\\/#listItem\",\"name\":\"Irkut presenta su avi\\u00f3n comercial MC-21\"},\"previousItem\":{\"@type\":\"ListItem\",\"@id\":\"https:\\\/\\\/eldigitaldeasturias.com\\\/magazine365#listItem\",\"name\":\"Home\"}},{\"@type\":\"ListItem\",\"@id\":\"https:\\\/\\\/eldigitaldeasturias.com\\\/magazine365\\\/irkut-presenta-su-avion-comercial-mc-21\\\/#listItem\",\"position\":3,\"name\":\"Irkut presenta su avi\\u00f3n comercial MC-21\",\"previousItem\":{\"@type\":\"ListItem\",\"@id\":\"https:\\\/\\\/eldigitaldeasturias.com\\\/magazine365\\\/category\\\/noticias-actualidad\\\/#listItem\",\"name\":\"Noticias y Actualidad\"}}]},{\"@type\":\"Organization\",\"@id\":\"https:\\\/\\\/eldigitaldeasturias.com\\\/magazine365\\\/#organization\",\"name\":\"El digital de Asturias\",\"description\":\"Revista de ocio, turismo y estilo de vida\",\"url\":\"https:\\\/\\\/eldigitaldeasturias.com\\\/magazine365\\\/\",\"logo\":{\"@type\":\"ImageObject\",\"url\":\"https:\\\/\\\/www.eldigitaldeasturias.com\\\/noticias\\\/wp-content\\\/uploads\\\/2020\\\/12\\\/EDA.jpg\",\"@id\":\"https:\\\/\\\/eldigitaldeasturias.com\\\/magazine365\\\/irkut-presenta-su-avion-comercial-mc-21\\\/#organizationLogo\"},\"image\":{\"@id\":\"https:\\\/\\\/eldigitaldeasturias.com\\\/magazine365\\\/irkut-presenta-su-avion-comercial-mc-21\\\/#organizationLogo\"}},{\"@type\":\"Person\",\"@id\":\"https:\\\/\\\/eldigitaldeasturias.com\\\/magazine365\\\/author\\\/admin\\\/#author\",\"url\":\"https:\\\/\\\/eldigitaldeasturias.com\\\/magazine365\\\/author\\\/admin\\\/\",\"name\":\"admin\",\"image\":{\"@type\":\"ImageObject\",\"@id\":\"https:\\\/\\\/eldigitaldeasturias.com\\\/magazine365\\\/irkut-presenta-su-avion-comercial-mc-21\\\/#authorImage\",\"url\":\"https:\\\/\\\/eldigitaldeasturias.com\\\/magazine365\\\/wp-content\\\/litespeed\\\/avatar\\\/e571bcf59a0edd6fa6838245a470f2fe.jpg?ver=1776969259\",\"width\":96,\"height\":96,\"caption\":\"admin\"}},{\"@type\":\"WebPage\",\"@id\":\"https:\\\/\\\/eldigitaldeasturias.com\\\/magazine365\\\/irkut-presenta-su-avion-comercial-mc-21\\\/#webpage\",\"url\":\"https:\\\/\\\/eldigitaldeasturias.com\\\/magazine365\\\/irkut-presenta-su-avion-comercial-mc-21\\\/\",\"name\":\"Irkut presenta su avi\\u00f3n comercial MC-21 | El Digital de Asturias\",\"description\":\"Irkut Corporation, miembro de United Aircraft Corporation (UAC), ha presentado su avi\\u00f3n comercial MC-21-300 de fabricaci\\u00f3n rusa en su planta ubicada en Irkutsk, modelo que iniciar\\u00e1 pr\\u00f3ximamente sus primeras pruebas de vuelo, inform\\u00f3 el constructor. A la presentaci\\u00f3n en sociedad del nuevo avi\\u00f3n comercial ruso acudi\\u00f3 el primer ministro de la Federaci\\u00f3n rusa, Dimitri Medvedev,\",\"inLanguage\":\"es-ES\",\"isPartOf\":{\"@id\":\"https:\\\/\\\/eldigitaldeasturias.com\\\/magazine365\\\/#website\"},\"breadcrumb\":{\"@id\":\"https:\\\/\\\/eldigitaldeasturias.com\\\/magazine365\\\/irkut-presenta-su-avion-comercial-mc-21\\\/#breadcrumblist\"},\"author\":{\"@id\":\"https:\\\/\\\/eldigitaldeasturias.com\\\/magazine365\\\/author\\\/admin\\\/#author\"},\"creator\":{\"@id\":\"https:\\\/\\\/eldigitaldeasturias.com\\\/magazine365\\\/author\\\/admin\\\/#author\"},\"image\":{\"@type\":\"ImageObject\",\"url\":\"https:\\\/\\\/eldigitaldeasturias.com\\\/magazine365\\\/wp-content\\\/uploads\\\/2016\\\/06\\\/fotonoticia_20160609110315_800.jpg\",\"@id\":\"https:\\\/\\\/eldigitaldeasturias.com\\\/magazine365\\\/irkut-presenta-su-avion-comercial-mc-21\\\/#mainImage\",\"width\":800,\"height\":534},\"primaryImageOfPage\":{\"@id\":\"https:\\\/\\\/eldigitaldeasturias.com\\\/magazine365\\\/irkut-presenta-su-avion-comercial-mc-21\\\/#mainImage\"},\"datePublished\":\"2016-06-09T17:13:52+02:00\",\"dateModified\":\"2016-06-09T17:13:52+02:00\"},{\"@type\":\"WebSite\",\"@id\":\"https:\\\/\\\/eldigitaldeasturias.com\\\/magazine365\\\/#website\",\"url\":\"https:\\\/\\\/eldigitaldeasturias.com\\\/magazine365\\\/\",\"name\":\"El Digital de Asturias\",\"description\":\"Revista de ocio, turismo y estilo de vida\",\"inLanguage\":\"es-ES\",\"publisher\":{\"@id\":\"https:\\\/\\\/eldigitaldeasturias.com\\\/magazine365\\\/#organization\"}}]}\n\t\t<\/script>\n\t\t<!-- All in One SEO Pro -->\r\n\t\t<title>Irkut presenta su avi\u00f3n comercial MC-21 | El Digital de Asturias<\/title>\n\n","aioseo_head_json":{"title":"Irkut presenta su avi\u00f3n comercial MC-21 | El Digital de Asturias","description":"Irkut Corporation, miembro de United Aircraft Corporation (UAC), ha presentado su avi\u00f3n comercial MC-21-300 de fabricaci\u00f3n rusa en su planta ubicada en Irkutsk, modelo que iniciar\u00e1 pr\u00f3ximamente sus primeras pruebas de vuelo, inform\u00f3 el constructor. A la presentaci\u00f3n en sociedad del nuevo avi\u00f3n comercial ruso acudi\u00f3 el primer ministro de la Federaci\u00f3n rusa, Dimitri Medvedev,","canonical_url":"https:\/\/eldigitaldeasturias.com\/magazine365\/irkut-presenta-su-avion-comercial-mc-21\/","robots":"max-image-preview:large","keywords":"noticias y actualidad","webmasterTools":{"google-site-verification":"UA-38556648-1","miscellaneous":""},"schema":{"@context":"https:\/\/schema.org","@graph":[{"@type":"Article","@id":"https:\/\/eldigitaldeasturias.com\/magazine365\/irkut-presenta-su-avion-comercial-mc-21\/#article","name":"Irkut presenta su avi\u00f3n comercial MC-21 | El Digital de Asturias","headline":"Irkut presenta su avi\u00f3n comercial MC-21","author":{"@id":"https:\/\/eldigitaldeasturias.com\/magazine365\/author\/admin\/#author"},"publisher":{"@id":"https:\/\/eldigitaldeasturias.com\/magazine365\/#organization"},"image":{"@type":"ImageObject","url":"https:\/\/eldigitaldeasturias.com\/magazine365\/wp-content\/uploads\/2016\/06\/fotonoticia_20160609110315_800.jpg","width":800,"height":534},"datePublished":"2016-06-09T17:13:52+02:00","dateModified":"2016-06-09T17:13:52+02:00","inLanguage":"es-ES","mainEntityOfPage":{"@id":"https:\/\/eldigitaldeasturias.com\/magazine365\/irkut-presenta-su-avion-comercial-mc-21\/#webpage"},"isPartOf":{"@id":"https:\/\/eldigitaldeasturias.com\/magazine365\/irkut-presenta-su-avion-comercial-mc-21\/#webpage"},"articleSection":"Noticias y Actualidad"},{"@type":"BreadcrumbList","@id":"https:\/\/eldigitaldeasturias.com\/magazine365\/irkut-presenta-su-avion-comercial-mc-21\/#breadcrumblist","itemListElement":[{"@type":"ListItem","@id":"https:\/\/eldigitaldeasturias.com\/magazine365#listItem","position":1,"name":"Home","item":"https:\/\/eldigitaldeasturias.com\/magazine365","nextItem":{"@type":"ListItem","@id":"https:\/\/eldigitaldeasturias.com\/magazine365\/category\/noticias-actualidad\/#listItem","name":"Noticias y Actualidad"}},{"@type":"ListItem","@id":"https:\/\/eldigitaldeasturias.com\/magazine365\/category\/noticias-actualidad\/#listItem","position":2,"name":"Noticias y Actualidad","item":"https:\/\/eldigitaldeasturias.com\/magazine365\/category\/noticias-actualidad\/","nextItem":{"@type":"ListItem","@id":"https:\/\/eldigitaldeasturias.com\/magazine365\/irkut-presenta-su-avion-comercial-mc-21\/#listItem","name":"Irkut presenta su avi\u00f3n comercial MC-21"},"previousItem":{"@type":"ListItem","@id":"https:\/\/eldigitaldeasturias.com\/magazine365#listItem","name":"Home"}},{"@type":"ListItem","@id":"https:\/\/eldigitaldeasturias.com\/magazine365\/irkut-presenta-su-avion-comercial-mc-21\/#listItem","position":3,"name":"Irkut presenta su avi\u00f3n comercial MC-21","previousItem":{"@type":"ListItem","@id":"https:\/\/eldigitaldeasturias.com\/magazine365\/category\/noticias-actualidad\/#listItem","name":"Noticias y Actualidad"}}]},{"@type":"Organization","@id":"https:\/\/eldigitaldeasturias.com\/magazine365\/#organization","name":"El digital de Asturias","description":"Revista de ocio, turismo y estilo de vida","url":"https:\/\/eldigitaldeasturias.com\/magazine365\/","logo":{"@type":"ImageObject","url":"https:\/\/www.eldigitaldeasturias.com\/noticias\/wp-content\/uploads\/2020\/12\/EDA.jpg","@id":"https:\/\/eldigitaldeasturias.com\/magazine365\/irkut-presenta-su-avion-comercial-mc-21\/#organizationLogo"},"image":{"@id":"https:\/\/eldigitaldeasturias.com\/magazine365\/irkut-presenta-su-avion-comercial-mc-21\/#organizationLogo"}},{"@type":"Person","@id":"https:\/\/eldigitaldeasturias.com\/magazine365\/author\/admin\/#author","url":"https:\/\/eldigitaldeasturias.com\/magazine365\/author\/admin\/","name":"admin","image":{"@type":"ImageObject","@id":"https:\/\/eldigitaldeasturias.com\/magazine365\/irkut-presenta-su-avion-comercial-mc-21\/#authorImage","url":"https:\/\/eldigitaldeasturias.com\/magazine365\/wp-content\/litespeed\/avatar\/e571bcf59a0edd6fa6838245a470f2fe.jpg?ver=1776969259","width":96,"height":96,"caption":"admin"}},{"@type":"WebPage","@id":"https:\/\/eldigitaldeasturias.com\/magazine365\/irkut-presenta-su-avion-comercial-mc-21\/#webpage","url":"https:\/\/eldigitaldeasturias.com\/magazine365\/irkut-presenta-su-avion-comercial-mc-21\/","name":"Irkut presenta su avi\u00f3n comercial MC-21 | El Digital de Asturias","description":"Irkut Corporation, miembro de United Aircraft Corporation (UAC), ha presentado su avi\u00f3n comercial MC-21-300 de fabricaci\u00f3n rusa en su planta ubicada en Irkutsk, modelo que iniciar\u00e1 pr\u00f3ximamente sus primeras pruebas de vuelo, inform\u00f3 el constructor. A la presentaci\u00f3n en sociedad del nuevo avi\u00f3n comercial ruso acudi\u00f3 el primer ministro de la Federaci\u00f3n rusa, Dimitri Medvedev,","inLanguage":"es-ES","isPartOf":{"@id":"https:\/\/eldigitaldeasturias.com\/magazine365\/#website"},"breadcrumb":{"@id":"https:\/\/eldigitaldeasturias.com\/magazine365\/irkut-presenta-su-avion-comercial-mc-21\/#breadcrumblist"},"author":{"@id":"https:\/\/eldigitaldeasturias.com\/magazine365\/author\/admin\/#author"},"creator":{"@id":"https:\/\/eldigitaldeasturias.com\/magazine365\/author\/admin\/#author"},"image":{"@type":"ImageObject","url":"https:\/\/eldigitaldeasturias.com\/magazine365\/wp-content\/uploads\/2016\/06\/fotonoticia_20160609110315_800.jpg","@id":"https:\/\/eldigitaldeasturias.com\/magazine365\/irkut-presenta-su-avion-comercial-mc-21\/#mainImage","width":800,"height":534},"primaryImageOfPage":{"@id":"https:\/\/eldigitaldeasturias.com\/magazine365\/irkut-presenta-su-avion-comercial-mc-21\/#mainImage"},"datePublished":"2016-06-09T17:13:52+02:00","dateModified":"2016-06-09T17:13:52+02:00"},{"@type":"WebSite","@id":"https:\/\/eldigitaldeasturias.com\/magazine365\/#website","url":"https:\/\/eldigitaldeasturias.com\/magazine365\/","name":"El Digital de Asturias","description":"Revista de ocio, turismo y estilo de vida","inLanguage":"es-ES","publisher":{"@id":"https:\/\/eldigitaldeasturias.com\/magazine365\/#organization"}}]},"og:locale":"es_ES","og:site_name":"El Digital de Asturias \u2013 Revista de ocio, turismo y estilo de vida","og:type":"article","og:title":"Irkut presenta su avi\u00f3n comercial MC-21 | El Digital de Asturias","og:description":"Irkut Corporation, miembro de United Aircraft Corporation (UAC), ha presentado su avi\u00f3n comercial MC-21-300 de fabricaci\u00f3n rusa en su planta ubicada en Irkutsk, modelo que iniciar\u00e1 pr\u00f3ximamente sus primeras pruebas de vuelo, inform\u00f3 el constructor. A la presentaci\u00f3n en sociedad del nuevo avi\u00f3n comercial ruso acudi\u00f3 el primer ministro de la Federaci\u00f3n rusa, Dimitri Medvedev,","og:url":"https:\/\/eldigitaldeasturias.com\/magazine365\/irkut-presenta-su-avion-comercial-mc-21\/","og:image":"https:\/\/eldigitaldeasturias.com\/magazine365\/wp-content\/uploads\/2016\/06\/fotonoticia_20160609110315_800.jpg","og:image:secure_url":"https:\/\/eldigitaldeasturias.com\/magazine365\/wp-content\/uploads\/2016\/06\/fotonoticia_20160609110315_800.jpg","og:image:width":800,"og:image:height":534,"article:published_time":"2016-06-09T15:13:52+00:00","article:modified_time":"2016-06-09T15:13:52+00:00","twitter:card":"summary_large_image","twitter:title":"Irkut presenta su avi\u00f3n comercial MC-21 | El Digital de Asturias","twitter:description":"Irkut Corporation, miembro de United Aircraft Corporation (UAC), ha presentado su avi\u00f3n comercial MC-21-300 de fabricaci\u00f3n rusa en su planta ubicada en Irkutsk, modelo que iniciar\u00e1 pr\u00f3ximamente sus primeras pruebas de vuelo, inform\u00f3 el constructor. A la presentaci\u00f3n en sociedad del nuevo avi\u00f3n comercial ruso acudi\u00f3 el primer ministro de la Federaci\u00f3n rusa, Dimitri Medvedev,","twitter:image":"https:\/\/eldigitaldeasturias.com\/magazine365\/wp-content\/uploads\/2016\/06\/fotonoticia_20160609110315_800.jpg"},"aioseo_meta_data":{"post_id":"78428","title":null,"description":null,"keywords":null,"keyphrases":null,"primary_term":null,"canonical_url":null,"og_title":null,"og_description":null,"og_object_type":"default","og_image_type":"default","og_image_url":null,"og_image_width":null,"og_image_height":null,"og_image_custom_url":null,"og_image_custom_fields":null,"og_video":null,"og_custom_url":null,"og_article_section":null,"og_article_tags":null,"twitter_use_og":false,"twitter_card":"default","twitter_image_type":"default","twitter_image_url":null,"twitter_image_custom_url":null,"twitter_image_custom_fields":null,"twitter_title":null,"twitter_description":null,"schema":{"blockGraphs":[],"customGraphs":[],"default":{"data":{"Article":[],"Course":[],"Dataset":[],"FAQPage":[],"Movie":[],"Person":[],"Product":[],"ProductReview":[],"Car":[],"Recipe":[],"Service":[],"SoftwareApplication":[],"WebPage":[]},"graphName":"","isEnabled":true},"graphs":[],"defaultGraph":"","defaultPostTypeGraph":""},"schema_type":null,"schema_type_options":null,"pillar_content":false,"robots_default":true,"robots_noindex":false,"robots_noarchive":false,"robots_nosnippet":false,"robots_nofollow":false,"robots_noimageindex":false,"robots_noodp":false,"robots_notranslate":false,"robots_max_snippet":null,"robots_max_videopreview":null,"robots_max_imagepreview":"large","priority":null,"frequency":null,"location":null,"local_seo":null,"seo_analyzer_scan_date":"2025-09-27 16:56:11","breadcrumb_settings":null,"limit_modified_date":false,"open_ai":null,"ai":null,"created":"2021-03-08 18:00:49","updated":"2025-09-27 16:56:11"},"aioseo_breadcrumb":"<div class=\"aioseo-breadcrumbs\"><span class=\"aioseo-breadcrumb\">\n\t<a href=\"https:\/\/eldigitaldeasturias.com\/magazine365\" title=\"Home\">Home<\/a>\n<\/span><span class=\"aioseo-breadcrumb-separator\">\u2013<\/span><span class=\"aioseo-breadcrumb\">\n\t<a href=\"https:\/\/eldigitaldeasturias.com\/magazine365\/category\/noticias-actualidad\/\" title=\"Noticias y Actualidad\">Noticias y Actualidad<\/a>\n<\/span><span class=\"aioseo-breadcrumb-separator\">\u2013<\/span><span class=\"aioseo-breadcrumb\">\n\t<a href=\"https:\/\/eldigitaldeasturias.com\/magazine365\/irkut-presenta-su-avion-comercial-mc-21\/\" title=\"Irkut presenta su avi\u00f3n comercial MC-21\">Irkut presenta su avi\u00f3n comercial MC-21<\/a>\n<\/span><\/div>","aioseo_breadcrumb_json":[{"label":"Home","link":"https:\/\/eldigitaldeasturias.com\/magazine365"},{"label":"Noticias y Actualidad","link":"https:\/\/eldigitaldeasturias.com\/magazine365\/category\/noticias-actualidad\/"},{"label":"Irkut presenta su avi\u00f3n comercial MC-21","link":"https:\/\/eldigitaldeasturias.com\/magazine365\/irkut-presenta-su-avion-comercial-mc-21\/"}],"_links":{"self":[{"href":"https:\/\/eldigitaldeasturias.com\/magazine365\/wp-json\/wp\/v2\/posts\/78428","targetHints":{"allow":["GET"]}}],"collection":[{"href":"https:\/\/eldigitaldeasturias.com\/magazine365\/wp-json\/wp\/v2\/posts"}],"about":[{"href":"https:\/\/eldigitaldeasturias.com\/magazine365\/wp-json\/wp\/v2\/types\/post"}],"author":[{"embeddable":true,"href":"https:\/\/eldigitaldeasturias.com\/magazine365\/wp-json\/wp\/v2\/users\/1"}],"replies":[{"embeddable":true,"href":"https:\/\/eldigitaldeasturias.com\/magazine365\/wp-json\/wp\/v2\/comments?post=78428"}],"version-history":[{"count":0,"href":"https:\/\/eldigitaldeasturias.com\/magazine365\/wp-json\/wp\/v2\/posts\/78428\/revisions"}],"wp:featuredmedia":[{"embeddable":true,"href":"https:\/\/eldigitaldeasturias.com\/magazine365\/wp-json\/wp\/v2\/media\/78429"}],"wp:attachment":[{"href":"https:\/\/eldigitaldeasturias.com\/magazine365\/wp-json\/wp\/v2\/media?parent=78428"}],"wp:term":[{"taxonomy":"category","embeddable":true,"href":"https:\/\/eldigitaldeasturias.com\/magazine365\/wp-json\/wp\/v2\/categories?post=78428"},{"taxonomy":"post_tag","embeddable":true,"href":"https:\/\/eldigitaldeasturias.com\/magazine365\/wp-json\/wp\/v2\/tags?post=78428"}],"curies":[{"name":"wp","href":"https:\/\/api.w.org\/{rel}","templated":true}]}}