{"id":78423,"date":"2016-06-09T17:12:01","date_gmt":"2016-06-09T15:12:01","guid":{"rendered":"http:\/\/eldigitaldeasturias.com\/magazine365\/?p=78423"},"modified":"2016-06-10T09:32:20","modified_gmt":"2016-06-10T07:32:20","slug":"el-programa-de-turismo-sostenible-objeto-de-debate-en-la-junta-del-principado-de-asturias","status":"publish","type":"post","link":"https:\/\/eldigitaldeasturias.com\/magazine365\/el-programa-de-turismo-sostenible-objeto-de-debate-en-la-junta-del-principado-de-asturias\/","title":{"rendered":"El Programa de Turismo Sostenible en Asturias, objeto de debate en la Junta"},"content":{"rendered":"<p><img fetchpriority=\"high\" decoding=\"async\" class=\"alignleft size-medium wp-image-78424\" src=\"https:\/\/eldigitaldeasturias.com\/magazine365\/wp-content\/uploads\/2016\/06\/fotonoticia_20160609104914_800-360x270.jpg\" alt=\"fotonoticia_20160609104914_800\" width=\"360\" height=\"270\" srcset=\"https:\/\/eldigitaldeasturias.com\/magazine365\/wp-content\/uploads\/2016\/06\/fotonoticia_20160609104914_800-360x270.jpg 360w, https:\/\/eldigitaldeasturias.com\/magazine365\/wp-content\/uploads\/2016\/06\/fotonoticia_20160609104914_800-650x488.jpg 650w, https:\/\/eldigitaldeasturias.com\/magazine365\/wp-content\/uploads\/2016\/06\/fotonoticia_20160609104914_800-768x576.jpg 768w, https:\/\/eldigitaldeasturias.com\/magazine365\/wp-content\/uploads\/2016\/06\/fotonoticia_20160609104914_800-150x113.jpg 150w, https:\/\/eldigitaldeasturias.com\/magazine365\/wp-content\/uploads\/2016\/06\/fotonoticia_20160609104914_800-450x338.jpg 450w, https:\/\/eldigitaldeasturias.com\/magazine365\/wp-content\/uploads\/2016\/06\/fotonoticia_20160609104914_800-90x67.jpg 90w, https:\/\/eldigitaldeasturias.com\/magazine365\/wp-content\/uploads\/2016\/06\/fotonoticia_20160609104914_800-164x124.jpg 164w, https:\/\/eldigitaldeasturias.com\/magazine365\/wp-content\/uploads\/2016\/06\/fotonoticia_20160609104914_800-100x75.jpg 100w, https:\/\/eldigitaldeasturias.com\/magazine365\/wp-content\/uploads\/2016\/06\/fotonoticia_20160609104914_800.jpg 800w\" sizes=\"(max-width: 360px) 100vw, 360px\" \/>El consejero de Industria, Turismo y Empleo, Francisco Blanco, ha defendido este jueves en el Parlamento la alta participaci\u00f3n y la absoluta transparencia en el proceso de elaboraci\u00f3n del Programa de Turismo Sostenible para el periodo 2016-2020.<\/p>\n<p>Blanco ha sido interpelado por la diputada de Podemos, Paula Valero, sobre dicho programa y ha rechazado las cr\u00edticas del grupo parlamentario morado que ha considerado un \u00abparip\u00e9 m\u00e1s de los socialistas\u00bb.<\/p>\n<p>\u00abA usted nadie le quita su derecho a participar, lo que ocurre es que la fase de su participaci\u00f3n viene ahora. Los representantes del sector est\u00e1n en una fase y usted est\u00e1 en otra\u00bb, ha indicado Blanco, ante la queja de Paula Valero que ha manifestado que no pudo participar hasta ahora como diputada de Podemos, sino que tuvo que hacerlo como miembro de la asociaci\u00f3n tur\u00edstica.<\/p>\n<p>As\u00ed ha insistido en no ha habido ninguna dificultad para la participaci\u00f3n de profesionales, organismos y ciudadan\u00eda en la elaboraci\u00f3n del programa y ha dado cuenta de las numerosas asociaciones y dem\u00e1s organismos y grupos de profesionales que han participado en el mismo.<\/p>\n<p>El consejero ha considerado m\u00e1s importante hablar del contenido del Programa y como algunas de las l\u00edneas a seguir ha destacado la necesidad de segmentar el producto tur\u00edstico asturiano enfocando mercados especializados, as\u00ed como apostar por nuyevas modalidades que escapen del turismo m\u00e1s tradicional de sol y playa.<\/p>\n<p>Paula Valero por su parte ha mostrado sus cr\u00edticas por las dificultades que su grupo se ha encontrado a la hora de participar en la elaboraci\u00f3n del Programa y ha acusado al Gobierno de buscar \u00abponer palos en las ruedas de la participaci\u00f3n ciudadana\u00bb.<\/p>\n<p>Tambi\u00e9n ha mostrado las dudas de Podemos respecto a las directrices del Programa y ha lanzado sus dudas sobre lo que para el Gobierno supone la palabra \u00absostenibilidad\u00bb respecto al turismo y los indicadores que piensan utilizar al respecto.<\/p>\n","protected":false},"excerpt":{"rendered":"<p>El consejero de Industria, Turismo y Empleo, Francisco Blanco, ha defendido este jueves en el Parlamento la alta participaci\u00f3n y la absoluta transparencia en el proceso de elaboraci\u00f3n del Programa de Turismo Sostenible para el periodo 2016-2020. Blanco ha sido interpelado por la diputada de Podemos, Paula Valero, sobre dicho programa y ha rechazado las<\/p>\n","protected":false},"author":1,"featured_media":78424,"comment_status":"open","ping_status":"closed","sticky":false,"template":"","format":"standard","meta":{"footnotes":""},"categories":[224],"tags":[],"class_list":{"0":"post-78423","1":"post","2":"type-post","3":"status-publish","4":"format-standard","5":"has-post-thumbnail","7":"category-noticias-actualidad"},"aioseo_notices":[],"aioseo_head":"\n\t\t<!-- All in One SEO Pro 4.9.6.1 - aioseo.com -->\n\t<meta name=\"description\" content=\"El consejero de Industria, Turismo y Empleo, Francisco Blanco, ha defendido este jueves en el Parlamento la alta participaci\u00f3n y la absoluta transparencia en el proceso de elaboraci\u00f3n del Programa de Turismo Sostenible para el periodo 2016-2020. Blanco ha sido interpelado por la diputada de Podemos, Paula Valero, sobre dicho programa y ha rechazado las\" \/>\n\t<meta name=\"robots\" content=\"max-image-preview:large\" \/>\n\t<meta name=\"author\" content=\"admin\"\/>\n\t<meta name=\"google-site-verification\" content=\"UA-38556648-1\" \/>\n\t<meta name=\"keywords\" content=\"noticias y actualidad\" \/>\n\t<link rel=\"canonical\" href=\"https:\/\/eldigitaldeasturias.com\/magazine365\/el-programa-de-turismo-sostenible-objeto-de-debate-en-la-junta-del-principado-de-asturias\/\" \/>\n\t<meta name=\"generator\" content=\"All in One SEO Pro (AIOSEO) 4.9.6.1\" \/>\n\t\t<meta property=\"og:locale\" content=\"es_ES\" \/>\n\t\t<meta property=\"og:site_name\" content=\"El Digital de Asturias \u2013 Revista de ocio, turismo y estilo de vida\" \/>\n\t\t<meta property=\"og:type\" content=\"article\" \/>\n\t\t<meta property=\"og:title\" content=\"El Programa de Turismo Sostenible en Asturias, objeto de debate en la Junta | El Digital de Asturias\" \/>\n\t\t<meta property=\"og:description\" content=\"El consejero de Industria, Turismo y Empleo, Francisco Blanco, ha defendido este jueves en el Parlamento la alta participaci\u00f3n y la absoluta transparencia en el proceso de elaboraci\u00f3n del Programa de Turismo Sostenible para el periodo 2016-2020. Blanco ha sido interpelado por la diputada de Podemos, Paula Valero, sobre dicho programa y ha rechazado las\" \/>\n\t\t<meta property=\"og:url\" content=\"https:\/\/eldigitaldeasturias.com\/magazine365\/el-programa-de-turismo-sostenible-objeto-de-debate-en-la-junta-del-principado-de-asturias\/\" \/>\n\t\t<meta property=\"og:image\" content=\"https:\/\/eldigitaldeasturias.com\/magazine365\/wp-content\/uploads\/2016\/06\/fotonoticia_20160609104914_800.jpg\" \/>\n\t\t<meta property=\"og:image:secure_url\" content=\"https:\/\/eldigitaldeasturias.com\/magazine365\/wp-content\/uploads\/2016\/06\/fotonoticia_20160609104914_800.jpg\" \/>\n\t\t<meta property=\"og:image:width\" content=\"800\" \/>\n\t\t<meta property=\"og:image:height\" content=\"600\" \/>\n\t\t<meta property=\"article:published_time\" content=\"2016-06-09T15:12:01+00:00\" \/>\n\t\t<meta property=\"article:modified_time\" content=\"2016-06-10T07:32:20+00:00\" \/>\n\t\t<meta name=\"twitter:card\" content=\"summary_large_image\" \/>\n\t\t<meta name=\"twitter:title\" content=\"El Programa de Turismo Sostenible en Asturias, objeto de debate en la Junta | El Digital de Asturias\" \/>\n\t\t<meta name=\"twitter:description\" content=\"El consejero de Industria, Turismo y Empleo, Francisco Blanco, ha defendido este jueves en el Parlamento la alta participaci\u00f3n y la absoluta transparencia en el proceso de elaboraci\u00f3n del Programa de Turismo Sostenible para el periodo 2016-2020. Blanco ha sido interpelado por la diputada de Podemos, Paula Valero, sobre dicho programa y ha rechazado las\" \/>\n\t\t<meta name=\"twitter:image\" content=\"https:\/\/eldigitaldeasturias.com\/magazine365\/wp-content\/uploads\/2016\/06\/fotonoticia_20160609104914_800.jpg\" \/>\n\t\t<script type=\"application\/ld+json\" class=\"aioseo-schema\">\n\t\t\t{\"@context\":\"https:\\\/\\\/schema.org\",\"@graph\":[{\"@type\":\"Article\",\"@id\":\"https:\\\/\\\/eldigitaldeasturias.com\\\/magazine365\\\/el-programa-de-turismo-sostenible-objeto-de-debate-en-la-junta-del-principado-de-asturias\\\/#article\",\"name\":\"El Programa de Turismo Sostenible en Asturias, objeto de debate en la Junta | El Digital de Asturias\",\"headline\":\"El Programa de Turismo Sostenible en Asturias, objeto de debate en la Junta\",\"author\":{\"@id\":\"https:\\\/\\\/eldigitaldeasturias.com\\\/magazine365\\\/author\\\/admin\\\/#author\"},\"publisher\":{\"@id\":\"https:\\\/\\\/eldigitaldeasturias.com\\\/magazine365\\\/#organization\"},\"image\":{\"@type\":\"ImageObject\",\"url\":\"https:\\\/\\\/eldigitaldeasturias.com\\\/magazine365\\\/wp-content\\\/uploads\\\/2016\\\/06\\\/fotonoticia_20160609104914_800.jpg\",\"width\":800,\"height\":600},\"datePublished\":\"2016-06-09T17:12:01+02:00\",\"dateModified\":\"2016-06-10T09:32:20+02:00\",\"inLanguage\":\"es-ES\",\"mainEntityOfPage\":{\"@id\":\"https:\\\/\\\/eldigitaldeasturias.com\\\/magazine365\\\/el-programa-de-turismo-sostenible-objeto-de-debate-en-la-junta-del-principado-de-asturias\\\/#webpage\"},\"isPartOf\":{\"@id\":\"https:\\\/\\\/eldigitaldeasturias.com\\\/magazine365\\\/el-programa-de-turismo-sostenible-objeto-de-debate-en-la-junta-del-principado-de-asturias\\\/#webpage\"},\"articleSection\":\"Noticias y Actualidad\"},{\"@type\":\"BreadcrumbList\",\"@id\":\"https:\\\/\\\/eldigitaldeasturias.com\\\/magazine365\\\/el-programa-de-turismo-sostenible-objeto-de-debate-en-la-junta-del-principado-de-asturias\\\/#breadcrumblist\",\"itemListElement\":[{\"@type\":\"ListItem\",\"@id\":\"https:\\\/\\\/eldigitaldeasturias.com\\\/magazine365#listItem\",\"position\":1,\"name\":\"Home\",\"item\":\"https:\\\/\\\/eldigitaldeasturias.com\\\/magazine365\",\"nextItem\":{\"@type\":\"ListItem\",\"@id\":\"https:\\\/\\\/eldigitaldeasturias.com\\\/magazine365\\\/category\\\/noticias-actualidad\\\/#listItem\",\"name\":\"Noticias y Actualidad\"}},{\"@type\":\"ListItem\",\"@id\":\"https:\\\/\\\/eldigitaldeasturias.com\\\/magazine365\\\/category\\\/noticias-actualidad\\\/#listItem\",\"position\":2,\"name\":\"Noticias y Actualidad\",\"item\":\"https:\\\/\\\/eldigitaldeasturias.com\\\/magazine365\\\/category\\\/noticias-actualidad\\\/\",\"nextItem\":{\"@type\":\"ListItem\",\"@id\":\"https:\\\/\\\/eldigitaldeasturias.com\\\/magazine365\\\/el-programa-de-turismo-sostenible-objeto-de-debate-en-la-junta-del-principado-de-asturias\\\/#listItem\",\"name\":\"El Programa de Turismo Sostenible en Asturias, objeto de debate en la Junta\"},\"previousItem\":{\"@type\":\"ListItem\",\"@id\":\"https:\\\/\\\/eldigitaldeasturias.com\\\/magazine365#listItem\",\"name\":\"Home\"}},{\"@type\":\"ListItem\",\"@id\":\"https:\\\/\\\/eldigitaldeasturias.com\\\/magazine365\\\/el-programa-de-turismo-sostenible-objeto-de-debate-en-la-junta-del-principado-de-asturias\\\/#listItem\",\"position\":3,\"name\":\"El Programa de Turismo Sostenible en Asturias, objeto de debate en la Junta\",\"previousItem\":{\"@type\":\"ListItem\",\"@id\":\"https:\\\/\\\/eldigitaldeasturias.com\\\/magazine365\\\/category\\\/noticias-actualidad\\\/#listItem\",\"name\":\"Noticias y Actualidad\"}}]},{\"@type\":\"Organization\",\"@id\":\"https:\\\/\\\/eldigitaldeasturias.com\\\/magazine365\\\/#organization\",\"name\":\"El digital de Asturias\",\"description\":\"Revista de ocio, turismo y estilo de vida\",\"url\":\"https:\\\/\\\/eldigitaldeasturias.com\\\/magazine365\\\/\",\"logo\":{\"@type\":\"ImageObject\",\"url\":\"https:\\\/\\\/www.eldigitaldeasturias.com\\\/noticias\\\/wp-content\\\/uploads\\\/2020\\\/12\\\/EDA.jpg\",\"@id\":\"https:\\\/\\\/eldigitaldeasturias.com\\\/magazine365\\\/el-programa-de-turismo-sostenible-objeto-de-debate-en-la-junta-del-principado-de-asturias\\\/#organizationLogo\"},\"image\":{\"@id\":\"https:\\\/\\\/eldigitaldeasturias.com\\\/magazine365\\\/el-programa-de-turismo-sostenible-objeto-de-debate-en-la-junta-del-principado-de-asturias\\\/#organizationLogo\"}},{\"@type\":\"Person\",\"@id\":\"https:\\\/\\\/eldigitaldeasturias.com\\\/magazine365\\\/author\\\/admin\\\/#author\",\"url\":\"https:\\\/\\\/eldigitaldeasturias.com\\\/magazine365\\\/author\\\/admin\\\/\",\"name\":\"admin\",\"image\":{\"@type\":\"ImageObject\",\"@id\":\"https:\\\/\\\/eldigitaldeasturias.com\\\/magazine365\\\/el-programa-de-turismo-sostenible-objeto-de-debate-en-la-junta-del-principado-de-asturias\\\/#authorImage\",\"url\":\"https:\\\/\\\/eldigitaldeasturias.com\\\/magazine365\\\/wp-content\\\/litespeed\\\/avatar\\\/e571bcf59a0edd6fa6838245a470f2fe.jpg?ver=1776969259\",\"width\":96,\"height\":96,\"caption\":\"admin\"}},{\"@type\":\"WebPage\",\"@id\":\"https:\\\/\\\/eldigitaldeasturias.com\\\/magazine365\\\/el-programa-de-turismo-sostenible-objeto-de-debate-en-la-junta-del-principado-de-asturias\\\/#webpage\",\"url\":\"https:\\\/\\\/eldigitaldeasturias.com\\\/magazine365\\\/el-programa-de-turismo-sostenible-objeto-de-debate-en-la-junta-del-principado-de-asturias\\\/\",\"name\":\"El Programa de Turismo Sostenible en Asturias, objeto de debate en la Junta | El Digital de Asturias\",\"description\":\"El consejero de Industria, Turismo y Empleo, Francisco Blanco, ha defendido este jueves en el Parlamento la alta participaci\\u00f3n y la absoluta transparencia en el proceso de elaboraci\\u00f3n del Programa de Turismo Sostenible para el periodo 2016-2020. Blanco ha sido interpelado por la diputada de Podemos, Paula Valero, sobre dicho programa y ha rechazado las\",\"inLanguage\":\"es-ES\",\"isPartOf\":{\"@id\":\"https:\\\/\\\/eldigitaldeasturias.com\\\/magazine365\\\/#website\"},\"breadcrumb\":{\"@id\":\"https:\\\/\\\/eldigitaldeasturias.com\\\/magazine365\\\/el-programa-de-turismo-sostenible-objeto-de-debate-en-la-junta-del-principado-de-asturias\\\/#breadcrumblist\"},\"author\":{\"@id\":\"https:\\\/\\\/eldigitaldeasturias.com\\\/magazine365\\\/author\\\/admin\\\/#author\"},\"creator\":{\"@id\":\"https:\\\/\\\/eldigitaldeasturias.com\\\/magazine365\\\/author\\\/admin\\\/#author\"},\"image\":{\"@type\":\"ImageObject\",\"url\":\"https:\\\/\\\/eldigitaldeasturias.com\\\/magazine365\\\/wp-content\\\/uploads\\\/2016\\\/06\\\/fotonoticia_20160609104914_800.jpg\",\"@id\":\"https:\\\/\\\/eldigitaldeasturias.com\\\/magazine365\\\/el-programa-de-turismo-sostenible-objeto-de-debate-en-la-junta-del-principado-de-asturias\\\/#mainImage\",\"width\":800,\"height\":600},\"primaryImageOfPage\":{\"@id\":\"https:\\\/\\\/eldigitaldeasturias.com\\\/magazine365\\\/el-programa-de-turismo-sostenible-objeto-de-debate-en-la-junta-del-principado-de-asturias\\\/#mainImage\"},\"datePublished\":\"2016-06-09T17:12:01+02:00\",\"dateModified\":\"2016-06-10T09:32:20+02:00\"},{\"@type\":\"WebSite\",\"@id\":\"https:\\\/\\\/eldigitaldeasturias.com\\\/magazine365\\\/#website\",\"url\":\"https:\\\/\\\/eldigitaldeasturias.com\\\/magazine365\\\/\",\"name\":\"El Digital de Asturias\",\"description\":\"Revista de ocio, turismo y estilo de vida\",\"inLanguage\":\"es-ES\",\"publisher\":{\"@id\":\"https:\\\/\\\/eldigitaldeasturias.com\\\/magazine365\\\/#organization\"}}]}\n\t\t<\/script>\n\t\t<!-- All in One SEO Pro -->\r\n\t\t<title>El Programa de Turismo Sostenible en Asturias, objeto de debate en la Junta | El Digital de Asturias<\/title>\n\n","aioseo_head_json":{"title":"El Programa de Turismo Sostenible en Asturias, objeto de debate en la Junta | El Digital de Asturias","description":"El consejero de Industria, Turismo y Empleo, Francisco Blanco, ha defendido este jueves en el Parlamento la alta participaci\u00f3n y la absoluta transparencia en el proceso de elaboraci\u00f3n del Programa de Turismo Sostenible para el periodo 2016-2020. Blanco ha sido interpelado por la diputada de Podemos, Paula Valero, sobre dicho programa y ha rechazado las","canonical_url":"https:\/\/eldigitaldeasturias.com\/magazine365\/el-programa-de-turismo-sostenible-objeto-de-debate-en-la-junta-del-principado-de-asturias\/","robots":"max-image-preview:large","keywords":"noticias y actualidad","webmasterTools":{"google-site-verification":"UA-38556648-1","miscellaneous":""},"schema":{"@context":"https:\/\/schema.org","@graph":[{"@type":"Article","@id":"https:\/\/eldigitaldeasturias.com\/magazine365\/el-programa-de-turismo-sostenible-objeto-de-debate-en-la-junta-del-principado-de-asturias\/#article","name":"El Programa de Turismo Sostenible en Asturias, objeto de debate en la Junta | El Digital de Asturias","headline":"El Programa de Turismo Sostenible en Asturias, objeto de debate en la Junta","author":{"@id":"https:\/\/eldigitaldeasturias.com\/magazine365\/author\/admin\/#author"},"publisher":{"@id":"https:\/\/eldigitaldeasturias.com\/magazine365\/#organization"},"image":{"@type":"ImageObject","url":"https:\/\/eldigitaldeasturias.com\/magazine365\/wp-content\/uploads\/2016\/06\/fotonoticia_20160609104914_800.jpg","width":800,"height":600},"datePublished":"2016-06-09T17:12:01+02:00","dateModified":"2016-06-10T09:32:20+02:00","inLanguage":"es-ES","mainEntityOfPage":{"@id":"https:\/\/eldigitaldeasturias.com\/magazine365\/el-programa-de-turismo-sostenible-objeto-de-debate-en-la-junta-del-principado-de-asturias\/#webpage"},"isPartOf":{"@id":"https:\/\/eldigitaldeasturias.com\/magazine365\/el-programa-de-turismo-sostenible-objeto-de-debate-en-la-junta-del-principado-de-asturias\/#webpage"},"articleSection":"Noticias y Actualidad"},{"@type":"BreadcrumbList","@id":"https:\/\/eldigitaldeasturias.com\/magazine365\/el-programa-de-turismo-sostenible-objeto-de-debate-en-la-junta-del-principado-de-asturias\/#breadcrumblist","itemListElement":[{"@type":"ListItem","@id":"https:\/\/eldigitaldeasturias.com\/magazine365#listItem","position":1,"name":"Home","item":"https:\/\/eldigitaldeasturias.com\/magazine365","nextItem":{"@type":"ListItem","@id":"https:\/\/eldigitaldeasturias.com\/magazine365\/category\/noticias-actualidad\/#listItem","name":"Noticias y Actualidad"}},{"@type":"ListItem","@id":"https:\/\/eldigitaldeasturias.com\/magazine365\/category\/noticias-actualidad\/#listItem","position":2,"name":"Noticias y Actualidad","item":"https:\/\/eldigitaldeasturias.com\/magazine365\/category\/noticias-actualidad\/","nextItem":{"@type":"ListItem","@id":"https:\/\/eldigitaldeasturias.com\/magazine365\/el-programa-de-turismo-sostenible-objeto-de-debate-en-la-junta-del-principado-de-asturias\/#listItem","name":"El Programa de Turismo Sostenible en Asturias, objeto de debate en la Junta"},"previousItem":{"@type":"ListItem","@id":"https:\/\/eldigitaldeasturias.com\/magazine365#listItem","name":"Home"}},{"@type":"ListItem","@id":"https:\/\/eldigitaldeasturias.com\/magazine365\/el-programa-de-turismo-sostenible-objeto-de-debate-en-la-junta-del-principado-de-asturias\/#listItem","position":3,"name":"El Programa de Turismo Sostenible en Asturias, objeto de debate en la Junta","previousItem":{"@type":"ListItem","@id":"https:\/\/eldigitaldeasturias.com\/magazine365\/category\/noticias-actualidad\/#listItem","name":"Noticias y Actualidad"}}]},{"@type":"Organization","@id":"https:\/\/eldigitaldeasturias.com\/magazine365\/#organization","name":"El digital de Asturias","description":"Revista de ocio, turismo y estilo de vida","url":"https:\/\/eldigitaldeasturias.com\/magazine365\/","logo":{"@type":"ImageObject","url":"https:\/\/www.eldigitaldeasturias.com\/noticias\/wp-content\/uploads\/2020\/12\/EDA.jpg","@id":"https:\/\/eldigitaldeasturias.com\/magazine365\/el-programa-de-turismo-sostenible-objeto-de-debate-en-la-junta-del-principado-de-asturias\/#organizationLogo"},"image":{"@id":"https:\/\/eldigitaldeasturias.com\/magazine365\/el-programa-de-turismo-sostenible-objeto-de-debate-en-la-junta-del-principado-de-asturias\/#organizationLogo"}},{"@type":"Person","@id":"https:\/\/eldigitaldeasturias.com\/magazine365\/author\/admin\/#author","url":"https:\/\/eldigitaldeasturias.com\/magazine365\/author\/admin\/","name":"admin","image":{"@type":"ImageObject","@id":"https:\/\/eldigitaldeasturias.com\/magazine365\/el-programa-de-turismo-sostenible-objeto-de-debate-en-la-junta-del-principado-de-asturias\/#authorImage","url":"https:\/\/eldigitaldeasturias.com\/magazine365\/wp-content\/litespeed\/avatar\/e571bcf59a0edd6fa6838245a470f2fe.jpg?ver=1776969259","width":96,"height":96,"caption":"admin"}},{"@type":"WebPage","@id":"https:\/\/eldigitaldeasturias.com\/magazine365\/el-programa-de-turismo-sostenible-objeto-de-debate-en-la-junta-del-principado-de-asturias\/#webpage","url":"https:\/\/eldigitaldeasturias.com\/magazine365\/el-programa-de-turismo-sostenible-objeto-de-debate-en-la-junta-del-principado-de-asturias\/","name":"El Programa de Turismo Sostenible en Asturias, objeto de debate en la Junta | El Digital de Asturias","description":"El consejero de Industria, Turismo y Empleo, Francisco Blanco, ha defendido este jueves en el Parlamento la alta participaci\u00f3n y la absoluta transparencia en el proceso de elaboraci\u00f3n del Programa de Turismo Sostenible para el periodo 2016-2020. Blanco ha sido interpelado por la diputada de Podemos, Paula Valero, sobre dicho programa y ha rechazado las","inLanguage":"es-ES","isPartOf":{"@id":"https:\/\/eldigitaldeasturias.com\/magazine365\/#website"},"breadcrumb":{"@id":"https:\/\/eldigitaldeasturias.com\/magazine365\/el-programa-de-turismo-sostenible-objeto-de-debate-en-la-junta-del-principado-de-asturias\/#breadcrumblist"},"author":{"@id":"https:\/\/eldigitaldeasturias.com\/magazine365\/author\/admin\/#author"},"creator":{"@id":"https:\/\/eldigitaldeasturias.com\/magazine365\/author\/admin\/#author"},"image":{"@type":"ImageObject","url":"https:\/\/eldigitaldeasturias.com\/magazine365\/wp-content\/uploads\/2016\/06\/fotonoticia_20160609104914_800.jpg","@id":"https:\/\/eldigitaldeasturias.com\/magazine365\/el-programa-de-turismo-sostenible-objeto-de-debate-en-la-junta-del-principado-de-asturias\/#mainImage","width":800,"height":600},"primaryImageOfPage":{"@id":"https:\/\/eldigitaldeasturias.com\/magazine365\/el-programa-de-turismo-sostenible-objeto-de-debate-en-la-junta-del-principado-de-asturias\/#mainImage"},"datePublished":"2016-06-09T17:12:01+02:00","dateModified":"2016-06-10T09:32:20+02:00"},{"@type":"WebSite","@id":"https:\/\/eldigitaldeasturias.com\/magazine365\/#website","url":"https:\/\/eldigitaldeasturias.com\/magazine365\/","name":"El Digital de Asturias","description":"Revista de ocio, turismo y estilo de vida","inLanguage":"es-ES","publisher":{"@id":"https:\/\/eldigitaldeasturias.com\/magazine365\/#organization"}}]},"og:locale":"es_ES","og:site_name":"El Digital de Asturias \u2013 Revista de ocio, turismo y estilo de vida","og:type":"article","og:title":"El Programa de Turismo Sostenible en Asturias, objeto de debate en la Junta | El Digital de Asturias","og:description":"El consejero de Industria, Turismo y Empleo, Francisco Blanco, ha defendido este jueves en el Parlamento la alta participaci\u00f3n y la absoluta transparencia en el proceso de elaboraci\u00f3n del Programa de Turismo Sostenible para el periodo 2016-2020. Blanco ha sido interpelado por la diputada de Podemos, Paula Valero, sobre dicho programa y ha rechazado las","og:url":"https:\/\/eldigitaldeasturias.com\/magazine365\/el-programa-de-turismo-sostenible-objeto-de-debate-en-la-junta-del-principado-de-asturias\/","og:image":"https:\/\/eldigitaldeasturias.com\/magazine365\/wp-content\/uploads\/2016\/06\/fotonoticia_20160609104914_800.jpg","og:image:secure_url":"https:\/\/eldigitaldeasturias.com\/magazine365\/wp-content\/uploads\/2016\/06\/fotonoticia_20160609104914_800.jpg","og:image:width":800,"og:image:height":600,"article:published_time":"2016-06-09T15:12:01+00:00","article:modified_time":"2016-06-10T07:32:20+00:00","twitter:card":"summary_large_image","twitter:title":"El Programa de Turismo Sostenible en Asturias, objeto de debate en la Junta | El Digital de Asturias","twitter:description":"El consejero de Industria, Turismo y Empleo, Francisco Blanco, ha defendido este jueves en el Parlamento la alta participaci\u00f3n y la absoluta transparencia en el proceso de elaboraci\u00f3n del Programa de Turismo Sostenible para el periodo 2016-2020. Blanco ha sido interpelado por la diputada de Podemos, Paula Valero, sobre dicho programa y ha rechazado las","twitter:image":"https:\/\/eldigitaldeasturias.com\/magazine365\/wp-content\/uploads\/2016\/06\/fotonoticia_20160609104914_800.jpg"},"aioseo_meta_data":{"post_id":"78423","title":null,"description":null,"keywords":null,"keyphrases":null,"primary_term":null,"canonical_url":null,"og_title":null,"og_description":null,"og_object_type":"default","og_image_type":"default","og_image_url":null,"og_image_width":null,"og_image_height":null,"og_image_custom_url":null,"og_image_custom_fields":null,"og_video":null,"og_custom_url":null,"og_article_section":null,"og_article_tags":null,"twitter_use_og":false,"twitter_card":"default","twitter_image_type":"default","twitter_image_url":null,"twitter_image_custom_url":null,"twitter_image_custom_fields":null,"twitter_title":null,"twitter_description":null,"schema":{"blockGraphs":[],"customGraphs":[],"default":{"data":{"Article":[],"Course":[],"Dataset":[],"FAQPage":[],"Movie":[],"Person":[],"Product":[],"ProductReview":[],"Car":[],"Recipe":[],"Service":[],"SoftwareApplication":[],"WebPage":[]},"graphName":"","isEnabled":true},"graphs":[],"defaultGraph":"","defaultPostTypeGraph":""},"schema_type":null,"schema_type_options":null,"pillar_content":false,"robots_default":true,"robots_noindex":false,"robots_noarchive":false,"robots_nosnippet":false,"robots_nofollow":false,"robots_noimageindex":false,"robots_noodp":false,"robots_notranslate":false,"robots_max_snippet":null,"robots_max_videopreview":null,"robots_max_imagepreview":"large","priority":null,"frequency":null,"location":null,"local_seo":null,"seo_analyzer_scan_date":"2025-09-27 16:55:01","breadcrumb_settings":null,"limit_modified_date":false,"open_ai":null,"ai":null,"created":"2021-03-08 18:00:49","updated":"2025-09-27 16:55:01"},"aioseo_breadcrumb":"<div class=\"aioseo-breadcrumbs\"><span class=\"aioseo-breadcrumb\">\n\t<a href=\"https:\/\/eldigitaldeasturias.com\/magazine365\" title=\"Home\">Home<\/a>\n<\/span><span class=\"aioseo-breadcrumb-separator\">\u2013<\/span><span class=\"aioseo-breadcrumb\">\n\t<a href=\"https:\/\/eldigitaldeasturias.com\/magazine365\/category\/noticias-actualidad\/\" title=\"Noticias y Actualidad\">Noticias y Actualidad<\/a>\n<\/span><span class=\"aioseo-breadcrumb-separator\">\u2013<\/span><span class=\"aioseo-breadcrumb\">\n\t<a href=\"https:\/\/eldigitaldeasturias.com\/magazine365\/el-programa-de-turismo-sostenible-objeto-de-debate-en-la-junta-del-principado-de-asturias\/\" title=\"El Programa de Turismo Sostenible en Asturias, objeto de debate en la Junta\">El Programa de Turismo Sostenible en Asturias, objeto de debate en la Junta<\/a>\n<\/span><\/div>","aioseo_breadcrumb_json":[{"label":"Home","link":"https:\/\/eldigitaldeasturias.com\/magazine365"},{"label":"Noticias y Actualidad","link":"https:\/\/eldigitaldeasturias.com\/magazine365\/category\/noticias-actualidad\/"},{"label":"El Programa de Turismo Sostenible en Asturias, objeto de debate en la Junta","link":"https:\/\/eldigitaldeasturias.com\/magazine365\/el-programa-de-turismo-sostenible-objeto-de-debate-en-la-junta-del-principado-de-asturias\/"}],"_links":{"self":[{"href":"https:\/\/eldigitaldeasturias.com\/magazine365\/wp-json\/wp\/v2\/posts\/78423","targetHints":{"allow":["GET"]}}],"collection":[{"href":"https:\/\/eldigitaldeasturias.com\/magazine365\/wp-json\/wp\/v2\/posts"}],"about":[{"href":"https:\/\/eldigitaldeasturias.com\/magazine365\/wp-json\/wp\/v2\/types\/post"}],"author":[{"embeddable":true,"href":"https:\/\/eldigitaldeasturias.com\/magazine365\/wp-json\/wp\/v2\/users\/1"}],"replies":[{"embeddable":true,"href":"https:\/\/eldigitaldeasturias.com\/magazine365\/wp-json\/wp\/v2\/comments?post=78423"}],"version-history":[{"count":0,"href":"https:\/\/eldigitaldeasturias.com\/magazine365\/wp-json\/wp\/v2\/posts\/78423\/revisions"}],"wp:featuredmedia":[{"embeddable":true,"href":"https:\/\/eldigitaldeasturias.com\/magazine365\/wp-json\/wp\/v2\/media\/78424"}],"wp:attachment":[{"href":"https:\/\/eldigitaldeasturias.com\/magazine365\/wp-json\/wp\/v2\/media?parent=78423"}],"wp:term":[{"taxonomy":"category","embeddable":true,"href":"https:\/\/eldigitaldeasturias.com\/magazine365\/wp-json\/wp\/v2\/categories?post=78423"},{"taxonomy":"post_tag","embeddable":true,"href":"https:\/\/eldigitaldeasturias.com\/magazine365\/wp-json\/wp\/v2\/tags?post=78423"}],"curies":[{"name":"wp","href":"https:\/\/api.w.org\/{rel}","templated":true}]}}