{"id":78419,"date":"2016-06-09T17:08:20","date_gmt":"2016-06-09T15:08:20","guid":{"rendered":"http:\/\/eldigitaldeasturias.com\/magazine365\/?p=78419"},"modified":"2016-06-09T17:08:20","modified_gmt":"2016-06-09T15:08:20","slug":"ftsp-uso-denuncia-que-la-empresa-segur-iberica-tiene-una-importante-deuda-con-el-personal-de-lavacolla","status":"publish","type":"post","link":"https:\/\/eldigitaldeasturias.com\/magazine365\/ftsp-uso-denuncia-que-la-empresa-segur-iberica-tiene-una-importante-deuda-con-el-personal-de-lavacolla\/","title":{"rendered":"FTSP-USO denuncia que la empresa Segur Ib\u00e9rica tiene una importante deuda con el personal de Lavacolla"},"content":{"rendered":"<p><img fetchpriority=\"high\" decoding=\"async\" class=\"alignleft size-medium wp-image-78420\" src=\"https:\/\/eldigitaldeasturias.com\/magazine365\/wp-content\/uploads\/2016\/06\/fotonoticia_20160609104250_800-360x239.jpg\" alt=\"fotonoticia_20160609104250_800\" width=\"360\" height=\"239\" srcset=\"https:\/\/eldigitaldeasturias.com\/magazine365\/wp-content\/uploads\/2016\/06\/fotonoticia_20160609104250_800-360x239.jpg 360w, https:\/\/eldigitaldeasturias.com\/magazine365\/wp-content\/uploads\/2016\/06\/fotonoticia_20160609104250_800-650x431.jpg 650w, https:\/\/eldigitaldeasturias.com\/magazine365\/wp-content\/uploads\/2016\/06\/fotonoticia_20160609104250_800-768x510.jpg 768w, https:\/\/eldigitaldeasturias.com\/magazine365\/wp-content\/uploads\/2016\/06\/fotonoticia_20160609104250_800-150x100.jpg 150w, https:\/\/eldigitaldeasturias.com\/magazine365\/wp-content\/uploads\/2016\/06\/fotonoticia_20160609104250_800-450x299.jpg 450w, https:\/\/eldigitaldeasturias.com\/magazine365\/wp-content\/uploads\/2016\/06\/fotonoticia_20160609104250_800-121x79.jpg 121w, https:\/\/eldigitaldeasturias.com\/magazine365\/wp-content\/uploads\/2016\/06\/fotonoticia_20160609104250_800-101x66.jpg 101w, https:\/\/eldigitaldeasturias.com\/magazine365\/wp-content\/uploads\/2016\/06\/fotonoticia_20160609104250_800.jpg 800w\" sizes=\"(max-width: 360px) 100vw, 360px\" \/>El sindicato FTSP-USO ha denunciado este jueves que la empresa Segur Ib\u00e9rica finalizar\u00e1 este mes su contrato en el aeropuerto de Santiago de Compostela acumulando \u00abuna deuda de m\u00e1s de 70.000 euros\u00bb con el personal de seguridad del aer\u00f3dromo.<\/p>\n<p>Seg\u00fan los trabajadores, tras la sentencia dictada por el TSXG el pasado julio, la empresa concesionaria de este servicio deber\u00eda haber abonado a los empleados los \u00abcuantiosos atrasos de salario\u00bb. Sin embargo, \u00abhasta la fecha, y despu\u00e9s de haber solicitado la ejecuci\u00f3n de la citada sentencia en dos ocasiones, la empresa sigue sin hacerse cargo de la deuda\u00bb.<\/p>\n<p>La Federaci\u00f3n de Trabajadores de Seguridad del sindicato USO ha denunciado esta situaci\u00f3n y ha pedido la mediaci\u00f3n de Aena para resolver este conflicto.<\/p>\n","protected":false},"excerpt":{"rendered":"<p>El sindicato FTSP-USO ha denunciado este jueves que la empresa Segur Ib\u00e9rica finalizar\u00e1 este mes su contrato en el aeropuerto de Santiago de Compostela acumulando \u00abuna deuda de m\u00e1s de 70.000 euros\u00bb con el personal de seguridad del aer\u00f3dromo. Seg\u00fan los trabajadores, tras la sentencia dictada por el TSXG el pasado julio, la empresa concesionaria<\/p>\n","protected":false},"author":1,"featured_media":78420,"comment_status":"open","ping_status":"closed","sticky":false,"template":"","format":"standard","meta":{"footnotes":""},"categories":[224],"tags":[],"class_list":{"0":"post-78419","1":"post","2":"type-post","3":"status-publish","4":"format-standard","5":"has-post-thumbnail","7":"category-noticias-actualidad"},"aioseo_notices":[],"aioseo_head":"\n\t\t<!-- All in One SEO Pro 4.9.6.1 - aioseo.com -->\n\t<meta name=\"description\" content=\"El sindicato FTSP-USO ha denunciado este jueves que la empresa Segur Ib\u00e9rica finalizar\u00e1 este mes su contrato en el aeropuerto de Santiago de Compostela acumulando &quot;una deuda de m\u00e1s de 70.000 euros&quot; con el personal de seguridad del aer\u00f3dromo. Seg\u00fan los trabajadores, tras la sentencia dictada por el TSXG el pasado julio, la empresa concesionaria\" \/>\n\t<meta name=\"robots\" content=\"max-image-preview:large\" \/>\n\t<meta name=\"author\" content=\"admin\"\/>\n\t<meta name=\"google-site-verification\" content=\"UA-38556648-1\" \/>\n\t<meta name=\"keywords\" content=\"noticias y actualidad\" \/>\n\t<link rel=\"canonical\" href=\"https:\/\/eldigitaldeasturias.com\/magazine365\/ftsp-uso-denuncia-que-la-empresa-segur-iberica-tiene-una-importante-deuda-con-el-personal-de-lavacolla\/\" \/>\n\t<meta name=\"generator\" content=\"All in One SEO Pro (AIOSEO) 4.9.6.1\" \/>\n\t\t<meta property=\"og:locale\" content=\"es_ES\" \/>\n\t\t<meta property=\"og:site_name\" content=\"El Digital de Asturias \u2013 Revista de ocio, turismo y estilo de vida\" \/>\n\t\t<meta property=\"og:type\" content=\"article\" \/>\n\t\t<meta property=\"og:title\" content=\"FTSP-USO denuncia que la empresa Segur Ib\u00e9rica tiene una importante deuda con el personal de Lavacolla | El Digital de Asturias\" \/>\n\t\t<meta property=\"og:description\" content=\"El sindicato FTSP-USO ha denunciado este jueves que la empresa Segur Ib\u00e9rica finalizar\u00e1 este mes su contrato en el aeropuerto de Santiago de Compostela acumulando &quot;una deuda de m\u00e1s de 70.000 euros&quot; con el personal de seguridad del aer\u00f3dromo. Seg\u00fan los trabajadores, tras la sentencia dictada por el TSXG el pasado julio, la empresa concesionaria\" \/>\n\t\t<meta property=\"og:url\" content=\"https:\/\/eldigitaldeasturias.com\/magazine365\/ftsp-uso-denuncia-que-la-empresa-segur-iberica-tiene-una-importante-deuda-con-el-personal-de-lavacolla\/\" \/>\n\t\t<meta property=\"og:image\" content=\"https:\/\/eldigitaldeasturias.com\/magazine365\/wp-content\/uploads\/2016\/06\/fotonoticia_20160609104250_800.jpg\" \/>\n\t\t<meta property=\"og:image:secure_url\" content=\"https:\/\/eldigitaldeasturias.com\/magazine365\/wp-content\/uploads\/2016\/06\/fotonoticia_20160609104250_800.jpg\" \/>\n\t\t<meta property=\"og:image:width\" content=\"800\" \/>\n\t\t<meta property=\"og:image:height\" content=\"531\" \/>\n\t\t<meta property=\"article:published_time\" content=\"2016-06-09T15:08:20+00:00\" \/>\n\t\t<meta property=\"article:modified_time\" content=\"2016-06-09T15:08:20+00:00\" \/>\n\t\t<meta name=\"twitter:card\" content=\"summary_large_image\" \/>\n\t\t<meta name=\"twitter:title\" content=\"FTSP-USO denuncia que la empresa Segur Ib\u00e9rica tiene una importante deuda con el personal de Lavacolla | El Digital de Asturias\" \/>\n\t\t<meta name=\"twitter:description\" content=\"El sindicato FTSP-USO ha denunciado este jueves que la empresa Segur Ib\u00e9rica finalizar\u00e1 este mes su contrato en el aeropuerto de Santiago de Compostela acumulando &quot;una deuda de m\u00e1s de 70.000 euros&quot; con el personal de seguridad del aer\u00f3dromo. Seg\u00fan los trabajadores, tras la sentencia dictada por el TSXG el pasado julio, la empresa concesionaria\" \/>\n\t\t<meta name=\"twitter:image\" content=\"https:\/\/eldigitaldeasturias.com\/magazine365\/wp-content\/uploads\/2016\/06\/fotonoticia_20160609104250_800.jpg\" \/>\n\t\t<script type=\"application\/ld+json\" class=\"aioseo-schema\">\n\t\t\t{\"@context\":\"https:\\\/\\\/schema.org\",\"@graph\":[{\"@type\":\"Article\",\"@id\":\"https:\\\/\\\/eldigitaldeasturias.com\\\/magazine365\\\/ftsp-uso-denuncia-que-la-empresa-segur-iberica-tiene-una-importante-deuda-con-el-personal-de-lavacolla\\\/#article\",\"name\":\"FTSP-USO denuncia que la empresa Segur Ib\\u00e9rica tiene una importante deuda con el personal de Lavacolla | El Digital de Asturias\",\"headline\":\"FTSP-USO denuncia que la empresa Segur Ib\\u00e9rica tiene una importante deuda con el personal de Lavacolla\",\"author\":{\"@id\":\"https:\\\/\\\/eldigitaldeasturias.com\\\/magazine365\\\/author\\\/admin\\\/#author\"},\"publisher\":{\"@id\":\"https:\\\/\\\/eldigitaldeasturias.com\\\/magazine365\\\/#organization\"},\"image\":{\"@type\":\"ImageObject\",\"url\":\"https:\\\/\\\/eldigitaldeasturias.com\\\/magazine365\\\/wp-content\\\/uploads\\\/2016\\\/06\\\/fotonoticia_20160609104250_800.jpg\",\"width\":800,\"height\":531},\"datePublished\":\"2016-06-09T17:08:20+02:00\",\"dateModified\":\"2016-06-09T17:08:20+02:00\",\"inLanguage\":\"es-ES\",\"mainEntityOfPage\":{\"@id\":\"https:\\\/\\\/eldigitaldeasturias.com\\\/magazine365\\\/ftsp-uso-denuncia-que-la-empresa-segur-iberica-tiene-una-importante-deuda-con-el-personal-de-lavacolla\\\/#webpage\"},\"isPartOf\":{\"@id\":\"https:\\\/\\\/eldigitaldeasturias.com\\\/magazine365\\\/ftsp-uso-denuncia-que-la-empresa-segur-iberica-tiene-una-importante-deuda-con-el-personal-de-lavacolla\\\/#webpage\"},\"articleSection\":\"Noticias y Actualidad\"},{\"@type\":\"BreadcrumbList\",\"@id\":\"https:\\\/\\\/eldigitaldeasturias.com\\\/magazine365\\\/ftsp-uso-denuncia-que-la-empresa-segur-iberica-tiene-una-importante-deuda-con-el-personal-de-lavacolla\\\/#breadcrumblist\",\"itemListElement\":[{\"@type\":\"ListItem\",\"@id\":\"https:\\\/\\\/eldigitaldeasturias.com\\\/magazine365#listItem\",\"position\":1,\"name\":\"Home\",\"item\":\"https:\\\/\\\/eldigitaldeasturias.com\\\/magazine365\",\"nextItem\":{\"@type\":\"ListItem\",\"@id\":\"https:\\\/\\\/eldigitaldeasturias.com\\\/magazine365\\\/category\\\/noticias-actualidad\\\/#listItem\",\"name\":\"Noticias y Actualidad\"}},{\"@type\":\"ListItem\",\"@id\":\"https:\\\/\\\/eldigitaldeasturias.com\\\/magazine365\\\/category\\\/noticias-actualidad\\\/#listItem\",\"position\":2,\"name\":\"Noticias y Actualidad\",\"item\":\"https:\\\/\\\/eldigitaldeasturias.com\\\/magazine365\\\/category\\\/noticias-actualidad\\\/\",\"nextItem\":{\"@type\":\"ListItem\",\"@id\":\"https:\\\/\\\/eldigitaldeasturias.com\\\/magazine365\\\/ftsp-uso-denuncia-que-la-empresa-segur-iberica-tiene-una-importante-deuda-con-el-personal-de-lavacolla\\\/#listItem\",\"name\":\"FTSP-USO denuncia que la empresa Segur Ib\\u00e9rica tiene una importante deuda con el personal de Lavacolla\"},\"previousItem\":{\"@type\":\"ListItem\",\"@id\":\"https:\\\/\\\/eldigitaldeasturias.com\\\/magazine365#listItem\",\"name\":\"Home\"}},{\"@type\":\"ListItem\",\"@id\":\"https:\\\/\\\/eldigitaldeasturias.com\\\/magazine365\\\/ftsp-uso-denuncia-que-la-empresa-segur-iberica-tiene-una-importante-deuda-con-el-personal-de-lavacolla\\\/#listItem\",\"position\":3,\"name\":\"FTSP-USO denuncia que la empresa Segur Ib\\u00e9rica tiene una importante deuda con el personal de Lavacolla\",\"previousItem\":{\"@type\":\"ListItem\",\"@id\":\"https:\\\/\\\/eldigitaldeasturias.com\\\/magazine365\\\/category\\\/noticias-actualidad\\\/#listItem\",\"name\":\"Noticias y Actualidad\"}}]},{\"@type\":\"Organization\",\"@id\":\"https:\\\/\\\/eldigitaldeasturias.com\\\/magazine365\\\/#organization\",\"name\":\"El digital de Asturias\",\"description\":\"Revista de ocio, turismo y estilo de vida\",\"url\":\"https:\\\/\\\/eldigitaldeasturias.com\\\/magazine365\\\/\",\"logo\":{\"@type\":\"ImageObject\",\"url\":\"https:\\\/\\\/www.eldigitaldeasturias.com\\\/noticias\\\/wp-content\\\/uploads\\\/2020\\\/12\\\/EDA.jpg\",\"@id\":\"https:\\\/\\\/eldigitaldeasturias.com\\\/magazine365\\\/ftsp-uso-denuncia-que-la-empresa-segur-iberica-tiene-una-importante-deuda-con-el-personal-de-lavacolla\\\/#organizationLogo\"},\"image\":{\"@id\":\"https:\\\/\\\/eldigitaldeasturias.com\\\/magazine365\\\/ftsp-uso-denuncia-que-la-empresa-segur-iberica-tiene-una-importante-deuda-con-el-personal-de-lavacolla\\\/#organizationLogo\"}},{\"@type\":\"Person\",\"@id\":\"https:\\\/\\\/eldigitaldeasturias.com\\\/magazine365\\\/author\\\/admin\\\/#author\",\"url\":\"https:\\\/\\\/eldigitaldeasturias.com\\\/magazine365\\\/author\\\/admin\\\/\",\"name\":\"admin\",\"image\":{\"@type\":\"ImageObject\",\"@id\":\"https:\\\/\\\/eldigitaldeasturias.com\\\/magazine365\\\/ftsp-uso-denuncia-que-la-empresa-segur-iberica-tiene-una-importante-deuda-con-el-personal-de-lavacolla\\\/#authorImage\",\"url\":\"https:\\\/\\\/eldigitaldeasturias.com\\\/magazine365\\\/wp-content\\\/litespeed\\\/avatar\\\/e571bcf59a0edd6fa6838245a470f2fe.jpg?ver=1776969259\",\"width\":96,\"height\":96,\"caption\":\"admin\"}},{\"@type\":\"WebPage\",\"@id\":\"https:\\\/\\\/eldigitaldeasturias.com\\\/magazine365\\\/ftsp-uso-denuncia-que-la-empresa-segur-iberica-tiene-una-importante-deuda-con-el-personal-de-lavacolla\\\/#webpage\",\"url\":\"https:\\\/\\\/eldigitaldeasturias.com\\\/magazine365\\\/ftsp-uso-denuncia-que-la-empresa-segur-iberica-tiene-una-importante-deuda-con-el-personal-de-lavacolla\\\/\",\"name\":\"FTSP-USO denuncia que la empresa Segur Ib\\u00e9rica tiene una importante deuda con el personal de Lavacolla | El Digital de Asturias\",\"description\":\"El sindicato FTSP-USO ha denunciado este jueves que la empresa Segur Ib\\u00e9rica finalizar\\u00e1 este mes su contrato en el aeropuerto de Santiago de Compostela acumulando \\\"una deuda de m\\u00e1s de 70.000 euros\\\" con el personal de seguridad del aer\\u00f3dromo. Seg\\u00fan los trabajadores, tras la sentencia dictada por el TSXG el pasado julio, la empresa concesionaria\",\"inLanguage\":\"es-ES\",\"isPartOf\":{\"@id\":\"https:\\\/\\\/eldigitaldeasturias.com\\\/magazine365\\\/#website\"},\"breadcrumb\":{\"@id\":\"https:\\\/\\\/eldigitaldeasturias.com\\\/magazine365\\\/ftsp-uso-denuncia-que-la-empresa-segur-iberica-tiene-una-importante-deuda-con-el-personal-de-lavacolla\\\/#breadcrumblist\"},\"author\":{\"@id\":\"https:\\\/\\\/eldigitaldeasturias.com\\\/magazine365\\\/author\\\/admin\\\/#author\"},\"creator\":{\"@id\":\"https:\\\/\\\/eldigitaldeasturias.com\\\/magazine365\\\/author\\\/admin\\\/#author\"},\"image\":{\"@type\":\"ImageObject\",\"url\":\"https:\\\/\\\/eldigitaldeasturias.com\\\/magazine365\\\/wp-content\\\/uploads\\\/2016\\\/06\\\/fotonoticia_20160609104250_800.jpg\",\"@id\":\"https:\\\/\\\/eldigitaldeasturias.com\\\/magazine365\\\/ftsp-uso-denuncia-que-la-empresa-segur-iberica-tiene-una-importante-deuda-con-el-personal-de-lavacolla\\\/#mainImage\",\"width\":800,\"height\":531},\"primaryImageOfPage\":{\"@id\":\"https:\\\/\\\/eldigitaldeasturias.com\\\/magazine365\\\/ftsp-uso-denuncia-que-la-empresa-segur-iberica-tiene-una-importante-deuda-con-el-personal-de-lavacolla\\\/#mainImage\"},\"datePublished\":\"2016-06-09T17:08:20+02:00\",\"dateModified\":\"2016-06-09T17:08:20+02:00\"},{\"@type\":\"WebSite\",\"@id\":\"https:\\\/\\\/eldigitaldeasturias.com\\\/magazine365\\\/#website\",\"url\":\"https:\\\/\\\/eldigitaldeasturias.com\\\/magazine365\\\/\",\"name\":\"El Digital de Asturias\",\"description\":\"Revista de ocio, turismo y estilo de vida\",\"inLanguage\":\"es-ES\",\"publisher\":{\"@id\":\"https:\\\/\\\/eldigitaldeasturias.com\\\/magazine365\\\/#organization\"}}]}\n\t\t<\/script>\n\t\t<!-- All in One SEO Pro -->\r\n\t\t<title>FTSP-USO denuncia que la empresa Segur Ib\u00e9rica tiene una importante deuda con el personal de Lavacolla | El Digital de Asturias<\/title>\n\n","aioseo_head_json":{"title":"FTSP-USO denuncia que la empresa Segur Ib\u00e9rica tiene una importante deuda con el personal de Lavacolla | El Digital de Asturias","description":"El sindicato FTSP-USO ha denunciado este jueves que la empresa Segur Ib\u00e9rica finalizar\u00e1 este mes su contrato en el aeropuerto de Santiago de Compostela acumulando \"una deuda de m\u00e1s de 70.000 euros\" con el personal de seguridad del aer\u00f3dromo. Seg\u00fan los trabajadores, tras la sentencia dictada por el TSXG el pasado julio, la empresa concesionaria","canonical_url":"https:\/\/eldigitaldeasturias.com\/magazine365\/ftsp-uso-denuncia-que-la-empresa-segur-iberica-tiene-una-importante-deuda-con-el-personal-de-lavacolla\/","robots":"max-image-preview:large","keywords":"noticias y actualidad","webmasterTools":{"google-site-verification":"UA-38556648-1","miscellaneous":""},"schema":{"@context":"https:\/\/schema.org","@graph":[{"@type":"Article","@id":"https:\/\/eldigitaldeasturias.com\/magazine365\/ftsp-uso-denuncia-que-la-empresa-segur-iberica-tiene-una-importante-deuda-con-el-personal-de-lavacolla\/#article","name":"FTSP-USO denuncia que la empresa Segur Ib\u00e9rica tiene una importante deuda con el personal de Lavacolla | El Digital de Asturias","headline":"FTSP-USO denuncia que la empresa Segur Ib\u00e9rica tiene una importante deuda con el personal de Lavacolla","author":{"@id":"https:\/\/eldigitaldeasturias.com\/magazine365\/author\/admin\/#author"},"publisher":{"@id":"https:\/\/eldigitaldeasturias.com\/magazine365\/#organization"},"image":{"@type":"ImageObject","url":"https:\/\/eldigitaldeasturias.com\/magazine365\/wp-content\/uploads\/2016\/06\/fotonoticia_20160609104250_800.jpg","width":800,"height":531},"datePublished":"2016-06-09T17:08:20+02:00","dateModified":"2016-06-09T17:08:20+02:00","inLanguage":"es-ES","mainEntityOfPage":{"@id":"https:\/\/eldigitaldeasturias.com\/magazine365\/ftsp-uso-denuncia-que-la-empresa-segur-iberica-tiene-una-importante-deuda-con-el-personal-de-lavacolla\/#webpage"},"isPartOf":{"@id":"https:\/\/eldigitaldeasturias.com\/magazine365\/ftsp-uso-denuncia-que-la-empresa-segur-iberica-tiene-una-importante-deuda-con-el-personal-de-lavacolla\/#webpage"},"articleSection":"Noticias y Actualidad"},{"@type":"BreadcrumbList","@id":"https:\/\/eldigitaldeasturias.com\/magazine365\/ftsp-uso-denuncia-que-la-empresa-segur-iberica-tiene-una-importante-deuda-con-el-personal-de-lavacolla\/#breadcrumblist","itemListElement":[{"@type":"ListItem","@id":"https:\/\/eldigitaldeasturias.com\/magazine365#listItem","position":1,"name":"Home","item":"https:\/\/eldigitaldeasturias.com\/magazine365","nextItem":{"@type":"ListItem","@id":"https:\/\/eldigitaldeasturias.com\/magazine365\/category\/noticias-actualidad\/#listItem","name":"Noticias y Actualidad"}},{"@type":"ListItem","@id":"https:\/\/eldigitaldeasturias.com\/magazine365\/category\/noticias-actualidad\/#listItem","position":2,"name":"Noticias y Actualidad","item":"https:\/\/eldigitaldeasturias.com\/magazine365\/category\/noticias-actualidad\/","nextItem":{"@type":"ListItem","@id":"https:\/\/eldigitaldeasturias.com\/magazine365\/ftsp-uso-denuncia-que-la-empresa-segur-iberica-tiene-una-importante-deuda-con-el-personal-de-lavacolla\/#listItem","name":"FTSP-USO denuncia que la empresa Segur Ib\u00e9rica tiene una importante deuda con el personal de Lavacolla"},"previousItem":{"@type":"ListItem","@id":"https:\/\/eldigitaldeasturias.com\/magazine365#listItem","name":"Home"}},{"@type":"ListItem","@id":"https:\/\/eldigitaldeasturias.com\/magazine365\/ftsp-uso-denuncia-que-la-empresa-segur-iberica-tiene-una-importante-deuda-con-el-personal-de-lavacolla\/#listItem","position":3,"name":"FTSP-USO denuncia que la empresa Segur Ib\u00e9rica tiene una importante deuda con el personal de Lavacolla","previousItem":{"@type":"ListItem","@id":"https:\/\/eldigitaldeasturias.com\/magazine365\/category\/noticias-actualidad\/#listItem","name":"Noticias y Actualidad"}}]},{"@type":"Organization","@id":"https:\/\/eldigitaldeasturias.com\/magazine365\/#organization","name":"El digital de Asturias","description":"Revista de ocio, turismo y estilo de vida","url":"https:\/\/eldigitaldeasturias.com\/magazine365\/","logo":{"@type":"ImageObject","url":"https:\/\/www.eldigitaldeasturias.com\/noticias\/wp-content\/uploads\/2020\/12\/EDA.jpg","@id":"https:\/\/eldigitaldeasturias.com\/magazine365\/ftsp-uso-denuncia-que-la-empresa-segur-iberica-tiene-una-importante-deuda-con-el-personal-de-lavacolla\/#organizationLogo"},"image":{"@id":"https:\/\/eldigitaldeasturias.com\/magazine365\/ftsp-uso-denuncia-que-la-empresa-segur-iberica-tiene-una-importante-deuda-con-el-personal-de-lavacolla\/#organizationLogo"}},{"@type":"Person","@id":"https:\/\/eldigitaldeasturias.com\/magazine365\/author\/admin\/#author","url":"https:\/\/eldigitaldeasturias.com\/magazine365\/author\/admin\/","name":"admin","image":{"@type":"ImageObject","@id":"https:\/\/eldigitaldeasturias.com\/magazine365\/ftsp-uso-denuncia-que-la-empresa-segur-iberica-tiene-una-importante-deuda-con-el-personal-de-lavacolla\/#authorImage","url":"https:\/\/eldigitaldeasturias.com\/magazine365\/wp-content\/litespeed\/avatar\/e571bcf59a0edd6fa6838245a470f2fe.jpg?ver=1776969259","width":96,"height":96,"caption":"admin"}},{"@type":"WebPage","@id":"https:\/\/eldigitaldeasturias.com\/magazine365\/ftsp-uso-denuncia-que-la-empresa-segur-iberica-tiene-una-importante-deuda-con-el-personal-de-lavacolla\/#webpage","url":"https:\/\/eldigitaldeasturias.com\/magazine365\/ftsp-uso-denuncia-que-la-empresa-segur-iberica-tiene-una-importante-deuda-con-el-personal-de-lavacolla\/","name":"FTSP-USO denuncia que la empresa Segur Ib\u00e9rica tiene una importante deuda con el personal de Lavacolla | El Digital de Asturias","description":"El sindicato FTSP-USO ha denunciado este jueves que la empresa Segur Ib\u00e9rica finalizar\u00e1 este mes su contrato en el aeropuerto de Santiago de Compostela acumulando \"una deuda de m\u00e1s de 70.000 euros\" con el personal de seguridad del aer\u00f3dromo. Seg\u00fan los trabajadores, tras la sentencia dictada por el TSXG el pasado julio, la empresa concesionaria","inLanguage":"es-ES","isPartOf":{"@id":"https:\/\/eldigitaldeasturias.com\/magazine365\/#website"},"breadcrumb":{"@id":"https:\/\/eldigitaldeasturias.com\/magazine365\/ftsp-uso-denuncia-que-la-empresa-segur-iberica-tiene-una-importante-deuda-con-el-personal-de-lavacolla\/#breadcrumblist"},"author":{"@id":"https:\/\/eldigitaldeasturias.com\/magazine365\/author\/admin\/#author"},"creator":{"@id":"https:\/\/eldigitaldeasturias.com\/magazine365\/author\/admin\/#author"},"image":{"@type":"ImageObject","url":"https:\/\/eldigitaldeasturias.com\/magazine365\/wp-content\/uploads\/2016\/06\/fotonoticia_20160609104250_800.jpg","@id":"https:\/\/eldigitaldeasturias.com\/magazine365\/ftsp-uso-denuncia-que-la-empresa-segur-iberica-tiene-una-importante-deuda-con-el-personal-de-lavacolla\/#mainImage","width":800,"height":531},"primaryImageOfPage":{"@id":"https:\/\/eldigitaldeasturias.com\/magazine365\/ftsp-uso-denuncia-que-la-empresa-segur-iberica-tiene-una-importante-deuda-con-el-personal-de-lavacolla\/#mainImage"},"datePublished":"2016-06-09T17:08:20+02:00","dateModified":"2016-06-09T17:08:20+02:00"},{"@type":"WebSite","@id":"https:\/\/eldigitaldeasturias.com\/magazine365\/#website","url":"https:\/\/eldigitaldeasturias.com\/magazine365\/","name":"El Digital de Asturias","description":"Revista de ocio, turismo y estilo de vida","inLanguage":"es-ES","publisher":{"@id":"https:\/\/eldigitaldeasturias.com\/magazine365\/#organization"}}]},"og:locale":"es_ES","og:site_name":"El Digital de Asturias \u2013 Revista de ocio, turismo y estilo de vida","og:type":"article","og:title":"FTSP-USO denuncia que la empresa Segur Ib\u00e9rica tiene una importante deuda con el personal de Lavacolla | El Digital de Asturias","og:description":"El sindicato FTSP-USO ha denunciado este jueves que la empresa Segur Ib\u00e9rica finalizar\u00e1 este mes su contrato en el aeropuerto de Santiago de Compostela acumulando &quot;una deuda de m\u00e1s de 70.000 euros&quot; con el personal de seguridad del aer\u00f3dromo. Seg\u00fan los trabajadores, tras la sentencia dictada por el TSXG el pasado julio, la empresa concesionaria","og:url":"https:\/\/eldigitaldeasturias.com\/magazine365\/ftsp-uso-denuncia-que-la-empresa-segur-iberica-tiene-una-importante-deuda-con-el-personal-de-lavacolla\/","og:image":"https:\/\/eldigitaldeasturias.com\/magazine365\/wp-content\/uploads\/2016\/06\/fotonoticia_20160609104250_800.jpg","og:image:secure_url":"https:\/\/eldigitaldeasturias.com\/magazine365\/wp-content\/uploads\/2016\/06\/fotonoticia_20160609104250_800.jpg","og:image:width":800,"og:image:height":531,"article:published_time":"2016-06-09T15:08:20+00:00","article:modified_time":"2016-06-09T15:08:20+00:00","twitter:card":"summary_large_image","twitter:title":"FTSP-USO denuncia que la empresa Segur Ib\u00e9rica tiene una importante deuda con el personal de Lavacolla | El Digital de Asturias","twitter:description":"El sindicato FTSP-USO ha denunciado este jueves que la empresa Segur Ib\u00e9rica finalizar\u00e1 este mes su contrato en el aeropuerto de Santiago de Compostela acumulando &quot;una deuda de m\u00e1s de 70.000 euros&quot; con el personal de seguridad del aer\u00f3dromo. Seg\u00fan los trabajadores, tras la sentencia dictada por el TSXG el pasado julio, la empresa concesionaria","twitter:image":"https:\/\/eldigitaldeasturias.com\/magazine365\/wp-content\/uploads\/2016\/06\/fotonoticia_20160609104250_800.jpg"},"aioseo_meta_data":{"post_id":"78419","title":null,"description":null,"keywords":null,"keyphrases":null,"primary_term":null,"canonical_url":null,"og_title":null,"og_description":null,"og_object_type":"default","og_image_type":"default","og_image_url":null,"og_image_width":null,"og_image_height":null,"og_image_custom_url":null,"og_image_custom_fields":null,"og_video":null,"og_custom_url":null,"og_article_section":null,"og_article_tags":null,"twitter_use_og":false,"twitter_card":"default","twitter_image_type":"default","twitter_image_url":null,"twitter_image_custom_url":null,"twitter_image_custom_fields":null,"twitter_title":null,"twitter_description":null,"schema":{"blockGraphs":[],"customGraphs":[],"default":{"data":{"Article":[],"Course":[],"Dataset":[],"FAQPage":[],"Movie":[],"Person":[],"Product":[],"ProductReview":[],"Car":[],"Recipe":[],"Service":[],"SoftwareApplication":[],"WebPage":[]},"graphName":"","isEnabled":true},"graphs":[],"defaultGraph":"","defaultPostTypeGraph":""},"schema_type":null,"schema_type_options":null,"pillar_content":false,"robots_default":true,"robots_noindex":false,"robots_noarchive":false,"robots_nosnippet":false,"robots_nofollow":false,"robots_noimageindex":false,"robots_noodp":false,"robots_notranslate":false,"robots_max_snippet":null,"robots_max_videopreview":null,"robots_max_imagepreview":"large","priority":null,"frequency":null,"location":null,"local_seo":null,"seo_analyzer_scan_date":"2025-09-27 16:55:00","breadcrumb_settings":null,"limit_modified_date":false,"open_ai":null,"ai":null,"created":"2021-03-08 18:00:49","updated":"2025-09-27 16:55:00"},"aioseo_breadcrumb":"<div class=\"aioseo-breadcrumbs\"><span class=\"aioseo-breadcrumb\">\n\t<a href=\"https:\/\/eldigitaldeasturias.com\/magazine365\" title=\"Home\">Home<\/a>\n<\/span><span class=\"aioseo-breadcrumb-separator\">\u2013<\/span><span class=\"aioseo-breadcrumb\">\n\t<a href=\"https:\/\/eldigitaldeasturias.com\/magazine365\/category\/noticias-actualidad\/\" title=\"Noticias y Actualidad\">Noticias y Actualidad<\/a>\n<\/span><span class=\"aioseo-breadcrumb-separator\">\u2013<\/span><span class=\"aioseo-breadcrumb\">\n\t<a href=\"https:\/\/eldigitaldeasturias.com\/magazine365\/ftsp-uso-denuncia-que-la-empresa-segur-iberica-tiene-una-importante-deuda-con-el-personal-de-lavacolla\/\" title=\"FTSP-USO denuncia que la empresa Segur Ib\u00e9rica tiene una importante deuda con el personal de Lavacolla\">FTSP-USO denuncia que la empresa Segur Ib\u00e9rica tiene una importante deuda con el personal de Lavacolla<\/a>\n<\/span><\/div>","aioseo_breadcrumb_json":[{"label":"Home","link":"https:\/\/eldigitaldeasturias.com\/magazine365"},{"label":"Noticias y Actualidad","link":"https:\/\/eldigitaldeasturias.com\/magazine365\/category\/noticias-actualidad\/"},{"label":"FTSP-USO denuncia que la empresa Segur Ib\u00e9rica tiene una importante deuda con el personal de Lavacolla","link":"https:\/\/eldigitaldeasturias.com\/magazine365\/ftsp-uso-denuncia-que-la-empresa-segur-iberica-tiene-una-importante-deuda-con-el-personal-de-lavacolla\/"}],"_links":{"self":[{"href":"https:\/\/eldigitaldeasturias.com\/magazine365\/wp-json\/wp\/v2\/posts\/78419","targetHints":{"allow":["GET"]}}],"collection":[{"href":"https:\/\/eldigitaldeasturias.com\/magazine365\/wp-json\/wp\/v2\/posts"}],"about":[{"href":"https:\/\/eldigitaldeasturias.com\/magazine365\/wp-json\/wp\/v2\/types\/post"}],"author":[{"embeddable":true,"href":"https:\/\/eldigitaldeasturias.com\/magazine365\/wp-json\/wp\/v2\/users\/1"}],"replies":[{"embeddable":true,"href":"https:\/\/eldigitaldeasturias.com\/magazine365\/wp-json\/wp\/v2\/comments?post=78419"}],"version-history":[{"count":0,"href":"https:\/\/eldigitaldeasturias.com\/magazine365\/wp-json\/wp\/v2\/posts\/78419\/revisions"}],"wp:featuredmedia":[{"embeddable":true,"href":"https:\/\/eldigitaldeasturias.com\/magazine365\/wp-json\/wp\/v2\/media\/78420"}],"wp:attachment":[{"href":"https:\/\/eldigitaldeasturias.com\/magazine365\/wp-json\/wp\/v2\/media?parent=78419"}],"wp:term":[{"taxonomy":"category","embeddable":true,"href":"https:\/\/eldigitaldeasturias.com\/magazine365\/wp-json\/wp\/v2\/categories?post=78419"},{"taxonomy":"post_tag","embeddable":true,"href":"https:\/\/eldigitaldeasturias.com\/magazine365\/wp-json\/wp\/v2\/tags?post=78419"}],"curies":[{"name":"wp","href":"https:\/\/api.w.org\/{rel}","templated":true}]}}