{"id":78414,"date":"2016-06-09T17:02:31","date_gmt":"2016-06-09T15:02:31","guid":{"rendered":"http:\/\/eldigitaldeasturias.com\/magazine365\/?p=78414"},"modified":"2016-06-09T17:02:31","modified_gmt":"2016-06-09T15:02:31","slug":"continua-la-investigacion-de-la-fiscalia-alemana-en-el-caso-volkswagen","status":"publish","type":"post","link":"https:\/\/eldigitaldeasturias.com\/magazine365\/continua-la-investigacion-de-la-fiscalia-alemana-en-el-caso-volkswagen\/","title":{"rendered":"Contin\u00faa la investigaci\u00f3n de la Fiscal\u00eda alemana en el caso Volkswagen"},"content":{"rendered":"<p><img fetchpriority=\"high\" decoding=\"async\" class=\"alignleft size-medium wp-image-78415\" src=\"https:\/\/eldigitaldeasturias.com\/magazine365\/wp-content\/uploads\/2016\/06\/fotonoticia_20160609103945_800-360x240.jpg\" alt=\"fotonoticia_20160609103945_800\" width=\"360\" height=\"240\" srcset=\"https:\/\/eldigitaldeasturias.com\/magazine365\/wp-content\/uploads\/2016\/06\/fotonoticia_20160609103945_800-360x240.jpg 360w, https:\/\/eldigitaldeasturias.com\/magazine365\/wp-content\/uploads\/2016\/06\/fotonoticia_20160609103945_800-650x433.jpg 650w, https:\/\/eldigitaldeasturias.com\/magazine365\/wp-content\/uploads\/2016\/06\/fotonoticia_20160609103945_800-768x512.jpg 768w, https:\/\/eldigitaldeasturias.com\/magazine365\/wp-content\/uploads\/2016\/06\/fotonoticia_20160609103945_800-150x100.jpg 150w, https:\/\/eldigitaldeasturias.com\/magazine365\/wp-content\/uploads\/2016\/06\/fotonoticia_20160609103945_800-450x300.jpg 450w, https:\/\/eldigitaldeasturias.com\/magazine365\/wp-content\/uploads\/2016\/06\/fotonoticia_20160609103945_800-101x66.jpg 101w, https:\/\/eldigitaldeasturias.com\/magazine365\/wp-content\/uploads\/2016\/06\/fotonoticia_20160609103945_800.jpg 800w\" sizes=\"(max-width: 360px) 100vw, 360px\" \/>La Fiscal\u00eda alemana de Braunschweig est\u00e1 investigando la posibilidad de que empleados del consorcio automovil\u00edstico Volkswagen pudieran haber destruido documentaci\u00f3n que pudiera perjudicar a la empresa en relaci\u00f3n con el caso del software que manipulaba las emisiones de algunos motores di\u00e9sel.<\/p>\n<p>Seg\u00fan informan los medios alemanes NDR, WDR y &#8216;Sueddeutsche Zeitung&#8217;, dicha eventual destrucci\u00f3n de papeles y de archivos se podr\u00eda haber realizado una semana antes de que la corporaci\u00f3n admitiera ante las autoridades de Estados Unidos que hab\u00eda incorporado dicho dispositivo.<\/p>\n<p>La corporaci\u00f3n con sede en Wolfsburg reconoci\u00f3 el pasado 18 de septiembre que hab\u00eda introducido un software en algunos de sus veh\u00edculos que detectaba que estaban siendo objeto de pruebas de laboratorio y reduc\u00eda las emisiones de \u00f3xidos de nitr\u00f3geno (NOx).<\/p>\n<p>Esta situaci\u00f3n provoc\u00f3 que la multinacional automovil\u00edstica experimentara un fuerte impacto en su valor de mercado y tambi\u00e9n motiv\u00f3 la salida del anterior presidente, Martin Winterkorn, que fue sustituido por el actual, Matthias M\u00fcller.<\/p>\n<p>Dichos medios alemanes apuntaron que la eliminaci\u00f3n de documentos podr\u00eda haberse llevado a cabo una semana antes de que el departamento legal de Volkswagen una comunicaci\u00f3n para que se conservara informaci\u00f3n relevante ante posibles acciones legales contra la empresa.<\/p>\n<p>As\u00ed, muchos de los datos fueron transferidos de los ordenadores a l\u00e1pices de memoria USB. \u00abHasta ahora, la fiscal\u00eda no est\u00e1 asumiendo que una gran cantidad de datos se haya perdido, aunque est\u00e1 siendo suficiente para impedir o retrasar las investigaciones sobre el caso del di\u00e9sel\u00bb, seg\u00fan indic\u00f3 un portavoz de la Fiscal\u00eda de Braunschweig.<\/p>\n","protected":false},"excerpt":{"rendered":"<p>La Fiscal\u00eda alemana de Braunschweig est\u00e1 investigando la posibilidad de que empleados del consorcio automovil\u00edstico Volkswagen pudieran haber destruido documentaci\u00f3n que pudiera perjudicar a la empresa en relaci\u00f3n con el caso del software que manipulaba las emisiones de algunos motores di\u00e9sel. Seg\u00fan informan los medios alemanes NDR, WDR y &#8216;Sueddeutsche Zeitung&#8217;, dicha eventual destrucci\u00f3n de<\/p>\n","protected":false},"author":1,"featured_media":78415,"comment_status":"open","ping_status":"closed","sticky":false,"template":"","format":"standard","meta":{"footnotes":""},"categories":[224],"tags":[],"class_list":{"0":"post-78414","1":"post","2":"type-post","3":"status-publish","4":"format-standard","5":"has-post-thumbnail","7":"category-noticias-actualidad"},"aioseo_notices":[],"aioseo_head":"\n\t\t<!-- All in One SEO Pro 4.9.6.1 - aioseo.com -->\n\t<meta name=\"description\" content=\"La Fiscal\u00eda alemana de Braunschweig est\u00e1 investigando la posibilidad de que empleados del consorcio automovil\u00edstico Volkswagen pudieran haber destruido documentaci\u00f3n que pudiera perjudicar a la empresa en relaci\u00f3n con el caso del software que manipulaba las emisiones de algunos motores di\u00e9sel. Seg\u00fan informan los medios alemanes NDR, WDR y &#039;Sueddeutsche Zeitung&#039;, dicha eventual destrucci\u00f3n de\" \/>\n\t<meta name=\"robots\" content=\"max-image-preview:large\" \/>\n\t<meta name=\"author\" content=\"admin\"\/>\n\t<meta name=\"google-site-verification\" content=\"UA-38556648-1\" \/>\n\t<meta name=\"keywords\" content=\"noticias y actualidad\" \/>\n\t<link rel=\"canonical\" href=\"https:\/\/eldigitaldeasturias.com\/magazine365\/continua-la-investigacion-de-la-fiscalia-alemana-en-el-caso-volkswagen\/\" \/>\n\t<meta name=\"generator\" content=\"All in One SEO Pro (AIOSEO) 4.9.6.1\" \/>\n\t\t<meta property=\"og:locale\" content=\"es_ES\" \/>\n\t\t<meta property=\"og:site_name\" content=\"El Digital de Asturias \u2013 Revista de ocio, turismo y estilo de vida\" \/>\n\t\t<meta property=\"og:type\" content=\"article\" \/>\n\t\t<meta property=\"og:title\" content=\"Contin\u00faa la investigaci\u00f3n de la Fiscal\u00eda alemana en el caso Volkswagen | El Digital de Asturias\" \/>\n\t\t<meta property=\"og:description\" content=\"La Fiscal\u00eda alemana de Braunschweig est\u00e1 investigando la posibilidad de que empleados del consorcio automovil\u00edstico Volkswagen pudieran haber destruido documentaci\u00f3n que pudiera perjudicar a la empresa en relaci\u00f3n con el caso del software que manipulaba las emisiones de algunos motores di\u00e9sel. Seg\u00fan informan los medios alemanes NDR, WDR y &#039;Sueddeutsche Zeitung&#039;, dicha eventual destrucci\u00f3n de\" \/>\n\t\t<meta property=\"og:url\" content=\"https:\/\/eldigitaldeasturias.com\/magazine365\/continua-la-investigacion-de-la-fiscalia-alemana-en-el-caso-volkswagen\/\" \/>\n\t\t<meta property=\"og:image\" content=\"https:\/\/eldigitaldeasturias.com\/magazine365\/wp-content\/uploads\/2016\/06\/fotonoticia_20160609103945_800.jpg\" \/>\n\t\t<meta property=\"og:image:secure_url\" content=\"https:\/\/eldigitaldeasturias.com\/magazine365\/wp-content\/uploads\/2016\/06\/fotonoticia_20160609103945_800.jpg\" \/>\n\t\t<meta property=\"og:image:width\" content=\"800\" \/>\n\t\t<meta property=\"og:image:height\" content=\"533\" \/>\n\t\t<meta property=\"article:published_time\" content=\"2016-06-09T15:02:31+00:00\" \/>\n\t\t<meta property=\"article:modified_time\" content=\"2016-06-09T15:02:31+00:00\" \/>\n\t\t<meta name=\"twitter:card\" content=\"summary_large_image\" \/>\n\t\t<meta name=\"twitter:title\" content=\"Contin\u00faa la investigaci\u00f3n de la Fiscal\u00eda alemana en el caso Volkswagen | El Digital de Asturias\" \/>\n\t\t<meta name=\"twitter:description\" content=\"La Fiscal\u00eda alemana de Braunschweig est\u00e1 investigando la posibilidad de que empleados del consorcio automovil\u00edstico Volkswagen pudieran haber destruido documentaci\u00f3n que pudiera perjudicar a la empresa en relaci\u00f3n con el caso del software que manipulaba las emisiones de algunos motores di\u00e9sel. Seg\u00fan informan los medios alemanes NDR, WDR y &#039;Sueddeutsche Zeitung&#039;, dicha eventual destrucci\u00f3n de\" \/>\n\t\t<meta name=\"twitter:image\" content=\"https:\/\/eldigitaldeasturias.com\/magazine365\/wp-content\/uploads\/2016\/06\/fotonoticia_20160609103945_800.jpg\" \/>\n\t\t<script type=\"application\/ld+json\" class=\"aioseo-schema\">\n\t\t\t{\"@context\":\"https:\\\/\\\/schema.org\",\"@graph\":[{\"@type\":\"Article\",\"@id\":\"https:\\\/\\\/eldigitaldeasturias.com\\\/magazine365\\\/continua-la-investigacion-de-la-fiscalia-alemana-en-el-caso-volkswagen\\\/#article\",\"name\":\"Contin\\u00faa la investigaci\\u00f3n de la Fiscal\\u00eda alemana en el caso Volkswagen | El Digital de Asturias\",\"headline\":\"Contin\\u00faa la investigaci\\u00f3n de la Fiscal\\u00eda alemana en el caso Volkswagen\",\"author\":{\"@id\":\"https:\\\/\\\/eldigitaldeasturias.com\\\/magazine365\\\/author\\\/admin\\\/#author\"},\"publisher\":{\"@id\":\"https:\\\/\\\/eldigitaldeasturias.com\\\/magazine365\\\/#organization\"},\"image\":{\"@type\":\"ImageObject\",\"url\":\"https:\\\/\\\/eldigitaldeasturias.com\\\/magazine365\\\/wp-content\\\/uploads\\\/2016\\\/06\\\/fotonoticia_20160609103945_800.jpg\",\"width\":800,\"height\":533},\"datePublished\":\"2016-06-09T17:02:31+02:00\",\"dateModified\":\"2016-06-09T17:02:31+02:00\",\"inLanguage\":\"es-ES\",\"mainEntityOfPage\":{\"@id\":\"https:\\\/\\\/eldigitaldeasturias.com\\\/magazine365\\\/continua-la-investigacion-de-la-fiscalia-alemana-en-el-caso-volkswagen\\\/#webpage\"},\"isPartOf\":{\"@id\":\"https:\\\/\\\/eldigitaldeasturias.com\\\/magazine365\\\/continua-la-investigacion-de-la-fiscalia-alemana-en-el-caso-volkswagen\\\/#webpage\"},\"articleSection\":\"Noticias y Actualidad\"},{\"@type\":\"BreadcrumbList\",\"@id\":\"https:\\\/\\\/eldigitaldeasturias.com\\\/magazine365\\\/continua-la-investigacion-de-la-fiscalia-alemana-en-el-caso-volkswagen\\\/#breadcrumblist\",\"itemListElement\":[{\"@type\":\"ListItem\",\"@id\":\"https:\\\/\\\/eldigitaldeasturias.com\\\/magazine365#listItem\",\"position\":1,\"name\":\"Home\",\"item\":\"https:\\\/\\\/eldigitaldeasturias.com\\\/magazine365\",\"nextItem\":{\"@type\":\"ListItem\",\"@id\":\"https:\\\/\\\/eldigitaldeasturias.com\\\/magazine365\\\/category\\\/noticias-actualidad\\\/#listItem\",\"name\":\"Noticias y Actualidad\"}},{\"@type\":\"ListItem\",\"@id\":\"https:\\\/\\\/eldigitaldeasturias.com\\\/magazine365\\\/category\\\/noticias-actualidad\\\/#listItem\",\"position\":2,\"name\":\"Noticias y Actualidad\",\"item\":\"https:\\\/\\\/eldigitaldeasturias.com\\\/magazine365\\\/category\\\/noticias-actualidad\\\/\",\"nextItem\":{\"@type\":\"ListItem\",\"@id\":\"https:\\\/\\\/eldigitaldeasturias.com\\\/magazine365\\\/continua-la-investigacion-de-la-fiscalia-alemana-en-el-caso-volkswagen\\\/#listItem\",\"name\":\"Contin\\u00faa la investigaci\\u00f3n de la Fiscal\\u00eda alemana en el caso Volkswagen\"},\"previousItem\":{\"@type\":\"ListItem\",\"@id\":\"https:\\\/\\\/eldigitaldeasturias.com\\\/magazine365#listItem\",\"name\":\"Home\"}},{\"@type\":\"ListItem\",\"@id\":\"https:\\\/\\\/eldigitaldeasturias.com\\\/magazine365\\\/continua-la-investigacion-de-la-fiscalia-alemana-en-el-caso-volkswagen\\\/#listItem\",\"position\":3,\"name\":\"Contin\\u00faa la investigaci\\u00f3n de la Fiscal\\u00eda alemana en el caso Volkswagen\",\"previousItem\":{\"@type\":\"ListItem\",\"@id\":\"https:\\\/\\\/eldigitaldeasturias.com\\\/magazine365\\\/category\\\/noticias-actualidad\\\/#listItem\",\"name\":\"Noticias y Actualidad\"}}]},{\"@type\":\"Organization\",\"@id\":\"https:\\\/\\\/eldigitaldeasturias.com\\\/magazine365\\\/#organization\",\"name\":\"El digital de Asturias\",\"description\":\"Revista de ocio, turismo y estilo de vida\",\"url\":\"https:\\\/\\\/eldigitaldeasturias.com\\\/magazine365\\\/\",\"logo\":{\"@type\":\"ImageObject\",\"url\":\"https:\\\/\\\/www.eldigitaldeasturias.com\\\/noticias\\\/wp-content\\\/uploads\\\/2020\\\/12\\\/EDA.jpg\",\"@id\":\"https:\\\/\\\/eldigitaldeasturias.com\\\/magazine365\\\/continua-la-investigacion-de-la-fiscalia-alemana-en-el-caso-volkswagen\\\/#organizationLogo\"},\"image\":{\"@id\":\"https:\\\/\\\/eldigitaldeasturias.com\\\/magazine365\\\/continua-la-investigacion-de-la-fiscalia-alemana-en-el-caso-volkswagen\\\/#organizationLogo\"}},{\"@type\":\"Person\",\"@id\":\"https:\\\/\\\/eldigitaldeasturias.com\\\/magazine365\\\/author\\\/admin\\\/#author\",\"url\":\"https:\\\/\\\/eldigitaldeasturias.com\\\/magazine365\\\/author\\\/admin\\\/\",\"name\":\"admin\",\"image\":{\"@type\":\"ImageObject\",\"@id\":\"https:\\\/\\\/eldigitaldeasturias.com\\\/magazine365\\\/continua-la-investigacion-de-la-fiscalia-alemana-en-el-caso-volkswagen\\\/#authorImage\",\"url\":\"https:\\\/\\\/eldigitaldeasturias.com\\\/magazine365\\\/wp-content\\\/litespeed\\\/avatar\\\/e571bcf59a0edd6fa6838245a470f2fe.jpg?ver=1776969259\",\"width\":96,\"height\":96,\"caption\":\"admin\"}},{\"@type\":\"WebPage\",\"@id\":\"https:\\\/\\\/eldigitaldeasturias.com\\\/magazine365\\\/continua-la-investigacion-de-la-fiscalia-alemana-en-el-caso-volkswagen\\\/#webpage\",\"url\":\"https:\\\/\\\/eldigitaldeasturias.com\\\/magazine365\\\/continua-la-investigacion-de-la-fiscalia-alemana-en-el-caso-volkswagen\\\/\",\"name\":\"Contin\\u00faa la investigaci\\u00f3n de la Fiscal\\u00eda alemana en el caso Volkswagen | El Digital de Asturias\",\"description\":\"La Fiscal\\u00eda alemana de Braunschweig est\\u00e1 investigando la posibilidad de que empleados del consorcio automovil\\u00edstico Volkswagen pudieran haber destruido documentaci\\u00f3n que pudiera perjudicar a la empresa en relaci\\u00f3n con el caso del software que manipulaba las emisiones de algunos motores di\\u00e9sel. Seg\\u00fan informan los medios alemanes NDR, WDR y 'Sueddeutsche Zeitung', dicha eventual destrucci\\u00f3n de\",\"inLanguage\":\"es-ES\",\"isPartOf\":{\"@id\":\"https:\\\/\\\/eldigitaldeasturias.com\\\/magazine365\\\/#website\"},\"breadcrumb\":{\"@id\":\"https:\\\/\\\/eldigitaldeasturias.com\\\/magazine365\\\/continua-la-investigacion-de-la-fiscalia-alemana-en-el-caso-volkswagen\\\/#breadcrumblist\"},\"author\":{\"@id\":\"https:\\\/\\\/eldigitaldeasturias.com\\\/magazine365\\\/author\\\/admin\\\/#author\"},\"creator\":{\"@id\":\"https:\\\/\\\/eldigitaldeasturias.com\\\/magazine365\\\/author\\\/admin\\\/#author\"},\"image\":{\"@type\":\"ImageObject\",\"url\":\"https:\\\/\\\/eldigitaldeasturias.com\\\/magazine365\\\/wp-content\\\/uploads\\\/2016\\\/06\\\/fotonoticia_20160609103945_800.jpg\",\"@id\":\"https:\\\/\\\/eldigitaldeasturias.com\\\/magazine365\\\/continua-la-investigacion-de-la-fiscalia-alemana-en-el-caso-volkswagen\\\/#mainImage\",\"width\":800,\"height\":533},\"primaryImageOfPage\":{\"@id\":\"https:\\\/\\\/eldigitaldeasturias.com\\\/magazine365\\\/continua-la-investigacion-de-la-fiscalia-alemana-en-el-caso-volkswagen\\\/#mainImage\"},\"datePublished\":\"2016-06-09T17:02:31+02:00\",\"dateModified\":\"2016-06-09T17:02:31+02:00\"},{\"@type\":\"WebSite\",\"@id\":\"https:\\\/\\\/eldigitaldeasturias.com\\\/magazine365\\\/#website\",\"url\":\"https:\\\/\\\/eldigitaldeasturias.com\\\/magazine365\\\/\",\"name\":\"El Digital de Asturias\",\"description\":\"Revista de ocio, turismo y estilo de vida\",\"inLanguage\":\"es-ES\",\"publisher\":{\"@id\":\"https:\\\/\\\/eldigitaldeasturias.com\\\/magazine365\\\/#organization\"}}]}\n\t\t<\/script>\n\t\t<!-- All in One SEO Pro -->\r\n\t\t<title>Contin\u00faa la investigaci\u00f3n de la Fiscal\u00eda alemana en el caso Volkswagen | El Digital de Asturias<\/title>\n\n","aioseo_head_json":{"title":"Contin\u00faa la investigaci\u00f3n de la Fiscal\u00eda alemana en el caso Volkswagen | El Digital de Asturias","description":"La Fiscal\u00eda alemana de Braunschweig est\u00e1 investigando la posibilidad de que empleados del consorcio automovil\u00edstico Volkswagen pudieran haber destruido documentaci\u00f3n que pudiera perjudicar a la empresa en relaci\u00f3n con el caso del software que manipulaba las emisiones de algunos motores di\u00e9sel. Seg\u00fan informan los medios alemanes NDR, WDR y 'Sueddeutsche Zeitung', dicha eventual destrucci\u00f3n de","canonical_url":"https:\/\/eldigitaldeasturias.com\/magazine365\/continua-la-investigacion-de-la-fiscalia-alemana-en-el-caso-volkswagen\/","robots":"max-image-preview:large","keywords":"noticias y actualidad","webmasterTools":{"google-site-verification":"UA-38556648-1","miscellaneous":""},"schema":{"@context":"https:\/\/schema.org","@graph":[{"@type":"Article","@id":"https:\/\/eldigitaldeasturias.com\/magazine365\/continua-la-investigacion-de-la-fiscalia-alemana-en-el-caso-volkswagen\/#article","name":"Contin\u00faa la investigaci\u00f3n de la Fiscal\u00eda alemana en el caso Volkswagen | El Digital de Asturias","headline":"Contin\u00faa la investigaci\u00f3n de la Fiscal\u00eda alemana en el caso Volkswagen","author":{"@id":"https:\/\/eldigitaldeasturias.com\/magazine365\/author\/admin\/#author"},"publisher":{"@id":"https:\/\/eldigitaldeasturias.com\/magazine365\/#organization"},"image":{"@type":"ImageObject","url":"https:\/\/eldigitaldeasturias.com\/magazine365\/wp-content\/uploads\/2016\/06\/fotonoticia_20160609103945_800.jpg","width":800,"height":533},"datePublished":"2016-06-09T17:02:31+02:00","dateModified":"2016-06-09T17:02:31+02:00","inLanguage":"es-ES","mainEntityOfPage":{"@id":"https:\/\/eldigitaldeasturias.com\/magazine365\/continua-la-investigacion-de-la-fiscalia-alemana-en-el-caso-volkswagen\/#webpage"},"isPartOf":{"@id":"https:\/\/eldigitaldeasturias.com\/magazine365\/continua-la-investigacion-de-la-fiscalia-alemana-en-el-caso-volkswagen\/#webpage"},"articleSection":"Noticias y Actualidad"},{"@type":"BreadcrumbList","@id":"https:\/\/eldigitaldeasturias.com\/magazine365\/continua-la-investigacion-de-la-fiscalia-alemana-en-el-caso-volkswagen\/#breadcrumblist","itemListElement":[{"@type":"ListItem","@id":"https:\/\/eldigitaldeasturias.com\/magazine365#listItem","position":1,"name":"Home","item":"https:\/\/eldigitaldeasturias.com\/magazine365","nextItem":{"@type":"ListItem","@id":"https:\/\/eldigitaldeasturias.com\/magazine365\/category\/noticias-actualidad\/#listItem","name":"Noticias y Actualidad"}},{"@type":"ListItem","@id":"https:\/\/eldigitaldeasturias.com\/magazine365\/category\/noticias-actualidad\/#listItem","position":2,"name":"Noticias y Actualidad","item":"https:\/\/eldigitaldeasturias.com\/magazine365\/category\/noticias-actualidad\/","nextItem":{"@type":"ListItem","@id":"https:\/\/eldigitaldeasturias.com\/magazine365\/continua-la-investigacion-de-la-fiscalia-alemana-en-el-caso-volkswagen\/#listItem","name":"Contin\u00faa la investigaci\u00f3n de la Fiscal\u00eda alemana en el caso Volkswagen"},"previousItem":{"@type":"ListItem","@id":"https:\/\/eldigitaldeasturias.com\/magazine365#listItem","name":"Home"}},{"@type":"ListItem","@id":"https:\/\/eldigitaldeasturias.com\/magazine365\/continua-la-investigacion-de-la-fiscalia-alemana-en-el-caso-volkswagen\/#listItem","position":3,"name":"Contin\u00faa la investigaci\u00f3n de la Fiscal\u00eda alemana en el caso Volkswagen","previousItem":{"@type":"ListItem","@id":"https:\/\/eldigitaldeasturias.com\/magazine365\/category\/noticias-actualidad\/#listItem","name":"Noticias y Actualidad"}}]},{"@type":"Organization","@id":"https:\/\/eldigitaldeasturias.com\/magazine365\/#organization","name":"El digital de Asturias","description":"Revista de ocio, turismo y estilo de vida","url":"https:\/\/eldigitaldeasturias.com\/magazine365\/","logo":{"@type":"ImageObject","url":"https:\/\/www.eldigitaldeasturias.com\/noticias\/wp-content\/uploads\/2020\/12\/EDA.jpg","@id":"https:\/\/eldigitaldeasturias.com\/magazine365\/continua-la-investigacion-de-la-fiscalia-alemana-en-el-caso-volkswagen\/#organizationLogo"},"image":{"@id":"https:\/\/eldigitaldeasturias.com\/magazine365\/continua-la-investigacion-de-la-fiscalia-alemana-en-el-caso-volkswagen\/#organizationLogo"}},{"@type":"Person","@id":"https:\/\/eldigitaldeasturias.com\/magazine365\/author\/admin\/#author","url":"https:\/\/eldigitaldeasturias.com\/magazine365\/author\/admin\/","name":"admin","image":{"@type":"ImageObject","@id":"https:\/\/eldigitaldeasturias.com\/magazine365\/continua-la-investigacion-de-la-fiscalia-alemana-en-el-caso-volkswagen\/#authorImage","url":"https:\/\/eldigitaldeasturias.com\/magazine365\/wp-content\/litespeed\/avatar\/e571bcf59a0edd6fa6838245a470f2fe.jpg?ver=1776969259","width":96,"height":96,"caption":"admin"}},{"@type":"WebPage","@id":"https:\/\/eldigitaldeasturias.com\/magazine365\/continua-la-investigacion-de-la-fiscalia-alemana-en-el-caso-volkswagen\/#webpage","url":"https:\/\/eldigitaldeasturias.com\/magazine365\/continua-la-investigacion-de-la-fiscalia-alemana-en-el-caso-volkswagen\/","name":"Contin\u00faa la investigaci\u00f3n de la Fiscal\u00eda alemana en el caso Volkswagen | El Digital de Asturias","description":"La Fiscal\u00eda alemana de Braunschweig est\u00e1 investigando la posibilidad de que empleados del consorcio automovil\u00edstico Volkswagen pudieran haber destruido documentaci\u00f3n que pudiera perjudicar a la empresa en relaci\u00f3n con el caso del software que manipulaba las emisiones de algunos motores di\u00e9sel. Seg\u00fan informan los medios alemanes NDR, WDR y 'Sueddeutsche Zeitung', dicha eventual destrucci\u00f3n de","inLanguage":"es-ES","isPartOf":{"@id":"https:\/\/eldigitaldeasturias.com\/magazine365\/#website"},"breadcrumb":{"@id":"https:\/\/eldigitaldeasturias.com\/magazine365\/continua-la-investigacion-de-la-fiscalia-alemana-en-el-caso-volkswagen\/#breadcrumblist"},"author":{"@id":"https:\/\/eldigitaldeasturias.com\/magazine365\/author\/admin\/#author"},"creator":{"@id":"https:\/\/eldigitaldeasturias.com\/magazine365\/author\/admin\/#author"},"image":{"@type":"ImageObject","url":"https:\/\/eldigitaldeasturias.com\/magazine365\/wp-content\/uploads\/2016\/06\/fotonoticia_20160609103945_800.jpg","@id":"https:\/\/eldigitaldeasturias.com\/magazine365\/continua-la-investigacion-de-la-fiscalia-alemana-en-el-caso-volkswagen\/#mainImage","width":800,"height":533},"primaryImageOfPage":{"@id":"https:\/\/eldigitaldeasturias.com\/magazine365\/continua-la-investigacion-de-la-fiscalia-alemana-en-el-caso-volkswagen\/#mainImage"},"datePublished":"2016-06-09T17:02:31+02:00","dateModified":"2016-06-09T17:02:31+02:00"},{"@type":"WebSite","@id":"https:\/\/eldigitaldeasturias.com\/magazine365\/#website","url":"https:\/\/eldigitaldeasturias.com\/magazine365\/","name":"El Digital de Asturias","description":"Revista de ocio, turismo y estilo de vida","inLanguage":"es-ES","publisher":{"@id":"https:\/\/eldigitaldeasturias.com\/magazine365\/#organization"}}]},"og:locale":"es_ES","og:site_name":"El Digital de Asturias \u2013 Revista de ocio, turismo y estilo de vida","og:type":"article","og:title":"Contin\u00faa la investigaci\u00f3n de la Fiscal\u00eda alemana en el caso Volkswagen | El Digital de Asturias","og:description":"La Fiscal\u00eda alemana de Braunschweig est\u00e1 investigando la posibilidad de que empleados del consorcio automovil\u00edstico Volkswagen pudieran haber destruido documentaci\u00f3n que pudiera perjudicar a la empresa en relaci\u00f3n con el caso del software que manipulaba las emisiones de algunos motores di\u00e9sel. Seg\u00fan informan los medios alemanes NDR, WDR y 'Sueddeutsche Zeitung', dicha eventual destrucci\u00f3n de","og:url":"https:\/\/eldigitaldeasturias.com\/magazine365\/continua-la-investigacion-de-la-fiscalia-alemana-en-el-caso-volkswagen\/","og:image":"https:\/\/eldigitaldeasturias.com\/magazine365\/wp-content\/uploads\/2016\/06\/fotonoticia_20160609103945_800.jpg","og:image:secure_url":"https:\/\/eldigitaldeasturias.com\/magazine365\/wp-content\/uploads\/2016\/06\/fotonoticia_20160609103945_800.jpg","og:image:width":800,"og:image:height":533,"article:published_time":"2016-06-09T15:02:31+00:00","article:modified_time":"2016-06-09T15:02:31+00:00","twitter:card":"summary_large_image","twitter:title":"Contin\u00faa la investigaci\u00f3n de la Fiscal\u00eda alemana en el caso Volkswagen | El Digital de Asturias","twitter:description":"La Fiscal\u00eda alemana de Braunschweig est\u00e1 investigando la posibilidad de que empleados del consorcio automovil\u00edstico Volkswagen pudieran haber destruido documentaci\u00f3n que pudiera perjudicar a la empresa en relaci\u00f3n con el caso del software que manipulaba las emisiones de algunos motores di\u00e9sel. Seg\u00fan informan los medios alemanes NDR, WDR y 'Sueddeutsche Zeitung', dicha eventual destrucci\u00f3n de","twitter:image":"https:\/\/eldigitaldeasturias.com\/magazine365\/wp-content\/uploads\/2016\/06\/fotonoticia_20160609103945_800.jpg"},"aioseo_meta_data":{"post_id":"78414","title":null,"description":null,"keywords":null,"keyphrases":null,"primary_term":null,"canonical_url":null,"og_title":null,"og_description":null,"og_object_type":"default","og_image_type":"default","og_image_url":null,"og_image_width":null,"og_image_height":null,"og_image_custom_url":null,"og_image_custom_fields":null,"og_video":null,"og_custom_url":null,"og_article_section":null,"og_article_tags":null,"twitter_use_og":false,"twitter_card":"default","twitter_image_type":"default","twitter_image_url":null,"twitter_image_custom_url":null,"twitter_image_custom_fields":null,"twitter_title":null,"twitter_description":null,"schema":{"blockGraphs":[],"customGraphs":[],"default":{"data":{"Article":[],"Course":[],"Dataset":[],"FAQPage":[],"Movie":[],"Person":[],"Product":[],"ProductReview":[],"Car":[],"Recipe":[],"Service":[],"SoftwareApplication":[],"WebPage":[]},"graphName":"","isEnabled":true},"graphs":[],"defaultGraph":"","defaultPostTypeGraph":""},"schema_type":null,"schema_type_options":null,"pillar_content":false,"robots_default":true,"robots_noindex":false,"robots_noarchive":false,"robots_nosnippet":false,"robots_nofollow":false,"robots_noimageindex":false,"robots_noodp":false,"robots_notranslate":false,"robots_max_snippet":null,"robots_max_videopreview":null,"robots_max_imagepreview":"large","priority":null,"frequency":null,"location":null,"local_seo":null,"seo_analyzer_scan_date":"2025-09-27 16:54:54","breadcrumb_settings":null,"limit_modified_date":false,"open_ai":null,"ai":null,"created":"2021-03-08 18:00:49","updated":"2025-09-27 16:54:54"},"aioseo_breadcrumb":"<div class=\"aioseo-breadcrumbs\"><span class=\"aioseo-breadcrumb\">\n\t<a href=\"https:\/\/eldigitaldeasturias.com\/magazine365\" title=\"Home\">Home<\/a>\n<\/span><span class=\"aioseo-breadcrumb-separator\">\u2013<\/span><span class=\"aioseo-breadcrumb\">\n\t<a href=\"https:\/\/eldigitaldeasturias.com\/magazine365\/category\/noticias-actualidad\/\" title=\"Noticias y Actualidad\">Noticias y Actualidad<\/a>\n<\/span><span class=\"aioseo-breadcrumb-separator\">\u2013<\/span><span class=\"aioseo-breadcrumb\">\n\t<a href=\"https:\/\/eldigitaldeasturias.com\/magazine365\/continua-la-investigacion-de-la-fiscalia-alemana-en-el-caso-volkswagen\/\" title=\"Contin\u00faa la investigaci\u00f3n de la Fiscal\u00eda alemana en el caso Volkswagen\">Contin\u00faa la investigaci\u00f3n de la Fiscal\u00eda alemana en el caso Volkswagen<\/a>\n<\/span><\/div>","aioseo_breadcrumb_json":[{"label":"Home","link":"https:\/\/eldigitaldeasturias.com\/magazine365"},{"label":"Noticias y Actualidad","link":"https:\/\/eldigitaldeasturias.com\/magazine365\/category\/noticias-actualidad\/"},{"label":"Contin\u00faa la investigaci\u00f3n de la Fiscal\u00eda alemana en el caso Volkswagen","link":"https:\/\/eldigitaldeasturias.com\/magazine365\/continua-la-investigacion-de-la-fiscalia-alemana-en-el-caso-volkswagen\/"}],"_links":{"self":[{"href":"https:\/\/eldigitaldeasturias.com\/magazine365\/wp-json\/wp\/v2\/posts\/78414","targetHints":{"allow":["GET"]}}],"collection":[{"href":"https:\/\/eldigitaldeasturias.com\/magazine365\/wp-json\/wp\/v2\/posts"}],"about":[{"href":"https:\/\/eldigitaldeasturias.com\/magazine365\/wp-json\/wp\/v2\/types\/post"}],"author":[{"embeddable":true,"href":"https:\/\/eldigitaldeasturias.com\/magazine365\/wp-json\/wp\/v2\/users\/1"}],"replies":[{"embeddable":true,"href":"https:\/\/eldigitaldeasturias.com\/magazine365\/wp-json\/wp\/v2\/comments?post=78414"}],"version-history":[{"count":0,"href":"https:\/\/eldigitaldeasturias.com\/magazine365\/wp-json\/wp\/v2\/posts\/78414\/revisions"}],"wp:featuredmedia":[{"embeddable":true,"href":"https:\/\/eldigitaldeasturias.com\/magazine365\/wp-json\/wp\/v2\/media\/78415"}],"wp:attachment":[{"href":"https:\/\/eldigitaldeasturias.com\/magazine365\/wp-json\/wp\/v2\/media?parent=78414"}],"wp:term":[{"taxonomy":"category","embeddable":true,"href":"https:\/\/eldigitaldeasturias.com\/magazine365\/wp-json\/wp\/v2\/categories?post=78414"},{"taxonomy":"post_tag","embeddable":true,"href":"https:\/\/eldigitaldeasturias.com\/magazine365\/wp-json\/wp\/v2\/tags?post=78414"}],"curies":[{"name":"wp","href":"https:\/\/api.w.org\/{rel}","templated":true}]}}