{"id":78399,"date":"2016-06-09T16:46:47","date_gmt":"2016-06-09T14:46:47","guid":{"rendered":"http:\/\/eldigitaldeasturias.com\/magazine365\/?p=78399"},"modified":"2016-06-09T16:46:47","modified_gmt":"2016-06-09T14:46:47","slug":"la-gastronomia-como-producto-con-identidad-apuesta-de-la-generalitat-valenciana","status":"publish","type":"post","link":"https:\/\/eldigitaldeasturias.com\/magazine365\/la-gastronomia-como-producto-con-identidad-apuesta-de-la-generalitat-valenciana\/","title":{"rendered":"La gastronom\u00eda como producto con identidad, apuesta de la Generalitat valenciana"},"content":{"rendered":"<p><img fetchpriority=\"high\" decoding=\"async\" class=\"alignleft size-medium wp-image-78400\" src=\"https:\/\/eldigitaldeasturias.com\/magazine365\/wp-content\/uploads\/2016\/06\/fotonoticia_20160609093730_800-360x270.jpg\" alt=\"fotonoticia_20160609093730_800\" width=\"360\" height=\"270\" srcset=\"https:\/\/eldigitaldeasturias.com\/magazine365\/wp-content\/uploads\/2016\/06\/fotonoticia_20160609093730_800-360x270.jpg 360w, https:\/\/eldigitaldeasturias.com\/magazine365\/wp-content\/uploads\/2016\/06\/fotonoticia_20160609093730_800-650x488.jpg 650w, https:\/\/eldigitaldeasturias.com\/magazine365\/wp-content\/uploads\/2016\/06\/fotonoticia_20160609093730_800-768x576.jpg 768w, https:\/\/eldigitaldeasturias.com\/magazine365\/wp-content\/uploads\/2016\/06\/fotonoticia_20160609093730_800-150x113.jpg 150w, https:\/\/eldigitaldeasturias.com\/magazine365\/wp-content\/uploads\/2016\/06\/fotonoticia_20160609093730_800-450x338.jpg 450w, https:\/\/eldigitaldeasturias.com\/magazine365\/wp-content\/uploads\/2016\/06\/fotonoticia_20160609093730_800-90x67.jpg 90w, https:\/\/eldigitaldeasturias.com\/magazine365\/wp-content\/uploads\/2016\/06\/fotonoticia_20160609093730_800-164x124.jpg 164w, https:\/\/eldigitaldeasturias.com\/magazine365\/wp-content\/uploads\/2016\/06\/fotonoticia_20160609093730_800-100x75.jpg 100w, https:\/\/eldigitaldeasturias.com\/magazine365\/wp-content\/uploads\/2016\/06\/fotonoticia_20160609093730_800.jpg 800w\" sizes=\"(max-width: 360px) 100vw, 360px\" \/>La directora general de Turismo, Raquel Huete, ha destacado este mi\u00e9rcoles que desde la Generalitat est\u00e1n trabajando en consolidar la gastronom\u00eda como producto \u00abcon identidad cultural\u00bb que proyecte la imagen de la Comunitat Valenciana \u00abasociando gastronom\u00eda con promoci\u00f3n de productos agroalimentarios y reforzando su papel complementario de otros productos tur\u00edsticos\u00bb.<\/p>\n<p>La directora general ha realizado estas declaraciones durante el acto de entrega de premios del 42\u00ba Concurso Internacional de Fideu\u00e0 de Gandia y Gastronom\u00eda, en el que han participado 45 cocineros de todo el mundo y que se ha convertido en el evento gastron\u00f3mico por excelencia de la capital de La Safor, seg\u00fan ha informado la Generalitat en un comunicado.<\/p>\n<p>Para Huete, la gastronom\u00eda \u00abse ha convertido en un valor fundamental de nuestra oferta tur\u00edstica, situ\u00e1ndose en la actualidad entre los seis primeros motivadores principales de la visita a la Comunitat Valenciana\u00bb. En este sentido, ha destacado que se ha convertido en \u00abuno de nuestros mejores atributos y goza de un enorme prestigio y reconocimiento internacional\u00bb.<\/p>\n<p>Adem\u00e1s, ha a\u00f1adido que hay que aprovechar los \u00abexcelentes\u00bb recursos gastron\u00f3micos de los que goza la Comunitat Valenciana para proyectar una imagen \u00abm\u00e1s rica y diversa potenciando la gastronom\u00eda como un elemento diferenciador\u00bb.<\/p>\n<p>Durante su intervenci\u00f3n, la directora general de Turismo ha recordado que desde la Generalitat est\u00e1n trabajando en fomentar la innovaci\u00f3n asociada a la gastronom\u00eda\u00bb. En este sentido, ha hecho referencia al laboratorio de cocina del Invat.tur y a la Red de CdTs, \u00abproyectos que a diario nos ayudan a potenciar la gastronom\u00eda de la Comunitat como elemento de diferenciaci\u00f3n tur\u00edstica\u00bb, ha valorado.<\/p>\n","protected":false},"excerpt":{"rendered":"<p>La directora general de Turismo, Raquel Huete, ha destacado este mi\u00e9rcoles que desde la Generalitat est\u00e1n trabajando en consolidar la gastronom\u00eda como producto \u00abcon identidad cultural\u00bb que proyecte la imagen de la Comunitat Valenciana \u00abasociando gastronom\u00eda con promoci\u00f3n de productos agroalimentarios y reforzando su papel complementario de otros productos tur\u00edsticos\u00bb. La directora general ha realizado<\/p>\n","protected":false},"author":1,"featured_media":78400,"comment_status":"open","ping_status":"closed","sticky":false,"template":"","format":"standard","meta":{"footnotes":""},"categories":[224],"tags":[],"class_list":{"0":"post-78399","1":"post","2":"type-post","3":"status-publish","4":"format-standard","5":"has-post-thumbnail","7":"category-noticias-actualidad"},"aioseo_notices":[],"aioseo_head":"\n\t\t<!-- All in One SEO Pro 4.9.6.1 - aioseo.com -->\n\t<meta name=\"description\" content=\"La directora general de Turismo, Raquel Huete, ha destacado este mi\u00e9rcoles que desde la Generalitat est\u00e1n trabajando en consolidar la gastronom\u00eda como producto &quot;con identidad cultural&quot; que proyecte la imagen de la Comunitat Valenciana &quot;asociando gastronom\u00eda con promoci\u00f3n de productos agroalimentarios y reforzando su papel complementario de otros productos tur\u00edsticos&quot;. La directora general ha realizado\" \/>\n\t<meta name=\"robots\" content=\"max-image-preview:large\" \/>\n\t<meta name=\"author\" content=\"admin\"\/>\n\t<meta name=\"google-site-verification\" content=\"UA-38556648-1\" \/>\n\t<meta name=\"keywords\" content=\"noticias y actualidad\" \/>\n\t<link rel=\"canonical\" href=\"https:\/\/eldigitaldeasturias.com\/magazine365\/la-gastronomia-como-producto-con-identidad-apuesta-de-la-generalitat-valenciana\/\" \/>\n\t<meta name=\"generator\" content=\"All in One SEO Pro (AIOSEO) 4.9.6.1\" \/>\n\t\t<meta property=\"og:locale\" content=\"es_ES\" \/>\n\t\t<meta property=\"og:site_name\" content=\"El Digital de Asturias \u2013 Revista de ocio, turismo y estilo de vida\" \/>\n\t\t<meta property=\"og:type\" content=\"article\" \/>\n\t\t<meta property=\"og:title\" content=\"La gastronom\u00eda como producto con identidad, apuesta de la Generalitat valenciana | El Digital de Asturias\" \/>\n\t\t<meta property=\"og:description\" content=\"La directora general de Turismo, Raquel Huete, ha destacado este mi\u00e9rcoles que desde la Generalitat est\u00e1n trabajando en consolidar la gastronom\u00eda como producto &quot;con identidad cultural&quot; que proyecte la imagen de la Comunitat Valenciana &quot;asociando gastronom\u00eda con promoci\u00f3n de productos agroalimentarios y reforzando su papel complementario de otros productos tur\u00edsticos&quot;. La directora general ha realizado\" \/>\n\t\t<meta property=\"og:url\" content=\"https:\/\/eldigitaldeasturias.com\/magazine365\/la-gastronomia-como-producto-con-identidad-apuesta-de-la-generalitat-valenciana\/\" \/>\n\t\t<meta property=\"og:image\" content=\"https:\/\/eldigitaldeasturias.com\/magazine365\/wp-content\/uploads\/2016\/06\/fotonoticia_20160609093730_800.jpg\" \/>\n\t\t<meta property=\"og:image:secure_url\" content=\"https:\/\/eldigitaldeasturias.com\/magazine365\/wp-content\/uploads\/2016\/06\/fotonoticia_20160609093730_800.jpg\" \/>\n\t\t<meta property=\"og:image:width\" content=\"800\" \/>\n\t\t<meta property=\"og:image:height\" content=\"600\" \/>\n\t\t<meta property=\"article:published_time\" content=\"2016-06-09T14:46:47+00:00\" \/>\n\t\t<meta property=\"article:modified_time\" content=\"2016-06-09T14:46:47+00:00\" \/>\n\t\t<meta name=\"twitter:card\" content=\"summary_large_image\" \/>\n\t\t<meta name=\"twitter:title\" content=\"La gastronom\u00eda como producto con identidad, apuesta de la Generalitat valenciana | El Digital de Asturias\" \/>\n\t\t<meta name=\"twitter:description\" content=\"La directora general de Turismo, Raquel Huete, ha destacado este mi\u00e9rcoles que desde la Generalitat est\u00e1n trabajando en consolidar la gastronom\u00eda como producto &quot;con identidad cultural&quot; que proyecte la imagen de la Comunitat Valenciana &quot;asociando gastronom\u00eda con promoci\u00f3n de productos agroalimentarios y reforzando su papel complementario de otros productos tur\u00edsticos&quot;. La directora general ha realizado\" \/>\n\t\t<meta name=\"twitter:image\" content=\"https:\/\/eldigitaldeasturias.com\/magazine365\/wp-content\/uploads\/2016\/06\/fotonoticia_20160609093730_800.jpg\" \/>\n\t\t<script type=\"application\/ld+json\" class=\"aioseo-schema\">\n\t\t\t{\"@context\":\"https:\\\/\\\/schema.org\",\"@graph\":[{\"@type\":\"Article\",\"@id\":\"https:\\\/\\\/eldigitaldeasturias.com\\\/magazine365\\\/la-gastronomia-como-producto-con-identidad-apuesta-de-la-generalitat-valenciana\\\/#article\",\"name\":\"La gastronom\\u00eda como producto con identidad, apuesta de la Generalitat valenciana | El Digital de Asturias\",\"headline\":\"La gastronom\\u00eda como producto con identidad, apuesta de la Generalitat valenciana\",\"author\":{\"@id\":\"https:\\\/\\\/eldigitaldeasturias.com\\\/magazine365\\\/author\\\/admin\\\/#author\"},\"publisher\":{\"@id\":\"https:\\\/\\\/eldigitaldeasturias.com\\\/magazine365\\\/#organization\"},\"image\":{\"@type\":\"ImageObject\",\"url\":\"https:\\\/\\\/eldigitaldeasturias.com\\\/magazine365\\\/wp-content\\\/uploads\\\/2016\\\/06\\\/fotonoticia_20160609093730_800.jpg\",\"width\":800,\"height\":600},\"datePublished\":\"2016-06-09T16:46:47+02:00\",\"dateModified\":\"2016-06-09T16:46:47+02:00\",\"inLanguage\":\"es-ES\",\"mainEntityOfPage\":{\"@id\":\"https:\\\/\\\/eldigitaldeasturias.com\\\/magazine365\\\/la-gastronomia-como-producto-con-identidad-apuesta-de-la-generalitat-valenciana\\\/#webpage\"},\"isPartOf\":{\"@id\":\"https:\\\/\\\/eldigitaldeasturias.com\\\/magazine365\\\/la-gastronomia-como-producto-con-identidad-apuesta-de-la-generalitat-valenciana\\\/#webpage\"},\"articleSection\":\"Noticias y Actualidad\"},{\"@type\":\"BreadcrumbList\",\"@id\":\"https:\\\/\\\/eldigitaldeasturias.com\\\/magazine365\\\/la-gastronomia-como-producto-con-identidad-apuesta-de-la-generalitat-valenciana\\\/#breadcrumblist\",\"itemListElement\":[{\"@type\":\"ListItem\",\"@id\":\"https:\\\/\\\/eldigitaldeasturias.com\\\/magazine365#listItem\",\"position\":1,\"name\":\"Home\",\"item\":\"https:\\\/\\\/eldigitaldeasturias.com\\\/magazine365\",\"nextItem\":{\"@type\":\"ListItem\",\"@id\":\"https:\\\/\\\/eldigitaldeasturias.com\\\/magazine365\\\/category\\\/noticias-actualidad\\\/#listItem\",\"name\":\"Noticias y Actualidad\"}},{\"@type\":\"ListItem\",\"@id\":\"https:\\\/\\\/eldigitaldeasturias.com\\\/magazine365\\\/category\\\/noticias-actualidad\\\/#listItem\",\"position\":2,\"name\":\"Noticias y Actualidad\",\"item\":\"https:\\\/\\\/eldigitaldeasturias.com\\\/magazine365\\\/category\\\/noticias-actualidad\\\/\",\"nextItem\":{\"@type\":\"ListItem\",\"@id\":\"https:\\\/\\\/eldigitaldeasturias.com\\\/magazine365\\\/la-gastronomia-como-producto-con-identidad-apuesta-de-la-generalitat-valenciana\\\/#listItem\",\"name\":\"La gastronom\\u00eda como producto con identidad, apuesta de la Generalitat valenciana\"},\"previousItem\":{\"@type\":\"ListItem\",\"@id\":\"https:\\\/\\\/eldigitaldeasturias.com\\\/magazine365#listItem\",\"name\":\"Home\"}},{\"@type\":\"ListItem\",\"@id\":\"https:\\\/\\\/eldigitaldeasturias.com\\\/magazine365\\\/la-gastronomia-como-producto-con-identidad-apuesta-de-la-generalitat-valenciana\\\/#listItem\",\"position\":3,\"name\":\"La gastronom\\u00eda como producto con identidad, apuesta de la Generalitat valenciana\",\"previousItem\":{\"@type\":\"ListItem\",\"@id\":\"https:\\\/\\\/eldigitaldeasturias.com\\\/magazine365\\\/category\\\/noticias-actualidad\\\/#listItem\",\"name\":\"Noticias y Actualidad\"}}]},{\"@type\":\"Organization\",\"@id\":\"https:\\\/\\\/eldigitaldeasturias.com\\\/magazine365\\\/#organization\",\"name\":\"El digital de Asturias\",\"description\":\"Revista de ocio, turismo y estilo de vida\",\"url\":\"https:\\\/\\\/eldigitaldeasturias.com\\\/magazine365\\\/\",\"logo\":{\"@type\":\"ImageObject\",\"url\":\"https:\\\/\\\/www.eldigitaldeasturias.com\\\/noticias\\\/wp-content\\\/uploads\\\/2020\\\/12\\\/EDA.jpg\",\"@id\":\"https:\\\/\\\/eldigitaldeasturias.com\\\/magazine365\\\/la-gastronomia-como-producto-con-identidad-apuesta-de-la-generalitat-valenciana\\\/#organizationLogo\"},\"image\":{\"@id\":\"https:\\\/\\\/eldigitaldeasturias.com\\\/magazine365\\\/la-gastronomia-como-producto-con-identidad-apuesta-de-la-generalitat-valenciana\\\/#organizationLogo\"}},{\"@type\":\"Person\",\"@id\":\"https:\\\/\\\/eldigitaldeasturias.com\\\/magazine365\\\/author\\\/admin\\\/#author\",\"url\":\"https:\\\/\\\/eldigitaldeasturias.com\\\/magazine365\\\/author\\\/admin\\\/\",\"name\":\"admin\",\"image\":{\"@type\":\"ImageObject\",\"@id\":\"https:\\\/\\\/eldigitaldeasturias.com\\\/magazine365\\\/la-gastronomia-como-producto-con-identidad-apuesta-de-la-generalitat-valenciana\\\/#authorImage\",\"url\":\"https:\\\/\\\/eldigitaldeasturias.com\\\/magazine365\\\/wp-content\\\/litespeed\\\/avatar\\\/e571bcf59a0edd6fa6838245a470f2fe.jpg?ver=1776969259\",\"width\":96,\"height\":96,\"caption\":\"admin\"}},{\"@type\":\"WebPage\",\"@id\":\"https:\\\/\\\/eldigitaldeasturias.com\\\/magazine365\\\/la-gastronomia-como-producto-con-identidad-apuesta-de-la-generalitat-valenciana\\\/#webpage\",\"url\":\"https:\\\/\\\/eldigitaldeasturias.com\\\/magazine365\\\/la-gastronomia-como-producto-con-identidad-apuesta-de-la-generalitat-valenciana\\\/\",\"name\":\"La gastronom\\u00eda como producto con identidad, apuesta de la Generalitat valenciana | El Digital de Asturias\",\"description\":\"La directora general de Turismo, Raquel Huete, ha destacado este mi\\u00e9rcoles que desde la Generalitat est\\u00e1n trabajando en consolidar la gastronom\\u00eda como producto \\\"con identidad cultural\\\" que proyecte la imagen de la Comunitat Valenciana \\\"asociando gastronom\\u00eda con promoci\\u00f3n de productos agroalimentarios y reforzando su papel complementario de otros productos tur\\u00edsticos\\\". La directora general ha realizado\",\"inLanguage\":\"es-ES\",\"isPartOf\":{\"@id\":\"https:\\\/\\\/eldigitaldeasturias.com\\\/magazine365\\\/#website\"},\"breadcrumb\":{\"@id\":\"https:\\\/\\\/eldigitaldeasturias.com\\\/magazine365\\\/la-gastronomia-como-producto-con-identidad-apuesta-de-la-generalitat-valenciana\\\/#breadcrumblist\"},\"author\":{\"@id\":\"https:\\\/\\\/eldigitaldeasturias.com\\\/magazine365\\\/author\\\/admin\\\/#author\"},\"creator\":{\"@id\":\"https:\\\/\\\/eldigitaldeasturias.com\\\/magazine365\\\/author\\\/admin\\\/#author\"},\"image\":{\"@type\":\"ImageObject\",\"url\":\"https:\\\/\\\/eldigitaldeasturias.com\\\/magazine365\\\/wp-content\\\/uploads\\\/2016\\\/06\\\/fotonoticia_20160609093730_800.jpg\",\"@id\":\"https:\\\/\\\/eldigitaldeasturias.com\\\/magazine365\\\/la-gastronomia-como-producto-con-identidad-apuesta-de-la-generalitat-valenciana\\\/#mainImage\",\"width\":800,\"height\":600},\"primaryImageOfPage\":{\"@id\":\"https:\\\/\\\/eldigitaldeasturias.com\\\/magazine365\\\/la-gastronomia-como-producto-con-identidad-apuesta-de-la-generalitat-valenciana\\\/#mainImage\"},\"datePublished\":\"2016-06-09T16:46:47+02:00\",\"dateModified\":\"2016-06-09T16:46:47+02:00\"},{\"@type\":\"WebSite\",\"@id\":\"https:\\\/\\\/eldigitaldeasturias.com\\\/magazine365\\\/#website\",\"url\":\"https:\\\/\\\/eldigitaldeasturias.com\\\/magazine365\\\/\",\"name\":\"El Digital de Asturias\",\"description\":\"Revista de ocio, turismo y estilo de vida\",\"inLanguage\":\"es-ES\",\"publisher\":{\"@id\":\"https:\\\/\\\/eldigitaldeasturias.com\\\/magazine365\\\/#organization\"}}]}\n\t\t<\/script>\n\t\t<!-- All in One SEO Pro -->\r\n\t\t<title>La gastronom\u00eda como producto con identidad, apuesta de la Generalitat valenciana | El Digital de Asturias<\/title>\n\n","aioseo_head_json":{"title":"La gastronom\u00eda como producto con identidad, apuesta de la Generalitat valenciana | El Digital de Asturias","description":"La directora general de Turismo, Raquel Huete, ha destacado este mi\u00e9rcoles que desde la Generalitat est\u00e1n trabajando en consolidar la gastronom\u00eda como producto \"con identidad cultural\" que proyecte la imagen de la Comunitat Valenciana \"asociando gastronom\u00eda con promoci\u00f3n de productos agroalimentarios y reforzando su papel complementario de otros productos tur\u00edsticos\". La directora general ha realizado","canonical_url":"https:\/\/eldigitaldeasturias.com\/magazine365\/la-gastronomia-como-producto-con-identidad-apuesta-de-la-generalitat-valenciana\/","robots":"max-image-preview:large","keywords":"noticias y actualidad","webmasterTools":{"google-site-verification":"UA-38556648-1","miscellaneous":""},"schema":{"@context":"https:\/\/schema.org","@graph":[{"@type":"Article","@id":"https:\/\/eldigitaldeasturias.com\/magazine365\/la-gastronomia-como-producto-con-identidad-apuesta-de-la-generalitat-valenciana\/#article","name":"La gastronom\u00eda como producto con identidad, apuesta de la Generalitat valenciana | El Digital de Asturias","headline":"La gastronom\u00eda como producto con identidad, apuesta de la Generalitat valenciana","author":{"@id":"https:\/\/eldigitaldeasturias.com\/magazine365\/author\/admin\/#author"},"publisher":{"@id":"https:\/\/eldigitaldeasturias.com\/magazine365\/#organization"},"image":{"@type":"ImageObject","url":"https:\/\/eldigitaldeasturias.com\/magazine365\/wp-content\/uploads\/2016\/06\/fotonoticia_20160609093730_800.jpg","width":800,"height":600},"datePublished":"2016-06-09T16:46:47+02:00","dateModified":"2016-06-09T16:46:47+02:00","inLanguage":"es-ES","mainEntityOfPage":{"@id":"https:\/\/eldigitaldeasturias.com\/magazine365\/la-gastronomia-como-producto-con-identidad-apuesta-de-la-generalitat-valenciana\/#webpage"},"isPartOf":{"@id":"https:\/\/eldigitaldeasturias.com\/magazine365\/la-gastronomia-como-producto-con-identidad-apuesta-de-la-generalitat-valenciana\/#webpage"},"articleSection":"Noticias y Actualidad"},{"@type":"BreadcrumbList","@id":"https:\/\/eldigitaldeasturias.com\/magazine365\/la-gastronomia-como-producto-con-identidad-apuesta-de-la-generalitat-valenciana\/#breadcrumblist","itemListElement":[{"@type":"ListItem","@id":"https:\/\/eldigitaldeasturias.com\/magazine365#listItem","position":1,"name":"Home","item":"https:\/\/eldigitaldeasturias.com\/magazine365","nextItem":{"@type":"ListItem","@id":"https:\/\/eldigitaldeasturias.com\/magazine365\/category\/noticias-actualidad\/#listItem","name":"Noticias y Actualidad"}},{"@type":"ListItem","@id":"https:\/\/eldigitaldeasturias.com\/magazine365\/category\/noticias-actualidad\/#listItem","position":2,"name":"Noticias y Actualidad","item":"https:\/\/eldigitaldeasturias.com\/magazine365\/category\/noticias-actualidad\/","nextItem":{"@type":"ListItem","@id":"https:\/\/eldigitaldeasturias.com\/magazine365\/la-gastronomia-como-producto-con-identidad-apuesta-de-la-generalitat-valenciana\/#listItem","name":"La gastronom\u00eda como producto con identidad, apuesta de la Generalitat valenciana"},"previousItem":{"@type":"ListItem","@id":"https:\/\/eldigitaldeasturias.com\/magazine365#listItem","name":"Home"}},{"@type":"ListItem","@id":"https:\/\/eldigitaldeasturias.com\/magazine365\/la-gastronomia-como-producto-con-identidad-apuesta-de-la-generalitat-valenciana\/#listItem","position":3,"name":"La gastronom\u00eda como producto con identidad, apuesta de la Generalitat valenciana","previousItem":{"@type":"ListItem","@id":"https:\/\/eldigitaldeasturias.com\/magazine365\/category\/noticias-actualidad\/#listItem","name":"Noticias y Actualidad"}}]},{"@type":"Organization","@id":"https:\/\/eldigitaldeasturias.com\/magazine365\/#organization","name":"El digital de Asturias","description":"Revista de ocio, turismo y estilo de vida","url":"https:\/\/eldigitaldeasturias.com\/magazine365\/","logo":{"@type":"ImageObject","url":"https:\/\/www.eldigitaldeasturias.com\/noticias\/wp-content\/uploads\/2020\/12\/EDA.jpg","@id":"https:\/\/eldigitaldeasturias.com\/magazine365\/la-gastronomia-como-producto-con-identidad-apuesta-de-la-generalitat-valenciana\/#organizationLogo"},"image":{"@id":"https:\/\/eldigitaldeasturias.com\/magazine365\/la-gastronomia-como-producto-con-identidad-apuesta-de-la-generalitat-valenciana\/#organizationLogo"}},{"@type":"Person","@id":"https:\/\/eldigitaldeasturias.com\/magazine365\/author\/admin\/#author","url":"https:\/\/eldigitaldeasturias.com\/magazine365\/author\/admin\/","name":"admin","image":{"@type":"ImageObject","@id":"https:\/\/eldigitaldeasturias.com\/magazine365\/la-gastronomia-como-producto-con-identidad-apuesta-de-la-generalitat-valenciana\/#authorImage","url":"https:\/\/eldigitaldeasturias.com\/magazine365\/wp-content\/litespeed\/avatar\/e571bcf59a0edd6fa6838245a470f2fe.jpg?ver=1776969259","width":96,"height":96,"caption":"admin"}},{"@type":"WebPage","@id":"https:\/\/eldigitaldeasturias.com\/magazine365\/la-gastronomia-como-producto-con-identidad-apuesta-de-la-generalitat-valenciana\/#webpage","url":"https:\/\/eldigitaldeasturias.com\/magazine365\/la-gastronomia-como-producto-con-identidad-apuesta-de-la-generalitat-valenciana\/","name":"La gastronom\u00eda como producto con identidad, apuesta de la Generalitat valenciana | El Digital de Asturias","description":"La directora general de Turismo, Raquel Huete, ha destacado este mi\u00e9rcoles que desde la Generalitat est\u00e1n trabajando en consolidar la gastronom\u00eda como producto \"con identidad cultural\" que proyecte la imagen de la Comunitat Valenciana \"asociando gastronom\u00eda con promoci\u00f3n de productos agroalimentarios y reforzando su papel complementario de otros productos tur\u00edsticos\". La directora general ha realizado","inLanguage":"es-ES","isPartOf":{"@id":"https:\/\/eldigitaldeasturias.com\/magazine365\/#website"},"breadcrumb":{"@id":"https:\/\/eldigitaldeasturias.com\/magazine365\/la-gastronomia-como-producto-con-identidad-apuesta-de-la-generalitat-valenciana\/#breadcrumblist"},"author":{"@id":"https:\/\/eldigitaldeasturias.com\/magazine365\/author\/admin\/#author"},"creator":{"@id":"https:\/\/eldigitaldeasturias.com\/magazine365\/author\/admin\/#author"},"image":{"@type":"ImageObject","url":"https:\/\/eldigitaldeasturias.com\/magazine365\/wp-content\/uploads\/2016\/06\/fotonoticia_20160609093730_800.jpg","@id":"https:\/\/eldigitaldeasturias.com\/magazine365\/la-gastronomia-como-producto-con-identidad-apuesta-de-la-generalitat-valenciana\/#mainImage","width":800,"height":600},"primaryImageOfPage":{"@id":"https:\/\/eldigitaldeasturias.com\/magazine365\/la-gastronomia-como-producto-con-identidad-apuesta-de-la-generalitat-valenciana\/#mainImage"},"datePublished":"2016-06-09T16:46:47+02:00","dateModified":"2016-06-09T16:46:47+02:00"},{"@type":"WebSite","@id":"https:\/\/eldigitaldeasturias.com\/magazine365\/#website","url":"https:\/\/eldigitaldeasturias.com\/magazine365\/","name":"El Digital de Asturias","description":"Revista de ocio, turismo y estilo de vida","inLanguage":"es-ES","publisher":{"@id":"https:\/\/eldigitaldeasturias.com\/magazine365\/#organization"}}]},"og:locale":"es_ES","og:site_name":"El Digital de Asturias \u2013 Revista de ocio, turismo y estilo de vida","og:type":"article","og:title":"La gastronom\u00eda como producto con identidad, apuesta de la Generalitat valenciana | El Digital de Asturias","og:description":"La directora general de Turismo, Raquel Huete, ha destacado este mi\u00e9rcoles que desde la Generalitat est\u00e1n trabajando en consolidar la gastronom\u00eda como producto &quot;con identidad cultural&quot; que proyecte la imagen de la Comunitat Valenciana &quot;asociando gastronom\u00eda con promoci\u00f3n de productos agroalimentarios y reforzando su papel complementario de otros productos tur\u00edsticos&quot;. La directora general ha realizado","og:url":"https:\/\/eldigitaldeasturias.com\/magazine365\/la-gastronomia-como-producto-con-identidad-apuesta-de-la-generalitat-valenciana\/","og:image":"https:\/\/eldigitaldeasturias.com\/magazine365\/wp-content\/uploads\/2016\/06\/fotonoticia_20160609093730_800.jpg","og:image:secure_url":"https:\/\/eldigitaldeasturias.com\/magazine365\/wp-content\/uploads\/2016\/06\/fotonoticia_20160609093730_800.jpg","og:image:width":800,"og:image:height":600,"article:published_time":"2016-06-09T14:46:47+00:00","article:modified_time":"2016-06-09T14:46:47+00:00","twitter:card":"summary_large_image","twitter:title":"La gastronom\u00eda como producto con identidad, apuesta de la Generalitat valenciana | El Digital de Asturias","twitter:description":"La directora general de Turismo, Raquel Huete, ha destacado este mi\u00e9rcoles que desde la Generalitat est\u00e1n trabajando en consolidar la gastronom\u00eda como producto &quot;con identidad cultural&quot; que proyecte la imagen de la Comunitat Valenciana &quot;asociando gastronom\u00eda con promoci\u00f3n de productos agroalimentarios y reforzando su papel complementario de otros productos tur\u00edsticos&quot;. La directora general ha realizado","twitter:image":"https:\/\/eldigitaldeasturias.com\/magazine365\/wp-content\/uploads\/2016\/06\/fotonoticia_20160609093730_800.jpg"},"aioseo_meta_data":{"post_id":"78399","title":null,"description":null,"keywords":null,"keyphrases":null,"primary_term":null,"canonical_url":null,"og_title":null,"og_description":null,"og_object_type":"default","og_image_type":"default","og_image_url":null,"og_image_width":null,"og_image_height":null,"og_image_custom_url":null,"og_image_custom_fields":null,"og_video":null,"og_custom_url":null,"og_article_section":null,"og_article_tags":null,"twitter_use_og":false,"twitter_card":"default","twitter_image_type":"default","twitter_image_url":null,"twitter_image_custom_url":null,"twitter_image_custom_fields":null,"twitter_title":null,"twitter_description":null,"schema":{"blockGraphs":[],"customGraphs":[],"default":{"data":{"Article":[],"Course":[],"Dataset":[],"FAQPage":[],"Movie":[],"Person":[],"Product":[],"ProductReview":[],"Car":[],"Recipe":[],"Service":[],"SoftwareApplication":[],"WebPage":[]},"graphName":"","isEnabled":true},"graphs":[],"defaultGraph":"","defaultPostTypeGraph":""},"schema_type":null,"schema_type_options":null,"pillar_content":false,"robots_default":true,"robots_noindex":false,"robots_noarchive":false,"robots_nosnippet":false,"robots_nofollow":false,"robots_noimageindex":false,"robots_noodp":false,"robots_notranslate":false,"robots_max_snippet":null,"robots_max_videopreview":null,"robots_max_imagepreview":"large","priority":null,"frequency":null,"location":null,"local_seo":null,"seo_analyzer_scan_date":"2025-09-27 16:53:34","breadcrumb_settings":null,"limit_modified_date":false,"open_ai":null,"ai":null,"created":"2021-03-08 18:02:11","updated":"2025-09-27 16:53:34"},"aioseo_breadcrumb":"<div class=\"aioseo-breadcrumbs\"><span class=\"aioseo-breadcrumb\">\n\t<a href=\"https:\/\/eldigitaldeasturias.com\/magazine365\" title=\"Home\">Home<\/a>\n<\/span><span class=\"aioseo-breadcrumb-separator\">\u2013<\/span><span class=\"aioseo-breadcrumb\">\n\t<a href=\"https:\/\/eldigitaldeasturias.com\/magazine365\/category\/noticias-actualidad\/\" title=\"Noticias y Actualidad\">Noticias y Actualidad<\/a>\n<\/span><span class=\"aioseo-breadcrumb-separator\">\u2013<\/span><span class=\"aioseo-breadcrumb\">\n\t<a href=\"https:\/\/eldigitaldeasturias.com\/magazine365\/la-gastronomia-como-producto-con-identidad-apuesta-de-la-generalitat-valenciana\/\" title=\"La gastronom\u00eda como producto con identidad, apuesta de la Generalitat valenciana\">La gastronom\u00eda como producto con identidad, apuesta de la Generalitat valenciana<\/a>\n<\/span><\/div>","aioseo_breadcrumb_json":[{"label":"Home","link":"https:\/\/eldigitaldeasturias.com\/magazine365"},{"label":"Noticias y Actualidad","link":"https:\/\/eldigitaldeasturias.com\/magazine365\/category\/noticias-actualidad\/"},{"label":"La gastronom\u00eda como producto con identidad, apuesta de la Generalitat valenciana","link":"https:\/\/eldigitaldeasturias.com\/magazine365\/la-gastronomia-como-producto-con-identidad-apuesta-de-la-generalitat-valenciana\/"}],"_links":{"self":[{"href":"https:\/\/eldigitaldeasturias.com\/magazine365\/wp-json\/wp\/v2\/posts\/78399","targetHints":{"allow":["GET"]}}],"collection":[{"href":"https:\/\/eldigitaldeasturias.com\/magazine365\/wp-json\/wp\/v2\/posts"}],"about":[{"href":"https:\/\/eldigitaldeasturias.com\/magazine365\/wp-json\/wp\/v2\/types\/post"}],"author":[{"embeddable":true,"href":"https:\/\/eldigitaldeasturias.com\/magazine365\/wp-json\/wp\/v2\/users\/1"}],"replies":[{"embeddable":true,"href":"https:\/\/eldigitaldeasturias.com\/magazine365\/wp-json\/wp\/v2\/comments?post=78399"}],"version-history":[{"count":0,"href":"https:\/\/eldigitaldeasturias.com\/magazine365\/wp-json\/wp\/v2\/posts\/78399\/revisions"}],"wp:featuredmedia":[{"embeddable":true,"href":"https:\/\/eldigitaldeasturias.com\/magazine365\/wp-json\/wp\/v2\/media\/78400"}],"wp:attachment":[{"href":"https:\/\/eldigitaldeasturias.com\/magazine365\/wp-json\/wp\/v2\/media?parent=78399"}],"wp:term":[{"taxonomy":"category","embeddable":true,"href":"https:\/\/eldigitaldeasturias.com\/magazine365\/wp-json\/wp\/v2\/categories?post=78399"},{"taxonomy":"post_tag","embeddable":true,"href":"https:\/\/eldigitaldeasturias.com\/magazine365\/wp-json\/wp\/v2\/tags?post=78399"}],"curies":[{"name":"wp","href":"https:\/\/api.w.org\/{rel}","templated":true}]}}