{"id":78393,"date":"2016-06-09T16:33:11","date_gmt":"2016-06-09T14:33:11","guid":{"rendered":"http:\/\/eldigitaldeasturias.com\/magazine365\/?p=78393"},"modified":"2016-06-09T16:33:11","modified_gmt":"2016-06-09T14:33:11","slug":"carmena-dice-que-no-es-posible-revocar-el-rechazo-del-antiguo-plan-sobre-castellana","status":"publish","type":"post","link":"https:\/\/eldigitaldeasturias.com\/magazine365\/carmena-dice-que-no-es-posible-revocar-el-rechazo-del-antiguo-plan-sobre-castellana\/","title":{"rendered":"Carmena dice que \u00abno es posible\u00bb revocar el rechazo del antiguo plan sobre Castellana"},"content":{"rendered":"<p><img fetchpriority=\"high\" decoding=\"async\" class=\"alignleft size-medium wp-image-78394\" src=\"https:\/\/eldigitaldeasturias.com\/magazine365\/wp-content\/uploads\/2016\/06\/fotonoticia_20160609092951_800-360x230.jpg\" alt=\"fotonoticia_20160609092951_800\" width=\"360\" height=\"230\" srcset=\"https:\/\/eldigitaldeasturias.com\/magazine365\/wp-content\/uploads\/2016\/06\/fotonoticia_20160609092951_800-360x230.jpg 360w, https:\/\/eldigitaldeasturias.com\/magazine365\/wp-content\/uploads\/2016\/06\/fotonoticia_20160609092951_800-650x416.jpg 650w, https:\/\/eldigitaldeasturias.com\/magazine365\/wp-content\/uploads\/2016\/06\/fotonoticia_20160609092951_800-768x492.jpg 768w, https:\/\/eldigitaldeasturias.com\/magazine365\/wp-content\/uploads\/2016\/06\/fotonoticia_20160609092951_800-150x96.jpg 150w, https:\/\/eldigitaldeasturias.com\/magazine365\/wp-content\/uploads\/2016\/06\/fotonoticia_20160609092951_800-450x288.jpg 450w, https:\/\/eldigitaldeasturias.com\/magazine365\/wp-content\/uploads\/2016\/06\/fotonoticia_20160609092951_800-225x145.jpg 225w, https:\/\/eldigitaldeasturias.com\/magazine365\/wp-content\/uploads\/2016\/06\/fotonoticia_20160609092951_800-355x226.jpg 355w, https:\/\/eldigitaldeasturias.com\/magazine365\/wp-content\/uploads\/2016\/06\/fotonoticia_20160609092951_800-101x66.jpg 101w, https:\/\/eldigitaldeasturias.com\/magazine365\/wp-content\/uploads\/2016\/06\/fotonoticia_20160609092951_800.jpg 800w\" sizes=\"(max-width: 360px) 100vw, 360px\" \/>La alcaldesa de Madrid, Manuela Carmena, ha dicho a la ministra de Fomento, Ana Pastor, y a la presidenta de la Comunidad, Cristina Cifuentes, que \u00abno es posible\u00bb revocar el rechazo del plan de Distrito Castellana Norte &#8211;aprobado en Pleno con los votos de Ahora Madrid y PSOE&#8211; porque \u00abes muy dif\u00edcil pedir que el tiempo no haya pasado\u00bb aunque tiene \u00abesperanza\u00bb en poder alcanzar un \u00abconsenso\u00bb en torno al plan presentado por el Ayuntamiento, Madrid Puerta Norte, unido a que \u00abse puede empezar ya\u00bb con algunas actuaciones.<\/p>\n<p>Carmena ha insistido tras dos horas de reuni\u00f3n en que lo importante es que la zona norte de Madrid \u00abmejore cuanto antes\u00bb y que si el anterior plan \u00abhablaba de catorce, veinte a\u00f1os, unos plazos dilatad\u00edsimos\u00bb, el proyecto municipal defiende que \u00abse puede empezar ya\u00bb, como lo recoge el hecho de que el proyecto para el Nudo Norte se vaya a recoger en el presupuesto municipal de 2017.<\/p>\n<p>Ante las cr\u00edticas de Fomento y Comunidad sobre la posible dilataci\u00f3n del proceso &#8211;argumentaban que se necesar\u00eda un m\u00ednimo de tres a\u00f1os&#8211;, la alcaldesa ha destacado que la modificaci\u00f3n urban\u00edstica para el \u00e1mbito Mahou-Calder\u00f3n se dise\u00f1\u00f3 en quince meses, es decir, que los procesos \u00abdependen de la celeridad\u00bb que se les d\u00e9, unido al hecho de que hay elementos que se podr\u00edan acometer sin modificar el Plan General de Ordenaci\u00f3n Urbana (PGOU), como el Nudo Norte o la mejora de la estaci\u00f3n de Chamart\u00edn.<\/p>\n<p>Carmena, que ha comenzado su intervenci\u00f3n dejando constancia de la marcha de Cifuentes antes de su comparecencia, ha manifestado que se han levantado de la reuni\u00f3n \u00abpensando que no ha habido acuerdo pero quiz\u00e1s pueda haberlo m\u00e1s adelante\u00bb. La primera edil ha explicado a la prensa que lo que ped\u00eda Cifuentes y la ministra de Fomento en funciones, Ana Pastor, adem\u00e1s del operador privado es que se revocara la decisi\u00f3n del Pleno que enterraba la antigua operaci\u00f3n de Distrito Castellana Norte.<\/p>\n<p>Manuela Carmena mantiene su confianza en que la propuesta del Ayuntamiento, Madrid Puerta Norte, \u00abpueda ser de consenso\u00bb porque \u00ablos objetivos que se pretend\u00edan conseguir con el plan Chamart\u00edn ahora se pueden conseguir hablando entre todos\u00bb. La primera edil ha puesto el acento en que Madrid Puerta Norte \u00abes una propuesta que puede empezar a desarrollarse\u00bb y que, por lo tanto, puede ser \u00abaprovechado\u00bb por el actual Ministerio de Fomento \u00abo el que pueda venir\u00bb.<\/p>\n<p>Lo esencial, ha destacado la alcaldesa, es que Comunidad y Fomento est\u00e9n dispuestos \u00aba seguir hablando\u00bb. En cuanto al operador privado, la primera edil ha lamentado que sigan anclados en la \u00abmelancol\u00eda\u00bb y les ha invitado a \u00absentarse y hablar\u00bb.<\/p>\n<p>En cuanto al rechazo de Cifuentes de Madrid Puerta Norte por ser un proyecto ideologizado, la alcaldesa no ha querido entrar a valorar palabras de otras personas, como es habitual en su proceder, porque lo importante es que la sociedad les conozca \u00abpero por los hechos\u00bb. S\u00ed ha contestado a las cr\u00edticas regionales sobre la supuesta par\u00e1lisis en la inversi\u00f3n recordando que \u00abdentro de poco\u00bb se podr\u00eda cerrar un acuerdo con el Calder\u00f3n, en el Santiago Bernab\u00e9u, sigue adelante Canalejas, el centro comercial en Madrid R\u00edo o Los Berrocales.<\/p>\n<p>\u00abLos proyectos que nos hemos encontrado los hemos puesto en marcha\u00bb porque el Ayuntamiento est\u00e1 \u00abinteresad\u00edsimo\u00bb en las inversiones dado que son conscientes del problema de desempleo que tiene Madrid aunque sus comperecencias en este campo son limitadas ya que las concentran entre el Estado y la Comunidad.<\/p>\n<p>\u00abEstamos haciendo lo imposible para que a Madrid venga toda la inversi\u00f3n posible\u00bb, ha subrayado Carmena, que ha asegurado que no han hablado de una pr\u00f3xima reuni\u00f3n.<\/p>\n","protected":false},"excerpt":{"rendered":"<p>La alcaldesa de Madrid, Manuela Carmena, ha dicho a la ministra de Fomento, Ana Pastor, y a la presidenta de la Comunidad, Cristina Cifuentes, que \u00abno es posible\u00bb revocar el rechazo del plan de Distrito Castellana Norte &#8211;aprobado en Pleno con los votos de Ahora Madrid y PSOE&#8211; porque \u00abes muy dif\u00edcil pedir que el<\/p>\n","protected":false},"author":1,"featured_media":78394,"comment_status":"open","ping_status":"closed","sticky":false,"template":"","format":"standard","meta":{"footnotes":""},"categories":[224],"tags":[],"class_list":{"0":"post-78393","1":"post","2":"type-post","3":"status-publish","4":"format-standard","5":"has-post-thumbnail","7":"category-noticias-actualidad"},"aioseo_notices":[],"aioseo_head":"\n\t\t<!-- All in One SEO Pro 4.9.6.1 - aioseo.com -->\n\t<meta name=\"description\" content=\"La alcaldesa de Madrid, Manuela Carmena, ha dicho a la ministra de Fomento, Ana Pastor, y a la presidenta de la Comunidad, Cristina Cifuentes, que &quot;no es posible&quot; revocar el rechazo del plan de Distrito Castellana Norte --aprobado en Pleno con los votos de Ahora Madrid y PSOE-- porque &quot;es muy dif\u00edcil pedir que el\" \/>\n\t<meta name=\"robots\" content=\"max-image-preview:large\" \/>\n\t<meta name=\"author\" content=\"admin\"\/>\n\t<meta name=\"google-site-verification\" content=\"UA-38556648-1\" \/>\n\t<meta name=\"keywords\" content=\"noticias y actualidad\" \/>\n\t<link rel=\"canonical\" href=\"https:\/\/eldigitaldeasturias.com\/magazine365\/carmena-dice-que-no-es-posible-revocar-el-rechazo-del-antiguo-plan-sobre-castellana\/\" \/>\n\t<meta name=\"generator\" content=\"All in One SEO Pro (AIOSEO) 4.9.6.1\" \/>\n\t\t<meta property=\"og:locale\" content=\"es_ES\" \/>\n\t\t<meta property=\"og:site_name\" content=\"El Digital de Asturias \u2013 Revista de ocio, turismo y estilo de vida\" \/>\n\t\t<meta property=\"og:type\" content=\"article\" \/>\n\t\t<meta property=\"og:title\" content=\"Carmena dice que \u00abno es posible\u00bb revocar el rechazo del antiguo plan sobre Castellana | El Digital de Asturias\" \/>\n\t\t<meta property=\"og:description\" content=\"La alcaldesa de Madrid, Manuela Carmena, ha dicho a la ministra de Fomento, Ana Pastor, y a la presidenta de la Comunidad, Cristina Cifuentes, que &quot;no es posible&quot; revocar el rechazo del plan de Distrito Castellana Norte --aprobado en Pleno con los votos de Ahora Madrid y PSOE-- porque &quot;es muy dif\u00edcil pedir que el\" \/>\n\t\t<meta property=\"og:url\" content=\"https:\/\/eldigitaldeasturias.com\/magazine365\/carmena-dice-que-no-es-posible-revocar-el-rechazo-del-antiguo-plan-sobre-castellana\/\" \/>\n\t\t<meta property=\"og:image\" content=\"https:\/\/eldigitaldeasturias.com\/magazine365\/wp-content\/uploads\/2016\/06\/fotonoticia_20160609092951_800.jpg\" \/>\n\t\t<meta property=\"og:image:secure_url\" content=\"https:\/\/eldigitaldeasturias.com\/magazine365\/wp-content\/uploads\/2016\/06\/fotonoticia_20160609092951_800.jpg\" \/>\n\t\t<meta property=\"og:image:width\" content=\"800\" \/>\n\t\t<meta property=\"og:image:height\" content=\"512\" \/>\n\t\t<meta property=\"article:published_time\" content=\"2016-06-09T14:33:11+00:00\" \/>\n\t\t<meta property=\"article:modified_time\" content=\"2016-06-09T14:33:11+00:00\" \/>\n\t\t<meta name=\"twitter:card\" content=\"summary_large_image\" \/>\n\t\t<meta name=\"twitter:title\" content=\"Carmena dice que \u00abno es posible\u00bb revocar el rechazo del antiguo plan sobre Castellana | El Digital de Asturias\" \/>\n\t\t<meta name=\"twitter:description\" content=\"La alcaldesa de Madrid, Manuela Carmena, ha dicho a la ministra de Fomento, Ana Pastor, y a la presidenta de la Comunidad, Cristina Cifuentes, que &quot;no es posible&quot; revocar el rechazo del plan de Distrito Castellana Norte --aprobado en Pleno con los votos de Ahora Madrid y PSOE-- porque &quot;es muy dif\u00edcil pedir que el\" \/>\n\t\t<meta name=\"twitter:image\" content=\"https:\/\/eldigitaldeasturias.com\/magazine365\/wp-content\/uploads\/2016\/06\/fotonoticia_20160609092951_800.jpg\" \/>\n\t\t<script type=\"application\/ld+json\" class=\"aioseo-schema\">\n\t\t\t{\"@context\":\"https:\\\/\\\/schema.org\",\"@graph\":[{\"@type\":\"Article\",\"@id\":\"https:\\\/\\\/eldigitaldeasturias.com\\\/magazine365\\\/carmena-dice-que-no-es-posible-revocar-el-rechazo-del-antiguo-plan-sobre-castellana\\\/#article\",\"name\":\"Carmena dice que \\u00abno es posible\\u00bb revocar el rechazo del antiguo plan sobre Castellana | El Digital de Asturias\",\"headline\":\"Carmena dice que \\u00abno es posible\\u00bb revocar el rechazo del antiguo plan sobre Castellana\",\"author\":{\"@id\":\"https:\\\/\\\/eldigitaldeasturias.com\\\/magazine365\\\/author\\\/admin\\\/#author\"},\"publisher\":{\"@id\":\"https:\\\/\\\/eldigitaldeasturias.com\\\/magazine365\\\/#organization\"},\"image\":{\"@type\":\"ImageObject\",\"url\":\"https:\\\/\\\/eldigitaldeasturias.com\\\/magazine365\\\/wp-content\\\/uploads\\\/2016\\\/06\\\/fotonoticia_20160609092951_800.jpg\",\"width\":800,\"height\":512},\"datePublished\":\"2016-06-09T16:33:11+02:00\",\"dateModified\":\"2016-06-09T16:33:11+02:00\",\"inLanguage\":\"es-ES\",\"mainEntityOfPage\":{\"@id\":\"https:\\\/\\\/eldigitaldeasturias.com\\\/magazine365\\\/carmena-dice-que-no-es-posible-revocar-el-rechazo-del-antiguo-plan-sobre-castellana\\\/#webpage\"},\"isPartOf\":{\"@id\":\"https:\\\/\\\/eldigitaldeasturias.com\\\/magazine365\\\/carmena-dice-que-no-es-posible-revocar-el-rechazo-del-antiguo-plan-sobre-castellana\\\/#webpage\"},\"articleSection\":\"Noticias y Actualidad\"},{\"@type\":\"BreadcrumbList\",\"@id\":\"https:\\\/\\\/eldigitaldeasturias.com\\\/magazine365\\\/carmena-dice-que-no-es-posible-revocar-el-rechazo-del-antiguo-plan-sobre-castellana\\\/#breadcrumblist\",\"itemListElement\":[{\"@type\":\"ListItem\",\"@id\":\"https:\\\/\\\/eldigitaldeasturias.com\\\/magazine365#listItem\",\"position\":1,\"name\":\"Home\",\"item\":\"https:\\\/\\\/eldigitaldeasturias.com\\\/magazine365\",\"nextItem\":{\"@type\":\"ListItem\",\"@id\":\"https:\\\/\\\/eldigitaldeasturias.com\\\/magazine365\\\/category\\\/noticias-actualidad\\\/#listItem\",\"name\":\"Noticias y Actualidad\"}},{\"@type\":\"ListItem\",\"@id\":\"https:\\\/\\\/eldigitaldeasturias.com\\\/magazine365\\\/category\\\/noticias-actualidad\\\/#listItem\",\"position\":2,\"name\":\"Noticias y Actualidad\",\"item\":\"https:\\\/\\\/eldigitaldeasturias.com\\\/magazine365\\\/category\\\/noticias-actualidad\\\/\",\"nextItem\":{\"@type\":\"ListItem\",\"@id\":\"https:\\\/\\\/eldigitaldeasturias.com\\\/magazine365\\\/carmena-dice-que-no-es-posible-revocar-el-rechazo-del-antiguo-plan-sobre-castellana\\\/#listItem\",\"name\":\"Carmena dice que \\u00abno es posible\\u00bb revocar el rechazo del antiguo plan sobre Castellana\"},\"previousItem\":{\"@type\":\"ListItem\",\"@id\":\"https:\\\/\\\/eldigitaldeasturias.com\\\/magazine365#listItem\",\"name\":\"Home\"}},{\"@type\":\"ListItem\",\"@id\":\"https:\\\/\\\/eldigitaldeasturias.com\\\/magazine365\\\/carmena-dice-que-no-es-posible-revocar-el-rechazo-del-antiguo-plan-sobre-castellana\\\/#listItem\",\"position\":3,\"name\":\"Carmena dice que \\u00abno es posible\\u00bb revocar el rechazo del antiguo plan sobre Castellana\",\"previousItem\":{\"@type\":\"ListItem\",\"@id\":\"https:\\\/\\\/eldigitaldeasturias.com\\\/magazine365\\\/category\\\/noticias-actualidad\\\/#listItem\",\"name\":\"Noticias y Actualidad\"}}]},{\"@type\":\"Organization\",\"@id\":\"https:\\\/\\\/eldigitaldeasturias.com\\\/magazine365\\\/#organization\",\"name\":\"El digital de Asturias\",\"description\":\"Revista de ocio, turismo y estilo de vida\",\"url\":\"https:\\\/\\\/eldigitaldeasturias.com\\\/magazine365\\\/\",\"logo\":{\"@type\":\"ImageObject\",\"url\":\"https:\\\/\\\/www.eldigitaldeasturias.com\\\/noticias\\\/wp-content\\\/uploads\\\/2020\\\/12\\\/EDA.jpg\",\"@id\":\"https:\\\/\\\/eldigitaldeasturias.com\\\/magazine365\\\/carmena-dice-que-no-es-posible-revocar-el-rechazo-del-antiguo-plan-sobre-castellana\\\/#organizationLogo\"},\"image\":{\"@id\":\"https:\\\/\\\/eldigitaldeasturias.com\\\/magazine365\\\/carmena-dice-que-no-es-posible-revocar-el-rechazo-del-antiguo-plan-sobre-castellana\\\/#organizationLogo\"}},{\"@type\":\"Person\",\"@id\":\"https:\\\/\\\/eldigitaldeasturias.com\\\/magazine365\\\/author\\\/admin\\\/#author\",\"url\":\"https:\\\/\\\/eldigitaldeasturias.com\\\/magazine365\\\/author\\\/admin\\\/\",\"name\":\"admin\",\"image\":{\"@type\":\"ImageObject\",\"@id\":\"https:\\\/\\\/eldigitaldeasturias.com\\\/magazine365\\\/carmena-dice-que-no-es-posible-revocar-el-rechazo-del-antiguo-plan-sobre-castellana\\\/#authorImage\",\"url\":\"https:\\\/\\\/eldigitaldeasturias.com\\\/magazine365\\\/wp-content\\\/litespeed\\\/avatar\\\/e571bcf59a0edd6fa6838245a470f2fe.jpg?ver=1776969259\",\"width\":96,\"height\":96,\"caption\":\"admin\"}},{\"@type\":\"WebPage\",\"@id\":\"https:\\\/\\\/eldigitaldeasturias.com\\\/magazine365\\\/carmena-dice-que-no-es-posible-revocar-el-rechazo-del-antiguo-plan-sobre-castellana\\\/#webpage\",\"url\":\"https:\\\/\\\/eldigitaldeasturias.com\\\/magazine365\\\/carmena-dice-que-no-es-posible-revocar-el-rechazo-del-antiguo-plan-sobre-castellana\\\/\",\"name\":\"Carmena dice que \\u00abno es posible\\u00bb revocar el rechazo del antiguo plan sobre Castellana | El Digital de Asturias\",\"description\":\"La alcaldesa de Madrid, Manuela Carmena, ha dicho a la ministra de Fomento, Ana Pastor, y a la presidenta de la Comunidad, Cristina Cifuentes, que \\\"no es posible\\\" revocar el rechazo del plan de Distrito Castellana Norte --aprobado en Pleno con los votos de Ahora Madrid y PSOE-- porque \\\"es muy dif\\u00edcil pedir que el\",\"inLanguage\":\"es-ES\",\"isPartOf\":{\"@id\":\"https:\\\/\\\/eldigitaldeasturias.com\\\/magazine365\\\/#website\"},\"breadcrumb\":{\"@id\":\"https:\\\/\\\/eldigitaldeasturias.com\\\/magazine365\\\/carmena-dice-que-no-es-posible-revocar-el-rechazo-del-antiguo-plan-sobre-castellana\\\/#breadcrumblist\"},\"author\":{\"@id\":\"https:\\\/\\\/eldigitaldeasturias.com\\\/magazine365\\\/author\\\/admin\\\/#author\"},\"creator\":{\"@id\":\"https:\\\/\\\/eldigitaldeasturias.com\\\/magazine365\\\/author\\\/admin\\\/#author\"},\"image\":{\"@type\":\"ImageObject\",\"url\":\"https:\\\/\\\/eldigitaldeasturias.com\\\/magazine365\\\/wp-content\\\/uploads\\\/2016\\\/06\\\/fotonoticia_20160609092951_800.jpg\",\"@id\":\"https:\\\/\\\/eldigitaldeasturias.com\\\/magazine365\\\/carmena-dice-que-no-es-posible-revocar-el-rechazo-del-antiguo-plan-sobre-castellana\\\/#mainImage\",\"width\":800,\"height\":512},\"primaryImageOfPage\":{\"@id\":\"https:\\\/\\\/eldigitaldeasturias.com\\\/magazine365\\\/carmena-dice-que-no-es-posible-revocar-el-rechazo-del-antiguo-plan-sobre-castellana\\\/#mainImage\"},\"datePublished\":\"2016-06-09T16:33:11+02:00\",\"dateModified\":\"2016-06-09T16:33:11+02:00\"},{\"@type\":\"WebSite\",\"@id\":\"https:\\\/\\\/eldigitaldeasturias.com\\\/magazine365\\\/#website\",\"url\":\"https:\\\/\\\/eldigitaldeasturias.com\\\/magazine365\\\/\",\"name\":\"El Digital de Asturias\",\"description\":\"Revista de ocio, turismo y estilo de vida\",\"inLanguage\":\"es-ES\",\"publisher\":{\"@id\":\"https:\\\/\\\/eldigitaldeasturias.com\\\/magazine365\\\/#organization\"}}]}\n\t\t<\/script>\n\t\t<!-- All in One SEO Pro -->\r\n\t\t<title>Carmena dice que \u00abno es posible\u00bb revocar el rechazo del antiguo plan sobre Castellana | El Digital de Asturias<\/title>\n\n","aioseo_head_json":{"title":"Carmena dice que \u00abno es posible\u00bb revocar el rechazo del antiguo plan sobre Castellana | El Digital de Asturias","description":"La alcaldesa de Madrid, Manuela Carmena, ha dicho a la ministra de Fomento, Ana Pastor, y a la presidenta de la Comunidad, Cristina Cifuentes, que \"no es posible\" revocar el rechazo del plan de Distrito Castellana Norte --aprobado en Pleno con los votos de Ahora Madrid y PSOE-- porque \"es muy dif\u00edcil pedir que el","canonical_url":"https:\/\/eldigitaldeasturias.com\/magazine365\/carmena-dice-que-no-es-posible-revocar-el-rechazo-del-antiguo-plan-sobre-castellana\/","robots":"max-image-preview:large","keywords":"noticias y actualidad","webmasterTools":{"google-site-verification":"UA-38556648-1","miscellaneous":""},"schema":{"@context":"https:\/\/schema.org","@graph":[{"@type":"Article","@id":"https:\/\/eldigitaldeasturias.com\/magazine365\/carmena-dice-que-no-es-posible-revocar-el-rechazo-del-antiguo-plan-sobre-castellana\/#article","name":"Carmena dice que \u00abno es posible\u00bb revocar el rechazo del antiguo plan sobre Castellana | El Digital de Asturias","headline":"Carmena dice que \u00abno es posible\u00bb revocar el rechazo del antiguo plan sobre Castellana","author":{"@id":"https:\/\/eldigitaldeasturias.com\/magazine365\/author\/admin\/#author"},"publisher":{"@id":"https:\/\/eldigitaldeasturias.com\/magazine365\/#organization"},"image":{"@type":"ImageObject","url":"https:\/\/eldigitaldeasturias.com\/magazine365\/wp-content\/uploads\/2016\/06\/fotonoticia_20160609092951_800.jpg","width":800,"height":512},"datePublished":"2016-06-09T16:33:11+02:00","dateModified":"2016-06-09T16:33:11+02:00","inLanguage":"es-ES","mainEntityOfPage":{"@id":"https:\/\/eldigitaldeasturias.com\/magazine365\/carmena-dice-que-no-es-posible-revocar-el-rechazo-del-antiguo-plan-sobre-castellana\/#webpage"},"isPartOf":{"@id":"https:\/\/eldigitaldeasturias.com\/magazine365\/carmena-dice-que-no-es-posible-revocar-el-rechazo-del-antiguo-plan-sobre-castellana\/#webpage"},"articleSection":"Noticias y Actualidad"},{"@type":"BreadcrumbList","@id":"https:\/\/eldigitaldeasturias.com\/magazine365\/carmena-dice-que-no-es-posible-revocar-el-rechazo-del-antiguo-plan-sobre-castellana\/#breadcrumblist","itemListElement":[{"@type":"ListItem","@id":"https:\/\/eldigitaldeasturias.com\/magazine365#listItem","position":1,"name":"Home","item":"https:\/\/eldigitaldeasturias.com\/magazine365","nextItem":{"@type":"ListItem","@id":"https:\/\/eldigitaldeasturias.com\/magazine365\/category\/noticias-actualidad\/#listItem","name":"Noticias y Actualidad"}},{"@type":"ListItem","@id":"https:\/\/eldigitaldeasturias.com\/magazine365\/category\/noticias-actualidad\/#listItem","position":2,"name":"Noticias y Actualidad","item":"https:\/\/eldigitaldeasturias.com\/magazine365\/category\/noticias-actualidad\/","nextItem":{"@type":"ListItem","@id":"https:\/\/eldigitaldeasturias.com\/magazine365\/carmena-dice-que-no-es-posible-revocar-el-rechazo-del-antiguo-plan-sobre-castellana\/#listItem","name":"Carmena dice que \u00abno es posible\u00bb revocar el rechazo del antiguo plan sobre Castellana"},"previousItem":{"@type":"ListItem","@id":"https:\/\/eldigitaldeasturias.com\/magazine365#listItem","name":"Home"}},{"@type":"ListItem","@id":"https:\/\/eldigitaldeasturias.com\/magazine365\/carmena-dice-que-no-es-posible-revocar-el-rechazo-del-antiguo-plan-sobre-castellana\/#listItem","position":3,"name":"Carmena dice que \u00abno es posible\u00bb revocar el rechazo del antiguo plan sobre Castellana","previousItem":{"@type":"ListItem","@id":"https:\/\/eldigitaldeasturias.com\/magazine365\/category\/noticias-actualidad\/#listItem","name":"Noticias y Actualidad"}}]},{"@type":"Organization","@id":"https:\/\/eldigitaldeasturias.com\/magazine365\/#organization","name":"El digital de Asturias","description":"Revista de ocio, turismo y estilo de vida","url":"https:\/\/eldigitaldeasturias.com\/magazine365\/","logo":{"@type":"ImageObject","url":"https:\/\/www.eldigitaldeasturias.com\/noticias\/wp-content\/uploads\/2020\/12\/EDA.jpg","@id":"https:\/\/eldigitaldeasturias.com\/magazine365\/carmena-dice-que-no-es-posible-revocar-el-rechazo-del-antiguo-plan-sobre-castellana\/#organizationLogo"},"image":{"@id":"https:\/\/eldigitaldeasturias.com\/magazine365\/carmena-dice-que-no-es-posible-revocar-el-rechazo-del-antiguo-plan-sobre-castellana\/#organizationLogo"}},{"@type":"Person","@id":"https:\/\/eldigitaldeasturias.com\/magazine365\/author\/admin\/#author","url":"https:\/\/eldigitaldeasturias.com\/magazine365\/author\/admin\/","name":"admin","image":{"@type":"ImageObject","@id":"https:\/\/eldigitaldeasturias.com\/magazine365\/carmena-dice-que-no-es-posible-revocar-el-rechazo-del-antiguo-plan-sobre-castellana\/#authorImage","url":"https:\/\/eldigitaldeasturias.com\/magazine365\/wp-content\/litespeed\/avatar\/e571bcf59a0edd6fa6838245a470f2fe.jpg?ver=1776969259","width":96,"height":96,"caption":"admin"}},{"@type":"WebPage","@id":"https:\/\/eldigitaldeasturias.com\/magazine365\/carmena-dice-que-no-es-posible-revocar-el-rechazo-del-antiguo-plan-sobre-castellana\/#webpage","url":"https:\/\/eldigitaldeasturias.com\/magazine365\/carmena-dice-que-no-es-posible-revocar-el-rechazo-del-antiguo-plan-sobre-castellana\/","name":"Carmena dice que \u00abno es posible\u00bb revocar el rechazo del antiguo plan sobre Castellana | El Digital de Asturias","description":"La alcaldesa de Madrid, Manuela Carmena, ha dicho a la ministra de Fomento, Ana Pastor, y a la presidenta de la Comunidad, Cristina Cifuentes, que \"no es posible\" revocar el rechazo del plan de Distrito Castellana Norte --aprobado en Pleno con los votos de Ahora Madrid y PSOE-- porque \"es muy dif\u00edcil pedir que el","inLanguage":"es-ES","isPartOf":{"@id":"https:\/\/eldigitaldeasturias.com\/magazine365\/#website"},"breadcrumb":{"@id":"https:\/\/eldigitaldeasturias.com\/magazine365\/carmena-dice-que-no-es-posible-revocar-el-rechazo-del-antiguo-plan-sobre-castellana\/#breadcrumblist"},"author":{"@id":"https:\/\/eldigitaldeasturias.com\/magazine365\/author\/admin\/#author"},"creator":{"@id":"https:\/\/eldigitaldeasturias.com\/magazine365\/author\/admin\/#author"},"image":{"@type":"ImageObject","url":"https:\/\/eldigitaldeasturias.com\/magazine365\/wp-content\/uploads\/2016\/06\/fotonoticia_20160609092951_800.jpg","@id":"https:\/\/eldigitaldeasturias.com\/magazine365\/carmena-dice-que-no-es-posible-revocar-el-rechazo-del-antiguo-plan-sobre-castellana\/#mainImage","width":800,"height":512},"primaryImageOfPage":{"@id":"https:\/\/eldigitaldeasturias.com\/magazine365\/carmena-dice-que-no-es-posible-revocar-el-rechazo-del-antiguo-plan-sobre-castellana\/#mainImage"},"datePublished":"2016-06-09T16:33:11+02:00","dateModified":"2016-06-09T16:33:11+02:00"},{"@type":"WebSite","@id":"https:\/\/eldigitaldeasturias.com\/magazine365\/#website","url":"https:\/\/eldigitaldeasturias.com\/magazine365\/","name":"El Digital de Asturias","description":"Revista de ocio, turismo y estilo de vida","inLanguage":"es-ES","publisher":{"@id":"https:\/\/eldigitaldeasturias.com\/magazine365\/#organization"}}]},"og:locale":"es_ES","og:site_name":"El Digital de Asturias \u2013 Revista de ocio, turismo y estilo de vida","og:type":"article","og:title":"Carmena dice que \u00abno es posible\u00bb revocar el rechazo del antiguo plan sobre Castellana | El Digital de Asturias","og:description":"La alcaldesa de Madrid, Manuela Carmena, ha dicho a la ministra de Fomento, Ana Pastor, y a la presidenta de la Comunidad, Cristina Cifuentes, que &quot;no es posible&quot; revocar el rechazo del plan de Distrito Castellana Norte --aprobado en Pleno con los votos de Ahora Madrid y PSOE-- porque &quot;es muy dif\u00edcil pedir que el","og:url":"https:\/\/eldigitaldeasturias.com\/magazine365\/carmena-dice-que-no-es-posible-revocar-el-rechazo-del-antiguo-plan-sobre-castellana\/","og:image":"https:\/\/eldigitaldeasturias.com\/magazine365\/wp-content\/uploads\/2016\/06\/fotonoticia_20160609092951_800.jpg","og:image:secure_url":"https:\/\/eldigitaldeasturias.com\/magazine365\/wp-content\/uploads\/2016\/06\/fotonoticia_20160609092951_800.jpg","og:image:width":800,"og:image:height":512,"article:published_time":"2016-06-09T14:33:11+00:00","article:modified_time":"2016-06-09T14:33:11+00:00","twitter:card":"summary_large_image","twitter:title":"Carmena dice que \u00abno es posible\u00bb revocar el rechazo del antiguo plan sobre Castellana | El Digital de Asturias","twitter:description":"La alcaldesa de Madrid, Manuela Carmena, ha dicho a la ministra de Fomento, Ana Pastor, y a la presidenta de la Comunidad, Cristina Cifuentes, que &quot;no es posible&quot; revocar el rechazo del plan de Distrito Castellana Norte --aprobado en Pleno con los votos de Ahora Madrid y PSOE-- porque &quot;es muy dif\u00edcil pedir que el","twitter:image":"https:\/\/eldigitaldeasturias.com\/magazine365\/wp-content\/uploads\/2016\/06\/fotonoticia_20160609092951_800.jpg"},"aioseo_meta_data":{"post_id":"78393","title":null,"description":null,"keywords":null,"keyphrases":null,"primary_term":null,"canonical_url":null,"og_title":null,"og_description":null,"og_object_type":"default","og_image_type":"default","og_image_url":null,"og_image_width":null,"og_image_height":null,"og_image_custom_url":null,"og_image_custom_fields":null,"og_video":null,"og_custom_url":null,"og_article_section":null,"og_article_tags":null,"twitter_use_og":false,"twitter_card":"default","twitter_image_type":"default","twitter_image_url":null,"twitter_image_custom_url":null,"twitter_image_custom_fields":null,"twitter_title":null,"twitter_description":null,"schema":{"blockGraphs":[],"customGraphs":[],"default":{"data":{"Article":[],"Course":[],"Dataset":[],"FAQPage":[],"Movie":[],"Person":[],"Product":[],"ProductReview":[],"Car":[],"Recipe":[],"Service":[],"SoftwareApplication":[],"WebPage":[]},"graphName":"","isEnabled":true},"graphs":[],"defaultGraph":"","defaultPostTypeGraph":""},"schema_type":null,"schema_type_options":null,"pillar_content":false,"robots_default":true,"robots_noindex":false,"robots_noarchive":false,"robots_nosnippet":false,"robots_nofollow":false,"robots_noimageindex":false,"robots_noodp":false,"robots_notranslate":false,"robots_max_snippet":null,"robots_max_videopreview":null,"robots_max_imagepreview":"large","priority":null,"frequency":null,"location":null,"local_seo":null,"seo_analyzer_scan_date":"2025-09-27 16:52:28","breadcrumb_settings":null,"limit_modified_date":false,"open_ai":null,"ai":null,"created":"2021-03-08 18:02:11","updated":"2025-09-27 16:52:28"},"aioseo_breadcrumb":"<div class=\"aioseo-breadcrumbs\"><span class=\"aioseo-breadcrumb\">\n\t<a href=\"https:\/\/eldigitaldeasturias.com\/magazine365\" title=\"Home\">Home<\/a>\n<\/span><span class=\"aioseo-breadcrumb-separator\">\u2013<\/span><span class=\"aioseo-breadcrumb\">\n\t<a href=\"https:\/\/eldigitaldeasturias.com\/magazine365\/category\/noticias-actualidad\/\" title=\"Noticias y Actualidad\">Noticias y Actualidad<\/a>\n<\/span><span class=\"aioseo-breadcrumb-separator\">\u2013<\/span><span class=\"aioseo-breadcrumb\">\n\t<a href=\"https:\/\/eldigitaldeasturias.com\/magazine365\/carmena-dice-que-no-es-posible-revocar-el-rechazo-del-antiguo-plan-sobre-castellana\/\" title=\"Carmena dice que \u00abno es posible\u00bb revocar el rechazo del antiguo plan sobre Castellana\">Carmena dice que \u00abno es posible\u00bb revocar el rechazo del antiguo plan sobre Castellana<\/a>\n<\/span><\/div>","aioseo_breadcrumb_json":[{"label":"Home","link":"https:\/\/eldigitaldeasturias.com\/magazine365"},{"label":"Noticias y Actualidad","link":"https:\/\/eldigitaldeasturias.com\/magazine365\/category\/noticias-actualidad\/"},{"label":"Carmena dice que \u00abno es posible\u00bb revocar el rechazo del antiguo plan sobre Castellana","link":"https:\/\/eldigitaldeasturias.com\/magazine365\/carmena-dice-que-no-es-posible-revocar-el-rechazo-del-antiguo-plan-sobre-castellana\/"}],"_links":{"self":[{"href":"https:\/\/eldigitaldeasturias.com\/magazine365\/wp-json\/wp\/v2\/posts\/78393","targetHints":{"allow":["GET"]}}],"collection":[{"href":"https:\/\/eldigitaldeasturias.com\/magazine365\/wp-json\/wp\/v2\/posts"}],"about":[{"href":"https:\/\/eldigitaldeasturias.com\/magazine365\/wp-json\/wp\/v2\/types\/post"}],"author":[{"embeddable":true,"href":"https:\/\/eldigitaldeasturias.com\/magazine365\/wp-json\/wp\/v2\/users\/1"}],"replies":[{"embeddable":true,"href":"https:\/\/eldigitaldeasturias.com\/magazine365\/wp-json\/wp\/v2\/comments?post=78393"}],"version-history":[{"count":0,"href":"https:\/\/eldigitaldeasturias.com\/magazine365\/wp-json\/wp\/v2\/posts\/78393\/revisions"}],"wp:featuredmedia":[{"embeddable":true,"href":"https:\/\/eldigitaldeasturias.com\/magazine365\/wp-json\/wp\/v2\/media\/78394"}],"wp:attachment":[{"href":"https:\/\/eldigitaldeasturias.com\/magazine365\/wp-json\/wp\/v2\/media?parent=78393"}],"wp:term":[{"taxonomy":"category","embeddable":true,"href":"https:\/\/eldigitaldeasturias.com\/magazine365\/wp-json\/wp\/v2\/categories?post=78393"},{"taxonomy":"post_tag","embeddable":true,"href":"https:\/\/eldigitaldeasturias.com\/magazine365\/wp-json\/wp\/v2\/tags?post=78393"}],"curies":[{"name":"wp","href":"https:\/\/api.w.org\/{rel}","templated":true}]}}