{"id":78381,"date":"2016-06-08T22:51:56","date_gmt":"2016-06-08T20:51:56","guid":{"rendered":"http:\/\/eldigitaldeasturias.com\/magazine365\/?p=78381"},"modified":"2016-06-08T22:51:56","modified_gmt":"2016-06-08T20:51:56","slug":"espana-elige-a-air-europa-para-sus-traslados-en-la-eurocopa","status":"publish","type":"post","link":"https:\/\/eldigitaldeasturias.com\/magazine365\/espana-elige-a-air-europa-para-sus-traslados-en-la-eurocopa\/","title":{"rendered":"Espa\u00f1a elige a Air Europa para sus traslados en la Eurocopa"},"content":{"rendered":"<p><img fetchpriority=\"high\" decoding=\"async\" class=\"alignleft size-medium wp-image-78382\" src=\"https:\/\/eldigitaldeasturias.com\/magazine365\/wp-content\/uploads\/2016\/06\/fotonoticia_20160608212342_800-360x240.jpg\" alt=\"fotonoticia_20160608212342_800\" width=\"360\" height=\"240\" srcset=\"https:\/\/eldigitaldeasturias.com\/magazine365\/wp-content\/uploads\/2016\/06\/fotonoticia_20160608212342_800-360x240.jpg 360w, https:\/\/eldigitaldeasturias.com\/magazine365\/wp-content\/uploads\/2016\/06\/fotonoticia_20160608212342_800-650x434.jpg 650w, https:\/\/eldigitaldeasturias.com\/magazine365\/wp-content\/uploads\/2016\/06\/fotonoticia_20160608212342_800-768x513.jpg 768w, https:\/\/eldigitaldeasturias.com\/magazine365\/wp-content\/uploads\/2016\/06\/fotonoticia_20160608212342_800-150x100.jpg 150w, https:\/\/eldigitaldeasturias.com\/magazine365\/wp-content\/uploads\/2016\/06\/fotonoticia_20160608212342_800-450x300.jpg 450w, https:\/\/eldigitaldeasturias.com\/magazine365\/wp-content\/uploads\/2016\/06\/fotonoticia_20160608212342_800-101x66.jpg 101w, https:\/\/eldigitaldeasturias.com\/magazine365\/wp-content\/uploads\/2016\/06\/fotonoticia_20160608212342_800.jpg 800w\" sizes=\"(max-width: 360px) 100vw, 360px\" \/>La aerol\u00ednea espa\u00f1ola Air Europa ha sido la escogida por la selecci\u00f3n espa\u00f1ola de f\u00fatbol para realizar sus desplazamientos durante el desarrollo del torneo en Francia, donde buscar\u00e1 conseguir su tercera Eurocopa de forma consecutiva.<\/p>\n<p>Air Europa, la compa\u00f1\u00eda a\u00e9rea del Grupo Globalia, ha trasladado este mi\u00e9rcoles a la selecci\u00f3n nacional desde el aeropuerto Adolfo Su\u00e1rez Madrid Barajas rumbo la Rochelle, localidad gala cercana a la Isla de R\u00e9 donde se alojar\u00e1 la selecci\u00f3n durante el campeonato.<\/p>\n<p>El avi\u00f3n encargado del traslado ha sido un Boeing 737-800 Sky Interior, una de las aeronaves m\u00e1s modernas de la flota de Air Europa, con capacidad para 186 pasajeros.<\/p>\n<p>El presidente de Globalia, Juan Jos\u00e9 Hidalgo, no ha querido perder la oportunidad de acercarse al aeropuerto a despedir a la selecci\u00f3n para \u00abdesearles suerte y una Eurocopa llena de \u00e9xitos\u00bb.<\/p>\n<p>Tras tomarse una fotograf\u00eda con el equipo, Hidalgo recalc\u00f3 que \u00aben Air Europa, como aerol\u00ednea cien por cien espa\u00f1ola\u00bb, siempre han \u00abapoyado toda la variedad de disciplinas del deporte\u00bb y, entre ellas, al f\u00fatbol. \u00abConsideramos que estos jugadores son los perfectos embajadores de los valores de los cuales nuestra compa\u00f1\u00eda hace gala: la calidad, el tes\u00f3n y la constancia\u00bb, a\u00f1adi\u00f3.<\/p>\n<p>Est\u00e1 previsto que el vuelo UX 824 realice su aterrizaje en la Rochelle a las 21:30 horas, donde comenzar\u00e1 su preparaci\u00f3n previa al primer encuentro que tendr\u00e1 lugar el pr\u00f3ximo lunes, 13 de junio, en Toulouse, frente a la Rep\u00fablica Checa.<\/p>\n","protected":false},"excerpt":{"rendered":"<p>La aerol\u00ednea espa\u00f1ola Air Europa ha sido la escogida por la selecci\u00f3n espa\u00f1ola de f\u00fatbol para realizar sus desplazamientos durante el desarrollo del torneo en Francia, donde buscar\u00e1 conseguir su tercera Eurocopa de forma consecutiva. Air Europa, la compa\u00f1\u00eda a\u00e9rea del Grupo Globalia, ha trasladado este mi\u00e9rcoles a la selecci\u00f3n nacional desde el aeropuerto Adolfo<\/p>\n","protected":false},"author":1,"featured_media":78382,"comment_status":"open","ping_status":"closed","sticky":false,"template":"","format":"standard","meta":{"footnotes":""},"categories":[224],"tags":[],"class_list":{"0":"post-78381","1":"post","2":"type-post","3":"status-publish","4":"format-standard","5":"has-post-thumbnail","7":"category-noticias-actualidad"},"aioseo_notices":[],"aioseo_head":"\n\t\t<!-- All in One SEO Pro 4.9.6.1 - aioseo.com -->\n\t<meta name=\"description\" content=\"La aerol\u00ednea espa\u00f1ola Air Europa ha sido la escogida por la selecci\u00f3n espa\u00f1ola de f\u00fatbol para realizar sus desplazamientos durante el desarrollo del torneo en Francia, donde buscar\u00e1 conseguir su tercera Eurocopa de forma consecutiva. Air Europa, la compa\u00f1\u00eda a\u00e9rea del Grupo Globalia, ha trasladado este mi\u00e9rcoles a la selecci\u00f3n nacional desde el aeropuerto Adolfo\" \/>\n\t<meta name=\"robots\" content=\"max-image-preview:large\" \/>\n\t<meta name=\"author\" content=\"admin\"\/>\n\t<meta name=\"google-site-verification\" content=\"UA-38556648-1\" \/>\n\t<meta name=\"keywords\" content=\"noticias y actualidad\" \/>\n\t<link rel=\"canonical\" href=\"https:\/\/eldigitaldeasturias.com\/magazine365\/espana-elige-a-air-europa-para-sus-traslados-en-la-eurocopa\/\" \/>\n\t<meta name=\"generator\" content=\"All in One SEO Pro (AIOSEO) 4.9.6.1\" \/>\n\t\t<meta property=\"og:locale\" content=\"es_ES\" \/>\n\t\t<meta property=\"og:site_name\" content=\"El Digital de Asturias \u2013 Revista de ocio, turismo y estilo de vida\" \/>\n\t\t<meta property=\"og:type\" content=\"article\" \/>\n\t\t<meta property=\"og:title\" content=\"Espa\u00f1a elige a Air Europa para sus traslados en la Eurocopa | El Digital de Asturias\" \/>\n\t\t<meta property=\"og:description\" content=\"La aerol\u00ednea espa\u00f1ola Air Europa ha sido la escogida por la selecci\u00f3n espa\u00f1ola de f\u00fatbol para realizar sus desplazamientos durante el desarrollo del torneo en Francia, donde buscar\u00e1 conseguir su tercera Eurocopa de forma consecutiva. Air Europa, la compa\u00f1\u00eda a\u00e9rea del Grupo Globalia, ha trasladado este mi\u00e9rcoles a la selecci\u00f3n nacional desde el aeropuerto Adolfo\" \/>\n\t\t<meta property=\"og:url\" content=\"https:\/\/eldigitaldeasturias.com\/magazine365\/espana-elige-a-air-europa-para-sus-traslados-en-la-eurocopa\/\" \/>\n\t\t<meta property=\"og:image\" content=\"https:\/\/eldigitaldeasturias.com\/magazine365\/wp-content\/uploads\/2016\/06\/fotonoticia_20160608212342_800.jpg\" \/>\n\t\t<meta property=\"og:image:secure_url\" content=\"https:\/\/eldigitaldeasturias.com\/magazine365\/wp-content\/uploads\/2016\/06\/fotonoticia_20160608212342_800.jpg\" \/>\n\t\t<meta property=\"og:image:width\" content=\"800\" \/>\n\t\t<meta property=\"og:image:height\" content=\"534\" \/>\n\t\t<meta property=\"article:published_time\" content=\"2016-06-08T20:51:56+00:00\" \/>\n\t\t<meta property=\"article:modified_time\" content=\"2016-06-08T20:51:56+00:00\" \/>\n\t\t<meta name=\"twitter:card\" content=\"summary_large_image\" \/>\n\t\t<meta name=\"twitter:title\" content=\"Espa\u00f1a elige a Air Europa para sus traslados en la Eurocopa | El Digital de Asturias\" \/>\n\t\t<meta name=\"twitter:description\" content=\"La aerol\u00ednea espa\u00f1ola Air Europa ha sido la escogida por la selecci\u00f3n espa\u00f1ola de f\u00fatbol para realizar sus desplazamientos durante el desarrollo del torneo en Francia, donde buscar\u00e1 conseguir su tercera Eurocopa de forma consecutiva. Air Europa, la compa\u00f1\u00eda a\u00e9rea del Grupo Globalia, ha trasladado este mi\u00e9rcoles a la selecci\u00f3n nacional desde el aeropuerto Adolfo\" \/>\n\t\t<meta name=\"twitter:image\" content=\"https:\/\/eldigitaldeasturias.com\/magazine365\/wp-content\/uploads\/2016\/06\/fotonoticia_20160608212342_800.jpg\" \/>\n\t\t<script type=\"application\/ld+json\" class=\"aioseo-schema\">\n\t\t\t{\"@context\":\"https:\\\/\\\/schema.org\",\"@graph\":[{\"@type\":\"Article\",\"@id\":\"https:\\\/\\\/eldigitaldeasturias.com\\\/magazine365\\\/espana-elige-a-air-europa-para-sus-traslados-en-la-eurocopa\\\/#article\",\"name\":\"Espa\\u00f1a elige a Air Europa para sus traslados en la Eurocopa | El Digital de Asturias\",\"headline\":\"Espa\\u00f1a elige a Air Europa para sus traslados en la Eurocopa\",\"author\":{\"@id\":\"https:\\\/\\\/eldigitaldeasturias.com\\\/magazine365\\\/author\\\/admin\\\/#author\"},\"publisher\":{\"@id\":\"https:\\\/\\\/eldigitaldeasturias.com\\\/magazine365\\\/#organization\"},\"image\":{\"@type\":\"ImageObject\",\"url\":\"https:\\\/\\\/eldigitaldeasturias.com\\\/magazine365\\\/wp-content\\\/uploads\\\/2016\\\/06\\\/fotonoticia_20160608212342_800.jpg\",\"width\":800,\"height\":534},\"datePublished\":\"2016-06-08T22:51:56+02:00\",\"dateModified\":\"2016-06-08T22:51:56+02:00\",\"inLanguage\":\"es-ES\",\"mainEntityOfPage\":{\"@id\":\"https:\\\/\\\/eldigitaldeasturias.com\\\/magazine365\\\/espana-elige-a-air-europa-para-sus-traslados-en-la-eurocopa\\\/#webpage\"},\"isPartOf\":{\"@id\":\"https:\\\/\\\/eldigitaldeasturias.com\\\/magazine365\\\/espana-elige-a-air-europa-para-sus-traslados-en-la-eurocopa\\\/#webpage\"},\"articleSection\":\"Noticias y Actualidad\"},{\"@type\":\"BreadcrumbList\",\"@id\":\"https:\\\/\\\/eldigitaldeasturias.com\\\/magazine365\\\/espana-elige-a-air-europa-para-sus-traslados-en-la-eurocopa\\\/#breadcrumblist\",\"itemListElement\":[{\"@type\":\"ListItem\",\"@id\":\"https:\\\/\\\/eldigitaldeasturias.com\\\/magazine365#listItem\",\"position\":1,\"name\":\"Home\",\"item\":\"https:\\\/\\\/eldigitaldeasturias.com\\\/magazine365\",\"nextItem\":{\"@type\":\"ListItem\",\"@id\":\"https:\\\/\\\/eldigitaldeasturias.com\\\/magazine365\\\/category\\\/noticias-actualidad\\\/#listItem\",\"name\":\"Noticias y Actualidad\"}},{\"@type\":\"ListItem\",\"@id\":\"https:\\\/\\\/eldigitaldeasturias.com\\\/magazine365\\\/category\\\/noticias-actualidad\\\/#listItem\",\"position\":2,\"name\":\"Noticias y Actualidad\",\"item\":\"https:\\\/\\\/eldigitaldeasturias.com\\\/magazine365\\\/category\\\/noticias-actualidad\\\/\",\"nextItem\":{\"@type\":\"ListItem\",\"@id\":\"https:\\\/\\\/eldigitaldeasturias.com\\\/magazine365\\\/espana-elige-a-air-europa-para-sus-traslados-en-la-eurocopa\\\/#listItem\",\"name\":\"Espa\\u00f1a elige a Air Europa para sus traslados en la Eurocopa\"},\"previousItem\":{\"@type\":\"ListItem\",\"@id\":\"https:\\\/\\\/eldigitaldeasturias.com\\\/magazine365#listItem\",\"name\":\"Home\"}},{\"@type\":\"ListItem\",\"@id\":\"https:\\\/\\\/eldigitaldeasturias.com\\\/magazine365\\\/espana-elige-a-air-europa-para-sus-traslados-en-la-eurocopa\\\/#listItem\",\"position\":3,\"name\":\"Espa\\u00f1a elige a Air Europa para sus traslados en la Eurocopa\",\"previousItem\":{\"@type\":\"ListItem\",\"@id\":\"https:\\\/\\\/eldigitaldeasturias.com\\\/magazine365\\\/category\\\/noticias-actualidad\\\/#listItem\",\"name\":\"Noticias y Actualidad\"}}]},{\"@type\":\"Organization\",\"@id\":\"https:\\\/\\\/eldigitaldeasturias.com\\\/magazine365\\\/#organization\",\"name\":\"El digital de Asturias\",\"description\":\"Revista de ocio, turismo y estilo de vida\",\"url\":\"https:\\\/\\\/eldigitaldeasturias.com\\\/magazine365\\\/\",\"logo\":{\"@type\":\"ImageObject\",\"url\":\"https:\\\/\\\/www.eldigitaldeasturias.com\\\/noticias\\\/wp-content\\\/uploads\\\/2020\\\/12\\\/EDA.jpg\",\"@id\":\"https:\\\/\\\/eldigitaldeasturias.com\\\/magazine365\\\/espana-elige-a-air-europa-para-sus-traslados-en-la-eurocopa\\\/#organizationLogo\"},\"image\":{\"@id\":\"https:\\\/\\\/eldigitaldeasturias.com\\\/magazine365\\\/espana-elige-a-air-europa-para-sus-traslados-en-la-eurocopa\\\/#organizationLogo\"}},{\"@type\":\"Person\",\"@id\":\"https:\\\/\\\/eldigitaldeasturias.com\\\/magazine365\\\/author\\\/admin\\\/#author\",\"url\":\"https:\\\/\\\/eldigitaldeasturias.com\\\/magazine365\\\/author\\\/admin\\\/\",\"name\":\"admin\",\"image\":{\"@type\":\"ImageObject\",\"@id\":\"https:\\\/\\\/eldigitaldeasturias.com\\\/magazine365\\\/espana-elige-a-air-europa-para-sus-traslados-en-la-eurocopa\\\/#authorImage\",\"url\":\"https:\\\/\\\/eldigitaldeasturias.com\\\/magazine365\\\/wp-content\\\/litespeed\\\/avatar\\\/e571bcf59a0edd6fa6838245a470f2fe.jpg?ver=1776969259\",\"width\":96,\"height\":96,\"caption\":\"admin\"}},{\"@type\":\"WebPage\",\"@id\":\"https:\\\/\\\/eldigitaldeasturias.com\\\/magazine365\\\/espana-elige-a-air-europa-para-sus-traslados-en-la-eurocopa\\\/#webpage\",\"url\":\"https:\\\/\\\/eldigitaldeasturias.com\\\/magazine365\\\/espana-elige-a-air-europa-para-sus-traslados-en-la-eurocopa\\\/\",\"name\":\"Espa\\u00f1a elige a Air Europa para sus traslados en la Eurocopa | El Digital de Asturias\",\"description\":\"La aerol\\u00ednea espa\\u00f1ola Air Europa ha sido la escogida por la selecci\\u00f3n espa\\u00f1ola de f\\u00fatbol para realizar sus desplazamientos durante el desarrollo del torneo en Francia, donde buscar\\u00e1 conseguir su tercera Eurocopa de forma consecutiva. Air Europa, la compa\\u00f1\\u00eda a\\u00e9rea del Grupo Globalia, ha trasladado este mi\\u00e9rcoles a la selecci\\u00f3n nacional desde el aeropuerto Adolfo\",\"inLanguage\":\"es-ES\",\"isPartOf\":{\"@id\":\"https:\\\/\\\/eldigitaldeasturias.com\\\/magazine365\\\/#website\"},\"breadcrumb\":{\"@id\":\"https:\\\/\\\/eldigitaldeasturias.com\\\/magazine365\\\/espana-elige-a-air-europa-para-sus-traslados-en-la-eurocopa\\\/#breadcrumblist\"},\"author\":{\"@id\":\"https:\\\/\\\/eldigitaldeasturias.com\\\/magazine365\\\/author\\\/admin\\\/#author\"},\"creator\":{\"@id\":\"https:\\\/\\\/eldigitaldeasturias.com\\\/magazine365\\\/author\\\/admin\\\/#author\"},\"image\":{\"@type\":\"ImageObject\",\"url\":\"https:\\\/\\\/eldigitaldeasturias.com\\\/magazine365\\\/wp-content\\\/uploads\\\/2016\\\/06\\\/fotonoticia_20160608212342_800.jpg\",\"@id\":\"https:\\\/\\\/eldigitaldeasturias.com\\\/magazine365\\\/espana-elige-a-air-europa-para-sus-traslados-en-la-eurocopa\\\/#mainImage\",\"width\":800,\"height\":534},\"primaryImageOfPage\":{\"@id\":\"https:\\\/\\\/eldigitaldeasturias.com\\\/magazine365\\\/espana-elige-a-air-europa-para-sus-traslados-en-la-eurocopa\\\/#mainImage\"},\"datePublished\":\"2016-06-08T22:51:56+02:00\",\"dateModified\":\"2016-06-08T22:51:56+02:00\"},{\"@type\":\"WebSite\",\"@id\":\"https:\\\/\\\/eldigitaldeasturias.com\\\/magazine365\\\/#website\",\"url\":\"https:\\\/\\\/eldigitaldeasturias.com\\\/magazine365\\\/\",\"name\":\"El Digital de Asturias\",\"description\":\"Revista de ocio, turismo y estilo de vida\",\"inLanguage\":\"es-ES\",\"publisher\":{\"@id\":\"https:\\\/\\\/eldigitaldeasturias.com\\\/magazine365\\\/#organization\"}}]}\n\t\t<\/script>\n\t\t<!-- All in One SEO Pro -->\r\n\t\t<title>Espa\u00f1a elige a Air Europa para sus traslados en la Eurocopa | El Digital de Asturias<\/title>\n\n","aioseo_head_json":{"title":"Espa\u00f1a elige a Air Europa para sus traslados en la Eurocopa | El Digital de Asturias","description":"La aerol\u00ednea espa\u00f1ola Air Europa ha sido la escogida por la selecci\u00f3n espa\u00f1ola de f\u00fatbol para realizar sus desplazamientos durante el desarrollo del torneo en Francia, donde buscar\u00e1 conseguir su tercera Eurocopa de forma consecutiva. Air Europa, la compa\u00f1\u00eda a\u00e9rea del Grupo Globalia, ha trasladado este mi\u00e9rcoles a la selecci\u00f3n nacional desde el aeropuerto Adolfo","canonical_url":"https:\/\/eldigitaldeasturias.com\/magazine365\/espana-elige-a-air-europa-para-sus-traslados-en-la-eurocopa\/","robots":"max-image-preview:large","keywords":"noticias y actualidad","webmasterTools":{"google-site-verification":"UA-38556648-1","miscellaneous":""},"schema":{"@context":"https:\/\/schema.org","@graph":[{"@type":"Article","@id":"https:\/\/eldigitaldeasturias.com\/magazine365\/espana-elige-a-air-europa-para-sus-traslados-en-la-eurocopa\/#article","name":"Espa\u00f1a elige a Air Europa para sus traslados en la Eurocopa | El Digital de Asturias","headline":"Espa\u00f1a elige a Air Europa para sus traslados en la Eurocopa","author":{"@id":"https:\/\/eldigitaldeasturias.com\/magazine365\/author\/admin\/#author"},"publisher":{"@id":"https:\/\/eldigitaldeasturias.com\/magazine365\/#organization"},"image":{"@type":"ImageObject","url":"https:\/\/eldigitaldeasturias.com\/magazine365\/wp-content\/uploads\/2016\/06\/fotonoticia_20160608212342_800.jpg","width":800,"height":534},"datePublished":"2016-06-08T22:51:56+02:00","dateModified":"2016-06-08T22:51:56+02:00","inLanguage":"es-ES","mainEntityOfPage":{"@id":"https:\/\/eldigitaldeasturias.com\/magazine365\/espana-elige-a-air-europa-para-sus-traslados-en-la-eurocopa\/#webpage"},"isPartOf":{"@id":"https:\/\/eldigitaldeasturias.com\/magazine365\/espana-elige-a-air-europa-para-sus-traslados-en-la-eurocopa\/#webpage"},"articleSection":"Noticias y Actualidad"},{"@type":"BreadcrumbList","@id":"https:\/\/eldigitaldeasturias.com\/magazine365\/espana-elige-a-air-europa-para-sus-traslados-en-la-eurocopa\/#breadcrumblist","itemListElement":[{"@type":"ListItem","@id":"https:\/\/eldigitaldeasturias.com\/magazine365#listItem","position":1,"name":"Home","item":"https:\/\/eldigitaldeasturias.com\/magazine365","nextItem":{"@type":"ListItem","@id":"https:\/\/eldigitaldeasturias.com\/magazine365\/category\/noticias-actualidad\/#listItem","name":"Noticias y Actualidad"}},{"@type":"ListItem","@id":"https:\/\/eldigitaldeasturias.com\/magazine365\/category\/noticias-actualidad\/#listItem","position":2,"name":"Noticias y Actualidad","item":"https:\/\/eldigitaldeasturias.com\/magazine365\/category\/noticias-actualidad\/","nextItem":{"@type":"ListItem","@id":"https:\/\/eldigitaldeasturias.com\/magazine365\/espana-elige-a-air-europa-para-sus-traslados-en-la-eurocopa\/#listItem","name":"Espa\u00f1a elige a Air Europa para sus traslados en la Eurocopa"},"previousItem":{"@type":"ListItem","@id":"https:\/\/eldigitaldeasturias.com\/magazine365#listItem","name":"Home"}},{"@type":"ListItem","@id":"https:\/\/eldigitaldeasturias.com\/magazine365\/espana-elige-a-air-europa-para-sus-traslados-en-la-eurocopa\/#listItem","position":3,"name":"Espa\u00f1a elige a Air Europa para sus traslados en la Eurocopa","previousItem":{"@type":"ListItem","@id":"https:\/\/eldigitaldeasturias.com\/magazine365\/category\/noticias-actualidad\/#listItem","name":"Noticias y Actualidad"}}]},{"@type":"Organization","@id":"https:\/\/eldigitaldeasturias.com\/magazine365\/#organization","name":"El digital de Asturias","description":"Revista de ocio, turismo y estilo de vida","url":"https:\/\/eldigitaldeasturias.com\/magazine365\/","logo":{"@type":"ImageObject","url":"https:\/\/www.eldigitaldeasturias.com\/noticias\/wp-content\/uploads\/2020\/12\/EDA.jpg","@id":"https:\/\/eldigitaldeasturias.com\/magazine365\/espana-elige-a-air-europa-para-sus-traslados-en-la-eurocopa\/#organizationLogo"},"image":{"@id":"https:\/\/eldigitaldeasturias.com\/magazine365\/espana-elige-a-air-europa-para-sus-traslados-en-la-eurocopa\/#organizationLogo"}},{"@type":"Person","@id":"https:\/\/eldigitaldeasturias.com\/magazine365\/author\/admin\/#author","url":"https:\/\/eldigitaldeasturias.com\/magazine365\/author\/admin\/","name":"admin","image":{"@type":"ImageObject","@id":"https:\/\/eldigitaldeasturias.com\/magazine365\/espana-elige-a-air-europa-para-sus-traslados-en-la-eurocopa\/#authorImage","url":"https:\/\/eldigitaldeasturias.com\/magazine365\/wp-content\/litespeed\/avatar\/e571bcf59a0edd6fa6838245a470f2fe.jpg?ver=1776969259","width":96,"height":96,"caption":"admin"}},{"@type":"WebPage","@id":"https:\/\/eldigitaldeasturias.com\/magazine365\/espana-elige-a-air-europa-para-sus-traslados-en-la-eurocopa\/#webpage","url":"https:\/\/eldigitaldeasturias.com\/magazine365\/espana-elige-a-air-europa-para-sus-traslados-en-la-eurocopa\/","name":"Espa\u00f1a elige a Air Europa para sus traslados en la Eurocopa | El Digital de Asturias","description":"La aerol\u00ednea espa\u00f1ola Air Europa ha sido la escogida por la selecci\u00f3n espa\u00f1ola de f\u00fatbol para realizar sus desplazamientos durante el desarrollo del torneo en Francia, donde buscar\u00e1 conseguir su tercera Eurocopa de forma consecutiva. Air Europa, la compa\u00f1\u00eda a\u00e9rea del Grupo Globalia, ha trasladado este mi\u00e9rcoles a la selecci\u00f3n nacional desde el aeropuerto Adolfo","inLanguage":"es-ES","isPartOf":{"@id":"https:\/\/eldigitaldeasturias.com\/magazine365\/#website"},"breadcrumb":{"@id":"https:\/\/eldigitaldeasturias.com\/magazine365\/espana-elige-a-air-europa-para-sus-traslados-en-la-eurocopa\/#breadcrumblist"},"author":{"@id":"https:\/\/eldigitaldeasturias.com\/magazine365\/author\/admin\/#author"},"creator":{"@id":"https:\/\/eldigitaldeasturias.com\/magazine365\/author\/admin\/#author"},"image":{"@type":"ImageObject","url":"https:\/\/eldigitaldeasturias.com\/magazine365\/wp-content\/uploads\/2016\/06\/fotonoticia_20160608212342_800.jpg","@id":"https:\/\/eldigitaldeasturias.com\/magazine365\/espana-elige-a-air-europa-para-sus-traslados-en-la-eurocopa\/#mainImage","width":800,"height":534},"primaryImageOfPage":{"@id":"https:\/\/eldigitaldeasturias.com\/magazine365\/espana-elige-a-air-europa-para-sus-traslados-en-la-eurocopa\/#mainImage"},"datePublished":"2016-06-08T22:51:56+02:00","dateModified":"2016-06-08T22:51:56+02:00"},{"@type":"WebSite","@id":"https:\/\/eldigitaldeasturias.com\/magazine365\/#website","url":"https:\/\/eldigitaldeasturias.com\/magazine365\/","name":"El Digital de Asturias","description":"Revista de ocio, turismo y estilo de vida","inLanguage":"es-ES","publisher":{"@id":"https:\/\/eldigitaldeasturias.com\/magazine365\/#organization"}}]},"og:locale":"es_ES","og:site_name":"El Digital de Asturias \u2013 Revista de ocio, turismo y estilo de vida","og:type":"article","og:title":"Espa\u00f1a elige a Air Europa para sus traslados en la Eurocopa | El Digital de Asturias","og:description":"La aerol\u00ednea espa\u00f1ola Air Europa ha sido la escogida por la selecci\u00f3n espa\u00f1ola de f\u00fatbol para realizar sus desplazamientos durante el desarrollo del torneo en Francia, donde buscar\u00e1 conseguir su tercera Eurocopa de forma consecutiva. Air Europa, la compa\u00f1\u00eda a\u00e9rea del Grupo Globalia, ha trasladado este mi\u00e9rcoles a la selecci\u00f3n nacional desde el aeropuerto Adolfo","og:url":"https:\/\/eldigitaldeasturias.com\/magazine365\/espana-elige-a-air-europa-para-sus-traslados-en-la-eurocopa\/","og:image":"https:\/\/eldigitaldeasturias.com\/magazine365\/wp-content\/uploads\/2016\/06\/fotonoticia_20160608212342_800.jpg","og:image:secure_url":"https:\/\/eldigitaldeasturias.com\/magazine365\/wp-content\/uploads\/2016\/06\/fotonoticia_20160608212342_800.jpg","og:image:width":800,"og:image:height":534,"article:published_time":"2016-06-08T20:51:56+00:00","article:modified_time":"2016-06-08T20:51:56+00:00","twitter:card":"summary_large_image","twitter:title":"Espa\u00f1a elige a Air Europa para sus traslados en la Eurocopa | El Digital de Asturias","twitter:description":"La aerol\u00ednea espa\u00f1ola Air Europa ha sido la escogida por la selecci\u00f3n espa\u00f1ola de f\u00fatbol para realizar sus desplazamientos durante el desarrollo del torneo en Francia, donde buscar\u00e1 conseguir su tercera Eurocopa de forma consecutiva. Air Europa, la compa\u00f1\u00eda a\u00e9rea del Grupo Globalia, ha trasladado este mi\u00e9rcoles a la selecci\u00f3n nacional desde el aeropuerto Adolfo","twitter:image":"https:\/\/eldigitaldeasturias.com\/magazine365\/wp-content\/uploads\/2016\/06\/fotonoticia_20160608212342_800.jpg"},"aioseo_meta_data":{"post_id":"78381","title":null,"description":null,"keywords":null,"keyphrases":null,"primary_term":null,"canonical_url":null,"og_title":null,"og_description":null,"og_object_type":"default","og_image_type":"default","og_image_url":null,"og_image_width":null,"og_image_height":null,"og_image_custom_url":null,"og_image_custom_fields":null,"og_video":null,"og_custom_url":null,"og_article_section":null,"og_article_tags":null,"twitter_use_og":false,"twitter_card":"default","twitter_image_type":"default","twitter_image_url":null,"twitter_image_custom_url":null,"twitter_image_custom_fields":null,"twitter_title":null,"twitter_description":null,"schema":{"blockGraphs":[],"customGraphs":[],"default":{"data":{"Article":[],"Course":[],"Dataset":[],"FAQPage":[],"Movie":[],"Person":[],"Product":[],"ProductReview":[],"Car":[],"Recipe":[],"Service":[],"SoftwareApplication":[],"WebPage":[]},"graphName":"","isEnabled":true},"graphs":[],"defaultGraph":"","defaultPostTypeGraph":""},"schema_type":null,"schema_type_options":null,"pillar_content":false,"robots_default":true,"robots_noindex":false,"robots_noarchive":false,"robots_nosnippet":false,"robots_nofollow":false,"robots_noimageindex":false,"robots_noodp":false,"robots_notranslate":false,"robots_max_snippet":null,"robots_max_videopreview":null,"robots_max_imagepreview":"large","priority":null,"frequency":null,"location":null,"local_seo":null,"seo_analyzer_scan_date":"2025-09-27 16:52:24","breadcrumb_settings":null,"limit_modified_date":false,"open_ai":null,"ai":null,"created":"2021-03-08 18:02:11","updated":"2025-09-27 16:52:24"},"aioseo_breadcrumb":"<div class=\"aioseo-breadcrumbs\"><span class=\"aioseo-breadcrumb\">\n\t<a href=\"https:\/\/eldigitaldeasturias.com\/magazine365\" title=\"Home\">Home<\/a>\n<\/span><span class=\"aioseo-breadcrumb-separator\">\u2013<\/span><span class=\"aioseo-breadcrumb\">\n\t<a href=\"https:\/\/eldigitaldeasturias.com\/magazine365\/category\/noticias-actualidad\/\" title=\"Noticias y Actualidad\">Noticias y Actualidad<\/a>\n<\/span><span class=\"aioseo-breadcrumb-separator\">\u2013<\/span><span class=\"aioseo-breadcrumb\">\n\t<a href=\"https:\/\/eldigitaldeasturias.com\/magazine365\/espana-elige-a-air-europa-para-sus-traslados-en-la-eurocopa\/\" title=\"Espa\u00f1a elige a Air Europa para sus traslados en la Eurocopa\">Espa\u00f1a elige a Air Europa para sus traslados en la Eurocopa<\/a>\n<\/span><\/div>","aioseo_breadcrumb_json":[{"label":"Home","link":"https:\/\/eldigitaldeasturias.com\/magazine365"},{"label":"Noticias y Actualidad","link":"https:\/\/eldigitaldeasturias.com\/magazine365\/category\/noticias-actualidad\/"},{"label":"Espa\u00f1a elige a Air Europa para sus traslados en la Eurocopa","link":"https:\/\/eldigitaldeasturias.com\/magazine365\/espana-elige-a-air-europa-para-sus-traslados-en-la-eurocopa\/"}],"_links":{"self":[{"href":"https:\/\/eldigitaldeasturias.com\/magazine365\/wp-json\/wp\/v2\/posts\/78381","targetHints":{"allow":["GET"]}}],"collection":[{"href":"https:\/\/eldigitaldeasturias.com\/magazine365\/wp-json\/wp\/v2\/posts"}],"about":[{"href":"https:\/\/eldigitaldeasturias.com\/magazine365\/wp-json\/wp\/v2\/types\/post"}],"author":[{"embeddable":true,"href":"https:\/\/eldigitaldeasturias.com\/magazine365\/wp-json\/wp\/v2\/users\/1"}],"replies":[{"embeddable":true,"href":"https:\/\/eldigitaldeasturias.com\/magazine365\/wp-json\/wp\/v2\/comments?post=78381"}],"version-history":[{"count":0,"href":"https:\/\/eldigitaldeasturias.com\/magazine365\/wp-json\/wp\/v2\/posts\/78381\/revisions"}],"wp:featuredmedia":[{"embeddable":true,"href":"https:\/\/eldigitaldeasturias.com\/magazine365\/wp-json\/wp\/v2\/media\/78382"}],"wp:attachment":[{"href":"https:\/\/eldigitaldeasturias.com\/magazine365\/wp-json\/wp\/v2\/media?parent=78381"}],"wp:term":[{"taxonomy":"category","embeddable":true,"href":"https:\/\/eldigitaldeasturias.com\/magazine365\/wp-json\/wp\/v2\/categories?post=78381"},{"taxonomy":"post_tag","embeddable":true,"href":"https:\/\/eldigitaldeasturias.com\/magazine365\/wp-json\/wp\/v2\/tags?post=78381"}],"curies":[{"name":"wp","href":"https:\/\/api.w.org\/{rel}","templated":true}]}}